{"id":1184,"date":"2008-01-15T23:06:48","date_gmt":"2008-01-15T23:06:48","guid":{"rendered":"https:\/\/la-presse-anarchiste.net\/index.php\/2008\/01\/15\/editorial-6\/"},"modified":"2008-01-15T23:06:48","modified_gmt":"2008-01-15T23:06:48","slug":"editorial-6","status":"publish","type":"post","link":"https:\/\/la-presse-anarchiste.net\/index.php\/2008\/01\/15\/editorial-6\/","title":{"rendered":"\u00c9ditorial"},"content":{"rendered":"<div class=\"pdfprnt-buttons pdfprnt-buttons-post pdfprnt-top-right\"><a href=\"https:\/\/la-presse-anarchiste.net\/index.php\/wp-json\/wp\/v2\/posts\/1184?print=pdf\" class=\"pdfprnt-button pdfprnt-button-pdf\" target=\"_blank\"><img decoding=\"async\" src=\"https:\/\/la-presse-anarchiste.net\/wp-content\/plugins\/pdf-print\/images\/pdf.png\" alt=\"image_pdf\" title=\"Afficher le PDF\"><\/a><a href=\"https:\/\/la-presse-anarchiste.net\/index.php\/wp-json\/wp\/v2\/posts\/1184?print=print\" class=\"pdfprnt-button pdfprnt-button-print\" target=\"_blank\"><img decoding=\"async\" src=\"https:\/\/la-presse-anarchiste.net\/wp-content\/plugins\/pdf-print\/images\/print.png\" alt=\"image_print\" title=\"Contenu imprim\u00e9\"><\/a><\/div><p style=\"text-indent: 1.48cm; margin-bottom: 0cm;\" align=\"justify\">Ce<br>\nfas\u00adcisme dont, jour apr\u00e8s jour depuis une dizaine d\u2019ann\u00e9es<br>\net plus pr\u00e9\u00adci\u00ads\u00e9\u00adment depuis la guerre d\u2019Alg\u00e9rie,<br>\nnous dis\u00adtin\u00adguions les symp\u00adt\u00f4mes, apr\u00e8s avoir&nbsp;min\u00e9<br>\nle gros fro\u00admage r\u00e9pu\u00adbli\u00adcain, a d\u00e9bou\u00adch\u00e9 au&nbsp;grand<br>\njour, au \u00ab&nbsp;grand soir&nbsp;\u00bb du 13 Mai, \u00e0&nbsp;Alger.<\/p>\n<p style=\"text-indent: 1.48cm; margin-bottom: 0cm;\" align=\"justify\">Le<br>\n\u00ab&nbsp;18 juillet 36&nbsp;\u00bb fran\u00ad\u00e7ais tom\u00adbait le 13 mai 58&nbsp;et,<br>\npas plus qu\u2019en Espagne la r\u00e9pu\u00adblique n\u2019a\u00advait su appe\u00adler&nbsp;le<br>\npeuple \u00e0 la lutte, le gou\u00adver\u00adne\u00adment Pflim\u00adlin, inves\u00adti&nbsp;gr\u00e2ce<br>\nau P.C., ne son\u00adgea \u00e0 s\u2019ap\u00adpuyer sur le peuple pour faire que&nbsp;le<br>\n\u00ab&nbsp;fas\u00adcisme ne passe pas&nbsp;\u00bb. D\u00e9pu\u00adt\u00e9s&nbsp;et<br>\nministres r\u00e9pu\u00adbli\u00adcains avaient plus peur du peuple que&nbsp;du<br>\nfas\u00adcisme mili\u00adtaire. Ce peuple fran\u00ad\u00e7ais, qui avait accept\u00e9<br>\nla non-inter\u00adven\u00adtion dans la guerre d\u2019Es\u00adpagne, l\u2019a reprise \u00e0<br>\nson compte et n\u2019est pas r\u00e9el\u00adle\u00adment inter\u00adve\u00adnu pour&nbsp;faire<br>\n\u00e9chouer la ten\u00adta\u00adtive fasciste.<\/p>\n<p style=\"text-indent: 1.48cm; margin-bottom: 0cm;\" align=\"justify\">Pour\u00adtant<br>\nlorsque le 14 mai, Mas\u00adsu consta\u00adtant l\u2019\u00e9\u00adchec du coup de&nbsp;force<br>\nen France d\u00e9cla\u00adrait \u00ab&nbsp;nous sommes fou\u00adtus&nbsp;\u00bb il&nbsp;ne<br>\ntenait qu\u2019au peuple de faire, par son action, qu\u2019ef\u00adfec\u00adti\u00adve\u00adment \u00ab&nbsp;ils<br>\nsoient fou\u00adtus\u00bb\u2026 et pour longtemps.<\/p>\n<p style=\"text-indent: 1.48cm; margin-bottom: 0cm;\" align=\"justify\">En<br>\nfait d\u2019ac\u00adtion, nous v\u00eemes les mots d\u2019ordre de&nbsp;gr\u00e8ve<br>\n(par\u00adtielle!), lan\u00adc\u00e9s trop tard apr\u00e8s bien&nbsp;des<br>\nh\u00e9si\u00adta\u00adtions et sans coor\u00addi\u00adna\u00adtion (\u00ab&nbsp;Nos&nbsp;\u00bb syndicats<br>\nres\u00adtant\u2026 ce qu\u2019ils sont!), ne pas \u00eatre sui\u00advis et la&nbsp;vie<br>\nconti\u00adnuer pour la majo\u00adri\u00adt\u00e9 des gens comme si de rien n\u2019\u00e9tait.<br>\nIl y eut bien <u>quinze jours apr\u00e8s<\/u>, ce d\u00e9fil\u00e9<br>\nde 250 mille pari\u00adsiens, mais tous les par\u00adtis furent d\u2019ac\u00adcord pour&nbsp;en<br>\nfaire une ker\u00admesse joyeuse et en anni\u00adhi\u00adler tout esprit de&nbsp;lutte&nbsp;\u2013<br>\n\u00ab&nbsp;Nous ne sommes pas l\u00e0 pour nous battre mais&nbsp;pour<br>\nd\u00e9fendre la r\u00e9pu\u00adblique&nbsp;\u00bb recom\u00adman\u00addaient les<br>\nmili\u00adtants du ser\u00advice d\u2019ordre sta\u00adli\u00adnien devant la Bourse du Travail.<\/p>\n<p style=\"text-indent: 1.48cm; margin-bottom: 0cm;\" align=\"justify\">De<br>\nGaulle ayant \u00e9t\u00e9 pla\u00adc\u00e9 au centre du ter\u00adrain,&nbsp;la<br>\nconfu\u00adsion devint offi\u00adcielle. Les fas\u00adcistes atten\u00addirent, La gauche<br>\natten\u00addit.  Il jeta de la poudre aux yeux dans toutes les directions,<br>\npar\u00adla beau\u00adcoup et ne dit rien. Ce que n\u2019a\u00advaient pas pr\u00e9\u00advu&nbsp;les<br>\n\u00ab&nbsp;fac\u00adtieux&nbsp;\u00bb en vou\u00adlant leur De Gaulle, c\u2019est que celui-ci<br>\nplu\u00adt\u00f4t qu\u2019\u00eatre leur homme, pr\u00e9\u00adf\u00e8re&nbsp;\u00eatre<br>\nson homme \u00e0 lui, De Gaulle.<\/p>\n<p style=\"text-indent: 1.48cm; margin-bottom: 0cm;\" align=\"justify\">Les<br>\nfas\u00adcistes lui pro\u00adpo\u00adsait une place de \u00ab&nbsp;chef d\u2019\u00e9quipe&nbsp;\u00bb,<br>\nlui pr\u00e9\u00adf\u00e9\u00adra se mettre \u00ab&nbsp;\u00e0 son compte&nbsp;\u00bb.<\/p>\n<p style=\"text-indent: 1.48cm; margin-bottom: 0cm;\" align=\"justify\">Les<br>\n\u00ab&nbsp;fac\u00adtieux&nbsp;\u00bb se voyaient les ma\u00eetres par \u00ab&nbsp;viol<br>\ndu peuple&nbsp;\u00bb m\u00e9tro\u00adpo\u00adli\u00adtain. De Gaulle pr\u00e9f\u00e8re<br>\n\u00eatre le ma\u00eetre par s\u00e9duc\u00adtion, d\u00e9magogie,<br>\n\u00ab&nbsp;r\u00e9con\u00adci\u00adlia\u00adtion nationale&nbsp;\u00bb.<\/p>\n<p style=\"text-indent: 1.48cm; margin-bottom: 0cm;\" align=\"justify\">Le<br>\ndan\u00adger fas\u00adciste n\u2019en est pas moindre, au contraire. Car si De Gaulle<br>\nn\u2019est qu\u2019un dic\u00adta\u00adteur, actuel\u00adle\u00adment accep\u00adt\u00e9 par un&nbsp;grand<br>\nnombre, il compte bien se faire pl\u00e9\u00adbis\u00adci\u00adter, lui, \u00ab&nbsp;le<br>\nlib\u00e9\u00adra\u00adteur de la Patrie&nbsp;\u00bb. En r\u00e9\u00e9di\u00adtant&nbsp;le<br>\ncoup du \u00ab&nbsp;vain\u00adqueur de Ver\u00addun&nbsp;\u00bb, De Gaulle a en main&nbsp;les<br>\natouts propres \u00e0 la construc\u00adtion d\u2019un fas\u00adcisme s\u2019affirmant<br>\npro\u00adgres\u00adsi\u00adve\u00adment et ral\u00adliant, en les ras\u00adsu\u00adrant, bien des gens&nbsp;que<br>\nMas\u00adsu effrayait. Et, puisque P\u00e9tain avait son Laval, pourquoi<br>\nDe Gaulle ne s\u2019of\u00adfri\u00adrait-il pas pour com\u00admen\u00adcer son Sous\u00adtelle, ce&nbsp;qui<br>\nlui per\u00admet\u00adtra tou\u00adjours, si son coup tar\u00addait \u00e0 r\u00e9ussir,<br>\nde d\u00e9rou\u00adter le m\u00e9con\u00adten\u00adte\u00adment popu\u00adlaire sur cette&nbsp;t\u00eate<br>\nd\u2019af\u00adfiche (et nous sommes polis).<\/p>\n<p style=\"text-indent: 1.48cm; margin-bottom: 0cm;\" align=\"justify\">De<br>\nGaulle a bien appris la le\u00e7on&nbsp;: il se sou\u00advient que Laval&nbsp;fut<br>\nex\u00e9\u00adcu\u00adt\u00e9 et que P\u00e9tain mou\u00adrut de vieillesse, dans<br>\nson&nbsp;lit.<\/p>\n<p style=\"text-indent: 1.48cm; margin-bottom: 0cm;\" align=\"justify\">Il<br>\nsemble bien que le fas\u00adcisme <u>tra\u00addi\u00adtion\u00adnel<\/u> \u00ab&nbsp;ne passera<br>\npas&nbsp;\u00bb, dou\u00adbl\u00e9 qu\u2019il a \u00e9t\u00e9 par&nbsp;le<br>\n<u>n\u00e9o<\/u>-<u>fas\u00adcisme<\/u> gaul\u00adliste qu\u2019il nous faudra<br>\ncom\u00adbattre pied \u00e0 pied dans les usines o\u00f9 nous risquons<br>\nde voir bien\u00adt\u00f4t mani\u00adfes\u00adter les com\u00admis-voya\u00adgeurs&nbsp;de<br>\nl\u2019as\u00adso\u00adcia\u00adtion capi\u00adtal-tra\u00advail (avec ses H.L.M.&nbsp;pour tous, sa voiture<br>\npopu\u00adlaire, son syn\u00addi\u00adcat \u00ab&nbsp;apolitique\u00bb\u2026)<\/p>\n<p style=\"text-indent: 1.48cm; margin-bottom: 0cm;\" align=\"justify\">Bien<br>\ns\u00fbr, nous dira-t-on, mais votre vision des choses engendre le<br>\nd\u00e9fai\u00adtisme et il n\u2019en faut pas quand les par\u00adtis ouvriers<br>\nappellent \u00e0 la d\u00e9fense de la r\u00e9pu\u00adblique&nbsp;!&nbsp;Ouais&nbsp;!<br>\nSeule\u00adment si l\u2019on regarde de pr\u00e8s le pro\u00adbl\u00e8me est&nbsp;mal<br>\npos\u00e9.<\/p>\n<p style=\"text-indent: 1.48cm; margin-bottom: 0cm;\" align=\"justify\">Les<br>\npar\u00adtis, qui en l\u2019ab\u00adsence de r\u00e9pu\u00adblique, perdent leur raison<br>\nd\u2019\u00eatre et leurs employeurs puis\u00adqu\u2019ils sont <u>par\u00adle\u00admen\u00adtaires<\/u>,<br>\nont \u00e9vi\u00adde\u00adment int\u00e9\u00adr\u00eat \u00e0 deman\u00adder&nbsp;aux<br>\ntra\u00advailleurs de sau\u00adver leur r\u00e9publique.<\/p>\n<p style=\"text-indent: 1.48cm; margin-bottom: 0cm;\" align=\"justify\">Mais<br>\nla classe ouvri\u00e8re (dans son sens le plus large) o\u00f9&nbsp;est<br>\nson int\u00e9\u00adr\u00eat&nbsp;? Bien s\u00fbr pas dans la dic\u00adta\u00adture ou&nbsp;le<br>\nn\u00e9o-fas\u00adcisme que t\u00f4t ou tard elle sera ame\u00adn\u00e9e&nbsp;\u00e0<br>\ncom\u00adbattre. Son int\u00e9\u00adr\u00eat <u>demeure inchan\u00adg\u00e9<\/u>,<br>\nm\u00eame si elle en a momen\u00adta\u00adn\u00e9\u00adment per\u00addu conscience, son<br>\nint\u00e9\u00adr\u00eat, c\u2019est son \u00e9man\u00adci\u00adpa\u00adtion en tant&nbsp;que<br>\nclasse, vers le com\u00admu\u00adnisme liber\u00adtaire, par la lutte r\u00e9volutionnaire<br>\ndes orga\u00adni\u00adsa\u00adtions qu\u2019elle se <u>don\u00adne\u00adra<\/u> et contr\u00f4\u00adle\u00adra,&nbsp;et<br>\nnon en sui\u00advant les par\u00adtis tra\u00addi\u00adtion\u00adnels qui depuis des ann\u00e9es<br>\nl\u2019ai\u00adguillent sur les voies de garage.<\/p>\n<p style=\"text-indent: 1.48cm; margin-bottom: 0cm;\" align=\"justify\">La<br>\nlutte des comi\u00adt\u00e9s de d\u00e9fense des par\u00adtis repr\u00e9sente<br>\nincon\u00adtes\u00adta\u00adble\u00adment un obs\u00adtacle au fas\u00adcisme. Mais cette lutte n\u2019a&nbsp;pour<br>\nseul objec\u00adtif que le r\u00e9ta\u00adblis\u00adse\u00adment de la R\u00e9publique.<br>\nPour\u00adtant le vrai com\u00adbat ouvrier devra rena\u00eetre, par la&nbsp;force<br>\ndes choses, et ce serait un com\u00adbat st\u00e9\u00adrile s\u2019il n\u2019accouchait<br>\nque d\u2019une \u00ab&nbsp;R\u00e9pu\u00adblique \u2013 Pou\u00advoirs sp\u00e9ciaux&nbsp;\u00bb<br>\nou d\u2019un \u00ab&nbsp;Front-Populaire-non-intervention&nbsp;\u00bb.<\/p>\n<p style=\"text-indent: 1.48cm; margin-bottom: 0cm;\" align=\"justify\">Si<br>\nla lutte anti\u00adfas\u00adciste doit \u00eatre dure, qu\u2019on lui donne un&nbsp;autre<br>\nenjeu que la r\u00e9publique.<\/p>\n<p style=\"text-indent: 1.48cm; margin-bottom: 0cm;\" align=\"justify\">Seule<br>\nla pers\u00adpec\u00adtive de la R\u00e9vo\u00adlu\u00adtion devrait \u00eatre de nature \u00e0<br>\nrelan\u00adcer la lutte ouvri\u00e8re.<\/p>\n<p style=\"text-indent: 1.48cm; margin-bottom: 0cm;\" align=\"justify\">Bien<br>\nsur, la \u00ab&nbsp;S.F.I.O.&nbsp;\u00bb se \u00ab&nbsp;dur\u00adci\u00adra&nbsp;\u00bb, pre\u00adnant&nbsp;son<br>\nvent habi\u00adtuel \u00e0 gauche pour mieux tirer sa bor\u00add\u00e9e&nbsp;\u00e0<br>\ndroite. Bien s\u00fbr quelques mino\u00adri\u00adtaires socialistes,<br>\nanti\u00adfas\u00adcistes r\u00e9els ten\u00adte\u00adront de rache\u00adter l\u2019\u00abhonneur&nbsp;\u00bb<br>\ndu P.S., mais Lacoste et Mol\u00adlet res\u00adte\u00adront comme des taches<br>\nind\u00e9\u00adl\u00e9\u00adbiles sur le plas\u00adtron de la social-d\u00e9mocratie.<br>\nPour le P.C. la chose est dif\u00adf\u00e9\u00adrente, il joue une grande<br>\npar\u00adtie&nbsp;: Il compte bien r\u00e9col\u00adter tous les fruits du<br>\nm\u00e9con\u00adten\u00adte\u00adment que De Gaulle \u00e0 la longue ne manquera<br>\npas de sus\u00adci\u00adter. Pour cela <u>il se pr\u00e9\u00adpare un&nbsp;pass\u00e9<\/u><br>\nde seul d\u00e9fen\u00adseur de la r\u00e9pu\u00adblique. Pour cela, pas&nbsp;de<br>\nfausse note, patte de velours et main reten\u00addue \u00ab&nbsp;on ne veut&nbsp;pas<br>\nde d\u00e9mo\u00adcra\u00adtie popu\u00adlaire, juste la R\u00e9pu\u00adblique, la&nbsp;vraie,<br>\navec plu\u00adsieurs par\u00adtis\u2026\u00bb \u00c0 la v\u00f4tre&nbsp;! Tout&nbsp;cela<br>\npr\u00e9\u00adsen\u00adtant l\u2019a\u00advan\u00adtage de dis\u00adsi\u00adper un peu les ran\u00adcunes&nbsp;qui,<br>\ndepuis Buda\u00adpest notament, enfer\u00admaient le par\u00adti dans un iso\u00adle\u00adment&nbsp;qui<br>\nn\u2019\u00e9\u00adtait pas sans engen\u00addrer des tiraille\u00adments int\u00e9rieurs.<br>\n\u00c9vi\u00addem\u00adment \u00ab&nbsp;Uni\u00adt\u00e9 pour d\u00e9fendre la<br>\nr\u00e9pu\u00adblique contre le fas\u00adcisme&nbsp;\u00bb est un mot d\u2019ordre qui<br>\npeut trou\u00adver \u00e9cho dans la conscience de cer\u00adtains antifascistes<br>\nsin\u00adc\u00e8res qui ne regardent pas dans les cou\u00adlisses et dont&nbsp;la<br>\nm\u00e9moire n\u2019est pas trop&nbsp;nette.<\/p>\n<p style=\"text-indent: 1.48cm; margin-bottom: 0cm;\" align=\"justify\">Tou\u00adte\u00adfois<br>\nle P.C. risque de voir son sc\u00e9\u00adna\u00adrio modi\u00adfi\u00e9&nbsp;si<br>\nl\u2019in\u00adter\u00addic\u00adtion des par\u00adtis \u00e9tait pro\u00adcla\u00adm\u00e9e. Ceci&nbsp;n\u2019est<br>\npas pro\u00adbable d\u2019ailleurs et c\u2019est plus la <u>neu\u00adtra\u00adli\u00adsa\u00adtion<\/u> du<br>\nP.C. qui sera ten\u00adt\u00e9e. Le P.C. afin d\u2019as\u00adsu\u00adrer sa sur\u00advie l\u00e9gale<br>\npour\u00adrait \u00eatre ame\u00adn\u00e9 \u00e0 se \u00ab&nbsp;neutraliser&nbsp;\u00bb<br>\nlui-m\u00eame un petit peu. Son atti\u00adtude le 14 juillet dernier<br>\nsemble confir\u00admer qu\u2019il s\u2019en\u00adgage dans cette voie, puisque apr\u00e8s<br>\nune cam\u00adpagne d\u2019a\u00adgi\u00adta\u00adtion anti\u00adgaul\u00adliste tr\u00e8s ferme il n\u2019a&nbsp;donn\u00e9<br>\npour consigne \u00e0 ses mili\u00adtants que d\u2019or\u00adga\u00adni\u00adser des&nbsp;bals<br>\npopu\u00adlaires sous l\u2019\u00e9\u00adgide des Comi\u00adt\u00e9s de D\u00e9fense<br>\nr\u00e9pu\u00adbli\u00adcaine, de vendre des dra\u00adpeaux tri\u00adco\u00adlores et d\u2019\u00e9viter<br>\ntoute provocation.<\/p>\n<p style=\"text-indent: 1.48cm; margin-bottom: 0cm;\" align=\"justify\">La<br>\nd\u00e9faite ouvri\u00e8re est l\u2019\u0153uvre des ouvriers eux-m\u00eames.<\/p>\n<p style=\"text-indent: 1.48cm; margin-bottom: 0cm;\" align=\"justify\">Com\u00adment<br>\nen sonnes-nous arri\u00adv\u00e9s \u00e0 la situa\u00adtion actuelle&nbsp;?<\/p>\n<p style=\"text-indent: 1.48cm; margin-bottom: 0cm;\" align=\"justify\">C\u2019est<br>\nce que se demandent beau\u00adcoup de tra\u00advailleurs sans bien se rendre<br>\ncompte que tout cela n\u2019a \u00e9t\u00e9 pos\u00adsible que par l\u2019absence<br>\nde la classe ouvri\u00e8re dans la lutte et cela non pas&nbsp;\u00e0<br>\ndater du 13 mai mais depuis bien&nbsp;avant.<\/p>\n<p style=\"text-indent: 1.48cm; margin-bottom: 0cm;\" align=\"justify\">Bien<br>\ns\u00fbr le coup de force a trou\u00adv\u00e9 son sup\u00adport dans le climat<br>\npsy\u00adcho\u00adlo\u00adgique cr\u00e9\u00e9 dans la popu\u00adla\u00adtion europ\u00e9enne<br>\nd\u2019Al\u00adg\u00e9\u00adrie par la dur\u00e9e d\u2019une guerre, qu\u2019aucun<br>\ngou\u00adver\u00adne\u00adment ne cher\u00adchait vrai\u00adment \u00e0 conclure.<\/p>\n<p style=\"text-indent: 1.48cm; margin-bottom: 0cm;\" align=\"justify\">Cette<br>\nguerre, comme celle du Viet\u00adnam, comme la r\u00e9pres\u00adsion&nbsp;\u00e0<br>\nMada\u00adgas\u00adcar et en Afrique, n\u2019a \u00e9t\u00e9 ren\u00addue pos\u00adsible&nbsp;que<br>\npar la <u>non-inter\u00adven\u00adtion ouvri\u00e8re<\/u> alors que&nbsp;les<br>\nexploi\u00adteurs des peuples colo\u00adni\u00ads\u00e9s sont bien les mimes que&nbsp;ceux<br>\nde la classe ouvri\u00e8re \u00ab&nbsp;m\u00e9tropolitaine&nbsp;\u00bb.<\/p>\n<p style=\"text-indent: 1.48cm; margin-bottom: 0cm;\" align=\"justify\">Car<br>\nil faut recon\u00adna\u00eetre qu\u2019en vingt ans la classe ouvri\u00e8re<br>\nn\u2019a fait que gas\u00adpiller l\u2019h\u00e9\u00adri\u00adtage de la g\u00e9n\u00e9ration<br>\npas\u00ads\u00e9e, n\u2019a fait que recu\u00adler par rap\u00adport au Capi\u00adtal et&nbsp;\u00e0<br>\nl\u2019\u00c9\u00adtat. Nous avons accep\u00adt\u00e9 de \u00ab&nbsp;savoir terminer<br>\nune gr\u00e8ve&nbsp;\u00bb en 1936 (P.C.); de \u00ab&nbsp;Retour\u00adner&nbsp;les<br>\nmanches&nbsp;\u00bb et de consi\u00add\u00e9\u00adrer que \u00ab&nbsp;la&nbsp;gr\u00e8ve<br>\nc\u2019est l\u2019arme des trusts&nbsp;\u00bb en 1945 (P.C.).<\/p>\n<p style=\"text-indent: 1.48cm; margin-bottom: 0cm;\" align=\"justify\">Nous<br>\navons. accep\u00adt\u00e9 la scis\u00adsion syn\u00addi\u00adcale pour avoir laiss\u00e9<br>\nenter\u00adrer les \u00ab&nbsp;40 heures&nbsp;\u00bb \u00e9cra\u00ads\u00e9es sous&nbsp;le<br>\npoids des heures sup\u00adpl\u00e9\u00admen\u00adtaires, des\u00adti\u00adn\u00e9es \u00e0 r\u00e9gler<br>\ndes traites de fri\u00adgi\u00addaire ou t\u00e9l\u00e9\u00advi\u00adsion. Nous&nbsp;nous<br>\nsommes \u00e9rein\u00adt\u00e9s dans les st\u00e9\u00adriles gr\u00e8ves<br>\ntour\u00adnantes, nous avons accep\u00adt\u00e9 de nous battre pour la&nbsp;super<br>\nhi\u00e9\u00adrar\u00adchie des salaires. Nous avons accep\u00adt\u00e9 les guerres<br>\net les r\u00e9pres\u00adsions, nous avons lais\u00ads\u00e9 les \u00ab&nbsp;rappel\u00e9s<br>\net dis\u00adpo\u00adnibles&nbsp;\u00bb lut\u00adter seuls contre la guerre d\u2019Alg\u00e9rie.<br>\nNous avons accep\u00adt\u00e9 Lacoste (S.F.I.O.), les tor\u00adtures faites en<br>\nnotre&nbsp;nom\u2026<\/p>\n<p style=\"text-indent: 1.48cm; margin-bottom: 0cm;\" align=\"justify\">Le<br>\n13 mai n\u2019a pu \u00eatre construit que sur cette suite&nbsp;de<br>\nrenon\u00adce\u00adments ouvriers.<\/p>\n<p style=\"text-indent: 1.48cm; margin-bottom: 0cm;\" align=\"justify\">Pour\u00adtant<br>\nle 13 mai pou\u00advait \u00eatre le signe d\u2019un renou\u00adveau ouvrier, d\u2019un<br>\nrefus \u00e0 par\u00adtir duquel la classe ouvri\u00e8re reprenant<br>\nconscience aurait pu com\u00admen\u00adcer \u00e0 recons\u00adtruire apr\u00e8s&nbsp;une<br>\ngr\u00e8ve g\u00e9n\u00e9\u00adrale insur\u00adrec\u00adtion\u00adnelle qui aurait<br>\nbalay\u00e9, colo\u00adnels, fas\u00adcistes, \u00e9tat d\u2019ur\u00adgence et guerre<br>\nd\u2019Al\u00adg\u00e9\u00adrie et au cours de laquelle les ouvriers cr\u00e9ant<br>\nleurs conseils r\u00e9vo\u00adlu\u00adtion\u00adnaires et ges\u00adtion\u00adnaires se seraient<br>\nenfin enga\u00adg\u00e9s dans la voie de leur \u00e9mancipation<br>\ncollective.<\/p>\n<p style=\"text-indent: 1.48cm; margin-bottom: 0cm;\" align=\"justify\">Mais,<br>\nsi la gorge nous ser\u00adrait de honte au matin du 14 mai, le len\u00adde\u00admain&nbsp;du<br>\ncoup d\u2019\u00c9\u00adtat, quand nous consta\u00adtions que l\u2019\u00abordre<br>\nr\u00e9gnait&nbsp;\u00bb, que les trains rou\u00adlaient, que pas un ouvrier<br>\nne man\u00adquait \u00e0 son poste\tde tra\u00advail, que l\u2019on conti\u00adnuait&nbsp;\u00e0<br>\npr\u00e9\u00adpa\u00adrer les vacances et \u00e0 dis\u00adcu\u00adter du \u00ab&nbsp;Giro&nbsp;\u00bb<br>\ncycliste d\u2019I\u00adta\u00adlie, c\u2019est que l\u2019\u00e9\u00adtin\u00adcelle du 13 mai n\u2019a\u00advait&nbsp;pas<br>\n\u00e9t\u00e9 assez forte pour pro\u00advo\u00adquer une de ces ripostes<br>\nspon\u00adtan\u00adn\u00e9es de masse dont l\u2019his\u00adtoire a prou\u00adv\u00e9 que&nbsp;la<br>\nclasse ouvri\u00e8re est capable lors\u00adqu\u2019elle se sent attaqu\u00e9e.<\/p>\n<p style=\"text-indent: 1.48cm; margin-bottom: 0cm;\" align=\"justify\">Mais<br>\nelle ne s\u2019est pas sen\u00adtie atta\u00adqu\u00e9e pour la simple rai\u00adson que&nbsp;de<br>\nrecu\u00adlade en recu\u00adlade la classe, si elle est une r\u00e9alit\u00e9<br>\n\u00e9co\u00adno\u00admique, n\u2019existe plus en tant que conscience politique.<br>\nL\u2019in\u00addi\u00advi\u00addua\u00adlisme bour\u00adgeois ayant fleu\u00adri de la d\u00e9moralisation<br>\net de la divi\u00adsion syn\u00addi\u00adcale, beau\u00adcoup de tra\u00advailleurs ont&nbsp;cess\u00e9<br>\nde sen\u00adtir leur sort li\u00e9 \u00e0 celui de leur communaut\u00e9<br>\n\u00e9co\u00adno\u00admique. C\u2019est donc par les solu\u00adtions indi\u00advi\u00adduelles qu\u2019ils<br>\nont ten\u00adt\u00e9 de pal\u00adlier l\u2019in\u00adjus\u00adtice sociale dont ils sont&nbsp;les<br>\nvic\u00adtimes. Mais c\u2019est <u>col\u00adlec\u00adti\u00adve\u00adment<\/u> que la classe ouvri\u00e8re<br>\nest atta\u00adqu\u00e9e par le fas\u00adcisme mon\u00adtant, c\u2019est contre elle que&nbsp;De<br>\nGaulle bloque les salaires, pour ses enne\u00admis que Pinay assure qu\u2019il<br>\nn\u2019y aura jamais d\u2019im\u00adp\u00f4t sur le capital.<\/p>\n<p style=\"text-indent: 1.48cm; margin-bottom: 0cm;\" align=\"justify\">Il<br>\nse peut que pen\u00addant quelques temps encore la d\u00e9magogie<br>\ngaul\u00adliste n\u2019ap\u00adpa\u00adraisse pas clai\u00adre\u00adment aux ouvriers, mais au fur et&nbsp;\u00e0<br>\nmesure que se dur\u00adci\u00adra le pou\u00advoir, ils ne pour\u00adront man\u00adquer&nbsp;de<br>\nretrou\u00adver la conscience d\u2019ap\u00adpar\u00adte\u00adnir \u00e0 une communaut\u00e9<br>\ndu sort de laquelle d\u00e9pend leur ave\u00adnir per\u00adson\u00adnel. Et&nbsp;De<br>\nGaulle, bien invo\u00adlon\u00adtai\u00adre\u00adment, pour\u00adrait \u00eatre le point de d\u00e9part<br>\nd\u2019une r\u00e9uni\u00adfi\u00adca\u00adtion psy\u00adcho\u00adlo\u00adgique de la classe ouvri\u00e8re,<br>\npr\u00e9a\u00adlable indis\u00adpen\u00adsable \u00e0 la contre-attaque populaire.<\/p>\n<p style=\"text-indent: 1.48cm; margin-bottom: 0cm;\" align=\"justify\">Une<br>\ngrande orga\u00adni\u00adsa\u00adtion anar\u00adchiste-com\u00admu\u00adniste avec de pro\u00adfondes racines<br>\nouvri\u00e8re pour\u00adrait \u00eatre l\u2019ou\u00adtil de ce renou\u00adveau.&nbsp;Elle<br>\nseule contri\u00adbue\u00adrait \u00e0 h\u00e2ter la reprise de confiance des<br>\nouvriers dans leur force d\u2019\u00e9\u00adman\u00adci\u00adpa\u00adtion, loin du fas\u00adcisme, de<br>\nl\u2019ex\u00adploi\u00adta\u00adtion capi\u00adta\u00adliste et du mythe de l\u2019\u00c9\u00adtat pr\u00e9tendu<br>\nouvrier.<\/p>\n<p style=\"text-indent: 1.48cm; margin-bottom: 0cm;\" align=\"justify\">Noir<br>\net&nbsp;Rouge<\/p>\n","protected":false},"excerpt":{"rendered":"<p>Ce fas\u00adcisme dont, jour apr\u00e8s jour depuis une dizaine d\u2019ann\u00e9es et plus pr\u00e9\u00adci\u00ads\u00e9\u00adment depuis la guerre d\u2019Alg\u00e9rie, nous dis\u00adtin\u00adguions les symp\u00adt\u00f4mes, apr\u00e8s avoir&nbsp;min\u00e9 le gros fro\u00admage r\u00e9pu\u00adbli\u00adcain, a d\u00e9bou\u00adch\u00e9 au&nbsp;grand jour, au \u00ab&nbsp;grand soir&nbsp;\u00bb du 13 Mai, \u00e0&nbsp;Alger. Le \u00ab&nbsp;18 juillet 36&nbsp;\u00bb fran\u00ad\u00e7ais tom\u00adbait le 13 mai 58&nbsp;et, pas plus qu\u2019en Espagne la r\u00e9pu\u00adblique n\u2019a\u00advait [\u2026]<\/p>\n","protected":false},"author":1,"featured_media":0,"comment_status":"closed","ping_status":"closed","sticky":false,"template":"","format":"standard","meta":{"wp_typography_post_enhancements_disabled":false,"footnotes":""},"categories":[136],"tags":[],"ppma_author":[540],"class_list":["post-1184","post","type-post","status-publish","format-standard","hentry","category-noir-rouge-na10-printemps-1958"],"authors":[{"term_id":540,"user_id":1,"is_guest":0,"slug":"admin_3gikpwyf","display_name":"Vincent Dubuc","avatar_url":"https:\/\/secure.gravatar.com\/avatar\/d015720652c25fd2ced191ade86430094e1f288a17483713e3b34d26dea52507?s=96&d=mm&r=g","author_category":"","user_url":"https:\/\/la-presse-anarchiste.net","last_name":"Dubuc","first_name":"Vincent","job_title":"","description":""}],"_links":{"self":[{"href":"https:\/\/la-presse-anarchiste.net\/index.php\/wp-json\/wp\/v2\/posts\/1184","targetHints":{"allow":["GET"]}}],"collection":[{"href":"https:\/\/la-presse-anarchiste.net\/index.php\/wp-json\/wp\/v2\/posts"}],"about":[{"href":"https:\/\/la-presse-anarchiste.net\/index.php\/wp-json\/wp\/v2\/types\/post"}],"author":[{"embeddable":true,"href":"https:\/\/la-presse-anarchiste.net\/index.php\/wp-json\/wp\/v2\/users\/1"}],"replies":[{"embeddable":true,"href":"https:\/\/la-presse-anarchiste.net\/index.php\/wp-json\/wp\/v2\/comments?post=1184"}],"version-history":[{"count":0,"href":"https:\/\/la-presse-anarchiste.net\/index.php\/wp-json\/wp\/v2\/posts\/1184\/revisions"}],"wp:attachment":[{"href":"https:\/\/la-presse-anarchiste.net\/index.php\/wp-json\/wp\/v2\/media?parent=1184"}],"wp:term":[{"taxonomy":"category","embeddable":true,"href":"https:\/\/la-presse-anarchiste.net\/index.php\/wp-json\/wp\/v2\/categories?post=1184"},{"taxonomy":"post_tag","embeddable":true,"href":"https:\/\/la-presse-anarchiste.net\/index.php\/wp-json\/wp\/v2\/tags?post=1184"},{"taxonomy":"author","embeddable":true,"href":"https:\/\/la-presse-anarchiste.net\/index.php\/wp-json\/wp\/v2\/ppma_author?post=1184"}],"curies":[{"name":"wp","href":"https:\/\/api.w.org\/{rel}","templated":true}]}}