{"id":1185,"date":"2008-01-15T23:12:44","date_gmt":"2008-01-15T23:12:44","guid":{"rendered":"https:\/\/la-presse-anarchiste.net\/index.php\/2008\/01\/15\/informations\/"},"modified":"2008-01-15T23:12:44","modified_gmt":"2008-01-15T23:12:44","slug":"informations","status":"publish","type":"post","link":"https:\/\/la-presse-anarchiste.net\/index.php\/2008\/01\/15\/informations\/","title":{"rendered":"Informations"},"content":{"rendered":"<div class=\"pdfprnt-buttons pdfprnt-buttons-post pdfprnt-top-right\"><a href=\"https:\/\/la-presse-anarchiste.net\/index.php\/wp-json\/wp\/v2\/posts\/1185?print=pdf\" class=\"pdfprnt-button pdfprnt-button-pdf\" target=\"_blank\"><img decoding=\"async\" src=\"https:\/\/la-presse-anarchiste.net\/wp-content\/plugins\/pdf-print\/images\/pdf.png\" alt=\"image_pdf\" title=\"Afficher le PDF\"><\/a><a href=\"https:\/\/la-presse-anarchiste.net\/index.php\/wp-json\/wp\/v2\/posts\/1185?print=print\" class=\"pdfprnt-button pdfprnt-button-print\" target=\"_blank\"><img decoding=\"async\" src=\"https:\/\/la-presse-anarchiste.net\/wp-content\/plugins\/pdf-print\/images\/print.png\" alt=\"image_print\" title=\"Contenu imprim\u00e9\"><\/a><\/div><p style=\"text-indent: 1.48cm; margin-bottom: 0cm;\" align=\"justify\">Il<br>\nest bien cer\u00adtain, que mal\u00adgr\u00e9. toutes les pr\u00e9visions,<br>\nsup\u00adpo\u00adsi\u00adtions et ana\u00adlyses, les anar\u00adchistes se sont trouv\u00e9s<br>\nsur\u00adpris, comme tout le monde, par les \u00e9v\u00e8\u00adne\u00adments du&nbsp;13<br>\nmai. Non pas par l\u2019\u00e9\u00adv\u00e8\u00adne\u00adment lui-m\u00eame (celui ci<br>\n\u00e9tait ais\u00e9\u00adment pr\u00e9\u00advi\u00adsible et la \u00ab&nbsp;gauche&nbsp;\u00bb<br>\nen g\u00e9n\u00e9\u00adral s\u2019at\u00adten\u00addait \u00e0 un coup de&nbsp;force<br>\nfas\u00adciste \u00e0 plus ou moins br\u00e8ve \u00e9ch\u00e9ance)<br>\nmais par la sou\u00addai\u00adne\u00adt\u00e9, la pr\u00e9cipitation.<\/p>\n<p style=\"text-indent: 1.48cm; margin-bottom: 0cm;\" align=\"justify\">Pour<br>\nnotre part, aux G.A.A.R., nous nous pr\u00e9\u00adpa\u00adrions&nbsp;\u00e0<br>\n\u00ab&nbsp;sor\u00adtir&nbsp;\u00bb pr\u00e9\u00adci\u00ads\u00e9\u00adment ce num\u00e9\u00adro 10&nbsp;de<br>\nnos cahiers. Le g\u00e9n\u00e9\u00adral Mas\u00adsu nous a,&nbsp;fort<br>\ninop\u00adpor\u00adtu\u00adn\u00e9\u00adment \u00e0 notre go\u00fbt, obli\u00adg\u00e9s&nbsp;\u00e0<br>\nremettre \u00e0 plus tard la confec\u00adtion des dits cahiers, ayant<br>\nd\u2019autres t\u00e2ches plus urgentes \u00e0 accom\u00adplir. C\u2019est&nbsp;ainsi<br>\nque le 16 mai nous tirions un tract appe\u00adlant  \u00e0 la <u>gr\u00e8ve<br>\ng\u00e9n\u00e9\u00adrale<\/u>,  seul mot d\u2019ordre nous parais\u00adsant logique<br>\n\u00e0 ce moment-l\u00e0. Il n\u2019est que de consta\u00adter la r\u00e9action<br>\ndes gars de Loire-Atlan\u00adtique, d\u00e9brayant mas\u00adsi\u00adve\u00adment&nbsp;au<br>\nlen\u00adde\u00admain du coup d\u2019Al\u00adger, pour voir ce qu\u2019il y avait \u00e0&nbsp;faire.<br>\nMais  d\u00e9j\u00e0, la \u00ab&nbsp;gauche&nbsp;\u00bb s\u2019oc\u00adcu\u00adpait surtout<br>\nde \u00ab&nbsp;d\u00e9fendre la R\u00e9pu\u00adblique&nbsp;\u00bb,&nbsp;les<br>\naco\u00adqui\u00adne\u00adments repar\u00adtaient de plus belle, et il \u00e9tait&nbsp;bien<br>\nques\u00adtion de gr\u00e8ve g\u00e9n\u00e9rale&nbsp;!<\/p>\n<p style=\"text-indent: 1.48cm; margin-bottom: 0cm;\" align=\"justify\">Pour<br>\nen reve\u00adnir au plan pro\u00adpre\u00adment anar\u00adchiste, nous pre\u00adnions l\u2019initiative<br>\nde r\u00e9unir le Comi\u00adt\u00e9 de Coor\u00addi\u00adna\u00adtion Liber\u00adtaire (C.C.L.)<br>\ngrou\u00adpant&nbsp;: Les Jeunes Liber\u00adtaires, la C.N.T la F\u00e9d\u00e9ration<br>\nAnar\u00adchiste et les Groupes Anar\u00adchistes d\u2019Ac\u00adtion R\u00e9volutionnaire.<br>\nD\u2019autres grou\u00adpe\u00adments et indi\u00advi\u00addua\u00adli\u00adt\u00e9s \u00e9galement<br>\ninvi\u00adt\u00e9s \u00e0 par\u00adti\u00adci\u00adper au C.C.L. se r\u00e9cusaient<br>\nsous divers pr\u00e9\u00adtextes. Le comi\u00adt\u00e9 se r\u00e9unit<br>\ndepuis les \u00e9v\u00e8\u00adne\u00adments, une fois par semaine, confronte<br>\nles dif\u00adf\u00e9\u00adrents points de vue de l\u2019a\u00adnar\u00adchisme sur la situation<br>\net essaie de d\u00e9ga\u00adger une posi\u00adtion com\u00admune en vue d\u2019exprimer<br>\ncelle-ci par affiches, tracts, ou toute autre forme de pro\u00adpa\u00adgande. Il<br>\nest bien \u00e9vident que si les G.A.A.R. se sont trou\u00adv\u00e9s&nbsp;en<br>\noppo\u00adsi\u00adtion for\u00admelle avec la F.A. quand le repr\u00e9\u00adsen\u00adtant&nbsp;de<br>\ncelle-ci dans un sou\u00adci irr\u00e9\u00adfl\u00e9\u00adchi d\u2019\u00abefficacit\u00e9&nbsp;\u00bb<br>\nenga\u00adgeait le nom de l\u2019or\u00adga\u00adni\u00adsa\u00adtion dans un \u00ab&nbsp;Comi\u00adt\u00e9&nbsp;de<br>\nLiai\u00adson et de D\u00e9fense des Liber\u00adt\u00e9s D\u00e9mocratiques&nbsp;\u00bb<br>\n(C.L.D.L.D. ) grou\u00adpant plu\u00adsieurs par\u00adtis bour\u00adgeois comme les Radicaux,<br>\nla S.F.I.O. avec des orga\u00adni\u00adsa\u00adtions ouvri\u00e8res comme le P.C.I.<br>\nau nom. de \u00ab&nbsp;VIVE LA R\u00c9PUBLIQUE&nbsp;\u00bb,  nous nous sommes<br>\npar contre retrou\u00adv\u00e9s plei\u00adne\u00adment d\u2019ac\u00adcord pour ult\u00e9rieurement<br>\nsor\u00adtir un tract impri\u00adm\u00e9 d\u00e9non\u00ad\u00e7ant le danger<br>\ngaul\u00adliste, en com\u00admun avec la m\u00eame F.A.., dont la majorit\u00e9<br>\nvenait de com\u00adprendre l\u2019er\u00adreur d\u2019adh\u00e9\u00adrer au. C.L.D.L.D. et<br>\nreje\u00adtait cette position.<\/p>\n<p style=\"text-indent: 1.48cm; margin-bottom: 0cm;\" align=\"justify\">Ceci<br>\nne nous emp\u00ea\u00adchait pas, par ailleurs, de par\u00adti\u00adci\u00adper \u00e0&nbsp;un<br>\nregrou\u00adpe\u00adment extra-anar\u00adchiste mais regrou\u00adpant uni\u00adque\u00adment&nbsp;des<br>\norga\u00adni\u00adsa\u00adtions ou  indi\u00advi\u00addua\u00adli\u00adt\u00e9s r\u00e9vo\u00adlu\u00adtion\u00adnaires. Ce<br>\ngrou\u00adpe\u00adment, sus\u00adci\u00adt\u00e9 par la F.A. et les Trots\u00adkystes, prit&nbsp;pour<br>\nnom\tComi\u00adt\u00e9 d\u2019Ac\u00adtion R\u00e9vo\u00adlu\u00adtion\u00adnaire (C.A.R.) et r\u00e9unit&nbsp;:<br>\nle Par\u00adti Com\u00admu\u00adniste Inter\u00adna\u00adtio\u00adna\u00adliste, la F\u00e9d\u00e9ration<br>\nAnar\u00adchiste Fran\u00ad\u00e7aise, le syn\u00addi\u00adcat Char\u00adpente-Fer C.G.T. de&nbsp;la<br>\nr\u00e9gion pari\u00adsienne, les Jeunes Liber\u00adtaires, le groupe Pouvoir<br>\nOuvrier, etc. En plus des tracts \u00e9di\u00adt\u00e9s par le C.A.R.<br>\ncol\u00adl\u00e9s et dis\u00adtri\u00adbu\u00e9s, nos mili\u00adtants particip\u00e8rent<br>\nau d\u00e9fi\u00adl\u00e9 Nation-R\u00e9pu\u00adblique du 28 mai&nbsp;\u00e0<br>\nParis. Au cours de cette mani\u00adfes\u00adta\u00adtion \u00e9minemment<br>\nr\u00e9pu\u00adbli\u00adcaine, le C.A.R. et les Auberges de la Jeu\u00adnesse firent<br>\nle maxi\u00admum pour rem\u00adpla\u00adcer la \u00ab&nbsp;Mar\u00adseillaise&nbsp;\u00bb&nbsp;par<br>\n\u00ab&nbsp;l\u2019In\u00adter\u00adna\u00adtio\u00adnale&nbsp;\u00bb et pour sub\u00adsti\u00adtuer au cri de \u00ab&nbsp;VIVE<br>\nLA R\u00c9PUBLIQUE&nbsp;\u00bb les \u00ab&nbsp;FUSILLEZ LES G\u00c9N\u00c9RAUX&nbsp;\u00bb,<br>\n\u00ab&nbsp;\u00c0 BAS L\u2019ARM\u00c9E&nbsp;\u00bb, \u00ab&nbsp;PARA = S.S.&nbsp;\u00bb<br>\nau grand d\u00e9plai\u00adsir des sta\u00adli\u00adniens et socia\u00adlos de service\u2026<\/p>\n<p style=\"text-indent: 1.48cm; margin-bottom: 0cm;\" align=\"justify\">En<br>\npro\u00advince, nos cama\u00adrades du Nord, du Centre et du Midi ont&nbsp;\u00e9dit\u00e9<br>\naffi\u00adchettes, tracts, par\u00adti\u00adci\u00adpant aux mani\u00adfes\u00adta\u00adtions et aux comit\u00e9s<br>\nlocaux. \u00c0 Lyon m\u00eame un de nos mili\u00adtants a&nbsp;\u00e9t\u00e9<br>\nmatra\u00adqu\u00e9 au cours d\u2019une impor\u00adtante bagarre antipoujadiste.<\/p>\n<p style=\"text-indent: 1.48cm; margin-bottom: 0cm;\" align=\"justify\">Nous<br>\navons trans\u00admis ces quelques infor\u00adma\u00adtions, inha\u00adbi\u00adtuelles \u00e0&nbsp;nos<br>\ncahiers, non seule\u00adment pour don\u00adner un bref aper\u00ad\u00e7u de ce&nbsp;que<br>\nnous fai\u00adsons par ailleurs, mais aus\u00adsi pour indi\u00adquer et nous r\u00e9jouir<br>\ndu regrou\u00adpe\u00adment anar\u00adchiste effec\u00adtu\u00e9 au sein du Comit\u00e9<br>\nde Coor\u00addi\u00adna\u00adtion ain\u00adsi que des pos\u00adsi\u00adbi\u00adli\u00adt\u00e9s r\u00e9volutionnaires<br>\noffertes par le C.A.R.<\/p>\n<p style=\"text-indent: 1.48cm; margin-bottom: 0cm;\" align=\"justify\">Le<br>\ngroupe de liaison<\/p>\n","protected":false},"excerpt":{"rendered":"<p>Il est bien cer\u00adtain, que mal\u00adgr\u00e9. toutes les pr\u00e9\u00advi\u00adsions, sup\u00adpo\u00adsi\u00adtions et ana\u00adlyses, les anar\u00adchistes se sont trou\u00adv\u00e9s sur\u00adpris, comme tout le monde, par les \u00e9v\u00e8\u00adne\u00adments du&nbsp;13 mai. Non pas par l\u2019\u00e9\u00adv\u00e8\u00adne\u00adment lui-m\u00eame (celui ci \u00e9tait ais\u00e9\u00adment pr\u00e9\u00advi\u00adsible et la \u00ab&nbsp;gauche&nbsp;\u00bb en g\u00e9n\u00e9\u00adral s\u2019at\u00adten\u00addait \u00e0 un coup de&nbsp;force fas\u00adciste \u00e0 plus ou moins br\u00e8ve \u00e9ch\u00e9ance) mais&nbsp;[\u2026]<\/p>\n","protected":false},"author":1,"featured_media":0,"comment_status":"closed","ping_status":"closed","sticky":false,"template":"","format":"standard","meta":{"wp_typography_post_enhancements_disabled":false,"footnotes":""},"categories":[136],"tags":[],"ppma_author":[540],"class_list":["post-1185","post","type-post","status-publish","format-standard","hentry","category-noir-rouge-na10-printemps-1958"],"authors":[{"term_id":540,"user_id":1,"is_guest":0,"slug":"admin_3gikpwyf","display_name":"Vincent Dubuc","avatar_url":"https:\/\/secure.gravatar.com\/avatar\/d015720652c25fd2ced191ade86430094e1f288a17483713e3b34d26dea52507?s=96&d=mm&r=g","author_category":"","user_url":"https:\/\/la-presse-anarchiste.net","last_name":"Dubuc","first_name":"Vincent","job_title":"","description":""}],"_links":{"self":[{"href":"https:\/\/la-presse-anarchiste.net\/index.php\/wp-json\/wp\/v2\/posts\/1185","targetHints":{"allow":["GET"]}}],"collection":[{"href":"https:\/\/la-presse-anarchiste.net\/index.php\/wp-json\/wp\/v2\/posts"}],"about":[{"href":"https:\/\/la-presse-anarchiste.net\/index.php\/wp-json\/wp\/v2\/types\/post"}],"author":[{"embeddable":true,"href":"https:\/\/la-presse-anarchiste.net\/index.php\/wp-json\/wp\/v2\/users\/1"}],"replies":[{"embeddable":true,"href":"https:\/\/la-presse-anarchiste.net\/index.php\/wp-json\/wp\/v2\/comments?post=1185"}],"version-history":[{"count":0,"href":"https:\/\/la-presse-anarchiste.net\/index.php\/wp-json\/wp\/v2\/posts\/1185\/revisions"}],"wp:attachment":[{"href":"https:\/\/la-presse-anarchiste.net\/index.php\/wp-json\/wp\/v2\/media?parent=1185"}],"wp:term":[{"taxonomy":"category","embeddable":true,"href":"https:\/\/la-presse-anarchiste.net\/index.php\/wp-json\/wp\/v2\/categories?post=1185"},{"taxonomy":"post_tag","embeddable":true,"href":"https:\/\/la-presse-anarchiste.net\/index.php\/wp-json\/wp\/v2\/tags?post=1185"},{"taxonomy":"author","embeddable":true,"href":"https:\/\/la-presse-anarchiste.net\/index.php\/wp-json\/wp\/v2\/ppma_author?post=1185"}],"curies":[{"name":"wp","href":"https:\/\/api.w.org\/{rel}","templated":true}]}}