{"id":1187,"date":"2008-01-15T23:21:51","date_gmt":"2008-01-15T23:21:51","guid":{"rendered":"https:\/\/la-presse-anarchiste.net\/index.php\/2008\/01\/15\/de-bulgarie\/"},"modified":"2008-01-15T23:21:51","modified_gmt":"2008-01-15T23:21:51","slug":"de-bulgarie","status":"publish","type":"post","link":"https:\/\/la-presse-anarchiste.net\/index.php\/2008\/01\/15\/de-bulgarie\/","title":{"rendered":"De Bulgarie"},"content":{"rendered":"<div class=\"pdfprnt-buttons pdfprnt-buttons-post pdfprnt-top-right\"><a href=\"https:\/\/la-presse-anarchiste.net\/index.php\/wp-json\/wp\/v2\/posts\/1187?print=pdf\" class=\"pdfprnt-button pdfprnt-button-pdf\" target=\"_blank\"><img decoding=\"async\" src=\"https:\/\/la-presse-anarchiste.net\/wp-content\/plugins\/pdf-print\/images\/pdf.png\" alt=\"image_pdf\" title=\"Afficher le PDF\"><\/a><a href=\"https:\/\/la-presse-anarchiste.net\/index.php\/wp-json\/wp\/v2\/posts\/1187?print=print\" class=\"pdfprnt-button pdfprnt-button-print\" target=\"_blank\"><img decoding=\"async\" src=\"https:\/\/la-presse-anarchiste.net\/wp-content\/plugins\/pdf-print\/images\/print.png\" alt=\"image_print\" title=\"Contenu imprim\u00e9\"><\/a><\/div><p style=\"text-indent: 1.48cm; margin-bottom: 0cm;\" align=\"justify\">L\u2019o\u00adpi\u00adnion<br>\npublique occi\u00adden\u00adtale est extr\u00ea\u00adme\u00adment bla\u00ads\u00e9e et r\u00e9ticente<br>\nvis-\u00e0-vis des \u00e9v\u00e8\u00adne\u00adments et des nou\u00advelles qui<br>\nnous par\u00adviennent des pays d\u2019au-del\u00e0 du \u00ab&nbsp;rideau de&nbsp;fer&nbsp;\u00bb.<br>\nIl n\u2019y a que les dis\u00adcours des diri\u00adgeants du Par\u00adti (quand ce n\u2019est&nbsp;pas<br>\nles toi\u00adlettes de leurs consortes) ou des r\u00e9volutions<br>\nsan\u00adglantes qui puissent \u00eatre dignes des colonnes la presse du<br>\n\u00ab&nbsp;monde&nbsp;libre&nbsp;\u00bb.<\/p>\n<p style=\"text-indent: 1.48cm; margin-bottom: 0cm;\" align=\"justify\">Et<br>\nil faut consta\u00adter avec amer\u00adtume que les publi\u00adca\u00adtions anar\u00adchistes ne<br>\nfont pas tou\u00adjours excep\u00adtion \u00e0 cette r\u00e8gle. Car&nbsp;on<br>\nvou\u00addrait savoir quels sont les jour\u00adnaux anar\u00adchistes qui ont signal\u00e9<br>\n\u00e0 leurs lec\u00adteurs les deux cir\u00adcu\u00adlaires, les deux cris  d\u2019alarme<br>\nlan\u00adc\u00e9s par nos cama\u00adrades Bul\u00adgares en exil. La premi\u00e8re<br>\ncir\u00adcu\u00adlaire est sign\u00e9e par \u00ab&nbsp;L\u2019U\u00adnion des Anarchistes<br>\nBul\u00adgares en Exil&nbsp;\u00bb, c\u2019est une ten\u00adta\u00adtive de sou\u00adle\u00adver une campagne<br>\nde pro\u00adtes\u00adta\u00adtions contre le meurtre du vieux mili\u00adtant anar\u00adchiste et<br>\nsyn\u00addi\u00adca\u00adliste Manol VASEV en pri\u00adson, \u00e0 la veille de sa mise&nbsp;en<br>\nliber\u00adt\u00e9. Nos cama\u00adrades bul\u00adgares invitent toutes les<br>\norga\u00adni\u00adsa\u00adtions liber\u00adtaires \u00e0 envoyer des lettres de<br>\npro\u00adtes\u00adta\u00adtions au ministre Anton YOGOV, Pr\u00e9\u00adsident du Conseil \u00e0<br>\nSOFIA, ain\u00adsi que des lettres de sym\u00adpa\u00adthie et d\u2019en\u00adcou\u00adra\u00adge\u00adment&nbsp;\u00e0<br>\nla. famille de Manol Vas\u00adsev \u00e0 HASKOVO (Bul\u00adga\u00adrie).<\/p>\n<p style=\"text-indent: 1.48cm; margin-bottom: 0cm;\" align=\"justify\">La<br>\nseconde cir\u00adcu\u00adlaire est sign\u00e9e par un \u00ab&nbsp;groupe<br>\nd\u2019in\u00adtel\u00adlec\u00adtuels et ouvriers bul\u00adgares en exil&nbsp;\u00bb. C\u2019est&nbsp;une<br>\n\u00ab&nbsp;pro\u00adtes\u00adta\u00adtion contre la cr\u00e9a\u00adtion de camps&nbsp;de<br>\nconcen\u00adtra\u00adtion pour enfants en Bul\u00adga\u00adrie&nbsp;\u00bb. Nous en reproduisons<br>\nplus bas quelques pas\u00adsages qui, \u00e0 notre avis, se passent de<br>\ntout commentaire.<\/p>\n<p style=\"text-indent: 1.48cm; margin-bottom: 0cm;\" align=\"justify\">\u00ab&nbsp;De<br>\nnou\u00advelles mesures dra\u00adco\u00adniennes viennent d\u2019\u00eatre prises par&nbsp;les<br>\nauto\u00adri\u00adt\u00e9s bul\u00adgares. Une loi vient d\u2019\u00eatre vot\u00e9e<br>\ncontre la \u00ab&nbsp;hou\u00adli\u00adganch\u00adti\u00adna&nbsp;\u00bb (voyous) et l\u2019enfance<br>\nd\u00e9lin\u00adquante. Elle s\u2019est tra\u00adduite par la cr\u00e9a\u00adtion&nbsp;de<br>\ncamps de concen\u00adtra\u00adtion pour enfants de 7 \u00e0 8 ans (qu\u2019ils<br>\nappellent cyni\u00adque\u00adment \u00ab&nbsp;\u00e9coles de r\u00e9\u00e9ducation<br>\npar le travail).<\/p>\n<p style=\"text-indent: 1.48cm; margin-bottom: 0cm;\" align=\"justify\">Le<br>\npr\u00e9\u00adtexte pour l\u2019a\u00addop\u00adtion de cette loi a&nbsp;\u00e9t\u00e9<br>\nl\u2019as\u00adsas\u00adsi\u00adnat obs\u00adcur et peut-\u00eatre pr\u00e9\u00advu d\u2019un secr\u00e9taire<br>\nde Par\u00adti&nbsp;: Hara\u00adlam\u00adpi Zdrav\u00adkov par deux jeune gens&nbsp;: Dioo Tzvet\u00adkov \u2013&nbsp;18<br>\nans \u2013 et Assen Mitrev, qui s\u2019est pro\u00adduit \u00e0 SOFIA, le&nbsp;21<br>\nd\u00e9cembre 1957 dans le tram\u00adway n\u00b02. Le 5\/\u200b2\/\u200b1958,&nbsp;les<br>\nassas\u00adsins ont \u00e9t\u00e9 condam\u00adn\u00e9s \u00e0 la&nbsp;peine<br>\ncapi\u00adtale par fusillade sans avoir eu le droit de plai\u00adder leur&nbsp;cause<br>\nou faire appel. Selon la presse offi\u00adcielle com\u00admu\u00adniste, voi\u00adci&nbsp;les<br>\ncauses qui sont \u00e0 l\u2019o\u00adri\u00adgine des crimes de ce&nbsp;genre.<br>\n\u00ab&nbsp;L\u2019ap\u00adpa\u00adri\u00adtion chez nous de la \u201chou\u00adli\u00adganch\u00adti\u00adna\u201d&nbsp;est<br>\nessen\u00adtiel\u00adle\u00adment due \u00e0 la paresse dans cer\u00adtains milieux, \u00e0<br>\nune \u00e9du\u00adca\u00adtion com\u00admu\u00adniste insuf\u00adfi\u00adsante, \u00e0 l\u2019h\u00e9ritage<br>\ncapi\u00adta\u00adliste qui p\u00e8se sur le pr\u00e9\u00adsent et enfin&nbsp;\u00e0<br>\nl\u2019in\u00adfluence de la \u201cculture\u201d dite occi\u00adden\u00adtale avec tous&nbsp;ses<br>\naspects d\u00e9cadents\u2026\u00bb<\/p>\n<p style=\"text-indent: 1.48cm; margin-bottom: 0cm;\" align=\"justify\">\u00ab\u2026<br>\nLa \u201chou\u00adli\u00adganch\u00adti\u00adna\u201d est l\u2019ar\u00adri\u00e8re-garde de la bourgeoisie<br>\nbri\u00ads\u00e9e. Ce sont de mau\u00advaises graines venues d\u2019autres pays&nbsp;et<br>\nd\u2019autres contr\u00e9es et avant tout de la \u201cd\u00e9mo\u00adcra\u00adtie\u201d<br>\nocci\u00adden\u00adtale d\u00e9g\u00e9\u00adn\u00e9\u00adr\u00e9e, o\u00f9&nbsp;la<br>\nhou\u00adli\u00adgant\u00adchi\u00adna, le gang\u00adst\u00e9\u00adrisme et l\u2019en\u00adfance d\u00e9linquante<br>\nne se mani\u00adfestent que trop fr\u00e9quemment.\u2026\u00bb<\/p>\n<p style=\"text-indent: 1.48cm; margin-bottom: 0cm;\" align=\"justify\">\u00ab\u2026<br>\nIl y a \u00e9ga\u00adle\u00adment des causes qui nous sont sp\u00e9cifiques&nbsp;:<br>\nle manque de mesures \u00e9ner\u00adgiques de la part de notre soci\u00e9t\u00e9,<br>\nde nos orga\u00adni\u00adsa\u00adtions sociales, de notre milice et sur\u00adtout  le manque<br>\nd\u2019ins\u00adti\u00adtu\u00adtions pour lut\u00adter d\u2019une mani\u00e8re \u00e9nergique<br>\nration\u00adnelle, sys\u00adt\u00e9\u00adma\u00adtique et pen\u00addant long\u00adtemps contre les<br>\nagis\u00adse\u00adments de jeunes gens qui se sont d\u00e9tour\u00adn\u00e9s de&nbsp;la<br>\nbonne&nbsp;voie\u2026\u00bb<\/p>\n<p style=\"text-indent: 1.48cm; margin-bottom: 0cm;\" align=\"justify\">Apr\u00e8s<br>\nl\u2019ex\u00adpli\u00adca\u00adtion de ces faits, la ques\u00adtion sui\u00advante se&nbsp;pose<br>\nin\u00e9vi\u00adta\u00adble\u00adment&nbsp;: com\u00adment les bacilles de culture occidentale<br>\n\u201cd\u00e9ca\u00addente et d\u00e9g\u00e9n\u00e9r\u00e9e\u201d<br>\nont-ils pu p\u00e9n\u00e9\u00adtrer quand tout le monde sait que depuis<br>\n14 ans la Bul\u00adga\u00adrie reste her\u00adm\u00e9\u00adti\u00adque\u00adment fer\u00adm\u00e9e&nbsp;\u00e0<br>\ntoute influence \u00e9tran\u00adg\u00e8re, sauf \u00e0 celle&nbsp;de<br>\nl\u2019U\u00adnion Sovi\u00e9\u00adtique et des \u00ab&nbsp;d\u00e9mocraties<br>\npopulaires&nbsp;\u00bb&nbsp;?<\/p>\n<p style=\"text-indent: 1.48cm; margin-bottom: 0cm;\" align=\"justify\">Pierre<\/p>\n","protected":false},"excerpt":{"rendered":"<p>L\u2019o\u00adpi\u00adnion publique occi\u00adden\u00adtale est extr\u00ea\u00adme\u00adment bla\u00ads\u00e9e et r\u00e9ti\u00adcente vis-\u00e0-vis des \u00e9v\u00e8\u00adne\u00adments et des nou\u00advelles qui nous par\u00adviennent des pays d\u2019au-del\u00e0 du \u00ab&nbsp;rideau de&nbsp;fer&nbsp;\u00bb. Il n\u2019y a que les dis\u00adcours des diri\u00adgeants du Par\u00adti (quand ce n\u2019est&nbsp;pas les toi\u00adlettes de leurs consortes) ou des r\u00e9vo\u00adlu\u00adtions san\u00adglantes qui puissent \u00eatre dignes des colonnes la presse du \u00ab&nbsp;monde&nbsp;libre&nbsp;\u00bb.&nbsp;[\u2026]<\/p>\n","protected":false},"author":1,"featured_media":0,"comment_status":"closed","ping_status":"closed","sticky":false,"template":"","format":"standard","meta":{"wp_typography_post_enhancements_disabled":false,"footnotes":""},"categories":[136],"tags":[],"ppma_author":[540],"class_list":["post-1187","post","type-post","status-publish","format-standard","hentry","category-noir-rouge-na10-printemps-1958"],"authors":[{"term_id":540,"user_id":1,"is_guest":0,"slug":"admin_3gikpwyf","display_name":"Vincent Dubuc","avatar_url":"https:\/\/secure.gravatar.com\/avatar\/d015720652c25fd2ced191ade86430094e1f288a17483713e3b34d26dea52507?s=96&d=mm&r=g","author_category":"","user_url":"https:\/\/la-presse-anarchiste.net","last_name":"Dubuc","first_name":"Vincent","job_title":"","description":""}],"_links":{"self":[{"href":"https:\/\/la-presse-anarchiste.net\/index.php\/wp-json\/wp\/v2\/posts\/1187","targetHints":{"allow":["GET"]}}],"collection":[{"href":"https:\/\/la-presse-anarchiste.net\/index.php\/wp-json\/wp\/v2\/posts"}],"about":[{"href":"https:\/\/la-presse-anarchiste.net\/index.php\/wp-json\/wp\/v2\/types\/post"}],"author":[{"embeddable":true,"href":"https:\/\/la-presse-anarchiste.net\/index.php\/wp-json\/wp\/v2\/users\/1"}],"replies":[{"embeddable":true,"href":"https:\/\/la-presse-anarchiste.net\/index.php\/wp-json\/wp\/v2\/comments?post=1187"}],"version-history":[{"count":0,"href":"https:\/\/la-presse-anarchiste.net\/index.php\/wp-json\/wp\/v2\/posts\/1187\/revisions"}],"wp:attachment":[{"href":"https:\/\/la-presse-anarchiste.net\/index.php\/wp-json\/wp\/v2\/media?parent=1187"}],"wp:term":[{"taxonomy":"category","embeddable":true,"href":"https:\/\/la-presse-anarchiste.net\/index.php\/wp-json\/wp\/v2\/categories?post=1187"},{"taxonomy":"post_tag","embeddable":true,"href":"https:\/\/la-presse-anarchiste.net\/index.php\/wp-json\/wp\/v2\/tags?post=1187"},{"taxonomy":"author","embeddable":true,"href":"https:\/\/la-presse-anarchiste.net\/index.php\/wp-json\/wp\/v2\/ppma_author?post=1187"}],"curies":[{"name":"wp","href":"https:\/\/api.w.org\/{rel}","templated":true}]}}