{"id":1192,"date":"2008-01-16T21:05:08","date_gmt":"2008-01-16T21:05:08","guid":{"rendered":"https:\/\/la-presse-anarchiste.net\/index.php\/2008\/01\/16\/sur-la-democratie\/"},"modified":"2008-01-16T21:05:08","modified_gmt":"2008-01-16T21:05:08","slug":"sur-la-democratie","status":"publish","type":"post","link":"https:\/\/la-presse-anarchiste.net\/index.php\/2008\/01\/16\/sur-la-democratie\/","title":{"rendered":"Sur la d\u00e9mocratie"},"content":{"rendered":"<div class=\"pdfprnt-buttons pdfprnt-buttons-post pdfprnt-top-right\"><a href=\"https:\/\/la-presse-anarchiste.net\/index.php\/wp-json\/wp\/v2\/posts\/1192?print=pdf\" class=\"pdfprnt-button pdfprnt-button-pdf\" target=\"_blank\"><img decoding=\"async\" src=\"https:\/\/la-presse-anarchiste.net\/wp-content\/plugins\/pdf-print\/images\/pdf.png\" alt=\"image_pdf\" title=\"Afficher le PDF\"><\/a><a href=\"https:\/\/la-presse-anarchiste.net\/index.php\/wp-json\/wp\/v2\/posts\/1192?print=print\" class=\"pdfprnt-button pdfprnt-button-print\" target=\"_blank\"><img decoding=\"async\" src=\"https:\/\/la-presse-anarchiste.net\/wp-content\/plugins\/pdf-print\/images\/print.png\" alt=\"image_print\" title=\"Contenu imprim\u00e9\"><\/a><\/div><p style=\"text-indent: 1.48cm; margin-bottom: 0cm;\" align=\"justify\">\n<\/p><p>[(Cette<br>\nplate-forme a \u00e9t\u00e9 pr\u00e9\u00adsen\u00adt\u00e9e au Congr\u00e8s<br>\nde Bourg la Reine en&nbsp;1927.<\/p>\n<p style=\"text-indent: 1.48cm; margin-bottom: 0cm;\" align=\"justify\">Le<br>\ntexte que nous avons n\u2019est qu\u2019une par\u00adtie de la dite plate-forme, nous<br>\npen\u00adsons n\u00e9an\u00admoins qu\u2019il est utile de la repr\u00e9\u00adsen\u00adter&nbsp;\u00e0<br>\nl\u2019en\u00adsemble des camarades.)]<\/p>\n<p style=\"margin-top: 0.42cm; page-break-after: avoid;\"><font face=\"Arial, sans-serif\"><font size=\"4\"><br>\n<strong><em>N\u00e9ga\u00adtion<br>\nde la d\u00e9mocratie<\/em><\/strong><br>\n<\/font><\/font><\/p>\n<p style=\"text-indent: 1.48cm; margin-bottom: 0cm;\" align=\"justify\">La<br>\nd\u00e9mo\u00adcra\u00adtie est une des formes de la Soci\u00e9t\u00e9<br>\nCapi\u00adta\u00adliste et bour\u00adgeoise. La base de la d\u00e9mo\u00adcra\u00adtie est&nbsp;le<br>\nmain\u00adtien de deux classes anta\u00adgo\u00adnistes de la Soci\u00e9t\u00e9<br>\nModerne&nbsp;: celle du Tra\u00advail et celle du Capi\u00adtal et leur collaboration,<br>\nsur la base de la Pro\u00adpri\u00e9\u00adt\u00e9 pri\u00adv\u00e9e Capitaliste.<\/p>\n<p style=\"text-indent: 1.48cm; margin-bottom: 0cm;\" align=\"justify\">L\u2019ex\u00adpres\u00adsion<br>\nde cette col\u00adla\u00adbo\u00adra\u00adtion est le Par\u00adle\u00adment et le Gou\u00adver\u00adne\u00adment national<br>\nrepr\u00e9\u00adsen\u00adta\u00adtif. For\u00admel\u00adle\u00adment la d\u00e9mo\u00adcra\u00adtie pro\u00adclame&nbsp;la<br>\nLiber\u00adt\u00e9 de la Parole et de la Presse, la libert\u00e9<br>\nd\u2019as\u00adso\u00adcia\u00adtion ain\u00adsi que l\u2019\u00c9\u00adga\u00adlite de tous les citoyens devant<br>\nla Loi. En r\u00e9a\u00adli\u00adt\u00e9 toutes ces liber\u00adt\u00e9s ont&nbsp;un<br>\ncarac\u00adt\u00e8re assez relatif.<\/p>\n<p style=\"text-indent: 1.48cm; margin-bottom: 0cm;\" align=\"justify\">Elles<br>\nsont tol\u00e9\u00adr\u00e9es jus\u00adqu\u2019\u00e0 ce, et pour autant,<br>\nqu\u2019elles ne viennent pas contre\u00adcar\u00adrer les int\u00e9\u00adr\u00eats de&nbsp;la<br>\nclasse domi\u00adnante, c\u2019est-\u00e0-dire de la bourgeoisie.<\/p>\n<p style=\"text-indent: 1.48cm; margin-bottom: 0cm;\" align=\"justify\">La<br>\nd\u00e9mo\u00adcra\u00adtie main\u00adtient intact le prin\u00adcipe de la propri\u00e9t\u00e9<br>\ncapi\u00adta\u00adliste pri\u00adv\u00e9e. En m\u00eame temps elle laisse \u00e0<br>\nla bour\u00adgeoi\u00adsie le droit de tenir entre ses mains toute l\u2019\u00e9conomie<br>\ndu pays, toute la presse, l\u2019ins\u00adtruc\u00adtion, la science, l\u2019art, tout&nbsp;ce<br>\nqui en fait rend la bour\u00adgeoi\u00adsie ma\u00eetre abso\u00adlu des pays.&nbsp;Ayant<br>\nle mono\u00adpole dans le domaine de la vie \u00e9co\u00adno\u00admique, la<br>\nbour\u00adgeoi\u00adsie peut \u00e9ga\u00adle\u00adment \u00e9ta\u00adblir son pou\u00advoir illimit\u00e9<br>\ndans le domaine poli\u00adtique. En effet le par\u00adle\u00adment et le gouvernement<br>\nrepr\u00e9\u00adsen\u00adta\u00adtif ne sont en r\u00e9gime d\u00e9mo\u00adcra\u00adtique&nbsp;que<br>\nles organes ex\u00e9\u00adcu\u00adtifs de la bour\u00adgeoi\u00adsie. En cons\u00e9quence,<br>\nla d\u00e9mo\u00adcra\u00adtie n\u2019est qu\u2019un aspect de la dic\u00adta\u00adture bourgeoise<br>\nmas\u00adqu\u00e9 par les fausses for\u00admules de liber\u00adt\u00e9 poli\u00adtique&nbsp;et<br>\npar l\u00e0, la futile garan\u00adtie d\u00e9mocratique.<\/p>\n<p style=\"margin-top: 0.42cm; page-break-after: avoid;\"><font face=\"Arial, sans-serif\"><font size=\"4\"><br>\n<strong><em>La<br>\nn\u00e9ga\u00adtion de l\u2019\u00c9\u00adtat et du pouvoir<\/em><\/strong><br>\n<\/font><\/font><\/p>\n<p style=\"text-indent: 1.48cm; margin-bottom: 0cm;\" align=\"justify\">Les<br>\nid\u00e9o\u00adlogues de la bour\u00adgeoi\u00adsie d\u00e9fi\u00adnissent l\u2019\u00c9tat<br>\ncomme organe r\u00e9gu\u00adla\u00adteur des rap\u00adports compliqu\u00e9s<br>\npoli\u00adtiques sociaux entre les hommes, au sein de la soci\u00e9t\u00e9<br>\nmoderne et comme le tuteur de l\u2019Ordre et des lois dans celle-ci. Les<br>\nanar\u00adchistes sont par\u00adfai\u00adte\u00adment d\u2019ac\u00adcord avec cette d\u00e9finition<br>\nmais ils la com\u00adpl\u00e8tent en affirment qu\u2019\u00e0 la base de&nbsp;cet<br>\nordre et de ces lois se trouve l\u2019as\u00adsu\u00adjet\u00adtis\u00adse\u00adment d\u2019une&nbsp;large<br>\nmajo\u00adri\u00adt\u00e9 du peuple par une mino\u00adri\u00adt\u00e9 infime et&nbsp;que<br>\nl\u2019\u00c9\u00adtat sert pr\u00e9\u00adci\u00ads\u00e9\u00adment \u00e0 main\u00adte\u00adnir&nbsp;cet<br>\nescla\u00advage. L\u2019\u00c9\u00adtat est en m\u00eame temps la violence<br>\norga\u00adni\u00ads\u00e9e par la bour\u00adgeoi\u00adsie contre les tra\u00advailleurs et&nbsp;le<br>\nsys\u00adt\u00e8me de ses organes ex\u00e9cutifs.<\/p>\n<p style=\"text-indent: 1.48cm; margin-bottom: 0cm;\" align=\"justify\">Les<br>\nsocia\u00adlistes de gauche, et en par\u00adti\u00adcu\u00adlier les bolcheviques,<br>\nconsi\u00add\u00e8rent eux aus\u00adsi le pou\u00advoir et l\u2019\u00c9\u00adtat bourgeois<br>\ncomme les ser\u00advi\u00adteurs du Capi\u00adtal. Mais ils pensent que le pou\u00advoir&nbsp;et<br>\nl\u2019\u00c9\u00adtat peuvent deve\u00adnir, une fois entre les mains&nbsp;des<br>\nsocia\u00adlistes, un moyen puis\u00adsant dans la lutte pour l\u2019\u00e9mancipation<br>\ndu Pro\u00adl\u00e9\u00adta\u00adriat. Pour cette rai\u00adson ces par\u00adtis sou\u00adtiennent un<br>\npou\u00advoir socia\u00adliste et un \u00c9tat ouvrier. Les uns veulent la<br>\nconqu\u00eate du pou\u00advoir par les moyens paci\u00adfiques, parlementaires<br>\n(les sociaux-d\u00e9mo\u00adcrates); les autres par les moyens<br>\nr\u00e9vo\u00adlu\u00adtion\u00adnaires (bol\u00adche\u00adviques et les socialistes<br>\nr\u00e9vo\u00adlu\u00adtion\u00adnaires de gauche).<\/p>\n<p style=\"text-indent: 1.48cm; margin-bottom: 0cm;\" align=\"justify\">L\u2019A\u00adnar\u00adchisme<br>\nconsi\u00add\u00e8re les deux th\u00e8ses comme profond\u00e9ment<br>\nerro\u00adn\u00e9e et pro\u00adfon\u00add\u00e9\u00adment n\u00e9fastes pour l\u2019\u0153uvre<br>\nd\u2019\u00e9\u00adman\u00adci\u00adpa\u00adtion du travail.<\/p>\n<p style=\"text-indent: 1.48cm; margin-bottom: 0cm;\" align=\"justify\">Le<br>\nPou\u00advoir est tou\u00adjours des\u00adti\u00adn\u00e9 \u00e0 la spo\u00adlia\u00adtion et&nbsp;\u00e0<br>\nl\u2019as\u00adsu\u00adjet\u00adtis\u00adse\u00adment des masses popu\u00adlaires. Il sur\u00adgit de&nbsp;cette<br>\nspo\u00adlia\u00adtion et il est cr\u00e9\u00e9 pour la per\u00admettre. Le Pouvoir<br>\nsans la vio\u00adlence et sans l\u2019ex\u00adploi\u00adta\u00adtion perd toute rai\u00adson d\u2019\u00eatre.<\/p>\n<p style=\"text-indent: 1.48cm; margin-bottom: 0cm;\" align=\"justify\">L\u2019\u00c9\u00adtat<br>\net le Pou\u00advoir enl\u00e8vent l\u2019i\u00adni\u00adtia\u00adtive aux masses, tuent l\u2019esprit<br>\nd\u2019ac\u00adtion auto\u00adnome, l\u2019es\u00adprit d\u2019ac\u00adti\u00advi\u00adt\u00e9, cultivent dans&nbsp;les<br>\nmasses la psy\u00adcho\u00adlo\u00adgie ser\u00advile de sou\u00admis\u00adsion, d\u2019at\u00adten\u00adtisme, d\u2019espoir<br>\ndans les auto\u00adri\u00adt\u00e9s. Hors, l\u2019\u00e9\u00adman\u00adci\u00adpa\u00adtion&nbsp;des<br>\ntra\u00advailleurs n\u2019est pos\u00adsible autre\u00adment qu\u2019au cours d\u2019une&nbsp;lutte<br>\nr\u00e9vo\u00adlu\u00adtion\u00adnaire directe de larges masses tra\u00advailleuses et&nbsp;de<br>\nleurs orga\u00adni\u00adsa\u00adtions de classe contre le sys\u00adt\u00e8me capitaliste.<\/p>\n<p style=\"text-indent: 1.48cm; margin-bottom: 0cm;\" align=\"justify\">La<br>\nconqu\u00eate du pou\u00advoir par les par\u00adtis sociaux-d\u00e9mocrates,<br>\npar les moyens par\u00adle\u00admen\u00adtaires dans le cadre de l\u2019ordre actuel, ne<br>\nfera pas avan\u00adcer d\u2019un seul pas l\u2019\u0153uvre d\u2019\u00e9\u00adman\u00adci\u00adpa\u00adtion,&nbsp;pour<br>\nla simple rai\u00adson que la puis\u00adsance r\u00e9elle, et de ce fait&nbsp;le<br>\npou\u00advoir r\u00e9el, res\u00adte\u00adront dans la poigne de la bour\u00adgeoi\u00adsie&nbsp;qui<br>\nd\u00e9tient tous les levier  de l\u2019\u00e9\u00adco\u00adno\u00admie et de&nbsp;la<br>\npoli\u00adtique du pays. Le r\u00f4le du pou\u00advoir socia\u00adliste se r\u00e9duit,<br>\ndans ce cas, aux r\u00e9formes, <u>\u00e0 l\u2019a\u00adm\u00e9\u00adlio\u00adra\u00adtion<br>\ndu r\u00e9gime bour\u00adgeois m\u00eame<\/u>. (par exemple Mac Donald,<br>\nles par\u00adtis sociaux d\u00e9mo\u00adcrates d\u2019Al\u00adle\u00admagne, de Su\u00e8de, de<br>\nBel\u00adgique, par\u00adve\u00adnus au pou\u00advoir \u00e0 l\u2019in\u00adt\u00e9\u00adrieur de&nbsp;la<br>\nSoci\u00e9\u00adt\u00e9 Capitaliste).<\/p>\n<p style=\"text-indent: 1.48cm; margin-bottom: 0cm;\" align=\"justify\">La<br>\nconqu\u00eate du pou\u00advoir par un bou\u00adle\u00adver\u00adse\u00adment social et<br>\nl\u2019\u00e9\u00adta\u00adblis\u00adse\u00adment d\u2019un soi-disant \u00ab&nbsp;\u00e9tat ouvrier&nbsp;\u00bb<br>\nne peut pas plus ser\u00advir la cause de la v\u00e9ri\u00adtable \u00e9mancipation<br>\ndu tra\u00advail. L\u2019\u00c9\u00adtat construit \u00e0 l\u2019o\u00adri\u00adgine pour&nbsp;la<br>\npr\u00e9\u00adten\u00addue d\u00e9fense de la R\u00e9vo\u00adlu\u00adtion,&nbsp;finit<br>\nimman\u00adqua\u00adble\u00adment par se lais\u00adser d\u00e9bor\u00adder par des n\u00e9cessit\u00e9s<br>\nsp\u00e9\u00adci\u00adfique et cong\u00e9\u00adni\u00adtales, devient lui-m\u00eame un<br>\nbut, un pro\u00adduit de peuples par\u00adti\u00adcu\u00adliers pri\u00advi\u00adl\u00e9\u00adgi\u00e9s&nbsp;sur<br>\nles\u00adquels il s\u2019ap\u00adpuie, subor\u00addonne par la force, les masses \u00e0<br>\nses besoins et \u00e0 ceux des groupes privil\u00e9gi\u00e9s,<br>\net res\u00adtaure en cons\u00e9\u00adquence le fon\u00adde\u00adment du pou\u00advoir et&nbsp;de<br>\nl\u2019\u00e9\u00adtat capi\u00adta\u00adliste&nbsp;: l\u2019as\u00adser\u00advis\u00adse\u00adment par la&nbsp;force,<br>\nl\u2019ex\u00adploi\u00adta\u00adtion sys\u00adt\u00e9\u00adma\u00adtique des masses. (exemple&nbsp;: l\u2019\u00c9tat<br>\n\u00ab&nbsp;ouvrier et pay\u00adsan des bolcheviques.)<\/p>\n<p style=\"text-indent: 1.48cm; margin-bottom: 0cm;\" align=\"right\">P.<br>\nArchinov<br>\n<br>Pour le groupe des anar\u00adchistes Russes en&nbsp;exil<br>\n<br>Le 20 juin&nbsp;1926<br>\n<br>(\u00ab&nbsp;Plate-forme d\u2019Organisation&nbsp;\u00bb)<\/p>\n<p style=\"text-indent: 1.48cm; margin-bottom: 0cm;\" align=\"justify\">\n<\/p><p>[(P.S.<br>\nNous publie\u00adrons dans un pro\u00adchain num\u00e9\u00adro la r\u00e9ponse du<br>\ngroupe anar\u00adchiste russe dont Voline \u00e9tait secr\u00e9taire.)]<\/p>\n","protected":false},"excerpt":{"rendered":"<p>[(Cette plate-forme a \u00e9t\u00e9 pr\u00e9\u00adsen\u00adt\u00e9e au Congr\u00e8s de Bourg la Reine en&nbsp;1927. Le texte que nous avons n\u2019est qu\u2019une par\u00adtie de la dite plate-forme, nous pen\u00adsons n\u00e9an\u00admoins qu\u2019il est utile de la repr\u00e9\u00adsen\u00adter&nbsp;\u00e0 l\u2019en\u00adsemble des cama\u00adrades.)] N\u00e9ga\u00adtion de la d\u00e9mo\u00adcra\u00adtie La d\u00e9mo\u00adcra\u00adtie est une des formes de la Soci\u00e9\u00adt\u00e9 Capi\u00adta\u00adliste et bour\u00adgeoise. La base&nbsp;de&nbsp;[\u2026]<\/p>\n","protected":false},"author":1,"featured_media":0,"comment_status":"closed","ping_status":"closed","sticky":false,"template":"","format":"standard","meta":{"wp_typography_post_enhancements_disabled":false,"footnotes":""},"categories":[136],"tags":[],"ppma_author":[540],"class_list":["post-1192","post","type-post","status-publish","format-standard","hentry","category-noir-rouge-na10-printemps-1958"],"authors":[{"term_id":540,"user_id":1,"is_guest":0,"slug":"admin_3gikpwyf","display_name":"Vincent Dubuc","avatar_url":"https:\/\/secure.gravatar.com\/avatar\/d015720652c25fd2ced191ade86430094e1f288a17483713e3b34d26dea52507?s=96&d=mm&r=g","author_category":"","user_url":"https:\/\/la-presse-anarchiste.net","last_name":"Dubuc","first_name":"Vincent","job_title":"","description":""}],"_links":{"self":[{"href":"https:\/\/la-presse-anarchiste.net\/index.php\/wp-json\/wp\/v2\/posts\/1192","targetHints":{"allow":["GET"]}}],"collection":[{"href":"https:\/\/la-presse-anarchiste.net\/index.php\/wp-json\/wp\/v2\/posts"}],"about":[{"href":"https:\/\/la-presse-anarchiste.net\/index.php\/wp-json\/wp\/v2\/types\/post"}],"author":[{"embeddable":true,"href":"https:\/\/la-presse-anarchiste.net\/index.php\/wp-json\/wp\/v2\/users\/1"}],"replies":[{"embeddable":true,"href":"https:\/\/la-presse-anarchiste.net\/index.php\/wp-json\/wp\/v2\/comments?post=1192"}],"version-history":[{"count":0,"href":"https:\/\/la-presse-anarchiste.net\/index.php\/wp-json\/wp\/v2\/posts\/1192\/revisions"}],"wp:attachment":[{"href":"https:\/\/la-presse-anarchiste.net\/index.php\/wp-json\/wp\/v2\/media?parent=1192"}],"wp:term":[{"taxonomy":"category","embeddable":true,"href":"https:\/\/la-presse-anarchiste.net\/index.php\/wp-json\/wp\/v2\/categories?post=1192"},{"taxonomy":"post_tag","embeddable":true,"href":"https:\/\/la-presse-anarchiste.net\/index.php\/wp-json\/wp\/v2\/tags?post=1192"},{"taxonomy":"author","embeddable":true,"href":"https:\/\/la-presse-anarchiste.net\/index.php\/wp-json\/wp\/v2\/ppma_author?post=1192"}],"curies":[{"name":"wp","href":"https:\/\/api.w.org\/{rel}","templated":true}]}}