{"id":1193,"date":"2008-01-17T20:02:25","date_gmt":"2008-01-17T20:02:25","guid":{"rendered":"https:\/\/la-presse-anarchiste.net\/index.php\/2008\/01\/17\/revues-marxistes-et-marxisme-revu\/"},"modified":"2008-01-17T20:02:25","modified_gmt":"2008-01-17T20:02:25","slug":"revues-marxistes-et-marxisme-revu","status":"publish","type":"post","link":"https:\/\/la-presse-anarchiste.net\/index.php\/2008\/01\/17\/revues-marxistes-et-marxisme-revu\/","title":{"rendered":"Revues marxistes et marxisme revu"},"content":{"rendered":"<div class=\"pdfprnt-buttons pdfprnt-buttons-post pdfprnt-top-right\"><a href=\"https:\/\/la-presse-anarchiste.net\/index.php\/wp-json\/wp\/v2\/posts\/1193?print=pdf\" class=\"pdfprnt-button pdfprnt-button-pdf\" target=\"_blank\"><img decoding=\"async\" src=\"https:\/\/la-presse-anarchiste.net\/wp-content\/plugins\/pdf-print\/images\/pdf.png\" alt=\"image_pdf\" title=\"Afficher le PDF\"><\/a><a href=\"https:\/\/la-presse-anarchiste.net\/index.php\/wp-json\/wp\/v2\/posts\/1193?print=print\" class=\"pdfprnt-button pdfprnt-button-print\" target=\"_blank\"><img decoding=\"async\" src=\"https:\/\/la-presse-anarchiste.net\/wp-content\/plugins\/pdf-print\/images\/print.png\" alt=\"image_print\" title=\"Contenu imprim\u00e9\"><\/a><\/div><p style=\"text-indent: 1.48cm; margin-bottom: 0cm;\" align=\"justify\">On<br>\naccuse sou\u00advent les liber\u00adtaires de \u00ab&nbsp;faire de l\u2019antimarxisme&nbsp;\u00bb<br>\n\u00e0 tout prix. Il est bien vrai que si nous devons \u00e9viter<br>\nde tom\u00adber dans l\u2019ex\u00adc\u00e8s, par une condam\u00adna\u00adtion syst\u00e9matique,<br>\nvoire qua\u00adsi \u2011m\u00e9ca\u00adnique. des posi\u00adtions, th\u00e8ses et \u00e9crits<br>\nmar\u00adxistes, nous sommes n\u00e9an\u00admoins dans l\u2019o\u00adbli\u00adga\u00adtion de souvent<br>\nmen\u00adtion\u00adner les tr\u00e8s nette diver\u00adgence entre th\u00e8ses<br>\nmar\u00adxistes et liber\u00adtaires. Ceci ne nous met que plus \u00e0 l\u2019aise<br>\npour pr\u00e9\u00adsen\u00adter la \u00ab&nbsp;revue des revues&nbsp;\u00bb qui suit.&nbsp;Il<br>\ns\u2019a\u00adgit de publi\u00adca\u00adtions mar\u00adxistes ou se r\u00e9cla\u00admant du marxisme,<br>\net nous avons pen\u00ads\u00e9 qu\u2019un tour d\u2019ho\u00adri\u00adzon de celles-ci pouvait<br>\navoir son uti\u00adli\u00adt\u00e9, ne serait-ce, que pour l\u2019\u00e9\u00adtude&nbsp;d\u2019une<br>\nlibre confron\u00adta\u00adtion de nos diver\u00adgences mutuelles\u2026<\/p>\n<p style=\"text-indent: 1.48cm; margin-bottom: 0cm;\" align=\"justify\">Le<br>\nsou\u00addain foi\u00adson\u00adne\u00adment de revues mar\u00adxistes ou pr\u00e9occup\u00e9es<br>\nde mar\u00adxisme, don\u00adne\u00adrait l\u2019im\u00adpres\u00adsion que le \u00ab&nbsp;d\u00e9gel&nbsp;\u00bb<br>\nse fait sen\u00adtir jus\u00adqu\u2019en France. Ce n\u2019est encore qu\u2019une illu\u00adsion et&nbsp;la<br>\nsplen\u00addide fa\u00e7ade de glace du P.C.F. reste intacte. Tout ce&nbsp;que<br>\nl\u2019on peut signa\u00adler de nou\u00adveau ou cri\u00adtique appa\u00adra\u00eet hors de&nbsp;lui.<br>\nEncore cela pro\u00advient-il d\u2019in\u00addi\u00advi\u00addua\u00adli\u00adt\u00e9s ou de courants<br>\ns\u00e9pa\u00adr\u00e9s depuis long\u00adtemps du Stalinisme.<\/p>\n<p style=\"text-indent: 1.48cm; margin-bottom: 0cm;\" align=\"justify\">Les<br>\ninnom\u00adbrables publi\u00adca\u00adtions diri\u00adg\u00e9es par le P.C (La Nouvelle<br>\nCri\u00adtique, Europe, D\u00e9mo\u00adcra\u00adtie Nou\u00advelle, \u00c9co\u00adno\u00admie&nbsp;et<br>\nPoli\u00adtique, La Pen\u00ads\u00e9e, Hori\u00adzons, Cahiers du Com\u00admu\u00adnisme, etc.,<br>\netc.) sont tou\u00adjours empreintes du m\u00eame confor\u00admisme stalinien.<br>\nSeuls, les Cahiers Inter\u00adna\u00adtio\u00adnaux ont-ils pous\u00ads\u00e9 l\u2019audace<br>\njus\u00adqu\u2019\u00e0 don\u00adner la parole dans un d\u00e9bat sur&nbsp;le<br>\ncapi\u00adta\u00adlisme contem\u00adpo\u00adrain \u00e0 des \u00e9co\u00adno\u00admistes comme&nbsp;le<br>\npolo\u00adnais Lange et dif\u00adf\u00e9\u00adrents tra\u00advaillistes, et bourgeois.<\/p>\n<p style=\"text-indent: 1.48cm; margin-bottom: 0cm;\" align=\"justify\">En<br>\nmarge du Par\u00adti et sans \u00ab&nbsp;l\u2019im\u00adpri\u00adma\u00adtur&nbsp;\u00bb offi\u00adcielle de<br>\ncelui-ci, vient de para\u00eetre Voies Nou\u00advelles (Pre\u00admier num\u00e9ro<br>\nAvril 58\u200a\u2014\u200a25 rue des Bou\u00adlan\u00adgers\u200a\u2014\u200aParis) o\u00f9 certains<br>\nintel\u00adlec\u00adtuels exclus du P.C.F. comme M.&nbsp;Lefebvre (auteur de&nbsp;la<br>\nr\u00e9cente bro\u00adchure cri\u00adti\u00adquant vive\u00adment le sta\u00adli\u00adnisme, \u00ab&nbsp;Probl\u00e8mes<br>\nactuels du Socia\u00adlisme&nbsp;\u00bb) F. Jour\u00addain, J.T. Desau\u00adti\u2026 essaient<br>\ntimi\u00adde\u00adment d\u2019ap\u00adpli\u00adquer de leur propre chef les direc\u00adtives du XX<sup>e<\/sup><br>\nCongr\u00e8s, au risque d\u2019ac\u00adc\u00e9\u00adl\u00e9\u00adrer leur exclusion.<br>\nCeux qui ont pris le large depuis l\u2019af\u00adfaire de Hon\u00adgrie (R. Vailland,<br>\nC. Roy, C. Mor\u00adgan, J.-F. Rol\u00adland\u2026) semblent se vouer \u00e0&nbsp;la<br>\nlit\u00adt\u00e9\u00adra\u00adture. Quant aux feuilles internes de militants<br>\noppo\u00adsi\u00adtion\u00adnels (\u00ab&nbsp;Tri\u00adbune de dis\u00adcus\u00adsion&nbsp;\u00bb\u200a\u2014\u200al\u2019\u00c9tincelle)<br>\nelles se sont sabor\u00add\u00e9es. Enfin les exclus de haute&nbsp;vol\u00e9e<br>\net de longue date comme Lec\u0153ur et Her\u00adv\u00e9 se sont regroup\u00e9s<br>\nautour de \u00ab&nbsp;La Nation Socia\u00adliste&nbsp;\u00bb organe du \u00ab&nbsp;Communisme<br>\nd\u00e9mo\u00adcra\u00adtique et natio\u00adnal&nbsp;\u00bb qui les m\u00e8ne droit&nbsp;\u00e0<br>\nla Sociale-d\u00e9mocratie.<\/p>\n<p style=\"text-indent: 1.48cm; margin-bottom: 0cm;\" align=\"justify\">Le<br>\npar\u00adti socia\u00adliste t\u00e9moigne d\u2019un vide encore plus total. Aucun<br>\npar\u00adti n\u2019est si pauvre en recherches th\u00e9o\u00adriques ou en pens\u00e9e<br>\npoli\u00adtique. Et comme le contact est rom\u00adpu depuis long\u00adtemps encore avec<br>\nles ques\u00adtions ouvri\u00e8res, il n\u2019y a stric\u00adte\u00adment rien&nbsp;\u00e0<br>\ngla\u00adner dans son domaine. En face de l\u2019of\u00adfi\u00adcielle \u00ab&nbsp;Revue<br>\nSocia\u00adliste&nbsp;\u00bb vient de se dres\u00adser le \u00ab&nbsp;Tri\u00adbune&nbsp;du<br>\nSocia\u00adlisme&nbsp;\u00bb, ras\u00adsem\u00adblant les anti-mol\u00adle\u00adtistes (Phi\u00adlipp\u2026) en<br>\natten\u00addant que ces der\u00adniers comme tous les soi-disant \u00ab&nbsp;gauche&nbsp;\u00bb<br>\nde la S.F.I.O. ne par\u00adviennent au pou\u00advoir, for\u00ad\u00e7ant la droite<br>\nactuelle \u00e0 se recons\u00adti\u00adtuer, \u00e0 son tour, en opposition<br>\nde gauche elle aus\u00adsi. \u00ab&nbsp;Cor\u00adres\u00adpon\u00addance Socialiste<br>\nInter\u00adna\u00adtio\u00adnale&nbsp;\u00bb de Mar\u00adceau Pivert elle-m\u00eame pouvait-elle<br>\nfaire encore illu\u00adsion sur l\u2019exis\u00adtence, dans le par\u00adti, d\u2019une tendance<br>\nvisant \u00e0 autre chose que le par\u00adtage des porte-feuilles<br>\nminist\u00e9riels&nbsp;?<\/p>\n<p style=\"text-indent: 1.48cm; margin-bottom: 0cm;\" align=\"justify\">Les<br>\n\u00ab&nbsp;Ques\u00adtions Actuelles du Socia\u00adlisme&nbsp;\u00bb (bimes\u00adtriel) publi\u00e9es<br>\npar l\u2019A\u00adgence You\u00adgo\u00adslave d\u2019in\u00adfor\u00adma\u00adtion tra\u00adduisent le point de&nbsp;vue<br>\ntitiste depuis le schisme.<\/p>\n<p style=\"text-indent: 1.48cm; margin-bottom: 0cm;\" align=\"justify\">Une<br>\nplus grande vari\u00e9\u00adt\u00e9 de posi\u00adtions est offerte<br>\ndu\ttrots\u00adkiste par l\u2019\u00e9\u00adcla\u00adte\u00adment en 4 groupes&nbsp;: le plus faible&nbsp;;<br>\nle groupe Michele Mestre avec \u00ab&nbsp;Le Com\u00admu\u00adniste&nbsp;\u00bb (42&nbsp;rue<br>\nRen\u00e9 Bou\u00adlan\u00adger \u2013 Paris) s\u2019in\u00adti\u00adtu\u00adlant l\u2019or\u00adgane d\u2019une Opposition<br>\nR\u00e9vo\u00adlu\u00adtion\u00adnaire du P.C.F. fait une apo\u00adlo\u00adgie d\u00e9lirante<br>\ndu Kroucht\u00adche\u00advisme.. Deux autres groupes se r\u00e9clament de<br>\nl\u2019ap\u00adpel\u00adla\u00adtion \u00ab&nbsp;Par\u00adti Com\u00admu\u00adniste Inter\u00adna\u00adtio\u00adna\u00adliste&nbsp;\u00bb et&nbsp;de<br>\nla IV<sup>e<\/sup> Inter\u00adr\u00adna\u00adtio\u00adna\u00adlele groupe FRANK, avec le journal<br>\nbimen\u00adsuel \u00ab&nbsp;La V\u00e9ri\u00adt\u00e9 des Tra\u00advailleurs&nbsp;\u00bb&nbsp;et<br>\nla revue bimes\u00adtrielle \u00ab&nbsp;IV<sup>e<\/sup> Internationale&nbsp;\u00bb<br>\n(64, rue de Riche\u00adlieu\u200a\u2014\u200aParis), s\u2019est d\u00e9cla\u00adr\u00e9&nbsp;aussi<br>\npar\u00adti\u00adsan de l\u2019\u00abentrisme&nbsp;\u00bb dans le P.C.F. Les analyses<br>\nsociales sou\u00advent minu\u00adtieuses et les cri\u00adtiques per\u00adti\u00adnentes du<br>\nsta\u00adli\u00adnisme concluent tou\u00adjours par la d\u00e9fense de l\u2019U.R.S.S. \u2014<br>\nLe groupe Lam\u00adbert avec l\u2019heb\u00addo\u00adma\u00addaire \u00ab&nbsp;La V\u00e9rit\u00e9&nbsp;\u00bb<br>\ns\u2019est pro\u00adnon\u00adc\u00e9 pour un sou\u00adtien du Mou\u00adve\u00adment Natio\u00adnal Alg\u00e9rien.<br>\nIl col\u00adla\u00adbore (de plus en plus \u00e9troi\u00adte\u00adment, cela est visible)<br>\nau jour\u00adnal \u00ab&nbsp;La Com\u00admune&nbsp;\u00bb tri\u00adbune du Comi\u00adt\u00e9&nbsp;de<br>\nLiai\u00adson et d\u2019Ac\u00adtion pour la d\u00e9mo\u00adcra\u00adtie ouvri\u00e8re<br>\n(C.L.A.D.O.) o\u00f9 se retrouvent par ailleurs, des hommes<br>\nd\u2019autres cou\u00adrants socia\u00adlistes et ouvriers comme l\u2019a\u00adnar\u00adchiste H\u00e9bert<br>\n(182, quai L. Bl\u00e9\u00adriot, Paris 16<sup>e<\/sup>, pre\u00admier num\u00e9ro<br>\nparu fin&nbsp;1956).<\/p>\n<p style=\"text-indent: 1.48cm; margin-bottom: 0cm;\" align=\"justify\">Le<br>\ngroupe trots\u00adkiste Favre-Bleib\u00adtreu \u00e9tant entr\u00e9&nbsp;\u00e0<br>\nla Nou\u00advelle Gauche a donc par\u00adti\u00adci\u00adp\u00e9 \u00e0 la fon\u00adda\u00adtion de l\u2019U.G.S., sans avoir obte\u00adnu le droit de ten\u00addance dans ce nouveau<br>\npar\u00adti, il publie la revue \u00ab&nbsp;Tri\u00adbune du Marxisme&nbsp;\u00bb<br>\n(bimes\u00adtriel, 150 rue de l\u2019U\u00adni\u00adver\u00adsi\u00adt\u00e9, Paris). Diff\u00e9rents<br>\nautres mar\u00adxistes de l\u2019U.G.S. y participent.<\/p>\n<p style=\"text-indent: 1.48cm; margin-bottom: 0cm;\" align=\"justify\">L\u2019ex\u00adpres\u00adsion<br>\noffi\u00adcielle de l\u2019U.G.S. \u00e9tant \u00ab&nbsp;La Tri\u00adbune du Peuple&nbsp;\u00bb<br>\net la revue bimes\u00adtrielle \u00ab&nbsp;Pers\u00adpec\u00adtives socia\u00adlistes&nbsp;\u00bb (1<sup>er<\/sup><br>\nnum\u00e9\u00adro paru en 1958), ce par\u00adti a re\u00e7u de nombreux<br>\nmarxistes.<\/p>\n<p style=\"text-indent: 1.48cm; margin-bottom: 0cm;\" align=\"justify\">Pour<br>\nla plu\u00adpart ex-trots\u00adkistes (Crai\u00adpeau, Mar\u00adti\u00adnet, Deche\u00adzelle, Stibbe,<br>\nNaville, D. Gu\u00e9\u00adrin, Colette Audry, etc.) s\u2019ex\u00adpri\u00admant&nbsp;d\u00e9j\u00e0<br>\ndans de nom\u00adbreuses autres revues, soit net\u00adte\u00adment mar\u00adxi\u00adsantes, soit<br>\ng\u00e9n\u00e9\u00adrales et lit\u00adt\u00e9\u00adraires, aux&nbsp;c\u00f4t\u00e9s<br>\nd\u2019hommes, qui, avec eux, depuis des ann\u00e9es ont essay\u00e9<br>\ncha\u00adcun dans son domaine, de faire du mar\u00adxisme autre chose qu\u2019une<br>\nsco\u00adlas\u00adtique morte (J. Duvi\u00adgnaud, R. Barthes, Yh. Mun\u00adzer, L. Goldmann,<br>\netc.)<\/p>\n<p style=\"text-indent: 1.48cm; margin-bottom: 0cm;\" align=\"justify\">Au<br>\npre\u00admier type de revue, appar\u00adtiennent, outre Tri\u00adbune Marxiste&nbsp;:<\/p>\n<p style=\"text-indent: 1.48cm; margin-bottom: 0cm;\" align=\"justify\">\u2014<br>\nArgu\u00adments (bimes\u00adtriel 1<sup>er<\/sup> num\u00e9\u00adro jan\u00advier&nbsp;1957,<br>\n\u00c9di\u00adtions de minuit, 7 rue B. Palis\u00adsy) qui a instaur\u00e9<br>\nune sorte de dis\u00adcus\u00adsion entre ses r\u00e9dac\u00adteurs, se por\u00adtant&nbsp;la<br>\ncontra\u00addic\u00adtion dans le m\u00eame num\u00e9ro.<\/p>\n<p style=\"text-indent: 1.48cm; margin-bottom: 0cm;\" align=\"justify\">\u2014<br>\nCercle ouvert (Men\u00adsuel, 1<sup>er<\/sup> num\u00e9\u00adro fin 1956,&nbsp;5,<br>\nAve\u00adnue du Pr\u00e9\u00adsident Wil\u00adson, direc\u00adteur J. Nan\u00adtet de l\u2019U.G.S. en<br>\npro\u00adve\u00adnance. de la Jeune R\u00e9pu\u00adblique) chaque num\u00e9ro<br>\nest un simple compte-ren\u00addu d\u2019une conf\u00e9\u00adrence-d\u00e9bat sur<br>\nun sujet&nbsp;donn\u00e9.<\/p>\n<p style=\"text-indent: 1.48cm; margin-bottom: 0cm;\" align=\"justify\">\u2014<br>\nLa Nou\u00advelle R\u00e9forme (bimes\u00adtriel, 1<sup>er<\/sup> num\u00e9ro<br>\nd\u00e9cembre 1957, 3, rue du Temple) sous la direc\u00adtion&nbsp;de<br>\nl\u2019ex\u2011P.C.F. Her\u00adv\u00e9 et du S.F.I.O. J. Rous, veut incar\u00adner&nbsp;la<br>\nm\u00eame atti\u00adtude vis-\u00e0-vis des appa\u00adreils mar\u00adxistes que<br>\nLuther et sa r\u00e9forme devant l\u2019\u00e9glise.<\/p>\n<p style=\"text-indent: 1.48cm; margin-bottom: 0cm;\" align=\"justify\">Au<br>\ndeuxi\u00e8me type, appar\u00adtiennent les deux pro\u00adduc\u00adtions de&nbsp;chez<br>\nJulliard&nbsp;:&nbsp;<\/p>\n<p style=\"text-indent: 1.48cm; margin-bottom: 0cm;\" align=\"justify\">\u2014<br>\nLes Temps Modernes (J.P. Sartre) et Les Lettres Nou\u00advelles (M.&nbsp;Nadeau)<br>\net quelques rares publi\u00adca\u00adtions se m\u00ealant des affaires de&nbsp;la<br>\ngauche comme&nbsp;:<\/p>\n<p style=\"text-indent: 1.48cm; margin-bottom: 0cm;\" align=\"justify\">\u2014<br>\nLa Cigu\u00eb (Bimen\u00adsuel, 1<sup>er<\/sup> num\u00e9\u00adro en 1958)&nbsp;Les<br>\ntraits com\u00admuns de ces ten\u00adta\u00adtives sont une volon\u00adt\u00e9&nbsp;de<br>\nr\u00e9exa\u00admi\u00adner le mar\u00adxisme, un par\u00adti pris de liber\u00adt\u00e9&nbsp;dans<br>\nla dis\u00adcus\u00adsion et de com\u00admu\u00adni\u00adca\u00adtion avec les \u00ab&nbsp;d\u00e9gels&nbsp;\u00bb<br>\n\u00e9tran\u00adgers (Pologne, Hon\u00adgrie, Ita\u00adlie,&nbsp;etc.)<\/p>\n<p style=\"text-indent: 1.48cm; margin-bottom: 0cm;\" align=\"justify\">Notons<br>\nqu\u2019au\u00adcune ne semble aller aus\u00adsi loin dans la cri\u00adtique que la&nbsp;revue<br>\ndont nous avons d\u00e9j\u00e0&nbsp;parl\u00e9&nbsp;:<\/p>\n<p style=\"text-indent: 1.48cm; margin-bottom: 0cm;\" align=\"justify\">\u2014<br>\nSocia\u00adlisme ou bar\u00adba\u00adrie (tri\u00admes\u00adtriel, 42 rue Bou\u00adlan\u00adger), organe depuis<br>\n1949, d\u2019un groupe issu du trots\u00adkisme. Ses conclu\u00adsions se rapprochent<br>\ndepuis long\u00adtemps de celles de l\u2019a\u00adnar\u00adchisme (hos\u00adti\u00adli\u00adt\u00e9&nbsp;au<br>\npar\u00adle\u00admen\u00adta\u00adrisme, aux par\u00adtis et \u00c9tats dits ouvriers,<br>\npr\u00e9\u00adco\u00adni\u00adsa\u00adtion des conseils de tra\u00advailleurs, de l\u2019\u00e9galisation<br>\nde salaires, de le ges\u00adtion ouvri\u00e8re et du res\u00adpect de&nbsp;la<br>\nplu\u00adra\u00adli\u00adt\u00e9 des ten\u00addances au cours de la R\u00e9vo\u00adlu\u00adtion). Ces<br>\nprises de posi\u00adtion semblent avoir pas\u00adsa\u00adble\u00adment effray\u00e9 le<br>\nreste du petit monde mar\u00adxiste, et un com\u00adplet silence s\u2019y&nbsp;est<br>\nlong\u00adtemps obser\u00adv\u00e9 autour de Socia\u00adlisme ou Bar\u00adba\u00adrie. Arguments<br>\n(n\u00b04), le pre\u00admier a ten\u00adt\u00e9 une confron\u00adta\u00adtion qui a mis&nbsp;en<br>\nvaleur un tech\u00adno\u00adbu\u00adreau\u00adcra\u00adtisme latent de la plu\u00adpart des autres<br>\nmar\u00adxistes ind\u00e9pendants.<\/p>\n<p style=\"text-indent: 1.48cm; margin-bottom: 0cm;\" align=\"justify\">Ici<br>\nil fau\u00addrait faire une place sp\u00e9\u00adciale \u00e0 Daniel Gu\u00e9rin,<br>\nl\u2019au\u00adteur de livres deve\u00adnus presque clas\u00adsiques&nbsp;: Fas\u00adcisme et&nbsp;Grand<br>\nCapi\u00adtal, Lutte, de classe sous la 1<sup>\u00e8re<\/sup> R\u00e9publique,<br>\nO\u00f9 va le peuple Am\u00e9\u00adri\u00adcain, Au ser\u00advice des colonis\u00e9s.<br>\nD. Gu\u00e9\u00adrin (qui a adh\u00e9\u00adr\u00e9 \u00e0 l\u2019U.G.S.) non<br>\nseule\u00adment tout en se r\u00e9clament du mar\u00adxisme, prend&nbsp;des<br>\nposi\u00adtions de fait liber\u00adtaires, mais exprime ouver\u00adte\u00adment et en pleine<br>\nconnais\u00adsance de cause la n\u00e9ces\u00adsi\u00adt\u00e9 de tenir compte de<br>\nl\u2019ap\u00adport de l\u2019a\u00adnar\u00adchisme au mou\u00adve\u00adment ouvrier. Dans un article des<br>\nTemps Modernes (avril 57) \u00ab&nbsp;Le R\u00e9vo\u00adlu\u00adtion d\u00e9jacobinis\u00e9e&nbsp;\u00bb<br>\nGu\u00e9\u00adrin met en lumi\u00e8re les deux cou\u00adrants&nbsp;: auto\u00adri\u00adtaire&nbsp;et<br>\nliber\u00adtaire qui s\u2019op\u00adposent depuis 1 si\u00e8cle et demi&nbsp;de<br>\nr\u00e9vo\u00adlu\u00adtions. Rap\u00adpe\u00adlant l\u2019en\u00adra\u00adg\u00e9 Var\u00adlet (1794) \u00ab&nbsp;Pour<br>\ntout \u00eatre  qui rai\u00adsonne, gou\u00adver\u00adne\u00adment et r\u00e9vo\u00adlu\u00adtion&nbsp;sont<br>\nincom\u00adpa\u00adtibles&nbsp;\u00bb\u200a\u2014\u200aBabeuf \u00ab&nbsp;Les gou\u00adver\u00adnants ne font&nbsp;des<br>\nr\u00e9vo\u00adlu\u00adtions que pour tou\u00adjours gou\u00adver\u00adner&nbsp;\u00bb et son disciple<br>\nBuo\u00adna\u00adrot\u00adti, il en appelle \u00e0 Prou\u00addhon et Bakou\u00adnine. Inutile de<br>\ndire que la revue de J.P. Sartre ne pr\u00e9\u00adsente cet article<br>\nqu\u2019a\u00advec des pincettes.<\/p>\n<p style=\"text-indent: 1.48cm; margin-bottom: 0cm;\" align=\"justify\">Dans<br>\nArgu\u00adments de d\u00e9cembre 1957, D. Gu\u00e9\u00adrin s\u2019en prend&nbsp;au<br>\nRobes\u00adpier\u00adrisme des mar\u00adxistes actuels auquel il oppose encore la<br>\ntra\u00addi\u00adtion liber\u00adtaire. Ce \u00e0 quoi on lui r\u00e9pond en<br>\ninvo\u00adquant des exi\u00adgences de la dic\u00adta\u00adture. En conclu\u00adsion du&nbsp;d\u00e9bat,<br>\nses adver\u00adsaires (E. Morin) d\u00e9cou\u00advrant \u00ab&nbsp;la d\u00e9formation<br>\ndu pou\u00advoir, le com\u00adplexe obsi\u00addio\u00adnal, le com\u00adplexe poli\u00adcier\u2026\u00bb il<br>\nreprend et ampli\u00adfie ce d\u00e9bat sur \u00ab&nbsp;notre&nbsp;m\u00e8re&nbsp;\u00bb<br>\nla R\u00e9vo\u00adlu\u00adtion Fran\u00ad\u00e7aise, dans le n\u00b0 2 de&nbsp;la<br>\nNou\u00advelle R\u00e9forme.<\/p>\n<p style=\"text-indent: 1.48cm; margin-bottom: 0cm;\" align=\"justify\">Dans<br>\nle num\u00e9\u00adro sui\u00advant d\u2019Ar\u00adgu\u00adments, D. Gu\u00e9\u00adrin ren\u00addant compte<br>\ndes livres de Coli\u00adnet (du Bol\u00adche\u00advisme) et Dji\u00adlas (La nou\u00advelle classe)<br>\nregrette que ces auteurs ne citent pas l\u2019a\u00adnar\u00adchiste Voline (La<br>\nR\u00e9vo\u00adlu\u00adtion Incon\u00adnue) et \u00ab&nbsp;les fortes pages (150\u200a\u2013\u200a207)<br>\nqu\u2019il a consa\u00adcr\u00e9es, bien avant eux, \u00e0 la pr\u00e9tention<br>\ndes bol\u00adche\u00adviks \u00e0 l\u2019infaillibilit\u00e9&nbsp;\u00bb.<\/p>\n<p style=\"text-indent: 1.48cm; margin-bottom: 0cm;\" align=\"justify\">Dans<br>\nTri\u00adbune Mar\u00adxiste (f\u00e9vrier 1958) D. Gu\u00e9\u00adrin s\u2019appuyant<br>\nd\u2019embl\u00e9e sur Voline pr\u00f4ne la r\u00e9vo\u00adlu\u00adtion par&nbsp;en<br>\nbas, \u00e9tu\u00addie le pro\u00adbl\u00e8me du pou\u00advoir \u00e0 la lumi\u00e8re<br>\nde Prod\u00adhon et Bakou\u00adnine. Pour lui, et sou\u00adli\u00adgn\u00e9 par lui&nbsp;: \u00ab&nbsp;les<br>\nensei\u00adgne\u00adments des 40 der\u00adni\u00e8res ann\u00e9es nous d\u00e9montrent<br>\nde fa\u00e7on aus\u00adsi \u00e9cla\u00adtante que dra\u00adma\u00adtique que malgr\u00e9<br>\nbien des concep\u00adtions qui appa\u00adraissent aujourd\u2019\u00adhui d\u00e9su\u00e8tes<br>\net d\u00e9men\u00adties par l\u2019ex\u00adp\u00e9\u00adrience (par exemple leur<br>\n<u>apo\u00adli\u00adtisme<\/u>) <u>les liber\u00adtaires sur l\u2019ES\u00adSEN\u00adTIEL avaient raison<br>\ncontre les auto\u00adri\u00adtaires<\/u>. Les seconds ont d\u00e9vers\u00e9s<br>\ndes flots d\u2019in\u00adjures sur les pre\u00admiers, trai\u00adtant leur pro\u00adgramme de<br>\n\u00ab&nbsp;ramas\u00adsis d\u2019i\u00add\u00e9es d\u2019outre-tombe&nbsp;\u00bb, d\u2019utopies<br>\nr\u00e9ac\u00adtion\u00adnaires, p\u00e9ri\u00adm\u00e9es, d\u00e9cadentes..<br>\nMais il s\u2019a\u00adv\u00e8re aujourd\u2019\u00adhui comme le sou\u00adligne avec&nbsp;force<br>\nVoline (page 218\u200a\u2013\u200a229) que c\u2019est l\u2019i\u00add\u00e9e auto\u00adri\u00adtaire qui,&nbsp;loin<br>\nd\u2019ap\u00adpar\u00adte\u00adnir \u00e0 l\u2019a\u00adve\u00adnir n\u2019est autre qu\u2019une sequelle du&nbsp;vieux<br>\nmonde bour\u00adgeois, us\u00e9, mori\u00adbond et que s\u2019il est une <u>uto\u00adpie<\/u><br>\nc\u2019est bien celle du soi-disant \u00ab&nbsp;com\u00admu\u00adnisme d\u2019\u00c9tat&nbsp;\u00bb.<br>\nPlus loin Gu\u00e9\u00adrin remarque \u00ab&nbsp;la ten\u00adta\u00adtive de synth\u00e8se<br>\ndu socia\u00adliste belge C\u00e9sar de Paepe, aujourd\u2019\u00adhui trop oubli\u00e9e,<br>\nentre l\u2019a\u00adnar\u00adchisme et l\u2019\u00e9\u00adta\u00adtisme m\u00e9ri\u00adte\u00adrait d\u2019\u00eatre<br>\nexhum\u00e9e.&nbsp;\u00bb<\/p>\n<p style=\"text-indent: 1.48cm; margin-bottom: 0cm;\" align=\"justify\">Le<br>\nmoins que l\u2019on puisse dire est que l\u2019on n\u2019\u00e9\u00adtait pas habitu\u00e9<br>\n\u00e0 des pro\u00adc\u00e9\u00add\u00e9s aus\u00adsi cour\u00adtois de la part&nbsp;d\u2019un<br>\nmar\u00adxiste. Cette atti\u00adtude iso\u00adl\u00e9e n\u2019\u00e9\u00adtait pour\u00adtant&nbsp;pas<br>\ninat\u00adten\u00addue de la part d\u2019un homme qui n\u2019a\u00advait pas h\u00e9sit\u00e9<br>\n\u00e0 citer Kro\u00adpot\u00adkine en t\u00eate de son ouvrage sur&nbsp;la<br>\nR\u00e9vo\u00adlu\u00adtion Fran\u00ad\u00e7aise. De la part d\u2019un homme&nbsp;qui<br>\ns\u2019\u00e9\u00adtait, de m\u00eame que le groupe Socia\u00adlisme ou Barbarie,<br>\nretrou\u00adv\u00e9 aux c\u00f4t\u00e9s de la F.C.L. en des moments ou<br>\ncelle-ci ten\u00adtait une exp\u00e9\u00adrience hasar\u00addeuse certes, mais&nbsp;qui<br>\npou\u00advait para\u00eetre <u>aux yeux de  l\u2019ex\u00adt\u00e9\u00adrieur<\/u> la<br>\nconti\u00adnua\u00adtion d\u2019une poli\u00adtique libertaire.<\/p>\n<p style=\"text-indent: 1.48cm; margin-bottom: 0cm;\" align=\"justify\">Autour<br>\ndu mar\u00adxisme se situent aussi&nbsp;:<\/p>\n<p style=\"text-indent: 1.48cm; margin-bottom: 0cm;\" align=\"justify\">\u2014<br>\nActua\u00adli\u00adt\u00e9 de l\u2019His\u00adtoire, bul\u00adle\u00adtin tri\u00admes\u00adtriel d\u2019un institut<br>\nFran\u00ad\u00e7ais d\u2019His\u00adtoire Sociale cr\u00e9\u00e9 vers 1950,&nbsp;dont<br>\nle direc\u00adteur est J. Mai\u00adtron (117 bis rue A. Syl\u00advestre, Courbevoie,<br>\nSeine). L\u2019au\u00adteur de la tr\u00e8s solide \u00ab&nbsp;His\u00adtoire&nbsp;du<br>\nMou\u00adve\u00adment Anar\u00adchiste en France&nbsp;\u00bb. De s\u00e9rieuses \u00e9tudes<br>\nsur les dif\u00adf\u00e9\u00adrents cou\u00adrants ouvriers ont d\u00e9j\u00e0 paru.&nbsp;La<br>\npr\u00e9\u00adsence par\u00admi la direc\u00adtion de cet orga\u00adnisme d\u2019historiens<br>\nbour\u00adgeois, sociaux d\u00e9mo\u00adcrates ou sta\u00adli\u00adniens du type le&nbsp;plus<br>\n\u00e9troit (comme le pro\u00adfes\u00adseur Ter\u00adsen) \u00e9veilleraient<br>\nseules cer\u00adtaines r\u00e9serves.<\/p>\n<p style=\"text-indent: 1.48cm; margin-bottom: 0cm;\" align=\"justify\">Le<br>\nContrat Social (bimes\u00adtriel, 1<sup>er<\/sup> num\u00e9\u00adro en&nbsp;Mars<br>\n1957, 165 rue de l\u2019U\u00adni\u00adver\u00adsi\u00adt\u00e9) est l\u2019or\u00adgane d\u2019un&nbsp;autre<br>\nIns\u00adti\u00adtut d\u2019His\u00adtoire Sociale diri\u00adg\u00e9 par B. Sou\u00adva\u00adrine. Ici&nbsp;se<br>\nren\u00adcontrent d\u2019autres his\u00adto\u00adriens bour\u00adgeois avec d\u2019ex-communistes<br>\npro\u00adfes\u00adsion\u00adnels deve\u00adnus pro\u00adfes\u00adsion\u00adnels de l\u2019an\u00adti-com\u00admu\u00adnisme. Orient\u00e9<br>\nsur et contre le Com\u00admu\u00adnisme c\u2019est une tri\u00adbune d\u2019une mar\u00adxo\u00adlo\u00adgie&nbsp;\u00e0<br>\nl\u2019a\u00adm\u00e9\u00adri\u00adcaine ou affluent les articles de provenance<br>\nAngle-Saxonne. \u00c0 noter un ton veni\u00admeux \u00e0 l\u2019\u00e9gard<br>\ndes anar\u00adchistes et la vieille expli\u00adca\u00adtion selon laquelle le<br>\nbol\u00adche\u00advisme tra\u00adhi Marx parce que L\u00e9nine \u00e9tait&nbsp;en<br>\nr\u00e9a\u00adli\u00adt\u00e9 un dis\u00adciple de Bakou\u00adnine et Netchai\u00ebv<br>\n(l\u2019un n\u2019\u00e9\u00adtant rien sans l\u2019autre).<\/p>\n<p style=\"text-indent: 1.48cm; margin-bottom: 0cm;\" align=\"justify\"><strong><em>\u2014<br>\nO&nbsp;\u2014<\/em><\/strong><\/p>\n<p style=\"text-indent: 1.48cm; margin-bottom: 0cm;\" align=\"justify\">Enfin,<br>\ncitons pour ter\u00admi\u00adner La R\u00e9vo\u00adlu\u00adtion Prol\u00e9tarienne<br>\n(men\u00adsuel, 14, rue de Tra\u00adcy) o\u00f9 depuis des ann\u00e9es nos<br>\ncama\u00adrades syn\u00addi\u00adca\u00adlistes r\u00e9vo\u00adlu\u00adtion\u00adnaires actua\u00adlisent leurs<br>\npositions.<\/p>\n<p style=\"text-indent: 1.48cm; margin-bottom: 0cm;\" align=\"justify\">Roland<\/p>\n","protected":false},"excerpt":{"rendered":"<p>On accuse sou\u00advent les liber\u00adtaires de \u00ab&nbsp;faire de l\u2019antimarxisme&nbsp;\u00bb \u00e0 tout prix. Il est bien vrai que si nous devons \u00e9vi\u00adter de tom\u00adber dans l\u2019ex\u00adc\u00e8s, par une condam\u00adna\u00adtion sys\u00adt\u00e9\u00adma\u00adtique, voire qua\u00adsi \u2011m\u00e9ca\u00adnique. des posi\u00adtions, th\u00e8ses et \u00e9crits mar\u00adxistes, nous sommes n\u00e9an\u00admoins dans l\u2019o\u00adbli\u00adga\u00adtion de sou\u00advent men\u00adtion\u00adner les tr\u00e8s nette diver\u00adgence entre th\u00e8ses mar\u00adxistes et libertaires.&nbsp;[\u2026]<\/p>\n","protected":false},"author":1,"featured_media":0,"comment_status":"closed","ping_status":"closed","sticky":false,"template":"","format":"standard","meta":{"wp_typography_post_enhancements_disabled":false,"footnotes":""},"categories":[136],"tags":[],"ppma_author":[540],"class_list":["post-1193","post","type-post","status-publish","format-standard","hentry","category-noir-rouge-na10-printemps-1958"],"authors":[{"term_id":540,"user_id":1,"is_guest":0,"slug":"admin_3gikpwyf","display_name":"Vincent Dubuc","avatar_url":"https:\/\/secure.gravatar.com\/avatar\/d015720652c25fd2ced191ade86430094e1f288a17483713e3b34d26dea52507?s=96&d=mm&r=g","author_category":"","user_url":"https:\/\/la-presse-anarchiste.net","last_name":"Dubuc","first_name":"Vincent","job_title":"","description":""}],"_links":{"self":[{"href":"https:\/\/la-presse-anarchiste.net\/index.php\/wp-json\/wp\/v2\/posts\/1193","targetHints":{"allow":["GET"]}}],"collection":[{"href":"https:\/\/la-presse-anarchiste.net\/index.php\/wp-json\/wp\/v2\/posts"}],"about":[{"href":"https:\/\/la-presse-anarchiste.net\/index.php\/wp-json\/wp\/v2\/types\/post"}],"author":[{"embeddable":true,"href":"https:\/\/la-presse-anarchiste.net\/index.php\/wp-json\/wp\/v2\/users\/1"}],"replies":[{"embeddable":true,"href":"https:\/\/la-presse-anarchiste.net\/index.php\/wp-json\/wp\/v2\/comments?post=1193"}],"version-history":[{"count":0,"href":"https:\/\/la-presse-anarchiste.net\/index.php\/wp-json\/wp\/v2\/posts\/1193\/revisions"}],"wp:attachment":[{"href":"https:\/\/la-presse-anarchiste.net\/index.php\/wp-json\/wp\/v2\/media?parent=1193"}],"wp:term":[{"taxonomy":"category","embeddable":true,"href":"https:\/\/la-presse-anarchiste.net\/index.php\/wp-json\/wp\/v2\/categories?post=1193"},{"taxonomy":"post_tag","embeddable":true,"href":"https:\/\/la-presse-anarchiste.net\/index.php\/wp-json\/wp\/v2\/tags?post=1193"},{"taxonomy":"author","embeddable":true,"href":"https:\/\/la-presse-anarchiste.net\/index.php\/wp-json\/wp\/v2\/ppma_author?post=1193"}],"curies":[{"name":"wp","href":"https:\/\/api.w.org\/{rel}","templated":true}]}}