{"id":1195,"date":"2008-01-18T17:01:23","date_gmt":"2008-01-18T17:01:23","guid":{"rendered":"https:\/\/la-presse-anarchiste.net\/index.php\/2008\/01\/18\/le-demon-de-lanalogie\/"},"modified":"2008-01-18T17:01:23","modified_gmt":"2008-01-18T17:01:23","slug":"le-demon-de-lanalogie","status":"publish","type":"post","link":"https:\/\/la-presse-anarchiste.net\/index.php\/2008\/01\/18\/le-demon-de-lanalogie\/","title":{"rendered":"Le d\u00e9mon de l\u2019analogie"},"content":{"rendered":"<div class=\"pdfprnt-buttons pdfprnt-buttons-post pdfprnt-top-right\"><a href=\"https:\/\/la-presse-anarchiste.net\/index.php\/wp-json\/wp\/v2\/posts\/1195?print=pdf\" class=\"pdfprnt-button pdfprnt-button-pdf\" target=\"_blank\"><img decoding=\"async\" src=\"https:\/\/la-presse-anarchiste.net\/wp-content\/plugins\/pdf-print\/images\/pdf.png\" alt=\"image_pdf\" title=\"Afficher le PDF\"><\/a><a href=\"https:\/\/la-presse-anarchiste.net\/index.php\/wp-json\/wp\/v2\/posts\/1195?print=print\" class=\"pdfprnt-button pdfprnt-button-print\" target=\"_blank\"><img decoding=\"async\" src=\"https:\/\/la-presse-anarchiste.net\/wp-content\/plugins\/pdf-print\/images\/print.png\" alt=\"image_print\" title=\"Contenu imprim\u00e9\"><\/a><\/div><p style=\"text-indent: 1.52cm; margin-bottom: 0cm;\" align=\"justify\"><font face=\"Garamond, serif\"><font style=\"font-size: 13pt;\" size=\"3\"><span lang=\"fr-FR\">Apr\u00e8s<br>\nl\u2019indispensable temps de r\u00e9flexion qu\u2019imposaient \u00e0<br>\nla fois une situa\u00adtion chaque jour plus confuse et la sp\u00e9cieuse<br>\nclar\u00adt\u00e9 de nos pre\u00admi\u00e8res r\u00e9ac\u00adtions de d\u00e9fense,<br>\nmoins faites, \u00e0 y regar\u00adder hon\u00adn\u00ea\u00adte\u00adment, de juge\u00adments&nbsp;que<br>\nde pr\u00e9\u00adju\u00adg\u00e9s, la crise de r\u00e9gime d\u00e9clench\u00e9e<br>\nen France par les \u00e9v\u00e9\u00adne\u00adments alg\u00e9\u00adriens du 13&nbsp;mai<br>\nnous com\u00admande d\u2019exprimer enfin les sen\u00adti\u00adments et les pens\u00e9es<br>\nqui, faute d\u2019une ligne de conduite d\u00e9j\u00e0 nettement<br>\ntra\u00ad\u00e7able, nous paraissent, au moins pro\u00advi\u00adsoi\u00adre\u00adment, s\u2019accorder<br>\nau mieux \u00e0 la cause de ces valeurs de liber\u00adt\u00e9 dont&nbsp;le<br>\nseul sou\u00adci l\u00e9gi\u00adti\u00adma la cr\u00e9a\u00adtion de cette revue, tout<br>\ncomme il conti\u00adnue, bien \u00e9vi\u00addem\u00adment inchan\u00adg\u00e9,&nbsp;\u00e0<br>\ndevoir ins\u00adpi\u00adrer l\u2019ambitieuse pour\u00adsuite de son modeste effort.<\/span><\/font><\/font><\/p>\n<p style=\"text-indent: 1.52cm; margin-bottom: 0cm;\" align=\"justify\"><font face=\"Garamond, serif\"><font style=\"font-size: 13pt;\" size=\"3\"><span lang=\"fr-FR\">Et<br>\nd\u2019ailleurs, de si peu de poids que nous puis\u00adsions nous flatter<br>\nd\u2019\u00eatre sur les des\u00adti\u00adn\u00e9es du monde, nous d\u00e9finir<br>\nest aujourd\u2019hui un double devoir. Devoir de simple honn\u00eatet\u00e9<br>\nvis-\u00e0-vis de nos amis et lec\u00adteurs, qui ont assur\u00e9ment<br>\nle droit moral de savoir o\u00f9 nous en sommes. Devoir, aussi,<br>\nd\u2019essayer de contri\u00adbuer, dans la mesure de nos faibles lumi\u00e8res,<br>\n\u00e0 l\u2019urgente prise de conscience qu\u2019exige, en&nbsp;m\u00eame<br>\ntemps qu\u2019elle la rend si dif\u00adfi\u00adcile, l\u2019actuelle pr\u00e9cipitation<br>\nde l\u2019histoire.<\/span><\/font><\/font><\/p>\n<p style=\"text-indent: 1.52cm; margin-bottom: 0cm;\" align=\"justify\"><font face=\"Garamond, serif\"><font style=\"font-size: 13pt;\" size=\"3\"><span lang=\"fr-FR\">D\u00e8s<br>\nles pre\u00admi\u00e8res nou\u00advelles de ce qui venait de se pas\u00adser&nbsp;\u00e0<br>\nAlger, il parut \u00e9vident que l\u2019on avait affaire \u00e0&nbsp;un<br>\nsou\u00adl\u00e8\u00adve\u00adment ayant, de par la par\u00adti\u00adci\u00adpa\u00adtion des ultras, tout&nbsp;du<br>\nputsch fas\u00adciste et en outre, par l\u2019appui que leur apportait<br>\nl\u2019arm\u00e9e, le carac\u00adt\u00e8re d\u2019un pronunciamiento<br>\n\u00e9tran\u00adge\u00adment sem\u00adblable \u00e0 ce qui fut le point de d\u00e9part,<br>\n\u00e9ga\u00adle\u00adment en terre afri\u00adcaine, de l\u2019entreprise franquiste.<br>\nM\u00eame l\u2019appel au g\u00e9n\u00e9\u00adral de Gaulle, dont<br>\nl\u2019accession au pou\u00advoir \u00e9tait r\u00e9cla\u00adm\u00e9e&nbsp;\u00e0<br>\ncor et \u00e0 cri par les fac\u00adtieux, sem\u00adblait d\u2019autant mieux<br>\nconfir\u00admer la nature tota\u00adli\u00adtaire du coup de force que les auteurs de<br>\ncelui-ci, en d\u00e9pit ou \u00e0 cause de leur vichyssisme<br>\navou\u00e9, s\u2019adressaient, en l\u2019homme de<br>\nColom\u00adbey-les-deux-Eglises, non \u00e0 l\u2019indomptable exil\u00e9<br>\nvolon\u00adtaire du 18 juin 1940, mais au chef du RPF de f\u00e2cheuse<br>\nm\u00e9moire.<\/span><\/font><\/font><\/p>\n<p style=\"text-indent: 1.52cm; margin-bottom: 0cm;\" align=\"justify\"><font face=\"Garamond, serif\"><font style=\"font-size: 13pt;\" size=\"3\"><span lang=\"fr-FR\">Rien<br>\ndonc qui ne conspi\u00adr\u00e2t \u00e0 nous insi\u00adnuer de ne voir que&nbsp;de<br>\ntristes \u00e9qui\u00adva\u00adlences entre les fas\u00adcismes pas\u00ads\u00e9s&nbsp;ou<br>\nvir\u00adtuels et le tour momen\u00adta\u00adn\u00e9 de l\u2019\u00e9v\u00e9nement.<br>\nRien qui ne pous\u00ads\u00e2t les meilleurs \u00e0 juger du pr\u00e9sent<br>\nsur le pas\u00ads\u00e9, autre\u00adment dit \u00e0 suc\u00adcom\u00adber, en ce&nbsp;faux<br>\njour han\u00adt\u00e9 de mirages inqui\u00e9\u00adtants, \u00e0 cela&nbsp;m\u00eame<br>\nque le moins tem\u00adpo\u00adrel des po\u00e8tes (puissent les m\u00e2nes&nbsp;de<br>\nMal\u00adlar\u00adm\u00e9 nous par\u00addon\u00adner cet emprunt) pr\u00e9monitoirement<br>\ninti\u00adtule le <i>d\u00e9mon de l\u2019analogie.<\/i><\/span><\/font><\/font><\/p>\n<p style=\"text-indent: 1.52cm; margin-bottom: 0cm;\" align=\"justify\" lang=\"fr-FR\">\n<font face=\"Garamond, serif\"><font style=\"font-size: 13pt;\" size=\"3\">Si<br>\nbien qu\u2019en ces pre\u00admiers jours de la crise, il s\u2019agissait, une<br>\nfois de plus, selon nos vieux et res\u00adpec\u00adtables r\u00e9flexes<br>\nd\u2019hommes de gauche, de \u00ab&nbsp;sau\u00adver la r\u00e9publique&nbsp;\u00bb.<br>\nD\u2019une part, le fas\u00adcisme pas\u00adsant \u00e0 l\u2019offensive et,&nbsp;de<br>\nl\u2019autre, la bran\u00adlante d\u00e9mo\u00adcra\u00adtie qui, quelque insuffisante<br>\nqu\u2019elle f\u00fbt, r\u00e9cla\u00admait le secours de tous ceux qui&nbsp;se<br>\nveulent libres. Ah que le choix\u200a\u2014\u200atout autant que ce tableau en<br>\nblanc et noir\u200a\u2014\u200aen cette minute \u00e9tait simple&nbsp;!<\/font><\/font><\/p>\n<p style=\"text-indent: 1.52cm; margin-bottom: 0cm;\" align=\"justify\" lang=\"fr-FR\">\n<font face=\"Garamond, serif\"><font style=\"font-size: 13pt;\" size=\"3\">Si<br>\nsimple qu\u2019il parut n\u00e9ces\u00adsaire, oubliant un ins\u00adtant les&nbsp;id\u00e9es<br>\npures, de jeter un regard sur le&nbsp;r\u00e9el.<\/font><\/font><\/p>\n<p style=\"text-indent: 1.52cm; margin-bottom: 0cm;\" align=\"justify\" lang=\"fr-FR\">\n<font face=\"Garamond, serif\"><font style=\"font-size: 13pt;\" size=\"3\">Or,<br>\ndans l\u2019image que nous offrait celui-ci, il y avait bien, certes, la<br>\nmenace du fas\u00adcisme, mais aus\u00adsi le spec\u00adtacle de cette R\u00e9publique<br>\nqua\u00adtri\u00e8me, impuis\u00adsante, non seule\u00adment d\u00e9j\u00e0&nbsp;en<br>\nAlg\u00e9\u00adrie (on ne pou\u00advait tout de m\u00eame pas envoyer l\u2019arm\u00e9e<br>\nde la m\u00e9tro\u00adpole contre celle d\u2019Afrique), mais encore dans&nbsp;la<br>\npetite Corse et bien\u00adt\u00f4t en France m\u00eame. On a&nbsp;parl\u00e9<br>\nde capi\u00adtu\u00adla\u00adtion, d\u2019abandon, voire de com\u00adpli\u00adci\u00adt\u00e9. Mais,&nbsp;au<br>\nvrai, peut-on d\u00e9fendre une r\u00e9pu\u00adblique qui a&nbsp;cess\u00e9<br>\nd\u2019exister&nbsp;? Une seule r\u00e9sis\u00adtance effi\u00adcace e\u00fbt encore<br>\n\u00e9t\u00e9, sinon pos\u00adsible, du moins conce\u00advable&nbsp;: celle&nbsp;des<br>\nmasses popu\u00adlaires, c\u2019est-\u00e0-dire le recours au front du&nbsp;m\u00eame<br>\nnom, par d\u00e9fi\u00adni\u00adtion pro\u00admis \u00e0 la direc\u00adtion&nbsp;des<br>\ncom\u00admu\u00adnistes, dont le tout der\u00adnier exploit en Hon\u00adgrie, l\u2019assassinat<br>\nde Nagy, de Male\u00adter et de leurs cama\u00adrades, allait si vite rappeler<br>\naux oublieux, s\u2019il en est, quel genre de d\u00e9fen\u00adseurs de&nbsp;la<br>\nd\u00e9mo\u00adcra\u00adtie consti\u00adtuent les tenants du fas\u00adcisme rouge.\u200a\u2014\u200aSans<br>\ncomp\u00adter qu\u2019un Front popu\u00adlaire, peut-\u00eatre vic\u00adto\u00adrieux pendant<br>\nquelques jours (et encore faut-il r\u00e9p\u00e9\u00adter&nbsp;: peut-\u00eatre<br>\n?), e\u00fbt auto\u00adma\u00adti\u00adque\u00adment d\u00e9clen\u00adch\u00e9, de la part&nbsp;de<br>\nl\u2019arm\u00e9e, un coup d\u2019Etat cette fois ex\u00e9\u00adcu\u00adt\u00e9&nbsp;\u00e0<br>\nchaud dans la m\u00e9tro\u00adpole&nbsp;m\u00eame.<\/font><\/font><\/p>\n<p style=\"text-indent: 1.52cm; margin-bottom: 0cm;\" align=\"justify\"><font face=\"Garamond, serif\"><font style=\"font-size: 13pt;\" size=\"3\"><span lang=\"fr-FR\">C\u2019est<br>\nla chance\u200a\u2014\u200apro\u00advi\u00adsoire il se peut, mais la chance quand&nbsp;m\u00eame<br>\nde ce pays tra\u00adqu\u00e9 par tant d\u2019implacables \u00e9ch\u00e9ances,<br>\nque les tru\u00adblions d\u2019Alger aient cru habile de r\u00e9cla\u00admer&nbsp;au<br>\npou\u00advoir leur ancien enne\u00admi le chef de la France libre. Car&nbsp;dans<br>\nl\u2019\u00e9tat o\u00f9 en \u00e9taient les choses, ce&nbsp;grand<br>\nsoli\u00adtaire se trou\u00adva repr\u00e9\u00adsen\u00adter pro\u00adba\u00adble\u00adment la&nbsp;seule<br>\npos\u00adsi\u00adbi\u00adli\u00adt\u00e9 de bar\u00adrer la route \u00e0 l\u2019un comme&nbsp;\u00e0<br>\nl\u2019autre des deux tota\u00adli\u00adta\u00adrismes qui nous guet\u00adtaient. Or, comme l\u2019a<br>\ndit Camus, aucun mal ne sur\u00adpasse le fl\u00e9au totalitaire.<\/span><\/font><\/font><\/p>\n<p style=\"text-indent: 1.52cm; margin-bottom: 0cm;\" align=\"justify\"><font face=\"Garamond, serif\"><font style=\"font-size: 13pt;\" size=\"3\"><span lang=\"fr-FR\">Aus\u00adsi<br>\nnous para\u00eet-il que l\u2019heure r\u00e9clame de tous les hommes<br>\nd\u00e9ter\u00admi\u00adn\u00e9s \u00e0 s\u2019opposer \u00e0 ce&nbsp;pire<br>\nd\u2019entre tous les fl\u00e9aux (quelle qu\u2019en soit la couleur),<br>\nsinon d\u2019embrasser la cause de Charles de Gaulle, du moins de ne&nbsp;pas<br>\nprendre par\u00adti contre lui.<\/span><\/font><\/font><\/p>\n<p style=\"text-indent: 1.52cm; margin-bottom: 0cm;\" align=\"justify\"><font face=\"Garamond, serif\"><font style=\"font-size: 13pt;\" size=\"3\"><span lang=\"fr-FR\">Ce<br>\ndisant, nous croyons ne rien abdi\u00adquer de ce que nous sommes, bien&nbsp;au<br>\ncontraire. Ici, \u00e0 notre modeste rang, o\u00f9 l\u2019on ne&nbsp;fait<br>\npoint de poli\u00adtique, mais o\u00f9 l\u2019on r\u00e9fl\u00e9chit,<br>\nentre autres pro\u00adbl\u00e8mes humains, \u00e0 la chose sociale<br>\nparce qu\u2019elle fait par\u00adtie de l\u2019homme et que l\u2019homme en&nbsp;fait<br>\npar\u00adtie, c\u2019est par fid\u00e9\u00adli\u00adt\u00e9 \u00e0 l\u2019humanisme<br>\ncri\u00adtique qui nous a tou\u00adjours ani\u00adm\u00e9s que nous refu\u00adsons&nbsp;les<br>\nten\u00adta\u00adtions du d\u00e9mon<i> <\/i>de l\u2019analogie, ses simi\u00adli\u00adtudes&nbsp;et<br>\nassi\u00admi\u00adla\u00adtions trop faciles. Mais c\u2019est dire aus\u00adsi que nous&nbsp;ne<br>\nrefu\u00adsons pas moins les faci\u00adli\u00adt\u00e9s que s\u2019accordent ceux&nbsp;qui<br>\npr\u00e9\u00adtendent croire \u00e0 un homme pro\u00advi\u00addence et&nbsp;aux<br>\nmiracles. L\u2019exp\u00e9rience en cours, nous ne le savons que&nbsp;trop,<br>\npeut \u00e9chouer&nbsp;; en par\u00adti\u00adcu\u00adlier, le g\u00e9n\u00e9\u00adral&nbsp;de<br>\nGaulle peut, en d\u00e9pit de ses inten\u00adtions, se voir un jour&nbsp;le<br>\npri\u00adson\u00adnier de ceux qui ont \u00e9t\u00e9 les arti\u00adsans de&nbsp;la<br>\ncrise. Et nous ne refu\u00adse\u00adrons pas d\u2019assumer toutes les cons\u00e9quences<br>\ndes luttes alors in\u00e9vi\u00adtables. Mais tant que l\u2019on&nbsp;aura<br>\nquelque rai\u00adson de ne point d\u00e9ses\u00adp\u00e9\u00adrer de la possibilit\u00e9<br>\u200a\u2014\u200asoyons pru\u00addents, ne disons pas d\u2019une r\u00e9us\u00adsite,&nbsp;mais<br>\nplu\u00adt\u00f4t d\u2019un non-\u00e9chec, la seule chose, peut-\u00eatre<br>\nutile et en tout cas conforme \u00e0 notre nature, que&nbsp;nous<br>\npuis\u00adsions faire, sera de conti\u00adnuer \u00e0 orien\u00adter les esprits vers<br>\nune atti\u00adtude de libre cri\u00adtique, en vue de la for\u00adma\u00adtion de ce qu\u2019avec<br>\nles Anglais on pour\u00adrait, <i>cum gra\u00adno salis, <\/i>appe\u00adler en&nbsp;somme,<br>\naus\u00adsi en France, l\u2019opposition de\u2026 Sa Majest\u00e9.<\/span><\/font><\/font><\/p>\n<p style=\"text-indent: 1.52cm; margin-bottom: 0cm;\" align=\"justify\" lang=\"fr-FR\">\n<font face=\"Garamond, serif\"><font style=\"font-size: 13pt;\" size=\"3\">24<br>\njuin&nbsp;1958.<\/font><\/font><\/p>\n<p style=\"text-indent: 1.52cm; margin-bottom: 0cm;\" align=\"justify\" lang=\"fr-FR\">\n<font face=\"Garamond, serif\"><font style=\"font-size: 13pt;\" size=\"3\">J.<br>\nP. Samson<\/font><\/font><\/p>\n","protected":false},"excerpt":{"rendered":"<p>Apr\u00e8s l\u2019indispensable temps de r\u00e9flexion qu\u2019imposaient \u00e0 la fois une situa\u00adtion chaque jour plus confuse et la sp\u00e9\u00adcieuse clar\u00adt\u00e9 de nos pre\u00admi\u00e8res r\u00e9ac\u00adtions de d\u00e9fense, moins faites, \u00e0 y regar\u00adder hon\u00adn\u00ea\u00adte\u00adment, de juge\u00adments&nbsp;que de pr\u00e9\u00adju\u00adg\u00e9s, la crise de r\u00e9gime d\u00e9clen\u00adch\u00e9e en France par les \u00e9v\u00e9\u00adne\u00adments alg\u00e9\u00adriens du 13&nbsp;mai nous com\u00admande d\u2019exprimer enfin les sen\u00adti\u00adments&nbsp;et&nbsp;[\u2026]<\/p>\n","protected":false},"author":1,"featured_media":0,"comment_status":"closed","ping_status":"closed","sticky":false,"template":"","format":"standard","meta":{"wp_typography_post_enhancements_disabled":false,"footnotes":""},"categories":[137],"tags":[],"ppma_author":[540],"class_list":["post-1195","post","type-post","status-publish","format-standard","hentry","category-supplements-au-numero-20-de-temoins"],"authors":[{"term_id":540,"user_id":1,"is_guest":0,"slug":"admin_3gikpwyf","display_name":"Vincent Dubuc","avatar_url":"https:\/\/secure.gravatar.com\/avatar\/d015720652c25fd2ced191ade86430094e1f288a17483713e3b34d26dea52507?s=96&d=mm&r=g","author_category":"","user_url":"https:\/\/la-presse-anarchiste.net","last_name":"Dubuc","first_name":"Vincent","job_title":"","description":""}],"_links":{"self":[{"href":"https:\/\/la-presse-anarchiste.net\/index.php\/wp-json\/wp\/v2\/posts\/1195","targetHints":{"allow":["GET"]}}],"collection":[{"href":"https:\/\/la-presse-anarchiste.net\/index.php\/wp-json\/wp\/v2\/posts"}],"about":[{"href":"https:\/\/la-presse-anarchiste.net\/index.php\/wp-json\/wp\/v2\/types\/post"}],"author":[{"embeddable":true,"href":"https:\/\/la-presse-anarchiste.net\/index.php\/wp-json\/wp\/v2\/users\/1"}],"replies":[{"embeddable":true,"href":"https:\/\/la-presse-anarchiste.net\/index.php\/wp-json\/wp\/v2\/comments?post=1195"}],"version-history":[{"count":0,"href":"https:\/\/la-presse-anarchiste.net\/index.php\/wp-json\/wp\/v2\/posts\/1195\/revisions"}],"wp:attachment":[{"href":"https:\/\/la-presse-anarchiste.net\/index.php\/wp-json\/wp\/v2\/media?parent=1195"}],"wp:term":[{"taxonomy":"category","embeddable":true,"href":"https:\/\/la-presse-anarchiste.net\/index.php\/wp-json\/wp\/v2\/categories?post=1195"},{"taxonomy":"post_tag","embeddable":true,"href":"https:\/\/la-presse-anarchiste.net\/index.php\/wp-json\/wp\/v2\/tags?post=1195"},{"taxonomy":"author","embeddable":true,"href":"https:\/\/la-presse-anarchiste.net\/index.php\/wp-json\/wp\/v2\/ppma_author?post=1195"}],"curies":[{"name":"wp","href":"https:\/\/api.w.org\/{rel}","templated":true}]}}