{"id":1203,"date":"2009-10-03T13:11:44","date_gmt":"2009-10-03T13:11:44","guid":{"rendered":"https:\/\/la-presse-anarchiste.net\/index.php\/2009\/10\/03\/echange-avec-le-conseil-general-sur-le-prochain-congres-de-linternationale\/"},"modified":"2009-10-03T13:11:44","modified_gmt":"2009-10-03T13:11:44","slug":"echange-avec-le-conseil-general-sur-le-prochain-congres-de-linternationale","status":"publish","type":"post","link":"https:\/\/la-presse-anarchiste.net\/index.php\/2009\/10\/03\/echange-avec-le-conseil-general-sur-le-prochain-congres-de-linternationale\/","title":{"rendered":"\u00c9change avec le Conseil G\u00e9n\u00e9ral sur le prochain Congr\u00e8s de l\u2019Internationale"},"content":{"rendered":"<div class=\"pdfprnt-buttons pdfprnt-buttons-post pdfprnt-top-right\"><a href=\"https:\/\/la-presse-anarchiste.net\/index.php\/wp-json\/wp\/v2\/posts\/1203?print=pdf\" class=\"pdfprnt-button pdfprnt-button-pdf\" target=\"_blank\"><img decoding=\"async\" src=\"https:\/\/la-presse-anarchiste.net\/wp-content\/plugins\/pdf-print\/images\/pdf.png\" alt=\"image_pdf\" title=\"Afficher le PDF\"><\/a><a href=\"https:\/\/la-presse-anarchiste.net\/index.php\/wp-json\/wp\/v2\/posts\/1203?print=print\" class=\"pdfprnt-button pdfprnt-button-print\" target=\"_blank\"><img decoding=\"async\" src=\"https:\/\/la-presse-anarchiste.net\/wp-content\/plugins\/pdf-print\/images\/print.png\" alt=\"image_print\" title=\"Contenu imprim\u00e9\"><\/a><\/div><p>[(Le Comi\u00adt\u00e9 f\u00e9d\u00e9\u00adral juras\u00adsien a re\u00e7u&nbsp;de<br>\nLondres la lettre sui\u00advante, en r\u00e9ponse \u00e0 celle&nbsp;qu\u2019il<br>\navait \u00e9crite au Conseil g\u00e9n\u00e9\u00adral en date du&nbsp;15<br>\njuillet der\u00adnier (voir Sup\u00adpl\u00e9\u00adment au n\u00ba 13 du Bulletin).)]<\/p>\n<p><\/p>\n<p style=\"text-indent: 1.47cm; margin-bottom: 0cm;\" align=\"right\"><font face=\"Garamond, serif\"><font style=\"font-size: 13pt;\" size=\"3\"><i>Gene\u00adral<br>\nCoun\u00adcil of the Inter\u00adna\u00adtio\u00adnal Wor\u00adking Men\u2019s Asso\u00adcia\u00adtion.&nbsp;33,<br>\nRath\u00adbone Place, Oxford Street, London.&nbsp;<\/i><\/font><\/font><\/p>\n<p style=\"text-indent: 1.47cm; margin-bottom: 0cm;\" align=\"justify\"><font face=\"Garamond, serif\"><font style=\"font-size: 13pt;\" size=\"3\">Au<br>\ncitoyen Schwitz\u00adgu\u00e9\u00adbel, secr\u00e9\u00adtaire-cor\u00adres\u00adpon\u00addant&nbsp;du<br>\nComi\u00adt\u00e9 f\u00e9d\u00e9\u00adral jurassien.<\/font><\/font><\/p>\n<p style=\"text-indent: 1.47cm; margin-bottom: 0cm;\" align=\"justify\"><font face=\"Garamond, serif\"><font style=\"font-size: 13pt;\" size=\"3\">J\u2019ai<br>\nsou\u00admis votre lettre du 15 cou\u00adrant au Conseil g\u00e9n\u00e9ral,<br>\net il m\u2019a char\u00adg\u00e9 de vous r\u00e9pondre qu\u2019a\u00advant de fixer&nbsp;la<br>\nHaye comme lieu de la r\u00e9union du pro\u00adchain Congr\u00e8s, le<br>\nConseil g\u00e9n\u00e9\u00adral avait pris en consi\u00add\u00e9\u00adra\u00adtion&nbsp;tous<br>\nles argu\u00adments conte\u00adnus dans votre lettre, et que ce choix a&nbsp;\u00e9t\u00e9<br>\ndic\u00adt\u00e9 par les consi\u00add\u00e9\u00adra\u00adtions suivantes&nbsp;:<\/font><\/font><\/p>\n<p style=\"text-indent: 1.47cm; margin-bottom: 0cm;\" align=\"justify\"><font face=\"Garamond, serif\"><font style=\"font-size: 13pt;\" size=\"3\">Le<br>\nCongr\u00e8s ne pour\u00adrait se tenir en Suisse, parce que c\u2019est de&nbsp;l\u00e0<br>\nque sont par\u00adties les dis\u00adcus\u00adsions et qu\u2019elles y ont leur&nbsp;si\u00e8ge&nbsp;;<br>\nle Congr\u00e8s subit tou\u00adjours, plus ou moins, l\u2019in\u00adfluence locale<br>\ndu lieu de sa r\u00e9union&nbsp;; pour don\u00adner plus de poids \u00e0&nbsp;ses<br>\nd\u00e9ci\u00adsions et plus de sagesse \u00e0 ses dis\u00adcus\u00adsions, il<br>\nfal\u00adlait lui enle\u00adver ce carac\u00adt\u00e8re local, et pour cela&nbsp;il<br>\nfal\u00adlait choi\u00adsir un endroit \u00e9loi\u00adgn\u00e9 du lieu principal<br>\ndes discussions.<\/font><\/font><\/p>\n<p style=\"text-indent: 1.47cm; margin-bottom: 0cm;\" align=\"justify\"><font face=\"Garamond, serif\"><font style=\"font-size: 13pt;\" size=\"3\">Vous<br>\nn\u2019i\u00adgno\u00adrez pas que sur quatre Congr\u00e8s, trois ont&nbsp;\u00e9t\u00e9<br>\ntenus en Suisse, et qu\u2019\u00e0 B\u00e2le les d\u00e9l\u00e9gu\u00e9s<br>\nbelges deman\u00add\u00e8rent que le pro\u00adchain se r\u00e9unisse \u00e0<br>\nVer\u00adviers ou en Hollande.<\/font><\/font><\/p>\n<p style=\"text-indent: 1.47cm; margin-bottom: 0cm;\" align=\"justify\"><font face=\"Garamond, serif\"><font style=\"font-size: 13pt;\" size=\"3\">La<br>\nSuisse, mal\u00adgr\u00e9 la liber\u00adt\u00e9 rela\u00adtive dont on y jouit, ne<br>\npeut pr\u00e9\u00adtendre \u00e0 avoir le mono\u00adpole des Congr\u00e8s.<\/font><\/font><\/p>\n<p style=\"text-indent: 1.47cm; margin-bottom: 0cm;\" align=\"justify\"><font face=\"Garamond, serif\"><font style=\"font-size: 13pt;\" size=\"3\">Le<br>\nConseil f\u00e9d\u00e9\u00adral romand se plaint aus\u00adsi du choix&nbsp;du<br>\nConseil g\u00e9n\u00e9\u00adral et ne se trouve pas favo\u00adri\u00ads\u00e9&nbsp;par<br>\nce&nbsp;choix.<\/font><\/font><\/p>\n<p style=\"text-indent: 1.47cm; margin-bottom: 0cm;\" align=\"justify\"><font face=\"Garamond, serif\"><font style=\"font-size: 13pt;\" size=\"3\">Salut<br>\net \u00e9galit\u00e9.<\/font><\/font><\/p>\n<p style=\"text-indent: 1.47cm; margin-bottom: 0cm;\" align=\"justify\"><font face=\"Garamond, serif\"><font style=\"font-size: 13pt;\" size=\"3\">H.<br>\nJung, secr\u00e9taire<br>\npour la Suisse. 28<br>\njuillet 1872.<\/font><\/font><\/p>\n<p style=\"margin-bottom: 0cm;\" align=\"justify\"><font face=\"Garamond, serif\"><font style=\"font-size: 13pt;\" size=\"3\"><br>\n<strong><em>\u2014<br>\nO&nbsp;\u2014<\/em><\/strong><br>\n<\/font><\/font><\/p>\n<p style=\"text-indent: 1.47cm; margin-bottom: 0cm;\" align=\"justify\"><font face=\"Garamond, serif\"><font style=\"font-size: 13pt;\" size=\"3\">La<br>\nr\u00e9ponse du Conseil g\u00e9n\u00e9\u00adral ne nous para\u00eet<br>\nen aucune fa\u00e7on concluante.<\/font><\/font><\/p>\n<p style=\"text-indent: 1.47cm; margin-bottom: 0cm;\" align=\"justify\"><font face=\"Garamond, serif\"><font style=\"font-size: 13pt;\" size=\"3\">En<br>\npre\u00admier lieu, le Conseil g\u00e9n\u00e9\u00adral de Londres dit&nbsp;avoir<br>\nvou\u00adlu sous\u00adtraire le Congr\u00e8s aux influences locales. Mais&nbsp;si<br>\nces influences devaient exis\u00adter en Suisse, pense-t-on qu\u2019elles<br>\nn\u2019exis\u00adte\u00adront pas \u00e0 la Haye&nbsp;? Le citoyen Jung dit en propres<br>\ntermes que \u00ab&nbsp;le Congr\u00e8s subit tou\u00adjours, plus ou&nbsp;moins,<br>\nl\u2019in\u00adfluence locale du lieu de sa r\u00e9union.&nbsp;\u00bb Donc&nbsp;il<br>\nsubi\u00adra celle du milieu, quel qu\u2019il soit, dans lequel il se r\u00e9unira.<br>\nEt cette fois, quel sera ce milieu&nbsp;? Pr\u00e9\u00adci\u00ads\u00e9\u00adment le&nbsp;plus<br>\nf\u00e2cheux de tous, celui qu\u2019il aurait fal\u00adlu \u00e9vi\u00adter avec&nbsp;le<br>\nplus de soin, un milieu <i>ger\u00adma\u00adnique<\/i>.<\/font><\/font><\/p>\n<p style=\"text-indent: 1.47cm; margin-bottom: 0cm;\" align=\"justify\"><font face=\"Garamond, serif\"><font style=\"font-size: 13pt;\" size=\"3\">Qu\u2019on<br>\nne vienne pas, \u00e0 ce sujet, r\u00e9p\u00e9\u00adter contre nous<br>\nla ridi\u00adcule accu\u00adsa\u00adtion que nous pr\u00ea\u00adchons la haine des&nbsp;races.<br>\nC\u2019est tout au contraire pour emp\u00ea\u00adcher cette haine de races, qui<br>\nne man\u00adque\u00adrait pas de se pro\u00adduire dans l\u2019In\u00adter\u00adna\u00adtio\u00adnale <i>si une&nbsp;race<br>\nvou\u00adlait essayer de domi\u00adner les autres<\/i>, que nous croyons<br>\nn\u00e9ces\u00adsaire de par\u00adler fran\u00adche\u00adment de cette ques\u00adtion. De&nbsp;quoi<br>\nest accu\u00ads\u00e9 le Conseil g\u00e9n\u00e9\u00adral de Londres, chez<br>\nles Espa\u00adgnols, chez les Ita\u00adliens et chez les Fran\u00ad\u00e7ais&nbsp;?&nbsp;De<br>\n<i>ten\u00addances pan\u00adger\u00adma\u00adniques<\/i>, ce qui signi\u00adfie, en d\u2019autres termes,<br>\nde la ten\u00addance \u00e0 vou\u00adloir impo\u00adser l\u2019es\u00adprit alle\u00admand, l\u2019autorit\u00e9<br>\ndes th\u00e9o\u00adries alle\u00admandes, \u00e0 toute l\u2019In\u00adter\u00adna\u00adtio\u00adnale.&nbsp;Or<br>\nil y a des faits qui mal\u00adheu\u00adreu\u00adse\u00adment donnent beau\u00adcoup&nbsp;de<br>\nvrai\u00adsem\u00adblance \u00e0 cette accusation.<\/font><\/font><\/p>\n<p style=\"text-indent: 1.47cm; margin-bottom: 0cm;\" align=\"justify\"><font face=\"Garamond, serif\"><font style=\"font-size: 13pt;\" size=\"3\">Pre\u00admier<br>\nfait&nbsp;: le Conseil g\u00e9n\u00e9\u00adral a une doc\u00adtrine officielle,<br>\nqu\u2019on retrouve dans tous ses mani\u00adfestes&nbsp;; et cette doc\u00adtrine officielle<br>\nest celle qui a \u00e9t\u00e9 publi\u00e9e il y a vingt&nbsp;ans<br>\ndans le \u00ab&nbsp;Mani\u00adfeste du par\u00adti com\u00admu\u00adniste <i>alle\u00admand<\/i>&nbsp;\u00bb<br>\n(Mani\u00adfest der <i>deut\u00adschen<\/i> Kom\u00admu\u00adnis\u00adten-par\u00adtei). Les signataires<br>\ndu \u00ab&nbsp;Mani\u00adfeste des com\u00admu\u00adnistes alle\u00admands&nbsp;\u00bb sont M.&nbsp;Marx et<br>\nM.&nbsp;Engels, les\u00adquels si\u00e8gent tous deux au Conseil g\u00e9n\u00e9ral.<br>\nC\u2019est M.&nbsp;Marx qui r\u00e9dige en g\u00e9n\u00e9\u00adral tous&nbsp;les<br>\ndocu\u00adments impor\u00adtants publi\u00e9s par le Conseil g\u00e9n\u00e9ral&nbsp;:<br>\nrien d\u2019\u00e9\u00adton\u00adnant d\u00e8s lors \u00e0 ce qu\u2019ils portent<br>\nl\u2019empreinte d\u2019une doc\u00adtrine <i>com\u00admu\u00adniste alle\u00admande<\/i>. Quant&nbsp;\u00e0<br>\nM.&nbsp;Engels, il est, lui Alle\u00admand, <i>cor\u00adres\u00adpon\u00addant du Conseil g\u00e9n\u00e9ral<br>\npour l\u2019Es\u00adpagne et l\u2019I\u00adta\u00adlie<\/i>&nbsp;; et d\u2019o\u00f9 vient ce&nbsp;choix<br>\nsin\u00adgu\u00adlier&nbsp;? on va le savoir&nbsp;: il y a un an \u00e0 peu pr\u00e8s,&nbsp;le<br>\ncitoyen Bas\u00adte\u00adli\u00adca \u00e9tait membre du Conseil g\u00e9n\u00e9ral,<br>\net comme il ten\u00adnait la langue espa\u00adgnole, et qu\u2019il a s\u00e9journ\u00e9<br>\nen Espagne lors de la pre\u00admi\u00e8re pros\u00adcrip\u00adtion&nbsp;de<br>\nl\u2019In\u00adter\u00adna\u00adtio\u00adnale en France [[Ce fut lui qui pr\u00e9\u00adsi\u00adda le premier<br>\nCongr\u00e8s de l\u2019In\u00adter\u00adna\u00adtio\u00adnale en Espagne, tenu&nbsp;\u00e0<br>\nBar\u00adce\u00adlone en 1870.]], la pro\u00adpo\u00adsi\u00adtion fut faite de le nommer<br>\ncor\u00adres\u00adpon\u00addant pour l\u2019Es\u00adpagne&nbsp;; cette pro\u00adpo\u00adsi\u00adtion fut rejet\u00e9e,<br>\npar le motif \u00ab&nbsp;que ce n\u2019est pas aux divers pays de choi\u00adsir&nbsp;les<br>\ncor\u00adres\u00adpon\u00addants qui leur conviennent le mieux, mais que c\u2019est&nbsp;au<br>\nConseil g\u00e9n\u00e9\u00adral \u00e0 d\u00e9l\u00e9\u00adguer&nbsp;pour<br>\nchaque pays le cor\u00adres\u00adpon\u00addant qui lui parait le plus convenable.&nbsp;\u00bb<br>\nEt dans le cas par\u00adti\u00adcu\u00adlier, on impo\u00adsait M.&nbsp;Engels, \u00e0 l\u2019Espagne<br>\net \u00e0 l\u2019I\u00adta\u00adlie, parce que M.&nbsp;Engels, l\u2019<i>alter ego<\/i> de&nbsp;M.<br>\nMarx, devait uti\u00adli\u00adser son emploi de cor\u00adres\u00adpon\u00addant <i>\u00e0<br>\ntra\u00advailler pour le compte de l\u2019in\u00adtrigue mar\u00adxiste<\/i>, tan\u00addis&nbsp;que<br>\nBas\u00adte\u00adli\u00adca n\u2019au\u00adrait pas \u00e9t\u00e9 si com\u00adplai\u00adsant. Nous&nbsp;avons<br>\nen mains des lettres de M.&nbsp;Engels qui prou\u00adve\u00adront la r\u00e9alit\u00e9<br>\nde tout&nbsp;cela.<\/font><\/font><\/p>\n<p style=\"text-indent: 1.47cm; margin-bottom: 0cm;\" align=\"justify\"><font face=\"Garamond, serif\"><font style=\"font-size: 13pt;\" size=\"3\">Second<br>\nfait&nbsp;: Outre M.&nbsp;Marx et M.&nbsp;Engels, qui sont les deux t\u00eates&nbsp;du<br>\nConseil g\u00e9n\u00e9\u00adral, que voit-on dans ce Conseil&nbsp;: des<br>\nAlle\u00admands qui sont de fer\u00advents dis\u00adciples de Marx, comme Ecca\u00adrius&nbsp;et<br>\nLess\u00adner&nbsp;; des Anglais qui entendent fort mal les ques\u00adtions, d\u00e8s<br>\nqu\u2019elles cessent d\u2019\u00eatre exclu\u00adsi\u00adve\u00adment anglaises, et qui&nbsp;s\u2019en<br>\nrap\u00adportent \u00e0 M.&nbsp;Marx pour tout ce qui concerne le continent&nbsp;;<br>\nquelques indi\u00advi\u00addua\u00adli\u00adt\u00e9s qui ne sont ni alle\u00admandes ni<br>\nanglaises, mais qui subissent l\u2019in\u00adfluence du milieu dans lequel elles<br>\nvivent depuis long\u00adtemps, comme le citoyen Jung, ou d\u2019une \u00e9ducation<br>\nalle\u00admande, comme le citoyen Vaillant&nbsp;; ajou\u00adtez \u00e0 cela quelques<br>\ncitoyens d\u2019autres nations \u00e0 qui on jette de la poudre aux<br>\nyeux, et \u00e0 qui on fait voter ain\u00adsi tout ce qu\u2019on veut&nbsp;: voil\u00e0<br>\nle Conseil g\u00e9n\u00e9\u00adral. Aus\u00adsi tout ce qui avait une pens\u00e9e<br>\nind\u00e9\u00adpen\u00addante s\u2019en est suc\u00adces\u00adsi\u00adve\u00adment reti\u00adr\u00e9&nbsp;: Robin,<br>\nBas\u00adte\u00adli\u00adca, Theisz et Cam\u00e9\u00adli\u00adnat. En cet \u00e9tat de choses,<br>\na\u2011t-on oui ou non le droit de dire que le Conseil g\u00e9n\u00e9ral<br>\na des ten\u00addances allemandes&nbsp;?<\/font><\/font><\/p>\n<p style=\"text-indent: 1.47cm; margin-bottom: 0cm;\" align=\"justify\"><font face=\"Garamond, serif\"><font style=\"font-size: 13pt;\" size=\"3\">Troi\u00adsi\u00e8me<br>\nfait&nbsp;: Dans la presse socia\u00adliste, chose curieuse, tous les jour\u00adnaux&nbsp;de<br>\nlangue fran\u00ad\u00e7aise, espa\u00adgnole et ita\u00adlienne com\u00adbattent les<br>\nten\u00addances auto\u00adri\u00adtaires du Conseil g\u00e9n\u00e9\u00adral et&nbsp;se<br>\npro\u00adnoncent en faveur de l\u2019au\u00adto\u00adno\u00admie des Sec\u00adtions et des f\u00e9d\u00e9rations&nbsp;:<br>\nce sont <i>l\u2019In\u00adter\u00adna\u00adtio\u00adnale<\/i> de Bruxelles, la <i>Liber\u00adt\u00e9<\/i><br>\nde Bruxelles, le <i>Mira\u00adbeau<\/i> de Ver\u00adviers, le <i>Bul\u00adle\u00adtin de&nbsp;la<br>\nF\u00e9d\u00e9\u00adra\u00adtion juras\u00adsienne<\/i>, la <i>Fede\u00adra\u00adcion<\/i> de<br>\nBar\u00adce\u00adlone, la <i>Razon<\/i> de S\u00e9ville, la <i>Jus\u00adti\u00adcia<\/i> de<br>\nMala\u00adga, le <i>Bole\u00adtin de la Aso\u00adcia\u00adcion de Tra\u00adba\u00adja\u00addores<\/i> du Ferrol,<br>\nle <i>Pro\u00adle\u00adta\u00adrio<\/i> de Turin, le <i>Mar\u00adtel\u00adlo<\/i> de Milan, le <i>Fas\u00adcio<br>\nope\u00adraio<\/i> de Bologne, la <i>Cam\u00adpa\u00adna<\/i> de Naples (nous ne comptons<br>\npas <i>l\u2019\u00c9\u00adga\u00adli\u00adt\u00e9<\/i> de Gen\u00e8ve, qui&nbsp;sert<br>\nd\u2019or\u00adgane aux agents de Marx dans la Suisse romande, ni&nbsp;la<br>\n<i>Eman\u00adci\u00adpa\u00adcion<\/i> de Madrid, qui sert d\u2019or\u00adgane aux agents de&nbsp;Marx<br>\nen Espagne, et qui n\u2019ex\u00adpriment ni l\u2019un ni l\u2019autre la pen\u00ads\u00e9e&nbsp;du<br>\npays.) Par contre, tous les jour\u00adnaux de langue alle\u00admande soutiennent<br>\nla ligne de conduite sui\u00advie par le Conseil g\u00e9n\u00e9\u00adral&nbsp;: ce<br>\nsont le <i>Vor\u00adbote<\/i> de Gen\u00e8ve, la <i>Tag\u00adwacht<\/i> de<br>\nZurich, le <i>Volkss\u00adtaat<\/i> de Leip\u00adzig, le <i>Volks\u00adwille<\/i> de<br>\nVienne.\u200a\u2014\u200aIl faut avouer que cette divi\u00adsion de la presse<br>\ninter\u00adna\u00adtio\u00adnale en deux camps, dans l\u2019un des\u00adquels on parle fran\u00e7ais,<br>\nita\u00adlien et espa\u00adgnol, tan\u00addis que dans l\u2019autre on parle exclusivement<br>\nalle\u00admand, est de nature \u00e0 faire r\u00e9fl\u00e9chir.<\/font><\/font><\/p>\n<p style=\"text-indent: 1.47cm; margin-bottom: 0cm;\" align=\"justify\"><font face=\"Garamond, serif\"><font style=\"font-size: 13pt;\" size=\"3\">Nous<br>\npour\u00adrions insis\u00adter encore sur d\u2019autres faits, mais nous croyons<br>\ninutile d\u2019al\u00adlon\u00adger cette \u00e9nu\u00adm\u00e9\u00adra\u00adtion. Comme&nbsp;nous<br>\nl\u2019a\u00advons dit, en France, en Ita\u00adlie et en Espagne on parle, \u00e0<br>\ntort ou \u00e0 rai\u00adson, des <i>ten\u00addances pan\u00adger\u00adma\u00adniques<\/i> du<br>\nConseil g\u00e9n\u00e9\u00adral&nbsp;; et celui-ci aurait d\u00fb, ce&nbsp;nous<br>\nsemble, tenir \u00e0 se laver de cette impu\u00adta\u00adtion. Pour cela il&nbsp;lui<br>\naurait fal\u00adlu convo\u00adquer le Congr\u00e8s en Suisse, parce que&nbsp;la<br>\nSuisse est un ter\u00adrain <i>neutre<\/i>, n\u2019ap\u00adpar\u00adte\u00adnant exclu\u00adsi\u00adve\u00adment ni&nbsp;\u00e0<br>\nl\u2019un ni \u00e0 l\u2019autre des deux par\u00adtis qui divisent<br>\nl\u2019In\u00adter\u00adna\u00adtio\u00adnale, et parce que les f\u00e9d\u00e9\u00adra\u00adtions auraient<br>\ntoutes \u00e9t\u00e9 \u00e0 peu pr\u00e8s \u00e0&nbsp;\u00e9gale<br>\ndis\u00adtance du lieu du Congr\u00e8s et auraient pu, par cons\u00e9quent,<br>\ns\u2019y faire repr\u00e9\u00adsen\u00adter dans des pro\u00adpor\u00adtions \u00e9gales. Au<br>\nlieu de cela, le Conseil g\u00e9n\u00e9\u00adral va choi\u00adsir la Haye&nbsp;;&nbsp;et<br>\nce choix pro\u00advo\u00adque\u00adra infailli\u00adble\u00adment les com\u00admen\u00adtaires que voi\u00adci&nbsp;: on&nbsp;va<br>\ntr\u00e8s faci\u00adle\u00adment de Londres \u00e0 la Haye, c\u2019est une simple<br>\npro\u00adme\u00adnade en bateau \u00e0 vapeur&nbsp;; il y aura donc foule de d\u00e9l\u00e9gu\u00e9s<br>\nanglais et de membres du Conseil g\u00e9n\u00e9\u00adral&nbsp;; l\u2019Allemagne<br>\ntouche la Hol\u00adlande, donc les d\u00e9l\u00e9\u00adgu\u00e9s allemands<br>\npour\u00adront venir en masse&nbsp;; enfin le Dane\u00admark n\u2019est pas bien loin ,&nbsp;et<br>\nl\u2019on sait que l\u2019In\u00adter\u00adna\u00adtio\u00adnale danoise embo\u00eete aveugl\u00e9ment<br>\nle pas der\u00adri\u00e8re le Conseil g\u00e9n\u00e9\u00adral,&nbsp;\u00e0<br>\npreuve l\u2019or\u00adga\u00adni\u00adsa\u00adtion ridi\u00adcu\u00adle\u00adment auto\u00adri\u00adtaire qu\u2019elle s\u2019est donn\u00e9e.<br>\nQuant \u00e0 la Hol\u00adlande m\u00eame, que le temp\u00e9rament<br>\nhol\u00adlan\u00addais soit sym\u00adpa\u00adthique aux prin\u00adcipes de Londres, nous&nbsp;n\u2019en<br>\ndou\u00adtons pas.\u200a\u2014\u200aDonc quatre pays ger\u00admains&nbsp;: Angle\u00adterre, Allemagne,<br>\nDane\u00admark et Hol\u00adlande, qui se trouvent aux portes m\u00eames de&nbsp;la<br>\nville du Congr\u00e8s. Par contre, de tous les pays o\u00f9&nbsp;l\u2019on<br>\npro\u00adteste contre le Conseil g\u00e9n\u00e9\u00adral, la Bel\u00adgique est&nbsp;le<br>\nseul qui soit \u00e0 proxi\u00admi\u00adt\u00e9 de la Haye&nbsp;: tous les autres,<br>\nSuisse, France (et pour la France, c\u2019est dans le Midi&nbsp;que<br>\nl\u2019In\u00adter\u00adna\u00adtio\u00adnale est res\u00adt\u00e9e la plus vivante), Espagne et<br>\nIta\u00adlie, se trouvent \u00e0 une dis\u00adtance \u00e9norme et&nbsp;ne<br>\npour\u00adront se faire que tr\u00e8s fai\u00adble\u00adment repr\u00e9senter.<\/font><\/font><\/p>\n<p style=\"text-indent: 1.47cm; margin-bottom: 0cm;\" align=\"justify\"><font face=\"Garamond, serif\"><font style=\"font-size: 13pt;\" size=\"3\">Et<br>\nle citoyen Jung pr\u00e9\u00adtend que cela \u00ab&nbsp;don\u00adne\u00adra plus de&nbsp;poids<br>\naux d\u00e9ci\u00adsions du Congr\u00e8s, et plus de sagesse \u00e0<br>\nses dis\u00adcus\u00adsions.&nbsp;\u00bb Mais c\u2019est une mau\u00advaise plai\u00adsan\u00adte\u00adrie&nbsp;!&nbsp;Le<br>\nseul r\u00e9sul\u00adtat que le Conseil g\u00e9n\u00e9\u00adral&nbsp;aura<br>\nobte\u00adnu, c\u2019est qu\u2019on dira, et avec rai\u00adson, que la Haye a&nbsp;\u00e9t\u00e9<br>\nchoi\u00adsie afin que l\u2019\u00e9l\u00e9\u00adment ger\u00adma\u00adnique domin\u00e2t<br>\ndans le Congr\u00e8s&nbsp;; les d\u00e9ci\u00adsions de celui-ci n\u2019auront<br>\nain\u00adsi aucune auto\u00adri\u00adt\u00e9 morale, et la f\u00e2cheuse rivalit\u00e9<br>\nde races que nous vou\u00addrions conju\u00adrer, se trou\u00adve\u00adra d\u00e9cha\u00een\u00e9e<br>\npar le Conseil g\u00e9n\u00e9\u00adral lui-m\u00eame et par son&nbsp;refus<br>\nde faire droit aux l\u00e9gi\u00adtimes r\u00e9cla\u00adma\u00adtions&nbsp;des<br>\nf\u00e9d\u00e9\u00adra\u00adtions l\u00e9s\u00e9es.<\/font><\/font><\/p>\n<p style=\"text-indent: 1.47cm; margin-bottom: 0cm;\" align=\"justify\"><font face=\"Garamond, serif\"><font style=\"font-size: 13pt;\" size=\"3\">Les<br>\nd\u00e9l\u00e9\u00adgu\u00e9s belges n\u2019ont point deman\u00add\u00e9&nbsp;\u00e0<br>\nB\u00e2le que le pro\u00adchain Congr\u00e8s se r\u00e9unisse \u00e0<br>\n<i>Ver\u00adviers ou en Hol\u00adlande<\/i>. Il n\u2019a pas \u00e9t\u00e9 question<br>\nde la Hol\u00adlande, et le compte-ren\u00addu du Congr\u00e8s, publi\u00e9<br>\npar le Conseil g\u00e9n\u00e9\u00adral lui-m\u00eame, en fait foi&nbsp;;&nbsp;il<br>\nn\u2019a \u00e9t\u00e9 ques\u00adtion que de Ver\u00adviers, et il fut d\u00e9cid\u00e9<br>\nque si le Congr\u00e8s ne pou\u00advait se tenir \u00e0 Paris, il<br>\naurait lieu \u00e0 Ver\u00adviers. Pour\u00adquoi, \u00e0 d\u00e9faut du<br>\nchoix d\u2019une ville suisse, n\u2019a\u00advoir pas res\u00adpec\u00adt\u00e9 au moins&nbsp;cette<br>\nd\u00e9ci\u00adsion du Congr\u00e8s de B\u00e2le&nbsp;? Ver\u00adviers, il&nbsp;est<br>\nvrai, n\u2019est pas au centre de l\u2019Eu\u00adrope&nbsp;; mais au moins les d\u00e9l\u00e9gu\u00e9s<br>\ndes f\u00e9d\u00e9\u00adra\u00adtions m\u00e9ri\u00addio\u00adnales, de la France et&nbsp;de<br>\nla Suisse, auraient eu plus de faci\u00adli\u00adt\u00e9 \u00e0 s\u2019y rendre.<\/font><\/font><\/p>\n<p style=\"text-indent: 1.47cm; margin-bottom: 0cm;\" align=\"justify\"><font face=\"Garamond, serif\"><font style=\"font-size: 13pt;\" size=\"3\">Enfin,<br>\nle fait qu\u2019il y a eu d\u00e9j\u00e0 trois Congr\u00e8s en<br>\nSuisse, n\u2019est pas un argu\u00adment pour emp\u00ea\u00adcher qu\u2019on n\u2019y en tienne<br>\nun qua\u00adtri\u00e8me. Cela ne consti\u00adtue pas un mono\u00adpole au pro\u00adfit&nbsp;de<br>\nla Suisse, c\u2019est tout sim\u00adple\u00adment le r\u00e9sul\u00adtat de sa position<br>\ng\u00e9o\u00adgra\u00adphique et de ses ins\u00adti\u00adtu\u00adtions rela\u00adti\u00adve\u00adment lib\u00e9rales.<br>\nSi l\u2019on demande que le Congr\u00e8s se r\u00e9unisse en Suisse,<br>\nce n\u2019est pas dans l\u2019in\u00adt\u00e9\u00adr\u00eat de la Suisse, c\u2019est&nbsp;dans<br>\nl\u2019in\u00adt\u00e9\u00adr\u00eat des f\u00e9d\u00e9\u00adra\u00adtions des autres pays.<br>\nEst-ce que jamais on vien\u00addra dire que la lampe ayant&nbsp;\u00e9t\u00e9<br>\npos\u00e9e trois soirs de suite au milieu de la table, ce&nbsp;fait<br>\nconsti\u00adtue un pri\u00advi\u00adl\u00e8ge pour l\u2019en\u00addroit o\u00f9 elle a&nbsp;\u00e9t\u00e9<br>\npos\u00e9e, et qu\u2019il faut, par esprit d\u2019\u00e9\u00adga\u00adli\u00adt\u00e9,&nbsp;la<br>\nd\u00e9po\u00adser le qua\u00adtri\u00e8me soir \u00e0 l\u2019une des extr\u00e9mit\u00e9s<br>\nde la table&nbsp;? Est-ce que les lec\u00adteurs qui ont besoin de la lumi\u00e8re<br>\nde la lampe \u00e0 l\u2019autre extr\u00e9\u00admi\u00adt\u00e9, ne r\u00e9clameront<br>\npas contre ce pr\u00e9\u00adten\u00addu acte de jus\u00adtice, et ne diront-ils pas<br>\navec rai\u00adson que la v\u00e9ri\u00adtable jus\u00adtice consiste \u00e0 laisser<br>\nla lampe au milieu de la table pour que tous en jouissent \u00e9galement&nbsp;?<\/font><\/font><\/p>\n<p style=\"text-indent: 1.47cm; margin-bottom: 0cm;\" align=\"justify\"><font face=\"Garamond, serif\"><font style=\"font-size: 13pt;\" size=\"3\">Le<br>\nCongr\u00e8s g\u00e9n\u00e9\u00adral devait rame\u00adner l\u2019u\u00adnion au&nbsp;sein<br>\nde l\u2019In\u00adter\u00adna\u00adtio\u00adnale&nbsp;: il devait \u00eatre le tri\u00adbu\u00adnal&nbsp;o\u00f9<br>\nseraient jug\u00e9es toutes les graves dis\u00adsi\u00addences qui&nbsp;nous<br>\ns\u00e9parent et nous para\u00adlysent. Mais le Congr\u00e8s, tenu&nbsp;\u00e0<br>\nla Haye, ne sera pas un ins\u00adtru\u00adment d\u2019u\u00adnion&nbsp;; comme tri\u00adbu\u00adnal, il&nbsp;ne<br>\nfour\u00adni\u00adra pro\u00adba\u00adble\u00adment pas les garan\u00adties d\u2019impartialit\u00e9<br>\nn\u00e9ces\u00adsaires&nbsp;; et nous crai\u00adgnons bien qu\u2019au lieu de la paix&nbsp;que<br>\nnous appe\u00adlons de tous nos v\u0153ux, le Congr\u00e8s de la Haye ne&nbsp;nous<br>\ndonne la guerre. Quoi\u00adqu\u2019il en soit, c\u2019est le Conseil g\u00e9n\u00e9ral<br>\nqui l\u2019au\u00adra vou\u00adlu, que la res\u00adpon\u00adsa\u00adbi\u00adli\u00adt\u00e9 en retombe sur&nbsp;lui<br>\nseul.<\/font><\/font><\/p>\n","protected":false},"excerpt":{"rendered":"<p>[(Le Comi\u00adt\u00e9 f\u00e9d\u00e9\u00adral juras\u00adsien a re\u00e7u&nbsp;de Londres la lettre sui\u00advante, en r\u00e9ponse \u00e0 celle&nbsp;qu\u2019il avait \u00e9crite au Conseil g\u00e9n\u00e9\u00adral en date du&nbsp;15 juillet der\u00adnier (voir Sup\u00adpl\u00e9\u00adment au n\u00ba 13 du Bul\u00adle\u00adtin).)] Gene\u00adral Coun\u00adcil of the Inter\u00adna\u00adtio\u00adnal Wor\u00adking Men\u2019s Asso\u00adcia\u00adtion.&nbsp;33, Rath\u00adbone Place, Oxford Street, Lon\u00addon.&nbsp; Au citoyen Schwitz\u00adgu\u00e9\u00adbel, secr\u00e9\u00ad\u00adtaire-cor\u00ad\u00adres\u00ad\u00adpon\u00ad\u00addant&nbsp;du Comi\u00adt\u00e9 f\u00e9d\u00e9\u00adral juras\u00adsien. J\u2019ai sou\u00admis votre lettre&nbsp;[\u2026]<\/p>\n","protected":false},"author":1,"featured_media":0,"comment_status":"closed","ping_status":"closed","sticky":false,"template":"","format":"standard","meta":{"wp_typography_post_enhancements_disabled":false,"footnotes":""},"categories":[138],"tags":[],"ppma_author":[540],"class_list":["post-1203","post","type-post","status-publish","format-standard","hentry","category-bulletin-de-la-federation-jurassienne-n14-1er-aout-1872"],"authors":[{"term_id":540,"user_id":1,"is_guest":0,"slug":"admin_3gikpwyf","display_name":"Vincent Dubuc","avatar_url":"https:\/\/secure.gravatar.com\/avatar\/d015720652c25fd2ced191ade86430094e1f288a17483713e3b34d26dea52507?s=96&d=mm&r=g","author_category":"","user_url":"https:\/\/la-presse-anarchiste.net","last_name":"Dubuc","first_name":"Vincent","job_title":"","description":""}],"_links":{"self":[{"href":"https:\/\/la-presse-anarchiste.net\/index.php\/wp-json\/wp\/v2\/posts\/1203","targetHints":{"allow":["GET"]}}],"collection":[{"href":"https:\/\/la-presse-anarchiste.net\/index.php\/wp-json\/wp\/v2\/posts"}],"about":[{"href":"https:\/\/la-presse-anarchiste.net\/index.php\/wp-json\/wp\/v2\/types\/post"}],"author":[{"embeddable":true,"href":"https:\/\/la-presse-anarchiste.net\/index.php\/wp-json\/wp\/v2\/users\/1"}],"replies":[{"embeddable":true,"href":"https:\/\/la-presse-anarchiste.net\/index.php\/wp-json\/wp\/v2\/comments?post=1203"}],"version-history":[{"count":0,"href":"https:\/\/la-presse-anarchiste.net\/index.php\/wp-json\/wp\/v2\/posts\/1203\/revisions"}],"wp:attachment":[{"href":"https:\/\/la-presse-anarchiste.net\/index.php\/wp-json\/wp\/v2\/media?parent=1203"}],"wp:term":[{"taxonomy":"category","embeddable":true,"href":"https:\/\/la-presse-anarchiste.net\/index.php\/wp-json\/wp\/v2\/categories?post=1203"},{"taxonomy":"post_tag","embeddable":true,"href":"https:\/\/la-presse-anarchiste.net\/index.php\/wp-json\/wp\/v2\/tags?post=1203"},{"taxonomy":"author","embeddable":true,"href":"https:\/\/la-presse-anarchiste.net\/index.php\/wp-json\/wp\/v2\/ppma_author?post=1203"}],"curies":[{"name":"wp","href":"https:\/\/api.w.org\/{rel}","templated":true}]}}