{"id":1231,"date":"2008-01-27T17:37:25","date_gmt":"2008-01-27T17:37:25","guid":{"rendered":"https:\/\/la-presse-anarchiste.net\/index.php\/2008\/01\/27\/lectures-50\/"},"modified":"2008-01-27T17:37:25","modified_gmt":"2008-01-27T17:37:25","slug":"lectures-50","status":"publish","type":"post","link":"https:\/\/la-presse-anarchiste.net\/index.php\/2008\/01\/27\/lectures-50\/","title":{"rendered":"Lectures"},"content":{"rendered":"<div class=\"pdfprnt-buttons pdfprnt-buttons-post pdfprnt-top-right\"><a href=\"https:\/\/la-presse-anarchiste.net\/index.php\/wp-json\/wp\/v2\/posts\/1231?print=pdf\" class=\"pdfprnt-button pdfprnt-button-pdf\" target=\"_blank\"><img decoding=\"async\" src=\"https:\/\/la-presse-anarchiste.net\/wp-content\/plugins\/pdf-print\/images\/pdf.png\" alt=\"image_pdf\" title=\"Afficher le PDF\"><\/a><a href=\"https:\/\/la-presse-anarchiste.net\/index.php\/wp-json\/wp\/v2\/posts\/1231?print=print\" class=\"pdfprnt-button pdfprnt-button-print\" target=\"_blank\"><img decoding=\"async\" src=\"https:\/\/la-presse-anarchiste.net\/wp-content\/plugins\/pdf-print\/images\/print.png\" alt=\"image_print\" title=\"Contenu imprim\u00e9\"><\/a><\/div><p style=\"margin-right: 1.02cm; text-indent: 1.49cm; margin-bottom: 0cm;\" align=\"justify\">\n<span lang=\"fr-FR\"><font style=\"font-size: 13pt;\" size=\"3\"><font face=\"Garamond\"><font color=\"#000000\">On<br>\npeut dire que la der\u00adni\u00e8re \u0153uvre d\u2019Ignazio Silone, <i>le<br>\nRenard et les Cam\u00e9\u00adlias<\/i> [[Aux<br>\nEdi\u00adtions Ber\u00adnard Grasset.]],excellemment tra\u00adduite&nbsp;de<br>\nl\u2019italien par notre ami Jean Paul Sam\u00adson, a remis son auteur en<br>\nques\u00adtion, du moins en France. Serait-ce parce que Silone est&nbsp;\u00e0<br>\nun tour\u00adnant de son \u0153uvre ou bien parce que son livre para\u00eet<br>\ntrop ambi\u00adgu&nbsp;? A moins, tout sim\u00adple\u00adment, que Silone soit plus&nbsp;\u00e0<br>\nson aise dans le roman que dans le r\u00e9cit, <i>le Renard et&nbsp;les<br>\nCam\u00e9\u00adlias <\/i>\u00e9tant, semble-t-il, le pre\u00admier&nbsp;r\u00e9cit<br>\nqu\u2019il ait \u00e9crit. [[Mieux<br>\nvau\u00addrait-il dire le pre\u00admier r\u00e9cit qu\u2019il recon\u00adnaisse vraiment<br>\npour sien. Un ancien recueil de nou\u00advelles, <i>le Voyage \u00e0<br>\nParis, <\/i>non tra\u00adduit en fran\u00ad\u00e7ais, a ces\u00ads\u00e9 de&nbsp;le<br>\nsatis\u00adfaire. (T.)]]<\/font><\/font><\/font><\/span><\/p>\n<p style=\"margin-right: 1.02cm; text-indent: 1.49cm; margin-bottom: 0cm;\" align=\"justify\">\n<span lang=\"fr-FR\"><font style=\"font-size: 13pt;\" size=\"3\"><font face=\"Garamond\"><font style=\"font-size: 13pt;\" size=\"3\"><font face=\"Garamond\"><font color=\"#000000\">En<br>\neffet, si Jean Blan\u00adzat, dans <i>le Figa\u00adro lit\u00adt\u00e9\u00adraire, <\/i>montre<br>\navec rai\u00adson que ce livre est \u00ab&nbsp;plein de silences et de secrets&nbsp;\u00bb,<br>\net qu\u2019il contient tous les grands th\u00e8mes chers au romancier<br>\nita\u00adlien, Antoine Anto\u00adni\u00adni dans <i>les Nou\u00advelles litt\u00e9raires,<br>\n<\/i>dit qu\u2019il confirme l\u2019\u0153uvre enti\u00e8re d\u2019Ignazio Silone<br>\ncomme t\u00e9moi\u00adgnage humain sans valeur artis\u00adtique, certes<br>\nsin\u00adc\u00e8re, ami\u00adcal et fid\u00e8le, mais aus\u00adsi simple, banal&nbsp;et<br>\npauvre&nbsp;; quant \u00e0 Domi\u00adnique Fer\u00adnan\u00addez, dans <i>l\u2019Express, <\/i>il<br>\nsou\u00adtient que ce qui limite le t\u00e9moi\u00adgnage humain de cette&nbsp;\u0153uvre<br>\npar ailleurs impor\u00adtante et valable, c\u2019est un exc\u00e8s d\u2019art,<br>\nun go\u00fbt de la construc\u00adtion mys\u00adt\u00e9\u00adrieuse, des personnages<br>\n\u00e0 la fois trop intel\u00adlec\u00adtuels et trop pay\u00adsans, complaisamment<br>\nellip\u00adtiques et sibyl\u00adlin. Il est clair que ces deux der\u00adniers points de<br>\nvue s\u2019opposent on ne peut mieux, ce qui les condamne en par\u00adtie.&nbsp;Et<br>\npour\u00adtant, ils sont loin d\u2019\u00eatre tota\u00adle\u00adment inexacts. Essayons<br>\nde voir pourquoi.<\/font><\/font><\/font><\/font><\/font><\/span><\/p>\n<p style=\"margin-right: 1.02cm; text-indent: 1.49cm; margin-bottom: 0cm;\" align=\"justify\">\n<span lang=\"fr-FR\"><font style=\"font-size: 13pt;\" size=\"3\"><font face=\"Garamond\"><font style=\"font-size: 13pt;\" size=\"3\"><font face=\"Garamond\"><font color=\"#000000\">Les<br>\nromans d\u2019Ignazio Silone ne sont pas des romans \u00e0&nbsp;th\u00e8se,<br>\nmais ils sont tous empreints de cette haute id\u00e9e, \u00e0&nbsp;la<br>\nfois poli\u00adtique et morale, que les hommes se devraient d\u2019\u00eatre<br>\nenfin des hommes&nbsp;: res\u00adpon\u00adsables et hon\u00adn\u00eates, lucides et&nbsp;bons.<br>\nLes hommes ain\u00adsi peints, meilleurs que nature peut-\u00eatre, un&nbsp;peu<br>\n\u00e9di\u00adfiants, il est bien cer\u00adtain qu\u2019ils sont profond\u00e9ment<br>\nfils de Silone et que leurs his\u00adtoires, pour \u00eatre de&nbsp;notre<br>\nsi\u00e8cle, sont quelque peu \u00ab&nbsp;d\u00e9monstrativement&nbsp;\u00bb<br>\nconstruites, agen\u00adc\u00e9es et diri\u00adg\u00e9es, d\u2019o\u00f9<br>\npar\u00adfois cette g\u00eanante impres\u00adsion de \u00ab&nbsp;rouages et&nbsp;de<br>\npro\u00adc\u00e9\u00add\u00e9s&nbsp;\u00bb qui est celle de Domi\u00adnique Fernandez.<br>\nDe plus, Igna\u00adzio Silone, pour concr\u00e9\u00adti\u00adser ses pens\u00e9es,<br>\ncroyances et convic\u00adtions, pour les huma\u00adni\u00adser, leur don\u00adner vie&nbsp;et<br>\npou\u00advoir, emploie un style volon\u00adtai\u00adre\u00adment d\u00e9pouill\u00e9 et<br>\nsimple, sans effets ni recherches. N\u2019oublions pas qu\u2019au contraire<br>\nde la plu\u00adpart des \u00e9cri\u00advains fran\u00ad\u00e7ais et comme beaucoup<br>\nd\u2019\u00e9crivains ita\u00adliens et espa\u00adgnols, il d\u00e9crit un&nbsp;monde<br>\nde pay\u00adsans et d\u2019ouvriers \u00ab&nbsp;terre \u00e0 terre&nbsp;\u00bb,&nbsp;sans<br>\nculture livresque ni sub\u00adti\u00adli\u00adt\u00e9 psy\u00adcho\u00adlo\u00adgique, \u00e9loign\u00e9<br>\nde tout dilet\u00adtan\u00adtisme genre pari\u00adsien. Aus\u00adsi Antoine Anto\u00adni\u00adni a\u2011t-il<br>\nrai\u00adson de consta\u00adter \u00ab&nbsp;la bana\u00adli\u00adt\u00e9 de l\u2019expression&nbsp;\u00bb,<br>\nmais tort de la repro\u00adcher \u00e0 l\u2019auteur (n\u2019est-ce pas&nbsp;la<br>\nm\u00eame, apr\u00e8s tout, que celles du Camus de <i>la Peste, <\/i>du<br>\nSartre des <i>Che\u00admins de la liber\u00adt\u00e9, <\/i>du Guilloux de <i>La<br>\nMai\u00adson du peuple?). <\/i>Certes, on peut faire grief \u00e0 Silone<br>\nde cer\u00adtaines des\u00adcrip\u00adtions un peu trop som\u00admaires, de certaines<br>\ncom\u00adpa\u00adrai\u00adsons un peu trop faciles, mais alors ayons la bonne foi&nbsp;de<br>\nrendre hom\u00admage \u00e0 ses dia\u00adlogues, tou\u00adjours remarquablement<br>\nconcis et dra\u00adma\u00adtiques, qui com\u00adpensent lar\u00adge\u00adment les fai\u00adblesses cit\u00e9es<br>\nplus haut. Quant au mys\u00adt\u00e8re des \u0153uvres, \u00e0 leur sens&nbsp;du<br>\nsocial, \u00e0 leur \u00e9po\u00adp\u00e9e, \u00e0 leur s\u00e9rieux,<br>\nje ne crois pas qu\u2019il soit pos\u00adsible de leur adres\u00adser la moindre<br>\ncri\u00adtique, tant ces qua\u00adli\u00adt\u00e9s t\u00e9moignent toutes du&nbsp;grand<br>\ntalent d\u2019Ignazio Silone. Nous savons qu\u2019il n\u2019est per\u00admis qu\u2019\u00e0<br>\nquelques-uns de faire vrai tout en fai\u00adsant beau et bien, n\u2019allons<br>\npas \u00e0 regret\u00adter pareil don, encore moins le d\u00e9nigrer.<\/font><\/font><\/font><\/font><\/font><\/span><\/p>\n<p style=\"margin-right: 1.02cm; text-indent: 1.49cm; margin-bottom: 0cm;\" align=\"justify\">\n<span lang=\"fr-FR\"><font style=\"font-size: 13pt;\" size=\"3\"><font face=\"Garamond\"><font style=\"font-size: 13pt;\" size=\"3\"><font face=\"Garamond\"><font color=\"#000000\">Mais<br>\nlais\u00adsons <i>Fon\u00adta\u00adma\u00adra, Une poi\u00adgn\u00e9e de m\u00fbres, le Secret<br>\nde Luc, <\/i>et reve\u00adnons \u00e0 ce der\u00adnier r\u00e9cit, <i>le<br>\nRenard et les Cam\u00e9\u00adlias, <\/i>com\u00admer\u00adcia\u00adle\u00adment baptis\u00e9s<br>\nsur la cou\u00adver\u00adture \u00ab&nbsp;roman&nbsp;\u00bb (alors qu\u2019il y a bien&nbsp;\u00e0<br>\nl\u2019int\u00e9rieur \u00ab&nbsp;r\u00e9cit&nbsp;\u00bb). Disons tout&nbsp;de<br>\nsuite que le titre, qui fait son\u00adger \u00e0 celui d\u2019une&nbsp;fable,<br>\nnous para\u00eet assez mal choi\u00adsi. Il accen\u00adtue encore l\u2019effet<br>\nsym\u00adbo\u00adlique qu\u2019appr\u00e9cient plu\u00adt\u00f4t mal les critiques<br>\nfran\u00ad\u00e7ais. L\u2019action d\u2019ailleurs, comme voil\u00e9e,<br>\nseule\u00adment sug\u00adg\u00e9\u00adr\u00e9e, per\u00admet plu\u00adsieurs interpr\u00e9tations,<br>\ny com\u00adpris les plus sau\u00adgre\u00adnues et les plus abu\u00adsives (voir celle&nbsp;de<br>\nDomi\u00adnique Fer\u00adnan\u00addez par exemple). Elle se d\u00e9roule en Suisse,<br>\ndans le Tes\u00adsin, pr\u00e8s de la fron\u00adti\u00e8re ita\u00adlienne, en&nbsp;un<br>\ntemps o\u00f9 le fas\u00adcisme s\u2019infiltrait un peu par\u00adtout, avec&nbsp;cette<br>\nvile\u00adnie propre \u00e0 tout mou\u00adve\u00adment dictatorial.<\/font><\/font><\/font><\/font><\/font><\/span><\/p>\n<p style=\"margin-right: 1.02cm; text-indent: 1.49cm; margin-bottom: 0cm;\" align=\"justify\" lang=\"fr-FR\">\n<font style=\"font-size: 13pt;\" size=\"3\"><font face=\"Garamond\"><font color=\"#000000\"><font face=\"Garamond\"><font style=\"font-size: 13pt;\" size=\"3\">Mais<br>\nnous n\u2019allons pas d\u00e9flo\u00adrer l\u2019histoire qui, comme toujours<br>\nchez Silone, ne manque pas de phases impr\u00e9\u00advues et dramatiques,<br>\nles rebon\u00addis\u00adse\u00adments entre\u00adte\u00adnant la ten\u00adsion. L\u2019int\u00e9r\u00eat<br>\nlit\u00adt\u00e9\u00adraire de ce r\u00e9cit na\u00eet jus\u00adte\u00adment [de] ce&nbsp;que<br>\nl\u2019espionnage et le roma\u00adnesque se passent fort bien de com\u00adplots&nbsp;et<br>\nd\u2019intrigues, mettent en \u00e9vi\u00addence l\u2019angoisse et<br>\nl\u2019impr\u00e9visible de la lutte clan\u00addes\u00adtine, les dan\u00adgers et&nbsp;les<br>\nincer\u00adti\u00adtudes de la r\u00e9sis\u00adtance popu\u00adlaire, les rai\u00adsons et&nbsp;les<br>\nsen\u00adti\u00adments des per\u00adson\u00adnages, unis pour la plu\u00adpart par des&nbsp;liens<br>\nami\u00adcaux ou fami\u00adliaux. Remar\u00adquons encore que si l\u2019action est pleine<br>\nde mys\u00adt\u00e8res, de brumes et de secrets, les h\u00e9ros&nbsp;sont<br>\ntou\u00adjours simples et clairs, leurs actes volon\u00adtaires et pr\u00e9cis.<br>\nTous sont de bonne foi et ont de bonnes rai\u00adsons d\u2019agir comme il&nbsp;le<br>\nfont, selon leur conscience ou leur c\u0153ur&nbsp;: que ce soit Daniele, homme<br>\nhon\u00adn\u00eate par excel\u00adlence, aus\u00adsi bon et sen\u00adsible que cou\u00adra\u00adgeux&nbsp;et<br>\ntenace&nbsp;; Sil\u00advia, sa fille, empor\u00adt\u00e9e par une sou\u00addaine passion,<br>\npos\u00ads\u00e9\u00addant les m\u00eames cou\u00adra\u00adgeuses qua\u00adli\u00adt\u00e9s que&nbsp;son<br>\np\u00e8re&nbsp;; Agos\u00adti\u00adno, son ami, violent et confiant, aux sentiments<br>\n\u00e9l\u00e9\u00admen\u00adtaires et justes&nbsp;; Feluce, l\u2019espion, trop&nbsp;jeune<br>\npour vrai\u00adment l\u2019\u00eatre, et qui va se trou\u00adver d\u00e9chir\u00e9<br>\nentre sa mis\u00adsion et son amour&nbsp;; et Nun\u00adzia\u00adti\u00adna, mer\u00adveilleuse petite<br>\nvieille, irres\u00adpon\u00adsable et vic\u00adtime&nbsp;; et Filo\u00adme\u00adna, \u00e9pouse fid\u00e8le<br>\net laco\u00adnique, souf\u00adfrant en silence&nbsp;; et Lui\u00adsa, jeune fille&nbsp;qui<br>\ncom\u00adprend peu \u00e0 peu qu\u2019elle seule, mal\u00adgr\u00e9 le manque<br>\nd\u2019exp\u00e9rience, peut aider les membres de sa famille, les<br>\nsau\u00adver peut-\u00eatre, et s\u2019y emploie de toute sa jeune \u00e9nergie.<\/font><\/font><\/font><\/font><\/font><\/p>\n<p style=\"margin-right: 1.02cm; text-indent: 1.49cm; margin-bottom: 0cm;\" align=\"justify\">\n<span lang=\"fr-FR\"><font style=\"font-size: 13pt;\" size=\"3\"><font face=\"Garamond\"><font style=\"font-size: 13pt;\" size=\"3\"><font face=\"Garamond\"><font color=\"#000000\">Il<br>\nest regret\u00adtable sans doute que des pro\u00adta\u00adgo\u00adnistes cam\u00adp\u00e9s&nbsp;avec<br>\nune psy\u00adcho\u00adlo\u00adgie aus\u00adsi s\u00fbre et aus\u00adsi souple, ne soient pas&nbsp;aux<br>\nprises avec un drame plus vrai\u00adsem\u00adblable, plus \u00ab&nbsp;n\u00e9cessaire&nbsp;\u00bb<br>\n\u00e0 l\u2019auteur. Ce qui g\u00eane dans le r\u00e9cit, \u00e9crit<br>\navec un art consom\u00adm\u00e9, c\u2019est qu\u2019il fasse trop souvent<br>\nson\u00adger, par son habi\u00adle\u00adt\u00e9 m\u00eame, \u00e0 un sc\u00e9nario,<br>\n\u00e0 un mon\u00adtage quelque peu gra\u00adtuit. Mais les per\u00adson\u00adnages, eux,<br>\nsont bien de Silone admi\u00adra\u00adble\u00adment humains parce que proches de ce&nbsp;qui<br>\nles entoure et de ce qui les marque, nature, milieu, pays, ce&nbsp;qui<br>\npour\u00adtant n\u2019emp\u00eache aucun d\u2019entre eux d\u2019\u00eatre<br>\n\u00e9ga\u00adle\u00adment r\u00e9fl\u00e9\u00adchi, moral et sinc\u00e8re.<br>\nAus\u00adsi, mal\u00adgr\u00e9 le peu de poids qu\u2019il apporte \u00e0 l\u2019\u0153uvre<br>\nenti\u00e8re de Silone, ce r\u00e9cit consti\u00adtue-t-il une&nbsp;tr\u00e8s<br>\nbelle lec\u00adture, plai\u00adsante \u00e0 la fois et tonique, chose toujours<br>\nrare dans les lettres actuelles.<\/font><\/font><\/font><\/font><\/font><\/span><\/p>\n<p style=\"margin-right: 1.02cm; text-indent: 1.49cm; margin-bottom: 0cm;\" align=\"justify\" lang=\"fr-FR\">\n<font style=\"font-size: 13pt;\" size=\"3\"><font face=\"Garamond\"><font color=\"#000000\"><font face=\"Garamond\"><font style=\"font-size: 13pt;\" size=\"3\"><b>Georges<br>\nBelle<\/b><\/font><\/font><\/font><\/font><\/font><\/p>\n","protected":false},"excerpt":{"rendered":"<p>On peut dire que la der\u00adni\u00e8re \u0153uvre d\u2019Ignazio Silone, le Renard et les Cam\u00e9\u00adlias [[Aux Edi\u00adtions Ber\u00adnard Grasset.]],excellemment tra\u00adduite&nbsp;de l\u2019italien par notre ami Jean Paul Sam\u00adson, a remis son auteur en ques\u00adtion, du moins en France. Serait-ce parce que Silone est&nbsp;\u00e0 un tour\u00adnant de son \u0153uvre ou bien parce que son livre para\u00eet trop ambigu&nbsp;?&nbsp;[\u2026]<\/p>\n","protected":false},"author":1,"featured_media":0,"comment_status":"closed","ping_status":"closed","sticky":false,"template":"","format":"standard","meta":{"wp_typography_post_enhancements_disabled":false,"footnotes":""},"categories":[139],"tags":[],"ppma_author":[540],"class_list":["post-1231","post","type-post","status-publish","format-standard","hentry","category-temoins-n25-novembre-1960"],"authors":[{"term_id":540,"user_id":1,"is_guest":0,"slug":"admin_3gikpwyf","display_name":"Vincent Dubuc","avatar_url":"https:\/\/secure.gravatar.com\/avatar\/d015720652c25fd2ced191ade86430094e1f288a17483713e3b34d26dea52507?s=96&d=mm&r=g","author_category":"","user_url":"https:\/\/la-presse-anarchiste.net","last_name":"Dubuc","first_name":"Vincent","job_title":"","description":""}],"_links":{"self":[{"href":"https:\/\/la-presse-anarchiste.net\/index.php\/wp-json\/wp\/v2\/posts\/1231","targetHints":{"allow":["GET"]}}],"collection":[{"href":"https:\/\/la-presse-anarchiste.net\/index.php\/wp-json\/wp\/v2\/posts"}],"about":[{"href":"https:\/\/la-presse-anarchiste.net\/index.php\/wp-json\/wp\/v2\/types\/post"}],"author":[{"embeddable":true,"href":"https:\/\/la-presse-anarchiste.net\/index.php\/wp-json\/wp\/v2\/users\/1"}],"replies":[{"embeddable":true,"href":"https:\/\/la-presse-anarchiste.net\/index.php\/wp-json\/wp\/v2\/comments?post=1231"}],"version-history":[{"count":0,"href":"https:\/\/la-presse-anarchiste.net\/index.php\/wp-json\/wp\/v2\/posts\/1231\/revisions"}],"wp:attachment":[{"href":"https:\/\/la-presse-anarchiste.net\/index.php\/wp-json\/wp\/v2\/media?parent=1231"}],"wp:term":[{"taxonomy":"category","embeddable":true,"href":"https:\/\/la-presse-anarchiste.net\/index.php\/wp-json\/wp\/v2\/categories?post=1231"},{"taxonomy":"post_tag","embeddable":true,"href":"https:\/\/la-presse-anarchiste.net\/index.php\/wp-json\/wp\/v2\/tags?post=1231"},{"taxonomy":"author","embeddable":true,"href":"https:\/\/la-presse-anarchiste.net\/index.php\/wp-json\/wp\/v2\/ppma_author?post=1231"}],"curies":[{"name":"wp","href":"https:\/\/api.w.org\/{rel}","templated":true}]}}