{"id":1232,"date":"2008-01-27T17:46:10","date_gmt":"2008-01-27T17:46:10","guid":{"rendered":"https:\/\/la-presse-anarchiste.net\/index.php\/2008\/01\/27\/souverainete-et-independance\/"},"modified":"2008-01-27T17:46:10","modified_gmt":"2008-01-27T17:46:10","slug":"souverainete-et-independance","status":"publish","type":"post","link":"https:\/\/la-presse-anarchiste.net\/index.php\/2008\/01\/27\/souverainete-et-independance\/","title":{"rendered":"Souverainet\u00e9 et ind\u00e9pendance"},"content":{"rendered":"<div class=\"pdfprnt-buttons pdfprnt-buttons-post pdfprnt-top-right\"><a href=\"https:\/\/la-presse-anarchiste.net\/index.php\/wp-json\/wp\/v2\/posts\/1232?print=pdf\" class=\"pdfprnt-button pdfprnt-button-pdf\" target=\"_blank\"><img decoding=\"async\" src=\"https:\/\/la-presse-anarchiste.net\/wp-content\/plugins\/pdf-print\/images\/pdf.png\" alt=\"image_pdf\" title=\"Afficher le PDF\"><\/a><a href=\"https:\/\/la-presse-anarchiste.net\/index.php\/wp-json\/wp\/v2\/posts\/1232?print=print\" class=\"pdfprnt-button pdfprnt-button-print\" target=\"_blank\"><img decoding=\"async\" src=\"https:\/\/la-presse-anarchiste.net\/wp-content\/plugins\/pdf-print\/images\/print.png\" alt=\"image_print\" title=\"Contenu imprim\u00e9\"><\/a><\/div><p style=\"margin-right: 1.02cm; text-indent: 1.49cm; margin-bottom: 0cm;\" align=\"justify\" lang=\"fr-FR\">\n<font color=\"#000000\"><font face=\"Garamond\"><font style=\"font-size: 13pt;\" size=\"3\"><i>Il<br>\nn\u2019y a pas que l\u2019Alg\u00e9rie. L\u2019orientation g\u00e9n\u00e9rale<br>\nde la poli\u00adtique \u00e9tran\u00adg\u00e8re de la France, l\u2019accent mis<br>\nsur \u00ab&nbsp;l\u2019Europe des patries&nbsp;\u00bb, les concep\u00adtions rela\u00adtives&nbsp;\u00e0<br>\nune r\u00e9forme \u00ab&nbsp;direc\u00adto\u00adriale&nbsp;\u00bb de l\u2019Otan, la<br>\nbou\u00adde\u00adrie spec\u00adta\u00adcu\u00adlaire oppo\u00ads\u00e9e aux ins\u00adti\u00adtu\u00adtions de l\u2019Onu, le<br>\npro\u00adjet, enfin, ten\u00addant \u00e0 la cr\u00e9a\u00adtion d\u2019une \u00ab&nbsp;force<br>\nde frappe&nbsp;\u00bb natio\u00adnale, tout indique, dans l\u2019esprit du pr\u00e9sent<br>\ngou\u00adver\u00adne\u00adment, une ana\u00adchro\u00adnique nos\u00adtal\u00adgie des temps r\u00e9volus.<br>\nAus\u00adsi ne pour\u00adra-t-on relire qu\u2019avec un int\u00e9\u00adr\u00eat&nbsp;\u00e0<br>\nla fois accru et actuel ce texte de l\u2019allocution prononc\u00e9e<br>\npar L\u00e9on Blum, le 24 avril 1948, \u00e0 la conf\u00e9rence<br>\nsocia\u00adliste de Paris sur les \u00c9tats-Unis d\u2019Europe, et que \u00ab&nbsp;le<br>\nPopu\u00adlaire&nbsp;\u00bb devait repro\u00adduire plus tard dans son num\u00e9ro<br>\ndu 21 sep\u00adtembre 1959.<\/i><\/font><\/font><\/font><\/p>\n<p style=\"margin-right: 1.02cm; text-indent: 1.49cm; margin-bottom: 0cm;\" align=\"justify\" lang=\"fr-FR\">\n<font color=\"#000000\"><font face=\"Garamond\"><font style=\"font-size: 13pt;\" size=\"3\">\u00ab&nbsp;Pas<br>\nplus que l\u2019Europe n\u2019est un tout, elle n\u2019est une fin derni\u00e8re,<br>\nune fin en&nbsp;soi.<\/font><\/font><\/font><\/p>\n<p style=\"margin-right: 1.02cm; text-indent: 1.49cm; margin-bottom: 0cm;\" align=\"justify\" lang=\"fr-FR\">\n<font color=\"#000000\"><font face=\"Garamond\"><font style=\"font-size: 13pt;\" size=\"3\">La<br>\nsolu\u00adtion euro\u00adp\u00e9enne se pr\u00e9\u00adsente \u00e0 la fois&nbsp;comme<br>\nun exp\u00e9\u00addient et comme une \u00e9tape, mais nous n\u2019entendons<br>\naucu\u00adne\u00adment sub\u00adsti\u00adtuer d\u00e9fi\u00adni\u00adti\u00adve\u00adment la concep\u00adtion europ\u00e9enne,<br>\nl\u2019id\u00e9alisme euro\u00adp\u00e9en \u00e0 la conception<br>\ninter\u00adna\u00adtio\u00adnale et \u00e0 l\u2019id\u00e9alisme international.<\/font><\/font><\/font><\/p>\n<p style=\"margin-right: 1.02cm; text-indent: 1.49cm; margin-bottom: 0cm;\" align=\"justify\" lang=\"fr-FR\">\n<font color=\"#000000\"><font face=\"Garamond\"><font style=\"font-size: 13pt;\" size=\"3\">Nous<br>\nsommes r\u00e9duits \u00e0 orga\u00adni\u00adser l\u2019Europe \u00e9conomiquement<br>\net poli\u00adti\u00adque\u00adment, parce que dans l\u2019\u00e9tat pr\u00e9\u00adsent,&nbsp;dans<br>\nl\u2019\u00e9tat actuel des choses, nous consta\u00adtons que la communaut\u00e9<br>\ninter\u00adna\u00adtio\u00adnale est impuis\u00adsante \u00e0 assu\u00adrer, d\u2019une part,&nbsp;la<br>\nrecons\u00adti\u00adtu\u00adtion mat\u00e9\u00adrielle de nos pays rava\u00adg\u00e9s&nbsp;et<br>\nrui\u00adn\u00e9s, et, d\u2019autre part, la conci\u00adlia\u00adtion et la pacification<br>\nuniverselles.<\/font><\/font><\/font><\/p>\n<p style=\"margin-right: 1.02cm; text-indent: 1.49cm; margin-bottom: 0cm;\" align=\"justify\" lang=\"fr-FR\">\n<font color=\"#000000\"><font face=\"Garamond\"><font style=\"font-size: 13pt;\" size=\"3\">Et<br>\nnous esp\u00e9\u00adrons que la posi\u00adtion inter\u00adm\u00e9\u00addiaire de l\u2019Europe<br>\nentre l\u2019Am\u00e9rique et l\u2019Asie, que les affinit\u00e9s<br>\nmul\u00adtiples qui per\u00admettent aux nations libres et paci\u00adfiques d\u2019Europe<br>\nune action com\u00admune, leur per\u00admet\u00adtront de jouer entre de grandes forces<br>\nm\u00e9fiantes, soup\u00ad\u00e7on\u00adneuses et tout pr\u00e8s de devenir<br>\nanta\u00adgo\u00adnistes, un r\u00f4le indis\u00adpen\u00adsable de per\u00adsua\u00adsion r\u00e9ciproque<br>\net de conciliation.<\/font><\/font><\/font><\/p>\n<p style=\"margin-right: 1.02cm; text-indent: 1.49cm; margin-bottom: 0cm;\" align=\"justify\" lang=\"fr-FR\">\n<font color=\"#000000\"><font face=\"Garamond\"><font style=\"font-size: 13pt;\" size=\"3\">Cette<br>\n\u0153uvre nous appa\u00adra\u00eet comme n\u00e9ces\u00adsaire, comme urgente,<br>\nmais c\u2019est l\u2019organisation plei\u00adne\u00adment effi\u00adcace de la communaut\u00e9<br>\ninter\u00adna\u00adtio\u00adnale qui demeure pour nous la fin en soi, la fin derni\u00e8re.<br>\nL\u2019organisation euro\u00adp\u00e9enne, l\u2019unification europ\u00e9enne<br>\nne sont pour nous qu\u2019un moyen de sup\u00adpl\u00e9er tem\u00adpo\u00adrai\u00adre\u00adment&nbsp;et<br>\nde par\u00adve\u00adnir d\u00e9fi\u00adni\u00adti\u00adve\u00adment \u00e0 l\u2019organisation et&nbsp;\u00e0<br>\nl\u2019unification universelles.<\/font><\/font><\/font><\/p>\n<p style=\"margin-right: 1.02cm; text-indent: 1.49cm; margin-bottom: 0cm;\" align=\"justify\" lang=\"fr-FR\">\n<font color=\"#000000\"><font face=\"Garamond\"><font style=\"font-size: 13pt;\" size=\"3\">Je<br>\nn\u2019ajouterai plus qu\u2019une r\u00e9flexion&nbsp;: qu\u2019il s\u2019agisse de<br>\nla com\u00admu\u00adnau\u00adt\u00e9 inter\u00adna\u00adtio\u00adnale ou qu\u2019il s\u2019agisse de&nbsp;la<br>\nf\u00e9d\u00e9\u00adra\u00adtion euro\u00adp\u00e9enne, nous nous trou\u00advons devant<br>\nle m\u00eame obs\u00adtacle, et cet obs\u00adtacle est une cer\u00adtaine conception<br>\nde l\u2019id\u00e9e de sou\u00adve\u00adrai\u00adne\u00adt\u00e9 nationale.<\/font><\/font><\/font><\/p>\n<p style=\"margin-right: 1.02cm; text-indent: 1.49cm; margin-bottom: 0cm;\" align=\"justify\" lang=\"fr-FR\">\n<font color=\"#000000\"><font face=\"Garamond\"><font style=\"font-size: 13pt;\" size=\"3\"><b>Que<br>\nl\u2019id\u00e9e de la sou\u00adve\u00adrai\u00adne\u00adt\u00e9 natio\u00adnale, l\u2019id\u00e9e<br>\nde la sou\u00adve\u00adrai\u00adne\u00adt\u00e9 illi\u00admi\u00adt\u00e9e, de la souverainet\u00e9<br>\nincon\u00adtr\u00f4\u00adl\u00e9e, inali\u00e9\u00adnable de chaque \u00c9tat<br>\nsoit un obs\u00adtacle \u00e0 tout effort d\u2019organisation, c\u2019est&nbsp;une<br>\nassez vieille aven\u00adture, il en a \u00e9t\u00e9 ain\u00adsi avant&nbsp;la<br>\nSoci\u00e9\u00adt\u00e9 des nations. C\u2019est cette m\u00eame&nbsp;id\u00e9e<br>\nqui a sous\u00adtrait \u00e0 la Soci\u00e9\u00adt\u00e9 des nations les<br>\nlitiges les plus graves et qui l\u2019a para\u00adly\u00ads\u00e9e par la&nbsp;r\u00e8gle<br>\nde l\u2019unanimit\u00e9.<\/b><\/font><\/font><\/font><\/p>\n<p style=\"margin-right: 1.02cm; text-indent: 1.49cm; margin-bottom: 0cm;\" align=\"justify\" lang=\"fr-FR\">\n<font color=\"#000000\"><font face=\"Garamond\"><font style=\"font-size: 13pt;\" size=\"3\"><b>C\u2019est<br>\ncette id\u00e9e qui, \u00e0 San Fran\u00adcis\u00adco, a paralys\u00e9<br>\nirr\u00e9\u00adm\u00e9\u00addia\u00adble\u00adment l\u2019Onu par la r\u00e8gle funeste du<br>\nveto.<\/b><\/font><\/font><\/font><\/p>\n<p style=\"margin-right: 1.02cm; text-indent: 1.49cm; margin-bottom: 0cm;\" align=\"justify\" lang=\"fr-FR\">\n<font color=\"#000000\"><font face=\"Garamond\"><font style=\"font-size: 13pt;\" size=\"3\">Il<br>\nen a \u00e9t\u00e9 ain\u00adsi hier, il en est ain\u00adsi aujourd\u2019hui, il<br>\nen sera ain\u00adsi demain, et, en ce qui me concerne, aucun travail<br>\nd\u2019esprit et aucun effort de pro\u00adpa\u00adgande ne me para\u00eet plus<br>\nn\u00e9ces\u00adsaire que d\u2019analyser et d\u2019\u00e9lucider cette&nbsp;id\u00e9e<br>\nclai\u00adre\u00adment, de fa\u00e7on \u00e0 pou\u00advoir la com\u00adbattre corps&nbsp;\u00e0<br>\ncorps et de fa\u00e7on \u00e0 en venir \u00e0&nbsp;bout.<\/font><\/font><\/font><\/p>\n<p style=\"margin-right: 1.02cm; text-indent: 1.49cm; margin-bottom: 0cm;\" align=\"justify\" lang=\"fr-FR\">\n<font color=\"#000000\"><font face=\"Garamond\"><font style=\"font-size: 13pt;\" size=\"3\">A<br>\nl\u2019int\u00e9rieur d\u2019une com\u00admu\u00adnau\u00adt\u00e9 natio\u00adnale,&nbsp;\u00e0<br>\nl\u2019int\u00e9rieur d\u2019un \u00c9tat, nous admet\u00adtons, et c\u2019est<br>\nun pos\u00adtu\u00adlat de toutes les d\u00e9mo\u00adcra\u00adties, que chaque individu<br>\npos\u00ads\u00e8de un cer\u00adtain nombre de droits, de droits indi\u00advi\u00adduels, de<br>\ndroits civiques qui sont iden\u00adtiques et \u00e9gaux pour&nbsp;les<br>\ncitoyens, qui pr\u00e9\u00adsentent un carac\u00adt\u00e8re fon\u00adda\u00admen\u00adtal&nbsp;et<br>\naux\u00adquels nous esti\u00admons que le pacte social, lui-m\u00eame, ne&nbsp;peut<br>\npas por\u00adter atteinte&nbsp;; mais recon\u00adna\u00eetre \u00e0 l\u2019homme et&nbsp;aux<br>\ncitoyens un cer\u00adtain nombre de droits fon\u00adda\u00admen\u00adtaux inali\u00e9nables,<br>\natta\u00adch\u00e9s \u00e0 sa per\u00adsonne, n\u2019\u00e9quivaut en aucune<br>\nmani\u00e8re \u00e0 recon\u00adna\u00eetre en toute mati\u00e8re<br>\nl\u2019exercice d\u2019une liber\u00adt\u00e9 sans res\u00adtric\u00adtion, sans limite et<br>\nsans&nbsp;appel.<\/font><\/font><\/font><\/p>\n<p style=\"margin-right: 1.02cm; text-indent: 1.49cm; margin-bottom: 0cm;\" align=\"justify\" lang=\"fr-FR\">\n<font color=\"#000000\"><font face=\"Garamond\"><font style=\"font-size: 13pt;\" size=\"3\">Aucune<br>\nsoci\u00e9\u00adt\u00e9 natio\u00adnale n\u2019est pos\u00adsible, aucun&nbsp;\u00c9tat<br>\nn\u2019est viable si la volon\u00adt\u00e9 col\u00adlec\u00adtive expri\u00adm\u00e9e par&nbsp;la<br>\nmajo\u00adri\u00adt\u00e9 et for\u00admu\u00adl\u00e9e par la loi n\u2019intervient pas&nbsp;pour<br>\noppo\u00adser au jeu des liber\u00adt\u00e9s indi\u00advi\u00adduelles les res\u00adtric\u00adtions&nbsp;les<br>\nlimi\u00adta\u00adtions, les conci\u00adlia\u00adtions com\u00adman\u00add\u00e9es soit par la libert\u00e9<br>\ndes autres hommes, soit par l\u2019int\u00e9r\u00eat com\u00admun de&nbsp;la<br>\nsoci\u00e9t\u00e9.<\/font><\/font><\/font><\/p>\n<p style=\"margin-right: 1.02cm; text-indent: 1.49cm; margin-bottom: 0cm;\" align=\"justify\" lang=\"fr-FR\">\n<font color=\"#000000\"><font face=\"Garamond\"><font style=\"font-size: 13pt;\" size=\"3\">Et<br>\nbien, \u00e0 l\u2019int\u00e9rieur d\u2019une communaut\u00e9<br>\ninter\u00adna\u00adtio\u00adnale, qu\u2019elle soit euro\u00adp\u00e9enne ou qu\u2019elle soit<br>\nuni\u00adver\u00adselle, chaque \u00c9tat, grand et petit, pos\u00ads\u00e8de&nbsp;aussi<br>\ndes droits fon\u00adda\u00admen\u00adtaux aux\u00adquels le pacte com\u00admu\u00adnau\u00adtaire ne doit&nbsp;pas<br>\npor\u00adter atteinte. Il y a des droits des peuples comme il y a&nbsp;les<br>\ndroits de l\u2019homme et du citoyen.<\/font><\/font><\/font><\/p>\n<p style=\"margin-right: 1.02cm; text-indent: 1.49cm; margin-bottom: 0cm;\" align=\"justify\" lang=\"fr-FR\">\n<font color=\"#000000\"><font face=\"Garamond\"><font style=\"font-size: 13pt;\" size=\"3\">Je<br>\npro\u00adpose de d\u00e9si\u00adgner l\u2019ensemble de ces droits fon\u00adda\u00admen\u00adtaux&nbsp;et<br>\ninali\u00e9\u00adnables des peuples par le terme d\u2019ind\u00e9pendance<br>\net je dis que l\u2019ind\u00e9pendance de chaque nation doit&nbsp;\u00eatre<br>\nres\u00adpec\u00adt\u00e9e par les autres, res\u00adpec\u00adt\u00e9e et garan\u00adtie par&nbsp;la<br>\ncom\u00admu\u00adnau\u00adt\u00e9 elle-m\u00eame, c\u2019est-\u00e0-dire que<br>\nl\u2019int\u00e9grit\u00e9 poli\u00adtique et ter\u00adri\u00adto\u00adriale de chaque \u00c9tat,<br>\npetit ou grand, puis\u00adsant ou faible, doit \u00eatre \u00e9galement<br>\nres\u00adpec\u00adt\u00e9e, que toute agres\u00adsion contre lui doit&nbsp;\u00eatre<br>\ninter\u00addite, toute agres\u00adsion directe et toute agres\u00adsion indirecte.<\/font><\/font><\/font><\/p>\n<p style=\"margin-right: 1.02cm; text-indent: 1.49cm; margin-bottom: 0cm;\" align=\"justify\" lang=\"fr-FR\">\n<font color=\"#000000\"><font face=\"Garamond\"><font style=\"font-size: 13pt;\" size=\"3\">Je<br>\ndis qu\u2019elle doit pou\u00advoir dis\u00adpo\u00adser libre\u00adment d\u2019elle-m\u00eame,<br>\nqu\u2019elle doit prendre elle-m\u00eame\u200a\u2014\u200aet sans avoir&nbsp;\u00e0<br>\nredou\u00adter la pres\u00adsion d\u2019aucune autre puis\u00adsance voi\u00adsine ou&nbsp;non&nbsp;\u2014<br>\ntoutes les d\u00e9ci\u00adsions essen\u00adtielles qui int\u00e9\u00adressent sa<br>\nvie publique.<\/font><\/font><\/font><\/p>\n<p style=\"margin-right: 1.02cm; text-indent: 1.49cm; margin-bottom: 0cm;\" align=\"justify\" lang=\"fr-FR\">\n<font color=\"#000000\"><font face=\"Garamond\"><font style=\"font-size: 13pt;\" size=\"3\"><b>Vous<br>\nle voyez, j\u2019appelle ind\u00e9\u00adpen\u00addance sur le plan international<br>\nce qui est \u00e0 peu pr\u00e8s l\u2019\u00e9quivalent de ce&nbsp;que<br>\nsont les droits de l\u2019homme et du citoyen sur le plan natio\u00adnal,&nbsp;dans<br>\nle cadre national.<\/b><\/font><\/font><\/font><\/p>\n<p style=\"margin-right: 1.02cm; text-indent: 1.49cm; margin-bottom: 0cm;\" align=\"justify\" lang=\"fr-FR\">\n<font color=\"#000000\"><font face=\"Garamond\"><font style=\"font-size: 13pt;\" size=\"3\"><b>Mais<br>\nla sou\u00adve\u00adrai\u00adne\u00adt\u00e9, l\u2019id\u00e9e de sou\u00adve\u00adrai\u00adne\u00adt\u00e9&nbsp;telle<br>\nqu\u2019elle est cou\u00adram\u00adment con\u00e7ue va infi\u00adni\u00adment plus loin&nbsp;;&nbsp;la<br>\nsou\u00adve\u00adrai\u00adne\u00adt\u00e9 sur le plan inter\u00adna\u00adtio\u00adnal \u00e9qui\u00advaut&nbsp;\u00e0<br>\nce que serait dans le cadre natio\u00adnal, la liber\u00adt\u00e9&nbsp;sans<br>\nres\u00adtric\u00adtion, sans limite, sans appel, sans juge. Je suis libre, je<br>\nsuis sou\u00adve\u00adrain, je fais tout ce qui me pla\u00eet, per\u00adsonne n\u2019a<br>\nrien \u00e0 y voir, je me moque du contre-coup de mes actes sur&nbsp;les<br>\nautres.<\/b><\/font><\/font><\/font><\/p>\n<p style=\"margin-right: 1.02cm; text-indent: 1.49cm; margin-bottom: 0cm;\" align=\"justify\" lang=\"fr-FR\">\n<font color=\"#000000\"><font face=\"Garamond\"><font style=\"font-size: 13pt;\" size=\"3\">Eh<br>\nbien cela c\u2019est la concep\u00adtion de la sou\u00adve\u00adrai\u00adne\u00adt\u00e9 nationale<br>\ncor\u00adres\u00adpon\u00addant \u00e0 la concep\u00adtion de la liber\u00adt\u00e9 sans limite<br>\net sans contr\u00f4le dans le cadre natio\u00adnal. Dans le&nbsp;cadre<br>\nnatio\u00adnal, cela m\u00e8ne \u00e0 l\u2019anarchie et \u00e0&nbsp;la<br>\ndis\u00adcorde civile&nbsp;; dans le cadre inter\u00adna\u00adtio\u00adnal, cela m\u00e8ne&nbsp;au<br>\nd\u00e9sordre \u00e9co\u00adno\u00admique et \u00e0 la guerre.<\/font><\/font><\/font><\/p>\n<p style=\"margin-right: 1.02cm; text-indent: 1.49cm; margin-bottom: 0cm;\" align=\"justify\" lang=\"fr-FR\">\n<font color=\"#000000\"><font face=\"Garamond\"><font style=\"font-size: 13pt;\" size=\"3\">Je<br>\nvous pro\u00adpose cette dis\u00adtinc\u00adtion et cette d\u00e9fi\u00adni\u00adtion, et si&nbsp;vous<br>\ny adh\u00e9\u00adrez, je dirai que c\u2019est pour moi \u00e0 l\u2019heure<br>\nactuelle une chose aus\u00adsi impor\u00adtante presque pour le socialisme<br>\ninter\u00adna\u00adtio\u00adnal de s\u2019attaquer \u00e0 cette concep\u00adtion de&nbsp;la<br>\nsou\u00adve\u00adrai\u00adne\u00adt\u00e9, que de s\u2019attaquer \u00e0 la concep\u00adtion de&nbsp;la<br>\npro\u00adpri\u00e9\u00adt\u00e9 capitaliste.<\/font><\/font><\/font><\/p>\n<p style=\"margin-right: 1.02cm; text-indent: 1.49cm; margin-bottom: 0cm;\" align=\"justify\">\n<span lang=\"fr-FR\"><font style=\"font-size: 13pt;\" size=\"3\"><font face=\"Garamond\"><font color=\"#000000\"><b>Pour<br>\nr\u00e9su\u00admer ma pen\u00ads\u00e9e, je vous dirai que le but serait<br>\nalors de r\u00e9duire<\/b> <b>la sou\u00adve\u00adrai\u00adne\u00adt\u00e9 aux limites de<br>\nl\u2019ind\u00e9pendance, et, par cons\u00e9\u00adquent, de transf\u00e9rer<\/b><br>\n<b>\u00e0 la com\u00admu\u00adnau\u00adt\u00e9 inter\u00adna\u00adtio\u00adnale ou europ\u00e9enne<br>\ntoutes les por\u00adtions de sou\u00adve\u00adrai\u00adne\u00adt\u00e9 qui exc\u00e8dent<br>\nl\u2019ind\u00e9pendance.&nbsp;\u00bb<\/b><\/font><\/font><\/font><\/span><\/p>\n<p style=\"margin-right: 1.02cm; text-indent: 1.49cm; margin-bottom: 0cm;\" align=\"justify\" lang=\"fr-FR\">\n<font color=\"#000000\"><font face=\"Garamond\"><font style=\"font-size: 13pt;\" size=\"3\"><b>L\u00e9on<br>\nBlum<\/b><\/font><\/font><\/font><\/p>\n","protected":false},"excerpt":{"rendered":"<p>Il n\u2019y a pas que l\u2019Alg\u00e9rie. L\u2019orientation g\u00e9n\u00e9\u00adrale de la poli\u00adtique \u00e9tran\u00adg\u00e8re de la France, l\u2019accent mis sur \u00ab&nbsp;l\u2019Europe des patries&nbsp;\u00bb, les concep\u00adtions rela\u00adtives&nbsp;\u00e0 une r\u00e9forme \u00ab&nbsp;direc\u00adto\u00adriale&nbsp;\u00bb de l\u2019Otan, la bou\u00adde\u00adrie spec\u00adta\u00adcu\u00adlaire oppo\u00ads\u00e9e aux ins\u00adti\u00adtu\u00adtions de l\u2019Onu, le pro\u00adjet, enfin, ten\u00addant \u00e0 la cr\u00e9a\u00adtion d\u2019une \u00ab&nbsp;force de frappe&nbsp;\u00bb natio\u00adnale, tout indique, dans l\u2019esprit du pr\u00e9sent&nbsp;[\u2026]<\/p>\n","protected":false},"author":1,"featured_media":0,"comment_status":"closed","ping_status":"closed","sticky":false,"template":"","format":"standard","meta":{"wp_typography_post_enhancements_disabled":false,"footnotes":""},"categories":[139],"tags":[],"ppma_author":[540],"class_list":["post-1232","post","type-post","status-publish","format-standard","hentry","category-temoins-n25-novembre-1960"],"authors":[{"term_id":540,"user_id":1,"is_guest":0,"slug":"admin_3gikpwyf","display_name":"Vincent Dubuc","avatar_url":"https:\/\/secure.gravatar.com\/avatar\/d015720652c25fd2ced191ade86430094e1f288a17483713e3b34d26dea52507?s=96&d=mm&r=g","author_category":"","user_url":"https:\/\/la-presse-anarchiste.net","last_name":"Dubuc","first_name":"Vincent","job_title":"","description":""}],"_links":{"self":[{"href":"https:\/\/la-presse-anarchiste.net\/index.php\/wp-json\/wp\/v2\/posts\/1232","targetHints":{"allow":["GET"]}}],"collection":[{"href":"https:\/\/la-presse-anarchiste.net\/index.php\/wp-json\/wp\/v2\/posts"}],"about":[{"href":"https:\/\/la-presse-anarchiste.net\/index.php\/wp-json\/wp\/v2\/types\/post"}],"author":[{"embeddable":true,"href":"https:\/\/la-presse-anarchiste.net\/index.php\/wp-json\/wp\/v2\/users\/1"}],"replies":[{"embeddable":true,"href":"https:\/\/la-presse-anarchiste.net\/index.php\/wp-json\/wp\/v2\/comments?post=1232"}],"version-history":[{"count":0,"href":"https:\/\/la-presse-anarchiste.net\/index.php\/wp-json\/wp\/v2\/posts\/1232\/revisions"}],"wp:attachment":[{"href":"https:\/\/la-presse-anarchiste.net\/index.php\/wp-json\/wp\/v2\/media?parent=1232"}],"wp:term":[{"taxonomy":"category","embeddable":true,"href":"https:\/\/la-presse-anarchiste.net\/index.php\/wp-json\/wp\/v2\/categories?post=1232"},{"taxonomy":"post_tag","embeddable":true,"href":"https:\/\/la-presse-anarchiste.net\/index.php\/wp-json\/wp\/v2\/tags?post=1232"},{"taxonomy":"author","embeddable":true,"href":"https:\/\/la-presse-anarchiste.net\/index.php\/wp-json\/wp\/v2\/ppma_author?post=1232"}],"curies":[{"name":"wp","href":"https:\/\/api.w.org\/{rel}","templated":true}]}}