{"id":1235,"date":"2008-01-27T18:45:11","date_gmt":"2008-01-27T18:45:11","guid":{"rendered":"https:\/\/la-presse-anarchiste.net\/index.php\/2008\/01\/27\/melant-son-pas-aux-notres\/"},"modified":"2008-01-27T18:45:11","modified_gmt":"2008-01-27T18:45:11","slug":"melant-son-pas-aux-notres","status":"publish","type":"post","link":"https:\/\/la-presse-anarchiste.net\/index.php\/2008\/01\/27\/melant-son-pas-aux-notres\/","title":{"rendered":"\u00ab&nbsp;M\u00ealant son pas aux n\u00f4tres&nbsp;\u00bb"},"content":{"rendered":"<div class=\"pdfprnt-buttons pdfprnt-buttons-post pdfprnt-top-right\"><a href=\"https:\/\/la-presse-anarchiste.net\/index.php\/wp-json\/wp\/v2\/posts\/1235?print=pdf\" class=\"pdfprnt-button pdfprnt-button-pdf\" target=\"_blank\"><img decoding=\"async\" src=\"https:\/\/la-presse-anarchiste.net\/wp-content\/plugins\/pdf-print\/images\/pdf.png\" alt=\"image_pdf\" title=\"Afficher le PDF\"><\/a><a href=\"https:\/\/la-presse-anarchiste.net\/index.php\/wp-json\/wp\/v2\/posts\/1235?print=print\" class=\"pdfprnt-button pdfprnt-button-print\" target=\"_blank\"><img decoding=\"async\" src=\"https:\/\/la-presse-anarchiste.net\/wp-content\/plugins\/pdf-print\/images\/print.png\" alt=\"image_print\" title=\"Contenu imprim\u00e9\"><\/a><\/div><p style=\"margin-right: 1.02cm; text-indent: 1.49cm; margin-bottom: 0cm;\" align=\"justify\" lang=\"fr-FR\">\n<font color=\"#000000\"><font face=\"Garamond\"><font style=\"font-size: 13pt;\" size=\"3\">Faire<br>\nun por\u00adtrait de Pierre Monatte&nbsp;? Il fau\u00addrait avoir sa plume pour&nbsp;faire<br>\nres\u00adsem\u00adblant. Il fau\u00addrait sur\u00adtout que beau\u00adcoup de temps se soit \u00e9coul\u00e9<br>\npour \u00e9crire serei\u00adne\u00adment sur un homme dont la cha\u00adleur n\u2019a&nbsp;pas<br>\nquit\u00adt\u00e9 ceux qui l\u2019aimaient. Je dirai seule\u00adment quelques<br>\nsouvenirs.<\/font><\/font><\/font><\/p>\n<p style=\"margin-right: 1.02cm; margin-bottom: 0cm;\" align=\"center\" lang=\"fr-FR\">\n<font color=\"#000000\"><font face=\"Garamond\"><font style=\"font-size: 13pt;\" size=\"3\"><b>*<br>\n  *   *   *   *<\/b><\/font><\/font><\/font><\/p>\n<p style=\"margin-right: 1.02cm; text-indent: 1.49cm; margin-bottom: 0cm;\" align=\"justify\">\n<span lang=\"fr-FR\"><font style=\"font-size: 13pt;\" size=\"3\"><font face=\"Garamond\"><font color=\"#000000\">C\u2019est<br>\nun soir de f\u00e9vrier ou mars 1948 que je ren\u00adcon\u00adtrai Monatte pour<br>\nla pre\u00admi\u00e8re fois. Bien tard, en somme. Avant la guerre (je<br>\nveux dire en somme dans les ann\u00e9es trente), j\u2019avais us\u00e9<br>\nbeau\u00adcoup de mon temps \u00e0 pr\u00e9\u00adpa\u00adrer des examens<br>\nuni\u00adver\u00adsi\u00adtaires. Apr\u00e8s la guerre, la bro\u00adchure <i>O\u00f9 va<br>\nla CGT&nbsp;?<\/i> (de mai 1946), puis la reprise de la publi\u00adca\u00adtion de <i>la<br>\nR\u00e9vo\u00adlu\u00adtion pro\u00adl\u00e9\u00adta\u00adrienne <\/i>(avril 1947) avaient \u00e9t\u00e9<br>\nfort appr\u00e9\u00adci\u00e9s par ceux qui, dans une&nbsp;union<br>\nd\u00e9par\u00adte\u00admen\u00adtale des syn\u00addi\u00adcats comme les autres (celle de&nbsp;la<br>\nVienne, dans mon cas) voyaient se d\u00e9t\u00e9\u00adrio\u00adrer la&nbsp;vie<br>\nsyn\u00addi\u00adcale et, par le noyau\u00adtage sta\u00adli\u00adnien, deve\u00adnir fatale la scission.<\/font><\/font><\/font><\/span><\/p>\n<p style=\"margin-right: 1.02cm; text-indent: 1.49cm; margin-bottom: 0cm;\" align=\"justify\">\n<span lang=\"fr-FR\"><font style=\"font-size: 13pt;\" size=\"3\"><font face=\"Garamond\"><font color=\"#000000\">Un<br>\nsoir de l\u2019hiver qua\u00adrante-huit, alors que se consti\u00adtuait&nbsp;la<br>\nCGT-Force ouvri\u00e8re, j\u2019\u00e9tais mon\u00adt\u00e9 au local&nbsp;de<br>\n<i>la RP <\/i>sans but pr\u00e9\u00adcis. Ec\u0153u\u00adr\u00e9 des man\u0153uvres<br>\nsta\u00adli\u00adniennes, je ne l\u2019\u00e9tais pas encore de celles des autres,<br>\nmais je sen\u00adtais confu\u00ads\u00e9\u00adment qu\u2019on ne r\u00e9pli\u00adquait&nbsp;pas<br>\naux for\u00adbans comme il l\u2019aurait fal\u00adlu. Monatte \u00e9tait seul&nbsp;;&nbsp;il<br>\nme ques\u00adtion\u00adna&nbsp;; la conver\u00adsa\u00adtion ne se per\u00addit pas en vains pro\u00adpos.&nbsp;Il<br>\neut vite fait de me mettre sur les&nbsp;rails.<\/font><\/font><\/font><\/span><\/p>\n<p style=\"margin-right: 1.02cm; text-indent: 1.49cm; margin-bottom: 0cm;\" align=\"justify\" lang=\"fr-FR\">\n<font color=\"#000000\"><font face=\"Garamond\"><font style=\"font-size: 13pt;\" size=\"3\">Jamais,<br>\npar la suite, lorsque je le connus mieux, nous n\u2019avons reparl\u00e9<br>\nde cette ren\u00adcontre. Il se peut que, dans mon sou\u00adve\u00adnir, je la&nbsp;nimbe<br>\nd\u2019une lumi\u00e8re flat\u00adteuse. Je ne peux d\u2019ailleurs me rappeler<br>\nles d\u00e9tails de notre conver\u00adsa\u00adtion (je ne sais plus&nbsp;en<br>\npar\u00adti\u00adcu\u00adlier si cela se pas\u00adsait avant ou apr\u00e8s les votes&nbsp;des<br>\nf\u00e9d\u00e9\u00adra\u00adtions du Livre et de l\u2019Enseignement).<br>\nSim\u00adple\u00adment cette fois, comme \u00e0 toutes nos ren\u00adcontres, Monatte<br>\na su me faire aimer la vie, me faire com\u00adprendre qu\u2019il y&nbsp;avait<br>\nquelque chose \u00e0 faire o\u00f9 l\u2019on pou\u00advait&nbsp;\u00eatre<br>\nd\u2019accord avec soi-m\u00eame.<\/font><\/font><\/font><\/p>\n<p style=\"margin-right: 1.02cm; margin-bottom: 0cm;\" align=\"center\" lang=\"fr-FR\">\n<font color=\"#000000\"><font face=\"Garamond\"><font style=\"font-size: 13pt;\" size=\"3\"><b>*<br>\n  *   *   *   *<\/b><\/font><\/font><\/font><\/p>\n<p style=\"margin-right: 1.02cm; text-indent: 1.49cm; margin-bottom: 0cm;\" align=\"justify\" lang=\"fr-FR\">\n<font color=\"#000000\"><font face=\"Garamond\"><font style=\"font-size: 13pt;\" size=\"3\">Dans<br>\nune note sur Camus, Domi\u00adnique Aury remarque son influence sur&nbsp;les<br>\ncama\u00adrades qui l\u2019entouraient&nbsp;: \u00ab&nbsp;Ce qu\u2019il disait on&nbsp;le<br>\ncroyait, ce qu\u2019il deman\u00addait, on le faisait.&nbsp;\u00bb<\/font><\/font><\/font><\/p>\n<p style=\"margin-right: 1.02cm; text-indent: 1.49cm; margin-bottom: 0cm;\" align=\"justify\" lang=\"fr-FR\">\n<font color=\"#000000\"><font face=\"Garamond\"><font style=\"font-size: 13pt;\" size=\"3\">Ce<br>\nqui \u00e9tait tout \u00e0 fait vrai pour Camus, ne l\u2019\u00e9tait<br>\npas moins pour Monatte, sans que la dif\u00adf\u00e9\u00adrence d\u2019\u00e2ge,<br>\nde lui \u00e0 moi par exemple, y f\u00fbt pour quoi que ce&nbsp;soit.<\/font><\/font><\/font><\/p>\n<p style=\"margin-right: 1.02cm; text-indent: 1.49cm; margin-bottom: 0cm;\" align=\"justify\" lang=\"fr-FR\">\n<font color=\"#000000\"><font face=\"Garamond\"><font style=\"font-size: 13pt;\" size=\"3\">Cela<br>\nne veut pas dire que Monatte avait de l\u2019autorit\u00e9. Vous&nbsp;savez<br>\nbien que lorsqu\u2019on dit cela de quelqu\u2019un, il est pru\u00addent de&nbsp;se<br>\nm\u00e9fier. L\u2019aurais-je vou\u00adlu, je n\u2019aurais pu me m\u00e9fier<br>\nde Monatte.<\/font><\/font><\/font><\/p>\n<p style=\"margin-right: 1.02cm; margin-bottom: 0cm;\" align=\"center\" lang=\"fr-FR\">\n<font color=\"#000000\"><font face=\"Garamond\"><font style=\"font-size: 13pt;\" size=\"3\"><b>*<br>\n  *   *   *   *<\/b><\/font><\/font><\/font><\/p>\n<p style=\"margin-right: 1.02cm; text-indent: 1.49cm; margin-bottom: 0cm;\" align=\"justify\" lang=\"fr-FR\">\n<font color=\"#000000\"><font face=\"Garamond\"><font style=\"font-size: 13pt;\" size=\"3\">Dans<br>\nla conver\u00adsa\u00adtion pri\u00adv\u00e9e, dans une r\u00e9union plus<br>\nnom\u00adbreuse, ou dans une lettre, il \u00e9tait rare que Monatte ne<br>\ntrouve pas le moyen de dres\u00adser un v\u00e9ri\u00adtable plan de travail.<br>\nEt ce n\u2019\u00e9tait pas paroles de chef&nbsp;; il n\u2019y avait pas en&nbsp;lui<br>\nle moindre soup\u00ad\u00e7on de volon\u00adt\u00e9 de puis\u00adsance. Un<br>\ncom\u00adpa\u00adgnon seule\u00adment, mais qui savait entra\u00ee\u00adner l\u2019\u00e9quipe.<\/font><\/font><\/font><\/p>\n<p style=\"margin-right: 1.02cm; text-indent: 1.49cm; margin-bottom: 0cm;\" align=\"justify\">\n<span lang=\"fr-FR\"><font style=\"font-size: 13pt;\" size=\"3\"><font face=\"Garamond\"><font color=\"#000000\">En<br>\nremuant de vieux papiers, j\u2019ai retrou\u00adv\u00e9 une lettre du&nbsp;13<br>\njuin 1949 dans laquelle Monatte me disait son avis sur le premier<br>\nnum\u00e9\u00adro des <i>Cahiers Fer\u00adnand Pel\u00adlou\u00adtier. <\/i>Avec quelques<br>\ncama\u00adrades de Force ouvri\u00e8re, nous venions de lan\u00adcer&nbsp;cette<br>\nmodeste publi\u00adca\u00adtion d\u2019\u00e9ducation ouvri\u00e8re qui,<br>\nd\u2019ailleurs, n\u2019alla pas loin. Mais tout le pro\u00adgramme qu\u2019elle<br>\naurait d\u00fb r\u00e9a\u00adli\u00adser est l\u00e0, dans cette lettre,<br>\nmieux dit, plus pr\u00e9\u00adcis que les ini\u00adtia\u00adteurs ne l\u2019avaient<br>\ncon\u00e7u&nbsp;:<\/font><\/font><\/font><\/span><\/p>\n<p style=\"margin-right: 1.02cm; text-indent: 1.49cm; margin-bottom: 0cm;\" align=\"justify\">\n<span lang=\"fr-FR\"><font style=\"font-size: 13pt;\" size=\"3\"><font face=\"Garamond\"><font color=\"#000000\"><i>\u00ab&nbsp;13.<br>\n6. 43.\u200a\u2014\u200aMon cher Walu, j\u2019ai lu vos <\/i>Cahiers Pel\u00adlou\u00adtier. <i>Le<br>\npro\u00adjet est int\u00e9\u00adres\u00adsant. Il faut que vous r\u00e9us\u00adsis\u00adsiez&nbsp;\u00e0<br>\nle mettre debout soli\u00adde\u00adment. En pre\u00admier lieu trou\u00adver un chiffre<br>\nmini\u00admum d\u2019abonn\u00e9s qui vous per\u00admette de don\u00adner une&nbsp;revue<br>\nimprim\u00e9e.<\/i><\/font><\/font><\/font><\/span><\/p>\n<p style=\"margin-right: 1.02cm; text-indent: 1.49cm; margin-bottom: 0cm;\" align=\"justify\">\n<span lang=\"fr-FR\"><font style=\"font-size: 13pt;\" size=\"3\"><font face=\"Garamond\"><font color=\"#000000\"><i>Si<br>\nje com\u00adprends bien, votre prin\u00adci\u00adpal objec\u00adtif c\u2019est de for\u00admer&nbsp;des<br>\ncadres syn\u00addi\u00adcaux, d\u2019aider les jeunes syn\u00addi\u00adqu\u00e9s&nbsp;\u00e0<\/i><br>\n<i>d\u00e9ve\u00adlop\u00adper leur com\u00adpr\u00e9\u00adhen\u00adsion du monde o\u00f9&nbsp;ils<br>\ndoivent lut\u00adter. N\u2019oubliez pas que la t\u00e2che est double&nbsp;:<br>\nd\u00e9m\u00ea\u00adler les pro\u00adbl\u00e8mes syn\u00addi\u00adcaux d\u2019aujourd\u2019hui,<br>\nacqu\u00e9\u00adrir les connais\u00adsances de base his\u00adto\u00adriques, \u00e9conomiques,<br>\nphi\u00adlo\u00adso\u00adphiques n\u00e9ces\u00adsaires \u00e0 qui\u00adconque ne se figure pas<br>\nque le mou\u00adve\u00adment ouvrier est n\u00e9 avec sa g\u00e9n\u00e9ration.<br>\nNe criez pas que vous ambi\u00adtion\u00adnez de faire \u00e7a, mais faites-le.<br>\nSans tom\u00adber dans la rigueur et la s\u00e9che\u00adresse d\u2019un&nbsp;cours<br>\npro\u00adfessoral. En lais\u00adsant le plus de chair apr\u00e8s l\u2019os,<br>\nle plus d\u2019humanit\u00e9 autour de la formule.<\/i><\/font><\/font><\/font><\/span><\/p>\n<p style=\"margin-right: 1.02cm; text-indent: 1.49cm; margin-bottom: 0cm;\" align=\"justify\">\n<span lang=\"fr-FR\"><font style=\"font-size: 13pt;\" size=\"3\"><font face=\"Garamond\"><font color=\"#000000\"><i>Vos<br>\ncahiers devraient \u00eatre le lien entre tous les Coll\u00e8ges<br>\ndu Tra\u00advail qui existent. Recueillir le meilleur de leurs cau\u00adse\u00adries&nbsp;et<br>\ncours. Faire un sort \u00e0 leurs ini\u00adtia\u00adtives. Suivre leurs<br>\nexp\u00e9\u00adriences et en mesu\u00adrer les r\u00e9sul\u00adtats. C\u2019est&nbsp;l\u00e0<br>\nun tra\u00advail de cor\u00adres\u00adpon\u00addance et de d\u00e9pouille\u00adment \u00e9videmment<br>\nimpor\u00adtant. Si vous \u00eates trop pris, voyez qui peut s\u2019en<br>\nchar\u00adger de mani\u00e8re r\u00e9gu\u00adli\u00e8re et compr\u00e9hensive.<br>\nCela com\u00adpor\u00adte\u00adrait pour les <\/i>Cahiers <i>une rubrique&nbsp;: la vie&nbsp;des<br>\ncol\u00adl\u00e8ges du tra\u00advail, et une source de grandes \u00e9tudes.<\/i><\/font><\/font><\/font><\/span><\/p>\n<p style=\"margin-right: 1.02cm; text-indent: 1.49cm; margin-bottom: 0cm;\" align=\"justify\">\n<span lang=\"fr-FR\"><font style=\"font-size: 13pt;\" size=\"3\"><font face=\"Garamond\"><font color=\"#000000\"><i>Il<br>\nserait utile d\u2019\u00e9tablir en outre un lien avec les Centrales<br>\nd\u2019\u00e9ducation ouvri\u00e8re des autres pays. Pour conna\u00eetre<br>\ncom\u00adment elles fonc\u00adtionnent, quelles dif\u00adfi\u00adcul\u00adt\u00e9s elles&nbsp;ont<br>\nren\u00adcon\u00adtr\u00e9es, quels r\u00e9sul\u00adtats elles ont obtenus.<br>\nCom\u00admen\u00adcer par exemple par l\u2019Angleterre et racon\u00adter ce qu\u2019ont \u00e9t\u00e9<br>\net ce que sont deve\u00adnus le Rus\u00adkin Col\u00adlege, le Cen\u00adtral Labour College<br>\net sa revue <\/i>Plebs, <i>etc., etc. Faire le tour des pays, num\u00e9ro<br>\ndes <\/i>Cahiers <i>par num\u00e9\u00adro&nbsp;; en trou\u00advant quelqu\u2019un pour<br>\nsuivre d\u00e9sor\u00admais dans leur langue les publi\u00adca\u00adtions de&nbsp;ces<br>\norga\u00adni\u00adsa\u00adtions&nbsp;s\u0153urs.<\/i><\/font><\/font><\/font><\/span><\/p>\n<p style=\"margin-right: 1.02cm; text-indent: 1.49cm; margin-bottom: 0cm;\" align=\"justify\">\n<span lang=\"fr-FR\"><font style=\"font-size: 13pt;\" size=\"3\"><font face=\"Garamond\"><font color=\"#000000\"><i>A<br>\nvotre der\u00adni\u00e8re page, vous annon\u00adcez deux semaines d\u2019\u00e9tudes.<br>\nJe<\/i> <i>serais curieux de lire dans les <\/i>Cahiers <i>du mois<br>\nsui\u00advant un \u00ab&nbsp;En reve\u00adnant<\/i> <i>de Farn\u00adcomb&nbsp;\u00bb ou de&nbsp;Marly<br>\nsous la forme d\u2019une sorte de rap\u00adport collectif.<\/i><\/font><\/font><\/font><\/span><\/p>\n<p style=\"margin-right: 1.02cm; text-indent: 1.49cm; margin-bottom: 0cm;\" align=\"justify\">\n<span lang=\"fr-FR\"><font style=\"font-size: 13pt;\" size=\"3\"><font face=\"Garamond\"><font color=\"#000000\"><i>Peut-\u00eatre<br>\npour\u00adriez-vous repro\u00adduire les textes essen\u00adtiels. Votre cita\u00adtion&nbsp;de<br>\nPel\u00adlou\u00adtier, en t\u00eate de votre pre\u00admi\u00e8re page, com\u00adporte&nbsp;une<br>\nerreur. Elle pro\u00advient de la <\/i>Lettre aux anar\u00adchistes <i>de fin<br>\n1899. Pour\u00adquoi ne pas don\u00adner un jour cette lettre&nbsp;? Enti\u00e8re et<br>\nnon par extraits.<\/i><\/font><\/font><\/font><\/span><\/p>\n<p style=\"margin-right: 1.02cm; text-indent: 1.49cm; margin-bottom: 0cm;\" align=\"justify\" lang=\"fr-FR\">\n<font color=\"#000000\"><font face=\"Garamond\"><font style=\"font-size: 13pt;\" size=\"3\"><i>Une<br>\nremarque encore. La for\u00adma\u00adtion d\u2019un esprit tient beau\u00adcoup&nbsp;\u00e0<br>\nses lec\u00adtures sous la lampe du soir. Vous devriez \u00e9ta\u00adblir&nbsp;une<br>\ncourte liste de bou\u00adquins qu\u2019il est inter\u00addit de ne pas conna\u00eetre<br>\nquand on est mili\u00adtant ou qu\u2019on le devient. Liste publi\u00e9e<br>\ndans chaque num\u00e9\u00adro. A com\u00adpl\u00e9\u00adter quand il para\u00eet<br>\nun bou\u00adquin de grand m\u00e9rite. Ce que j\u2019appelais autre\u00adfois&nbsp;la<br>\nPlan\u00adchette \u00e0 livres.<\/i><\/font><\/font><\/font><\/p>\n<p style=\"margin-right: 1.02cm; text-indent: 1.49cm; margin-bottom: 0cm;\" align=\"justify\" lang=\"fr-FR\">\n<font color=\"#000000\"><font face=\"Garamond\"><font style=\"font-size: 13pt;\" size=\"3\"><i>Voi\u00adl\u00e0,<br>\nmon cher Walu, quelques remarques apr\u00e8s lec\u00adture de&nbsp;votre<br>\npre\u00admier num\u00e9ro.<\/i><\/font><\/font><\/font><\/p>\n<p style=\"margin-right: 1.02cm; text-indent: 1.49cm; margin-bottom: 0cm;\" align=\"justify\" lang=\"fr-FR\">\n<font color=\"#000000\"><font face=\"Garamond\"><font style=\"font-size: 13pt;\" size=\"3\"><i>Bonne<br>\nchance.<\/i><\/font><\/font><\/font><\/p>\n<p style=\"margin-right: 1.02cm; text-indent: 1.49cm; margin-bottom: 0cm;\" align=\"justify\" lang=\"fr-FR\">\n<font color=\"#000000\"><font face=\"Garamond\"><font style=\"font-size: 13pt;\" size=\"3\"><i>Bonne<br>\npoi\u00adgn\u00e9e de&nbsp;main.<\/i><\/font><\/font><\/font><\/p>\n<p style=\"margin-right: 1.02cm; text-indent: 1.49cm; margin-bottom: 0cm;\" align=\"justify\" lang=\"fr-FR\">\n<font color=\"#000000\"><font face=\"Garamond\"><font style=\"font-size: 13pt;\" size=\"3\"><i>P.<br>\nMonatte<\/i><\/font><\/font><\/font><\/p>\n<p style=\"margin-right: 1.02cm; text-indent: 1.49cm; margin-bottom: 0cm;\" align=\"justify\">\n<span lang=\"fr-FR\"><font style=\"font-size: 13pt;\" size=\"3\"><font face=\"Garamond\"><font color=\"#000000\"><i>Un<br>\nreproche&nbsp;: Fini\u00addo\u00adri m\u2019a pas\u00ads\u00e9 le num\u00e9\u00adro arriv\u00e9<br>\n\u00e0 <\/i>la R P.<i> Sinon je<\/i> <i>me bros\u00adsais. J\u2019\u00e9tais<br>\npour\u00adtant un abon\u00adn\u00e9 pos\u00adsible. Deve\u00adnu abon\u00adn\u00e9, puisque<\/i><br>\n<i>je vous vire mes 200&nbsp;fr.&nbsp;\u00bb<\/i><\/font><\/font><\/font><\/span><\/p>\n<p style=\"margin-right: 1.02cm; text-indent: 1.49cm; margin-bottom: 0cm;\" align=\"justify\" lang=\"fr-FR\">\n<font color=\"#000000\"><font face=\"Garamond\"><font style=\"font-size: 13pt;\" size=\"3\">Le<br>\npro\u00adgramme \u00e9tait tra\u00adc\u00e9. Nous n\u2019avons pas su&nbsp;le<br>\nr\u00e9a\u00adli\u00adser, mais j\u2019en ai rete\u00adnu une le\u00e7on encore<br>\nvalable quand je suis dans ma classe&nbsp;: lais\u00adser le plus de chair&nbsp;apr\u00e8s<br>\nl\u2019os\u2026<\/font><\/font><\/font><\/p>\n<p style=\"margin-right: 1.02cm; margin-bottom: 0cm;\" align=\"center\" lang=\"fr-FR\">\n<font color=\"#000000\"><font face=\"Garamond\"><font style=\"font-size: 13pt;\" size=\"3\"><b>*<br>\n  *   *   *   *<\/b><\/font><\/font><\/font><\/p>\n<p style=\"margin-right: 1.02cm; text-indent: 1.49cm; margin-bottom: 0cm;\" align=\"justify\" lang=\"fr-FR\">\n<font color=\"#000000\"><font face=\"Garamond\"><font style=\"font-size: 13pt;\" size=\"3\">Monatte<br>\nm\u2019a racon\u00adt\u00e9 un jour com\u00adment il avait quit\u00adt\u00e9&nbsp;la<br>\nma\u00ee\u00adtrise d\u2019internat. Jamais je ne l\u2019ai enten\u00addu regret\u00adter&nbsp;de<br>\nn\u2019avoir pas ensei\u00adgn\u00e9 (je veux dire de n\u2019\u00eatre pas<br>\ndeve\u00adnu ins\u00adti\u00adtu\u00adteur ou pro\u00adfes\u00adseur). Pour\u00adtant, avec quel int\u00e9r\u00eat<br>\nil sui\u00advait les pro\u00adbl\u00e8mes de l\u2019enseignement, avec quelle<br>\nsym\u00adpa\u00adthique curio\u00adsi\u00adt\u00e9 il vous inter\u00adro\u00adgeait \u00e0 leur sujet&nbsp;! Sa fa\u00e7on sou\u00adriante et bour\u00adrue \u00e0 la fois&nbsp;de<br>\nques\u00adtion\u00adner&nbsp;: \u00ab&nbsp;Alors, quoi de neuf chez les profs de&nbsp;math&nbsp;?&nbsp;\u00bb<\/font><\/font><\/font><\/p>\n<p style=\"margin-right: 1.02cm; text-indent: 1.49cm; margin-bottom: 0cm;\" align=\"justify\" lang=\"fr-FR\">\n<font color=\"#000000\"><font face=\"Garamond\"><font style=\"font-size: 13pt;\" size=\"3\">Ses<br>\nconnais\u00adsances \u00e9taient limi\u00adt\u00e9es dans les domaines<br>\nscien\u00adti\u00adfiques. Il savait ne pas s\u2019y aven\u00adtu\u00adrer impru\u00addem\u00adment&nbsp;et<br>\npour\u00adtant com\u00adprendre, avec une mer\u00adveilleuse intui\u00adtion,&nbsp;o\u00f9<br>\n\u00e9taient, dans ces acti\u00advi\u00adt\u00e9s, les ten\u00addances qui<br>\ns\u2019apparentaient aux efforts de toute sa&nbsp;vie.<\/font><\/font><\/font><\/p>\n<p style=\"margin-right: 1.02cm; text-indent: 1.49cm; margin-bottom: 0cm;\" align=\"justify\" lang=\"fr-FR\">\n<font color=\"#000000\"><font face=\"Garamond\"><font style=\"font-size: 13pt;\" size=\"3\">Dans<br>\nson amour des enfants, je vois la m\u00eame ardeur invin\u00adcible&nbsp;\u00e0<br>\npour\u00adsuivre une lutte o\u00f9 les d\u00e9faites, en apparence,<br>\nfurent plus nom\u00adbreuses que les vic\u00adtoires. Il regret\u00adtait, me dit-il un<br>\njour, de n\u2019avoir pas eu d\u2019enfants&nbsp;; il en aurait vou\u00adlu&nbsp;six&nbsp;!<br>\nJamais il n\u2019oubliait de s\u2019enqu\u00e9rir de mes gar\u00e7ons<br>\net se plai\u00adsait, je crois, \u00e0 mes confi\u00addences attendries.<\/font><\/font><\/font><\/p>\n<p style=\"margin-right: 1.02cm; margin-bottom: 0cm;\" align=\"center\" lang=\"fr-FR\">\n<font color=\"#000000\"><font face=\"Garamond\"><font style=\"font-size: 13pt;\" size=\"3\"><b>*<br>\n  *   *   *   *<\/b><\/font><\/font><\/font><\/p>\n<p style=\"margin-right: 1.02cm; text-indent: 1.49cm; margin-bottom: 0cm;\" align=\"justify\">\n<span lang=\"fr-FR\"><font style=\"font-size: 13pt;\" size=\"3\"><font face=\"Garamond\"><font color=\"#000000\">Guillo\u00adr\u00e9<br>\na su, mieux que je ne sau\u00adrais le faire, racon\u00adter ce qu\u2019\u00e9tait,<br>\npour les amis de Monatte, \u00ab&nbsp;le p\u00e8le\u00adri\u00adnage de Vanves&nbsp;\u00bb<br>\n(<i>R P<\/i> de juillet 1960). J\u2019essayerai un jour, m\u00eame si&nbsp;ce<br>\nn\u2019est que pour moi, de recons\u00adti\u00adtuer une de ces visites o\u00f9&nbsp;je<br>\nm\u2019attardais tou\u00adjours trop. L\u2019un et l\u2019autre, nous avions not\u00e9<br>\nsur un papier les ques\u00adtions sur les\u00adquelles nous vou\u00adlions qu\u2019on<br>\ndis\u00adcute. Mais la conver\u00adsa\u00adtion pre\u00adnait sou\u00advent le che\u00admin des \u00e9coliers.<\/font><\/font><\/font><\/span><\/p>\n<p style=\"margin-right: 1.02cm; text-indent: 1.49cm; margin-bottom: 0cm;\" align=\"justify\">\n<span lang=\"fr-FR\"><font style=\"font-size: 13pt;\" size=\"3\"><font face=\"Garamond\"><font color=\"#000000\">Alors,<br>\npar\u00adfois, nous nous heur\u00adtions. Il ne com\u00adpre\u00adnait pas que je place&nbsp;si<br>\nhaut l\u2019\u0153uvre de Gide. A mon tour, je m\u2019\u00e9tonnais qu\u2019il<br>\nfasse quelques r\u00e9serves sur Roger Mar\u00adtin du Gard (avec&nbsp;un<br>\nautre que Monatte, je me serais f\u00e2ch\u00e9). Le plus souvent,<br>\nj\u2019apprenais, je d\u00e9cou\u00advrais ce que j\u2019aurais d\u00fb savoir<br>\ndepuis long\u00adtemps. Mais, pr\u00e8s de lui, je rede\u00adve\u00adnais \u00e9colier<br>\navec d\u00e9lectation.<\/font><\/font><\/font><\/span><\/p>\n<p style=\"margin-right: 1.02cm; text-indent: 1.49cm; margin-bottom: 0cm;\" align=\"justify\">\n<span lang=\"fr-FR\"><font style=\"font-size: 13pt;\" size=\"3\"><font face=\"Garamond\"><font color=\"#000000\">Trop<br>\npetit gar\u00ad\u00e7on peut-\u00eatre, et c\u2019est vrai que plus d\u2019une<br>\nfois Monatte put me repro\u00adcher ma na\u00ef\u00adve\u00adt\u00e9, une certaine<br>\nexi\u00adgence d\u2019absolu assez pu\u00e9\u00adrile, sur\u00adtout une&nbsp;grave<br>\nm\u00e9con\u00adnais\u00adsance du mou\u00adve\u00adment ouvrier qui me fit com\u00admettre bien<br>\ndes faux-pas. Je ne sais s\u2019il faut ran\u00adger par\u00admi ceux-ci la<br>\nr\u00e9dac\u00adtion d\u2019un \u00e9cho dans lequel je d\u00e9non\u00e7ais<br>\nl\u2019ambigu\u00eft\u00e9 de la posi\u00adtion du repr\u00e9\u00adsen\u00adtant de&nbsp;la<br>\nCGT.-Force ouvri\u00e8re au sein de la Conf\u00e9d\u00e9ration<br>\ninter\u00adna\u00adtio\u00adnale des syn\u00addi\u00adcats libres (CISL), apr\u00e8s l\u2019assassinat<br>\nde Farhat Hached. De bons cama\u00adrades pro\u00adtes\u00adt\u00e8rent que&nbsp;je<br>\ncalom\u00adniais&nbsp;; ils se plai\u00adgnirent aupr\u00e8s de Monatte (l\u2019\u00e9cho<br>\navait paru dans <i>la RP<\/i>). Celui-ci aus\u00adsi\u00adt\u00f4t par\u00adtit&nbsp;\u00e0<br>\nla chasse aux ren\u00adsei\u00adgne\u00adments&nbsp;; il fit sa propre enqu\u00eate. Il<br>\nn\u2019\u00e9tait pas homme \u00e0 lais\u00adser tom\u00adber le cama\u00adrade&nbsp;en<br>\ndif\u00adfi\u00adcul\u00adt\u00e9, non plus d\u2019ailleurs qu\u2019\u00e0 cacher une<br>\nfaute. Il ne fai\u00adsait presque jamais de com\u00adpli\u00adments. Mais&nbsp;sa<br>\nconfiance, si vous aviez la bonne for\u00adtune qu\u2019il vous l\u2019accorde,<br>\nce n\u2019\u00e9tait pas de la fausse monnaie.<\/font><\/font><\/font><\/span><\/p>\n<p style=\"margin-right: 1.02cm; margin-bottom: 0cm;\" align=\"center\" lang=\"fr-FR\">\n<font color=\"#000000\"><font face=\"Garamond\"><font style=\"font-size: 13pt;\" size=\"3\"><b>*<br>\n  *   *   *   *<\/b><\/font><\/font><\/font><\/p>\n<p style=\"margin-right: 1.02cm; text-indent: 1.49cm; margin-bottom: 0cm;\" align=\"justify\" lang=\"fr-FR\">\n<font color=\"#000000\"><font face=\"Garamond\"><font style=\"font-size: 13pt;\" size=\"3\">C\u2019est<br>\nlui, en 1951, qui eut l\u2019id\u00e9e d\u2019une r\u00e9union \u00e0<br>\nS\u00e8vres, pour com\u00adm\u00e9\u00admo\u00adrer le cin\u00adquan\u00adte\u00adnaire de la mort&nbsp;de<br>\nPel\u00adlou\u00adtier. J\u2019ai gar\u00add\u00e9 le sou\u00adve\u00adnir du petit groupe que&nbsp;nous<br>\n\u00e9tions autour de la tombe, au cime\u00adti\u00e8re des Bruy\u00e8res&nbsp;;<br>\npuis de la balade vers le quar\u00adtier o\u00f9 se trou\u00advait la maison<br>\ndans laquelle Pel\u00adlou\u00adtier pas\u00adsa les der\u00adniers mois de son existence.<\/font><\/font><\/font><\/p>\n<p style=\"margin-right: 1.02cm; text-indent: 1.49cm; margin-bottom: 0cm;\" align=\"justify\" lang=\"fr-FR\">\n<font color=\"#000000\"><font face=\"Garamond\"><font style=\"font-size: 13pt;\" size=\"3\">Est-ce<br>\nce jour-l\u00e0, ou \u00e0 une autre occa\u00adsion que Monatte a<br>\npro\u00adnon\u00adc\u00e9 cette phrase de Pel\u00adlou\u00adtier&nbsp;: \u00ab&nbsp;Il reste toujours<br>\nvivant, m\u00ealant son pas aux n\u00f4tres, nous r\u00e9confortant<br>\npar ses le\u00e7ons et par son exemple.&nbsp;\u00bb<\/font><\/font><\/font><\/p>\n<p style=\"margin-right: 1.02cm; margin-bottom: 0cm;\" align=\"center\" lang=\"fr-FR\">\n<font color=\"#000000\"><font face=\"Garamond\"><font style=\"font-size: 13pt;\" size=\"3\"><b>*<br>\n  *   *   *   *<\/b><\/font><\/font><\/font><\/p>\n<p style=\"margin-right: 1.02cm; text-indent: 1.49cm; margin-bottom: 0cm;\" align=\"justify\">\n<span lang=\"fr-FR\"><font style=\"font-size: 13pt;\" size=\"3\"><font face=\"Garamond\"><font color=\"#000000\">Monatte<br>\n\u00e9tait d\u00e9j\u00e0 un vieil homme quand je l\u2019ai&nbsp;connu,<br>\nmais ce qui frap\u00adpait tou\u00adjours c\u2019\u00e9tait sa jeu\u00adnesse fonci\u00e8re.<br>\nJ\u2019imagine qu\u2019en 1901, lorsqu\u2019il d\u00e9bar\u00adqua \u00e0&nbsp;Paris<br>\net qu\u2019il alla trou\u00adver Guieysse, au bureau de <i>Pages libres,<br>\n<\/i>c\u2019\u00e9tait un jeune homme sachant ce qu\u2019il vou\u00adlait et&nbsp;ce<br>\nqu\u2019il pen\u00adsait. En tout cas c\u2019est un homme exem\u00adplaire qui fonde <i>la<br>\nVie ouvri\u00e8re <\/i>en 1909&nbsp;: qui a fait aus\u00adsi bien depuis&nbsp;? Et&nbsp;en<br>\n1914, lorsqu\u2019il r\u00e9siste \u00e0 la mala\u00addie du si\u00e8cle,<br>\navec les tr\u00e8s rares com\u00adpa\u00adgnons qui res\u00adtent avec lui fid\u00e8les<br>\n\u00e0 l\u2019Internationale, il devient, pour nous tous qui viendrons<br>\nplus tard, la seule vraie le\u00e7on de morale qui soit,&nbsp;un<br>\nexemple.<\/font><\/font><\/font><\/span><\/p>\n<p style=\"margin-right: 1.02cm; text-indent: 1.49cm; margin-bottom: 0cm;\" align=\"justify\">\n<span lang=\"fr-FR\"><font style=\"font-size: 13pt;\" size=\"3\"><font face=\"Garamond\"><font color=\"#000000\">Com\u00adbien<br>\nd\u2019espoirs Monatte ver\u00adra-t-il s\u2019effondrer&nbsp;? Le mou\u00adve\u00adment ouvrier<br>\ndes\u00adcen\u00addra de plus en plus bas dans la tra\u00adhi\u00adson de ses propres<br>\nvaleurs. Et comme une d\u00e9ri\u00adsion, <i>la Vie ouvri\u00e8re <\/i>sera<br>\ndeve\u00adnue, en gar\u00addant le titre, l\u2019oppos\u00e9 de celle qui fut&nbsp;son<br>\nenfant. Monatte ne d\u00e9ses\u00adp\u00e9\u00adrait pour\u00adtant pas. Le&nbsp;creux<br>\nde la vague, disait-il, encore plus creux. Mais il d\u00e9pend de<br>\nnous de remon\u00adter sur la&nbsp;cr\u00eate.<\/font><\/font><\/font><\/span><\/p>\n<p style=\"margin-right: 1.02cm; text-indent: 1.49cm; margin-bottom: 0cm;\" align=\"justify\" lang=\"fr-FR\">\n<font color=\"#000000\"><font face=\"Garamond\"><font style=\"font-size: 13pt;\" size=\"3\">Remon\u00adter\u2026<br>\nSi nous y par\u00adve\u00adnons, ou m\u00eame si seule\u00adment nous le ten\u00adtions, il<br>\nm\u00eale\u00adra son pas aux n\u00f4tres et sera encore le plus&nbsp;jeune,<br>\nle plus ardent, le plus lucide de nous&nbsp;tous\u2026<\/font><\/font><\/font><\/p>\n<p style=\"margin-right: 1.02cm; text-indent: 1.49cm; margin-bottom: 0cm;\" align=\"justify\" lang=\"fr-FR\">\n<font color=\"#000000\"><font face=\"Garamond\"><font style=\"font-size: 13pt;\" size=\"3\"><b>Gil\u00adbert<br>\nWalusinski<\/b><\/font><\/font><\/font><\/p>\n","protected":false},"excerpt":{"rendered":"<p>Faire un por\u00adtrait de Pierre Monatte&nbsp;? Il fau\u00addrait avoir sa plume pour&nbsp;faire res\u00adsem\u00adblant. Il fau\u00addrait sur\u00adtout que beau\u00adcoup de temps se soit \u00e9cou\u00adl\u00e9 pour \u00e9crire serei\u00adne\u00adment sur un homme dont la cha\u00adleur n\u2019a&nbsp;pas quit\u00adt\u00e9 ceux qui l\u2019aimaient. Je dirai seule\u00adment quelques sou\u00adve\u00adnirs. * * * * * C\u2019est un soir de f\u00e9vrier ou mars&nbsp;1948&nbsp;[\u2026]<\/p>\n","protected":false},"author":1,"featured_media":0,"comment_status":"closed","ping_status":"closed","sticky":false,"template":"","format":"standard","meta":{"wp_typography_post_enhancements_disabled":false,"footnotes":""},"categories":[139],"tags":[],"ppma_author":[540],"class_list":["post-1235","post","type-post","status-publish","format-standard","hentry","category-temoins-n25-novembre-1960"],"authors":[{"term_id":540,"user_id":1,"is_guest":0,"slug":"admin_3gikpwyf","display_name":"Vincent Dubuc","avatar_url":"https:\/\/secure.gravatar.com\/avatar\/d015720652c25fd2ced191ade86430094e1f288a17483713e3b34d26dea52507?s=96&d=mm&r=g","author_category":"","user_url":"https:\/\/la-presse-anarchiste.net","last_name":"Dubuc","first_name":"Vincent","job_title":"","description":""}],"_links":{"self":[{"href":"https:\/\/la-presse-anarchiste.net\/index.php\/wp-json\/wp\/v2\/posts\/1235","targetHints":{"allow":["GET"]}}],"collection":[{"href":"https:\/\/la-presse-anarchiste.net\/index.php\/wp-json\/wp\/v2\/posts"}],"about":[{"href":"https:\/\/la-presse-anarchiste.net\/index.php\/wp-json\/wp\/v2\/types\/post"}],"author":[{"embeddable":true,"href":"https:\/\/la-presse-anarchiste.net\/index.php\/wp-json\/wp\/v2\/users\/1"}],"replies":[{"embeddable":true,"href":"https:\/\/la-presse-anarchiste.net\/index.php\/wp-json\/wp\/v2\/comments?post=1235"}],"version-history":[{"count":0,"href":"https:\/\/la-presse-anarchiste.net\/index.php\/wp-json\/wp\/v2\/posts\/1235\/revisions"}],"wp:attachment":[{"href":"https:\/\/la-presse-anarchiste.net\/index.php\/wp-json\/wp\/v2\/media?parent=1235"}],"wp:term":[{"taxonomy":"category","embeddable":true,"href":"https:\/\/la-presse-anarchiste.net\/index.php\/wp-json\/wp\/v2\/categories?post=1235"},{"taxonomy":"post_tag","embeddable":true,"href":"https:\/\/la-presse-anarchiste.net\/index.php\/wp-json\/wp\/v2\/tags?post=1235"},{"taxonomy":"author","embeddable":true,"href":"https:\/\/la-presse-anarchiste.net\/index.php\/wp-json\/wp\/v2\/ppma_author?post=1235"}],"curies":[{"name":"wp","href":"https:\/\/api.w.org\/{rel}","templated":true}]}}