{"id":1262,"date":"2008-02-17T22:53:25","date_gmt":"2008-02-17T22:53:25","guid":{"rendered":"https:\/\/la-presse-anarchiste.net\/index.php\/2008\/02\/17\/autocritique\/"},"modified":"2008-02-17T22:53:25","modified_gmt":"2008-02-17T22:53:25","slug":"autocritique","status":"publish","type":"post","link":"https:\/\/la-presse-anarchiste.net\/index.php\/2008\/02\/17\/autocritique\/","title":{"rendered":"Autocritique"},"content":{"rendered":"<div class=\"pdfprnt-buttons pdfprnt-buttons-post pdfprnt-top-right\"><a href=\"https:\/\/la-presse-anarchiste.net\/index.php\/wp-json\/wp\/v2\/posts\/1262?print=pdf\" class=\"pdfprnt-button pdfprnt-button-pdf\" target=\"_blank\"><img decoding=\"async\" src=\"https:\/\/la-presse-anarchiste.net\/wp-content\/plugins\/pdf-print\/images\/pdf.png\" alt=\"image_pdf\" title=\"Afficher le PDF\"><\/a><a href=\"https:\/\/la-presse-anarchiste.net\/index.php\/wp-json\/wp\/v2\/posts\/1262?print=print\" class=\"pdfprnt-button pdfprnt-button-print\" target=\"_blank\"><img decoding=\"async\" src=\"https:\/\/la-presse-anarchiste.net\/wp-content\/plugins\/pdf-print\/images\/print.png\" alt=\"image_print\" title=\"Contenu imprim\u00e9\"><\/a><\/div><p>&nbsp;<\/p>\n<p style=\"margin-right: 0.98cm; text-indent: 0.98cm; margin-bottom: 0cm;\" align=\"justify\">\n<font face=\"Garamond, serif\"><font style=\"font-size: 13pt;\" size=\"3\"><span lang=\"fr-FR\">Lorsque,<br>\nau d\u00e9but d\u2019avril, pour arri\u00adver en Gr\u00e8ce\u200a\u2014\u200aoui,&nbsp;ce<br>\nvoyage de Gr\u00e8ce&nbsp;: plus qu\u2019un beau r\u00eave une obsession,<br>\net je sais bien pour\u00adquoi\u200a\u2014\u200aje me trou\u00advai devoir tra\u00adver\u00adser&nbsp;la<br>\nYou\u00adgo\u00adsla\u00advie, non par les r\u00e9gions, tou\u00adris\u00adti\u00adque\u00adment&nbsp;plus<br>\ns\u00e9dui\u00adsantes j\u2019imagine, de la c\u00f4te, mais par celles,<br>\nsans doute autre\u00adment r\u00e9v\u00e9\u00adla\u00adtrices, de l\u2019int\u00e9rieur&nbsp;:<br>\nLou\u00adblia\u00adna, Zagreb, Bel\u00adgrade, j\u2019eus, en m\u00eame temps que&nbsp;la<br>\nbonne sur\u00adprise de consta\u00adter \u00e0 peu pr\u00e8s par\u00adtout&nbsp;un<br>\nrythme de vie en somme nor\u00admal et assez libre, la joie de pou\u00advoir&nbsp;me<br>\ndire presque constam\u00adment&nbsp;: que ces gens sont donc humains, chaleureux.<br>\n(En com\u00adpa\u00adrai\u00adson, l\u2019extr\u00eame, la d\u00e9li\u00adcieuse gentillesse<br>\ngrecque allait, que les dieux de l\u2019Olympe me par\u00addonnent, me&nbsp;faire<br>\nun peu l\u2019effet d\u2019\u00eatre un brin cal\u00adcu\u00adl\u00e9e, quand&nbsp;elle<br>\nne frise pas la gal\u00e9jade\u2026)<\/span><\/font><\/font><\/p>\n<p style=\"margin-right: 0.98cm; text-indent: 0.98cm; margin-bottom: 0cm;\" align=\"justify\">\n<font face=\"Garamond, serif\"><font style=\"font-size: 13pt;\" size=\"3\"><span lang=\"fr-FR\">Donc,<br>\ncette vie you\u00adgo\u00adslave m\u2019a paru, j\u2019y insiste, d\u2019abord parce&nbsp;que<br>\ncomme je l\u2019ai dit c\u2019est une bonne sur\u00adprise, et aus\u00adsi pour&nbsp;une<br>\nautre rai\u00adson que l\u2019on va voir, assez libre. Quel que f\u00fbt&nbsp;en<br>\neffet mon inter\u00adlo\u00adcu\u00adteur du moment (je ne parle pas la langue du&nbsp;pays,<br>\nmais tant de gens l\u00e0-bas savent l\u2019allemand ou le fran\u00e7ais,<br>\nsur\u00adtout l\u2019allemand), aucun d\u2019entre eux, aus\u00adsi bien le plus humble<br>\nque ceux qui, visi\u00adble\u00adment, appar\u00adte\u00adnaient \u00e0 la \u00ab&nbsp;nouvelle<br>\nclasse&nbsp;\u00bb, ne se crut obli\u00adg\u00e9 de me tenir des propos<br>\northo\u00addoxes. (Evi\u00addem\u00adment, pour ma part, je m\u2019abstins de pro\u00adnon\u00adcer&nbsp;le<br>\nnom de Djillas\u2026) Mais cette rela\u00adtive liber\u00adt\u00e9, et c\u2019est&nbsp;ici<br>\nla seconde rai\u00adson pour laquelle il me para\u00eet utile de&nbsp;la<br>\nsou\u00adli\u00adgner, tout exis\u00adtante qu\u2019elle semble bien s\u2019affirmer en&nbsp;fait,<br>\nn\u2019en est que plus visi\u00adble\u00adment limi\u00adt\u00e9e, de l\u2019int\u00e9rieur,<br>\ndirai-je, car c\u2019est une limite \u00ab&nbsp;sin\u00adc\u00e8re&nbsp;\u00bb,&nbsp;un<br>\neffet deve\u00adnu incons\u00adcient de la pro\u00adpa\u00adgande, sur au moins deux points&nbsp;:<br>\nle pr\u00e9\u00adju\u00adg\u00e9 anti\u00adal\u00adle\u00admand (le You\u00adgo\u00adslave moyen parle&nbsp;\u00e0<br>\npeu pr\u00e8s de l\u2019Allemagne comme les hit\u00adl\u00e9\u00adriens&nbsp;le<br>\nfai\u00adsaient des juifs) et l\u2019id\u00e9e que la presse des&nbsp;pays<br>\nbour\u00adgeois ne publie que ce que veut bien le gouvernement.<\/span><\/font><\/font><\/p>\n<p style=\"margin-right: 0.98cm; text-indent: 0.98cm; margin-bottom: 0cm;\" align=\"justify\">\n<font face=\"Garamond, serif\"><font style=\"font-size: 13pt;\" size=\"3\"><span lang=\"fr-FR\">J\u2019entends<br>\nencore, entre autres, cet \u00e9l\u00e9\u00adgant \u00ab&nbsp;journaliste<br>\ncom\u00admer\u00adcial&nbsp;\u00bb, comme il se d\u00e9fi\u00adnit lui-m\u00eame\u200a\u2014\u200aah&nbsp;!<br>\nqu\u2019il \u00e9tait bien habill\u00e9, beau\u00adcoup plus chic&nbsp;en<br>\nv\u00e9ri\u00adt\u00e9 que le plus relui\u00adsant de \u00ab&nbsp;nos&nbsp;\u00bb<br>\ncapi\u00adta\u00adlistes\u200a\u2014\u200ame dire, dans le train qui nous ame\u00adnait&nbsp;\u00e0<br>\nZagreb (lui reve\u00adnait d\u2019une \u00ab&nbsp;mis\u00adsion&nbsp;\u00bb en Ita\u00adlie): \u00ab&nbsp;Notre<br>\npresse poli\u00adtique, c\u2019est exact, est stric\u00adte\u00adment orient\u00e9e&nbsp;;<br>\nmais la v\u00f4tre, c\u2019est la m\u00eame chose, elle ne peut&nbsp;rien<br>\npublier que sur ordre.&nbsp;\u00bb Mon jour\u00adna\u00adliste, enti\u00e8rement<br>\n\u00e9le\u00adv\u00e9 en France, par\u00adlait notre langue \u00e0<br>\nmer\u00adveille&nbsp;; impos\u00adsible, donc, de lui accor\u00adder la circonstance<br>\natt\u00e9\u00adnuante d\u2019ignorer le sens exact des mots qu\u2019il<br>\nemployait. Oh, je sais, comme tout le monde, que dans nos pays&nbsp;la<br>\nliber\u00adt\u00e9 de la presse, de la \u00ab&nbsp;grande&nbsp;\u00bb presse<br>\nsur\u00adtout, est chose, pour le dire poli\u00adment, pro\u00adbl\u00e9\u00adma\u00adtique. Mais<br>\nquand m\u00eame, la veille j\u2019avais lu<i> Riva\u00adrol<\/i> et dans&nbsp;ma<br>\npoche, j\u2019avais <i>l\u2019Express. <\/i>Non que je me vante de l\u2019une<br>\nou de l\u2019autre<b> <\/b>lec\u00adture&nbsp;; seule\u00adment, comme exemples de presse<br>\naux ordres\u2026 Je me per\u00admis donc de nom\u00admer les deux canards. Mais,&nbsp;par<br>\nsou\u00adci d\u2019honn\u00eatet\u00e9, j\u2019ajoutai ceci&nbsp;: \u00ab&nbsp;Il y a&nbsp;une<br>\nchose que je peux vous accor\u00adder. Actuel\u00adle\u00adment, l\u2019opinion est,&nbsp;dans<br>\nl\u2019ensemble, plus ou moins en som\u00admeil, et il est en outre certain<br>\nque ceux des jour\u00adna\u00adlistes qui ont le sens le plus vif de&nbsp;leurs<br>\nres\u00adpon\u00adsa\u00adbi\u00adli\u00adt\u00e9s s\u2019imposent \u00e0 eux-m\u00eames, mais<br>\nbien enten\u00addu sans qu\u2019on le leur impose, une cer\u00adtaine r\u00e9serve<br>\ndans ce qu\u2019ils publient. Moi-m\u00eame, qui ne suis cepen\u00addant&nbsp;que<br>\nbien occa\u00adsion\u00adnel\u00adle\u00adment publi\u00adciste, il y a des choses que, pour&nbsp;le<br>\nquart d\u2019heure, je me retiens d\u2019\u00e9crire, non parce qu\u2019on<br>\nm\u2019emp\u00eacherait de les impri\u00admer, mais parce que si l\u2019homme<br>\nqui est au pou\u00advoir est sur le point de faire enfin la paix, j\u2019estime<br>\nque ce n\u2019est pas le moment de lui mettre des b\u00e2tons dans&nbsp;les<br>\nroues.&nbsp;\u00bb<\/span><\/font><\/font><\/p>\n<p style=\"margin-right: 0.98cm; text-indent: 0.98cm; margin-bottom: 0cm;\" align=\"justify\" lang=\"fr-FR\">\n<font face=\"Garamond, serif\"><font style=\"font-size: 13pt;\" size=\"3\">Pour\u00adquoi<br>\nje rap\u00adporte tout&nbsp;cela&nbsp;?<\/font><\/font><\/p>\n<p style=\"margin-right: 0.98cm; text-indent: 0.98cm; margin-bottom: 0cm;\" align=\"justify\">\n<font face=\"Garamond, serif\"><font style=\"font-size: 13pt;\" size=\"3\"><span lang=\"fr-FR\">Parce<br>\nque, entre cet entre\u00adtien du d\u00e9but d\u2019avril et le moment o\u00f9<br>\nj\u2019\u00e9cris, je n\u2019ai eu que trop l\u2019occasion d\u2019y resonger.<br>\nParce que, veux-je dire, dans l\u2019intervalle, il y a eu le der\u00adnier&nbsp;en<br>\ndate des putschs d\u2019Alger (j\u2019\u00e9cris inten\u00adtion\u00adnel\u00adle\u00adment&nbsp;le<br>\nder\u00adnier en date, car par mal\u00adheur ce n\u2019est pro\u00adba\u00adble\u00adment pas&nbsp;le<br>\nder\u00adnier tout court) et qu\u2019en d\u00e9pit du mythe de la victoire<br>\nrem\u00adpor\u00adt\u00e9e sur les fac\u00adtieux par la nation una\u00adnime, nous&nbsp;avons<br>\npu consta\u00adter que le g\u00e9n\u00e9\u00adral de Gaulle est (la&nbsp;th\u00e8se<br>\nde Mau\u00adriac, en somme) le <i>seul <\/i>obs\u00adtacle r\u00e9el&nbsp;\u00e0<br>\nl\u2019instauration du fas\u00adcisme. C\u2019est enten\u00addu, l\u2019immense majorit\u00e9<br>\ndu pays, quand le direc\u00adtoire d\u2019Alger s\u2019est effon\u00addr\u00e9, a&nbsp;dit<br>\nouf. Mais qu\u2019est-ce qu\u2019il a fait, le pays, qu\u2019est-ce qu\u2019il<br>\naurait pu faire&nbsp;? Aller, comme l\u2019y invi\u00adta le plai\u00adsan\u00adtin que l\u2019on<br>\nsait, \u00ab&nbsp;\u00e0 pied ou en voi\u00adture&nbsp;\u00bb au-devant des&nbsp;SS<br>\nd\u00e9gui\u00ads\u00e9s en paras&nbsp;? Vous par\u00adlez d\u2019une cam\u00adpagne. Et<br>\nbien s\u00fbr, il y a eu une heure de gr\u00e8ve. Vous par\u00adlez d\u2019un<br>\nhaut fait. Non, nous \u00e9tions tous \u00ab&nbsp;de c\u0153ur&nbsp;\u00bb&nbsp;avec<br>\nde Gaulle. Mais l\u00e0 s\u2019est arr\u00ea\u00adt\u00e9e&nbsp;notre<br>\n\u00ab&nbsp;r\u00e9sis\u00adtance&nbsp;\u00bb. Et <i>l\u2019Express, <\/i>qui fait<br>\npour\u00adtant m\u00e9tier de le d\u00e9ni\u00adgrer, a publi\u00e9 un<br>\nrepor\u00adtage de de La Gorce d\u2019o\u00f9 il res\u00adsort avec \u00e9vidence<br>\nque c\u2019est \u00e0 son calme, \u00e0 son \u00e9ner\u00adgie,&nbsp;\u00e0<br>\n<i>son habi\u00adle\u00adt\u00e9 <\/i>(sa convic\u00adtion imm\u00e9\u00addiate qu\u2019il<br>\nfal\u00adlait reprendre en main la situa\u00adtion <i>sur le ter\u00adrain, <\/i>en<br>\nAlg\u00e9\u00adrie m\u00eame, de l\u00e0 l\u2019envoi d\u2019urgence de&nbsp;Joxe<br>\net du g\u00e9n\u00e9\u00adral Olier en Afrique) que nous devons d\u2019en<br>\navoir, une fois de plus, \u00e9t\u00e9 quittes pour la peur. [[Je n\u2019oublie pas, ce disant, l\u2019importance de la r\u00e9ac\u00adtion du contin\u00adgent, telle qu\u2019elle res\u00adsort des d\u00e9cla\u00adra\u00adtions du ministre Buron (lui-m\u00eame un temps pri\u00adson\u00adnier de la s\u00e9di\u00adtion) et d\u2019une ana\u00adlyse s\u00e9rieuse et docu\u00admen\u00adt\u00e9e de Jean Daniel. Mais l\u2019habilet\u00e9 de de Gaulle qui sut appa\u00adrem\u00adment pr\u00e9\u00advoir ce sur\u00adsaut et tabler des\u00adsus, n\u2019en est pas dimi\u00adnu\u00e9e, bien au contraire.]]<\/span><\/font><\/font><\/p>\n<p style=\"margin-right: 0.98cm; text-indent: 0.98cm; margin-bottom: 0cm;\" align=\"justify\">\n<font face=\"Garamond, serif\"><font style=\"font-size: 13pt;\" size=\"3\"><span lang=\"fr-FR\">Seule\u00adment,<br>\ncette vic\u00adtoire\u200a\u2014\u200acar Dieu mer\u00adci c\u2019en est une\u200a\u2014\u200aclasse l\u2019homme,<br>\nm\u00eame elle le sur\u00adclasse&nbsp;; mais vous ne trou\u00advez pas que la&nbsp;fa\u00e7on<br>\ndont elle a eu lieu\u200a\u2014\u200ad\u00e9classe le&nbsp;pays&nbsp;?<\/span><\/font><\/font><\/p>\n<p style=\"margin-right: 0.98cm; text-indent: 0.98cm; margin-bottom: 0cm;\" align=\"justify\">\n<font face=\"Garamond, serif\"><font style=\"font-size: 13pt;\" size=\"3\"><span lang=\"fr-FR\">On<br>\na sou\u00advent, \u00e0 juste titre je pense, d\u00e9fi\u00adni l\u2019actuel<br>\nd\u00e9ten\u00adteur du pou\u00advoir avant tout comme un soli\u00adtaire. Et certes,<br>\nla soli\u00adtude\u200a\u2014\u200aqui peut si vite deve\u00adnir iso\u00adle\u00adment\u200a\u2014\u200aest dans&nbsp;sa<br>\nnature.<\/span><\/font><\/font><\/p>\n<p style=\"margin-right: 0.98cm; text-indent: 0.98cm; margin-bottom: 0cm;\" align=\"justify\">\n<font face=\"Garamond, serif\"><font style=\"font-size: 13pt;\" size=\"3\"><span lang=\"fr-FR\">Mais<br>\nil serait trop facile de l\u2019en rendre, lui seul, responsable.<\/span><\/font><\/font><\/p>\n<p style=\"margin-right: 0.98cm; text-indent: 0.98cm; margin-bottom: 0cm;\" align=\"justify\">\n<font face=\"Garamond, serif\"><font style=\"font-size: 13pt;\" size=\"3\"><span lang=\"fr-FR\">Ce<br>\nn\u2019est un secret pour per\u00adsonne que ce peuple, le n\u00f4tre, qu\u2019il<br>\ns\u2019est don\u00adn\u00e9 pour mis\u00adsion de prendre en charge, est,&nbsp;sauf<br>\npeut-\u00eatre aux heures de crise aigu\u00eb, pour ain\u00adsi&nbsp;dire<br>\nabsent \u00e0 lui-m\u00eame et comme en per\u00adp\u00e9\u00adtuel&nbsp;\u00e9tat<br>\nde d\u00e9mission.<\/span><\/font><\/font><\/p>\n<p style=\"margin-right: 0.98cm; text-indent: 0.98cm; margin-bottom: 0cm;\" align=\"justify\">\n<font face=\"Garamond, serif\"><font style=\"font-size: 13pt;\" size=\"3\"><span lang=\"fr-FR\">Com\u00adment<br>\nd\u00e8s lors, m\u00eame si sa nature ne l\u2019y incli\u00adnait&nbsp;pas<br>\nd\u2019elle-m\u00eame, l\u2019homme actuel\u00adle\u00adment au pou\u00advoir ne serait-il<br>\npas seul si, hors de lui, poli\u00adti\u00adque\u00adment par\u00adlant, il n\u2019y a personne&nbsp;?<\/span><\/font><\/font><\/p>\n<p style=\"margin-right: 0.98cm; text-indent: 0.98cm; margin-bottom: 0cm;\" align=\"justify\">\n<font face=\"Garamond, serif\"><font style=\"font-size: 13pt;\" size=\"3\"><span lang=\"fr-FR\">Car<br>\nc\u2019est n\u2019\u00eatre per\u00adsonne que d\u2019ob\u00e9ir la bouche cousue<br>\nou, au contraire, de voci\u00adf\u00e9\u00adrer, comme cer\u00adtaine presse, des<br>\ncri\u00adtiques aus\u00adsi irr\u00e9elles que celles, par exemple, de&nbsp;M.<br>\nJean-Jacques Ser\u00advan-Schrei\u00adber. (Quant aux prin\u00adcipes soi-disant<br>\nbran\u00addis par le par\u00adti de M.&nbsp;Tho\u00adrez, \u00e0 quoi bon,&nbsp;m\u00eame,<br>\nseule\u00adment faire men\u00adtion de ces faux bruits&nbsp;: cha\u00adcun, \u00e0&nbsp;cet<br>\n\u00e9gard, sait trop bien \u00e0 quoi s\u2019en&nbsp;tenir.)<\/span><\/font><\/font><\/p>\n<p style=\"margin-right: 0.98cm; text-indent: 0.98cm; margin-bottom: 0cm;\" align=\"justify\">\n<font face=\"Garamond, serif\"><font style=\"font-size: 13pt;\" size=\"3\"><span lang=\"fr-FR\">Assu\u00adr\u00e9\u00adment,<br>\nnotre pr\u00e9\u00adsident g\u00e9n\u00e9\u00adral ou, comme on voudra,<br>\nnotre g\u00e9n\u00e9\u00adral pr\u00e9\u00adsident n\u2019encourage pas&nbsp;le<br>\ndia\u00adlogue. Mais tant pis. Il faut nous obli\u00adger, non pas \u00e0&nbsp;nous<br>\ntaire (ah&nbsp;! cette auto\u00adcen\u00adsure, pr\u00e9\u00adci\u00ads\u00e9\u00adment, dont&nbsp;je<br>\nfai\u00adsais l\u2019aveu \u00e0 mon You\u00adgo\u00adslave), mais au contraire \u00e0<br>\npar\u00adler, j\u2019entends&nbsp;: \u00e0 dire bien net tout ce que nous pouvons<br>\navoir sur le&nbsp;c\u0153ur.<\/span><\/font><\/font><\/p>\n<p style=\"margin-right: 0.98cm; text-indent: 0.98cm; margin-bottom: 0cm;\" align=\"justify\">\n<font face=\"Garamond, serif\"><font style=\"font-size: 13pt;\" size=\"3\"><span lang=\"fr-FR\">En<br>\nv\u00e9ri\u00adt\u00e9, ce silence, bien inten\u00adtion\u00adn\u00e9 \u00e9videmment<br>\u200a\u2014\u200aet puis&nbsp;?\u200a\u2014\u200ac\u2019est d\u00e9j\u00e0 bien avant les derniers<br>\n\u00e9v\u00e9\u00adne\u00adments d\u2019Alg\u00e9rie que je m\u2019y confinais,<br>\nassu\u00admant ain\u00adsi, en ma place infi\u00adni\u00adment modeste, mais qu\u2019importe&nbsp;?&nbsp;ma<br>\npart de la d\u00e9mis\u00adsion g\u00e9n\u00e9rale.<\/span><\/font><\/font><\/p>\n<p style=\"margin-right: 0.98cm; text-indent: 0.98cm; margin-bottom: 0cm;\" align=\"justify\">\n<font face=\"Garamond, serif\"><font style=\"font-size: 13pt;\" size=\"3\"><span lang=\"fr-FR\">Et<br>\ncepen\u00addant je n\u2019\u00e9tonnerai per\u00adsonne, du moins je l\u2019esp\u00e8re,<br>\nen confes\u00adsant que c\u2019est bien sou\u00advent qu\u2019il m\u2019est arriv\u00e9<br>\nde pen\u00adser&nbsp;: tr\u00e8s joli d\u2019avoir os\u00e9, je dis bien&nbsp;: os\u00e9,<br>\nmal\u00adgr\u00e9 toutes nos pr\u00e9\u00adf\u00e9\u00adrences pour l\u2019irrespect,<br>\nprendre dans cette revue, il y aura bien\u00adt\u00f4t trois ans, lorsque<br>\nla IVe R\u00e9pu\u00adblique pas\u00adsa de vie \u00e0 tr\u00e9\u00adpas,&nbsp;une<br>\nposi\u00adtion sinon \u00ab&nbsp;gaul\u00adliste&nbsp;\u00bb, du moins pas contre\u200a\u2014\u200atout<br>\nde m\u00eame, les amis, encore plus qu\u2019alors nombre d\u2019entre eux<br>\nquand ils t\u2019ont lu, doivent s\u2019\u00e9tonner que tu ne dises&nbsp;rien<br>\nd\u2019un tas de choses qui ne tournent pas&nbsp;rond.<\/span><\/font><\/font><\/p>\n<p style=\"margin-right: 0.98cm; text-indent: 0.98cm; margin-bottom: 0cm;\" align=\"justify\">\n<font face=\"Garamond, serif\"><font style=\"font-size: 13pt;\" size=\"3\"><span lang=\"fr-FR\">Entre<br>\nautres, pour ne citer que la prin\u00adci\u00adpale, cette obses\u00adsion de grandeur<br>\nqui dicte au r\u00e9gime une poli\u00adtique mon\u00addiale \u00e0 tout&nbsp;coup<br>\nsur\u00adan\u00adn\u00e9e. \u00ab&nbsp;Les choses \u00e9tant ce qu\u2019elles sont&nbsp;\u00bb<br>\n(la for\u00admule, pour\u00adtant est ch\u00e8re \u00e0 notre pr\u00e9sident<br>\nde la R\u00e9pu\u00adblique), les choses, les rap\u00adports de force&nbsp;\u00e9tant,<br>\ndonc, ce qu\u2019ils sont, com\u00adment, par exemple, pou\u00advoir raisonnablement<br>\nr\u00eaver, pour la France <i>actuelle, <\/i>de l\u2019instauration, \u00e0<br>\nl\u2019int\u00e9rieur de l\u2019OTAN, d\u2019un \u00ab&nbsp;direc\u00adtoire&nbsp;\u00bb&nbsp;qui<br>\nmet\u00adtrait sous sa tutelle le reste de l\u2019Europe&nbsp;? Com\u00adment s\u2019ent\u00eater<br>\ndans la fabri\u00adca\u00adtion d\u2019une bombe qui, pour \u00eatre nationale,<br>\nn\u2019en res\u00adte\u00adra pas moins une bombe en minia\u00adture dont le plus clair&nbsp;de<br>\nla \u00ab&nbsp;force de frappe&nbsp;\u00bb est d\u2019ameuter contre nous&nbsp;les<br>\njeunes et vieux natio\u00adna\u00adlismes, ces bons ap\u00f4tres&nbsp;? Comment<br>\nrai\u00adson\u00adna\u00adble\u00adment oppo\u00adser aux timides essais de l\u2019int\u00e9gration<br>\neuro\u00adp\u00e9enne le slo\u00adgan qua\u00adsi maur\u00adras\u00adsien de l\u2019Europe des<br>\npatries&nbsp;? Et com\u00adment, devant la crise congo\u00adlaise, quelque sceptique<br>\nque l\u2019on puisse \u00eatre quant \u00e0 l\u2019efficacit\u00e9 des<br>\nmal\u00adheu\u00adreuses Nations unies, rai\u00adson\u00adna\u00adble\u00adment en venir \u00e0&nbsp;les<br>\ntrai\u00adter de \u00ab&nbsp;machin&nbsp;\u00bb et faire en sorte que, dans&nbsp;un<br>\nscru\u00adtin tris\u00adte\u00adment fameux, le pays de la d\u00e9cla\u00adra\u00adtion&nbsp;des<br>\ndroits de l\u2019homme se soit infli\u00adg\u00e9 le d\u00e9shon\u00adneur&nbsp;de<br>\nvoter comme l\u2019Afrique du&nbsp;Sud&nbsp;?<\/span><\/font><\/font><\/p>\n<p style=\"margin-right: 0.98cm; text-indent: 0.98cm; margin-bottom: 0cm;\" align=\"justify\">\n<font face=\"Garamond, serif\"><font style=\"font-size: 13pt;\" size=\"3\"><span lang=\"fr-FR\">Com\u00adment,<br>\nd\u2019autre part, pour effleu\u00adrer aus\u00adsi la vie int\u00e9\u00adrieure de&nbsp;la<br>\nnation, rai\u00adson\u00adna\u00adble\u00adment croire que la d\u00e9mo\u00adcra\u00adtie d\u2019un&nbsp;pays<br>\nmoderne<b> <\/b>puisse deve\u00adnir en m\u00eame temps que la chasse<br>\ngar\u00add\u00e9e d\u2019on ne sait quels notables ano\u00adnymes, plus ou&nbsp;moins<br>\npl\u00e9\u00adbis\u00adci\u00adtaire et qu\u2019au lieu d\u2019\u00e9laborer d\u2019elle-m\u00eame<br>\nles r\u00e9formes dont elle a \u00e9vi\u00addem\u00adment un si urgent<br>\nbesoin, elle prenne, sans renier jusqu\u2019\u00e0 sa rai\u00adson d\u2019\u00eatre,<br>\nle pli de se les lais\u00adser octroyer&nbsp;?<\/span><\/font><\/font><\/p>\n<p style=\"margin-right: 0.98cm; text-indent: 0.98cm; margin-bottom: 0cm;\" align=\"justify\" lang=\"fr-FR\">\n <font face=\"Garamond, serif\"><font style=\"font-size: 13pt;\" size=\"3\">\u00ab&nbsp;Fran\u00ad\u00e7aises,<br>\nFran\u00ad\u00e7ais, aidez-moi&nbsp;!&nbsp;\u00bb\u200a\u2014\u200aqui ne se sou\u00advient de ce&nbsp;cri<br>\nde d\u00e9tresse au moment de la&nbsp;crise&nbsp;?<\/font><\/font><\/p>\n<p style=\"margin-right: 0.98cm; text-indent: 0.98cm; margin-bottom: 0cm;\" align=\"justify\">\n<font face=\"Garamond, serif\"><font style=\"font-size: 13pt;\" size=\"3\"><span lang=\"fr-FR\">Mais,<br>\n<i>la crise pas\u00ads\u00e9e <\/i>(essen\u00adtiel\u00adle\u00adment gr\u00e2ce&nbsp;\u00e0<br>\nvous, sire, on le recon\u00adna\u00eet), le seul moyen de vous aider&nbsp;en<br>\nper\u00adma\u00adnence, c\u2019est de faire, loin de nous hyp\u00adno\u00adti\u00adser sur un respect<br>\nmal com\u00adpris de vos (trop) grands des\u00adseins, au contraire tout&nbsp;notre<br>\npos\u00adsible pour ne les point flat\u00adter, pour vous ouvrir les yeux sur&nbsp;ce<br>\nque la pen\u00ads\u00e9e qui vous guide a trop sou\u00advent\u200a\u2014\u200a\u00ab&nbsp;les<br>\nchoses \u00e9tant ce qu\u2019elles sont&nbsp;\u00bb\u200a\u2014\u200ad\u2019\u00e9tranger<br>\nau monde moderne, d\u2019anachronique.<\/span><\/font><\/font><\/p>\n<p style=\"margin-right: 0.98cm; text-indent: 0.98cm; margin-bottom: 0cm;\" align=\"justify\">\n<font face=\"Garamond, serif\"><font style=\"font-size: 13pt;\" size=\"3\"><span lang=\"fr-FR\">De<br>\nn\u2019avoir rien dit plus t\u00f4t de tout cela, j\u2019en ferai&nbsp;tr\u00e8s<br>\nhum\u00adble\u00adment\u200a\u2014\u200aet c\u2019est bien le sens ini\u00adtial de la pr\u00e9sente<br>\nauto\u00adcri\u00adtique\u200a\u2014\u200amon mea&nbsp;culpa.<\/span><\/font><\/font><\/p>\n<p style=\"margin-right: 0.98cm; text-indent: 0.98cm; margin-bottom: 0cm;\" align=\"justify\">\n<font face=\"Garamond, serif\"><font style=\"font-size: 13pt;\" size=\"3\"><span lang=\"fr-FR\">Quant<br>\n\u00e0 savoir si ces trop rapides pro\u00adpos ser\u00advi\u00adront \u00e0 quelque<br>\nchose, de seule\u00adment poser la ques\u00adtion peut pr\u00ea\u00adter&nbsp;\u00e0<br>\nsou\u00adrire&nbsp;: dans notre vaste monde ter\u00adra\u00adqu\u00e9, une revue&nbsp;comme<br>\ncelle-ci n\u2019est qu\u2019un grain de&nbsp;sable.<\/span><\/font><\/font><\/p>\n<p style=\"margin-right: 0.98cm; text-indent: 0.98cm; margin-bottom: 0cm;\" align=\"justify\">\n<font face=\"Garamond, serif\"><font style=\"font-size: 13pt;\" size=\"3\"><span lang=\"fr-FR\">Mais,<br>\noutre que ce sont les grains de sable qui, ajou\u00adt\u00e9s les uns&nbsp;aux<br>\nautres, forment, au bout du compte, l\u2019immense \u00e9ten\u00addue&nbsp;des<br>\nplages, le devoir de cha\u00adcun, pour lui-m\u00eame et pour autrui,<br>\nd\u00fbt-il, comme nous ici, s\u2019abstenir de \u00ab&nbsp;faire de&nbsp;la<br>\npoli\u00adtique&nbsp;\u00bb au sens cou\u00adrant, est, plus que jamais, aujourd\u2019hui<br>\nque les forces \u00e0 oppo\u00adser au pire ont si vertigineusement<br>\nfailli nous faire d\u00e9faut de l\u2019\u00e9paisseur d\u2019un&nbsp;seul<br>\nhomme,\u200a\u2014\u200ad\u2019un grain de sable, ou de dia\u00admant,\u200a\u2014\u200ad\u2019essayer de<br>\nse for\u00admu\u00adler le peu qu\u2019il y a peut-\u00eatre, \u00e0 dire&nbsp;;&nbsp;en<br>\nd\u2019autres termes, de s\u2019efforcer de voir (et de par\u00adler) clair, et<br>\ndonc\u200a\u2014\u200ac\u2019est au fond l\u2019essentiel\u200a\u2014\u200ade res\u00adter adulte.<\/span><\/font><\/font><\/p>\n<p style=\"margin-right: 0.98cm; text-indent: 0.98cm; margin-bottom: 0cm;\" align=\"justify\" lang=\"fr-FR\">\n<font face=\"Garamond, serif\"><font style=\"font-size: 13pt;\" size=\"3\">En<br>\nagir autre\u00adment, ce serait, comme tout notre vieux peuple, pour&nbsp;le<br>\nmal\u00adheur aus\u00adsi de celui que les cir\u00adcons\u00adtances font pr\u00e9\u00adsi\u00adder&nbsp;\u00e0<br>\nses des\u00adtins, ne le risque en ce moment que trop, fina\u00adle\u00adment tom\u00adber&nbsp;en<br>\nenfance.<\/font><\/font><\/p>\n<p style=\"margin-right: 0.98cm; text-indent: 0.98cm; margin-bottom: 0cm;\" align=\"justify\" lang=\"fr-FR\">\n<font face=\"Garamond, serif\"><font style=\"font-size: 13pt;\" size=\"3\">9<br>\nmai&nbsp;1961<\/font><\/font><\/p>\n<p style=\"margin-right: 0.98cm; text-indent: 0.98cm; margin-bottom: 0cm;\" align=\"justify\" lang=\"fr-FR\">\n<font face=\"Garamond, serif\"><font style=\"font-size: 13pt;\" size=\"3\"><b>J.<br>\nP.&nbsp;S.<\/b><\/font><\/font><\/p>\n","protected":false},"excerpt":{"rendered":"<p>&nbsp; Lorsque, au d\u00e9but d\u2019avril, pour arri\u00adver en Gr\u00e8ce\u200a\u2014\u200aoui,&nbsp;ce voyage de Gr\u00e8ce&nbsp;: plus qu\u2019un beau r\u00eave une obses\u00adsion, et je sais bien pour\u00adquoi\u200a\u2014\u200aje me trou\u00advai devoir tra\u00adver\u00adser&nbsp;la You\u00adgo\u00adsla\u00advie, non par les r\u00e9gions, tou\u00adris\u00adti\u00adque\u00adment&nbsp;plus s\u00e9dui\u00adsantes j\u2019imagine, de la c\u00f4te, mais par celles, sans doute autre\u00adment r\u00e9v\u00e9\u00adla\u00adtrices, de l\u2019int\u00e9rieur&nbsp;: Lou\u00adblia\u00adna, Zagreb, Bel\u00adgrade, j\u2019eus, en m\u00eame temps que&nbsp;la&nbsp;[\u2026]<\/p>\n","protected":false},"author":1,"featured_media":0,"comment_status":"closed","ping_status":"closed","sticky":false,"template":"","format":"standard","meta":{"wp_typography_post_enhancements_disabled":false,"footnotes":""},"categories":[142],"tags":[],"ppma_author":[540],"class_list":["post-1262","post","type-post","status-publish","format-standard","hentry","category-temoins-n27-juin-1961"],"authors":[{"term_id":540,"user_id":1,"is_guest":0,"slug":"admin_3gikpwyf","display_name":"Vincent Dubuc","avatar_url":"https:\/\/secure.gravatar.com\/avatar\/d015720652c25fd2ced191ade86430094e1f288a17483713e3b34d26dea52507?s=96&d=mm&r=g","author_category":"","user_url":"https:\/\/la-presse-anarchiste.net","last_name":"Dubuc","first_name":"Vincent","job_title":"","description":""}],"_links":{"self":[{"href":"https:\/\/la-presse-anarchiste.net\/index.php\/wp-json\/wp\/v2\/posts\/1262","targetHints":{"allow":["GET"]}}],"collection":[{"href":"https:\/\/la-presse-anarchiste.net\/index.php\/wp-json\/wp\/v2\/posts"}],"about":[{"href":"https:\/\/la-presse-anarchiste.net\/index.php\/wp-json\/wp\/v2\/types\/post"}],"author":[{"embeddable":true,"href":"https:\/\/la-presse-anarchiste.net\/index.php\/wp-json\/wp\/v2\/users\/1"}],"replies":[{"embeddable":true,"href":"https:\/\/la-presse-anarchiste.net\/index.php\/wp-json\/wp\/v2\/comments?post=1262"}],"version-history":[{"count":0,"href":"https:\/\/la-presse-anarchiste.net\/index.php\/wp-json\/wp\/v2\/posts\/1262\/revisions"}],"wp:attachment":[{"href":"https:\/\/la-presse-anarchiste.net\/index.php\/wp-json\/wp\/v2\/media?parent=1262"}],"wp:term":[{"taxonomy":"category","embeddable":true,"href":"https:\/\/la-presse-anarchiste.net\/index.php\/wp-json\/wp\/v2\/categories?post=1262"},{"taxonomy":"post_tag","embeddable":true,"href":"https:\/\/la-presse-anarchiste.net\/index.php\/wp-json\/wp\/v2\/tags?post=1262"},{"taxonomy":"author","embeddable":true,"href":"https:\/\/la-presse-anarchiste.net\/index.php\/wp-json\/wp\/v2\/ppma_author?post=1262"}],"curies":[{"name":"wp","href":"https:\/\/api.w.org\/{rel}","templated":true}]}}