{"id":1266,"date":"2008-02-18T23:55:07","date_gmt":"2008-02-18T23:55:07","guid":{"rendered":"https:\/\/la-presse-anarchiste.net\/index.php\/2008\/02\/18\/periodiques-11\/"},"modified":"2008-02-18T23:55:07","modified_gmt":"2008-02-18T23:55:07","slug":"periodiques-11","status":"publish","type":"post","link":"https:\/\/la-presse-anarchiste.net\/index.php\/2008\/02\/18\/periodiques-11\/","title":{"rendered":"P\u00e9riodiques"},"content":{"rendered":"<div class=\"pdfprnt-buttons pdfprnt-buttons-post pdfprnt-top-right\"><a href=\"https:\/\/la-presse-anarchiste.net\/index.php\/wp-json\/wp\/v2\/posts\/1266?print=pdf\" class=\"pdfprnt-button pdfprnt-button-pdf\" target=\"_blank\"><img decoding=\"async\" src=\"https:\/\/la-presse-anarchiste.net\/wp-content\/plugins\/pdf-print\/images\/pdf.png\" alt=\"image_pdf\" title=\"Afficher le PDF\"><\/a><a href=\"https:\/\/la-presse-anarchiste.net\/index.php\/wp-json\/wp\/v2\/posts\/1266?print=print\" class=\"pdfprnt-button pdfprnt-button-print\" target=\"_blank\"><img decoding=\"async\" src=\"https:\/\/la-presse-anarchiste.net\/wp-content\/plugins\/pdf-print\/images\/print.png\" alt=\"image_print\" title=\"Contenu imprim\u00e9\"><\/a><\/div><p style=\"margin-right: 0.96cm; text-indent: 1.52cm; margin-bottom: 0cm;\" align=\"justify\">\n<font face=\"Garamond, serif\"><font style=\"font-size: 13pt;\" size=\"3\"><span lang=\"fr-FR\">Nous<br>\nnous en vou\u00addrions de ne pas atti\u00adrer, avant tout, l\u2019attention de<br>\ncha\u00adcun sur les frag\u00adments des <i>Car\u00adnets<\/i> de Camus (leur&nbsp;texte<br>\nint\u00e9\u00adgral pour la p\u00e9riode 1935\u200a\u2013\u200a1944 para\u00ee\u00adtra&nbsp;sous<br>\npeu en librai\u00adrie) publi\u00e9s dans le num\u00e9\u00adro de septembre<br>\nde <i>Preuves,<\/i> par les soins de Jean Bloch-Michel. Quelle<br>\npr\u00e9\u00adsence, dans cette sim\u00adpli\u00adci\u00adt\u00e9 consub\u00adstan\u00adtielle, tout<br>\nensemble, \u00e0 la luci\u00addi\u00adt\u00e9 et \u00e0 la po\u00e9sie.<br>\nIl fau\u00addra en par\u00adler lon\u00adgue\u00adment, lorsque le livre tout entier sera<br>\nsous nos yeux. Pour le moment, osons, non sans mau\u00advaise conscience,<br>\nquelques nota\u00adtions trop h\u00e2tives, toutes provisoires.<\/span><\/font><\/font><\/p>\n<p style=\"margin-right: 0.96cm; text-indent: 1.52cm; margin-bottom: 0cm;\" align=\"justify\">\n<font face=\"Garamond, serif\"><font style=\"font-size: 13pt;\" size=\"3\"><span lang=\"fr-FR\">D\u2019abord<br>\nceci&nbsp;: comme nous-m\u00eame, nombre de nos amis seront sans&nbsp;doute<br>\narr\u00ea\u00adt\u00e9s, pour ne pas dire heur\u00adt\u00e9s par le passage<br>\n(p. 15\u200a\u2013\u200a16) o\u00f9 l\u2019homme qui reste, en pro\u00adfon\u00addeur,&nbsp;notre<br>\ncom\u00adpa\u00adgnon le plus vrai, condamne d\u2019un m\u00eame mou\u00adve\u00adment&nbsp;la<br>\nguerre, bien s\u00fbr, mais aus\u00adsi le refus d\u2019y par\u00adti\u00adci\u00adper. \u00ab&nbsp;Juger<br>\nd\u2019un \u00e9v\u00e9\u00adne\u00adment est impos\u00adsible et m\u00eame immoral<br>\nsi c\u2019est du dehors&nbsp;\u00bb, \u00e9crit-il. Lisant cela, il&nbsp;faut<br>\nson\u00adger au moment o\u00f9 ce fut \u00e9crit&nbsp;: 1939,&nbsp;d\u00e8s<br>\napr\u00e8s l\u2019\u00e9clatement de la guerre, p\u00e9riode qui<br>\nn\u2019\u00e9tait pas seule\u00adment le com\u00admen\u00adce\u00adment d\u2019<i>une <\/i>guerre,<br>\nmais de la guerre contre l\u2019Allemagne hit\u00adl\u00e9\u00adrienne. Depuis,<br>\nCamus, on le sait de reste, avait pris ses dis\u00adtances d\u2019avec<br>\nl\u2019\u00e9v\u00e9nement et l\u2019\u00abhistoire\u00bb&nbsp;; et si&nbsp;les<br>\nido\u00adl\u00e2tres de celle-ci ne le lui ont jamais pardonn\u00e9,<br>\nc\u2019est, au contraire, cet appro\u00adfon\u00addis\u00adse\u00adment du sens de la libert\u00e9<br>\nqui nous le rend, \u00e0 nous, le plus fra\u00adter\u00adnel. Approfondissement<br>\nest d\u2019ailleurs mal dit. Toute l\u2019essence de Camus est&nbsp;d\u00e9j\u00e0<br>\ndans ces notes. D\u00e8s 37, \u00e0 Flo\u00adrence, il \u00e9crivait&nbsp;:<br>\n\u00ab\u2026 je ne vois pas ce que l\u2019inutilit\u00e9 \u00f4te&nbsp;\u00e0<br>\nma r\u00e9volte et je sens bien ce quelle lui ajoute.&nbsp;\u00bb<\/span><\/font><\/font><\/p>\n<p style=\"margin-right: 0.96cm; text-indent: 1.52cm; margin-bottom: 0cm;\" align=\"justify\">\n<font face=\"Garamond, serif\"><font style=\"font-size: 13pt;\" size=\"3\"><span lang=\"fr-FR\">Mais<br>\ntr\u00eave \u00e0 la \u00ab&nbsp;pens\u00e9e&nbsp;\u00bb.<\/span><\/font><\/font><\/p>\n<p style=\"margin-right: 0.96cm; text-indent: 1.52cm; margin-bottom: 0cm;\" align=\"justify\">\n<font face=\"Garamond, serif\"><font style=\"font-size: 13pt;\" size=\"3\"><span lang=\"fr-FR\">Qui,<br>\naujourd\u2019hui, lira sans navrance des lignes comme celles-ci&nbsp;: \u00ab&nbsp;Des<br>\nvil\u00adlages grou\u00adp\u00e9s autour de points natu\u00adrels et vivant cha\u00adcun&nbsp;de<br>\nsa vie propre\u2026 Et de l\u2019homme \u00e0 l\u2019arbre, du geste&nbsp;\u00e0<br>\nla mon\u00adtagne, na\u00eet une sorte de consen\u00adte\u00adment \u00e0 la&nbsp;fois<br>\npath\u00e9\u00adtique et joyeux. La Gr\u00e8ce&nbsp;? non, la Kaby\u00adlie.&nbsp;Et<br>\nc\u2019est comme si tout d\u2019un coup, \u00e0 des si\u00e8cles de<br>\ndis\u00adtance, l\u2019Hellade tout enti\u00e8re trans\u00adpor\u00adt\u00e9e entre&nbsp;la<br>\nmer et les mon\u00adtagnes renais\u00adsait dans sa splen\u00addeur antique, \u00e0<br>\npeine accu\u00ads\u00e9e dans sa paresse et son res\u00adpect du Des\u00adtin par&nbsp;le<br>\nvoi\u00adsi\u00adnage de l\u2019Orient.&nbsp;\u00bb<\/span><\/font><\/font><\/p>\n<p style=\"margin-right: 0.96cm; text-indent: 1.52cm; margin-bottom: 0cm;\" align=\"justify\">\n<font face=\"Garamond, serif\"><font style=\"font-size: 13pt;\" size=\"3\"><span lang=\"fr-FR\">Ce<br>\nque, depuis, nous tous, musul\u00admans et non-musul\u00admans, avons fait de <i>son<br>\n<\/i>pays\u2026<\/span><\/font><\/font><\/p>\n<p style=\"margin-right: 0.96cm; text-indent: 1.52cm; margin-bottom: 0cm;\" align=\"justify\" lang=\"fr-FR\">\n<font face=\"Garamond, serif\"><font style=\"font-size: 13pt;\" size=\"3\"><\/font><\/font><\/p>\n<h2> * * *<\/h2>\n<p><\/p>\n<p style=\"margin-right: 0.96cm; text-indent: 1.52cm; margin-bottom: 0cm;\" align=\"justify\" lang=\"fr-FR\">\n<font face=\"Garamond, serif\"><font style=\"font-size: 13pt;\" size=\"3\">Quand<br>\non a, f\u00fbt-ce bien insuf\u00adfi\u00adsam\u00adment, par\u00adl\u00e9 de&nbsp;Camus,<br>\nl\u2019envie vous prend de se taire sur le reste. Mais cette&nbsp;sorte<br>\nd\u2019envie-l\u00e0, l\u2019int\u00e9r\u00eat du lec\u00adteur exige qu\u2019on<br>\nne se laisse pas aller \u00e0 en tenir compte.<\/font><\/font><\/p>\n<p style=\"margin-right: 0.96cm; text-indent: 1.52cm; margin-bottom: 0cm;\" align=\"justify\" lang=\"fr-FR\">\n<font face=\"Garamond, serif\"><font style=\"font-size: 13pt;\" size=\"3\">Signa\u00adlons<br>\ndonc main\u00adte\u00adnant, en sui\u00advant doci\u00adle\u00adment l\u2019ordre chronologique,<br>\ncelles de nos lec\u00adtures de presse qui nous ont le plus retenu.<\/font><\/font><\/p>\n<p style=\"margin-right: 0.96cm; text-indent: 1.52cm; margin-bottom: 0cm;\" align=\"justify\">\n<font face=\"Garamond, serif\"><font style=\"font-size: 13pt;\" size=\"3\"><span lang=\"fr-FR\">Dans<br>\n<i>le Figa\u00adro lit\u00adt\u00e9\u00adraire <\/i>du 29 juillet, Robert Kan\u00adters,&nbsp;qui<br>\na suc\u00adc\u00e9\u00add\u00e9 \u00e0 Andr\u00e9 Rous\u00adseaux \u00e0&nbsp;la<br>\nrubrique des livres, a don\u00adn\u00e9 sur \u00ab&nbsp;Jules Romains par<br>\nlui-m\u00eame&nbsp;\u00bb un article, chef\u2011d\u2019\u0153uvre d\u2019\u00e9reintement,<br>\nqui est un juste ren\u00advoi \u00e0 son n\u00e9ant de ce faux&nbsp;grand<br>\nhomme. (Per\u00adson\u00adnel\u00adle\u00adment, nous ne plai\u00adde\u00adrions non cou\u00adpable que&nbsp;pour<br>\ncer\u00adtains de ses po\u00e8mes). Nota bene&nbsp;: nous n\u2019indiquons pas&nbsp;la<br>\nchose uni\u00adque\u00adment \u00e0 titre de diver\u00adtis\u00adse\u00adment litt\u00e9raire<br>\n(bien que nous ne cra\u00adchions pas, oh pas du tout, sur ce qui&nbsp;nous<br>\namuse), mais parce qu\u2019il est bon de d\u00e9blayer le ter\u00adrain&nbsp;des<br>\npseu\u00addo-valeurs et pseu\u00addo-g\u00e9nies, de la vraie v\u00e9rit\u00e9<br>\ndes\u00adquels nous savons aujourd\u2019hui, pour le dire par le titre&nbsp;de<br>\ncer\u00adtain roman espa\u00adgnol, que, dans le cas en ques\u00adtion, \u00ab&nbsp;cela<br>\ns\u2019appelle\u2026 <i>l\u2019Aurore<\/i>\u2026\u00bb<\/span><\/font><\/font><\/p>\n<p style=\"margin-right: 0.96cm; text-indent: 1.52cm; margin-bottom: 0cm;\" align=\"justify\" lang=\"fr-FR\">\n<font face=\"Garamond, serif\"><font style=\"font-size: 13pt;\" size=\"3\"><\/font><\/font><\/p>\n<h2> * * *<\/h2>\n<p><\/p>\n<p style=\"margin-right: 0.96cm; text-indent: 1.52cm; margin-bottom: 0cm;\" align=\"justify\">\n<font face=\"Garamond, serif\"><font style=\"font-size: 13pt;\" size=\"3\"><span lang=\"fr-FR\">A<br>\nla m\u00eame date, 19 juillet, <i>le Canard encha\u00ee\u00adn\u00e9, <\/i>a<br>\npubli\u00e9 de Mor\u00advan Lebesque un papier de beau\u00adcoup sup\u00e9rieur<br>\n\u00e0 ce que cet excellent chro\u00adni\u00adqueur est obli\u00adg\u00e9 de pondre<br>\ntous les huit jours. L\u2019article s\u2019intitule \u00ab&nbsp;Sartre et&nbsp;le<br>\ncom\u00adpo\u00adtier&nbsp;\u00bb. On vous fera gr\u00e2ce du d\u00e9tail de&nbsp;la<br>\ngrande d\u00e9cou\u00adverte de notre grand phi\u00adlo\u00adsophe (dans la&nbsp;revue<i><br>\nM\u00e9di\u00adta\u00adtions) <\/i>ins\u00adti\u00adtuant une hi\u00e9\u00adrar\u00adchie&nbsp;de<br>\nculpa\u00adbi\u00adli\u00adt\u00e9 pour les artistes \u00ab&nbsp;non engag\u00e9s&nbsp;\u00bb<br>\ndont ceux qui \u00ab&nbsp;peignent des com\u00adpo\u00adtiers&nbsp;\u00bb ne seraient que<br>\nles moins bl\u00e2\u00admables, etc. Mor\u00advan Lebesque \u00e9crit, et<br>\nvrai\u00adment on aurait envie de l\u2019embrasser&nbsp;: \u00ab&nbsp;Depuis longtemps<br>\nd\u00e9j\u00e0, de sombres amis de l\u2019humanit\u00e9 nous<br>\nenjoignent par d\u00e9cret de l\u2019aimer d\u2019une mani\u00e8re,<br>\nd\u2019une seule, la d\u00e9per\u00adson\u00adna\u00adli\u00adsa\u00adtion et le sacri\u00adfice. Tu&nbsp;veux<br>\npeindre des com\u00adpo\u00adtiers&nbsp;? Non, mon petit obs\u00adti\u00adn\u00e9, tu peindras<br>\ndes camps de triage, et si \u00e7a ne te pla\u00eet pas, tant&nbsp;pis&nbsp;:<br>\nl\u2019humanit\u00e9 d\u2019abord. Cela s\u2019appelle \u00ab&nbsp;d\u00e9vouement<br>\n\u00e0 la cause&nbsp;\u00bb, \u00ab&nbsp;prise de conscience&nbsp;\u00bb,&nbsp;que<br>\nsais-je&nbsp;? En fait c\u2019est la plus vieille dic\u00adta\u00adture du monde, celle<br>\nque toutes les reli\u00adgions ont fait peser sur l\u2019homme pour l\u2019emp\u00eacher<br>\nde se mani\u00adfes\u00adter libre\u00adment\u2026 Et il est \u00e0 la fois risible et<br>\nmons\u00adtrueux que les \u00ab&nbsp;huma\u00adnistes&nbsp;\u00bb ath\u00e9es<br>\nd\u2019aujourd\u2019hui prennent la rel\u00e8ve des Eglises pour imposer<br>\nla m\u00eame cen\u00adsure au nom de la Foi. Eter\u00adnelle race de pr\u00eatres,<br>\nqu\u2019elle porte une sou\u00adtane de cur\u00e9 ou un ves\u00adton&nbsp;de<br>\nprofesseur.&nbsp;\u00bb<\/span><\/font><\/font><\/p>\n<p style=\"margin-right: 0.96cm; text-indent: 1.52cm; margin-bottom: 0cm;\" align=\"justify\" lang=\"fr-FR\">\n<font face=\"Garamond, serif\"><font style=\"font-size: 13pt;\" size=\"3\"><\/font><\/font><\/p>\n<h2> * * *<\/h2>\n<p><\/p>\n<p style=\"margin-right: 0.96cm; text-indent: 1.52cm; margin-bottom: 0cm;\" align=\"justify\">\n<font face=\"Garamond, serif\"><font style=\"font-size: 13pt;\" size=\"3\"><span lang=\"fr-FR\">Sous<br>\nla signa\u00adture d\u2019Edmond Beau\u00adjon (le lec\u00adteur se rap\u00adpel\u00adle\u00adra sans&nbsp;doute<br>\nune fort belle page du m\u00eame auteur, nagu\u00e8re reproduite<br>\nici-m\u00eame), <i>le Jour\u00adnal de Gen\u00e8ve <\/i>du 23&nbsp;ao\u00fbt<br>\nconte\u00adnait, sur le sens et la por\u00adt\u00e9e (scan\u00adda\u00adleuse) du<br>\nver\u00adrouillage de Ber\u00adlin-Est, un remar\u00adquable article intitul\u00e9<br>\n\u00ab&nbsp;Echec \u00e0 la doc\u00adtrine&nbsp;\u00bb. La doc\u00adtrine, c\u2019est&nbsp;la<br>\nmys\u00adti\u00adfi\u00adca\u00adtion de la pseu\u00addo-d\u00e9mys\u00adti\u00adfi\u00adca\u00adtion de l\u2019\u00eatre<br>\nhumain en r\u00e9gime tota\u00adli\u00adtaire. Or, la fuite en masse&nbsp;des<br>\nAlle\u00admands de l\u2019Est en d\u00e9mon\u00adtrait le caract\u00e8re<br>\nfal\u00adla\u00adcieux, l\u2019\u00e9chec. De sorte que le ver\u00adrouillage en<br>\nques\u00adtion est \u00e0 la fois \u00ab&nbsp;une mesure parfaitement<br>\nappro\u00adpri\u00e9e \u00e0 l\u2019esprit de la doc\u00adtrine&nbsp;\u00bb et \u00ab&nbsp;en<br>\nm\u00eame temps un coup qu\u2019elle se porte \u00e0 elle-m\u00eame&nbsp;\u00bb&nbsp;:<br>\nquel aveu, en effet, que de bar\u00adrer \u00e0 ses bien\u00adheu\u00adreux habitants<br>\nla porte de sor\u00adtie de leur \u00ab&nbsp;paradis&nbsp;\u00bb&nbsp;?<\/span><\/font><\/font><\/p>\n<p style=\"margin-right: 0.96cm; text-indent: 1.52cm; margin-bottom: 0cm;\" align=\"justify\" lang=\"fr-FR\">\n<font face=\"Garamond, serif\"><font style=\"font-size: 13pt;\" size=\"3\"><\/font><\/font><\/p>\n<h2> * * *<\/h2>\n<p><\/p>\n<p style=\"margin-right: 0.96cm; text-indent: 1.52cm; margin-bottom: 0cm;\" align=\"justify\">\n<font face=\"Garamond, serif\"><font style=\"font-size: 13pt;\" size=\"3\"><span lang=\"fr-FR\">Dans<br>\n<i>Coop\u00e9\u00adra\u00adtion <\/i>(B\u00e2le), Fran\u00ad\u00e7ois Bon\u00addy&nbsp;a<br>\nexa\u00admi\u00adn\u00e9, avec sa per\u00adti\u00adnence habi\u00adtuelle, la d\u00e9plorable<br>\naffaire de Bizerte, non sans rele\u00adver au pas\u00adsage que c\u2019est Bourguiba<br>\nqui a pris \u00ab&nbsp;l\u2019initiative de pro\u00advo\u00adquer un choc sanglant&nbsp;\u00bb.<br>\nMais com\u00adment a\u2011t-on pu en venir l\u00e0&nbsp;? Bon\u00addy \u00e9crit&nbsp;: \u00ab&nbsp;Alors<br>\nque tous les alli\u00e9s de la France tiennent compte, comme&nbsp;il<br>\nconvient, de la psy\u00adcho\u00adlo\u00adgie par\u00adti\u00adcu\u00adli\u00e8re du g\u00e9n\u00e9ral<br>\nde Gaulle et mul\u00adti\u00adplient les assu\u00adrances d\u2019admiration \u00e0<br>\nl\u2019\u00e9gard de ce chef, la France\u200a\u2014\u200aen l\u2019occurrence le<br>\ng\u00e9n\u00e9\u00adral de Gaulle\u200a\u2014\u200ane para\u00eet pas&nbsp;avoir<br>\nconsi\u00add\u00e9\u00adr\u00e9 qu\u2019il y avait un probl\u00e8me<br>\npsy\u00adcho\u00adlo\u00adgique Bour\u00adgui\u00adba et qu\u2019il valait la peine de ne pas n\u00e9gliger<br>\nl\u2019\u00e9tude des satis\u00adfac\u00adtions \u00e0 don\u00adner \u00e0 un&nbsp;homme<br>\nsus\u00adcep\u00adtible et impul\u00adsif\u200a\u2014\u200amais qui avait \u00e9t\u00e9 jusqu\u2019\u00e0<br>\npr\u00e9\u00adsent un ami pr\u00e9\u00adcieux.&nbsp;\u00bb Et, plus&nbsp;loin&nbsp;:&nbsp;\u00ab\u2026<br>\nil est per\u00admis d\u2019admettre que le g\u00e9n\u00e9\u00adral de Gaulle&nbsp;\u2014<br>\nqui, pen\u00addant la guerre, a obte\u00adnu tant de suc\u00adc\u00e8s inat\u00adten\u00addus&nbsp;par<br>\nsa constante \u00ab&nbsp;rai\u00addeur&nbsp;\u00bb\u200a\u2014\u200an\u2019est pas un n\u00e9gociateur<br>\nsouple ni capable d\u2019entrer par l\u2019imagination dans la pens\u00e9e<br>\net les sen\u00adti\u00adments des autres.&nbsp;\u00bb H\u00e9las, le bilan&nbsp;des<br>\nvic\u00adtimes est l\u00e0, et en outre, d\u2019une telle rup\u00adture, en&nbsp;plus<br>\ndu \u00ab&nbsp;grand des\u00adsein&nbsp;\u00bb de la d\u00e9co\u00adlo\u00adni\u00adsa\u00adtion africaine<br>\ndans la soli\u00adda\u00adri\u00adt\u00e9, ce sont les peuples, qui, \u00ab&nbsp;sur&nbsp;les<br>\ndeux rivages de la M\u00e9di\u00adter\u00adra\u00adn\u00e9e, auront \u00e0<br>\nsouffrir.&nbsp;\u00bb<\/span><\/font><\/font><\/p>\n<p style=\"margin-right: 0.96cm; text-indent: 1.52cm; margin-bottom: 0cm;\" align=\"justify\" lang=\"fr-FR\">\n<font face=\"Garamond, serif\"><font style=\"font-size: 13pt;\" size=\"3\"><\/font><\/font><\/p>\n<h2> * * *<\/h2>\n<p><\/p>\n<p style=\"margin-right: 0.96cm; text-indent: 1.52cm; margin-bottom: 0cm;\" align=\"justify\">\n<font face=\"Garamond, serif\"><font style=\"font-size: 13pt;\" size=\"3\"><span lang=\"fr-FR\">Dans<br>\nce m\u00eame article sur C\u00e9line <i>(Preuves, <\/i>sept.) dont<br>\nnous avons cru devoir, ci-des\u00adsus, mettre en ques\u00adtion la&nbsp;trop<br>\nsou\u00adla\u00adgeante th\u00e8se fon\u00adda\u00admen\u00adtale, Man\u00e8s Sper\u00adber traite<br>\nacces\u00adsoi\u00adre\u00adment, mais avec un dis\u00adcer\u00adne\u00adment des plus aigus, de ce&nbsp;que<br>\nl\u2019on est conve\u00adnu d\u2019appeler le \u00ab&nbsp;nou\u00adveau roman&nbsp;\u00bb&nbsp;: \u00ab&nbsp;la<br>\nd\u00e9shu\u00adma\u00adni\u00adsa\u00adtion du \u00ab&nbsp;nou\u00adveau roman\u00bb\u2026 n\u2019est, en<br>\nv\u00e9ri\u00adt\u00e9, que l\u2019expression d\u2019un individualisme<br>\n\u00e9go\u00adcen\u00adtrique, et son effet. On pr\u00e9\u00adtend vou\u00adloir exi\u00adler&nbsp;\u00e0<br>\njamais l\u2019homme et le rem\u00adpla\u00adcer par des choses \u00e9mancip\u00e9es\u2026<br>\nOr, on ne r\u00e9us\u00adsit \u00e0 rien d\u2019autre qu\u2019\u00e0<br>\n\u00e9car\u00adter tous les hommes au pro\u00adfit d\u2019un seul&nbsp;\u00eatre,<br>\nexclu\u00adsif et unique comme le serait un dieu&nbsp;: au pro\u00adfit de l\u2019auteur.<br>\nSa voix seule parle&nbsp;; elle d\u00e9crit minu\u00adtieu\u00adse\u00adment un d\u00e9sert<br>\nmeu\u00adbl\u00e9 artis\u00adti\u00adque\u00adment de tri\u00advia\u00adli\u00adt\u00e9s\u2026\u00bb\u200a\u2014\u200aSur<br>\nce m\u00eame sujet, dans <i>Le Monde <\/i>du 13 sep\u00adtembre, M.<br>\nPierre-Hen\u00adri Simon a \u00e9crit, \u00e0 pro\u00adpos de \u00ab&nbsp;L\u2019Observatoire<br>\nde Cannes&nbsp;\u00bb, roman (<code>?<\/code>) de Jean Ricar\u00addou, quelques v\u00e9rit\u00e9s<br>\nven\u00adge\u00adresses&nbsp;: \u00ab&nbsp;L\u2019ennui, dit-il, \u00e9tant, devant ce&nbsp;genre<br>\nd\u2019ouvrages, la r\u00e9ac\u00adtion habi\u00adtuelle du lec\u00adteur quel\u00adconque, le<br>\ncri\u00adtique qui avoue sa fatigue s\u2019expose au grief de conformisme<br>\nobtus, et il appelle sur lui le m\u00e9pris d\u2019une <i>intel\u00adli\u00adgent\u00adsia<br>\n<\/i>aus\u00adsi bien four\u00adnie en pol\u00e9\u00admistes qu\u2019en th\u00e9oriciens.&nbsp;\u00bb<br>\nAvec une cruelle et juste dou\u00adceur, M.&nbsp;P.-H. Simon note qu\u2019un de&nbsp;ces<br>\nnou\u00adveaux augures vient de d\u00e9cla\u00adrer bien haut&nbsp;: \u00ab&nbsp;Robe-Grillet<br>\nest l\u2019\u00e9crivain le plus ori\u00adgi\u00adnal depuis La Bruy\u00e8re.&nbsp;\u00bb<br>\n\u00ab&nbsp;Et, ajoute alors le cri\u00adtique du <i>Monde, <\/i>l\u2019on constate,<br>\nh\u00e9las&nbsp;! qu\u2019on a vieilli quand on ne se laisse plus \u00e9blouir<br>\npar ces grands \u00e9clairs qui fou\u00addroient trois si\u00e8cles de<br>\nlit\u00adt\u00e9\u00adra\u00adture. Qu\u2019il me soit per\u00admis de le rap\u00adpe\u00adler en passant&nbsp;:<br>\nla g\u00e9n\u00e9\u00adra\u00adtion qui a d\u00e9cou\u00advert autour de&nbsp;la<br>\nving\u00adti\u00e8me ann\u00e9e les <i>Grandes Odes, <\/i>de Clau\u00addel, <i>la<br>\nJeune Parque, Swann <\/i>et le <i>Mani\u00adfeste du sur\u00adr\u00e9a\u00adlisme <\/i>n\u2019a<br>\npas \u00e0 apprendre que les nou\u00adveau\u00adt\u00e9s sont difficiles\u2026;<br>\nseule\u00adment, il ne faut pas lui en faire accroire, car elle sait&nbsp;en<br>\noutre que toute dif\u00adfi\u00adcul\u00adt\u00e9 n\u2019est pas f\u00e9conde, que<br>\nl\u2019ennuyeux n\u2019est pas n\u00e9ces\u00adsai\u00adre\u00adment le distingu\u00e9,<br>\nni l\u2019obscur le pro\u00adfond, ni l\u2019\u00e9nigme le mys\u00adt\u00e8re,&nbsp;ni<br>\nles mots croi\u00ads\u00e9s le po\u00e8me.&nbsp;\u00bb\u200a\u2014\u200aComme de&nbsp;bien<br>\nenten\u00addu, c\u2019est en langue alle\u00admande que l\u2019on trou\u00adve\u00adra l\u2019expos\u00e9<br>\nle plus com\u00adplet du roman dit \u00ab&nbsp;nou\u00adveau&nbsp;\u00bb, non pas dans&nbsp;un<br>\narticle, mais dans un livre (que l\u2019auteur nous par\u00addonne donc de&nbsp;la<br>\nmen\u00adtion\u00adner ici par\u00admi les p\u00e9rio\u00addiques, faute, dans ce num\u00e9ro,<br>\nd\u2019une rubrique de \u00ab&nbsp;lec\u00adtures&nbsp;\u00bb), sous la plume de&nbsp;Mme<br>\nGer\u00adda Zelt\u00adner-Neu\u00adkomm&nbsp;: <i>\u00ab&nbsp;Das Wag\u00adnis des franz\u00f6sischen<br>\nGegen\u00adwar\u00adtro\u00admans&nbsp;\u00bb<\/i> (Le d\u00e9fi du roman fran\u00e7ais<br>\nactuel), \u00e9d. Rowohlt, Rein\u00adbeck-pr\u00e8s-Ham\u00adbourg, ouvrage<br>\nqui lui a valu cette ann\u00e9e les hon\u00adneurs du Col\u00adl\u00e8ge&nbsp;de<br>\nFrance, o\u00f9 elle par\u00adti\u00adci\u00adpa \u00e0 un col\u00adloque sur le&nbsp;th\u00e8me<br>\nen ques\u00adtion. Long\u00adtemps secr\u00e9\u00adtaire de la revue zuri\u00adchoise \u00ab&nbsp;Die<br>\nStil\u00adkri\u00adtik&nbsp;\u00bb, elle est par voca\u00adtion sen\u00adsible \u00e0 tout&nbsp;ce<br>\nqui est exer\u00adcice de style, et il y a quelque chose de tou\u00adchant&nbsp;dans<br>\nla modes\u00adtie avec laquelle elle s\u2019efforce tou\u00adjours d\u2019entrer dans<br>\nles rai\u00adsons des \u00e9cri\u00advains qu\u2019elle ana\u00adlyse, quitte \u00e0<br>\ns\u2019abstenir de les juger. Elle est char\u00admante, M<sup>me<\/sup>&nbsp;Ger\u00adda Zelt\u00adner,&nbsp;et<br>\na r\u00e9us\u00adsi \u00e0 deve\u00adnir dans la presse suisse la meilleure<br>\nsp\u00e9\u00adcia\u00adliste du \u00ab&nbsp;moderne\u00bb&nbsp;; dom\u00admage qu\u2019on&nbsp;ne<br>\npuisse pas tout \u00e0 fait \u00e9vi\u00adter la crainte qu\u2019\u00e9prise<br>\nun peu du sphynx elle ne se laisse sou\u00advent d\u00e9vo\u00adrer par&nbsp;son<br>\nsujet.<\/span><\/font><\/font><\/p>\n<p style=\"margin-right: 0.96cm; text-indent: 1.52cm; margin-bottom: 0cm;\" align=\"justify\" lang=\"fr-FR\">\n<font face=\"Garamond, serif\"><font style=\"font-size: 13pt;\" size=\"3\"><\/font><\/font><\/p>\n<h2> * * *<\/h2>\n<p><\/p>\n<p style=\"margin-right: 0.96cm; text-indent: 1.52cm; margin-bottom: 0cm;\" align=\"justify\">\n<font face=\"Garamond, serif\"><font style=\"font-size: 13pt;\" size=\"3\"><span lang=\"fr-FR\">Pour<br>\nceux\u200a\u2014\u200anous ne sommes pas tout \u00e0 fait du nombre (bien<br>\nqu\u2019\u00e9tant des pre\u00admiers \u00e0 rendre hom\u00admage \u00e0&nbsp;son<br>\n\u00e9l\u00e9\u00adva\u00adtion morale)\u200a\u2014\u200aqui suivent avec pas\u00adsion&nbsp;la<br>\npen\u00ads\u00e9e sociale et poli\u00adtique du phi\u00adlo\u00adsophe Karl Jas\u00adpers\u200a\u2014\u200ale<br>\nlec\u00adteur fran\u00ad\u00e7ais a eu, entre autres, dans <i>Preuves,<br>\n<\/i>connais\u00adsance de ce qu\u2019il a dit du pro\u00adc\u00e8s Eichmann,<br>\nconsi\u00add\u00e9\u00adra\u00adtions assu\u00adr\u00e9\u00adment \u00e9le\u00adv\u00e9es&nbsp;mais<br>\ndont il nous faut bien dire que l\u2019int\u00e9r\u00eat nous \u00e9chappe<br>\u200a\u2014\u200anous ne vou\u00adlons pas man\u00adquer de signa\u00adler le texte qu\u2019il vient&nbsp;de<br>\nconsa\u00adcrer \u00e0 la pro\u00adbl\u00e9\u00adma\u00adtique du civisme alle\u00admand.&nbsp;Nous<br>\nn\u2019avons vu que la ver\u00adsion ita\u00adlienne (dans <i>Tem\u00adpo pre\u00adsente, <\/i>ao\u00fbt<br>\n61), parue sous le titre \u00ab&nbsp;Il guaio di noi tedes\u00adchi&nbsp;\u00bb.&nbsp;Nous<br>\ny revien\u00addrons quand nous aurons pu lire l\u2019original. Toutefois,<br>\npro\u00advi\u00adsoi\u00adre\u00adment, rete\u00adnons-en sur\u00adtout (le\u00e7on qui n\u2019est&nbsp;pas<br>\nseule\u00adment pr\u00e9\u00adcieuse pour les Alle\u00admands) le cou\u00adra\u00adgeux pro\u00adpos&nbsp;de<br>\ndis\u00adtin\u00adguer entre la nation et l\u2019Etat.<\/span><\/font><\/font><\/p>\n<p style=\"margin-right: 0.96cm; text-indent: 1.52cm; margin-bottom: 0cm;\" align=\"justify\" lang=\"fr-FR\">\n<font face=\"Garamond, serif\"><font style=\"font-size: 13pt;\" size=\"3\"><\/font><\/font><\/p>\n<h2> * * *<\/h2>\n<p><\/p>\n<p style=\"margin-right: 0.96cm; text-indent: 1.52cm; margin-bottom: 0cm;\" align=\"justify\">\n<font face=\"Garamond, serif\"><font style=\"font-size: 13pt;\" size=\"3\"><span lang=\"fr-FR\"><i>Forum<br>\n<\/i>(Vienne, sep\u00adtembre) publie de notre ami Ber\u00adnard von Bren\u00adta\u00adno&nbsp;des<br>\n\u00ab&nbsp;Notes mar\u00adgi\u00adnales&nbsp;\u00bb (Lite\u00adra\u00adrische Mar\u00adgi\u00adna\u00adlien) qui,&nbsp;dans<br>\nle demi-som\u00admeil de l\u2019actuelle lit\u00adt\u00e9\u00adra\u00adture alle\u00admande, ont<br>\ntoute la fra\u00ee\u00adcheur d\u2019un r\u00e9veil. Roman\u00adcier \u00e9m\u00e9rite<br>\u200a\u2014\u200ason \u00ab&nbsp;Theo\u00addor Schind\u00adler&nbsp;\u00bb a paru en fran\u00e7ais<br>\nchez Gras\u00adset dans la tra\u00adduc\u00adtion du regret\u00adt\u00e9 Jean-Paul de<br>\nDadel\u00adsen\u200a\u2014\u200aBren\u00adta\u00adno, auteur en outre de beaux ouvrages<br>\nbio\u00adgra\u00adphiques, n\u2019a peut-\u00eatre rien \u00e9crit de sup\u00e9rieur<br>\n\u00e0 son \u00ab&nbsp;Jour\u00adnal de lec\u00adture&nbsp;\u00bb (Tage\u00adbuch mit B\u00fcchern),<br>\nrare exemple d\u2019un esprit que sa haute culture lib\u00e8re de<br>\nl\u2019idol\u00e2trie des id\u00e9es re\u00e7ues, pour le&nbsp;plus<br>\ngrand bien de la tra\u00addi\u00adtion euro\u00adp\u00e9enne la plus vivante. Nous&nbsp;le<br>\nsavions assez gra\u00adve\u00adment malade toutes ces der\u00adni\u00e8res ann\u00e9es&nbsp;;<br>\naus\u00adsi n\u2019avons-nous \u00e9t\u00e9 que plus heu\u00adreux de voir,&nbsp;par<br>\nces \u00ab&nbsp;Notes mar\u00adgi\u00adnales&nbsp;\u00bb que ses ennuis de san\u00adt\u00e9&nbsp;ne<br>\nl\u2019emp\u00eachent pas pour autant de res\u00adter \u00e9gal au meilleur<br>\nde lui-m\u00eame et de notre plus pr\u00e9\u00adcieux bien com\u00admun&nbsp;\u00e0<br>\ntous&nbsp;: la lucide conscience des vraies valeurs de l\u2019esprit.<\/span><\/font><\/font><\/p>\n<p style=\"margin-right: 0.96cm; text-indent: 1.52cm; margin-bottom: 0cm;\" align=\"justify\" lang=\"fr-FR\">\n<font face=\"Garamond, serif\"><font style=\"font-size: 13pt;\" size=\"3\"><i>Pour<br>\nun sottisier<\/i><\/font><\/font><\/p>\n<p style=\"margin-right: 0.96cm; text-indent: 1.52cm; margin-bottom: 0cm;\" align=\"justify\" lang=\"fr-FR\">\n<font face=\"Garamond, serif\"><font style=\"font-size: 13pt;\" size=\"3\">\u00ab&nbsp;Il<br>\nexiste entre cet homme et le peuple fran\u00ad\u00e7ais une conni\u00advence&nbsp;de<br>\nfait, dont la nature et les moda\u00adli\u00adt\u00e9s \u00e9chappent<br>\ncruel\u00adle\u00adment \u00e0 ceux qui ont per\u00addu depuis long\u00adtemps la dimension<br>\nmys\u00adtique n\u00e9ces\u00adsaire \u00e0 qui veut s\u2019expliquer la France,<br>\net les Fran\u00e7ais.<\/font><\/font><\/p>\n<p style=\"margin-right: 0.96cm; text-indent: 1.52cm; margin-bottom: 0cm;\" align=\"justify\" lang=\"fr-FR\">\n<font face=\"Garamond, serif\"><font style=\"font-size: 13pt;\" size=\"3\">\u00ab&nbsp;L\u2019\u00e9trange<br>\npays qui est le n\u00f4tre a \u00e9t\u00e9 bap\u00adti\u00ads\u00e9&nbsp;avant<br>\nd\u2019\u00eatre une nation&nbsp;; nous avons \u00e9t\u00e9 chr\u00e9tiens<br>\navant d\u2019\u00eatre Fran\u00ad\u00e7ais, et ceux d\u2019entre nous qui&nbsp;ne<br>\npar\u00adtagent pas cette foi n\u2019en sont pas moins les h\u00e9ritiers<br>\ndirects par la tra\u00addi\u00adtion com\u00admune, ou indi\u00adrects par les collat\u00e9raux<br>\nphi\u00adlo\u00adso\u00adphiques de la R\u00e9vo\u00adlu\u00adtion. Presque toutes les<br>\npar\u00adti\u00adcu\u00adla\u00adri\u00adt\u00e9s de notre carac\u00adt\u00e8re natio\u00adnal s\u2019expliquent<br>\npar cette ant\u00e9\u00adrio\u00adri\u00adt\u00e9 en quelque sorte prioritaire<br>\n(sic) de Dieu sur C\u00e9sar. Elle rend aus\u00adsi bien compte de l\u2019\u00e9lan<br>\ngothique de nos cath\u00e9\u00addrales pres\u00ads\u00e9es de s\u2019arracher \u00e0<br>\nla terre, que de la voca\u00adtion mis\u00adsion\u00adnaire de nos pr\u00eatres ou&nbsp;de<br>\nnos admi\u00adnis\u00adtra\u00adteurs, et des dif\u00adfi\u00adcul\u00adt\u00e9s que nous&nbsp;avons<br>\ntou\u00adjours eues \u00e0 prendre l\u2019Etat tout \u00e0 fait&nbsp;au<br>\ns\u00e9rieux.&nbsp;\u00bb<\/font><\/font><\/p>\n<p style=\"margin-right: 0.96cm; text-indent: 1.52cm; margin-bottom: 0cm;\" align=\"justify\">\n<font face=\"Garamond, serif\"><font style=\"font-size: 13pt;\" size=\"3\"><span lang=\"fr-FR\">(D\u2019un<br>\nd\u00e9nom\u00adm\u00e9 Andr\u00e9 Fros\u00adsard, appa\u00adrem\u00adment r\u00e9dacteur<br>\nen chef du nou\u00adveau <i>Can\u00addide.\u200a\u2014\u200aCan\u00addide<\/i>, 22\u200a\u2013\u200a29 juin&nbsp;1961.)<\/span><\/font><\/font><\/p>\n<p>&nbsp;<\/p>\n","protected":false},"excerpt":{"rendered":"<p>Nous nous en vou\u00addrions de ne pas atti\u00adrer, avant tout, l\u2019attention de cha\u00adcun sur les frag\u00adments des Car\u00adnets de Camus (leur&nbsp;texte int\u00e9\u00adgral pour la p\u00e9riode 1935 \u2013 1944 para\u00ee\u00adtra&nbsp;sous peu en librai\u00adrie) publi\u00e9s dans le num\u00e9\u00adro de sep\u00adtembre de Preuves, par les soins de Jean Bloch-Michel. Quelle pr\u00e9\u00adsence, dans cette sim\u00adpli\u00adci\u00adt\u00e9 consub\u00adstan\u00adtielle, tout ensemble, \u00e0 la lucidit\u00e9&nbsp;[\u2026]<\/p>\n","protected":false},"author":1,"featured_media":0,"comment_status":"closed","ping_status":"closed","sticky":false,"template":"","format":"standard","meta":{"wp_typography_post_enhancements_disabled":false,"footnotes":""},"categories":[143],"tags":[],"ppma_author":[540],"class_list":["post-1266","post","type-post","status-publish","format-standard","hentry","category-temoins-n28-octobre-1961"],"authors":[{"term_id":540,"user_id":1,"is_guest":0,"slug":"admin_3gikpwyf","display_name":"Vincent Dubuc","avatar_url":"https:\/\/secure.gravatar.com\/avatar\/d015720652c25fd2ced191ade86430094e1f288a17483713e3b34d26dea52507?s=96&d=mm&r=g","author_category":"","user_url":"https:\/\/la-presse-anarchiste.net","last_name":"Dubuc","first_name":"Vincent","job_title":"","description":""}],"_links":{"self":[{"href":"https:\/\/la-presse-anarchiste.net\/index.php\/wp-json\/wp\/v2\/posts\/1266","targetHints":{"allow":["GET"]}}],"collection":[{"href":"https:\/\/la-presse-anarchiste.net\/index.php\/wp-json\/wp\/v2\/posts"}],"about":[{"href":"https:\/\/la-presse-anarchiste.net\/index.php\/wp-json\/wp\/v2\/types\/post"}],"author":[{"embeddable":true,"href":"https:\/\/la-presse-anarchiste.net\/index.php\/wp-json\/wp\/v2\/users\/1"}],"replies":[{"embeddable":true,"href":"https:\/\/la-presse-anarchiste.net\/index.php\/wp-json\/wp\/v2\/comments?post=1266"}],"version-history":[{"count":0,"href":"https:\/\/la-presse-anarchiste.net\/index.php\/wp-json\/wp\/v2\/posts\/1266\/revisions"}],"wp:attachment":[{"href":"https:\/\/la-presse-anarchiste.net\/index.php\/wp-json\/wp\/v2\/media?parent=1266"}],"wp:term":[{"taxonomy":"category","embeddable":true,"href":"https:\/\/la-presse-anarchiste.net\/index.php\/wp-json\/wp\/v2\/categories?post=1266"},{"taxonomy":"post_tag","embeddable":true,"href":"https:\/\/la-presse-anarchiste.net\/index.php\/wp-json\/wp\/v2\/tags?post=1266"},{"taxonomy":"author","embeddable":true,"href":"https:\/\/la-presse-anarchiste.net\/index.php\/wp-json\/wp\/v2\/ppma_author?post=1266"}],"curies":[{"name":"wp","href":"https:\/\/api.w.org\/{rel}","templated":true}]}}