{"id":1280,"date":"2008-03-03T12:51:46","date_gmt":"2008-03-03T12:51:46","guid":{"rendered":"https:\/\/la-presse-anarchiste.net\/index.php\/2008\/03\/03\/spectacles-9\/"},"modified":"2008-03-03T12:51:46","modified_gmt":"2008-03-03T12:51:46","slug":"spectacles-9","status":"publish","type":"post","link":"https:\/\/la-presse-anarchiste.net\/index.php\/2008\/03\/03\/spectacles-9\/","title":{"rendered":"Spectacles"},"content":{"rendered":"<div class=\"pdfprnt-buttons pdfprnt-buttons-post pdfprnt-top-right\"><a href=\"https:\/\/la-presse-anarchiste.net\/index.php\/wp-json\/wp\/v2\/posts\/1280?print=pdf\" class=\"pdfprnt-button pdfprnt-button-pdf\" target=\"_blank\"><img decoding=\"async\" src=\"https:\/\/la-presse-anarchiste.net\/wp-content\/plugins\/pdf-print\/images\/pdf.png\" alt=\"image_pdf\" title=\"Afficher le PDF\"><\/a><a href=\"https:\/\/la-presse-anarchiste.net\/index.php\/wp-json\/wp\/v2\/posts\/1280?print=print\" class=\"pdfprnt-button pdfprnt-button-print\" target=\"_blank\"><img decoding=\"async\" src=\"https:\/\/la-presse-anarchiste.net\/wp-content\/plugins\/pdf-print\/images\/print.png\" alt=\"image_print\" title=\"Contenu imprim\u00e9\"><\/a><\/div><p style=\"margin-right: 0.53cm; text-indent: 1.49cm; margin-bottom: 0cm;\" align=\"justify\">\n<font face=\"Garamond, serif\"><span lang=\"fr-FR\"><font size=\"3\">Dans un<br>\nnum\u00e9\u00adro de revue comme celui-ci, cen\u00adtr\u00e9,&nbsp;pour<br>\nl\u2019essentiel, sur le pro\u00adbl\u00e8me du racisme, le spec\u00adtacle&nbsp;dont<br>\nil serait le plus urgent de rendre compte est assu\u00adr\u00e9\u00adment&nbsp;la<br>\nder\u00adni\u00e8re pi\u00e8ce de Max Frisch, <i>Andor\u00adra.<br>\n<\/i>Mal\u00adheu\u00adreu\u00adse\u00adment, cette \u0153uvre de l\u2019auteur de langue allemande<br>\nactuel\u00adle\u00adment, avec son com\u00adpa\u00adtriote<b> <\/b>D\u00fcr\u00adren\u00admatt, le plus&nbsp;en<br>\nvogue, n\u2019a pas encore paru sur les sc\u00e8nes de langue<br>\nfran\u00ad\u00e7aise, ce qui d\u2019ailleurs ne sau\u00adrait tar\u00adder. Nous&nbsp;y<br>\nrevien\u00addrons alors. Disons<b> <\/b>seule\u00adment pour l\u2019instant que,<br>\ncr\u00e9\u00e9e simul\u00adta\u00adn\u00e9\u00adment \u00e0 Zurich et&nbsp;dans<br>\nplu\u00adsieurs<b> <\/b>villes d\u2019Allemagne, cette pi\u00e8ce, qui<br>\nrem\u00adporte un suc\u00adc\u00e8s m\u00e9ri\u00adt\u00e9, consti\u00adtue&nbsp;la<b><br>\n<\/b>d\u00e9non\u00adcia\u00adtion la plus am\u00e8re de la l\u00e2chet\u00e9<br>\net de la sot\u00adtise qui sont \u00e0 la base de toute s\u00e9gr\u00e9gation<br>\nraciale. Dans une petite r\u00e9pu\u00adblique mon\u00adta\u00adgnarde baptis\u00e9e<b><br>\n<\/b>Andor\u00adra (l\u2019auteur se d\u00e9fend d\u2019avoir vou\u00adlu d\u00e9signer,<br>\nsous ce nom, son pays la<b> <\/b>Suisse, mais nul n\u2019est oblig\u00e9<br>\nde le croire sur parole), l\u2019instituteur du chef-lieu<b> <\/b>a<br>\nrecueilli, vic\u00adtime, expli\u00adqua ce \u00ab&nbsp;bien\u00adfai\u00adteur&nbsp;\u00bb,&nbsp;des<br>\nper\u00ads\u00e9\u00adcu\u00adtions anti\u00adjuives d\u2019un<b> <\/b>grand Etat voi\u00adsin,&nbsp;un<br>\nsoi-disant orphe\u00adlin, mais qui est en r\u00e9a\u00adli\u00adt\u00e9 son&nbsp;fils<br>\nnatu\u00adrel,<b> <\/b>lequel n\u2019a donc, natu\u00adrel\u00adle\u00adment, pas une goutte de<br>\nsang juif. Com\u00adment, peu \u00e0 peu,<b> <\/b>la popu\u00adla\u00adtion attribue<br>\nau faux jeune juif toutes les carac\u00adt\u00e9\u00adris\u00adtiques que&nbsp;le<b><br>\n<\/b>pr\u00e9\u00adju\u00adg\u00e9 rat\u00adtache \u00e0 la nature isra\u00e9lienne<br>\net com\u00adment le pr\u00e9\u00adten\u00addu \u00ab&nbsp;\u00e9tran\u00adger&nbsp;\u00bb<b> <\/b>se<br>\nr\u00e9clame lui-m\u00eame de la race qu\u2019on lui a pr\u00eat\u00e9e,<br>\nvoi\u00adl\u00e0 ce \u00e0 quoi l\u2019affabulation<b> <\/b>nous fait<br>\nassis\u00adter avec un crois\u00adsant malaise, une crois\u00adsante mauvaise<br>\nconscience,<b> <\/b>laquelle atteint son paroxysme lorsque, \u00e0<br>\nla fin, les \u00ab&nbsp;Noirs&nbsp;\u00bb (enten\u00addez les nazis<b> <\/b>du pays<br>\nd\u2019\u00e0 c\u00f4t\u00e9) ayant occu\u00adp\u00e9 Andor\u00adra,&nbsp;le<br>\npr\u00e9\u00adten\u00addu juif, dont per\u00adsonne, natu\u00adrel\u00adle\u00adment, ne prend&nbsp;la<br>\nd\u00e9fense, est ex\u00e9\u00adcu\u00adt\u00e9 comme b\u00e9tail<br>\nd\u2019abattoir.\u200a\u2014\u200aLe<b> <\/b>\u00ab&nbsp;temps de l\u2019abjection&nbsp;\u00bb ,<br>\nn\u2019avait peut-\u00eatre pas encore sus\u00adci\u00adt\u00e9 \u0153uvre&nbsp;plus<br>\ncruel\u00adle\u00adment inqui\u00e9\u00adtante ni mieux faite pour nous accu\u00adler&nbsp;au<br>\nmal\u00adcon\u00adfort de savoir,<b> <\/b>h\u00e9las, notre appar\u00adte\u00adnance&nbsp;\u00e0<br>\nce si\u00e8cle absurde.<\/font><\/span><\/font><\/p>\n<p style=\"margin-right: 0.53cm; margin-bottom: 0cm;\" align=\"justify\" lang=\"fr-FR\">\n<font face=\"Garamond, serif\"><font size=\"3\"><\/font><\/font><\/p>\n<h2>  *  *<\/h2>\n<p><\/p>\n<p style=\"margin-right: 0.53cm; text-indent: 1.49cm; margin-bottom: 0cm;\" align=\"justify\">\n<font face=\"Garamond, serif\"><span lang=\"fr-FR\"><font size=\"3\">Cinq<br>\nfois cou\u00adron\u00adn\u00e9 au fes\u00adti\u00adval de Venise, le der\u00adnier film de&nbsp;Luis<br>\nBunuel, <i>Viri\u00addia\u00adna, <\/i>a en outre l\u2019honneur d\u2019\u00eatre<br>\nsimul\u00adta\u00adn\u00e9\u00adment inter\u00addit, non seule\u00adment en Espagne, o\u00f9&nbsp;il<br>\nfut tour\u00adn\u00e9, mais encore en Ita\u00adlie et m\u00eame\u2026 en France&nbsp;!<br>\nCette his\u00adtoire d\u2019une novice qui renonce au couvent, et m\u00eame&nbsp;\u00e0<br>\nla morale, ne pou\u00advait en effet que s\u2019attirer les foudres des<br>\ncen\u00adsures catho\u00adliques offi\u00adcielles ou offi\u00adcieuses qui, un peu partout,<br>\npul\u00adlulent comme ver\u00admine sur le cin\u00e9\u00adma. Et cepen\u00addant, ou plut\u00f4t<br>\njus\u00adte\u00adment&nbsp;: quel chef\u2011d\u2019\u0153uvre&nbsp;! Jusqu\u2019\u00e0 pr\u00e9\u00adsent,&nbsp;ce<br>\nque Bunuel, en d\u00e9pit de ses qua\u00adli\u00adt\u00e9s prestigieuses,<br>\nm\u2019avait fr\u00e9\u00adquem\u00adment heur\u00adt\u00e9 par ce que son&nbsp;art&nbsp;\u2014<br>\nsans ce que cela f\u00fbt tou\u00adjours aus\u00adsi l\u00e9gi\u00adtime qu\u2019au<br>\nd\u00e9but, par exemple dans \u00ab&nbsp;Un Chien andalou&nbsp;\u00bb&nbsp;\u2014<br>\ngar\u00addait, me sem\u00adblait-il, de trop pro\u00adgram\u00adma\u00adtique,\u200a\u2014\u200apour le dire&nbsp;en<br>\nclair&nbsp;: de trop pro\u00adgram\u00adma\u00adti\u00adque\u00adment sur\u00adr\u00e9a\u00adliste. Cette fois-ci,<br>\nl\u2019inspiration sur\u00adr\u00e9a\u00adliste n\u2019est pas moindre, mais,<br>\ntota\u00adle\u00adment incar\u00adn\u00e9e, elle emporte l\u2019assentiment. Ce n\u2019est<br>\nd\u2019ailleurs point tant l\u2019absurdit\u00e9 de ce si\u00e8cle qui<br>\nest ici d\u00e9non\u00adc\u00e9e que l\u2019infamie de la condition<br>\nhumaine en tant que telle. Mais tout cela sans aucune rh\u00e9torique.<br>\nL\u2019image est tout. Inou\u00adbliable, entre autres, l\u2019orgie des<br>\nmen\u00addiants, de cette magni\u00adfique lai\u00addeur plus belle que le beau et&nbsp;qui,<br>\n\u00e0 ce degr\u00e9 d\u2019intensit\u00e9, ne pou\u00advait na\u00eetre<br>\nqu\u2019au&nbsp;pays&nbsp;<\/font><\/span><\/font><\/p>\n<p style=\"margin-right: 0.53cm; margin-bottom: 0cm;\" align=\"justify\" lang=\"fr-FR\">\n<font face=\"Garamond, serif\"><font size=\"3\"><span style><strong><em>*<br>\n *  *<\/em><\/strong><\/span><\/font><\/font><\/p>\n<p style=\"margin-right: 0.53cm; text-indent: 1.49cm; margin-bottom: 0cm;\" align=\"justify\">\n<font face=\"Garamond, serif\"><span lang=\"fr-FR\"><font size=\"3\">Aucun<br>\ndes autres films r\u00e9cents que le hasard m\u2019a per\u00admis de&nbsp;voir<br>\nces temps der\u00adniers n\u2019atteint \u00e0 cette classe. Inutile de<br>\ns\u2019\u00e9tendre, par exemple, sur <i>\u00ab&nbsp;Tout l\u2019or du&nbsp;monde&nbsp;\u00bb,<br>\n<\/i>de Ren\u00e9 Clair, gen\u00adtil exer\u00adcice un peu beau\u00adcoup fatigu\u00e9.<br>\nTou\u00adte\u00adfois, l\u2019accueil si contra\u00addic\u00adtoire fait \u00e0 deux autres<br>\n\u0153uvres cin\u00e9\u00adma\u00adto\u00adgra\u00adphiques dont on a beau\u00adcoup&nbsp;parl\u00e9<br>\nm\u00e9rite que l\u2019on s\u2019y arr\u00eate. Certes, lorsque l\u2019on<br>\nne vit pas \u00e0 Paris, la ten\u00adta\u00adtion, par\u00adfois, est grande\u200a\u2014\u200aet<br>\nde nos amis n\u2019y r\u00e9sistent pas \u00e0 chaque coup (on&nbsp;se<br>\nrap\u00adpelle le \u00ab&nbsp;Paris n\u2019existe pas&nbsp;\u00bb du cher Pierre Boujut)<br>\u200a\u2014\u200ade s\u2019exag\u00e9rer les d\u00e9fauts et les&nbsp;tares<br>\nintel\u00adlec\u00adtuelles du grand ras\u00adsem\u00adble\u00adment d\u2019entre Mont\u00admartre et<br>\nMont\u00adpar\u00adnasse. (Mou\u00adve\u00adment d\u2019humeur qui n\u2019\u00e9vite pas toujours<br>\nde faire pen\u00adser au \u00ab&nbsp;ils sont trop verts&nbsp;\u00bb de la fable.) Et<br>\nil est de fait que cer\u00adtains aspects, en pein\u00adture, de l\u2019\u00e9cole<br>\nde Paris ou, dans les lettres, du \u00ab&nbsp;nou\u00adveau&nbsp;roman&nbsp;\u00bb<br>\nlaissent r\u00eaveur (pour ne citer que ces deux exemples-l\u00e0).<br>\nIl est de fait aus\u00adsi que, d\u2019une mani\u00e8re g\u00e9n\u00e9rale,<br>\nl\u2019exc\u00e8s de concen\u00adtra\u00adtion de la ville par excel\u00adlence&nbsp;peut<br>\ndan\u00adge\u00adreu\u00adse\u00adment ampli\u00adfier\u200a\u2014\u200aran\u00ad\u00e7on de ses fonc\u00adtions les&nbsp;plus<br>\nutiles\u200a\u2014\u200ales d\u00e9so\u00adrien\u00adta\u00adtions de notre \u00e9poque<br>\nd\u00e9tra\u00adqu\u00e9e. En tout cas, pour nous en tenir au cadre&nbsp;de<br>\ncette rubrique, il est cer\u00adtain que la dif\u00adf\u00e9\u00adrence des r\u00e9actions<br>\nqui ont accueilli <i>Une femme est une femme <\/i>de Lucien Godard et<br>\n<i>L\u2019ann\u00e9e der\u00adni\u00e8re \u00e0 Marien\u00adbad <\/i>de Louis<br>\nMalle [Alain Resnais&nbsp;?], est un signe qu\u2019il y a quelque chose<br>\nqui ne tourne pas rond chez beau\u00adcoup de cri\u00adtiques qui passent pour<br>\nles plus qua\u00adli\u00adfi\u00e9s. Alors que l\u2019invraisemblable et<br>\npr\u00e9\u00adten\u00adtieux ennui que pro\u00addigue le second de ces films nous&nbsp;a<br>\n\u00e9t\u00e9 pr\u00e9\u00adsen\u00adt\u00e9 comme le nec plus ultra&nbsp;du<br>\nnou\u00adveau (et que le dia\u00adlogue soit de M.&nbsp;Robbe-Grillet n\u2019arrange<br>\n\u00e9vi\u00addem\u00adment pas les choses), le si amu\u00adsant et consciemment<br>\n\u00ab&nbsp;cin\u00e9\u00adma&nbsp;\u00bb <i>Une femme est une femme <\/i>aurait<br>\n\u00e9t\u00e9, \u00e0 en croire les augures, un d\u00e9plorable<br>\nratage. Avoir de l\u2019esprit et m\u00eame du lais\u00adser-aller, voil\u00e0<br>\nbien en effet des p\u00e9ch\u00e9s que les gens graves\u200a\u2014\u200aet<br>\nDieu sait si l\u2019\u00e9poque en regorge\u200a\u2014\u200ane sau\u00adraient pardonner<br>\n\u00e0 personne.<\/font><\/span><\/font><\/p>\n<p style=\"margin-right: 0.53cm; margin-bottom: 0cm;\" align=\"justify\" lang=\"fr-FR\">\n<font face=\"Garamond, serif\"><font size=\"3\"><\/font><\/font><\/p>\n<h2>  *  *<\/h2>\n<p><\/p>\n<p style=\"margin-right: 0.53cm; text-indent: 1.49cm; margin-bottom: 0cm;\" align=\"justify\">\n<font face=\"Garamond, serif\"><span lang=\"fr-FR\"><font size=\"3\">Mais je<br>\nne veux pas ter\u00admi\u00adner ces quelques notes sans par\u00adler aus\u00adsi du&nbsp;film<br>\nqui, chaque fois que je le revois, me confirme dans la convic\u00adtion&nbsp;que<br>\nc\u2019est le plus beau que l\u2019on ait jamais r\u00e9a\u00adli\u00ads\u00e9&nbsp;: <i>La<br>\nR\u00e8gle du jeu <\/i>de Renoir. (Des quelques bandes r\u00e9centes<br>\nici men\u00adtion\u00adn\u00e9es, seule \u00ab&nbsp;Viri\u00addia\u00adna&nbsp;\u00bb, \u00e0&nbsp;c\u00f4t\u00e9,<br>\nne p\u00e2lit point). Evi\u00addem\u00adment, le fait de l\u2019avoir revu,&nbsp;cette<br>\nfois-ci, dans une salle de Londres ne pou\u00advait qu\u2019en souligner<br>\nl\u2019authenticit\u00e9 magis\u00adtrale. Cela dit sans m\u00e9conna\u00eetre<br>\nles incon\u00adtes\u00adtables ver\u00adtus de la vie anglaise,\u200a\u2014\u200amais enfin\u2026 Et<br>\nlorsque apr\u00e8s la pro\u00adjec\u00adtion de cette \u0153uvre d\u2019un nihilisme<br>\nnon point de prin\u00adcipe mais si pro\u00adfon\u00add\u00e9\u00adment existentiel,<br>\nl\u2019image de la reine, avec le <i>God save the king <\/i>pour<br>\naccom\u00adpa\u00adgne\u00adment, a paru sur l\u2019\u00e9cran, je ne suis pas&nbsp;s\u00fbr<br>\nd\u2019avoir assez rete\u00adnu une excla\u00adma\u00adtion un peu beau\u00adcoup d\u00e9plac\u00e9e.<br>\nAh, c\u2019\u00e9tait bien mal de ma&nbsp;part\u2026<\/font><\/span><\/font><\/p>\n<p style=\"margin-right: 0.53cm; text-indent: 1.49cm; margin-bottom: 0cm;\" align=\"justify\" lang=\"fr-FR\">\n<font face=\"Garamond, serif\"><font size=\"3\"><b>S.<\/b><\/font><\/font><\/p>\n","protected":false},"excerpt":{"rendered":"<p>Dans un num\u00e9\u00adro de revue comme celui-ci, cen\u00adtr\u00e9,&nbsp;pour l\u2019essentiel, sur le pro\u00adbl\u00e8me du racisme, le spec\u00adtacle&nbsp;dont il serait le plus urgent de rendre compte est assu\u00adr\u00e9\u00adment&nbsp;la der\u00adni\u00e8re pi\u00e8ce de Max Frisch, Andor\u00adra. Mal\u00adheu\u00adreu\u00adse\u00adment, cette \u0153uvre de l\u2019auteur de langue alle\u00admande actuel\u00adle\u00adment, avec son com\u00adpa\u00adtriote D\u00fcr\u00adren\u00admatt, le plus&nbsp;en vogue, n\u2019a pas encore paru sur les sc\u00e8nes&nbsp;[\u2026]<\/p>\n","protected":false},"author":1,"featured_media":0,"comment_status":"closed","ping_status":"closed","sticky":false,"template":"","format":"standard","meta":{"wp_typography_post_enhancements_disabled":false,"footnotes":""},"categories":[144],"tags":[],"ppma_author":[540],"class_list":["post-1280","post","type-post","status-publish","format-standard","hentry","category-temoins-n29-mars-1962"],"authors":[{"term_id":540,"user_id":1,"is_guest":0,"slug":"admin_3gikpwyf","display_name":"Vincent Dubuc","avatar_url":"https:\/\/secure.gravatar.com\/avatar\/d015720652c25fd2ced191ade86430094e1f288a17483713e3b34d26dea52507?s=96&d=mm&r=g","author_category":"","user_url":"https:\/\/la-presse-anarchiste.net","last_name":"Dubuc","first_name":"Vincent","job_title":"","description":""}],"_links":{"self":[{"href":"https:\/\/la-presse-anarchiste.net\/index.php\/wp-json\/wp\/v2\/posts\/1280","targetHints":{"allow":["GET"]}}],"collection":[{"href":"https:\/\/la-presse-anarchiste.net\/index.php\/wp-json\/wp\/v2\/posts"}],"about":[{"href":"https:\/\/la-presse-anarchiste.net\/index.php\/wp-json\/wp\/v2\/types\/post"}],"author":[{"embeddable":true,"href":"https:\/\/la-presse-anarchiste.net\/index.php\/wp-json\/wp\/v2\/users\/1"}],"replies":[{"embeddable":true,"href":"https:\/\/la-presse-anarchiste.net\/index.php\/wp-json\/wp\/v2\/comments?post=1280"}],"version-history":[{"count":0,"href":"https:\/\/la-presse-anarchiste.net\/index.php\/wp-json\/wp\/v2\/posts\/1280\/revisions"}],"wp:attachment":[{"href":"https:\/\/la-presse-anarchiste.net\/index.php\/wp-json\/wp\/v2\/media?parent=1280"}],"wp:term":[{"taxonomy":"category","embeddable":true,"href":"https:\/\/la-presse-anarchiste.net\/index.php\/wp-json\/wp\/v2\/categories?post=1280"},{"taxonomy":"post_tag","embeddable":true,"href":"https:\/\/la-presse-anarchiste.net\/index.php\/wp-json\/wp\/v2\/tags?post=1280"},{"taxonomy":"author","embeddable":true,"href":"https:\/\/la-presse-anarchiste.net\/index.php\/wp-json\/wp\/v2\/ppma_author?post=1280"}],"curies":[{"name":"wp","href":"https:\/\/api.w.org\/{rel}","templated":true}]}}