{"id":1292,"date":"2008-03-05T20:08:30","date_gmt":"2008-03-05T20:08:30","guid":{"rendered":"https:\/\/la-presse-anarchiste.net\/index.php\/2008\/03\/05\/du-racisme\/"},"modified":"2008-03-05T20:08:30","modified_gmt":"2008-03-05T20:08:30","slug":"du-racisme","status":"publish","type":"post","link":"https:\/\/la-presse-anarchiste.net\/index.php\/2008\/03\/05\/du-racisme\/","title":{"rendered":"Du racisme"},"content":{"rendered":"<div class=\"pdfprnt-buttons pdfprnt-buttons-post pdfprnt-top-right\"><a href=\"https:\/\/la-presse-anarchiste.net\/index.php\/wp-json\/wp\/v2\/posts\/1292?print=pdf\" class=\"pdfprnt-button pdfprnt-button-pdf\" target=\"_blank\"><img decoding=\"async\" src=\"https:\/\/la-presse-anarchiste.net\/wp-content\/plugins\/pdf-print\/images\/pdf.png\" alt=\"image_pdf\" title=\"Afficher le PDF\"><\/a><a href=\"https:\/\/la-presse-anarchiste.net\/index.php\/wp-json\/wp\/v2\/posts\/1292?print=print\" class=\"pdfprnt-button pdfprnt-button-print\" target=\"_blank\"><img decoding=\"async\" src=\"https:\/\/la-presse-anarchiste.net\/wp-content\/plugins\/pdf-print\/images\/print.png\" alt=\"image_print\" title=\"Contenu imprim\u00e9\"><\/a><\/div><p>&nbsp;<\/p>\n<p style=\"margin-right: 1cm; text-indent: 1.47cm; margin-bottom: 0cm;\" align=\"justify\">\n<font face=\"Garamond, serif\"><font style=\"font-size: 13pt;\" size=\"3\"><span lang=\"fr-FR\">Ain\u00adsi,<br>\nune nou\u00advelle flam\u00adb\u00e9e de racisme\u200a\u2014\u200aune de plus, diront les<br>\nhis\u00adto\u00adriens bla\u00ads\u00e9s\u200a\u2014\u200aembrase notre monde. Quel continent<br>\n\u00e9chappe \u00e0 cette sinistre recru\u00addes\u00adcence&nbsp;? L\u2019Australie<br>\npeut-\u00eatre, mais pour com\u00adbien d\u2019ann\u00e9es encore?\u2026 En<br>\nfait, le racisme se mani\u00adfeste \u00e0 peu pr\u00e8s par\u00adtout,&nbsp;tant<br>\nil est b\u00eate, facile \u00e0 exploi\u00adter et sim\u00adpliste dans&nbsp;ses<br>\nconclu\u00adsions. C\u2019est un mal pr\u00e9\u00adfa\u00adbri\u00adqu\u00e9 qui en&nbsp;cache<br>\nbien d\u2019autres, beau\u00adcoup plus pro\u00adfonds et bien moins clairs, donc<br>\ntr\u00e8s dif\u00adfi\u00adci\u00adle\u00adment gu\u00e9\u00adris\u00adsables. Le racisme est&nbsp;une<br>\nextr\u00e9\u00admi\u00adt\u00e9 \u00e0 laquelle m\u00e8ne infailliblement<br>\ntoute impuis\u00adsance poli\u00adtique. Il res\u00adsemble fort \u00e0 ces col\u00e8res<br>\nenfan\u00adtines qui \u00e9clatent quand le petit \u00eatre sent&nbsp;que<br>\ntoute autre d\u00e9fense est impos\u00adsible&nbsp;; il joue alors l\u2019atout<br>\nmajeur, sort le gros jeu, tente le tout pour le&nbsp;tout.<\/span><\/font><\/font><\/p>\n<p style=\"margin-right: 1cm; text-indent: 1.47cm; margin-bottom: 0cm;\" align=\"justify\">\n<font face=\"Garamond, serif\"><font style=\"font-size: 13pt;\" size=\"3\"><span lang=\"fr-FR\">H\u00e9las,<br>\nnous savons trop bien que le racisme, arme mys\u00adtique des&nbsp;plus<br>\ngros\u00adsi\u00e8res, d\u00e8s qu\u2019il est habi\u00adle\u00adment entre\u00adte\u00adnu&nbsp;peut<br>\npro\u00advo\u00adquer les pires exc\u00e8s, les crimes les plus abjects parce<br>\nque tou\u00adjours rai\u00adson\u00adn\u00e9s et utiles en appa\u00adrence. En effet, on&nbsp;se<br>\nveut raciste pour d\u00e9fendre une cer\u00adtaine morale. On est raciste<br>\nparce qu\u2019on est puriste.<\/span><\/font><\/font><\/p>\n<p style=\"margin-right: 1cm; text-indent: 1.47cm; margin-bottom: 0cm;\" align=\"justify\">\n<font face=\"Garamond, serif\"><font style=\"font-size: 13pt;\" size=\"3\"><span lang=\"fr-FR\">Alors<br>\nle mal est sans limites, vrai\u00adment pr\u00eat \u00e0 tout. Il a&nbsp;la<br>\nfoi pour lui, qui s\u2019ajoute super\u00adbe\u00adment \u00e0 l\u2019ignorance et&nbsp;\u00e0<br>\nla cruau\u00adt\u00e9. Il se dit entra\u00ee\u00adn\u00e9 par la main&nbsp;de<br>\nDieu, de n\u2019importe quel dieu. Il se glo\u00adri\u00adfie de sa mis\u00adsion.&nbsp;Il<br>\n\u00ab&nbsp;\u00e9pure&nbsp;\u00bb, comme pro\u00adcla\u00admait un cer\u00adtain Hitler.<\/span><\/font><\/font><\/p>\n<p style=\"margin-right: 1cm; text-indent: 1.47cm; margin-bottom: 0cm;\" align=\"justify\">\n<font face=\"Garamond, serif\"><font style=\"font-size: 13pt;\" size=\"3\"><span lang=\"fr-FR\">Il<br>\nfaut se rap\u00adpe\u00adler que le racisme est fr\u00e8re du men\u00adsonge. Comme<br>\nlui, il na\u00eet de l\u2019orgueil ou de la peur. Et tout racisme, par<br>\ncontre\u00adcoup en engendre un autre, qui s\u2019oppose au pre\u00admier&nbsp;pour<br>\nten\u00adter de se sau\u00adver. La machine est alors lan\u00adc\u00e9e&nbsp;; le rec\u00adto&nbsp;et<br>\nle ver\u00adso du m\u00eame masque se font face et se crient l\u2019un&nbsp;\u00e0<br>\nl\u2019autre \u00ab&nbsp;\u00e0 mort&nbsp;!&nbsp;\u00bb pour les m\u00eames grimaces.<\/span><\/font><\/font><\/p>\n<p style=\"margin-right: 1cm; text-indent: 1.47cm; margin-bottom: 0cm;\" align=\"justify\">\n<font face=\"Garamond, serif\"><font style=\"font-size: 13pt;\" size=\"3\"><span lang=\"fr-FR\">Et<br>\npuis, chez l\u2019homme, le racisme est la part du d\u00e9mon. Tout<br>\nMoyen Age le subit, et nous vivons un Moyen Age. Nous sommes, plus<br>\nque jamais, le jouet de notre orgueil et de notre peur. Et&nbsp;nous<br>\nten\u00adtons de nous exor\u00adci\u00adser par la vio\u00adlence cri\u00admi\u00adnelle. Leurre pour&nbsp;le<br>\nmoins \u00e9l\u00e9mentaire.<\/span><\/font><\/font><\/p>\n<p style=\"margin-right: 1cm; text-indent: 1.47cm; margin-bottom: 0cm;\" align=\"justify\">\n<font face=\"Garamond, serif\"><font style=\"font-size: 13pt;\" size=\"3\"><span lang=\"fr-FR\">Nous<br>\nautres Blancs, nous nous sommes pen\u00addant long\u00adtemps montr\u00e9s<br>\nracistes par besoin de puis\u00adsance, aujourd\u2019hui ce mal nous \u00e9treint<br>\nparce que nous nous sen\u00adtons mena\u00adc\u00e9s. Et les Noirs, \u00e0<br>\nleur<b> <\/b>tour, apr\u00e8s les Jaunes, deviennent racistes par<br>\nexc\u00e8s de jeu\u00adnesse enfin digne et ind\u00e9\u00adpen\u00addante. Quant<br>\naux Arabes, il est \u00e0 craindre que leur racisme sempiternel,<br>\nmal\u00adgr\u00e9 l\u2019universalisme de leur art et de leur philosophie,<br>\nne soit une mal\u00e9\u00addic\u00adtion de leur religion.<\/span><\/font><\/font><\/p>\n<p style=\"margin-right: 1cm; text-indent: 1.47cm; margin-bottom: 0cm;\" align=\"justify\">\n<font face=\"Garamond, serif\"><font style=\"font-size: 13pt;\" size=\"3\"><span lang=\"fr-FR\">Que<br>\nde pu\u00e9\u00adri\u00adli\u00adt\u00e9 dans de telles atti\u00adtudes&nbsp;! Quelle faiblesse<br>\net quelle honte&nbsp;! Nous sen\u00adtons bien que la vie ani\u00admale, qui ne conna\u00eet<br>\nque l\u2019amour sai\u00adson\u00adnier et la cruau\u00adt\u00e9 pr\u00e9servatrice,<br>\nest la cause se\u00adcr\u00e8te de ce monstre qu\u2019aucune<br>\ncivi\u00adli\u00adsa\u00adtion n\u2019arrive \u00e0 \u00e9cra\u00adser. O\u00f9 sont&nbsp;donc<br>\nnos ch\u00e8res abs\u00adtrac\u00adtions&nbsp;? la fra\u00adter\u00adni\u00adt\u00e9&nbsp;? le lib\u00e9ralisme&nbsp;?<b><br>\n<\/b>Qui se joue de qui&nbsp;enfin&nbsp;?<\/span><\/font><\/font><\/p>\n<p style=\"margin-right: 1cm; text-indent: 1.47cm; margin-bottom: 0cm;\" align=\"justify\">\n<font face=\"Garamond, serif\"><font style=\"font-size: 13pt;\" size=\"3\"><span lang=\"fr-FR\">Sommes-nous<br>\nsi peu res\u00adpon\u00adsables de nous-m\u00eames si peu \u00ab&nbsp;humains&nbsp;\u00bb&nbsp;?<br>\nAin\u00adsi, notre mis\u00e9\u00adrable nature sera tou\u00adjours plus forte&nbsp;que<br>\nnotre condi\u00adtion. Pour\u00adtant, il nous fau\u00addrait enfin com\u00adprendre, tous<br>\ntant que nous sommes, de quelque race ou de quelque nationalit\u00e9<br>\nque nous soyons, qu\u2019en ha\u00efs\u00adsant les autres pour&nbsp;les<br>\ndif\u00adf\u00e9\u00adrences qui les s\u00e9parent de nous, nous fini\u00adrons&nbsp;par<br>\nd\u00e9tes\u00adter tout \u00e0 fait nos propres particularit\u00e9s,<br>\ndonc par tuer l\u2019homme dans ce qu\u2019il pos\u00ads\u00e8de de plus&nbsp;beau<br>\net de plus&nbsp;riche.<\/span><\/font><\/font><\/p>\n<p style=\"margin-right: 1cm; text-indent: 1.47cm; margin-bottom: 0cm;\" align=\"justify\" lang=\"fr-FR\">\n<font face=\"Garamond, serif\"><font style=\"font-size: 13pt;\" size=\"3\">Alors,<br>\nle racisme, qui fut cer\u00adtai\u00adne\u00adment notre pre\u00admi\u00e8re faute, serait<br>\ns\u00fbre\u00adment notre der\u00adni\u00e8re erreur.<\/font><\/font><\/p>\n<p style=\"margin-right: 1cm; text-indent: 1.47cm; margin-bottom: 0cm;\" align=\"justify\" lang=\"fr-FR\">\n<font face=\"Garamond, serif\"><font style=\"font-size: 13pt;\" size=\"3\"><b>Georges<br>\nBelle<\/b><\/font><\/font><\/p>\n","protected":false},"excerpt":{"rendered":"<p>&nbsp; Ain\u00adsi, une nou\u00advelle flam\u00adb\u00e9e de racisme\u200a\u2014\u200aune de plus, diront les his\u00adto\u00adriens bla\u00ads\u00e9s\u200a\u2014\u200aembrase notre monde. Quel conti\u00adnent \u00e9chappe \u00e0 cette sinistre recru\u00addes\u00adcence&nbsp;? L\u2019Australie peut-\u00eatre, mais pour com\u00adbien d\u2019ann\u00e9es encore?\u2026 En fait, le racisme se mani\u00adfeste \u00e0 peu pr\u00e8s par\u00adtout,&nbsp;tant il est b\u00eate, facile \u00e0 exploi\u00adter et sim\u00adpliste dans&nbsp;ses conclu\u00adsions. C\u2019est un mal pr\u00e9\u00adfa\u00adbri\u00adqu\u00e9 qui en&nbsp;cache&nbsp;[\u2026]<\/p>\n","protected":false},"author":1,"featured_media":0,"comment_status":"closed","ping_status":"closed","sticky":false,"template":"","format":"standard","meta":{"wp_typography_post_enhancements_disabled":false,"footnotes":""},"categories":[144],"tags":[],"ppma_author":[540],"class_list":["post-1292","post","type-post","status-publish","format-standard","hentry","category-temoins-n29-mars-1962"],"authors":[{"term_id":540,"user_id":1,"is_guest":0,"slug":"admin_3gikpwyf","display_name":"Vincent Dubuc","avatar_url":"https:\/\/secure.gravatar.com\/avatar\/d015720652c25fd2ced191ade86430094e1f288a17483713e3b34d26dea52507?s=96&d=mm&r=g","author_category":"","user_url":"https:\/\/la-presse-anarchiste.net","last_name":"Dubuc","first_name":"Vincent","job_title":"","description":""}],"_links":{"self":[{"href":"https:\/\/la-presse-anarchiste.net\/index.php\/wp-json\/wp\/v2\/posts\/1292","targetHints":{"allow":["GET"]}}],"collection":[{"href":"https:\/\/la-presse-anarchiste.net\/index.php\/wp-json\/wp\/v2\/posts"}],"about":[{"href":"https:\/\/la-presse-anarchiste.net\/index.php\/wp-json\/wp\/v2\/types\/post"}],"author":[{"embeddable":true,"href":"https:\/\/la-presse-anarchiste.net\/index.php\/wp-json\/wp\/v2\/users\/1"}],"replies":[{"embeddable":true,"href":"https:\/\/la-presse-anarchiste.net\/index.php\/wp-json\/wp\/v2\/comments?post=1292"}],"version-history":[{"count":0,"href":"https:\/\/la-presse-anarchiste.net\/index.php\/wp-json\/wp\/v2\/posts\/1292\/revisions"}],"wp:attachment":[{"href":"https:\/\/la-presse-anarchiste.net\/index.php\/wp-json\/wp\/v2\/media?parent=1292"}],"wp:term":[{"taxonomy":"category","embeddable":true,"href":"https:\/\/la-presse-anarchiste.net\/index.php\/wp-json\/wp\/v2\/categories?post=1292"},{"taxonomy":"post_tag","embeddable":true,"href":"https:\/\/la-presse-anarchiste.net\/index.php\/wp-json\/wp\/v2\/tags?post=1292"},{"taxonomy":"author","embeddable":true,"href":"https:\/\/la-presse-anarchiste.net\/index.php\/wp-json\/wp\/v2\/ppma_author?post=1292"}],"curies":[{"name":"wp","href":"https:\/\/api.w.org\/{rel}","templated":true}]}}