{"id":1293,"date":"2008-03-05T20:10:22","date_gmt":"2008-03-05T20:10:22","guid":{"rendered":"https:\/\/la-presse-anarchiste.net\/index.php\/2008\/03\/05\/le-temps-de-labjection\/"},"modified":"2008-03-05T20:10:22","modified_gmt":"2008-03-05T20:10:22","slug":"le-temps-de-labjection","status":"publish","type":"post","link":"https:\/\/la-presse-anarchiste.net\/index.php\/2008\/03\/05\/le-temps-de-labjection\/","title":{"rendered":"Le temps de l\u2019abjection"},"content":{"rendered":"<div class=\"pdfprnt-buttons pdfprnt-buttons-post pdfprnt-top-right\"><a href=\"https:\/\/la-presse-anarchiste.net\/index.php\/wp-json\/wp\/v2\/posts\/1293?print=pdf\" class=\"pdfprnt-button pdfprnt-button-pdf\" target=\"_blank\"><img decoding=\"async\" src=\"https:\/\/la-presse-anarchiste.net\/wp-content\/plugins\/pdf-print\/images\/pdf.png\" alt=\"image_pdf\" title=\"Afficher le PDF\"><\/a><a href=\"https:\/\/la-presse-anarchiste.net\/index.php\/wp-json\/wp\/v2\/posts\/1293?print=print\" class=\"pdfprnt-button pdfprnt-button-print\" target=\"_blank\"><img decoding=\"async\" src=\"https:\/\/la-presse-anarchiste.net\/wp-content\/plugins\/pdf-print\/images\/print.png\" alt=\"image_print\" title=\"Contenu imprim\u00e9\"><\/a><\/div><p>&nbsp;<\/p>\n<p style=\"margin-right: 1cm; text-indent: 1.47cm; margin-bottom: 0cm;\" align=\"justify\">\n<font face=\"Garamond, serif\"><font style=\"font-size: 13pt;\" size=\"3\"><span lang=\"fr-FR\">C\u2019est<br>\nle&nbsp;n\u00f4tre.<\/span><\/font><\/font><\/p>\n<p style=\"margin-right: 1cm; text-indent: 1.47cm; margin-bottom: 0cm;\" align=\"justify\">\n<font face=\"Garamond, serif\"><font style=\"font-size: 13pt;\" size=\"3\"><span lang=\"fr-FR\">Car<br>\ndans la pro\u00adgres\u00adsive des\u00adcente o\u00f9, des paroles de gran\u00addeur&nbsp;\u00e0<br>\nla bouche, la nation qui enfan\u00adta les droits de l\u2019homme, chaque jour<br>\ndavan\u00adtage renie son \u00e2me, l\u2019av\u00e8nement du racisme en<br>\n\u00ab&nbsp;m\u00e9tro\u00adpole&nbsp;\u00bb, tel qu\u2019on l\u2019a vu se d\u00e9cha\u00eener<br>\ncet automne en plein Paris lors des raton\u00adnades polici\u00e8res,<br>\nmarque une nou\u00advelle, une sinistre \u00e9tape.<\/span><\/font><\/font><\/p>\n<p style=\"margin-right: 1cm; text-indent: 1.47cm; margin-bottom: 0cm;\" align=\"justify\">\n<font face=\"Garamond, serif\"><font style=\"font-size: 13pt;\" size=\"3\"><span lang=\"fr-FR\">Et<br>\nsi nul aujourd\u2019hui n\u2019ose certes plus reprendre \u00e0&nbsp;son<br>\ncompte l\u2019inepte slo\u00adgan qui pro\u00adcla\u00admait&nbsp;: l\u2019Alg\u00e9rie c\u2019est<br>\nla France, les pro\u00adgr\u00e8s du mal, pour peu que rien ne&nbsp;les<br>\narr\u00eate, obli\u00adge\u00adront quelque jour \u00e0 consta\u00adter que&nbsp;la<br>\nFrance c\u2019est l\u2019Alg\u00e9rie.<\/span><\/font><\/font><\/p>\n<p style=\"margin-right: 1cm; text-indent: 1.47cm; margin-bottom: 0cm;\" align=\"justify\">\n<font face=\"Garamond, serif\"><font style=\"font-size: 13pt;\" size=\"3\"><span lang=\"fr-FR\">A<br>\nd\u2019autres, assu\u00adr\u00e9\u00adment, de recher\u00adcher dans le concret les<br>\nmoyens de bar\u00adrer la route\u200a\u2014\u200asi faire encore se peut\u200a\u2014\u200a\u00e0<br>\nl\u2019avilissement d\u00e9fi\u00adni\u00adtif. Notre r\u00f4le \u00e0&nbsp;nous&nbsp;\u2014<br>\nmais il ne nous para\u00eet pas inutile\u200a\u2014\u200ane peut \u00eatre&nbsp;que<br>\nde contri\u00adbuer \u00e0 ce que les esprits prennent am\u00e8rement<br>\nconscience de la san\u00adglante sot\u00adtise o\u00f9 non seule\u00adment&nbsp;des<br>\nfurieux vou\u00addraient nous pr\u00e9\u00adci\u00adpi\u00adter, mais, pire encore, pour<br>\nlaquelle ils se flattent de trou\u00adver en tant d\u2019entre nous&nbsp;des<br>\ncom\u00adplices. D\u2019o\u00f9 notre ten\u00adta\u00adtive, par les deux premiers<br>\ntextes de ce cahier, com\u00adpl\u00e9\u00adt\u00e9s d\u2019autre part&nbsp;de<br>\nquelques trop rares docu\u00adments grou\u00adp\u00e9s dans le \u00ab&nbsp;Carnet&nbsp;\u00bb,<br>\nde d\u00e9non\u00adcer \u00e0 notre tour l\u2019infamie des haines de<br>\nrace, dont tant de bons esprits s\u2019\u00e9taient na\u00efvement<br>\nima\u00adgi\u00adn\u00e9 que l\u2019\u00e9c\u0153urante orgie de crimes o\u00f9&nbsp;le<br>\nnazisme se vau\u00adtra suf\u00adfi\u00adsait \u00e0 d\u00e9mon\u00adtrer pour toujours<br>\nl\u2019ignominieuse insanit\u00e9.<\/span><\/font><\/font><\/p>\n<p style=\"margin-right: 1cm; text-indent: 1.47cm; margin-bottom: 0cm;\" align=\"justify\" lang=\"fr-FR\">\n<font face=\"Garamond, serif\"><font style=\"font-size: 13pt;\" size=\"3\">Puis\u00adsions-nous,<br>\nsi modeste que soit n\u00e9ces\u00adsai\u00adre\u00adment notre effort, aider ain\u00adsi&nbsp;\u00e0<br>\nce que nos infor\u00adtu\u00adn\u00e9s \u00ab&nbsp;sem\u00adblables&nbsp;\u00bb trouvent enfin<br>\nle cou\u00adrage de se faire horreur.<\/font><\/font><\/p>\n<p style=\"margin-right: 1cm; text-indent: 1.47cm; margin-bottom: 0cm;\" align=\"justify\" lang=\"fr-FR\">\n<font face=\"Garamond, serif\"><font style=\"font-size: 13pt;\" size=\"3\"><b>T\u00e9moins<\/b><\/font><\/font><\/p>\n","protected":false},"excerpt":{"rendered":"<p>&nbsp; C\u2019est le&nbsp;n\u00f4tre. Car dans la pro\u00adgres\u00adsive des\u00adcente o\u00f9, des paroles de gran\u00addeur&nbsp;\u00e0 la bouche, la nation qui enfan\u00adta les droits de l\u2019homme, chaque jour davan\u00adtage renie son \u00e2me, l\u2019av\u00e8nement du racisme en \u00ab&nbsp;m\u00e9tro\u00adpole&nbsp;\u00bb, tel qu\u2019on l\u2019a vu se d\u00e9cha\u00ee\u00adner cet automne en plein Paris lors des raton\u00adnades poli\u00adci\u00e8res, marque une nou\u00advelle, une sinistre \u00e9tape.&nbsp;[\u2026]<\/p>\n","protected":false},"author":1,"featured_media":0,"comment_status":"closed","ping_status":"closed","sticky":false,"template":"","format":"standard","meta":{"wp_typography_post_enhancements_disabled":false,"footnotes":""},"categories":[144],"tags":[],"ppma_author":[540],"class_list":["post-1293","post","type-post","status-publish","format-standard","hentry","category-temoins-n29-mars-1962"],"authors":[{"term_id":540,"user_id":1,"is_guest":0,"slug":"admin_3gikpwyf","display_name":"Vincent Dubuc","avatar_url":"https:\/\/secure.gravatar.com\/avatar\/d015720652c25fd2ced191ade86430094e1f288a17483713e3b34d26dea52507?s=96&d=mm&r=g","author_category":"","user_url":"https:\/\/la-presse-anarchiste.net","last_name":"Dubuc","first_name":"Vincent","job_title":"","description":""}],"_links":{"self":[{"href":"https:\/\/la-presse-anarchiste.net\/index.php\/wp-json\/wp\/v2\/posts\/1293","targetHints":{"allow":["GET"]}}],"collection":[{"href":"https:\/\/la-presse-anarchiste.net\/index.php\/wp-json\/wp\/v2\/posts"}],"about":[{"href":"https:\/\/la-presse-anarchiste.net\/index.php\/wp-json\/wp\/v2\/types\/post"}],"author":[{"embeddable":true,"href":"https:\/\/la-presse-anarchiste.net\/index.php\/wp-json\/wp\/v2\/users\/1"}],"replies":[{"embeddable":true,"href":"https:\/\/la-presse-anarchiste.net\/index.php\/wp-json\/wp\/v2\/comments?post=1293"}],"version-history":[{"count":0,"href":"https:\/\/la-presse-anarchiste.net\/index.php\/wp-json\/wp\/v2\/posts\/1293\/revisions"}],"wp:attachment":[{"href":"https:\/\/la-presse-anarchiste.net\/index.php\/wp-json\/wp\/v2\/media?parent=1293"}],"wp:term":[{"taxonomy":"category","embeddable":true,"href":"https:\/\/la-presse-anarchiste.net\/index.php\/wp-json\/wp\/v2\/categories?post=1293"},{"taxonomy":"post_tag","embeddable":true,"href":"https:\/\/la-presse-anarchiste.net\/index.php\/wp-json\/wp\/v2\/tags?post=1293"},{"taxonomy":"author","embeddable":true,"href":"https:\/\/la-presse-anarchiste.net\/index.php\/wp-json\/wp\/v2\/ppma_author?post=1293"}],"curies":[{"name":"wp","href":"https:\/\/api.w.org\/{rel}","templated":true}]}}