{"id":130,"date":"2007-02-09T09:48:06","date_gmt":"2007-02-09T09:48:06","guid":{"rendered":"https:\/\/la-presse-anarchiste.net\/index.php\/2007\/02\/09\/croquemitaine\/"},"modified":"2007-02-09T09:48:06","modified_gmt":"2007-02-09T09:48:06","slug":"croquemitaine","status":"publish","type":"post","link":"https:\/\/la-presse-anarchiste.net\/index.php\/2007\/02\/09\/croquemitaine\/","title":{"rendered":"Croquemitaine"},"content":{"rendered":"<div class=\"pdfprnt-buttons pdfprnt-buttons-post pdfprnt-top-right\"><a href=\"https:\/\/la-presse-anarchiste.net\/index.php\/wp-json\/wp\/v2\/posts\/130?print=pdf\" class=\"pdfprnt-button pdfprnt-button-pdf\" target=\"_blank\"><img decoding=\"async\" src=\"https:\/\/la-presse-anarchiste.net\/wp-content\/plugins\/pdf-print\/images\/pdf.png\" alt=\"image_pdf\" title=\"Afficher le PDF\"><\/a><a href=\"https:\/\/la-presse-anarchiste.net\/index.php\/wp-json\/wp\/v2\/posts\/130?print=print\" class=\"pdfprnt-button pdfprnt-button-print\" target=\"_blank\"><img decoding=\"async\" src=\"https:\/\/la-presse-anarchiste.net\/wp-content\/plugins\/pdf-print\/images\/print.png\" alt=\"image_print\" title=\"Contenu imprim\u00e9\"><\/a><\/div><div align=\"justify\">\n\tH\u00e9 l\u00e0&nbsp;! Homme&nbsp;! Monsieur&nbsp;!\n<p> \tHep&nbsp;! Cama\u00adrade&nbsp;! Mon&nbsp;fr\u00e8re.<\/p>\n<p>\tJe te fais&nbsp;peur&nbsp;?<\/p>\n<p>\tAh je vois&nbsp;! On t\u2019a dit que j\u2019\u00e9\u00adtais anar\u00adchiste&nbsp;! On t\u2019a fait le por\u00adtrait clas\u00adsique, pro\u00adba\u00adble\u00adment&nbsp;! La bombe&nbsp;! Le cham\u00adbar\u00adde\u00adment&nbsp;! La destruction&nbsp;!<\/p>\n<p>\tEnfant&nbsp;!<\/p>\n<p>\tH\u00e9 oui, enfant&nbsp;! Tu sais, le petit gosse \u00e0 qui on dit \u00ab&nbsp;Croquemitaine&nbsp;!&nbsp;\u00bb<\/p>\n<p>\tTu ne sais donc pas encore que chaque fois que le gou\u00adver\u00adnant, le ban\u00adquier, le pr\u00eatre, le bour\u00adgeois, voit se dres\u00adser devant lui la Jus\u00adtice et la V\u00e9ri\u00adt\u00e9, vite il fait fabri\u00adquer par son homme \u00e0 tout faire&nbsp;: le jour\u00adna\u00adliste ou le pro\u00adfes\u00adseur, une image de cette Jus\u00adtice et de cette V\u00e9ri\u00adt\u00e9 tel\u00adle\u00adment laide, tel\u00adle\u00adment m\u00e9chante, que tu n\u2019oses plus la regarder.<\/p>\n<p>\tOui, je suis anar\u00adchiste, je suis libertaire.<\/p>\n<p>\t\u00c9coute&nbsp;! Ne t\u2019en vas pas&nbsp;! C\u2019est peu de chose que ce que je veux te dire&nbsp;: seule\u00adment ce que c\u2019est qu\u2019un libertaire.<\/p>\n<p>\tUn liber\u00adtaire c\u2019est un homme, un homme fait de chair et de sang exac\u00adte\u00adment comme toi. C\u2019est un petit homme, comme toi. Une femme l\u2019a por\u00adt\u00e9 dans son ventre pen\u00addant neuf mois. Elle a souf\u00adfert pour le mettre au monde, exac\u00adte\u00adment comme la femme dont le ventre t\u2019a&nbsp;port\u00e9.<\/p>\n<p>\tLa seule dif\u00adf\u00e9\u00adrence qu\u2019il y ait entre le liber\u00adtaire et l\u2019homme du si\u00e8cle, c\u2019est que le coeur du liber\u00adtaire est peut-\u00eatre un peu plus grand que celui de l\u2019homme ordi\u00adnaire. Son esprit aus\u00adsi est un peu plus \u00e9le\u00adv\u00e9, sim\u00adple\u00adment parce qu\u2019il a r\u00e9fl\u00e9\u00adchi \u00e0 cer\u00adtaines choses plus pro\u00adfon\u00add\u00e9\u00adment que d\u2019autres.<\/p>\n<p>\tMais il n\u2019y \u00e0 l\u00e0 que qua\u00adli\u00adt\u00e9s acquises, car on ne na\u00eet pas liber\u00adtaire. ON LE DEVIENT.<\/p>\n<p>\tLe liber\u00adtaire, c\u2019est l\u2019homme qui croit de tout son coeur que l\u2019in\u00addi\u00advi\u00addu a comme pre\u00admier droit&nbsp;: la&nbsp;Vie.<\/p>\n<p>\tIl croit que tous les hommes ont ce m\u00eame droit, et qu\u2019ils sont tous \u00e9gaux devant ce besoin&nbsp;: Vive.<\/p>\n<p>\tIl a agran\u00addi cer\u00adtains mots sui\u00advant la mesure de son coeur et de son intel\u00adli\u00adgence&nbsp;: par exemple le mot Patrie repr\u00e9\u00adsente pour lui&nbsp;: la Terre des Hommes. Le mot Bon\u00adheur, il le com\u00adprend mieux que per\u00adsonne, mais il l\u2019\u00e9\u00adtend \u00e0 tous ses fr\u00e8res, et il pr\u00e9\u00adtend que l\u2019homme ne peut pas \u00eatre com\u00adpl\u00e8\u00adte\u00adment heu\u00adreux, si tous les hommes ne le sont&nbsp;pas.<\/p>\n<p>\tIl est contre la Soci\u00e9\u00adt\u00e9\u2026 TELLE QU\u2019ELLE EST, parce que cette Soci\u00e9\u00adt\u00e9 n\u2019a rien de social et que lui, il est SOCIAL.<\/p>\n<p>\tIl est contre tous les gou\u00adver\u00adne\u00adments, sans excep\u00adtion parce qu\u2019il en a recon\u00adnu l\u2019i\u00adnu\u00adti\u00adli\u00adt\u00e9 et la mal\u00adfai\u00adsance&nbsp;; parce que le gou\u00adver\u00adne\u00adment (qu\u2019il s\u2019ap\u00adpelle&nbsp;: \u00c9glise, Royau\u00adt\u00e9, R\u00e9pu\u00adblique\u2026 ou de tout autre nom), n\u2019est et ne peut \u00eatre que le sou\u00adtien d\u2019une classe de pri\u00advi\u00adl\u00e9\u00adgi\u00e9s et le ma\u00eetre tout puis\u00adsant de mil\u00adliards d\u2019es\u00adclaves qui tra\u00advaillent, meurent, et souffrent pour que les pri\u00advi\u00adl\u00e9\u00adgi\u00e9s ne tra\u00advaillent pas, vivent mieux, souffrent le moins pos\u00adsible et s\u2019enrichissent.<\/p>\n<p>\tAlors, mon fr\u00e8re, tu dois com\u00adprendre main\u00adte\u00adnant pour\u00adquoi on t\u2019a cri\u00e9&nbsp;: \u00ab&nbsp;Croquemitaine&nbsp;!&nbsp;\u00bb<\/p>\n<p>\tMais regarde-moi bien en&nbsp;face.<\/p>\n<p>\tEst-ce que tu as encore peur&nbsp;?<\/p>\n<p>\tAlors, donne-moi la&nbsp;main.<\/p>\n<p>\tEt main\u00adte\u00adnant, rentre chez toi et r\u00e9fl\u00e9chis.<\/p>\n<p>\tAu revoir, cama\u00adrade. A bient\u00f4t.<\/p><\/div>\n","protected":false},"excerpt":{"rendered":"<p>H\u00e9 l\u00e0&nbsp;! Homme&nbsp;! Mon\u00adsieur&nbsp;! Hep&nbsp;! Cama\u00adrade&nbsp;! Mon&nbsp;fr\u00e8re. Je te fais&nbsp;peur&nbsp;? Ah je vois&nbsp;! On t\u2019a dit que j\u2019\u00e9\u00adtais anar\u00adchiste&nbsp;! On t\u2019a fait le por\u00adtrait clas\u00adsique, pro\u00adba\u00adble\u00adment&nbsp;! La bombe&nbsp;! Le cham\u00adbar\u00adde\u00adment&nbsp;! La des\u00adtruc\u00adtion&nbsp;! Enfant&nbsp;! H\u00e9 oui, enfant&nbsp;! Tu sais, le petit gosse \u00e0 qui on dit \u00ab&nbsp;Cro\u00adque\u00admi\u00adtaine&nbsp;!&nbsp;\u00bb Tu ne sais donc pas encore que chaque fois&nbsp;[\u2026]<\/p>\n","protected":false},"author":1,"featured_media":0,"comment_status":"closed","ping_status":"closed","sticky":false,"template":"","format":"standard","meta":{"wp_typography_post_enhancements_disabled":false,"footnotes":""},"categories":[22],"tags":[],"ppma_author":[540],"class_list":["post-130","post","type-post","status-publish","format-standard","hentry","category-le-libertaire-n1-21-decembre-1944"],"authors":[{"term_id":540,"user_id":1,"is_guest":0,"slug":"admin_3gikpwyf","display_name":"Vincent Dubuc","avatar_url":"https:\/\/secure.gravatar.com\/avatar\/d015720652c25fd2ced191ade86430094e1f288a17483713e3b34d26dea52507?s=96&d=mm&r=g","author_category":"","user_url":"https:\/\/la-presse-anarchiste.net","last_name":"Dubuc","first_name":"Vincent","job_title":"","description":""}],"_links":{"self":[{"href":"https:\/\/la-presse-anarchiste.net\/index.php\/wp-json\/wp\/v2\/posts\/130","targetHints":{"allow":["GET"]}}],"collection":[{"href":"https:\/\/la-presse-anarchiste.net\/index.php\/wp-json\/wp\/v2\/posts"}],"about":[{"href":"https:\/\/la-presse-anarchiste.net\/index.php\/wp-json\/wp\/v2\/types\/post"}],"author":[{"embeddable":true,"href":"https:\/\/la-presse-anarchiste.net\/index.php\/wp-json\/wp\/v2\/users\/1"}],"replies":[{"embeddable":true,"href":"https:\/\/la-presse-anarchiste.net\/index.php\/wp-json\/wp\/v2\/comments?post=130"}],"version-history":[{"count":0,"href":"https:\/\/la-presse-anarchiste.net\/index.php\/wp-json\/wp\/v2\/posts\/130\/revisions"}],"wp:attachment":[{"href":"https:\/\/la-presse-anarchiste.net\/index.php\/wp-json\/wp\/v2\/media?parent=130"}],"wp:term":[{"taxonomy":"category","embeddable":true,"href":"https:\/\/la-presse-anarchiste.net\/index.php\/wp-json\/wp\/v2\/categories?post=130"},{"taxonomy":"post_tag","embeddable":true,"href":"https:\/\/la-presse-anarchiste.net\/index.php\/wp-json\/wp\/v2\/tags?post=130"},{"taxonomy":"author","embeddable":true,"href":"https:\/\/la-presse-anarchiste.net\/index.php\/wp-json\/wp\/v2\/ppma_author?post=130"}],"curies":[{"name":"wp","href":"https:\/\/api.w.org\/{rel}","templated":true}]}}