{"id":1303,"date":"2008-03-09T16:04:49","date_gmt":"2008-03-09T16:04:49","guid":{"rendered":"https:\/\/la-presse-anarchiste.net\/index.php\/2008\/03\/09\/a-travers-les-livres-10\/"},"modified":"2008-03-09T16:04:49","modified_gmt":"2008-03-09T16:04:49","slug":"a-travers-les-livres-10","status":"publish","type":"post","link":"https:\/\/la-presse-anarchiste.net\/index.php\/2008\/03\/09\/a-travers-les-livres-10\/","title":{"rendered":"\u00c0 travers les livres"},"content":{"rendered":"<div class=\"pdfprnt-buttons pdfprnt-buttons-post pdfprnt-top-right\"><a href=\"https:\/\/la-presse-anarchiste.net\/index.php\/wp-json\/wp\/v2\/posts\/1303?print=pdf\" class=\"pdfprnt-button pdfprnt-button-pdf\" target=\"_blank\"><img decoding=\"async\" src=\"https:\/\/la-presse-anarchiste.net\/wp-content\/plugins\/pdf-print\/images\/pdf.png\" alt=\"image_pdf\" title=\"Afficher le PDF\"><\/a><a href=\"https:\/\/la-presse-anarchiste.net\/index.php\/wp-json\/wp\/v2\/posts\/1303?print=print\" class=\"pdfprnt-button pdfprnt-button-print\" target=\"_blank\"><img decoding=\"async\" src=\"https:\/\/la-presse-anarchiste.net\/wp-content\/plugins\/pdf-print\/images\/print.png\" alt=\"image_print\" title=\"Contenu imprim\u00e9\"><\/a><\/div><p style=\"text-indent: 1.52cm; margin-bottom: 0cm;\" align=\"justify\"><font face=\"Garamond, serif\"><font style=\"font-size: 13pt;\" size=\"3\">Je<br>\nn\u2019ai nul\u00adle\u00adment l\u2019in\u00adten\u00adtion de dis\u00adcu\u00adter ici les pr\u00e9jug\u00e9s<br>\n\u00e9co\u00adno\u00admiques de M.&nbsp;Yves Guyot. Il est tou\u00adjours facile d\u2019avoir<br>\nrai\u00adson d\u2019ad\u00adver\u00adsaires ima\u00adgi\u00adnaires \u00e0 qui l\u2019on fait&nbsp;dire<br>\n\u00e9nor\u00adm\u00e9\u00adment de b\u00eatises pour se don\u00adner le plaisir<br>\nde les r\u00e9fu\u00adter triom\u00adpha\u00adle\u00adment, ain\u00adsi que le fait M.&nbsp;Yves<br>\nGuyot. Quand \u00e0 ses propres contra\u00addic\u00adtions, il ne les aper\u00e7oit<br>\npas. Je n\u2019en cite\u00adrai qu\u2019un exemple.<\/font><\/font><\/p>\n<p style=\"text-indent: 1.52cm; margin-bottom: 0cm;\" align=\"justify\"><font face=\"Garamond, serif\"><font style=\"font-size: 13pt;\" size=\"3\">Pre\u00adnant<br>\n\u00e0 par\u00adtie l\u2019ou\u00advrier qui refuse de se h\u00e2ter afin <i>d\u2019a\u00adbattre<\/i><br>\nle plus de tra\u00advail pos\u00adsible, il lui tient ce lan\u00adgage (p.&nbsp;3):&nbsp;\u00ab\u2026<br>\nLe sala\u00adriant est obli\u00adg\u00e9 ou de ces\u00adser sa fabri\u00adca\u00adtion&nbsp;ou<br>\nd\u2019aug\u00admen\u00adter ses prix, ce qui r\u00e9dui\u00adra ses d\u00e9bouch\u00e9s,<br>\nl\u2019o\u00adbli\u00adge\u00adra \u00e0 dimi\u00adnuer son per\u00adson\u00adnel\u2026 Ou bien le salariant<br>\ns\u2019in\u00adg\u00e9\u00adnie\u00adra \u00e0 trou\u00adver une machine qui aug\u00admente&nbsp;sa<br>\npro\u00adduc\u00adtion&nbsp;: ce sera la solu\u00adtion la meilleure&nbsp;; mais elle pour\u00adra&nbsp;aussi<br>\ncom\u00adpor\u00adter le cong\u00e9\u00addie\u00adment de l\u2019ou\u00advrier et le lais\u00adser&nbsp;sans<br>\ntravail&nbsp;\u00bb.<\/font><\/font><\/p>\n<p style=\"text-indent: 1.52cm; margin-bottom: 0cm;\" align=\"justify\"><font face=\"Garamond, serif\"><font style=\"font-size: 13pt;\" size=\"3\">Or,<br>\nailleurs il d\u00e9clare (p. 121): \u00ab\u2026 Comme la machine<br>\naug\u00admente l\u2019ef\u00adfet utile du tra\u00advail, bien loin d\u2019a\u00adbais\u00adser le salaire,<br>\nelle l\u2019aug\u00admente. Les faits le prouvent&nbsp;\u00bb et plus loin il affirme<br>\nque les machines donnent du tra\u00advail aux ouvriers (p. 122), et il&nbsp;cite<br>\nl\u2019exemple de la machine \u00e0 filer d\u2019Ar\u00adkr\u00addright en&nbsp;1760.<\/font><\/font><\/p>\n<p style=\"text-indent: 1.52cm; margin-bottom: 0cm;\" align=\"justify\"><font face=\"Garamond, serif\"><font style=\"font-size: 13pt;\" size=\"3\">Il<br>\nreproche ensuite aux ouvriers tis\u00adseurs de ne pas accep\u00adter les m\u00e9tiers<br>\nNor\u00adthrop&nbsp;; ce qui risque ain\u00adsi de les pri\u00adver enti\u00e8\u00adre\u00adment&nbsp;de<br>\ntra\u00advail, car les patrons ne pou\u00advant plus subir la concurrence<br>\npr\u00e9\u00adf\u00e8rent fer\u00admer leurs usines\u2026 etc.<\/font><\/font><\/p>\n<p style=\"text-indent: 1.52cm; margin-bottom: 0cm;\" align=\"justify\"><font face=\"Garamond, serif\"><font style=\"font-size: 13pt;\" size=\"3\">Admet\u00adtons<br>\nque cette th\u00e9o\u00adrie soit exacte, M.&nbsp;Yves Guyot ne devrait-il pas<br>\nb\u00e9nir les ouvriers qui veulent pro\u00adduire le moins possible,<br>\npuisque cela aura pour cons\u00e9\u00adquence l\u2019in\u00adtro\u00adduc\u00adtion de machines<br>\nper\u00adfec\u00adtion\u00adn\u00e9es qui aug\u00admen\u00adte\u00adront \u00e9nor\u00adm\u00e9\u00adment&nbsp;les<br>\npro\u00adduits \u00e0 meilleur mar\u00adch\u00e9, tout en fai\u00adsant augmenter<br>\nles salaires&nbsp;?<\/font><\/font><\/p>\n<p style=\"text-indent: 1.52cm; margin-bottom: 0cm;\" align=\"justify\"><font face=\"Garamond, serif\"><font style=\"font-size: 13pt;\" size=\"3\">En<br>\nr\u00e9a\u00adli\u00adt\u00e9, cet \u00e9cri\u00advain est res\u00adt\u00e9&nbsp;un<br>\n\u00e9co\u00adno\u00admiste tout p\u00e9n\u00e9\u00adtr\u00e9 de l\u2019esprit<br>\nindi\u00advi\u00addua\u00adliste du XVIII<sup>e<\/sup> si\u00e8cle, qui s\u2019at\u00adtarde, \u00e0<br>\nnotre \u00e9poque de grand d\u00e9ve\u00adlop\u00adpe\u00adment \u00e9conomique,<br>\n\u00e0 nous r\u00e9p\u00e9\u00adter des for\u00admules ad\u00e9\u00adquates au<br>\nd\u00e9but de l\u2019\u00e8re capi\u00adta\u00adliste. Que les capi\u00adtaux se soient<br>\n\u00e9nor\u00adm\u00e9\u00adment concen\u00adtr\u00e9s, au point que le quart&nbsp;de<br>\nla for\u00adtune de la France, actuel\u00adle\u00adment d\u2019en\u00advi\u00adron 250 mil\u00adliards, se<br>\ntrouve entre les mains des mil\u00adlion\u00adnaires (0,13 p. 100 de&nbsp;la<br>\npopu\u00adla\u00adtion totale); que le d\u00e9ve\u00adlop\u00adpe\u00adment indus\u00adtriel ait&nbsp;amen\u00e9<br>\nd\u2019im\u00admenses usines o\u00f9 se trouvent agglo\u00adm\u00e9\u00adr\u00e9s&nbsp;des<br>\ncen\u00adtaines et des mil\u00adliers d\u2019in\u00addi\u00advi\u00addus sous une direc\u00adtion&nbsp;quasi<br>\nmili\u00adtaire et d\u00e9truit par l\u00e0 la vie ind\u00e9pendante<br>\npour ces m\u00eames indi\u00advi\u00addus&nbsp;; que cette agglom\u00e9ration<br>\nindus\u00adtrielle et capi\u00adta\u00adliste abou\u00adtisse de plus en plus \u00e0&nbsp;cr\u00e9er<br>\npar\u00adtout des mono\u00adpoles qui rendent absurde le <i>dogme<\/i> du&nbsp;libre<br>\n\u00e9change&nbsp;; que la richesse <i>mobi\u00adli\u00e8re<\/i> joue un&nbsp;r\u00f4le<br>\npr\u00e9\u00adpon\u00add\u00e9\u00adrant \u00e0 l\u2019heure actuelle au point&nbsp;que,<br>\ncomme le dit M.&nbsp;de Foville, les biens meubles qui for\u00admaient au&nbsp;temps<br>\nde la Res\u00adtau\u00adra\u00adtion le tiers des suc\u00adces\u00adsions d\u00e9clar\u00e9es,<br>\nmoins de 40 p. 100 vers la fin de la Monar\u00adchie de Juillet, 46 p.&nbsp;100<br>\nau d\u00e9clin de l\u2019Em\u00adpire, en forment actuel\u00adle\u00adment plus de 55&nbsp;p.<br>\n100&nbsp;; que cette trans\u00adfor\u00adma\u00adtion de la richesse am\u00e8ne&nbsp;une<br>\nr\u00e9vo\u00adlu\u00adtion com\u00adpl\u00e8te dans la forme de la sacro-sainte<br>\nPro\u00adpri\u00e9\u00adt\u00e9&nbsp;; de tout cela M.&nbsp;Yves Guyot n\u2019a cure. Il&nbsp;ne<br>\nvoit par\u00adtout que des indi\u00advi\u00addus sen\u00adsi\u00adble\u00adment \u00e9gaux&nbsp;et<br>\n\u00e9chan\u00adgeant des pro\u00adduits contre des produits.<\/font><\/font><\/p>\n<p style=\"text-indent: 1.52cm; margin-bottom: 0cm;\" align=\"justify\"><font face=\"Garamond, serif\"><font style=\"font-size: 13pt;\" size=\"3\">N\u2019a-t-il<br>\npas admis ailleurs sans res\u00adtric\u00adtion la for\u00admule de Spen\u00adcer suivant<br>\nlaquelle <i>l\u2019\u00e9\u00advo\u00adlu\u00adtion<\/i> de l\u2019U\u00adni\u00advers&nbsp;\u00e9tait<br>\ncarac\u00adt\u00e9\u00adri\u00ads\u00e9e par le pas\u00adsage de l\u2019ho\u00admo\u00adg\u00e8ne&nbsp;\u00e0<br>\nl\u2019h\u00e9\u00adt\u00e9\u00adro\u00adg\u00e8ne&nbsp;? Et n\u2019a-t-il pas appliqu\u00e9<br>\ncette for\u00admule \u00e0 <i>l\u2019\u00e9\u00advo\u00adlu\u00adtion de la pro\u00adpri\u00e9\u00adt\u00e9<\/i>&nbsp;?<br>\nComme si la <i>pro\u00adpri\u00e9\u00adt\u00e9<\/i> fami\u00adliale des anciens<br>\nGrecs \u00e9tait de la m\u00eame esp\u00e8ce que la propri\u00e9t\u00e9<br>\nindi\u00advi\u00adduelle du bour\u00adgeois moderne, et comme s\u2019il pou\u00advait y avoir&nbsp;une<br>\n\u00e9vo\u00adlu\u00adtion quel\u00adconque entre deux ordres d\u2019ins\u00adti\u00adtu\u00adtions&nbsp;qui<br>\nn\u2019ont de com\u00admun que le&nbsp;nom&nbsp;!<\/font><\/font><\/p>\n<p style=\"text-indent: 1.52cm; margin-bottom: 0cm;\" align=\"justify\"><font face=\"Garamond, serif\"><font style=\"font-size: 13pt;\" size=\"3\">D\u00e9j\u00e0<br>\nProu\u00addhon avait not\u00e9 la dif\u00adf\u00e9\u00adrence qui existe encore de<br>\nnos jours entre la pro\u00adpri\u00e9\u00adt\u00e9 du pay\u00adsan et celle&nbsp;du<br>\nbour\u00adgeois ren\u00adt\u00e9, dont l\u2019une, la terre, fait pour\u00adrait-on dire<br>\npar\u00adtie de son pro\u00adpri\u00e9\u00adtaire, lui est atta\u00adch\u00e9 en&nbsp;tant<br>\nqu\u2019ob\u00adjet, consti\u00adtue r\u00e9el\u00adle\u00adment une pro\u00adpri\u00e9\u00adt\u00e9&nbsp;et<br>\nres\u00adsemble (toutes autres condi\u00adtions sociales \u00e0 part)&nbsp;\u00e0<br>\nla pro\u00adpri\u00e9\u00adt\u00e9 de la famille dans l\u2019antiquit\u00e9<br>\ngrecque&nbsp;; et dont l\u2019autre, la pro\u00adpri\u00e9\u00adt\u00e9 du rentier,<br>\nconsiste en valeurs variables, en titres cir\u00adcu\u00adlant qu\u2019il&nbsp;peut<br>\n\u00e9chan\u00adger \u00e0 sa guise, pro\u00adpri\u00e9\u00adt\u00e9 mobile qui<br>\npeut aug\u00admen\u00adter ou dimi\u00adnuer, qu\u2019il peut perdre demain, le laissant<br>\nsubi\u00adte\u00adment aus\u00adsi mis\u00e9\u00adrable que le der\u00adnier des mal\u00adheu\u00adreux.&nbsp;Je<br>\nle demande \u00e0 M.&nbsp;Yves Guyot, qu\u2019y a\u2011t-il de com\u00admun entre&nbsp;ces<br>\ndeux formes si dif\u00adf\u00e9\u00adrentes aux\u00adquelles on applique un&nbsp;m\u00eame<br>\nmot&nbsp;? Ne fau\u00addrait-il pas dire plu\u00adt\u00f4t que le m\u00e9ca\u00adnisme&nbsp;de<br>\ncir\u00adcu\u00adla\u00adtion capi\u00adta\u00adliste est pr\u00e9\u00adci\u00ads\u00e9\u00adment le contraire de<br>\nla pro\u00adpri\u00e9\u00adt\u00e9 indi\u00advi\u00adduelle&nbsp;? et que <i>l\u2019\u00e9\u00advo\u00adlu\u00adtion<\/i><br>\nse fait dans le sens d\u2019une d\u00e9sa\u00adpro\u00adpria\u00adtion des objets et&nbsp;de<br>\nleur trans\u00adfor\u00adma\u00adtion en mar\u00adchan\u00addises \u00e9changeables&nbsp;?<\/font><\/font><\/p>\n<p style=\"text-indent: 1.52cm; margin-bottom: 0cm;\" align=\"justify\"><font face=\"Garamond, serif\"><font style=\"font-size: 13pt;\" size=\"3\">Ain\u00adsi<br>\nque l\u2019a dit Marx dans la <i>Mis\u00e8re de la Phi\u00adlo\u00adso\u00adphie<\/i> (p.<br>\n221): \u00ab&nbsp;\u00c0 chaque \u00e9poque his\u00adto\u00adrique, la propri\u00e9t\u00e9<br>\ns\u2019est d\u00e9ve\u00adlop\u00adp\u00e9e dif\u00adf\u00e9\u00adrem\u00adment et dans une&nbsp;s\u00e9rie<br>\nde rap\u00adports sociaux enti\u00e8\u00adre\u00adment dif\u00adf\u00e9\u00adrents. Ainsi<br>\nd\u00e9fi\u00adnir la pro\u00adpri\u00e9\u00adt\u00e9 bour\u00adgeoise n\u2019est&nbsp;autre<br>\nchose que faire l\u2019ex\u00adpo\u00ads\u00e9 de tous les rap\u00adports sociaux de&nbsp;la<br>\npro\u00adpri\u00e9\u00adt\u00e9 bour\u00adgeoise. Vou\u00adloir don\u00adner une d\u00e9finition<br>\nde la pro\u00adpri\u00e9\u00adt\u00e9 comme d\u2019un rap\u00adport ind\u00e9pendant,<br>\nd\u2019une cat\u00e9\u00adgo\u00adrie \u00e0 part, d\u2019une id\u00e9e abs\u00adtraite et<br>\n\u00e9ter\u00adnelle, ce ne peut \u00eatre qu\u2019une illu\u00adsion&nbsp;de<br>\nm\u00e9ta\u00adphy\u00adsique ou de jurisprudence&nbsp;\u00bb.<\/font><\/font><\/p>\n<p style=\"text-indent: 1.52cm; margin-bottom: 0cm;\" align=\"justify\"><font face=\"Garamond, serif\"><font style=\"font-size: 13pt;\" size=\"3\">On<br>\nle voit, les \u00ab&nbsp;\u00e9lu\u00adcu\u00adbra\u00adtions&nbsp;\u00bb de Karl Marx avaient<br>\nbien quelque valeur&nbsp;; on peut sans folie les juger sup\u00e9rieures<br>\naux sophismes \u00e9co\u00adno\u00admiques de M.&nbsp;Yves Guyot.<\/font><\/font><\/p>\n<p style=\"text-indent: 1.52cm; margin-bottom: 0cm;\" align=\"justify\"><font face=\"Garamond, serif\"><font style=\"font-size: 13pt;\" size=\"3\">J\u2019es\u00adp\u00e8re<br>\nque ce der\u00adnier vou\u00addra bien ajou\u00adter quelques cha\u00adpitres suppl\u00e9mentaires<br>\nrec\u00adti\u00adfi\u00adca\u00adtifs \u00e0 ce sujet dans la pro\u00adchaine \u00e9di\u00adtion&nbsp;de<br>\nsa brochure.&nbsp;<\/font><\/font><\/p>\n<p style=\"margin-bottom: 0cm;\" align=\"justify\"><font face=\"Garamond, serif\"><font style=\"font-size: 13pt;\" size=\"3\">H.<br>\nLantz.<\/font><\/font><\/p>\n","protected":false},"excerpt":{"rendered":"<p>Je n\u2019ai nul\u00adle\u00adment l\u2019in\u00adten\u00adtion de dis\u00adcu\u00adter ici les pr\u00e9\u00adju\u00adg\u00e9s \u00e9co\u00adno\u00admiques de M.&nbsp;Yves Guyot. Il est tou\u00adjours facile d\u2019avoir rai\u00adson d\u2019ad\u00adver\u00adsaires ima\u00adgi\u00adnaires \u00e0 qui l\u2019on fait&nbsp;dire \u00e9nor\u00adm\u00e9\u00adment de b\u00eatises pour se don\u00adner le plai\u00adsir de les r\u00e9fu\u00adter triom\u00adpha\u00adle\u00adment, ain\u00adsi que le fait M.&nbsp;Yves Guyot. Quand \u00e0 ses propres contra\u00addic\u00adtions, il ne les aper\u00ad\u00e7oit pas. Je n\u2019en [\u2026]<\/p>\n","protected":false},"author":1,"featured_media":0,"comment_status":"closed","ping_status":"closed","sticky":false,"template":"","format":"standard","meta":{"wp_typography_post_enhancements_disabled":false,"footnotes":""},"categories":[146],"tags":[],"ppma_author":[540],"class_list":["post-1303","post","type-post","status-publish","format-standard","hentry","category-la-vie-ouvriere-n7-5-janvier-1910"],"authors":[{"term_id":540,"user_id":1,"is_guest":0,"slug":"admin_3gikpwyf","display_name":"Vincent Dubuc","avatar_url":"https:\/\/secure.gravatar.com\/avatar\/d015720652c25fd2ced191ade86430094e1f288a17483713e3b34d26dea52507?s=96&d=mm&r=g","author_category":"","user_url":"https:\/\/la-presse-anarchiste.net","last_name":"Dubuc","first_name":"Vincent","job_title":"","description":""}],"_links":{"self":[{"href":"https:\/\/la-presse-anarchiste.net\/index.php\/wp-json\/wp\/v2\/posts\/1303","targetHints":{"allow":["GET"]}}],"collection":[{"href":"https:\/\/la-presse-anarchiste.net\/index.php\/wp-json\/wp\/v2\/posts"}],"about":[{"href":"https:\/\/la-presse-anarchiste.net\/index.php\/wp-json\/wp\/v2\/types\/post"}],"author":[{"embeddable":true,"href":"https:\/\/la-presse-anarchiste.net\/index.php\/wp-json\/wp\/v2\/users\/1"}],"replies":[{"embeddable":true,"href":"https:\/\/la-presse-anarchiste.net\/index.php\/wp-json\/wp\/v2\/comments?post=1303"}],"version-history":[{"count":0,"href":"https:\/\/la-presse-anarchiste.net\/index.php\/wp-json\/wp\/v2\/posts\/1303\/revisions"}],"wp:attachment":[{"href":"https:\/\/la-presse-anarchiste.net\/index.php\/wp-json\/wp\/v2\/media?parent=1303"}],"wp:term":[{"taxonomy":"category","embeddable":true,"href":"https:\/\/la-presse-anarchiste.net\/index.php\/wp-json\/wp\/v2\/categories?post=1303"},{"taxonomy":"post_tag","embeddable":true,"href":"https:\/\/la-presse-anarchiste.net\/index.php\/wp-json\/wp\/v2\/tags?post=1303"},{"taxonomy":"author","embeddable":true,"href":"https:\/\/la-presse-anarchiste.net\/index.php\/wp-json\/wp\/v2\/ppma_author?post=1303"}],"curies":[{"name":"wp","href":"https:\/\/api.w.org\/{rel}","templated":true}]}}