{"id":1305,"date":"2008-03-09T16:19:02","date_gmt":"2008-03-09T16:19:02","guid":{"rendered":"https:\/\/la-presse-anarchiste.net\/index.php\/2008\/03\/09\/a-travers-les-revues-7\/"},"modified":"2008-03-09T16:19:02","modified_gmt":"2008-03-09T16:19:02","slug":"a-travers-les-revues-7","status":"publish","type":"post","link":"https:\/\/la-presse-anarchiste.net\/index.php\/2008\/03\/09\/a-travers-les-revues-7\/","title":{"rendered":"\u00c0 travers les revues"},"content":{"rendered":"<div class=\"pdfprnt-buttons pdfprnt-buttons-post pdfprnt-top-right\"><a href=\"https:\/\/la-presse-anarchiste.net\/index.php\/wp-json\/wp\/v2\/posts\/1305?print=pdf\" class=\"pdfprnt-button pdfprnt-button-pdf\" target=\"_blank\"><img decoding=\"async\" src=\"https:\/\/la-presse-anarchiste.net\/wp-content\/plugins\/pdf-print\/images\/pdf.png\" alt=\"image_pdf\" title=\"Afficher le PDF\"><\/a><a href=\"https:\/\/la-presse-anarchiste.net\/index.php\/wp-json\/wp\/v2\/posts\/1305?print=print\" class=\"pdfprnt-button pdfprnt-button-print\" target=\"_blank\"><img decoding=\"async\" src=\"https:\/\/la-presse-anarchiste.net\/wp-content\/plugins\/pdf-print\/images\/print.png\" alt=\"image_print\" title=\"Contenu imprim\u00e9\"><\/a><\/div><p style=\"text-indent: 1.52cm; margin-bottom: 0cm;\" align=\"justify\"><font face=\"Garamond, serif\"><font style=\"font-size: 13pt;\" size=\"3\">Sous<br>\nce titre, les <i>Docu\u00adments du Pro\u00adgr\u00e8s<\/i> (n<sup>o<\/sup> de<br>\nd\u00e9cembre 1909), publient un int\u00e9\u00adres\u00adsant article de&nbsp;M.<br>\nl\u2019ab\u00adb\u00e9 Nau\u00addet rela\u00adtif \u00e0 la cam\u00adpagne pr\u00e9\u00adsente&nbsp;du<br>\ncler\u00adg\u00e9 romain contre l\u2019\u00e9\u00adcole la\u00efque. Se pla\u00e7ant<br>\nau point de vue catho\u00adlique, l\u2019au\u00adteur vou\u00addrait \u00ab&nbsp;essayer de&nbsp;dire<br>\ncom\u00adment on peut envi\u00adsa\u00adger la ques\u00adtion de prin\u00adcipe et la ques\u00adtion&nbsp;de<br>\nfait&nbsp;\u00bb. D\u2019o\u00f9 deux par\u00adties bien dis\u00adtinctes dans son&nbsp;\u00e9tude.<\/font><\/font><\/p>\n<p style=\"text-indent: 1.52cm; margin-bottom: 0cm;\" align=\"justify\"><font face=\"Garamond, serif\"><font style=\"font-size: 13pt;\" size=\"3\">La<br>\npre\u00admi\u00e8re\u200a\u2014\u200ade beau\u00adcoup la plus \u00e9ten\u00addue\u200a\u2014\u200aest<br>\nconsa\u00adcr\u00e9e \u00e0 l\u2019ex\u00adpo\u00ads\u00e9 de consid\u00e9rations<br>\ng\u00e9n\u00e9\u00adrales. M.&nbsp;Nau\u00addet n\u2019ac\u00adcepte pas qu\u2019on traite la<br>\nreli\u00adgion comme une simple \u00ab&nbsp;opi\u00adnion&nbsp;\u00bb, mais bien comme&nbsp;une<br>\n\u00ab&nbsp;n\u00e9ces\u00adsi\u00adt\u00e9 morale&nbsp;\u00bb, ce qui ne saurait<br>\nsur\u00adprendre de la part d\u2019un ministre du culte. Si le prin\u00adcipe de&nbsp;la<br>\nneu\u00adtra\u00adli\u00adt\u00e9 est into\u00adl\u00e9\u00adrable, la chose elle-m\u00eame<br>\npeut, cepen\u00addant\u200a\u2014\u200ac\u2019est le cas en France, actuel\u00adle\u00adment\u200a\u2014\u200a\u00eatre,<br>\n\u00e0 un moment don\u00adn\u00e9, impo\u00ads\u00e9e par&nbsp;les<br>\ncir\u00adcons\u00adtances. On ne doit la consi\u00add\u00e9\u00adrer alors que comme&nbsp;un<br>\nin\u00e9\u00adluc\u00adtable pis-aller, un moindre mal. Et c\u2019est le devoir<br>\nsacr\u00e9 de l\u2019\u00c9\u00adglise de veiller \u00e0 sa stricte<br>\nobservation.<\/font><\/font><\/p>\n<p style=\"text-indent: 1.52cm; margin-bottom: 0cm;\" align=\"justify\"><font face=\"Garamond, serif\"><font style=\"font-size: 13pt;\" size=\"3\">S\u2019ap\u00adpuyant<br>\nsur des auto\u00adri\u00adt\u00e9s diverses, M.&nbsp;Croi\u00adset, Jacques Bonzon\u2026<br>\nl\u2019au\u00adteur affirme la pos\u00adsi\u00adbi\u00adli\u00adt\u00e9 d\u2019un r\u00e9gime sco\u00adlaire&nbsp;\u00e0<br>\npeu pr\u00e8s exac\u00adte\u00adment neutre. Nous n\u2019y contre\u00addi\u00adsons pas, pourvu<br>\nqu\u2019on donne au mot neu\u00adtra\u00adli\u00adt\u00e9 son sens exact, large et pr\u00e9cis<br>\n\u00e0 la fois, syno\u00adnyme d\u2019im\u00adpar\u00adtia\u00adli\u00adt\u00e9. Nous pen\u00adsons&nbsp;que<br>\nl\u2019\u00e9\u00adcole publique ne doit pas \u00eatre un champ clos&nbsp;o\u00f9<br>\ndeux cra\u00adties \u00e9ga\u00adle\u00adment oppres\u00adsives se dis\u00adputent le cer\u00adveau&nbsp;de<br>\nl\u2019en\u00adfant, le creu\u00adset o\u00f9 se forgent des men\u00adta\u00adli\u00adt\u00e9s&nbsp;\u00e0<br>\nl\u2019i\u00admage de celles des diri\u00adgeants de l\u2019heure, qu\u2019ils soient de droite<br>\nou de gauche. Ni cl\u00e9\u00adri\u00adcale, ni anti-cl\u00e9\u00adri\u00adcale.&nbsp;Non<br>\nanti-reli\u00adgieuse, ni m\u00eame sim\u00adple\u00adment spri\u00adtua\u00adliste&nbsp;;&nbsp;mais<br>\na\u2011religieuse&nbsp;; net\u00adte\u00adment et fran\u00adche\u00adment. Cette \u00e9cole-l\u00e0<br>\nseule\u00adment serait apte au res\u00adpect des consciences et vrai\u00adment neutre<br>\nau point de vue confes\u00adsion\u00adnel. M.&nbsp;l\u2019ab\u00adb\u00e9 Nau\u00addet&nbsp;nous<br>\nsui\u00advrait-il jusque l\u00e0&nbsp;? Nous sui\u00advrait-il encore si, \u00e9tendant<br>\nla ques\u00adtion, et sor\u00adtant du domaine reli\u00adgieux, nous deman\u00addions&nbsp;qu\u2019on<br>\n\u00e9lar\u00adgisse le sou\u00adci d\u2019im\u00adpar\u00adtia\u00adli\u00adt\u00e9 jus\u00adqu\u2019\u00e0&nbsp;ses<br>\nlimites extr\u00eames par l\u2019in\u00adtro\u00adduc\u00adtion \u00e0 l\u2019\u00e9\u00adcole&nbsp;de<br>\ntoutes les opi\u00adnions, de tous les sons de cloche, sous la&nbsp;seule<br>\ncondi\u00adtion que les unes et les autres soient ad\u00e9\u00adquates \u00e0<br>\nl\u2019\u00e2ge et \u00e0 l\u2019en\u00adten\u00adde\u00adment des enfants&nbsp;? Non, sans&nbsp;doute&nbsp;;<br>\ncar M.&nbsp;Nau\u00addet serait alors en contra\u00addic\u00adtion for\u00admelle avec les&nbsp;plus<br>\npures tra\u00addi\u00adtions catholiques.<\/font><\/font><\/p>\n<p style=\"text-indent: 1.52cm; margin-bottom: 0cm;\" align=\"justify\"><font face=\"Garamond, serif\"><font style=\"font-size: 13pt;\" size=\"3\">Disons,<br>\nd\u2019ailleurs, en pas\u00adsant, que si tout n\u2019est pas par\u00adfait dans les \u00e9coles<br>\noffi\u00adcielles\u200a\u2014\u200aon le ver\u00adra bien quand il nous fau\u00addra quelque jour&nbsp;en<br>\ncri\u00adti\u00adquer l\u2019es\u00adprit, les pro\u00adgrammes les m\u00e9thodes\u200a\u2014\u200aon y a,&nbsp;en<br>\ng\u00e9n\u00e9\u00adral, un sou\u00adci autre\u00adment grand que dans les \u00e9coles<br>\nchr\u00e9\u00adtiennes de res\u00adpec\u00adter \u00e0 la fois les droits de<br>\nl\u2019en\u00adfant et ceux du p\u00e8re de famille.<\/font><\/font><\/p>\n<p style=\"text-indent: 1.52cm; margin-bottom: 0cm;\" align=\"justify\"><font face=\"Garamond, serif\"><font style=\"font-size: 13pt;\" size=\"3\">Nous<br>\nrejoi\u00adgnons n\u00e9an\u00admoins l\u2019au\u00adteur dans la vigou\u00adreuse critique<br>\nqu\u2019il pr\u00e9\u00adsente du mono\u00adpole, cette r\u00e9forme jaco\u00adbine&nbsp;qui<br>\nrevient sur l\u2019eau, et qui, res\u00adsem\u00adblant en cela au \u00ab&nbsp;sabre de&nbsp;M.<br>\nPrud\u2019\u00adhomme&nbsp;\u00bb, peut fort bien ser\u00advir \u00ab&nbsp;\u00e0 atta\u00adquer&nbsp;ce<br>\nqu\u2019elle a la pr\u00e9\u00adten\u00adtion de d\u00e9fendre et&nbsp;\u00e0<br>\njus\u00adti\u00adfier la main\u00admise sur toutes les liber\u00adt\u00e9s&nbsp;?&nbsp;\u00bb&nbsp;L\u00e0<br>\naus\u00adsi, tou\u00adte\u00adfois, notre point de vue dif\u00adf\u00e8re&nbsp;: nous n\u2019oublions<br>\npas l\u2019u\u00adsage autre\u00adment oppres\u00adsif que fit, avant l\u2019\u00c9tat<br>\nd\u00e9mo\u00adcra\u00adtique, l\u2019\u00c9\u00adglise romaine, du mono\u00adpole&nbsp;de<br>\nl\u2019Enseignement.<\/font><\/font><\/p>\n<p style=\"text-indent: 1.52cm; margin-bottom: 0cm;\" align=\"justify\"><font face=\"Garamond, serif\"><font style=\"font-size: 13pt;\" size=\"3\">Nous<br>\nvoi\u00adci \u00e0 la seconde par\u00adtie de l\u2019\u00e9\u00adtude de M.&nbsp;Nau\u00addet,&nbsp;la<br>\nplus impor\u00adtante, sem\u00adble\u00adrait-il, \u00e0 en juger par les \u00e9v\u00e9nements<br>\nactuels et le titre de l\u2019ar\u00adticle&nbsp;: la jus\u00adti\u00adfi\u00adca\u00adtion de la cam\u00adpagne&nbsp;de<br>\nboy\u00adcot\u00adtage men\u00e9e contre l\u2019\u00e9\u00adcole la\u00efque. Trois<br>\npages de texte\u200a\u2014\u200aseule\u00adment\u200a\u2014\u200asur les onze que com\u00adporte le&nbsp;total&nbsp;!<br>\nLe lec\u00adteur est un peu d\u00e9\u00e7u. Il a l\u2019im\u00adpres\u00adsion&nbsp;tr\u00e8s<br>\nnette\u200a\u2014\u200aqui peut ne pas \u00eatre la bonne\u200a\u2014\u200aque l\u2019auteur<br>\nglisse, glisse sur des argu\u00adments qu\u2019il expo\u00adse\u00adrait sans grande<br>\nconvic\u00adtion parce qu\u2019ils ne lui auraient pas paru, \u00e0 lui-m\u00eame,<br>\nabso\u00adlu\u00adment p\u00e9remptoires.<\/font><\/font><\/p>\n<p style=\"text-indent: 1.52cm; margin-bottom: 0cm;\" align=\"justify\"><font face=\"Garamond, serif\"><font style=\"font-size: 13pt;\" size=\"3\">Ces<br>\nargu\u00adments sont grou\u00adp\u00e9s autour de quatre chefs&nbsp;: les droits des<br>\n\u00e9v\u00eaques\u200a\u2014\u200aceux de l\u2019\u00c9\u00adtat la\u00efque\u200a\u2014\u200ala<br>\nriposte des ins\u00adti\u00adtu\u00adteurs\u200a\u2014\u200ale choix des livres.<\/font><\/font><\/p>\n<p style=\"text-indent: 1.52cm; margin-bottom: 0cm;\" align=\"justify\"><font face=\"Garamond, serif\"><font style=\"font-size: 13pt;\" size=\"3\">Pour<br>\nM.&nbsp;Nau\u00addet, les droits des \u00e9v\u00eaques se confondent avec<br>\nceux de l\u2019\u00c9\u00adglise d\u00e9fi\u00adnis plus haut.&nbsp;Nous<br>\nn\u2019en\u00adtre\u00adpren\u00addrons pas l\u00e0-des\u00adsus de dis\u00adcus\u00adsion th\u00e9ologique<br>\npour laquelle nous avouons\u200a\u2014\u200asans plus\u200a\u2014\u200anotre incomp\u00e9tence.<br>\nIl n\u2019en appa\u00adra\u00ee\u00adtra pas moins, \u00e0 tout esprit exempt de<br>\npar\u00adti-pris, que l\u2019\u00e9\u00adpis\u00adco\u00adpat a cher\u00adch\u00e9 l\u00e0&nbsp;une<br>\nmau\u00advaise que\u00adrelle. Pen\u00addant des ann\u00e9es, les manuels classiques<br>\ndemeu\u00adr\u00e8rent impr\u00e9\u00adgn\u00e9s d\u2019un spiritualisme<br>\npro\u00advo\u00adca\u00adteur, pour ne pas dire plus, d\u2019o\u00f9 r\u00e9sul\u00adtait&nbsp;une<br>\nvio\u00adla\u00adtion patente et constante de la neu\u00adtra\u00adli\u00adt\u00e9 vraie, mais<br>\nvio\u00adla\u00adtion en faveur de l\u2019\u00c9\u00adglise. Depuis quelque temps, un<br>\neffort s\u00e9rieux et hon\u00adn\u00eate\u200a\u2014\u200atimide encore, parfois&nbsp;\u2014<br>\nayant \u00e9t\u00e9 accom\u00adpli, on s\u2019ex\u00adclame, on s\u2019indigne.<br>\nIndi\u00adgna\u00adtion pure\u00adment int\u00e9\u00adres\u00ads\u00e9e. Le bout, de l\u2019oreille<br>\npara\u00eet.<\/font><\/font><\/p>\n<p style=\"text-indent: 1.52cm; margin-bottom: 0cm;\" align=\"justify\"><font face=\"Garamond, serif\"><font style=\"font-size: 13pt;\" size=\"3\">Car,<br>\nenfin\u200a\u2014\u200aet quelle preuve n\u2019y eut-il pas eu l\u00e0 de&nbsp;la<br>\nsin\u00adc\u00e9\u00adri\u00adt\u00e9 de nos adver\u00adsaires\u200a\u2014\u200apour\u00adquoi ne pas mettre<br>\nen regard les pas\u00adsages incri\u00admi\u00adn\u00e9s des manuels la\u00efques et<br>\nceux cor\u00adres\u00adpon\u00addants des ouvrages chr\u00e9tiens&nbsp;?<\/font><\/font><\/p>\n<p style=\"text-indent: 1.52cm; margin-bottom: 0cm;\" align=\"justify\"><font face=\"Garamond, serif\"><font style=\"font-size: 13pt;\" size=\"3\">Quant<br>\nau dis\u00adtin\u00adguo, sur\u00adve\u00adnu apr\u00e8s que les associations<br>\npro\u00adfes\u00adsion\u00adnelles d\u2019ins\u00adti\u00adtu\u00adteurs eurent mon\u00adtr\u00e9 les dents, et<br>\nd\u2019a\u00adpr\u00e8s lequel la \u00ab&nbsp;Lettre&nbsp;\u00bb n\u2019in\u00adcri\u00admi\u00adne\u00adrait&nbsp;pas<br>\nl\u2019en\u00adsemble des \u00e9coles, mais quelques-unes seule\u00adment,&nbsp;non<br>\nautre\u00adment d\u00e9si\u00adgn\u00e9es d\u2019ailleurs, la simple lec\u00adture&nbsp;de<br>\ncelle-l\u00e0 suf\u00adfit \u00e0 en faire jus\u00adtice. Quelle cr\u00e2nerie,<br>\nMes\u00adsei\u00adgneurs&nbsp;! Et quelle fran\u00adchise&nbsp;! On s\u2019\u00e9\u00adtonne que M.&nbsp;Naudet&nbsp;\u2014<br>\ndont l\u2019ar\u00adticle t\u00e9moigne par ailleurs&nbsp;; d\u2019un effort visible<br>\nd\u2019im\u00adpar\u00adtia\u00adli\u00adt\u00e9 et de lib\u00e9\u00adra\u00adlisme\u200a\u2014\u200ase soit fait,&nbsp;\u00e0<br>\nson tour, l\u2019\u00e9\u00adcho et le cham\u00adpion de telles subtilit\u00e9s<br>\n\u00e9ma\u00adnant en droite ligne de Loyola.<\/font><\/font><\/p>\n<p style=\"text-indent: 1.52cm; margin-bottom: 0cm;\" align=\"justify\"><font face=\"Garamond, serif\"><font style=\"font-size: 13pt;\" size=\"3\">L\u2019\u00c9\u00adtat,<br>\n\u00e0 diverses reprises, a inter\u00addit l\u2019u\u00adsage de cer\u00adtains livres<br>\neccl\u00e9\u00adsias\u00adtiques, dont l\u2019his\u00adtoire fameuse du P. Lori\u00adguet&nbsp;et<br>\nquelques ouvrages d\u2019au\u00adteurs demeu\u00adr\u00e9s ano\u00adnymes. Comme&nbsp;les<br>\nlivres excom\u00admu\u00adni\u00e9s par l\u2019\u00c9\u00adglise ne sont qu\u2019au nombre de<br>\nqua\u00adtorze, et que ceux mis \u00e0 l\u2019in\u00addex par le gouvernement<br>\natteignent le chiffre de dix-huit, M.&nbsp;Nau\u00addet triomphe. Tout&nbsp;beau&nbsp;!<br>\nNous ne d\u00e9fen\u00addons pas l\u2019\u00c9\u00adtat, faut-il le r\u00e9p\u00e9ter&nbsp;?<br>\nIl a inter\u00addit d\u2019autres manuels, excel\u00adlents au point de vue \u00e9ducatif,<br>\nimpar\u00adtiaux&nbsp;; trop, sans doute, puisque c\u2019est pour cela qu\u2019ils ont&nbsp;\u00e9t\u00e9<br>\ncondam\u00adn\u00e9s. L\u2019\u00c9\u00adglise a\u2011t-elle son\u00adg\u00e9, alors, \u00e0<br>\npro\u00adtes\u00adter&nbsp;? Ne fut-elle pas la pre\u00admi\u00e8re \u00e0 crier haro&nbsp;?&nbsp;Et<br>\npuis, \u00e0 en juger par les alt\u00e9\u00adra\u00adtions syst\u00e9matiques<br>\ndes v\u00e9ri\u00adt\u00e9s les plus \u00e9vi\u00addentes, des faits&nbsp;les<br>\nplus scien\u00adti\u00adfi\u00adque\u00adment d\u00e9mon\u00adtr\u00e9s que l\u2019on ren\u00adcontre \u00e0<br>\nchaque page dans les manuels tol\u00e9\u00adr\u00e9s, on se&nbsp;fait<br>\ndif\u00adfi\u00adci\u00adle\u00adment une id\u00e9e de ce qui peut \u00eatre conte\u00adnu&nbsp;dans<br>\nles autres. Car aus\u00adsi, avouez-le, le gou\u00adver\u00adne\u00adment \u00ab&nbsp;d\u00e9mocratique<br>\net social&nbsp;\u00bb n\u2019a point la main si lourde lors\u00adqu\u2019il s\u2019a\u00adgit de&nbsp;se<br>\nd\u00e9fendre sur sa droite.\tQue les \u00e9v\u00eaques aient&nbsp;\u00e9t\u00e9<br>\nsur\u00adpris de la riposte des ins\u00adti\u00adtu\u00adteurs, nous le croyons sans&nbsp;peine.<br>\nD\u2019autres aus\u00adsi, ont fait la gri\u00admace qui, sans l\u2019a\u00advouer, le laissent<br>\nais\u00e9\u00adment voir entre les lignes de leurs dis\u00adcours. Par contre,<br>\nl\u2019\u00e9\u00adton\u00adne\u00adment de M.&nbsp;Nau\u00addet nous \u00e9tonne.<\/font><\/font><\/p>\n<p style=\"text-indent: 1.52cm; margin-bottom: 0cm;\" align=\"justify\"><font face=\"Garamond, serif\"><font style=\"font-size: 13pt;\" size=\"3\">Pour<br>\nter\u00admi\u00adner, il nous reste \u00e0 citer\u200a\u2014\u200asans autre commentaire&nbsp;\u2014<br>\nles quelques lignes consa\u00adcr\u00e9es par M.&nbsp;l\u2019ab\u00adb\u00e9 Nau\u00addet,&nbsp;au<br>\nchoix des livres. L\u2019au\u00adteur se demande qui est com\u00adp\u00e9\u00adtent en&nbsp;la<br>\nmati\u00e8re&nbsp;: \u00ab&nbsp;Est-ce la com\u00admis\u00adsion com\u00adpo\u00ads\u00e9e&nbsp;de<br>\nla\u00efques libres-pen\u00adseurs qui a accep\u00adt\u00e9 les livres et&nbsp;dont<br>\nla plu\u00adpart des membres ignorent vrai\u00adsem\u00adbla\u00adble\u00adment les premiers<br>\n\u00e9l\u00e9\u00adments du cat\u00e9\u00adchisme&nbsp;? Les p\u00e8res&nbsp;de<br>\nfamille catho\u00adliques lors\u00adqu\u2019il s\u2019a\u00adgit de veiller sur leur foi et&nbsp;sur<br>\ncelle leurs enfants, doivent-ils, de toute n\u00e9cessit\u00e9,<br>\ns\u2019in\u00adcli\u00adner devant la com\u00adp\u00e9\u00adtence doc\u00adtri\u00adnale de M.&nbsp;Durand qui<br>\nn\u2019est pas bap\u00adti\u00ads\u00e9 ou de M.&nbsp;Dupont qui a refu\u00ads\u00e9 de&nbsp;faire<br>\nbap\u00adti\u00adser ses enfants et pr\u00e9\u00adf\u00e9\u00adrer le juge\u00adment de&nbsp;ces<br>\ncitoyens qui, par ailleurs, peuvent \u00eatre fort res\u00adpec\u00adtables, \u00e0<br>\ncelui de l\u2019\u00e9piscopat&nbsp;?&nbsp;\u00bb<\/font><\/font><\/p>\n<p style=\"text-indent: 1.52cm; margin-bottom: 0cm;\" align=\"justify\"><font face=\"Garamond, serif\"><font style=\"font-size: 13pt;\" size=\"3\">La<br>\ncom\u00adp\u00e9\u00adtence subor\u00addon\u00adn\u00e9e \u00e0 la foi, on comprend<br>\ntrop bien ce que cela veut dire. Autant \u00e9ri\u00adger le cat\u00e9chisme<br>\nen syn\u00adth\u00e8se des connais\u00adsances \u00e0 acqu\u00e9\u00adrir&nbsp;\u00e0<br>\nl\u2019\u00e9\u00adcole primaire&nbsp;!<\/font><\/font><\/p>\n<p style=\"text-indent: 1.52cm; margin-bottom: 0cm;\" align=\"justify\"><font face=\"Garamond, serif\"><font style=\"font-size: 13pt;\" size=\"3\">Int\u00e9\u00adres\u00adsant<br>\n\u00e0 cause des \u00e9v\u00e9\u00adne\u00adments d\u2019actualit\u00e9<br>\naux\u00adquels il fait allu\u00adsion, s\u00e9dui\u00adsant, sou\u00advent,&nbsp;par<br>\nl\u2019im\u00adpar\u00adtia\u00adli\u00adt\u00e9 appa\u00adrente des juge\u00adments et la mod\u00e9ration<br>\ndes cri\u00adtiques, utile \u00e0 lire parce qu\u2019il r\u00e9sume assez<br>\nheu\u00adreu\u00adse\u00adment le pro\u00adbl\u00e8me qui en fait l\u2019ob\u00adjet, l\u2019ar\u00adticle de&nbsp;M.<br>\nl\u2019ab\u00adb\u00e9 Nau\u00addet n\u2019ap\u00adporte gu\u00e8re d\u2019ar\u00adgu\u00adments de nature \u00e0<br>\naider ceux qu\u2019il pr\u00e9\u00adtend ser\u00advir. Aus\u00adsi bien, le r\u00e9sultat<br>\nde la lutte enga\u00adg\u00e9e entre l\u2019\u00e9\u00adglise et l\u2019\u00e9cole<br>\noffi\u00adcielle ne sau\u00adrait-il faire de doute. L\u2019E\u00adcole offi\u00adcielle est<br>\nimpar\u00adfaite, mais vaut infi\u00adni\u00adment mieux que sa rivale. Elle&nbsp;\u00e9met<br>\nd\u00e9j\u00e0 quelques lueurs qui font esp\u00e9\u00adrer&nbsp;une<br>\nr\u00e9g\u00e9\u00adn\u00e9\u00adra\u00adtion de l\u2019\u00e9\u00addu\u00adca\u00adtion de l\u2019enfance.<br>\nR\u00e9g\u00e9\u00adn\u00e9\u00adra\u00adtion loin\u00adtaine, sans doute, mais<br>\npos\u00adsible. C\u2019est bien d\u00e9j\u00e0 quelque chose.<\/font><\/font><\/p>\n<p style=\"margin-bottom: 0cm;\" align=\"justify\"><font face=\"Garamond, serif\"><font style=\"font-size: 13pt;\" size=\"3\">J.<br>\nPicton.<\/font><\/font><\/p>\n","protected":false},"excerpt":{"rendered":"<p>Sous ce titre, les Docu\u00adments du Pro\u00adgr\u00e8s (no de d\u00e9cembre 1909), publient un int\u00e9\u00adres\u00adsant article de&nbsp;M.&nbsp;l\u2019ab\u00adb\u00e9 Nau\u00addet rela\u00adtif \u00e0 la cam\u00adpagne pr\u00e9\u00adsente&nbsp;du cler\u00adg\u00e9 romain contre l\u2019\u00e9\u00adcole la\u00efque. Se pla\u00ad\u00e7ant au point de vue catho\u00adlique, l\u2019au\u00adteur vou\u00addrait \u00ab&nbsp;essayer de&nbsp;dire com\u00adment on peut envi\u00adsa\u00adger la ques\u00adtion de prin\u00adcipe et la ques\u00adtion&nbsp;de fait&nbsp;\u00bb. D\u2019o\u00f9 deux par\u00adties&nbsp;bien&nbsp;[\u2026]<\/p>\n","protected":false},"author":1,"featured_media":0,"comment_status":"closed","ping_status":"closed","sticky":false,"template":"","format":"standard","meta":{"wp_typography_post_enhancements_disabled":false,"footnotes":""},"categories":[146],"tags":[],"ppma_author":[540],"class_list":["post-1305","post","type-post","status-publish","format-standard","hentry","category-la-vie-ouvriere-n7-5-janvier-1910"],"authors":[{"term_id":540,"user_id":1,"is_guest":0,"slug":"admin_3gikpwyf","display_name":"Vincent Dubuc","avatar_url":"https:\/\/secure.gravatar.com\/avatar\/d015720652c25fd2ced191ade86430094e1f288a17483713e3b34d26dea52507?s=96&d=mm&r=g","author_category":"","user_url":"https:\/\/la-presse-anarchiste.net","last_name":"Dubuc","first_name":"Vincent","job_title":"","description":""}],"_links":{"self":[{"href":"https:\/\/la-presse-anarchiste.net\/index.php\/wp-json\/wp\/v2\/posts\/1305","targetHints":{"allow":["GET"]}}],"collection":[{"href":"https:\/\/la-presse-anarchiste.net\/index.php\/wp-json\/wp\/v2\/posts"}],"about":[{"href":"https:\/\/la-presse-anarchiste.net\/index.php\/wp-json\/wp\/v2\/types\/post"}],"author":[{"embeddable":true,"href":"https:\/\/la-presse-anarchiste.net\/index.php\/wp-json\/wp\/v2\/users\/1"}],"replies":[{"embeddable":true,"href":"https:\/\/la-presse-anarchiste.net\/index.php\/wp-json\/wp\/v2\/comments?post=1305"}],"version-history":[{"count":0,"href":"https:\/\/la-presse-anarchiste.net\/index.php\/wp-json\/wp\/v2\/posts\/1305\/revisions"}],"wp:attachment":[{"href":"https:\/\/la-presse-anarchiste.net\/index.php\/wp-json\/wp\/v2\/media?parent=1305"}],"wp:term":[{"taxonomy":"category","embeddable":true,"href":"https:\/\/la-presse-anarchiste.net\/index.php\/wp-json\/wp\/v2\/categories?post=1305"},{"taxonomy":"post_tag","embeddable":true,"href":"https:\/\/la-presse-anarchiste.net\/index.php\/wp-json\/wp\/v2\/tags?post=1305"},{"taxonomy":"author","embeddable":true,"href":"https:\/\/la-presse-anarchiste.net\/index.php\/wp-json\/wp\/v2\/ppma_author?post=1305"}],"curies":[{"name":"wp","href":"https:\/\/api.w.org\/{rel}","templated":true}]}}