{"id":1306,"date":"2008-03-09T16:39:07","date_gmt":"2008-03-09T16:39:07","guid":{"rendered":"https:\/\/la-presse-anarchiste.net\/index.php\/2008\/03\/09\/la-greve-des-boutonniers-de-loise-4\/"},"modified":"2008-03-09T16:39:07","modified_gmt":"2008-03-09T16:39:07","slug":"la-greve-des-boutonniers-de-loise-4","status":"publish","type":"post","link":"https:\/\/la-presse-anarchiste.net\/index.php\/2008\/03\/09\/la-greve-des-boutonniers-de-loise-4\/","title":{"rendered":"La gr\u00e8ve des boutonniers de l\u2019Oise (4)"},"content":{"rendered":"<div class=\"pdfprnt-buttons pdfprnt-buttons-post pdfprnt-top-right\"><a href=\"https:\/\/la-presse-anarchiste.net\/index.php\/wp-json\/wp\/v2\/posts\/1306?print=pdf\" class=\"pdfprnt-button pdfprnt-button-pdf\" target=\"_blank\"><img decoding=\"async\" src=\"https:\/\/la-presse-anarchiste.net\/wp-content\/plugins\/pdf-print\/images\/pdf.png\" alt=\"image_pdf\" title=\"Afficher le PDF\"><\/a><a href=\"https:\/\/la-presse-anarchiste.net\/index.php\/wp-json\/wp\/v2\/posts\/1306?print=print\" class=\"pdfprnt-button pdfprnt-button-print\" target=\"_blank\"><img decoding=\"async\" src=\"https:\/\/la-presse-anarchiste.net\/wp-content\/plugins\/pdf-print\/images\/print.png\" alt=\"image_print\" title=\"Contenu imprim\u00e9\"><\/a><\/div><p class=\"post_excerpt\">[[Voir <i>Vie Ouvri\u00e8re<\/i> num\u00e9\u00adros 4, 5 et&nbsp;6.]]<\/p>\n<p><!--more--><\/p>\n<h2>Pas commode \u00e0 appliquer le tarif Bousson&nbsp;!<\/h2>\n<p style=\"text-indent: 1.52cm; margin-bottom: 0cm;\" align=\"justify\"><font face=\"Garamond, serif\"><font style=\"font-size: 13pt;\" size=\"3\">Il<br>\ns\u2019a\u00adgit de tenir bon. Le dimanche 25, \u00e0 4 heures du soir,&nbsp;un<br>\ngrand mee\u00adting a lieu dans un enclos de Lor\u00admai\u00adson. Plus d\u2019un millier<br>\nde gr\u00e9\u00advistes y assistent. Il y a m\u00eame un commissaire<br>\nsp\u00e9\u00adcial en l\u2019hon\u00adneur de qui <i>l\u2019In\u00adter\u00adna\u00adtio\u00adnale<\/i> et&nbsp;la<br>\n<i>Car\u00adma\u00adgnole<\/i> sont. entonn\u00e9es.<\/font><\/font><\/p>\n<p style=\"text-indent: 1.52cm; margin-bottom: 0cm;\" align=\"justify\"><font face=\"Garamond, serif\"><font style=\"font-size: 13pt;\" size=\"3\">Gui\u00adgnet<br>\ns\u2019at\u00adtache \u00e0 bien faire voir que c\u2019est sur\u00adtout le salaire des<br>\nfemmes qui est atteint&nbsp;: il demande aux hommes s\u2019ils abandonneront<br>\nleurs com\u00adpagnes de Lutte&nbsp;? Non&nbsp;! Non&nbsp;! lui r\u00e9pond-on. Lucien<br>\nPla\u00adtel d\u00e9montre les mau\u00advais des\u00adseins du pr\u00e9\u00adfet et&nbsp;des<br>\npatrons. Puis Del\u00adpech rel\u00e8ve le reproche fait aux gr\u00e9vistes<br>\nde deman\u00adder le concours \u00ab&nbsp;d\u2019\u00e9\u00adtran\u00adgers \u00e0&nbsp;leur<br>\ncor\u00adpo\u00adra\u00adtion&nbsp;\u00bb.\u200a\u2014\u200aLes sol\u00addats qui inter\u00adviennent dans&nbsp;le<br>\nconflit, appar\u00adtiennent-ils \u00e0 votre cor\u00adpo\u00adra\u00adtion&nbsp;? Et Bousson<br>\nest-il bou\u00adton\u00adnier, lui&nbsp;? Aucun d\u2019entre nous ne connais\u00adsant pas&nbsp;votre<br>\nm\u00e9tier n\u2019au\u00adrait accep\u00adt\u00e9 d\u2019\u00e9\u00adta\u00adblir un tarif&nbsp;;&nbsp;si<br>\nnous l\u2019a\u00advions fait, les patrons auraient cri\u00adti\u00adqu\u00e9 et&nbsp;ils<br>\nauraient eu raison.<\/font><\/font><\/p>\n<p style=\"text-indent: 1.52cm; margin-bottom: 0cm;\" align=\"justify\"><font face=\"Garamond, serif\"><font style=\"font-size: 13pt;\" size=\"3\">Le<br>\nlen\u00adde\u00admain, confor\u00adm\u00e9\u00adment aux d\u00e9ci\u00adsions du Comit\u00e9<br>\nex\u00e9\u00adcu\u00adtif, des r\u00e9unions ont lieu, \u00e0 7 heures du<br>\nmatin, dans toutes les sec\u00adtions. Dans cha\u00adcune d\u2019elles, des<br>\nd\u00e9l\u00e9\u00adga\u00adtions nom\u00adm\u00e9es par usine sont charg\u00e9es<br>\nde se rendre dans les ate\u00adliers avant la ren\u00adtr\u00e9e des ouvriers<br>\net, au cas o\u00f9 le tarif Bous\u00adson y serait appli\u00adqu\u00e9,&nbsp;de<br>\nreve\u00adnir \u00e0 la r\u00e9union o\u00f9 tous les travailleurs<br>\nd\u00e9cr\u00e9\u00adte\u00adront aus\u00adsi\u00adt\u00f4t la conti\u00adnua\u00adtion de la&nbsp;gr\u00e8ve.<\/font><\/font><\/p>\n<p style=\"text-indent: 1.52cm; margin-bottom: 0cm;\" align=\"justify\"><font face=\"Garamond, serif\"><font style=\"font-size: 13pt;\" size=\"3\">Ce<br>\nqui est d\u00e9ci\u00add\u00e9 est ex\u00e9\u00adcu\u00adt\u00e9. Heureusement<br>\nque les mili\u00adtants ne dorment pas&nbsp;! Sinon, les efforts de deux&nbsp;mois<br>\nseraient per\u00addus. Le mot d\u2019ordre patro\u00adnal et pr\u00e9\u00adfec\u00adto\u00adral&nbsp;est<br>\nobser\u00adv\u00e9, \u00e0 peu pr\u00e8s partout.<\/font><\/font><\/p>\n<p style=\"text-indent: 1.52cm; margin-bottom: 0cm;\" align=\"justify\"><font face=\"Garamond, serif\"><font style=\"font-size: 13pt;\" size=\"3\">\u00c0<br>\nAnde\u00adville, seule la mai\u00adson Gu\u00e9\u00adrault-Lema\u00adri\u00adnier conti\u00adnue&nbsp;\u00e0<br>\nfonc\u00adtion\u00adner. Gr\u00e8ve, chez les quatre autres, vot\u00e9e&nbsp;par<br>\n490 voix contre 5 blancs et 7 non. \u00c0 M\u00e9ru,&nbsp;gr\u00e8ve<br>\nchez tous les fabri\u00adcants. \u00c0 Val\u00addam\u00adpierre, gr\u00e8ve. Au<br>\nD\u00e9luge, les ouvriers, pour la plu\u00adpart, retra\u00advaillaient&nbsp;; ils&nbsp;se<br>\nmettent en gr\u00e8ve \u00e0 nou\u00adveau. Au Petit Fer\u00adcourt, gr\u00e8ve.<br>\n\u00c0 La Hous\u00adsoye, gr\u00e8ve. \u00c0 Amblain\u00adville, Lormaison,<br>\nSaint-Cr\u00e9\u00adpin,&nbsp;gr\u00e8ve.&nbsp;<\/font><\/font><\/p>\n<p style=\"text-indent: 1.52cm; margin-bottom: 0cm;\" align=\"justify\"><font face=\"Garamond, serif\"><font style=\"font-size: 13pt;\" size=\"3\">Il<br>\nn\u2019y a qu\u2019\u00e0 Labois\u00adsi\u00e8re o\u00f9 le patron Lamouche<br>\npaye d\u00e9j\u00e0 le tarif ouvrier et \u00e0 la Vil\u00adle\u00adneuve&nbsp;o\u00f9<br>\nle tarif est accep\u00adt\u00e9, que le tra\u00advail continue.<\/font><\/font><\/p>\n<p style=\"text-indent: 1.52cm; margin-bottom: 0cm;\" align=\"justify\"><font face=\"Garamond, serif\"><font style=\"font-size: 13pt;\" size=\"3\">On<br>\nsent que c\u2019est la par\u00adtie supr\u00eame qui se joue. Les patrons<br>\ncomp\u00adtaient beau\u00adcoup sur la man\u0153uvre du tarif Bous\u00adson&nbsp;; la r\u00e9sistance<br>\ndes ouvriers, leur t\u00e9na\u00adci\u00adt\u00e9 \u00e0 main\u00adte\u00adnir la&nbsp;gr\u00e8ve<br>\net \u00e0 ne pas tom\u00adber dans le tra\u00adque\u00adnard, d\u00e9monte certains<br>\npatrons qui, d\u00e8s le lun\u00addi soir, rendent les armes. Un nombre<br>\nimpor\u00adtant d\u2019entre-eux demande \u00e0 signer de nou\u00adveau le tarif&nbsp;du<br>\n31 mars, le tarif de l\u2019U\u00adnion syndicale.&nbsp;<\/font><\/font><\/p>\n<p style=\"text-indent: 1.52cm; margin-bottom: 0cm;\" align=\"justify\"><font face=\"Garamond, serif\"><font style=\"font-size: 13pt;\" size=\"3\">Les<br>\nmeneurs de la r\u00e9sis\u00adtance patro\u00adnale, les hommes d\u2019hon\u00adneur&nbsp;du<br>\ntrust ont fait appo\u00adser une grande affiche d\u00e9naturant<br>\nodieu\u00adse\u00adment les faits. Sans retard, l\u2019U\u00adnion des Table\u00adtiers y r\u00e9pond<br>\npar la sui\u00advante, qui d\u00e9mo\u00adlit point par point tous&nbsp;les<br>\nmen\u00adsonges patronaux&nbsp;:<\/font><\/font><\/p>\n<h2>Parjures<\/h2>\n<p style=\"text-indent: 1.52cm; margin-bottom: 0cm;\" align=\"justify\"><font face=\"Garamond, serif\"><font style=\"font-size: 13pt;\" size=\"3\">Cama\u00adrades,<br>\nune affiche aux allures offi\u00adcielles,\u200a\u2014\u200agou\u00adver\u00adne\u00admen\u00adtale&nbsp;et<br>\npatro\u00adnale,\u200a\u2014\u200avient d\u2019\u00eatre appo\u00ads\u00e9e sur les murs de&nbsp;la<br>\nr\u00e9gion avec l\u2019in\u00adten\u00adtion \u00e9vi\u00addente de trom\u00adper la&nbsp;bonne<br>\nfoi de tous les camarades.<\/font><\/font><\/p>\n<p style=\"text-indent: 1.52cm; margin-bottom: 0cm;\" align=\"justify\"><font face=\"Garamond, serif\"><font style=\"font-size: 13pt;\" size=\"3\">Cette<br>\naffiche, v\u00e9ri\u00adtable monu\u00adment de men\u00adsonges, d\u2019hy\u00adpo\u00adcri\u00adsie et&nbsp;de<br>\ncontra\u00addic\u00adtion, mon\u00adtre\u00adra aux tra\u00advailleurs sin\u00adc\u00e8res&nbsp;et<br>\nconnais\u00adsant bien la situa\u00adtion ce que vaut la mentalit\u00e9<br>\npatro\u00adnale et la confiance que l\u2019on peut accor\u00adder \u00e0&nbsp;nos<br>\ngou\u00adver\u00adnants qui, ici, se sont ren\u00addus les com\u00adplices d\u2019une \u0153uvre&nbsp;de<br>\nmons\u00adtruo\u00adsi\u00adt\u00e9 et d\u2019iniquit\u00e9.<\/font><\/font><\/p>\n<p style=\"text-indent: 1.52cm; margin-bottom: 0cm;\" align=\"justify\"><font face=\"Garamond, serif\"><font style=\"font-size: 13pt;\" size=\"3\">\u00c0<br>\ncette affiche verte\u200a\u2014\u200asym\u00adbo\u00adli\u00adsant par sa cou\u00adleur l\u2019esp\u00e9rance<br>\nde rou\u00adler les ouvriers\u200a\u2014\u200anous croyons devoir ne r\u00e9pondre<br>\nqu\u2019en rele\u00advant les prin\u00adci\u00adpales contra\u00addic\u00adtions et les signa\u00adler ain\u00adsi&nbsp;\u00e0<br>\nl\u2019at\u00adten\u00adtion des travailleurs.<\/font><\/font><\/p>\n<table>\n<tbody>\n<tr class=\"row_even\">\n<td><strong>AFFICHE PATRONALE<\/strong> <\/td>\n<td><strong> NOUS R\u00c9PONDONS&nbsp;:<\/strong><\/td>\n<\/tr>\n<tr class=\"row_odd\">\n<td><em>Men\u00adsonges, contra\u00addic\u00adtion, hypocrisie<\/em><\/td>\n<td><em>Le tarif sans aucune modification.<\/em><\/td>\n<\/tr>\n<tr class=\"row_even\">\n<td>Les ouvriers d\u00e9cla\u00adr\u00e8rent qu\u2019ils repous\u00adsaient l\u2019ar\u00adbi\u00adtrage et qu\u2019ils n\u2019ac\u00adcep\u00adte\u00adraient que le tarif d\u2019An\u00adde\u00adville sans condi\u00adtion et sans r\u00e9serve.<\/td>\n<td>Nous avons tou\u00adjours main\u00adte\u00adnu nos d\u00e9cla\u00adra\u00adtions, et notre tarif envoy\u00e9 \u00e0 tous les patrons, connu de tous les ouvriers, n\u2019a re\u00e7u aucune modi\u00adfi\u00adca\u00adtion de notre part et a \u00e9t\u00e9 appli\u00adqu\u00e9 l\u00e0 o\u00f9 le syn\u00addi\u00adcat a d\u00e9ci\u00add\u00e9 la reprise du tra\u00advail. En cela, nous sommes d\u2019ac\u00adcord avec l\u2019af\u00adfiche pr\u00e9fectorale.<\/td>\n<\/tr>\n<tr class=\"row_odd\">\n<td>Le 31 mars, la situa\u00adtion \u00e9tait celle-ci&nbsp;:<br>\nD\u2019un c\u00f4t\u00e9 les ouvriers r\u00e9cla\u00admant l\u2019ap\u00adpli\u00adca\u00adtion pure et simple du tarif d\u2019Andeville.<br>\nDe l\u2019autre, les patrons ou la plu\u00adpart d\u2019entre eux, dis\u00adpo\u00ads\u00e9s \u00e0 accep\u00adter pro\u00advi\u00adsoi\u00adre\u00adment le tarif d\u2019An\u00adde\u00adville sous r\u00e9serve que le tarif d\u00e9fi\u00adni\u00adtif serait fix\u00e9 par un arbitre.&nbsp;<\/td>\n<td>Ce jours les patrons vou\u00adlaient faire des r\u00e9serves pour l\u2019ac\u00adcep\u00adta\u00adtion comme il est indi\u00adqu\u00e9 ci-contre, mais sachant com\u00adbien un arbi\u00adtrage nous aurait dup\u00e9, nous refu\u00ads\u00e2mes cette condi\u00adtion et les patrons n\u2019in\u00adsis\u00adtant plus, acce\u00adpt\u00e8rent la solu\u00adtion imm\u00e9diate.<\/td>\n<\/tr>\n<tr class=\"row_even\">\n<td>Quel \u00e9tait ce tarif&nbsp;? M.&nbsp;le pr\u00e9\u00adsident de la Chambre syn\u00addi\u00adcale des patrons en pr\u00e9\u00adsen\u00adta un exem\u00adplaire au pr\u00e9\u00adfet et offrit aus\u00adsi\u00adt\u00f4t \u00e0 l\u2019as\u00adsem\u00adbl\u00e9e d\u2019en don\u00adner lec\u00adture, mais tous, patrons et ouvriers, d\u00e9cla\u00adr\u00e8rent qu\u2019ils le connaissaient.&nbsp;<\/td>\n<td>Ici appa\u00adra\u00eet l\u2019hypocrisie.<br>\nUn seul tarif \u00e9tait connu des ouvriers, en m\u00eame temps que des patrons&nbsp;: le tarif de l\u2019U\u00adnion syn\u00addi\u00adcale des ouvriers table\u00adtiers&nbsp;; jus\u00adqu\u2019\u00e0 ce jour, le syn\u00addi\u00adcat patro\u00adnal n\u2019a\u00advait \u00e9la\u00adbo\u00adr\u00e9 que le tarif pre\u00admier qui pro\u00advo\u00adqua le conflit. Par cons\u00e9\u00adquent aucun doute n\u2019\u00e9\u00adtait pos\u00adsible, le tarif que pos\u00ads\u00e9\u00addait le pr\u00e9\u00adfet, remis par un ouvrier et non par un patron, ne pou\u00advait \u00eatre que celui des ouvriers table\u00adtiers. Il n\u2019en exis\u00adtait pas d\u2019autres.<\/td>\n<\/tr>\n<tr class=\"row_odd\">\n<td>Apr\u00e8s quoi furent dis\u00adcu\u00adt\u00e9es quelques ques\u00adtions de d\u00e9tail et, quand ouvriers et patrons se furent mis d\u2019ac\u00adcord sur tous les points, le pr\u00e9\u00adfet, par trois fois, pro\u00adcla\u00adma la gr\u00e8ve termin\u00e9e.<\/td>\n<td>Ce tarif fut adop\u00adt\u00e9 dans son ensemble par les patrons pr\u00e9\u00adsents qui tous le connaissaient.<br>\nIl fut adop\u00adt\u00e9 sans aucune r\u00e9serve\u200a\u2014\u200aautre\u00adment nous ne l\u2019au\u00adrions pas sign\u00e9\u200a\u2014\u200aet cela per\u00admit au pr\u00e9\u00adfet de d\u00e9cla\u00adrer par trois fois la gr\u00e8ve termin\u00e9e.<\/td>\n<\/tr>\n<tr class=\"row_even\">\n<td>Le len\u00adde\u00admain ou quelques jours apr\u00e8s la r\u00e9union du 31 mars, M.&nbsp;Mar\u00adchand crut devoir adres\u00adser au secr\u00e9\u00adtaire du syn\u00addi\u00adcat ouvrier le tarif appli\u00adqu\u00e9 dans sa mai\u00adson, et qui \u00e9tait, disait-il, le vrai tarif d\u2019Andeville.<\/td>\n<td>Pour\u00adquoi M.&nbsp;Mar\u00adchand agit-il ain\u00adsi puisque le 31 mars, le tarif connu de tous fut accep\u00adt\u00e9&nbsp;? Rien ne lais\u00adsait sup\u00adpo\u00adser une contes\u00adta\u00adtion pos\u00adsible sinon sa mau\u00advaise foi \u00e9vi\u00addente, sur\u00adtout que, comme ses col\u00adl\u00e8gues d\u2019An\u00adde\u00adville, il l\u2019a pay\u00e9 int\u00e9\u00adgra\u00adle\u00adment \u00e0 ses ouvriers pen\u00addant trois semaines. Et s\u2019il n\u2019avait&nbsp;<br>\npas l\u2019in\u00adten\u00adtion de cr\u00e9er une divi\u00adsion apr\u00e8s l\u2019en\u00adtente, pour\u00adquoi ne pr\u00e9\u00adsen\u00adtait-il pas son tarif     le 31 mars&nbsp;? C\u2019\u00e9\u00adtait pr\u00e9m\u00e9dit\u00e9.<\/td>\n<\/tr>\n<tr class=\"row_odd\">\n<td>En pr\u00e9\u00adsence de cette diver\u00adgence, le pr\u00e9\u00adfet crut devoir faire dres\u00adser un tarif indis\u00adcu\u00adtable d\u2019An\u00adde\u00adville et dans ce but il a char\u00adg\u00e9 M.&nbsp;Bus\u00adson, conseiller de pr\u00e9\u00adfec\u00adture, de se rendre \u00e0 Ande\u00adville et de pro\u00adc\u00e9\u00adder, au vu des livres de paye des mai\u00adsons de cette com\u00admune, \u00e0 l\u2019\u00e9\u00adta\u00adblis\u00adse\u00adment de ce&nbsp;tarif.<br>\nO\u00f9 M.&nbsp;Bous\u00adson pui\u00adsa-t-il ses connais\u00adsances de bou\u00adton\u00adnier pour \u00e9ta\u00adblir un&nbsp;tarif&nbsp;?<\/td>\n<td>Pour\u00adquoi cher\u00adcha-t-il \u00e0 en consti\u00adtuer un nou\u00adveau puis\u00adqu\u2019il en exis\u00adtait un qu\u2019a\u00advait pos\u00ads\u00e9\u00add\u00e9 le pr\u00e9\u00adfet et qui faci\u00adli\u00adtait l\u2019entente&nbsp;?<br>\nConsul\u00adter les livres de paye, on en conna\u00eet la valeur, on sait qu\u2019ils sont tous maquill\u00e9s et en tous cas cela ne pou\u00advait pas influen\u00adcer notre d\u00e9ci\u00adsion qui est l\u2019a\u00addop\u00adtion du tarif sign\u00e9 le 31&nbsp;mars.<\/td>\n<\/tr>\n<\/tbody>\n<\/table>\n<p style=\"text-indent: 1.52cm; margin-bottom: 0cm;\" align=\"justify\"><font face=\"Garamond, serif\"><font style=\"font-size: 13pt;\" size=\"3\">Il<br>\nest dit d\u2019autre part&nbsp;:<\/font><\/font><\/p>\n<p style=\"text-indent: 1.52cm; margin-bottom: 0cm;\" align=\"justify\"><font face=\"Garamond, serif\"><font style=\"font-size: 13pt;\" size=\"3\">\u00ab&nbsp;Le<br>\npr\u00e9\u00adfet vou\u00adlait don\u00adner aux patrons l\u2019oc\u00adca\u00adsion d\u2019af\u00adfir\u00admer&nbsp;leur<br>\nres\u00adpect des enga\u00adge\u00adments pris le 31 mars\u00bb&nbsp;; cette d\u00e9claration<br>\nest cynique, si tel \u00e9tait leur d\u00e9sir, ils auraient pu<br>\nfaci\u00adle\u00adment le satis\u00adfaire en ex\u00e9\u00adcu\u00adtant leurs propres<br>\nenga\u00adge\u00adments, au lieu de faire appel \u00e0 la com\u00adpli\u00adci\u00adt\u00e9&nbsp;du<br>\npr\u00e9\u00adfet et de son sous-ordre qui leur ont si complaisamment<br>\nappor\u00adt\u00e9 leur concours\u2026<\/font><\/font><\/p>\n<p style=\"text-indent: 1.52cm; margin-bottom: 0cm;\" align=\"justify\"><font face=\"Garamond, serif\"><font style=\"font-size: 13pt;\" size=\"3\">Et<br>\nmain\u00adte\u00adnant qu\u2019ils nous disent ce qu\u2019ils ont fait des tarifs sciage et<br>\nencar\u00adtage, les ont-ils volon\u00adtai\u00adre\u00adment oubli\u00e9s&nbsp;?<\/font><\/font><\/p>\n<p style=\"text-indent: 1.52cm; margin-bottom: 0cm;\" align=\"justify\"><font face=\"Garamond, serif\"><font style=\"font-size: 13pt;\" size=\"3\">Cama\u00adrades,<br>\nvous connais\u00adsez tous la situa\u00adtion, vous voyez ce que veulent les<br>\npatrons&nbsp;: t\u00e2cher de cr\u00e9er une divi\u00adsion par\u00admi nous&nbsp;\u00e0<br>\nla faveur de laquelle ils pour\u00adraient mieux nous exploi\u00adter et&nbsp;nous<br>\n\u00e9cra\u00adser de leur auto\u00adri\u00adt\u00e9&nbsp;; nous n\u2019en serons pas&nbsp;dupes,<br>\net en par\u00adju\u00adrant \u00e0 leur parole, ils nous ont mon\u00adtr\u00e9&nbsp;les<br>\nsen\u00adti\u00adments qui les ani\u00admaient \u00e0 notre&nbsp;\u00e9gard.<\/font><\/font><\/p>\n<p style=\"text-indent: 1.52cm; margin-bottom: 0cm;\" align=\"justify\"><font face=\"Garamond, serif\"><font style=\"font-size: 13pt;\" size=\"3\">Nous<br>\nsommes pr\u00e9\u00adve\u00adnus, nous ne serons pas vic\u00adtimes de&nbsp;leur<br>\ntentative.<\/font><\/font><\/p>\n<p><strong><em>Cette<br>\nman\u0153uvre, le texte du tarif d\u00e9fi\u00adni\u00adtif la reconna\u00eet.<br>\nVoi\u00adci ce&nbsp;texte&nbsp;:<\/em><\/strong><\/p>\n<p style=\"text-indent: 1.52cm; margin-bottom: 0cm;\" align=\"justify\"><font face=\"Garamond, serif\"><font style=\"font-size: 13pt;\" size=\"3\">Nous,<br>\nsous\u00adsi\u00adgn\u00e9s, fabri\u00adcants de bou\u00adtons de nacre, reconnaissons<br>\navoir \u00e9t\u00e9 induits en erreur en signant un tarif, dit<br>\nBous\u00adson, \u00e0 la pr\u00e9\u00adfec\u00adture de Beau\u00advais, le 23 avril&nbsp;1909,<br>\ncroyant signer \u00e0 nou\u00adveau le tarif syn\u00addi\u00adcal ouvrier annex\u00e9<br>\nau contrat col\u00adlec\u00adtif du 31 mars, sous la pr\u00e9\u00adsi\u00addence de M.&nbsp;le<br>\npr\u00e9\u00adfet de l\u2019Oise.<\/font><\/font><\/p>\n<p style=\"text-indent: 1.52cm; margin-bottom: 0cm;\" align=\"justify\"><font face=\"Garamond, serif\"><font style=\"font-size: 13pt;\" size=\"3\">Pre\u00adnons<br>\nl\u2019en\u00adga\u00adge\u00adment for\u00admel de nous en tenir \u00e0 ce der\u00adnier et&nbsp;d\u2019en<br>\nobser\u00adver toutes les condi\u00adtions jus\u00adqu\u2019au d\u00e9lai&nbsp;fix\u00e9.<\/font><\/font><\/p>\n<p style=\"text-indent: 1.52cm; margin-bottom: 0cm;\" align=\"justify\">\n<\/p><p style=\"text-indent: 1.52cm; margin-bottom: 0cm;\" align=\"justify\"><font face=\"Garamond, serif\"><font style=\"font-size: 13pt;\" size=\"3\">Le<br>\njeu\u00addi 29 et le ven\u00addre\u00addi 30, un grand nombre de patrons signent le<br>\ncontrat. C\u2019est la d\u00e9ban\u00addade patro\u00adnale. Elle se pro\u00adduit malgr\u00e9<br>\nles coups de t\u00e9l\u00e9\u00adphone de M.&nbsp;Mar\u00adchand \u00e0&nbsp;ses<br>\ncol\u00adl\u00e8gues. Lui, il n\u2019est pas reve\u00adnu \u00e0 Andeville.<br>\nN\u2019emp\u00eache, il engage les autres \u00e0 la r\u00e9sistance.<br>\nMais plu\u00adsieurs qui com\u00admencent \u00e0 voir clair dans son jeu,&nbsp;lui<br>\nr\u00e9pondent qu\u2019ils en ont assez et qu\u2019ils pr\u00e9f\u00e8rent<br>\nsigner pour \u00eatre tranquilles.<\/font><\/font><\/p>\n<p style=\"text-indent: 1.52cm; margin-bottom: 0cm;\" align=\"justify\"><font face=\"Garamond, serif\"><font style=\"font-size: 13pt;\" size=\"3\">La<br>\nvolon\u00adt\u00e9 des gr\u00e9\u00advistes ne fl\u00e9\u00adchit pas. Le 1<sup>er<\/sup><br>\nmai, tout le monde l\u00e2che le tra\u00advail. Une grande concentration,<br>\n\u00e0 laquelle prennent part au moins 5.000 ouvriers, se d\u00e9roule<br>\n\u00e0 M\u00e9ru. Un mee\u00adting est tenu dans un enclos derri\u00e8re<br>\nle bois du Mou\u00adlin Rose, le pr\u00e9\u00adfet ayant inter\u00addit de le&nbsp;faire<br>\nsur la place des&nbsp;Armes.<\/font><\/font><\/p>\n<p style=\"text-indent: 1.52cm; margin-bottom: 0cm;\" align=\"justify\"><font face=\"Garamond, serif\"><font style=\"font-size: 13pt;\" size=\"3\">Le<br>\nlen\u00adde\u00admain, mani\u00adfes\u00adta\u00adtion \u00e0 Ande\u00adville et nou\u00adveau mee\u00adting&nbsp;dans<br>\nun enclos.<\/font><\/font><\/p>\n<p style=\"text-indent: 1.52cm; margin-bottom: 0cm;\" align=\"justify\"><font face=\"Garamond, serif\"><font style=\"font-size: 13pt;\" size=\"3\">Ces<br>\nmani\u00adfes\u00adta\u00adtions durant les deux jours, exercent une influence sur&nbsp;les<br>\npatrons qui r\u00e9sistent encore. Ces der\u00adniers sentent que&nbsp;les<br>\nouvriers ne sont pas \u00e0 bout de forces. Aus\u00adsi, le 4 mai,&nbsp;dans<br>\nun grand nombre de centres, les patrons adh\u00e8rent-ils au&nbsp;tarif<br>\nouvrier. \u00c0 M\u00e9ru, le tra\u00advail est repris, tous&nbsp;les<br>\npatrons ont&nbsp;sign\u00e9.<\/font><\/font><\/p>\n<p style=\"text-indent: 1.52cm; margin-bottom: 0cm;\" align=\"justify\"><font face=\"Garamond, serif\"><font style=\"font-size: 13pt;\" size=\"3\">La<br>\nlutte se pour\u00adsuit \u00e0 Val\u00addam\u00adpierre, o\u00f9 une usine&nbsp;sur<br>\ntrois seule\u00adment tra\u00advaille, et \u00e0 Amblain\u00adville, SaintCr\u00e9pin<br>\net Lor\u00admai\u00adson o\u00f9 le ch\u00f4\u00admage est complet.<\/font><\/font><\/p>\n<p style=\"text-indent: 1.52cm; margin-bottom: 0cm;\" align=\"justify\"><font face=\"Garamond, serif\"><font style=\"font-size: 13pt;\" size=\"3\">Reste<br>\nencore l\u2019u\u00adsine Mar\u00adchand, \u00e0 Ande\u00adville. Elle tente une man\u0153uvre.<br>\nLes ouvriers, convo\u00adqu\u00e9s \u00e0 son de caisse, se r\u00e9unissent<br>\nau nombre de 59 et d\u00e9cident la reprise du tra\u00advail au&nbsp;tarif<br>\nMar\u00adchand-Bous\u00adson.. Quels sont ces 59&nbsp;? Des employ\u00e9s de magasin<br>\net de bureau pay\u00e9s au mois et quelques jaunes.<\/font><\/font><\/p>\n<p style=\"text-indent: 1.52cm; margin-bottom: 0cm;\" align=\"justify\"><font face=\"Garamond, serif\"><font style=\"font-size: 13pt;\" size=\"3\">En<br>\nr\u00e9ponse \u00e0 cette man\u0153uvre, le Syn\u00addi\u00adcat ouvrier convoque<br>\nles tra\u00advailleurs de cette mai\u00adson&nbsp;; ils votent la conti\u00adnua\u00adtion de&nbsp;la<br>\ngr\u00e8ve par 134 voix contre 2 non et un blanc. \u00c0 l\u2019entr\u00e9e<br>\net \u00e0 la sor\u00adtie les employ\u00e9s ayant repris le travail<br>\nsont hu\u00e9s par leurs camarades.<\/font><\/font><\/p>\n<p style=\"text-indent: 1.52cm; margin-bottom: 0cm;\" align=\"justify\"><font face=\"Garamond, serif\"><font style=\"font-size: 13pt;\" size=\"3\">La<br>\nman\u0153uvre patro\u00adnale ayant ain\u00adsi \u00e9chou\u00e9, les associ\u00e9s<br>\nde Mar\u00adchand d\u00e9cident de ne pas rou\u00adler le len\u00adde\u00admain. Ils&nbsp;sont<br>\nd\u2019ailleurs plu\u00adt\u00f4t d\u00e9go\u00fb\u00adt\u00e9s des jaunes qui<br>\n\u00e9taient ren\u00adtr\u00e9s. Ces der\u00adniers n\u2019a\u00advaient pas dessaoul\u00e9<br>\net n\u2019a\u00advaient pas ces\u00ads\u00e9 de se cha\u00admailler dans l\u2019u\u00adsine. Si&nbsp;bien<br>\nque le direc\u00adteur, en guise de r\u00e9com\u00adpense pour leur trahison,<br>\nleur donne leur&nbsp;cong\u00e9.<\/font><\/font><\/p>\n<h2>Pluie de condamnations<\/h2>\n<p style=\"text-indent: 1.52cm; margin-bottom: 0cm;\" align=\"justify\"><font face=\"Garamond, serif\"><font style=\"font-size: 13pt;\" size=\"3\">Les<br>\npatrons avaient comp\u00adt\u00e9 un peu sur les juges de Beau\u00advais&nbsp;pour<br>\nter\u00adro\u00adri\u00adser les gr\u00e9\u00advistes. Quelques mois de pri\u00adson&nbsp;bien<br>\nappli\u00adqu\u00e9s pro\u00addui\u00adraient de l\u2019ef\u00adfet. Le 28 avril, le tribunal<br>\ncor\u00adrec\u00adtion\u00adnel pro\u00adnon\u00ad\u00e7ait les condam\u00adna\u00adtions sui\u00advantes&nbsp;: Mar\u00e9chal<br>\net Gueule, 8 mois de pri\u00adson&nbsp;; Win\u00adter et Vas\u00adseur, 6 mois&nbsp;; Tavaux,<br>\nLeroux, Vue, 4 mois&nbsp;; No\u00ebl, Poten\u00adtier, 3 mois&nbsp;; Lan\u00adglet&nbsp;et<br>\nPec\u00adqueur, 3 mois par d\u00e9faut&nbsp;; Huc\u00adque\u00adleux, Aumont, Doyelle,<br>\nJ.-B. Deh\u00e9e, 2 mois&nbsp;; Mar\u00adceau Deh\u00e9e, Pli\u00adchon, Julienne<br>\nHou\u00adziaux, Laure Dufer, Vic\u00adto\u00adria H\u00e9bert, Alphon\u00adsine Piocelle,<br>\nfemme D\u00e9s\u00ad\u00e9ri\u00adcourt, 15 jours&nbsp;; Dau\u00adchel, 10 jours. Le<br>\nPost\u00adol\u00adlec, 3 mois&nbsp;; Pou\u00adchain, 4&nbsp;; Piton, 3&nbsp;; Gr\u00e9\u00adgoire, 15&nbsp;jours&nbsp;;<br>\nM<sup>me<\/sup>&nbsp;Potier, 15&nbsp;jours.<\/font><\/font><\/p>\n<p style=\"text-indent: 1.52cm; margin-bottom: 0cm;\" align=\"justify\"><font face=\"Garamond, serif\"><font style=\"font-size: 13pt;\" size=\"3\">L\u2019au\u00addience<br>\nne se passe pas sans inci\u00addents. D\u2019a\u00adbord avec Troi\u00ads\u0153ufs&nbsp;p\u00e8re,<br>\nqui d\u00e9clare avoir recon\u00adnu Mar\u00e9\u00adchal et Gueule en&nbsp;t\u00eate<br>\ndes mani\u00adfes\u00adtants qui cas\u00ads\u00e8rent des car\u00adreaux, \u00e0<br>\nLor\u00admai\u00adson, dans la nuit du 9 au 10&nbsp;avril.<\/font><\/font><\/p>\n<p style=\"text-indent: 1.52cm; margin-bottom: 0cm;\" align=\"justify\"><font face=\"Garamond, serif\"><font style=\"font-size: 13pt;\" size=\"3\"><i>M<sup>e<\/sup><br>\nBon\u00adzon<\/i>.\u200a\u2014\u200aM.&nbsp;Troi\u00ads\u0153ufs a\u2011t-il assis\u00adt\u00e9&nbsp;\u00e0<br>\nl\u2019ar\u00adres\u00adta\u00adtion de Tavaux&nbsp;?<\/font><\/font><\/p>\n<p style=\"text-indent: 1.52cm; margin-bottom: 0cm;\" align=\"justify\"><font face=\"Garamond, serif\"><font style=\"font-size: 13pt;\" size=\"3\"><i>M.<br>\nTroi\u00ads\u0153ufs.<\/i>\u200a\u2014\u200aOui, monsieur.<\/font><\/font><\/p>\n<p style=\"text-indent: 1.52cm; margin-bottom: 0cm;\" align=\"justify\">\u2014<br>\n<font face=\"Garamond, serif\"><font style=\"font-size: 13pt;\" size=\"3\">M.<br>\nTroi\u00ads\u0153ufs n\u2019a-t-il pas essay\u00e9 de frap\u00adper Tavaux pen\u00addant&nbsp;qu\u2019il<br>\n\u00e9tait entre les mains des gendarmes&nbsp;?<\/font><\/font><\/p>\n<p style=\"text-indent: 1.52cm; margin-bottom: 0cm;\" align=\"justify\">\u2014<br>\n<font face=\"Garamond, serif\"><font style=\"font-size: 13pt;\" size=\"3\">Oui,<br>\nmon\u00adsieur. J\u2019\u00e9\u00adtais tr\u00e8s surexcit\u00e9.<\/font><\/font><\/p>\n<p style=\"text-indent: 1.52cm; margin-bottom: 0cm;\" align=\"justify\">\u2014<br>\n<font face=\"Garamond, serif\"><font style=\"font-size: 13pt;\" size=\"3\">Avez-vous<br>\n\u00e9t\u00e9 inter\u00adro\u00adg\u00e9 sur ce fait par l\u2019autorit\u00e9<br>\nJustici\u00e8re&nbsp;?<\/font><\/font><\/p>\n<p style=\"text-indent: 1.52cm; margin-bottom: 0cm;\" align=\"justify\">\u2014<br>\n<font face=\"Garamond, serif\"><font style=\"font-size: 13pt;\" size=\"3\">Oui,<br>\nmon\u00adsieur, hier seulement.<\/font><\/font><\/p>\n<p style=\"text-indent: 1.52cm; margin-bottom: 0cm;\" align=\"justify\"><font face=\"Garamond, serif\"><font style=\"font-size: 13pt;\" size=\"3\">\u00c0<br>\nces der\u00adni\u00e8res r\u00e9ponses, on sent la salle fr\u00e9mir.<br>\nLes juges ne par\u00adtagent pas cette haine de l\u2019in\u00adjus\u00adtice, sans&nbsp;doute,<br>\npuis\u00adqu\u2019ils \u00ab&nbsp;salent&nbsp;\u00bb Mar\u00e9\u00adchal et Gueule.<\/font><\/font><\/p>\n<p style=\"text-indent: 1.52cm; margin-bottom: 0cm;\" align=\"justify\"><font face=\"Garamond, serif\"><font style=\"font-size: 13pt;\" size=\"3\">MM.<br>\nTroi\u00ads\u0153ufs fils et Taba\u00adry d\u00e9clarent n\u2019a\u00advoir recon\u00adnu personne.<\/font><\/font><\/p>\n<p style=\"text-indent: 1.52cm; margin-bottom: 0cm;\" align=\"justify\"><font face=\"Garamond, serif\"><font style=\"font-size: 13pt;\" size=\"3\"><i>M<sup>e<\/sup><br>\nBon\u00adzon<\/i>.\u200a\u2014\u200aM.&nbsp;Taba\u00adry n\u2019\u00e9\u00adtait-il pas \u00e0 la mairie<br>\nlors de l\u2019ar\u00adres\u00adta\u00adtion de Gueule et n\u2019a-t-il pas cher\u00adch\u00e9 il&nbsp;le<br>\nfrapper&nbsp;?<\/font><\/font><\/p>\n<p style=\"text-indent: 1.52cm; margin-bottom: 0cm;\" align=\"justify\"><font face=\"Garamond, serif\"><font style=\"font-size: 13pt;\" size=\"3\"><i>M.<br>\nTaba\u00adry<\/i>.\u200a\u2014\u200aOui, j\u2019ai fait le geste de frap\u00adper, car j\u2019\u00e9tais<br>\nsur\u00adex\u00adci\u00adt\u00e9, mais je n\u2019ai pas abais\u00ads\u00e9 la&nbsp;main.&nbsp;<\/font><\/font><\/p>\n<p style=\"text-indent: 1.52cm; margin-bottom: 0cm;\" align=\"justify\"><font face=\"Garamond, serif\"><font style=\"font-size: 13pt;\" size=\"3\">MM.<br>\nDou\u00addelle fils n\u2019ont recon\u00adnu per\u00adsonne. Ils \u00e9va\u00adluent les d\u00e9g\u00e2ts<br>\ncom\u00admis chez eux \u00e0 19.000 francs, dont 16.000 de boutons.<\/font><\/font><\/p>\n<p style=\"text-indent: 1.52cm; margin-bottom: 0cm;\" align=\"justify\"><font face=\"Garamond, serif\"><font style=\"font-size: 13pt;\" size=\"3\">Ils<br>\nn\u2019y vont pas de main-morte, les Dou\u00addelle&nbsp;! 16.000 francs de boutons<br>\ncomme d\u00e9g\u00e2ts&nbsp;? Et pour\u00adtant ils les ont ramas\u00ads\u00e9s&nbsp;en<br>\ntota\u00adli\u00adt\u00e9, le len\u00adde\u00admain. S\u2019ils pou\u00advaient se faire rembourser<br>\npar la com\u00admune, la bonne affaire&nbsp;! 16.000 francs de la vente de&nbsp;leurs<br>\nbou\u00adtons et 16.000 francs de la com\u00admune, c\u2019est du bon petit commerce&nbsp;!<\/font><\/font><\/p>\n<p style=\"text-indent: 1.52cm; margin-bottom: 0cm;\" align=\"justify\"><font face=\"Garamond, serif\"><font style=\"font-size: 13pt;\" size=\"3\">Le<br>\npatron Lignez, de Lor\u00admai\u00adson, nous accuse, Tavaux, Leroux, secr\u00e9taire<br>\nde l\u2019U\u00adnion des syn\u00addi\u00adcats de l\u2019Oise, et moi, de lui avoir extorqu\u00e9<br>\npar la force et par les menaces la signa\u00adture qu\u2019il vint appo\u00adser&nbsp;au<br>\nbas du tarif pro\u00advi\u00adsoire, un jour de r\u00e9union, salle B\u00e9nard,<br>\n\u00e0 Lor\u00admai\u00adson. Mouel et Couet, qui avaient sign\u00e9 dans&nbsp;les<br>\nm\u00eames condi\u00adtions, alors que 50 gen\u00addarmes \u00e9taient post\u00e9s<br>\nen face de la salle de r\u00e9union, recon\u00adnaissent plus&nbsp;tard,<br>\nlorsque Leroux est appe\u00adl\u00e9 devant le juge d\u2019ins\u00adtruc\u00adtion&nbsp;pour<br>\ncette accu\u00adsa\u00adtion, qu\u2019ils sign\u00e8rent volon\u00adtai\u00adre\u00adment et en&nbsp;toute<br>\nliber\u00adt\u00e9. La mau\u00advaise foi de Lignez \u00e9tant prouv\u00e9e,<br>\naucune suite n\u2019est don\u00adn\u00e9e \u00e0 l\u2019af\u00adfaire. Le bon\u00adhomme&nbsp;est<br>\nconnu pour ce qu\u2019il est capable de faire. En 1907, lors de la&nbsp;gr\u00e8ve<br>\nde Lor\u00admai\u00adson, il avait d\u00e9j\u00e0 mena\u00adc\u00e9 publiquement<br>\nde me faire cas\u00adser les&nbsp;reins.<\/font><\/font><\/p>\n<p style=\"text-indent: 1.52cm; margin-bottom: 0cm;\" align=\"justify\"><font face=\"Garamond, serif\"><font style=\"font-size: 13pt;\" size=\"3\">Quelques<br>\njours plus tard, la ven\u00adgeance popu\u00adlaire allait trou\u00adver son compte. \u00c0<br>\nla cam\u00adpagne, tout le monde se conna\u00eet et nul n\u2019i\u00adgnore&nbsp;les<br>\npetites his\u00adtoires du patron. Le ven\u00addre\u00addi 7, Lignez \u00e9tait<br>\noccu\u00adp\u00e9 \u00e0 faire des pro\u00adpo\u00adsi\u00adtions galantes \u00e0&nbsp;une<br>\nbrave dame&nbsp;; il la mal\u00adtrai\u00adtait m\u00eame un peu, para\u00eet-il. Un<br>\ngroupe d\u2019ou\u00advri\u00e8res et d\u2019ou\u00advriers qui avaient vu le man\u00e8ge,<br>\ns\u2019emparent de la voi\u00adture du patron et vont la cacher dans le fond&nbsp;de<br>\nla cour de l\u2019u\u00adsine Bourdais.<\/font><\/font><\/p>\n<p style=\"text-indent: 1.52cm; margin-bottom: 0cm;\" align=\"justify\"><font face=\"Garamond, serif\"><font style=\"font-size: 13pt;\" size=\"3\">Quand<br>\nLignez s\u2019a\u00adper\u00ad\u00e7oit de la dis\u00adpa\u00adri\u00adtion, il se met en fureur,<br>\nporte plainte aux gen\u00addarmes. Quelques minutes apr\u00e8s, deux<br>\ncom\u00adpa\u00adgnies de chas\u00adseurs \u00e0 pied gardent les abords de l\u2019usine<br>\npen\u00addant qu\u2019une dizaine de gen\u00addarmes, sous les ordres d\u2019un capitaine.,<br>\naccom\u00adpa\u00adgn\u00e9 de deux com\u00admis\u00adsaires sp\u00e9\u00adciaux, sortent la<br>\nvoi\u00adture au milieu des rires et des hu\u00e9es de la&nbsp;foule.<\/font><\/font><\/p>\n<p style=\"text-indent: 1.52cm; margin-bottom: 0cm;\" align=\"justify\"><font face=\"Garamond, serif\"><font style=\"font-size: 13pt;\" size=\"3\">\u00c0<br>\nce moment, un esca\u00addron de cui\u00adras\u00adsiers arrive au trot. Cela met&nbsp;le<br>\ncomble \u00e0 la joie. Au milieu des rires et des&nbsp;hu\u00e9es,<br>\ncou\u00advert de ridi\u00adcule, Lignez monte dans sa voi\u00adture, non sans y&nbsp;avoir<br>\neffa\u00adc\u00e9 des v\u00e9ri\u00adt\u00e9s ins\u00adcrites \u00e0 la&nbsp;craie.<br>\nEt il regagne Lor\u00admai\u00adson escor\u00adt\u00e9 par des cui\u00adras\u00adsiers. Le<br>\nlen\u00adde\u00admain matin, il revient accom\u00adpa\u00adgn\u00e9 encore par&nbsp;des<br>\ngen\u00addarmes et il est, l\u2019ob\u00adjet d\u2019une r\u00e9cep\u00adtion sem\u00adblable \u00e0<br>\ncelle de la veille.<\/font><\/font><\/p>\n<p style=\"text-indent: 1.52cm; margin-bottom: 0cm;\" align=\"justify\"><font face=\"Garamond, serif\"><font style=\"font-size: 13pt;\" size=\"3\">Le<br>\nm\u00eame jour, Trois\u00adceufs fai\u00adsait des siennes, d\u2019un autre genre. Le<br>\nmer\u00adcre\u00addi 5, les gr\u00e9\u00advistes avaient d\u00e9cou\u00advert dans&nbsp;une<br>\nvoi\u00adture de la lai\u00adte\u00adrie Mag\u00adgi un panier de bou\u00adtons envoy\u00e9 par<br>\nTroi\u00ads\u0153ufs \u00e0 un fabri\u00adcant de M\u00e9ru&nbsp;; natu\u00adrel\u00adle\u00adment,&nbsp;ils<br>\nl\u2019a\u00advaient confis\u00adqu\u00e9. Cette fois, c\u2019est le patron lui-m\u00eame,<br>\nen plein jour, qui en trans\u00adporte dans sa voi\u00adture&nbsp;; on les saisit<br>\n\u00e9ga\u00adle\u00adment. Troi\u00ads\u0153ufs menace de mort le cama\u00adrade Gui\u00adgnet.&nbsp;La<br>\nfoule, alors, l\u2019en\u00adtoure et va lui faire un mau\u00advais par\u00adti. Il&nbsp;est<br>\nobli\u00adg\u00e9 de se mettre sous la pro\u00adtec\u00adtion de deux com\u00adpa\u00adgnies&nbsp;du<br>\n51<sup>e<\/sup> de&nbsp;ligne.<\/font><\/font><\/p>\n<p style=\"text-indent: 1.52cm; margin-bottom: 0cm;\" align=\"justify\"><font face=\"Garamond, serif\"><font style=\"font-size: 13pt;\" size=\"3\">Depuis<br>\nle 4 mai, l\u2019ef\u00adfec\u00adtif des troupes est r\u00e9duit, le tra\u00advail&nbsp;ayant<br>\nrepris dans la plu\u00adpart des com\u00admunes. Le 5<sup>e<\/sup> dra\u00adgons et&nbsp;le<br>\n2<sup>e<\/sup> hus\u00adsards ont rejoint leurs caser\u00adne\u00adments&nbsp;; le 8<sup>e<\/sup><br>\nchas\u00adseurs \u00e0 pied, aus\u00adsi, ce der\u00adnier rem\u00adpla\u00adc\u00e9 par&nbsp;un<br>\nbataillon du 51<sup>e<\/sup> de&nbsp;ligne.<\/font><\/font><\/p>\n<p style=\"text-indent: 1.52cm; margin-bottom: 0cm;\" align=\"justify\"><font face=\"Garamond, serif\"><font style=\"font-size: 13pt;\" size=\"3\">Un<br>\ngros m\u00e9con\u00adten\u00adte\u00adment, aus\u00adsi, se mani\u00adfes\u00adtait par\u00admi la troupe.<br>\nLes sol\u00addats cou\u00adchaient sur la paille par un froid gla\u00adcial. Il y&nbsp;eut<br>\ndeux morts par suite de conges\u00adtion. Une quan\u00adti\u00adt\u00e9 d\u2019autres<br>\nfurent diri\u00adg\u00e9s sur l\u2019h\u00f4\u00adpi\u00adtal de Beau\u00advais. Le 1<sup>er<\/sup><br>\nmai au matin, deux sol\u00addats du 8<sup>e<\/sup> chas\u00adseurs \u00e0&nbsp;pied<br>\ntombent frap\u00adp\u00e9s de conges\u00adtion. Les sachant en dan\u00adger de&nbsp;mort,<br>\nle major prie le g\u00e9n\u00e9\u00adral Nico\u00adlas de lui pr\u00eater<br>\nson auto\u00admo\u00adbile pour les trans\u00adpor\u00adter d\u2019ur\u00adgence \u00e0 Beau\u00advais.&nbsp;Le<br>\ng\u00e9n\u00e9\u00adral s\u2019y refuse. Quelques heures apr\u00e8s, le<br>\nsol\u00addat Dufour suc\u00adcombe. L\u2019ar\u00adm\u00e9e est une grande famille,<br>\nn\u2019est-ce pas&nbsp;?<\/font><\/font><\/p>\n<h2>Les meneurs patronaux l\u00e2chent pied<\/h2>\n<p style=\"text-indent: 1.52cm; margin-bottom: 0cm;\" align=\"justify\"><font face=\"Garamond, serif\"><font style=\"font-size: 13pt;\" size=\"3\">Les<br>\njour\u00adn\u00e9es se passent tou\u00adjours en mani\u00adfes\u00adta\u00adtions et en r\u00e9unions<br>\npour les gr\u00e9\u00advistes qui res\u00adtent. Le dimanche 9, concen\u00adtra\u00adtion&nbsp;\u00e0<br>\nVal\u00addam\u00adpierre. R\u00e9union par L. Pla\u00adtel et par Guignet.<br>\nMani\u00adfes\u00adta\u00adtion apr\u00e8s. Les patrons et les jaunes sont&nbsp;hu\u00e9s.<br>\nCui\u00adras\u00adsiers, dra\u00adgons, gen\u00addarmes ayant char\u00adg\u00e9, des bagarres se<br>\npro\u00adduisent. L\u2019ou\u00advrier Roche, pour avoir mani\u00adfes\u00adt\u00e9&nbsp;son<br>\nindi\u00adgna\u00adtion aux gen\u00addarmes, est aus\u00adsi\u00adt\u00f4t arr\u00eat\u00e9.<br>\nDeux jours apr\u00e8s, en cor\u00adrec\u00adtion\u00adnelle, il est condam\u00adn\u00e9&nbsp;\u00e0<br>\n1 mois. On est exp\u00e9\u00addi\u00adtif lors\u00adqu\u2019il s\u2019a\u00adgit de gr\u00e9vistes&nbsp;!<br>\nLe same\u00addi 15, c\u2019est mon tour. Les chats-four\u00adr\u00e9s me condamnent<br>\npar d\u00e9faut \u00e0 6 mois de, pri\u00adson. \u00c7a m\u2019ap\u00adpren\u00addra&nbsp;\u00e0<br>\nres\u00adpec\u00adter le m\u00e9tier de com\u00adman\u00addant de gen\u00addar\u00adme\u00adrie. Le 17,&nbsp;c\u2019est<br>\nCom\u00admeignes qui est arr\u00ea\u00adt\u00e9 \u00e0 La Hous\u00adsoye&nbsp;pour<br>\npr\u00e9\u00adten\u00addus outrages aux gen\u00addarmes. Deux jours apr\u00e8s&nbsp;il<br>\nest condam\u00adn\u00e9 \u00e0 un mois de prison.<\/font><\/font><\/p>\n<p style=\"text-indent: 1.52cm; margin-bottom: 0cm;\" align=\"justify\"><font face=\"Garamond, serif\"><font style=\"font-size: 13pt;\" size=\"3\">Mais,<br>\nmal\u00adgr\u00e9 tout cela, aucun espoir ne brille plus pour les hommes<br>\ndu trust. Il faut qu\u2019ils c\u00e8dent. Il leur en co\u00fbte&nbsp;de<br>\ns\u2019a\u00advouer vain\u00adcus. Aus\u00adsi ils se d\u00e9battent pour sau\u00adver&nbsp;les<br>\nappa\u00adrences et leur amour-propre.<\/font><\/font><\/p>\n<p style=\"text-indent: 1.52cm; margin-bottom: 0cm;\" align=\"justify\"><font face=\"Garamond, serif\"><font style=\"font-size: 13pt;\" size=\"3\">Le<br>\njeu\u00addi 20, un accord inter\u00advient \u00e0 l\u2019u\u00adsine Mar\u00adchand. Les<br>\nouvriers reprennent le tra\u00advail sur un tarif qui est un peu diff\u00e9rent<br>\ndu tarif syn\u00addi\u00adcal mais qui lui est plu\u00adt\u00f4t avantageux.<\/font><\/font><\/p>\n<p style=\"text-indent: 1.52cm; margin-bottom: 0cm;\" align=\"justify\"><font face=\"Garamond, serif\"><font style=\"font-size: 13pt;\" size=\"3\">Il<br>\nen est de m\u00eame chez Taba\u00adry et Troi\u00ads\u0153ufs, \u00e0 Lormaison.<br>\nIl n\u2019y a que Dou\u00addelle, de Saint-Cr\u00e9\u00adpin, qui s\u2019obs\u00adtine. Devant<br>\nson intran\u00adsi\u00adgeance, les ouvriers vont se pla\u00adcer ailleurs&nbsp;; il&nbsp;ne<br>\nreste, chez lui, que quelques jaunes. \u00c0 Val\u00addam\u00adpierre, la<br>\nr\u00e9sis\u00adtance continue.<\/font><\/font><\/p>\n<p style=\"text-indent: 1.52cm; margin-bottom: 0cm;\" align=\"justify\"><font face=\"Garamond, serif\"><font style=\"font-size: 13pt;\" size=\"3\">Jus\u00adqu\u2019au<br>\ncom\u00admen\u00adce\u00adment de juin quelques mai\u00adsons res\u00adtent r\u00e9fractaires<br>\nmais finissent par adop\u00adter un tarif qui donne encore un avan\u00adtage&nbsp;aux<br>\nouvriers.<\/font><\/font><\/p>\n<p style=\"text-indent: 1.52cm; margin-bottom: 0cm;\" align=\"justify\"><font face=\"Garamond, serif\"><font style=\"font-size: 13pt;\" size=\"3\">Devant<br>\nla tour\u00adnure que prennent les \u00e9v\u00e9\u00adne\u00adments, le same\u00addi&nbsp;22<br>\nje me rends au greffe du tri\u00adbu\u00adnal de Beau\u00advais faire oppo\u00adsi\u00adtion&nbsp;\u00e0<br>\nma condam\u00adna\u00adtion. Je suis \u00e9crou\u00e9 aussit\u00f4t.<\/font><\/font><\/p>\n<p style=\"text-indent: 1.52cm; margin-bottom: 0cm;\" align=\"justify\"><font face=\"Garamond, serif\"><font style=\"font-size: 13pt;\" size=\"3\">Gueu\u00add\u00e9e,<br>\nLagui\u00adri, Grand\u00adma\u00eetre et Dau\u00adchet com\u00adpa\u00adraissent en<br>\ncor\u00adrec\u00adtion\u00adnelle pour entraves \u00e0 la liber\u00adt\u00e9 du travail&nbsp;;<br>\nils r\u00e9coltent 15 jours de pri\u00adson et 16 francs d\u2019a\u00admende. Le<br>\nPost\u00adol\u00adlec, pour avoir affi\u00adch\u00e9 les noms de quatre jaunes, est<br>\ncondam\u00adn\u00e9 \u00e0 un mois de pri\u00adson et 100 francs de<br>\ndom\u00admages-int\u00e9\u00adr\u00eats envers cha\u00adcun des demandeurs.<\/font><\/font><\/p>\n<p style=\"text-indent: 1.52cm; margin-bottom: 0cm;\" align=\"justify\"><font face=\"Garamond, serif\"><font style=\"font-size: 13pt;\" size=\"3\">D\u00e9s\u00ad\u00e9ri\u00adcourt,<br>\nM<sup>mes<\/sup>&nbsp;Scor\u00addel et Hou\u00adziaux sont condam\u00adn\u00e9s \u00e0 8 jours&nbsp;de<br>\npri\u00adson et 16 francs d\u2019a\u00admende pour entrave \u00e0 la libert\u00e9<br>\ndu tra\u00advail. Drouin, accu\u00ads\u00e9 d\u2019a\u00advoir chan\u00adt\u00e9, en regardant<br>\nle com\u00admis\u00adsaire sp\u00e9\u00adcial Cal\u00admette&nbsp;: \u00ab&nbsp;On les pen\u00addra,&nbsp;la<br>\ngueule en bas&nbsp;\u00bb, s\u2019en tire avec un mois. Enfin, le 12 juin,&nbsp;je<br>\ncom\u00adpa\u00adrais devant le tri\u00adbu\u00adnal qui r\u00e9duit ma peine&nbsp;\u00e0<br>\nquatre mois.<\/font><\/font><\/p>\n<p style=\"text-indent: 1.52cm; margin-bottom: 0cm;\" align=\"justify\"><font face=\"Garamond, serif\"><font style=\"font-size: 13pt;\" size=\"3\">Je<br>\nJe dois signa\u00adler ici la cou\u00adra\u00adgeuse conduite d\u2019un offi\u00adcier qui accepta<br>\nde m\u2019ap\u00adpor\u00adter son t\u00e9moi\u00adgnage. Les paroles du commandant<br>\nBarotte, que j\u2019a\u00advais connues \u00e0 Lor\u00admai\u00adson, le capi\u00adtaine G\u00e9rard,<br>\nde Beau\u00advais, les avait enten\u00addues et en avait par\u00adl\u00e9 \u00e0&nbsp;un<br>\nouvrier, celui qui me les avait rap\u00adpor\u00adt\u00e9es. Mais le capitaine<br>\nG\u00e9rard accep\u00adte\u00adrait-il de venir t\u00e9moi\u00adgner&nbsp;? Il accepta<br>\nsans h\u00e9sitation.<\/font><\/font><\/p>\n<p style=\"text-indent: 1.52cm; margin-bottom: 0cm;\" align=\"justify\"><font face=\"Garamond, serif\"><font style=\"font-size: 13pt;\" size=\"3\">C\u2019est<br>\nun fichu offi\u00adcier que ce gaillard-l\u00e0. Il vient. Il raconte ce<br>\nqu\u2019il a enten\u00addu, les condi\u00adtions dans les\u00adquelles il l\u2019a entendu.<br>\nC\u2019\u00e9\u00adtait en wagon. La conver\u00adsa\u00adtion \u00e9tait entre Barotte<br>\net un qui\u00addam qu\u2019il recon\u00adna\u00eet en la per\u00adsonne du pro\u00adcu\u00adreur de&nbsp;la<br>\nR\u00e9pu\u00adblique. Le com\u00adman\u00addant Barotte avait bien d\u00e9clar\u00e9<br>\nque l\u2019au\u00adto\u00adri\u00adt\u00e9 mili\u00adtaire avait man\u00adqu\u00e9 d\u2019\u00e9nergie<br>\net que s\u2019il avait \u00e9t\u00e9, lui, \u00e0 la t\u00eate&nbsp;des<br>\ntroupes il aurait r\u00e9pri\u00adm\u00e9 la gr\u00e8ve&nbsp;Plus<br>\nvio\u00adlem\u00adment et aurait mis la r\u00e9gion en \u00e9tat de&nbsp;si\u00e8ge.<br>\nIl attri\u00adbuait la gr\u00e8ve aux r\u00e9ac\u00adtion\u00adnaires, tout&nbsp;en<br>\ntrai\u00adtant les mili\u00adtants d\u2019anarchistes.<\/font><\/font><\/p>\n<p style=\"text-indent: 1.52cm; margin-bottom: 0cm;\" align=\"justify\"><font face=\"Garamond, serif\"><font style=\"font-size: 13pt;\" size=\"3\">Ce<br>\nt\u00e9moi\u00adgnage fit une grosse impres\u00adsion. Si j\u2019a\u00advais vou\u00adlu&nbsp;faire<br>\ndes regrets, les juges, qui \u00e9taient pas\u00adsa\u00adble\u00adment&nbsp;g\u00ean\u00e9s,<br>\nm\u2019au\u00adraient sans doute de suite, ren\u00advoy\u00e9 \u00e0 Andeville.<br>\nMais je n\u2019aime pas beau\u00adcoup les sima\u00adgr\u00e9es&nbsp;: \u00ab&nbsp;Je&nbsp;suis<br>\nassez grand gar\u00ad\u00e7on, r\u00e9pon\u00addis-je, et j\u2019ai assez&nbsp;de<br>\nfer\u00adme\u00adt\u00e9 de carac\u00adt\u00e8re pour reven\u00addi\u00adquer la responsabilit\u00e9<br>\nenti\u00e8re de mes actes et de mes paroles&nbsp;\u00bb.<\/font><\/font><\/p>\n<h2>Conclusion<\/h2>\n<p style=\"text-indent: 1.52cm; margin-bottom: 0cm;\" align=\"justify\"><font face=\"Garamond, serif\"><font style=\"font-size: 13pt;\" size=\"3\">Cette<br>\ngr\u00e8ve m\u00e9mo\u00adrable a eu pour pre\u00admier r\u00e9sultat<br>\nd\u2019emp\u00eacher que les ouvriers bou\u00adton\u00adniers, dans l\u2019ensemble,<br>\nsoient spo\u00adli\u00e9s d\u2019au moins un mil\u00adlion de francs dans l\u2019espace<br>\nde dix mois, c\u2019est-\u00e0-dire pen\u00addant la dur\u00e9e du contrat<br>\nqui, cer\u00adtai\u00adne\u00adment, sera renou\u00adve\u00adl\u00e9. Mais elle a&nbsp;donn\u00e9<br>\nd\u2019autres r\u00e9sul\u00adtats. L\u2019or\u00adga\u00adni\u00adsa\u00adtion syn\u00addi\u00adcale, qui comptait<br>\nencore peu, s\u2019est d\u00e9ve\u00adlop\u00adp\u00e9e consid\u00e9rablement.<br>\nL\u2019es\u00adprit de r\u00e9volte s\u2019est \u00e9veill\u00e9. Devant les<br>\nfaits et les avan\u00adtages acquis, tel qui pr\u00ea\u00adchait le calme&nbsp;hier<br>\nest main\u00adte\u00adnant le plus fervent pro\u00adpa\u00adga\u00adteur de l\u2019ac\u00adtion directe. Bien<br>\nmal venu serait celui qui se ris\u00adque\u00adrait aujourd\u2019\u00adhui&nbsp;\u00e0<br>\npr\u00e9\u00adtendre que la gr\u00e8ve des bras croi\u00ads\u00e9s produit<br>\nde bons r\u00e9sul\u00adtats. Tant que les bou\u00adton\u00adniers ont agi&nbsp;ainsi,<br>\nl\u2019on s\u2019est moqu\u00e9 d\u2019eux. Ce n\u2019est que lors\u00adqu\u2019ils ont su montrer<br>\nles dents que leurs exploi\u00adteurs ont com\u00admen\u00adc\u00e9 \u00e0&nbsp;\u00eatre<br>\nmoins arro\u00adgants et \u00e0 c\u00e9der. Ah&nbsp;! il est bien vrai que&nbsp;la<br>\npeur est le com\u00admen\u00adce\u00adment de la sagesse.<\/font><\/font><\/p>\n<p style=\"text-indent: 1.52cm; margin-bottom: 0cm;\" align=\"justify\"><font face=\"Garamond, serif\"><font style=\"font-size: 13pt;\" size=\"3\">Les<br>\nmili\u00adtants ont eu de la besogne pour entra\u00ee\u00adner et sou\u00adte\u00adnir&nbsp;ce<br>\nmagni\u00adfique mou\u00adve\u00adment. Pas de repos, ext\u00e9\u00adnu\u00e9s ou non,&nbsp;il<br>\nleur fal\u00adlait chaque jour aller, par la pluie et la neige, dans&nbsp;les<br>\nvingt com\u00admunes o\u00f9 s\u2019\u00e9\u00adten\u00addait la gr\u00e8ve, afin<br>\nd\u2019or\u00adga\u00adni\u00adser s\u00e9rieu\u00adse\u00adment et presque mili\u00adtai\u00adre\u00adment&nbsp;la<br>\nr\u00e9sis\u00adtance. L\u2019ar\u00adr\u00eat du tra\u00advail n\u2019\u00e9\u00adtait&nbsp;pas<br>\ncom\u00admode. Beau\u00adcoup d\u2019ou\u00advriers tra\u00advaillant \u00e0 domi\u00adcile, il&nbsp;y<br>\navait n\u00e9ces\u00adsi\u00adt\u00e9 \u00e0 ce qu\u2019on s\u2019or\u00adga\u00adnise&nbsp;pour<br>\nemp\u00ea\u00adcher la sor\u00adtie et la ren\u00adtr\u00e9e des boutons.<\/font><\/font><\/p>\n<p style=\"text-indent: 1.52cm; margin-bottom: 0cm;\" align=\"justify\"><font face=\"Garamond, serif\"><font style=\"font-size: 13pt;\" size=\"3\">La<br>\ngr\u00e8ve a dur\u00e9 trois bons mois, pen\u00addant les\u00adquels la&nbsp;plus<br>\npar\u00adfaite har\u00admo\u00adnie n\u2019a ces\u00ads\u00e9 de r\u00e9gner par\u00admi&nbsp;les<br>\nouvriers. Et ce furent des spec\u00adtacles impres\u00adsion\u00adnants que ces longues<br>\nth\u00e9o\u00adries d\u2019hommes et de femmes, bra\u00advant toutes les intemp\u00e9ries<br>\npour aller l\u00e0 o\u00f9 une le\u00e7on s\u2019im\u00adpo\u00adsait, afin&nbsp;de<br>\nfaire com\u00adprendre aux patrons les plus f\u00e9roces qu\u2019il y a&nbsp;d\u00e8s<br>\nlimites \u00e0&nbsp;tout.<\/font><\/font><\/p>\n<p style=\"text-indent: 1.52cm; margin-bottom: 0cm;\" align=\"justify\"><font face=\"Garamond, serif\"><font style=\"font-size: 13pt;\" size=\"3\">Sou\u00advent<br>\non se plaint de l\u2019in\u00adfluence d\u00e9pri\u00admante des femmes. Chez&nbsp;nous,<br>\nelles se sont tou\u00adjours mon\u00adtr\u00e9es les plus \u00e9ner\u00adgiques et<br>\nles plus ardentes. On peut m\u00eame dire qu\u2019elles furent une&nbsp;des<br>\ncauses impor\u00adtantes de la victoire.<\/font><\/font><\/p>\n<p style=\"text-indent: 1.52cm; margin-bottom: 0cm;\" align=\"justify\"><font face=\"Garamond, serif\"><font style=\"font-size: 13pt;\" size=\"3\">Et<br>\nmain\u00adte\u00adnant, que dire du d\u00e9pu\u00adt\u00e9 Bau\u00addon, le Quinze-mille<br>\nde l\u2019ar\u00adron\u00addis\u00adse\u00adment&nbsp;; du conseiller g\u00e9n\u00e9\u00adral Deshayes,<br>\nqui ne virent dans ce mou\u00adve\u00adment qu\u2019une ques\u00adtion poli\u00adtique et&nbsp;qui<br>\nos\u00e8rent faire impri\u00admer que la gr\u00e8ve&nbsp;\u00e9tait<br>\nfomen\u00adt\u00e9e et sou\u00addoy\u00e9e par les cur\u00e9s et par&nbsp;les<br>\nr\u00e9ac\u00adtion\u00adnaires. Nous leur avons offert maintes fois de&nbsp;leur<br>\npr\u00e9\u00adsen\u00adter nos livres de comp\u00adta\u00adbi\u00adli\u00adt\u00e9. Ils ne se&nbsp;sont<br>\npas d\u00e9ran\u00adg\u00e9s pour les regar\u00adder, mais ils ont continu\u00e9<br>\n\u00e0 calom\u00adnier. Pour ces gens-l\u00e0, il est inadmissible<br>\nqu\u2019un ouvrier ait une volon\u00adt\u00e9. Du moment qu\u2019ils ont, eux,&nbsp;le<br>\nventre plein, lui, il ne doit pas avoir faim, et s\u2019il se r\u00e9volte,<br>\nce ne peut \u00eatre que pour faire le jeu de tel ou tel&nbsp;parti<br>\npolitique.<\/font><\/font><\/p>\n<p style=\"text-indent: 1.52cm; margin-bottom: 0cm;\" align=\"justify\"><font face=\"Garamond, serif\"><font style=\"font-size: 13pt;\" size=\"3\">Toute<br>\nchose, m\u00eame mal\u00adheu\u00adreuse, a son c\u00f4t\u00e9.&nbsp;Les<br>\ntra\u00advailleurs du bou\u00adton qui avaient encore foi en la toute-puissance<br>\ndu bul\u00adle\u00adtin de vote en sont quelque peu reve\u00adnus. Ils ont appris \u00e0<br>\nne comp\u00adter que sur eux-m\u00eames et \u00e0 ne plus se fier&nbsp;aux<br>\nbelles pro\u00admesses des aspi\u00adrants Quinze-mille. Aus\u00adsi, ils se chargent<br>\neux-m\u00eames de la besogne qui les regarde.<\/font><\/font><\/p>\n<p style=\"text-indent: 1.52cm; margin-bottom: 0cm;\" align=\"justify\"><font face=\"Garamond, serif\"><font style=\"font-size: 13pt;\" size=\"3\">Quoique<br>\nces mes\u00adsieurs aient fait pla\u00adcar\u00adder sur tous les murs que&nbsp;les<br>\nd\u00e9pr\u00e9\u00adda\u00adtions com\u00admises ne pou\u00advaient \u00eatre&nbsp;que<br>\nl\u2019\u0153uvre d\u2019\u00e9\u00adtran\u00adgers \u00e0 la r\u00e9gion, cela n\u2019a&nbsp;pas<br>\nemp\u00ea\u00adch\u00e9 qua\u00adrante-cinq des n\u00f4tres, tous du&nbsp;pays,<br>\nd\u2019\u00eatre condam\u00adn\u00e9s au chiffre glo\u00adbal de 7 ans de prison.<\/font><\/font><\/p>\n<p style=\"text-indent: 1.52cm; margin-bottom: 0cm;\" align=\"justify\"><font face=\"Garamond, serif\"><font style=\"font-size: 13pt;\" size=\"3\">Voi\u00adl\u00e0<br>\nter\u00admi\u00adn\u00e9 le r\u00e9cit de la grande lutte sou\u00adte\u00adnue par&nbsp;les<br>\nbou\u00adton\u00adniers de l\u2019Oise pour d\u00e9fendre leurs salaires. Le<br>\nsou\u00adve\u00adnir en res\u00adte\u00adra long\u00adtemps chez nous et entre\u00adtien\u00addra l\u2019es\u00adprit&nbsp;de<br>\nr\u00e9volte et d\u2019organisation.<\/font><\/font><\/p>\n<p style=\"text-indent: 1.52cm; margin-bottom: 0cm;\" align=\"justify\"><font style=\"font-size: 13pt;\" size=\"3\"><font face=\"Garamond, serif\">J.-B.<br>\nPlatel<\/font><\/font><\/p>\n","protected":false},"excerpt":{"rendered":"<p>[[Voir Vie Ouvri\u00e8re num\u00e9\u00adros 4, 5 et&nbsp;6.]]<\/p>\n","protected":false},"author":1,"featured_media":0,"comment_status":"closed","ping_status":"closed","sticky":false,"template":"","format":"standard","meta":{"wp_typography_post_enhancements_disabled":false,"footnotes":""},"categories":[146],"tags":[],"ppma_author":[540],"class_list":["post-1306","post","type-post","status-publish","format-standard","hentry","category-la-vie-ouvriere-n7-5-janvier-1910"],"authors":[{"term_id":540,"user_id":1,"is_guest":0,"slug":"admin_3gikpwyf","display_name":"Vincent Dubuc","avatar_url":"https:\/\/secure.gravatar.com\/avatar\/d015720652c25fd2ced191ade86430094e1f288a17483713e3b34d26dea52507?s=96&d=mm&r=g","author_category":"","user_url":"https:\/\/la-presse-anarchiste.net","last_name":"Dubuc","first_name":"Vincent","job_title":"","description":""}],"_links":{"self":[{"href":"https:\/\/la-presse-anarchiste.net\/index.php\/wp-json\/wp\/v2\/posts\/1306","targetHints":{"allow":["GET"]}}],"collection":[{"href":"https:\/\/la-presse-anarchiste.net\/index.php\/wp-json\/wp\/v2\/posts"}],"about":[{"href":"https:\/\/la-presse-anarchiste.net\/index.php\/wp-json\/wp\/v2\/types\/post"}],"author":[{"embeddable":true,"href":"https:\/\/la-presse-anarchiste.net\/index.php\/wp-json\/wp\/v2\/users\/1"}],"replies":[{"embeddable":true,"href":"https:\/\/la-presse-anarchiste.net\/index.php\/wp-json\/wp\/v2\/comments?post=1306"}],"version-history":[{"count":0,"href":"https:\/\/la-presse-anarchiste.net\/index.php\/wp-json\/wp\/v2\/posts\/1306\/revisions"}],"wp:attachment":[{"href":"https:\/\/la-presse-anarchiste.net\/index.php\/wp-json\/wp\/v2\/media?parent=1306"}],"wp:term":[{"taxonomy":"category","embeddable":true,"href":"https:\/\/la-presse-anarchiste.net\/index.php\/wp-json\/wp\/v2\/categories?post=1306"},{"taxonomy":"post_tag","embeddable":true,"href":"https:\/\/la-presse-anarchiste.net\/index.php\/wp-json\/wp\/v2\/tags?post=1306"},{"taxonomy":"author","embeddable":true,"href":"https:\/\/la-presse-anarchiste.net\/index.php\/wp-json\/wp\/v2\/ppma_author?post=1306"}],"curies":[{"name":"wp","href":"https:\/\/api.w.org\/{rel}","templated":true}]}}