{"id":1328,"date":"2008-03-10T21:34:04","date_gmt":"2008-03-10T21:34:04","guid":{"rendered":"https:\/\/la-presse-anarchiste.net\/index.php\/2008\/03\/10\/la-poesie-18\/"},"modified":"2008-03-10T21:34:04","modified_gmt":"2008-03-10T21:34:04","slug":"la-poesie-18","status":"publish","type":"post","link":"https:\/\/la-presse-anarchiste.net\/index.php\/2008\/03\/10\/la-poesie-18\/","title":{"rendered":"La po\u00e9sie"},"content":{"rendered":"<div class=\"pdfprnt-buttons pdfprnt-buttons-post pdfprnt-top-right\"><a href=\"https:\/\/la-presse-anarchiste.net\/index.php\/wp-json\/wp\/v2\/posts\/1328?print=pdf\" class=\"pdfprnt-button pdfprnt-button-pdf\" target=\"_blank\"><img decoding=\"async\" src=\"https:\/\/la-presse-anarchiste.net\/wp-content\/plugins\/pdf-print\/images\/pdf.png\" alt=\"image_pdf\" title=\"Afficher le PDF\"><\/a><a href=\"https:\/\/la-presse-anarchiste.net\/index.php\/wp-json\/wp\/v2\/posts\/1328?print=print\" class=\"pdfprnt-button pdfprnt-button-print\" target=\"_blank\"><img decoding=\"async\" src=\"https:\/\/la-presse-anarchiste.net\/wp-content\/plugins\/pdf-print\/images\/print.png\" alt=\"image_print\" title=\"Contenu imprim\u00e9\"><\/a><\/div><p>&nbsp;<\/p>\n<p style=\"margin-right: 0.68cm; text-indent: 1.47cm; margin-bottom: 0cm;\" align=\"justify\">\n<span lang=\"fr-FR\"><font style=\"font-size: 13pt;\" size=\"3\"><font face=\"Garamond\"><font color=\"#000000\">Je<br>\nme demande par\u00adfois si Sam\u00adson, tel que je le connais, se sent tout&nbsp;\u00e0<br>\nfait \u00e0 l\u2019aise de figu\u00adrer d\u00e9sor\u00admais par\u00admi \u00ab&nbsp;les<br>\npo\u00e8tes de la Tour&nbsp;\u00bb\u200a\u2014\u200ad\u00e9sor\u00admais, c\u2019est-\u00e0-dire<br>\ndepuis que \u00ab&nbsp;la Tour de Feu&nbsp;\u00bb a consa\u00adcr\u00e9 son n\u00b071 (sep\u00adtembre 1961) \u00e0 ras\u00adsem\u00adbler un flo\u00adri\u00adl\u00e8ge de&nbsp;son<br>\n\u0153uvre po\u00e9\u00adtique. Sans doute son ami\u00adti\u00e9 pour les Boujut<br>\u200a\u2014\u200aPierre et Michel\u200a\u2014\u200ay trouve-t-elle son compte&nbsp;; mais&nbsp;moins,<br>\npro\u00adba\u00adble\u00adment, son esprit, peu enclin, j\u2019imagine, \u00e0 suivre<br>\nles entra\u00ee\u00adne\u00adments, assez sou\u00advent gra\u00adtuits, du groupe de Jarnac.<br>\nMais, comme je le lui disais r\u00e9cem\u00adment&nbsp;: \u00ab&nbsp;Ne chipotons<br>\npas&nbsp;; l\u2019essentiel c\u2019est que ce flo\u00adri\u00adl\u00e8ge existe, qui permet<br>\nde prendre\t une vue d\u2019ensemble de ce que tu as fait.&nbsp;\u00bb \u00ab&nbsp;Je<br>\nne chi\u00adpote pas, m\u2019a\u2011t-il r\u00e9pon\u00addu, et je suis&nbsp;m\u00eame<br>\ninfi\u00adni\u00adment tou\u00adch\u00e9 de la g\u00e9n\u00e9\u00adreuse ini\u00adtia\u00adtive&nbsp;qui<br>\na por\u00adt\u00e9 Pierre Bou\u00adjut \u00e0 com\u00adpo\u00adser ce volume. Seulement,<br>\npour\u00adquoi dans sa pr\u00e9\u00adface se laisse-\tt\u2011il aller \u00e0&nbsp;me<br>\npr\u00e9\u00adsen\u00adter comme une esp\u00e8ce de saint&nbsp;? Tu ne trouves pas<br>\nque c\u2019est g\u00eanant&nbsp;?&nbsp;\u00bb L\u00e0, je suis bien de l\u2019avis<br>\nde l\u2019int\u00e9ress\u00e9. Et cepen\u00addant, c\u2019est aus\u00adsi&nbsp;dans<br>\ncette m\u00eame pr\u00e9\u00adface que l\u2019on peut lire l\u2019expos\u00e9<br>\ntr\u00e8s simple, tr\u00e8s objec\u00adtif du che\u00admin par\u00adcou\u00adru&nbsp;par<br>\nSam\u00adson en po\u00e9\u00adsie\u200a\u2014\u200aexpo\u00ads\u00e9 si objec\u00adtif, si simple que<br>\nla meilleure fa\u00e7on de pr\u00e9\u00adsen\u00adter l\u2019anthologie en&nbsp;cause<br>\nest, pen\u00ads\u00e9-je, tout bonne\u00adment de le citer&nbsp;ici&nbsp;:&nbsp;<\/font><\/font><\/font><\/span><\/p>\n<p style=\"margin-right: 0.68cm; text-indent: 1.47cm; margin-bottom: 0cm;\" align=\"justify\">\n<span lang=\"fr-FR\"><font style=\"font-size: 13pt;\" size=\"3\"><font face=\"Garamond\"><font color=\"#000000\">\u00ab&nbsp;En<br>\n1922, Mau\u00adrice Wul\u00adlens publiait dans \u00ab&nbsp;Les Humbles\u00bb\u2026 (le)<br>\npre\u00admier recueil po\u00e9\u00adtique (de Jean Paul Sam\u00adson), <i>Images<br>\nlyriques, <\/i>o\u00f9 s\u2019annonce, \u00e0 c\u00f4t\u00e9&nbsp;des<br>\nder\u00adniers \u00e9chos du sym\u00adbo\u00adlisme, une ins\u00adpi\u00adra\u00adtion plus simple<br>\nappa\u00adren\u00adt\u00e9e \u00e0 l\u2019\u00e9cole de l\u2019Abbaye. <i>Emploi<br>\ndu temps <\/i>(Au Sans Pareil, 1927) marque, dans la recherche de<br>\nl\u2019authentique, une sorte d\u2019h\u00e9sitation, mais qui ne devait<br>\nplus lais\u00adser\u2026 (de) trace dans les grands po\u00e8mes en versets<br>\nde <i>D\u00e9lire pour d\u00e9lire<\/i> (Les Humbles, 1937). C\u2019est<br>\n\u00e0 Gen\u00e8ve, aux \u00e9di\u00adtions \u00ab&nbsp;Pr\u00e9sence&nbsp;\u00bb,<br>\nque parut en 1939 <i>L\u2019autre c\u00f4t\u00e9 du jour <\/i>(sous ce<br>\nm\u00eame titre, des frag\u00adments en avaient \u00e9t\u00e9 publi\u00e9s<br>\naux \u00e9di\u00adtions \u00ab&nbsp;Sagesse&nbsp;\u00bb, Paris, 1938) dont&nbsp;le<br>\nsur\u00adr\u00e9a\u00adlisme latent annonce, en d\u00e9pit d\u2019une rigueur<br>\nfor\u00admelle peut-\u00eatre exces\u00adsive, les po\u00e8mes de plus&nbsp;large<br>\nfac\u00adture de <i>M\u00e9mo\u00adrables <\/i>(La Bacon\u00adni\u00e8re, Neuch\u00e2tel,<br>\n1948), cepen\u00addant qu\u2019ind\u00e9pendamment de \u00ab&nbsp;chansons&nbsp;\u00bb<br>\nfort consciem\u00adment apol\u00adli\u00adna\u00adriennes, les pi\u00e8ces volontairement<br>\nstrictes de ce m\u00eame recueil pr\u00e9\u00adfi\u00adgurent l\u2019apparition<br>\nd\u2019une po\u00e9\u00adtique plus \u00e9li\u00admi\u00adna\u00adtrice, plus en sourdine<br>\n(en ce qu\u2019elle a de plus fluide par\u00adfois secr\u00e8tement<br>\naccor\u00add\u00e9e \u00e0 celle, aujourd\u2019hui trop peu connue, de<br>\nC\u00e9cile Sau\u00advage), plus clas\u00adsique, pour\u00adrait-on dire, qui devait<br>\natteindre \u00e0 une sorte de per\u00adfec\u00adtion dans <i>Les Jeux et&nbsp;les<br>\nLarmes <\/i>(L\u2019Artisan, 1956) et le <i>Petit calen\u00addrier<\/i> <i>pour<br>\nce temps-ci <\/i>com\u00adpo\u00ads\u00e9 apr\u00e8s 1957. Mais le dernier<br>\nouvrage de Sam\u00adson, <i>Des Sai\u00adsons et des Hommes <\/i>(T\u00e9moins,<br>\n1960) d\u00e9montre, entre autres par un retour au grand verset<br>\nrim\u00e9, que son auteur n\u2019a pas rom\u00adpu avec la po\u00e9\u00adsie&nbsp;des<br>\ngrands ensembles, \u00e9vo\u00adca\u00adtrice non seule\u00adment de la per\u00adsonne&nbsp;dans<br>\nle monde, mais encore des pro\u00adbl\u00e8mes dou\u00adlou\u00adreu\u00adse\u00adment&nbsp;v\u00e9cus<br>\nde notre \u00e9poque trop riche en trag\u00e9dies.<\/font><\/font><\/font><\/span><\/p>\n<p style=\"margin-right: 0.68cm; text-indent: 1.47cm; margin-bottom: 0cm;\" align=\"justify\" lang=\"fr-FR\">\n<font color=\"#000000\"><font face=\"Garamond\"><font style=\"font-size: 13pt;\" size=\"3\"><b>A.<br>\nB.<\/b><\/font><\/font><\/font><\/p>\n","protected":false},"excerpt":{"rendered":"<p>&nbsp; Je me demande par\u00adfois si Sam\u00adson, tel que je le connais, se sent tout&nbsp;\u00e0 fait \u00e0 l\u2019aise de figu\u00adrer d\u00e9sor\u00admais par\u00admi \u00ab&nbsp;les po\u00e8tes de la Tour&nbsp;\u00bb\u200a\u2014\u200ad\u00e9sor\u00admais, c\u2019est-\u00e0-dire depuis que \u00ab&nbsp;la Tour de Feu&nbsp;\u00bb a consa\u00adcr\u00e9 son n\u00b071 (sep\u00adtembre 1961) \u00e0 ras\u00adsem\u00adbler un flo\u00adri\u00adl\u00e8ge de&nbsp;son \u0153uvre po\u00e9\u00adtique. Sans doute son ami\u00adti\u00e9 pour les Bou\u00adjut\u200a\u2014\u200aPierre et&nbsp;[\u2026]<\/p>\n","protected":false},"author":1,"featured_media":0,"comment_status":"closed","ping_status":"closed","sticky":false,"template":"","format":"standard","meta":{"wp_typography_post_enhancements_disabled":false,"footnotes":""},"categories":[148],"tags":[],"ppma_author":[540],"class_list":["post-1328","post","type-post","status-publish","format-standard","hentry","category-temoins-n30-ete-1962"],"authors":[{"term_id":540,"user_id":1,"is_guest":0,"slug":"admin_3gikpwyf","display_name":"Vincent Dubuc","avatar_url":"https:\/\/secure.gravatar.com\/avatar\/d015720652c25fd2ced191ade86430094e1f288a17483713e3b34d26dea52507?s=96&d=mm&r=g","author_category":"","user_url":"https:\/\/la-presse-anarchiste.net","last_name":"Dubuc","first_name":"Vincent","job_title":"","description":""}],"_links":{"self":[{"href":"https:\/\/la-presse-anarchiste.net\/index.php\/wp-json\/wp\/v2\/posts\/1328","targetHints":{"allow":["GET"]}}],"collection":[{"href":"https:\/\/la-presse-anarchiste.net\/index.php\/wp-json\/wp\/v2\/posts"}],"about":[{"href":"https:\/\/la-presse-anarchiste.net\/index.php\/wp-json\/wp\/v2\/types\/post"}],"author":[{"embeddable":true,"href":"https:\/\/la-presse-anarchiste.net\/index.php\/wp-json\/wp\/v2\/users\/1"}],"replies":[{"embeddable":true,"href":"https:\/\/la-presse-anarchiste.net\/index.php\/wp-json\/wp\/v2\/comments?post=1328"}],"version-history":[{"count":0,"href":"https:\/\/la-presse-anarchiste.net\/index.php\/wp-json\/wp\/v2\/posts\/1328\/revisions"}],"wp:attachment":[{"href":"https:\/\/la-presse-anarchiste.net\/index.php\/wp-json\/wp\/v2\/media?parent=1328"}],"wp:term":[{"taxonomy":"category","embeddable":true,"href":"https:\/\/la-presse-anarchiste.net\/index.php\/wp-json\/wp\/v2\/categories?post=1328"},{"taxonomy":"post_tag","embeddable":true,"href":"https:\/\/la-presse-anarchiste.net\/index.php\/wp-json\/wp\/v2\/tags?post=1328"},{"taxonomy":"author","embeddable":true,"href":"https:\/\/la-presse-anarchiste.net\/index.php\/wp-json\/wp\/v2\/ppma_author?post=1328"}],"curies":[{"name":"wp","href":"https:\/\/api.w.org\/{rel}","templated":true}]}}