{"id":1329,"date":"2008-03-10T21:37:39","date_gmt":"2008-03-10T21:37:39","guid":{"rendered":"https:\/\/la-presse-anarchiste.net\/index.php\/2008\/03\/10\/la-poesie-19\/"},"modified":"2008-03-10T21:37:39","modified_gmt":"2008-03-10T21:37:39","slug":"la-poesie-19","status":"publish","type":"post","link":"https:\/\/la-presse-anarchiste.net\/index.php\/2008\/03\/10\/la-poesie-19\/","title":{"rendered":"La po\u00e9sie"},"content":{"rendered":"<div class=\"pdfprnt-buttons pdfprnt-buttons-post pdfprnt-top-right\"><a href=\"https:\/\/la-presse-anarchiste.net\/index.php\/wp-json\/wp\/v2\/posts\/1329?print=pdf\" class=\"pdfprnt-button pdfprnt-button-pdf\" target=\"_blank\"><img decoding=\"async\" src=\"https:\/\/la-presse-anarchiste.net\/wp-content\/plugins\/pdf-print\/images\/pdf.png\" alt=\"image_pdf\" title=\"Afficher le PDF\"><\/a><a href=\"https:\/\/la-presse-anarchiste.net\/index.php\/wp-json\/wp\/v2\/posts\/1329?print=print\" class=\"pdfprnt-button pdfprnt-button-print\" target=\"_blank\"><img decoding=\"async\" src=\"https:\/\/la-presse-anarchiste.net\/wp-content\/plugins\/pdf-print\/images\/print.png\" alt=\"image_print\" title=\"Contenu imprim\u00e9\"><\/a><\/div><p>&nbsp;<\/p>\n<p style=\"margin-right: 0.68cm; text-indent: 1.47cm; margin-bottom: 0cm;\" align=\"justify\" lang=\"fr-FR\">\n<font color=\"#000000\"><font face=\"Garamond\"><font style=\"font-size: 13pt;\" size=\"3\">Le<br>\n4 juillet 1900 dans James Alley \u00e0 La Nouvelle-Orl\u00e9ans,<br>\nnais\u00adsait Louis Arm\u00adstrong. \u00ab&nbsp;Fils d\u2019Agamemnon\u2026 aux l\u00e8vres<br>\n\u00e9paisses et aimantes&nbsp;\u00bb (Hen\u00adry Mil\u00adler), ange noir gonfl\u00e9<br>\nde la splen\u00addeur whit\u00adma\u00adnienne du monde. Il lui suf\u00adfit d\u2019emboucher sa<br>\ntrom\u00adpette pour que tout devienne fra\u00adter\u00adnel, simple comme bon\u00adjour&nbsp;ou<br>\ncomme le sang bat\u00adtant dans les veines&nbsp;; immuable comme l\u2019alternance<br>\ndes sai\u00adsons, de l\u2019ombre et de la lumi\u00e8re. Arm\u00adstrong joue,<br>\nfai\u00adsant feu de tout bois, met\u00adtant le feu aux poudres, et l\u2019on&nbsp;ne<br>\ndis\u00adtingue plus sa trom\u00adpette de son&nbsp;c\u0153ur.<\/font><\/font><\/font><\/p>\n<p style=\"margin-right: 0.68cm; text-indent: 1.47cm; margin-bottom: 0cm;\" align=\"justify\" lang=\"fr-FR\">\n<font color=\"#000000\"><font face=\"Garamond\"><font style=\"font-size: 13pt;\" size=\"3\">Aujourd\u2019hui<br>\nses amis pr\u00e9\u00adsents ou loin\u00adtains c\u00e9l\u00e8brent&nbsp;\u2014<br>\nracine de lumi\u00e8re au c\u0153ur de la nuit\u200a\u2014\u200ale 62<sup>e<\/sup> anniversaire<br>\nde Satch\u00admo, bouche d\u2019or de la m\u00e9lo\u00addie, cas\u00adca\u00addeur triomphant.<\/font><\/font><\/font><\/p>\n<p style=\"margin-right: 0.68cm; text-indent: 1.47cm; margin-bottom: 0cm;\" align=\"justify\" lang=\"fr-FR\">\n<font color=\"#000000\"><font face=\"Garamond\"><font style=\"font-size: 13pt;\" size=\"3\">Le<br>\n4 juillet 1900\u200a\u2014\u200ale m\u00eame 4 juillet\u200a\u2014\u200aentre la Bas\u00adtille&nbsp;et<br>\nla rue Saint-Mar\u00adtin, nais\u00adsait Robert Des\u00adnos, po\u00e8te de la&nbsp;vie<br>\nimm\u00e9\u00addiate, de la dis\u00adpo\u00adni\u00adbi\u00adli\u00adt\u00e9 fra\u00adter\u00adnelle&nbsp;et<br>\nopti\u00admiste, de l\u2019amour et de la r\u00e9volte, dont la solitude<br>\nm\u00eame \u00e9tait \u00ab&nbsp;bour\u00addon\u00adnante du monde entier&nbsp;\u00bb.<br>\nDes\u00adnos, l\u2019Homme Des\u00adnos qui, lui aus\u00adsi, n\u2019aurait pas manqu\u00e9<br>\nde r\u00e9unir ses amis autour d\u2019une table g\u00e9n\u00e9reuse,<br>\nde d\u00e9bou\u00adcher les bou\u00adteilles et de rem\u00adplir les verres.<\/font><\/font><\/font><\/p>\n<p style=\"margin-right: 0.68cm; text-indent: 1.47cm; margin-bottom: 0cm;\" align=\"justify\" lang=\"fr-FR\">\n<font color=\"#000000\"><font face=\"Garamond\"><font style=\"font-size: 13pt;\" size=\"3\">Mais<br>\nc\u2019e\u00fbt \u00e9t\u00e9 comp\u00adter sans la fureur nazie&nbsp;: le&nbsp;5<br>\njuin 1945, au milieu des cen\u00adtaines de cadavres du camp de Tere\u00adzin,&nbsp;un<br>\n\u00e9tu\u00addiant tch\u00e8que le d\u00e9cou\u00advrait agonisant.<\/font><\/font><\/font><\/p>\n<p style=\"margin-right: 0.68cm; text-indent: 1.47cm; margin-bottom: 0cm;\" align=\"justify\">\n<font color=\"#000000\">\u2014 <span lang=\"fr-FR\"><font style=\"font-size: 13pt;\" size=\"3\"><font face=\"Garamond\">Le<br>\npo\u00e8te fran\u00ad\u00e7ais c\u2019est moi\u2026 ce fut la derni\u00e8re<br>\njoie du <i>Veilleur du Pont-au-Change. <\/i>Ne plus \u00eatre&nbsp;seul,<br>\npar\u00adler de tout, de Paris, de la vie, de la liber\u00adt\u00e9, de&nbsp;la<br>\npo\u00e9\u00adsie. En venir \u00e0 l\u2019essentiel\u2026<\/font><\/font><\/span><\/font><\/p>\n<p style=\"margin-right: 0.68cm; text-indent: 1.47cm; margin-bottom: 0cm;\" align=\"justify\" lang=\"fr-FR\">\n<font color=\"#000000\"><font face=\"Garamond\"><font style=\"font-size: 13pt;\" size=\"3\">Le<br>\n8, \u00e0 cinq heures du matin, un po\u00e8me en poche, il<br>\n\u00e9chouait sur une gr\u00e8ve inconnue.<\/font><\/font><\/font><\/p>\n<p style=\"margin-right: 0.68cm; text-indent: 1.47cm; margin-bottom: 0cm;\" align=\"justify\" lang=\"fr-FR\">\n<font color=\"#000000\"><font face=\"Garamond\"><font style=\"font-size: 13pt;\" size=\"3\"><i>\u00ab&nbsp;Que<br>\nma voix vous par\u00advienne donc<\/i><\/font><\/font><\/font><\/p>\n<p style=\"margin-right: 0.68cm; text-indent: 1.47cm; margin-bottom: 0cm;\" align=\"justify\" lang=\"fr-FR\">\n<font color=\"#000000\"><font face=\"Garamond\"><font style=\"font-size: 13pt;\" size=\"3\"><i>chaude<br>\net joyeuse et r\u00e9solue<\/i><\/font><\/font><\/font><\/p>\n<p style=\"margin-right: 0.68cm; text-indent: 1.47cm; margin-bottom: 0cm;\" align=\"justify\" lang=\"fr-FR\">\n<font color=\"#000000\"><font face=\"Garamond\"><font style=\"font-size: 13pt;\" size=\"3\"><i>sans<br>\ncrainte et sans remords\u2026\u00bb<\/i><\/font><\/font><\/font><\/p>\n<p style=\"margin-right: 0.68cm; text-indent: 1.47cm; margin-bottom: 0cm;\" align=\"justify\" lang=\"fr-FR\">\n<font color=\"#000000\"><font face=\"Garamond\"><font style=\"font-size: 13pt;\" size=\"3\">Robert<br>\nDes\u00adnos et Louis Arm\u00adstrong, crieurs publics de la joie et des peines<br>\nhumaines, grands vivants et par\u00adlant haut, demeurent bien&nbsp;plus<br>\nirr\u00e9\u00adm\u00e9\u00addia\u00adble\u00adment et inex\u00adtri\u00adca\u00adble\u00adment li\u00e9s&nbsp;en<br>\nnotre c\u0153ur que par une banale simul\u00adta\u00adn\u00e9i\u00adt\u00e9 natale.<br>\nC\u2019est ensemble qu\u2019ils tra\u00adversent nos songes de fulgurances<br>\nin\u00e9ga\u00adl\u00e9es, ensemble qu\u2019ils nous convient \u00e0<br>\nl\u2019\u00e9tat de gr\u00e2ce\u200a\u2014\u200aivresse perp\u00e9tuelle.<\/font><\/font><\/font><\/p>\n<p style=\"margin-right: 0.68cm; text-indent: 1.47cm; margin-bottom: 0cm;\" align=\"justify\">\n<span lang=\"fr-FR\"><font style=\"font-size: 13pt;\" size=\"3\"><font face=\"Garamond\"><font color=\"#000000\">\u00ab&nbsp;<i>Nous<br>\nne vou\u00adlons pas la&nbsp;lune<\/i><\/font><\/font><\/font><\/span><\/p>\n<p style=\"margin-right: 0.68cm; text-indent: 1.47cm; margin-bottom: 0cm;\" align=\"justify\" lang=\"fr-FR\">\n<font color=\"#000000\"><font face=\"Garamond\"><font style=\"font-size: 13pt;\" size=\"3\"><i>nous<br>\nne crai\u00adgnons pas la&nbsp;mort.&nbsp;\u00bb<\/i><\/font><\/font><\/font><\/p>\n<p style=\"margin-right: 0.68cm; text-indent: 1.47cm; margin-bottom: 0cm;\" align=\"justify\" lang=\"fr-FR\">\n<\/p><p style=\"margin-right: 0.68cm; text-indent: 1.47cm; margin-bottom: 0cm;\" align=\"justify\" lang=\"fr-FR\"><font color=\"#000000\"><font face=\"Garamond\"><font style=\"font-size: 13pt;\" size=\"3\"><b>Michel<br>\nBoujut<\/b><\/font><\/font><\/font><\/p>\n","protected":false},"excerpt":{"rendered":"<p>&nbsp; Le 4 juillet 1900 dans James Alley \u00e0 La Nou\u00advelle-Orl\u00e9ans, nais\u00adsait Louis Arm\u00adstrong. \u00ab&nbsp;Fils d\u2019Agamemnon\u2026 aux l\u00e8vres \u00e9paisses et aimantes&nbsp;\u00bb (Hen\u00adry Mil\u00adler), ange noir gon\u00adfl\u00e9 de la splen\u00addeur whit\u00adma\u00adnienne du monde. Il lui suf\u00adfit d\u2019emboucher sa trom\u00adpette pour que tout devienne fra\u00adter\u00adnel, simple comme bon\u00adjour&nbsp;ou comme le sang bat\u00adtant dans les veines&nbsp;; immuable comme&nbsp;[\u2026]<\/p>\n","protected":false},"author":1,"featured_media":0,"comment_status":"closed","ping_status":"closed","sticky":false,"template":"","format":"standard","meta":{"wp_typography_post_enhancements_disabled":false,"footnotes":""},"categories":[148],"tags":[],"ppma_author":[540],"class_list":["post-1329","post","type-post","status-publish","format-standard","hentry","category-temoins-n30-ete-1962"],"authors":[{"term_id":540,"user_id":1,"is_guest":0,"slug":"admin_3gikpwyf","display_name":"Vincent Dubuc","avatar_url":"https:\/\/secure.gravatar.com\/avatar\/d015720652c25fd2ced191ade86430094e1f288a17483713e3b34d26dea52507?s=96&d=mm&r=g","author_category":"","user_url":"https:\/\/la-presse-anarchiste.net","last_name":"Dubuc","first_name":"Vincent","job_title":"","description":""}],"_links":{"self":[{"href":"https:\/\/la-presse-anarchiste.net\/index.php\/wp-json\/wp\/v2\/posts\/1329","targetHints":{"allow":["GET"]}}],"collection":[{"href":"https:\/\/la-presse-anarchiste.net\/index.php\/wp-json\/wp\/v2\/posts"}],"about":[{"href":"https:\/\/la-presse-anarchiste.net\/index.php\/wp-json\/wp\/v2\/types\/post"}],"author":[{"embeddable":true,"href":"https:\/\/la-presse-anarchiste.net\/index.php\/wp-json\/wp\/v2\/users\/1"}],"replies":[{"embeddable":true,"href":"https:\/\/la-presse-anarchiste.net\/index.php\/wp-json\/wp\/v2\/comments?post=1329"}],"version-history":[{"count":0,"href":"https:\/\/la-presse-anarchiste.net\/index.php\/wp-json\/wp\/v2\/posts\/1329\/revisions"}],"wp:attachment":[{"href":"https:\/\/la-presse-anarchiste.net\/index.php\/wp-json\/wp\/v2\/media?parent=1329"}],"wp:term":[{"taxonomy":"category","embeddable":true,"href":"https:\/\/la-presse-anarchiste.net\/index.php\/wp-json\/wp\/v2\/categories?post=1329"},{"taxonomy":"post_tag","embeddable":true,"href":"https:\/\/la-presse-anarchiste.net\/index.php\/wp-json\/wp\/v2\/tags?post=1329"},{"taxonomy":"author","embeddable":true,"href":"https:\/\/la-presse-anarchiste.net\/index.php\/wp-json\/wp\/v2\/ppma_author?post=1329"}],"curies":[{"name":"wp","href":"https:\/\/api.w.org\/{rel}","templated":true}]}}