{"id":1336,"date":"2008-03-10T22:06:13","date_gmt":"2008-03-10T22:06:13","guid":{"rendered":"https:\/\/la-presse-anarchiste.net\/index.php\/2008\/03\/10\/lectures-61\/"},"modified":"2008-03-10T22:06:13","modified_gmt":"2008-03-10T22:06:13","slug":"lectures-61","status":"publish","type":"post","link":"https:\/\/la-presse-anarchiste.net\/index.php\/2008\/03\/10\/lectures-61\/","title":{"rendered":"Lectures"},"content":{"rendered":"<div class=\"pdfprnt-buttons pdfprnt-buttons-post pdfprnt-top-right\"><a href=\"https:\/\/la-presse-anarchiste.net\/index.php\/wp-json\/wp\/v2\/posts\/1336?print=pdf\" class=\"pdfprnt-button pdfprnt-button-pdf\" target=\"_blank\"><img decoding=\"async\" src=\"https:\/\/la-presse-anarchiste.net\/wp-content\/plugins\/pdf-print\/images\/pdf.png\" alt=\"image_pdf\" title=\"Afficher le PDF\"><\/a><a href=\"https:\/\/la-presse-anarchiste.net\/index.php\/wp-json\/wp\/v2\/posts\/1336?print=print\" class=\"pdfprnt-button pdfprnt-button-print\" target=\"_blank\"><img decoding=\"async\" src=\"https:\/\/la-presse-anarchiste.net\/wp-content\/plugins\/pdf-print\/images\/print.png\" alt=\"image_print\" title=\"Contenu imprim\u00e9\"><\/a><\/div><p style=\"margin-right: 0.68cm; text-indent: 1.47cm; margin-bottom: 0cm;\" align=\"justify\">\n<span lang=\"fr-FR\"><font style=\"font-size: 13pt;\" size=\"3\"><font face=\"Garamond\"><font color=\"#000000\">D\u00e9j\u00e0<br>\nnous avions eu le pri\u00advi\u00adl\u00e8ge de pou\u00advoir offrir, dans&nbsp;notre<br>\npr\u00e9\u00adc\u00e9\u00addent cahier, quelques extraits de ces \u00ab&nbsp;Carnets&nbsp;\u00bb<br>\ndont le pr\u00e9\u00adsent volume ras\u00adsemble le texte int\u00e9gral<br>\nentre les dates ci-des\u00adsus indi\u00adqu\u00e9es. Mine de renseignements,<br>\nd\u2019abord, quant \u00e0 la gen\u00e8se des grandes \u0153uvres&nbsp;:<br>\n<i>Noces, l\u2019Etranger, Sisyphe, Cali\u00adgu\u00adla, la Peste. <\/i>Mais<br>\nlais\u00adsons cela aux sp\u00e9\u00adcia\u00adlistes. Disons aujourd\u2019hui<br>\nsim\u00adple\u00adment que ce qui frappe tout d\u2019abord, c\u2019est, outre&nbsp;la<br>\nvolon\u00adtaire s\u00fbre\u00adt\u00e9 de l\u2019expression, la progressive<br>\nacces\u00adsion au sens, tou\u00adjours plus exi\u00adgeant, de la liber\u00adt\u00e9.&nbsp;Je<br>\ndis bien pro\u00adgres\u00adsive acces\u00adsion car si Camus, d\u00e8s 37,&nbsp;rompt<br>\navec le par\u00adti, il lui fau\u00addra encore un cer\u00adtain temps (nous le notions<br>\ndans notre n\u00b0 29 \u00e0 l\u2019occasion de telles des pages&nbsp;du<br>\nd\u00e9but de la guerre) avant de s\u2019\u00e9lever r\u00e9solument<br>\nsans ces\u00adser pour autant d\u2019\u00eatre soli\u00addaire des humili\u00e9s<br>\net offen\u00ads\u00e9s, au-des\u00adsus de la ten\u00adta\u00adtion du gr\u00e9\u00adgaire. \u00ab&nbsp;De<br>\nplus en plus, devant le monde des hommes, finit-il par \u00e9crire,<br>\nla seule r\u00e9ac\u00adtion est l\u2019individualisme.&nbsp;\u00bb Pas&nbsp;exclu,<br>\nm\u00eame, qu\u2019il \u00e9prouve un ins\u00adtant (qui donc ne&nbsp;la<br>\nconna\u00eet?) la ten\u00adta\u00adtion contraire. \u00ab&nbsp;Se reti\u00adrer&nbsp;tout<br>\nentier, note-t-il, et jouer son jeu.&nbsp;\u00bb Presque du barr\u00e9sisme&nbsp;?<br>\nQue non\u200a\u2014\u200acar tout aus\u00adsi\u00adt\u00f4t il ajoute cette parenth\u00e8se&nbsp;:<br>\n\u00ab(Idiot)\u2026\u00bb<\/font><\/font><\/font><\/span><\/p>\n<p style=\"margin-right: 0.68cm; text-indent: 1.47cm; margin-bottom: 0cm;\" align=\"justify\">\n<span lang=\"fr-FR\"><font style=\"font-size: 13pt;\" size=\"3\"><font face=\"Garamond\"><font color=\"#000000\">Cher\u00adchant<br>\nune autre r\u00e9f\u00e9\u00adrence, quelques ins\u00adtants je viens&nbsp;de<br>\nrefeuille\u00adter le livre\u200a\u2014\u200aet tout \u00e0 coup je me reproche de<br>\npar\u00adler sur\u00adtout de sa pen\u00ads\u00e9e. Quelles pages de&nbsp;po\u00e8te<br>\npar\u00adfait et sans recherche, sur Flo\u00adrence ou Fi\u00e9\u00adsole, et surtout<br>\nsur son Alg\u00e9\u00adrie. Du 18 mars 41&nbsp;: \u00ab&nbsp;Les hau\u00adteurs au-dessus<br>\nd\u2019Alger d\u00e9bordent de fleurs au prin\u00adtemps. L\u2019odeur de&nbsp;miel<br>\ndes roses jaunes coule dans les petites rues. D\u2019\u00e9normes<br>\ncypr\u00e8s noirs laissent gicler \u00e0 leur som\u00admet des \u00e9clats<br>\nde gly\u00adcine et d\u2019aub\u00e9pine dont le che\u00admi\u00adne\u00adment reste&nbsp;cach\u00e9<br>\n\u00e0 l\u2019int\u00e9rieur. Un vent doux, le golfe immense et<br>\nplat. Du d\u00e9sir fort et simple\u200a\u2014\u200aet l\u2019absurdit\u00e9 de<br>\nquit\u00adter tout cela.&nbsp;\u00bb Lire <i>aujourd\u2019hui <\/i>ces der\u00adniers<br>\nmots&nbsp;; \u00f4 honte \u00e0 nous&nbsp;tous.&nbsp;\u2014<\/font><\/font><\/font><\/span><\/p>\n<p style=\"margin-right: 0.68cm; text-indent: 1.47cm; margin-bottom: 0cm;\" align=\"justify\" lang=\"fr-FR\">\n<font color=\"#000000\"><font face=\"Garamond\"><font style=\"font-size: 13pt;\" size=\"3\">Pour<br>\nla \u00ab&nbsp;pen\u00ads\u00e9e&nbsp;\u00bb, o\u00f9 en \u00e9tais-je&nbsp;? Que&nbsp;son<br>\nsens de la liber\u00adt\u00e9 (\u00ab&nbsp;Beau\u00adt\u00e9, mon pire sou\u00adci,&nbsp;avec<br>\nla liber\u00adt\u00e9&nbsp;\u00bb) peu \u00e0 peu m\u00fbrit et se lib\u00e9ra.<br>\nMais d\u00e8s le d\u00e9but\u200a\u2014\u200aet c\u2019est ce qui fait qu\u2019il&nbsp;ne<br>\npou\u00advait en \u00eatre autre\u00adment de son mes\u00adsage\u200a\u2014\u200atout l\u2019homme est<br>\ndon\u00adn\u00e9. Quand par exemple il \u00e9crit d\u00e8s la&nbsp;page<br>\n76&nbsp;: \u00ab&nbsp;Ne pas c\u00e9der&nbsp;: tout est l\u00e0. Ne pas consentir,<br>\nne pas trahir.&nbsp;\u00bb<\/font><\/font><\/font><\/p>\n<p style=\"margin-right: 0.68cm; text-indent: 1.47cm; margin-bottom: 0cm;\" align=\"justify\">\n<span lang=\"fr-FR\"><font style=\"font-size: 13pt;\" size=\"3\"><font face=\"Garamond\"><font color=\"#000000\">Et<br>\nc\u2019est la m\u00eame luci\u00addi\u00adt\u00e9, le m\u00eame hon\u00adneur (Camus<br>\nest l\u2019un de ces hommes, si rares, chez qui le mot <i>conscience <\/i>a<br>\ntou\u00adjours ses deux sens \u00e0 la fois) qui pr\u00e9\u00adside&nbsp;\u00e0<br>\nsa concep\u00adtion du m\u00e9tier d\u2019\u00e9crire&nbsp;: \u00ab&nbsp;La<br>\nv\u00e9ri\u00adtable \u0153uvre d\u2019art est celle qui dit moins. Il y a&nbsp;un<br>\ncer\u00adtain rap\u00adport entre l\u2019exp\u00e9rience glo\u00adbale d\u2019un artiste,<br>\nsa pen\u00ads\u00e9e plus sa vie\u2026, et l\u2019\u0153uvre qui refl\u00e8te<br>\ncette exp\u00e9\u00adrience. Ce rap\u00adport est mau\u00advais lorsque l\u2019\u0153uvre<br>\nd\u2019art donne toute l\u2019exp\u00e9rience entou\u00adr\u00e9e d\u2019une<br>\nfrange de lit\u00adt\u00e9\u00adra\u00adture. Ce rap\u00adport est bon lorsque l\u2019\u0153uvre<br>\nest une part taill\u00e9e dans l\u2019exp\u00e9rience\u2026\u200a\u2014\u200aLe<br>\npro\u00adbl\u00e8me est d\u2019acqu\u00e9rir ce savoir-vivre (avoir v\u00e9cu<br>\nplu\u00adt\u00f4t) qui d\u00e9passe le savoir-\u00e9crire. Et dans&nbsp;la<br>\nfin le grand artiste est avant tout un grand vivant (\u00e9tant<br>\ncom\u00adpris que vivre, ici, c\u2019est aus\u00adsi pen\u00adser sur la vie\u200a\u2014\u200ac\u2019est<br>\nm\u00eame ce rap\u00adport sub\u00adtil entre l\u2019exp\u00e9rience et&nbsp;la<br>\nconscience qu\u2019on en&nbsp;prend).\u00bb<\/font><\/font><\/font><\/span><\/p>\n<p style=\"margin-right: 0.68cm; text-indent: 1.47cm; margin-bottom: 0cm;\" align=\"justify\" lang=\"fr-FR\">\n<font color=\"#000000\"><font face=\"Garamond\"><font style=\"font-size: 13pt;\" size=\"3\"><b>J.<br>\nP.&nbsp;S.<\/b><\/font><\/font><\/font><\/p>\n","protected":false},"excerpt":{"rendered":"<p>D\u00e9j\u00e0 nous avions eu le pri\u00advi\u00adl\u00e8ge de pou\u00advoir offrir, dans&nbsp;notre pr\u00e9\u00adc\u00e9\u00addent cahier, quelques extraits de ces \u00ab&nbsp;Car\u00adnets&nbsp;\u00bb dont le pr\u00e9\u00adsent volume ras\u00adsemble le texte int\u00e9\u00adgral entre les dates ci-des\u00ad\u00adsus indi\u00adqu\u00e9es. Mine de ren\u00adsei\u00adgne\u00adments, d\u2019abord, quant \u00e0 la gen\u00e8se des grandes \u0153uvres&nbsp;: Noces, l\u2019Etranger, Sisyphe, Cali\u00adgu\u00adla, la Peste. Mais lais\u00adsons cela aux sp\u00e9\u00adcia\u00adlistes. Disons aujourd\u2019hui simplement&nbsp;[\u2026]<\/p>\n","protected":false},"author":1,"featured_media":0,"comment_status":"closed","ping_status":"closed","sticky":false,"template":"","format":"standard","meta":{"wp_typography_post_enhancements_disabled":false,"footnotes":""},"categories":[148],"tags":[],"ppma_author":[540],"class_list":["post-1336","post","type-post","status-publish","format-standard","hentry","category-temoins-n30-ete-1962"],"authors":[{"term_id":540,"user_id":1,"is_guest":0,"slug":"admin_3gikpwyf","display_name":"Vincent Dubuc","avatar_url":"https:\/\/secure.gravatar.com\/avatar\/d015720652c25fd2ced191ade86430094e1f288a17483713e3b34d26dea52507?s=96&d=mm&r=g","author_category":"","user_url":"https:\/\/la-presse-anarchiste.net","last_name":"Dubuc","first_name":"Vincent","job_title":"","description":""}],"_links":{"self":[{"href":"https:\/\/la-presse-anarchiste.net\/index.php\/wp-json\/wp\/v2\/posts\/1336","targetHints":{"allow":["GET"]}}],"collection":[{"href":"https:\/\/la-presse-anarchiste.net\/index.php\/wp-json\/wp\/v2\/posts"}],"about":[{"href":"https:\/\/la-presse-anarchiste.net\/index.php\/wp-json\/wp\/v2\/types\/post"}],"author":[{"embeddable":true,"href":"https:\/\/la-presse-anarchiste.net\/index.php\/wp-json\/wp\/v2\/users\/1"}],"replies":[{"embeddable":true,"href":"https:\/\/la-presse-anarchiste.net\/index.php\/wp-json\/wp\/v2\/comments?post=1336"}],"version-history":[{"count":0,"href":"https:\/\/la-presse-anarchiste.net\/index.php\/wp-json\/wp\/v2\/posts\/1336\/revisions"}],"wp:attachment":[{"href":"https:\/\/la-presse-anarchiste.net\/index.php\/wp-json\/wp\/v2\/media?parent=1336"}],"wp:term":[{"taxonomy":"category","embeddable":true,"href":"https:\/\/la-presse-anarchiste.net\/index.php\/wp-json\/wp\/v2\/categories?post=1336"},{"taxonomy":"post_tag","embeddable":true,"href":"https:\/\/la-presse-anarchiste.net\/index.php\/wp-json\/wp\/v2\/tags?post=1336"},{"taxonomy":"author","embeddable":true,"href":"https:\/\/la-presse-anarchiste.net\/index.php\/wp-json\/wp\/v2\/ppma_author?post=1336"}],"curies":[{"name":"wp","href":"https:\/\/api.w.org\/{rel}","templated":true}]}}