{"id":1337,"date":"2008-03-10T22:09:54","date_gmt":"2008-03-10T22:09:54","guid":{"rendered":"https:\/\/la-presse-anarchiste.net\/index.php\/2008\/03\/10\/une-lettre-dandre-breton\/"},"modified":"2008-03-10T22:09:54","modified_gmt":"2008-03-10T22:09:54","slug":"une-lettre-dandre-breton","status":"publish","type":"post","link":"https:\/\/la-presse-anarchiste.net\/index.php\/2008\/03\/10\/une-lettre-dandre-breton\/","title":{"rendered":"Une lettre d\u2019Andr\u00e9 Breton"},"content":{"rendered":"<div class=\"pdfprnt-buttons pdfprnt-buttons-post pdfprnt-top-right\"><a href=\"https:\/\/la-presse-anarchiste.net\/index.php\/wp-json\/wp\/v2\/posts\/1337?print=pdf\" class=\"pdfprnt-button pdfprnt-button-pdf\" target=\"_blank\"><img decoding=\"async\" src=\"https:\/\/la-presse-anarchiste.net\/wp-content\/plugins\/pdf-print\/images\/pdf.png\" alt=\"image_pdf\" title=\"Afficher le PDF\"><\/a><a href=\"https:\/\/la-presse-anarchiste.net\/index.php\/wp-json\/wp\/v2\/posts\/1337?print=print\" class=\"pdfprnt-button pdfprnt-button-print\" target=\"_blank\"><img decoding=\"async\" src=\"https:\/\/la-presse-anarchiste.net\/wp-content\/plugins\/pdf-print\/images\/print.png\" alt=\"image_print\" title=\"Contenu imprim\u00e9\"><\/a><\/div><p style=\"margin-right: 0.68cm; text-indent: 1.47cm; margin-bottom: 0cm;\" align=\"justify\" lang=\"fr-FR\">\n<font color=\"#000000\"><font face=\"Garamond\"><font style=\"font-size: 13pt;\" size=\"3\">Que<br>\nla plus grande faute\u200a\u2014\u200aau fond la seule irr\u00e9missible&nbsp;\u2014<br>\nd\u2019un r\u00e9vo\u00adlu\u00adtion\u00adnaire soit d\u2019avoir d\u00e9pass\u00e9<br>\nl\u2019\u00e2ge de cin\u00adquante-cinq ans, c\u2019est plai\u00adsan\u00adtant&nbsp;\u00e0<br>\npeine, ce qu\u2019a confi\u00e9 L\u00e9nine \u00e0 Trotz\u00adky, que&nbsp;ce<br>\npro\u00adpos tour\u00admente durant ses der\u00adni\u00e8res ann\u00e9es. Tout&nbsp;en<br>\ns\u2019\u00e9tant accor\u00add\u00e9 quinze ann\u00e9es suppl\u00e9mentaires<br>\nde vali\u00addi\u00adt\u00e9 d\u2019esprit, Paul et Lau\u00adra Lafargue n\u2019en d\u00e9cident<br>\npas moins de mettre ensemble le point final \u00e0 leurs vies.&nbsp;Pour<br>\nqui s\u2019est vou\u00e9 \u00e0 la trans\u00adfor\u00adma\u00adtion du monde, en<br>\neffet, ne vont pas sans appr\u00e9\u00adhen\u00adsion dra\u00adma\u00adtique le d\u00e9clin<br>\ndes forces et l\u2019inaptitude crois\u00adsante qu\u2019il entra\u00eene.<\/font><\/font><\/font><\/p>\n<p style=\"margin-right: 0.68cm; text-indent: 1.47cm; margin-bottom: 0cm;\" align=\"justify\">\n<span lang=\"fr-FR\"><font style=\"font-size: 13pt;\" size=\"3\"><font face=\"Garamond\"><font color=\"#000000\">C\u2019est<br>\npour\u00adtant au-del\u00e0 de ces limites que Louis Lecoin a entrepris,<br>\nplus exclu\u00adsi\u00adve\u00adment que jamais, de faire triom\u00adpher la cause qui&nbsp;lui<br>\ntient \u00e0 c\u0153ur. Il y avait sacri\u00adfi\u00e9&nbsp;d\u00e9j\u00e0<br>\ndouze ann\u00e9es de liber\u00adt\u00e9. Gran\u00adde\u00adment \u00e9prouv\u00e9,<br>\nil y a peu d\u2019ann\u00e9es, par la perte de sa com\u00adpagne, son<br>\npre\u00admier geste\u200a\u2014\u200acomme tour\u00adn\u00e9 vers elle\u200a\u2014\u200afut de se donner<br>\ntout entier \u00e0 cette cause. De ce moment date la fon\u00adda\u00adtion&nbsp;de<br>\n<i>Liber\u00adt\u00e9,<\/i> jour\u00adnal \u00ab&nbsp;social, paci\u00adfiste, libertaire&nbsp;\u00bb,<br>\ndans lequel ses amis n\u2019ont jamais dou\u00adt\u00e9 qu\u2019il allait<br>\nenglou\u00adtir son pauvre avoir. Mais il y allait pour lui d\u2019un<br>\nimp\u00e9\u00adra\u00adtif abso\u00adlu&nbsp;: agir de sorte que soit reconsid\u00e9r\u00e9<br>\nle cas des objec\u00adteurs de conscience, les arra\u00adcher \u00e0&nbsp;leurs<br>\nge\u00f4les, leur faire octroyer un sta\u00adtut qui les d\u00e9charge<br>\ndu ser\u00advice mili\u00adtaire en \u00e9change d\u2019un ser\u00advice&nbsp;civil.<\/font><\/font><\/font><\/span><\/p>\n<p style=\"margin-right: 0.68cm; text-indent: 1.47cm; margin-bottom: 0cm;\" align=\"justify\" lang=\"fr-FR\">\n<font color=\"#000000\"><font face=\"Garamond\"><font style=\"font-size: 13pt;\" size=\"3\">Au<br>\ncours des cinq ann\u00e9es d\u2019existence de ce jour\u00adnal on sait&nbsp;que<br>\nles pro\u00admesses n\u2019ont pas man\u00adqu\u00e9. Seraient-elles tenues&nbsp;?&nbsp;Pour<br>\nen dou\u00adter il n\u2019e\u00fbt pas fal\u00adlu \u00eatre Louis Lecoin,<br>\nc\u2019est-\u00e0-dire le d\u00e9s\u00adin\u00adt\u00e9\u00adres\u00adse\u00adment et&nbsp;la<br>\ng\u00e9n\u00e9\u00adro\u00adsi\u00adt\u00e9 per\u00adson\u00adni\u00adfi\u00e9s. Pour d\u00e9sesp\u00e9rer<br>\nd\u2019une solu\u00adtion favo\u00adrable, f\u00fbt-elle ind\u00e9finiment<br>\ndif\u00adf\u00e9\u00adr\u00e9e, il n\u2019e\u00fbt pas fal\u00adlu \u00eatre&nbsp;la<br>\nt\u00e9na\u00adci\u00adt\u00e9&nbsp;m\u00eame.<\/font><\/font><\/font><\/p>\n<p style=\"margin-right: 0.68cm; text-indent: 1.47cm; margin-bottom: 0cm;\" align=\"justify\" lang=\"fr-FR\">\n<font color=\"#000000\"><font face=\"Garamond\"><font style=\"font-size: 13pt;\" size=\"3\">De<br>\nd\u00e9cep\u00adtion en d\u00e9cep\u00adtion, le jour vint, tou\u00adte\u00adfois,&nbsp;o\u00f9<br>\nces\u00adsa de se suf\u00adfire la foi dans la parole don\u00adn\u00e9e. C\u2019est<br>\nlorsque l\u2019amnistie osa dire son nom et d\u00e9cou\u00advrir ses amples<br>\net pro\u00adchaines pers\u00adpec\u00adtives que Lecoin com\u00adprit que&nbsp;tr\u00e8s<br>\nvrai\u00adsem\u00adbla\u00adble\u00adment les objec\u00adteurs en seraient excep\u00adt\u00e9s&nbsp;alors<br>\nqu\u2019elle s\u2019\u00e9tendrait aux pires cri\u00admi\u00adnels. Devant un&nbsp;aussi<br>\n\u00e9vident d\u00e9ni de jus\u00adtice il n\u2019\u00e9couta que&nbsp;la<br>\nvoix int\u00e9\u00adrieure lui enjoi\u00adgnant d\u2019aboutir co\u00fbte&nbsp;que<br>\nco\u00fbte.<\/font><\/font><\/font><\/p>\n<p style=\"margin-right: 0.68cm; text-indent: 1.47cm; margin-bottom: 0cm;\" align=\"justify\">\n<span lang=\"fr-FR\"><font style=\"font-size: 13pt;\" size=\"3\"><font face=\"Garamond\"><font color=\"#000000\">Quelque<br>\nanxi\u00e9\u00adt\u00e9 qu\u2019en \u00e9prouvent ses nom\u00adbreux&nbsp;amis,<br>\nLecoin a choi\u00adsi la seule mani\u00e8re s\u00fbre d\u2019acc\u00e9l\u00e9rer,<br>\nf\u00fbt-ce \u00e0 ses d\u00e9pens, le d\u00e9ve\u00adlop\u00adpe\u00adment&nbsp;des<br>\nmesures qu\u2019on lui a dit maintes fois, et de bonne source, \u00eatre<br>\nen cours&nbsp;: la vie d\u2019un homme qui, \u00e0 soixante-qua\u00adtorze&nbsp;ans,<br>\ncesse de s\u2019alimenter impose une tout autre mesure du temps&nbsp;que<br>\ncelle des ser\u00advices de minis\u00adt\u00e8res. Et l\u2019on sait assez&nbsp;que<br>\ncelui-ci, \u00e0 son dix-hui\u00adti\u00e8me jour de je\u00fbne n\u2019est<br>\npas homme \u00e0 se conten\u00adter des pro\u00admesses \u00e9vasives<br>\nr\u00e9it\u00e9\u00adr\u00e9es ces der\u00adniers jours \u00e0 la&nbsp;radio.<br>\nCeux qui ont le front d\u2019inculper ses proches de \u00ab&nbsp;non-assis\u00adtance \u00e0 per\u00adsonne en dan\u00adger&nbsp;\u00bb sont pr\u00e9cis\u00e9ment<br>\nceux qui tiennent sa vie<b> <\/b>entre leurs&nbsp;mains.<\/font><\/font><\/font><\/span><\/p>\n<p style=\"margin-right: 0.68cm; text-indent: 1.47cm; margin-bottom: 0cm;\" align=\"justify\">\n<span lang=\"fr-FR\"><font style=\"font-size: 13pt;\" size=\"3\"><font face=\"Garamond\"><font color=\"#000000\">Je<br>\nsalue l\u2019attitude h\u00e9ro\u00efque de Lecoin, \tdans la&nbsp;plus<br>\nhaute tra\u00addi\u00adtion<b> <\/b>de l\u2019altruisme et de la libert\u00e9.<\/font><\/font><\/font><\/span><\/p>\n<p style=\"margin-right: 0.68cm; text-indent: 1.47cm; margin-bottom: 0cm;\" align=\"justify\" lang=\"fr-FR\">\n<font color=\"#000000\"><font face=\"Garamond\"><font style=\"font-size: 13pt;\" size=\"3\"><b>Andr\u00e9<br>\nBreton<\/b><\/font><\/font><\/font><\/p>\n","protected":false},"excerpt":{"rendered":"<p>Que la plus grande faute\u200a\u2014\u200aau fond la seule irr\u00e9\u00admis\u00adsible\u200a\u2014\u200ad\u2019un r\u00e9vo\u00adlu\u00adtion\u00adnaire soit d\u2019avoir d\u00e9pas\u00ads\u00e9 l\u2019\u00e2ge de cin\u00ad\u00adquante-cinq ans, c\u2019est plai\u00adsan\u00adtant&nbsp;\u00e0 peine, ce qu\u2019a confi\u00e9 L\u00e9nine \u00e0 Trotz\u00adky, que&nbsp;ce pro\u00adpos tour\u00admente durant ses der\u00adni\u00e8res ann\u00e9es. Tout&nbsp;en s\u2019\u00e9tant accor\u00add\u00e9 quinze ann\u00e9es sup\u00adpl\u00e9\u00admen\u00adtaires de vali\u00addi\u00adt\u00e9 d\u2019esprit, Paul et Lau\u00adra Lafargue n\u2019en d\u00e9cident pas moins de mettre ensemble le&nbsp;[\u2026]<\/p>\n","protected":false},"author":1,"featured_media":0,"comment_status":"closed","ping_status":"closed","sticky":false,"template":"","format":"standard","meta":{"wp_typography_post_enhancements_disabled":false,"footnotes":""},"categories":[148],"tags":[],"ppma_author":[540],"class_list":["post-1337","post","type-post","status-publish","format-standard","hentry","category-temoins-n30-ete-1962"],"authors":[{"term_id":540,"user_id":1,"is_guest":0,"slug":"admin_3gikpwyf","display_name":"Vincent Dubuc","avatar_url":"https:\/\/secure.gravatar.com\/avatar\/d015720652c25fd2ced191ade86430094e1f288a17483713e3b34d26dea52507?s=96&d=mm&r=g","author_category":"","user_url":"https:\/\/la-presse-anarchiste.net","last_name":"Dubuc","first_name":"Vincent","job_title":"","description":""}],"_links":{"self":[{"href":"https:\/\/la-presse-anarchiste.net\/index.php\/wp-json\/wp\/v2\/posts\/1337","targetHints":{"allow":["GET"]}}],"collection":[{"href":"https:\/\/la-presse-anarchiste.net\/index.php\/wp-json\/wp\/v2\/posts"}],"about":[{"href":"https:\/\/la-presse-anarchiste.net\/index.php\/wp-json\/wp\/v2\/types\/post"}],"author":[{"embeddable":true,"href":"https:\/\/la-presse-anarchiste.net\/index.php\/wp-json\/wp\/v2\/users\/1"}],"replies":[{"embeddable":true,"href":"https:\/\/la-presse-anarchiste.net\/index.php\/wp-json\/wp\/v2\/comments?post=1337"}],"version-history":[{"count":0,"href":"https:\/\/la-presse-anarchiste.net\/index.php\/wp-json\/wp\/v2\/posts\/1337\/revisions"}],"wp:attachment":[{"href":"https:\/\/la-presse-anarchiste.net\/index.php\/wp-json\/wp\/v2\/media?parent=1337"}],"wp:term":[{"taxonomy":"category","embeddable":true,"href":"https:\/\/la-presse-anarchiste.net\/index.php\/wp-json\/wp\/v2\/categories?post=1337"},{"taxonomy":"post_tag","embeddable":true,"href":"https:\/\/la-presse-anarchiste.net\/index.php\/wp-json\/wp\/v2\/tags?post=1337"},{"taxonomy":"author","embeddable":true,"href":"https:\/\/la-presse-anarchiste.net\/index.php\/wp-json\/wp\/v2\/ppma_author?post=1337"}],"curies":[{"name":"wp","href":"https:\/\/api.w.org\/{rel}","templated":true}]}}