{"id":1338,"date":"2008-03-10T22:20:26","date_gmt":"2008-03-10T22:20:26","guid":{"rendered":"https:\/\/la-presse-anarchiste.net\/index.php\/2008\/03\/10\/louis-lecoin-ou-la-vraie-grandeur\/"},"modified":"2008-03-10T22:20:26","modified_gmt":"2008-03-10T22:20:26","slug":"louis-lecoin-ou-la-vraie-grandeur","status":"publish","type":"post","link":"https:\/\/la-presse-anarchiste.net\/index.php\/2008\/03\/10\/louis-lecoin-ou-la-vraie-grandeur\/","title":{"rendered":"Louis Lecoin ou la vraie grandeur"},"content":{"rendered":"<div class=\"pdfprnt-buttons pdfprnt-buttons-post pdfprnt-top-right\"><a href=\"https:\/\/la-presse-anarchiste.net\/index.php\/wp-json\/wp\/v2\/posts\/1338?print=pdf\" class=\"pdfprnt-button pdfprnt-button-pdf\" target=\"_blank\"><img decoding=\"async\" src=\"https:\/\/la-presse-anarchiste.net\/wp-content\/plugins\/pdf-print\/images\/pdf.png\" alt=\"image_pdf\" title=\"Afficher le PDF\"><\/a><a href=\"https:\/\/la-presse-anarchiste.net\/index.php\/wp-json\/wp\/v2\/posts\/1338?print=print\" class=\"pdfprnt-button pdfprnt-button-print\" target=\"_blank\"><img decoding=\"async\" src=\"https:\/\/la-presse-anarchiste.net\/wp-content\/plugins\/pdf-print\/images\/print.png\" alt=\"image_print\" title=\"Contenu imprim\u00e9\"><\/a><\/div><p>&nbsp;<\/p>\n<p style=\"margin-right: 0.68cm; text-indent: 1.47cm; margin-bottom: 0cm;\" align=\"justify\" lang=\"fr-FR\">\n<font color=\"#000000\"><font face=\"Garamond\"><font style=\"font-size: 13pt;\" size=\"3\"><i>En<br>\nnos temps de fiers \u00e0 bras (et \u00e0 plas\u00adtic) et&nbsp;de<br>\n\u00ab&nbsp;gran\u00addeurs&nbsp;\u00bb offi\u00adciel\u00adle\u00adment pro\u00adcla\u00adm\u00e9es,&nbsp;Louis<br>\nLecoin, qui depuis cinq ans dirige le men\u00adsuel \u00ab&nbsp;Libert\u00e9&nbsp;\u00bb,<br>\na pris, \u00e0 l\u2019\u00e2ge de 74 ans, l\u2019h\u00e9ro\u00efque<br>\nd\u00e9ci\u00adsion de faire la gr\u00e8ve de la faim, dans le dessein<br>\nd\u2019amener ain\u00adsi le pou\u00advoir, qui jusqu\u2019ici ne lui avait r\u00e9pondu<br>\nque par des pro\u00admesses non sui\u00advies d\u2019effet, \u00e0 tenir&nbsp;enfin<br>\nparole en lib\u00e9\u00adrant les objec\u00adteurs de conscience actuellement<br>\nd\u00e9te\u00adnus et en pro\u00adcla\u00admant le sta\u00adtut de l\u2019objection de<br>\nconscience, tel qu\u2019il existe comme on sait,&nbsp;d\u00e9j\u00e0,<br>\nentre autres, aux Etats-Unis, en Grande-Bre\u00adtagne et dans l\u2019Allemagne<br>\nde l\u2019Ouest. Puisse, au moment o\u00f9 nous \u00e9cri\u00advons&nbsp;ces<br>\nlignes (9 juin), le je\u00fbne de notre admi\u00adrable cama\u00adrade qui&nbsp;a<br>\ncom\u00admen\u00adc\u00e9 sa gr\u00e8ve de la faim le 1<sup>er<\/sup> du mois\u200a\u2014\u200asinon<br>\navoir d\u00e9j\u00e0 ces\u00ads\u00e9, du moins \u00eatre bient\u00f4t<br>\npr\u00e8s, tr\u00e8s pr\u00e8s, tout pr\u00e8s de son terme. Nous le sou\u00adhai\u00adtons, d\u2019amiti\u00e9, pour lui\u200a\u2014\u200aet pour&nbsp;le<br>\ntriomphe de sa cause, qui est celle de tous les gens de&nbsp;coeur.&nbsp;\u2014<br>\nVoi\u00adci la lettre si simple, et si forte, que d\u00e8s la fin du&nbsp;mois<br>\nde mai, Lecoin adres\u00adsait au chef de l\u2019\u00c9tat&nbsp;:<\/i><\/font><\/font><\/font><\/p>\n<p style=\"margin-right: 0.68cm; text-indent: 1.47cm; margin-bottom: 0cm;\" align=\"justify\" lang=\"fr-FR\">\n<\/p><p style=\"margin-right: 0.68cm; text-indent: 1.47cm; margin-bottom: 0cm;\" align=\"justify\" lang=\"fr-FR\">\n<font color=\"#000000\"><font face=\"Garamond\"><font style=\"font-size: 13pt;\" size=\"3\"><b>Ma<br>\nlettre au pr\u00e9\u00adsident de Gaulle<\/b><\/font><\/font><\/font><\/p>\n<p style=\"margin-right: 0.68cm; text-indent: 1.47cm; margin-bottom: 0cm;\" align=\"justify\" lang=\"fr-FR\">\n<\/p><p style=\"margin-right: 0.68cm; text-indent: 1.47cm; margin-bottom: 0cm;\" align=\"justify\" lang=\"fr-FR\">\n<font color=\"#000000\"><font face=\"Garamond\"><font style=\"font-size: 13pt;\" size=\"3\">Ce<br>\n28 mai&nbsp;1962.<\/font><\/font><\/font><\/p>\n<p style=\"margin-right: 0.68cm; text-indent: 1.47cm; margin-bottom: 0cm;\" align=\"justify\" lang=\"fr-FR\">\n<\/p><p style=\"margin-right: 0.68cm; text-indent: 1.47cm; margin-bottom: 0cm;\" align=\"justify\" lang=\"fr-FR\">\n<font color=\"#000000\"><font face=\"Garamond\"><font style=\"font-size: 13pt;\" size=\"3\">Mon\u00adsieur<br>\nle Pr\u00e9sident,<\/font><\/font><\/font><\/p>\n<p style=\"margin-right: 0.68cm; text-indent: 1.47cm; margin-bottom: 0cm;\" align=\"justify\" lang=\"fr-FR\">\n<font color=\"#000000\"><font face=\"Garamond\"><font style=\"font-size: 13pt;\" size=\"3\">Depuis<br>\ncinq ann\u00e9es que je me consacre pra\u00adti\u00adque\u00adment \u00e0&nbsp;la<br>\nd\u00e9fense d\u2019une cause qui est loin d\u2019\u00eatre une mauvaise<br>\ncause puisque vous-m\u00eame en avez maintes fois recon\u00adnu&nbsp;la<br>\nl\u00e9gi\u00adti\u00admi\u00adt\u00e9, j\u2019ai sou\u00advent \u00e9t\u00e9&nbsp;tent\u00e9<br>\nsoit d\u2019abandonner une lutte qui par\u00adfois m\u2019apparaissait sans<br>\nespoir, soit de me com\u00adpor\u00adter comme je le fais aujourd\u2019hui.<\/font><\/font><\/font><\/p>\n<p style=\"margin-right: 0.68cm; text-indent: 1.47cm; margin-bottom: 0cm;\" align=\"justify\">\n<span lang=\"fr-FR\"><font style=\"font-size: 13pt;\" size=\"3\"><font face=\"Garamond\"><font color=\"#000000\">Durant<br>\nces longs mois je fus confiant, patient&nbsp;; si je souf\u00adfris&nbsp;des<b><br>\n<\/b>ater\u00admoie\u00adments et des roue\u00adries de l\u2019Administration, cela<br>\nn\u2019apparut pas<b> <\/b>dans mon com\u00adpor\u00adte\u00adment. Je subis les avanies<br>\nmais ne m\u2019en plai\u00adgnis point\u200a\u2014\u200agar\u00addant en vue toujours<br>\nl\u2019\u00e9ventuelle lib\u00e9\u00adra\u00adtion des objec\u00adteurs de conscience<br>\nempri\u00adson\u00adn\u00e9s et la pro\u00admul\u00adga\u00adtion de leur sta\u00adtut, je n\u2019avais<br>\npas le droit de man\u00adquer de diplomatie.<\/font><\/font><\/font><\/span><\/p>\n<p style=\"margin-right: 0.68cm; text-indent: 1.47cm; margin-bottom: 0cm;\" align=\"justify\" lang=\"fr-FR\">\n<font color=\"#000000\"><font face=\"Garamond\"><font style=\"font-size: 13pt;\" size=\"3\">Mais<br>\ntout \u00e0 des limites. Ces len\u00adteurs m\u2019ont us\u00e9. Je n\u2019en<br>\npuis&nbsp;plus.<\/font><\/font><\/font><\/p>\n<p style=\"margin-right: 0.68cm; text-indent: 1.47cm; margin-bottom: 0cm;\" align=\"justify\">\n<span lang=\"fr-FR\"><font style=\"font-size: 13pt;\" size=\"3\"><font face=\"Garamond\"><font color=\"#000000\">J\u2019avais<br>\nla convic\u00adtion qu\u2019avec le ces\u00adsez-le-feu, l\u2019\u00e9largissement de<br>\nces<b> <\/b>empri\u00adson\u00adn\u00e9s ne pour\u00adrait tar\u00adder, que les engagements<br>\npris \u00e0 leur sujet depuis<b> <\/b>1958 seraient tout de&nbsp;suite<br>\ntenus. On me l\u2019a garan\u00adti de dif\u00adf\u00e9\u00adrents&nbsp;c\u00f4t\u00e9s<b><br>\n<\/b>pen\u00addant ces trois der\u00adniers mois&nbsp;; de nom\u00adbreuses personnalit\u00e9s<br>\u200a\u2014\u200acer\u00adtaines<b> <\/b>qui vous touchent de tr\u00e8s&nbsp;pr\u00e8s&nbsp;\u2014<br>\nm\u2019ont dit&nbsp;: \u00ab&nbsp;Soyez ras\u00adsu\u00adr\u00e9, De Gaulle<b> <\/b>tien\u00addra<br>\nses promesses.&nbsp;\u00bb<\/font><\/font><\/font><\/span><\/p>\n<p style=\"margin-right: 0.68cm; text-indent: 1.47cm; margin-bottom: 0cm;\" align=\"justify\" lang=\"fr-FR\">\n<font color=\"#000000\"><font face=\"Garamond\"><font style=\"font-size: 13pt;\" size=\"3\">Savez-vous,<br>\nMon\u00adsieur le Pr\u00e9\u00adsident, que m\u00eame encore en ce moment je<br>\nn\u2019en doute pas. Et si je com\u00admence la gr\u00e8ve de la faim ce 1<sup>er<\/sup><br>\njuin c\u2019est pour avoir l\u2019assurance qu\u2019aucun de vos subordonn\u00e9s,<br>\nqu\u2019aucun grand direc\u00adteur, n\u2019osera dres\u00adser un \u00e9cran&nbsp;entre<br>\nvous et les objec\u00adteurs de conscience, ni man\u0153u\u00advrer pour&nbsp;vous<br>\nemp\u00ea\u00adcher d\u2019agir envers eux comme vous avez pro\u00admis de&nbsp;le<br>\nfaire.<\/font><\/font><\/font><\/p>\n<p style=\"margin-right: 0.68cm; text-indent: 1.47cm; margin-bottom: 0cm;\" align=\"justify\" lang=\"fr-FR\">\n<font color=\"#000000\"><font face=\"Garamond\"><font style=\"font-size: 13pt;\" size=\"3\">Comme<br>\nvous le ferez, j\u2019en suis convain\u00adcu, lorsque les attard\u00e9s,<br>\nles obtus, dont les minis\u00adt\u00e8res sont encom\u00adbr\u00e9s,&nbsp;se<br>\nterreront.<\/font><\/font><\/font><\/p>\n<p style=\"margin-right: 0.68cm; text-indent: 1.47cm; margin-bottom: 0cm;\" align=\"justify\">\n<span lang=\"fr-FR\"><font style=\"font-size: 13pt;\" size=\"3\"><font face=\"Garamond\"><font color=\"#000000\">Mais<br>\nde quelle fa\u00e7on l\u2019apprendrais-je&nbsp;? Jusqu\u2019\u00e0 ce&nbsp;jour<br>\non a tant pro\u00admis sans jamais don\u00adner\u200a\u2014\u200asauf la lib\u00e9\u00adra\u00adtion&nbsp;des<br>\nobjec\u00adteurs apr\u00e8s cinq ann\u00e9es d\u2019emprisonnement et&nbsp;que<br>\nnous ne devons qu\u2019\u00e0 vous-m\u00eame. Je ne<b> <\/b>conna\u00ee\u00adtrai<br>\ndonc le sort de ces paci\u00adfistes qu\u2019en les voyant sor\u00adtir de prison.<br>\nD\u2019ici l\u00e0 il me faut par cons\u00e9\u00adquent persister<br>\nabso\u00adlu\u00adment dans ma gr\u00e8ve de la faim. Ce n\u2019est pas un acte&nbsp;de<br>\nd\u00e9fiance \u00e0 votre \u00e9gard, Mon\u00adsieur le Pr\u00e9sident,<br>\nc\u2019est un argu\u00adment contre les conseillers n\u00e9fastes et&nbsp;haut<br>\npla\u00adc\u00e9s qui vou\u00addraient r\u00e9ci\u00addi\u00adver et vous&nbsp;faire<br>\nappa\u00adra\u00eetre plus injuste que vous ne l\u2019\u00eates.<\/font><\/font><\/font><\/span><\/p>\n<p style=\"margin-right: 0.68cm; text-indent: 1.47cm; margin-bottom: 0cm;\" align=\"justify\" lang=\"fr-FR\">\n<font color=\"#000000\"><font face=\"Garamond\"><font style=\"font-size: 13pt;\" size=\"3\">Injuste,<br>\ncertes, vous l\u2019\u00eates pour les d\u00e9te\u00adnus en ques\u00adtion.&nbsp;Ils<br>\nne sont pas cou\u00adpables \u00e0 vos yeux et vous les avez maintenus<br>\ndans les cachots. Rap\u00adpe\u00adlez-vous, vous avez d\u00e9cla\u00adr\u00e9&nbsp;\u00e0<br>\nl\u2019abb\u00e9 Pierre, voi\u00adl\u00e0 trois ans \u00ab&nbsp;qu\u2019il&nbsp;\u00e9tait<br>\nabsurde et indigne de lais\u00adser trai\u00adter les objec\u00adteurs de conscience en<br>\nd\u00e9linquants&nbsp;\u00bb.<\/font><\/font><\/font><\/p>\n<p style=\"margin-right: 0.68cm; text-indent: 1.47cm; margin-bottom: 0cm;\" align=\"justify\" lang=\"fr-FR\">\n<font color=\"#000000\"><font face=\"Garamond\"><font style=\"font-size: 13pt;\" size=\"3\">Et<br>\ndepuis, rien de chan\u00adg\u00e9 pour eux alors que vous pou\u00advez&nbsp;tout.<\/font><\/font><\/font><\/p>\n<p style=\"margin-right: 0.68cm; text-indent: 1.47cm; margin-bottom: 0cm;\" align=\"justify\" lang=\"fr-FR\">\n<font color=\"#000000\"><font face=\"Garamond\"><font style=\"font-size: 13pt;\" size=\"3\">Vous<br>\navez \u00e9crit, \u00e0 la m\u00eame \u00e9poque, \u00e0&nbsp;M.<br>\nGuy Mol\u00adlet, que vous met\u00adtriez fin au cal\u00advaire des objec\u00adteurs quand&nbsp;le<br>\nmoment vous sem\u00adble\u00adrait opportun.<\/font><\/font><\/font><\/p>\n<p style=\"margin-right: 0.68cm; text-indent: 1.47cm; margin-bottom: 0cm;\" align=\"justify\" lang=\"fr-FR\">\n<font color=\"#000000\"><font face=\"Garamond\"><font style=\"font-size: 13pt;\" size=\"3\">Ce<br>\nmoment ne serait-il pas enfin&nbsp;venu&nbsp;?<\/font><\/font><\/font><\/p>\n<p style=\"margin-right: 0.68cm; text-indent: 1.47cm; margin-bottom: 0cm;\" align=\"justify\" lang=\"fr-FR\">\n<font color=\"#000000\"><font face=\"Garamond\"><font style=\"font-size: 13pt;\" size=\"3\">Nous<br>\nn\u2019ergoterons pas \u00e0 pro\u00adpos de bonnes inten\u00adtions demeu\u00adrant&nbsp;en<br>\nsom\u00admeil si long\u00adtemps, ce n\u2019est d\u00e9j\u00e0 pas si mal&nbsp;que<br>\nvous les ayez eues\u200a\u2014\u200ales gou\u00adver\u00adnants qui pas\u00ads\u00e8rent avant<br>\nvous n\u2019y pen\u00ads\u00e8rent m\u00eame&nbsp;pas.<\/font><\/font><\/font><\/p>\n<p style=\"margin-right: 0.68cm; text-indent: 1.47cm; margin-bottom: 0cm;\" align=\"justify\" lang=\"fr-FR\">\n<font color=\"#000000\"><font face=\"Garamond\"><font style=\"font-size: 13pt;\" size=\"3\">Mais<br>\nmain\u00adte\u00adnant ce serait grave si ces inten\u00adtions n\u2019entraient pas&nbsp;tr\u00e8s<br>\nvite dans les faits, ce serait presque un parjure.<\/font><\/font><\/font><\/p>\n<p style=\"margin-right: 0.68cm; text-indent: 1.47cm; margin-bottom: 0cm;\" align=\"justify\" lang=\"fr-FR\">\n<font color=\"#000000\"><font face=\"Garamond\"><font style=\"font-size: 13pt;\" size=\"3\">Aujourd\u2019hui,<br>\nquand tant d\u2019officiers dits sup\u00e9\u00adrieurs d\u00e9sob\u00e9issent,<br>\nn\u2019ob\u00e9issent pas ou ob\u00e9issent si peu, qui aurait le<br>\nfront de vous d\u00e9sap\u00adprou\u00adver de rendre la liber\u00adt\u00e9&nbsp;aux<br>\nobjec\u00adteurs de conscience, eux qui ne firent de mal \u00e0 personne&nbsp;?<\/font><\/font><\/font><\/p>\n<p style=\"margin-right: 0.68cm; text-indent: 1.47cm; margin-bottom: 0cm;\" align=\"justify\" lang=\"fr-FR\">\n<font color=\"#000000\"><font face=\"Garamond\"><font style=\"font-size: 13pt;\" size=\"3\">Lib\u00e9\u00adrez-les,<br>\nMon\u00adsieur le Pr\u00e9sident.<\/font><\/font><\/font><\/p>\n<p style=\"margin-right: 0.68cm; text-indent: 1.47cm; margin-bottom: 0cm;\" align=\"justify\" lang=\"fr-FR\">\n<font color=\"#000000\"><font face=\"Garamond\"><font style=\"font-size: 13pt;\" size=\"3\">Ain\u00adsi,<br>\npar sur\u00adcro\u00eet, vous me lais\u00adse\u00adriez la&nbsp;vie.<\/font><\/font><\/font><\/p>\n<p style=\"margin-right: 0.68cm; text-indent: 1.47cm; margin-bottom: 0cm;\" align=\"justify\" lang=\"fr-FR\">\n<font color=\"#000000\"><font face=\"Garamond\"><font style=\"font-size: 13pt;\" size=\"3\">Dans<br>\ncette double esp\u00e9\u00adrance je ter\u00admine cette lettre en&nbsp;vous<br>\nadres\u00adsant un double mer\u00adci&nbsp;: un pour les objec\u00adteurs et, pour\u00adquoi&nbsp;pas,<br>\nun pour&nbsp;moi.<\/font><\/font><\/font><\/p>\n<p style=\"margin-right: 0.68cm; text-indent: 1.47cm; margin-bottom: 0cm;\" align=\"justify\" lang=\"fr-FR\">\n<font color=\"#000000\"><font face=\"Garamond\"><font style=\"font-size: 13pt;\" size=\"3\"><b>Louis<br>\nLecoin<\/b><\/font><\/font><\/font><\/p>\n<p style=\"margin-right: 0.68cm; text-indent: 1.47cm; margin-bottom: 0cm;\" align=\"justify\" lang=\"fr-FR\">\n<\/p><p style=\"margin-right: 0.68cm; text-indent: 1.47cm; margin-bottom: 0cm;\" align=\"justify\" lang=\"fr-FR\">\n<font color=\"#000000\"><font face=\"Garamond\"><font style=\"font-size: 13pt;\" size=\"3\">P.-S.<br>\u200a\u2014\u200aJ\u2019ai tou\u00adjours consi\u00add\u00e9\u00adr\u00e9 la gr\u00e8ve de&nbsp;la<br>\nfaim comme \u00e9tant une mani\u00adfes\u00adta\u00adtion p\u00e9rilleuse au&nbsp;plus<br>\nhaut point. J\u2019accomplis celle-ci dans les bureaux de Secours aux<br>\nobjec\u00adteurs de conscience, sous ma propre sur\u00adveillance. Ayant&nbsp;pris<br>\nl\u2019engagement de ne m\u2019alimenter sous aucune forme\u200a\u2014\u200ame<br>\nconten\u00adtant de boire \u00e0 ma soif l\u2019eau du robi\u00adnet\u200a\u2014\u200aon&nbsp;doit<br>\nme croire, Mon\u00adsieur le Pr\u00e9\u00adsident&nbsp;; je ne suis pas homme&nbsp;\u00e0<br>\ntru\u00adquer, \u00e0 tri\u00adcher dans pareil cas. Au sur\u00adplus, mon&nbsp;\u00e9tat<br>\nde san\u00adt\u00e9 four\u00adni\u00adra la preuve de mon hon\u00adn\u00ea\u00adte\u00adt\u00e9&nbsp;au<br>\nfur et \u00e0 mesure que je m\u2019engagerai plus profond\u00e9ment<br>\ndans cette entreprise.<\/font><\/font><\/font><\/p>\n<p style=\"margin-right: 0.68cm; text-indent: 1.47cm; margin-bottom: 0cm;\" align=\"justify\" lang=\"fr-FR\">\n<font color=\"#000000\"><font face=\"Garamond\"><font style=\"font-size: 13pt;\" size=\"3\"><i>L.<br>\nL.<\/i><\/font><\/font><\/font><\/p>\n<p style=\"margin-right: 0.68cm; text-indent: 1.47cm; margin-bottom: 0cm;\" align=\"justify\">\n<span lang=\"fr-FR\"><font style=\"font-size: 13pt;\" size=\"3\"><font face=\"Garamond\"><font color=\"#000000\">(<i>Liber\u00adt\u00e9,<br>\n<\/i>1<sup>er<\/sup> juin&nbsp;1962)<\/font><\/font><\/font><\/span><\/p>\n<p style=\"margin-right: 0.68cm; text-indent: 1.47cm; margin-bottom: 0cm;\" align=\"justify\" lang=\"fr-FR\">\n<\/p><p style=\"margin-right: 0.68cm; text-indent: 1.47cm; margin-bottom: 0cm;\" align=\"justify\" lang=\"fr-FR\">\n<font color=\"#000000\"><font face=\"Garamond\"><font style=\"font-size: 13pt;\" size=\"3\">On<br>\nle sait, le prin\u00adcipe de l\u2019adoption d\u2019un sta\u00adtut des objecteurs<br>\nayant \u00e9t\u00e9 approu\u00adv\u00e9 en Conseil des ministres,<br>\nLecoin, apr\u00e8s une d\u00e9j\u00e0 trop longue \u00e9preuve,<br>\na pu ces\u00adser de je\u00fb\u00adner. Pour une fois, la toute-puis\u00adsance&nbsp;de<br>\nl\u2019Etat s\u2019est incli\u00adn\u00e9e devant un homme, m\u00eame si&nbsp;le<br>\nsta\u00adtut des objec\u00adteurs, en pro\u00adjet, s\u2019accompagne de clauses o\u00f9<br>\nse refl\u00e8te encore (dur\u00e9e de moi\u00adti\u00e9 plus longue<br>\ndu ser\u00advice civil rela\u00adti\u00adve\u00adment au mili\u00adtaire, et sur\u00adtout suspension<br>\npure et simple du sta\u00adtut en cas de guerre) la s\u00e9culaire<br>\nava\u00adrice morale de l\u2019administration et des l\u00e9gistes en&nbsp;un<br>\npays de tra\u00addi\u00adtion cen\u00adtra\u00adliste tel que la France de Phi\u00adlippe Le&nbsp;Bel,<br>\nde Louis XIV et (quel que soit son num\u00e9\u00adro), de la R\u00e9publique<br>\nune et indivisible.<\/font><\/font><\/font><\/p>\n","protected":false},"excerpt":{"rendered":"<p>&nbsp; En nos temps de fiers \u00e0 bras (et \u00e0 plas\u00adtic) et&nbsp;de \u00ab&nbsp;gran\u00addeurs&nbsp;\u00bb offi\u00adciel\u00adle\u00adment pro\u00adcla\u00adm\u00e9es,&nbsp;Louis Lecoin, qui depuis cinq ans dirige le men\u00adsuel \u00ab&nbsp;Liber\u00adt\u00e9&nbsp;\u00bb, a pris, \u00e0 l\u2019\u00e2ge de 74 ans, l\u2019h\u00e9ro\u00efque d\u00e9ci\u00adsion de faire la gr\u00e8ve de la faim, dans le des\u00adsein d\u2019amener ain\u00adsi le pou\u00advoir, qui jusqu\u2019ici ne lui avait r\u00e9pon\u00addu que&nbsp;par&nbsp;[\u2026]<\/p>\n","protected":false},"author":1,"featured_media":0,"comment_status":"closed","ping_status":"closed","sticky":false,"template":"","format":"standard","meta":{"wp_typography_post_enhancements_disabled":false,"footnotes":""},"categories":[148],"tags":[],"ppma_author":[540],"class_list":["post-1338","post","type-post","status-publish","format-standard","hentry","category-temoins-n30-ete-1962"],"authors":[{"term_id":540,"user_id":1,"is_guest":0,"slug":"admin_3gikpwyf","display_name":"Vincent Dubuc","avatar_url":"https:\/\/secure.gravatar.com\/avatar\/d015720652c25fd2ced191ade86430094e1f288a17483713e3b34d26dea52507?s=96&d=mm&r=g","author_category":"","user_url":"https:\/\/la-presse-anarchiste.net","last_name":"Dubuc","first_name":"Vincent","job_title":"","description":""}],"_links":{"self":[{"href":"https:\/\/la-presse-anarchiste.net\/index.php\/wp-json\/wp\/v2\/posts\/1338","targetHints":{"allow":["GET"]}}],"collection":[{"href":"https:\/\/la-presse-anarchiste.net\/index.php\/wp-json\/wp\/v2\/posts"}],"about":[{"href":"https:\/\/la-presse-anarchiste.net\/index.php\/wp-json\/wp\/v2\/types\/post"}],"author":[{"embeddable":true,"href":"https:\/\/la-presse-anarchiste.net\/index.php\/wp-json\/wp\/v2\/users\/1"}],"replies":[{"embeddable":true,"href":"https:\/\/la-presse-anarchiste.net\/index.php\/wp-json\/wp\/v2\/comments?post=1338"}],"version-history":[{"count":0,"href":"https:\/\/la-presse-anarchiste.net\/index.php\/wp-json\/wp\/v2\/posts\/1338\/revisions"}],"wp:attachment":[{"href":"https:\/\/la-presse-anarchiste.net\/index.php\/wp-json\/wp\/v2\/media?parent=1338"}],"wp:term":[{"taxonomy":"category","embeddable":true,"href":"https:\/\/la-presse-anarchiste.net\/index.php\/wp-json\/wp\/v2\/categories?post=1338"},{"taxonomy":"post_tag","embeddable":true,"href":"https:\/\/la-presse-anarchiste.net\/index.php\/wp-json\/wp\/v2\/tags?post=1338"},{"taxonomy":"author","embeddable":true,"href":"https:\/\/la-presse-anarchiste.net\/index.php\/wp-json\/wp\/v2\/ppma_author?post=1338"}],"curies":[{"name":"wp","href":"https:\/\/api.w.org\/{rel}","templated":true}]}}