{"id":1349,"date":"1981-09-01T00:06:37","date_gmt":"1981-09-01T00:06:37","guid":{"rendered":"https:\/\/la-presse-anarchiste.net\/index.php\/2008\/03\/11\/anarchisme-en-hongrie\/"},"modified":"2024-05-12T18:53:34","modified_gmt":"2024-05-12T18:53:34","slug":"anarchisme-en-hongrie","status":"publish","type":"post","link":"https:\/\/la-presse-anarchiste.net\/index.php\/1981\/09\/01\/anarchisme-en-hongrie\/","title":{"rendered":"Anarchisme en Hongrie"},"content":{"rendered":"<div class=\"pdfprnt-buttons pdfprnt-buttons-post pdfprnt-top-right\"><a href=\"https:\/\/la-presse-anarchiste.net\/index.php\/wp-json\/wp\/v2\/posts\/1349?print=pdf\" class=\"pdfprnt-button pdfprnt-button-pdf\" target=\"_blank\"><img decoding=\"async\" src=\"https:\/\/la-presse-anarchiste.net\/wp-content\/plugins\/pdf-print\/images\/pdf.png\" alt=\"image_pdf\" title=\"Afficher le PDF\"><\/a><a href=\"https:\/\/la-presse-anarchiste.net\/index.php\/wp-json\/wp\/v2\/posts\/1349?print=print\" class=\"pdfprnt-button pdfprnt-button-print\" target=\"_blank\"><img decoding=\"async\" src=\"https:\/\/la-presse-anarchiste.net\/wp-content\/plugins\/pdf-print\/images\/print.png\" alt=\"image_print\" title=\"Contenu imprim\u00e9\"><\/a><\/div><p style=\"text-align: justify;\">La Hon\u00adgrie est avec la Bul\u00adga\u00adrie et l\u2019Al\u00adle\u00admagne de l\u2019Est, dont nous avons d\u00e9j\u00e0 par\u00adl\u00e9, l\u2019un des rares Pays de l\u2019Est o\u00f9 les com\u00admu\u00adnistes ont ren\u00adcon\u00adtr\u00e9 un mou\u00adve\u00adment anar\u00adchiste orga\u00adni\u00ads\u00e9 et tr\u00e8s actif. Nous n\u2019a\u00advons trou\u00adv\u00e9 qu\u2019un seul docu\u00adment sur le mou\u00adve\u00adment anar\u00adchiste hon\u00adgrois d\u2019a\u00adpr\u00e8s-guerre jus\u00adqu\u2019\u00e0 sa liqui\u00adda\u00adtion par les com\u00admu\u00adnistes. C\u2019est un long article du \u00ab&nbsp;Liber\u00adtaire&nbsp;\u00bb de 1950 \u00e9crit par un par\u00adti\u00adci\u00adpant \u00e0 ces \u00e9v\u00e8\u00adne\u00adments, tr\u00e8s docu\u00admen\u00adt\u00e9 et tr\u00e8s pr\u00e9\u00adcieux. Nous n\u2019a\u00advons pas pour habi\u00adtude de repu\u00adblier des articles d\u00e9j\u00e0 dis\u00adpo\u00adnibles en fran\u00ad\u00e7ais. Mais le docu\u00adment \u00e9tant unique, aucune syn\u00adth\u00e8se n\u2019est pos\u00adsible. Comme il exis\u00adtait d\u00e9j\u00e0 un r\u00e9su\u00adm\u00e9 de cet article, nous le repro\u00addui\u00adsons car il nous semble satisfaisant.<\/p>\n<p style=\"text-align: justify;\">Nous publions aus\u00adsi un r\u00e9su\u00adm\u00e9 d\u2019un article n\u00e9cro\u00adlo\u00adgique paru il y a deux ans sur un vieux mili\u00adtant anar\u00adchiste hon\u00adgrois. Il nous a sem\u00adbl\u00e9 int\u00e9\u00adres\u00adsant sur\u00adtout par les extraits de cor\u00adres\u00adpon\u00addance qu\u2019il contient sur le pro\u00adbl\u00e8me de l\u2019Es\u00adpagne post-fran\u00adquiste et de la recons\u00adtruc\u00adtion de la CNT. On a rare\u00adment l\u2019oc\u00adca\u00adsion de savoir com\u00adment un anar\u00adchiste des Pays de l\u2019Est voit et res\u00adsent de tels \u00e9v\u00e8nements.<\/p>\n<p style=\"text-align: justify;\">Pour com\u00adpl\u00e9\u00adter ces deux articles sur l\u2019a\u00adnar\u00adchisme en Hon\u00adgrie on peut se r\u00e9f\u00e9\u00adrer \u00e0 deux autres articles paru dans Iztok et qui abor\u00addaient la pen\u00ads\u00e9e anti-auto\u00adri\u00adtaire dans ce pays&nbsp;: \u00ab&nbsp;Entre\u00advue avec Ist\u00advan Keme\u00adny&nbsp;\u00bb, un socio\u00adlogue anti-auto\u00adri\u00adtaire aujourd\u2019\u00adhui exi\u00adl\u00e9 en France (Iztok N\u00b01) et \u00ab&nbsp;Gyor\u00adgy Dalos&nbsp;\u00bb, un dis\u00adsi\u00addent qui a des aspects liber\u00adtaires par\u00adfois dans ses po\u00e9\u00adsies (Iztok N\u00b03).<\/p>\n<p style=\"text-align: center;\">\u2014 O \u2014<\/p>\n<h5 style=\"text-align: justify;\">La liquidation 1944 \u2013&nbsp;1948<\/h5>\n<p style=\"text-align: justify;\">\u00ab&nbsp;Le Liber\u00adtaire&nbsp;\u00bb publiait dans ses num\u00e9\u00adros du 8 et du 22 sep\u00adtembre 1950 une \u00e9tude de l\u2019a\u00adnar\u00adchiste hon\u00adgrois G.A. Sous le titre \u00ab&nbsp;De la ter\u00adreur blanche \u00e0 la ter\u00adreur rouge avec la f\u00e9d\u00e9\u00adra\u00adtion anar\u00adchiste de Hon\u00adgrie&nbsp;\u00bb. Le cama\u00adrade G.A. Avait quit\u00adt\u00e9 la Hon\u00adgrie apr\u00e8s avoir par\u00adti\u00adci\u00adp\u00e9 \u00e0 la r\u00e9or\u00adga\u00adni\u00adsa\u00adtion du mou\u00adve\u00adment anar\u00adchiste au moment de la \u00ab&nbsp;Lib\u00e9ration&nbsp;\u00bb.<\/p>\n<p style=\"text-align: justify;\">Voi\u00adci r\u00e9su\u00adm\u00e9 pour ceux qui ne pour\u00adraient se r\u00e9f\u00e9\u00adrer \u00e0 ces deux num\u00e9\u00adros du \u00ab&nbsp;Lib&nbsp;\u00bb quelle \u00e9tait alors, selon le cama\u00adrade G.A. La situa\u00adtion du mouvement.<\/p>\n<p>1. Le mou\u00adve\u00adment anar\u00adchiste de Hon\u00adgrie n\u2019exis\u00adtait pas jus\u00adqu\u2019en 1944. Les rares sur\u00advi\u00advants des anciens groupes anar\u00adchistes liqui\u00add\u00e9s par Bela Kun puis Hor\u00adty \u00e9taient grou\u00adp\u00e9s autour du vieux cama\u00adrade TOROCKOI (80 ans en&nbsp;1945).<\/p>\n<p style=\"text-align: justify;\">Les aris\u00adto\u00adcrates roya\u00adlistes et anglo\u00adphiles menaient la r\u00e9sis\u00adtance la plus effi\u00adcace contre les alle\u00admands. Les com\u00admu\u00adnistes, mal\u00adgr\u00e9 leur orga\u00adni\u00adsa\u00adtion et leurs moyens finan\u00adciers se bor\u00adnaient \u00e0 la pro\u00adpa\u00adgande dans les autres groupes de r\u00e9sis\u00adtance et se pr\u00e9\u00adpa\u00adraient \u00e0 sor\u00adtir intacts de cette p\u00e9riode pour se jeter apr\u00e8s la lib\u00e9\u00adra\u00adtion contre les autres par\u00adtis affai\u00adblis par leurs pertes.<\/p>\n<p style=\"text-align: justify;\">2. La pre\u00admi\u00e8re action liber\u00adtaire n\u2019est sur\u00adve\u00adnue qu\u2019en juin 1944, orga\u00adni\u00ads\u00e9e par un groupe d\u2019\u00e9\u00adtu\u00addiants anar\u00adchistes, conduite par le sur\u00adnom\u00adm\u00e9 CHRIST, po\u00e8te de quinze ans, dans une petite ville du&nbsp;nord.<\/p>\n<p style=\"text-align: justify;\">Empri\u00adson\u00adn\u00e9, Christ prend contact avec Aton M.&nbsp;du groupe anar\u00adchiste hon\u00adgrois et you\u00adgo\u00adslave de la BACSKA (au sud) comp\u00adtant une cen\u00adtaine de membres et l\u2019un des deux plus impor\u00adtants groupes de r\u00e9sis\u00adtance du pays avec celui \u00ab&nbsp;G\u00e9n\u00e9\u00adral de G\u00f6r\u00adgey&nbsp;\u00bb op\u00e9\u00adrant dans les for\u00eats de la Bako\u00adni (au centre).<\/p>\n<p style=\"text-align: justify;\">4. Sor\u00adtis de pri\u00adson \u00e0 la faveur du putsch fas\u00adciste anti-hor\u00adtyste de Sza\u00adla\u00adzi (octobre 1944), Christ et l\u2019a\u00adnar\u00adchiste d\u2019o\u00adri\u00adgine russe Alexei KORSAKINE se mettent en rap\u00adport avec Toro\u00adckoi et avec P .M., \u00e9tu\u00addiant ayant for\u00adm\u00e9 un groupe anar\u00adchiste sou\u00adte\u00adnu par les com\u00admu\u00adnistes. Ils com\u00admencent imm\u00e9\u00addia\u00adte\u00adment \u00e0 har\u00adce\u00adler les troupes de l\u2019Axe, Christ avec le groupe SZ. F. (Jeu\u00adnesse Liber\u00adtaire), Kor\u00adsa\u00adkine et les mili\u00adtants anar\u00adchistes, tous ayant adop\u00adt\u00e9 la cein\u00adture rouge deve\u00adnue l\u00e9gen\u00addaire de Korsakine.<\/p>\n<p style=\"text-align: justify;\">5. Apr\u00e8s que l\u2019offre de l\u2019u\u00adni\u00adt\u00e9 d\u2019ac\u00adtion sous l\u2019\u00e9\u00adgide du P.C. fut repous\u00ads\u00e9e, celui-ci d\u00e9non\u00ad\u00e7a le mou\u00adve\u00adment anar\u00adchiste aux alle\u00admands qui arr\u00ea\u00adt\u00e8rent 67 mili\u00adtants dont P.M.&nbsp;por\u00adteur de l\u2019offre (7 et 9 d\u00e9cembre 1944). Le groupe de P.M.&nbsp;scis\u00adsion\u00adna et les deux tiers de ses membres pas\u00ads\u00e8rent au P.C.<\/p>\n<p style=\"text-align: justify;\">6. Les mili\u00adtants anar\u00adchistes de Kor\u00adsa\u00adkine pro\u00advo\u00adqu\u00e8rent le seul sou\u00adl\u00e8\u00adve\u00adment popu\u00adlaire de la r\u00e9sis\u00adtance, signa\u00adl\u00e9 d\u2019ailleurs par toutes les radios alli\u00e9es, Radio Mos\u00adcou fai\u00adsant pas\u00adser l\u2019ac\u00adtion pour com\u00admu\u00adniste. Dans le quar\u00adtier cen\u00adtral de Buda\u00adpest une petite foule conduite par les mili\u00adtants anar\u00adchistes arbo\u00adrant les cein\u00adtures rouges enva\u00adhit et d\u00e9trui\u00adsit deux uni\u00adt\u00e9s de la marine flu\u00adviale hon\u00adgroise (dont une appar\u00adte\u00adnait au chef de l\u2019\u00c9tat).<\/p>\n<p style=\"text-align: justify;\">7.La nuit sui\u00advante le groupe SZ. F. fai\u00adsait sau\u00adter un d\u00e9p\u00f4t de muni\u00adtions dans les cata\u00adcombes du mont Varhe\u00adgy au des\u00adsus du fort et du palais royal.<\/p>\n<p style=\"text-align: justify;\">8. Un troi\u00adsi\u00e8me groupe du mou\u00adve\u00adment fut arr\u00ea\u00adt\u00e9 et pas\u00ads\u00e9 par les armes, ten\u00adtant un assaut contre une r\u00e9si\u00addence du par\u00adti&nbsp;nazi.<\/p>\n<p style=\"text-align: justify;\">9. Le groupe SZ. F. avec Christ conti\u00adnue les sabo\u00adtages jus\u00adqu\u2019au com\u00admen\u00adce\u00adment de la bataille de Buda\u00adpest qui dura 6 semaines et fit 200.000 vic\u00adtimes. Puis le mou\u00adve\u00adment anar\u00adchiste d\u00e9cide (Kor\u00adsa\u00adkine votant seul contre) de sau\u00adve\u00adgar\u00adder ses forces pour la lutte poli\u00adtique \u00e0 pr\u00e9\u00advoir apr\u00e8s la lib\u00e9\u00adra\u00adtion. Les hommes aux cein\u00adtures rouges appa\u00adrais\u00adsaient cepen\u00addant dans les rigades de tra\u00advail, les h\u00f4pi\u00adtaux, par\u00adtout o\u00f9 ils pou\u00advaient se rendre utiles.<\/p>\n<p style=\"text-align: justify;\">10. En juillet 1945 se regroupent les mili\u00adtants du mou\u00adve\u00adment anar\u00adchiste. Trois ten\u00addances se firent jour. Celle de P.M.&nbsp;grou\u00adpant ceux qui pr\u00e9\u00adf\u00e9\u00adraient tra\u00advailler en accord avec les com\u00admu\u00adnistes, esp\u00e9\u00adrant d\u00e9vier le P.C. apr\u00e8s la lutte de la bour\u00adgeoi\u00adsie&nbsp;; celle de Toro\u00adckoy par\u00adti\u00adsan d\u2019une l\u00e9ga\u00adli\u00adsa\u00adtion du mou\u00adve\u00adment et celle de Kor\u00adsa\u00adkine et de Christ vou\u00adlant conti\u00adnuer la lutte com\u00adba\u00adtive, cette fois-ci contre l\u2019\u00c9\u00adtat et contre les troupes russes.<\/p>\n<p style=\"text-align: justify;\">11. Chaque groupe s\u2019\u00e9\u00adtant d\u00e9cla\u00adr\u00e9 soli\u00addaire avec celui dont le prin\u00adcipe allait \u00eatre vot\u00e9 \u00e0 la majo\u00adri\u00adt\u00e9, celle-ci revint \u00e0 Toro\u00adckoy qui deman\u00adda imm\u00e9\u00addia\u00adte\u00adment la l\u00e9ga\u00adli\u00adsa\u00adtion du Mou\u00adve\u00adment Anar\u00adchiste accor\u00add\u00e9e, puis reti\u00adr\u00e9e sur l\u2019ordre du mar\u00e9\u00adchal Voro\u00adchi\u00adlov. Mal\u00adgr\u00e9 cela Toro\u00adckoy par\u00advint \u00e0 conclure un accord avec les diri\u00adgeants du pays (gou\u00adver\u00adne\u00adment de coa\u00adli\u00adtion de 4 par\u00adtis) selon lequel l\u2019ac\u00adtion anar\u00adchiste serait libre jus\u00adqu\u2019au point o\u00f9 cette acti\u00advi\u00adt\u00e9 pour\u00adrait \u00eatre consi\u00add\u00e9\u00adr\u00e9e comme sabo\u00adtage des acti\u00advi\u00adt\u00e9s gou\u00adver\u00adne\u00admen\u00adtales.. Aus\u00adsi\u00adt\u00f4t une impri\u00adme\u00adrie fut ins\u00adtal\u00adl\u00e9e et la pro\u00adpa\u00adgande com\u00admen\u00adc\u00e9e. Le mou\u00adve\u00adment pos\u00ads\u00e9\u00addait en sep\u00adtembre 1945 pr\u00e8s de 500 militants.<\/p>\n<p style=\"text-align: justify;\">12. \u00ab&nbsp;Dans l\u2019u\u00adsine de l\u2019\u00eele de Cse\u00adpel<sup class=\"modern-footnotes-footnote modern-footnotes-footnote--expands-on-desktop \" data-mfn=\"1\" data-mfn-post-scope=\"000000006750c481000000001d41d6d6_1349\"><a href=\"javascript:void(0)\" role=\"button\" aria-pressed=\"false\" aria-describedby=\"mfn-content-000000006750c481000000001d41d6d6_1349-1\">1<\/a><\/sup><span id=\"mfn-content-000000006750c481000000001d41d6d6_1349-1\" role=\"tooltip\" class=\"modern-footnotes-footnote__note\" tabindex=\"0\" data-mfn=\"1\">Cha\u00adcun sait que Cse\u00adpel fut en 1956 \u00e0 la t\u00eate de l\u2019of\u00adfen\u00adsive ouvri\u00e8re et un des der\u00adniers bas\u00adtions de la r\u00e9sis\u00adtance o\u00f9 on conti\u00adnuait \u00e0 for\u00adger des armes sous le feu de l\u2019ar\u00adm\u00e9e rouge. D\u00e9j\u00e0 en mars 1919 la r\u00e9so\u00adlu\u00adtion de 20000 ouvriers de Cse\u00adpel apr\u00e8s s\u2019\u00eatre empa\u00adr\u00e9 des usines d\u2019adh\u00e9\u00adrer au P.C. Et de p\u00e9n\u00e9\u00adtrer en armes \u00e0 Buda\u00adpest pour r\u00e9vo\u00adlu\u00adtion\u00adner la ville et chas\u00adser le gou\u00adver\u00adne\u00adment avait \u00e9t\u00e9 d\u00e9ci\u00adsive. Le 10 ao\u00fbt, 1000 ouvriers des cen\u00adtu\u00adries syn\u00addi\u00adcales qui s\u2019\u00e9\u00adtaient ren\u00addus furent mas\u00adsa\u00adcr\u00e9s \u00e0 la mitrailleuse par les fran\u00adco-rou\u00admains (note de Noir et Rouge).<\/span> pr\u00e8s de Buda\u00adpest les ouvriers d\u00e9\u00e7us par la conduite anti\u00adso\u00adciale de leurs nou\u00adveaux syn\u00addi\u00adcats com\u00admu\u00adnistes se tour\u00adnaient avec sym\u00adpa\u00adthie vers notre mou\u00adve\u00adment, le seul qui ait vrai\u00adment repr\u00e9\u00adsen\u00adt\u00e9 leurs int\u00e9\u00adr\u00eats. Or le P.C. Bat\u00adtu aux \u00e9lec\u00adtions o\u00f9 les petits pay\u00adsans obte\u00adnaient la majo\u00adri\u00adt\u00e9 abso\u00adlue, mais de plus en plus fort gr\u00e2ce \u00e0 l\u2019ap\u00adpui sovi\u00e9\u00adtique, avait cru au pre\u00admier moment que le Mou\u00adve\u00adment anar\u00adchiste allait cen\u00adtra\u00adli\u00adser ses efforts pour le ren\u00adver\u00adse\u00adment du gou\u00adver\u00adne\u00adment (o\u00f9 les petits pay\u00adsans avaient la majo\u00adri\u00adt\u00e9) et affai\u00adblir l\u2019\u00c9\u00adglise Catho\u00adlique qui com\u00admen\u00ad\u00e7ait \u00e0 deve\u00adnir l\u2019en\u00adne\u00admi le plus puis\u00adsant des sta\u00adli\u00adniens. D\u00e8s que les diri\u00adgeants com\u00admu\u00adnistes se firent apper\u00ad\u00e7us du dan\u00adger que la concur\u00adrence anar\u00adchiste repr\u00e9\u00adsen\u00adtait dans les milieux ouvriers, Gabor Peter (chef de la police poli\u00adtique, plus tard ex\u00e9\u00adcu\u00adt\u00e9 comme titiste) lan\u00ad\u00e7a ses mili\u00adciens contre nous.&nbsp;\u00bb<\/p>\n<p style=\"text-align: justify;\">13. Toro\u00adckoy arr\u00ea\u00adt\u00e9 dis\u00adpa\u00adrut. Quatre \u00e9tu\u00addiants anar\u00adchistes ouvrirent le feu d\u2019un gre\u00adnier sur un d\u00e9fi\u00adl\u00e9 de troupes rouges, abat\u00adtant huit offi\u00adciers et sol\u00addats, puis mirent le feu \u00e0 leur abri et se don\u00adn\u00e8rent la mort. \u00ab&nbsp;Dans les usines de Cse\u00adpel les anar\u00adchistes pro\u00advo\u00adquaient la seule gr\u00e8ve qui eut lieu en Hon\u00adgrie apr\u00e8s la lib\u00e9\u00adra\u00adtion. Avant de pou\u00advoir prendre des pro\u00adpor\u00adtions impor\u00adtantes, elle fut \u00e9touf\u00adf\u00e9e par les mili\u00adciens de Gabor Peter. 30 ouvriers, dont 24 mili\u00adtants anar\u00adchistes furent ex\u00e9\u00adcu\u00adt\u00e9s sur le champs.&nbsp;\u00bb<\/p>\n<p style=\"text-align: justify;\">14. Christ, encore membre de la direc\u00adtion d\u2019un mou\u00adve\u00adment de jeu\u00adnesse de gauche, r\u00e9sis\u00adtait \u00e0 l\u2019emprise des membres com\u00admu\u00adnistes qui durent pro\u00advo\u00adquer une scis\u00adsion. Arr\u00ea\u00adt\u00e9, il fut lib\u00e9\u00adr\u00e9 par erreur et se r\u00e9fu\u00adgia \u00e0 la campagne.<\/p>\n<p style=\"text-align: justify;\">15. Le mou\u00adve\u00adment fut peu \u00e0 peu liqui\u00add\u00e9. Christ et Kor\u00adsa\u00adkine se retrou\u00adv\u00e8rent deux ans plus tard \u00e0 Buda\u00adpest. \u00ab&nbsp;\u00c0 cette \u00e9poque la lutte pour l\u2019a\u00adve\u00adnir du pays se d\u00e9rou\u00adlait entre l\u2019\u00c9\u00adtat et l\u2019\u00c9\u00adglise. Par\u00adti\u00adci\u00adpa\u00adtion anar\u00adchiste \u00e0 ce com\u00adbat&nbsp;? Il n\u2019y avait plus rien \u00e0 faire, nous \u00e9tions mis hors-la-loi, recher\u00adch\u00e9s par la police qui s\u2019in\u00adfil\u00adtrait par\u00adtout, sans le moindre moyen finan\u00adcier. Les anciens cama\u00adrades \u00e9taient tous dis\u00adpa\u00adrus ou avaient aban\u00addon\u00adn\u00e9 leurs id\u00e9es et \u00e9taient entr\u00e9s au P.C. (d\u2019o\u00f9 ils furent expul\u00ads\u00e9s \u00e0 la pre\u00admi\u00e8re&nbsp;purge).\u00bb<\/p>\n<p style=\"text-align: justify;\">16. P.M.&nbsp;s\u2019\u00e9\u00adtait r\u00e9fu\u00adgi\u00e9 en Ita\u00adlie. Christ et Kor\u00adsa\u00adkine gagn\u00e8rent la France o\u00f9 ce der\u00adnier mou\u00adrut en d\u00e9cembre 1949.<\/p>\n<p style=\"text-align: justify;\">Noir et Rouge N\u00b04,&nbsp;1956<\/p>\n<h5 style=\"text-align: justify;\">Ferenc Szucs<\/h5>\n<p style=\"text-align: justify;\">Dans son num\u00e9\u00adro du 31 mai 1979, \u00ab&nbsp;Le com\u00adbat syn\u00addi\u00adca\u00adliste&nbsp;\u00bb de Paris, heb\u00addo\u00adma\u00addaire de la CNT en exil, publie un long article n\u00e9cro\u00adlo\u00adgique de Felix Alva\u00adrez Fer\u00adre\u00adras sur Ferenc Szucs. Cet anar\u00adchiste hon\u00adgrois venait de mou\u00adrir le 6 avril 1979 \u00e0 Buda\u00adpest \u00e0 l\u2019\u00e2ge de pr\u00e8s de 70 ans des suites d\u2019une longue mala\u00addie. Cet article donne peu de ren\u00adsei\u00adgne\u00adments bio\u00adgra\u00adphiques&nbsp;: Ferenc Szucs y est qua\u00adli\u00adfi\u00e9 seule\u00adment d\u2019a\u00adnar\u00adchiste et d\u2019a\u00adnar\u00adcho-syn\u00addi\u00adca\u00adliste qui n\u2019a jamais ces\u00ads\u00e9 de pen\u00adser et d\u2019a\u00adgir comme tel. Plus connu sous le pseu\u00addo\u00adnyme de Tho\u00admas Rezi\u00adgl, il entre\u00adte\u00adnait une cor\u00adres\u00adpon\u00addance sui\u00advie avec la \u00ab&nbsp;Escue\u00adla Moder\u00adna&nbsp;\u00bb de Cal\u00adga\u00adry, \u00ab&nbsp;Tier\u00adra y Liber\u00adtad&nbsp;\u00bb de Mexi\u00adco, \u00ab&nbsp;Le Com\u00adbat Syn\u00addi\u00adca\u00adliste&nbsp;\u00bb de Paris et des indi\u00advi\u00addua\u00adli\u00adt\u00e9s du mou\u00adve\u00adment anar\u00adchiste inter\u00adna\u00adtio\u00adnal. Il a publi\u00e9 dans \u00ab&nbsp;Tier\u00adra y Liber\u00adtad&nbsp;\u00bb deux articles&nbsp;: \u00ab&nbsp;Ecos de detras de la \u201cCor\u00adti\u00adna de hier\u00adro\u201d. El ter\u00adro\u00adris\u00admo en los Paises Socia\u00adlis\u00adtas&nbsp;\u00bb (Echos de der\u00adri\u00e8re le \u00ab&nbsp;rideau de fer&nbsp;\u00bb. Le ter\u00adro\u00adrisme dans les pays socia\u00adlistes) dans le N\u00b0388 de sep\u00adtembre 1976, et \u00ab&nbsp;Las mujeres en el eje\u00adci\u00adto&nbsp;\u00bb (les femmes dans l\u2019ar\u00adm\u00e9e) sans date mentionn\u00e9e.<\/p>\n<p style=\"text-align: justify;\">Si peu de choses sont dites sur sa vie, il y a par contre de larges extraits de sa cor\u00adres\u00adpon\u00addance sur l\u2019Es\u00adpagne et la CNT de ces der\u00adni\u00e8res ann\u00e9es&nbsp;:<\/p>\n<p style=\"text-align: justify;\">\u00ab&nbsp;Je suis content de savoir qu\u2019\u00e0 l\u2019ar\u00adri\u00adv\u00e9e de nos amis en Espagne on a chan\u00adt\u00e9 l\u2019hymne \u00ab&nbsp;A las bar\u00adri\u00adca\u00addas&nbsp;\u00bb et non l\u2019In\u00adter\u00adna\u00adtio\u00adnale, qui est et fut depuis long\u00adtemps dis\u00adcr\u00e9\u00addi\u00adt\u00e9e, com\u00adpro\u00admise et us\u00e9e, rui\u00adn\u00e9e par les Par\u00adtis Com\u00admu\u00adnistes. Et n\u2019ou\u00adblions pas cher ami d\u2019\u00eatre pru\u00addent parce que nous sommes entou\u00adr\u00e9s d\u2019en\u00adne\u00admis de toute part et prin\u00adci\u00adpa\u00adle\u00adment du c\u00f4t\u00e9 du Par\u00adti Com\u00admu\u00adniste qui essaie \u00e0 tout prix de s\u2019in\u00adfil\u00adtrer dans nos milieux.&nbsp;\u00bb<\/p>\n<p style=\"text-align: justify;\">(sans date)<\/p>\n<p style=\"text-align: justify;\">\u00ab&nbsp;Atten\u00adtion aux faux pas des Com\u00admis\u00adsions Ouvri\u00e8res qui ne doivent pas \u00eatre un ins\u00adtru\u00adment du P.C., d\u2019au\u00adcune mani\u00e8re un Inter-syn\u00addi\u00adcat, il faut la plu\u00adra\u00adli\u00adt\u00e9 syn\u00addi\u00adcale. Mais il y a un moyen, un seul moyen, for\u00adti\u00adfions de plus en plus les cadres de la CNT. Que les votants donnent leur vote au Par\u00adtis qui leurs plaisent le plus, nous ne pou\u00advons l\u2019emp\u00eacher&nbsp;; mais que le syn\u00addi\u00adcat ne soit \u00e0 la remorque d\u2019au\u00adcun par\u00adti, cela nous pou\u00advons l\u2019emp\u00eacher. Nous devons, c\u2019est le mini\u00admum pour l\u2019ins\u00adtant, nous d\u00e9bar\u00adras\u00adser des \u00e9l\u00e9\u00adments mar\u00adxistes et mos\u00adco\u00advites non seule\u00adment \u00e0 la base, mais dans les F\u00e9d\u00e9\u00adra\u00adtions. Nous autres syn\u00addi\u00adca\u00adlistes r\u00e9vo\u00adlu\u00adtion\u00adnaires nous ne sommes li\u00e9s \u00e0 aucun par\u00adti et nous ne vou\u00adlons pas l\u2019\u00eatre, que les auto\u00adri\u00adt\u00e9s espa\u00adgnoles le sachent bien et qu\u2019elles prennent bonne note de notre posi\u00adtion. Nous sommes f\u00e9d\u00e9\u00adra\u00adlistes et notre lutte pour le moment est pure\u00adment \u00e9co\u00adno\u00admique et libertaire.&nbsp;\u00bb<\/p>\n<p style=\"text-align: justify;\">(Lettre du 5 juin&nbsp;1977)<\/p>\n<p style=\"text-align: justify;\">\u00ab&nbsp;J\u2019ai lu dans \u00ab&nbsp;Le com\u00adbat syn\u00addi\u00adca\u00adliste&nbsp;\u00bb la s\u00e9rie d\u2019ar\u00adticles de l\u2019a\u00admi Bal\u00adkans\u00adki. Ce n\u2019est pas mal, j\u2019ai l\u2019im\u00adpres\u00adsion que ce com\u00adpa\u00adgnon voit juste et tr\u00e8s bien les choses. Mer\u00adci de m\u2019a\u00advoir envoy\u00e9 le sup\u00adpl\u00e9\u00adment du bul\u00adle\u00adtin de l\u2019AIT, c\u2019est l\u2019u\u00adnique \u00e9crit que j\u2019ai re\u00e7u depuis un an. Et n\u2019ou\u00adblions pas que le P.C. est l\u2019en\u00adne\u00admi N\u00b01 des liber\u00adtaires. C\u2019est un r\u00e9gime tota\u00adli\u00adtaire et il est tr\u00e8s loin de notre concep\u00adtion, \u00e9tant capable de nous d\u00e9truire phy\u00adsi\u00adque\u00adment. Je crois que la posi\u00adtion de J. Munoz Congost est la meilleure&nbsp;: \u00ab&nbsp;ceux qui ne sont pas avec nous sont contre nous&nbsp;\u00bb Ils sont tous auto\u00adri\u00adtaires, \u00e9ta\u00adtistes et ils n\u2019ont rien de f\u00e9d\u00e9raliste.&nbsp;\u00bb<\/p>\n<p style=\"text-align: justify;\">(sans date)<\/p>\n<ul class=\"modern-footnotes-list modern-footnotes-list--show-only-for-print\"><li><span>1<\/span><div>Cha\u00adcun sait que Cse\u00adpel fut en 1956 \u00e0 la t\u00eate de l\u2019of\u00adfen\u00adsive ouvri\u00e8re et un des der\u00adniers bas\u00adtions de la r\u00e9sis\u00adtance o\u00f9 on conti\u00adnuait \u00e0 for\u00adger des armes sous le feu de l\u2019ar\u00adm\u00e9e rouge. D\u00e9j\u00e0 en mars 1919 la r\u00e9so\u00adlu\u00adtion de 20000 ouvriers de Cse\u00adpel apr\u00e8s s\u2019\u00eatre empa\u00adr\u00e9 des usines d\u2019adh\u00e9\u00adrer au P.C. Et de p\u00e9n\u00e9\u00adtrer en armes \u00e0 Buda\u00adpest pour r\u00e9vo\u00adlu\u00adtion\u00adner la ville et chas\u00adser le gou\u00adver\u00adne\u00adment avait \u00e9t\u00e9 d\u00e9ci\u00adsive. Le 10 ao\u00fbt, 1000 ouvriers des cen\u00adtu\u00adries syn\u00addi\u00adcales qui s\u2019\u00e9\u00adtaient ren\u00addus furent mas\u00adsa\u00adcr\u00e9s \u00e0 la mitrailleuse par les fran\u00adco-rou\u00admains (note de Noir et&nbsp;Rouge).<\/div><\/li><\/ul>","protected":false},"excerpt":{"rendered":"<p>La Hon\u00adgrie est avec la Bul\u00adga\u00adrie et l\u2019Al\u00adle\u00admagne de l\u2019Est, dont nous avons d\u00e9j\u00e0 par\u00adl\u00e9, l\u2019un des rares Pays de l\u2019Est o\u00f9 les com\u00admu\u00adnistes ont ren\u00adcon\u00adtr\u00e9 un mou\u00adve\u00adment anar\u00adchiste orga\u00adni\u00ads\u00e9 et tr\u00e8s actif. Nous n\u2019a\u00advons trou\u00adv\u00e9 qu\u2019un seul docu\u00adment sur le mou\u00adve\u00adment anar\u00adchiste hon\u00adgrois d\u2019a\u00adpr\u00e8s-guerre jus\u00adqu\u2019\u00e0 sa liqui\u00adda\u00adtion par les com\u00admu\u00adnistes. C\u2019est un long article&nbsp;[\u2026]<\/p>\n","protected":false},"author":8,"featured_media":5945,"comment_status":"closed","ping_status":"closed","sticky":false,"template":"wp-custom-template-page-d-article","format":"standard","meta":{"wp_typography_post_enhancements_disabled":false,"footnotes":""},"categories":[149],"tags":[883,651],"ppma_author":[680],"class_list":["post-1349","post","type-post","status-publish","format-standard","has-post-thumbnail","hentry","category-iztok-na4-septembre-1981","tag-anarchisme-mouvement-local","tag-hongrie"],"authors":[{"term_id":680,"user_id":8,"is_guest":0,"slug":"anonyme","display_name":"Anonyme","avatar_url":"https:\/\/secure.gravatar.com\/avatar\/cdccebf2bbf18d75df96a6721f7ce7f7ec80d026f1b8ec6be93de563bca5236b?s=96&d=mm&r=g","author_category":"","user_url":"","last_name":"","first_name":"","job_title":"","description":""}],"_links":{"self":[{"href":"https:\/\/la-presse-anarchiste.net\/index.php\/wp-json\/wp\/v2\/posts\/1349","targetHints":{"allow":["GET"]}}],"collection":[{"href":"https:\/\/la-presse-anarchiste.net\/index.php\/wp-json\/wp\/v2\/posts"}],"about":[{"href":"https:\/\/la-presse-anarchiste.net\/index.php\/wp-json\/wp\/v2\/types\/post"}],"author":[{"embeddable":true,"href":"https:\/\/la-presse-anarchiste.net\/index.php\/wp-json\/wp\/v2\/users\/8"}],"replies":[{"embeddable":true,"href":"https:\/\/la-presse-anarchiste.net\/index.php\/wp-json\/wp\/v2\/comments?post=1349"}],"version-history":[{"count":3,"href":"https:\/\/la-presse-anarchiste.net\/index.php\/wp-json\/wp\/v2\/posts\/1349\/revisions"}],"predecessor-version":[{"id":7512,"href":"https:\/\/la-presse-anarchiste.net\/index.php\/wp-json\/wp\/v2\/posts\/1349\/revisions\/7512"}],"wp:featuredmedia":[{"embeddable":true,"href":"https:\/\/la-presse-anarchiste.net\/index.php\/wp-json\/wp\/v2\/media\/5945"}],"wp:attachment":[{"href":"https:\/\/la-presse-anarchiste.net\/index.php\/wp-json\/wp\/v2\/media?parent=1349"}],"wp:term":[{"taxonomy":"category","embeddable":true,"href":"https:\/\/la-presse-anarchiste.net\/index.php\/wp-json\/wp\/v2\/categories?post=1349"},{"taxonomy":"post_tag","embeddable":true,"href":"https:\/\/la-presse-anarchiste.net\/index.php\/wp-json\/wp\/v2\/tags?post=1349"},{"taxonomy":"author","embeddable":true,"href":"https:\/\/la-presse-anarchiste.net\/index.php\/wp-json\/wp\/v2\/ppma_author?post=1349"}],"curies":[{"name":"wp","href":"https:\/\/api.w.org\/{rel}","templated":true}]}}