{"id":135,"date":"2007-02-09T12:12:43","date_gmt":"2007-02-09T12:12:43","guid":{"rendered":"https:\/\/la-presse-anarchiste.net\/index.php\/2007\/02\/09\/deja-huit-ans\/"},"modified":"2007-02-09T12:12:43","modified_gmt":"2007-02-09T12:12:43","slug":"deja-huit-ans","status":"publish","type":"post","link":"https:\/\/la-presse-anarchiste.net\/index.php\/2007\/02\/09\/deja-huit-ans\/","title":{"rendered":"D\u00e9j\u00e0 huit&nbsp;ans"},"content":{"rendered":"<div class=\"pdfprnt-buttons pdfprnt-buttons-post pdfprnt-top-right\"><a href=\"https:\/\/la-presse-anarchiste.net\/index.php\/wp-json\/wp\/v2\/posts\/135?print=pdf\" class=\"pdfprnt-button pdfprnt-button-pdf\" target=\"_blank\"><img decoding=\"async\" src=\"https:\/\/la-presse-anarchiste.net\/wp-content\/plugins\/pdf-print\/images\/pdf.png\" alt=\"image_pdf\" title=\"Afficher le PDF\"><\/a><a href=\"https:\/\/la-presse-anarchiste.net\/index.php\/wp-json\/wp\/v2\/posts\/135?print=print\" class=\"pdfprnt-button pdfprnt-button-print\" target=\"_blank\"><img decoding=\"async\" src=\"https:\/\/la-presse-anarchiste.net\/wp-content\/plugins\/pdf-print\/images\/print.png\" alt=\"image_print\" title=\"Contenu imprim\u00e9\"><\/a><\/div><div align=\"justify\"><img loading=\"lazy\" decoding=\"async\" width=\"150\" vspace=\"10\" hspace=\"15\" height=\"499\" border=\"5\" align=\"left\" src=\"http:\/\/www.la-presse-anarchiste.net\/spip\/IMG\/Libertaire\/durruti.jpg\" alt>\n<h2>Barcelone, mai&nbsp;1936<\/h2>\n<p> Calle de la Union \u2015 du Bar\u00adrio Chi\u00adno aux Ram\u00adblas. Au 19, le si\u00e8ge du jour\u00adnal anar\u00adchiste \u00ab&nbsp;Tier\u00adra y Liber\u00adtad&nbsp;\u00bb. Deux grandes pi\u00e8ces \u00e0 l\u2019\u00e9\u00adtage. Des rayons bour\u00adr\u00e9s de livres neufs. Des paquets ampi\u00adl\u00e9s dans un coin, pr\u00eats pour l\u2019ex\u00adp\u00e9\u00addi\u00adtion. Aux murs, quelques affiches, des com\u00adpo\u00adsi\u00adtions en chro\u00admo, vio\u00adlem\u00adment colo\u00adri\u00e9es  Fer\u00adrer \u00e0 Mont\u00adjuich, Sac\u00adco et Van\u00adzet\u00adti sur la chaise \u00e9lectrique.<\/p>\n<p>\tDes titres d\u2019ou\u00advrages accrochent les yeux, un recueil de pen\u00ads\u00e9es sub\u00adver\u00adsives&nbsp;: \u00ab&nbsp;Dyna\u00admi\u00adta Cere\u00adbral&nbsp;\u00bb et \u00ab&nbsp;Pala\u00adbras de un Rebelde&nbsp;\u00bb, de Kropotkine.<\/p>\n<p>\tUn grand comp\u00adtoir sur lequel tra\u00eenent des bouts de ficelle.<\/p>\n<p>.\u2026<\/p>\n<p>Durut\u00adti vient aus\u00adsi. Visite inat\u00adten\u00addue. Tout le monde le croit encore \u00e0 la cli\u00adnique o\u00f9 il vient d\u2019\u00eatre op\u00e9\u00adr\u00e9 d\u2019une her\u00adnie. Il ne s\u2019est d\u00e9ci\u00add\u00e9 \u00e0 se faire op\u00e9\u00adrer que parce qu\u2019il a jug\u00e9 la situa\u00adtion sta\u00adbi\u00adli\u00ads\u00e9e pour plu\u00adsieurs semaines.<\/p>\n<p>\tC\u2019est sa pre\u00admi\u00e8re sor\u00adtie. Un peu amai\u00adgri, la figure creu\u00ads\u00e9e, mais tou\u00adjours cette impres\u00adsion de force et de volon\u00adt\u00e9 que d\u00e9gage son corps de lutteur.<\/p>\n<p>\tIls le ques\u00adtionnent \u00e0 pro\u00adpos de sa san\u00adt\u00e9. Lui exp\u00e9\u00addie une br\u00e8ve r\u00e9ponse et aus\u00adsi\u00adt\u00f4t parle de la situa\u00adtion, reprend contact, cherche la tem\u00adp\u00e9\u00adra\u00adture. Ses rumi\u00adna\u00adtions for\u00adc\u00e9es de l\u2019h\u00f4\u00adpi\u00adtal lui sont res\u00adt\u00e9es comme un poids dans la t\u00eate et il se lib\u00e8re brusquement.<\/p>\n<p>\tC\u2019est le revi\u00adre\u00adment subit de Cabal\u00adle\u00adro qui vient d\u2019\u00eatre pro\u00admu au titre de L\u00e9nine espa\u00adgnol, apr\u00e8s avoir \u00e9t\u00e9 de toutes les com\u00adbi\u00adnai\u00adsons, de tous les tri\u00adpo\u00adtages, de toutes les entre\u00adprises de sau\u00adve\u00adgarde du r\u00e9gime et cela depuis des dizaines d\u2019ann\u00e9es.<\/p>\n<p>\tLes phrases r\u00e9vo\u00adlu\u00adtion\u00adnaires du vieux poli\u00adti\u00adciens retiennent les \u00e9l\u00e9\u00adments gau\u00adchistes de l\u2019U.G.T. Et des Jeu\u00adnesses socia\u00adlistes qui pre\u00adnaient de l\u2019in\u00adfluence et gagnaient sur les vieux r\u00e9formistes.<\/p>\n<p>\tCette com\u00e9\u00addie irrite Dur\u00adru\u00adti, d\u00e9range sa concep\u00adtion de la g\u00e9o\u00adgra\u00adphie politique.<\/p>\n<p>\tIl temine par une phrase brusque, une for\u00admule d\u2019o\u00adra\u00adteur&nbsp;: \u00ab&nbsp;Le sang de nos morts ne doit ser\u00advir \u00e0 Caballero.&nbsp;\u00bb<\/p>\n<h2>En Aragon<\/h2>\n<p>\tAu plus fort des dis\u00adcus\u00adsions dans les assem\u00adbl\u00e9es de vil\u00adlage, celui, qui s\u2019es\u00adti\u00admait vic\u00adtime d\u2019une injus\u00adtice de par les d\u00e9ci\u00adsions adop\u00adt\u00e9es d\u00e9cla\u00adrait&nbsp;: \u00ab&nbsp;J\u2019i\u00adrai me plaindre \u00e0 Dur\u00adru\u00adti&nbsp;\u00bb, et il le faisait.<\/p>\n<p>\tL\u2019ar\u00adri\u00adv\u00e9e de Dur\u00adru\u00adti consti\u00adtuait un \u00e9v\u00e9\u00adne\u00adment. Sit\u00f4t l\u2019au\u00adto arr\u00ea\u00adt\u00e9e, les pay\u00adsans et les mili\u00adciens l\u2019en\u00adtou\u00adraient, le ques\u00adtion\u00adnaient&nbsp;: \u00ab&nbsp;Com\u00adment \u00e7a va&nbsp;? \u2015 Quand atta\u00adquons-nous&nbsp;? \u2015 il fau\u00addrait une bat\u00adteuse&nbsp;! \u2015 Je n\u2019ai plus d\u2019es\u00adpa\u00addrilles&nbsp;! Dur\u00adru\u00adti, il manque des pi\u00e8ces \u00e0 l\u2019ar\u00admu\u00adre\u00adrie. Dur\u00adru\u00adti, nous avons enle\u00adv\u00e9 un trou\u00adpeau de mou\u00adtons aux fascistes.&nbsp;\u00bb<\/p>\n<p>\tUn autre serait deve\u00adnu fou. Lui se trou\u00advait \u00e0 l\u2019aise. Il r\u00e9pon\u00addait \u00e0 l\u2019un, \u00e0 l\u2019autre, jetait un coup d\u2019oeil \u00e0 la ronde pour se for\u00adti\u00adfier de tous ces regards confiants, de ces t\u00eates ren\u00addues sinistres, par\u00adfois, par la barbe inculte et les cha\u00adpeaux gon\u00addo\u00adlants \u2015 qui d\u00e9no\u00adtaient l\u2019en\u00advie de se battre.<\/p>\n<p>\tApr\u00e8s une br\u00e8ve visite aux comi\u00adt\u00e9s de guerre, il par\u00adtait avec les d\u00e9l\u00e9\u00adgu\u00e9s des cen\u00adtu\u00adries pour visi\u00adter les positions.<\/p>\n<p>\tLe m\u00eame accueil l\u2019at\u00adten\u00addait dans les lignes. Cha\u00adcun le saluait de la voix, l\u2019in\u00adter\u00adpel\u00adlait directement.<\/p>\n<p>\tIl pro\u00adnon\u00ad\u00e7a quelques dis\u00adcours, notam\u00adment \u00e0 Buja\u00adra\u00adloz et \u00e0 Pina. La place \u00e9tait noire de monde en ces occa\u00adsions et la foule \u00e9cou\u00adtait sans un bruit, arra\u00adch\u00e9e tout-\u00e0-coup \u00e0 ses pr\u00e9\u00adoc\u00adcu\u00adpa\u00adtions de d\u00e9tail, \u00e9le\u00adv\u00e9e au niveau de la lutte gigan\u00adtesque qui se livrait sur l\u2019en\u00adsemble de la P\u00e9nin\u00adsule et pas\u00adsion\u00adnait le monde ouvrier. Elle n\u2019ap\u00adplau\u00addis\u00adsait pas, sui\u00advant l\u2019ha\u00adbi\u00adtude des audi\u00adteurs des r\u00e9unions anar\u00adchistes, mais apr\u00e8s le dis\u00adcours elle pous\u00adsait des vivats pour la CNT, pour la FAI et pour le com\u00admu\u00adnisme libertaire.<\/p>\n<p>\tCes harangues n\u2019\u00e9\u00adtaient pas inutiles.<\/p>\n<p>\tLa popu\u00adla\u00adtion, d\u00e9j\u00e0 ren\u00addue sym\u00adpa\u00adthi\u00adsante gr\u00e2ce au contact jour\u00adna\u00adlier des mili\u00adciens et aux rap\u00adports avec les comi\u00adt\u00e9s, com\u00adpre\u00adnait faci\u00adle\u00adment les paroles simples de l\u2019orateur.<\/p>\n<p>\tLa tra\u00addi\u00adtion d\u2019ex\u00adploi\u00adta\u00adtion et de caci\u00adquisme s\u2019\u00e9\u00adcrou\u00adlait d\u2019un seul coup. Les champs \u00e0 tous, les machines agri\u00adcoles muni\u00adci\u00adpa\u00adli\u00ads\u00e9es, les loge\u00adments gra\u00adtuits, cela sem\u00adblait tel\u00adle\u00adment invrai\u00adsem\u00adblable que les pay\u00adsans avaient besoin de s\u2019ha\u00adbi\u00adtuer \u00e0 la nou\u00advelle orga\u00adni\u00adsa\u00adtion, de perdre le res\u00adpect tein\u00adt\u00e9 de crainte qu\u2019ils avaient \u00e0 l\u2019\u00e9\u00adgard des comi\u00adt\u00e9s semi-mili\u00adtaires, semi-poli\u00adtiques et d\u2019en\u00adtrer de plein pied dans l\u2019exer\u00adcice de leurs droits, de se fami\u00adlia\u00adri\u00adser aux rouages des syn\u00addi\u00adcats et des orga\u00adnismes res\u00adpon\u00adsables, de par\u00adti\u00adci\u00adper acti\u00adve\u00adment \u00e0 la ges\u00adtion des affaires communes.<\/p>\n<h2>Obs\u00e8ques<\/h2>\n<p>\tLe cor\u00adt\u00e8ge passe par l\u2019en\u00addroit o\u00f9 est tom\u00adb\u00e9 Fran\u00adcis\u00adco Asca\u00adso le 19 jullet.<\/p>\n<p>\tRetour au&nbsp;pass\u00e9.<\/p>\n<p>\tUn vieux pas\u00ads\u00e9 d\u00e9j\u00e0, presque de l\u2019histoire.<\/p>\n<p>\tCette foule immense qui suit silen\u00adcieu\u00adse\u00adment le&nbsp;corps.<\/p>\n<p>\tLe sou\u00adve\u00adnir monte jus\u00adqu\u2019\u00e0 la gorge, jus\u00adqu\u2019au cerveau.<\/p>\n<p>\tLa F.A.I. De la veille tra\u00addi\u00adtion a repris son pou\u00advoir sur le peuple de Barcelone.<\/p>\n<p>\tLe matin, les stocks d\u2019in\u00adsignes et de pochettes aux cou\u00adleurs anar\u00adchistes ont \u00e9t\u00e9 rafl\u00e9s.<\/p>\n<p>\tDevant la pierre qui rap\u00adpelle le sacri\u00adfice d\u2019As\u00adca\u00adso, le sen\u00adti\u00adment popu\u00adlaire se fait plus sen\u00adti\u00admen\u00adtale, presque tendre.<\/p>\n<p>\tMais si cer\u00adtains pensent \u00e0 un retour de la toute puis\u00adsance de la FAI, d\u00e9bar\u00adras\u00ads\u00e9e des entraves gou\u00adver\u00adne\u00admen\u00adtales et des tutelles \u00e9trang\u00e8res.<\/p>\n<p>\tMal\u00adgr\u00e9 les consignes offi\u00adcielles la m\u00eame ques\u00adtion revient&nbsp;: \u00ab&nbsp;Qui a tu\u00e9 Dur\u00adru\u00adti&nbsp;? Qui a vou\u00adlu tuer la FAI, la vraie, celle qui manie la bombe, hait les poli\u00adti\u00adciens et crache sur les d\u00e9corations&nbsp;?&nbsp;\u00bb<\/p>\n<p>\tDes mili\u00adciens disent que l\u2019en\u00adthou\u00adsiasme qu\u2019ont sou\u00adle\u00adv\u00e9 les colonnes cene\u00adtistes \u00e0 Madrid a g\u00e9n\u00e9 les diri\u00adgeants gou\u00adver\u00adne\u00admen\u00adtaux de la capi\u00adtale, que d\u00e8s le d\u00e9but il y a eu hos\u00adti\u00adli\u00adt\u00e9 entre Mia\u00adja et le comi\u00adt\u00e9 repr\u00e9\u00adsen\u00adtant les forces anar\u00adchistes de renfort.<\/p>\n<p>\tDur\u00adru\u00adti a \u00e9t\u00e9 tou\u00adch\u00e9 \u00e0 la Mon\u00adcloa, \u00e0 plu\u00adsieurs kilo\u00adm\u00e8tres des lignes.<\/p>\n<p>\tUne sourde inqui\u00e9\u00adtude&nbsp;monte.<\/p>\n<p>\tDe gros nuages cr\u00e8vent. Il ne sera pas pos\u00adsible de r\u00e9fl\u00e9\u00adchir plus avant. Des tor\u00adrents d\u2019eau se d\u00e9versent sur la mul\u00adti\u00adtude qui se d\u00e9sa\u00adgr\u00e8ge, se dis\u00adperse, fuit.<\/p>\n<p>\tC\u2019est fini pour l\u2019en\u00adter\u00adre\u00adment popu\u00adlaire. Il ne reste plus que les autos qui foncent der\u00adri\u00e8re la voi\u00adture empor\u00adtant le cercueil.<\/p>\n<p>\tPar\u00admi les tombes, ils ne sont plus que quelques cen\u00adtaines d\u2019a\u00admis ruis\u00adse\u00adlants, tremp\u00e9s.<\/p>\n<p>\tLoquette, les yeux br\u00fb\u00adl\u00e9s par les larmes, Gar\u00adcia Oli\u00advier impas\u00adsible, fixe une tombe&nbsp;; Ruaux, droit, la main sur son colt, semble son\u00adger aux mas\u00adsacres r\u00e9parateurs.<\/p>\n<p>\tLourd et grand, le cer\u00adcueil ne peut entrer dans la&nbsp;niche.<\/p>\n<p>\tDeux mili\u00adciens brisent \u00e0 coups de crosse la cha\u00eene  et le cade\u00adnas d\u2019un caveau vide.<\/p>\n<p>\tDur\u00adru\u00adti repose enfin.<\/p>\n<p>\tLes autos d\u00e9marrent.<\/p>\n<p>\tYol\u00addi, bles\u00ads\u00e9 quelques jours aupa\u00adra\u00advant \u00e0 l\u2019en\u00addroit m\u00eame o\u00f9 tom\u00adba Gori, est l\u00e0, la jambe pl\u00e2\u00adtr\u00e9e, dans sa voiture.<\/p>\n<p>\tCha\u00adcun repart, pour s\u2019i\u00adso\u00adler, pour r\u00e9fl\u00e9\u00adchir, pour s\u2019ac\u00adcou\u00adtu\u00admer au vide que rien ni per\u00adsonne ne pour\u00adra combler.<\/p>\n<p>\tBar\u00adce\u00adlone ouvri\u00e8re se recueille et se saoule des sou\u00adve\u00adnirs du triomphe de juillet.<\/p>\n<p>\tBar\u00adce\u00adlone affai\u00adriste cal\u00adcule et d\u00e9place ses&nbsp;pions.<\/p>\n<p>\tDur\u00adru\u00adti est bien&nbsp;mort.<\/p><\/div>\n","protected":false},"excerpt":{"rendered":"<p>Bar\u00adce\u00adlone, mai&nbsp;1936 Calle de la Union \u2015 du Bar\u00adrio Chi\u00adno aux Ram\u00adblas. Au 19, le si\u00e8ge du jour\u00adnal anar\u00adchiste \u00ab&nbsp;Tier\u00adra y Liber\u00adtad&nbsp;\u00bb. Deux grandes pi\u00e8ces \u00e0 l\u2019\u00e9\u00adtage. Des rayons bour\u00adr\u00e9s de livres neufs. Des paquets ampi\u00adl\u00e9s dans un coin, pr\u00eats pour l\u2019ex\u00adp\u00e9\u00addi\u00adtion. Aux murs, quelques affiches, des com\u00adpo\u00adsi\u00adtions en chro\u00admo, vio\u00adlem\u00adment colo\u00adri\u00e9es Fer\u00adrer \u00e0 Montjuich,&nbsp;[\u2026]<\/p>\n","protected":false},"author":1,"featured_media":0,"comment_status":"closed","ping_status":"closed","sticky":false,"template":"","format":"standard","meta":{"wp_typography_post_enhancements_disabled":false,"footnotes":""},"categories":[22],"tags":[],"ppma_author":[540],"class_list":["post-135","post","type-post","status-publish","format-standard","hentry","category-le-libertaire-n1-21-decembre-1944"],"authors":[{"term_id":540,"user_id":1,"is_guest":0,"slug":"admin_3gikpwyf","display_name":"Vincent Dubuc","avatar_url":"https:\/\/secure.gravatar.com\/avatar\/d015720652c25fd2ced191ade86430094e1f288a17483713e3b34d26dea52507?s=96&d=mm&r=g","author_category":"","user_url":"https:\/\/la-presse-anarchiste.net","last_name":"Dubuc","first_name":"Vincent","job_title":"","description":""}],"_links":{"self":[{"href":"https:\/\/la-presse-anarchiste.net\/index.php\/wp-json\/wp\/v2\/posts\/135","targetHints":{"allow":["GET"]}}],"collection":[{"href":"https:\/\/la-presse-anarchiste.net\/index.php\/wp-json\/wp\/v2\/posts"}],"about":[{"href":"https:\/\/la-presse-anarchiste.net\/index.php\/wp-json\/wp\/v2\/types\/post"}],"author":[{"embeddable":true,"href":"https:\/\/la-presse-anarchiste.net\/index.php\/wp-json\/wp\/v2\/users\/1"}],"replies":[{"embeddable":true,"href":"https:\/\/la-presse-anarchiste.net\/index.php\/wp-json\/wp\/v2\/comments?post=135"}],"version-history":[{"count":0,"href":"https:\/\/la-presse-anarchiste.net\/index.php\/wp-json\/wp\/v2\/posts\/135\/revisions"}],"wp:attachment":[{"href":"https:\/\/la-presse-anarchiste.net\/index.php\/wp-json\/wp\/v2\/media?parent=135"}],"wp:term":[{"taxonomy":"category","embeddable":true,"href":"https:\/\/la-presse-anarchiste.net\/index.php\/wp-json\/wp\/v2\/categories?post=135"},{"taxonomy":"post_tag","embeddable":true,"href":"https:\/\/la-presse-anarchiste.net\/index.php\/wp-json\/wp\/v2\/tags?post=135"},{"taxonomy":"author","embeddable":true,"href":"https:\/\/la-presse-anarchiste.net\/index.php\/wp-json\/wp\/v2\/ppma_author?post=135"}],"curies":[{"name":"wp","href":"https:\/\/api.w.org\/{rel}","templated":true}]}}