{"id":136,"date":"2007-02-09T13:10:25","date_gmt":"2007-02-09T13:10:25","guid":{"rendered":"https:\/\/la-presse-anarchiste.net\/index.php\/2007\/02\/09\/du-fascisme-dhier-a-la-liberte-de-demain\/"},"modified":"2007-02-09T13:10:25","modified_gmt":"2007-02-09T13:10:25","slug":"du-fascisme-dhier-a-la-liberte-de-demain","status":"publish","type":"post","link":"https:\/\/la-presse-anarchiste.net\/index.php\/2007\/02\/09\/du-fascisme-dhier-a-la-liberte-de-demain\/","title":{"rendered":"Du fascisme d\u2019hier \u00e0 la libert\u00e9 de demain"},"content":{"rendered":"<div class=\"pdfprnt-buttons pdfprnt-buttons-post pdfprnt-top-right\"><a href=\"https:\/\/la-presse-anarchiste.net\/index.php\/wp-json\/wp\/v2\/posts\/136?print=pdf\" class=\"pdfprnt-button pdfprnt-button-pdf\" target=\"_blank\"><img decoding=\"async\" src=\"https:\/\/la-presse-anarchiste.net\/wp-content\/plugins\/pdf-print\/images\/pdf.png\" alt=\"image_pdf\" title=\"Afficher le PDF\"><\/a><a href=\"https:\/\/la-presse-anarchiste.net\/index.php\/wp-json\/wp\/v2\/posts\/136?print=print\" class=\"pdfprnt-button pdfprnt-button-print\" target=\"_blank\"><img decoding=\"async\" src=\"https:\/\/la-presse-anarchiste.net\/wp-content\/plugins\/pdf-print\/images\/print.png\" alt=\"image_print\" title=\"Contenu imprim\u00e9\"><\/a><\/div><div align=\"justify\">\n<h2>L\u2019Italie fascistes<\/h2>\n<p>\tCom\u00adment le fas\u00adcisme est-il arriv\u00e9&nbsp;?&nbsp;<\/p>\n<p>\tLe fas\u00adcisme, comme cha\u00adcun sait, est n\u00e9 en Ita\u00adlie en 1922, des suites de la guerre 14\u200a\u2013\u200a18. L\u2019I\u00adta\u00adlie est appau\u00advrie, elle n\u2019a qu\u2019une indus\u00adtrie de trans\u00adfor\u00adma\u00adtion. Pour avoir des mati\u00e8res pre\u00admi\u00e8res, elle manque de devises et, \u00e0 cause du ch\u00f4\u00admage, le pro\u00adl\u00e9\u00adta\u00adriat ita\u00adlien montre une inqui\u00e9\u00adtante acti\u00advi\u00adt\u00e9 r\u00e9vo\u00adlu\u00adtion\u00adnaire. L\u2019I\u00adta\u00adlie va-t-elle deve\u00adnir une seconde Rus\u00adsie&nbsp;? La finance inter\u00adna\u00adtio\u00adnale, qui pour\u00adrait pal\u00adlier au d\u00e9sordre \u00e9co\u00adno\u00admique, veut des clients plus s\u00e9rieux.&nbsp;<\/p>\n<p>\tLa banque, la grosse indus\u00adtrie, la haute bour\u00adgeoi\u00adsie trouvent leur homme en Mus\u00adso\u00adli\u00adni&nbsp;; mais \u00e0 d\u00e9faut de Mus\u00adso\u00adli\u00adni, elle en aurait trou\u00adv\u00e9 un autre&nbsp;; car le fas\u00adcisme n\u2019est pas le r\u00e9gime \u00e9di\u00adfi\u00e9 par un homme, par un clan ou par un par\u00adti&nbsp;; mais par le sys\u00adt\u00e8me capi\u00adta\u00adliste lui-m\u00eame.&nbsp;<\/p>\n<p>\tLa preuve&nbsp;: l\u2019I\u00adta\u00adlie fas\u00adciste trouve des capi\u00adtaux d\u00e8s le d\u00e9but. Capi\u00adtaux pr\u00ea\u00adt\u00e9s par des pays d\u00e9mo\u00adcra\u00adtique, en l\u2019oc\u00adcu\u00adrence (emprunts Morgan).&nbsp;<\/p>\n<p>\tL\u2019homme par lui-m\u00eame n\u2019est rien. Ain\u00adsi, Mus\u00adso\u00adli\u00adni exer\u00ad\u00e7ait, para\u00eet-il, un pou\u00advoir abso\u00adlu. Eh bien&nbsp;! non. Tant que Mus\u00adso\u00adli\u00adni sou\u00adte\u00adnu par le capi\u00adta\u00adlisme ita\u00adlien lui don\u00adnait en retour la s\u00e9cu\u00adri\u00adt\u00e9 vis \u00e0 vis de la classe ouvri\u00e8re, des \u00ab&nbsp;affaires&nbsp;\u00bb ren\u00adtables&nbsp;: conqu\u00eate de l\u2019A\u00adbys\u00adsi\u00adnie, grosses com\u00admandes, on le laisse op\u00e9\u00adrer \u00e0 sa guise. Or, il a fait une gaffe, et de taille. En Juin 40, la France est abat\u00adtue, l\u2019An\u00adgle\u00adterre mena\u00adc\u00e9e, l\u2019Al\u00adle\u00admagne fait figure de nation vic\u00adto\u00adrieuse. C\u2019est le moment de prendre une part du g\u00e2teau. Le capi\u00adta\u00adlisme ita\u00adlien exulte&nbsp;; il laisse les mains libres au duce. Celui-ci joue\u2026 et perd&nbsp;! Vous connais\u00adsez la suite, com\u00adment on l\u2019a\u00advait mis sous clefs, et l\u2019en\u00adl\u00e8\u00adve\u00adment h\u00e9ro\u00ef-comique.<\/p>\n<h2>L\u2019Allemagne nazie<\/h2>\n<p>\tQuoi\u00adqu\u2019il en soit, le fas\u00adcisme implan\u00adt\u00e9 en Ita\u00adlie par force arrive en Alle\u00admagne onze ans plus tard. L\u2019Al\u00adle\u00admagne vain\u00adcue paye un lourd tri\u00adbut. Son chep\u00adtel d\u00e9j\u00e0 bien faible est encore r\u00e9duit par les impo\u00adsi\u00adtions des vainqueurs.&nbsp;<\/p>\n<p>\tElle a eu faim au cours de la guerre&nbsp;; elle aura faim encore apr\u00e8s la guerre par suite du blo\u00adcus \u00e9co\u00adno\u00admique suc\u00adc\u00e9\u00addant au blo\u00adcus mili\u00adtaire. Les tra\u00advailleurs, les petites gens sont tr\u00e8s touches, par la faillite mon\u00e9\u00adtaire. Le ch\u00f4\u00admage est effrayant. Les ouvriers s\u2019or\u00adga\u00adnisent dans les syn\u00addi\u00adcats en nombre consi\u00add\u00e9\u00adrable. Il faut trou\u00adver une solu\u00adtion, autre\u00adment on ne sait ce qu\u2019il advien\u00addra. D\u00e9j\u00e0 les capi\u00adta\u00adlistes alle\u00admands avaient for\u00adm\u00e9 un orga\u00adnisme para\u00admi\u00adli\u00adtaire (casques d\u2019a\u00adcier) mais Hit\u00adler, plus dyna\u00admique, devait l\u2019emporter gr\u00e2ce \u00e0 ses prin\u00adci\u00adpaux bailleurs de fonds (firmes Krupp, Thys\u00adsen et Sko\u00adda, filiale fran\u00ad\u00e7aise de Schneider).&nbsp;<\/p>\n<p>\tHit\u00adler, bat\u00adtu en 1932 par Hin\u00adden\u00adburg aux \u00e9lec\u00adtions pr\u00e9\u00adsi\u00adden\u00adtielles, ayant mal\u00adgr\u00e9 tout r\u00e9uni un nombre res\u00adpec\u00adtable de voix, est nom\u00adm\u00e9 pre\u00admier ministre par son rival de la veille et prend le pou\u00advoir d\u2019une fa\u00e7on l\u00e9gale. Main\u00adte\u00adnant qu\u2019\u00adHit\u00adler a per\u00addu, qui com\u00admande en Allemagne&nbsp;?<\/p>\n<h2>L\u2019Espagne<\/h2>\n<p>\tTout le monde se sou\u00advient de l\u2019af\u00adfaire espa\u00adgnole et d\u2019autres cama\u00adrades en par\u00adle\u00adront dans le Lib. plus per\u00adti\u00adnem\u00adment que moi, Encore nous faut-il consta\u00adter que le pro\u00adl\u00e9\u00adta\u00adriat espa\u00adgnol don\u00adnait des signes d\u2019a\u00adgi\u00adta\u00adtion&nbsp;: il fal\u00adlait abso\u00adlu\u00adment lui bar\u00adrer la&nbsp;route.<\/p>\n<h2>La France \u00ab&nbsp;r\u00e9publicaine&nbsp;\u00bb<\/h2>\n<p>\tEt pen\u00addant ce temps, en France, les ouvriers conti\u00adnuaient \u00e0 pen\u00adser&nbsp;: Le fas\u00adcisme ne pour\u00adrait pas exis\u00adter&nbsp;ici&nbsp;\u00bb.&nbsp;<\/p>\n<p>\tCepen\u00addant, depuis la crise \u00e9co\u00adno\u00admique mon\u00addiale, la classe ouvri\u00e8re aus\u00adsi mar\u00adquait de l\u2019\u00e9\u00adner\u00adve\u00adment. Les divers aspi\u00adrants dic\u00adta\u00adteurs&nbsp;: Wey\u00adgand, Chiappe et de La Rocque ayant \u00e9chou\u00e9, le fas\u00adcisme essayait de s\u2019im\u00adplan\u00adter quand m\u00eame, par la&nbsp;ruse.&nbsp;<\/p>\n<p>\tLes gou\u00adver\u00adne\u00adments B1um, Chau\u00adtemps pr\u00e9\u00adparent le lit \u00e0 Dala\u00addier, chef d\u2019un par\u00adti \u00ab&nbsp;anti-fas\u00adciste&nbsp;\u00bb qui, en com\u00adpa\u00adgnie de Paul Rey\u00adnaud, fait une large poli\u00adtique de r\u00e9pres\u00adsion. Qu\u2019on en&nbsp;juge.&nbsp;<\/p>\n<p>\tDala\u00addier et Rey\u00adnaud s\u2019at\u00adtaquent aux 40 heures, une des meilleures conqu\u00eates ouvri\u00e8res. Si dans les pays fas\u00adcistes le droit de, gr\u00e8ve est abo\u00adli, Dala\u00addier l\u2019a\u00adbo\u00adlit en fait en bri\u00adsant mili\u00adtai\u00adre\u00adment la gr\u00e8ve des usines Renault. Il fait m\u00eame empri\u00adson\u00adner des ouvriers en bloc, sans preuves et, \u00e0 la reprise du tra\u00advail, les ouvriers trouvent la garde mobile qui les sur\u00adveille. C\u2019est. d\u00e9j\u00e0 raide, mais il y a mieux. Si dans les pays fas\u00adcistes les Chambres sont abo\u00adlies, Dala\u00addier, lui, pro\u00adroge les \u00e9lec\u00adtions de deux ans, en atten\u00addant mieux et afin de gar\u00adder le pouvoir.&nbsp;<\/p>\n<p>\tLui qui s\u2019\u00e9\u00adtait pr\u00e9\u00adsen\u00adt\u00e9 devant ses \u00e9lec\u00adteurs comme un cham\u00adpion de la liber\u00adt\u00e9, il dis\u00adsou\u00addra un par\u00adti poli\u00adtique avec lequel il \u00e9tait aupa\u00adra\u00advant&nbsp;alli\u00e9.&nbsp;<\/p>\n<p>\tQue les pays \u00e0 dic\u00adta\u00adture ins\u00adti\u00adtuent chez eux le tra\u00advail obli\u00adga\u00adtoire, ils trouvent un imi\u00adta\u00adteur dans notre gou\u00adver\u00adne\u00adment d\u2019a\u00advant-guerre qui r\u00e9qui\u00adsi\u00adtionne et mobi\u00adlise les che\u00admi\u00adnots pour faire avor\u00adter la gr\u00e8ve du 30 Novembre 1938, et la veille de la guerre, il mobi\u00adlise des femmes dans cer\u00adtaines indus\u00adtries et plus d\u2019une pas\u00adse\u00adra le conseil de guerre pour absence ill\u00e9\u00adgale au tra\u00advail. Voi\u00adl\u00e0 la situa\u00adtion de la classe ouvri\u00e8re fran\u00ad\u00e7aise quand elle est par\u00adtie pour la guerre \u00ab&nbsp;antifasciste&nbsp;\u00bb.<\/p>\n<h2>Guerre capitaliste<\/h2>\n<p>\tLes liber\u00adtaires, pro\u00adfon\u00add\u00e9\u00adment anti\u00adfas\u00adcistes, n\u2019ont m\u00e9na\u00adg\u00e9 ni leur peine ni leur sang en Espagne. C\u2019est que l\u00e0 ils fai\u00adsaient \u00e0 la fois la guerre et la r\u00e9vo\u00adlu\u00adtion. La classe ouvri\u00e8re essayait de prendre en main son des\u00adtin. Dans la guerre actuelle, ce n\u2019est pas la classe ouvri\u00e8re qui tient les r\u00eanes, mais les gou\u00adver\u00adne\u00adments&nbsp;; la situa\u00adtion n\u2019est donc pas comparable.&nbsp;<\/p>\n<p>\tEt main\u00adte\u00adnant une his\u00adtoire de&nbsp;fous.&nbsp;<\/p>\n<p>\tTout le monde, tous les par\u00adtis pr\u00e9\u00advoyaient la guerre depuis d\u00e9j\u00e0 long\u00adtemps. Quant aux gou\u00adver\u00adne\u00adments, ils \u00e9taient fix\u00e9s.&nbsp;<\/p>\n<p>\tLe Comi\u00adt\u00e9 des Forges ali\u00admen\u00adtait l\u2019Al\u00adle\u00admagne en mine\u00adrai. Ce sont des fas\u00adcistes, direz-vous. Peut-\u00eatre&nbsp;; mais il ne pou\u00advait faire cela qu\u2019a\u00advec le consen\u00adte\u00adment des divers gou\u00adver\u00adne\u00adments fran\u00e7ais.&nbsp;<\/p>\n<p>\tLe jour\u00adnal L\u2019Hu\u00adma\u00adni\u00adt\u00e9 menait une vraie cam\u00adpagne contre les magnats du Comi\u00adt\u00e9 des Forges. Celui-ci, en retour, nous r\u00e9v\u00e9\u00adla que le man\u00adga\u00adn\u00e8se est abso\u00adlu\u00adment indis\u00adpen\u00adsable pour la guerre et que la Rus\u00adsie en livrait \u00e0 l\u2019Al\u00adle\u00admagne de tr\u00e8s grosses quantit\u00e9s.&nbsp;<\/p>\n<p>\tTout le monde se sou\u00advient du litige violent qui oppo\u00adsa le Naph\u00adta Syn\u00addi\u00adcat russe aux ser\u00advices finan\u00adciers ita\u00adliens qui d\u00e9cident de geler les cr\u00e9\u00addits russes.&nbsp;<\/p>\n<p>\tDr\u00f4le de guerre. On a mobi\u00adli\u00ads\u00e9 en 39 pour garan\u00adtir les fron\u00adti\u00e8res de la Pologne et voi\u00adl\u00e0 qu\u2019il est ques\u00adtion de la d\u00e9pla\u00adcer. Dr\u00f4le de guerre et dr\u00f4le de&nbsp;paix.<\/p>\n<h2>R\u00e9gimes de demain<\/h2>\n<p>\tSi \u00e0 la veille de la guerre, le fas\u00adcisme essayait de s\u2019im\u00adplan\u00adter dans toute l\u2019Eu\u00adrope, il ne fau\u00addrait pas croire qu\u2019il sera an\u00e9an\u00adti par la dis\u00adpa\u00adri\u00adtion d\u2019Hit\u00adler et de Mussolini.&nbsp;<\/p>\n<p>\tAu milieu des ruines accu\u00admu\u00adl\u00e9es sur le monde, l\u2019oc\u00adca\u00adsion sera belle de par\u00adler de mesures nouvelles.&nbsp;<\/p>\n<p>\tIl est d\u2019ailleurs, curieux de voir que pays fas\u00adcistes et pays anti\u00adfas\u00adcistes d\u00e9clarent \u00e9ga\u00adle\u00adment vou\u00adloir d\u00e9mo\u00adlir les trusts. Dans les deux camps, pour demain on pro\u00admet le \u00ab&nbsp;socialisme&nbsp;\u00bb.&nbsp;<\/p>\n<p>\tLe \u00ab&nbsp;socia\u00adlisme&nbsp;\u00bb sera de rele\u00adver les ruines avec des m\u00e9thodes de tra\u00advail \u00ab&nbsp;anti\u00adca\u00adpi\u00adta\u00adlistes&nbsp;\u00bb. D\u00e9j\u00e0 le ministre Men\u00add\u00e8s-France nous a pr\u00e9\u00adve\u00adnu qu\u2019a\u00advec les m\u00e9thodes d\u2019a\u00advant-guerre, nous en aurions pour quinze ans. Ce pour\u00adrait donc \u00eatre la fin effec\u00adtive des 40 et m\u00eame des 48 heures. On pren\u00addra pr\u00e9\u00adtexte de la ruine du pays pour fixer les salaires dans les prix doux, on fera appel \u00e0 \u00ab&nbsp;l\u2019es\u00adprit r\u00e9a\u00adliste&nbsp;\u00bb des diri\u00adgeants de la C.G.T. <\/p>\n<p>\tD\u00e9j\u00e0, en Bel\u00adgique, en Gr\u00e8ce, on essaie de m\u00e2ter la classe ouvri\u00e8re par la&nbsp;force.&nbsp;<\/p>\n<p>\tNous en sommes l\u00e0&nbsp;!<\/p><\/div>\n","protected":false},"excerpt":{"rendered":"<p>L\u2019Italie fas\u00adcistes Com\u00adment le fas\u00adcisme est-il arri\u00adv\u00e9&nbsp;?&nbsp; Le fas\u00adcisme, comme cha\u00adcun sait, est n\u00e9 en Ita\u00adlie en 1922, des suites de la guerre 14 \u2013 18. L\u2019I\u00adta\u00adlie est appau\u00advrie, elle n\u2019a qu\u2019une indus\u00adtrie de trans\u00adfor\u00adma\u00adtion. Pour avoir des mati\u00e8res pre\u00admi\u00e8res, elle manque de devises et, \u00e0 cause du ch\u00f4\u00admage, le pro\u00adl\u00e9\u00adta\u00adriat ita\u00adlien montre une inqui\u00e9\u00adtante acti\u00advi\u00adt\u00e9 r\u00e9volutionnaire.&nbsp;[\u2026]<\/p>\n","protected":false},"author":1,"featured_media":0,"comment_status":"closed","ping_status":"closed","sticky":false,"template":"","format":"standard","meta":{"wp_typography_post_enhancements_disabled":false,"footnotes":""},"categories":[22],"tags":[],"ppma_author":[540],"class_list":["post-136","post","type-post","status-publish","format-standard","hentry","category-le-libertaire-n1-21-decembre-1944"],"authors":[{"term_id":540,"user_id":1,"is_guest":0,"slug":"admin_3gikpwyf","display_name":"Vincent Dubuc","avatar_url":"https:\/\/secure.gravatar.com\/avatar\/d015720652c25fd2ced191ade86430094e1f288a17483713e3b34d26dea52507?s=96&d=mm&r=g","author_category":"","user_url":"https:\/\/la-presse-anarchiste.net","last_name":"Dubuc","first_name":"Vincent","job_title":"","description":""}],"_links":{"self":[{"href":"https:\/\/la-presse-anarchiste.net\/index.php\/wp-json\/wp\/v2\/posts\/136","targetHints":{"allow":["GET"]}}],"collection":[{"href":"https:\/\/la-presse-anarchiste.net\/index.php\/wp-json\/wp\/v2\/posts"}],"about":[{"href":"https:\/\/la-presse-anarchiste.net\/index.php\/wp-json\/wp\/v2\/types\/post"}],"author":[{"embeddable":true,"href":"https:\/\/la-presse-anarchiste.net\/index.php\/wp-json\/wp\/v2\/users\/1"}],"replies":[{"embeddable":true,"href":"https:\/\/la-presse-anarchiste.net\/index.php\/wp-json\/wp\/v2\/comments?post=136"}],"version-history":[{"count":0,"href":"https:\/\/la-presse-anarchiste.net\/index.php\/wp-json\/wp\/v2\/posts\/136\/revisions"}],"wp:attachment":[{"href":"https:\/\/la-presse-anarchiste.net\/index.php\/wp-json\/wp\/v2\/media?parent=136"}],"wp:term":[{"taxonomy":"category","embeddable":true,"href":"https:\/\/la-presse-anarchiste.net\/index.php\/wp-json\/wp\/v2\/categories?post=136"},{"taxonomy":"post_tag","embeddable":true,"href":"https:\/\/la-presse-anarchiste.net\/index.php\/wp-json\/wp\/v2\/tags?post=136"},{"taxonomy":"author","embeddable":true,"href":"https:\/\/la-presse-anarchiste.net\/index.php\/wp-json\/wp\/v2\/ppma_author?post=136"}],"curies":[{"name":"wp","href":"https:\/\/api.w.org\/{rel}","templated":true}]}}