{"id":1363,"date":"2008-03-19T21:27:57","date_gmt":"2008-03-19T21:27:57","guid":{"rendered":"https:\/\/la-presse-anarchiste.net\/index.php\/2008\/03\/19\/spectacles-14\/"},"modified":"2008-03-19T21:27:57","modified_gmt":"2008-03-19T21:27:57","slug":"spectacles-14","status":"publish","type":"post","link":"https:\/\/la-presse-anarchiste.net\/index.php\/2008\/03\/19\/spectacles-14\/","title":{"rendered":"Spectacles"},"content":{"rendered":"<div class=\"pdfprnt-buttons pdfprnt-buttons-post pdfprnt-top-right\"><a href=\"https:\/\/la-presse-anarchiste.net\/index.php\/wp-json\/wp\/v2\/posts\/1363?print=pdf\" class=\"pdfprnt-button pdfprnt-button-pdf\" target=\"_blank\"><img decoding=\"async\" src=\"https:\/\/la-presse-anarchiste.net\/wp-content\/plugins\/pdf-print\/images\/pdf.png\" alt=\"image_pdf\" title=\"Afficher le PDF\"><\/a><a href=\"https:\/\/la-presse-anarchiste.net\/index.php\/wp-json\/wp\/v2\/posts\/1363?print=print\" class=\"pdfprnt-button pdfprnt-button-print\" target=\"_blank\"><img decoding=\"async\" src=\"https:\/\/la-presse-anarchiste.net\/wp-content\/plugins\/pdf-print\/images\/print.png\" alt=\"image_print\" title=\"Contenu imprim\u00e9\"><\/a><\/div><p style=\"text-indent: 1.5cm; margin-bottom: 0cm;\" align=\"justify\"><font face=\"Garamond, serif\"><font style=\"font-size: 13pt;\" size=\"3\"><span lang=\"fr-FR\">Inter\u00addit&nbsp;?<br>\nOui, en France et aus\u00adsi (bien que l\u2019objection de conscience soit<br>\nrecon\u00adnue par la R\u00e9pu\u00adblique f\u00e9d\u00e9\u00adrale)&nbsp;en<br>\nAlle\u00admagne. Long\u00adtemps inter\u00addit \u00e9ga\u00adle\u00adment en Suisse, mais&nbsp;le<br>\nveto de la cen\u00adsure a fina\u00adle\u00adment \u00e9t\u00e9 lev\u00e9.&nbsp;De<br>\nsorte que j\u2019ai pu voir le film \u00e0 Zurich. L\u2019avouerai-je&nbsp;?&nbsp;je<br>\nne m\u2019y ren\u00addais gu\u00e8re que par devoir. D\u2019apr\u00e8s ce&nbsp;que<br>\nj\u2019avais pu lire dans la presse, je m\u2019attendais a un film d\u2019une<br>\nten\u00addance, certes, sym\u00adpa\u00adthique, mais enfin de ten\u00addance, et c\u2019est&nbsp;une<br>\nchose \u00e0 laquelle je suis par\u00adti\u00adcu\u00adli\u00e8\u00adre\u00adment allergique<br>\nlorsqu\u2019il s\u2019agit d\u2019id\u00e9es\u200a\u2014\u200a<i>proches <\/i>des miennes.<br>\nDans n\u2019importe quel art, je me m\u00e9fie tou\u00adjours des&nbsp;trop<br>\nbonnes inten\u00adtions. L\u2019enthousiasme un peu beau\u00adcoup \u00ab&nbsp;militant&nbsp;\u00bb<br>\nmani\u00adfes\u00adt\u00e9 par les amis paci\u00adfistes qui avaient pu voir l\u2019\u0153uvre<br>\n\u00e0 Bruxelles n\u2019\u00e9tait pas non plus pour me rassurer,<br>\nsur\u00adtout que je me rap\u00adpe\u00adlais les juge\u00adments \u00e0 peu&nbsp;pr\u00e8s<br>\nuna\u00adni\u00adme\u00adment n\u00e9ga\u00adtifs de la cri\u00adtique fran\u00ad\u00e7aise, lorsque<br>\n\u00ab&nbsp;Tu ne tue\u00adras point&nbsp;\u00bb avait \u00e9t\u00e9 pr\u00e9sent\u00e9<br>\nau fes\u00adti\u00adval de Venise. Impos\u00adsible, pen\u00adsais-je na\u00ef\u00adve\u00adment,&nbsp;que<br>\ntous ces gens-l\u00e0 soient \u00e0 tel point aux ordres que,<br>\nsachant l\u2019interdit dont leur gou\u00adver\u00adne\u00adment avait frapp\u00e9<br>\nl\u2019ouvrage, ils aient eu soin de se don\u00adner pour consigne d\u2019en&nbsp;nier<br>\nla valeur. Eh bien non, il faut se rendre \u00e0 cette d\u00e9solante<br>\net nau\u00ads\u00e9euse v\u00e9ri\u00adt\u00e9 que le confor\u00admisme, dans&nbsp;le<br>\ncli\u00admat fran\u00ad\u00e7ais actuel, guide la plume, au sens sartrien,<br>\nres\u00adpec\u00adtueuse des pro\u00adfes\u00adsion\u00adnels. (La volon\u00adt\u00e9 de mau\u00advaise&nbsp;foi<br>\ndes comptes ren\u00addus n\u2019\u00e9clate nulle part autant que dans&nbsp;la<br>\nfa\u00e7on dont ils jug\u00e8rent bon de pr\u00e9\u00adsen\u00adter&nbsp;le<br>\nregret des temps heu\u00adreux qu\u2019\u00e9prouve, sans mauvaise<br>\nconscience aucune, si humai\u00adne\u00adment au contraire, dans sa volontaire<br>\npri\u00adson, l\u2019objecteur du film \u00e0 la pen\u00ads\u00e9e de certain<br>\ncoq au vin d\u00e9gus\u00adt\u00e9 en vacances en com\u00adpa\u00adgnie de&nbsp;ses<br>\nparents. Nos jour\u00adna\u00adlistes, ces bons ap\u00f4tres, trou\u00advaient cela,<br>\npour un h\u00e9ros, bien terre \u00e0 terre.) En fait, mis&nbsp;\u00e0<br>\npart un bien mau\u00advais, mais heu\u00adreu\u00adse\u00adment tr\u00e8s bref&nbsp;d\u00e9but<br>\ntrai\u00adt\u00e9 en alle\u00admand, qui oblige \u00e0 pen\u00adser que, devant<br>\ncette langue \u00e9tran\u00adg\u00e8re, Autant-Lara aura<br>\nexcep\u00adtion\u00adnel\u00adle\u00adment per\u00addu le meilleur de ses qua\u00adli\u00adt\u00e9s de&nbsp;grand<br>\nmet\u00adteur en sc\u00e8ne, le film est un chef\u2011d\u2019\u0153uvre de justesse<br>\nde ton et de pen\u00ads\u00e9e. Le cal\u00advaire int\u00e9rieurement<br>\ntriom\u00adphal\u200a\u2014\u200ace sont les mots qui s\u2019imposent\u200a\u2014\u200adu&nbsp;jeune<br>\nobjec\u00adteur Jean-Fran\u00ad\u00e7ois Cor\u00addier, incar\u00adn\u00e9 avec&nbsp;la<br>\ndis\u00adcr\u00e9\u00adtion la plus nuan\u00adc\u00e9e par un Laurent Ter\u00adzieff&nbsp;que<br>\nle tra\u00advail sous la direc\u00adtion d\u2019Autant-Lara rend meilleur et&nbsp;plus<br>\nauthen\u00adtique que jamais, ne nous est \u00e0 aucun moment pr\u00e9sent\u00e9<br>\ncomme l\u2019illustration d\u2019une pro\u00adpa\u00adgande, mais bien y voyons-nous,<br>\navec une \u00e9mo\u00adtion qui ne se d\u00e9ment jamais (j\u2019ai<br>\npleu\u00adr\u00e9, oui chia\u00adl\u00e9 comme Mar\u00adgot au m\u00e9lo\u00addrame, et<br>\ncepen\u00addant rien, ici, de m\u00e9lo\u00addra\u00adma\u00adtique!) la manifestation<br>\nn\u00e9ces\u00adsaire, conti\u00adnue, irr\u00e9\u00adfu\u00adtable d\u2019une&nbsp;\u00e2me.<\/span><\/font><\/font><\/p>\n<p style=\"text-indent: 1.5cm; margin-bottom: 0cm;\" align=\"justify\"><font face=\"Garamond, serif\"><font style=\"font-size: 13pt;\" size=\"3\"><span lang=\"fr-FR\">Je<br>\nsuis d\u2019autant plus \u00e0 l\u2019aise, et en m\u00eame temps mal&nbsp;\u00e0<br>\nl\u2019aise pour enre\u00adgis\u00adtrer cette consta\u00adta\u00adtion qui est \u00e0&nbsp;elle<br>\nseule un hom\u00admage, que nous n\u2019avons \u00e0 \u00ab&nbsp;T\u00e9moins&nbsp;\u00bb<br>\u200a\u2014\u200aMichel Bou\u00adjut l\u2019a dit de lui-m\u00eame apr\u00e8s&nbsp;son<br>\npas\u00adsage en Suisse et, pour les m\u00eames rai\u00adsons, il me faut&nbsp;bien<br>\nle dire de moi et des amis d\u2019ici\u200a\u2014\u200aaucu\u00adne\u00adment, on pour\u00adra&nbsp;m\u00eame<br>\ndire pas assez la pr\u00e9\u00adten\u00adtion de nous \u00e9ga\u00adler&nbsp;\u00e0<br>\nl\u2019h\u00e9ro\u00efsme, \u00e0 la sain\u00adte\u00adt\u00e9 faudrait-il<br>\npresque \u00e9crire des objec\u00adteurs assez cou\u00adra\u00adgeux pour s\u2019offrir<br>\nsur place \u00e0 la pri\u00adson qui les attend. Ah&nbsp;! les chics types. Le<br>\nchic type sur\u00adtout que ce Jean-Fran\u00ad\u00e7ois Cor\u00addier du film,&nbsp;qui<br>\nd\u2019abord bon catho\u00adlique, vit si inten\u00ads\u00e9\u00adment l\u2019\u00e9vidence<br>\nde son refus des armes qu\u2019il finit par dire&nbsp;: pas besoin de&nbsp;Dieu<br>\nl\u00e0-dedans. C\u2019est cette absence de b\u00e9quilles<br>\nm\u00e9ta\u00adphy\u00adsiques, cette sim\u00adpli\u00adci\u00adt\u00e9 dans l\u2019impossibilit\u00e9<br>\nde vivre en contra\u00addic\u00adtion avec soi-m\u00eame, qui est&nbsp;si<br>\nbou\u00adle\u00adver\u00adsante. \u00c0 un seul moment, j\u2019ai failli tiquer. Lorsque<br>\nle pr\u00e9\u00adsident du tri\u00adbu\u00adnal demande \u00e0 Cor\u00addier&nbsp;: \u00ab&nbsp;Mais<br>\npour\u00adquoi n\u2019avez-vous pas d\u00e9ser\u00adt\u00e9&nbsp;?&nbsp;\u00bb et qu\u2019il<br>\nr\u00e9pond&nbsp;: \u00ab&nbsp;Parce que je suis fran\u00ad\u00e7ais, mon\u00adsieur&nbsp;le<br>\npr\u00e9\u00adsident&nbsp;\u00bb, j\u2019ai eu peur qu\u2019Autant-Lara ne se&nbsp;soit<br>\nper\u00admis l\u00e0 un effet facile, propre \u00e0 un peu bassement<b><br>\n<\/b>s\u00e9duire le public, \u00e0 mettre au ser\u00advice&nbsp;de<br>\nl\u2019antimilitarisme jusqu\u2019\u00e0 des sen\u00adti\u00adments, ma foi,&nbsp;quasi<br>\ncocar\u00addiers. Mais non&nbsp;: Jean-Fran\u00ad\u00e7ois Cor\u00addier veut seulement<br>\ndire, j\u2019imagine, j\u2019esp\u00e8re&nbsp;: Fran\u00ad\u00e7ais, je n\u2019ai&nbsp;pas<br>\nvou\u00adlu me d\u00e9pay\u00adser. Il n\u2019a pas r\u00e9fl\u00e9\u00adchi,&nbsp;ni<br>\nAutant-Lara, que l\u2019exil accep\u00adt\u00e9 ne vous \u00f4te pas&nbsp;pour<br>\nun sou de votre sub\u00adstance natio\u00adnale&nbsp;; presque tou\u00adjours, il ne la&nbsp;rend<br>\nque plus consciente. La d\u00e9so\u00adb\u00e9is\u00adsance \u00e0&nbsp;la<br>\npatrie offi\u00adcielle n\u2019entame pas d\u2019une once l\u2019amour natu\u00adrel&nbsp;de<br>\nnotre ter\u00adroir. Et d\u2019ailleurs, je suis bien cer\u00adtain qu\u2019Autant-Lara<br>\nn\u2019aurait pas ici moins de com\u00adpr\u00e9\u00adhen\u00adsion intui\u00adtive qu\u2019il<br>\nn\u2019en t\u00e9moigne pour son per\u00adson\u00adnage, lui qui dans ce film&nbsp;a<br>\nsu, avec tant de cons\u00e9\u00adquence, d\u00e9ce\u00adler l\u2019essentiel du<br>\npro\u00adbl\u00e8me en oppo\u00adsant l\u2019impunit\u00e9 du crime&nbsp;par<br>\nob\u00e9is\u00adsance (l\u2019histoire de ce pr\u00eatre alle\u00admand cod\u00e9tenu<br>\nde Cor\u00addier au Cherche-Midi et qui, bien qu\u2019il ait ex\u00e9cut\u00e9<br>\n\u00e0 la Lib\u00e9\u00adra\u00adtion un com\u00adbat\u00adtant de la R\u00e9sistance,<br>\nest\u200a\u2014\u200aet au fond c\u2019est tant mieux\u200a\u2014\u200aacquit\u00adt\u00e9,&nbsp;parce<br>\nqu\u2019il a agi sur ordre) \u00e0 la condam\u00adna\u00adtion de celui&nbsp;qui,<br>\nrefu\u00adsant l\u2019uniforme, s\u2019est ren\u00addu cou\u00adpable du crime des crimes&nbsp;:<br>\nd\u00e9so\u00adb\u00e9ir. Or, s\u2019il est assu\u00adr\u00e9\u00adment&nbsp;plus<br>\nm\u00e9ri\u00adtoire de d\u00e9so\u00adb\u00e9ir sur place, choi\u00adsir&nbsp;les<br>\ntris\u00adtesses\u200a\u2014\u200ad\u2019ailleurs sou\u00advent mora\u00adle\u00adment et intellectuellement<br>\nenri\u00adchis\u00adsantes\u200a\u2014\u200ade l\u2019exil, c\u2019est d\u00e9so\u00adb\u00e9ir&nbsp;aussi.<br>\nLe code le sait bien, qui fait de la d\u00e9ser\u00adtion et&nbsp;de<br>\nl\u2019insoumission des d\u00e9lits <i>conti\u00adnus.<\/i><\/span><\/font><\/font><\/p>\n<p style=\"text-indent: 1.5cm; margin-bottom: 0cm;\" align=\"justify\" lang=\"fr-FR\">\n<font face=\"Garamond, serif\"><font style=\"font-size: 13pt;\" size=\"3\">L\u2019admirable<br>\nfilm d\u2019Autant-Lara m\u2019ayant ame\u00adn\u00e9\u200a\u2014\u200ace que d\u2019habitude<br>\nj\u2019\u00e9vite par une esp\u00e8ce de pudeur (rien de plus odieux<br>\nque ces gens qui se vantent de leurs d\u00e9co\u00adra\u00adtions ou\u200a\u2014\u200ac\u2019est<br>\nla m\u00eame chose\u200a\u2014\u200ade leurs ill\u00e9\u00adga\u00adli\u00adt\u00e9s)\u200a\u2014\u200a\u00e0<br>\npar\u00adler des pro\u00adbl\u00e8mes que la conscience, \u00e0 tra\u00advers&nbsp;le<br>\nrefus des armes, pose \u00e0 la conscience, je dois au lecteur<br>\ncomme aux actuels fr\u00e8res en des\u00adtin de Cor\u00addier Jean-Fran\u00e7ois,<br>\nde pr\u00e9\u00adci\u00adser que l\u2019attitude \u00e9thique du film et&nbsp;la<br>\nmagis\u00adtrale fa\u00e7on dont Autant-Lara a su la ser\u00advir me dictent,<br>\ncertes, de les saluer avec toute la sym\u00adpa\u00adthie que l\u2019on a&nbsp;d\u00fb<br>\nsen\u00adtir dans ces lignes (me trom\u00adp\u00e9-je&nbsp;? tra\u00adduc\u00adtion du cli\u00admat&nbsp;qui<br>\nest le n\u00f4tre \u00e0 tous, les par\u00adties musi\u00adcales reprennent,<br>\nnon, je ne crois pas faire erreur, la par\u00adti\u00adtion qui, fr\u00e9n\u00e9sie<br>\nde la liber\u00adt\u00e9 vraie, celle qui se moque de toutes les r\u00e8gles<br>\ndes bien-pen\u00adsants, revient sans cesse dans \u00ab&nbsp;Le diable au&nbsp;corps&nbsp;\u00bb<br>\ndu m\u00eame Autant-Lara, et auquel, c\u2019est tout dire, \u00ab&nbsp;Tu&nbsp;ne<br>\ntue\u00adras point&nbsp;\u00bb au moins s\u2019\u00e9gale); mais on s\u2019abuserait<br>\nen concluant de cette com\u00adpr\u00e9\u00adhen\u00adsion fra\u00adter\u00adnelle, de&nbsp;cette<br>\npresque iden\u00adti\u00adt\u00e9 en pro\u00adfon\u00addeur que, quelque respectable<br>\nqu\u2019elle m\u2019apparaisse, la non-vio\u00adlence si digne\u00adment magnifi\u00e9e<br>\npar le film est \u00e9ga\u00adle\u00adment mon cre\u00addo \u00e0 tout prix.&nbsp;La<br>\nguerre de 14, c\u2019\u00e9tait l\u2019absurde g\u00e9n\u00e9ralis\u00e9,<br>\nle sui\u00adcide mutuel, l\u2019affrontement d\u2019imp\u00e9rialismes<br>\n\u00e9qui\u00adva\u00adlents, la b\u00eatise. Mais je ne suis pas et n\u2019ai<br>\njamais \u00e9t\u00e9 paci\u00adfiste incon\u00addi\u00adtion\u00adnel. Devant<br>\nl\u2019inhumanisme mos\u00adco\u00advite, par exemple, il me serait, comme s\u2019y<br>\nlaissent alle<\/font><\/font><\/p>\n","protected":false},"excerpt":{"rendered":"<p>Inter\u00addit&nbsp;? Oui, en France et aus\u00adsi (bien que l\u2019objection de conscience soit recon\u00adnue par la R\u00e9pu\u00adblique f\u00e9d\u00e9\u00adrale)&nbsp;en Alle\u00admagne. Long\u00adtemps inter\u00addit \u00e9ga\u00adle\u00adment en Suisse, mais&nbsp;le veto de la cen\u00adsure a fina\u00adle\u00adment \u00e9t\u00e9 lev\u00e9.&nbsp;De sorte que j\u2019ai pu voir le film \u00e0 Zurich. L\u2019avouerai-je&nbsp;?&nbsp;je ne m\u2019y ren\u00addais gu\u00e8re que par devoir. D\u2019apr\u00e8s ce&nbsp;que j\u2019avais pu lire&nbsp;dans&nbsp;[\u2026]<\/p>\n","protected":false},"author":1,"featured_media":0,"comment_status":"closed","ping_status":"closed","sticky":false,"template":"","format":"standard","meta":{"wp_typography_post_enhancements_disabled":false,"footnotes":""},"categories":[151],"tags":[],"ppma_author":[540],"class_list":["post-1363","post","type-post","status-publish","format-standard","hentry","category-temoins-n32-printemps-1963"],"authors":[{"term_id":540,"user_id":1,"is_guest":0,"slug":"admin_3gikpwyf","display_name":"Vincent Dubuc","avatar_url":"https:\/\/secure.gravatar.com\/avatar\/d015720652c25fd2ced191ade86430094e1f288a17483713e3b34d26dea52507?s=96&d=mm&r=g","author_category":"","user_url":"https:\/\/la-presse-anarchiste.net","last_name":"Dubuc","first_name":"Vincent","job_title":"","description":""}],"_links":{"self":[{"href":"https:\/\/la-presse-anarchiste.net\/index.php\/wp-json\/wp\/v2\/posts\/1363","targetHints":{"allow":["GET"]}}],"collection":[{"href":"https:\/\/la-presse-anarchiste.net\/index.php\/wp-json\/wp\/v2\/posts"}],"about":[{"href":"https:\/\/la-presse-anarchiste.net\/index.php\/wp-json\/wp\/v2\/types\/post"}],"author":[{"embeddable":true,"href":"https:\/\/la-presse-anarchiste.net\/index.php\/wp-json\/wp\/v2\/users\/1"}],"replies":[{"embeddable":true,"href":"https:\/\/la-presse-anarchiste.net\/index.php\/wp-json\/wp\/v2\/comments?post=1363"}],"version-history":[{"count":0,"href":"https:\/\/la-presse-anarchiste.net\/index.php\/wp-json\/wp\/v2\/posts\/1363\/revisions"}],"wp:attachment":[{"href":"https:\/\/la-presse-anarchiste.net\/index.php\/wp-json\/wp\/v2\/media?parent=1363"}],"wp:term":[{"taxonomy":"category","embeddable":true,"href":"https:\/\/la-presse-anarchiste.net\/index.php\/wp-json\/wp\/v2\/categories?post=1363"},{"taxonomy":"post_tag","embeddable":true,"href":"https:\/\/la-presse-anarchiste.net\/index.php\/wp-json\/wp\/v2\/tags?post=1363"},{"taxonomy":"author","embeddable":true,"href":"https:\/\/la-presse-anarchiste.net\/index.php\/wp-json\/wp\/v2\/ppma_author?post=1363"}],"curies":[{"name":"wp","href":"https:\/\/api.w.org\/{rel}","templated":true}]}}