{"id":1376,"date":"2008-03-21T09:11:43","date_gmt":"2008-03-21T09:11:43","guid":{"rendered":"https:\/\/la-presse-anarchiste.net\/index.php\/2008\/03\/21\/le-salaire-de-la-honte\/"},"modified":"2008-03-21T09:11:43","modified_gmt":"2008-03-21T09:11:43","slug":"le-salaire-de-la-honte","status":"publish","type":"post","link":"https:\/\/la-presse-anarchiste.net\/index.php\/2008\/03\/21\/le-salaire-de-la-honte\/","title":{"rendered":"Le salaire de la&nbsp;honte"},"content":{"rendered":"<div class=\"pdfprnt-buttons pdfprnt-buttons-post pdfprnt-top-right\"><a href=\"https:\/\/la-presse-anarchiste.net\/index.php\/wp-json\/wp\/v2\/posts\/1376?print=pdf\" class=\"pdfprnt-button pdfprnt-button-pdf\" target=\"_blank\"><img decoding=\"async\" src=\"https:\/\/la-presse-anarchiste.net\/wp-content\/plugins\/pdf-print\/images\/pdf.png\" alt=\"image_pdf\" title=\"Afficher le PDF\"><\/a><a href=\"https:\/\/la-presse-anarchiste.net\/index.php\/wp-json\/wp\/v2\/posts\/1376?print=print\" class=\"pdfprnt-button pdfprnt-button-print\" target=\"_blank\"><img decoding=\"async\" src=\"https:\/\/la-presse-anarchiste.net\/wp-content\/plugins\/pdf-print\/images\/print.png\" alt=\"image_print\" title=\"Contenu imprim\u00e9\"><\/a><\/div><p>&nbsp;<\/p>\n<p style=\"text-indent: 1.5cm; margin-bottom: 0cm;\" align=\"justify\" lang=\"fr-FR\">\n<font color=\"#000000\"><font face=\"Garamond, serif\"><font style=\"font-size: 13pt;\" size=\"3\">Ce<br>\nsalaire, ce n\u2019est plus\u200a\u2014\u200abon pour les temps na\u00effs&nbsp;!\u200a\u2014\u200ales<br>\ntrente deniers de Judas. Notre \u00e9poque fait beau\u00adcoup mieux&nbsp;: la<br>\nhonte, de nos jours, trouve sa r\u00e9com\u00adpense dans ce qu\u2019il&nbsp;faut<br>\nbien appe\u00adler sa vir\u00adtuo\u00adsi\u00adt\u00e9, dans l\u2019impudence qu\u2019elle aura<br>\nmise \u00e0 battre ses propres records.<\/font><\/font><\/font><\/p>\n<p style=\"text-indent: 1.5cm; margin-bottom: 0cm;\" align=\"justify\"><span lang=\"fr-FR\"><font style=\"font-size: 13pt;\" size=\"3\"><font face=\"Garamond, serif\"><font color=\"#000000\">On<br>\nn\u2019a pas oubli\u00e9&nbsp;: lorsque, il y a quelque dix ans&nbsp;David<br>\nRous\u00adset eut entre\u00adpris de d\u00e9non\u00adcer la sur\u00advie, apr\u00e8s&nbsp;les<br>\ncamps alle\u00admands, de l\u2019horreur concen\u00adtra\u00adtion\u00adnaire en Rus\u00adsie,&nbsp;le<br>\ntor\u00adchon qui s\u2019appelle\u200a\u2014\u200abien enten\u00addu\u200a\u2014\u200a\u00ab&nbsp;Les Lettres<br>\nfran\u00ad\u00e7aises&nbsp;\u00bb <i>(sic)<\/i> l\u2019accusa de n\u2019avoir lanc\u00e9<br>\nsa cam\u00adpagne que dans le seul int\u00e9\u00adr\u00eat de la \u00ab&nbsp;r\u00e9action<br>\ncapi\u00adta\u00adliste&nbsp;\u00bb. Et lors du pro\u00adc\u00e8s qui oppo\u00adsa&nbsp;\u00e0<br>\nl\u2019\u00e9poque David Rous\u00adset au tor\u00adchon ci-des\u00adsus&nbsp;nomm\u00e9,<br>\nl\u2019un des r\u00e9dac\u00adteurs dudit, le minus Pierre Daix, s\u2019avisa<br>\nm\u00eame de faire vendre dans la rue, par d\u2019anciens d\u00e9port\u00e9s<br>\ndes camps d\u2019Allemagne affu\u00adbl\u00e9s pour la cir\u00adcons\u00adtance de&nbsp;leur<br>\nvieil uni\u00adforme de d\u00e9te\u00adnus, un opus\u00adcule de son cru intitul\u00e9<br>\n\u00ab&nbsp;Pour\u00adquoi David Rous\u00adset a\u2011t-il inven\u00adt\u00e9 les&nbsp;camps<br>\nsovi\u00e9tiques&nbsp;?&nbsp;\u00bb<\/font><\/font><\/font><\/span><\/p>\n<p style=\"text-indent: 1.5cm; margin-bottom: 0cm;\" align=\"justify\" lang=\"fr-FR\">\n<font color=\"#000000\"><font face=\"Garamond, serif\"><font style=\"font-size: 13pt;\" size=\"3\">Pour\u00adquoi,<br>\nen effet&nbsp;? Comme si la cause n\u2019\u00e9tait pas enten\u00addue d\u2019avance.<br>\nAh, je les entends encore, tous les hommes de \u00ab&nbsp;gauche&nbsp;\u00bb<br>\nqui, un Albert B\u00e9guin le pre\u00admier, vous disaient, avec l\u2019air<br>\nde gens \u00e0 qui on ne la fait pas&nbsp;: \u00ab&nbsp;Voyons, c\u2019est&nbsp;cousu<br>\nde fil blanc puisque David Rous\u00adset publie tout cela dans le journal<br>\nle plus r\u00e9ac\u00adtion\u00adnaire&nbsp;: le Figa\u00adro&nbsp;\u00bb. Parce que ce&nbsp;qui<br>\ncomp\u00adtait, ce n\u2019\u00e9tait \u00e9vi\u00addem\u00adment point de savoir si<br>\nles r\u00e9v\u00e9\u00adla\u00adtions de Rous\u00adset \u00e9taient exactes, mais<br>\nla cou\u00adleur de la feuille o\u00f9 il en don\u00adnait connaissance.<br>\nCou\u00adleur appa\u00adrem\u00adment signi\u00adfi\u00adca\u00adtive \u00e0 ce point que,&nbsp;pour<br>\nsim\u00adpli\u00adfier, on ne par\u00adlait que du \u00ab&nbsp;Figa\u00adro&nbsp;\u00bb et non pas,&nbsp;ce<br>\nqui \u00e9tait cepen\u00addant la v\u00e9ri\u00adt\u00e9, et une v\u00e9rit\u00e9<br>\nqui \u00e9tait plus qu\u2019une nuance&nbsp;! du \u00ab&nbsp;Figa\u00adro litt\u00e9raire&nbsp;\u00bb.<br>\n(Per\u00adson\u00adnel\u00adle\u00adment, Rous\u00adset doit \u00eatre d\u2019ailleurs tout&nbsp;\u00e0<br>\nfait insen\u00adsible, trop peut-\u00eatre, pour\u00advu qu\u2019on le laisse libre<br>\nde dire ce qu\u2019il veut, aux prises de posi\u00adtion ou soi-disant telles<br>\ndes mar\u00adchands de papier qui accueillent ses articles. Pour ma&nbsp;part,<br>\nle \u00ab&nbsp;Figa\u00adro lit\u00adt\u00e9\u00adraire&nbsp;\u00bb, \u00e7a ne me g\u00eanait<br>\npas&nbsp;; je n\u2019en dirais pas autant de l\u2019indiff\u00e9rence avec<br>\nlaquelle il donne actuel\u00adle\u00adment son repor\u00adtage sur Cuba dans \u00ab&nbsp;Le<br>\nNou\u00adveau Candide\u00bb\u2026)<\/font><\/font><\/font><\/p>\n<p style=\"text-indent: 1.5cm; margin-bottom: 0cm;\" align=\"justify\" lang=\"fr-FR\">\n<font color=\"#000000\"><font face=\"Garamond, serif\"><font style=\"font-size: 13pt;\" size=\"3\">Seule\u00adment,<br>\nvoi\u00adl\u00e0, c\u2019est emb\u00ea\u00adtant, m\u00eame un Etat aus\u00adsi&nbsp;bien<br>\norga\u00adni\u00ads\u00e9 et\u2026 poli\u00adc\u00e9 (c\u2019est le cas de le dire!) que<br>\nla Rus\u00adsie n\u2019est pas \u00e0 l\u2019abri des chan\u00adge\u00adments que peuvent<br>\nappor\u00adter avec eux et la mort d\u2019un dic\u00adta\u00adteur et le temps qui&nbsp;passe.<br>\nEt c\u2019est ain\u00adsi que la revue \u00ab&nbsp;Novy Mir&nbsp;\u00bb (auto\u00adri\u00ads\u00e9e<br>\npour ce faire par un vote en bonne et due forme du Comit\u00e9<br>\ncen\u00adtral ou du Polit\u00adbu\u00adro, qui se fichent pas mal de la v\u00e9rit\u00e9<br>\nmais doivent avoir leurs rai\u00adsons tac\u00adtiques) a r\u00e9cemment<br>\npubli\u00e9, \u0153uvre de l\u2019ancien d\u00e9te\u00adnu des&nbsp;camps<br>\nsta\u00adli\u00adniens Sol\u00adj\u00e9\u00adnit\u00adsyne, \u00ab&nbsp;Une jour\u00adn\u00e9e d\u2019Ivan<br>\nDenis\u00adso\u00advitch&nbsp;\u00bb, r\u00e9cit d\u2019un jour de d\u00e9tention<br>\nv\u00e9cu dans un de ces camps de concen\u00adtra\u00adtion russes pr\u00e9tendument<br>\ninvent\u00e9s.<\/font><\/font><\/font><\/p>\n<p style=\"text-indent: 1.5cm; margin-bottom: 0cm;\" align=\"justify\"><span lang=\"fr-FR\"><font style=\"font-size: 13pt;\" size=\"3\"><font face=\"Garamond, serif\"><font color=\"#000000\">N\u2019importe<br>\nqui se serait dit&nbsp;: bon, la seule atti\u00adtude \u00e0 adop\u00adter, pour&nbsp;le<br>\nPierre Daix en ques\u00adtion, les \u00ab&nbsp;Lettres fran\u00e7aises&nbsp;\u00bb<br>\n<i>(sic)<\/i> et les notoires sta\u00adli\u00adniens en sur\u00adsis du carrefour<br>\nCh\u00e2\u00adteau\u00addun, c\u2019est de faire le mince, de la boucler.<\/font><\/font><\/font><\/span><\/p>\n<p style=\"text-indent: 1.5cm; margin-bottom: 0cm;\" align=\"justify\" lang=\"fr-FR\">\n<font color=\"#000000\"><font face=\"Garamond, serif\"><font style=\"font-size: 13pt;\" size=\"3\">C\u2019est<br>\nbien mal les conna\u00eetre.<\/font><\/font><\/font><\/p>\n<p style=\"text-indent: 1.5cm; margin-bottom: 0cm;\" align=\"justify\" lang=\"fr-FR\">\n<font color=\"#000000\"><font face=\"Garamond, serif\"><font style=\"font-size: 13pt;\" size=\"3\">Le<br>\nr\u00e9cit de Sol\u00adje\u00adnit\u00adsyne va para\u00eetre en volume, en<br>\nfran\u00ad\u00e7ais. Or, savez-vous qui est char\u00adg\u00e9 d\u2019en \u00e9crire<br>\nla pr\u00e9\u00adface&nbsp;? Vous ne devi\u00adnez pas&nbsp;? Pierre Daix en per\u00adsonne, le<br>\nper\u00adson\u00adnage, ou enfin le porte-plume qui eut la consigne de d\u00e9montrer<br>\nque les camps du bien-aim\u00e9 Sta\u00adline n\u2019avaient jamais exist\u00e9.<\/font><\/font><\/font><\/p>\n<p style=\"text-indent: 1.5cm; margin-bottom: 0cm;\" align=\"justify\" lang=\"fr-FR\">\n<font color=\"#000000\"><font face=\"Garamond, serif\"><font style=\"font-size: 13pt;\" size=\"3\">Comme<br>\nl\u2019\u00e9crivait ces jours-ci l\u2019un des prin\u00adci\u00adpaux t\u00e9moins<br>\ndu pro\u00adc\u00e8s David Rous\u00adset-Lettres fran\u00ad\u00e7aises, on&nbsp;croit,<br>\nlisant cela, faire un mau\u00advais&nbsp;r\u00eave.<\/font><\/font><\/font><\/p>\n<p style=\"text-indent: 1.5cm; margin-bottom: 0cm;\" align=\"justify\" lang=\"fr-FR\">\n<font color=\"#000000\"><font face=\"Garamond, serif\"><font style=\"font-size: 13pt;\" size=\"3\">Certes,<br>\nmais ce mau\u00advais r\u00eave n\u2019est qu\u2019un \u00e9chan\u00adtillon de&nbsp;plus<br>\nde notre contem\u00adpo\u00adraine r\u00e9alit\u00e9.<\/font><\/font><\/font><\/p>\n<p style=\"text-indent: 1.5cm; margin-bottom: 0cm;\" align=\"justify\" lang=\"fr-FR\">\n<font color=\"#000000\"><font face=\"Garamond, serif\"><font style=\"font-size: 13pt;\" size=\"3\">Ne<br>\ncroyons pas, d\u2019ailleurs, que cette vir\u00adtuo\u00adsi\u00adt\u00e9&nbsp;dans<br>\nl\u2019abjection atteigne ici son som\u00admet au point d\u2019y trou\u00adver&nbsp;d\u00e9j\u00e0<br>\ntout son accom\u00adplis\u00adse\u00adment, tout son salaire. Le record, depuis, a<br>\nencore \u00e9t\u00e9 bat\u00adtu. Dans une lettre derni\u00e8rement<br>\nadres\u00ads\u00e9e au \u00ab&nbsp;Figa\u00adro lit\u00adt\u00e9\u00adraire&nbsp;\u00bb, le Pierre<br>\nDaix, aux anciens t\u00e9moins de David Rous\u00adset, ces tra\u00eetres,<br>\nces ren\u00e9\u00adgats qui os\u00e8rent \u00e0 l\u2019\u00e9poque o\u00f9<br>\nce n\u2019\u00e9tait pas encore per\u00admis par les ge\u00f4\u00adliers, parler<br>\nde leur cal\u00advaire dans les camps du monde dit socia\u00adliste, a le&nbsp;front<br>\nd\u2019opposer les innom\u00adbrables mal\u00adheu\u00adreux qui y ont trou\u00adv\u00e9&nbsp;la<br>\nmort, les sacri\u00adfi\u00e9s qui, ne rou\u00adgit pas d\u2019\u00e9noncer<br>\nnotre sinistre sous-homme, sont, eux, \u00ab&nbsp;nos camarades&nbsp;\u00bb.<\/font><\/font><\/font><\/p>\n<p style=\"text-indent: 1.5cm; margin-bottom: 0cm;\" align=\"justify\"><span lang=\"fr-FR\"><font style=\"font-size: 13pt;\" size=\"3\"><font face=\"Garamond, serif\"><font color=\"#000000\">Des<br>\ncadavres, les nazis ne fai\u00adsaient encore que du savon. Les domestiques<br>\nde l\u2019autre tota\u00adli\u00adta\u00adrisme sont bou\u00adgre\u00adment plus \u00e0 la page&nbsp;: les<br>\ncadavres, <i>leurs <\/i>cadavres, ils les reven\u00addiquent, ils&nbsp;les<br>\nenr\u00f4lent.<\/font><\/font><\/font><\/span><\/p>\n<p style=\"text-indent: 1.5cm; margin-bottom: 0cm;\" align=\"justify\" lang=\"fr-FR\">\n<font color=\"#000000\"><font face=\"Garamond, serif\"><font style=\"font-size: 13pt;\" size=\"3\">Vous<br>\nvous rap\u00adpe\u00adlez le cri inf\u00e2me de la pre\u00admi\u00e8re tuerie<br>\nmon\u00addiale&nbsp;: debout les&nbsp;morts&nbsp;!<\/font><\/font><\/font><\/p>\n<p style=\"text-indent: 1.5cm; margin-bottom: 0cm;\" align=\"justify\" lang=\"fr-FR\">\n<font color=\"#000000\"><font face=\"Garamond, serif\"><font style=\"font-size: 13pt;\" size=\"3\">Ah&nbsp;!<br>\nqu\u2019il est donc d\u00e9mod\u00e9.<\/font><\/font><\/font><\/p>\n<p style=\"text-indent: 1.5cm; margin-bottom: 0cm;\" align=\"justify\" lang=\"fr-FR\">\n<font color=\"#000000\"><font face=\"Garamond, serif\"><font style=\"font-size: 13pt;\" size=\"3\">Aujourd\u2019hui,<br>\nc\u2019est&nbsp;: \u00e0 genoux les&nbsp;morts&nbsp;!<\/font><\/font><\/font><\/p>\n<p style=\"text-indent: 1.5cm; margin-bottom: 0cm;\" align=\"justify\" lang=\"fr-FR\">\n<font color=\"#000000\"><font face=\"Garamond, serif\"><font style=\"font-size: 13pt;\" size=\"3\">Dans<br>\nla bouche des bour\u00adreaux, le der\u00adnier salaire de la&nbsp;honte.<\/font><\/font><\/font><\/p>\n<p style=\"text-indent: 1.5cm; margin-bottom: 0cm;\" align=\"justify\" lang=\"fr-FR\">\n<font color=\"#000000\"><font face=\"Garamond, serif\"><font style=\"font-size: 13pt;\" size=\"3\"><b>T\u00e9moins<\/b><\/font><\/font><\/font><\/p>\n","protected":false},"excerpt":{"rendered":"<p>&nbsp; Ce salaire, ce n\u2019est plus\u200a\u2014\u200abon pour les temps na\u00effs&nbsp;!\u200a\u2014\u200ales trente deniers de Judas. Notre \u00e9poque fait beau\u00adcoup mieux&nbsp;: la honte, de nos jours, trouve sa r\u00e9com\u00adpense dans ce qu\u2019il&nbsp;faut bien appe\u00adler sa vir\u00adtuo\u00adsi\u00adt\u00e9, dans l\u2019impudence qu\u2019elle aura mise \u00e0 battre ses propres records. On n\u2019a pas oubli\u00e9&nbsp;: lorsque, il y a quelque dix ans&nbsp;David&nbsp;[\u2026]<\/p>\n","protected":false},"author":1,"featured_media":0,"comment_status":"closed","ping_status":"closed","sticky":false,"template":"","format":"standard","meta":{"wp_typography_post_enhancements_disabled":false,"footnotes":""},"categories":[151],"tags":[],"ppma_author":[540],"class_list":["post-1376","post","type-post","status-publish","format-standard","hentry","category-temoins-n32-printemps-1963"],"authors":[{"term_id":540,"user_id":1,"is_guest":0,"slug":"admin_3gikpwyf","display_name":"Vincent Dubuc","avatar_url":"https:\/\/secure.gravatar.com\/avatar\/d015720652c25fd2ced191ade86430094e1f288a17483713e3b34d26dea52507?s=96&d=mm&r=g","author_category":"","user_url":"https:\/\/la-presse-anarchiste.net","last_name":"Dubuc","first_name":"Vincent","job_title":"","description":""}],"_links":{"self":[{"href":"https:\/\/la-presse-anarchiste.net\/index.php\/wp-json\/wp\/v2\/posts\/1376","targetHints":{"allow":["GET"]}}],"collection":[{"href":"https:\/\/la-presse-anarchiste.net\/index.php\/wp-json\/wp\/v2\/posts"}],"about":[{"href":"https:\/\/la-presse-anarchiste.net\/index.php\/wp-json\/wp\/v2\/types\/post"}],"author":[{"embeddable":true,"href":"https:\/\/la-presse-anarchiste.net\/index.php\/wp-json\/wp\/v2\/users\/1"}],"replies":[{"embeddable":true,"href":"https:\/\/la-presse-anarchiste.net\/index.php\/wp-json\/wp\/v2\/comments?post=1376"}],"version-history":[{"count":0,"href":"https:\/\/la-presse-anarchiste.net\/index.php\/wp-json\/wp\/v2\/posts\/1376\/revisions"}],"wp:attachment":[{"href":"https:\/\/la-presse-anarchiste.net\/index.php\/wp-json\/wp\/v2\/media?parent=1376"}],"wp:term":[{"taxonomy":"category","embeddable":true,"href":"https:\/\/la-presse-anarchiste.net\/index.php\/wp-json\/wp\/v2\/categories?post=1376"},{"taxonomy":"post_tag","embeddable":true,"href":"https:\/\/la-presse-anarchiste.net\/index.php\/wp-json\/wp\/v2\/tags?post=1376"},{"taxonomy":"author","embeddable":true,"href":"https:\/\/la-presse-anarchiste.net\/index.php\/wp-json\/wp\/v2\/ppma_author?post=1376"}],"curies":[{"name":"wp","href":"https:\/\/api.w.org\/{rel}","templated":true}]}}