{"id":1380,"date":"2008-03-21T14:06:50","date_gmt":"2008-03-21T14:06:50","guid":{"rendered":"https:\/\/la-presse-anarchiste.net\/index.php\/2008\/03\/21\/en-souvenir-de-sully-andre-peyre-trois-fois-poete\/"},"modified":"2008-03-21T14:06:50","modified_gmt":"2008-03-21T14:06:50","slug":"en-souvenir-de-sully-andre-peyre-trois-fois-poete","status":"publish","type":"post","link":"https:\/\/la-presse-anarchiste.net\/index.php\/2008\/03\/21\/en-souvenir-de-sully-andre-peyre-trois-fois-poete\/","title":{"rendered":"En souvenir de Sully-Andr\u00e9 Peyre, trois fois&nbsp;po\u00e8te"},"content":{"rendered":"<div class=\"pdfprnt-buttons pdfprnt-buttons-post pdfprnt-top-right\"><a href=\"https:\/\/la-presse-anarchiste.net\/index.php\/wp-json\/wp\/v2\/posts\/1380?print=pdf\" class=\"pdfprnt-button pdfprnt-button-pdf\" target=\"_blank\"><img decoding=\"async\" src=\"https:\/\/la-presse-anarchiste.net\/wp-content\/plugins\/pdf-print\/images\/pdf.png\" alt=\"image_pdf\" title=\"Afficher le PDF\"><\/a><a href=\"https:\/\/la-presse-anarchiste.net\/index.php\/wp-json\/wp\/v2\/posts\/1380?print=print\" class=\"pdfprnt-button pdfprnt-button-print\" target=\"_blank\"><img decoding=\"async\" src=\"https:\/\/la-presse-anarchiste.net\/wp-content\/plugins\/pdf-print\/images\/print.png\" alt=\"image_print\" title=\"Contenu imprim\u00e9\"><\/a><\/div><p class=\"post_excerpt\">[[Ayant eu connais\u00adsance du pr\u00e9\u00adsent article \u00e0 l\u2019origine \u00e9crit pour <i>T\u00e9moins<\/i>, Louis Dor\u00adlet, r\u00e9dac\u00adteur en chef de <i>D\u00e9fense de l\u2019homme<\/i>, expri\u00adma son d\u00e9sir de le publier \u00e9ga\u00adle\u00adment, d\u2019ailleurs dans une ver\u00adsion l\u00e9g\u00e8\u00adre\u00adment dif\u00adf\u00e9\u00adrente, ce qui a d\u00e9j\u00e0 eu lieu et \u00e0 quoi nous aurions eu mau\u00advaise gr\u00e2ce de nous oppo\u00adser, vu notre p\u00e9rio\u00addi\u00adci\u00adt\u00e9 plu\u00adt\u00f4t irr\u00e9\u00adgu\u00adli\u00e8re et le fait que nos lec\u00adteurs ne sont fort pro\u00adba\u00adble\u00adment gu\u00e8re les&nbsp;m\u00eames.]]<\/p>\n<p><!--more--><br>\n&nbsp; <\/p>\n<poesie>Je t\u2019ai conduit jusqu\u2019au bord de ce fleuve<br>\nDans lequel il suf\u00adfit de se plonger<br>\nPour que l\u2019oubli nous baigne et nous abreuve<br>\nEt ce qui fut nous devienne \u00e9tranger.\n<p>Toi qui portes le poids de mainte \u00e9preuve,<br>\nHomme qu\u2019hier ne cesse de ronger,<br>\nVeux-tu te faire une exis\u00adtence&nbsp;neuve,<br>\nO\u00f9 seul l\u2019espoir puisse vivre et songer&nbsp;?<\/p>\n<p>Livre-toi har\u00addi\u00adment aux p\u00e2les charmes<br>\nDe l\u2019onde lourde et l\u00e9g\u00e8re, que n\u2019ont<br>\nJamais trou\u00adbl\u00e9e nul sang et nulles larmes.<\/p>\n<p>Tu ne conna\u00ee\u00adtras plus m\u00eame le&nbsp;nom<br>\nQui fut le tien, pour que mieux tu d\u00e9sarmes<br>\nLe pas\u00ads\u00e9&nbsp;! Que ce flot t\u2019efface.<\/p><\/poesie>\n<p>&nbsp;<\/p>\n<p style=\"margin-right: 0.97cm; text-indent: 1.5cm; margin-bottom: 0cm;\" align=\"justify\" lang=\"fr-FR\">\n<font face=\"Apple Garamond\"><font size=\"3\">L\u2019hiver 1961\u200a\u2013\u200a62 a&nbsp;vu<br>\nmou\u00adrir, en pos\u00adses\u00adsion de soi-m\u00eame, l\u2019auteur de ces vers&nbsp;sur<br>\nla mort et l\u2019oubli, le po\u00e8te Sul\u00adly-Andr\u00e9 Peyre. La<br>\npresse des trusts n\u2019en a rien dit&nbsp;; ni celle des chapelles.<\/font><\/font><\/p>\n<p style=\"margin-right: 0.97cm; text-indent: 1.5cm; margin-bottom: 0cm;\" align=\"justify\" lang=\"fr-FR\">\n<font face=\"Apple Garamond\"><font size=\"3\">Car\u00addiaque depuis des ann\u00e9es,<br>\net se sachant condam\u00adn\u00e9, S.-A. Peyre n\u2019avait renonc\u00e9&nbsp;\u2014<br>\nen d\u00e9pit du sur\u00adme\u00adnage\u200a\u2014\u200ani \u00e0 son \u0153uvre de cr\u00e9ateur<br>\net de cri\u00adtique, ni \u00e0 son gagne-pain, ni \u00e0&nbsp;la<br>\ncor\u00adres\u00adpon\u00addance qu\u2019il entre\u00adte\u00adnait avec ses dis\u00adciples et&nbsp;amis.<\/font><\/font><\/p>\n<p style=\"margin-right: 0.97cm; text-indent: 1.5cm; margin-bottom: 0cm;\" align=\"justify\" lang=\"fr-FR\">\n<font face=\"Apple Garamond\"><font size=\"3\">Car son iso\u00adle\u00adment, partag\u00e9<br>\npar la com\u00adpagne de son art et de sa vie, \u00e9tait un retrait<br>\npure\u00adment phy\u00adsique. Rien de ce qui concerne la vie des lettres<br>\nanglaises fran\u00ad\u00e7aises et\u200a\u2014\u200apar des\u00adsus tout\u200a\u2014\u200aproven\u00e7ales,<br>\nne lui \u00e9tait \u00e9tran\u00adger. Sha\u00adkes\u00adpeare, Hugo et Mistral<br>\nl\u2019avaient mar\u00adqu\u00e9 de leur empreinte.<\/font><\/font><\/p>\n<p style=\"margin-right: 0.97cm; text-indent: 1.5cm; margin-bottom: 0cm;\" align=\"justify\">\n<span lang=\"fr-FR\"><font size=\"3\"><font face=\"Apple Garamond\">Chaque<br>\nmois, sous une demi-dou\u00adzaine de pseu\u00addo\u00adnymes qui furent en lui autant<br>\nde per\u00adson\u00adnages, il confiait \u00e0 la revue <i>Mar\u00adsyas\u200a\u2014\u200a<\/i>fon\u00add\u00e9e<br>\n\u00e0 l\u2019\u00e2ge d\u2019une pr\u00e9\u00adcoce matu\u00adri\u00adt\u00e9&nbsp;et<br>\nnour\u00adrie de mul\u00adtiples apports\u200a\u2014\u200ale tri\u00adbut de son intui\u00adtion et de&nbsp;sa<br>\npen\u00ads\u00e9e&nbsp;; et cette fid\u00e9\u00adli\u00adt\u00e9 \u00e0 l\u2019esprit<br>\nlui avait valu l\u2019estime et la col\u00adla\u00adbo\u00adra\u00adtion d\u2019un Gaston<br>\nBache\u00adlard, d\u2019un Emma\u00adnuel Lochac, d\u2019un Denis Sau\u00adrat&nbsp;: cercle<br>\nd\u2019hommes \u00e9pris des fortes dis\u00adci\u00adplines aux\u00adquelles le disparu<br>\nn\u2019avait ces\u00ads\u00e9 de se soumettre.<\/font><\/font><\/span><\/p>\n<p style=\"margin-right: 0.97cm; text-indent: 1.5cm; margin-bottom: 0cm;\" align=\"justify\" lang=\"fr-FR\">\n<font face=\"Apple Garamond\"><font size=\"3\">Mais ce \u00ab&nbsp;dia\u00adlogue&nbsp;au<br>\nsom\u00admet&nbsp;\u00bb ne lui fai\u00adsait pas n\u00e9gli\u00adger pour autant les<br>\nten\u00adta\u00adtives chez ceux en qui s\u2019\u00e9veillait, \u00e0&nbsp;son<br>\ncontact, l\u2019enthousiasme des belles choses<\/font><\/font><\/p>\n<p style=\"margin-right: 0.97cm; text-indent: 1.5cm; margin-bottom: 0cm;\" align=\"justify\">\n<span lang=\"fr-FR\"><font size=\"3\"><font face=\"Apple Garamond\">Pour\t ma<br>\npart, j\u2019ai conser\u00adv\u00e9 et relu plus d\u2019une cen\u00adtaine de&nbsp;pages<br>\nrev\u00ea\u00adtues de son \u00e9cri\u00adture, et qu\u2019il m\u2019adressa tandis<br>\nque la guerre non s\u00e9pa\u00adrait. Rien de ce qui pou\u00advait me&nbsp;les<br>\nrendre pr\u00e9\u00adcieuses n\u2019y man\u00adquait&nbsp;: mes\u00adsage humain&nbsp;;<br>\nappr\u00e9\u00adcia\u00adtions et sug\u00adges\u00adtions sur mes propres tra\u00advaux&nbsp;; et,&nbsp;bien<br>\n sou\u00advent, atten\u00adtion char\u00adg\u00e9e d\u2019une telle sym\u00adpa\u00adthie, que&nbsp;je<br>\nrou\u00adgis encore de plai\u00adsir \u00e0 l\u2019id\u00e9e de ces le\u00e7ons<br>\no\u00f9 le ma\u00eetre se fai\u00adsait par\u00adfois le fervent auxi\u00adliaire de<br>\nson \u00ab&nbsp;\u00e9co\u00adlier du&nbsp;soir&nbsp;\u00bb.<\/font><\/font><\/span><\/p>\n<p style=\"margin-right: 0.97cm; text-indent: 1.5cm; margin-bottom: 0cm;\" align=\"justify\" lang=\"fr-FR\">\n<font face=\"Apple Garamond\"><font size=\"3\">Pri\u00adson\u00adnier d\u2019une&nbsp;si<br>\nf\u00e9conde soli\u00adtude, Sul\u00adly-Andr\u00e9 Peyre n\u2019a jamais<br>\nd\u00e9ser\u00adt\u00e9 sa pro\u00advince, ni pour paris, ni pour Londres&nbsp;\u2014<br>\no\u00f9 il comp\u00adtait cepen\u00addant des amis. Il n\u2019avait pas non&nbsp;plus<br>\n(au moins jusqu\u2019\u00e0 ces der\u00adniers temps) ral\u00adli\u00e9&nbsp;les<br>\nrangs du F\u00e9li\u00adbrige pro\u00adven\u00ad\u00e7al, dont le folk\u00adlo\u00adrisme&nbsp;est,<br>\ntrop sou\u00advent, moins popu\u00adlaire que com\u00adplai\u00adsant et res\u00adtric\u00adtif. Ce&nbsp;fut<br>\nle F\u00e9li\u00adbrige qui, au main\u00adte\u00adneur des valeurs mis\u00adtra\u00adliennes, se<br>\nral\u00adlia comme \u00e0 une incon\u00adtes\u00adtable autorit\u00e9.<\/font><\/font><\/p>\n<p style=\"margin-right: 0.97cm; text-indent: 1.5cm; margin-bottom: 0cm;\" align=\"justify\">\n<span lang=\"fr-FR\"><font size=\"3\"><font face=\"Apple Garamond\">Les vers<i><br>\nanglais, <\/i>chez Peyre, sont un pro\u00addige conti\u00adnuel de musicalit\u00e9<br>\net de secr\u00e8te \u00e9lo\u00adquence\u200a\u2014\u200aincroyable de la part d\u2019un<br>\nhomme pour qui l\u2019anglais n\u2019est pas une langue par\u00adl\u00e9e,&nbsp;mais<br>\nuni\u00adque\u00adment lue et \u00e9crite, et qui r\u00e9digea<br>\nquo\u00adti\u00addien\u00adne\u00adment, pour tout exer\u00adcice de style, la correspondance<br>\ncom\u00admer\u00adciale de la Source Per\u00adrier avec le monde anglo-saxon.<\/font><\/font><\/span><\/p>\n<p>&nbsp;<\/p>\n<poesie>The lad who sits all day and eve\u00adning&nbsp;long,<br>\nAmong the thorn and the thistle,<br>\nIs not a she\u00adpherd, folks,<br>\nAnd nei\u00adther flute nor pen\u00adny whistle<br>\nTo his calm dream belong.\n<p>He lis\u00adten to the silence of the&nbsp;hours,<br>\nAnd yours is not his computing<br>\nOf time and dis\u00adtance, folks&nbsp;;<br>\nHe hear\u00adkens not your futile fluting.<br>\nGod alone knows his powers.<\/p><\/poesie>\n<p>&nbsp;<\/p>\n<p style=\"margin-right: 0.97cm; text-indent: 1.5cm; margin-bottom: 0cm;\" align=\"justify\" lang=\"fr-FR\">\n<font face=\"Apple Garamond\"><font size=\"3\">Ain\u00adsi chantent dans&nbsp;notre<br>\nm\u00e9moire deux strophes \u00e9nig\u00adma\u00adtiques dont l\u2019une&nbsp;des<br>\ninter\u00adpr\u00e9\u00adta\u00adtions pos\u00adsibles est la suivante&nbsp;:<\/font><\/font><\/p>\n<p>&nbsp;<\/p>\n<poesie>Celui-l\u00e0 qui reste assis tout le jour, tout le&nbsp;soir,<br>\npar\u00admi les \u00e9pines et les chardons,<br>\nce n\u2019est pas un ber\u00adger, bonnes gens,<br>\net ni la fl\u00fbte ni le sif\u00adflet d\u2019un&nbsp;sou<br>\nne vont avec son r\u00eave&nbsp;calme.\n<p>Il \u00e9coute le silence des heures,<br>\net ne compte pas comme&nbsp;vous<br>\nle temps et la dis\u00adtance, bonnes gens&nbsp;;<br>\nil n\u2019\u00e9coute pas vos fl\u00fbtes pu\u00e9riles.<br>\nNul que Dieu ne conna\u00eet sa puissance.<\/p><\/poesie>\n<p>&nbsp;<\/p>\n<p style=\"margin-right: 0.97cm; text-indent: 1.5cm; margin-bottom: 0cm;\" align=\"justify\">\n<span lang=\"fr-FR\"><font size=\"3\"><font face=\"Apple Garamond\">Enfin le<br>\n<i>fran\u00ad\u00e7ais <\/i>est pui\u00ads\u00e9 aux plus pures sources d\u2019une<br>\nascen\u00addance c\u00e9ve\u00adnole et d\u2019une \u00e9du\u00adca\u00adtion dans&nbsp;la<br>\nquo\u00adti\u00addienne fami\u00adlia\u00adri\u00adt\u00e9 de la&nbsp;Bible.<\/font><\/font><\/span><\/p>\n<p style=\"margin-right: 0.97cm; text-indent: 1.5cm; margin-bottom: 0cm;\" align=\"justify\" lang=\"fr-FR\">\n<\/p><p>&nbsp;<\/p>\n<poesie>Celui qui trouve une grappe oubli\u00e9e,<br>\nDans les vignes, apr\u00e8s septembre,<br>\nD\u2019ardoise ou d\u2019ambre,<br>\nIl r\u00e8gne sur la plaine d\u00e9pouill\u00e9e.\n<p>Car il pos\u00ads\u00e8de alors bien davantage<br>\nQue le ma\u00eetre des vignes vastes,<br>\nEt d\u2019autres fastes<br>\nLui sont un in\u00e9ga\u00adlable partage.<\/p>\n<p>Dans la dou\u00adceur de dimanche et d\u2019automne,<br>\nIl contemple, m\u00e9lancolique,<br>\nCette relique<br>\nQue la fuite des choses abandonne&nbsp;;<\/p>\n<p>Et, l\u2019\u00e9levant au soleil qui d\u00e9cline,<br>\nOppose aux des\u00adtins de la&nbsp;terre<br>\nLe solitaire<br>\nD\u00e9ni d\u2019une \u00e2me am\u00e8\u00adre\u00adment divine.<\/p><\/poesie>\n<p>&nbsp;<\/p>\n<p style=\"margin-right: 0.97cm; text-indent: 1.5cm; margin-bottom: 0cm;\" align=\"justify\">\n<span lang=\"fr-FR\"><font size=\"3\"><font face=\"Apple Garamond\"><i>Mar\u00adsyas<br>\n<\/i>est paru pour la der\u00adni\u00e8re fois, peut-\u00eatre, sous&nbsp;le<br>\nnum\u00e9\u00adro 383, dat\u00e9 de mai 1962, apr\u00e8s qua\u00adrante&nbsp;et<br>\nune ann\u00e9es de vie libre et d\u2019ind\u00e9pendance,<br>\ninter\u00adrom\u00adpues par la seule Occu\u00adpa\u00adtion. Ce num\u00e9\u00adro d\u2019adieu ne<br>\ncontient rien d\u2019autre que des pages choi\u00adsies (vers et prose) de<br>\nSul\u00adly-Andr\u00e9 Peyre, gla\u00adn\u00e9es avec une soin dis\u00adcret&nbsp;par<\/font><\/font><\/span><\/p>\n<p style=\"margin-right: 0.97cm; text-indent: 1.5cm; margin-bottom: 0cm;\" align=\"justify\" lang=\"fr-FR\">\n<font face=\"Apple Garamond\"><font size=\"3\"><i>Celle qui fut Baucis,<br>\nayant \u00e9t\u00e9&nbsp;Chlo\u00e9.<\/i><\/font><\/font><\/p>\n<p style=\"margin-right: 0.97cm; text-indent: 1.5cm; margin-bottom: 0cm;\" align=\"justify\" lang=\"fr-FR\">\n<font face=\"Apple Garamond\"><font size=\"3\">Demeu\u00adr\u00e9e fid\u00e8le<br>\n\u00e0 la pen\u00ads\u00e9e et \u00e0 l\u2019\u0153uvre de celui qui n\u2019est<br>\nplus qu\u2019une \u00e2me \u00e9parse dans les \u00e2mes et&nbsp;les<br>\nchoses, Amy Syl\u00advel ras\u00adsemble aujourd\u2019hui les textes de plusieurs<br>\nvolumes, en pr\u00e9\u00adpa\u00adra\u00adtion chez des \u00e9di\u00adteurs amis\u200a\u2014\u200amais<br>\nqui ne sau\u00adraient cou\u00advrir toutes les dimen\u00adsions d\u2019une&nbsp;\u0153uvre<br>\npost\u00adhume consid\u00e9rable.<\/font><\/font><\/p>\n<p style=\"margin-right: 0.97cm; text-indent: 1.5cm; margin-bottom: 0cm;\" align=\"justify\">\n<span lang=\"fr-FR\"><font size=\"3\"><font face=\"Apple Garamond\">En effet,<br>\napr\u00e8s avoir publi\u00e9, de son vivant, aux Editions<br>\nMar\u00adsyas, un volume de <i>Po\u00e8mes choi\u00adsis <\/i>(fran\u00ad\u00e7ais,<br>\npro\u00adven\u00ad\u00e7aux et anglais), son po\u00e8me d\u2019Hercule, un<br>\nrecueil de vers inti\u00adtu\u00adl\u00e9 <i>Saint-Jean d\u2019Et\u00e9,<br>\n<\/i>plu\u00adsieurs nou\u00advelles&nbsp;; un grand essai sur Fr\u00e9d\u00e9ric<br>\nMis\u00adtral aux \u00e9di\u00adtions Seghers&nbsp;; et, sous le titre <i>La Branche<br>\ndes Oiseaux, <\/i>une d\u00e9fense de l\u2019idiome proven\u00e7al<br>\n(\u0153uvres, pour la plu\u00adpart, \u00e9pui\u00ads\u00e9es en librairie),<br>\nSul\u00adly-Andr\u00e9 Peyre laisse un h\u00e9ri\u00adtage in\u00e9dit en<br>\nvolumes, et com\u00adpre\u00adnant&nbsp;: trois livres de po\u00e9\u00adsies fran\u00e7aises<br>\n(ou pro\u00adven\u00ad\u00e7ales avec tra\u00adduc\u00adtion fran\u00ad\u00e7aise) group\u00e9es<br>\nsous les pseu\u00addo\u00adnymes d\u2019Escriveto, de Jaume Viva\u00adr\u00e8s, et&nbsp;de<br>\nReine Her\u00admen\u00adgarde&nbsp;; plu\u00adsieurs recueils lyriques en fran\u00e7ais&nbsp;\u2014<br>\n<i>Les Der\u00adniers Biens, Les Der\u00adniers Songes, Lam\u00adbeaux pour Lemuel&nbsp;;&nbsp;\u2014<br>\n<\/i>un cycle de po\u00e8mes anglais avec tra\u00adduc\u00adtion fran\u00e7aise,<br>\n<i>To King Cophe\u00adtua&nbsp;; <\/i>les po\u00e8mes mythiques proven\u00e7aux<br>\n<i>La Glo\u00adri, Our\u00adfieu, File\u00admoun e Bau\u00adcis, La Cabro d\u2019Or&nbsp;; <\/i>des<br>\nnou\u00advelles en pro\u00adven\u00ad\u00e7al et en fran\u00ad\u00e7ais&nbsp;; des <i>Essais<br>\n<\/i>dans ces deux langues&nbsp;; des <i>Choses lues, <\/i>les <i>Papiers de<br>\nCharles Rafel&nbsp;; <\/i>des<i> Songes sur Dante et Ques\u00adtions sur Mistral,<br>\n<\/i>et de tr\u00e8s nom\u00adbreux frag\u00adments. Sur la qua\u00adli\u00adt\u00e9&nbsp;de<br>\ncet \u0153uvre pris dans son ensemble, nous sommes favo\u00adra\u00adble\u00adment pr\u00e9venus<br>\npar ce qui a pu en para\u00eetre dans <i>Mar\u00adsyas&nbsp;; <\/i>il est de&nbsp;ceux<br>\nqui appar\u00adtiennent \u00e0 l\u2019avenir, et \u00e0 qui l\u2019avenir<br>\nappar\u00adtient. Par del\u00e0 les fron\u00adti\u00e8res s\u2019ouvre une&nbsp;terre<br>\ndont le nom est <i>Po\u00e9\u00adsie&nbsp;;<\/i> un par\u00adler s\u2019\u00e9nonce qui<br>\nest <i>l\u2019esperanto <\/i>des peuples, n\u00e9 spontan\u00e9ment<br>\nde leurs ren\u00adcontres\u200a\u2014\u200aet par cette langue aus\u00adsi uni\u00adver\u00adselle que&nbsp;la<br>\ndanse et la musique, est contes\u00adt\u00e9e l\u2019antique mal\u00e9diction<br>\nde Babel. Sul\u00adly-Andr\u00e9 Peyre est de ceux qui lui ont&nbsp;donn\u00e9<br>\nchair et sang \u00e0 par\u00adtir de leur substance.<\/font><\/font><\/span><\/p>\n<p style=\"margin-right: 0.97cm; text-indent: 1.5cm; margin-bottom: 0cm;\" align=\"justify\" lang=\"fr-FR\">\n<font face=\"Apple Garamond\"><font size=\"3\"><b>Andr\u00e9 Prud\u00adhom\u00admeaux<\/b><\/font><\/font><\/p>\n","protected":false},"excerpt":{"rendered":"<p>[[Ayant eu connais\u00adsance du pr\u00e9\u00adsent article \u00e0 l\u2019origine \u00e9crit pour T\u00e9moins, Louis Dor\u00adlet, r\u00e9dac\u00adteur en chef de D\u00e9fense de l\u2019homme, expri\u00adma son d\u00e9sir de le publier \u00e9ga\u00adle\u00adment, d\u2019ailleurs dans une ver\u00adsion l\u00e9g\u00e8\u00adre\u00adment dif\u00adf\u00e9\u00adrente, ce qui a d\u00e9j\u00e0 eu lieu et \u00e0 quoi nous aurions eu mau\u00advaise gr\u00e2ce de nous oppo\u00adser, vu notre p\u00e9rio\u00addi\u00adci\u00adt\u00e9 plu\u00adt\u00f4t irr\u00e9guli\u00e8re&nbsp;[\u2026]<\/p>\n","protected":false},"author":1,"featured_media":0,"comment_status":"closed","ping_status":"closed","sticky":false,"template":"","format":"standard","meta":{"wp_typography_post_enhancements_disabled":false,"footnotes":""},"categories":[151],"tags":[],"ppma_author":[540],"class_list":["post-1380","post","type-post","status-publish","format-standard","hentry","category-temoins-n32-printemps-1963"],"authors":[{"term_id":540,"user_id":1,"is_guest":0,"slug":"admin_3gikpwyf","display_name":"Vincent Dubuc","avatar_url":"https:\/\/secure.gravatar.com\/avatar\/d015720652c25fd2ced191ade86430094e1f288a17483713e3b34d26dea52507?s=96&d=mm&r=g","author_category":"","user_url":"https:\/\/la-presse-anarchiste.net","last_name":"Dubuc","first_name":"Vincent","job_title":"","description":""}],"_links":{"self":[{"href":"https:\/\/la-presse-anarchiste.net\/index.php\/wp-json\/wp\/v2\/posts\/1380","targetHints":{"allow":["GET"]}}],"collection":[{"href":"https:\/\/la-presse-anarchiste.net\/index.php\/wp-json\/wp\/v2\/posts"}],"about":[{"href":"https:\/\/la-presse-anarchiste.net\/index.php\/wp-json\/wp\/v2\/types\/post"}],"author":[{"embeddable":true,"href":"https:\/\/la-presse-anarchiste.net\/index.php\/wp-json\/wp\/v2\/users\/1"}],"replies":[{"embeddable":true,"href":"https:\/\/la-presse-anarchiste.net\/index.php\/wp-json\/wp\/v2\/comments?post=1380"}],"version-history":[{"count":0,"href":"https:\/\/la-presse-anarchiste.net\/index.php\/wp-json\/wp\/v2\/posts\/1380\/revisions"}],"wp:attachment":[{"href":"https:\/\/la-presse-anarchiste.net\/index.php\/wp-json\/wp\/v2\/media?parent=1380"}],"wp:term":[{"taxonomy":"category","embeddable":true,"href":"https:\/\/la-presse-anarchiste.net\/index.php\/wp-json\/wp\/v2\/categories?post=1380"},{"taxonomy":"post_tag","embeddable":true,"href":"https:\/\/la-presse-anarchiste.net\/index.php\/wp-json\/wp\/v2\/tags?post=1380"},{"taxonomy":"author","embeddable":true,"href":"https:\/\/la-presse-anarchiste.net\/index.php\/wp-json\/wp\/v2\/ppma_author?post=1380"}],"curies":[{"name":"wp","href":"https:\/\/api.w.org\/{rel}","templated":true}]}}