{"id":1382,"date":"2008-03-22T10:20:49","date_gmt":"2008-03-22T10:20:49","guid":{"rendered":"https:\/\/la-presse-anarchiste.net\/index.php\/2008\/03\/22\/pour-lanarchisme\/"},"modified":"2008-03-22T10:20:49","modified_gmt":"2008-03-22T10:20:49","slug":"pour-lanarchisme","status":"publish","type":"post","link":"https:\/\/la-presse-anarchiste.net\/index.php\/2008\/03\/22\/pour-lanarchisme\/","title":{"rendered":"Pour l\u2019anarchisme"},"content":{"rendered":"<div class=\"pdfprnt-buttons pdfprnt-buttons-post pdfprnt-top-right\"><a href=\"https:\/\/la-presse-anarchiste.net\/index.php\/wp-json\/wp\/v2\/posts\/1382?print=pdf\" class=\"pdfprnt-button pdfprnt-button-pdf\" target=\"_blank\"><img decoding=\"async\" src=\"https:\/\/la-presse-anarchiste.net\/wp-content\/plugins\/pdf-print\/images\/pdf.png\" alt=\"image_pdf\" title=\"Afficher le PDF\"><\/a><a href=\"https:\/\/la-presse-anarchiste.net\/index.php\/wp-json\/wp\/v2\/posts\/1382?print=print\" class=\"pdfprnt-button pdfprnt-button-print\" target=\"_blank\"><img decoding=\"async\" src=\"https:\/\/la-presse-anarchiste.net\/wp-content\/plugins\/pdf-print\/images\/print.png\" alt=\"image_print\" title=\"Contenu imprim\u00e9\"><\/a><\/div><p>&nbsp;<\/p>\n<p style=\"margin-right: 0.62cm; text-indent: 1.53cm; margin-bottom: 0cm;\" align=\"justify\">\n<font face=\"Garamond, serif\"><font style=\"font-size: 13pt;\" size=\"3\"><b><i><span lang=\"fr-FR\">Pr\u00e9\u00adsen\u00adta\u00adtion<\/span><\/i><\/b><\/font><\/font><\/p>\n<p style=\"margin-right: 0.62cm; text-indent: 1.53cm; margin-bottom: 0cm;\" align=\"justify\">\n<font face=\"Garamond, serif\"><font style=\"font-size: 13pt;\" size=\"3\"><i><span lang=\"fr-FR\">Le<br>\nmou\u00adve\u00adment anar\u00adchiste a aujourd\u2019hui cent ans, si on le fait na\u00eetre<br>\nau moment o\u00f9 les bakou\u00adni\u00adnistes entr\u00e8rent dans<br>\nl\u2019Association inter\u00adna\u00adtio\u00adnale des tra\u00advailleurs&nbsp;; depuis lors il s\u2019est<br>\n\u00e9ten\u00addu \u00e0 plu\u00adsieurs pays du monde, res\u00adtant un mouvement<br>\nmino\u00adri\u00adtaire et m\u00e9con\u00adnu, mais vivace. Une cer\u00adtaine force&nbsp;se<br>\nd\u00e9gage de son his\u00adtoire, mais en m\u00eame temps de&nbsp;la<br>\nfai\u00adblesse\u200a\u2014\u200aen par\u00adti\u00adcu\u00adlier dans le domaine de la chose \u00e9crite.<br>\nLa lit\u00adt\u00e9\u00adra\u00adture anar\u00adchiste ancienne p\u00e8se de tout&nbsp;son<br>\npoids sur le mou\u00adve\u00adment actuel, et nous avons de la peine \u00e0&nbsp;en<br>\ncr\u00e9er une nou\u00advelle. Si les \u00e9crits de nos pr\u00e9d\u00e9cesseurs<br>\nsont nom\u00adbreux, la plu\u00adpart sont aujourd\u2019hui \u00e9puis\u00e9s,<br>\net le reste est sou\u00advent d\u00e9suet.<\/span><\/i><\/font><\/font><\/p>\n<p style=\"margin-right: 0.62cm; text-indent: 1.53cm; margin-bottom: 0cm;\" align=\"justify\">\n<font face=\"Garamond, serif\"><font style=\"font-size: 13pt;\" size=\"3\"><i><span lang=\"fr-FR\">Le<br>\ntexte qu\u2019on va lire pro\u00adpose une pr\u00e9\u00adsen\u00adta\u00adtion nou\u00advelle&nbsp;de<br>\nl\u2019anarchisme. Ecrit en Angle\u00adterre au prin\u00adtemps 1969, il s\u2019adresse<br>\n\u00e9ga\u00adle\u00adment au lec\u00adteur de langue fran\u00ad\u00e7aise\u200a\u2014\u200acar il y&nbsp;a<br>\nactuel\u00adle\u00adment en Grande-Bre\u00adtagne et en Europe un renou\u00adveau d\u2019int\u00e9r\u00eat<br>\npour la pen\u00ads\u00e9e liber\u00adtaire qui, aban\u00addon\u00adnant les anciennes<br>\ndis\u00adsen\u00adsions, pose les bases d\u2019une dis\u00adcus\u00adsion pra\u00adtique&nbsp;pour<br>\nl\u2019avenir.<\/span><\/i><\/font><\/font><\/p>\n<p style=\"margin-right: 0.62cm; text-indent: 1.53cm; margin-bottom: 0cm;\" align=\"justify\">\n<font face=\"Garamond, serif\"><font style=\"font-size: 13pt;\" size=\"3\"><i><span lang=\"fr-FR\">Les<br>\nopi\u00adnions expo\u00ads\u00e9es ici sont natu\u00adrel\u00adle\u00adment per\u00adson\u00adnelles&nbsp;;&nbsp;en<br>\neffet, un des traits carac\u00adt\u00e9\u00adris\u00adtiques de l\u2019anarchisme, c\u2019est<br>\nqu\u2019il repose sur le juge\u00adment indi\u00advi\u00adduel&nbsp;; mais elles ne manqueront<br>\npas de tenir compte de th\u00e9o\u00adries plus g\u00e9n\u00e9rales<br>\nsur l\u2019anarchisme et de les pr\u00e9\u00adsen\u00adter impar\u00adtia\u00adle\u00adment.&nbsp;La<br>\nlangue choi\u00adsie est volon\u00adtai\u00adre\u00adment simple, et \u00e9vite&nbsp;les<br>\nr\u00e9f\u00e9\u00adrences fr\u00e9\u00adquentes \u00e0 des \u00e9crivains<br>\nou \u00e0 des \u00e9v\u00e9\u00adne\u00adments pas\u00ads\u00e9s&nbsp;; ain\u00adsi&nbsp;ce<br>\ntexte sera com\u00adpris m\u00eame par le lec\u00adteur peu intro\u00adduit dans&nbsp;le<br>\nsujet. Il s\u2019inspire d\u2019\u00e9crits ant\u00e9\u00adrieurs et&nbsp;ne<br>\npr\u00e9\u00adtend pas \u00e0 l\u2019originalit\u00e9, pas plus qu\u2019il<br>\nne pr\u00e9\u00adtend \u00eatre d\u00e9fi\u00adni\u00adtif&nbsp;: on ne peut pas&nbsp;tout<br>\ndire sur l\u2019anarchisme en qua\u00adrante-huit pages, et ce r\u00e9sum\u00e9<br>\nsera sans doute bien\u00adt\u00f4t rem\u00adpla\u00adc\u00e9, comme ceux qui l\u2019ont<br>\npr\u00e9c\u00e9d\u00e9.<\/span><\/i><\/font><\/font><\/p>\n<p style=\"margin-right: 0.62cm; text-indent: 1.53cm; margin-bottom: 0cm;\" align=\"justify\">\n<font face=\"Garamond, serif\"><font style=\"font-size: 13pt;\" size=\"3\"><i><span lang=\"fr-FR\">Sur\u00adtout,<br>\nje ne vou\u00addrais pas qu\u2019on me prenne pour une auto\u00adri\u00adt\u00e9 en&nbsp;la<br>\nmati\u00e8re, car un autre trait carac\u00adt\u00e9\u00adris\u00adtique&nbsp;de<br>\nl\u2019anarchisme, c\u2019est qu\u2019il ne se r\u00e9sume pas aux th\u00e9ories<br>\nde quelques ma\u00eetres \u00e0 pen\u00adser. Si mes lec\u00adteurs&nbsp;ne<br>\ntrouvent pas \u00e0 me cri\u00adti\u00adquer, c\u2019est que j\u2019ai \u00e9chou\u00e9.<br>\nLe texte qu\u2019on va lire est un expo\u00ads\u00e9 per\u00adson\u00adnel&nbsp;sur<br>\nl\u2019anarchisme, qui voit le jour apr\u00e8s quinze ans de lectures<br>\net de dis\u00adcus\u00adsions \u00e0 ce sujet, et apr\u00e8s dix&nbsp;ans<br>\nd\u2019activit\u00e9 dans le mou\u00adve\u00adment et la presse anarchistes.<\/span><\/i><\/font><\/font><\/p>\n<p style=\"margin-right: 0.62cm; text-indent: 1.53cm; margin-bottom: 0cm;\" align=\"justify\" lang=\"fr-FR\">\n<font face=\"Garamond, serif\"><font style=\"font-size: 13pt;\" size=\"3\"><b>N.<br>\nW.<\/b><\/font><\/font><\/p>\n<p style=\"margin-right: 0.62cm; text-indent: 1.53cm; margin-bottom: 0cm;\" align=\"justify\">\n<font face=\"Garamond, serif\"><font style=\"font-size: 13pt;\" size=\"3\"><b><span lang=\"fr-FR\"><strong><em>Que<br>\ncroient les anarchistes<\/em><\/strong><\/span><\/b><\/font><\/font><\/p>\n<p style=\"margin-right: 0.62cm; text-indent: 1.53cm; margin-bottom: 0cm;\" align=\"justify\">\n<font face=\"Garamond, serif\"><font style=\"font-size: 13pt;\" size=\"3\"><span lang=\"fr-FR\">Les<br>\npre\u00admiers que l\u2019on sur\u00adnom\u00adma anar\u00adchistes le furent par insulte au<br>\ncours des r\u00e9vo\u00adlu\u00adtions anglaise et fran\u00ad\u00e7aise des&nbsp;XVIIe<br>\net XVIIIe si\u00e8cles, pour lais\u00adser entendre qu\u2019ils voulaient<br>\nl\u2019anarchie, c\u2019est-\u00e0-dire le chaos ou la confu\u00adsion.&nbsp;Mais,<br>\ndepuis les ann\u00e9es 1840, furent anar\u00adchistes ceux&nbsp;qui<br>\nacce\u00adpt\u00e8rent ce nom comme sym\u00adbole pour mon\u00adtrer qu\u2019ils<br>\nvou\u00adlaient l\u2019anarchie, c\u2019est-\u00e0-dire l\u2019absence de<br>\ngou\u00adver\u00adne\u00adment. Le mot grec <i>anar\u00adkhia,<\/i> comme le mot fran\u00e7ais<br>\n<i>anar\u00adchie,<\/i> a les deux sens&nbsp;; ceux qui ne sont pas anarchistes<br>\nsou\u00adtiennent que tous deux reviennent au m\u00eame, mais&nbsp;les<br>\nanar\u00adchistes tiennent \u00e0 faire la dis\u00adtinc\u00adtion. Depuis plus d\u2019un<br>\nsi\u00e8cle, sont anar\u00adchistes ceux qui croient non seule\u00adment&nbsp;que<br>\nl\u2019absence de gou\u00adver\u00adne\u00adment ne signi\u00adfie pas for\u00adc\u00e9\u00adment chaos&nbsp;et<br>\nconfu\u00adsion, mais encore qu\u2019une soci\u00e9\u00adt\u00e9&nbsp;sans<br>\ngou\u00adver\u00adne\u00adment sera vrai\u00adment meilleure que celle o\u00f9 nous vivons.<\/span><\/font><\/font><\/p>\n<p style=\"margin-right: 0.62cm; text-indent: 1.53cm; margin-bottom: 0cm;\" align=\"justify\">\n<font face=\"Garamond, serif\"><font style=\"font-size: 13pt;\" size=\"3\"><span lang=\"fr-FR\">L\u2019anarchie<br>\nest l\u2019\u00e9laboration poli\u00adtique de la r\u00e9action<br>\npsy\u00adcho\u00adlo\u00adgique contre l\u2019autorit\u00e9 qui appa\u00adra\u00eet dans&nbsp;les<br>\ngroupes humains. Cha\u00adcun conna\u00eet les anar\u00adchistes ins\u00adtinc\u00adtifs&nbsp;qui<br>\nrefusent de croire ou de faire ce qu\u2019on leur dit pr\u00e9cis\u00e9ment<br>\nparce qu\u2019on le leur a ordon\u00adn\u00e9. Au cours de l\u2019histoire,<br>\ncette ten\u00addance se ren\u00adcontre chez les indi\u00advi\u00addus et les groupes se<br>\nr\u00e9vol\u00adtant contre ceux qui les gou\u00advernent. L\u2019id\u00e9e<br>\nth\u00e9o\u00adrique de l\u2019anarchie est \u00e9ga\u00adle\u00adment&nbsp;tr\u00e8s<br>\nvieille&nbsp;; en effet, on peut trou\u00adver la des\u00adcrip\u00adtion d\u2019un&nbsp;\u00e2ge<br>\nd\u2019or r\u00e9vo\u00adlu, sans gou\u00adver\u00adne\u00adment, dans la pen\u00ads\u00e9e de&nbsp;la<br>\nChine et de l\u2019Inde anciennes, de l\u2019\u00c9gypte, de&nbsp;la<br>\nM\u00e9so\u00adpo\u00adta\u00admie, de la Gr\u00e8ce et de Rome, et de&nbsp;m\u00eame<br>\nd\u2019innombrables \u00e9cri\u00advains poli\u00adtiques et reli\u00adgieux ain\u00adsi&nbsp;que<br>\ndes com\u00admu\u00adnau\u00adt\u00e9s r\u00eavent d\u2019une uto\u00adpie sans gouvernement.<br>\nMais l\u2019application de l\u2019anarchie \u00e0 la situa\u00adtion pr\u00e9sente<br>\net plus r\u00e9cente, c\u2019est seule\u00adment dans le mouvement<br>\nanar\u00adchiste du si\u00e8cle der\u00adnier que l\u2019on trouve l\u2019exigence<br>\nd\u2019une soci\u00e9\u00adt\u00e9 sans gou\u00adver\u00adne\u00adment ici et maintenant.<\/span><\/font><\/font><\/p>\n<p style=\"margin-right: 0.62cm; text-indent: 1.53cm; margin-bottom: 0cm;\" align=\"justify\">\n<font face=\"Garamond, serif\"><font style=\"font-size: 13pt;\" size=\"3\"><span lang=\"fr-FR\">D\u2019autre<br>\ngroupes, \u00e0 gauche comme \u00e0 droite, veulent en th\u00e9orie<br>\nse d\u00e9bar\u00adras\u00adser du gou\u00adver\u00adne\u00adment, soit lorsque l\u2019\u00e9conomie<br>\nde mar\u00adch\u00e9 sera si libre qu\u2019elle ne n\u00e9ces\u00adsi\u00adte\u00adra&nbsp;plus<br>\nde contr\u00f4le, soit lorsque les indi\u00advi\u00addus seront si&nbsp;\u00e9gaux<br>\nqu\u2019il n\u2019y aura plus de contrainte n\u00e9ces\u00adsaire&nbsp;; mais&nbsp;les<br>\nmesures qu\u2019ils prennent semblent ren\u00adfor\u00adcer tou\u00adjours plus&nbsp;le<br>\ngou\u00adver\u00adne\u00adment. Seuls les anar\u00adchistes veulent se d\u00e9bar\u00adras\u00adser&nbsp;du<br>\ngou\u00adver\u00adne\u00adment en pra\u00adtique. Cela ne veut pas dire qu\u2019ils pensent que<br>\ntous les hommes sont natu\u00adrel\u00adle\u00adment bons, iden\u00adtiques, per\u00adfec\u00adtibles, ou<br>\nquelque autre sor\u00adnette roman\u00adtique. Cela veut dire qu\u2019ils estiment<br>\nque presque tous les hommes sont sociables, \u00e9gaux, et capables<br>\nde vivre leur propre vie. Beau\u00adcoup de gens disent que le gouvernement<br>\nest n\u00e9ces\u00adsaire parce qu\u2019il y a des gens qui ne savent pas&nbsp;se<br>\nconduire, mais les anar\u00adchistes dise nt que le gou\u00adver\u00adne\u00adment&nbsp;est<br>\nnui\u00adsible parce qu\u2019on ne peut faire confiance \u00e0 per\u00adsonne&nbsp;pour<br>\nconduire les autres. Si tous les hommes sont \u00e0 ce&nbsp;point<br>\nmau\u00advais qu\u2019ils doivent \u00eatre gou\u00adver\u00adn\u00e9s par d\u2019autres,<br>\ndisent-ils, qui est alors assez bon pour gou\u00adver\u00adner les autres&nbsp;?&nbsp;Le<br>\npou\u00advoir tend \u00e0 cor\u00adrompre, et le pou\u00advoir abso\u00adlu corrompt<br>\nabso\u00adlu\u00adment. D\u2019autre part, les richesses de la terre sont produites<br>\npar le tra\u00advail de l\u2019humanit\u00e9 tout enti\u00e8re, et&nbsp;tous<br>\nles hommes ont un droit \u00e9gal \u00e0 prendre part \u00e0&nbsp;ce<br>\ntra\u00advail et \u00e0 jouir de son pro\u00adduit. L\u2019anarchisme est&nbsp;un<br>\nmod\u00e8le id\u00e9al qui exige \u00e0 la fois la libert\u00e9<br>\ntotale et l\u2019\u00e9galit\u00e9 totale.<\/span><\/font><\/font><\/p>\n<p style=\"margin-right: 0.62cm; text-indent: 1.53cm; margin-bottom: 0cm;\" align=\"justify\">\n<font face=\"Garamond, serif\"><font style=\"font-size: 13pt;\" size=\"3\"><b><span lang=\"fr-FR\">Lib\u00e9\u00adra\u00adlisme<br>\net socialisme<\/span><\/b><\/font><\/font><\/p>\n<p style=\"margin-right: 0.62cm; text-indent: 1.53cm; margin-bottom: 0cm;\" align=\"justify\">\n<font face=\"Garamond, serif\"><font style=\"font-size: 13pt;\" size=\"3\"><span lang=\"fr-FR\">On<br>\npeut consi\u00add\u00e9\u00adrer l\u2019anarchisme comme un d\u00e9veloppement<br>\nsoit du lib\u00e9\u00adra\u00adlisme, soit du socia\u00adlisme, soit des deux.&nbsp;Comme<br>\nles lib\u00e9\u00adraux, les anar\u00adchistes veulent la liber\u00adt\u00e9&nbsp;;&nbsp;comme<br>\nles socia\u00adlistes, ils veulent l\u2019\u00e9galit\u00e9. Mais&nbsp;le<br>\nlib\u00e9\u00adra\u00adlisme seul ou le socia\u00adlisme seul ne les satis\u00adfont&nbsp;pas.<br>\nLa liber\u00adt\u00e9 sans \u00e9ga\u00adli\u00adt\u00e9 signi\u00adfie que les pauvres<br>\net les faibles sont moins libres que les riches et les forts, et<br>\nl\u2019\u00e9galit\u00e9 sans liber\u00adt\u00e9 signi\u00adfie que&nbsp;nous<br>\nsommes tous esclaves ensemble. La liber\u00adt\u00e9 et l\u2019\u00e9galit\u00e9<br>\nne sont pas contra\u00addic\u00adtoires mais com\u00adpl\u00e9\u00admen\u00adtaires&nbsp;; \u00e0&nbsp;la<br>\nplace de la vieille pola\u00adri\u00adsa\u00adtion libert\u00e9-\u00e9galit\u00e9<br>\u200a\u2014\u200aselon laquelle plus de liber\u00adt\u00e9 signi\u00adfie\u00adrait&nbsp;moins<br>\nd\u2019\u00e9galit\u00e9, et vice-ver\u00adsa \u2014, les anar\u00adchistes font<br>\nremar\u00adquer qu\u2019en pra\u00adtique on ne peut avoir l\u2019une sans l\u2019autre.<br>\nLa liber\u00adt\u00e9 n\u2019est pas authen\u00adtique si quelques-uns sont&nbsp;trop<br>\npauvres ou trop faibles pour en jouir, et l\u2019\u00e9galit\u00e9<br>\nn\u2019est pas authen\u00adtique si quelques-uns sont gou\u00adver\u00adn\u00e9s&nbsp;par<br>\nd\u2019autres. La contri\u00adbu\u00adtion d\u00e9ci\u00adsive des anar\u00adchistes \u00e0<br>\nla th\u00e9o\u00adrie poli\u00adtique est la consta\u00adta\u00adtion que liber\u00adt\u00e9&nbsp;et<br>\n\u00e9ga\u00adli\u00adt\u00e9 sont en fin de compte la m\u00eame&nbsp;chose.<\/span><\/font><\/font><\/p>\n<p style=\"margin-right: 0.62cm; text-indent: 1.53cm; margin-bottom: 0cm;\" align=\"justify\">\n<font face=\"Garamond, serif\"><font style=\"font-size: 13pt;\" size=\"3\"><span lang=\"fr-FR\">L\u2019anarchisme<br>\nse dif\u00adf\u00e9\u00adren\u00adcie aus\u00adsi du lib\u00e9\u00adra\u00adlisme et du socialisme<br>\npar sa concep\u00adtion du pro\u00adgr\u00e8s. Les lib\u00e9\u00adraux voient<br>\nl\u2019histoire comme un d\u00e9rou\u00adle\u00adment lin\u00e9aire allant de&nbsp;la<br>\nsau\u00adva\u00adge\u00adrie, de la super\u00adsti\u00adtion, de l\u2019intol\u00e9rance et de&nbsp;la<br>\ntyran\u00adnie \u00e0 la civi\u00adli\u00adsa\u00adtion, \u00e0 la culture, \u00e0&nbsp;la<br>\ntol\u00e9\u00adrance et \u00e0 l\u2019\u00e9mancipation. Il y a&nbsp;des<br>\navances et des reculs, mais le<b> <\/b>v\u00e9ri\u00adtable progr\u00e8s<br>\nde l\u2019humanit\u00e9 va dans le sens d\u2019un sombre pas\u00ads\u00e9&nbsp;\u00e0<br>\nun ave\u00adnir radieux. Les socia\u00adlistes voient l\u2019histoire comme&nbsp;un<br>\nd\u00e9ve\u00adlop\u00adpe\u00adment dia\u00adlec\u00adtique depuis la sau\u00adva\u00adge\u00adrie, pas\u00adsant par&nbsp;le<br>\ndes\u00adpo\u00adtisme, la f\u00e9o\u00adda\u00adli\u00adt\u00e9 et le capi\u00adta\u00adlisme, jusqu\u2019au<br>\ntriomphe du pro\u00adl\u00e9\u00adta\u00adriat et \u00e0 l\u2019abolition du syst\u00e8me<br>\ndes classes. Il y a des r\u00e9vo\u00adlu\u00adtions et des r\u00e9actions,<br>\nmais le vrai pro\u00adgr\u00e8s de l\u2019humanit\u00e9 va encore d\u2019un<br>\ntriste pas\u00ads\u00e9 \u00e0 un bel avenir.<\/span><\/font><\/font><\/p>\n<p style=\"margin-right: 0.62cm; text-indent: 1.53cm; margin-bottom: 0cm;\" align=\"justify\">\n<font face=\"Garamond, serif\"><font style=\"font-size: 13pt;\" size=\"3\"><span lang=\"fr-FR\">Les<br>\nanar\u00adchistes consi\u00add\u00e8rent le pro\u00adgr\u00e8s tout diff\u00e9remment&nbsp;;<br>\nen fait, ils consi\u00add\u00e8rent sou\u00advent qu\u2019il n\u2019y a pas&nbsp;de<br>\npro\u00adgr\u00e8s du tout. Nous voyons l\u2019histoire non pas comme&nbsp;un<br>\nd\u00e9rou\u00adle\u00adment lin\u00e9aire ou dia\u00adlec\u00adtique dans une direction,<br>\nmais comme un pro\u00adces\u00adsus dua\u00adliste. L\u2019histoire de toutes les soci\u00e9t\u00e9s<br>\nhumaines est l\u2019histoire d\u2019une lutte entre gou\u00adver\u00adnants&nbsp;et<br>\ngou\u00adver\u00adn\u00e9s, entre nan\u00adtis et mis\u00e9\u00adreux, entre ceux&nbsp;qui<br>\nveulent com\u00adman\u00adder et \u00eatre com\u00adman\u00add\u00e9s et ceux qui veulent<br>\nse lib\u00e9\u00adrer en m\u00eame temps que leurs cama\u00adrades&nbsp;;&nbsp;les<br>\nprin\u00adcipes d\u2019autorit\u00e9 et de liber\u00adt\u00e9, de gouvernement<br>\net de r\u00e9bel\u00adlion, d\u2019Etat et de soci\u00e9\u00adt\u00e9 sont&nbsp;en<br>\nper\u00adp\u00e9\u00adtuel conflit. Cette ten\u00adsion n\u2019est jamais r\u00e9solue&nbsp;;<br>\nle mou\u00adve\u00adment de l\u2019humanit\u00e9 va tan\u00adt\u00f4t dans un&nbsp;sens,<br>\ntan\u00adt\u00f4t dans l\u2019autre. La nais\u00adsance d\u2019un nou\u00adveau r\u00e9gime<br>\nou la chute d\u2019un ancien ne sont pas des rup\u00adtures myst\u00e9rieuses<br>\ndans le d\u00e9ve\u00adlop\u00adpe\u00adment ou des paliers encore plus myst\u00e9rieux<br>\ndans ce d\u00e9ve\u00adlop\u00adpe\u00adment, elles ne sont que des \u00e9v\u00e9nements.<br>\nLes \u00e9v\u00e9\u00adne\u00adments his\u00adto\u00adriques ne sont bien\u00adve\u00adnus que&nbsp;dans<br>\nla mesure o\u00f9 ils accroissent la liber\u00adt\u00e9 et l\u2019\u00e9galit\u00e9<br>\npour tout le monde&nbsp;; il n\u2019y a aucune rai\u00adson d\u2019appeler bon ce&nbsp;qui<br>\nest mau\u00advais sim\u00adple\u00adment parce que c\u2019est in\u00e9vi\u00adtable. Nous&nbsp;ne<br>\npou\u00advons faire aucune pr\u00e9\u00advi\u00adsion utile pour l\u2019avenir, et&nbsp;nous<br>\nne pou\u00advons pas \u00eatre s\u00fbrs que le monde sera meilleur.<br>\nNotre seul espoir c\u2019est que, au fur et \u00e0 mesure que&nbsp;la<br>\nconnais\u00adsance et la conscience se d\u00e9ve\u00adloppent, les&nbsp;gens<br>\ndevien\u00addront plus aptes \u00e0 d\u00e9cou\u00advrir qu\u2019ils peuvent<br>\ns\u2019organiser sans avoir besoin d\u2019aucune autorit\u00e9.<\/span><\/font><\/font><\/p>\n<p style=\"margin-right: 0.62cm; text-indent: 1.53cm; margin-bottom: 0cm;\" align=\"justify\">\n<font face=\"Garamond, serif\"><font style=\"font-size: 13pt;\" size=\"3\"><span lang=\"fr-FR\">N\u00e9an\u00admoins,<br>\nl\u2019anarchisme d\u00e9rive bien du lib\u00e9\u00adra\u00adlisme et&nbsp;du<br>\nsocia\u00adlisme, \u00e0 la fois his\u00adto\u00adri\u00adque\u00adment et id\u00e9ologiquement.<br>\nLe lib\u00e9\u00adra\u00adlisme et le socia\u00adlisme ont pr\u00e9c\u00e9d\u00e9<br>\nl\u2019anarchisme, et celui-ci est n\u00e9 de leur oppo\u00adsi\u00adtion&nbsp;;&nbsp;la<br>\nplu\u00adpart des anar\u00adchistes ont d\u2019abord \u00e9t\u00e9 lib\u00e9raux,<br>\nou socia\u00adlistes, ou tous les deux. L\u2019esprit de r\u00e9volte est<br>\nrare\u00adment plei\u00adne\u00adment d\u00e9ve\u00adlop\u00adp\u00e9 \u00e0 sa nais\u00adsance, et<br>\ng\u00e9n\u00e9\u00adra\u00adle\u00adment il m\u00e8ne \u00e0 l\u2019anarchisme<br>\nplu\u00adt\u00f4t qu\u2019il n\u2019en pro\u00advient. Dans un sens, les anarchistes<br>\nres\u00adtent tou\u00adjours lib\u00e9\u00adraux et socia\u00adlistes, et, chaque fois<br>\nqu\u2019ils rejettent ce qui est bon dans cha\u00adcune de ces  id\u00e9ologies,<br>\nils tra\u00adhissent un peu l\u2019anarchisme. D\u2019un c\u00f4t\u00e9,&nbsp;nous<br>\nnous appuyons sur la liber\u00adt\u00e9 d\u2019expression, de r\u00e9union,<br>\nde mou\u00adve\u00adment, de com\u00adpor\u00adte\u00adment, et par\u00adti\u00adcu\u00adli\u00e8\u00adre\u00adment sur&nbsp;la<br>\nliber\u00adt\u00e9 d\u2019\u00eatre dif\u00adf\u00e9\u00adrent&nbsp;; d\u2019un autre&nbsp;c\u00f4t\u00e9,<br>\nnous nous appuyons sur l\u2019\u00e9galit\u00e9 des pos\u00adses\u00adsions, sur<br>\nla soli\u00adda\u00adri\u00adt\u00e9 humaine et par\u00adti\u00adcu\u00adli\u00e8\u00adre\u00adment sur&nbsp;le<br>\npar\u00adtage des pou\u00advoirs. Nous somme lib\u00e9\u00adraux, mais plus que&nbsp;cela,<br>\nnous sommes socia\u00adlistes, et plus que&nbsp;cela.<\/span><\/font><\/font><\/p>\n<p style=\"margin-right: 0.62cm; text-indent: 1.53cm; margin-bottom: 0cm;\" align=\"justify\">\n<font face=\"Garamond, serif\"><font style=\"font-size: 13pt;\" size=\"3\"><span lang=\"fr-FR\">Cepen\u00addant,<br>\nl\u2019anarchisme n\u2019est pas seule\u00adment un m\u00e9lange de lib\u00e9ralisme<br>\net de socia\u00adlisme&nbsp;; \u00e7a c\u2019est la social-d\u00e9mo\u00adcra\u00adtie,&nbsp;ou<br>\nle capi\u00adta\u00adlisme d\u2019abondance. Quoi que nous devions aux lib\u00e9raux<br>\net aux socia\u00adlistes, si proches d\u2019eux que nous soyons, nous sommes<br>\nfon\u00adda\u00admen\u00adta\u00adle\u00adment dif\u00adf\u00e9\u00adrents d\u2019eux\u200a\u2014\u200aet&nbsp;des<br>\nsociaux-d\u00e9mo\u00adcrates\u200a\u2014\u200aparce que nous reje\u00adtons l\u2019institution<br>\ndu gou\u00adver\u00adne\u00adment. Tous comptent sur le gou\u00adver\u00adne\u00adment\u200a\u2014\u200ales lib\u00e9raux<br>\nosten\u00adsi\u00adble\u00adment pour pr\u00e9\u00adser\u00adver la liber\u00adt\u00e9 mais en v\u00e9rit\u00e9<br>\npour emp\u00ea\u00adcher l\u2019\u00e9galit\u00e9, les socialistes<br>\nosten\u00adsi\u00adble\u00adment pour pr\u00e9\u00adser\u00adver l\u2019\u00e9galit\u00e9 mais<br>\nen v\u00e9ri\u00adt\u00e9 pour emp\u00ea\u00adcher la liber\u00adt\u00e9.&nbsp;M\u00eame<br>\nles lib\u00e9\u00adraux et les socia\u00adlistes les plus extr\u00e9\u00admistes ne<br>\npeuvent se pas\u00adser du gou\u00adver\u00adne\u00adment, de l\u2019exercice de l\u2019autorit\u00e9<br>\npar quelques-uns sur les autres. L\u2019essence de l\u2019anarchisme, la<br>\nseule chose sans laquelle il n\u2019y a plus d\u2019anarchisme, c\u2019est&nbsp;le<br>\nrefus de l\u2019autorit\u00e9 d\u2019un homme sur un&nbsp;autre.<\/span><\/font><\/font><\/p>\n<p style=\"margin-right: 0.62cm; text-indent: 1.53cm; margin-bottom: 0cm;\" align=\"justify\" lang=\"fr-FR\">\n<font face=\"Garamond, serif\"><font style=\"font-size: 13pt;\" size=\"3\"><b>D\u00e9mo\u00adcra\u00adtie<br>\net repr\u00e9sentation<\/b><\/font><\/font><\/p>\n<p style=\"margin-right: 0.62cm; text-indent: 1.53cm; margin-bottom: 0cm;\" align=\"justify\">\n<font face=\"Garamond, serif\"><font style=\"font-size: 13pt;\" size=\"3\"><span lang=\"fr-FR\">Bien<br>\ndes gens sont oppo\u00ads\u00e9s \u00e0 un gouvernement<br>\nanti\u00add\u00e9\u00admo\u00adcra\u00adtique, mais les anar\u00adchistes se dis\u00adtinguent d\u2019eux<br>\nen s\u2019opposant aus\u00adsi aux gou\u00adver\u00adne\u00adments d\u00e9mo\u00adcra\u00adtiques. Il y&nbsp;a<br>\nd\u2019autres gens qui sont oppo\u00ads\u00e9s aux gouvernements<br>\nd\u00e9mo\u00adcra\u00adtiques, mais les anar\u00adchistes se dis\u00adtinguent d\u2019eux&nbsp;en<br>\nl\u2019\u00e9tant non point parce qu\u2019ils craignent ou ha\u00efssent<br>\nle gou\u00adver\u00adne\u00adment du peuple, mais parce qu\u2019ils croient que&nbsp;la<br>\nd\u00e9mo\u00adcra\u00adtie n\u2019est pas le gou\u00adver\u00adne\u00adment du peuple\u200a\u2014\u200aque&nbsp;la<br>\nd\u00e9mo\u00adcra\u00adtie est en fait une contra\u00addic\u00adtion logique, une<br>\nimpos\u00adsi\u00adbi\u00adli\u00adt\u00e9 phy\u00adsique. La vraie d\u00e9mo\u00adcra\u00adtie n\u2019est<br>\npos\u00adsible que dans une petite com\u00admu\u00adnau\u00adt\u00e9&nbsp;; o\u00f9 cha\u00adcun&nbsp;peut<br>\nprendre part \u00e0 toutes les d\u00e9ci\u00adsions&nbsp;; \u00e0&nbsp;ce<br>\nmoment-l\u00e0, elle n\u2019est plus n\u00e9ces\u00adsaire. Ce qu\u2019on<br>\nappelle d\u00e9mo\u00adcra\u00adtie et dont on pr\u00e9\u00adtend que c\u2019est&nbsp;le<br>\ngou\u00adver\u00adne\u00adment du peuple par lui-m\u00eame, c\u2019est en fait&nbsp;le<br>\ngou\u00adver\u00adne\u00adment du peuple par des gou\u00adver\u00adnants \u00e9lus, et on devrait<br>\nplu\u00adt\u00f4t l\u2019appeler \u00ab&nbsp;oli\u00adgar\u00adchie consentie&nbsp;\u00bb.<\/span><\/font><\/font><\/p>\n<p style=\"margin-right: 0.62cm; text-indent: 1.53cm; margin-bottom: 0cm;\" align=\"justify\">\n<font face=\"Garamond, serif\"><font style=\"font-size: 13pt;\" size=\"3\"><span lang=\"fr-FR\">Le<br>\ngou\u00adver\u00adne\u00adment par des chefs qu\u2019on a choi\u00adsis est dif\u00adf\u00e9\u00adrent&nbsp;et<br>\ng\u00e9n\u00e9\u00adra\u00adle\u00adment meilleur que celui o\u00f9 les chefs&nbsp;se<br>\nsont choi\u00adsis eux-m\u00eames, mais c\u2019est encore le gou\u00adver\u00adne\u00adment&nbsp;de<br>\ncer\u00adtains sur d\u2019autres. M\u00eame dans le gou\u00adver\u00adne\u00adment le&nbsp;plus<br>\nd\u00e9mo\u00adcra\u00adtique, il y a tou\u00adjours ceux qui ordonnent ou<br>\ninter\u00addisent, et ceux qui ob\u00e9issent. M\u00eame quand&nbsp;nous<br>\nsommes gou\u00adver\u00adn\u00e9s par nos repr\u00e9\u00adsen\u00adtants nous continuons<br>\nd\u2019\u00eatre gou\u00adver\u00adn\u00e9s, et d\u00e8s qu\u2019ils com\u00admencent \u00e0<br>\nle faire contre notre volon\u00adt\u00e9 ils cessent d\u2019\u00eatre nos<br>\nrepr\u00e9\u00adsen\u00adtants. La plu\u00adpart des gens admettent que<b> <\/b>l\u2019on<br>\nn\u2019a aucune obli\u00adga\u00adtion envers un gou\u00adver\u00adne\u00adment dans lequel on ne&nbsp;peut<br>\nse faire entendre&nbsp;; les anar\u00adchistes vont plus loin et sou\u00adlignent que<br>\nnous n\u2019avons aucune obli\u00adga\u00adtion envers le gou\u00adver\u00adne\u00adment que&nbsp;nous<br>\navons \u00e9lu. Nous pou\u00advons lui ob\u00e9ir parce que nous sommes<br>\nd\u2019accord ou parce que nous sommes trop faibles pour d\u00e9sob\u00e9ir,<br>\nmais rien ne nous force \u00e0 lui ob\u00e9ir quand nous sommes<br>\nen d\u00e9sac\u00adcord et assez forts pour refu\u00adser de le faire. La<br>\nplu\u00adpart des gens admettent que ceux qui sont concer\u00adn\u00e9s par&nbsp;un<br>\nchan\u00adge\u00adment devraient \u00eatre consul\u00adt\u00e9s avant qu\u2019une<br>\nd\u00e9ci\u00adsion soit prise&nbsp;; les anar\u00adchistes vont plus loin&nbsp;et<br>\nsou\u00adlignent qu\u2019ils devraient prendre la d\u00e9ci\u00adsion eux-m\u00eames<br>\net la mettre en application.<\/span><\/font><\/font><\/p>\n<p style=\"margin-right: 0.62cm; text-indent: 1.53cm; margin-bottom: 0cm;\" align=\"justify\">\n<font face=\"Garamond, serif\"><font style=\"font-size: 13pt;\" size=\"3\"><span lang=\"fr-FR\">Les<br>\nanar\u00adchistes rejettent donc l\u2019id\u00e9e du contrat social et&nbsp;celle<br>\nde la d\u00e9l\u00e9\u00adga\u00adtion des pou\u00advoirs. Sans aucun doute, en<br>\npra\u00adtique, la plu\u00adpart des choses seront tou\u00adjours faites par peu&nbsp;de<br>\nmonde\u200a\u2014\u200apar ceux qui sont int\u00e9\u00adres\u00ads\u00e9s par un probl\u00e8me<br>\net sont capables de le r\u00e9soudre \u2014, mais il n\u2019y a aucune<br>\nrai\u00adson pour qu\u2019ils soient choi\u00adsis par s\u00e9lec\u00adtion ou \u00e9lection.<br>\nIls \u00e9mer\u00adge\u00adront tou\u00adjours de toute fa\u00e7on, et il&nbsp;vaut<br>\nmieux que cela se fasse natu\u00adrel\u00adle\u00adment. L\u2019important est que&nbsp;les<br>\nlea\u00adders et les experts ne soient pas for\u00adc\u00e9\u00adment des chefs, que<br>\nl\u2019exp\u00e9rience et la capa\u00adci\u00adt\u00e9 d\u2019organisation ne<br>\nsoient pas n\u00e9ces\u00adsai\u00adre\u00adment li\u00e9es \u00e0 l\u2019autorit\u00e9.<br>\nIl peut arri\u00adver que la repr\u00e9\u00adsen\u00adta\u00adtion soit utile&nbsp;; mais le&nbsp;vrai<br>\nrepr\u00e9\u00adsen\u00adtant est le d\u00e9l\u00e9\u00adgu\u00e9 ou le d\u00e9put\u00e9<br>\nqui est man\u00adda\u00adt\u00e9 par ceux qui l\u2019envoient et qui peut&nbsp;\u00eatre<br>\nr\u00e9vo\u00adqu\u00e9 imm\u00e9\u00addia\u00adte\u00adment par eux. En quelque sorte,<br>\nle chef qui se r\u00e9clame de la repr\u00e9sentativit\u00e9<br>\nest pire que l\u2019usurpateur, parce qu\u2019il est plus dif\u00adfi\u00adcile&nbsp;de<br>\ns\u2019attaquer \u00e0 l\u2019autorit\u00e9 quand elle est envelopp\u00e9e<br>\nde jolis mots ou d\u2019arguments abs\u00adtraits. Que nous puis\u00adsions&nbsp;\u00e9lire<br>\nnos chefs de temps \u00e0 autre ne signi\u00adfie pas que nous devions<br>\nleur ob\u00e9ir tout le temps. Si nous le fai\u00adsons, c\u2019est pour&nbsp;des<br>\nrai\u00adsons pra\u00adtiques et non morales. Les anar\u00adchistes sont contre les<br>\ngou\u00adver\u00adne\u00adments, de quelque mani\u00e8re qu\u2019ils soient par\u00adve\u00adnus&nbsp;au<br>\npouvoir.<\/span><\/font><\/font><\/p>\n<p style=\"margin-right: 0.62cm; text-indent: 1.53cm; margin-bottom: 0cm;\" align=\"justify\">\n<font face=\"Garamond, serif\"><font style=\"font-size: 13pt;\" size=\"3\"><b><span lang=\"fr-FR\">\u00c9tat<br>\net classe<\/span><\/b><\/font><\/font><\/p>\n<p style=\"margin-right: 0.62cm; text-indent: 1.53cm; margin-bottom: 0cm;\" align=\"justify\">\n<font face=\"Garamond, serif\"><font style=\"font-size: 13pt;\" size=\"3\"><span lang=\"fr-FR\">Les<br>\nanar\u00adchistes ont tra\u00addi\u00adtion\u00adnel\u00adle\u00adment concen\u00adtr\u00e9 leur oppo\u00adsi\u00adtion&nbsp;\u00e0<br>\nl\u2019autorit\u00e9 sur l\u2019\u00c9tat\u200a\u2014\u200al\u2019institution qui<br>\nr\u00e9clame le mono\u00adpole de l\u2019autorit\u00e9 dans un certain<br>\ndomaine. Cela parce que l\u2019\u00c9tat est l\u2019exemple supr\u00eame<br>\nde l\u2019autorit\u00e9 dans la soci\u00e9\u00adt\u00e9, et \u00e9galement<br>\nla source ou la confir\u00adma\u00adtion de l\u2019utilisation de l\u2019autorit\u00e9<br>\ndans son sein. D\u2019ailleurs,<b> <\/b>les anar\u00adchistes se&nbsp;sont<br>\ntra\u00addi\u00adtion\u00adnel\u00adle\u00adment oppo\u00ads\u00e9s \u00e0 toutes les formes d\u2019\u00c9tat<br>\u200a\u2014\u200anon seule\u00adment \u00e0 la tyran\u00adnie \u00e9vi\u00addente d\u2019un&nbsp;roi,<br>\nd\u2019un dic\u00adta\u00adteur ou d\u2019un conqu\u00e9\u00adrant, mais aus\u00adsi \u00e0&nbsp;des<br>\nvariantes telles que le des\u00adpo\u00adtisme \u00e9clai\u00adr\u00e9,&nbsp;la<br>\nmonar\u00adchie pro\u00adgres\u00adsiste, l\u2019oligarchie f\u00e9o\u00addale ou commerciale,<br>\nla d\u00e9mo\u00adcra\u00adtie par\u00adle\u00admen\u00adtaire, le com\u00admu\u00adnisme sovi\u00e9tique,<br>\netc. Ils ont m\u00eame eu ten\u00addance \u00e0 dire que tous les&nbsp;\u00c9tats<br>\nse valent et qu\u2019il n\u2019y a pas \u00e0 choi\u00adsir par\u00admi&nbsp;eux.<\/span><\/font><\/font><\/p>\n<p style=\"margin-right: 0.62cm; text-indent: 1.53cm; margin-bottom: 0cm;\" align=\"justify\">\n<font face=\"Garamond, serif\"><font style=\"font-size: 13pt;\" size=\"3\"><span lang=\"fr-FR\">C\u2019est<br>\nune sim\u00adpli\u00adfi\u00adca\u00adtion abu\u00adsive. Certes tous les \u00c9tats&nbsp;sont<br>\nauto\u00adri\u00adtaires, mais quelques-uns le sont bien plus que d\u2019autres, et<br>\ntoute per\u00adsonne nor\u00admale pr\u00e9\u00adf\u00e8re vivre dans un&nbsp;\u00c9tat<br>\nmoins auto\u00adri\u00adtaire qu\u2019un autre. Pour don\u00adner un simple exemple, cet<br>\nexpo\u00ads\u00e9 de l\u2019anarchisme n\u2019aurait pas pu \u00eatre publi\u00e9<br>\ndans la plu\u00adpart des Etats du pas\u00ads\u00e9, et il ne pour\u00adrait toujours<br>\npas \u00eatre publi\u00e9 dans la plu\u00adpart des \u00c9tats&nbsp;de<br>\ngauche comme de droite, \u00e0 l\u2019Est comme \u00e0 l\u2019Ouest&nbsp;;<br>\nj\u2019aime mieux vivre l\u00e0 o\u00f9 il peut \u00eatre publi\u00e9,<br>\net la plu\u00adpart de mes lec\u00adteurs aus\u00adsi, sans&nbsp;doute.<\/span><\/font><\/font><\/p>\n<p style=\"margin-right: 0.62cm; text-indent: 1.53cm; margin-bottom: 0cm;\" align=\"justify\">\n<font face=\"Garamond, serif\"><font style=\"font-size: 13pt;\" size=\"3\"><span lang=\"fr-FR\">Rares<br>\nsont les anar\u00adchistes qui ont encore une atti\u00adtude aus\u00adsi simpliste<br>\nvis-\u00e0-vis de cette abs\u00adtrac\u00adtion appe\u00adl\u00e9e \u00ab&nbsp;l\u2019\u00c9tat&nbsp;\u00bb,<br>\net les anar\u00adchistes concentrent leurs efforts \u00e0 l\u2019attaque du<br>\ngou\u00adver\u00adne\u00adment cen\u00adtral et des ins\u00adti\u00adtu\u00adtions qui en d\u00e9rivent, non<br>\npas uni\u00adque\u00adment parce qu\u2019ils font par\u00adtie de l\u2019\u00c9tat mais<br>\nparce qu\u2019ils sont les exemples extr\u00eames de l\u2019utilisation de<br>\nl\u2019autorit\u00e9 dans la soci\u00e9\u00adt\u00e9. Nous opposons<br>\nl\u2019\u00c9tat \u00e0 la soci\u00e9\u00adt\u00e9, mais nous ne&nbsp;le<br>\nvoyons plus comme oppo\u00ads\u00e9 \u00e0 elle, comme une excroissance<br>\narti\u00adfi\u00adcielle&nbsp;; au contraire, nous consi\u00add\u00e9\u00adrons qu\u2019il&nbsp;fait<br>\npar\u00adtie de la soci\u00e9\u00adt\u00e9, qu\u2019il en est un d\u00e9veloppement<br>\nnatu\u00adrel. L\u2019autorit\u00e9 est un com\u00adpor\u00adte\u00adment natu\u00adrel, tout&nbsp;comme<br>\nl\u2019agressivit\u00e9&nbsp;: mais c\u2019est un com\u00adpor\u00adte\u00adment qu\u2019il&nbsp;faut<br>\ncontr\u00f4\u00adler et dont il faut se lib\u00e9\u00adrer. On n\u2019y arrivera<br>\npas en essayant de trou\u00adver les moyens de l\u2019institutionnaliser, mais<br>\nen cher\u00adchant \u00e0 s\u2019en passer.<\/span><\/font><\/font><\/p>\n<p style=\"margin-right: 0.62cm; text-indent: 1.53cm; margin-bottom: 0cm;\" align=\"justify\">\n<font face=\"Garamond, serif\"><font style=\"font-size: 13pt;\" size=\"3\"><span lang=\"fr-FR\">Les<br>\nanar\u00adchistes refusent les ins\u00adti\u00adtu\u00adtions ouver\u00adte\u00adment r\u00e9pressives<br>\ndu gou\u00adver\u00adne\u00adment\u200a\u2014\u200aadmi\u00adnis\u00adtra\u00adtion, lois, police, tri\u00adbu\u00adnaux, prisons,<br>\narm\u00e9e, etc.\u200a\u2014\u200aet aus\u00adsi celles qui sont apparemment<br>\nbien\u00adfai\u00adsantes\u200a\u2014\u200aconseils locaux, indus\u00adtries nationalis\u00e9es,<br>\nser\u00advices publics, banques et com\u00adpa\u00adgnies d\u2019assurance, \u00e9coles<br>\net uni\u00adver\u00adsi\u00adt\u00e9s, presse et radio, et tout le reste. Cha\u00adcun&nbsp;peut<br>\nvoir que les pre\u00admi\u00e8res reposent non sur le consen\u00adte\u00adment&nbsp;mais<br>\nsur l\u2019obligation, et en fin de compte sur la force&nbsp;; les anarchistes<br>\naffirment que les secondes ont la m\u00eame main de fer,&nbsp;m\u00eame<br>\nsi elles portent un gant de velours.<\/span><\/font><\/font><\/p>\n<p style=\"margin-right: 0.62cm; text-indent: 1.53cm; margin-bottom: 0cm;\" align=\"justify\">\n<font face=\"Garamond, serif\"><font style=\"font-size: 13pt;\" size=\"3\"><span lang=\"fr-FR\">N\u00e9an\u00admoins,<br>\nles ins\u00adti\u00adtu\u00adtions qui d\u00e9rivent direc\u00adte\u00adment ou indi\u00adrec\u00adte\u00adment&nbsp;de<br>\nl\u2019\u00c9tat ne peuvent \u00eatre com\u00adprises si on les consid\u00e8re<br>\nuni\u00adque\u00adment comme mau\u00advaises. Elles peuvent avoir leur bons&nbsp;c\u00f4t\u00e9s.<br>\nD\u2019une part, elles ont une fonc\u00adtion n\u00e9ga\u00adtive&nbsp;utile<br>\nlorsqu\u2019elles emp\u00eachent l\u2019usage de l\u2019autorit\u00e9 par<br>\nd\u2019autres ins\u00adti\u00adtu\u00adtions telles que parents cruels, propri\u00e9taires<br>\navides de gain, patrons bru\u00adtaux, cri\u00admi\u00adnels vio\u00adlents&nbsp;; et elles<b> <\/b>ont<br>\nune fonc\u00adtion posi\u00adtive utile quand elles mettent sur pied&nbsp;des<br>\nins\u00adti\u00adtu\u00adtions sociales d\u00e9si\u00adrables comme les tra\u00advaux publics,<br>\nles inter\u00adven\u00adtions en cas de catas\u00adtrophes, les trans\u00adports, l\u2019art&nbsp;et<br>\nla culture, les ser\u00advices m\u00e9di\u00adcaux, les retraites, le soutien<br>\naux pauvres, l\u2019\u00e9ducation, la radio. Il y a donc l\u2019\u00c9tat<br>\nlib\u00e9\u00adra\u00adteur et l\u2019\u00c9tat pro\u00advi\u00adden\u00adtiel, l\u2019\u00c9tat<br>\ntra\u00advaillant pour la jus\u00adtice et l\u2019\u00c9tat tra\u00advaillant pour<br>\nl\u2019\u00e9galit\u00e9.<\/span><\/font><\/font><\/p>\n<p style=\"margin-right: 0.62cm; text-indent: 1.53cm; margin-bottom: 0cm;\" align=\"justify\">\n<font face=\"Garamond, serif\"><font style=\"font-size: 13pt;\" size=\"3\"><span lang=\"fr-FR\">La<br>\npre\u00admi\u00e8re r\u00e9ponse anar\u00adchiste \u00e0 cela, c\u2019est&nbsp;que<br>\nnous avons aus\u00adsi l\u2019\u00c9tat oppres\u00adseur\u200a\u2014\u200aque la principale<br>\nfonc\u00adtion de l\u2019\u00c9tat est en fait de sou\u00admettre le peuple, de<br>\nlimi\u00adter la liber\u00adt\u00e9 \u2014et que toutes les fonc\u00adtions utiles de<br>\nl\u2019\u00c9tat peuvent \u00eatre exer\u00adc\u00e9es, et l\u2019ont<br>\nsou\u00advent \u00e9t\u00e9, par des asso\u00adcia\u00adtions volon\u00adtaires. Ici<br>\nl\u2019\u00c9tat res\u00adsemble \u00e0 l\u2019\u00c9glise m\u00e9di\u00e9vale.<br>\nAu Moyen Age, l\u2019\u00c9glise \u00e9tait impli\u00adqu\u00e9e&nbsp;dans<br>\ntoutes les acti\u00advi\u00adt\u00e9s essen\u00adtielles, et on ne pou\u00advait imaginer<br>\nque ces acti\u00advi\u00adt\u00e9s fussent pos\u00adsibles sans elle. Seule l\u2019\u00c9glise<br>\npou\u00advait bap\u00adti\u00adser, marier et enter\u00adrer les gens, et il fal\u00adlut apprendre<br>\nqu\u2019elle ne contr\u00f4\u00adlait pas en fait l\u2019amour, la nais\u00adsance&nbsp;et<br>\nla mort. Tout acte public devait rece\u00advoir une b\u00e9n\u00e9diction<br>\nreli\u00adgieuse (c\u2019est encore le cas pour cer\u00adtains), et il fallut<br>\napprendre que l\u2019acte \u00e9tait tout aus\u00adsi effec\u00adtif&nbsp;sans<br>\nb\u00e9n\u00e9\u00addic\u00adtion. L\u2019\u00c9glise s\u2019interposait et<br>\nsou\u00advent contr\u00f4\u00adlait les aspects de la vie qui sont maintenant<br>\ndomi\u00adn\u00e9s par l\u2019\u00c9tat. On apprit \u00e0 se rendre<br>\ncompte que la par\u00adti\u00adci\u00adpa\u00adtion de l\u2019\u00c9glise \u00e9tait inutile<br>\net m\u00eame nui\u00adsible&nbsp;; ce qu\u2019il faut apprendre main\u00adte\u00adnant, c\u2019est<br>\nque la domi\u00adna\u00adtion de l\u2019\u00c9tat est \u00e9ga\u00adle\u00adment pernicieuse<br>\net super\u00adflue. Nous avons besoin de l\u2019\u00c9tat aus\u00adsi longtemps<br>\nque nous croyons en avoir besoin, et tout ce qu\u2019il fait peut&nbsp;\u00eatre<br>\nfait aus\u00adsi bien et m\u00eame mieux sans la sanc\u00adtion de l\u2019autorit\u00e9.<\/span><\/font><\/font><\/p>\n<p style=\"margin-right: 0.62cm; text-indent: 1.53cm; margin-bottom: 0cm;\" align=\"justify\">\n <font face=\"Garamond, serif\"><font style=\"font-size: 13pt;\" size=\"3\"><span lang=\"fr-FR\">La<br>\nseconde r\u00e9ponse anar\u00adchiste, c\u2019est que la fonction<br>\nessen\u00adtielle de l\u2019\u00c9tat est de main\u00adte\u00adnir l\u2019in\u00e9galit\u00e9<br>\nexis\u00adtante. Les anar\u00adchistes ne consi\u00add\u00e8rent pas comme&nbsp;les<br>\nmar\u00adxistes que l\u2019unit\u00e9 de base de la soci\u00e9t\u00e9<br>\nest la classe sociale, mais ils sont d\u2019accord pour dire que l\u2019\u00c9tat<br>\nest l\u2019expression poli\u00adtique de la struc\u00adture \u00e9co\u00adno\u00admique, qu\u2019il<br>\nest le repr\u00e9\u00adsen\u00adtant de ceux qui pos\u00ads\u00e8dent ou contr\u00f4lent<br>\nla richesse de la com\u00admu\u00adnau\u00adt\u00e9 et l\u2019exploiteur de ceux&nbsp;qui<br>\nfour\u00adnissent le tra\u00advail qui cr\u00e9e cette richesse. L\u2019\u00c9tat<br>\nne peut redis\u00adtri\u00adbuer \u00e9qui\u00adta\u00adble\u00adment la richesse parce qu\u2019il<br>\nest le prin\u00adci\u00adpal ins\u00adtru\u00adment de la dis\u00adtri\u00adbu\u00adtion injuste. Les<br>\nanar\u00adchistes pensent comme les mar\u00adxistes que le sys\u00adt\u00e8me actuel<br>\ndoit \u00eatre d\u00e9truit, mais ils ne pensent pas que&nbsp;le<br>\nsys\u00adt\u00e8me futur puisse \u00eatre \u00e9ta\u00adbli par un&nbsp;\u00c9tat<br>\ntenu en de nou\u00advelles mains&nbsp;; l\u2019\u00c9tat est une cause aus\u00adsi&nbsp;bien<br>\nqu\u2019une cons\u00e9\u00adquence du sys\u00adt\u00e8me de classes, et&nbsp;une<br>\nsoci\u00e9\u00adt\u00e9 sans classes ins\u00adtau\u00adr\u00e9e par un&nbsp;\u00c9tat<br>\nrede\u00advien\u00addra vite une soci\u00e9\u00adt\u00e9 de classes. L\u2019\u00c9tat<br>\nne d\u00e9p\u00e9\u00adri\u00adra pas\u200a\u2014\u200ail doit \u00eatre d\u00e9lib\u00e9r\u00e9ment<br>\nabo\u00adli par le peuple pre\u00adnant le pou\u00advoir aux diri\u00adgeants et la richesse<br>\naux pos\u00ads\u00e9\u00addants&nbsp;; ces deux actions sont li\u00e9es, et l\u2019une<br>\nsans l\u2019autre sera tou\u00adjours inutile. L\u2019anarchie au sens le&nbsp;plus<br>\nvrai signi\u00adfie une soci\u00e9\u00adt\u00e9 \u00e0 la fois&nbsp;sans<br>\ndiri\u00adgeants et sans riches.<\/span><\/font><\/font><\/p>\n<p style=\"margin-right: 0.62cm; text-indent: 1.53cm; margin-bottom: 0cm;\" align=\"justify\" lang=\"fr-FR\">\n<font face=\"Garamond, serif\"><font style=\"font-size: 13pt;\" size=\"3\"><b>Orga\u00adni\u00adsa\u00adtion<br>\net bureaucratie<\/b><\/font><\/font><\/p>\n<p style=\"margin-right: 0.62cm; text-indent: 1.53cm; margin-bottom: 0cm;\" align=\"justify\">\n<font face=\"Garamond, serif\"><font style=\"font-size: 13pt;\" size=\"3\"><span lang=\"fr-FR\">Ceci<br>\nne veut pas dire que les anar\u00adchistes rejettent l\u2019organisation, bien<br>\nqu\u2019il y ait l\u00e0 un des pr\u00e9\u00adju\u00adg\u00e9s les plus&nbsp;forts<br>\ncontre eux. La plu\u00adpart des gens admettent bien que l\u2019anarchie<br>\npuisse ne pas signi\u00adfier seule\u00adment chaos et confu\u00adsion et que&nbsp;les<br>\nanar\u00adchistes ne veuillent pas le d\u00e9sordre mais l\u2019ordre sans<br>\ngou\u00adver\u00adne\u00adment, mais ils sont s\u00fbrs que l\u2019anarchie signifie<br>\nl\u2019ordre qui sur\u00adgit spon\u00adta\u00adn\u00e9\u00adment, et que les anarchistes<br>\nrefusent l\u2019organisation. C\u2019est le contraire de la v\u00e9rit\u00e9.<br>\nEn fait, ils veulent beau\u00adcoup plus d\u2019organisation, mais&nbsp;sans<br>\nauto\u00adri\u00adt\u00e9. Le pr\u00e9\u00adju\u00adg\u00e9 contre l\u2019anarchisme<br>\nd\u00e9rive d\u2019un pr\u00e9\u00adju\u00adg\u00e9 au sujet&nbsp;de<br>\nl\u2019organisation&nbsp;; on ne peut pas ima\u00adgi\u00adner qu\u2019elle ne repose pas&nbsp;sur<br>\nl\u2019autorit\u00e9, qu\u2019en fait elle marche mieux sans autorit\u00e9.<\/span><\/font><\/font><\/p>\n<p style=\"margin-right: 0.62cm; text-indent: 1.53cm; margin-bottom: 0cm;\" align=\"justify\">\n<font face=\"Garamond, serif\"><font style=\"font-size: 13pt;\" size=\"3\"><span lang=\"fr-FR\">Un<br>\nins\u00adtant d\u2019attention montre \u00e0 l\u2019\u00e9vidence que,<br>\nlorsque l\u2019obligation sera rem\u00adpla\u00adc\u00e9e par le consen\u00adte\u00adment,&nbsp;il<br>\ny aura plus de dis\u00adcus\u00adsions et de plans, pas moins. Tous ceux qui&nbsp;sont<br>\nconcer\u00adn\u00e9s par une d\u00e9ci\u00adsion pour\u00adront prendre part&nbsp;\u00e0<br>\nson \u00e9la\u00adbo\u00adra\u00adtion, et per\u00adsonne ne pour\u00adra lais\u00adser cette&nbsp;t\u00e2che<br>\n\u00e0 des fonc\u00adtion\u00adnaires pay\u00e9s ou \u00e0&nbsp;des<br>\nrepr\u00e9\u00adsen\u00adtants \u00e9lus. Sans r\u00e8gles \u00e0<br>\nobser\u00adver, sans pr\u00e9\u00adc\u00e9\u00addents \u00e0 suivre, chaque<br>\nd\u00e9ci\u00adsion devra \u00eatre prise pour la pre\u00admi\u00e8re&nbsp;fois.<br>\nSans diri\u00adgeants \u00e0 qui ob\u00e9ir, sans guides \u00e0<br>\nsuivre, cha\u00adcun sera capable de prendre sa propre d\u00e9cision.<br>\nPour que tout fonc\u00adtionne, la mul\u00adti\u00adpli\u00adci\u00adt\u00e9 et la complexit\u00e9<br>\ndes liens entre les indi\u00advi\u00addus seront accrues, non r\u00e9duites.<br>\nUne telle orga\u00adni\u00adsa\u00adtion peut \u00eatre brouillonne et inefficace,<br>\nmais elle col\u00adle\u00adra de plus pr\u00e8s aux besoins et aux sentiments<br>\ndes gens concer\u00adn\u00e9s. Si on ne peut faire quelque chose&nbsp;que<br>\ngr\u00e2ce \u00e0 l\u2019ancienne forme d\u2019organisation, avec&nbsp;son<br>\nauto\u00adri\u00adt\u00e9 et sa contrainte, c\u2019est qu\u2019il ne&nbsp;vaut<br>\npro\u00adba\u00adble\u00adment pas la peine de le faire, et il vau\u00addrait mieux&nbsp;le<br>\nlais\u00adser tomber.<\/span><\/font><\/font><\/p>\n<p style=\"margin-right: 0.62cm; text-indent: 1.53cm; margin-bottom: 0cm;\" align=\"justify\">\n<font face=\"Garamond, serif\"><font style=\"font-size: 13pt;\" size=\"3\"><span lang=\"fr-FR\">Ce<br>\nque les anar\u00adchistes rejettent, c\u2019est l\u2019institutionnalisation de<br>\nl\u2019organisation, l\u2019\u00e9tablissement d\u2019un groupe particulier<br>\ndont la fonc\u00adtion est d\u2019organiser les autre gens. L\u2019organisation<br>\nanar\u00adchiste serait fluide et ouverte&nbsp;; d\u00e8s qu\u2019une organisation<br>\nse dur\u00adcit et se ferme, elle tombe aux mains d\u2019une bureaucratie,<br>\ndevient l\u2019instrument d\u2019une classe et l\u2019expression de l\u2019autorit\u00e9<br>\nau lieu du lien de coor\u00addi\u00adna\u00adtion de la soci\u00e9\u00adt\u00e9.&nbsp;Tout<br>\ngroupe tend vers l\u2019oligarchie, le gou\u00adver\u00adne\u00adment du petit nombre, et<br>\ntoute orga\u00adni\u00adsa\u00adtion tend vers la bureau\u00adcra\u00adtie, le gou\u00adver\u00adne\u00adment&nbsp;des<br>\npro\u00adfes\u00adsion\u00adnels&nbsp;; les anar\u00adchistes doivent tou\u00adjours lut\u00adter contre ces<br>\nten\u00addances, aujourd\u2019hui comme demain, et par\u00admi eux aus\u00adsi bien&nbsp;que<br>\nchez les autres.<\/span><\/font><\/font><\/p>\n<p style=\"margin-right: 0.62cm; text-indent: 1.53cm; margin-bottom: 0cm;\" align=\"justify\" lang=\"fr-FR\">\n<font face=\"Garamond, serif\"><font style=\"font-size: 13pt;\" size=\"3\"><b>La<br>\npropri\u00e9t\u00e9<\/b><\/font><\/font><\/p>\n<p style=\"margin-right: 0.62cm; text-indent: 1.53cm; margin-bottom: 0cm;\" align=\"justify\">\n<font face=\"Garamond, serif\"><font style=\"font-size: 13pt;\" size=\"3\"><span lang=\"fr-FR\">Les<br>\nanar\u00adchistes ne rejettent pas non plus la propri\u00e9t\u00e9,<br>\nbien qu\u2019ils aient l\u00e0-des\u00adsus leur id\u00e9e propre. En&nbsp;un<br>\nsens, la pro\u00adpri\u00e9\u00adt\u00e9 c\u2019est le vol\u200a\u2014\u200ac\u2019est-\u00e0-dire<br>\nque l\u2019appropriation exclu\u00adsive de quoi que ce soit par qui que&nbsp;ce<br>\nsoit est une spo\u00adlia\u00adtion pour tous les autres. Cela ne veut pas&nbsp;dire<br>\nque nous soyons tous com\u00admu\u00adnistes&nbsp;; cela veut dire que le droit d\u2019une<br>\nper\u00adsonne sur un objet ne repose pas sur le fait qu\u2019elle l\u2019ait<br>\nfabri\u00adqu\u00e9, trou\u00adv\u00e9, ache\u00adt\u00e9, re\u00e7u, qu\u2019elle<br>\nl\u2019utilise ou le d\u00e9sire, ou qu\u2019elle ait un droit&nbsp;l\u00e9gal<br>\nsur cela, mais sur le fait qu\u2019elle en a besoin\u200a\u2014\u200aplus encore<br>\nqu\u2019elle en a davan\u00adtage besoin que quelqu\u2019un d\u2019autre. Cela n\u2019est<br>\npas une ques\u00adtion de jus\u00adtice abs\u00adtraite ou de loi natu\u00adrelle, mais&nbsp;de<br>\nsoli\u00adda\u00adri\u00adt\u00e9 humaine et de bon sens. Si j\u2019ai une miche de&nbsp;pain<br>\net que tu as faim, elle est \u00e0 toi, non \u00e0 moi. Si j\u2019ai<br>\nun man\u00adteau et que tu as froid, il t\u2019appartient. Si j\u2019ai&nbsp;une<br>\nmai\u00adson et que tu n\u2019en as pas, tu as le droit d\u2019utiliser au&nbsp;moins<br>\nune de mes chambres. Mais, dans un autre sens, la propri\u00e9t\u00e9<br>\nc\u2019est la liber\u00adt\u00e9, c\u2019est-\u00e0-dire que la jouis\u00adsance&nbsp;de<br>\nbiens en quan\u00adti\u00adt\u00e9 suf\u00adfi\u00adsante est une condi\u00adtion essentielle<br>\nd\u2019une vie agr\u00e9able pour l\u2019individu.<\/span><\/font><\/font><\/p>\n<p style=\"margin-right: 0.62cm; text-indent: 1.53cm; margin-bottom: 0cm;\" align=\"justify\">\n<font face=\"Garamond, serif\"><font style=\"font-size: 13pt;\" size=\"3\"><span lang=\"fr-FR\">Les<br>\nanar\u00adchistes sont pour la pro\u00adpri\u00e9\u00adt\u00e9 pri\u00adv\u00e9e de&nbsp;ce<br>\nqui ne peut \u00eatre uti\u00adli\u00ads\u00e9 pour exploi\u00adter autrui\u200a\u2014\u200aces<br>\nobjets per\u00adson\u00adnels que nous accu\u00admu\u00adlons depuis l\u2019enfance et qui&nbsp;font<br>\npar\u00adtie de notre vie. Mais nous sommes contre la propri\u00e9t\u00e9<br>\npublique qui n\u2019est pas utile en elle-m\u00eame et ne peut servir<br>\nqu\u2019\u00e0 exploi\u00adter\u200a\u2014\u200apro\u00adpri\u00e9\u00adt\u00e9 fonci\u00e8re<br>\net immo\u00adbi\u00adli\u00e8re, ins\u00adtru\u00adments de pro\u00adduc\u00adtion et de distribution,<br>\nmati\u00e8res pre\u00admi\u00e8res et articles manu\u00adfac\u00adtu\u00adr\u00e9s.&nbsp;Le<br>\nprin\u00adcipe, en fin de compte, c\u2019est qu\u2019un homme peut avoir un&nbsp;droit<br>\nsur ce qu\u2019il pro\u00adduit par son propre tra\u00advail mais non sur ce qu\u2019il<br>\nobtient par le tra\u00advail des autres&nbsp;; il a un droit sur ce dont il&nbsp;a<br>\nbesoin et qu\u2019il uti\u00adlise, mais non sur ce dont il n\u2019a pas besoin<br>\net qu\u2019il ne peut uti\u00adli\u00adser. D\u00e8s qu\u2019un homme a&nbsp;plus<br>\nqu\u2019assez, ou bien il gas\u00adpille ou bien il emp\u00eache quelqu\u2019un<br>\nd\u2019autre d\u2019avoir assez.<\/span><\/font><\/font><\/p>\n<p style=\"margin-right: 0.62cm; text-indent: 1.53cm; margin-bottom: 0cm;\" align=\"justify\">\n<font face=\"Garamond, serif\"><font style=\"font-size: 13pt;\" size=\"3\"><span lang=\"fr-FR\">Par<br>\ncons\u00e9\u00adquent, les riches n\u2019ont aucun droit sur&nbsp;leurs<br>\npro\u00adpri\u00e9\u00adt\u00e9s, car ils sont riches non parce qu\u2019ils<br>\ntra\u00advaillent beau\u00adcoup, mais parce que beau\u00adcoup de gens travaillent<br>\npour eux&nbsp;; et les pauvres ont un droit sur la propri\u00e9t\u00e9<br>\ndes riches, car ils sont pauvres non parce qu\u2019ils tra\u00advaillent peu<br>\nmais parce qu\u2019ils tra\u00advaillent pour les autres. En fait, les pauvres<br>\ntra\u00advaillent tou\u00adjours beau\u00adcoup plus long\u00adtemps \u00e0 des t\u00e2ches<br>\nbeau\u00adcoup plus ingrates que les riches, et dans des condi\u00adtions&nbsp;pires.<\/span><\/font><\/font><\/p>\n<p style=\"margin-right: 0.62cm; text-indent: 1.53cm; margin-bottom: 0cm;\" align=\"justify\">\n<font face=\"Garamond, serif\"><font style=\"font-size: 13pt;\" size=\"3\"><span lang=\"fr-FR\">Per\u00adsonne<br>\nn\u2019est jamais deve\u00adnu riche ni ne l\u2019est demeu\u00adr\u00e9 par&nbsp;son<br>\npropre tra\u00advail, mais seule\u00adment en exploi\u00adtant le tra\u00advail des autres.<br>\nUn homme peut avoir une mai\u00adson et un bout de terre, les outils de&nbsp;sa<br>\npro\u00adfes\u00adsion et une bonne san\u00adt\u00e9 toute sa vie et il&nbsp;peut<br>\ntra\u00advailler aus\u00adsi dur qu\u2019il vou\u00addra et aus\u00adsi long\u00adtemps qu\u2019il<br>\npour\u00adra, il pro\u00addui\u00adra assez pour sa famille mais pas beau\u00adcoup plus&nbsp;;&nbsp;et<br>\nil ne sera m\u00eame pas ind\u00e9\u00adpen\u00addant, il d\u00e9pen\u00addra&nbsp;des<br>\nautres pour obte\u00adnir cer\u00adtaines mati\u00e8res pre\u00admi\u00e8res et<br>\npour \u00e9chan\u00adger ses produits.<\/span><\/font><\/font><\/p>\n<p style=\"margin-right: 0.62cm; text-indent: 1.53cm; margin-bottom: 0cm;\" align=\"justify\">\n<font face=\"Garamond, serif\"><font style=\"font-size: 13pt;\" size=\"3\"><span lang=\"fr-FR\">Pour<br>\nce qui est des biens publics, il ne s\u2019agit pas seule\u00adment de savoir<br>\nqui les pos\u00ads\u00e8de mais encore qui les contr\u00f4le. Il n\u2019est<br>\npas n\u00e9ces\u00adsaire d\u2019\u00eatre pro\u00adpri\u00e9\u00adtaire&nbsp;pour<br>\nexploi\u00adter les autres. Les riches ont tou\u00adjours employ\u00e9 d\u2019autres<br>\ngens pour g\u00e9rer leurs biens et main\u00adte\u00adnant que des soci\u00e9t\u00e9s<br>\nano\u00adnymes et des entre\u00adprises natio\u00adna\u00adli\u00ads\u00e9es tendent \u00e0<br>\nrem\u00adpla\u00adcer les pro\u00adpri\u00e9\u00adtaires pri\u00adv\u00e9s, ce sont&nbsp;les<br>\n\u00ab&nbsp;mana\u00adgers&nbsp;\u00bb qui deviennent les prin\u00adci\u00adpaux exploi\u00adteurs&nbsp;des<br>\nouvriers. Tant dans les pays avan\u00adc\u00e9s que dans les&nbsp;pays<br>\nsous-d\u00e9ve\u00adlop\u00adp\u00e9s, tant dans les&nbsp;\u00c9tats<br>\ncapi\u00adta\u00adlistes que com\u00admu\u00adnistes, c\u2019est une petite mino\u00adri\u00adt\u00e9&nbsp;de<br>\nla popu\u00adla\u00adtion qui pos\u00ads\u00e8de ou contr\u00f4le la grande majorit\u00e9<br>\ndes biens publics.<\/span><\/font><\/font><\/p>\n<p style=\"margin-right: 0.62cm; text-indent: 1.53cm; margin-bottom: 0cm;\" align=\"justify\">\n<font face=\"Garamond, serif\"><font style=\"font-size: 13pt;\" size=\"3\"><span lang=\"fr-FR\">En<br>\nd\u00e9pit des appa\u00adrences, cela n\u2019est pas un probl\u00e8me<br>\npoli\u00adtique ou l\u00e9gal. Ce qui importe n\u2019est pas la distribution<br>\nde l\u2019argent ou le sys\u00adt\u00e8me de r\u00e9par\u00adti\u00adtion des terres,<br>\nl\u2019organisation des imp\u00f4ts, la m\u00e9thode de taxa\u00adtion&nbsp;ou<br>\nla loi sur les h\u00e9ri\u00adtages, mais le fait fon\u00adda\u00admen\u00adtal&nbsp;que<br>\ncer\u00adtaines per\u00adsonnes tra\u00advaillent pour d\u2019autres, tout comme certaines<br>\nob\u00e9issent \u00e0 d\u2019autres. Si nous refu\u00adsions de travailler<br>\npour les riches et les puis\u00adsants, la propri\u00e9t\u00e9<br>\ndis\u00adpa\u00adra\u00ee\u00adtrait, de la m\u00eame fa\u00e7on que, si&nbsp;nous<br>\nrefu\u00adsions d\u2019ob\u00e9ir aux diri\u00adgeants, l\u2019autorit\u00e9<br>\ndis\u00adpa\u00adra\u00ee\u00adtrait. Pour les anar\u00adchistes, la propri\u00e9t\u00e9<br>\nest bas\u00e9e sur l\u2019autorit\u00e9, non le contraire. Le<br>\npro\u00adbl\u00e8me n\u2019est pas de savoir com\u00adment les pay\u00adsans engraissent<br>\nles pro\u00adpri\u00e9\u00adtaires ou com\u00adment les ouvriers enri\u00adchissent les<br>\npatrons, mais pour\u00adquoi ils le font, et c\u2019est l\u00e0 qu\u2019est le<br>\npro\u00adbl\u00e8me politique.<\/span><\/font><\/font><\/p>\n<p style=\"margin-right: 0.62cm; text-indent: 1.53cm; margin-bottom: 0cm;\" align=\"justify\">\n<font face=\"Garamond, serif\"><font style=\"font-size: 13pt;\" size=\"3\"><span lang=\"fr-FR\">Cer\u00adtains<br>\nessaient de r\u00e9soudre le pro\u00adbl\u00e8me de la propri\u00e9t\u00e9<br>\nen chan\u00adgeant la loi ou le gou\u00adver\u00adne\u00adment, par des r\u00e9formes ou<br>\npar la r\u00e9vo\u00adlu\u00adtion. Les anar\u00adchistes n\u2019ont aucune confiance<br>\ndans ces solu\u00adtions, mais ils ne s\u2019accordent pas tous sur la&nbsp;bonne<br>\nsolu\u00adtion. Il y en a qui veulent le par\u00adtage de tout entre tout&nbsp;le<br>\nmonde, afin que cha\u00adcun ait une part de la richesse mon\u00addiale, et&nbsp;un<br>\nsys\u00adt\u00e8me com\u00admer\u00adcial de lais\u00adsez-faire avec cr\u00e9\u00addit gratuit<br>\npour \u00e9vi\u00adter l\u2019accumulation exces\u00adsive. Mais la plu\u00adpart&nbsp;des<br>\nanar\u00adchistes n\u2019ont pas non plus confiance dans cette solu\u00adtion,&nbsp;et<br>\nveulent l\u2019expropriation de tous ceux qui pos\u00ads\u00e8dent plus&nbsp;que<br>\nle n\u00e9ces\u00adsaire, afin que nous ayons tous acc\u00e8s&nbsp;\u00e0<br>\nla richesse mon\u00addiale, et que le contr\u00f4le soit aux mains de&nbsp;la<br>\ncom\u00admu\u00adnau\u00adt\u00e9. Mais, au moins, tous s\u2019accordent pour dire&nbsp;que<br>\nle sys\u00adt\u00e8me actuel de pro\u00adpri\u00e9\u00adt\u00e9 doit&nbsp;\u00eatre<br>\nd\u00e9truit en m\u00eame temps que le sys\u00adt\u00e8me actuel<br>\nd\u2019autorit\u00e9.<\/span><\/font><\/font><\/p>\n<p style=\"margin-right: 0.62cm; text-indent: 1.53cm; margin-bottom: 0cm;\" align=\"justify\">\n<font face=\"Garamond, serif\"><font style=\"font-size: 13pt;\" size=\"3\"><b><span lang=\"fr-FR\">Dieu<br>\net l\u2019\u00c9glise<\/span><\/b><\/font><\/font><\/p>\n<p style=\"margin-right: 0.62cm; text-indent: 1.53cm; margin-bottom: 0cm;\" align=\"justify\">\n<font face=\"Garamond, serif\"><font style=\"font-size: 13pt;\" size=\"3\"><span lang=\"fr-FR\">Les<br>\nanar\u00adchistes sont tra\u00addi\u00adtion\u00adnel\u00adle\u00adment anti\u00adcl\u00e9\u00adri\u00adcaux et ath\u00e9es.<br>\nLes pre\u00admiers anar\u00adchistes \u00e9taient autant oppo\u00ads\u00e9s&nbsp;\u00e0<br>\nl\u2019\u00c9glise qu\u2019\u00e0 l\u2019\u00c9tat, et la plupart<br>\nd\u2019entre eux s\u2019opposaient \u00e0 la reli\u00adgion m\u00eame.&nbsp;La<br>\nfor\u00admule \u00ab&nbsp;Ni Dieu ni ma\u00eetre&nbsp;\u00bb a sou\u00advent&nbsp;\u00e9t\u00e9<br>\nuti\u00adli\u00ads\u00e9e pour r\u00e9su\u00admer le mes\u00adsage anar\u00adchiste. Bien&nbsp;des<br>\ngens font encore leur pre\u00admier pas vers l\u2019anarchisme en abandonnant<br>\nleur foi et en deve\u00adnant ratio\u00adna\u00adlistes ou huma\u00adnistes&nbsp;; le refus&nbsp;de<br>\nl\u2019autorit\u00e9 divine encou\u00adrage le refus de l\u2019autorit\u00e9<br>\nhumaine. La plu\u00adpart des anar\u00adchistes aujourd\u2019hui sont probablement<br>\nath\u00e9es, ou du moins agnostiques.<\/span><\/font><\/font><\/p>\n<p style=\"margin-right: 0.62cm; text-indent: 1.53cm; margin-bottom: 0cm;\" align=\"justify\">\n<font face=\"Garamond, serif\"><font style=\"font-size: 13pt;\" size=\"3\"><span lang=\"fr-FR\">Mais<br>\nil y a eu des anar\u00adchistes reli\u00adgieux, bien qu\u2019ils soient<br>\nhabi\u00adtuel\u00adle\u00adment en dehors du cou\u00adrant prin\u00adci\u00adpal du mou\u00adve\u00adment. Ce&nbsp;sont<br>\npar exemple les sectes h\u00e9r\u00e9\u00adtiques qui devanc\u00e8rent<br>\nles id\u00e9es anar\u00adchistes avant le XIXe, et les groupes de<br>\npaci\u00adfistes reli\u00adgieux en Europe et en Am\u00e9\u00adrique du Nord durant<br>\nles XIXe et XXe si\u00e8cles, en par\u00adti\u00adcu\u00adlier Tol\u00adsto\u00ef et&nbsp;ses<br>\ndis\u00adciples au d\u00e9but du XXe si\u00e8cle et le mouvement<br>\nouvrier catho\u00adlique (\u00ab&nbsp;Catho\u00adlic Wor\u00adker\u00bb;) aux \u00c9tats-Unis<br>\ndepuis 1930.<\/span><\/font><\/font><\/p>\n<p style=\"margin-right: 0.62cm; text-indent: 1.53cm; margin-bottom: 0cm;\" align=\"justify\">\n<font face=\"Garamond, serif\"><font style=\"font-size: 13pt;\" size=\"3\"><span lang=\"fr-FR\">La<br>\nhaine g\u00e9n\u00e9\u00adrale des anar\u00adchistes envers la religion<br>\nd\u00e9cline \u00e0 mesure que d\u00e9cline la puis\u00adsance&nbsp;de<br>\nl\u2019\u00c9glise, et beau\u00adcoup d\u2019anarchistes pensent maintenant<br>\nqu\u2019il s\u2019agit l\u00e0 d\u2019une ques\u00adtion per\u00adson\u00adnelle. Ils<br>\ns\u2019opposeraient \u00e0 l\u2019interdiction de la reli\u00adgion par&nbsp;la<br>\nforce comme \u00e0 son renou\u00adveau par la force. Ils laisseraient<br>\ncha\u00adcun croire et faire ce qu\u2019il veut tant que cela ne concerne que<br>\nlui&nbsp;; mais ils ne lais\u00adse\u00adraient pas l\u2019\u00c9glise reprendre<br>\ndavan\u00adtage de pouvoir.<\/span><\/font><\/font><\/p>\n<p style=\"margin-right: 0.62cm; text-indent: 1.53cm; margin-bottom: 0cm;\" align=\"justify\">\n<font face=\"Garamond, serif\"><font style=\"font-size: 13pt;\" size=\"3\"><span lang=\"fr-FR\">En<br>\nfait, l\u2019histoire de la reli\u00adgion est un mod\u00e8le pour<br>\nl\u2019histoire de l\u2019\u00c9tat. On a long\u00adtemps pen\u00ads\u00e9 qu\u2019une<br>\nsoci\u00e9\u00adt\u00e9 sans Dieu \u00e9tait impos\u00adsible&nbsp;; aujourd\u2019hui,<br>\nDieu est mort. On pense encore qu\u2019une soci\u00e9\u00adt\u00e9&nbsp;sans<br>\n\u00c9tat est impos\u00adsible&nbsp;; il s\u2019agit main\u00adte\u00adnant de d\u00e9truire<br>\nl\u2019\u00c9tat.<\/span><\/font><\/font><\/p>\n<p style=\"margin-right: 0.62cm; text-indent: 1.53cm; margin-bottom: 0cm;\" align=\"justify\" lang=\"fr-FR\">\n<font face=\"Garamond, serif\"><font style=\"font-size: 13pt;\" size=\"3\"><b>Guerre<br>\net violence<\/b><\/font><\/font><\/p>\n<p style=\"margin-right: 0.62cm; text-indent: 1.53cm; margin-bottom: 0cm;\" align=\"justify\">\n<font face=\"Garamond, serif\"><font style=\"font-size: 13pt;\" size=\"3\"><span lang=\"fr-FR\">Les<br>\nanar\u00adchistes se sont tou\u00adjours oppo\u00ads\u00e9s \u00e0 la guerre, mais<br>\nils ne s\u2019opposent pas tous \u00e0 la vio\u00adlence. Ils&nbsp;sont<br>\nanti\u00admi\u00adli\u00adta\u00adristes, mais pas n\u00e9ces\u00adsai\u00adre\u00adment paci\u00adfistes. Pour<br>\neux, la guerre est l\u2019exemple supr\u00eame de l\u2019autorit\u00e9<br>\nhors d\u2019une soci\u00e9\u00adt\u00e9, et \u00e0 la fois une puissante<br>\nconfir\u00adma\u00adtion de l\u2019autorit\u00e9 au sein de la soci\u00e9t\u00e9.<br>\nLa vio\u00adlence et la des\u00adtruc\u00adtion orga\u00adni\u00ads\u00e9es de la guerre sont&nbsp;une<br>\nver\u00adsion immen\u00ads\u00e9\u00adment agran\u00addie de la vio\u00adlence et de&nbsp;la<br>\ndes\u00adtruc\u00adtion orga\u00adni\u00ads\u00e9es de l\u2019\u00c9tat, la guerre est&nbsp;la<br>\nsan\u00adt\u00e9 de l\u2019\u00c9tat. Le mou\u00adve\u00adment anar\u00adchiste a une solide<br>\ntra\u00addi\u00adtion de r\u00e9sis\u00adtance \u00e0 la guerre et \u00e0&nbsp;la<br>\npr\u00e9\u00adpa\u00adra\u00adtion de la guerre. Quelques anar\u00adchistes ont sou\u00adte\u00adnu&nbsp;des<br>\nguerres, mais ils ont tou\u00adjours \u00e9t\u00e9 consid\u00e9r\u00e9s<br>\ncomme des ren\u00e9\u00adgats par leurs cama\u00adrades, et cette totale<br>\noppo\u00adsi\u00adtion aux guerres natio\u00adnales est un des grands facteurs<br>\nuni\u00adfi\u00adca\u00adteurs des anar\u00adchistes. Mais les anar\u00adchistes ont distingu\u00e9<br>\nles guerres natio\u00adnales\u200a\u2014\u200aentre \u00c9tats\u200a\u2014\u200ades guerres civiles<br>\u200a\u2014\u200aentre classes. Le mou\u00adve\u00adment r\u00e9vo\u00adlu\u00adtion\u00adnaire anarchiste,<br>\ndepuis la fin du XIXe si\u00e8cle, appelle \u00e0 l\u2019insurrection<br>\nvio\u00adlente pour d\u00e9truire l\u2019\u00c9tat, et les anar\u00adchistes ont<br>\npris une part active dans maints sou\u00adl\u00e8\u00adve\u00adments arm\u00e9s&nbsp;et<br>\nguerres civiles, sur\u00adtout en Rus\u00adsie et en Espagne. Tout en&nbsp;y<br>\npar\u00adti\u00adci\u00adpant, ils ne se fai\u00adsaient pas d\u2019illusions sur les chances de<br>\nd\u00e9clen\u00adcher la r\u00e9vo\u00adlu\u00adtion par ces seuls com\u00adbats.&nbsp;La<br>\nvio\u00adlence pou\u00advait \u00eatre n\u00e9ces\u00adsaire pour d\u00e9truire<br>\nl\u2019ancien sys\u00adt\u00e8me, mais elle \u00e9tait inutile et&nbsp;m\u00eame<br>\ndan\u00adge\u00adreuse pour construire un nou\u00adveau sys\u00adt\u00e8me. Une&nbsp;arm\u00e9e<br>\npopu\u00adlaire peut vaincre une classe diri\u00adgeante et d\u00e9truire un<br>\ngou\u00adver\u00adne\u00adment, mais elle ne peut aider le peuple \u00e0&nbsp;cr\u00e9er<br>\nune soci\u00e9\u00adt\u00e9 libre, et il ne sert \u00e0 rien&nbsp;de<br>\ngagner une guerre si on ne sait pas gagner la&nbsp;paix.<\/span><\/font><\/font><\/p>\n<p style=\"margin-right: 0.62cm; text-indent: 1.53cm; margin-bottom: 0cm;\" align=\"justify\">\n<font face=\"Garamond, serif\"><font style=\"font-size: 13pt;\" size=\"3\"><span lang=\"fr-FR\">Beau\u00adcoup<br>\nd\u2019anarchistes doutent en fait que la vio\u00adlence puisse jamais \u00eatre<br>\nutile. Comme l\u2019\u00c9tat, ce n\u2019est pas une force neutre dont<br>\nles effets varient selon qui l\u2019utilise, et elle n\u2019aura pas<br>\nfor\u00adc\u00e9\u00adment de bons effets sim\u00adple\u00adment parce qu\u2019elle est en&nbsp;de<br>\nbonnes mains. Bien s\u00fbr, la vio\u00adlence des oppri\u00adm\u00e9s n\u2019est<br>\npas la m\u00eame que la vio\u00adlence de l\u2019oppresseur, mais,&nbsp;m\u00eame<br>\nlorsque c\u2019est la meilleure fa\u00e7on de sor\u00adtir d\u2019une situation<br>\ninto\u00adl\u00e9\u00adrable, elle n\u2019est qu\u2019un pis-aller. C\u2019est un&nbsp;des<br>\nph\u00e9\u00adno\u00adm\u00e8nes les plus d\u00e9plai\u00adsants de la soci\u00e9t\u00e9<br>\nactuelle, et elle demeure d\u00e9plai\u00adsante m\u00eame si elle&nbsp;part<br>\nde bonnes inten\u00adtions&nbsp;; d\u2019ailleurs, elle a ten\u00addance \u00e0 d\u00e9truire<br>\nson propre but, m\u00eame dans les cir\u00adcons\u00adtances o\u00f9&nbsp;elle<br>\nsemble n\u00e9ces\u00adsaire\u200a\u2014\u200acomme dans une r\u00e9volution.<br>\nL\u2019exp\u00e9rience de l\u2019histoire montre que le suc\u00adc\u00e8s&nbsp;de<br>\nla r\u00e9vo\u00adlu\u00adtion n\u2019est pas garan\u00adti par la vio\u00adlence&nbsp;;&nbsp;au<br>\ncontraire, plus il y a de vio\u00adlence, moins il y a de r\u00e9volution.<\/span><\/font><\/font><\/p>\n<p style=\"margin-right: 0.62cm; text-indent: 1.53cm; margin-bottom: 0cm;\" align=\"justify\">\n<font face=\"Garamond, serif\"><font style=\"font-size: 13pt;\" size=\"3\"><span lang=\"fr-FR\">Tout<br>\ncela peut sem\u00adbler absurde \u00e0 qui n\u2019est pas anar\u00adchiste. L\u2019un<br>\ndes pr\u00e9\u00adju\u00adg\u00e9s les plus anciens et les plus tenaces \u00e0<br>\nl\u2019\u00e9gard des anar\u00adchistes, c\u2019est qu\u2019ils sont avant&nbsp;tout<br>\nvio\u00adlents. Le st\u00e9\u00adr\u00e9o\u00adtype de l\u2019anarchiste avec&nbsp;une<br>\nbombe sous le man\u00adteau est vieux de quatre-vingts ans, mais il&nbsp;est<br>\nencore vivace. Beau\u00adcoup d\u2019anarchistes ont&nbsp;\u00e9t\u00e9<br>\nfavo\u00adrables \u00e0 la vio\u00adlence, cer\u00adtains ont&nbsp;\u00e9t\u00e9<br>\npar\u00adti\u00adsans de l\u2019assassinat de per\u00adson\u00adna\u00adli\u00adt\u00e9s, et un&nbsp;petit<br>\nnombre a m\u00eame \u00e9t\u00e9 pour le ter\u00adro\u00adrisme dans&nbsp;la<br>\npopu\u00adla\u00adtion, pour aider \u00e0 d\u00e9truire le syst\u00e8me<br>\nactuel. C\u2019est une face sombre de l\u2019anarchisme, et il n\u2019y a&nbsp;pas<br>\n\u00e0 la nier. Mais ce n\u2019est qu\u2019un aspect de l\u2019anarchisme,<br>\net un petit aspect. La plu\u00adpart des anar\u00adchistes sont oppo\u00ads\u00e9s&nbsp;\u00e0<br>\ntoute vio\u00adlence, sauf \u00e0 celle qui est vrai\u00adment in\u00e9vitable<br>\u200a\u2014\u200ala vio\u00adlence qui sur\u00advient quand le peuple se d\u00e9bar\u00adrasse&nbsp;de<br>\nses diri\u00adgeants et de ses exploiteurs.<\/span><\/font><\/font><\/p>\n<p style=\"margin-right: 0.62cm; text-indent: 1.53cm; margin-bottom: 0cm;\" align=\"justify\">\n<font face=\"Garamond, serif\"><font style=\"font-size: 13pt;\" size=\"3\"><span lang=\"fr-FR\">Ceux<br>\nqui com\u00admettent le plus de vio\u00adlence sont ceux qui exercent l\u2019autorit\u00e9,<br>\nnon ceux qui l\u2019attaquent. Les grands lan\u00adceurs de bombes ne sont&nbsp;pas<br>\nles des\u00adpe\u00adra\u00addos tra\u00adgiques de l\u2019Europe m\u00e9ri\u00addio\u00adnale d\u2019il y&nbsp;a<br>\nun demi-si\u00e8cle, mais les engins mili\u00adtaires de tous les&nbsp;\u00c9tats<br>\ndu monde \u00e0 tra\u00advers l\u2019histoire. Aucun anar\u00adchiste ne&nbsp;peut<br>\nriva\u00adli\u00adser avec le Blitz ou la bombe ato\u00admique, aucun Rava\u00adchol&nbsp;ou<br>\nBon\u00adnot ne peut \u00eatre com\u00adpa\u00adr\u00e9 \u00e0 un Hit\u00adler ou&nbsp;\u00e0<br>\nun Sta\u00adline. Nous encou\u00adra\u00adgeons les tra\u00advailleurs \u00e0 occu\u00adper&nbsp;leurs<br>\nusines et les pay\u00adsans \u00e0 s\u2019emparer de leurs terres, et il&nbsp;se<br>\npour\u00adrait que des vitrines soient bri\u00ads\u00e9es et des barricades<br>\nconstruites, mais nous n\u2019avons pas de sol\u00addats, pas d\u2019avions, pas<br>\nde police, pas de pri\u00adsons, pas de camps, pas de pelo\u00adtons d\u2019ex\u00e9cution,<br>\npas de chambres \u00e0 gaz ni de bour\u00adreaux. Pour les anarchistes,<br>\nla vio\u00adlence est l\u2019exemple extr\u00eame de l\u2019usage du pouvoir<br>\nd\u2019une per\u00adsonne contre une autre, le paroxysme de tout ce contre<br>\nquoi nous luttons.<\/span><\/font><\/font><\/p>\n<p style=\"margin-right: 0.62cm; text-indent: 1.53cm; margin-bottom: 0cm;\" align=\"justify\">\n<font face=\"Garamond, serif\"><font style=\"font-size: 13pt;\" size=\"3\"><span lang=\"fr-FR\">Quelques<br>\nanar\u00adchistes ont m\u00eame \u00e9t\u00e9 paci\u00adfistes, bien que&nbsp;ce<br>\nne soit pas fr\u00e9\u00adquent. Beau\u00adcoup de paci\u00adfistes ont&nbsp;\u00e9t\u00e9<br>\n(ou sont deve\u00adnus) anar\u00adchistes, et les anar\u00adchistes ont eu ten\u00addance&nbsp;\u00e0<br>\nse rap\u00adpro\u00adcher du paci\u00adfisme au fur et \u00e0 mesure que le&nbsp;monde<br>\ns\u2019est rap\u00adpro\u00adch\u00e9 de la des\u00adtruc\u00adtion. Quelques-uns ont&nbsp;\u00e9t\u00e9<br>\npar\u00adti\u00adcu\u00adli\u00e8\u00adre\u00adment atti\u00adr\u00e9s par le paci\u00adfisme militant<br>\nd\u00e9fen\u00addu par Tol\u00adsto\u00ef et Gand\u00adhi et par l\u2019utilisation de<br>\nla non-vio\u00adlence comme tech\u00adnique d\u2019action directe, et un&nbsp;grand<br>\nnombre ont pris part aux mou\u00adve\u00adments contre la guerre o\u00f9&nbsp;ils<br>\nont eu par\u00adfois une cer\u00adtaine influence. Mais la plu\u00adpart&nbsp;des<br>\nanar\u00adchistes\u200a\u2014\u200am\u00eame les plus mili\u00adtants\u200a\u2014\u200atrouvent le<br>\npaci\u00adfisme trop large dans son refus de toute vio\u00adlence par tout&nbsp;homme<br>\nen toute cir\u00adcons\u00adtance, et trop \u00e9troit dans son affir\u00adma\u00adtion&nbsp;que<br>\nl\u2019\u00e9limination de la vio\u00adlence seule ren\u00addra la soci\u00e9t\u00e9<br>\ndif\u00adf\u00e9\u00adrente. L\u00e0 o\u00f9 les paci\u00adfistes voient<br>\nl\u2019autorit\u00e9 comme une ver\u00adsion affai\u00adblie de la vio\u00adlence, les<br>\nanar\u00adchistes voient la vio\u00adlence comme une mani\u00adfes\u00adta\u00adtion exacerb\u00e9e<br>\nde l\u2019autorit\u00e9. Ils sont aus\u00adsi rebu\u00adt\u00e9s par le&nbsp;c\u00f4t\u00e9<br>\nmora\u00adli\u00adsa\u00adteur du paci\u00adfisme, l\u2019asc\u00e9tisme et la droi\u00adture,&nbsp;et<br>\npar sa concep\u00adtion bien\u00adveillante du monde. R\u00e9p\u00e9tons-le,<br>\nils sont anti\u00admi\u00adli\u00adta\u00adristes mais pas n\u00e9ces\u00adsai\u00adre\u00adment pacifistes.<\/span><\/font><\/font><\/p>\n<p style=\"margin-right: 0.62cm; text-indent: 1.53cm; margin-bottom: 0cm;\" align=\"justify\">\n<font face=\"Garamond, serif\"><font style=\"font-size: 13pt;\" size=\"3\"><b><span lang=\"fr-FR\">L\u2019individu<br>\net la soci\u00e9t\u00e9<\/span><\/b><\/font><\/font><\/p>\n<p style=\"margin-right: 0.62cm; text-indent: 1.53cm; margin-bottom: 0cm;\" align=\"justify\">\n<font face=\"Garamond, serif\"><font style=\"font-size: 13pt;\" size=\"3\"><span lang=\"fr-FR\">L\u2019unit\u00e9<br>\nde base de l\u2019humanit\u00e9 est l\u2019homme, l\u2019\u00eatre humain<br>\nindi\u00advi\u00adduel. Presque tous les indi\u00advi\u00addus vivent en soci\u00e9t\u00e9,<br>\nmais la soci\u00e9\u00adt\u00e9 n\u2019est rien de plus qu\u2019une somme<br>\nd\u2019individus, et son seul but est de leur per\u00admettre une&nbsp;vie<br>\n\u00e9pa\u00adnouie. Les anar\u00adchistes ne croient pas que les hommes aient<br>\ndes droits natu\u00adrels, et cela s\u2019applique \u00e0 cha\u00adcun&nbsp;:<b> <\/b>aucun<br>\nindi\u00advi\u00addu ne peut se r\u00e9cla\u00admer d\u2019un droit pour agir ni&nbsp;pour<br>\ninter\u00addire \u00e0 un autre d\u2019agir. Il n\u2019y a pas de volont\u00e9<br>\ng\u00e9n\u00e9\u00adrale, pas de norme sociale \u00e0 laquelle on<br>\ndoive se sou\u00admettre. Nous sommes \u00e9gaux, non iden\u00adtiques. La<br>\ncom\u00adp\u00e9\u00adti\u00adtion et l\u2019entraide, l\u2019agressivit\u00e9 et&nbsp;la<br>\nten\u00addresse, l\u2019intol\u00e9rance et la tol\u00e9\u00adrance, la violence<br>\net la dou\u00adceur, l\u2019autorit\u00e9 et la r\u00e9volte sont toutes<br>\ndes formes natu\u00adrelles de com\u00adpor\u00adte\u00adment social, mais certaines<br>\nfavo\u00adrisent et d\u2019autres entravent l\u2019\u00e9panouissement de&nbsp;la<br>\nvie indi\u00advi\u00adduelle. Des anar\u00adchistes croient que le meilleur moyen&nbsp;de<br>\ngaran\u00adtir cet \u00e9pa\u00adnouis\u00adse\u00adment est d\u2019accorder une libert\u00e9<br>\n\u00e9gale \u00e0 chaque membre de la soci\u00e9t\u00e9.<\/span><\/font><\/font><\/p>\n<p style=\"margin-right: 0.62cm; text-indent: 1.53cm; margin-bottom: 0cm;\" align=\"justify\">\n<font face=\"Garamond, serif\"><font style=\"font-size: 13pt;\" size=\"3\"><span lang=\"fr-FR\">Par<br>\ncons\u00e9\u00adquent, nous n\u2019avons pas le temps de mora\u00adli\u00adser au&nbsp;sens<br>\ntra\u00addi\u00adtion\u00adnel, et nous ne nous int\u00e9\u00adres\u00adsons pas \u00e0 la&nbsp;vie<br>\npri\u00adv\u00e9e des autres. Que cha\u00adcun fasse ce qu\u2019il veut dans&nbsp;la<br>\nlimite de ses propres capa\u00adci\u00adt\u00e9s, du moment qu\u2019il laisse les<br>\nautres faire de m\u00eame. Des choses telles que l\u2019habillement,<br>\nl\u2019apparence, le lan\u00adgage, la mani\u00e8re de vivre, les relations,<br>\netc., sont mati\u00e8res \u00e0 pr\u00e9f\u00e9rences<br>\nper\u00adson\u00adnelles. De m\u00eame pour la sexua\u00adli\u00adt\u00e9. Nous sommes<br>\npour l\u2019amour libre, mais cela ne veut pas dire que nous soyons pour<br>\nla pro\u00admis\u00adcui\u00adt\u00e9 uni\u00adver\u00adselle&nbsp;; cela veut dire que tout amour&nbsp;est<br>\nlibre, sauf la pros\u00adti\u00adtu\u00adtion et le viol, et que les gens devraient<br>\n\u00eatre capables de choi\u00adsir (ou de reje\u00adter) les formes d\u2019attitude<br>\nsexuelle et les par\u00adte\u00adnaires sexuels qui leur conviennent. Une libert\u00e9<br>\nsexuelle extr\u00eame pour\u00adra conve\u00adnir \u00e0 l\u2019un et une extr\u00eame<br>\nchas\u00adte\u00adt\u00e9 \u00e0 l\u2019autre\u200a\u2014\u200abien que la plu\u00adpart&nbsp;des<br>\nanar\u00adchistes pensent que le monde serait plus vivable si on&nbsp;avait<br>\nmoins fait de tra\u00adcas et plus fait l\u2019amour. Le m\u00eame principe<br>\ns\u2019applique aux drogues&nbsp;: les gens peuvent s\u2019intoxiquer \u00e0<br>\nl\u2019alcool, \u00e0 la caf\u00e9ine, au haschich ou&nbsp;aux<br>\namph\u00e9\u00adta\u00admines, au tabac ou \u00e0 l\u2019opium, et nous n\u2019avons<br>\naucun droit de les en emp\u00ea\u00adcher, de les punir, bien qu\u2019on<br>\npuisse essayer de les aider. De m\u00eame, que cha\u00adcun adore&nbsp;\u00e0<br>\nsa fa\u00e7on, tant qu\u2019il laisse les autres pra\u00adti\u00adquer le&nbsp;culte<br>\nqui leur convient ou n\u2019en point pra\u00adti\u00adquer du tout. Tant pis&nbsp;pour<br>\nles offus\u00adqu\u00e9s&nbsp;; ce qui importe, c\u2019est de ne pas bles\u00adser.&nbsp;Il<br>\nn\u2019y a pas besoin de s\u2019inqui\u00e9ter des diff\u00e9rences<br>\nd\u2019attitude per\u00adson\u00adnelle&nbsp;; ce dont il faut s\u2019inqui\u00e9ter, c\u2019est<br>\nde la gros\u00adsi\u00e8re injus\u00adtice de la soci\u00e9t\u00e9<br>\nautoritaire.<\/span><\/font><\/font><\/p>\n<p style=\"margin-right: 0.62cm; text-indent: 1.53cm; margin-bottom: 0cm;\" align=\"justify\">\n<font face=\"Garamond, serif\"><font style=\"font-size: 13pt;\" size=\"3\"><span lang=\"fr-FR\">L\u2019ennemi<br>\nprin\u00adci\u00adpal du libre indi\u00advi\u00addu est le pou\u00advoir \u00e9cra\u00adsant de l\u2019\u00c9tat,<br>\nmais les anar\u00adchistes sont aus\u00adsi oppo\u00ads\u00e9s \u00e0 tout&nbsp;autre<br>\nforme d\u2019autorit\u00e9 qui limite la liber\u00adt\u00e9\u200a\u2014\u200adans&nbsp;la<br>\nfamille, \u00e0 l\u2019\u00e9cole, au tra\u00advail, dans le voisinage&nbsp;\u2014<br>\net \u00e0 toute ten\u00adta\u00adtive de stan\u00addar\u00addi\u00adser l\u2019individu. Cependant,<br>\navant d\u2019examiner com\u00adment la soci\u00e9\u00adt\u00e9 peut&nbsp;\u00eatre<br>\norga\u00adni\u00ads\u00e9e pour don\u00adner le maxi\u00admum de liber\u00adt\u00e9&nbsp;\u00e0<br>\nses membres, il nous faut d\u00e9crire les diff\u00e9rentes<br>\nformes qu\u2019a prises l\u2019anarchisme selon les concep\u00adtions&nbsp;des<br>\nrela\u00adtions entre l\u2019individu et la soci\u00e9t\u00e9.<\/span><\/font><\/font><\/p>\n<p style=\"margin-right: 0.62cm; text-indent: 1.53cm; margin-bottom: 0cm;\" align=\"justify\">\n<font face=\"Garamond, serif\"><font style=\"font-size: 13pt;\" size=\"3\"><span lang=\"fr-FR\"><b><strong><em>Les<br>\ndivers cou\u00adrants<\/em><\/strong><\/b> <b>de l\u2019anarchisme<\/b><\/span><\/font><\/font><\/p>\n<p style=\"margin-right: 0.62cm; text-indent: 1.53cm; margin-bottom: 0cm;\" align=\"justify\">\n<font face=\"Garamond, serif\"><font style=\"font-size: 13pt;\" size=\"3\"><span lang=\"fr-FR\">Les<br>\nanar\u00adchistes sont c\u00e9l\u00e8bres pour leurs d\u00e9saccords,<br>\net en l\u2019absence de chefs et de fonc\u00adtion\u00adnaires, de hi\u00e9rarchies<br>\net d\u2019orthodoxies, de puni\u00adtions et de r\u00e9com\u00adpenses, de<br>\npoli\u00adtiques et de pro\u00adgrammes, il est nor\u00admal que des gens dont&nbsp;le<br>\nprin\u00adcipe de base est le refus d\u2019autorit\u00e9 tendent<br>\nper\u00adp\u00e9\u00adtuel\u00adle\u00adment \u00e0 diver\u00adger d\u2019opinion. N\u00e9anmoins,<br>\nil y a plu\u00adsieurs types bien \u00e9ta\u00adblis d\u2019anarchismes parmi<br>\nles\u00adquels la plu\u00adpart des anar\u00adchistes ont choi\u00adsi celui qui exprime le<br>\nmieux leurs vues personnelles.<\/span><\/font><\/font><\/p>\n<p style=\"margin-right: 0.62cm; text-indent: 1.53cm; margin-bottom: 0cm;\" align=\"justify\">\n<font face=\"Garamond, serif\"><font style=\"font-size: 13pt;\" size=\"3\"><b><span lang=\"fr-FR\">L\u2019anarchisme<br>\nphilosophique<\/span><\/b><\/font><\/font><\/p>\n<p style=\"margin-right: 0.62cm; text-indent: 1.53cm; margin-bottom: 0cm;\" align=\"justify\">\n<font face=\"Garamond, serif\"><font style=\"font-size: 13pt;\" size=\"3\"><span lang=\"fr-FR\">A<br>\nl\u2019origine, l\u2019anarchisme \u00e9tait ce qu\u2019on appelle<br>\nmain\u00adte\u00adnant l\u2019anarchisme phi\u00adlo\u00adso\u00adphique. C\u2019est l\u2019id\u00e9e<br>\nqu\u2019une soci\u00e9\u00adt\u00e9 sans gou\u00adver\u00adne\u00adment est belle, mais&nbsp;pas<br>\nvrai\u00adment d\u00e9si\u00adrable, ou plu\u00adt\u00f4t d\u00e9si\u00adrable, mais&nbsp;pas<br>\nvrai\u00adment pos\u00adsible, du moins pas encore. Une telle atti\u00adtude domine<br>\ndans tous les \u00e9crits anar\u00adchistes d\u2019avant 1840, et cela&nbsp;a<br>\nemp\u00ea\u00adch\u00e9 les mou\u00adve\u00adments popu\u00adlaires anar\u00adchiques de devenir<br>\nune menace plus s\u00e9rieuse pour les gou\u00adver\u00adne\u00adments. C\u2019est&nbsp;une<br>\natti\u00adtude que l\u2019on trouve encore chez ceux qui se disent anarchistes<br>\nmais res\u00adtent \u00e0 l\u2019\u00e9cart de tout mou\u00adve\u00adment organis\u00e9,<br>\net aus\u00adsi chez quelques per\u00adsonnes au sein du mou\u00adve\u00adment anarchiste.<br>\nTr\u00e8s sou\u00advent, cela semble \u00eatre une atti\u00adtude inconsciente<br>\nde croire que l\u2019anarchisme, comme le Royaume de Dieu, est en&nbsp;vous.<br>\nCela se r\u00e9v\u00e8le t\u00f4t ou tard par des phrases comme&nbsp;:<b><br>\n\u00ab&nbsp;<\/b>Bien s\u00fbr, je suis anar\u00adchiste, mais\u2026\u00bb<\/span><\/font><\/font><\/p>\n<p style=\"margin-right: 0.62cm; text-indent: 1.53cm; margin-bottom: 0cm;\" align=\"justify\">\n<font face=\"Garamond, serif\"><font style=\"font-size: 13pt;\" size=\"3\"><span lang=\"fr-FR\">Les<br>\nanar\u00adchistes mili\u00adtants ont ten\u00addance \u00e0 d\u00e9dai\u00adgner&nbsp;les<br>\nanar\u00adchistes phi\u00adlo\u00adso\u00adphiques, et c\u2019est com\u00adpr\u00e9\u00adhen\u00adsible, bien<br>\nque regret\u00adtable. Tant que l\u2019anarchisme reste un mouvement<br>\nmino\u00adri\u00adtaire, un sen\u00adti\u00adment d\u2019ensemble favo\u00adrable aux&nbsp;id\u00e9es<br>\nanar\u00adchistes, m\u00eame vague, cr\u00e9e un cli\u00admat qui fait&nbsp;que<br>\nl\u2019on \u00e9coute la pro\u00adpa\u00adgande et que le mou\u00adve\u00adment peut&nbsp;se<br>\nd\u00e9ve\u00adlop\u00adper. D\u2019un autre c\u00f4t\u00e9, l\u2019adh\u00e9sion<br>\n\u00e0 l\u2019anarchisme phi\u00adlo\u00adso\u00adphique peut aller \u00e0 l\u2019encontre<br>\nd\u2019une appr\u00e9\u00adcia\u00adtion de l\u2019anarchisme v\u00e9ri\u00adtable&nbsp;;&nbsp;mais<br>\nc\u2019est au moins pr\u00e9\u00adf\u00e9\u00adrable \u00e0 l\u2019indiff\u00e9rence<br>\ntotale. Comme les anar\u00adchistes phi\u00adlo\u00adso\u00adphiques, il y a beau\u00adcoup de&nbsp;gens<br>\nproches de nous mais qui refusent l\u2019\u00e9tiquette d\u2019anarchistes,<br>\net d\u2019autres qui refusent toute \u00e9ti\u00adquette. Eux tous ont&nbsp;un<br>\nr\u00f4le \u00e0 jouer, ne serait-ce que pour four\u00adnir une audience<br>\nfavo\u00adrable et pour tra\u00advailler \u00e0 la liber\u00adt\u00e9 dans leur&nbsp;vie<br>\npriv\u00e9e.<\/span><\/font><\/font><\/p>\n<p style=\"margin-right: 0.62cm; text-indent: 1.53cm; margin-bottom: 0cm;\" align=\"justify\">\n<font face=\"Garamond, serif\"><font style=\"font-size: 13pt;\" size=\"3\"><b><span lang=\"fr-FR\">Indi\u00advi\u00addua\u00adlisme,<br>\n\u00e9go\u00efsme, cou\u00adrant libertaire<\/span><\/b><\/font><\/font><\/p>\n<p style=\"margin-right: 0.62cm; text-indent: 1.53cm; margin-bottom: 0cm;\" align=\"justify\">\n<font face=\"Garamond, serif\"><font style=\"font-size: 13pt;\" size=\"3\"><span lang=\"fr-FR\">Le<br>\npre\u00admier type d\u2019anarchisme qui fut plus que sim\u00adple\u00adment philosophique<br>\nfut l\u2019individualisme. C\u2019est l\u2019id\u00e9e que la soci\u00e9t\u00e9<br>\nn\u2019est pas un orga\u00adnisme mais une col\u00adlec\u00adtion d\u2019individualit\u00e9s<br>\nauto\u00adnomes, qui n\u2019ont aucune obli\u00adga\u00adtion envers la soci\u00e9t\u00e9<br>\nmais seule\u00adment les unes envers les autres. Cette optique existait<br>\nbien avant qu\u2019il y ait quoi que ce soit comme l\u2019anarchisme, et<br>\nelle a conti\u00adnu\u00e9 d\u2019exister ind\u00e9\u00adpen\u00addam\u00adment de lui.&nbsp;Mais<br>\nl\u2019individualisme tend tou\u00adjours \u00e0 sup\u00adpo\u00adser que les individus<br>\nqui forment la soci\u00e9\u00adt\u00e9 doivent \u00eatre libres et<br>\n\u00e9gaux, et qu\u2019ils peuvent le deve\u00adnir seule\u00adment par un effort<br>\nper\u00adson\u00adnel et non par l\u2019action d\u2019institutions ext\u00e9rieures&nbsp;;<br>\net tout d\u00e9ve\u00adlop\u00adpe\u00adment de cette atti\u00adtude tend \u00e9videmment<br>\n\u00e0 faire pas\u00adser l\u2019individualisme pur vers l\u2019anarchisme<br>\nvrai.<\/span><\/font><\/font><\/p>\n<p style=\"margin-right: 0.62cm; text-indent: 1.53cm; margin-bottom: 0cm;\" align=\"justify\">\n<font face=\"Garamond, serif\"><font style=\"font-size: 13pt;\" size=\"3\"><span lang=\"fr-FR\">La<br>\npre\u00admi\u00e8re per\u00adsonne \u00e0 \u00e9la\u00adbo\u00adrer une th\u00e9orie<br>\nclai\u00adre\u00adment anar\u00adchiste fut un indi\u00advi\u00addua\u00adliste&nbsp;: William God\u00adwin, dans <i>An<br>\nEnqui\u00adry concer\u00adning Poli\u00adti\u00adcal Jus\u00adtice<\/i> (Recherche sur la justice<br>\npoli\u00adtique), 1793. En r\u00e9ac\u00adtion contre les par\u00adti\u00adsans et&nbsp;les<br>\nadver\u00adsaires de la R\u00e9vo\u00adlu\u00adtion fran\u00ad\u00e7aise, il pos\u00adtu\u00adla&nbsp;une<br>\nsoci\u00e9\u00adt\u00e9 sans gou\u00adver\u00adne\u00adment et avec le minimum<br>\nd\u2019organisation pos\u00adsible, dans laquelle les indi\u00advi\u00addus souverains<br>\ndevraient se gar\u00adder de toute forme d\u2019association per\u00adma\u00adnente&nbsp;; malgr\u00e9<br>\nde nom\u00adbreuses variantes, c\u2019est encore la base de l\u2019anarchisme<br>\nindi\u00advi\u00addua\u00adliste. C\u2019est l\u2019anarchisme des intel\u00adlec\u00adtuels, des<br>\nartistes et des non-confor\u00admistes, des gens qui tra\u00advaillent seuls&nbsp;et<br>\npr\u00e9\u00adf\u00e8rent res\u00adter \u00e0 l\u2019\u00e9cart. Depuis<br>\nl\u2019\u00e9poque de God\u00adwin, il en a s\u00e9duit plu\u00adsieurs, en<br>\nAngle\u00adterre et en Am\u00e9\u00adrique du Nord, par exemple des<br>\nper\u00adson\u00adna\u00adli\u00adt\u00e9s comme Shel\u00adley et Wilde, Emer\u00adson et Thoreau,<br>\nAugus\u00adtus John et Her\u00adbert Read. Ils peuvent se don\u00adner une&nbsp;autre<br>\n\u00e9ti\u00adquette, mais on sent tou\u00adjours l\u2019individualisme chez&nbsp;eux.<\/span><\/font><\/font><\/p>\n<p style=\"margin-right: 0.62cm; text-indent: 1.53cm; margin-bottom: 0cm;\" align=\"justify\">\n<font face=\"Garamond, serif\"><font style=\"font-size: 13pt;\" size=\"3\"><span lang=\"fr-FR\">Cela<br>\nnous \u00e9gare peut-\u00eatre un peu de limi\u00adter l\u2019individualisme<br>\n\u00e0 une sorte d\u2019anarchisme&nbsp;; l\u2019individualisme a eu&nbsp;une<br>\ninfluence pro\u00adfonde sur tout le mou\u00adve\u00adment anar\u00adchiste, et si on observe<br>\nles anar\u00adchistes on voit que c\u2019est encore une par\u00adtie essen\u00adtielle de<br>\nleur id\u00e9o\u00adlo\u00adgie, ou du moins de leur moti\u00adva\u00adtion.&nbsp;Les<br>\nindi\u00advi\u00addua\u00adlistes sont, pour\u00adrait-on dire, les anar\u00adchistes de base,&nbsp;qui<br>\nsou\u00adhaitent sim\u00adple\u00adment d\u00e9truire l\u2019autorit\u00e9 et&nbsp;ne<br>\nvoient pas la n\u00e9ces\u00adsi\u00adt\u00e9 de mettre quoi que ce soit&nbsp;\u00e0<br>\nla place. C\u2019est un point de vue valable jusqu\u2019\u00e0 un certain<br>\npoint, mais il ne va pas assez loin pour affron\u00adter les probl\u00e8mes<br>\nr\u00e9els de la soci\u00e9\u00adt\u00e9, qui a s\u00fbre\u00adment&nbsp;plus<br>\nbesoin d\u2019action sociale que per\u00adson\u00adnelle. Seuls, nous pou\u00advons&nbsp;nous<br>\nsau\u00adver nous-m\u00eames, mais nous ne pou\u00advons rien pour les autres.<\/span><\/font><\/font><\/p>\n<p style=\"margin-right: 0.62cm; text-indent: 1.53cm; margin-bottom: 0cm;\" align=\"justify\">\n<font face=\"Garamond, serif\"><font style=\"font-size: 13pt;\" size=\"3\"><span lang=\"fr-FR\">Une<br>\nforme plus extr\u00eame de l\u2019individualisme est l\u2019\u00e9go\u00efsme,<br>\nsur\u00adtout sous la forme expri\u00adm\u00e9e par Max Stir\u00adner dans <i>Der<br>\nEin\u00adzige und sein Eigen\u00adtum<\/i> (L\u2019Unique et sa propri\u00e9t\u00e9),<br>\n1845. Comme Marx ou Freud, il est dif\u00adfi\u00adcile d\u2019interpr\u00e9ter<br>\nStir\u00adner sans irri\u00adter ses dis\u00adciples, mais on peut quand&nbsp;m\u00eame<br>\ndire que son \u00e9go\u00efsme dif\u00adf\u00e8re de l\u2019individualisme<br>\nen g\u00e9n\u00e9\u00adral, parce qu\u2019il rejette des abstractions<br>\ntelles que la mora\u00adli\u00adt\u00e9, la jus\u00adtice, l\u2019obligation, la raison,<br>\nle devoir, au pro\u00adfit d\u2019une recon\u00adnais\u00adsance intui\u00adtive de l\u2019existence<br>\nunique de chaque indi\u00advi\u00addu. Il refuse \u00e9vi\u00addem\u00adment l\u2019\u00c9tat,<br>\nmais il refuse \u00e9ga\u00adle\u00adment la soci\u00e9\u00adt\u00e9 et tend&nbsp;vers<br>\nle nihi\u00adlisme (l\u2019id\u00e9e que rien n\u2019a d\u2019importance) et&nbsp;le<br>\nsolip\u00adsisme (l\u2019id\u00e9e que seul soi-m\u00eame existe). Ceci&nbsp;est<br>\nde toute \u00e9vi\u00addence anar\u00adchiste, mais de fa\u00e7on plut\u00f4t<br>\nimpro\u00adduc\u00adtive puisque toute forme d\u2019organisation visant au&nbsp;del\u00e0<br>\nd\u2019une \u00e9ph\u00e9\u00adm\u00e8re \u00ab&nbsp;union d\u2019\u00e9go\u00efstes&nbsp;\u00bb<br>\nest consi\u00add\u00e9\u00adr\u00e9e comme la source d\u2019une nouvelle<br>\noppres\u00adsion. C\u2019est l\u2019anarchisme des po\u00e8tes et&nbsp;des<br>\nvaga\u00adbonds, de ceux qui veulent une solu\u00adtion abso\u00adlue et refusent tout<br>\ncom\u00adpro\u00admis. C\u2019est l\u2019anarchie ici et main\u00adte\u00adnant, sinon dans&nbsp;le<br>\nmonde, du moins dans notre propre vie.<\/span><\/font><\/font><\/p>\n<p style=\"margin-right: 0.62cm; text-indent: 1.53cm; margin-bottom: 0cm;\" align=\"justify\">\n<font face=\"Garamond, serif\"><font style=\"font-size: 13pt;\" size=\"3\"><span lang=\"fr-FR\">Une<br>\nten\u00addance plus mod\u00e9\u00adr\u00e9e qui d\u00e9rive de<br>\nl\u2019individualisme est le cou\u00adrant liber\u00adtaire. Dans son sens le&nbsp;plus<br>\nsimple, cela signi\u00adfie que la liber\u00adt\u00e9 est une bonne chose&nbsp;;&nbsp;dans<br>\nun sens plus strict, c\u2019est l\u2019id\u00e9e que la libert\u00e9,<br>\nest le but poli\u00adtique le plus impor\u00adtant. Ain\u00adsi le \u00ab&nbsp;libertarisme&nbsp;\u00bb<br>\nn\u2019est pas tant un type sp\u00e9\u00adci\u00adfique d\u2019anarchisme qu\u2019une<br>\nforme tem\u00adp\u00e9\u00adr\u00e9e de celui-ci, un pre\u00admier pas. On emploie<br>\npar\u00adfois ce terme comme syno\u00adnyme ou euph\u00e9\u00admisme&nbsp;pour<br>\nl\u2019anarchisme en g\u00e9n\u00e9\u00adral, lorsqu\u2019il y a quelque<br>\nrai\u00adson d\u2019\u00e9viter un mot trop lourd d\u2019\u00e9motivit\u00e9&nbsp;;<br>\nmais plus sou\u00advent il signi\u00adfie la recon\u00adnais\u00adsance d\u2019id\u00e9es<br>\nanar\u00adchistes dans un domaine par\u00adti\u00adcu\u00adlier, sans que cela implique<br>\nl\u2019acceptation com\u00adpl\u00e8te de l\u2019anarchisme. Les<br>\nindi\u00advi\u00addua\u00adlistes sont liber\u00adtaires par d\u00e9fi\u00adni\u00adtion, mais&nbsp;les<br>\nsocia\u00adlistes liber\u00adtaires ou les com\u00admu\u00adnistes liber\u00adtaires sont ceux&nbsp;qui<br>\napportent au socia\u00adlisme ou au com\u00admu\u00adnisme la recon\u00adnais\u00adsance de&nbsp;la<br>\nvaleur essen\u00adtielle de l\u2019individu.<\/span><\/font><\/font><\/p>\n<p style=\"margin-right: 0.62cm; text-indent: 1.53cm; margin-bottom: 0cm;\" align=\"justify\" lang=\"fr-FR\">\n<font face=\"Garamond, serif\"><font style=\"font-size: 13pt;\" size=\"3\"><b>Mutuel\u00adlisme<br>\net f\u00e9d\u00e9ralisme<\/b><\/font><\/font><\/p>\n<p style=\"margin-right: 0.62cm; text-indent: 1.53cm; margin-bottom: 0cm;\" align=\"justify\">\n<font face=\"Garamond, serif\"><font style=\"font-size: 13pt;\" size=\"3\"><span lang=\"fr-FR\">Le<br>\ntype d\u2019anarchisme qui appa\u00adra\u00eet quand des individualistes<br>\nmettent leurs id\u00e9es en pra\u00adtique est le mutuel\u00adlisme. C\u2019est<br>\nl\u2019id\u00e9e que, au lieu de s\u2019en remettre \u00e0 l\u2019\u00c9tat,<br>\nla soci\u00e9\u00adt\u00e9 devrait \u00eatre orga\u00adni\u00ads\u00e9e par&nbsp;des<br>\nindi\u00advi\u00addus qui conclu\u00adraient entre eux des accords volon\u00adtaires sur&nbsp;une<br>\nbase d\u2019\u00e9galit\u00e9 et de r\u00e9ci\u00adpro\u00adci\u00adt\u00e9.&nbsp;Le<br>\nmutuel\u00adlisme est un aspect de toute asso\u00adcia\u00adtion qui est&nbsp;plus<br>\nqu\u2019instinctive et moins qu\u2019officielle, et il n\u2019est&nbsp;pas<br>\nn\u00e9ces\u00adsai\u00adre\u00adment anar\u00adchiste&nbsp;; mais il a&nbsp;\u00e9t\u00e9<br>\nhis\u00adto\u00adri\u00adque\u00adment impor\u00adtant pour le d\u00e9ve\u00adlop\u00adpe\u00adment&nbsp;de<br>\nl\u2019anarchisme, et presque toutes les pro\u00adpo\u00adsi\u00adtions anar\u00adchistes visant<br>\n\u00e0 la r\u00e9or\u00adga\u00adni\u00adsa\u00adtion de la soci\u00e9\u00adt\u00e9 ont&nbsp;\u00e9t\u00e9<br>\nessen\u00adtiel\u00adle\u00adment mutuellistes.<\/span><\/font><\/font><\/p>\n<p style=\"margin-right: 0.62cm; text-indent: 1.53cm; margin-bottom: 0cm;\" align=\"justify\">\n<font face=\"Garamond, serif\"><font style=\"font-size: 13pt;\" size=\"3\"><span lang=\"fr-FR\">Le<br>\npre\u00admier qui se nom\u00adma d\u00e9li\u00adb\u00e9\u00adr\u00e9\u00adment anarchiste<br>\n\u00e9tait mutuel\u00adliste<b>&nbsp;: <\/b>Pierre-Joseph Prou\u00addhon,&nbsp;dans<br>\n<i>Qu\u2019est-ce que la pro\u00adpri\u00e9\u00adt\u00e9?,<\/i> 1840. En r\u00e9action<br>\ncontre les socia\u00adlistes uto\u00adpiques et r\u00e9vo\u00adlu\u00adtion\u00adnaires du&nbsp;XIXe<br>\nsi\u00e8cle, il pos\u00adtu\u00adla une soci\u00e9\u00adt\u00e9 compos\u00e9e<br>\nde groupes coop\u00e9\u00adra\u00adtifs d\u2019individus libres, \u00e9changeant<br>\nles pro\u00adduits indis\u00adpen\u00adsables \u00e0 la vie sur la base de la valeur<br>\ndu tra\u00advail, et per\u00admet\u00adtant le cr\u00e9\u00addit gra\u00adtuit gr\u00e2ce&nbsp;\u00e0<br>\nune Banque du peuple. C\u2019est l\u2019anarchisme des arti\u00adsans, des petits<br>\npro\u00adpri\u00e9\u00adtaires et petits com\u00admer\u00ad\u00e7ants, de ceux&nbsp;qui<br>\nexercent des pro\u00adfes\u00adsions lib\u00e9\u00adrales et des sp\u00e9cialistes,<br>\ndes gens qui tiennent \u00e0 leur ind\u00e9\u00adpen\u00addance. Malgr\u00e9<br>\nses contra\u00addic\u00adteurs, Prou\u00addhon eut de nom\u00adbreux dis\u00adciples, sur\u00adtout&nbsp;parmi<br>\nles ouvriers qua\u00adli\u00adfi\u00e9s et les petits bour\u00adgeois, et&nbsp;son<br>\ninfluence fut consi\u00add\u00e9\u00adrable en France pen\u00addant la deuxi\u00e8me<br>\nmoi\u00adti\u00e9 du XIXe si\u00e8cle&nbsp;; le mutuel\u00adlisme eut aus\u00adsi&nbsp;un<br>\nattrait par\u00adti\u00adcu\u00adlier en Am\u00e9\u00adrique du Nord. Il fut repris plus<br>\ntard par des gens qui vou\u00adlaient ins\u00adtau\u00adrer une r\u00e9forme<br>\nmon\u00e9\u00adtaire ou des com\u00admu\u00adnau\u00adt\u00e9s auto\u00adnomes\u200a\u2014\u200amesures qui<br>\npro\u00admettent des r\u00e9sul\u00adtats rapides mais qui ne changent pas&nbsp;la<br>\nstruc\u00adture fon\u00adda\u00admen\u00adtale de la soci\u00e9\u00adt\u00e9. C\u2019est un&nbsp;point<br>\nde vue valable jusqu\u2019\u00e0 un cer\u00adtain point, mais il ne va&nbsp;pas<br>\nassez loin pour trai\u00adter des pro\u00adbl\u00e8mes de l\u2019industrie et&nbsp;du<br>\ncapi\u00adtal, du sys\u00adt\u00e8me de classes qui les domine ni\u200a\u2014\u200apar<br>\ndes\u00adsus tout\u200a\u2014\u200ade l\u2019\u00c9tat.<\/span><\/font><\/font><\/p>\n<p style=\"margin-right: 0.62cm; text-indent: 1.53cm; margin-bottom: 0cm;\" align=\"justify\">\n<font face=\"Garamond, serif\"><font style=\"font-size: 13pt;\" size=\"3\"><span lang=\"fr-FR\">Le<br>\nmutuel\u00adlisme est bien s\u00fbr le prin\u00adcipe du mou\u00adve\u00adment coop\u00e9ratif,<br>\nmais les soci\u00e9\u00adt\u00e9s coop\u00e9\u00adra\u00adtives suivent des<br>\nr\u00e8gles plu\u00adt\u00f4t d\u00e9mo\u00adcra\u00adtiques qu\u2019anarchistes. Une<br>\nsoci\u00e9\u00adt\u00e9 orga\u00adni\u00ads\u00e9e selon le prin\u00adcipe&nbsp;de<br>\nl\u2019anarchisme mutuel\u00adliste serait une soci\u00e9\u00adt\u00e9&nbsp;dans<br>\nlaquelle les acti\u00advi\u00adt\u00e9s com\u00admu\u00adnales seraient aux mains&nbsp;de<br>\nsoci\u00e9\u00adt\u00e9s coop\u00e9\u00adra\u00adtives sans direc\u00adteurs permanents<br>\nni admi\u00adnis\u00adtra\u00adteurs \u00e9lus. Le mutuel\u00adlisme \u00e9co\u00adno\u00admique&nbsp;peut<br>\nain\u00adsi \u00eatre consi\u00add\u00e9\u00adr\u00e9 comme un coop\u00e9ratisme<br>\nmoins la bureau\u00adcra\u00adtie, ou un capi\u00adta\u00adlisme moins le profit.<\/span><\/font><\/font><\/p>\n<p style=\"margin-right: 0.62cm; text-indent: 1.53cm; margin-bottom: 0cm;\" align=\"justify\">\n<font face=\"Garamond, serif\"><font style=\"font-size: 13pt;\" size=\"3\"><span lang=\"fr-FR\">Sur<br>\nle plan g\u00e9o\u00adgra\u00adphique plu\u00adt\u00f4t qu\u2019\u00e9conomique, le<br>\nmutuel\u00adlisme devient le f\u00e9d\u00e9\u00adra\u00adlisme. C\u2019est l\u2019id\u00e9e<br>\nque la soci\u00e9\u00adt\u00e9, dans un sens plus large que&nbsp;la<br>\ncom\u00admu\u00adnau\u00adt\u00e9 locale, devrait \u00eatre coor\u00addon\u00adn\u00e9e par&nbsp;un<br>\nr\u00e9seau de conseils cou\u00advrant de plus grandes zones. Le&nbsp;trait<br>\nessen\u00adtiel de l\u2019anarchisme f\u00e9d\u00e9\u00adra\u00adliste est que&nbsp;les<br>\nmembres de tels conseils seraient d\u00e9l\u00e9\u00adgu\u00e9s&nbsp;sans<br>\naucune auto\u00adri\u00adt\u00e9 ex\u00e9\u00adcu\u00adtive, imm\u00e9diatement<br>\nr\u00e9vo\u00adcables, et que les conseils n\u2019auraient aucun pouvoir<br>\ncen\u00adtral mais seule\u00adment un simple secr\u00e9\u00adta\u00adriat. Proudhon,<br>\npre\u00admier th\u00e9o\u00adri\u00adcien du mutuel\u00adlisme, fut aus\u00adsi le premier<br>\nth\u00e9o\u00adri\u00adcien du f\u00e9d\u00e9\u00adra\u00adlisme\u200a\u2014\u200adans <i>Du<br>\nprin\u00adcipe f\u00e9d\u00e9\u00adra\u00adtif\u2026,<\/i> 1863\u200a\u2014\u200aet ses disciples<br>\nfurent appe\u00adl\u00e9s f\u00e9d\u00e9\u00adra\u00adlistes aus\u00adsi bien&nbsp;que<br>\nmutuel\u00adlistes, sur\u00adtout ceux qui par\u00adti\u00adci\u00adp\u00e8rent acti\u00adve\u00adment&nbsp;au<br>\nmou\u00adve\u00adment ouvrier&nbsp;; ain\u00adsi de ceux qui, au d\u00e9but de la Premi\u00e8re<br>\nInter\u00adna\u00adtio\u00adnale et lors de la Com\u00admune de Paris, devan\u00adc\u00e8rent les<br>\nid\u00e9es du mou\u00adve\u00adment anar\u00adchiste moderne, la plu\u00adpart se disaient<br>\nf\u00e9d\u00e9ralistes.<\/span><\/font><\/font><\/p>\n<p style=\"margin-right: 0.62cm; text-indent: 1.53cm; margin-bottom: 0cm;\" align=\"justify\">\n<font face=\"Garamond, serif\"><font style=\"font-size: 13pt;\" size=\"3\"><span lang=\"fr-FR\">Le<br>\nf\u00e9d\u00e9\u00adra\u00adlisme n\u2019est pas tant un type d\u2019anarchisme<br>\nqu\u2019une par\u00adtie in\u00e9vi\u00adtable de l\u2019anarchisme. Virtuellement,<br>\ntous les anar\u00adchistes sont f\u00e9d\u00e9\u00adra\u00adlistes, mais aucun&nbsp;ne<br>\nse d\u00e9fi\u00adnit comme uni\u00adque\u00adment f\u00e9d\u00e9\u00adra\u00adliste. Apr\u00e8s<br>\ntout, le f\u00e9d\u00e9\u00adra\u00adlisme est un prin\u00adcipe com\u00admun qui n\u2019est<br>\nd\u2019aucune fa\u00e7on exclu\u00adsi\u00adve\u00adment anar\u00adchiste. Il ne com\u00adporte&nbsp;rien<br>\nd\u2019utopique. Les sys\u00adt\u00e8mes inter\u00adna\u00adtio\u00adnaux de coor\u00addi\u00adna\u00adtion&nbsp;des<br>\nche\u00admins de fer, de la navi\u00adga\u00adtion, des liai\u00adsons a\u00e9riennes, des<br>\nser\u00advices pos\u00adtaux, du t\u00e9l\u00e9\u00adgraphe et du t\u00e9l\u00e9phone,<br>\nla recherche scien\u00adti\u00adfique, les cam\u00adpagnes contre la faim ou contre les<br>\nsinistres, et beau\u00adcoup d\u2019autres acti\u00advi\u00adt\u00e9s \u00e0 l\u2019\u00e9chelle<br>\nmon\u00addiale sont essen\u00adtiel\u00adle\u00adment de struc\u00adture f\u00e9d\u00e9raliste.<br>\nLes anar\u00adchistes ajoutent sim\u00adple\u00adment que de tels syst\u00e8mes<br>\nmar\u00adche\u00adraient tout aus\u00adsi bien \u00e0 l\u2019int\u00e9rieur d\u2019un<br>\npays qu\u2019entre dif\u00adf\u00e9\u00adrents pays. D\u2019ailleurs, c\u2019est&nbsp;d\u00e9j\u00e0<br>\nvrai de l\u2019\u00e9norme quan\u00adti\u00adt\u00e9 de soci\u00e9t\u00e9s,<br>\nd\u2019associations et d\u2019organisations volon\u00adtaires de toutes sortes<br>\nqui tiennent en main la par\u00adtie des acti\u00advi\u00adt\u00e9s sociales qui&nbsp;ne<br>\nsont pas ren\u00adtables sur le plan finan\u00adcier ou politique.<\/span><\/font><\/font><\/p>\n<p style=\"margin-right: 0.62cm; text-indent: 1.53cm; margin-bottom: 0cm;\" align=\"justify\" lang=\"fr-FR\">\n<font face=\"Garamond, serif\"><font style=\"font-size: 13pt;\" size=\"3\"><b>Col\u00adlec\u00adti\u00advisme,<br>\ncom\u00admu\u00adnisme, syndicalisme<\/b><\/font><\/font><\/p>\n<p style=\"margin-right: 0.62cm; text-indent: 1.53cm; margin-bottom: 0cm;\" align=\"justify\">\n<font face=\"Garamond, serif\"><font style=\"font-size: 13pt;\" size=\"3\"><span lang=\"fr-FR\">Le<br>\ntype d\u2019anarchisme qui va plus loin que l\u2019individualisme ou&nbsp;le<br>\nmutuel\u00adlisme et qui com\u00adporte une menace directe pour le syst\u00e8me<br>\nde classes et pour l\u2019\u00c9tat est ce que l\u2019on appelait<br>\nautre\u00adfois le col\u00adlec\u00adti\u00advisme. C\u2019est l\u2019id\u00e9e que la soci\u00e9t\u00e9<br>\nne pour\u00adra \u00eatre recons\u00adtruite que lorsque la classe ouvri\u00e8re<br>\naura pris le contr\u00f4le de l\u2019\u00e9conomie par une r\u00e9volution<br>\nsociale, aura d\u00e9truit l\u2019appareil de l\u2019\u00c9tat et<br>\nr\u00e9or\u00adga\u00adni\u00ads\u00e9 la pro\u00adduc\u00adtion sur la base de la propri\u00e9t\u00e9<br>\ncol\u00adlec\u00adtive contr\u00f4\u00adl\u00e9e par les asso\u00adcia\u00adtions&nbsp;de<br>\ntra\u00advailleurs. Les ins\u00adtru\u00adments de tra\u00advail seront propri\u00e9t\u00e9<br>\ncol\u00adlec\u00adtive, mais les pro\u00adduits du tra\u00advail seront distribu\u00e9s<br>\nselon la for\u00admule&nbsp;: \u00ab&nbsp;De cha\u00adcun selon ses moyens \u00e0 chacun<br>\nselon son travail&nbsp;\u00bb.<\/span><\/font><\/font><\/p>\n<p style=\"margin-right: 0.62cm; text-indent: 1.53cm; margin-bottom: 0cm;\" align=\"justify\">\n<font face=\"Garamond, serif\"><font style=\"font-size: 13pt;\" size=\"3\"><span lang=\"fr-FR\">Les<br>\npre\u00admiers anar\u00adchistes modernes\u200a\u2014\u200ales bakou\u00adni\u00adnistes de la Premi\u00e8re<br>\nInter\u00adna\u00adtio\u00adnale\u200a\u2014\u200a\u00e9taient col\u00adlec\u00adti\u00advistes. En r\u00e9action<br>\ncontre les mutuel\u00adlistes et les f\u00e9d\u00e9\u00adra\u00adlistes r\u00e9formistes<br>\nain\u00adsi que contre les blan\u00adquistes et les mar\u00adxistes auto\u00adri\u00adtaires, ils<br>\nreven\u00addi\u00adqu\u00e8rent une forme simple d\u2019anarchisme<br>\nr\u00e9vo\u00adlu\u00adtion\u00adnaire, l\u2019anarchisme de la lutte de classe et&nbsp;du<br>\npro\u00adl\u00e9\u00adta\u00adriat, de l\u2019insurrection en masse des pauvres contre<br>\nles riches, et le pas\u00adsage imm\u00e9\u00addiat \u00e0 une soci\u00e9t\u00e9<br>\nlibre et sans classes, sans aucune p\u00e9riode tran\u00adsi\u00adtoire&nbsp;de<br>\ndic\u00adta\u00adture. C\u2019est l\u2019anarchisme des ouvriers et des pay\u00adsans qui&nbsp;ont<br>\nune conscience de classe, des mili\u00adtants du mou\u00adve\u00adment ouvrier, des<br>\nsocia\u00adlistes qui veulent la liber\u00adt\u00e9 autant que l\u2019\u00e9galit\u00e9.<\/span><\/font><\/font><\/p>\n<p style=\"margin-right: 0.62cm; text-indent: 1.53cm; margin-bottom: 0cm;\" align=\"justify\">\n<font face=\"Garamond, serif\"><font style=\"font-size: 13pt;\" size=\"3\"><span lang=\"fr-FR\">Ce<br>\ncol\u00adlec\u00adti\u00advisme anar\u00adchiste ou r\u00e9vo\u00adlu\u00adtion\u00adnaire ne doit pas&nbsp;\u00eatre<br>\nconfon\u00addu avec le col\u00adlec\u00adti\u00advisme auto\u00adri\u00adtaire et r\u00e9formiste,<br>\nmieux connu, des sociaux-d\u00e9mo\u00adcrates\u200a\u2014\u200acol\u00adlec\u00adti\u00advisme&nbsp;fond\u00e9<br>\nsur la pro\u00adpri\u00e9\u00adt\u00e9 col\u00adlec\u00adtive de l\u2019\u00e9conomie mais<br>\naus\u00adsi sur le contr\u00f4le de la pro\u00adduc\u00adtion par l\u2019\u00c9tat. En<br>\npar\u00adtie \u00e0 cause du dan\u00adger de confu\u00adsion, et en par\u00adtie parce&nbsp;que<br>\nc\u2019est ici que les anar\u00adchistes et les socia\u00adlistes se rap\u00adprochent le<br>\nplus, on appel\u00adle\u00adra plus volon\u00adtiers ce type d\u2019anarchisme socialisme<br>\nliber\u00adtaire&nbsp;; celui-ci com\u00adprend non seule\u00adment des anar\u00adchistes qui&nbsp;sont<br>\nsocia\u00adlistes mais aus\u00adsi des socia\u00adlistes qui penchent vers l\u2019anarchisme<br>\nsans y adh\u00e9\u00adrer tout \u00e0&nbsp;fait.<\/span><\/font><\/font><\/p>\n<p style=\"margin-right: 0.62cm; text-indent: 1.53cm; margin-bottom: 0cm;\" align=\"justify\">\n<font face=\"Garamond, serif\"><font style=\"font-size: 13pt;\" size=\"3\"><span lang=\"fr-FR\">Le<br>\ntype d\u2019anarchisme qui appa\u00adra\u00eet dans un col\u00adlec\u00adti\u00advisme&nbsp;plus<br>\n\u00e9la\u00adbo\u00adr\u00e9 est le com\u00admu\u00adnisme. C\u2019est l\u2019id\u00e9e<br>\nqu\u2019il n\u2019est pas suf\u00adfi\u00adsant que les moyens de pro\u00adduc\u00adtion soient la<br>\npro\u00adpri\u00e9\u00adt\u00e9 de tous, mais que les pro\u00adduits du travail<br>\ndoivent aus\u00adsi \u00eatre mis en com\u00admun et dis\u00adtri\u00adbu\u00e9s selon&nbsp;la<br>\nfor\u00admule&nbsp;: \u00ab&nbsp;De cha\u00adcun selon ses moyens \u00e0 cha\u00adcun selon&nbsp;ses<br>\nbesoins&nbsp;\u00bb. L\u2019argument com\u00admu\u00adniste est le sui\u00advant&nbsp;: tout homme&nbsp;a<br>\ndroit \u00e0 la pleine valeur de son tra\u00advail, mais il&nbsp;est<br>\nimpos\u00adsible de cal\u00adcu\u00adler la valeur du tra\u00advail d\u2019un seul homme, car&nbsp;le<br>\ntra\u00advail de cha\u00adcun est englo\u00adb\u00e9 dans le tra\u00advail de tous, et&nbsp;des<br>\ntra\u00advaux dif\u00adf\u00e9\u00adrents ont des valeurs dif\u00adf\u00e9\u00adrentes. Il&nbsp;vaut<br>\ndonc mieux que l\u2019\u00e9conomie tout enti\u00e8re soit aux&nbsp;mains<br>\nde la soci\u00e9\u00adt\u00e9 dans son ensemble, et que le syst\u00e8me<br>\ndes salaires et des prix soit&nbsp;aboli.<\/span><\/font><\/font><\/p>\n<p style=\"margin-right: 0.62cm; text-indent: 1.53cm; margin-bottom: 0cm;\" align=\"justify\">\n<font face=\"Garamond, serif\"><font style=\"font-size: 13pt;\" size=\"3\"><span lang=\"fr-FR\">Les<br>\nper\u00adson\u00adna\u00adli\u00adt\u00e9s mar\u00adquantes du mou\u00adve\u00adment anar\u00adchiste de la fin&nbsp;du<br>\nXIXe si\u00e8cle et du d\u00e9but du XXe\u200a\u2014\u200acomme Kropotkine,<br>\nMala\u00adtes\u00adta, Reclus, Grave, Faure, Gold\u00adman, Berk\u00adman, Rocker, etc.&nbsp;\u2014<br>\n\u00e9taient com\u00admu\u00adnistes. Par\u00adtant du col\u00adlec\u00adti\u00advisme, et en r\u00e9action<br>\ncontre Marx, ils pos\u00adtu\u00adl\u00e8rent une forme d\u2019anarchisme<br>\nr\u00e9vo\u00adlu\u00adtion\u00adnaire plus \u00e9la\u00adbo\u00adr\u00e9\u200a\u2014\u200aun anarchisme<br>\nconte\u00adnant une cri\u00adtique des plus minu\u00adtieuses de la soci\u00e9t\u00e9<br>\nactuelle et des pro\u00adpo\u00adsi\u00adtions pour la soci\u00e9\u00adt\u00e9 future.<br>\nC\u2019est l\u2019anarchisme de ceux qui acceptent la lutte de classe mais<br>\nont une vision du monde plus large. Si le col\u00adlec\u00adti\u00advisme est&nbsp;un<br>\nanar\u00adchisme r\u00e9vo\u00adlu\u00adtion\u00adnaire ax\u00e9 sur le probl\u00e8me<br>\ndu tra\u00advail et fon\u00add\u00e9 sur la col\u00adlec\u00adti\u00advi\u00adt\u00e9&nbsp;des<br>\ntra\u00advailleurs, alors le com\u00admu\u00adnisme est un anar\u00adchisme r\u00e9volutionnaire<br>\nax\u00e9 sur le pro\u00adbl\u00e8me de la vie et fon\u00add\u00e9 sur&nbsp;la<br>\ncom\u00admune populaire.<\/span><\/font><\/font><\/p>\n<p style=\"margin-right: 0.62cm; text-indent: 1.53cm; margin-bottom: 0cm;\" align=\"justify\">\n<font face=\"Garamond, serif\"><font style=\"font-size: 13pt;\" size=\"3\"><span lang=\"fr-FR\">Depuis<br>\nles ann\u00e9es 1870, le prin\u00adcipe du com\u00admu\u00adnisme est admis par&nbsp;la<br>\nplu\u00adpart des orga\u00adni\u00adsa\u00adtions anar\u00adchistes r\u00e9vo\u00adlu\u00adtion\u00adnaires. La<br>\nprin\u00adci\u00adpale excep\u00adtion a \u00e9t\u00e9 le mou\u00adve\u00adment espa\u00adgnol,&nbsp;qui<br>\nconser\u00adva le prin\u00adcipe du col\u00adlec\u00adti\u00advisme \u00e0 cause d\u2019une&nbsp;forte<br>\ninfluence bakou\u00adni\u00adnienne&nbsp;; mais, en fait, ses buts \u00e9taient \u00e0<br>\npeine dif\u00adf\u00e9\u00adrents de ceux des autres mou\u00adve\u00adments, et<br>\npra\u00adti\u00adque\u00adment le \u00ab&nbsp;comu\u00adnis\u00admo liber\u00adta\u00adrio&nbsp;\u00bb instaur\u00e9<br>\npen\u00addant la r\u00e9vo\u00adlu\u00adtion espa\u00adgnole de 1936 fut l\u2019exemple le<br>\nplus mar\u00adquant de com\u00admu\u00adnisme anar\u00adchiste dans l\u2019histoire.<\/span><\/font><\/font><\/p>\n<p style=\"margin-right: 0.62cm; text-indent: 1.53cm; margin-bottom: 0cm;\" align=\"justify\">\n<font face=\"Garamond, serif\"><font style=\"font-size: 13pt;\" size=\"3\"><span lang=\"fr-FR\">Ce<br>\ncom\u00admu\u00adnisme anar\u00adchiste ou liber\u00adtaire ne doit \u00e9vi\u00addem\u00adment&nbsp;pas<br>\n\u00eatre confon\u00addu avec le com\u00admu\u00adnisme beau\u00adcoup mieux connu&nbsp;des<br>\nmar\u00adxistes\u200a\u2014\u200acom\u00admu\u00adnisme fon\u00add\u00e9 sur la propri\u00e9t\u00e9<br>\ncol\u00adlec\u00adtive de l\u2019\u00e9conomie et sur le contr\u00f4le de l\u2019\u00c9tat<br>\nsur la pro\u00adduc\u00adtion et la dis\u00adtri\u00adbu\u00adtion, et fon\u00add\u00e9 aus\u00adsi sur&nbsp;la<br>\ndic\u00adta\u00adture du Par\u00adti. L\u2019origine his\u00adto\u00adrique du mou\u00adve\u00adment anarchiste<br>\nmoderne dans la contro\u00adverse avec les mar\u00adxistes pen\u00addant la Premi\u00e8re<br>\net la Deuxi\u00e8me Inter\u00adna\u00adtio\u00adnale se refl\u00e8te dans<br>\nl\u2019obsession qu\u2019ont les anar\u00adchistes du com\u00admu\u00adnisme auto\u00adri\u00adtaire, qui<br>\ns\u2019est ren\u00adfor\u00adc\u00e9e depuis les r\u00e9vo\u00adlu\u00adtions russe&nbsp;et<br>\nespa\u00adgnole. Le r\u00e9sul\u00adtat fut que beau\u00adcoup d\u2019anarchistes<br>\nsemblent s\u2019\u00eatre appe\u00adl\u00e9s com\u00admu\u00adnistes non pas tant&nbsp;par<br>\nconvic\u00adtion pro\u00adfonde que par d\u00e9sir de lan\u00adcer un d\u00e9fi&nbsp;aux<br>\nmar\u00adxistes sur leur propre ter\u00adrain et de les dis\u00adcr\u00e9\u00addi\u00adter&nbsp;aux<br>\nyeux de l\u2019opinion publique. On peut soup\u00ad\u00e7on\u00adner&nbsp;les<br>\nanar\u00adchistes d\u2019\u00eatre rare\u00adment vrai\u00adment com\u00admu\u00adnistes, en partie<br>\nparce qu\u2019ils sont tou\u00adjours trop indi\u00advi\u00addua\u00adlistes, et aus\u00adsi&nbsp;parce<br>\nqu\u2019ils refusent de faire des plans pr\u00e9\u00adcis pour un ave\u00adnir&nbsp;qui<br>\ndoit res\u00adter libre de s\u2019organiser.<\/span><\/font><\/font><\/p>\n<p style=\"margin-right: 0.62cm; text-indent: 1.53cm; margin-bottom: 0cm;\" align=\"justify\">\n<font face=\"Garamond, serif\"><font style=\"font-size: 13pt;\" size=\"3\"><span lang=\"fr-FR\">Le<br>\ntype d\u2019anarchisme qui appa\u00adra\u00eet quand le col\u00adlec\u00adti\u00advisme ou&nbsp;le<br>\ncom\u00admu\u00adnisme se concentrent exclu\u00adsi\u00adve\u00adment sur le pro\u00adbl\u00e8me&nbsp;du<br>\ntra\u00advail est le syn\u00addi\u00adca\u00adlisme. C\u2019est l\u2019id\u00e9e que la soci\u00e9t\u00e9<br>\ndevrait \u00eatre bas\u00e9e sur les syn\u00addi\u00adcats consid\u00e9r\u00e9s<br>\ncomme l\u2019expression de la classe ouvri\u00e8re, r\u00e9organis\u00e9s<br>\nde fa\u00e7on \u00e0 cou\u00advrir \u00e0 la fois les activit\u00e9s<br>\net le ter\u00adri\u00adtoire, et trans\u00adfor\u00adm\u00e9s de fa\u00e7on \u00e0&nbsp;\u00eatre<br>\nentre les mains de la base, de sorte que l\u2019\u00e9conomie enti\u00e8re<br>\nsoit diri\u00adg\u00e9e selon le prin\u00adcipe du contr\u00f4le ouvrier.<\/span><\/font><\/font><\/p>\n<p style=\"margin-right: 0.62cm; text-indent: 1.53cm; margin-bottom: 0cm;\" align=\"justify\">\n<font face=\"Garamond, serif\"><font style=\"font-size: 13pt;\" size=\"3\"><span lang=\"fr-FR\">La<br>\nplu\u00adpart des col\u00adlec\u00adti\u00advistes anar\u00adchistes et de nom\u00adbreux com\u00admu\u00adnistes au<br>\nXIXe si\u00e8cle \u00e9taient impli\u00adci\u00adte\u00adment syn\u00addi\u00adca\u00adlistes&nbsp;; c\u2019est<br>\npar\u00adti\u00adcu\u00adli\u00e8\u00adre\u00adment vrai des anar\u00adchistes de la Premi\u00e8re<br>\nInter\u00adna\u00adtio\u00adnale. Mais l\u2019anarcho-syndicalisme ne fut&nbsp;pas<br>\nexpli\u00adci\u00adte\u00adment d\u00e9ve\u00adlop\u00adp\u00e9 avant l\u2019essor du mouvement<br>\nsyn\u00addi\u00adcal fran\u00ad\u00e7ais \u00e0 la fin du si\u00e8cle. Lorsque ce<br>\nder\u00adnier se scin\u00adda en sec\u00adtions r\u00e9vo\u00adlu\u00adtion\u00adnaires et sections<br>\nr\u00e9for\u00admistes dans les ann\u00e9es 1890, les syndicalistes<br>\nr\u00e9vo\u00adlu\u00adtion\u00adnaires eurent la majo\u00adri\u00adt\u00e9, et de nombreux<br>\nanar\u00adchistes se joi\u00adgnirent \u00e0 eux. Quelques-uns, tels Fernand<br>\nPel\u00adlou\u00adtier et \u00c9mile Pou\u00adget, devinrent influents, et&nbsp;le<br>\nmou\u00adve\u00adment syn\u00addi\u00adca\u00adliste fran\u00ad\u00e7ais, quoique jamais compl\u00e8tement<br>\nanar\u00adchiste, fut une force impor\u00adtante pour l\u2019anarchisme jusqu\u2019\u00e0<br>\nla Pre\u00admi\u00e8re Guerre mon\u00addiale et \u00e0 la r\u00e9volution<br>\nrusse. Les orga\u00adni\u00adsa\u00adtions anar\u00adcho-syn\u00addi\u00adca\u00adlistes furent aus\u00adsi fortes<br>\ndans les mou\u00adve\u00adments ouvriers d\u2019Italie et de Rus\u00adsie tout de&nbsp;suite<br>\napr\u00e8s la Pre\u00admi\u00e8re Guerre mon\u00addiale, et sur\u00adtout&nbsp;en<br>\nEspagne jusqu\u2019\u00e0 la fin de la guerre civile en&nbsp;1939.<\/span><\/font><\/font><\/p>\n<p style=\"margin-right: 0.62cm; text-indent: 1.53cm; margin-bottom: 0cm;\" align=\"justify\">\n<font face=\"Garamond, serif\"><font style=\"font-size: 13pt;\" size=\"3\"><span lang=\"fr-FR\">C\u2019est<br>\nl\u2019anarchisme des \u00e9l\u00e9\u00adments les plus mili\u00adtants et&nbsp;les<br>\nplus conscients dans un mou\u00adve\u00adment ouvrier puis\u00adsant. Mais&nbsp;le<br>\nsyn\u00addi\u00adca\u00adlisme n\u2019est pas n\u00e9ces\u00adsai\u00adre\u00adment anar\u00adchiste ni&nbsp;m\u00eame<br>\nr\u00e9vo\u00adlu\u00adtion\u00adnaire&nbsp;; dans la pra\u00adtique, les anarcho-syndicalistes<br>\nont eu ten\u00addance \u00e0 deve\u00adnir auto\u00adri\u00adtaires, ou r\u00e9formistes,<br>\nou les deux \u00e0 la fois, et il s\u2019est r\u00e9v\u00e9l\u00e9<br>\ndif\u00adfi\u00adcile de main\u00adte\u00adnir un \u00e9qui\u00adlibre entre les principes<br>\nliber\u00adtaires et les pres\u00adsions de la lutte quo\u00adti\u00addienne pour obte\u00adnir&nbsp;un<br>\nsalaire et des condi\u00adtions de tra\u00advail meilleures. Ceci n\u2019est&nbsp;pas<br>\ntant un argu\u00adment contre les anar\u00adcho-syn\u00addi\u00adca\u00adlistes que le signe&nbsp;du<br>\ndan\u00adger qui les menace constam\u00adment. L\u2019argument v\u00e9ritable<br>\ncontre l\u2019anarcho-syndicalisme et le syn\u00addi\u00adca\u00adlisme en g\u00e9n\u00e9ral,<br>\nc\u2019est qu\u2019il accen\u00adtue \u00e0 l\u2019exc\u00e8s l\u2019importance du<br>\ntra\u00advail et le r\u00f4le de la classe ouvri\u00e8re. Le syst\u00e8me<br>\nde classes est un pro\u00adbl\u00e8me poli\u00adtique cru\u00adcial, mais la&nbsp;lutte<br>\ndes classes n\u2019est pas la seule acti\u00advi\u00adt\u00e9 poli\u00adtique pour&nbsp;les<br>\nanar\u00adchistes. Le syn\u00addi\u00adca\u00adlisme est accep\u00adtable lorsqu\u2019on le consid\u00e8re<br>\ncomme un aspect de l\u2019anarchisme, non lorsqu\u2019il en dis\u00adsi\u00admule&nbsp;tous<br>\nles autres aspects. C\u2019est un point de vue valable jusqu\u2019\u00e0<br>\nun cer\u00adtain point, mais il ne va pas assez loin pour trai\u00adter&nbsp;des<br>\npro\u00adbl\u00e8mes de la vie en dehors du travail.<\/span><\/font><\/font><\/p>\n<p style=\"margin-right: 0.62cm; text-indent: 1.53cm; margin-bottom: 0cm;\" align=\"justify\" lang=\"fr-FR\">\n<font face=\"Garamond, serif\"><font style=\"font-size: 13pt;\" size=\"3\"><b>Des<br>\ndif\u00adf\u00e9\u00adrences minimes<\/b><\/font><\/font><\/p>\n<p style=\"margin-right: 0.62cm; text-indent: 1.53cm; margin-bottom: 0cm;\" align=\"justify\">\n<font face=\"Garamond, serif\"><font style=\"font-size: 13pt;\" size=\"3\"><span lang=\"fr-FR\">Recon\u00adnais\u00adsons<br>\nque les dif\u00adf\u00e9\u00adrences entre les types d\u2019anarchisme se&nbsp;sont<br>\nestom\u00adp\u00e9es ces der\u00adni\u00e8res ann\u00e9es. A l\u2019exception<br>\ndes sec\u00adtaires, la plu\u00adpart des anar\u00adchistes ont ten\u00addance&nbsp;\u00e0<br>\nconsi\u00add\u00e9\u00adrer les vieilles dis\u00adtinc\u00adtions comme plus appa\u00adrentes que<br>\nr\u00e9elles\u200a\u2014\u200acomme des dif\u00adf\u00e9\u00adrences artificielles<br>\nd\u2019accentuation, m\u00eame de voca\u00adbu\u00adlaire, plu\u00adt\u00f4t que&nbsp;comme<br>\nde s\u00e9rieuses dif\u00adf\u00e9\u00adrences de prin\u00adcipe. Il vau\u00addrait&nbsp;mieux<br>\nen fait les consi\u00add\u00e9\u00adrer non pas comme des anarchismes<br>\ndif\u00adf\u00e9\u00adrents, mais comme des aspects dif\u00adf\u00e9\u00adrents&nbsp;de<br>\nl\u2019anarchisme, et cela en fonc\u00adtion de l\u2019orientation de&nbsp;nos<br>\nint\u00e9\u00adr\u00eats personnels.<\/span><\/font><\/font><\/p>\n<p style=\"margin-right: 0.62cm; text-indent: 1.53cm; margin-bottom: 0cm;\" align=\"justify\">\n<font face=\"Garamond, serif\"><font style=\"font-size: 13pt;\" size=\"3\"><span lang=\"fr-FR\">Ain\u00adsi,<br>\ndans notre vie pri\u00adv\u00e9e nous sommes indi\u00advi\u00addua\u00adlistes, ayant&nbsp;nos<br>\npropres occu\u00adpa\u00adtions et choi\u00adsis\u00adsant nos com\u00adpa\u00adgnons et amis pour&nbsp;des<br>\nrai\u00adsons per\u00adson\u00adnelles&nbsp;; dans notre vie sociale nous sommes<br>\nmutuel\u00adlistes, concluant libre\u00adment des accords entre nous, don\u00adnant&nbsp;ce<br>\nque nous avons et rece\u00advant ce dont nous man\u00adquons par des \u00e9changes<br>\n\u00e9ga\u00adli\u00adtaires&nbsp;; dans notre tra\u00advail nous serions pratiquement<br>\ncol\u00adlec\u00adti\u00advistes, nous joi\u00adgnant \u00e0 nos col\u00adl\u00e8gues pour<br>\npro\u00adduire les biens com\u00admuns\u200a\u2014\u200aet dans l\u2019organisation du travail<br>\nnous serions syn\u00addi\u00adca\u00adlistes, nous joi\u00adgnant \u00e0 nos coll\u00e8gues<br>\npour d\u00e9ci\u00adder com\u00adment le tra\u00advail doit \u00eatre fait&nbsp;;&nbsp;dans<br>\nnotre vie poli\u00adtique nous serions plu\u00adt\u00f4t com\u00admu\u00adnistes, nous<br>\nalliant \u00e0 nos voi\u00adsins pour d\u00e9ci\u00adder com\u00adment&nbsp;la<br>\ncom\u00admu\u00adnau\u00adt\u00e9 doit \u00eatre orga\u00adni\u00ads\u00e9e. C\u2019est bien&nbsp;s\u00fbr<br>\nun sch\u00e9\u00adma, mais il exprime assez bien ce que les anarchistes<br>\npensent aujourd\u2019hui.<\/span><\/font><\/font><\/p>\n<p style=\"margin-right: 0.62cm; text-indent: 1.53cm; margin-bottom: 0cm;\" align=\"justify\" lang=\"fr-FR\">\n<font face=\"Garamond, serif\"><font style=\"font-size: 13pt;\" size=\"3\"><b><strong><em>Que<br>\nveulent les anarchistes&nbsp;?<\/em><\/strong><\/b><\/font><\/font><\/p>\n<p style=\"margin-right: 0.62cm; text-indent: 1.53cm; margin-bottom: 0cm;\" align=\"justify\">\n <font face=\"Garamond, serif\"><font style=\"font-size: 13pt;\" size=\"3\"><span lang=\"fr-FR\">C\u2019est<br>\ndif\u00adfi\u00adcile de dire ce que veulent les anar\u00adchistes, non seule\u00adment&nbsp;parce<br>\nqu\u2019ils sont si dif\u00adf\u00e9\u00adrents les uns des autres, mais&nbsp;parce<br>\nqu\u2019ils h\u00e9sitent \u00e0 faire des pro\u00adpo\u00adsi\u00adtions d\u00e9taill\u00e9es<br>\npour un ave\u00adnir dont ils ne peuvent ni ne veulent d\u00e9ci\u00adder.&nbsp;Au<br>\nfond, ils veulent une soci\u00e9\u00adt\u00e9 sans gou\u00adver\u00adne\u00adment,&nbsp;et<br>\ncelle-ci varie\u00adra \u00e9vi\u00addem\u00adment d\u2019une \u00e9poque \u00e0<br>\nl\u2019autre et d\u2019un lieu \u00e0 l\u2019autre. Le trait essen\u00adtiel de&nbsp;la<br>\nsoci\u00e9\u00adt\u00e9 que veulent les anar\u00adchistes est qu\u2019elle sera<br>\nce que ses membres eux-m\u00eames vou\u00addront en faire. N\u00e9anmoins,<br>\nil est pos\u00adsible de dire ce que la plu\u00adpart vou\u00addraient voir dans&nbsp;une<br>\nsoci\u00e9\u00adt\u00e9 libre, tout en rap\u00adpe\u00adlant qu\u2019il n\u2019y a pas&nbsp;de<br>\nligne offi\u00adcielle, et pas non plus de moyen de r\u00e9con\u00adci\u00adlier&nbsp;les<br>\nextr\u00eames&nbsp;: l\u2019individualisme et le communisme.<\/span><\/font><\/font><\/p>\n<p style=\"margin-right: 0.62cm; text-indent: 1.53cm; margin-bottom: 0cm;\" align=\"justify\">\n<font face=\"Garamond, serif\"><font style=\"font-size: 13pt;\" size=\"3\"><b><span lang=\"fr-FR\">L\u2019individu<br>\nlibre<\/span><\/b><\/font><\/font><\/p>\n<p style=\"margin-right: 0.62cm; text-indent: 1.53cm; margin-bottom: 0cm;\" align=\"justify\">\n<font face=\"Garamond, serif\"><font style=\"font-size: 13pt;\" size=\"3\"><span lang=\"fr-FR\">La<br>\nplu\u00adpart des anar\u00adchistes adoptent d\u2019abord une atti\u00adtude libertaire<br>\nenvers la vie pri\u00adv\u00e9e, et vou\u00addraient qu\u2019il y ait un&nbsp;choix<br>\nbeau\u00adcoup plus vaste de com\u00adpor\u00adte\u00adments per\u00adson\u00adnels et de relations<br>\nsociales. Mais si l\u2019individu est l\u2019atome de la soci\u00e9t\u00e9,<br>\nla famille en est la mol\u00e9\u00adcule, et la vie de famille subsistera<br>\nm\u00eame si la coer\u00adci\u00adtion qui la ren\u00adforce dispara\u00eet.<br>\nN\u00e9an\u00admoins, bien que la famille puisse \u00eatre une&nbsp;chose<br>\nnatu\u00adrelle, elle n\u2019est plus n\u00e9ces\u00adsaire&nbsp;; une contraception<br>\neffi\u00adcace et une intel\u00adli\u00adgente divi\u00adsion du tra\u00advail ont d\u00e9gag\u00e9<br>\nl\u2019humanit\u00e9 de l\u2019alternative entre le c\u00e9li\u00adbat et&nbsp;la<br>\nmono\u00adga\u00admie. Un couple n\u2019est plus obli\u00adg\u00e9 d\u2019avoir des<br>\nenfants, et les enfants peuvent \u00eatre \u00e9le\u00adv\u00e9s&nbsp;par<br>\nplus ou moins de per\u00adsonnes que deux parents. On peut vivre seul&nbsp;et<br>\ncepen\u00addant avoir des par\u00adte\u00adnaires sexuels, ou vivre en communaut\u00e9<br>\nsans par\u00adte\u00adnaires per\u00adma\u00adnents ni paren\u00adt\u00e9 officielle.<\/span><\/font><\/font><\/p>\n<p style=\"margin-right: 0.62cm; text-indent: 1.53cm; margin-bottom: 0cm;\" align=\"justify\">\n<font face=\"Garamond, serif\"><font style=\"font-size: 13pt;\" size=\"3\"><span lang=\"fr-FR\">Sans<br>\naucun doute, on conti\u00adnue\u00adra \u00e0 pra\u00adti\u00adquer cer\u00adtaines formes de<br>\nmariage, et la plu\u00adpart des enfants seront \u00e9le\u00adv\u00e9s&nbsp;dans<br>\nun cadre fami\u00adlial, quoi qu\u2019il arrive \u00e0 la soci\u00e9t\u00e9&nbsp;;<br>\nmais il pour\u00adra y avoir une grande vari\u00e9t\u00e9<br>\nd\u2019arrangements per\u00adson\u00adnels \u00e0 l\u2019int\u00e9rieur d\u2019une<br>\nseule com\u00admu\u00adnau\u00adt\u00e9. L\u2019exigence fon\u00adda\u00admen\u00adtale est que les femmes<br>\nsoient lib\u00e9\u00adr\u00e9es de l\u2019oppression mas\u00adcu\u00adline et que&nbsp;les<br>\nenfants soient lib\u00e9\u00adr\u00e9s de l\u2019oppression des parents.<br>\nL\u2019exercice de l\u2019autorit\u00e9 ne vaut pas mieux dans&nbsp;le<br>\nmicro\u00adcosme fami\u00adlial que dans le macro\u00adcosme social.<\/span><\/font><\/font><\/p>\n<p style=\"margin-right: 0.62cm; text-indent: 1.53cm; margin-bottom: 0cm;\" align=\"justify\">\n<font face=\"Garamond, serif\"><font style=\"font-size: 13pt;\" size=\"3\"><span lang=\"fr-FR\">Les<br>\nrela\u00adtions per\u00adson\u00adnelles hors de la famille ne seront pas r\u00e9glement\u00e9es<br>\npar des lois arbi\u00adtraires ou par la com\u00adp\u00e9\u00adti\u00adtion \u00e9conomique,<br>\nmais par la soli\u00adda\u00adri\u00adt\u00e9 natu\u00adrelle de l\u2019esp\u00e8ce humaine.<br>\nCha\u00adcun d\u2019entre nous, ou presque, sait com\u00adment trai\u00adter autrui&nbsp;\u2014<br>\ncomme il vou\u00addrait qu\u2019autrui le traite \u2014, et le res\u00adpect&nbsp;de<br>\nsoi-m\u00eame et l\u2019opinion publique sont de bien meilleurs guides<br>\nde l\u2019action que la crainte ou la culpa\u00adbi\u00adli\u00adt\u00e9.&nbsp;Des<br>\nadver\u00adsaires de l\u2019anarchisme ont pr\u00e9\u00adten\u00addu que l\u2019oppression<br>\nmorale de la soci\u00e9\u00adt\u00e9 serait pire que l\u2019oppression<br>\nphy\u00adsique de l\u2019\u00c9tat, mais il y a un dan\u00adger bien plus&nbsp;grand&nbsp;:<br>\ndans un sys\u00adt\u00e8me \u00e9ta\u00adtique, l\u2019autorit\u00e9 d\u00e9cha\u00een\u00e9e<br>\ndes groupes de vigiles, des hordes de lyn\u00adcheurs, de la bande&nbsp;de<br>\npillards ou du gang cri\u00admi\u00adnel \u00e9merge comme une&nbsp;forme<br>\nrudi\u00admen\u00adtaire d\u2019\u00c9tat lorsque l\u2019autorit\u00e9 r\u00e9glement\u00e9e<br>\nde l\u2019\u00c9tat r\u00e9el fait d\u00e9faut pour une rai\u00adson&nbsp;ou<br>\nune&nbsp;autre.<\/span><\/font><\/font><\/p>\n<p style=\"margin-right: 0.62cm; text-indent: 1.53cm; margin-bottom: 0cm;\" align=\"justify\">\n<font face=\"Garamond, serif\"><font style=\"font-size: 13pt;\" size=\"3\"><span lang=\"fr-FR\">Mais<br>\nles anar\u00adchistes sont en g\u00e9n\u00e9\u00adral d\u2019accord sur la&nbsp;vie<br>\npri\u00adv\u00e9e, ce n\u2019est pas un grave pro\u00adbl\u00e8me. Apr\u00e8s<br>\ntout, bien des gens se sont d\u00e9j\u00e0 orga\u00adni\u00ads\u00e9s&nbsp;\u00e0<br>\nleur mani\u00e8re sans attendre ni r\u00e9vo\u00adlu\u00adtion ni quoi que&nbsp;ce<br>\nsoit. Tout ce qui est n\u00e9ces\u00adsaire pour la lib\u00e9\u00adra\u00adtion&nbsp;de<br>\nl\u2019individu, c\u2019est son \u00e9man\u00adci\u00adpa\u00adtion des vieux pr\u00e9jug\u00e9s<br>\net l\u2019obtention d\u2019un cer\u00adtain niveau de vie. Le vrai probl\u00e8me,<br>\nc\u2019est la lib\u00e9\u00adra\u00adtion de la soci\u00e9t\u00e9.<\/span><\/font><\/font><\/p>\n<p style=\"margin-right: 0.62cm; text-indent: 1.53cm; margin-bottom: 0cm;\" align=\"justify\">\n<font face=\"Garamond, serif\"><font style=\"font-size: 13pt;\" size=\"3\"><b><span lang=\"fr-FR\">La<br>\nsoci\u00e9\u00adt\u00e9&nbsp;libre<\/span><\/b><\/font><\/font><\/p>\n<p style=\"margin-right: 0.62cm; text-indent: 1.53cm; margin-bottom: 0cm;\" align=\"justify\">\n<font face=\"Garamond, serif\"><font style=\"font-size: 13pt;\" size=\"3\"><span lang=\"fr-FR\">L\u2019exigence<br>\nprio\u00adri\u00adtaire pour une soci\u00e9\u00adt\u00e9 libre est l\u2019abolition de<br>\nl\u2019autorit\u00e9 et l\u2019expropriation. Au lieu d\u2019un gouvernement<br>\nfor\u00adm\u00e9 de repr\u00e9\u00adsen\u00adtants per\u00adma\u00adnents&nbsp;\u00e9lus<br>\nocca\u00adsion\u00adnel\u00adle\u00adment et de bureau\u00adcrates de car\u00adri\u00e8re pratiquement<br>\ninamo\u00advibles, les anar\u00adchistes veulent une coor\u00addi\u00adna\u00adtion par&nbsp;des<br>\nd\u00e9l\u00e9\u00adgu\u00e9s tem\u00adpo\u00adraires, imm\u00e9diatement<br>\nr\u00e9vo\u00adcables, et par des experts pro\u00adfes\u00adsion\u00adnels v\u00e9ritablement<br>\nres\u00adpon\u00adsables. Dans un tel sys\u00adt\u00e8me, toutes les activit\u00e9s<br>\nsociales qui impliquent une orga\u00adni\u00adsa\u00adtion seraient probablement<br>\nadmi\u00adnis\u00adtr\u00e9es par des asso\u00adcia\u00adtions libres. On peut les appeler<br>\nconseils, coop\u00e9\u00adra\u00adtives, col\u00adlec\u00adti\u00advi\u00adt\u00e9s, communes,<br>\ncomi\u00adt\u00e9s, syn\u00addi\u00adcats ou soviets, ou n\u2019importe com\u00adment\u200a\u2014\u200aleur<br>\ntitre n\u2019a pas d\u2019importance, seule compte leur fonction.<\/span><\/font><\/font><\/p>\n<p style=\"margin-right: 0.62cm; text-indent: 1.53cm; margin-bottom: 0cm;\" align=\"justify\">\n<font face=\"Garamond, serif\"><font style=\"font-size: 13pt;\" size=\"3\"><span lang=\"fr-FR\">Il<br>\ny aura des asso\u00adcia\u00adtions de tra\u00advail allant de l\u2019atelier ou de&nbsp;la<br>\npetite entre\u00adprise aux plus grands com\u00adplexes indus\u00adtriels ou agricoles,<br>\nqui<b> <\/b>s\u2019occuperont de la pro\u00adduc\u00adtion et du trans\u00adport des&nbsp;biens,<br>\nd\u00e9ci\u00adde\u00adront des condi\u00adtions de tra\u00advail, et feront marcher<br>\nl\u2019\u00e9conomie. Il y aura des asso\u00adcia\u00adtions r\u00e9gionales<br>\nallant du voi\u00adsi\u00adnage ou du vil\u00adlage aux plus grandes uni\u00adt\u00e9s&nbsp;de<br>\nr\u00e9si\u00addence, qui s\u2019occuperont de la vie de la communaut\u00e9<br>\u200a\u2014\u200aloge\u00adment, rues, voi\u00adrie, confort. Il y aura des asso\u00adcia\u00adtions&nbsp;qui<br>\ns\u2019occuperont des aspects sociaux des acti\u00advi\u00adt\u00e9s comme&nbsp;les<br>\ncom\u00admu\u00adni\u00adca\u00adtions, la culture, les loi\u00adsirs, la recherche scientifique,<br>\nla san\u00adt\u00e9 et l\u2019\u00e9ducation.<\/span><\/font><\/font><\/p>\n<p style=\"margin-right: 0.62cm; text-indent: 1.53cm; margin-bottom: 0cm;\" align=\"justify\">\n<font face=\"Garamond, serif\"><font style=\"font-size: 13pt;\" size=\"3\"><span lang=\"fr-FR\">La<br>\ncoor\u00addi\u00adna\u00adtion par des libres asso\u00adcia\u00adtions plu\u00adt\u00f4t&nbsp;que<br>\nl\u2019administration par des hi\u00e9\u00adrar\u00adchies consti\u00adtu\u00e9es&nbsp;aura<br>\npour r\u00e9sul\u00adtat une d\u00e9cen\u00adtra\u00adli\u00adsa\u00adtion extr\u00eame selon<br>\ndes prin\u00adcipes f\u00e9d\u00e9\u00adra\u00adlistes. Cela peut sem\u00adbler&nbsp;un<br>\nargu\u00adment contre l\u2019anarchisme, mais nous affir\u00admons que c\u2019est&nbsp;un<br>\nargu\u00adment en sa faveur. Une des bizar\u00adre\u00adries de la pens\u00e9e<br>\npoli\u00adtique moderne, c\u2019est de pr\u00e9\u00adtendre que les guerres sont<br>\ndues \u00e0 l\u2019existence de petites nations, alors que les&nbsp;pires<br>\nguerres de l\u2019histoire ont \u00e9t\u00e9 cau\u00ads\u00e9es par&nbsp;un<br>\npetit nombre de grands pays. De m\u00eame, les gouvernements<br>\nessaient de cr\u00e9er des uni\u00adt\u00e9s admi\u00adnis\u00adtra\u00adtives de plus&nbsp;en<br>\nplus grandes, alors que l\u2019observation montre que les plus petites<br>\nsont les meilleures. La chute des grands sys\u00adt\u00e8mes politiques<br>\nsera un des grands bien\u00adfaits de l\u2019anarchisme, et les pays pourront<br>\nrede\u00adve\u00adnir des enti\u00adt\u00e9s cultu\u00adrelles, tan\u00addis que les nations<br>\ndispara\u00eetront.<\/span><\/font><\/font><\/p>\n<p style=\"margin-right: 0.62cm; text-indent: 1.53cm; margin-bottom: 0cm;\" align=\"justify\">\n<font face=\"Garamond, serif\"><font style=\"font-size: 13pt;\" size=\"3\"><span lang=\"fr-FR\">L\u2019association<br>\nchar\u00adg\u00e9e de toute sorte de richesses ou de biens aura la&nbsp;grave<br>\nres\u00adpon\u00adsa\u00adbi\u00adli\u00adt\u00e9 soit de s\u2019assurer qu\u2019ils soient honn\u00eatement<br>\nr\u00e9par\u00adtis entre les gens concer\u00adn\u00e9s, soit de les garder<br>\nen pro\u00adpri\u00e9\u00adt\u00e9 com\u00admune et de s\u2019assurer que leur&nbsp;usage<br>\nsoit hon\u00adn\u00ea\u00adte\u00adment r\u00e9par\u00adti entre les gens concern\u00e9s.<br>\nLes solu\u00adtions anar\u00adchistes varient, et celles des membres d\u2019une<br>\nsoci\u00e9\u00adt\u00e9 libre varie\u00adront sans doute aus\u00adsi&nbsp;; ce sera&nbsp;aux<br>\nmembres de chaque asso\u00adcia\u00adtion d\u2019adopter la m\u00e9thode qu\u2019ils<br>\npr\u00e9\u00adf\u00e9\u00adre\u00adront. Il pour\u00adra y avoir une r\u00e9mun\u00e9ration<br>\n\u00e9gale pour tous, ou pro\u00adpor\u00adtion\u00adnelle aux besoins, ou pas&nbsp;de<br>\nr\u00e9mu\u00adn\u00e9\u00adra\u00adtion du tout. Cer\u00adtaines associations<br>\nuti\u00adli\u00adse\u00adront l\u2019argent pour leurs \u00e9changes, d\u2019autres pour<br>\ndes tran\u00adsac\u00adtions impor\u00adtantes ou com\u00adplexes, d\u2019autres n\u2019en<br>\nuti\u00adli\u00adse\u00adront pas du tout. Les biens seront ache\u00adt\u00e9s ou&nbsp;lou\u00e9s,<br>\nration\u00adn\u00e9s ou libres. Si des sp\u00e9\u00adcu\u00adla\u00adtions de cette&nbsp;sorte<br>\nsemblent absurdes, irr\u00e9a\u00adlistes ou uto\u00adpiques, que l\u2019on&nbsp;pense<br>\nsim\u00adple\u00adment \u00e0 tout ce que nous pos\u00ads\u00e9\u00addons&nbsp;d\u00e9j\u00e0<br>\nen com\u00admun  et \u00e0 tout ce qui peut \u00eatre utilis\u00e9<br>\nsans&nbsp;payer.<\/span><\/font><\/font><\/p>\n<p style=\"margin-right: 0.62cm; text-indent: 1.53cm; margin-bottom: 0cm;\" align=\"justify\">\n<font face=\"Garamond, serif\"><font style=\"font-size: 13pt;\" size=\"3\"><span lang=\"fr-FR\">En<br>\nAngle\u00adterre, par exemple, la com\u00admu\u00adnau\u00adt\u00e9 pos\u00ads\u00e8de quelques<br>\nindus\u00adtries lourdes, les trans\u00adports par air et par rail, les bacs&nbsp;et<br>\nles auto\u00adbus, la radio, l\u2019eau, le gaz et l\u2019\u00e9lectricit\u00e9,<br>\nmais nous devons payer pour uti\u00adli\u00adser tout \u00e7a&nbsp;; en revanche, les<br>\nrues, les ponts, les rivi\u00e8res, les plages, les parcs, les<br>\nbiblio\u00adth\u00e8ques, les ter\u00adrains de jeux, les toi\u00adlettes publiques,<br>\nles \u00e9coles, les uni\u00adver\u00adsi\u00adt\u00e9s, les h\u00f4pi\u00adtaux et&nbsp;le<br>\nser\u00advice du feu ne sont pas seule\u00adment pro\u00adpri\u00e9\u00adt\u00e9 commune,<br>\nce sont aus\u00adsi des ser\u00advices gratuits.<\/span><\/font><\/font><\/p>\n<p style=\"margin-right: 0.62cm; text-indent: 1.53cm; margin-bottom: 0cm;\" align=\"justify\">\n<font face=\"Garamond, serif\"><font style=\"font-size: 13pt;\" size=\"3\"><span lang=\"fr-FR\">La<br>\ndis\u00adtinc\u00adtion entre la pro\u00adpri\u00e9\u00adt\u00e9 pri\u00adv\u00e9e&nbsp;et<br>\npro\u00adpri\u00e9\u00adt\u00e9 com\u00admune, et entre ce qu\u2019on peut utiliser<br>\ncontre paie\u00adment et ce qui est gra\u00adtuit, est tout arbi\u00adtraire. Il&nbsp;peut<br>\npara\u00eetre natu\u00adrel de pou\u00advoir uti\u00adli\u00adser les routes et les plages<br>\nsans rien payer, mais ce n\u2019a pas tou\u00adjours \u00e9t\u00e9 le&nbsp;cas,<br>\net la gra\u00adtui\u00adt\u00e9 des h\u00f4pi\u00adtaux et des universit\u00e9s<br>\nn\u2019existe en Angle\u00adterre que depuis le d\u00e9but du si\u00e8cle.<br>\nDe m\u00eame, il peut sem\u00adbler natu\u00adrel de payer pour les transports<br>\net pour l\u2019essence, mais ce ne sera pas n\u00e9cessairement<br>\ntou\u00adjours le cas, et il n\u2019y a pas de rai\u00adson pour que ce ne soit&nbsp;pas<br>\ngratuit.<\/span><\/font><\/font><\/p>\n<p style=\"margin-right: 0.62cm; text-indent: 1.53cm; margin-bottom: 0cm;\" align=\"justify\">\n<font face=\"Garamond, serif\"><font style=\"font-size: 13pt;\" size=\"3\"><span lang=\"fr-FR\">Bien<br>\ns\u00fbr, tous les ser\u00advices doivent \u00eatre finan\u00adc\u00e9s&nbsp;par<br>\nune sorte d\u2019imp\u00f4ts, mais ceux-ci n\u2019auront pas forc\u00e9ment<br>\ntou\u00adjours la forme contrai\u00adgnante qu\u2019ils ont dans la soci\u00e9t\u00e9<br>\nactuelle. On peut ima\u00adgi\u00adner que les membres d\u2019une soci\u00e9t\u00e9<br>\nassurent sans r\u00e9mu\u00adn\u00e9\u00adra\u00adtion une grande par\u00adtie&nbsp;des<br>\nser\u00advices publics, que les contri\u00adbu\u00adtions soient volon\u00adtaires ou<br>\ndif\u00adf\u00e9\u00adren\u00adci\u00e9es (argent ou autres pres\u00adta\u00adtions); le<br>\nfonc\u00adtion\u00adne\u00adment des ser\u00advices publics tient \u00e9vi\u00addem\u00adment&nbsp;\u00e0<br>\nla divi\u00adsion du tra\u00advail \u00e9ta\u00adblie dans une soci\u00e9t\u00e9<br>\ndonn\u00e9e.<\/span><\/font><\/font><\/p>\n<p style=\"margin-right: 0.62cm; text-indent: 1.53cm; margin-bottom: 0cm;\" align=\"justify\" lang=\"fr-FR\">\n<font face=\"Garamond, serif\"><font style=\"font-size: 13pt;\" size=\"3\">La<br>\ndivi\u00adsion \u00e9qui\u00adtable ou la libre dis\u00adtri\u00adbu\u00adtion des richesses<br>\nplu\u00adt\u00f4t que leur accu\u00admu\u00adla\u00adtion aura pour r\u00e9sul\u00adtat la&nbsp;fin<br>\ndu sys\u00adt\u00e8me de classes bas\u00e9 sur la propri\u00e9t\u00e9.<br>\nMais les anar\u00adchistes veulent aus\u00adsi la fin du sys\u00adt\u00e8me de classe<br>\nbas\u00e9 sur le contr\u00f4le mono\u00adpo\u00adlis\u00adtique. Cela implique une<br>\nvigi\u00adlance constante pour pr\u00e9\u00adve\u00adnir la crois\u00adsance de&nbsp;la<br>\nbureau\u00adcra\u00adtie, et par-des\u00adsus tout cela implique la r\u00e9organisation<br>\ndu tra\u00advail sans classe patronale.<\/font><\/font><\/p>\n<p style=\"margin-right: 0.62cm; text-indent: 1.53cm; margin-bottom: 0cm;\" align=\"justify\">\n<font face=\"Garamond, serif\"><font style=\"font-size: 13pt;\" size=\"3\"><b><span lang=\"fr-FR\">Le<br>\ntravail<\/span><\/b><\/font><\/font><\/p>\n<p style=\"margin-right: 0.62cm; text-indent: 1.53cm; margin-bottom: 0cm;\" align=\"justify\">\n<font face=\"Garamond, serif\"><font style=\"font-size: 13pt;\" size=\"3\"><span lang=\"fr-FR\">Les<br>\nbesoins \u00e9l\u00e9\u00admen\u00adtaires de l\u2019homme sont la nourriture,<br>\nl\u2019abri et les v\u00eate\u00adments qui per\u00admettent de sur\u00advivre&nbsp;;&nbsp;ses<br>\nseconds besoins sont un confort sup\u00adpl\u00e9\u00admen\u00adtaire qui fait que&nbsp;la<br>\nvie vaut la peine d\u2019\u00eatre v\u00e9cue. La premi\u00e8re<br>\nacti\u00advi\u00adt\u00e9 \u00e9co\u00adno\u00admique de tout groupe humain est&nbsp;la<br>\npro\u00adduc\u00adtion et la dis\u00adtri\u00adbu\u00adtion de biens qui satis\u00adfont ces besoins&nbsp;;&nbsp;et<br>\nl\u2019aspect le plus impor\u00adtant de la soci\u00e9\u00adt\u00e9\u200a\u2014\u200aapr\u00e8s<br>\nles rela\u00adtions per\u00adson\u00adnelles, dans les\u00adquelles elle se fonde\u200a\u2014\u200aest<br>\nl\u2019organisation du tra\u00advail indis\u00adpen\u00adsable. Que pensent les<br>\nanar\u00adchistes du tra\u00advail&nbsp;? En pre\u00admier lieu, ils consi\u00add\u00e8rent que<br>\ntout tra\u00advail est d\u00e9sa\u00adgr\u00e9able mais peut&nbsp;\u00eatre<br>\norga\u00adni\u00ads\u00e9 de fa\u00e7on \u00e0 deve\u00adnir sup\u00adpor\u00adtable et&nbsp;m\u00eame<br>\nagr\u00e9able&nbsp;; en second lieu, que le tra\u00advail devrait \u00eatre<br>\norga\u00adni\u00ads\u00e9 par ceux qui le four\u00adnissent r\u00e9ellement.<\/span><\/font><\/font><\/p>\n<p style=\"margin-right: 0.62cm; text-indent: 1.53cm; margin-bottom: 0cm;\" align=\"justify\">\n<font face=\"Garamond, serif\"><font style=\"font-size: 13pt;\" size=\"3\"><span lang=\"fr-FR\">Les<br>\nanar\u00adchistes s\u2019accordent avec les mar\u00adxistes pour dire que le travail<br>\ndans la soci\u00e9\u00adt\u00e9 actuelle ali\u00e8ne le travailleur.<br>\nCe n\u2019est pas sa vie, mais ce qu\u2019il fait pour pou\u00advoir vivre&nbsp;;&nbsp;sa<br>\nvie est ce qu\u2019il fait en dehors du tra\u00advail, et lorsqu\u2019il fait<br>\nquelque chose qui lui fait plai\u00adsir il ne l\u2019appelle pas travail.<br>\nC\u2019est vrai de la plu\u00adpart des tra\u00advaux que font la plu\u00adpart des&nbsp;gens,<br>\npar\u00adtout, et c\u2019est s\u00fbre\u00adment vrai d\u2019une quan\u00adti\u00adt\u00e9&nbsp;de<br>\ntra\u00advaux qu\u2019ont fait une quan\u00adti\u00adt\u00e9 de gens \u00e0 toutes les<br>\n\u00e9poques. Le labeur fati\u00adgant et r\u00e9p\u00e9\u00adti\u00adtif qu\u2019il<br>\nfaut effec\u00adtuer pour faire pous\u00adser des plantes et pros\u00adp\u00e9\u00adrer&nbsp;des<br>\nani\u00admaux, pour faire mar\u00adcher des branches indus\u00adtrielles ou&nbsp;des<br>\ntrans\u00adports, pour pro\u00adcu\u00adrer aux gens ce qu\u2019ils d\u00e9si\u00adrent&nbsp;et<br>\npour leur enle\u00adver ce dont ils ne veulent pas, ce labeur ne peut&nbsp;\u00eatre<br>\nabo\u00adli sans une chute radi\u00adcale du niveau de vie mat\u00e9\u00adriel&nbsp;;&nbsp;et<br>\nl\u2019automation, qui peut dimi\u00adnuer la fatigue, aug\u00admente encore la<br>\nr\u00e9p\u00e9\u00adti\u00adtion. Mais les anar\u00adchistes affirment que&nbsp;la<br>\nsolu\u00adtion n\u2019est pas de condi\u00adtion\u00adner les gens \u00e0 croire que<br>\ncette situa\u00adtion est in\u00e9vi\u00adtable&nbsp;; ce qu\u2019il faut faire, c\u2019est<br>\nr\u00e9or\u00adga\u00adni\u00adser le tra\u00advail essen\u00adtiel de telle sorte que,&nbsp;en<br>\npre\u00admier lieu, il soit nor\u00admal que chaque per\u00adsonne capable en fasse&nbsp;sa<br>\npart et qu\u2019elle n\u2019y passe pas plus de quelques heures par&nbsp;jour&nbsp;;<br>\nen second lieu, qu\u2019il soit pos\u00adsible \u00e0 cha\u00adcun d\u2019alterner<br>\nentre dif\u00adf\u00e9\u00adrents types de tra\u00advaux ennuyeux, qui par&nbsp;leur<br>\nvari\u00e9\u00adt\u00e9 per\u00addront un peu de leur ennui. Ce n\u2019est&nbsp;pas<br>\nseule\u00adment une ques\u00adtion de parts \u00e9qui\u00adtables pour cha\u00adcun,&nbsp;mais<br>\naus\u00adsi de tra\u00advaux \u00e9quivalents.<\/span><\/font><\/font><\/p>\n<p style=\"margin-right: 0.62cm; text-indent: 1.53cm; margin-bottom: 0cm;\" align=\"justify\">\n<font face=\"Garamond, serif\"><font style=\"font-size: 13pt;\" size=\"3\"><span lang=\"fr-FR\">Les<br>\nanar\u00adchistes s\u2019accordent aus\u00adsi avec les syn\u00addi\u00adca\u00adlistes pour dire&nbsp;que<br>\nle tra\u00advail doit \u00eatre orga\u00adni\u00ads\u00e9 par les tra\u00advailleurs. Cela<br>\nne veut pas dire que la classe ouvri\u00e8re\u200a\u2014\u200aou les syndicats,<br>\nou un par\u00adti de la classe ouvri\u00e8re (c\u2019est-\u00e0-dire un<br>\npar\u00adti qui pr\u00e9\u00adtende la repr\u00e9\u00adsen\u00adter)\u200a\u2014\u200aorganise<br>\nl\u2019\u00e9conomie et ait un contr\u00f4le ultime sur le travail.<br>\nCela ne veut pas dire non plus, \u00e0 une \u00e9chelle plus<br>\npetite, que le per\u00adson\u00adnel d\u2019une usine puisse \u00e9lire&nbsp;le<br>\ndirec\u00adteur ou voir les comptes. Cela veut sim\u00adple\u00adment dire que les&nbsp;gens<br>\nqui ont une t\u00e2che par\u00adti\u00adcu\u00adli\u00e8re contr\u00f4lent<br>\ntota\u00adle\u00adment et direc\u00adte\u00adment ce qu\u2019ils font, sans patrons ni<br>\ndirec\u00adteurs ni ins\u00adpec\u00adteurs. Cer\u00adtains peuvent faire de&nbsp;bons<br>\ncoor\u00addi\u00adna\u00adteurs, et ils peuvent se bor\u00adner \u00e0 faire de&nbsp;la<br>\ncoor\u00addi\u00adna\u00adtion, mais il n\u2019est pas n\u00e9ces\u00adsaire qu\u2019ils aient<br>\naucun pou\u00advoir sur ceux qui four\u00adnissent le tra\u00advail&nbsp;r\u00e9el.<br>\nD\u2019autres peuvent \u00eatre pares\u00adseux ou inef\u00adfi\u00adcaces, mais il y&nbsp;en<br>\na d\u00e9j\u00e0 aujourd\u2019hui. Il faut arri\u00adver \u00e0 avoir&nbsp;le<br>\nplus grand contr\u00f4le pos\u00adsible sur son propre tra\u00advail, aus\u00adsi&nbsp;bien<br>\nque sur sa propre vie.<\/span><\/font><\/font><\/p>\n<p style=\"margin-right: 0.62cm; text-indent: 1.53cm; margin-bottom: 0cm;\" align=\"justify\">\n<font face=\"Garamond, serif\"><font style=\"font-size: 13pt;\" size=\"3\"><span lang=\"fr-FR\">Ce<br>\nprin\u00adcipe s\u2019applique \u00e0 toutes les sortes de tra\u00advail\u200a\u2014\u200aaux<br>\nchamps comme en usine, dans de grandes ou de petites entre\u00adprises, \u00e0<br>\ndes t\u00e2ches qua\u00adli\u00adfi\u00e9es ou non, et \u00e0 des travaux<br>\nsalis\u00adsants comme aux pro\u00adfes\u00adsions lib\u00e9\u00adrales\u200a\u2014\u200aet ce n\u2019est<br>\npas qu\u2019une mesure utile pour rendre les ouvriers heu\u00adreux,&nbsp;mais<br>\nc\u2019est un prin\u00adcipe fon\u00adda\u00admen\u00adtal pour toute \u00e9co\u00adno\u00admie lib\u00e9r\u00e9e.<br>\nOn objec\u00adte\u00adra imm\u00e9\u00addia\u00adte\u00adment que le contr\u00f4le total&nbsp;des<br>\ntra\u00advailleurs m\u00e8ne\u00adra \u00e0 une comp\u00e9tition<br>\nd\u00e9sas\u00adtreuse entre les divers<b> <\/b>lieux de tra\u00advail et&nbsp;\u00e0<br>\nla pro\u00adduc\u00adtion de biens inutiles&nbsp;; on r\u00e9pon\u00addra imm\u00e9diatement<br>\nque le manque total de contr\u00f4le ouvrier conduit exac\u00adte\u00adment&nbsp;\u00e0<br>\ncette situa\u00adtion. Ce qu\u2019il faut, c\u2019est une planification<br>\nintel\u00adli\u00adgente, et mal\u00adgr\u00e9 ce que l\u2019on semble pen\u00adser celle-ci<br>\nne repose pas sur un contr\u00f4le plus \u00e9ten\u00addu au som\u00admet&nbsp;mais<br>\nsur une infor\u00adma\u00adtion plus \u00e9ten\u00addue \u00e0 la&nbsp;base.<\/span><\/font><\/font><\/p>\n<p style=\"margin-right: 0.62cm; text-indent: 1.53cm; margin-bottom: 0cm;\" align=\"justify\">\n<font face=\"Garamond, serif\"><font style=\"font-size: 13pt;\" size=\"3\"><span lang=\"fr-FR\">La<br>\nplu\u00adpart des \u00e9co\u00adno\u00admistes se sont pr\u00e9\u00adoc\u00adcu\u00adp\u00e9s de&nbsp;la<br>\npro\u00adduc\u00adtion plus que de la consom\u00adma\u00adtion\u200a\u2014\u200ade la fabri\u00adca\u00adtion&nbsp;des<br>\nbiens plu\u00adt\u00f4t que de leur uti\u00adli\u00adsa\u00adtion. Les gens de gauche et&nbsp;de<br>\ndroite veulent tous que la pro\u00adduc\u00adtion aug\u00admente, soit pour que&nbsp;les<br>\nriches s\u2019enrichissent, soit pour que l\u2019Etat se ren\u00adforce, et il&nbsp;en<br>\nr\u00e9sulte une sur\u00adpro\u00adduc\u00adtion c\u00f4toyant la pauvret\u00e9,<br>\nune pro\u00adduc\u00adti\u00advi\u00adt\u00e9 crois\u00adsante avec un ch\u00f4\u00admage croissant,<br>\nde plus hauts b\u00e2ti\u00adments admi\u00adnis\u00adtra\u00adtifs en m\u00eame&nbsp;temps<br>\nqu\u2019une crise du loge\u00adment, de plus grandes mois\u00adsons&nbsp;\u00e0<br>\nl\u2019hectare avec de plus en plus d\u2019hectares en friche. Les<br>\nanar\u00adchistes se pr\u00e9\u00adoc\u00adcupent plus de la consom\u00adma\u00adtion que de&nbsp;la<br>\npro\u00adduc\u00adtion\u200a\u2014\u200ade l\u2019utilisation des biens pour satis\u00adfaire&nbsp;les<br>\nbesoins de tous plu\u00adt\u00f4t que pour aug\u00admen\u00adter les pro\u00adfits&nbsp;des<br>\nriches et des puissants.<\/span><\/font><\/font><\/p>\n<p style=\"margin-right: 0.62cm; text-indent: 1.53cm; margin-bottom: 0cm;\" align=\"justify\" lang=\"fr-FR\">\n<font face=\"Garamond, serif\"><font style=\"font-size: 13pt;\" size=\"3\"><b>Le<br>\nn\u00e9ces\u00adsaire et le superflu<\/b><\/font><\/font><\/p>\n<p style=\"margin-right: 0.62cm; text-indent: 1.53cm; margin-bottom: 0cm;\" align=\"justify\">\n<font face=\"Garamond, serif\"><font style=\"font-size: 13pt;\" size=\"3\"><span lang=\"fr-FR\">Une<br>\nsoci\u00e9\u00adt\u00e9 qui pr\u00e9\u00adtend \u00e0 la d\u00e9cence<br>\nne peut pas auto\u00adri\u00adser l\u2019exploitation des besoins fon\u00adda\u00admen\u00adtaux.&nbsp;On<br>\npeut admettre que les objets de luxe soient ache\u00adt\u00e9s et vendus,<br>\npuisqu\u2019on a le choix de les uti\u00adli\u00adser ou non&nbsp;; mais les objets<br>\nn\u00e9ces\u00adsaires ne sont pas de pures mar\u00adchan\u00addises, puisqu\u2019on n\u2019a<br>\npas le choix de les uti\u00adli\u00adser ou non. S\u2019il faut reti\u00adrer quelque<br>\nchose du mar\u00adch\u00e9 com\u00admer\u00adcial et des mains des groupes<br>\nmono\u00adpo\u00adlis\u00adtiques, c\u2019est bien cer\u00adtai\u00adne\u00adment la terre sur laquelle nous<br>\nvivons, la nour\u00adri\u00adture qui y pousse, les mai\u00adsons qui y&nbsp;sont<br>\nconstruites, et les choses essen\u00adtielles qui consti\u00adtuent la&nbsp;base<br>\nmat\u00e9\u00adrielle de la vie humaine\u200a\u2014\u200av\u00eate\u00adments, outils,<br>\nmeubles, essence, etc. Il est aus\u00adsi \u00e9vident que, lorsqu\u2019une<br>\nchose n\u00e9ces\u00adsaire est abon\u00addante, cha\u00adcun devrait pou\u00advoir&nbsp;en<br>\nprendre autant qu\u2019il en a besoin&nbsp;; mais, lorsque quelque chose<br>\nmanque, il devrait y avoir un sys\u00adt\u00e8me de ration\u00adne\u00adment adopt\u00e9<br>\nlibre\u00adment, de telle sorte que cha\u00adcun ait une part \u00e9quitable.<br>\nIl y a \u00e9vi\u00addem\u00adment quelque chose de faux dans un syst\u00e8me<br>\no\u00f9 gas\u00adpillage et p\u00e9nu\u00adrie se c\u00f4toient, o\u00f9<br>\ncer\u00adtains ont plus que le n\u00e9ces\u00adsaire tan\u00addis que d\u2019autres<br>\nmanquent de&nbsp;tout.<\/span><\/font><\/font><\/p>\n<p style=\"margin-right: 0.62cm; text-indent: 1.53cm; margin-bottom: 0cm;\" align=\"justify\">\n<font face=\"Garamond, serif\"><font style=\"font-size: 13pt;\" size=\"3\"><span lang=\"fr-FR\">Par<br>\ndes\u00adsus tout, il est clair que le pre\u00admier devoir d\u2019une soci\u00e9t\u00e9<br>\nsaine est d\u2019\u00e9liminer la rare\u00adt\u00e9 des&nbsp;biens<br>\nindis\u00adpen\u00adsables\u200a\u2014\u200acomme le manque<b> <\/b>de nour\u00adri\u00adture dans les&nbsp;pays<br>\nsous-d\u00e9ve\u00adlop\u00adp\u00e9s et le manque de loge\u00adments dans les&nbsp;pays<br>\nd\u00e9ve\u00adlop\u00adp\u00e9s\u200a\u2014\u200apar l\u2019utilisation des connaissances<br>\ntech\u00adniques et des res\u00adsources sociales. Si les qua\u00adli\u00adfi\u00adca\u00adtions et&nbsp;la<br>\nforce de tra\u00advail exis\u00adtant en Angle\u00adterre ou en France, par exemple,<br>\n\u00e9taient conve\u00adna\u00adble\u00adment uti\u00adli\u00ads\u00e9es, il n\u2019y a pas&nbsp;de<br>\nrai\u00adson qu\u2019on ne puisse pro\u00adduire assez de nour\u00adri\u00adture et construire<br>\nassez de mai\u00adsons pour nour\u00adrir et loger toute la popu\u00adla\u00adtion. Ce n\u2019est<br>\npas le cas aujourd\u2019hui, parce que la soci\u00e9\u00adt\u00e9 actuelle<br>\na d\u2019autres prio\u00adri\u00adt\u00e9s, mais ce n\u2019est pas impos\u00adsible. On&nbsp;a<br>\npr\u00e9\u00adten\u00addu \u00e0 une \u00e9poque qu\u2019il&nbsp;\u00e9tait<br>\nimpos\u00adsible que cha\u00adcun soit habill\u00e9 conve\u00adna\u00adble\u00adment, et&nbsp;les<br>\npauvres por\u00adtaient des gue\u00adnilles&nbsp;; main\u00adte\u00adnant, on dis\u00adpose d\u2019une<br>\nquan\u00adti\u00adt\u00e9 de v\u00eate\u00adments, et on pour\u00adrait aus\u00adsi disposer<br>\nd\u2019une quan\u00adti\u00adt\u00e9 d\u2019autres choses.<\/span><\/font><\/font><\/p>\n<p style=\"margin-right: 0.62cm; text-indent: 1.53cm; margin-bottom: 0cm;\" align=\"justify\">\n<font face=\"Garamond, serif\"><font style=\"font-size: 13pt;\" size=\"3\"><span lang=\"fr-FR\">Le<br>\nluxe, par un \u00e9trange para\u00addoxe, est aus\u00adsi n\u00e9cessaire,<br>\nmais ce n\u2019est pas une n\u00e9ces\u00adsi\u00adt\u00e9 de base. Le second<br>\ndevoir d\u2019une soci\u00e9\u00adt\u00e9 saine est de rendre le&nbsp;luxe<br>\nacces\u00adsible libre\u00adment bien que ce soit un domaine o\u00f9 l\u2019argent<br>\npour\u00adrait avoir encore une fonc\u00adtion utile \u00e0 condi\u00adtion qu\u2019il<br>\nne soit pas dis\u00adtri\u00adbu\u00e9 selon le sys\u00adt\u00e8me ridi\u00adcule&nbsp;des<br>\npays capi\u00adta\u00adlistes, ou le sys\u00adt\u00e8me encore plus absurde des&nbsp;pays<br>\ncom\u00admu\u00adnistes. Le pro\u00adbl\u00e8me essen\u00adtiel est que cha\u00adcun ait&nbsp;acc\u00e8s<br>\nlibre\u00adment et \u00e9ga\u00adle\u00adment au luxe. Mais l\u2019homme ne vit pas&nbsp;de<br>\npain seule\u00adment, ni m\u00eame de g\u00e2teaux. Les anar\u00adchistes ne<br>\nvou\u00addraient pas voir toutes les acti\u00advi\u00adt\u00e9s de loisir,<br>\nintel\u00adlec\u00adtuelles, cultu\u00adrelles, etc., aux mains de la soci\u00e9t\u00e9<br>\u200a\u2014\u200am\u00eame de la soci\u00e9\u00adt\u00e9 la plus libertaire.<br>\nN\u00e9an\u00admoins, il y a des acti\u00advi\u00adt\u00e9s qui ne peuvent \u00eatre<br>\nlais\u00ads\u00e9es aux indi\u00advi\u00addus grou\u00adp\u00e9s en asso\u00adcia\u00adtions libres<br>\nmais qui doivent \u00eatre g\u00e9r\u00e9es par la soci\u00e9t\u00e9<br>\ntout enti\u00e8re. Ce sont les ser\u00advices sociaux, l\u2019entraide au<br>\ndel\u00e0 des limites de la famille et des amis, en dehors du&nbsp;lieu<br>\nd\u2019habitation ou de tra\u00advail. Exa\u00admi\u00adnons trois de ces services.<\/span><\/font><\/font><\/p>\n<p style=\"margin-right: 0.62cm; text-indent: 1.53cm; margin-bottom: 0cm;\" align=\"justify\" lang=\"fr-FR\">\n<font face=\"Garamond, serif\"><font style=\"font-size: 13pt;\" size=\"3\"><b>La<br>\nsoci\u00e9\u00adt\u00e9 du bien-\u00eatre<\/b><\/font><\/font><\/p>\n<p style=\"margin-right: 0.62cm; text-indent: 1.53cm; margin-bottom: 0cm;\" align=\"justify\">\n<font face=\"Garamond, serif\"><font style=\"font-size: 13pt;\" size=\"3\"><span lang=\"fr-FR\">L\u2019\u00e9ducation<br>\nest tr\u00e8s impor\u00adtante dans les soci\u00e9\u00adt\u00e9s humaines,<br>\nparce que l\u2019homme met beau\u00adcoup de temps \u00e0 gran\u00addir et&nbsp;\u00e0<br>\napprendre les faits et les tech\u00adniques n\u00e9ces\u00adsaires \u00e0&nbsp;la<br>\nvie sociale, et des anar\u00adchistes se sont tou\u00adjours beau\u00adcoup int\u00e9ress\u00e9s<br>\naux pro\u00adbl\u00e8mes de l\u2019\u00e9ducation. Plu\u00adsieurs penseurs<br>\nanar\u00adchistes ont appor\u00adt\u00e9 des contri\u00adbu\u00adtions de valeur \u00e0<br>\nla th\u00e9o\u00adrie et \u00e0 la pra\u00adtique de l\u2019\u00e9ducation, et<br>\nplu\u00adsieurs r\u00e9for\u00adma\u00adteurs de l\u2019\u00e9ducation ont eu&nbsp;des<br>\nten\u00addances liber\u00adtaires\u200a\u2014\u200ade Rous\u00adseau et Pes\u00adta\u00adloz\u00adzi&nbsp;\u00e0<br>\nMon\u00adtes\u00adso\u00adri, A. S. Neill et Frei\u00adnet. Des id\u00e9es sur l\u2019\u00e9ducation<br>\nque l\u2019on croyait uto\u00adpiques sont main\u00adte\u00adnant int\u00e9gr\u00e9es<br>\n\u00e0<b> <\/b>l\u2019enseignement tant public que pri\u00adv\u00e9,&nbsp;et<br>\nl\u2019\u00e9ducation est peut-\u00eatre le domaine de la soci\u00e9t\u00e9<br>\nle plus enthou\u00adsias\u00admant pour ceux qui veulent mettre l\u2019anarchisme en<br>\npra\u00adtique. Si on nous dit que l\u2019anarchisme est une&nbsp;id\u00e9e<br>\nattrayante mais inap\u00adpli\u00adcable, nous n\u2019avons qu\u2019\u00e0 montrer<br>\nune \u00e9cole d\u2019avant-garde, une classe d\u2019adaptation<br>\npra\u00adti\u00adquant des m\u00e9thodes actives, un club de jeunes autog\u00e9r\u00e9.<br>\nCepen\u00addant, m\u00eame le meilleur sys\u00adt\u00e8me d\u2019\u00e9ducation<br>\nreste contr\u00f4\u00adl\u00e9 par les gens en place&nbsp;: enseignants,<br>\ndirec\u00adteurs, admi\u00adnis\u00adtra\u00adteurs, ins\u00adpec\u00adteurs, etc. Les adultes concern\u00e9s<br>\npar l\u2019\u00e9ducation ont g\u00e9n\u00e9\u00adra\u00adle\u00adment ten\u00addance&nbsp;\u00e0<br>\nen contr\u00f4\u00adler toutes les formes&nbsp;; en v\u00e9ri\u00adt\u00e9,&nbsp;il<br>\nn\u2019est pas n\u00e9ces\u00adsaire qu\u2019elle soit contr\u00f4l\u00e9e<br>\npar eux, ni \u00e0 plus forte rai\u00adson par les gens qui n\u2019ont&nbsp;rien<br>\n\u00e0 y&nbsp;voir.<\/span><\/font><\/font><\/p>\n<p style=\"margin-right: 0.62cm; text-indent: 1.53cm; margin-bottom: 0cm;\" align=\"justify\">\n<font face=\"Garamond, serif\"><font style=\"font-size: 13pt;\" size=\"3\"><span lang=\"fr-FR\">Les<br>\nanar\u00adchistes vou\u00addraient que les r\u00e9formes actuelles de<br>\nl\u2019enseignement aillent beau\u00adcoup plus loin. Il ne fau\u00addrait&nbsp;pas<br>\nseule\u00adment abo\u00adlir la dis\u00adci\u00adpline stricte et les ch\u00e2\u00adti\u00adments, il<br>\nfau\u00addrait abo\u00adlir toute dis\u00adci\u00adpline et toute puni\u00adtion. Il ne faudrait<br>\npas seule\u00adment que les ins\u00adti\u00adtu\u00adtions d\u2019enseignement soient d\u00e9livr\u00e9es<br>\ndu pou\u00advoir des auto\u00adri\u00adt\u00e9s ext\u00e9\u00adrieures, mais les \u00e9l\u00e8ves<br>\neux-m\u00eames devraient \u00eatre d\u00e9li\u00advr\u00e9s&nbsp;du<br>\npou\u00advoir des ensei\u00adgnants et des direc\u00adteurs. Dans une relation<br>\n\u00e9du\u00adca\u00adtive saine, le fait que l\u2019un en sache plus que l\u2019autre<br>\nn\u2019est pas une rai\u00adson pour que l\u2019enseignant ait une autorit\u00e9<br>\nquel\u00adconque sur l\u2019enseign\u00e9. Le sta\u00adtut des ma\u00eetres dans<br>\nla soci\u00e9\u00adt\u00e9 actuelle est bas\u00e9 sur l\u2019\u00e2ge,<br>\nla force, l\u2019exp\u00e9rience, la loi&nbsp;; mais le seul sta\u00adtut&nbsp;que<br>\ndevraient avoir les ma\u00eetres devrait \u00eatre bas\u00e9&nbsp;sur<br>\nleurs connais\u00adsances dans un domaine et leur capa\u00adci\u00adt\u00e9&nbsp;de<br>\nl\u2019enseigner, et fina\u00adle\u00adment sur leur capa\u00adci\u00adt\u00e9 d\u2019inspirer<br>\nl\u2019admiration et le res\u00adpect. Il ne faut pas tant un pou\u00advoir \u00e9tudiant<br>\u200a\u2014\u200abien qu\u2019il soit un utile cor\u00adrec\u00adtif au pou\u00advoir des enseignants<br>\net des bureau\u00adcrates\u200a\u2014\u200aqu\u2019un \u00ab&nbsp;contr\u00f4le ouvrier&nbsp;\u00bb<br>\nexer\u00adc\u00e9 par tous ceux qui sont concer\u00adn\u00e9s par&nbsp;une<br>\nins\u00adti\u00adtu\u00adtion \u00e9du\u00adca\u00adtive. Le pro\u00adbl\u00e8me essen\u00adtiel est&nbsp;de<br>\nbri\u00adser le cha\u00ee\u00adnon entre ensei\u00adgner et gou\u00adver\u00adner, et de lib\u00e9rer<br>\nl\u2019\u00e9ducation.<\/span><\/font><\/font><\/p>\n<p style=\"margin-right: 0.62cm; text-indent: 1.53cm; margin-bottom: 0cm;\" align=\"justify\">\n<font face=\"Garamond, serif\"><font style=\"font-size: 13pt;\" size=\"3\"><span lang=\"fr-FR\">Cette<br>\nrup\u00adture est en fait beau\u00adcoup plus proche dans le ser\u00advice m\u00e9dical<br>\nque dans l\u2019enseignement. Les doc\u00adteurs ne sont plus des magiciens,<br>\nles infir\u00admi\u00e8res ne sont plus des saintes&nbsp;; et dans bien&nbsp;des<br>\npays\u200a\u2014\u200aen par\u00adti\u00adcu\u00adlier en Angle\u00adterre\u200a\u2014\u200ale droit aux soins m\u00e9dicaux<br>\ngra\u00adtuits est garan\u00adti. Ce qui est n\u00e9ces\u00adsaire, c\u2019est&nbsp;une<br>\nexten\u00adsion du prin\u00adcipe de liber\u00adt\u00e9 \u00e9co\u00adno\u00admique au&nbsp;c\u00f4t\u00e9<br>\npoli\u00adtique de la m\u00e9de\u00adcine. Il fau\u00addrait qu\u2019on puisse aller<br>\npar\u00adtout \u00e0 l\u2019h\u00f4pital sans payer, et il fau\u00addrait&nbsp;aussi<br>\nqu\u2019on puisse tra\u00advailler dans les h\u00f4pi\u00adtaux sans hi\u00e9rarchie.<br>\nUne fois de plus, il faut un contr\u00f4le exer\u00adc\u00e9 par&nbsp;tous<br>\nles tra\u00advailleurs employ\u00e9s dans une ins\u00adti\u00adtu\u00adtion m\u00e9dicale.<br>\nDe m\u00eame que l\u2019enseignement est fait pour les \u00e9l\u00e8ves,<br>\nde m\u00eame les ser\u00advices m\u00e9di\u00adcaux sont faits pour&nbsp;les<br>\npatients.<\/span><\/font><\/font><\/p>\n<p style=\"margin-right: 0.62cm; text-indent: 1.53cm; margin-bottom: 0cm;\" align=\"justify\">\n<font face=\"Garamond, serif\"><font style=\"font-size: 13pt;\" size=\"3\"><span lang=\"fr-FR\">Le<br>\ntrai\u00adte\u00adment de la d\u00e9lin\u00adquance a aus\u00adsi beau\u00adcoup progress\u00e9,<br>\nmais il est encore loin d\u2019\u00eatre satis\u00adfai\u00adsant. Que pensent les<br>\nanar\u00adchistes de<b> <\/b>la d\u00e9lin\u00adquance&nbsp;? En pre\u00admier lieu,&nbsp;ils<br>\nconsi\u00add\u00e8rent que la plu\u00adpart de ceux qu\u2019on appelle criminels<br>\nsont comme les autres gens juste un peu plus pauvres, plus faibles,<br>\nplus fous, plus mal\u00adchan\u00adceux&nbsp;; en second lieu, que ceux qui nuisent<br>\nsans cesse aux autres ne devraient pas \u00eatre punis \u00e0&nbsp;leur<br>\ntour, mais qu\u2019il fau\u00addrait prendre soin d\u2019eux. Les plus grands<br>\ncri\u00admi\u00adnels ne sont pas les cam\u00adbrio\u00adleurs mais les patrons, pas&nbsp;les<br>\ngang\u00adsters mais les gou\u00adver\u00adnants, pas les meur\u00adtriers mais ceux&nbsp;qui<br>\nexter\u00adminent les masses. Quelques injus\u00adtices mineures sont mises&nbsp;au<br>\npilo\u00adri et punies par l\u2019\u00c9tat, tan\u00addis que les plus grandes<br>\ninjus\u00adtices de la soci\u00e9\u00adt\u00e9 actuelle sont dissimul\u00e9es<br>\net m\u00eame com\u00admises par l\u2019\u00c9tat lui-m\u00eame. En<br>\ng\u00e9n\u00e9\u00adral, la puni\u00adtion cause un plus grand mal&nbsp;\u00e0<br>\nla soci\u00e9\u00adt\u00e9 que le crime&nbsp;; elle est plus syst\u00e9matique,<br>\nmieux orga\u00adni\u00ads\u00e9e, et beau\u00adcoup plus effi\u00adcace. N\u00e9anmoins,<br>\nm\u00eame la soci\u00e9\u00adt\u00e9 la plus liber\u00adtaire devra&nbsp;se<br>\npro\u00adt\u00e9\u00adger contre quelques per\u00adsonnes, et cela impliquera<br>\nfor\u00adc\u00e9\u00adment une cer\u00adtaine contrainte. Mais le trai\u00adte\u00adment propre<br>\nde la d\u00e9lin\u00adquance fera par\u00adtie du sys\u00adt\u00e8me \u00e9ducatif<br>\net cura\u00adtif et ne sera pas un sys\u00adt\u00e8me&nbsp;p\u00e9nal<br>\nins\u00adti\u00adtu\u00adtion\u00adna\u00adli\u00ads\u00e9. En der\u00adnier res\u00adsort, on n\u2019imposera pas<br>\nl\u2019emprisonnement ni la mort, mais le boy\u00adcott ou l\u2019expulsion.<\/span><\/font><\/font><\/p>\n<p style=\"margin-right: 0.62cm; text-indent: 1.53cm; margin-bottom: 0cm;\" align=\"justify\" lang=\"fr-FR\">\n<font face=\"Garamond, serif\"><font style=\"font-size: 13pt;\" size=\"3\"><b>Le<br>\npluralisme<\/b><\/font><\/font><\/p>\n<p style=\"margin-right: 0.62cm; text-indent: 1.53cm; margin-bottom: 0cm;\" align=\"justify\">\n<font face=\"Garamond, serif\"><font style=\"font-size: 13pt;\" size=\"3\"><span lang=\"fr-FR\">Le<br>\ncontraire peut aus\u00adsi arri\u00adver. Un indi\u00advi\u00addu ou un groupe peut refuser<br>\nde se joindre \u00e0 la meilleure soci\u00e9\u00adt\u00e9 possible,<br>\nou il peut insis\u00adter pour la quit\u00adter&nbsp;; rien ne sau\u00adrait l\u2019arr\u00eater.<br>\nTh\u00e9o\u00adri\u00adque\u00adment, un homme peut sub\u00adve\u00adnir seul \u00e0&nbsp;ses<br>\nbesoins, bien qu\u2019en pra\u00adtique il d\u00e9pende de la communaut\u00e9<br>\nqui lui four\u00adnit du mat\u00e9\u00adriau et prend ses pro\u00adduits en \u00e9change&nbsp;;<br>\nil est donc dif\u00adfi\u00adcile de se suf\u00adfire lit\u00adt\u00e9\u00adra\u00adle\u00adment&nbsp;\u00e0<br>\nsoi-m\u00eame. Une soci\u00e9\u00adt\u00e9 col\u00adlec\u00adti\u00adviste ou communiste<br>\ndevra tol\u00e9\u00adrer et m\u00eame encou\u00adra\u00adger les&nbsp;zones<br>\nd\u2019individualisme. Ce qui serait inac\u00adcep\u00adtable, ce serait qu\u2019une<br>\nper\u00adsonne ind\u00e9\u00adpen\u00addante essaie d\u2019exploiter la force de travail<br>\ndes autres en les enga\u00adgeant \u00e0 des salaires injustes, ou<br>\nqu\u2019elle \u00e9change des pro\u00adduits \u00e0 de faux prix. Cela&nbsp;ne<br>\ndoit pas arri\u00adver, parce qu\u2019on ne tra\u00advaille\u00adra g\u00e9n\u00e9ralement<br>\npas ni n\u2019ach\u00e8tera de pro\u00adduits au pro\u00adfit d\u2019autrui, mais<br>\nseule\u00adment au sien propre&nbsp;; et de m\u00eame qu\u2019aucune loi<br>\nn\u2019interdira l\u2019appropriation, aucune n\u2019interdira l\u2019expropriation<br>\u200a\u2014\u200aon pour\u00adra prendre ce qu\u2019on vou\u00addra \u00e0 autrui, mais&nbsp;il<br>\npour\u00adra le reprendre. L\u2019autorit\u00e9 et la propri\u00e9t\u00e9<br>\npour\u00adront dif\u00adfi\u00adci\u00adle\u00adment \u00eatre retrou\u00adv\u00e9es par des individus<br>\nisol\u00e9s.<\/span><\/font><\/font><\/p>\n<p style=\"margin-right: 0.62cm; text-indent: 1.53cm; margin-bottom: 0cm;\" align=\"justify\">\n<font face=\"Garamond, serif\"><font style=\"font-size: 13pt;\" size=\"3\"><span lang=\"fr-FR\">Un<br>\nplus grand dan\u00adger peut venir de groupes ind\u00e9\u00adpen\u00addants. Une<br>\ncom\u00admu\u00adnau\u00adt\u00e9 s\u00e9pa\u00adr\u00e9e pour\u00adra faci\u00adle\u00adment exister<br>\ndans une soci\u00e9\u00adt\u00e9, et pour\u00adra pro\u00advo\u00adquer de graves<br>\nten\u00adsions&nbsp;; si elle retourne au sys\u00adt\u00e8me de propri\u00e9t\u00e9<b><br>\n<\/b>et d\u2019autorit\u00e9, ce qui pour\u00adra aug\u00admen\u00adter le stan\u00addard&nbsp;de<br>\nvie d\u2019une mino\u00adri\u00adt\u00e9, d\u2019autres seront ten\u00adt\u00e9s&nbsp;de<br>\nrejoindre les s\u00e9pa\u00adra\u00adtistes, par\u00adti\u00adcu\u00adli\u00e8\u00adre\u00adment si&nbsp;la<br>\nsoci\u00e9\u00adt\u00e9 dans son ensemble tra\u00adverse une dure p\u00e9riode.<\/span><\/font><\/font><\/p>\n<p style=\"margin-right: 0.62cm; text-indent: 1.53cm; margin-bottom: 0cm;\" align=\"justify\">\n<font face=\"Garamond, serif\"><font style=\"font-size: 13pt;\" size=\"3\"><span lang=\"fr-FR\">Mais<br>\nune soci\u00e9\u00adt\u00e9 libre doit \u00eatre plu\u00adra\u00adliste, et<br>\ntol\u00e9\u00adrer non seule\u00adment des dif\u00adf\u00e9\u00adrences d\u2019opinion sur<br>\nla mani\u00e8re de pra\u00adti\u00adquer la liber\u00adt\u00e9 et l\u2019\u00e9galit\u00e9,<br>\nmais encore des d\u00e9via\u00adtions \u00e0 sa th\u00e9o\u00adrie de&nbsp;la<br>\nliber\u00adt\u00e9 et de l\u2019\u00e9galit\u00e9. La seule condition<br>\ndevrait \u00eatre que per\u00adsonne ne soit for\u00adc\u00e9 d\u2019adh\u00e9rer<br>\n\u00e0 aucune ten\u00addance contre son gr\u00e9, et il fau\u00addra&nbsp;l\u00e0<br>\nune sorte de contrainte pour pro\u00adt\u00e9\u00adger m\u00eame la&nbsp;plus<br>\nliber\u00adtaire des soci\u00e9\u00adt\u00e9s. Mais les anar\u00adchistes veulent<br>\nrem\u00adpla\u00adcer la soci\u00e9\u00adt\u00e9 de masse par une masse&nbsp;de<br>\nsoci\u00e9\u00adt\u00e9s, vivant ensemble aus\u00adsi libre\u00adment que&nbsp;leurs<br>\nmembres. Le plus grand dan\u00adger pour les soci\u00e9\u00adt\u00e9s libres<br>\nqui ont exis\u00adt\u00e9 n\u2019a pas \u00e9t\u00e9 la r\u00e9gression<br>\nint\u00e9\u00adrieure mais l\u2019agression ext\u00e9\u00adrieure, et le&nbsp;vrai<br>\npro\u00adbl\u00e8me n\u2019est pas tant de savoir com\u00adment faire mar\u00adcher&nbsp;une<br>\nsoci\u00e9\u00adt\u00e9 libre que de savoir com\u00adment la faire d\u00e9marrer.<\/span><\/font><\/font><\/p>\n<p style=\"margin-right: 0.62cm; text-indent: 1.53cm; margin-bottom: 0cm;\" align=\"justify\" lang=\"fr-FR\">\n<font face=\"Garamond, serif\"><font style=\"font-size: 13pt;\" size=\"3\"><b>R\u00e9vo\u00adlu\u00adtion<br>\nou r\u00e9forme<\/b><\/font><\/font><\/p>\n<p style=\"margin-right: 0.62cm; text-indent: 1.53cm; margin-bottom: 0cm;\" align=\"justify\">\n<font face=\"Garamond, serif\"><font style=\"font-size: 13pt;\" size=\"3\"><span lang=\"fr-FR\">Les<br>\nanar\u00adchistes ont tra\u00addi\u00adtion\u00adnel\u00adle\u00adment \u00e9t\u00e9 par\u00adti\u00adsans d\u2019une<br>\nr\u00e9vo\u00adlu\u00adtion vio\u00adlente pour \u00e9ta\u00adblir une soci\u00e9t\u00e9<br>\nlibre, mais cer\u00adtains d\u2019entre eux ont reje\u00adt\u00e9 la vio\u00adlence, ou<br>\nla r\u00e9vo\u00adlu\u00adtion, ou les deux \u00e0 la fois\u200a\u2014\u200ala violence<br>\nest si sou\u00advent sui\u00advie d\u2019une contre-vio\u00adlence, et la r\u00e9volution<br>\nd\u2019une contre-r\u00e9vo\u00adlu\u00adtion. D\u2019autre part, peu d\u2019anarchistes<br>\nont \u00e9t\u00e9 par\u00adti\u00adsans de simples r\u00e9formes, car&nbsp;ils<br>\nesti\u00admaient que, tant que le sys\u00adt\u00e8me d\u2019autorit\u00e9 et&nbsp;de<br>\npro\u00adpri\u00e9\u00adt\u00e9 existe, des chan\u00adge\u00adments super\u00adfi\u00adciels&nbsp;ne<br>\nmet\u00adtront jamais en dan\u00adger l\u2019infrastructure de la soci\u00e9t\u00e9.<br>\nLe dif\u00adfi\u00adcile, c\u2019est que ce que les anar\u00adchistes veulent est&nbsp;bien<br>\nr\u00e9vo\u00adlu\u00adtion\u00adnaire, mais une r\u00e9vo\u00adlu\u00adtion n\u2019am\u00e8nera<br>\npas n\u00e9ces\u00adsai\u00adre\u00adment\u200a\u2014\u200aet m\u00eame pro\u00adba\u00adble\u00adment pas\u200a\u2014\u200ace<br>\nqu\u2019ils veulent. Voi\u00adl\u00e0 pour\u00adquoi les anar\u00adchistes se&nbsp;sont<br>\nsou\u00advent r\u00e9so\u00adlus \u00e0 des actions d\u00e9sesp\u00e9r\u00e9es<br>\nou sont tom\u00adb\u00e9s dans une inac\u00adti\u00advi\u00adt\u00e9 sans espoir.<\/span><\/font><\/font><\/p>\n<p style=\"margin-right: 0.62cm; text-indent: 1.53cm; margin-bottom: 0cm;\" align=\"justify\">\n<font face=\"Garamond, serif\"><font style=\"font-size: 13pt;\" size=\"3\"><span lang=\"fr-FR\">Pra\u00adti\u00adque\u00adment,<br>\nla plu\u00adpart des dis\u00adputes entre les anar\u00adchistes r\u00e9for\u00admistes et<br>\nr\u00e9vo\u00adlu\u00adtion\u00adnaires sont vaines, car seuls les r\u00e9volutionnaires<br>\nles plus fana\u00adtiques refusent d\u2019accueillir favo\u00adra\u00adble\u00adment&nbsp;les<br>\nr\u00e9formes, tous savent bien que leur action ne m\u00e8nera<br>\ng\u00e9n\u00e9\u00adra\u00adle\u00adment \u00e0 rien de plus qu\u2019\u00e0&nbsp;des<br>\nr\u00e9formes et tous les r\u00e9for\u00admistes savent que leur action<br>\nm\u00e8ne en g\u00e9n\u00e9\u00adral \u00e0 une sorte&nbsp;de<br>\nr\u00e9vo\u00adlu\u00adtion. Ce que les anar\u00adchistes veulent, c\u2019est&nbsp;une<br>\npres\u00adsion constante qui am\u00e8ne la conver\u00adsion des indi\u00advi\u00addus,&nbsp;la<br>\nfor\u00adma\u00adtion de groupes, la r\u00e9forme d\u2019institutions, le<br>\nsou\u00adl\u00e8\u00adve\u00adment du peuple, et la des\u00adtruc\u00adtion de l\u2019autorit\u00e9<br>\net de la pro\u00adpri\u00e9\u00adt\u00e9.<b> <\/b>Si cela arri\u00advait&nbsp;sans<br>\nd\u00e9sordre, cela com\u00adble\u00adrait nos v\u0153ux, mais \u00e7a<b> <\/b>n\u2019est<br>\njamais arri\u00adv\u00e9, et n\u2019arrivera pro\u00adba\u00adble\u00adment jamais. Vient&nbsp;le<b><br>\n<\/b>moment o\u00f9 il faut sor\u00adtir et affron\u00adter les forces de l\u2019\u00c9tat<br>\ndans son<b> <\/b>quar\u00adtier, au tra\u00advail, dans les rues\u200a\u2014\u200aet si l\u2019\u00c9tat<br>\nest vain\u00adcu il fau\u00addra<b> <\/b>d\u2019autant plus conti\u00adnuer \u00e0&nbsp;agir<br>\npour emp\u00ea\u00adcher l\u2019\u00e9tablissement d\u2019un<b> <\/b>nou\u00advel<br>\n\u00c9tat et pour com\u00admen\u00adcer \u00e0 construire une soci\u00e9t\u00e9<br>\nlibre. Il<b> <\/b>y a une place pour cha\u00adcun dans ce pro\u00adces\u00adsus, et&nbsp;tous<br>\nles anar\u00adchistes trou\u00adve\u00adront quelque chose \u00e0 faire dans&nbsp;le<br>\ncom\u00adbat pour obte\u00adnir<b> <\/b>ce qu\u2019ils veulent.<\/span><\/font><\/font><\/p>\n<p style=\"margin-right: 0.62cm; text-indent: 1.53cm; margin-bottom: 0cm;\" align=\"justify\" lang=\"fr-FR\">\n<font face=\"Garamond, serif\"><font style=\"font-size: 13pt;\" size=\"3\"><strong><em><b>Que<br>\nfont les anarchistes&nbsp;?<\/b><\/em><\/strong><\/font><\/font><\/p>\n<p style=\"margin-right: 0.62cm; text-indent: 1.53cm; margin-bottom: 0cm;\" align=\"justify\">\n<font face=\"Garamond, serif\"><font style=\"font-size: 13pt;\" size=\"3\"><span lang=\"fr-FR\">La<br>\npre\u00admi\u00e8re chose que font les anar\u00adchistes, c\u2019est pen\u00adser&nbsp;et<br>\npar\u00adler. Peu de gens sont anar\u00adchistes de nais\u00adsance, et c\u2019est&nbsp;une<br>\nexp\u00e9\u00adrience trou\u00adblante de le deve\u00adnir, qui implique un<br>\nconsi\u00add\u00e9\u00adrable bou\u00adle\u00adver\u00adse\u00adment \u00e9mo\u00adtif et intel\u00adlec\u00adtuel.&nbsp;Un<br>\nanar\u00adchiste conscient est tou\u00adjours dans une situa\u00adtion dif\u00adfi\u00adcile (\u00e0<br>\npeu pr\u00e8s, disons, comme un ath\u00e9e dans l\u2019Europe<br>\nm\u00e9di\u00e9\u00advale); c\u2019est dif\u00adfi\u00adcile de fran\u00adchir les barri\u00e8res<br>\nde la pen\u00ads\u00e9e et de per\u00adsua\u00adder les gens que la n\u00e9cessit\u00e9<br>\ndu gou\u00adver\u00adne\u00adment (comme l\u2019existence de Dieu) ne va pas de soi,&nbsp;mais<br>\npeut \u00eatre mise en ques\u00adtion et m\u00eame reje\u00adt\u00e9e.&nbsp;Un<br>\nanar\u00adchiste doit \u00e9la\u00adbo\u00adrer com\u00adpl\u00e8\u00adte\u00adment une nouvelle<br>\nvision du monde et une nou\u00advelle mani\u00e8re d\u2019y agir&nbsp;; cela&nbsp;se<br>\nfait en g\u00e9n\u00e9\u00adral dans des conver\u00adsa\u00adtions avec des&nbsp;gens<br>\nqui sont anar\u00adchistes ou proches de l\u2019anarchisme, particuli\u00e8rement<br>\ndans des groupes ou des acti\u00advi\u00adt\u00e9s de gauche.<\/span><\/font><\/font><\/p>\n<p style=\"margin-right: 0.62cm; text-indent: 1.53cm; margin-bottom: 0cm;\" align=\"justify\">\n<font face=\"Garamond, serif\"><font style=\"font-size: 13pt;\" size=\"3\"><span lang=\"fr-FR\">D\u2019ailleurs,<br>\nm\u00eame l\u2019anarchiste le plus dog\u00adma\u00adtique a des contacts avec&nbsp;des<br>\nnon-anar\u00adchistes, et ces contacts sont in\u00e9vi\u00adta\u00adble\u00adment autant<br>\nd\u2019occasions de dif\u00adfu\u00adser ses id\u00e9es. Dans sa famille, avec&nbsp;ses<br>\namis, chez lui, au tra\u00advail, tout anar\u00adchiste qui n\u2019est&nbsp;pas<br>\nuni\u00adque\u00adment \u00ab&nbsp;phi\u00adlo\u00adso\u00adphique&nbsp;\u00bb est forc\u00e9ment<br>\ninfluen\u00adc\u00e9. Sans que ce soit abso\u00adlu, les anar\u00adchistes sont&nbsp;en<br>\ng\u00e9n\u00e9\u00adral moins ennuy\u00e9s que les autres gens&nbsp;par<br>\ndes pro\u00adbl\u00e8mes tels que la fid\u00e9\u00adli\u00adt\u00e9 de&nbsp;leur<br>\nconjoint, l\u2019ob\u00e9issance de leurs enfants, le confor\u00admisme&nbsp;de<br>\nleurs voi\u00adsins ou la ponc\u00adtua\u00adli\u00adt\u00e9 de leurs col\u00adl\u00e8gues. Les<br>\nemploy\u00e9s et les citoyens anar\u00adchistes aiment moins faire&nbsp;ce<br>\nqu\u2019on leur dit, et les ensei\u00adgnants et les parents aiment moins<br>\nobli\u00adger les autres \u00e0 faire ce qu\u2019ils leurs disent. Un<br>\nanar\u00adchisme qui ne trans\u00adpa\u00adra\u00eet pas dans la vie priv\u00e9e<br>\nn\u2019est pas vrai\u00adment digne de confiance.<\/span><\/font><\/font><\/p>\n<p style=\"margin-right: 0.62cm; text-indent: 1.53cm; margin-bottom: 0cm;\" align=\"justify\">\n<font face=\"Garamond, serif\"><font style=\"font-size: 13pt;\" size=\"3\"><span lang=\"fr-FR\">Il<br>\nsuf\u00adfit \u00e0 quelques anar\u00adchistes d\u2019avoir leurs id\u00e9es&nbsp;et<br>\nde limi\u00adter leurs opi\u00adnions \u00e0 leur propre vie, mais la plupart<br>\nveulent aller plus loin et influen\u00adcer autrui. Dans des discussions<br>\nsur des pro\u00adbl\u00e8mes sociaux ou poli\u00adtiques, ils am\u00e8nent le<br>\npoint de vue liber\u00adtaire, et dans les luttes publiques ils d\u00e9fendent<br>\nla solu\u00adtion liber\u00adtaire. Mais, pour avoir un impact r\u00e9el,&nbsp;il<br>\nfaut tra\u00advailler avec d\u2019autres anar\u00adchistes ou dans un groupe<br>\npoli\u00adtique qui ait une base plus per\u00adma\u00adnente que la simple ren\u00adcontre au<br>\nhasard. C\u2019est le com\u00admen\u00adce\u00adment de l\u2019organisation, qui&nbsp;m\u00e8ne<br>\n\u00e0 la pro\u00adpa\u00adgande et fina\u00adle\u00adment \u00e0 l\u2019action.<\/span><\/font><\/font><\/p>\n<p style=\"margin-right: 0.62cm; text-indent: 1.53cm; margin-bottom: 0cm;\" align=\"justify\">\n<font face=\"Garamond, serif\"><font style=\"font-size: 13pt;\" size=\"3\"><b><span lang=\"fr-FR\">L\u2019organisation<br>\net la propagande<\/span><\/b><\/font><\/font><\/p>\n<p style=\"margin-right: 0.62cm; text-indent: 1.53cm; margin-bottom: 0cm;\" align=\"justify\">\n<font face=\"Garamond, serif\"><font style=\"font-size: 13pt;\" size=\"3\"><span lang=\"fr-FR\">La<br>\nforme ini\u00adtiale de l\u2019organisation anar\u00adchiste est le groupe de<br>\ndis\u00adcus\u00adsion. S\u2019il se r\u00e9v\u00e8le viable, il se d\u00e9veloppera<br>\ndans deux direc\u00adtions\u200a\u2014\u200ail cr\u00e9e\u00adra des liens avec d\u2019autres<br>\ngroupes, et il \u00e9lar\u00adgi\u00adra son champ d\u2019activit\u00e9. Les<br>\nliens avec d\u2019autres groupes peuvent fina\u00adle\u00adment mener \u00e0&nbsp;une<br>\nesp\u00e8ce de f\u00e9d\u00e9\u00adra\u00adtion qui coor\u00addon\u00adne\u00adra les actions<br>\net en entre\u00adpren\u00addra de plus ambi\u00adtieuses. L\u2019activit\u00e9<br>\nanar\u00adchiste com\u00admence nor\u00adma\u00adle\u00adment par de la pro\u00adpa\u00adgande pour ame\u00adner&nbsp;\u00e0<br>\nl\u2019id\u00e9e anar\u00adchiste de base. Il y a deux fa\u00e7ons<br>\nprin\u00adci\u00adpales de le faire\u200a\u2014\u200ala pro\u00adpa\u00adgande par la parole et&nbsp;la<br>\npro\u00adpa\u00adgande par le&nbsp;fait.<\/span><\/font><\/font><\/p>\n<p style=\"margin-right: 0.62cm; text-indent: 1.53cm; margin-bottom: 0cm;\" align=\"justify\">\n<font face=\"Garamond, serif\"><font style=\"font-size: 13pt;\" size=\"3\"><span lang=\"fr-FR\">Les<br>\nmots peuvent \u00eatre \u00e9crits ou dits. Aujourd\u2019hui, les<br>\ndis\u00adcours sont moins enten\u00addus qu\u2019autrefois, mais les r\u00e9unions<br>\npubliques\u200a\u2014\u200aen salle ou \u00e0 l\u2019ext\u00e9rieur\u200a\u2014\u200arestent<br>\nune bonne m\u00e9thode pour atteindre direc\u00adte\u00adment les gens.&nbsp;Le<br>\nstade final, lorsqu\u2019on devient anar\u00adchiste, est nor\u00adma\u00adle\u00adment&nbsp;h\u00e2t\u00e9<br>\npar des contacts per\u00adson\u00adnels, et une assem\u00adbl\u00e9e peut en fournir<br>\nl\u2019occasion. Autant qu\u2019\u00e0 des assembl\u00e9es<br>\nsp\u00e9\u00adci\u00adfi\u00adque\u00adment anar\u00adchistes, il vaut la peine d\u2019assister \u00e0<br>\nd\u2019autres r\u00e9unions pour y ame\u00adner le point de vue libertaire,<br>\nen pre\u00adnant part aux dis\u00adcours ou en les interrompant.<\/span><\/font><\/font><\/p>\n<p style=\"margin-right: 0.62cm; text-indent: 1.53cm; margin-bottom: 0cm;\" align=\"justify\">\n<font face=\"Garamond, serif\"><font style=\"font-size: 13pt;\" size=\"3\"><span lang=\"fr-FR\">Le<br>\nv\u00e9hi\u00adcule de la parole le plus per\u00adfec\u00adtion\u00adn\u00e9 aujourd\u2019hui<br>\nest \u00e9vi\u00addem\u00adment la radio et la t\u00e9l\u00e9\u00advi\u00adsion.&nbsp;Mais<br>\nce sont des moyens de pro\u00adpa\u00adgande assez peu satis\u00adfai\u00adsants, car ils&nbsp;ne<br>\nsont pas faits pour com\u00admu\u00adni\u00adquer des id\u00e9es peu famili\u00e8res<br>\nou expli\u00adquer des posi\u00adtions poli\u00adtiques. L\u2019anarchisme pas\u00adse\u00adra&nbsp;plus<br>\neffi\u00adca\u00adce\u00adment \u00e0 la radio si on raconte une his\u00adtoire dont&nbsp;on<br>\nsug\u00adg\u00e8re la morale. C\u2019est vrai aus\u00adsi d\u2019autres moyens de<br>\ndif\u00adfu\u00adsion comme le cin\u00e9\u00adma ou le th\u00e9\u00e2tre, par<br>\nles\u00adquels des per\u00adsonnes dou\u00e9es peuvent faire une propagande<br>\nextr\u00ea\u00adme\u00adment effi\u00adcace. En g\u00e9n\u00e9\u00adral, cepen\u00addant,&nbsp;les<br>\nanar\u00adchistes n\u2019ont pas su uti\u00adli\u00adser ces moyens comme on aurait pu&nbsp;le<br>\nsouhaiter.<\/span><\/font><\/font><\/p>\n<p style=\"margin-right: 0.62cm; text-indent: 1.53cm; margin-bottom: 0cm;\" align=\"justify\">\n<font face=\"Garamond, serif\"><font style=\"font-size: 13pt;\" size=\"3\"><span lang=\"fr-FR\">De<br>\ntoute fa\u00e7on, aus\u00adsi effi\u00adcace que soit la pro\u00adpa\u00adgande par&nbsp;la<br>\nparole, les \u00e9crits sont n\u00e9ces\u00adsaires pour compl\u00e9ter<br>\nle mes\u00adsage, et c\u2019est la forme de pro\u00adpa\u00adgande, hier&nbsp;comme<br>\naujourd\u2019hui, la plus fr\u00e9\u00adquente. L\u2019id\u00e9e d\u2019une<br>\nsoci\u00e9\u00adt\u00e9 sans gou\u00adver\u00adne\u00adment a pu exis\u00adter de&nbsp;fa\u00e7on<br>\nsou\u00adter\u00adraine pen\u00addant des si\u00e8cles et \u00e9merger<br>\nocca\u00adsion\u00adnel\u00adle\u00adment dans des mou\u00adve\u00adments popu\u00adlaires radi\u00adcaux, mais&nbsp;ce<br>\nsont des \u00e9cri\u00advains comme God\u00adwin, Prou\u00addhon, Stir\u00adner qui l\u2019ont<br>\npour la pre\u00admi\u00e8re fois fait conna\u00eetre \u00e0&nbsp;des<br>\nmil\u00adliers de lec\u00adteurs. Et lorsque l\u2019id\u00e9e prit racine et<b><br>\n<\/b>s\u2019exprima dans des groupes orga\u00adni\u00ads\u00e9s, alors on&nbsp;vit<br>\npara\u00eetre ce d\u00e9luge de jour\u00adnaux et de bro\u00adchures qui&nbsp;reste<br>\nle prin\u00adci\u00adpal moyen de com\u00admu\u00adni\u00adca\u00adtion dans le mou\u00adve\u00adment anarchiste.<br>\nCer\u00adtaines de ces publi\u00adca\u00adtions furent excel\u00adlentes&nbsp;; la plu\u00adpart furent<br>\nplu\u00adt\u00f4t m\u00e9diocres&nbsp;; mais elles ont&nbsp;\u00e9t\u00e9<br>\nessen\u00adtielles pour affir\u00admer que le mou\u00adve\u00adment ne se repliait pas&nbsp;sur<br>\nlui-m\u00eame mais main\u00adte\u00adnait un dia\u00adlogue constant avec le&nbsp;monde<br>\next\u00e9\u00adrieur. Une fois de plus, autant que de pro\u00adduire des \u0153uvres<br>\nsp\u00e9\u00adci\u00adfi\u00adque\u00adment anar\u00adchistes, il vaut la peine de contri\u00adbuer&nbsp;\u00e0<br>\nd\u2019autres p\u00e9rio\u00addiques et d\u2019\u00e9crire d\u2019autres livres<br>\npour pro\u00adpo\u00adser un point de vue liber\u00adtaire \u00e0 des lec\u00adteurs&nbsp;non<br>\nanarchistes.<\/span><\/font><\/font><\/p>\n<p style=\"margin-right: 0.62cm; text-indent: 1.53cm; margin-bottom: 0cm;\" align=\"justify\">\n<font face=\"Garamond, serif\"><font style=\"font-size: 13pt;\" size=\"3\"><span lang=\"fr-FR\">Mais<br>\nles mots, dits et \u00e9crits, m\u00eame n\u00e9ces\u00adsaires, ne<br>\nsuf\u00adfisent jamais. Nous pou\u00advons par\u00adler et \u00e9crire en termes<br>\ng\u00e9n\u00e9\u00adraux autant que nous vou\u00adlons, cela ne nous m\u00e8nera<br>\n\u00e0 rien de soi-m\u00eame. Il faut donc aller au del\u00e0&nbsp;de<br>\nla simple pro\u00adpa\u00adgande de deux mani\u00e8res\u200a\u2014\u200aen dis\u00adcu\u00adtant&nbsp;des<br>\npro\u00adbl\u00e8mes par\u00adti\u00adcu\u00adliers au bon moment et d\u2019une mani\u00e8re<br>\nimm\u00e9\u00addia\u00adte\u00adment effi\u00adcace, ou en atti\u00adrant l\u2019attention par<br>\nquelque chose de plus spec\u00adta\u00adcu\u00adlaire que de simples paroles. La<br>\npre\u00admi\u00e8re mani\u00e8re est l\u2019agitation, la seconde la<br>\npro\u00adpa\u00adgande par le&nbsp;fait.<\/span><\/font><\/font><\/p>\n<p style=\"margin-right: 0.62cm; text-indent: 1.53cm; margin-bottom: 0cm;\" align=\"justify\">\n<font face=\"Garamond, serif\"><font style=\"font-size: 13pt;\" size=\"3\"><span lang=\"fr-FR\">L\u2019agitation<br>\nest le lieu o\u00f9 la th\u00e9o\u00adrie poli\u00adtique affronte la r\u00e9alit\u00e9<br>\npoli\u00adtique. L\u2019agitation anar\u00adchiste est utile lorsque les gens&nbsp;sont<br>\npar\u00adti\u00adcu\u00adli\u00e8\u00adre\u00adment r\u00e9cep\u00adtifs \u00e0 ce qu\u2019elle<br>\npro\u00adpose \u00e0 cause d\u2019une ten\u00adsion dans le syst\u00e8me<br>\n\u00e9ta\u00adtique\u200a\u2014\u200apen\u00addant des guerres civiles ou natio\u00adnales, des<br>\ncam\u00adpagnes contre l\u2019oppression ou des scan\u00addales publics \u2014, et&nbsp;elle<br>\nconsiste essen\u00adtiel\u00adle\u00adment en une pro\u00adpa\u00adgande rame\u00adn\u00e9e sur&nbsp;terre<br>\net ren\u00addue r\u00e9a\u00adli\u00adsable. Dans une situa\u00adtion o\u00f9 la prise&nbsp;de<br>\nconscience est rapide, les gens ne s\u2019int\u00e9ressent pas tant&nbsp;\u00e0<br>\ndes sp\u00e9\u00adcu\u00adla\u00adtions g\u00e9n\u00e9\u00adrales qu\u2019\u00e0&nbsp;des<br>\npro\u00adpo\u00adsi\u00adtions sp\u00e9\u00adci\u00adfiques. C\u2019est l\u2019occasion de mon\u00adtrer&nbsp;en<br>\nd\u00e9tail ce qui est faux dans le sys\u00adt\u00e8me actuel et<br>\ncom\u00adment l\u2019am\u00e9liorer. L\u2019agitation anar\u00adchiste a par\u00adfois&nbsp;\u00e9t\u00e9<br>\neffi\u00adcace, en par\u00adti\u00adcu\u00adlier en France, en Espagne et aux Etats-Unis<br>\navant la Pre\u00admi\u00e8re Guerre mon\u00addiale, en Rus\u00adsie, en Ita\u00adlie et&nbsp;en<br>\nChine apr\u00e8s la Pre\u00admi\u00e8re Guerre, en Espagne dans&nbsp;les<br>\nann\u00e9es 30.<\/span><\/font><\/font><\/p>\n<p style=\"margin-right: 0.62cm; text-indent: 1.53cm; margin-bottom: 0cm;\" align=\"justify\">\n<font face=\"Garamond, serif\"><font style=\"font-size: 13pt;\" size=\"3\"><span lang=\"fr-FR\">L\u2019id\u00e9e<br>\nde la pro\u00adpa\u00adgande par le fait est sou\u00advent mal com\u00adprise, tant par&nbsp;les<br>\nanar\u00adchistes que par leurs adver\u00adsaires. Lorsque cette expres\u00adsion&nbsp;fut<br>\nuti\u00adli\u00ads\u00e9e pour la pre\u00admi\u00e8re fois (dans les ann\u00e9es<br>\n1870), elle signi\u00adfiait mani\u00adfes\u00adta\u00adtions, \u00e9meutes, soul\u00e8vements,<br>\ninter\u00adpr\u00e9\u00adt\u00e9s comme des actions sym\u00adbo\u00adliques destin\u00e9es<br>\n\u00e0 gagner une publi\u00adci\u00adt\u00e9 utile plu\u00adt\u00f4t que&nbsp;des<br>\nsuc\u00adc\u00e8s imm\u00e9\u00addiats. L\u2019essentiel \u00e9tait que&nbsp;la<br>\npro\u00adpa\u00adgande ne consiste pas seule\u00adment en paroles sur ce qui devait<br>\n\u00eatre fait mais aus\u00adsi en infor\u00adma\u00adtions sur ce qui s\u2019\u00e9tait<br>\npas\u00ads\u00e9. Cela ne signi\u00adfiait pas \u00e0 l\u2019origine et&nbsp;ne<br>\nsigni\u00adfie tou\u00adjours pas vio\u00adlence, encore moins assas\u00adsi\u00adnat&nbsp;; mais,&nbsp;apr\u00e8s<br>\nla vague d\u2019attentats anar\u00adchistes dans les ann\u00e9es<b> <\/b>1890,<br>\nla pro\u00adpa\u00adgande par le fait a \u00e9t\u00e9 iden\u00adti\u00adfi\u00e9e&nbsp;dans<br>\nl\u2019esprit popu\u00adlaire \u00e0 des actes per\u00adson\u00adnels de vio\u00adlence, et<br>\ncette image ne s\u2019est pas encore effac\u00e9e.<\/span><\/font><\/font><\/p>\n<p style=\"margin-right: 0.62cm; text-indent: 1.53cm; margin-bottom: 0cm;\" align=\"justify\">\n<font face=\"Garamond, serif\"><font style=\"font-size: 13pt;\" size=\"3\"><span lang=\"fr-FR\">Cepen\u00addant,<br>\npour la plu\u00adpart des anar\u00adchistes aujourd\u2019hui, la pro\u00adpa\u00adgande par&nbsp;le<br>\nfait est plu\u00adt\u00f4t de nature non vio\u00adlente, ou au moins&nbsp;sans<br>\nvio\u00adlence, et s\u2019oppose aux bombes plu\u00adt\u00f4t qu\u2019elle ne&nbsp;les<br>\nd\u00e9fend. Elle est en fait reve\u00adnue \u00e0 sa signification<br>\npre\u00admi\u00e8re, bien qu\u2019elle ait ten\u00addance actuel\u00adle\u00adment&nbsp;\u00e0<br>\nprendre dif\u00adf\u00e9\u00adrentes formes\u200a\u2014\u200a\u00ab&nbsp;sit-ins&nbsp;\u00bb, gr\u00e8ves<br>\nsur le tas, occu\u00adpa\u00adtions, cha\u00adhuts orga\u00adni\u00ads\u00e9s et manifestations<br>\nsau\u00advages. La pro\u00adpa\u00adgande par le fait n\u2019est pas n\u00e9cessairement<br>\nill\u00e9\u00adgale, mais elle l\u2019est sou\u00advent. La d\u00e9sob\u00e9issance<br>\ncivile est un type par\u00adti\u00adcu\u00adlier de pro\u00adpa\u00adgande par le fait qui implique<br>\nl\u2019infraction ouverte et d\u00e9li\u00adb\u00e9\u00adr\u00e9e aux&nbsp;lois<br>\npour atti\u00adrer l\u2019attention. Beau\u00adcoup d\u2019anarchistes ne l\u2019aiment<br>\ngu\u00e8re, parce que c\u2019est une pro\u00advo\u00adca\u00adtion d\u00e9lib\u00e9r\u00e9e<br>\n\u00e0 la r\u00e9pres\u00adsion, ce qui est contraire au principe<br>\nanar\u00adchiste d\u2019\u00e9viter tout contact volon\u00adtaire avec&nbsp;les<br>\nauto\u00adri\u00adt\u00e9s&nbsp;; mais \u00e0 cer\u00adtains moments les anar\u00adchistes ont<br>\ntrou\u00adv\u00e9 que la d\u00e9so\u00adb\u00e9is\u00adsance civile \u00e9tait<br>\nune forme utile de propagande.<\/span><\/font><\/font><\/p>\n<p style=\"margin-right: 0.62cm; text-indent: 1.53cm; margin-bottom: 0cm;\" align=\"justify\">\n<font face=\"Garamond, serif\"><font style=\"font-size: 13pt;\" size=\"3\"><span lang=\"fr-FR\">L\u2019agitation,<br>\nsur\u00adtout quand elle r\u00e9us\u00adsit, et la pro\u00adpa\u00adgande par le&nbsp;fait,<br>\nsur\u00adtout quand elle est ill\u00e9\u00adgale, vont beau\u00adcoup plus loin&nbsp;que<br>\nla simple pro\u00adpa\u00adgande. L\u2019agitation incite \u00e0 l\u2019action, et&nbsp;la<br>\npro\u00adpa\u00adgande par le fait implique l\u2019action&nbsp;; c\u2019est l\u00e0 que&nbsp;les<br>\nanar\u00adchistes entrent dans le domaine de l\u2019action, et&nbsp;que<br>\nl\u2019anarchisme devient une chose s\u00e9rieuse.<\/span><\/font><\/font><\/p>\n<p style=\"margin-right: 0.62cm; text-indent: 1.53cm; margin-bottom: 0cm;\" align=\"justify\">\n<font face=\"Garamond, serif\"><font style=\"font-size: 13pt;\" size=\"3\"><b><span lang=\"fr-FR\">L\u2019action<\/span><\/b><\/font><\/font><\/p>\n<p style=\"margin-right: 0.62cm; text-indent: 1.53cm; margin-bottom: 0cm;\" align=\"justify\">\n<font face=\"Garamond, serif\"><font style=\"font-size: 13pt;\" size=\"3\"><span lang=\"fr-FR\">Le<br>\npas\u00adsage de la th\u00e9o\u00adrie anar\u00adchiste \u00e0 son application<br>\npra\u00adtique exige un chan\u00adge\u00adment de l\u2019organisation. Le groupe typique<br>\nde dis\u00adcus\u00adsion ou de pro\u00adpa\u00adgande, qui est faci\u00adle\u00adment ouvert \u00e0&nbsp;la<br>\npar\u00adti\u00adci\u00adpa\u00adtion ext\u00e9\u00adrieure et \u00e0 l\u2019observation par&nbsp;les<br>\nauto\u00adri\u00adt\u00e9s, et qui est fon\u00add\u00e9 sur la libre action de<br>\ncha\u00adcun, devient plus exclu\u00adsif et plus for\u00admel. C\u2019est un moment<br>\ndan\u00adge\u00adreux, puisque une atti\u00adtude trop rigide conduit \u00e0&nbsp;\u00eatre<br>\nauto\u00adri\u00adtaire et sec\u00adtaire, tan\u00addis qu\u2019une atti\u00adtude trop&nbsp;l\u00e2che<br>\nconduit \u00e0 \u00eatre confus et irres\u00adpon\u00adsable. C\u2019est encore<br>\nplus dan\u00adge\u00adreux du fait que, d\u00e8s que l\u2019anarchisme devient une<br>\nchose s\u00e9rieuse, les anar\u00adchistes deviennent une s\u00e9rieuse<br>\nmenace pour les auto\u00adri\u00adt\u00e9s, et que la vraie pers\u00e9cution<br>\ncommence.<\/span><\/font><\/font><\/p>\n<p style=\"margin-right: 0.62cm; text-indent: 1.53cm; margin-bottom: 0cm;\" align=\"justify\">\n<font face=\"Garamond, serif\"><font style=\"font-size: 13pt;\" size=\"3\"><span lang=\"fr-FR\">La<br>\nforme habi\u00adtuelle d\u2019action anar\u00adchiste est l\u2019agitation en<br>\npar\u00adti\u00adcu\u00adlier en par\u00adti\u00adci\u00adpant \u00e0 une cam\u00adpagne. Celle-ci peut&nbsp;\u00eatre<br>\nr\u00e9for\u00admiste, lut\u00adter pour<b> <\/b>quelque chose qui ne changera<br>\npas tout le sys\u00adt\u00e8me, ou r\u00e9vo\u00adlu\u00adtion\u00adnaire, pour&nbsp;un<br>\nchan\u00adge\u00adment du sys\u00adt\u00e8me lui-m\u00eame&nbsp;; elle peut&nbsp;\u00eatre<br>\nl\u00e9gale ou ill\u00e9\u00adgale, ou les deux \u00e0 la&nbsp;fois,<br>\nvio\u00adlente, non vio\u00adlente, ou sim\u00adple\u00adment sans vio\u00adlence. Elle peut&nbsp;avoir<br>\nune chance de r\u00e9us\u00adsir ou aucune d\u00e8s le d\u00e9part.<br>\nLes anar\u00adchistes peuvent \u00eatre des acteurs impor\u00adtants ou&nbsp;m\u00eame<br>\nles acteurs prin\u00adci\u00adpaux de cette cam\u00adpagne, ou ils peuvent simplement<br>\n\u00eatre un des nom\u00adbreux groupes qui y par\u00adti\u00adcipent. On pense&nbsp;tout<br>\nde suite \u00e0 une grande vari\u00e9\u00adt\u00e9 de possibilit\u00e9s<br>\nd\u2019action, et depuis un si\u00e8cle les anar\u00adchistes les ont toutes<br>\nessay\u00e9es. La forme d\u2019action qui a \u00e9t\u00e9 la&nbsp;plus<br>\nheu\u00adreuse et la plus typique est l\u2019action directe.<\/span><\/font><\/font><\/p>\n<p style=\"margin-right: 0.62cm; text-indent: 1.53cm; margin-bottom: 0cm;\" align=\"justify\">\n<font face=\"Garamond, serif\"><font style=\"font-size: 13pt;\" size=\"3\"><span lang=\"fr-FR\">L\u2019id\u00e9e<br>\nde l\u2019action directe est elle aus\u00adsi sou\u00advent mal com\u00adprise, tant&nbsp;par<br>\nles anar\u00adchistes que par leurs adver\u00adsaires. Lorsque cette expression<br>\nfut uti\u00adli\u00ads\u00e9e pour la pre\u00admi\u00e8re fois (dans les ann\u00e9es<br>\n1890), elle ne signi\u00adfiait pas autre chose que le contraire de<br>\nl\u2019action \u00ab&nbsp;poli\u00adtique&nbsp;\u00bb\u200a\u2014\u200ac\u2019est-\u00e0-dire<br>\npar\u00adle\u00admen\u00adtaire \u2014; et dans le contexte du mou\u00adve\u00adment ouvrier, cela<br>\nsigni\u00adfiait action \u00ab&nbsp;indus\u00adtrielle&nbsp;\u00bb, en par\u00adti\u00adcu\u00adlier gr\u00e8ves,<br>\nboy\u00adcot\u00adtage et sabo\u00adtage, que l\u2019on voyait comme des pr\u00e9parations<br>\net des r\u00e9p\u00e9\u00adti\u00adtions de la r\u00e9vo\u00adlu\u00adtion. L\u2019essentiel<br>\n\u00e9tait que l\u2019action ne soit pas effectu\u00e9e<br>\nindi\u00adrec\u00adte\u00adment par des repr\u00e9\u00adsen\u00adtants mais direc\u00adte\u00adment par&nbsp;ceux<br>\nqui sont le plus \u00e9troi\u00adte\u00adment englo\u00adb\u00e9s dans&nbsp;une<br>\nsitua\u00adtion, qu\u2019elle porte direc\u00adte\u00adment sur cette situa\u00adtion,&nbsp;et<br>\nqu\u2019elle soit des\u00adti\u00adn\u00e9e \u00e0 abou\u00adtir \u00e0 un certain<br>\nsuc\u00adc\u00e8s plu\u00adt\u00f4t qu\u2019\u00e0 une simple publicit\u00e9.<\/span><\/font><\/font><\/p>\n<p style=\"margin-right: 0.62cm; text-indent: 1.53cm; margin-bottom: 0cm;\" align=\"justify\">\n<font face=\"Garamond, serif\"><font style=\"font-size: 13pt;\" size=\"3\"><span lang=\"fr-FR\">Cela<br>\npour\u00adrait sem\u00adbler assez clair, mais on a sou\u00advent confon\u00addu l\u2019action<br>\ndirecte avec la pro\u00adpa\u00adgande par le fait et sur\u00adtout avec&nbsp;la<br>\nd\u00e9so\u00adb\u00e9is\u00adsance civile. En r\u00e9a\u00adli\u00adt\u00e9,&nbsp;la<br>\ntech\u00adnique de l\u2019action directe a \u00e9t\u00e9 d\u00e9velopp\u00e9e<br>\ndans le mou\u00adve\u00adment syn\u00addi\u00adca\u00adliste fran\u00ad\u00e7ais en r\u00e9action<br>\ncontre les tech\u00adniques extr\u00e9\u00admistes de la pro\u00adpa\u00adgande par&nbsp;le<br>\nfait&nbsp;; plu\u00adt\u00f4t que de se lais\u00adser entra\u00ee\u00adner \u00e0&nbsp;des<br>\nmou\u00adve\u00adments spec\u00adta\u00adcu\u00adlaires mais inef\u00adfi\u00adcaces, les syn\u00addi\u00adcats avanc\u00e8rent<br>\ndans le tra\u00advail terne mais effi\u00adcace\u200a\u2014\u200adu moins en th\u00e9orie.<br>\nMais \u00e0 mesure que le mou\u00adve\u00adment syn\u00addi\u00adca\u00adliste crois\u00adsait&nbsp;et<br>\nentrait en conflit avec le sys\u00adt\u00e8me en France, en Espagne, en<br>\nIta\u00adlie, aux \u00c9tats-Unis et en Rus\u00adsie, l\u2019action directe se&nbsp;mit<br>\n\u00e0 prendre la m\u00eame fonc\u00adtion que les actes de propagande<br>\npar le fait. Puis, lorsque Gand\u00adhi don\u00adna le nom d\u2019action directe \u00e0<br>\nce qui \u00e9tait en fait une forme non vio\u00adlente de d\u00e9sob\u00e9issance<br>\ncivile, les trois phases se confon\u00addirent et finirent par signifier<br>\npresque la m\u00eame chose\u200a\u2014\u200atoute forme d\u2019activit\u00e9<br>\npoli\u00adtique qui s\u2019oppose \u00e0 la loi ou du moins se place&nbsp;en<br>\ndehors des r\u00e8gles constitutionnelles.<\/span><\/font><\/font><\/p>\n<p style=\"margin-right: 0.62cm; text-indent: 1.53cm; margin-bottom: 0cm;\" align=\"justify\">\n<font face=\"Garamond, serif\"><font style=\"font-size: 13pt;\" size=\"3\"><span lang=\"fr-FR\">Tou\u00adte\u00adfois,<br>\npour la plu\u00adpart des anar\u00adchistes, l\u2019action directe garde son&nbsp;sens<br>\nori\u00adgi\u00adnel, quoique \u00e0 c\u00f4t\u00e9 des formes<br>\ntra\u00addi\u00adtion\u00adnelles elle en adopte de nou\u00advelles\u200a\u2014\u200aoccu\u00adpa\u00adtion de&nbsp;bases<br>\nmili\u00adtaires, d\u2019universit\u00e9s, de mai\u00adsons inhabit\u00e9es,<br>\nd\u2019usines, par exemple. Ce qui la rend particuli\u00e8rement<br>\nattrayante, c\u2019est qu\u2019elle est ad\u00e9\u00adquate aux principes<br>\nliber\u00adtaires autant qu\u2019\u00e0 elle-m\u00eame. La plu\u00adpart&nbsp;des<br>\nformes d\u2019action poli\u00adtique par des groupes d\u2019opposition ont&nbsp;pour<br>\nbut de prendre le pou\u00advoir&nbsp;: quelques groupes uti\u00adlisent les techniques<br>\nde l\u2019action directe, mais d\u00e8s qu\u2019ils prennent le pouvoir<br>\nil les aban\u00addonnent et de plus inter\u00addisent \u00e0 d\u2019autres groupes<br>\nde les uti\u00adli\u00adser. Les anar\u00adchistes sont par\u00adti\u00adsans de l\u2019action directe<br>\n\u00e0 tous moments&nbsp;; ils y voient l\u2019action natu\u00adrelle, l\u2019action<br>\nqui se ren\u00adforce elle-m\u00eame et aug\u00admente \u00e0 mesure qu\u2019on<br>\nl\u2019utilise, l\u2019action qui peut \u00eatre employ\u00e9e pour<br>\ncr\u00e9er et faire vivre une soci\u00e9\u00adt\u00e9&nbsp;libre.<\/span><\/font><\/font><\/p>\n<p style=\"margin-right: 0.62cm; text-indent: 1.53cm; margin-bottom: 0cm;\" align=\"justify\">\n<font face=\"Garamond, serif\"><font style=\"font-size: 13pt;\" size=\"3\"><span lang=\"fr-FR\">Mais<br>\nil y a des anar\u00adchistes qui ne croient pas en la pos\u00adsi\u00adbi\u00adli\u00adt\u00e9&nbsp;de<br>\ncr\u00e9er une soci\u00e9\u00adt\u00e9 libre, et par cons\u00e9quent<br>\nleurs actions dif\u00adf\u00e8rent de celles ci-des\u00adsus. Une des tendances<br>\npes\u00adsi\u00admistes les plus fortes dans l\u2019anarchisme est le nihi\u00adlisme. Ce<br>\nmot fut cr\u00e9\u00e9 par Tour\u00adgue\u00adniev (dans son roman <i>P\u00e8res<br>\net fils<\/i>) pour d\u00e9crire l\u2019attitude scep\u00adtique et m\u00e9prisante<br>\ndes jeunes popu\u00adlistes russes il y a un si\u00e8cle, mais il se&nbsp;mit<br>\n\u00e0 signi\u00adfier le point de vue qui d\u00e9nie toute valeur non<br>\nseule\u00adment \u00e0 l\u2019\u00c9tat ou la morale domi\u00adnante, mais&nbsp;\u00e0<br>\nla soci\u00e9\u00adt\u00e9 et \u00e0 l\u2019humanit\u00e9 m\u00eame&nbsp;;<br>\npour le nihi\u00adliste rigou\u00adreux, rien n\u2019est sacr\u00e9, pas&nbsp;m\u00eame<br>\nlui\u200a\u2014\u200aain\u00adsi il fait un pas de plus que l\u2019\u00e9go\u00efste le<br>\nplus convaincu.<\/span><\/font><\/font><\/p>\n<p style=\"margin-right: 0.62cm; text-indent: 1.53cm; margin-bottom: 0cm;\" align=\"justify\">\n<font face=\"Garamond, serif\"><font style=\"font-size: 13pt;\" size=\"3\"><span lang=\"fr-FR\">Une<br>\nforme extr\u00eame d\u2019action ins\u00adpi\u00adr\u00e9e par le nihi\u00adlisme&nbsp;est<br>\nle ter\u00adro\u00adrisme pour lui-m\u00eame plu\u00adt\u00f4t que par revanche ou<br>\npar pro\u00adpa\u00adgande. Les anar\u00adchistes n\u2019ont pas le mono\u00adpole de&nbsp;la<br>\nter\u00adreur, mais elle a sou\u00advent \u00e9t\u00e9 tr\u00e8s pris\u00e9e<br>\ndans quelques sec\u00adtions du mou\u00adve\u00adment. Apr\u00e8s l\u2019exp\u00e9rience<br>\nfrus\u00adtrante que repr\u00e9\u00adsente le pr\u00eache d\u2019une th\u00e9orie<br>\nmino\u00adri\u00adtaire dans une soci\u00e9\u00adt\u00e9 hos\u00adtile ou souvent<br>\nindif\u00adf\u00e9\u00adrente, il est ten\u00adtant d\u2019attaquer phy\u00adsi\u00adque\u00adment&nbsp;cette<br>\nsoci\u00e9\u00adt\u00e9. Cela ne peut pas chan\u00adger grand-chose \u00e0<br>\nl\u2019hostilit\u00e9, mais cela emp\u00ea\u00adche\u00adra s\u00fbrement<br>\nl\u2019indiff\u00e9rence&nbsp;; qu\u2019ils me ha\u00efssent pour\u00advu qu\u2019ils me<br>\ncraignent, voi\u00adl\u00e0 la ligne de pen\u00ads\u00e9e ter\u00adro\u00adriste. Mais&nbsp;si<br>\nl\u2019assassinat rai\u00adson\u00adn\u00e9 a \u00e9t\u00e9 impro\u00adduc\u00adtif,&nbsp;la<br>\nter\u00adreur au hasard a \u00e9t\u00e9 contre-pro\u00adduc\u00adtive, et ce n\u2019est<br>\npas trop dire que rien n\u2019a cau\u00ads\u00e9 plus de tort&nbsp;\u00e0<br>\nl\u2019anarchisme que le cou\u00adrant de vio\u00adlence psy\u00adcho\u00adpathe qui l\u2019a<br>\ntou\u00adjours tra\u00adver\u00ads\u00e9 et le tra\u00adverse encore.<\/span><\/font><\/font><\/p>\n<p style=\"margin-right: 0.62cm; text-indent: 1.53cm; margin-bottom: 0cm;\" align=\"justify\">\n<font face=\"Garamond, serif\"><font style=\"font-size: 13pt;\" size=\"3\"><span lang=\"fr-FR\">Une<br>\nforme att\u00e9\u00adnu\u00e9e d\u2019action ins\u00adpi\u00adr\u00e9e par&nbsp;le<br>\nnihi\u00adlisme est la boh\u00e8me, qui est un ph\u00e9nom\u00e8ne<br>\nconstant m\u00eame si son nom semble chan\u00adger \u00e0 cha\u00adcun de&nbsp;ses<br>\nava\u00adtars. Elle aus\u00adsi a \u00e9t\u00e9 pri\u00ads\u00e9e dans quelques<br>\nsec\u00adtions du mou\u00adve\u00adment anar\u00adchiste, et bien s\u00fbr aus\u00adsi en dehors.<br>\nAu lieu d\u2019attaquer la soci\u00e9\u00adt\u00e9, le boh\u00e8me s\u2019en<br>\n\u00e9chappe\u200a\u2014\u200aquoique, tout en vivant sans se confor\u00admer&nbsp;aux<br>\nvaleurs de cette soci\u00e9\u00adt\u00e9, il vit en g\u00e9n\u00e9ral<br>\npar elle et en elle. On a dit beau\u00adcoup de b\u00eatises \u00e0&nbsp;ce<br>\nsujet. Les boh\u00e8mes peuvent \u00eatre des para\u00adsites, mais<br>\nc\u2019est vrai de bien d\u2019autres<b> <\/b>gens. D\u2019autre part, ils&nbsp;ne<br>\nfont de mal \u00e0 per\u00adsonne, sauf \u00e0 eux-m\u00eames, ce&nbsp;qui<br>\nn\u2019est pas vrai de pas mal de monde. Ce qu\u2019on peut dire de mieux&nbsp;\u00e0<br>\nleur sujet, c\u2019est qu\u2019ils peuvent faire du bien en s\u2019amusant et<br>\nen met\u00adtant en ques\u00adtion les id\u00e9es re\u00e7ues d\u2019une mani\u00e8re<br>\nosten\u00adta\u00adtoire mais inno\u00adcente. Ce qu\u2019on peut dire de pire, c\u2019est<br>\nqu\u2019il ne peuvent pas r\u00e9el\u00adle\u00adment chan\u00adger la soci\u00e9t\u00e9<br>\net risquent de perdre leur \u00e9ner\u00adgie en essayant de le&nbsp;faire&nbsp;;<br>\nor, pour beau\u00adcoup d\u2019anarchistes, c\u2019est l\u00e0 le probl\u00e8me<br>\ncen\u00adtral de l\u2019anarchisme.<\/span><\/font><\/font><\/p>\n<p style=\"margin-right: 0.62cm; text-indent: 1.53cm; margin-bottom: 0cm;\" align=\"justify\" lang=\"fr-FR\">\n<font face=\"Garamond, serif\"><font style=\"font-size: 13pt;\" size=\"3\">Une<br>\nmani\u00e8re plus ad\u00e9\u00adquate et construc\u00adtive de s\u2019\u00e9vader<br>\nde la soci\u00e9\u00adt\u00e9, c\u2019est de la quit\u00adter et d\u2019organiser<br>\nune nou\u00advelle com\u00admu\u00adnau\u00adt\u00e9 autar\u00adcique. A cer\u00adtains moments, cela&nbsp;a<br>\n\u00e9t\u00e9 un ph\u00e9\u00adno\u00adm\u00e8ne tr\u00e8s r\u00e9pandu,<br>\npar\u00admi des enthou\u00adsiastes reli\u00adgieux au Moyen Age, par exemple, et&nbsp;parmi<br>\ndif\u00adf\u00e9\u00adrents groupes plus r\u00e9cem\u00adment, en par\u00adti\u00adcu\u00adlier&nbsp;en<br>\nAm\u00e9\u00adrique du Nord et en Pales\u00adtine. Les anar\u00adchistes ont&nbsp;\u00e9t\u00e9<br>\ntou\u00adch\u00e9s par cette ten\u00addance autre\u00adfois, mais plus&nbsp;gu\u00e8re<br>\naujourd\u2019hui&nbsp;; comme les autres groupes de gauche, ils pr\u00e9f\u00e8rent<br>\norga\u00adni\u00adser leur propre com\u00admu\u00adnau\u00adt\u00e9 infor\u00admelle, bas\u00e9e&nbsp;sur<br>\nun noyau de gens vivant et tra\u00advaillant ensemble \u00e0 l\u2019int\u00e9rieur<br>\nde la soci\u00e9\u00adt\u00e9, plu\u00adt\u00f4t que d\u2019en sor\u00adtir. On&nbsp;peut<br>\ny voir le noyau d\u2019une nou\u00advelle forme de soci\u00e9t\u00e9<br>\ngran\u00addis\u00adsant \u00e0 l\u2019int\u00e9rieur des vieilles formes, ou<br>\nbien une forme viable de refuge contre les exi\u00adgences de l\u2019autorit\u00e9,<br>\naccep\u00adtable pour le com\u00admun des mortels.<\/font><\/font><\/p>\n<p style=\"margin-right: 0.62cm; text-indent: 1.53cm; margin-bottom: 0cm;\" align=\"justify\" lang=\"fr-FR\">\n<font face=\"Garamond, serif\"><font style=\"font-size: 13pt;\" size=\"3\">Il<br>\ny a une autre forme d\u2019action bas\u00e9e sur une vue pes\u00adsi\u00admiste&nbsp;de<br>\nl\u2019avenir de l\u2019anarchisme, c\u2019est la pro\u00adtes\u00adta\u00adtion permanente.<br>\nSelon ce point de vue, il n\u2019y aucun espoir de chan\u00adger la soci\u00e9t\u00e9,<br>\nde d\u00e9truire le sys\u00adt\u00e8me \u00e9ta\u00adtique, ni de mettre<br>\nl\u2019anarchisme en pra\u00adtique. L\u2019important n\u2019est pas l\u2019avenir,<br>\nl\u2019adh\u00e9sion stricte \u00e0 un id\u00e9al fix\u00e9&nbsp;et<br>\nl\u2019\u00e9laboration soi\u00adgn\u00e9e d\u2019une belle uto\u00adpie, mais&nbsp;le<br>\npr\u00e9\u00adsent, la recon\u00adnais\u00adsance tar\u00addive d\u2019une&nbsp;am\u00e8re<br>\nr\u00e9a\u00adli\u00adt\u00e9 et la r\u00e9sis\u00adtance constante \u00e0&nbsp;une<br>\nsitua\u00adtion affreuse. La pro\u00adtes\u00adta\u00adtion per\u00adma\u00adnente est la th\u00e9orie<br>\nde beau\u00adcoup d\u2019anciens anar\u00adchistes qui n\u2019ont pas renon\u00adc\u00e9&nbsp;\u00e0<br>\nce qu\u2019ils croyaient mais n\u2019ont plus d\u2019espoir de r\u00e9ussir&nbsp;;<br>\nc\u2019est aus\u00adsi la pra\u00adtique de beau\u00adcoup d\u2019anarchistes actifs qui<br>\ngardent intact ce \u00e0 quoi ils croient et conti\u00adnuent comme s\u2019ils<br>\nesp\u00e9\u00adraient tou\u00adjours r\u00e9us\u00adsir, mais qui savent&nbsp;\u2014<br>\nconsciem\u00adment ou incons\u00adciem\u00adment\u200a\u2014\u200aqu\u2019ils ne ver\u00adront jamais le<br>\nsuc\u00adc\u00e8s. Ce que les anar\u00adchistes ont fait au si\u00e8cle<br>\nder\u00adnier peut \u00eatre d\u00e9crit comme une protestation<br>\nper\u00adma\u00adnente, quand on regarde en arri\u00e8re&nbsp;; mais c\u2019est&nbsp;tout<br>\naus\u00adsi dog\u00adma\u00adtique de dire que rien ne va jamais chan\u00adger que de&nbsp;dire<br>\nque tout doit in\u00e9vi\u00adta\u00adble\u00adment chan\u00adger, et per\u00adsonne ne peut&nbsp;dire<br>\nsi la pro\u00adtes\u00adta\u00adtion devien\u00addra effi\u00adcace, et si le pr\u00e9\u00adsent&nbsp;va<br>\nsou\u00addain nous devan\u00adcer. La dis\u00adtinc\u00adtion r\u00e9elle tient \u00e0&nbsp;ce<br>\nque la pro\u00adtes\u00adta\u00adtion per\u00adma\u00adnente est consi\u00add\u00e9\u00adr\u00e9e&nbsp;comme<br>\naction d\u2019arri\u00e8re-garde dans un cas sans espoir, tan\u00addis&nbsp;que<br>\nla plus grande par\u00adtie de l\u2019activit\u00e9 anar\u00adchiste est&nbsp;v\u00e9cue<br>\ncomme une action d\u2019avant-garde, ou au moins d\u2019\u00e9claireur,<br>\ndans un com\u00adbat que nous pou\u00advons ne pas gagner et qui peut ne jamais<br>\nfinir, mais qui vaut tou\u00adjours la peine d\u2019\u00eatre men\u00e9.<\/font><\/font><\/p>\n<p style=\"margin-right: 0.62cm; text-indent: 1.53cm; margin-bottom: 0cm;\" align=\"justify\" lang=\"fr-FR\">\n<font face=\"Garamond, serif\"><font style=\"font-size: 13pt;\" size=\"3\">Les<br>\nmeilleures tac\u00adtiques dans ce com\u00adbat sont celles qui sont conformes \u00e0<br>\nla stra\u00adt\u00e9\u00adgie g\u00e9n\u00e9\u00adrale de la guerre pour&nbsp;la<br>\nliber\u00adt\u00e9 et l\u2019\u00e9galit\u00e9, depuis les escarmouches<br>\nde gu\u00e9\u00adrilla dans la vie pri\u00adv\u00e9e jusqu\u2019aux batailles<br>\nran\u00adg\u00e9es dans les plus grandes luttes sociales. Les anarchistes<br>\nsont presque tou\u00adjours une petite mino\u00adri\u00adt\u00e9, ils ont&nbsp;donc<br>\nrare\u00adment le choix du champ de bataille, mais ils doivent combattre<br>\npar\u00adtout o\u00f9 il y a de l\u2019action. En g\u00e9n\u00e9\u00adral,&nbsp;les<br>\nocca\u00adsions les plus r\u00e9us\u00adsies ont \u00e9t\u00e9 celles o\u00f9<br>\nl\u2019agitation des anar\u00adchistes a conduit \u00e0 leur par\u00adti\u00adci\u00adpa\u00adtion&nbsp;\u00e0<br>\nde plus larges mou\u00adve\u00adments de gauche\u200a\u2014\u200aen par\u00adti\u00adcu\u00adlier dans&nbsp;le<br>\nmou\u00adve\u00adment ouvrier, mais aus\u00adsi dans des mou\u00adve\u00adments anti\u00admi\u00adli\u00adta\u00adristes ou<br>\nm\u00eame paci\u00adfistes dans des pays se pr\u00e9\u00adpa\u00adrant \u00e0&nbsp;des<br>\nguerres ou y par\u00adti\u00adci\u00adpant, dans des mou\u00adve\u00adments anti\u00adcl\u00e9\u00adri\u00adcaux&nbsp;ou<br>\nhuma\u00adnistes en pays reli\u00adgieux, des mou\u00adve\u00adments pour la lib\u00e9ration<br>\nnatio\u00adnale ou colo\u00adniale, pour l\u2019\u00e9galit\u00e9 raciale ou<br>\nsexuelle, pour la r\u00e9forme l\u00e9gale ou p\u00e9nale, ou<br>\npour les liber\u00adt\u00e9s civiles en g\u00e9n\u00e9ral.<\/font><\/font><\/p>\n<p style=\"margin-right: 0.62cm; text-indent: 1.53cm; margin-bottom: 0cm;\" align=\"justify\">\n<font face=\"Garamond, serif\"><font style=\"font-size: 13pt;\" size=\"3\"><span lang=\"fr-FR\">Une<br>\ntelle par\u00adti\u00adci\u00adpa\u00adtion implique in\u00e9vi\u00adta\u00adble\u00adment une alliance avec<br>\ndes groupes non anar\u00adchistes et cer\u00adtains com\u00adpro\u00admis, et ceux&nbsp;qui<br>\ns\u2019engagent pro\u00adfon\u00add\u00e9\u00adment dans de telles actions courent<br>\ntou\u00adjours le risque d\u2019abandonner m\u00eame l\u2019anarchisme. D\u2019autre<br>\npart, refu\u00adser de cou\u00adrir ce risque signi\u00adfie en g\u00e9n\u00e9ral<br>\nst\u00e9\u00adri\u00adli\u00adt\u00e9 et sec\u00adta\u00adrisme, et il semble que l\u2019influence<br>\ndu mou\u00adve\u00adment anar\u00adchiste a tou\u00adjours \u00e9t\u00e9 proportionnelle<br>\n\u00e0 son enga\u00adge\u00adment. La contri\u00adbu\u00adtion par\u00adti\u00adcu\u00adli\u00e8re&nbsp;des<br>\nanar\u00adchistes dans de telles occa\u00adsions a deux aspects\u200a\u2014\u200ainsis\u00adter&nbsp;sur<br>\nle but d\u2019une soci\u00e9\u00adt\u00e9 liber\u00adtaire, et insis\u00adter pour&nbsp;que<br>\ndes m\u00e9thodes liber\u00adtaires soient uti\u00adli\u00ads\u00e9es pour&nbsp;y<br>\npar\u00adve\u00adnir. C\u2019est en fait une seule contri\u00adbu\u00adtion, car ce que&nbsp;nous<br>\npou\u00advons sug\u00adg\u00e9\u00adrer de plus impor\u00adtant n\u2019est pas seule\u00adment&nbsp;que<br>\nla fin ne jus\u00adti\u00adfie pas les moyens, mais aus\u00adsi que les moyens<br>\nd\u00e9ter\u00adminent la fin\u200a\u2014\u200ales moyens sont des fins, dans&nbsp;la<br>\nplu\u00adpart des cas. Nous pou\u00advons \u00eatre s\u00fbrs de nos propres<br>\nactions, mais pas de leurs cons\u00e9quences.<\/span><\/font><\/font><\/p>\n<p style=\"margin-right: 0.62cm; text-indent: 1.53cm; margin-bottom: 0cm;\" align=\"justify\">\n<font face=\"Garamond, serif\"><font style=\"font-size: 13pt;\" size=\"3\"><span lang=\"fr-FR\">Les<br>\nanar\u00adchistes trouvent une bonne occa\u00adsion de don\u00adner \u00e0 la soci\u00e9t\u00e9<br>\nun \u00e9lan vers l\u2019anarchisme&nbsp;: c\u2019est la par\u00adti\u00adci\u00adpa\u00adtion active<br>\nsur de telles bases \u00e0 des mou\u00adve\u00adments non sec\u00adtaires comme&nbsp;le<br>\nMou\u00adve\u00adment du 22 mars en France, le SDS en Alle\u00admagne, les Pro\u00advos&nbsp;en<br>\nHol\u00adlande, le Comi\u00adt\u00e9 des 100 en Angle\u00adterre, les Zen\u00adga\u00adku\u00adren&nbsp;au<br>\nJapon, et les dif\u00adf\u00e9\u00adrents groupes pour les droits civiques, la<br>\nr\u00e9sis\u00adtance \u00e0 la guerre et pour le pou\u00advoir \u00e9tudiant<br>\naux \u00c9tats-Unis. Autre\u00adfois, la meilleure occa\u00adsion pour&nbsp;un<br>\nmou\u00adve\u00adment r\u00e9el vers l\u2019anarchisme \u00e9tait bien&nbsp;s\u00fbr<br>\ndans des \u00e9pi\u00adsodes de syn\u00addi\u00adca\u00adlisme mili\u00adtant en France, en<br>\nEspagne, en Ita\u00adlie, aux \u00c9tats-Unis et en Rus\u00adsie, et par-dessus<br>\ntout dans les r\u00e9vo\u00adlu\u00adtions russe et espa\u00adgnole&nbsp;; aujourd\u2019hui,<br>\nelle ne r\u00e9side plus tel\u00adle\u00adment dans les r\u00e9volutions<br>\nvio\u00adlentes et auto\u00adri\u00adtaires d\u2019Asie, d\u2019Afrique et d\u2019Am\u00e9rique<br>\nlatine, mais plu\u00adt\u00f4t dans des soul\u00e8vements<br>\ninsur\u00adrec\u00adtion\u00adnels comme ceux de Hon\u00adgrie en 1956 et de France en&nbsp;1968.<\/span><\/font><\/font><\/p>\n","protected":false},"excerpt":{"rendered":"<p>&nbsp; Pr\u00e9\u00adsen\u00adta\u00adtion Le mou\u00adve\u00adment anar\u00adchiste a aujourd\u2019hui cent ans, si on le fait na\u00eetre au moment o\u00f9 les bakou\u00adni\u00adnistes entr\u00e8rent dans l\u2019Association inter\u00adna\u00adtio\u00adnale des tra\u00advailleurs&nbsp;; depuis lors il s\u2019est \u00e9ten\u00addu \u00e0 plu\u00adsieurs pays du monde, res\u00adtant un mou\u00adve\u00adment mino\u00adri\u00adtaire et m\u00e9con\u00adnu, mais vivace. Une cer\u00adtaine force&nbsp;se d\u00e9gage de son his\u00adtoire, mais en m\u00eame temps de&nbsp;la&nbsp;[\u2026]<\/p>\n","protected":false},"author":1,"featured_media":0,"comment_status":"closed","ping_status":"closed","sticky":false,"template":"","format":"standard","meta":{"wp_typography_post_enhancements_disabled":false,"footnotes":""},"categories":[152],"tags":[],"ppma_author":[540],"class_list":["post-1382","post","type-post","status-publish","format-standard","hentry","category-anarchisme-et-non-violence-na18-19-octobre-1969"],"authors":[{"term_id":540,"user_id":1,"is_guest":0,"slug":"admin_3gikpwyf","display_name":"Vincent Dubuc","avatar_url":"https:\/\/secure.gravatar.com\/avatar\/d015720652c25fd2ced191ade86430094e1f288a17483713e3b34d26dea52507?s=96&d=mm&r=g","author_category":"","user_url":"https:\/\/la-presse-anarchiste.net","last_name":"Dubuc","first_name":"Vincent","job_title":"","description":""}],"_links":{"self":[{"href":"https:\/\/la-presse-anarchiste.net\/index.php\/wp-json\/wp\/v2\/posts\/1382","targetHints":{"allow":["GET"]}}],"collection":[{"href":"https:\/\/la-presse-anarchiste.net\/index.php\/wp-json\/wp\/v2\/posts"}],"about":[{"href":"https:\/\/la-presse-anarchiste.net\/index.php\/wp-json\/wp\/v2\/types\/post"}],"author":[{"embeddable":true,"href":"https:\/\/la-presse-anarchiste.net\/index.php\/wp-json\/wp\/v2\/users\/1"}],"replies":[{"embeddable":true,"href":"https:\/\/la-presse-anarchiste.net\/index.php\/wp-json\/wp\/v2\/comments?post=1382"}],"version-history":[{"count":0,"href":"https:\/\/la-presse-anarchiste.net\/index.php\/wp-json\/wp\/v2\/posts\/1382\/revisions"}],"wp:attachment":[{"href":"https:\/\/la-presse-anarchiste.net\/index.php\/wp-json\/wp\/v2\/media?parent=1382"}],"wp:term":[{"taxonomy":"category","embeddable":true,"href":"https:\/\/la-presse-anarchiste.net\/index.php\/wp-json\/wp\/v2\/categories?post=1382"},{"taxonomy":"post_tag","embeddable":true,"href":"https:\/\/la-presse-anarchiste.net\/index.php\/wp-json\/wp\/v2\/tags?post=1382"},{"taxonomy":"author","embeddable":true,"href":"https:\/\/la-presse-anarchiste.net\/index.php\/wp-json\/wp\/v2\/ppma_author?post=1382"}],"curies":[{"name":"wp","href":"https:\/\/api.w.org\/{rel}","templated":true}]}}