{"id":139,"date":"2007-02-09T13:42:22","date_gmt":"2007-02-09T13:42:22","guid":{"rendered":"https:\/\/la-presse-anarchiste.net\/index.php\/2007\/02\/09\/nationalisation-et-progres-social\/"},"modified":"2007-02-09T13:42:22","modified_gmt":"2007-02-09T13:42:22","slug":"nationalisation-et-progres-social","status":"publish","type":"post","link":"https:\/\/la-presse-anarchiste.net\/index.php\/2007\/02\/09\/nationalisation-et-progres-social\/","title":{"rendered":"Nationalisation et progr\u00e8s social"},"content":{"rendered":"<div class=\"pdfprnt-buttons pdfprnt-buttons-post pdfprnt-top-right\"><a href=\"https:\/\/la-presse-anarchiste.net\/index.php\/wp-json\/wp\/v2\/posts\/139?print=pdf\" class=\"pdfprnt-button pdfprnt-button-pdf\" target=\"_blank\"><img decoding=\"async\" src=\"https:\/\/la-presse-anarchiste.net\/wp-content\/plugins\/pdf-print\/images\/pdf.png\" alt=\"image_pdf\" title=\"Afficher le PDF\"><\/a><a href=\"https:\/\/la-presse-anarchiste.net\/index.php\/wp-json\/wp\/v2\/posts\/139?print=print\" class=\"pdfprnt-button pdfprnt-button-print\" target=\"_blank\"><img decoding=\"async\" src=\"https:\/\/la-presse-anarchiste.net\/wp-content\/plugins\/pdf-print\/images\/print.png\" alt=\"image_print\" title=\"Contenu imprim\u00e9\"><\/a><\/div><div align=\"justify\">\n\tComme on pou\u00advait l\u00e9gi\u00adti\u00adme\u00adment s\u2019y attendre, chez une nation qui sort \u00e0 peine d\u2019une longue p\u00e9riode de t\u00e9n\u00e8bres et d\u2019\u00e9\u00adcra\u00adse\u00adment, on voit se mani\u00adfes\u00adter des vel\u00adl\u00e9i\u00adt\u00e9s plus ou moins s\u00e9rieuses de s\u2019at\u00adta\u00adquer au pro\u00adbl\u00e8me social, qu\u2019a\u00advec une l\u00e9g\u00e8\u00adre\u00adt\u00e9 com\u00adbien cou\u00adpable on a lais\u00ads\u00e9 sans solu\u00adtion dans la p\u00e9riode qui a pr\u00e9\u00adc\u00e9\u00add\u00e9 la guerre, et sin\u00adgu\u00adli\u00e8\u00adre\u00adment depuis 1936.&nbsp;\n<p>\tPour qu\u2019on ne nous prenne pas pour des r\u00eaveurs, h\u00e2tons-nous de dire qu\u2019au <em>Liber\u00adtaire<\/em>, depuis long\u00adtemps, on ne conser\u00advait plus gu\u00e8re d\u2019illu\u00adsions sur la capa\u00adci\u00adt\u00e9 r\u00e9vo\u00adlu\u00adtion\u00adnaire du vieux socia\u00adlisme et du syn\u00addi\u00adca\u00adlisme offi\u00adciel. Leur impuis\u00adsance poli\u00adtique, leur usure, leur d\u00e9cr\u00e9\u00adpi\u00adtude n\u2019y ont-elles pas \u00e9t\u00e9 vigou\u00adreu\u00adse\u00adment d\u00e9non\u00adc\u00e9es, bien des ann\u00e9es avant la catas\u00adtrophe. Le socia\u00adlisme, au cours du demi-si\u00e8cle qui va de son uni\u00adt\u00e9 \u00e0 la guerre de 1939, n\u2019a su que tour\u00adner jus\u00adqu\u2019\u00e0 l\u2019a\u00adbru\u00adtis\u00adse\u00adment dans le cercle m\u00e9diocre de ses pr\u00e9\u00adoc\u00adcu\u00adpa\u00adtions \u00e9lec\u00adto\u00adrales. De cette morne et haras\u00adsante pla\u00adti\u00adtude, \u00e9mer\u00adgeaient les dis\u00adcus\u00adsions fas\u00adti\u00addieuses et vides sur le par\u00adle\u00admen\u00adta\u00adrisme, le muni\u00adci\u00adpa\u00adlisme, la la\u00ef\u00adci\u00adt\u00e9, les Droits de l\u2019Homme et autres abs\u00adtrac\u00adtions d\u00e9pour\u00advue de vie, sans oublier, au gr\u00e9 des mis\u00e9\u00adrables int\u00e9\u00adr\u00eats de poli\u00adti\u00adciens de can\u00adton, les que\u00adrelles rela\u00adtives \u00e0 la repr\u00e9\u00adsen\u00adta\u00adtion pro\u00adpor\u00adtion\u00adnelle et \u00e0 l\u2019ar\u00adron\u00addis\u00adse\u00adment. Le plus sub\u00adtil cou\u00adpeur de che\u00adveux en quatre e\u00fbt bien de la peine \u00e0 dif\u00adf\u00e9\u00adren\u00adcier le socia\u00adlisme d\u2019un par\u00adti r\u00e9pu\u00adt\u00e9 \u00ab&nbsp;bour\u00adgeois&nbsp;\u00bb comme le par\u00adti radi\u00adcal. Bref, si le socia\u00adlisme a mani\u00adfes\u00adt\u00e9 un sem\u00adblant de vie dans les ann\u00e9es qui ont pr\u00e9\u00adc\u00e9\u00add\u00e9 son uni\u00adt\u00e9, cette uni\u00adt\u00e9 a bel et bien \u00e9t\u00e9 son arr\u00eat de mort id\u00e9o\u00adlo\u00adgique. En r\u00e9a\u00adli\u00adt\u00e9 la mort du socia\u00adlisme se place en 1872, ann\u00e9e o\u00f9 la cote\u00adrie mar\u00adxiste tua d\u00e9li\u00adb\u00e9\u00adr\u00e9\u00adment la Pre\u00admi\u00e8re Inter\u00adna\u00adtio\u00adnale en excluant Bakou\u00adnine. Mais ceci est une autre histoire.&nbsp;<\/p>\n<p>\tPlus grave appa\u00adra\u00eet \u00e0 nos yeux l\u2019ab\u00addi\u00adca\u00adtion du syn\u00addi\u00adca\u00adlisme. Pour les r\u00e9vo\u00adlu\u00adtion\u00adnaires f\u00e9d\u00e9\u00adra\u00adlistes que nous sommes, \u00e7a a \u00e9t\u00e9 une grande et belle chose que le syn\u00addi\u00adca\u00adlisme r\u00e9vo\u00adlu\u00adtion\u00adnaire. Toute notre jeu\u00adnesse de mili\u00adtants a \u00e9t\u00e9 han\u00adt\u00e9e par les sou\u00adve\u00adnirs de cette p\u00e9riode dra\u00adma\u00adtique qui a vu la pr\u00e9\u00adten\u00addue \u00ab&nbsp;pen\u00ads\u00e9e r\u00e9vo\u00adlu\u00adtion\u00adnaire&nbsp;\u00bb faire place \u00e0 \u00ab&nbsp;l\u2019ac\u00adtion r\u00e9vo\u00adlu\u00adtion\u00adnaire , qui a assis\u00adt\u00e9 au triomphe de la virile morale de l\u2019ac\u00adtion directe sur les th\u00e8mes cau\u00adte\u00adleux et hypo\u00adcrites de la morale et de la d\u00e9mo\u00adcra\u00adtie bour\u00adgeoises, qui a connu Pel\u00adlou\u00adtier, Grif\u00adfuelhes, Yve\u00adtot, d\u2019autres encore, Je ne crois pas exa\u00adg\u00e9\u00adrer en disant que cette obses\u00adsion n\u2019a jamais ces\u00ads\u00e9 de peser et p\u00e8se encore, sur nous aujourd\u2019\u00adhui, quoique le pr\u00e9\u00adsent nous impose d\u2019autres devoirs que de rem\u00e2\u00adcher am\u00e8\u00adre\u00adment de m\u00e9lan\u00adco\u00adliques sou\u00adve\u00adnirs. Et ce n\u2019est certes pas nous qui, pour expli\u00adquer la d\u00e9ca\u00addence du syn\u00addi\u00adca\u00adlisme, allons nous conten\u00adter d\u2019in\u00adcri\u00admi\u00adner la tra\u00adhi\u00adson et l\u2019embourgeoisement de tel ou tel mili\u00adtant, Dumou\u00adlin par exemple&nbsp;: ce serait mini\u00admi\u00adser outra\u00adgeu\u00adse\u00adment ce syn\u00addi\u00adca\u00adlisme que nous avons vu si grand. Non, c\u2019est la nation enti\u00e8re qui souf\u00adfrait, et souffre encore, du mal bour\u00adgeois. C\u2019est le pay\u00adsan quit\u00adtant les champs pour la ville et pres\u00ads\u00e9 de tro\u00adquer la blouse contre le faux-col&nbsp;; c\u2019est l\u2019ou\u00advrier se conten\u00adtant, en 36, de reven\u00addi\u00adquer un second dimanche chaque semaine, un deuxi\u00e8me jour o\u00f9 sin\u00adger l\u2019oi\u00adsi\u00adve\u00adt\u00e9 bour\u00adgeoise, quand la R\u00e9vo\u00adlu\u00adtion sociale \u00e9tait \u00e0 faire. Ce sont les sales sophismes du socia\u00adlisme id\u00e9o\u00adlogue, poli\u00adti\u00adcien et intel\u00adlec\u00adtuel. C\u2019est tout cela qui explique les hon\u00adteuses d\u00e9faillances des quatre au cinq der\u00adni\u00e8res ann\u00e9es, qui explique que des hommes ne savaient plus depuis long\u00adtemps faire la d\u00e9mar\u00adca\u00adtion entre le bien et le mal, le vrai et le faux, l\u2019an\u00adti\u00adfas\u00adcisme et le fas\u00adcisme, se ven\u00addant Hit\u00adler apr\u00e8s avoir par\u00adfois encen\u00ads\u00e9 Roo\u00adse\u00advelt ou Sta\u00adline, H\u00e9&nbsp;! qu\u2019y avait-il donc de r\u00e9pr\u00e9\u00adhen\u00adsible l\u00e0 dedans, et que pou\u00advait bien signi\u00adfier le grand mot de pali\u00adno\u00addie pour des coeurs us\u00e9s par le scep\u00adti\u00adcisme bour\u00adgeois et le bureau\u00adcra\u00adtisme syndical&nbsp;?&nbsp;<\/p>\n<p>\tNous vou\u00adlons, nous devons \u00eatre justes Ain\u00adsi, nous recon\u00adnais\u00adsons que, apr\u00e8s la ruine, en 1940, de notre vieil \u00c9tat bour\u00adgeois et dans les com\u00adbats de la R\u00e9sis\u00adtance, des hommes jeunes et ardents ont sur\u00adgi qui, peu f\u00e9rus d\u2019i\u00add\u00e9o\u00adlo\u00adgie et de doc\u00adtrine, paraissent dis\u00adpo\u00ads\u00e9s \u00e0 sacri\u00adfier bien plus \u00e0 l\u2019ac\u00adtion qu\u2019aux jeux d\u00e9ce\u00advants de l\u2019es\u00adprit. Il n\u2019emp\u00eache qu\u2019il nous a bien fal\u00adlu assis\u00adter au retour ind\u00e9\u00adsi\u00adrable d\u2019une foule de vieux poli\u00adti\u00adciens et fai\u00adseurs de sys\u00adt\u00e8mes, les\u00adquels, forts de leur roue\u00adrie et de leur connais\u00adsance des ficelles de la poli\u00adtique, essaient de se r\u00e9ta\u00adblir dans leur ancienne situa\u00adtion, n\u2019ou\u00adbliant pas, comme il fal\u00adlait s\u2019y attendre, de faire du syn\u00addi\u00adca\u00adlisme le champ d\u2019ac\u00adtion de leurs dou\u00adteuses exp\u00e9\u00adriences. On recom\u00admence, h\u00e9las&nbsp;! \u00e0 par\u00adler de plans, et avant tout de la grande uto\u00adpie du si\u00e8cle&nbsp;: la Natio\u00adna\u00adli\u00adsa\u00adtion des industries-cl\u00e9s.&nbsp;<\/p>\n<p>\tElle para\u00eet avoir vu le jour une dizaine d\u2019an\u00adn\u00e9es avant la guerre, dans les bureaux de la C.G.T., ces bureaux o\u00f9, \u00e0 d\u00e9faut de la volon\u00adt\u00e9 d\u2019a\u00adgir on tuait le temps en \u00ab&nbsp;pen\u00adsant&nbsp;\u00bb et \u00ab&nbsp;repen\u00adsant&nbsp;\u00bb le syn\u00addi\u00adca\u00adlisme. Ce fut l\u2019\u00e2ge d\u2019or des gu\u00e9\u00adris\u00adseurs sociaux, et mar\u00adchands d\u2019or\u00advi\u00e9\u00adtan&nbsp;; arm\u00e9s de leurs pro\u00adjets infaillibles, ils se ru\u00e8rent sur le mou\u00adve\u00adment syn\u00addi\u00adcal comme essaim de gu\u00eapes sur un fruit m\u00fbr. Au plus m\u00e9diocre char\u00adla\u00adtan, les colonnes du <em>Peuple<\/em> \u00e9taient alors lar\u00adge\u00adment ouvertes, et MM.&nbsp;Lucien Lau\u00adrat et Delai\u00adsi fai\u00adsaient la pluie et le beau temps dans nos congr\u00e8s. Dom\u00admage que ces per\u00adson\u00adnages se soient impru\u00addem\u00adment com\u00adpro\u00admis dans la col\u00adla\u00adbo\u00adra\u00adtion, ils construi\u00adsaient de si belles et, sur\u00adtout, de si \u00ab&nbsp;ration\u00adnelles&nbsp;\u00bb machines.&nbsp;<\/p>\n<p>\tAus\u00adsi, comme on a per\u00addu depuis long\u00adtemps toute ori\u00adgi\u00adna\u00adli\u00adt\u00e9, on revient un si\u00e8cle en arri\u00e8re pour reprendre les th\u00e8mes archi-us\u00e9s du socia\u00adlisme qua\u00adrante-hui\u00adtard, et c\u2019est \u00e0 Fou\u00adrier, Cabet ou Consi\u00add\u00e9\u00adrant que l\u2019on confie la r\u00e9g\u00e9\u00adn\u00e9\u00adra\u00adtion de notre \u00e9co\u00adno\u00admie malade. D\u2019o\u00f9 pro\u00advient cette impuis\u00adsance du socialisme&nbsp;?&nbsp;<\/p>\n<p>\tLa peur, la peur seule explique tout. Peur de la ques\u00adtion sociale, que ni les crises \u00e9co\u00adno\u00admiques, ni les p\u00e9riodes inter\u00admit\u00adtentes de pros\u00adp\u00e9\u00adri\u00adt\u00e9, ni les guerres ne peuvent ajour\u00adner. Peur de la R\u00e9vo\u00adlu\u00adtion sociale qui doit abo\u00adlir le sala\u00adriat, plaie hideuse au flanc du monde moderne, peur de tou\u00adcher \u00e0 la pro\u00adpri\u00e9\u00adt\u00e9. Comme cela s\u2019est pas\u00ads\u00e9 apr\u00e8s la R\u00e9vo\u00adlu\u00adtion de 89, lorsque Gui\u00adzot, Thiers et V. Cou\u00adsin ten\u00adt\u00e8rent l\u2019im\u00adpos\u00adsible syn\u00adth\u00e8se entre l\u2019an\u00adcien et le nou\u00advel ordre des choses, entre la reli\u00adgion et la, phi\u00adlo\u00adso\u00adphie, entre la pro\u00adpri\u00e9\u00adt\u00e9 et le pro\u00adl\u00e9\u00adta\u00adriat, on veut essayer de r\u00e9soudre le pro\u00adbl\u00e8me social par des demi-mesures, un nou\u00adveau \u00ab&nbsp;juste-milieu&nbsp;\u00bb. On n\u2019en\u00adtend \u00e0 aucun prix m\u00e9con\u00adten\u00adter la classe pro\u00adpri\u00e9\u00adtaire capi\u00adta\u00adliste, mais il faut bien don\u00adner un sem\u00adblant de satis\u00adfac\u00adtion au pro\u00adl\u00e9\u00adta\u00adriat, \u00e9ter\u00adnel sacri\u00adfi\u00e9, \u00e9ter\u00adnel reven\u00addi\u00adca\u00adteur&nbsp;: les r\u00e9veils du lion popu\u00adlaire sont tou\u00adjours redou\u00adtables, et on tremble encore au sou\u00adve\u00adnir de la grande frousse de 1936. Capi\u00adta\u00adlistes n\u2019ayant plus le cou\u00adrage de se battre pour leurs pr\u00e9\u00adbendes et pro\u00adl\u00e9\u00adtaires aveu\u00adlis et inca\u00adpables de lut\u00adter pour leur lib\u00e9\u00adra\u00adtion tournent alors leurs yeux apeu\u00adr\u00e9s vers l\u2019\u00c9\u00adtat, arbitre pater\u00adnel. Tous lui demandent d\u2019ar\u00adr\u00ea\u00adter la marche inexo\u00adrable de l\u2019his\u00adtoire&nbsp;: les aiguilles arr\u00ea\u00adt\u00e9es, finie la concur\u00adrence rui\u00adneuse au pos\u00ads\u00e9\u00addant, d\u00e9bar\u00adras\u00ads\u00e9 de tout sou\u00adci&nbsp;; le chef d\u2019in\u00addus\u00adtrie vivra de ses rentes et, pour un os \u00e0 ron\u00adger, le pro\u00adl\u00e9\u00adtaire renon\u00adce\u00adra \u00e0 la reven\u00addi\u00adca\u00adtion. L\u2019\u00c9\u00adtat se char\u00adge\u00adra de tout et le monde fati\u00adgu\u00e9 conna\u00ee\u00adtra enfin la \u00ab&nbsp;tranquillit\u00e9&nbsp;\u00bb&nbsp;.&nbsp;<\/p>\n<p>\tC\u2019est \u00e0 quoi se r\u00e9sume la fameuse natio\u00adna\u00adli\u00adsa\u00adtion&nbsp;: fixer les classes sociales et les situa\u00adtions dans une m\u00e9dio\u00adcri\u00adt\u00e9 accep\u00adt\u00e9e par avance, et ain\u00adsi, faire l\u2019\u00e9\u00adco\u00adno\u00admie d\u2019une R\u00e9volution.&nbsp;<\/p>\n<p>\tNous nous \u00e9le\u00advons contre une telle super\u00adche\u00adrie. Et plus que jamais nous pesons la ques\u00adtion\u200a\u2014\u200al\u2019\u00e9\u00adter\u00adnelle question&nbsp;!&nbsp;<\/p>\n<p>\tY a\u2011t-il lib\u00e9\u00adra\u00adtion lorsque des mil\u00adlions d\u2019hommes voient leur exis\u00adtence conti\u00adnuel\u00adle\u00adment \u00e0 la mer\u00adci des per\u00adtur\u00adba\u00adtions de l\u2019\u00e9\u00adco\u00adno\u00admie, tan\u00adt\u00f4t plon\u00adg\u00e9s dans l\u2019op\u00adprobre du ch\u00f4\u00admage et obli\u00adg\u00e9s de qu\u00e9\u00adman\u00adder pour&nbsp;vivre&nbsp;?&nbsp;<\/p>\n<p>\tY a\u2011i-il lib\u00e9\u00adra\u00adtion lorsque le capi\u00adtal conti\u00adnue de por\u00adter int\u00e9\u00adr\u00eat et que dix mil\u00adlions de Pro\u00adl\u00e9\u00adtaires peinent pour ali\u00admen\u00adter le luxe de l\u2019oisivet\u00e9&nbsp;?&nbsp;<\/p>\n<p>\tDe toutes parts on veut \u00e9touf\u00adfer le pro\u00adbl\u00e8me de la pro\u00adpri\u00e9\u00adt\u00e9 et du sala\u00adriat sous les uto\u00adpies com\u00admu\u00adnistes et natio\u00adna\u00adli\u00adsa\u00adtrices. Nous refu\u00adsons de nous joindre \u00e0 cette coa\u00adli\u00adtion contre-r\u00e9volutionnaire.&nbsp;<\/p>\n<p>\tLors\u00adqu\u2019en 1918, apr\u00e8s l\u2019in\u00adva\u00adsion de la Rou\u00adma\u00adnie, les diri\u00adgeants de ce pays virent l\u2019ar\u00adm\u00e9e pas\u00adsive, d\u00e9cou\u00adra\u00adg\u00e9e et sans foi, ils par\u00adl\u00e8rent de d\u00e9mem\u00adbrer la grande pro\u00adpri\u00e9\u00adt\u00e9 et de don\u00adner la terre aux pay\u00adsans. Ceux-ci alors dres\u00ads\u00e8rent l\u2019o\u00adreille \u00e0 ces mots qui tra\u00addui\u00adsaient leurs seules aspi\u00adra\u00adtions vraies. Ils conti\u00adnu\u00e8rent la lutte et, depuis, la Rou\u00adma\u00adnie et la Tran\u00adsyl\u00adva\u00adnie sont et res\u00adte\u00adront une soci\u00e9\u00adt\u00e9 de pay\u00adsans pro\u00adpri\u00e9\u00adtaires et libres. Ni les chan\u00adge\u00adments de r\u00e9gime qu\u2019a connus ce pays depuis  1919, ni m\u00eame la ligue d\u2019Hit\u00adler et des grands pro\u00adpri\u00e9\u00adtaires hon\u00adgrois, ne pou\u00advaient rien contre cette r\u00e9alit\u00e9.&nbsp;<\/p>\n<p>\tCe ne sont certes pas les bavar\u00addages p\u00e9dan\u00adtesques sur la natio\u00adna\u00adli\u00adsa\u00adtion des indus\u00adtries-cl\u00e9s qui peuvent consti\u00adtuer la r\u00e9a\u00adli\u00adt\u00e9 r\u00e9vo\u00adlu\u00adtion\u00adnaire pour des hommes qui cherchent le sens des \u00e9v\u00e9\u00adne\u00adments actuels. Seule une r\u00e9vo\u00adlu\u00adtion pro\u00adfonde dans le r\u00e9gime de la pro\u00adpri\u00e9\u00adt\u00e9 peut les satisfaire.&nbsp;<\/p>\n<p>\tSi cette r\u00e9vo\u00adlu\u00adtion ne se fai\u00adsait pas, des mil\u00adlions d\u2019hommes seraient morts pour&nbsp;rien.<\/p><\/div>\n","protected":false},"excerpt":{"rendered":"<p>Comme on pou\u00advait l\u00e9gi\u00adti\u00adme\u00adment s\u2019y attendre, chez une nation qui sort \u00e0 peine d\u2019une longue p\u00e9riode de t\u00e9n\u00e8bres et d\u2019\u00e9\u00adcra\u00adse\u00adment, on voit se mani\u00adfes\u00adter des vel\u00adl\u00e9i\u00adt\u00e9s plus ou moins s\u00e9rieuses de s\u2019at\u00adta\u00adquer au pro\u00adbl\u00e8me social, qu\u2019a\u00advec une l\u00e9g\u00e8\u00adre\u00adt\u00e9 com\u00adbien cou\u00adpable on a lais\u00ads\u00e9 sans solu\u00adtion dans la p\u00e9riode qui a pr\u00e9\u00adc\u00e9\u00add\u00e9 la guerre, et singuli\u00e8rement&nbsp;[\u2026]<\/p>\n","protected":false},"author":1,"featured_media":0,"comment_status":"closed","ping_status":"closed","sticky":false,"template":"","format":"standard","meta":{"wp_typography_post_enhancements_disabled":false,"footnotes":""},"categories":[22],"tags":[],"ppma_author":[540],"class_list":["post-139","post","type-post","status-publish","format-standard","hentry","category-le-libertaire-n1-21-decembre-1944"],"authors":[{"term_id":540,"user_id":1,"is_guest":0,"slug":"admin_3gikpwyf","display_name":"Vincent Dubuc","avatar_url":"https:\/\/secure.gravatar.com\/avatar\/d015720652c25fd2ced191ade86430094e1f288a17483713e3b34d26dea52507?s=96&d=mm&r=g","author_category":"","user_url":"https:\/\/la-presse-anarchiste.net","last_name":"Dubuc","first_name":"Vincent","job_title":"","description":""}],"_links":{"self":[{"href":"https:\/\/la-presse-anarchiste.net\/index.php\/wp-json\/wp\/v2\/posts\/139","targetHints":{"allow":["GET"]}}],"collection":[{"href":"https:\/\/la-presse-anarchiste.net\/index.php\/wp-json\/wp\/v2\/posts"}],"about":[{"href":"https:\/\/la-presse-anarchiste.net\/index.php\/wp-json\/wp\/v2\/types\/post"}],"author":[{"embeddable":true,"href":"https:\/\/la-presse-anarchiste.net\/index.php\/wp-json\/wp\/v2\/users\/1"}],"replies":[{"embeddable":true,"href":"https:\/\/la-presse-anarchiste.net\/index.php\/wp-json\/wp\/v2\/comments?post=139"}],"version-history":[{"count":0,"href":"https:\/\/la-presse-anarchiste.net\/index.php\/wp-json\/wp\/v2\/posts\/139\/revisions"}],"wp:attachment":[{"href":"https:\/\/la-presse-anarchiste.net\/index.php\/wp-json\/wp\/v2\/media?parent=139"}],"wp:term":[{"taxonomy":"category","embeddable":true,"href":"https:\/\/la-presse-anarchiste.net\/index.php\/wp-json\/wp\/v2\/categories?post=139"},{"taxonomy":"post_tag","embeddable":true,"href":"https:\/\/la-presse-anarchiste.net\/index.php\/wp-json\/wp\/v2\/tags?post=139"},{"taxonomy":"author","embeddable":true,"href":"https:\/\/la-presse-anarchiste.net\/index.php\/wp-json\/wp\/v2\/ppma_author?post=139"}],"curies":[{"name":"wp","href":"https:\/\/api.w.org\/{rel}","templated":true}]}}