{"id":1394,"date":"2008-03-26T09:37:20","date_gmt":"2008-03-26T09:37:20","guid":{"rendered":"https:\/\/la-presse-anarchiste.net\/index.php\/2008\/03\/26\/le-18-mars\/"},"modified":"2008-03-26T09:37:20","modified_gmt":"2008-03-26T09:37:20","slug":"le-18-mars","status":"publish","type":"post","link":"https:\/\/la-presse-anarchiste.net\/index.php\/2008\/03\/26\/le-18-mars\/","title":{"rendered":"Le 18&nbsp;mars"},"content":{"rendered":"<div class=\"pdfprnt-buttons pdfprnt-buttons-post pdfprnt-top-right\"><a href=\"https:\/\/la-presse-anarchiste.net\/index.php\/wp-json\/wp\/v2\/posts\/1394?print=pdf\" class=\"pdfprnt-button pdfprnt-button-pdf\" target=\"_blank\"><img decoding=\"async\" src=\"https:\/\/la-presse-anarchiste.net\/wp-content\/plugins\/pdf-print\/images\/pdf.png\" alt=\"image_pdf\" title=\"Afficher le PDF\"><\/a><a href=\"https:\/\/la-presse-anarchiste.net\/index.php\/wp-json\/wp\/v2\/posts\/1394?print=print\" class=\"pdfprnt-button pdfprnt-button-print\" target=\"_blank\"><img decoding=\"async\" src=\"https:\/\/la-presse-anarchiste.net\/wp-content\/plugins\/pdf-print\/images\/print.png\" alt=\"image_print\" title=\"Contenu imprim\u00e9\"><\/a><\/div><p>&nbsp;<\/p>\n<p style=\"text-indent: 1.52cm; margin-bottom: 0cm;\" align=\"justify\"><font face=\"Garamond, serif\"><font style=\"font-size: 13pt;\" size=\"3\">Le<br>\n18 mars est notre anniversaire.<\/font><\/font><\/p>\n<p style=\"text-indent: 1.52cm; margin-bottom: 0cm;\" align=\"justify\"><font face=\"Garamond, serif\"><font style=\"font-size: 13pt;\" size=\"3\">L\u2019an\u00adni\u00adver\u00adsaire<br>\ndu pro\u00adl\u00e9\u00adta\u00adrien euro\u00adp\u00e9en. Si nous c\u00e9l\u00e9brons<br>\nla R\u00e9vo\u00adlu\u00adtion de 71 c\u2019est que cette R\u00e9vo\u00adlu\u00adtion a&nbsp;tent\u00e9<br>\nde r\u00e9a\u00adli\u00adser notre pro\u00adgramme, c\u2019est que le sang g\u00e9n\u00e9reux<br>\nqui a arro\u00ads\u00e9 les pav\u00e9s de Paris a&nbsp;\u00e9t\u00e9<br>\nver\u00ads\u00e9 pour notre id\u00e9e, c\u2019est que ses d\u00e9fenseurs,<br>\npen\u00addant la semaine san\u00adglante, sinistres jour\u00adn\u00e9es, sont&nbsp;morts<br>\npour notre id\u00e9al, c\u2019est qu\u2019en un mot, la r\u00e9volution<br>\npari\u00adsienne avait pour but unique l\u2019\u00e9\u00adman\u00adci\u00adpa\u00adtion compl\u00e8te<br>\ndu pro\u00adl\u00e9\u00adta\u00adriat dans le monde entier.&nbsp;<\/font><\/font><\/p>\n<p style=\"text-indent: 1.52cm; margin-bottom: 0cm;\" align=\"justify\"><font face=\"Garamond, serif\"><font style=\"font-size: 13pt;\" size=\"3\">Il<br>\ny \u00e0 21 ans le peuple de Paris fati\u00adgu\u00e9 d\u2019une&nbsp;lutte<br>\ninutile, \u00e9pui\u00ads\u00e9 par les pri\u00adva\u00adtions d\u2019un long&nbsp;si\u00e8ge,<br>\nhumi\u00adli\u00e9 par la l\u00e2che\u00adt\u00e9 de ceux qui s\u2019\u00e9taient<br>\nfait ses chefs, exas\u00adp\u00e9\u00adr\u00e9 par une capi\u00adtu\u00adla\u00adtion honteuse<br>\nqui le livrait aux enva\u00adhis\u00adseurs&nbsp;; il y a 21 ans le peuple de<br>\nParis se sou\u00adle\u00adva devant les menaces de la bour\u00adgeoi\u00adsie et refu\u00adsa&nbsp;de<br>\nrendre les canons qu\u2019il avait si ch\u00e8\u00adre\u00adment conquis au prix&nbsp;des<br>\nplus cruels sacrifices.<\/font><\/font><\/p>\n<p style=\"text-indent: 1.52cm; margin-bottom: 0cm;\" align=\"justify\"><font face=\"Garamond, serif\"><font style=\"font-size: 13pt;\" size=\"3\">\u00c0<br>\nquoi lui avait ser\u00advi \u00e0 ce peuple de Paris tant d\u2019h\u00e9ro\u00efsme<br>\net d\u2019ab\u00adn\u00e9\u00adga\u00adtion, tant de d\u00e9voue\u00adment et de souffrance&nbsp;?<\/font><\/font><\/p>\n<p style=\"text-indent: 1.52cm; margin-bottom: 0cm;\" align=\"justify\"><font face=\"Garamond, serif\"><font style=\"font-size: 13pt;\" size=\"3\">\u00c0<br>\nla place de l\u2019empire il avait la r\u00e9pu\u00adblique bourgeoise&nbsp;!<\/font><\/font><\/p>\n<p style=\"text-indent: 1.52cm; margin-bottom: 0cm;\" align=\"justify\"><font face=\"Garamond, serif\"><font style=\"font-size: 13pt;\" size=\"3\">\u00c0<br>\nla place de Napo\u00adl\u00e9on III, l\u2019homme de d\u00e9cembre et&nbsp;de<br>\nSedan il avait Thiers, l\u2019homme de Trans\u00adno\u00adnain et de la rue&nbsp;de<br>\nPoitiers.<\/font><\/font><\/p>\n<p style=\"text-indent: 1.52cm; margin-bottom: 0cm;\" align=\"justify\"><font face=\"Garamond, serif\"><font style=\"font-size: 13pt;\" size=\"3\">Et<br>\nc\u2019est \u00e0 ce moment que la bour\u00adgeoi\u00adsie osait lui r\u00e9clamer<br>\nses armes, qu\u2019elle pr\u00e9\u00adm\u00e9\u00addi\u00adtait de le rame\u00adner, comme&nbsp;un<br>\nvil trou\u00adpeau, \u00e0 l\u2019a\u00adte\u00adlier, \u00e0 la fabrique, condamnant<br>\nsans appel et sans mer\u00adci, non seule\u00adment lui, mais ses enfants et&nbsp;les<br>\nenfants de ses enfants aux tra\u00advaux for\u00adc\u00e9s \u00e0 perp\u00e9tuit\u00e9.<\/font><\/font><\/p>\n<p style=\"text-indent: 1.52cm; margin-bottom: 0cm;\" align=\"justify\"><font face=\"Garamond, serif\"><font style=\"font-size: 13pt;\" size=\"3\">Le<br>\nsinistre tableau des mis\u00e8res sans nombre de l\u2019exploitation<br>\ncapi\u00adta\u00adliste \u00e0 laquelle il croyait avoir na\u00ef\u00adve\u00adment \u00e9chapp\u00e9<br>\npar la pro\u00adcla\u00adma\u00adtion de la R\u00e9pu\u00adblique, vint tout \u00e0&nbsp;coup<br>\nr\u00e9veiller en lui le sen\u00adti\u00adment de l\u2019hor\u00adrible r\u00e9alit\u00e9,<br>\net de ses mains cris\u00adp\u00e9es il sai\u00adsit ce fusil qu\u2019il ne devait<br>\nplus aban\u00addon\u00adner que dans la&nbsp;mort.<\/font><\/font><\/p>\n<p style=\"text-indent: 1.52cm; margin-bottom: 0cm;\" align=\"justify\"><font face=\"Garamond, serif\"><font style=\"font-size: 13pt;\" size=\"3\">La<br>\nR\u00e9vo\u00adlu\u00adtion du 18 mars, et c\u2019est sa gran\u00addeur, fut un de&nbsp;ces<br>\nmou\u00adve\u00adments spon\u00adta\u00adn\u00e9s sor\u00adtis des entrailles m\u00eames&nbsp;d\u2019un<br>\npeuple, qui par\u00adfois \u00e9branlent les fon\u00adde\u00adments de la soci\u00e9t\u00e9.<br>\nIls ne sont point le r\u00e9sul\u00adtat des efforts ou des volont\u00e9s<br>\ndes indi\u00advi\u00addus, ils sont la cons\u00e9\u00adquence d\u2019une lente \u00e9laboration<br>\nau sein des masses populaires.<\/font><\/font><\/p>\n<p style=\"text-indent: 1.52cm; margin-bottom: 0cm;\" align=\"justify\"><font face=\"Garamond, serif\"><font style=\"font-size: 13pt;\" size=\"3\">Mille<br>\nobs\u00adtacles opi\u00adni\u00e2tres cr\u00e9es par l\u2019op\u00adpo\u00adsi\u00adtion de l\u2019ordre<br>\nde choses exis\u00adtant, par tout ce qui meurt et ne veut pas&nbsp;c\u00e9der<br>\nla place sans une lutte achar\u00adn\u00e9e, viennent entra\u00adver&nbsp;le<br>\nd\u00e9ve\u00adlop\u00adpe\u00adment et la r\u00e9a\u00adli\u00adsa\u00adtion des&nbsp;id\u00e9es<br>\nnou\u00advelles qui sont pour\u00adtant la cons\u00e9\u00adquence du vieil&nbsp;ordre<br>\nsocial.<\/font><\/font><\/p>\n<p style=\"text-indent: 1.52cm; margin-bottom: 0cm;\" align=\"justify\"><font face=\"Garamond, serif\"><font style=\"font-size: 13pt;\" size=\"3\">Ces<br>\nid\u00e9es, d\u2019a\u00adbord adop\u00adt\u00e9es par une simple minorit\u00e9,<br>\ngran\u00addissent et se r\u00e9pandent au milieu des luttes de chaque<br>\njour et par la pro\u00adpa\u00adgande de la parole et du fait pr\u00e9parent<br>\nsou\u00adter\u00adrai\u00adne\u00adment la chute in\u00e9vi\u00adtable du vieil \u00e9difice<br>\nsocial.<\/font><\/font><\/p>\n<p style=\"text-indent: 1.52cm; margin-bottom: 0cm;\" align=\"justify\"><font face=\"Garamond, serif\"><font style=\"font-size: 13pt;\" size=\"3\">\u00c0<br>\npre\u00admi\u00e8re vue, rien de chan\u00adg\u00e9 dans la physionomie<br>\next\u00e9\u00adrieure de cet orga\u00adnisme social qui va&nbsp;p\u00e9rir&nbsp;:<br>\nles rouages qui font mou\u00advoir les ins\u00adti\u00adtu\u00adtions sont les&nbsp;m\u00eames,<br>\nmais sous cette appa\u00adrence d\u2019im\u00admo\u00adbi\u00adlisme na\u00eet et cro\u00eet&nbsp;une<br>\ngrande force qui trans\u00adfor\u00adme\u00adra en un clin d\u2019\u0153il la soci\u00e9t\u00e9<br>\ntout enti\u00e8re.<\/font><\/font><\/p>\n<p style=\"text-indent: 1.52cm; margin-bottom: 0cm;\" align=\"justify\"><font face=\"Garamond, serif\"><font style=\"font-size: 13pt;\" size=\"3\">Enfin<br>\nvient le moment o\u00f9 l\u2019an\u00adta\u00adgo\u00adnisme des vieilles ins\u00adti\u00adtu\u00adtions&nbsp;et<br>\ndes id\u00e9es nou\u00advelles touche \u00e0 sa limite extr\u00eame,<br>\nalors le vieux monde s\u2019\u00e9\u00adbranle, tout s\u2019\u00e9\u00adcroule dans&nbsp;une<br>\nR\u00e9volution.<\/font><\/font><\/p>\n<p style=\"text-indent: 1.52cm; margin-bottom: 0cm;\" align=\"justify\"><font face=\"Garamond, serif\"><font style=\"font-size: 13pt;\" size=\"3\">Tel<br>\nfut le mou\u00adve\u00adment du 18&nbsp;mars.<\/font><\/font><\/p>\n<p style=\"text-indent: 1.52cm; margin-bottom: 0cm;\" align=\"justify\"><font face=\"Garamond, serif\"><font style=\"font-size: 13pt;\" size=\"3\">Paris,<br>\nce Paris qui avait sur\u00adv\u00e9\u00adcu aux jour\u00adn\u00e9es de juin 1848&nbsp;et<br>\nau 2 d\u00e9cembre 1851, ce Paris qui venait de se retrou\u00adver&nbsp;dans<br>\nles r\u00e9unions publiques o\u00f9 des ora\u00adteurs socialistes<br>\nfai\u00adsaient la pro\u00adpa\u00adgande des id\u00e9es nou\u00advelles, Paris prol\u00e9taire<br>\nen un mot, se leva tout entier.<\/font><\/font><\/p>\n<p style=\"text-indent: 1.52cm; margin-bottom: 0cm;\" align=\"justify\"><font face=\"Garamond, serif\"><font style=\"font-size: 13pt;\" size=\"3\">En<br>\nquelques ins\u00adtants les rues popu\u00adleuses furent h\u00e9riss\u00e9es<br>\nde bar\u00adri\u00adcades, tous les points stra\u00adt\u00e9\u00adgiques occu\u00adp\u00e9s&nbsp;et<br>\nd\u00e9fen\u00addus par le peuple insurg\u00e9.<\/font><\/font><\/p>\n<p style=\"text-indent: 1.52cm; margin-bottom: 0cm;\" align=\"justify\"><font face=\"Garamond, serif\"><font style=\"font-size: 13pt;\" size=\"3\">La<br>\nbour\u00adgeoi\u00adsie affo\u00adl\u00e9e ne savait plus o\u00f9 don\u00adner de&nbsp;la<br>\nt\u00eate, gou\u00adver\u00adne\u00adment, g\u00e9n\u00e9\u00adraux, juges, mou\u00adchards et<br>\nsol\u00addats tous avaient pris la&nbsp;fuite.<\/font><\/font><\/p>\n<p style=\"text-indent: 1.52cm; margin-bottom: 0cm;\" align=\"justify\"><font face=\"Garamond, serif\"><font style=\"font-size: 13pt;\" size=\"3\">Que<br>\nvou\u00adlait-il donc ce peuple de travailleurs&nbsp;?<\/font><\/font><\/p>\n<p style=\"text-indent: 1.52cm; margin-bottom: 0cm;\" align=\"justify\"><font face=\"Garamond, serif\"><font style=\"font-size: 13pt;\" size=\"3\">Conqu\u00e9\u00adrir<br>\nl\u2019ins\u00adtru\u00adment du tra\u00advail, fon\u00adder l\u2019au\u00adto\u00adno\u00admie et l\u2019ind\u00e9pendance<br>\ndu groupe cor\u00adpo\u00adra\u00adtif, g\u00e9rer en pleine liber\u00adt\u00e9, par&nbsp;lui<br>\nm\u00eame ses affaires.<\/font><\/font><\/p>\n<p style=\"text-indent: 1.52cm; margin-bottom: 0cm;\" align=\"justify\"><font face=\"Garamond, serif\"><font style=\"font-size: 13pt;\" size=\"3\">Si<br>\nau lieu de se can\u00adton\u00adner dans Paris, si au lieu de r\u00e9gionaliser<br>\nune situa\u00adtion r\u00e9vo\u00adlu\u00adtion\u00adnaire, c\u2019est-\u00e0-dire de briser<br>\nl\u2019i\u00adni\u00adtia\u00adtive popu\u00adlaire, l\u2019ar\u00adm\u00e9e r\u00e9vo\u00adlu\u00adtion\u00adnaire&nbsp;fut<br>\nall\u00e9e trou\u00adver le pay\u00adsan et lui e\u00fbt&nbsp;dit&nbsp;:<\/font><\/font><\/p>\n<p style=\"text-indent: 1.52cm; margin-bottom: 0cm;\" align=\"justify\"><font face=\"Garamond, serif\"><font style=\"font-size: 13pt;\" size=\"3\">Pay\u00adsan<br>\nsans terre&nbsp;: d\u00e9sor\u00admais la terre de la bour\u00adgeoi\u00adsie, de&nbsp;la<br>\nnoblesse et des pr\u00eatres t\u2019ap\u00adpar\u00adtien\u00addra. Pay\u00adsan&nbsp;petit<br>\npro\u00adpri\u00e9\u00adtaire, cette terre que tu cultives de tes mains, que&nbsp;tu<br>\narroses de tes sueurs, te donne un reve\u00adnu insuf\u00adfi\u00adsant, cette terre&nbsp;ne<br>\nsau\u00adrait pour\u00advoir \u00e0 ton exis\u00adtence d\u2019homme, de citoyen, de<br>\ntra\u00advailleur. Prends en autant qu\u2019il t\u2019en faut, que tu pour\u00adras&nbsp;en<br>\nculti\u00adver par tes mains. La R\u00e9vo\u00adlu\u00adtion te garan\u00adtit&nbsp;ton<br>\nexploi\u00adta\u00adtion. D\u00e9sor\u00admais, plus d\u2019im\u00adp\u00f4ts,&nbsp;plus<br>\nd\u2019hy\u00adpo\u00adth\u00e8ques, plus d\u2019u\u00adsures. La R\u00e9vo\u00adlu\u00adtion \u00e9mancipe<br>\nton tra\u00advail et la&nbsp;terre&nbsp;!<\/font><\/font><\/p>\n<p style=\"text-indent: 1.52cm; margin-bottom: 0cm;\" align=\"justify\"><font face=\"Garamond, serif\"><font style=\"font-size: 13pt;\" size=\"3\">Qui<br>\npour\u00adrait pr\u00e9\u00adtendre que la grande id\u00e9e r\u00e9volutionnaire<br>\nn\u2019eut pas entra\u00ee\u00adn\u00e9e la France enti\u00e8re&nbsp;?<\/font><\/font><\/p>\n<p style=\"text-indent: 1.52cm; margin-bottom: 0cm;\" align=\"justify\"><font face=\"Garamond, serif\"><font style=\"font-size: 13pt;\" size=\"3\">De<br>\nville en ville, de vil\u00adlage en vil\u00adlage, elle e\u00fbt chass\u00e9<br>\ndevant elle toute l\u2019or\u00adga\u00adni\u00adsa\u00adtion du vieux monde&nbsp;! Ce&nbsp;m\u00eame<br>\npay\u00adsan, auquel le gou\u00adver\u00adne\u00adment ver\u00adsaillais a pu impun\u00e9ment<br>\nracon\u00adter ses calom\u00adnies contre Paris, se fut alors arm\u00e9&nbsp;d\u2019une<br>\nfaux, et tenant la main \u00e0 l\u2019ou\u00advrier des villes, e\u00fbt<br>\nmar\u00adch\u00e9 \u00e0 la conqu\u00eate de la libert\u00e9<br>\ncommune.<\/font><\/font><\/p>\n<p style=\"text-indent: 1.52cm; margin-bottom: 0cm;\" align=\"justify\"><font face=\"Garamond, serif\"><font style=\"font-size: 13pt;\" size=\"3\">Mal\u00adheu\u00adreu\u00adse\u00adment<br>\nentre Paris et la pro\u00advince depuis le si\u00e8cle der\u00adnier les&nbsp;liens<br>\nde soli\u00adda\u00adri\u00adt\u00e9 sont rom\u00adpus. Paris a absorb\u00e9<br>\nl\u2019i\u00adni\u00adtia\u00adtive, entra\u00adv\u00e9, d\u00e9truit l\u2019autonomie.<\/font><\/font><\/p>\n<p style=\"text-indent: 1.52cm; margin-bottom: 0cm;\" align=\"justify\"><font face=\"Garamond, serif\"><font style=\"font-size: 13pt;\" size=\"3\">Le<br>\npay\u00adsan n\u2019a pas abdi\u00adqu\u00e9 devant le repr\u00e9\u00adsen\u00adtant&nbsp;d\u2019un<br>\npou\u00advoir cen\u00adtral, gen\u00addarme ou garde cham\u00adp\u00eatre, maire ou pr\u00e9fet.<\/font><\/font><\/p>\n<p style=\"text-indent: 1.52cm; margin-bottom: 0cm;\" align=\"justify\"><font face=\"Garamond, serif\"><font style=\"font-size: 13pt;\" size=\"3\">L\u2019\u00c9\u00adtat<br>\nn\u2019a pu sup\u00adpri\u00admer la per\u00adson\u00adna\u00adli\u00adt\u00e9 des citoyens, mais l\u2019\u00e9nergie<br>\nde lut\u00adter pour sau\u00adve\u00adgar\u00adder l\u2019au\u00adto\u00adno\u00admie de la pro\u00advince, de la commune,<br>\ns\u2019est absor\u00adb\u00e9e dans la lutte contre l\u2019\u00c9\u00adtat, contre<br>\nParis, si\u00e8ge du gouvernement.<\/font><\/font><\/p>\n<p style=\"text-indent: 1.52cm; margin-bottom: 0cm;\" align=\"justify\"><font face=\"Garamond, serif\"><font style=\"font-size: 13pt;\" size=\"3\">Pour<br>\nrecon\u00adqu\u00e9\u00adrir la confiance per\u00addue, il e\u00fbt fal\u00adlu que&nbsp;la<br>\nR\u00e9vo\u00adlu\u00adtion pari\u00adsienne pro\u00adclame net\u00adte\u00adment la liquidation<br>\nsociale au pro\u00adfit de tous les producteurs.<\/font><\/font><\/p>\n<p style=\"text-indent: 1.52cm; margin-bottom: 0cm;\" align=\"justify\"><font face=\"Garamond, serif\"><font style=\"font-size: 13pt;\" size=\"3\">Par<br>\nquels moyens la R\u00e9vo\u00adlu\u00adtion pour\u00adrait-elle op\u00e9\u00adrer&nbsp;cette<br>\nliqui\u00adda\u00adtion du vieux&nbsp;monde&nbsp;?<\/font><\/font><\/p>\n<p style=\"text-indent: 1.52cm; margin-bottom: 0cm;\" align=\"justify\"><font face=\"Garamond, serif\"><font style=\"font-size: 13pt;\" size=\"3\">Par<br>\nun seul&nbsp;: le fait r\u00e9volutionnaire.<\/font><\/font><\/p>\n<p style=\"text-indent: 1.52cm; margin-bottom: 0cm;\" align=\"justify\"><font face=\"Garamond, serif\"><font style=\"font-size: 13pt;\" size=\"3\">En<br>\njuillet 1789, le pay\u00adsan n\u2019at\u00adten\u00addant ni ordon\u00adnances ni d\u00e9crets<br>\nd\u2019une auto\u00adri\u00adt\u00e9 quel\u00adconque, s\u2019est empa\u00adr\u00e9 au son&nbsp;du<br>\ntoc\u00adsin, \u00e0 la lueur des ch\u00e2\u00adteaux en flammes, de la&nbsp;terre<br>\nqui lui avait \u00e9t\u00e9 ravie par la conqu\u00eate et&nbsp;la<br>\nspoliation.<\/font><\/font><\/p>\n<p style=\"text-indent: 1.52cm; margin-bottom: 0cm;\" align=\"justify\"><font face=\"Garamond, serif\"><font style=\"font-size: 13pt;\" size=\"3\">C\u2019est<br>\npar la m\u00eame ini\u00adtia\u00adtive popu\u00adlaire que les exploit\u00e9s<br>\npour\u00adront en finir avec l\u2019ex\u00adploi\u00adta\u00adtion en s\u2019emparant des instruments<br>\nde travail.<\/font><\/font><\/p>\n<p style=\"text-indent: 1.52cm; margin-bottom: 0cm;\" align=\"justify\"><font face=\"Garamond, serif\"><font style=\"font-size: 13pt;\" size=\"3\">Le<br>\npeuple de Paris a\u2011t-il eu cette ini\u00adtia\u00adtive au len\u00adde\u00admain du 18&nbsp;mars&nbsp;?<\/font><\/font><\/p>\n<p style=\"text-indent: 1.52cm; margin-bottom: 0cm;\" align=\"justify\"><font face=\"Garamond, serif\"><font style=\"font-size: 13pt;\" size=\"3\">H\u00e9las&nbsp;!<br>\nnon.<\/font><\/font><\/p>\n<p style=\"text-indent: 1.52cm; margin-bottom: 0cm;\" align=\"justify\"><font face=\"Garamond, serif\"><font style=\"font-size: 13pt;\" size=\"3\">\u00c0<br>\npeine vic\u00adto\u00adrieux le peuple retom\u00adba aux mains d\u2019hommes imbus de&nbsp;la<br>\nvieille id\u00e9e \u00e9ta\u00adtique, qui arr\u00ea\u00adt\u00e8rent le<br>\nmou\u00adve\u00adment r\u00e9volutionnaire.<\/font><\/font><\/p>\n<p style=\"text-indent: 1.52cm; margin-bottom: 0cm;\" align=\"justify\"><font face=\"Garamond, serif\"><font style=\"font-size: 13pt;\" size=\"3\">Tous<br>\npleins des vieux pr\u00e9\u00adju\u00adg\u00e9s jaco\u00adbins, l\u2019es\u00adprit absorb\u00e9<br>\npar la tra\u00addi\u00adtion par\u00adle\u00admen\u00adtaire, entra\u00ee\u00adn\u00e9s d\u2019un&nbsp;c\u00f4t\u00e9<br>\nvers les ten\u00addances nou\u00advelles, rete\u00adnus de l\u2019autre par la rou\u00adtine,&nbsp;ils<br>\ncher\u00adch\u00e8rent dans la pous\u00adsi\u00e8re des archives les<br>\nmat\u00e9\u00adriaux de la construc\u00adtion nou\u00advelle, la solu\u00adtion du probl\u00e8me<br>\nsocial. Ils ne r\u00e9us\u00adsirent qu\u2019\u00e0 tra\u00adcer des bornes \u00e0<br>\nla R\u00e9volution.<\/font><\/font><\/p>\n<p style=\"text-indent: 1.52cm; margin-bottom: 0cm;\" align=\"justify\"><font face=\"Garamond, serif\"><font style=\"font-size: 13pt;\" size=\"3\">Ce<br>\nsont eux qui retinrent le peuple dans&nbsp;Paris.<\/font><\/font><\/p>\n<p style=\"text-indent: 1.52cm; margin-bottom: 0cm;\" align=\"justify\"><font face=\"Garamond, serif\"><font style=\"font-size: 13pt;\" size=\"3\">C\u2019est<br>\npar eux que la R\u00e9vo\u00adlu\u00adtion fut localis\u00e9e.<\/font><\/font><\/p>\n<p style=\"text-indent: 1.52cm; margin-bottom: 0cm;\" align=\"justify\"><font face=\"Garamond, serif\"><font style=\"font-size: 13pt;\" size=\"3\">Paris<br>\nse d\u00e9cla\u00adra ville libre, com\u00admune auto\u00adnome, puis, \u00e9lisant<br>\nl\u2019as\u00adsem\u00adbl\u00e9e com\u00admu\u00adna\u00adliste, se don\u00adna un gouvernement.<\/font><\/font><\/p>\n<p style=\"text-indent: 1.52cm; margin-bottom: 0cm;\" align=\"justify\"><font face=\"Garamond, serif\"><font style=\"font-size: 13pt;\" size=\"3\">Le<br>\npeuple insur\u00adg\u00e9 ne sut pas r\u00e9a\u00adli\u00adser lui-m\u00eame son<br>\npro\u00adgramme qui deman\u00addait l\u2019u\u00adni\u00adver\u00adsa\u00adli\u00adsa\u00adtion de la propri\u00e9t\u00e9.<br>\nIl en lais\u00adsa la t\u00e2che au nou\u00adveau gou\u00adver\u00adne\u00adment qu\u2019il venait<br>\nd\u2019\u00e9\u00adlire, comme si un gou\u00adver\u00adne\u00adment quel\u00adconque pou\u00advait&nbsp;\u00eatre<br>\njamais capable de r\u00e9soudre le pro\u00adbl\u00e8me colos\u00adsal de&nbsp;la<br>\ntrans\u00adfor\u00adma\u00adtion \u00e9co\u00adno\u00admique de la soci\u00e9t\u00e9.<\/font><\/font><\/p>\n<p style=\"text-indent: 1.52cm; margin-bottom: 0cm;\" align=\"justify\"><font face=\"Garamond, serif\"><font style=\"font-size: 13pt;\" size=\"3\">C\u2019est<br>\npar la seule action col\u00adlec\u00adtive de tous les tra\u00advailleurs organis\u00e9s,<br>\nreli\u00e9s entre eux par un libre contrat, en groupes corporatifs,<br>\nque la ques\u00adtion du tra\u00advail pour\u00adra \u00eatre tranch\u00e9e.<\/font><\/font><\/p>\n<p style=\"text-indent: 1.52cm; margin-bottom: 0cm;\" align=\"justify\"><font face=\"Garamond, serif\"><font style=\"font-size: 13pt;\" size=\"3\">Pour\u00adquoi<br>\ndonc le peuple n\u2019a-t-il pas pris sur lui la solu\u00adtion de ce probl\u00e8me<br>\nque per\u00adsonne d\u2019autre que lui ne peut r\u00e9soudre&nbsp;?<\/font><\/font><\/p>\n<p style=\"text-indent: 1.52cm; margin-bottom: 0cm;\" align=\"justify\"><font face=\"Garamond, serif\"><font style=\"font-size: 13pt;\" size=\"3\">Pour\u00adquoi&nbsp;!<br>\nParce que le peuple de Paris a \u00e9t\u00e9 pris&nbsp;\u00e0<br>\nl\u2019im\u00adpro\u00adviste pas la R\u00e9volution.<\/font><\/font><\/p>\n<p style=\"text-indent: 1.52cm; margin-bottom: 0cm;\" align=\"justify\"><font face=\"Garamond, serif\"><font style=\"font-size: 13pt;\" size=\"3\">Tan\u00addis<br>\nque les r\u00e9vo\u00adlu\u00adtion\u00adnaires disent aux travailleurs&nbsp;:<br>\n\u00ab&nbsp;Orga\u00adnise-toi, g\u00e8re toi-m\u00eame tes affaires,<br>\nprends le capi\u00adtal et les ins\u00adtru\u00adments de tra\u00advail, et&nbsp;alors<br>\ndis\u00adpa\u00adra\u00ee\u00adtront pour tou\u00adjours patrons, repr\u00e9sentants<br>\ndic\u00adta\u00adteurs, tout ceux, en un mot, qui taillent et rognent \u00e0<br>\nleur aise dans ta liber\u00adt\u00e9 et dans tes droits.&nbsp;\u00bb<\/font><\/font><\/p>\n<p style=\"text-indent: 1.52cm; margin-bottom: 0cm;\" align=\"justify\"><font face=\"Garamond, serif\"><font style=\"font-size: 13pt;\" size=\"3\">Les<br>\nhommes du 18 mars au contraire pen\u00adsaient qu\u2019on peut repr\u00e9senter<br>\nla tota\u00adli\u00adt\u00e9 du peuple, voire m\u00eame d\u2019un seul groupe, et<br>\nc\u2019est ce qui a per\u00addu le mou\u00adve\u00adment du 18&nbsp;mars.<\/font><\/font><\/p>\n<p style=\"text-indent: 1.52cm; margin-bottom: 0cm;\" align=\"justify\"><font face=\"Garamond, serif\"><font style=\"font-size: 13pt;\" size=\"3\">C\u2019est<br>\n\u00e0 toi tra\u00advailleur, \u00e0 toi seul, par ta propre<br>\nini\u00adtia\u00adtive, de d\u00e9truire tous les gou\u00adver\u00adne\u00adments, celui&nbsp;de<br>\nl\u2019a\u00adte\u00adlier comme celui de la com\u00admune ou de l\u2019\u00c9\u00adtat.&nbsp;Ton<br>\n\u00e9man\u00adci\u00adpa\u00adtion est \u00e0 ce&nbsp;prix.<\/font><\/font><\/p>\n<p style=\"text-indent: 1.52cm; margin-bottom: 0cm;\" align=\"justify\"><font face=\"Garamond, serif\"><font style=\"font-size: 13pt;\" size=\"3\">Point<br>\nde liber\u00adt\u00e9 l\u00e0 o\u00f9 existe un pou\u00advoir quelconque.<\/font><\/font><\/p>\n<p style=\"text-indent: 1.52cm; margin-bottom: 0cm;\" align=\"justify\"><font face=\"Garamond, serif\"><font style=\"font-size: 13pt;\" size=\"3\">Point<br>\nd\u2019\u00e9\u00adga\u00adli\u00adt\u00e9 l\u00e0 o\u00f9 la libert\u00e9<br>\nn\u2019existe pas int\u00e9gralement.<\/font><\/font><\/p>\n<p style=\"text-indent: 1.52cm; margin-bottom: 0cm;\" align=\"justify\"><font face=\"Garamond, serif\"><font style=\"font-size: 13pt;\" size=\"3\">Pen\u00addant<br>\n72 jours le peuple de Paris a lut\u00adt\u00e9 contre la bourgeoisie.<br>\nCette fois encore le vieux monde a vaincu.<\/font><\/font><\/p>\n<p style=\"text-indent: 1.52cm; margin-bottom: 0cm;\" align=\"justify\"><font face=\"Garamond, serif\"><font style=\"font-size: 13pt;\" size=\"3\">Mais<br>\nles rangs des futurs com\u00adbat\u00adtants se reforment.<\/font><\/font><\/p>\n<p style=\"text-indent: 1.52cm; margin-bottom: 0cm;\" align=\"justify\"><font face=\"Garamond, serif\"><font style=\"font-size: 13pt;\" size=\"3\">La<br>\ngrande id\u00e9e de la der\u00adni\u00e8re R\u00e9vo\u00adlu\u00adtion,&nbsp;se<br>\nd\u00e9ga\u00adgeant de tout ce qui l\u2019obs\u00adcur\u00adcis\u00adsait, est plus nette&nbsp;et<br>\nplus claire, pour ceux qui vont la continuer.<\/font><\/font><\/p>\n<p style=\"text-indent: 1.52cm; margin-bottom: 0cm;\" align=\"justify\"><font face=\"Garamond, serif\"><font style=\"font-size: 13pt;\" size=\"3\">Et<br>\nce n\u2019est plus Paris seul qui lut\u00adte\u00adra contre le vieux&nbsp;monde.<\/font><\/font><\/p>\n<p style=\"text-indent: 1.52cm; margin-bottom: 0cm;\" align=\"justify\"><font face=\"Garamond, serif\"><font style=\"font-size: 13pt;\" size=\"3\">Les<br>\ntra\u00advailleurs savent aujourd\u2019\u00adhui que la R\u00e9vo\u00adlu\u00adtion sociale ne<br>\npeut \u00eatre cir\u00adcons\u00adcrite dans une ville, m\u00eame dans&nbsp;une<br>\nnation, elle doit entra\u00ee\u00adner au moins dans son orbite tous&nbsp;les<br>\npeuples du conti\u00adnent europ\u00e9en.<\/font><\/font><\/p>\n<p style=\"text-indent: 1.52cm; margin-bottom: 0cm;\" align=\"justify\"><font face=\"Garamond, serif\"><font style=\"font-size: 13pt;\" size=\"3\">Les<br>\ntra\u00advailleurs savent aujourd\u2019\u00adhui que pour triom\u00adpher il leur&nbsp;faut<br>\nr\u00e9a\u00adli\u00adser la v\u00e9ri\u00adtable for\u00admule r\u00e9vo\u00adlu\u00adtion\u00adnaire&nbsp;et<br>\nanar\u00adchiste&nbsp;: Ni Dieu ni Ma\u00eetre&nbsp;!<\/font><\/font><\/p>\n","protected":false},"excerpt":{"rendered":"<p>&nbsp; Le 18 mars est notre anni\u00adver\u00adsaire. L\u2019an\u00adni\u00adver\u00adsaire du pro\u00adl\u00e9\u00adta\u00adrien euro\u00adp\u00e9en. Si nous c\u00e9l\u00e9\u00adbrons la R\u00e9vo\u00adlu\u00adtion de 71 c\u2019est que cette R\u00e9vo\u00adlu\u00adtion a&nbsp;ten\u00adt\u00e9 de r\u00e9a\u00adli\u00adser notre pro\u00adgramme, c\u2019est que le sang g\u00e9n\u00e9\u00adreux qui a arro\u00ads\u00e9 les pav\u00e9s de Paris a&nbsp;\u00e9t\u00e9 ver\u00ads\u00e9 pour notre id\u00e9e, c\u2019est que ses d\u00e9fen\u00adseurs, pen\u00addant la semaine san\u00adglante, sinistres jour\u00adn\u00e9es, sont&nbsp;morts&nbsp;[\u2026]<\/p>\n","protected":false},"author":1,"featured_media":0,"comment_status":"closed","ping_status":"closed","sticky":false,"template":"","format":"standard","meta":{"wp_typography_post_enhancements_disabled":false,"footnotes":""},"categories":[154],"tags":[],"ppma_author":[540],"class_list":["post-1394","post","type-post","status-publish","format-standard","hentry","category-le-libertaire-na5-10-au-15-mars-1892"],"authors":[{"term_id":540,"user_id":1,"is_guest":0,"slug":"admin_3gikpwyf","display_name":"Vincent Dubuc","avatar_url":"https:\/\/secure.gravatar.com\/avatar\/d015720652c25fd2ced191ade86430094e1f288a17483713e3b34d26dea52507?s=96&d=mm&r=g","author_category":"","user_url":"https:\/\/la-presse-anarchiste.net","last_name":"Dubuc","first_name":"Vincent","job_title":"","description":""}],"_links":{"self":[{"href":"https:\/\/la-presse-anarchiste.net\/index.php\/wp-json\/wp\/v2\/posts\/1394","targetHints":{"allow":["GET"]}}],"collection":[{"href":"https:\/\/la-presse-anarchiste.net\/index.php\/wp-json\/wp\/v2\/posts"}],"about":[{"href":"https:\/\/la-presse-anarchiste.net\/index.php\/wp-json\/wp\/v2\/types\/post"}],"author":[{"embeddable":true,"href":"https:\/\/la-presse-anarchiste.net\/index.php\/wp-json\/wp\/v2\/users\/1"}],"replies":[{"embeddable":true,"href":"https:\/\/la-presse-anarchiste.net\/index.php\/wp-json\/wp\/v2\/comments?post=1394"}],"version-history":[{"count":0,"href":"https:\/\/la-presse-anarchiste.net\/index.php\/wp-json\/wp\/v2\/posts\/1394\/revisions"}],"wp:attachment":[{"href":"https:\/\/la-presse-anarchiste.net\/index.php\/wp-json\/wp\/v2\/media?parent=1394"}],"wp:term":[{"taxonomy":"category","embeddable":true,"href":"https:\/\/la-presse-anarchiste.net\/index.php\/wp-json\/wp\/v2\/categories?post=1394"},{"taxonomy":"post_tag","embeddable":true,"href":"https:\/\/la-presse-anarchiste.net\/index.php\/wp-json\/wp\/v2\/tags?post=1394"},{"taxonomy":"author","embeddable":true,"href":"https:\/\/la-presse-anarchiste.net\/index.php\/wp-json\/wp\/v2\/ppma_author?post=1394"}],"curies":[{"name":"wp","href":"https:\/\/api.w.org\/{rel}","templated":true}]}}