{"id":1396,"date":"1982-03-01T00:04:44","date_gmt":"1982-03-01T00:04:44","guid":{"rendered":"https:\/\/la-presse-anarchiste.net\/index.php\/2008\/03\/26\/la-pologne\/"},"modified":"2024-05-13T14:04:47","modified_gmt":"2024-05-13T14:04:47","slug":"la-pologne","status":"publish","type":"post","link":"https:\/\/la-presse-anarchiste.net\/index.php\/1982\/03\/01\/la-pologne\/","title":{"rendered":"La Pologne"},"content":{"rendered":"<div class=\"pdfprnt-buttons pdfprnt-buttons-post pdfprnt-top-right\"><a href=\"https:\/\/la-presse-anarchiste.net\/index.php\/wp-json\/wp\/v2\/posts\/1396?print=pdf\" class=\"pdfprnt-button pdfprnt-button-pdf\" target=\"_blank\"><img decoding=\"async\" src=\"https:\/\/la-presse-anarchiste.net\/wp-content\/plugins\/pdf-print\/images\/pdf.png\" alt=\"image_pdf\" title=\"Afficher le PDF\"><\/a><a href=\"https:\/\/la-presse-anarchiste.net\/index.php\/wp-json\/wp\/v2\/posts\/1396?print=print\" class=\"pdfprnt-button pdfprnt-button-print\" target=\"_blank\"><img decoding=\"async\" src=\"https:\/\/la-presse-anarchiste.net\/wp-content\/plugins\/pdf-print\/images\/print.png\" alt=\"image_print\" title=\"Contenu imprim\u00e9\"><\/a><\/div><p style=\"text-align: justify;\">Depuis le 13\/\u200b12\/\u200b81, le Dimanche noir des Polo\u00adnais, la Pologne est dans un \u00ab&nbsp;stan\u00advo\u00adje\u00adni&nbsp;\u00bb, c\u2019est \u00e0 dire coup d\u2019\u00e9\u00adtat mili\u00adtaire, \u00e9tat excep\u00adtion\u00adnel. Toutes les liber\u00adt\u00e9s indi\u00advi\u00adduelles, syn\u00addi\u00adcales, poli\u00adtiques, civiles sont abo\u00adlies m\u00eames celles que les ouvriers dans leurs luttes ont arra\u00adch\u00e9 au pou\u00advoir qui a sign\u00e9 lui-m\u00eame les accords de ao\u00fbt 81 a Gdansk&nbsp;; le pou\u00advoir civil, m\u00eame celui du par\u00adti, n\u2019existe plus, la milice et l\u2019ar\u00adm\u00e9e gou\u00advernent direc\u00adte\u00adment par l\u2019in\u00adter\u00adm\u00e9\u00addiaire des chars et des mitraillettes, des arres\u00adta\u00adtions de masse, des camps et des pri\u00adsons. Les tri\u00adbu\u00adnaux mili\u00adtaires sont ouverts, on est condam\u00adn\u00e9 pour gr\u00e8ve, pour refus d\u2019o\u00adb\u00e9is\u00adsance, il y a mili\u00adta\u00adri\u00adsa\u00adtion de la pro\u00adduc\u00adtion et mobi\u00adli\u00adsa\u00adtion obli\u00adga\u00adtoire des tra\u00advailleurs, etc.<\/p>\n<p style=\"text-align: justify;\">Une page de l\u2019his\u00adtoire tra\u00adgique du peuple polo\u00adnais est fer\u00adm\u00e9e. Quelle est la situa\u00adtion exacte actuel\u00adle\u00adment et pour les jours \u00e0 venir&nbsp;? C\u2019est dif\u00adfi\u00adcile \u00e0 savoir, et encore plus \u00e0 pr\u00e9\u00advoir. Une chose est \u00e9vi\u00addente&nbsp;: l\u2019hu\u00adma\u00adni\u00adt\u00e9 a fait un arr\u00eat dans son d\u00e9ve\u00adlop\u00adpe\u00adment, l\u2019ex\u00adp\u00e9\u00adrience du chan\u00adge\u00adment en Pologne a re\u00e7u un coup, on assiste au retour des t\u00e9n\u00e8bres du Moyen Age ou du temps de l\u2019oc\u00adcu\u00adpa\u00adtion fas\u00adciste. Encore une fois, les espoirs de mil\u00adlions de gens sont bafou\u00e9s, oubli\u00e9s, inter\u00addits au nom d\u2019ob\u00adjec\u00adtifs mili\u00adtaires, d\u2019un dog\u00adma\u00adtisme id\u00e9o\u00adlo\u00adgique, d\u2019in\u00adt\u00e9\u00adr\u00eats imp\u00e9\u00adria\u00adlistes d\u2019une puis\u00adsance ext\u00e9\u00adrieur. Que pou\u00advons-nous \u00e9crire, nous ici&nbsp;? Notre r\u00e9volte et notre impuissance.<\/p>\n<p style=\"text-align: justify;\">Pour nous, c\u2019est \u00e9ga\u00adle\u00adment dou\u00adlou\u00adreux par le sou\u00adve\u00adnir de ce que nous avons v\u00e9cu en Bul\u00adga\u00adrie dans les ann\u00e9es de construc\u00adtion du socia\u00adlisme sta\u00adli\u00adnien. Cette r\u00e9volte et cette impuis\u00adsance, nous les avons sen\u00adties en 54 quand les ouvriers alle\u00admands en gr\u00e8ve ont \u00e9t\u00e9 \u00e9cra\u00ads\u00e9s par les chars de l\u2019oc\u00adcu\u00adpant russe&nbsp;; en 56 quand les luttes des ouvriers, des \u00e9tu\u00addiants hon\u00adgrois ont \u00e9t\u00e9 elles aus\u00adsi arr\u00ea\u00adt\u00e9es par les chars sovi\u00e9\u00adtiques&nbsp;; et le prin\u00adtemps de Prague en 68\u2026 nos yeux se tournent avec espoir, avec admi\u00adra\u00adtion et aus\u00adsi avec peur vers nos fr\u00e8res des pays d\u2019Eu\u00adrope Orien\u00adtale qui luttent sans r\u00e9sul\u00adtats. Ce n\u2019est pas suf\u00adfi\u00adsant de se d\u00e9cla\u00adrer soli\u00addaires, d\u2019af\u00adfir\u00admer son sou\u00adtien moral, comme il \u00e9tait aus\u00adsi ridi\u00adcule de jouer au pro\u00adph\u00e8te pen\u00addant les 16 mois de lutte. Il faut essayer de mettre un peu d\u2019ordre dans nos pen\u00ads\u00e9es qui sont tout \u00e0 fait d\u00e9so\u00adrien\u00adt\u00e9es face au sort tra\u00adgique des Polo\u00adnais. Nous allons essayer de faire quelques consi\u00add\u00e9\u00adra\u00adtions un peu g\u00e9n\u00e9\u00adrales. Mais comme les lec\u00adteurs d\u2019<i>Iztok<\/i> se plaignent sou\u00advent que nos articles sont trop longs, nous allons divi\u00adser ce sujet en plu\u00adsieurs cha\u00adpitres qui peuvent \u00eatre lus s\u00e9par\u00e9ment.<\/p>\n<h5 style=\"text-align: justify;\">L\u2019ordre r\u00e8gne en Pologne<\/h5>\n<p style=\"text-align: justify;\">C\u2019est la phrase que la presse, la radio, la t\u00e9l\u00e9, les g\u00e9n\u00e9\u00adraux r\u00e9p\u00e8tent depuis le coup d\u2019\u00e9\u00adtat. Cette phrase \u00e0 un \u00e9cho sinistre dans la m\u00e9moire col\u00adlec\u00adtive, sur\u00adtout celle des polo\u00adnais, car c\u2019est la m\u00eame phrase qui a annon\u00adc\u00e9 la fin de l\u2019in\u00adsur\u00adrec\u00adtion de Var\u00adso\u00advie dans l\u2019hi\u00adver 44\u200a\u2013\u200a45 quand les arm\u00e9es hit\u00adl\u00e9\u00adriennes ont d\u00e9truit quar\u00adtier par quar\u00adtier tout Var\u00adso\u00advie et ses habi\u00adtants pen\u00addant que l\u2019ar\u00adm\u00e9e rouge atten\u00addait sur l\u2019autre rive de la Vis\u00adtule sans venir en aide au Polo\u00adnais. C\u2019est par la m\u00eame phrase que le gou\u00adver\u00adne\u00adment russe a annon\u00adc\u00e9 la fin de l\u2019in\u00adsur\u00adrec\u00adtion polo\u00adnaise de 1831\u200a\u2013\u200a33. C\u2019est la m\u00eame consta\u00adta\u00adtion de r\u00e9ta\u00adblis\u00adse\u00adment de l\u2019ordre qui a sui\u00advi les mas\u00adsacres de Batouk et Pana\u00adgu\u00adrich\u00adt\u00e9 apr\u00e8s l\u2019in\u00adsur\u00adrec\u00adtion d\u2019a\u00advril 1876 en Bul\u00adga\u00adrie \u2013 apr\u00e8s les der\u00adni\u00e8res bar\u00adri\u00adcades du P\u00e8re Lachaise de la Com\u00admune de Paris \u2013 apr\u00e8s la r\u00e9sis\u00adtance des quar\u00adtiers ouvriers \u00e0 San\u00adtia\u00adgo du Chi\u00adli. C\u2019est tou\u00adjours le m\u00eame cri de triomphe, tou\u00adjours la m\u00eame r\u00e9ac\u00adtion noire devant ceux qui sont tom\u00adb\u00e9s ou mis \u00e0 genoux, devant chaque \u00e9chec des masses popu\u00adlaires qui essaient de se lib\u00e9\u00adrer pour consti\u00adtuer leur marche vers l\u2019avenir.<\/p>\n<h5 style=\"text-align: justify;\">La vie est normalis\u00e9e<\/h5>\n<p style=\"text-align: justify;\">Cela aus\u00adsi est bien connu. Apr\u00e8s chaque secousse, apr\u00e8s chaque mani\u00adfes\u00adta\u00adtion de rejet du r\u00e9gime, ces r\u00e9gimes triomphent par la vio\u00adlence comme \u00e0 Prague et \u00e0 Buda\u00adpest, comme \u00e0 Krons\u00adtadt et Novot\u00adche\u00adkask (1962). Cela signi\u00adfie qu\u2019en Pologne seront intro\u00adduites les m\u00eames normes et les m\u00eames valeurs que le peuple entier a refu\u00ads\u00e9 pen\u00addant 16 mois. Com\u00adment aujourd\u2019\u00adhui ce peuple sera-t-il obli\u00adg\u00e9 de les r\u00e9-accep\u00adter&nbsp;? Ces normes, cet \u00ab&nbsp;\u00e9tat mili\u00adtaire excep\u00adtion\u00adnel&nbsp;\u00bb n\u2019ont rien de nou\u00adveau ni d\u2019in\u00adcon\u00adnu. C\u2019est la vie quo\u00adti\u00addienne de mil\u00adlions de citoyens-esclaves de l\u2019empire mos\u00adco\u00advite, et pas uni\u00adque\u00adment de cet empire, ce m\u00eame \u00e9tat vient \u00e0 peine d\u2019\u00eatre sup\u00adpri\u00adm\u00e9 en Cor\u00e9e du Sud o\u00f9 il \u00e9tait en vigueur depuis plu\u00adsieurs d\u00e9cen\u00adnies \u2013 tan\u00addis qu\u2019en Tur\u00adquie, il vient d\u2019\u00eatre introduit.<\/p>\n<p style=\"text-align: justify;\">En Bul\u00adga\u00adrie, par exemple, ce n\u2019est pas un \u00e9tat pas\u00adsa\u00adger et excep\u00adtion\u00adnel, c\u2019est une situa\u00adtion constante et per\u00adma\u00adnente depuis la prise de pou\u00advoir du par\u00adti com\u00admu\u00adniste, c\u2019est un ter\u00adro\u00adrisme \u00e9ta\u00adtique quo\u00adti\u00addien, c\u2019est l\u2019in\u00adter\u00addic\u00adtion de toute la presse, toute la pen\u00ads\u00e9e, toutes les r\u00e9unions, c\u2019est l\u2019in\u00adf\u00e9o\u00adda\u00adli\u00adsa\u00adtion des pay\u00adsans dans l\u2019\u00e9\u00adco\u00adno\u00admie \u00e9ta\u00adtique plus lourde que celle des sei\u00adgneurs du Moyen Age, c\u2019est l\u2019en\u00adcha\u00ee\u00adne\u00adment des ouvriers \u00e0 leurs usines o\u00f9 ils sont plus exploi\u00adt\u00e9s que leurs fr\u00e8res ouvriers d\u2019Oc\u00adci\u00addent, cet \u00e9tat mili\u00adtaire dure depuis des d\u00e9cen\u00adnies. Il n\u2019est pas iso\u00adl\u00e9 et par\u00adtiel, il est orga\u00adni\u00ads\u00e9 et sys\u00adt\u00e9\u00adma\u00adtique. Il ne s\u2019a\u00addresse pas aux enne\u00admis de l\u2019ex\u00adt\u00e9\u00adrieur, mais \u00e0 son propre peuple. Il ne d\u00e9fend pas les int\u00e9\u00adr\u00eats du peuple mais ceux d\u2019une mino\u00adri\u00adt\u00e9 qui a pris le pou\u00advoir par la force militaire.<\/p>\n<p style=\"text-align: justify;\">Il s\u2019a\u00adgit d\u2019une cer\u00adtaine forme de guerre civile impi\u00adtoyable et per\u00adma\u00adnente. Quand la th\u00e9o\u00adrie de Trots\u00adky d\u2019une r\u00e9vo\u00adlu\u00adtion per\u00adma\u00adnente s\u2019est r\u00e9v\u00e9\u00adl\u00e9e incon\u00adsis\u00adtante, on a com\u00admen\u00adc\u00e9, ou plu\u00adt\u00f4t on a conti\u00adnu\u00e9 la guerre civile com\u00admen\u00adc\u00e9e en 1917. Si \u00e0 l\u2019Oc\u00adci\u00addent la deuxi\u00e8me guerre mon\u00addiale s\u2019est ter\u00admi\u00adn\u00e9e en 1945, chez nous en Bul\u00adga\u00adrie, en Pologne, elle conti\u00adnue\u2026 Dans les pays de l\u2019Est euro\u00adp\u00e9en il y \u00e0 m\u00eame quelque chose de plus \u00e9trange, on ne sait pas si l\u2019on vit dans une \u00e9poque d\u2019a\u00adpr\u00e8s guerre ou d\u2019a\u00advant guerre, car on entre\u00adtient arti\u00adfi\u00adciel\u00adle\u00adment en m\u00eame temps le sou\u00adve\u00adnir de la der\u00adni\u00e8re guerre et la psy\u00adchose de la pro\u00adchaine avec des mobi\u00adli\u00adsa\u00adtions et des exer\u00adcices per\u00adma\u00adnents. Et en m\u00eame temps il n\u2019y a pas d\u2019autre pays au monde o\u00f9 l\u2019on ose par\u00adler constam\u00adment de la&nbsp;paix.<\/p>\n<h5 style=\"text-align: justify;\">Une r\u00e9ponse aux \u00e9v\u00e9nements de Pologne<\/h5>\n<p style=\"text-align: justify;\">D\u00e8s la nou\u00advelle du coup d\u2019\u00e9\u00adtat en Pologne, la presse capi\u00adta\u00adliste occi\u00adden\u00adtale a don\u00adn\u00e9 libre cours \u00e0 son sou\u00adla\u00adge\u00adment devant la fin de l\u2019in\u00ads\u00e9\u00adcu\u00adri\u00adt\u00e9 en Pologne. Il y a enfin l\u00e0-bas un pou\u00advoir fort et s\u00fbr. On peut citer quelques uns des titres du <span style=\"text-decoration: none;\"><i>Times<\/i><\/span>, du <i>Gar\u00addian<\/i> et <i>Finan\u00adcial Times<\/i> de Londres, <i>Die Zeit <\/i>et <i>Der Spie\u00adgel<\/i> d\u2019Al\u00adle\u00admagne Occi\u00adden\u00adtale&nbsp;: \u00ab&nbsp;le coup d\u2019\u00e9\u00adtat en Pologne est la meilleure nou\u00advelle de cette semaine&nbsp;\u00bb, \u00ab&nbsp;Jaru\u00adzels\u00adki est sin\u00adc\u00e8re&nbsp;\u00bb, \u00ab&nbsp;pour la pre\u00admi\u00e8re fois depuis 16 mois, il y a en Pologne un gou\u00adver\u00adne\u00adment&nbsp;\u00bb, \u00ab&nbsp;l\u2019in\u00adter\u00adven\u00adtion de l\u2019ar\u00adm\u00e9e \u00e9tait deve\u00adnue in\u00e9vi\u00adtable&nbsp;\u00bb, \u00ab&nbsp;Wale\u00adsa est un tri\u00adbun popu\u00adlaire qui aime s\u2019\u00e9\u00adcou\u00adter parler&nbsp;\u00bb.<\/p>\n<p style=\"text-align: justify;\">Un des pre\u00admiers t\u00e9l\u00e9\u00adgrammes de Jaru\u00adzels\u00adki a \u00e9t\u00e9 adres\u00ads\u00e9 aux trusts ban\u00adcaires occi\u00adden\u00adtaux pour les assu\u00adrer de la bonne volon\u00adt\u00e9 du pou\u00advoir et de leur volon\u00adt\u00e9 d\u2019ho\u00adno\u00adrer les enga\u00adge\u00adments finan\u00adciers. Non seule\u00adment les milieux finan\u00adciers mais les milieux poli\u00adtiques ont affi\u00adch\u00e9 imm\u00e9\u00addia\u00adte\u00adment en m\u00eame temps leur tris\u00adtesse pour les pauvres Polo\u00adnais et leur accep\u00adta\u00adtion de ne pas se m\u00ealer des affaires int\u00e9\u00adrieures de la Pologne, y com\u00adpris la France. Mais il s\u2019est pro\u00adduit quelque chose d\u2019im\u00adpr\u00e9\u00advu&nbsp;: des masses ouvri\u00e8res, les intel\u00adlec\u00adtuels, les \u00e9tu\u00addiants ont mani\u00adfes\u00adt\u00e9 plus de soli\u00adda\u00adri\u00adt\u00e9 que leur gou\u00adver\u00adne\u00adment et les capi\u00adta\u00adlistes. Quand les bou\u00adle\u00advards pari\u00adsiens autour de l\u2019am\u00adbas\u00adsade de Pologne ont \u00e9t\u00e9 cou\u00adverts de mani\u00adfes\u00adtants, le pou\u00advoir poli\u00adtique a \u00e9t\u00e9 obli\u00adg\u00e9 de dur\u00adcir sa posi\u00adtion vis \u00e0 vis des nou\u00adveaux ma\u00eetres de la Pologne. Com\u00adment sera l\u2019a\u00adve\u00adnir, il est trop t\u00f4t pour le dire, mais on peut rap\u00adpe\u00adler la phrase c\u00e9l\u00e8bre de L\u00e9nine&nbsp;: \u00ab&nbsp;les d\u00e9mo\u00adcra\u00adties occi\u00adden\u00adtales et les capi\u00adta\u00adlistes vont nous vendre m\u00eame la corde avec laquelle nous les pendrons&nbsp;\u00bb.<\/p>\n<h5 style=\"text-align: justify;\">Luttes ouvri\u00e8res<\/h5>\n<p style=\"text-align: justify;\">Ce qui unit les assas\u00adsins les plus actifs, directs ou indi\u00adrects, et leurs com\u00adplices occi\u00adden\u00adtaux, conscients ou incons\u00adcients, c\u2019est leur panique devant la conscience \u00e9veill\u00e9e et la com\u00adba\u00adti\u00advi\u00adt\u00e9 de la classe ouvri\u00e8re. Nous citons ici le socio\u00adlogue fran\u00ad\u00e7ais J. Julliard&nbsp;:<\/p>\n<blockquote>\n<p style=\"text-align: justify;\">\u00ab&nbsp;En Ao\u00fbt 1980 avec la vic\u00adtoire des accords de Gdansk a com\u00admen\u00adc\u00e9 en Pologne une vraie r\u00e9vo\u00adlu\u00adtion ouvri\u00e8re, la plus mas\u00adsive, la plus d\u00e9mo\u00adcra\u00adtique, la plus pure depuis la Com\u00admune de Paris 110 ans aupa\u00adra\u00advant. Et pour la pre\u00admi\u00e8re fois la ques\u00adtion du pas\u00adsage vers le socia\u00adlisme c\u2019est \u00e0 dire vers une d\u00e9mo\u00adcra\u00adtie ouvri\u00e8re ne s\u2019est pas pas\u00ads\u00e9e comme d\u2019ha\u00adbi\u00adtude \u00e0 par\u00adtir d\u2019un capi\u00adta\u00adlisme d\u00e9ve\u00adlop\u00adp\u00e9 ou non, mais \u00e0 par\u00adtir d\u2019un r\u00e9gime \u00e9ta\u00adtique bureau\u00adcra\u00adtique. En Pologne pen\u00addant 16 mois on a assis\u00adt\u00e9 \u00e0 une com\u00adpl\u00e8te dis\u00adpa\u00adri\u00adtion du par\u00adti qui avait per\u00addu com\u00adpl\u00e8\u00adte\u00adment tout contr\u00f4le sur le pays, en faveur d\u2019un mou\u00adve\u00adment ouvrier ind\u00e9\u00adpen\u00addant orga\u00adni\u00ads\u00e9 en syn\u00addi\u00adcat dans les entre\u00adprises de pro\u00adduc\u00adtion. Les usines s\u2019\u00e9\u00adtaient trans\u00adfor\u00adm\u00e9es en vraies for\u00adte\u00adresses de l\u2019in\u00add\u00e9\u00adpen\u00addance ouvri\u00e8re tan\u00addis que l\u2019i\u00add\u00e9e d\u2019une auto\u00adges\u00adtion \u00e9tait l\u2019ex\u00adpres\u00adsion poli\u00adtique de cette ind\u00e9\u00adpen\u00addance. Ain\u00adsi on peut mieux com\u00adprendre la vraie peur panique des bureau\u00adcrates des pays de l\u2019Est devant un tel mou\u00adve\u00adment et en m\u00eame temps le manque d\u2019en\u00adthou\u00adsiasme des milieux capi\u00adta\u00adlistes occi\u00adden\u00adtaux pour leur venir en aide m\u00eame mora\u00adle\u00adment\u2026 Les r\u00e9vo\u00adlu\u00adtions socia\u00adlistes du 20\u00e8me si\u00e8cle ont abou\u00adti \u00e0 des dic\u00adta\u00adtures bureau\u00adcra\u00adtiques para\u00adly\u00adsantes inca\u00adpables d\u2019ac\u00adcep\u00adter l\u2019ab\u00adso\u00adlue n\u00e9ces\u00adsi\u00adt\u00e9 de l\u2019in\u00add\u00e9\u00adpen\u00addance du mou\u00adve\u00adment ouvrier. C\u2019est pour\u00adquoi ce mou\u00adve\u00adment prend de plus en plus un carac\u00adt\u00e8re r\u00e9vo\u00adlu\u00adtion\u00adnaire. On \u00e9tait arri\u00adv\u00e9 \u00e0 une confron\u00adta\u00adtion in\u00e9vi\u00adtable entre le com\u00admu\u00adnisme bureau\u00adcra\u00adtique et la d\u00e9mo\u00adcra\u00adtie ouvri\u00e8re car ces eux concep\u00adtions sont incom\u00adpa\u00adtibles. La Pologne en a \u00e9t\u00e9 la d\u00e9monstration.&nbsp;\u00bb<\/p>\n<p style=\"text-align: right;\">(Nou\u00advel Obser\u00adva\u00adteur, 26\/\u200b12\/\u200b81)<\/p>\n<\/blockquote>\n<p style=\"text-align: justify;\">Avant de dis\u00adcu\u00adter l\u2019af\u00adfir\u00adma\u00adtion de ce socio\u00adlogue, nous don\u00adne\u00adrons une autre prise de posi\u00adtion, celle de la <i>Prav\u00adda<\/i> de Mos\u00adcou, le len\u00adde\u00admain du coup d\u2019\u00e9\u00adtat de Varsovie.<\/p>\n<blockquote>\n<p style=\"text-align: justify;\">\u00ab\u2026 Les \u00e9v\u00e9\u00adne\u00adments en Pologne\u2026 ont d\u00e9mon\u00adtr\u00e9 l\u2019in\u00adcon\u00adsis\u00adtance et l\u2019ab\u00adsur\u00addi\u00adt\u00e9 de la th\u00e9o\u00adrie des syn\u00addi\u00adcats ind\u00e9\u00adpen\u00addants. Au contraire ils ont d\u00e9mon\u00adtr\u00e9 que c\u2019est le par\u00adti qui est la meilleure forme de l\u2019or\u00adga\u00adni\u00adsa\u00adtion de la classe ouvri\u00e8re\u2026 L\u2019his\u00adtoire de notre pays a confir\u00adm\u00e9 l\u2019ab\u00adsur\u00addi\u00adt\u00e9 et l\u2019im\u00adpuis\u00adsance de l\u2019a\u00adnar\u00adcho-syn\u00addi\u00adca\u00adlisme en tant que concep\u00adtion de syn\u00addi\u00adcat ind\u00e9\u00adpen\u00addant et sur le r\u00f4le de l\u2019or\u00adga\u00adni\u00adsa\u00adtion syn\u00addi\u00adcale en tant que fac\u00adteur domi\u00adnant de la soci\u00e9\u00adt\u00e9&nbsp;; ain\u00adsi que de leur concep\u00adtion selon laquelle les syn\u00addi\u00adcats ouvriers peuvent rem\u00adpla\u00adcer l\u2019ap\u00adpa\u00adreil d\u2019\u00e9\u00adtat et jouer le r\u00f4le d\u2019un par\u00adti poli\u00adtique\u2026 Les syn\u00addi\u00adcats peuvent r\u00e9el\u00adle\u00adment rem\u00adplir leur r\u00f4le et leurs droits garan\u00adtis par la consti\u00adtu\u00adtion uni\u00adque\u00adment sous la direc\u00adtion du par\u00adti. Le fait\u2026 que les orga\u00adni\u00adsa\u00adtions du par\u00adti dirigent les syn\u00addi\u00adcats dans leur acti\u00advi\u00adt\u00e9 quo\u00adti\u00addienne repr\u00e9\u00adsente un fac\u00adteur impor\u00adtant dans le ren\u00adfor\u00adce\u00adment de l\u2019u\u00adni\u00adt\u00e9 indes\u00adtruc\u00adtible entre le par\u00adti et le peuple.&nbsp;\u00bb<\/p>\n<p style=\"text-align: right;\">(Prav\u00adda)<\/p>\n<\/blockquote>\n<p style=\"text-align: justify;\">Comme on le voit, il y a des points de vue com\u00adpl\u00e8\u00adte\u00adment oppo\u00ads\u00e9s non seule\u00adment sur les \u00e9v\u00e9\u00adne\u00adments de Pologne mais sur les ques\u00adtions th\u00e9o\u00adriques essen\u00adtielles comme par exemple le r\u00f4le du mou\u00adve\u00adment ouvrier et des syn\u00addi\u00adcats. Et il y aura pro\u00adba\u00adble\u00adment d\u2019autres points de vue soit pour d\u00e9fendre soit pour cri\u00adti\u00adquer l\u2019ex\u00adp\u00e9\u00adrience polo\u00adnaise, de la m\u00eame fa\u00e7on qu\u2019il y a eu r\u00e9cem\u00adment \u00e0 Paris des dis\u00adcus\u00adsions sur l\u2019ex\u00adp\u00e9\u00adrience tch\u00e9\u00adco\u00adslo\u00advaque. Nous ne ferons ici qu\u2019a\u00adbor\u00adder le pro\u00adbl\u00e8me pour signa\u00adler plus pr\u00e9\u00adci\u00ads\u00e9\u00adment un oubli his\u00adto\u00adrique&nbsp;: entre la Com\u00admune de Paris et le syn\u00addi\u00adcat polo\u00adnais Soli\u00addar\u00adnosc il y a eu beau\u00adcoup d\u2019autres exp\u00e9\u00adriences, et sur\u00adtout une qu\u2019il ne faut pas oublier ni sous-esti\u00admer \u2013 les id\u00e9es et le mou\u00adve\u00adment social, r\u00e9vo\u00adlu\u00adtion\u00adnaire, syn\u00addi\u00adcal et pro\u00adl\u00e9\u00adta\u00adrien des soviets dans la r\u00e9vo\u00adlu\u00adtion russe. Il est \u00e9vident qu\u2019au\u00adjourd\u2019\u00adhui, de cette id\u00e9e et de ce mou\u00adve\u00adment, il ne reste que le nom sans aucun conte\u00adnu. Comme il est \u00e9vident que la pro\u00adpa\u00adgande du par\u00adti a effa\u00adc\u00e9 de l\u2019his\u00adtoire tout ce qui \u00e9tait li\u00e9 \u00e0 ces id\u00e9es et \u00e0 ce mouvement.<\/p>\n<p style=\"text-align: justify;\">Mais mal\u00adgr\u00e9 tout la v\u00e9ri\u00adt\u00e9 his\u00adto\u00adrique existe, quelques contem\u00adpo\u00adrains et his\u00adto\u00adriens de l\u2019\u00e9\u00adpoque ont lais\u00ads\u00e9 des traces. Il faut que nous conti\u00adnuions \u00e0 par\u00adler de ces pages oubli\u00e9es de l\u2019his\u00adtoire jus\u00adqu\u2019au jour o\u00f9 elles seront de nou\u00adveau \u00e9vi\u00addentes pour tout le&nbsp;monde.<\/p>\n<p style=\"text-align: justify;\">Nous rap\u00adpel\u00adle\u00adrons bri\u00e8\u00adve\u00adment ici quelques faits. La force et l\u2019o\u00adri\u00adgi\u00adna\u00adli\u00adt\u00e9 du mou\u00adve\u00adment r\u00e9vo\u00adlu\u00adtion\u00adnaire russe de 1917\u200a\u2013\u200a21 ne r\u00e9si\u00addaient pas dans le par\u00adti com\u00admu\u00adniste qui \u00e9tait tr\u00e8s mino\u00adri\u00adtaire, \u00e0 peu pr\u00e8s incon\u00adnu et tou\u00adjours en retard. Ce n\u2019\u00e9\u00adtaient pas non plus les per\u00adson\u00adna\u00adli\u00adt\u00e9s \u00ab&nbsp;his\u00adto\u00adriques&nbsp;\u00bb comme L\u00e9nine et Trots\u00adky (leur r\u00f4le his\u00adto\u00adrique a \u00e9t\u00e9 fabri\u00adqu\u00e9 a pos\u00adte\u00adrio\u00adri). Mais c\u2019\u00e9\u00adtait sur\u00adtout la grande masse des ouvriers, des pay\u00adsans et des sol\u00addats en lutte pr\u00e9\u00adci\u00ads\u00e9\u00adment au nom des soviets en tant que concep\u00adtion d\u2019au\u00adto-gou\u00adver\u00adne\u00adment, auto-pro\u00adduc\u00adtion et auto-contr\u00f4le. Ces m\u00eames id\u00e9es et ces m\u00eames exi\u00adgences qui ont mobi\u00adli\u00ads\u00e9 les ouvriers polo\u00adnais en gr\u00e8ve en 1980 et sur les\u00adquelles ils ont d\u00e9bat\u00adtu pen\u00addant toute l\u2019an\u00adn\u00e9e 1981. Pour illus\u00adtrer ce que nous avan\u00ad\u00e7ons, nous cite\u00adrons la phrase de L\u00e9nine que Trots\u00adky a rap\u00adpe\u00adl\u00e9e plus tard, une fois en \u00e9mi\u00adgra\u00adtion (dans son livre sur L\u00e9nine, 1924, p. 63): \u00ab&nbsp;Le pays des ouvriers et des pay\u00adsans pauvres est mille fois plus \u00e0 gauche que les concep\u00adtions d\u2019un Tcher\u00adnov et cent fois plus \u00e0 gauche que nos propres positions&nbsp;\u00bb.<\/p>\n<p style=\"text-align: justify;\">Le deuxi\u00e8me fait aus\u00adsi impor\u00adtant que le pre\u00admier est que l\u2019i\u00add\u00e9e de \u00ab&nbsp;tout le pou\u00advoir au soviet&nbsp;\u00bb n\u2019est pas un mot d\u2019ordre iso\u00adl\u00e9 mais cor\u00adres\u00adpond \u00e0 un mou\u00adve\u00adment orga\u00adni\u00ads\u00e9 et conscient. Ce mou\u00adve\u00adment \u00e9tait pr\u00e9\u00adsent dans chaque uni\u00adt\u00e9 de pro\u00adduc\u00adtion, dans chaque lieu d\u2019ha\u00adbi\u00adta\u00adtion. Dans ces condi\u00adtions de r\u00e9vo\u00adlu\u00adtion et de guerre civile, ce mou\u00adve\u00adment avait com\u00admen\u00adc\u00e9 \u00e0 s\u2019or\u00adga\u00adni\u00adser dans des dimen\u00adsions natio\u00adnales. Le 2\u00e8me Congr\u00e8s pan\u00adrusse des soviets devait ouvrir ses tra\u00advaux pr\u00e9\u00adci\u00ads\u00e9\u00adment le 24\/\u200b10\/\u200b1917 \u00e0 P\u00e9ters\u00adbourg. Dans cette fin d\u2019oc\u00adtobre, le mot d\u2019ordre \u00ab&nbsp;tout le pou\u00advoir aux mains des soviets&nbsp;\u00bb n\u2019\u00e9\u00adtait pas un sou\u00adhait, c\u2019\u00e9\u00adtait une r\u00e9a\u00adli\u00adt\u00e9 concr\u00e8te. Pra\u00adti\u00adque\u00adment, tout le pou\u00advoir \u00e9tait d\u00e9j\u00e0 aux mains des soviets, le congr\u00e8s devait uni\u00adque\u00adment offi\u00adcia\u00adli\u00adser ce sys\u00adt\u00e8me et l\u00e9ga\u00adli\u00adser la pra\u00adtique d\u00e9j\u00e0 exis\u00adtante, autre\u00adment dit prendre le pouvoir.<\/p>\n<p style=\"text-align: justify;\">Ce n\u2019est pas par hasard que Trots\u00adky a r\u00e9us\u00adsi \u00e0 convaincre L\u00e9nine. Et ce der\u00adnier a entra\u00ee\u00adn\u00e9 der\u00adri\u00e8re lui la majo\u00adri\u00adt\u00e9 du Comi\u00adt\u00e9 Cen\u00adtral du Par\u00adti dans la n\u00e9ces\u00adsi\u00adt\u00e9 d\u2019a\u00adgir avant le Congr\u00e8s des Soviets, et d\u2019a\u00adgir par un coup d\u2019\u00e9\u00adtat mili\u00adtaire que la pro\u00adpa\u00adgande bol\u00adche\u00advique a appe\u00adl\u00e9 plus tard la R\u00e9vo\u00adlu\u00adtion d\u2019Oc\u00adtobre. Ce n\u2019\u00e9\u00adtait pas une r\u00e9vo\u00adlu\u00adtion, c\u2019\u00e9\u00adtait une prise de pou\u00advoir par la force mili\u00adtaire. Le coup n\u2019\u00e9\u00adtait pas diri\u00adg\u00e9 vers le pou\u00advoir pas\u00ads\u00e9 qui n\u2019exis\u00adtait pra\u00adti\u00adque\u00adment plus, mais devant le dan\u00adger d\u2019une vrai r\u00e9vo\u00adlu\u00adtion, c\u2019est \u00e0 dire la prise de pou\u00advoir par le Congr\u00e8s des Soviets au nom des soviets d\u00e9j\u00e0 exis\u00adtants. On peut ouvrir ici un paral\u00adl\u00e8le. Le coup d\u2019\u00e9\u00adtat mili\u00adtaire en Pologne se pro\u00adduit en r\u00e9ponse aux pro\u00adpo\u00adsi\u00adtions du Conseil natio\u00adnale des syn\u00addi\u00adcats ind\u00e9\u00adpen\u00addants Soli\u00addar\u00adnosc de faire un r\u00e9f\u00e9\u00adren\u00addum pr\u00e9\u00adci\u00ads\u00e9\u00adment sur la ques\u00adtion du pou\u00advoir en Pologne et sur la place du Par\u00adti et des syn\u00addi\u00adcats dans ce pouvoir.<\/p>\n<p style=\"text-align: justify;\">Il est int\u00e9\u00adres\u00adsant d\u2019\u00e9\u00adtu\u00addier les rap\u00adports de L\u00e9nine et des bol\u00adche\u00adviks avec les soviets. Nous don\u00adne\u00adrons ici quelques cita\u00adtions d\u2019un contem\u00adpo\u00adrain Arthur Leh\u00adning qui a \u00e9crit en&nbsp;1929&nbsp;:<\/p>\n<blockquote>\n<p style=\"text-align: justify;\">\u00ab&nbsp;L\u00e9nine et son par\u00adti n\u2019ont jamais pris au s\u00e9rieux l\u2019i\u00add\u00e9e de tout le pou\u00advoir aux mains des soviets, ils ne pou\u00advaient pas accep\u00adter cette id\u00e9e pour la simple rai\u00adson que dans ce cas ils devaient accep\u00adter aus\u00adsi que les soviets devraient jouer un r\u00f4le essen\u00adtiel\u00adle\u00adment construc\u00adtif dans la soci\u00e9\u00adt\u00e9 socia\u00adliste apr\u00e8s la des\u00adtruc\u00adtion de l\u2019\u00e9\u00adtat bour\u00adgeois\u2026 concep\u00adtion qui \u00e9tait en pleine contra\u00addic\u00adtion avec l\u2019i\u00add\u00e9e bol\u00adche\u00advique de construc\u00adtion de cette soci\u00e9\u00adt\u00e9. Accep\u00adter les exi\u00adgences des soviets, cela signi\u00adfie qu\u2019il faut chan\u00adger les organes de l\u2019\u00c9\u00adtat avec une nou\u00advelle orga\u00adni\u00adsa\u00adtion sociale o\u00f9 pr\u00e9\u00adci\u00ads\u00e9\u00adment les soviets ont un r\u00f4le impor\u00adtant poli\u00adtique et \u00e9co\u00adno\u00admique. Mais cela est incom\u00adpa\u00adtible avec la concep\u00adtion de L\u00e9nine d\u2019un socia\u00adlisme d\u2019\u00c9\u00adtat. L\u00e9nine r\u00e9p\u00e9\u00adtait tout le temps, dans ses articles de f\u00e9vrier \u00e0 octobre 1917, que la condi\u00adtion n\u00e9ces\u00adsaire de la r\u00e9a\u00adli\u00adsa\u00adtion du socia\u00adlisme est la cr\u00e9a\u00adtion d\u2019un pou\u00advoir \u00e9ta\u00adtique fort, que la t\u00e2che essen\u00adtielle est de prendre le pou\u00advoir d\u2019\u00e9\u00adtat pour cr\u00e9er un nou\u00advel \u00c9tat. Ce nou\u00advel \u00c9tat, d\u2019a\u00adpr\u00e8s L\u00e9nine, devait \u00eatre tem\u00adpo\u00adraire, comme la Com\u00admune de Paris\u2026 mais l\u2019es\u00adsen\u00adtiel est cette id\u00e9e de L\u00e9nine d\u2019un socia\u00adlisme d\u2019\u00c9tat.&nbsp;\u00bb<\/p>\n<p style=\"text-align: right;\">(A. Leh\u00adning,&nbsp;1929)<\/p>\n<\/blockquote>\n<p style=\"text-align: justify;\">Com\u00adment les bol\u00adche\u00adviks ont-ils r\u00e9so\u00adlu le pro\u00adbl\u00e8me d\u2019u\u00adti\u00adli\u00adser la puis\u00adsance d\u2019i\u00add\u00e9e du mou\u00adve\u00adment des soviets pour leur propre compte&nbsp;? Cette ques\u00adtion a non seule\u00adment une impor\u00adtance his\u00adto\u00adrique mais aus\u00adsi un int\u00e9\u00adr\u00eat actuel. Cela peut expli\u00adquer l\u2019at\u00adti\u00adtude du Par\u00adti Com\u00admu\u00adniste polo\u00adnais envers les syn\u00addi\u00adcats polo\u00adnais pen\u00addant les 16 mois \u00e9cou\u00adl\u00e9s, leur atti\u00adtude actuelle, et per\u00admettre m\u00eame de pr\u00e9\u00advoir leur tac\u00adtique future.<\/p>\n<p style=\"text-align: justify;\">Le 9\/\u200b4\/\u200b1917, L\u00e9nine \u00e9crit dans la Prav\u00adda&nbsp;: \u00ab&nbsp;Nous ne sommes pas des blan\u00adquistes par\u00adti\u00adsans d\u2019une prise de pou\u00advoir par une mino\u00adri\u00adt\u00e9&nbsp;\u00bb. Le 14 avril, \u00e0 la Conf\u00e9\u00adrence des Bol\u00adche\u00adviks de P\u00e9tro\u00adgrad, il d\u00e9clare&nbsp;: \u00ab&nbsp;Tant que les soviets ne prennent pas le pou\u00advoir, nous ne le pren\u00addrons pas non plus&nbsp;\u00bb. Dans ses \u00ab&nbsp;Lettres sur la tac\u00adtique&nbsp;\u00bb (dans les\u00adquelles il explique ses Th\u00e8ses d\u2019A\u00advril) L\u00e9nine \u00e9crit que d\u2019a\u00adpr\u00e8s Marx la Com\u00admune de Paris n\u2019est pas un blan\u00adquisme parce qu\u2019elle a assu\u00adr\u00e9 la domi\u00adna\u00adtion directe et imm\u00e9\u00addiate d\u2019une majo\u00adri\u00adt\u00e9 et elle r\u00e9pond \u00e0 l\u2019ac\u00adti\u00advi\u00adt\u00e9 des masses dans ce sens que les masses s\u2019af\u00adfirment elles-m\u00eames. Et trans\u00adpo\u00adsant cet exemple dans la situa\u00adtion de la Rus\u00adsie au prin\u00adtemps 1917, il&nbsp;\u00e9crit&nbsp;:<\/p>\n<blockquote>\n<p style=\"text-align: justify;\">\u00ab&nbsp;Les soviets des repr\u00e9\u00adsen\u00adtants des ouvriers, des pay\u00adsans et des sol\u00addats sont \u00e9vi\u00addem\u00adment l\u2019or\u00adga\u00adni\u00adsa\u00adtion directe et concr\u00e8te de la majo\u00adri\u00adt\u00e9 du peuple\u2026 la prise de pou\u00advoir de la part des soviets n\u2019a rien de com\u00admun avec le blan\u00adquisme parce que c\u2019est une prise de pou\u00advoir d\u2019une majo\u00adri\u00adt\u00e9. Notre acti\u00advi\u00adt\u00e9 doit \u00eatre orien\u00adt\u00e9e vers une lutte d\u2019in\u00adfluence au milieu de ces soviets\u2026 Le pro\u00adl\u00e9\u00adta\u00adriat n\u2019est pas capable de prendre l\u2019ap\u00adpa\u00adreil du pou\u00advoir et de le diri\u00adger. Mais une fois le pou\u00advoir \u00e9ta\u00adtique pris, les soviets sont capables de d\u00e9ve\u00adlop\u00adper une acti\u00advi\u00adt\u00e9, de d\u00e9mon\u00adtrer leurs capa\u00adci\u00adt\u00e9s\u2026 Les soviets des ouvriers et des pay\u00adsans seront la nou\u00advelle forme de l\u2019\u00c9\u00adtat, une nou\u00advelle forme sup\u00e9\u00adrieure de la d\u00e9mo\u00adcra\u00adtie, une forme de la dic\u00adta\u00adture du prol\u00e9tariat&nbsp;\u00bb.<\/p>\n<p style=\"text-align: right;\">(L\u00e9nine,<br>\nr\u00e9su\u00adm\u00e9 des articles&nbsp;: Les Bol\u00adche\u00adviks doivent-ils garder<br>\nle pou\u00advoir. Lettre aux ouvriers am\u00e9\u00adri\u00adcains. Texte&nbsp;du<br>\n20\/\u200b8\/\u200b1918)<\/p>\n<\/blockquote>\n<p style=\"text-align: justify;\">Comme on peut le consta\u00adter dans ce texte, L\u00e9nine cr\u00e9e une confu\u00adsion consciente entre le blan\u00adquisme et le non- blan\u00adquisme, c\u2019est \u00e0 dire une prise de pou\u00advoir par une mino\u00adri\u00adt\u00e9 par un coup d\u2019\u00e9\u00adtat&nbsp;; le pro\u00adl\u00e9\u00adta\u00adriat est \u00e0 la fois capable et inca\u00adpable de prendre et d\u2019exer\u00adcer le pou\u00advoir&nbsp;; les conseils sont l\u2019ex\u00adpres\u00adsion de la volon\u00adt\u00e9 de la majo\u00adri\u00adt\u00e9 du peuple, ou ils sont l\u2019or\u00adgane de la future soci\u00e9\u00adt\u00e9 qui sera en m\u00eame temps \u00e9ta\u00adtique et non-\u00e9ta\u00adtique. Il y a une chose qui est claire, c\u2019est que L\u00e9nine a un besoin urgent des soviets en tant qu\u2019i\u00add\u00e9e sociale et en tant qu\u2019ex\u00adpres\u00adsion d\u2019une majo\u00adri\u00adt\u00e9 qui lui manque \u00e0 lui. C\u2019est pour\u00adquoi il envi\u00adsage de les \u00ab&nbsp;influen\u00adcer&nbsp;\u00bb c\u2019est \u00e0 dire de les mani\u00adpu\u00adler et de les r\u00e9cup\u00e9rer.<\/p>\n<p style=\"text-align: justify;\">Pour\u00adquoi en avril 1917 L\u00e9nine a\u2011t-il for\u00admel\u00adle\u00adment refu\u00ads\u00e9 l\u2019at\u00adti\u00adtude blan\u00adquiste, et applique-t-il cette atti\u00adtude en octobre&nbsp;? Parce qu\u2019il n\u2019a pas r\u00e9us\u00adsi \u00e0 \u00ab&nbsp;influen\u00adcer&nbsp;\u00bb suf\u00adfi\u00adsam\u00adment ces soviets et \u00e0 pr\u00e9\u00adpa\u00adrer un coup d\u2019\u00e9\u00adtat \u00ab&nbsp;l\u00e9gi\u00adtime&nbsp;\u00bb. Mais sur\u00adtout parce qu\u2019il savait que les soviets cette fois ci \u00e9taient pr\u00eats \u00e0 assu\u00adrer le pou\u00advoir, c\u2019est \u00e0 dire l\u00e9ga\u00adli\u00adser ce qui exis\u00adtait d\u00e9j\u00e0 \u00e0 la base, l\u2019ac\u00adti\u00advi\u00adt\u00e9 des soviets locaux. Mais en m\u00eame temps L\u00e9nine \u00e9tait assez intel\u00adli\u00adgent pour com\u00adprendre que sans les soviets ou contre les soviets il ne pou\u00advait rien faire. C\u2019est pr\u00e9\u00adci\u00ads\u00e9\u00adment sur ce point qu\u2019a lieu la d\u00e9cou\u00adverte \u00ab&nbsp;g\u00e9niale&nbsp;\u00bb de L\u00e9nine, sa mani\u00e8re mal\u00adhon\u00adn\u00eate et rus\u00e9e. Son com\u00adpa\u00adgnon de l\u2019\u00e9\u00adpoque, Trots\u00adky, a expli\u00adqu\u00e9 plus tard \u00e0 sa mani\u00e8re intel\u00adlec\u00adtuelle et bavarde ce qui s\u2019\u00e9\u00adtait&nbsp;pass\u00e9&nbsp;:<\/p>\n<blockquote>\n<p style=\"text-align: justify;\">\u00ab&nbsp;Le par\u00adti a \u00e9t\u00e9 inca\u00adpable de prendre le pou\u00advoir tout seul sans les soviets et der\u00adri\u00e8re leur dos. Cela aurait \u00e9t\u00e9 une erreur tr\u00e8s mal accep\u00adt\u00e9 par les ouvriers et par la gar\u00adni\u00adson de P\u00e9tro\u00adgrad. Les sol\u00addats connais\u00adsaient tr\u00e8s bien le soviet des repr\u00e9\u00adsen\u00adtants des ouvriers de P\u00e9tro\u00adgrad et ils tra\u00advaillaient avec la sec\u00adtion mili\u00adtaire de ce soviet. Ils ne connais\u00adsaient pas notre par\u00adti ou ils le connais\u00adsaient uni\u00adque\u00adment par l\u2019in\u00adter\u00adm\u00e9\u00addiaire des soviets. Et si l\u2019in\u00adsur\u00adrec\u00adtion sans l\u2019ac\u00adcord du congr\u00e8s des soviets, se fai\u00adsait sans liai\u00adson avec lui, sans sa pro\u00adtec\u00adtion, sans qu\u2019il soit \u00e9vident pour les sol\u00addats que cette insur\u00adrec\u00adtion \u00e9tait la condi\u00adtion de lutte pour \u00ab&nbsp;tout le pou\u00advoir aux soviets&nbsp;\u00bb \u2013 sans ces condi\u00adtions, l\u2019at\u00adti\u00adtude de la gar\u00adni\u00adson de P\u00e9tro\u00adgrad pou\u00advait \u00eatre tr\u00e8s dan\u00adge\u00adreuse pour notre succ\u00e8s.&nbsp;\u00bb<\/p>\n<p style=\"text-align: right;\">(Trots\u00adky,<br>\n\u00ab&nbsp;Sur L\u00e9nine, 1924 p.78)<\/p>\n<\/blockquote>\n<p style=\"text-align: justify;\">Ain\u00adsi, pro\u00adfi\u00adtant d\u2019une cer\u00adtaine confu\u00adsion, cr\u00e9ant par eux-m\u00eame des confu\u00adsions, accep\u00adtant des pers\u00adpec\u00adtives qui leurs sont \u00e9tran\u00adg\u00e8res, appli\u00adquant des tac\u00adtiques qu\u2019ils reje\u00adtaient quelques mois aupa\u00adra\u00advant \u2013 les bol\u00adche\u00adviks ont pris de vitesse \u00e0 la der\u00adni\u00e8re minute les d\u00e9ci\u00adsions du Congr\u00e8s des Soviets. Ils se sont d\u00e9p\u00ea\u00adch\u00e9s de pro\u00adcla\u00admer leur \u00ab&nbsp;gou\u00adver\u00adne\u00adment r\u00e9vo\u00adlu\u00adtion\u00adnaire pro\u00advi\u00adsoire&nbsp;\u00bb qui les nom\u00admait eux-m\u00eames \u00ab&nbsp;soviets des com\u00admis\u00adsaires du peuple&nbsp;\u00bb \u2013 juste \u00e0 l\u2019ou\u00adver\u00adture du 2\u00e8me Congr\u00e8s des Soviets, les vrais. La confu\u00adsion \u00e9tait elle que le 25\/\u200b10\/\u200b1917 ce Congr\u00e8s \u00e0 vot\u00e9 un mani\u00adfeste dans lequel il dit&nbsp;: \u00ab&nbsp;Le Congr\u00e8s des&nbsp;Soviets d\u00e9clare prendre tout le pou\u00advoir dans ses mains\u2026 Le Congr\u00e8s d\u00e9cide&nbsp;: tout le pou\u00advoir dans ses mains\u2026 Le Congr\u00e8s d\u00e9cide&nbsp;: tout le pou\u00advoir des dif\u00adf\u00e9\u00adrents lieux d\u2019ha\u00adbi\u00adta\u00adtion passe enti\u00e8\u00adre\u00adment aux mains des soviets locaux des repr\u00e9\u00adsen\u00adtants des ouvriers, des pay\u00adsans et des sol\u00addats&nbsp;\u00bb. Mais il y avait d\u00e9j\u00e0 deux pou\u00advoirs en place, le gou\u00adver\u00adne\u00adment pro\u00advi\u00adsoire sor\u00adti du coup d\u2019\u00e9\u00adtat des bol\u00adche\u00adviks et les d\u00e9ci\u00adsions du Congr\u00e8s des Soviets. Au d\u00e9but, le gou\u00adver\u00adne\u00adment entre\u00adte\u00adnait l\u2019illu\u00adsion qu\u2019il ex\u00e9\u00adcute la volon\u00adt\u00e9 des soviets bien que ni son ori\u00adgine, ni son orga\u00adni\u00adsa\u00adtion, ni ses id\u00e9es n\u2019aient cor\u00adres\u00adpon\u00addu \u00e0 celles des soviets. Pro\u00adgres\u00adsi\u00adve\u00adment, le par\u00adti de L\u00e9nine a \u00e9li\u00admi\u00adn\u00e9 direc\u00adte\u00adment ou indi\u00adrec\u00adte\u00adment les gens qui ani\u00admaient les soviets. Il a aus\u00adsi aban\u00addon\u00adn\u00e9 les id\u00e9es du pou\u00advoir des soviets jus\u00adqu\u2019au 5\u00e8me Congr\u00e8s des Soviets qui a ame\u00adn\u00e9 les soviets \u00e0 ce qu\u2019ils sont encore, un sym\u00adbole sans aucun pou\u00advoir, une ins\u00adti\u00adtu\u00adtion sans aucune impor\u00adtance. En Pologne, apr\u00e8s 16 mois d\u2019ef\u00adforts pour uti\u00adli\u00adser et com\u00adpro\u00admettre la nou\u00advelle forme des soviets qui \u00e9tait l\u2019or\u00adga\u00adni\u00adsa\u00adtion Soli\u00addar\u00adnosc, le par\u00adti \u00e0 uti\u00adli\u00ads\u00e9 de nou\u00adveau la force mili\u00adtaire pour l\u2019\u00e9\u00adli\u00admi\u00adner. Il va pro\u00adba\u00adble\u00adment essayer, d\u2019a\u00adpr\u00e8s les \u00ab&nbsp;le\u00e7ons&nbsp;\u00bb de L\u00e9nine, de sau\u00adve\u00adgar\u00adder et d\u2019u\u00adti\u00adli\u00adser la phra\u00ads\u00e9o\u00adlo\u00adgie et la fa\u00e7ade des syn\u00addi\u00adcats dits ind\u00e9\u00adpen\u00addants. Va-t-il y par\u00adve\u00adnir, c\u2019est un autre probl\u00e8me.<\/p>\n<p style=\"text-align: justify;\">Mais pour ter\u00admi\u00adner ce bref rap\u00adpel des conflits entre les soviets et le par\u00adti en Rus\u00adsie en 1917, nous don\u00adne\u00adrons quelques extraits d\u2019un contem\u00adpo\u00adrain de ces \u00e9v\u00e9\u00adne\u00adments, qui a \u00e9crit en&nbsp;1921&nbsp;:<\/p>\n<blockquote>\n<p style=\"text-align: justify;\">\u00ab&nbsp;L\u2019i\u00add\u00e9e des soviets, c\u2019est l\u2019ex\u00adpres\u00adsion la plus juste de ce que nous consi\u00add\u00e9\u00adrons comme une R\u00e9vo\u00adlu\u00adtion sociale, car elle englobe toute la par\u00adtie construc\u00adtive du socia\u00adlisme\u2026 L\u2019i\u00add\u00e9e de dic\u00adta\u00adture est une concep\u00adtion bour\u00adgeoise qui n\u2019a rien de com\u00admun avec le socia\u00adlisme. Au contraire, cette concep\u00adtion est en contra\u00addic\u00adtion fon\u00adda\u00admen\u00adtale avec l\u2019i\u00add\u00e9e construc\u00adtive des soviets. L\u2019ef\u00adfort d\u2019u\u00adnir ces deux concep\u00adtions contra\u00addic\u00adtoires m\u00e8ne \u00e0 cette mons\u00adtruo\u00adsi\u00adt\u00e9 sans espoir qui est le sys\u00adt\u00e8me bol\u00adche\u00advique actuel qui a \u00e9t\u00e9 fatal pour la R\u00e9vo\u00adlu\u00adtion russe\u2026 Et il ne pour\u00adrait en \u00eatre autre\u00adment. Le sys\u00adt\u00e8me des soviets est fon\u00add\u00e9 sur de telles bases qu\u2019ils ne peuvent pas se d\u00e9ve\u00adlop\u00adper dans une dic\u00adta\u00adture. Dans la th\u00e9o\u00adrie et la pra\u00adtique bol\u00adche\u00advique, tout vient de l\u00e0-haut, on exige des masses une sou\u00admis\u00adsion aveugle devant cette volon\u00adt\u00e9 diri\u00adgeante. En Rus\u00adsie, cette dic\u00adta\u00adture s\u2019est impo\u00ads\u00e9e, c\u2019est pour\u00adquoi il ne peut \u00eatre ques\u00adtion de soviets&nbsp;; au contraire, c\u2019est une cari\u00adca\u00adture com\u00adpl\u00e8te de l\u2019i\u00add\u00e9e m\u00eame des soviets c\u2019est \u00e0 dire l\u2019in\u00add\u00e9\u00adpen\u00addance des syn\u00addi\u00adcats ouvriers, auto-gou\u00adver\u00adne\u00adment et auto-production.<\/p>\n<p style=\"text-align: right;\">(Rudolf Rocker,<br>\n\u00ab&nbsp;La catas\u00adtrophe du com\u00admu\u00adnisme russe, 1921, p.23\u200a\u2013\u200a24)<\/p>\n<\/blockquote>\n<p style=\"text-align: justify;\">On com\u00adprend alors pour\u00adquoi le par\u00adti com\u00admu\u00adniste au pou\u00advoir n\u2019ac\u00adcepte pas et n\u2019ac\u00adcep\u00adte\u00adra jamais un mou\u00adve\u00adment ouvrier ind\u00e9\u00adpen\u00addant ain\u00adsi que tout effort vers une cer\u00adtaine d\u00e9mo\u00adcra\u00adtie et une cer\u00adtaine liber\u00adt\u00e9. On com\u00adprend aus\u00adsi pour\u00adquoi il \u00e9crase chaque fois par la force mili\u00adtaire soit direc\u00adte\u00adment comme \u00e0 Prague et \u00e0 Buda\u00adpest, soit indi\u00adrec\u00adte\u00adment comme \u00e0 Var\u00adso\u00advie, tout effort et tout \u00e9veil vers des id\u00e9aux sem\u00adblables \u00e0 ceux de 1917. Dans ce sens l\u2019af\u00adfir\u00adma\u00adtion de la <i>Prav\u00adda<\/i> de Mos\u00adcou&nbsp;: \u00ab&nbsp;Les id\u00e9es syn\u00addi\u00adca\u00adlistes et plus pr\u00e9\u00adci\u00ads\u00e9\u00adment celles de l\u2019a\u00adnar\u00adcho-syn\u00addi\u00adca\u00adlisme sont d\u00e9pas\u00ads\u00e9es et reje\u00adt\u00e9es par l\u2019his\u00adtoire&nbsp;\u00bb \u2013 s\u2019est r\u00e9v\u00e9\u00adl\u00e9e fausse. Car au contraire, bien qu\u2019in\u00adter\u00addites, presque incon\u00adnues, ces id\u00e9es et ces pra\u00adtiques reviennent constam\u00adment et p\u00e9rio\u00addi\u00adque\u00adment sur la sc\u00e8ne de l\u2019his\u00adtoire. Et il en sera ain\u00adsi tant que la ques\u00adtion sociale n\u2019est pas r\u00e9solue.<\/p>\n<h5 style=\"text-align: justify;\">Impuissance de l\u2019Occident<\/h5>\n<p style=\"text-align: justify;\">La ques\u00adtion polo\u00adnaise et sa tra\u00adg\u00e9\u00addie ont pla\u00adc\u00e9 tout l\u2019Oc\u00adci\u00addent dans une posi\u00adtion tr\u00e8s incon\u00adfor\u00adtable \u2013 son impuis\u00adsance com\u00adpl\u00e8te de toute action. M\u00eame dans des pays ou des endroits o\u00f9 il y avait un sin\u00adc\u00e8re d\u00e9sir de soli\u00adda\u00adri\u00adt\u00e9, de r\u00e9volte, d\u2019aide au peuple polo\u00adnais, tout cela est res\u00adt\u00e9 uni\u00adque\u00adment sym\u00adbo\u00adlique, exclu\u00adsi\u00adve\u00adment \u00e9thique, plus utile pour ceux qui ont mani\u00adfes\u00adt\u00e9, et en r\u00e9a\u00adli\u00adt\u00e9 sans aucune valeur. La m\u00eame situa\u00adtion se r\u00e9p\u00e8te chaque fois qu\u2019il y a des cas sem\u00adblables en Europe de&nbsp;l\u2019Est.<\/p>\n<p style=\"text-align: justify;\">Cette situa\u00adtion contraste \u00e9tran\u00adge\u00adment avec les conflits des autres coins de la pla\u00adn\u00e8te, Cor\u00e9e, Viet\u00adnam, Am\u00e9\u00adrique Cen\u00adtrale, Proche Orient, etc. Pour\u00adquoi cette dif\u00adf\u00e9\u00adrence dans les atti\u00adtudes et les pos\u00adsi\u00adbi\u00adli\u00adt\u00e9s&nbsp;? Nous ren\u00adtrons ici dans le domaine de la diplo\u00adma\u00adtie, de la poli\u00adtique poli\u00adti\u00adcienne pleine d\u2019in\u00adcer\u00adti\u00adtudes, d\u2019in\u00adcon\u00adnu, de sub\u00adti\u00adli\u00adt\u00e9s incom\u00adpr\u00e9\u00adhen\u00adsibles. C\u2019est un domaine inha\u00adbi\u00adtuel pour nous, o\u00f9 tout doit \u00eatre dit au condi\u00adtion\u00adnel ou par sup\u00adpo\u00adsi\u00adtion. Cela \u00e0 m\u00eame pos\u00e9 des pro\u00adbl\u00e8mes entre nous. Par exemple, des cama\u00adrades ne com\u00adprennent pas pour\u00adquoi je ram\u00e8ne sou\u00advent la ques\u00adtion \u00e0 Yal\u00adta. Il semble que la diplo\u00adma\u00adtie ne doive pas int\u00e9\u00adres\u00adser les r\u00e9vo\u00adlu\u00adtion\u00adnaires, pour eux c\u2019est le rap\u00adport de force qui compte dans la lutte. Le reste n\u2019est qu\u2019un jeu. C\u2019est pro\u00adba\u00adble\u00adment vrai pour les r\u00e9gimes d\u00e9mo\u00adcra\u00adtiques o\u00f9 il existe une opi\u00adnion publique, o\u00f9 des mou\u00adve\u00adments sociaux et poli\u00adtiques peuvent agir, peuvent pro\u00advo\u00adquer des r\u00e9formes, des chan\u00adge\u00adments. Mais l\u2019Oc\u00adci\u00addent oublie ou ne veut pas accep\u00adter la r\u00e9a\u00adli\u00adt\u00e9 des r\u00e9gimes tota\u00adli\u00adtaires bien que dans son his\u00adtoire du 20\u00e8me si\u00e8cle il ait d\u00fb aus\u00adsi les subir. Cela change du tout au tout. Com\u00adment peut-on expli\u00adquer par exemple qu\u2019en Pologne aujourd\u2019\u00adhui quatre cent mille mili\u00adciens soient en train de mettre \u00e0 genoux dix mil\u00adlions d\u2019ou\u00advriers der\u00adri\u00e8re les\u00adquels il y a le peuple tout entier. Dans le m\u00eame sens, la remarque bles\u00adsante pour nous tous les \u00e9mi\u00adgr\u00e9s&nbsp;: mais pour\u00adquoi sup\u00adpor\u00adtez-vous ces r\u00e9gimes, vous n\u2019\u00eates pas des hommes, pour\u00adquoi ne les reje\u00adtez-vous pas\u2026 Il ne faut pas oublier que les r\u00e9gimes tota\u00adli\u00adtaires fas\u00adcistes ont \u00e9t\u00e9 d\u00e9truits non pas par une r\u00e9sis\u00adtance int\u00e9\u00adrieure mais par une guerre. Et qui veut accep\u00adter aujourd\u2019\u00adhui les risques d\u2019une nou\u00advelle guerre&nbsp;? Alors le tota\u00adli\u00adta\u00adrisme de gauche survit.<\/p>\n<p style=\"text-align: justify;\">Mais il sur\u00advit aus\u00adsi parce que l\u2019Oc\u00adci\u00addent a accep\u00adt\u00e9 et garan\u00adtit sa sur\u00advie. Par les accords de T\u00e9h\u00e9\u00adran de 1943, par les accords de Yal\u00adta en f\u00e9vrier 1945, par les accords de Poz\u00adnan. \u00c0 l\u2019oc\u00adca\u00adsion des \u00e9v\u00e9\u00adne\u00adments de Pologne, la presse occi\u00adden\u00adtale \u00e0 \u00e9t\u00e9 for\u00admelle au sujet de Yal\u00adta&nbsp;: \u00ab&nbsp;Du d\u00e9but jus\u00adqu\u2019\u00e0 la fin de la Conf\u00e9\u00adrence de Yal\u00adta, il y a eu un d\u00e9sac\u00adcord qui n\u2019est jamais par\u00adve\u00adnu \u00e0 se r\u00e9gler, sur la fron\u00adti\u00e8re occi\u00adden\u00adtale de l\u2019URSS.&nbsp;\u00bb Par cons\u00e9\u00adquent il n\u2019est pas vrai que l\u2019Oc\u00adci\u00addent ait ven\u00addu toute l\u2019Eu\u00adrope Orien\u00adtale \u00e0 Sta\u00adline, et qu\u2019il se soit li\u00e9 lui-m\u00eame les mains dans une impuis\u00adsance com\u00adpl\u00e8te devant les pires crimes per\u00adp\u00e9\u00adtr\u00e9s dans cette zone l\u00e0, zone qui peut \u00eatre consi\u00add\u00e9\u00adr\u00e9e comme chasse gar\u00add\u00e9e o\u00f9 le chas\u00adseur peut faire tout ce qu\u2019il veut sans rendre compte&nbsp;\u00e0 personne.<\/p>\n<p style=\"text-align: justify;\">Nous, les peuples de l\u2019Eu\u00adrope Orien\u00adtale, nous n\u2019a\u00advons pas \u00e9t\u00e9 invi\u00adt\u00e9s \u00e0 signer ces accords et nous ne savons pas exac\u00adte\u00adment ce qui a \u00e9t\u00e9 d\u00e9ci\u00add\u00e9 l\u00e0-bas sur notre propre sort, sur le sort de nos enfants, sur le sort de presque cent mil\u00adlion d\u2019ha\u00adbi\u00adtants. Mais pour nous tous sans excep\u00adtion notre sort actuel et m\u00eame notre ave\u00adnir ont \u00e9t\u00e9 d\u00e9ci\u00add\u00e9 \u00e0 cette Conf\u00e9\u00adrence diplo\u00adma\u00adtique. Toute l\u2019at\u00adti\u00adtude de l\u2019Oc\u00adci\u00addent depuis trois d\u00e9cen\u00adnies le confirme. La der\u00adni\u00e8re exp\u00e9\u00adrience, celle de la Pologne 1980\u200a\u2013\u200a81, le confirme encore une&nbsp;fois.<\/p>\n<p style=\"text-align: justify;\">Pour nous, les Bul\u00adgares, c\u2019\u00e9\u00adtait d\u00e9j\u00e0 \u00e9vident d\u00e8s 1945 pen\u00addant les pre\u00admi\u00e8res et uniques \u00e9lec\u00adtions plus ou moins libres&nbsp;; la ter\u00adreur \u00e9tait si d\u00e9cha\u00ee\u00adn\u00e9e qu\u2019elle n\u2019a m\u00eame pas \u00e9par\u00adgn\u00e9 les repr\u00e9\u00adsen\u00adtants occi\u00adden\u00adtaux, m\u00eame le repr\u00e9\u00adsen\u00adtant per\u00adson\u00adnel du pr\u00e9\u00adsident am\u00e9\u00adri\u00adcain, et per\u00adsonne n\u2019a rien pu faire. Plus tard, nous avons vu l\u2019autre face du m\u00eame pro\u00adbl\u00e8me, quand l\u2019ar\u00adm\u00e9e des par\u00adti\u00adsans grecs du g\u00e9n\u00e9\u00adral Mar\u00adkos a \u00e9t\u00e9 \u00e9cra\u00ads\u00e9e par les occi\u00adden\u00adtaux sans que les pays puissent lui appor\u00adter le moindre secours. Pour nous, il \u00e9tait \u00e9vident que l\u2019Eu\u00adrope \u00e9tait divi\u00ads\u00e9e en deux zones, et que nous \u00e9tions enfer\u00adm\u00e9s et lais\u00ads\u00e9s en otage \u00e0 Mos\u00adcou pour per\u00admettre \u00e0 l\u2019autre moi\u00adti\u00e9 de l\u2019Eu\u00adrope d\u2019\u00eatre \u00ab&nbsp;libre&nbsp;\u00bb. Pour nous, il \u00e9tait aus\u00adsi \u00e9vident que nous ne pou\u00advions rien faire contre cette nou\u00advelle colo\u00adni\u00adsa\u00adtion. Et aujourd\u2019\u00adhui que les h\u00e9ros des caf\u00e9s de Paris nous accusent de \u00ab&nbsp;ne pas \u00eatre des hommes&nbsp;\u00bb, je me rap\u00adpelle les dis\u00adcus\u00adsions \u00e0 l\u2019\u00e9\u00adpoque en Bul\u00adga\u00adrie entre ceux qui envi\u00adsa\u00adgeaient la r\u00e9sis\u00adtance et ceux qui envi\u00adsa\u00adgeaient l\u2019\u00e9\u00admi\u00adgra\u00adtion. Le bon\u00adheur rela\u00adtif de ces euro\u00adp\u00e9ens occi\u00adden\u00adtaux est pay\u00e9 par la souf\u00adfrance de nos peuples, et en plus ils nous insultent.<\/p>\n<p style=\"text-align: justify;\">Nous ne sommes pas dans les secrets des diplo\u00admates, mais nous connais\u00adsons bien l\u2019his\u00adtoire qui, \u00e0 toutes les \u00e9poques et sous tous les r\u00e9gimes, a pra\u00adti\u00adqu\u00e9 la poli\u00adtique du par\u00adtage&nbsp;; les hy\u00e8nes civi\u00adli\u00ads\u00e9es ont tou\u00adjours dis\u00adcu\u00adt\u00e9 sur la carte le sort des peuples selon les int\u00e9\u00adr\u00eats et les caprices des grandes puis\u00adsances. Quand le mou\u00adve\u00adment socia\u00adliste a pris nais\u00adsance au si\u00e8cle der\u00adnier, et s\u2019est d\u00e9ve\u00adlop\u00adp\u00e9, c\u2019\u00e9\u00adtait un des th\u00e8mes essen\u00adtiels de sa lutte&nbsp;: le refus d\u2019au\u00adto\u00adri\u00adser les imp\u00e9\u00adria\u00adlistes \u00e0 d\u00e9ci\u00adder du sort de mil\u00adlions d\u2019\u00eatres humains. Qui aurait pu envi\u00adsa\u00adger que les res\u00adpon\u00adsables du monde dit socia\u00adliste uti\u00adli\u00adse\u00adraient les m\u00eames m\u00e9thodes pour construire de nou\u00adveaux empires bas\u00e9s sur de nou\u00advelles injustices.<\/p>\n<p style=\"text-align: justify;\">Je sup\u00adpose que dans les textes offi\u00adciels de Yal\u00adta il n\u2019y a pas effec\u00adti\u00adve\u00adment men\u00adtion du tra\u00adc\u00e9 de la fron\u00adti\u00e8re occi\u00adden\u00adtale de l\u2019URSS. Mais je sup\u00adpose qu\u2019il y a des textes secrets, non publiables, qui concernent cette ques\u00adtion. Quelques faits me m\u00e8nent \u00e0 cette sup\u00adpo\u00adsi\u00adtion. Par exemple, Chur\u00adchill dans ses M\u00e9moires men\u00adtionne le mar\u00adchan\u00addage per\u00adson\u00adnel avec Sta\u00adline pen\u00addant cette Conf\u00e9\u00adrence. Sur un petit bout de papier, tous les deux s\u2019\u00e9\u00adtaient mis d\u2019ac\u00adcord et chif\u00adfraient en pour\u00adcen\u00adtage leur influence res\u00adpec\u00adtive. Il semble que pour la Bul\u00adga\u00adrie, c\u2019\u00e9\u00adtait 75% d\u2019in\u00adfluence russe pour 25% d\u2019in\u00adfluence occi\u00adden\u00adtale. Apr\u00e8s ce mar\u00adchan\u00addage, les pro\u00admesses d\u2019\u00e9\u00adlec\u00adtions libres, de d\u00e9mo\u00adcra\u00adti\u00adsa\u00adtion, de repr\u00e9\u00adsen\u00adta\u00adti\u00advi\u00adt\u00e9 deviennent com\u00adpl\u00e8\u00adte\u00adment super\u00adflues et hypo\u00adcrites. Il y a des docu\u00adments selon les\u00adquels Bre\u00adj\u00adnev a pr\u00e9\u00adve\u00adnu lui-m\u00eame le pr\u00e9\u00adsident am\u00e9\u00adri\u00adcain quand l\u2019ar\u00adm\u00e9e rouge a enva\u00adhi la Tch\u00e9\u00adco\u00adslo\u00adva\u00adquie, il a m\u00eame pr\u00e9\u00adci\u00ads\u00e9 que l\u2019ar\u00adm\u00e9e rouge s\u2019ar\u00adr\u00ea\u00adte\u00adrait juste avant le no man\u2019s land avant la fron\u00adti\u00e8re allemande.<\/p>\n<p style=\"text-align: justify;\">Selon cer\u00adtaines infor\u00adma\u00adtions, Mos\u00adcou avait pr\u00e9\u00adve\u00adnu direc\u00adte\u00adment les USA et l\u2019Al\u00adle\u00admagne F\u00e9d\u00e9\u00adrale du coup d\u2019\u00e9\u00adtat de Jaru\u00adzels\u00adki en Pologne (en France uni\u00adque\u00adment le Bureau Poli\u00adtique du Comi\u00adt\u00e9 Cen\u00adtral du PCF aurait \u00e9t\u00e9 pr\u00e9\u00adve\u00adnu). Pour\u00adquoi Mos\u00adcou a\u2011t-il tel\u00adle\u00adment tenu aux accords de Hel\u00adsins\u00adki (accords qu\u2019il n\u2019a jamais appli\u00adqu\u00e9 dans son propre ter\u00adri\u00adtoire)? Uni\u00adque\u00adment pour don\u00adner une base juri\u00addique au par\u00adtage de l\u2019Eu\u00adrope pr\u00e9\u00adci\u00ads\u00e9\u00adment sur la par\u00adtie secr\u00e8te des accords de Yal\u00adta. Pour\u00adquoi Mos\u00adcou entre\u00adtient-il des points chauds dans les dif\u00adf\u00e9\u00adrentes par\u00adties de la pla\u00adn\u00e8te, en pro\u00adpo\u00adsant chaque fois des pos\u00adsi\u00adbi\u00adli\u00adt\u00e9s de nou\u00advelles dis\u00adcus\u00adsions en vue de nou\u00adveaux accords et de nou\u00adveaux partages&nbsp;?<\/p>\n<p style=\"text-align: justify;\">Pour\u00adquoi, par\u00admi les diri\u00adgeants occi\u00adden\u00adtaux, uni\u00adque\u00adment Mit\u00adte\u00adrand s\u2019est-il \u00e9le\u00adv\u00e9 offi\u00adciel\u00adle\u00adment contre les accords de Yal\u00adta tan\u00addis que tous les autres et sur\u00adtout les am\u00e9\u00adri\u00adcains ne les ont jamais cri\u00adti\u00adqu\u00e9s&nbsp;? Parce que la France du g\u00e9n\u00e9\u00adral De Gaulle n\u2019a pas si\u00e9\u00adg\u00e9 \u00e0 Yal\u00adta et a refu\u00ads\u00e9 de les rati\u00adfier \u00e0 l\u2019\u00e9\u00adpoque. Et parce que la poli\u00adtique tiers mon\u00addia\u00adliste de Mit\u00adte\u00adrand essaie de se pla\u00adcer entre les deux h\u00e9g\u00e9\u00admo\u00adnies. En tout cas, que la fron\u00adti\u00e8re occi\u00adden\u00adtale de l\u2019URSS soit l\u00e9gale ou non, garan\u00adtie par Yal\u00adta ou par Hel\u00adsins\u00adki, accep\u00adt\u00e9e ou tol\u00e9\u00adr\u00e9e \u2013 le peuple bul\u00adgare, le peuple polo\u00adnais tous les peuples tom\u00adb\u00e9s sous la domi\u00adna\u00adtion sovi\u00e9\u00adtique sont condam\u00adn\u00e9s \u00e0 subir, \u00eatre esclaves, n\u2019a\u00advoir ni pers\u00adpec\u00adtive ni ave\u00adnir, et cela en plein 20\u00e8me si\u00e8cle.<\/p>\n<p style=\"text-align: justify;\">Puisque nous sommes dans les sup\u00adpo\u00adsi\u00adtions diplo\u00adma\u00adtiques, ajou\u00adtons encore quelques ques\u00adtions. En ce qui concerne la Pologne, il semble que son sort devait \u00eatre r\u00e9gl\u00e9 en 1945 par des \u00e9lec\u00adtions libres&nbsp;; et quand les occi\u00adden\u00adtaux ont vu que ces \u00e9lec\u00adtions n\u2019\u00e9\u00adtaient pas libres du tout, mais ter\u00adro\u00adristes et qu\u2019elle enga\u00adgeaient l\u2019a\u00adve\u00adnir du pays dans une impasse, ils ont envoy\u00e9 des lettres de pro\u00adtes\u00adta\u00adtions (c\u2019\u00e9\u00adtait quelques semaines avant la mort de Roos\u00advelt) et ils ont \u00e9t\u00e9 \u00e9ton\u00adn\u00e9s des r\u00e9ponses cyniques de Molo\u00adtov et de Sta\u00adline. Notre ques\u00adtion est la sui\u00advante&nbsp;: les puis\u00adsance occi\u00adden\u00adtales \u00e9taient-elles si na\u00efves pour croire \u00e0 la bonne volon\u00adt\u00e9 de Sta\u00adline, ou leur m\u00e9con\u00adten\u00adte\u00adment \u00e9tait-il uni\u00adque\u00adment des\u00adti\u00adn\u00e9 \u00e0 dimi\u00adnuer leur propre res\u00adpon\u00adsa\u00adbi\u00adli\u00adt\u00e9 dans le sort du peuple polo\u00adnais. D\u2019a\u00adpr\u00e8s les accords de T\u00e9h\u00e9\u00adran les am\u00e9\u00adri\u00adcains devaient reti\u00adrer leurs forces mili\u00adtaires d\u2019Eu\u00adrope une fois la guerre ter\u00admi\u00adn\u00e9e, ce qu\u2019ils n\u2019ont pas fait ni \u00e0 l\u2019\u00e9\u00adpoque ni depuis. Notre ques\u00adtion est la sui\u00advante&nbsp;: les \u00e9v\u00e9\u00adne\u00adments en Europe Orien\u00adtale sont-ils la cause du main\u00adtien de forces d\u2019in\u00adter\u00adven\u00adtion am\u00e9\u00adri\u00adcaine en Europe, ou y a\u2011t-il une autre raison.<\/p>\n<p style=\"text-align: justify;\">Pour\u00adquoi l\u2019ar\u00adm\u00e9e rouge s\u2019est-elle arr\u00ea\u00adt\u00e9e sur l\u2019O\u00adder et depuis trente ans joue aux gen\u00addarmes dans les pays occu\u00adp\u00e9s, mais n\u2019a jamais fran\u00adchi l\u2019O\u00adder. Ce n\u2019est pas quelques divi\u00adsions qui pou\u00advaient l\u2019ar\u00adr\u00ea\u00adter. On peut se per\u00admettre d\u2019es\u00adquis\u00adser une cer\u00adtaine r\u00e9ponse \u00e0 par\u00adtir de l\u2019ex\u00adp\u00e9\u00adrience his\u00adto\u00adrique. Chaque trai\u00adt\u00e9 de paix est en r\u00e9a\u00adli\u00adt\u00e9 la fin d\u2019une guerre et en m\u00eame temps la pr\u00e9\u00adpa\u00adra\u00adtion d\u2019une guerre future. Le capi\u00adta\u00adlisme pri\u00adv\u00e9 ou \u00e9ta\u00adtique ne peut exis\u00adter qu\u2019en se d\u00e9ve\u00adlop\u00adpant, c\u2019est \u00e0 dire en deve\u00adnant un imp\u00e9\u00adria\u00adlisme qui seul peut assu\u00adrer des mar\u00adch\u00e9s, des mati\u00e8res pre\u00admi\u00e8res, la puis\u00adsance, la tran\u00adquilli\u00adt\u00e9. Jus\u00adqu\u2019i\u00adci ce n\u2019est pas ori\u00adgi\u00adnal, L\u00e9nine a d\u00e9j\u00e0 d\u00e9ve\u00adlop\u00adp\u00e9 cette pen\u00ads\u00e9e. Mais elle est aus\u00adsi valable non seule\u00adment pour le capi\u00adta\u00adlisme clas\u00adsique actuel mais aus\u00adsi pour cette variante qui est le capi\u00adta\u00adlisme d\u2019\u00c9\u00adtat d\u2019URSS qui sous le pr\u00e9\u00adtexte d\u2019une guerre id\u00e9o\u00adlo\u00adgique b\u00e2tit un nou\u00advel empire tout \u00e0 fait sem\u00adblable aux autres avec sa domi\u00adna\u00adtion de peuples asser\u00advis, l\u2019ex\u00adploi\u00adta\u00adtion de son propre peuple, la for\u00adma\u00adtion de nou\u00advelles classes domi\u00adnantes et de nations domi\u00adnantes, et la n\u00e9ces\u00adsi\u00adt\u00e9 d\u2019une guerre permanente.<\/p>\n<p style=\"text-align: justify;\">Les trai\u00adt\u00e9s de paix de Ber\u00adlin en 1878 qui ont d\u00e9ci\u00add\u00e9 du sort de la Bul\u00adga\u00adrie actuelle (\u00e0 la fin de la guerre rus\u00adso-bul\u00adgare) \u00e9taient expr\u00e8s injustes, atroces, pour pou\u00advoir cr\u00e9er une haine et une ani\u00admo\u00adsi\u00adt\u00e9 entre les peuples fr\u00e8res des Bal\u00adkans et don\u00adner la pos\u00adsi\u00adbi\u00adli\u00adt\u00e9 de nou\u00advelles guerres. Effec\u00adti\u00adve\u00adment les Bal\u00adkans ont \u00e9t\u00e9 d\u00e9chi\u00adr\u00e9s par trois guerres fra\u00adtri\u00adcides. Les trai\u00adt\u00e9s de paix de Ver\u00adsailles, de Neuilly (pour la Bul\u00adga\u00adrie) \u00e0 la fin de la pre\u00admi\u00e8re guerre mon\u00addiale \u00e9taient r\u00e9di\u00adg\u00e9 de telle mani\u00e8re que la future guerre mon\u00addiale \u00e9tait in\u00e9vi\u00adtable. Je pense que les trai\u00adt\u00e9s de Yal\u00adta, T\u00e9h\u00e9\u00adran et Poz\u00adnan avaient le m\u00eame sens&nbsp;: finir une guerre mon\u00addiale et en pr\u00e9\u00adpa\u00adrer une autre. Tous les dis\u00adcours, toutes les grandes d\u00e9cla\u00adra\u00adtions sur l\u2019a\u00admour de l\u2019hu\u00adma\u00adni\u00adt\u00e9 et de la paix, soit de l\u2019Est soit de l\u2019Ouest, \u00e9taient uni\u00adque\u00adment de la pro\u00adpa\u00adgande et par cons\u00e9\u00adquent des men\u00adsonges. La deuxi\u00e8me guerre mon\u00addiale s\u2019est ter\u00admi\u00adn\u00e9e par une armis\u00adtice, pas par une paix. Et m\u00eame cette armis\u00adtice est rela\u00adtif, pas seule\u00adment pour la s\u00e9pa\u00adra\u00adtion des deux Alle\u00admagne, pour toute l\u2019Eu\u00adrope Orien\u00adtale qui vit en \u00e9tat de guerre, mais pour la vie de toute notre g\u00e9n\u00e9\u00adra\u00adtion qui a \u00e9t\u00e9 une guerre \u00e9ter\u00adnelle, une guerre froide ou chaude, une guerre pas\u00ads\u00e9e, pr\u00e9\u00adsente et future.<\/p>\n<p style=\"text-align: justify;\">Je pense que les stra\u00adt\u00e8ges qui avaient envi\u00adsa\u00adg\u00e9 la troi\u00adsi\u00e8me guerre mon\u00addiale n\u2019a\u00advaient pas pr\u00e9\u00advu deux choses qui ont per\u00adtur\u00adb\u00e9 leur plan. Les peuples \u00e9taient trop fati\u00adgu\u00e9s, trop trau\u00adma\u00adti\u00ads\u00e9s, trop sai\u00adgn\u00e9s par les longues ann\u00e9es de guerre. Ils se sont occu\u00adp\u00e9s \u00e0 rele\u00adver leurs mai\u00adsons en ruines, ras\u00adsem\u00adbler leurs famille dis\u00adper\u00ads\u00e9es. Ils ne pou\u00advaient accep\u00adter une nou\u00advelle bou\u00adche\u00adrie. A l\u2019Est, au nom de la paix, ils avaient oubli\u00e9 la liber\u00adt\u00e9 pour pou\u00advoir sup\u00adpor\u00adter le nou\u00adveau r\u00e9gime tota\u00adli\u00adtaire. A l\u2019Ouest, ils avaient aban\u00addon\u00adn\u00e9 leur id\u00e9al r\u00e9vo\u00adlu\u00adtion\u00adnaire pro\u00adl\u00e9\u00adta\u00adrien et avaient ain\u00adsi sau\u00adv\u00e9 le capi\u00adta\u00adlisme. Pour le grand m\u00e9con\u00adten\u00adte\u00adment de ceux qui essayaient de nou\u00adveau de les mobi\u00adli\u00adser. Ce m\u00eame Chur\u00adchill qui a une grande res\u00adpon\u00adsa\u00adbi\u00adli\u00adt\u00e9 dans le mar\u00adchan\u00addage de Yal\u00adta a \u00e9t\u00e9 le pre\u00admier \u00e0 peine quelques mois plus tard \u00e0 appe\u00adler ouver\u00adte\u00adment \u00e0 la troi\u00adsi\u00e8me guerre mon\u00addiale. Tan\u00addis que le \u00ab&nbsp;p\u00e8re des peuples&nbsp;\u00bb Sta\u00adline apr\u00e8s avoir occu\u00adp\u00e9 des ter\u00adri\u00adtoires aus\u00adsi peu\u00adpl\u00e9s que son propre empire, appe\u00adlait ouver\u00adte\u00adment \u00e0 une \u00ab&nbsp;guerre r\u00e9vo\u00adlu\u00adtion\u00adnaire&nbsp;\u00bb pour avoir encore plus de colonies.<\/p>\n<p style=\"text-align: justify;\">Le deuxi\u00e8me fait his\u00adto\u00adrique est l\u2019\u00e9\u00adv\u00e9\u00adne\u00adment de la bombe ato\u00admique. Il a fait h\u00e9si\u00adter m\u00eame les mili\u00adta\u00adristes les plus achar\u00adn\u00e9s, devant le dan\u00adger d\u2019une apo\u00adca\u00adlypse. Ces deux faits ont eu des cons\u00e9\u00adquences consi\u00add\u00e9\u00adrables. L\u2019es\u00adcla\u00advage dans les pays de l\u2019Est, qui \u00e9tait envi\u00adsa\u00adg\u00e9 comme pro\u00advi\u00adsoire et qui devait ser\u00advir d\u2019\u00e9\u00adtin\u00adcelle pour la pro\u00adchaine guerre, dure tou\u00adjours. La r\u00e9vo\u00adlu\u00adtion qui \u00e9tait pro\u00adcla\u00adm\u00e9e pla\u00adn\u00e9\u00adtaire s\u2019est arr\u00ea\u00adt\u00e9e et le monde capi\u00adta\u00adliste se porte tr\u00e8s bien. Ceux qui esp\u00e8rent aujourd\u2019\u00adhui que les polo\u00adnais vont sor\u00adtir la poi\u00adtrine nue devant les chars polo\u00adnais ou russes, doivent r\u00e9fl\u00e9\u00adchir \u00e0 ces quelques consi\u00add\u00e9\u00adra\u00adtions de \u00ab&nbsp;haute politique&nbsp;\u00bb.<\/p>\n<p style=\"text-align: justify;\">Le pro\u00adbl\u00e8me des pays de l\u2019Est, notre pro\u00adbl\u00e8me, reste non r\u00e9so\u00adlu et semble m\u00eame insoluble.<\/p>\n<p style=\"text-align: justify;\">Jus\u00adqu\u2019\u00e0 quand devront nous subir ces r\u00e9gimes impo\u00ads\u00e9s et atroces&nbsp;? Com\u00adment arri\u00adve\u00adrons-nous \u00e0 nous d\u00e9bar\u00adras\u00adser d\u2019eux, \u00e0 nous lib\u00e9\u00adrer, et \u00e0 reprendre comme tous les peuples notre marche en avant&nbsp;? Depuis quelques d\u00e9cen\u00adnies, il n\u2019y a chez nous aucun mou\u00adve\u00adment, aucun pro\u00adgr\u00e8s, la vie est arr\u00ea\u00adt\u00e9e, gel\u00e9e, inter\u00addite, per\u00ads\u00e9\u00adcu\u00adt\u00e9e, empri\u00adson\u00adn\u00e9e, fusill\u00e9e. Cette ques\u00adtion se pose devant nous, devant nos peuples, devant l\u2019o\u00adpi\u00adnion publique, devant la conscience humaine. Tout a \u00e9t\u00e9 essay\u00e9. Toutes sortes de tac\u00adtiques, de m\u00e9thodes, de ten\u00adta\u00adtives, de com\u00adpro\u00admis, d\u2019es\u00adpoirs, et rien n\u2019a r\u00e9ussi.<\/p>\n<p style=\"text-align: justify;\">Comme nous l\u2019a\u00advons vu, la seule force posi\u00adtive qui a eu un large sou\u00adtien des masses popu\u00adlaires en Rus\u00adsie r\u00e9vo\u00adlu\u00adtion\u00adnaire \u2013 le mou\u00adve\u00adment des soviets \u2013 a \u00e9t\u00e9 uti\u00adli\u00ads\u00e9e et ensuite d\u00e9truite par une poi\u00adgn\u00e9e de r\u00e9vo\u00adlu\u00adtion\u00adnaires pro\u00adfes\u00adsion\u00adnels et de sp\u00e9\u00adcia\u00adlistes du coup d\u2019\u00e9\u00adtat qui n\u2019a\u00advaient aucun id\u00e9al construc\u00adtif, qui m\u00eame aujourd\u2019\u00adhui sont inca\u00adpable de pro\u00admou\u00advoir une vie sociale, de cr\u00e9er une force pro\u00adduc\u00adtive dans le pays. Un cer\u00adtain nombre de gens, y com\u00adpris quelques liber\u00adtaires, avaient pen\u00ads\u00e9 \u00e0 l\u2019\u00e9\u00adpoque que la ten\u00addance ter\u00adro\u00adriste et dic\u00adta\u00adto\u00adriale \u00e9tait pas\u00adsa\u00adg\u00e8re, que le r\u00e9gime allait reve\u00adnir \u00e0 l\u2019ins\u00adpi\u00adra\u00adtion des soviets \u2013 tous ces gens na\u00effs ont dis\u00adpa\u00adrus dans des camps ou ont \u00e9t\u00e9 fusill\u00e9s. D\u2019autres plus lucides ont accep\u00adt\u00e9 la lutte ouverte, la guerre des par\u00adti\u00adsans&nbsp;: le mou\u00adve\u00adment des makh\u00adno\u00advistes, le plus impor\u00adtant des mou\u00adve\u00adments de r\u00e9sis\u00adtance de gauche, la r\u00e9volte de Krons\u00adtadt, ont \u00e9t\u00e9 d\u00e9truits. Les mou\u00adve\u00adments de par\u00adti\u00adsans qui ont repris pen\u00addant la deuxi\u00e8me guerre mon\u00addiale en Ukraine, en Bi\u00e9\u00adlo\u00adrus\u00adsie et dans les pays baltes, ont aus\u00adsi \u00e9t\u00e9 d\u00e9truits. La r\u00e9sis\u00adtance pas\u00adsive des masses pay\u00adsannes, des tol\u00adstoiens, des \u00ab&nbsp;vieux croyants&nbsp;\u00bb, de mil\u00adlions de gens inno\u00adcents \u2013 a entra\u00ee\u00adn\u00e9 un holo\u00adcauste immense encore aujourd\u2019\u00adhui presque incon\u00adnu. La r\u00e9sis\u00adtance secr\u00e8te, int\u00e9\u00adrieure, par petits groupes, qui a essay\u00e9 d\u2019\u00e9\u00adveiller l\u2019es\u00adprit cri\u00adtique, a \u00e9t\u00e9 infil\u00adtr\u00e9e dans la plu\u00adpart des cas par la police poli\u00adtique pour pou\u00advoir d\u00e9cou\u00adra\u00adger m\u00eame la r\u00e9sis\u00adtance indi\u00advi\u00adduelle. La d\u00e9sta\u00adli\u00adni\u00adsa\u00adtion et le lib\u00e9\u00adra\u00adlisme khroucht\u00adche\u00advien ont per\u00admis un nou\u00adveau sta\u00adli\u00adnisme. En Hon\u00adgrie, la frac\u00adtion la plus d\u00e9mo\u00adcra\u00adtique du par\u00adti com\u00admu\u00adniste a essay\u00e9 d\u2019u\u00adti\u00adli\u00adser la r\u00e9volte des \u00e9tu\u00addiants et les conseils ouvriers pour ouvrir une poli\u00adtique plus proche du peuple, mais les chars sovi\u00e9\u00adtiques ont res\u00adtau\u00adr\u00e9 l\u2019an\u00adcien ordre. En Tch\u00e9\u00adco\u00adslo\u00adva\u00adquie, c\u2019\u00e9\u00adtait sur\u00adtout l\u2019in\u00adtel\u00adli\u00adgent\u00adsia, la jeu\u00adnesse qui ont ten\u00adt\u00e9 de faire entrer un peu d\u2019air frais dans les pri\u00adsons moi\u00adsies&nbsp;; le par\u00adti a pris le train en marche pour pou\u00advoir endi\u00adguer cette volon\u00adt\u00e9 de chan\u00adge\u00adment, mais de nou\u00adveau les chars ont ame\u00adn\u00e9 le froid sib\u00e9\u00adrien en plein ao\u00fbt 1968. En Pologne, apr\u00e8s une s\u00e9rie d\u2019es\u00adsais et de r\u00e9voltes dont quelques unes noy\u00e9es dans le sang, l\u2019es\u00adpoir ne 1980 s\u2019est trou\u00adv\u00e9 plus grand parce qu\u2019il a dur\u00e9 plus long\u00adtemps et sans vio\u00adlence. Actuel\u00adle\u00adment, tout est arr\u00ea\u00adt\u00e9 et il est encore trop t\u00f4t pour tirer des conclu\u00adsions de leur exp\u00e9rience.<\/p>\n<p style=\"text-align: justify;\">On peut poser seule\u00adment des ques\u00adtions&nbsp;: y avait-il en r\u00e9a\u00adli\u00adt\u00e9 une pos\u00adsi\u00adbi\u00adli\u00adt\u00e9 de chan\u00adge\u00adment&nbsp;? Les ouvriers n\u2019\u00e9\u00adtaient-ils pas trop s\u00fbrs d\u2019eux-m\u00eames, mal pr\u00e9\u00adpa\u00adr\u00e9s devant le coup d\u2019\u00e9\u00adtat trop bien pr\u00e9\u00adpa\u00adr\u00e9 du pou\u00advoir. En tout cas, les \u00e9v\u00e9\u00adne\u00adments ont mon\u00adtr\u00e9 encore une fois ce qui est essen\u00adtiel dans nos pays de l\u2019Est&nbsp;: le pro\u00adfond refus et le rejet du pou\u00advoir impo\u00ads\u00e9&nbsp;; la dis\u00adpa\u00adri\u00adtion presque com\u00adpl\u00e8te du par\u00adti qui a la pr\u00e9\u00adten\u00adtion de r\u00f4le diri\u00adgeant mais qui se dis\u00adsout de lui m\u00eame en face de la pre\u00admi\u00e8re gr\u00e8ve g\u00e9n\u00e9\u00adra\u00adli\u00ads\u00e9e&nbsp;; la catas\u00adtrophe \u00e9co\u00adno\u00admique et l\u2019ab\u00adsur\u00addi\u00adt\u00e9 du sys\u00adt\u00e8me \u00e9co\u00adno\u00admique&nbsp;; le r\u00f4le conscient de la classe ouvri\u00e8re orga\u00adni\u00ads\u00e9e sur une base syn\u00addi\u00adcale comme seule force posi\u00adtive du pays&nbsp;; la conscience et la fid\u00e9\u00adli\u00adt\u00e9 des masses pay\u00adsannes, des intel\u00adlec\u00adtuels, de tout un peuple qui rejoint cette force ouvri\u00e8re orga\u00adni\u00ads\u00e9e&nbsp;; la force des id\u00e9es d\u2019un auto-gou\u00adver\u00adne\u00adment, d\u2019un auto contr\u00f4le et d\u2019une auto-pro\u00adduc\u00adtion non seule\u00adment comme id\u00e9al mais comme r\u00e9a\u00adli\u00adt\u00e9 \u00e9co\u00adno\u00admique et sociale&nbsp;; le seul vrai pou\u00advoir pen\u00addant ces seize mois en Pologne \u00e9tait Solidarnosc.<\/p>\n<p style=\"text-align: justify;\">La pro\u00adpa\u00adgande, soit pour, soit contre, les \u00e9v\u00e9\u00adne\u00adments de Pologne, amis au pre\u00admier plan non le r\u00f4le essen\u00adtiel de la classe ouvri\u00e8re, des pay\u00adsans et des intel\u00adlec\u00adtuels orga\u00adni\u00ads\u00e9s dans Soli\u00addar\u00adnosc, mais deux faits plu\u00adt\u00f4t secon\u00addaires, le natio\u00adna\u00adlisme polo\u00adnais et le r\u00f4le de l\u2019\u00e9\u00adglise catho\u00adlique polo\u00adnaise. En ce qui concerne le natio\u00adna\u00adlisme, il est faci\u00adle\u00adment expli\u00adcable par l\u2019his\u00adtoire m\u00eame de la Pologne&nbsp;; pen\u00addant des si\u00e8cles les Polo\u00adnais ont \u00e9t\u00e9 davan\u00adtage esclaves qu\u2019in\u00add\u00e9\u00adpen\u00addants, et dans la plu\u00adpart des cas pr\u00e9\u00adci\u00ads\u00e9\u00adment sous le joug des Russes. Et au lieu d\u2019ac\u00adcu\u00adser les occu\u00adpants, on fait grief aux occu\u00adp\u00e9s de leur besoin d\u2019in\u00add\u00e9\u00adpen\u00addance. Pour ma part je suis \u00e9ton\u00adn\u00e9 de leur mod\u00e9\u00adra\u00adtion et de leur sang-froid. Je vais rap\u00adpe\u00adler seule\u00adment deux faits&nbsp;: en sep\u00adtembre 1939 quand l\u2019ar\u00adm\u00e9e hit\u00adl\u00e9\u00adrienne a enva\u00adhi et occu\u00adp\u00e9 la moi\u00adti\u00e9 ouest de la Pologne et l\u2019ar\u00adm\u00e9e rouge la moi\u00adti\u00e9 est, Molo\u00adtov a publi\u00adque\u00adment d\u00e9cla\u00adr\u00e9 sa joie de \u00ab&nbsp;la dis\u00adpa\u00adri\u00adtion de la Pologne, ce mons\u00adtrueux b\u00e2tard de Ver\u00adsailles&nbsp;\u00bb. Le 2 juillet 1920, le mar\u00e9\u00adchal sovi\u00e9\u00adtique Tou\u00adkhat\u00adchevs\u00adky a d\u00e9cla\u00adr\u00e9&nbsp;: \u00ab&nbsp;le che\u00admin vers l\u2019in\u00adcen\u00addie mon\u00addial passe par le cadavre de la Pologne&nbsp;\u00bb. Quand un peuple est sous le joug, quand il est oppri\u00adm\u00e9 et exploi\u00adt\u00e9, sa seule pos\u00adsi\u00adbi\u00adli\u00adt\u00e9 de ne pas dis\u00adpa\u00adra\u00eetre com\u00adpl\u00e8\u00adte\u00adment c\u2019est d\u2019es\u00adsayer de conser\u00adver sa phy\u00adsio\u00adno\u00admie, sa langue, ses par\u00adti\u00adcu\u00adla\u00adri\u00adt\u00e9s. La Pologne a eu aus\u00adsi dans son his\u00adtoire des ten\u00addances d\u2019an\u00adnexion (vis \u00e0 vie de l\u2019U\u00adkraine, de la Tch\u00e9\u00adco\u00adslo\u00adva\u00adquie au moment m\u00eame o\u00f9 les arm\u00e9es hit\u00adl\u00e9\u00adriennes sont entr\u00e9es \u00e0 Prague, etc.) mais cela ne concerne pas son peuple qui dans de nom\u00adbreuses insur\u00adrec\u00adtions popu\u00adlaires a essay\u00e9 et essaie tou\u00adjours de retrou\u00adver son ind\u00e9pendance.<\/p>\n<p style=\"text-align: justify;\">Le catho\u00adli\u00adcisme polo\u00adnais peut aus\u00adsi s\u2019ex\u00adpli\u00adquer par son his\u00adtoire. Entou\u00adr\u00e9 de grandes puis\u00adsances mili\u00adtaires russe, prus\u00adsienne, autri\u00adchienne qui ont toutes essay\u00e9 de l\u2019as\u00adsi\u00admi\u00adler, le peuple polo\u00adnais a trou\u00adv\u00e9 dans le catho\u00adli\u00adcisme une arme contre le pro\u00adtes\u00adtan\u00adtisme alle\u00admand et l\u2019or\u00adtho\u00addoxie russe. Mais il y a quelque chose d\u2019autre, devant la morale double et hypo\u00adcrite du par\u00adti, devant le vide spi\u00adri\u00adtuel et l\u2019ap\u00adpau\u00advris\u00adse\u00adment des valeurs, les jeunes \u00e0 l\u2019Ouest et sur\u00adtout \u00e0 l\u2019Est essaient de retrou\u00adver les anciennes valeurs qui \u00e9taient d\u00e9cla\u00adr\u00e9es mori\u00adbondes et d\u00e9pas\u00ads\u00e9es. Il y a un renou\u00adveau d\u2019in\u00adt\u00e9\u00adr\u00eats vers les valeurs reli\u00adgieuses non seule\u00adment chr\u00e9\u00adtiennes mais musul\u00admanes et m\u00eame pour des sectes \u00e9so\u00adt\u00e9\u00adriques. On signale dans les pays de l\u2019Est des mani\u00adfes\u00adta\u00adtions reli\u00adgieuses bien que les gens soient n\u00e9s et aient v\u00e9cu dans un r\u00e9gime ath\u00e9e. Mais reve\u00adnons au sort du peuple polo\u00adnais qui est en m\u00eame temps le sort de notre peuple bul\u00adgare et de tous les peuples de l\u2019Est. Je pense que le dan\u00adger actuel le plus grave pour la Pologne serait de c\u00e9der \u00e0 la pro\u00advo\u00adca\u00adtion et de ten\u00adter de r\u00e9pondre par la vio\u00adlence \u00e0 la vio\u00adlence d\u00e9cha\u00ee\u00adn\u00e9e par le pou\u00advoir. Cette pen\u00ads\u00e9e peut sem\u00adbler h\u00e9r\u00e9\u00adtique \u00e0 quelques r\u00e9vo\u00adlu\u00adtion\u00adnaires irr\u00e9\u00adduc\u00adtibles. Mais dans les condi\u00adtions actuelles, cela don\u00adne\u00adrait un bain de sang sans aucune issue. Et cela, pas uni\u00adque\u00adment parce que \u00ab&nbsp;les syn\u00addi\u00adcats ne sont pas une arm\u00e9e&nbsp;\u00bb mais aus\u00adsi parce qu\u2019il y a une accu\u00admu\u00adla\u00adtion de haine, de ven\u00adgeance, d\u2019i\u00adn\u00e9\u00adga\u00adli\u00adt\u00e9 dont on ne sait \u00e0 quoi pour\u00adrait mener un d\u00e9cha\u00ee\u00adne\u00adment de vio\u00adlence. On se demande m\u00eame si ceux qui ont d\u00e9clen\u00adch\u00e9 le coup du 13 d\u00e9cembre ont cal\u00adcu\u00adl\u00e9 ce risque&nbsp;? Soli\u00addar\u00adnosc pen\u00addant son exis\u00adtence l\u00e9gale et aux pre\u00admiers jours de son exis\u00adtence ill\u00e9\u00adgale, a tou\u00adjours essay\u00e9 d\u2019\u00e9\u00advi\u00adter cette&nbsp;voie.<\/p>\n<p style=\"text-align: justify;\">Mais la r\u00e9sis\u00adtance pas\u00adsive est-elle pos\u00adsible&nbsp;? Cela sera tr\u00e8s dur pour les polo\u00adnais. Nous appre\u00adnons par bribes com\u00adment Jaru\u00adzels\u00adki a impo\u00ads\u00e9 son pou\u00advoir. Les mineurs enfer\u00adm\u00e9s dans le fond des gale\u00adries ont \u00e9t\u00e9 r\u00e9duits par la milice dans un tel \u00e9tat de d\u00e9nu\u00adtri\u00adtion qu\u2019ils ont eu m\u00eame des dif\u00adfi\u00adcul\u00adt\u00e9s pour remon\u00adter \u00e0 la sur\u00adface. Il y a des r\u00e9cits et des t\u00e9moi\u00adgnages de batailles de mineurs et d\u2019ou\u00advriers avec leurs pelles contre des d\u00e9ta\u00adche\u00adments moto\u00adri\u00ads\u00e9s. Les grandes entre\u00adprises occu\u00adp\u00e9es par les ouvriers ont \u00e9t\u00e9 atta\u00adqu\u00e9es par des chars comme dans une guerre. On est condam\u00adn\u00e9 \u00e0 trois ans de pri\u00adson parce que la pro\u00adduc\u00adtion dans une uni\u00adt\u00e9 d\u2019u\u00adsine est consi\u00add\u00e9\u00adr\u00e9e comme insuf\u00adfi\u00adsante et donc un sabo\u00adtage, etc. Si les m\u00eames moyens et les m\u00eames pra\u00adtiques \u00e9taient appli\u00adqu\u00e9es m\u00eame en un pour\u00adcen\u00adtage infime dans n\u2019im\u00adporte quel autre pays, toute la presse dite pro\u00adgres\u00adsiste c\u2019est \u00e0 dire pro-bol\u00adche\u00advique se d\u00e9cha\u00ee\u00adne\u00adrait contre ces m\u00e9thodes fas\u00adcistes et inhu\u00admaines. Tan\u00addis que cette presse trouve cela tout a fait nor\u00admal quand il s\u2019a\u00adgit d\u2019un pays comme la Pologne. Que peut-on faire&nbsp;? Avant tout, refu\u00adser d\u2019ac\u00adcep\u00adter la r\u00e9a\u00adli\u00adt\u00e9, le fata\u00adlisme, l\u2019\u00e9\u00adter\u00adni\u00adt\u00e9 de ces r\u00e9gimes. L\u2019ac\u00adtua\u00adli\u00adt\u00e9 et le pas\u00ads\u00e9, la th\u00e9o\u00adrie et la pra\u00adtique ont d\u00e9mon\u00adtr\u00e9 l\u2019ab\u00adsur\u00addi\u00adt\u00e9, la fai\u00adblesse et les r\u00e9sul\u00adtats catas\u00adtro\u00adphiques des r\u00e9gimes domi\u00adn\u00e9s par le par\u00adti com\u00admu\u00adniste. Il y a une autre \u00e9vi\u00addence, c\u2019est que les peuples qui sont obli\u00adg\u00e9s de les sup\u00adpor\u00adter ne les acceptent pas, et p\u00e9rio\u00addi\u00adque\u00adment essaient de les reje\u00adter. Ain\u00adsi d\u2019un c\u00f4t\u00e9 les r\u00e9gimes com\u00adpro\u00admis et chan\u00adce\u00adlants, de l\u2019autre la volon\u00adt\u00e9 de lutte et de liber\u00adt\u00e9, cela condui\u00adra \u00e0 de nou\u00advelles luttes, de nou\u00adveaux conflits qui d\u00e9bou\u00adche\u00adront un jour sur de meilleurs r\u00e9sul\u00adtats que ceux qu\u2019on avait obte\u00adnus jus\u00adqu\u2019\u00e0 pr\u00e9\u00adsent c\u2019est \u00e0 dire la lib\u00e9\u00adra\u00adtion de ces peuples.<\/p>\n<p style=\"text-align: justify;\">Notre t\u00e2che ici n\u2019est pas de don\u00adner des conseils r\u00e9vo\u00adlu\u00adtion\u00adnaires (de deman\u00adder aux autres ce que nous n\u2019a\u00advons pas pu faire dans notre propre pays, en Bul\u00adga\u00adrie) mais de mani\u00adfes\u00adter concr\u00e8\u00adte\u00adment notre soli\u00adda\u00adri\u00adt\u00e9 avec Soli\u00addar\u00adnosc. Il a besoin de cette soli\u00adda\u00adri\u00adt\u00e9 car devant les int\u00e9\u00adr\u00eats diplo\u00adma\u00adtiques et com\u00admer\u00adciaux le drame polo\u00adnais sera vite oubli\u00e9 et mis au second plan. Nous avons d\u00e9j\u00e0 vu \u00e7a en Afgha\u00adnis\u00adtan, en Hon\u00adgrie, en Tch\u00e9\u00adco\u00adslo\u00adva\u00adquie. Il ne faut pas per\u00admettre aux appa\u00adreils de pro\u00adpa\u00adgande de Mos\u00adcou avec leurs suc\u00adcur\u00adsales dans chaque pays, d\u2019ef\u00adfa\u00adcer et de d\u00e9for\u00admer l\u2019ex\u00adp\u00e9\u00adrience du peuple polo\u00adnais, sur\u00adtout qu\u2019il ne peut lui-m\u00eame ni par\u00adler ni se d\u00e9fendre. Tant que le mythe du \u00ab&nbsp;socia\u00adlisme r\u00e9el&nbsp;\u00bb existe, les masses popu\u00adlaires de l\u2019Ouest (parce qu\u2019\u00e0 l\u2019Est ce mythe est d\u00e9mo\u00adli depuis long\u00adtemps) ne pour\u00adront jamais se mettre en marche. Dans cette d\u00e9mys\u00adti\u00adfi\u00adca\u00adtion abso\u00adlu\u00adment n\u00e9ces\u00adsaire, il faut com\u00adbattre deux prin\u00adcipes fon\u00adda\u00admen\u00adtaux que les \u00e9v\u00e9\u00adne\u00adments en Pologne ont confir\u00adm\u00e9 encore une fois, le r\u00f4le domi\u00adnant du par\u00adti et l\u2019es\u00adpace vital de la Pologne dans l\u2019empire sovi\u00e9\u00adtique. Il s\u2019a\u00adgit d\u2019une concep\u00adtion clas\u00adsique d\u2019un imp\u00e9\u00adria\u00adlisme et d\u2019un colo\u00adnia\u00adlisme o\u00f9, sous le voca\u00adbu\u00adlaire de socia\u00adlisme et d\u2019hu\u00adma\u00adnisme, on per\u00adp\u00e9\u00adtue la domi\u00adna\u00adtion d\u2019un peuple par un autre. Le r\u00f4le pr\u00e9\u00addo\u00admi\u00adnant exclu\u00adsif du par\u00adti renou\u00advelle le vieux d\u00e9bat du Moyen Age sur la prio\u00adri\u00adt\u00e9 du spi\u00adri\u00adtuel sur le tem\u00adpo\u00adrel avec la pr\u00e9\u00adten\u00adtion d\u2019un tota\u00adli\u00adta\u00adrisme dans la pen\u00ads\u00e9e, d\u2019une exclu\u00adsi\u00advi\u00adt\u00e9 dans la v\u00e9ri\u00adt\u00e9, et une into\u00adl\u00e9\u00adrance dont l\u2019hu\u00adma\u00adni\u00adt\u00e9 \u00e0 mis plu\u00adsieurs si\u00e8cles \u00e0 se d\u00e9bar\u00adras\u00adser (en ce qui concerne le Vati\u00adcan). Mais l\u2019\u00e9\u00adglise mar\u00adxiste a repris la place des anciennes \u00e9glises. L\u2019ex\u00adp\u00e9\u00adrience de la lutte du peuple polo\u00adnais appar\u00adtient d\u00e9j\u00e0 \u00e0 l\u2019his\u00adtoire et nous tous devons la scru\u00adter pour pr\u00e9\u00adpa\u00adrer nos luttes futures.<\/p>\n<p style=\"text-align: right;\">Dimi\u00adtrov<br>\n(10\/\u200b1\/\u200b82)<\/p>\n","protected":false},"excerpt":{"rendered":"<p>Depuis le 13\/\u200b\u200b12\/\u200b\u200b81, le Dimanche noir des Polo\u00adnais, la Pologne est dans un \u00ab&nbsp;stan\u00advo\u00adje\u00adni&nbsp;\u00bb, c\u2019est \u00e0 dire coup d\u2019\u00e9\u00adtat mili\u00adtaire, \u00e9tat excep\u00adtion\u00adnel. Toutes les liber\u00adt\u00e9s indi\u00advi\u00adduelles, syn\u00addi\u00adcales, poli\u00adtiques, civiles sont abo\u00adlies m\u00eames celles que les ouvriers dans leurs luttes ont arra\u00adch\u00e9 au pou\u00advoir qui a sign\u00e9 lui-m\u00eame les accords de ao\u00fbt 81 a Gdansk&nbsp;;&nbsp;le&nbsp;[\u2026]<\/p>\n","protected":false},"author":136,"featured_media":0,"comment_status":"closed","ping_status":"closed","sticky":false,"template":"wp-custom-template-page-d-article","format":"standard","meta":{"wp_typography_post_enhancements_disabled":false,"footnotes":""},"categories":[155],"tags":[602,889,969,556],"ppma_author":[800],"class_list":["post-1396","post","type-post","status-publish","format-standard","hentry","category-iztok-na5-mars-1982","tag-etats-communistes","tag-luttes-sociales","tag-pologne","tag-repression"],"authors":[{"term_id":800,"user_id":136,"is_guest":0,"slug":"dimitrov","display_name":"Dimitrov","avatar_url":"https:\/\/secure.gravatar.com\/avatar\/89a706a572b022970970e873701e0f7d23add27e659b1bffd9c76766a2bf2b85?s=96&d=mm&r=g","author_category":"","user_url":"","last_name":"Dimitrov","first_name":"","job_title":"","description":""}],"_links":{"self":[{"href":"https:\/\/la-presse-anarchiste.net\/index.php\/wp-json\/wp\/v2\/posts\/1396","targetHints":{"allow":["GET"]}}],"collection":[{"href":"https:\/\/la-presse-anarchiste.net\/index.php\/wp-json\/wp\/v2\/posts"}],"about":[{"href":"https:\/\/la-presse-anarchiste.net\/index.php\/wp-json\/wp\/v2\/types\/post"}],"author":[{"embeddable":true,"href":"https:\/\/la-presse-anarchiste.net\/index.php\/wp-json\/wp\/v2\/users\/136"}],"replies":[{"embeddable":true,"href":"https:\/\/la-presse-anarchiste.net\/index.php\/wp-json\/wp\/v2\/comments?post=1396"}],"version-history":[{"count":7,"href":"https:\/\/la-presse-anarchiste.net\/index.php\/wp-json\/wp\/v2\/posts\/1396\/revisions"}],"predecessor-version":[{"id":7539,"href":"https:\/\/la-presse-anarchiste.net\/index.php\/wp-json\/wp\/v2\/posts\/1396\/revisions\/7539"}],"wp:attachment":[{"href":"https:\/\/la-presse-anarchiste.net\/index.php\/wp-json\/wp\/v2\/media?parent=1396"}],"wp:term":[{"taxonomy":"category","embeddable":true,"href":"https:\/\/la-presse-anarchiste.net\/index.php\/wp-json\/wp\/v2\/categories?post=1396"},{"taxonomy":"post_tag","embeddable":true,"href":"https:\/\/la-presse-anarchiste.net\/index.php\/wp-json\/wp\/v2\/tags?post=1396"},{"taxonomy":"author","embeddable":true,"href":"https:\/\/la-presse-anarchiste.net\/index.php\/wp-json\/wp\/v2\/ppma_author?post=1396"}],"curies":[{"name":"wp","href":"https:\/\/api.w.org\/{rel}","templated":true}]}}