{"id":140,"date":"2007-02-09T13:47:34","date_gmt":"2007-02-09T13:47:34","guid":{"rendered":"https:\/\/la-presse-anarchiste.net\/index.php\/2007\/02\/09\/s-i-a\/"},"modified":"2007-02-09T13:47:34","modified_gmt":"2007-02-09T13:47:34","slug":"s-i-a","status":"publish","type":"post","link":"https:\/\/la-presse-anarchiste.net\/index.php\/2007\/02\/09\/s-i-a\/","title":{"rendered":"S.I.A."},"content":{"rendered":"<div class=\"pdfprnt-buttons pdfprnt-buttons-post pdfprnt-top-right\"><a href=\"https:\/\/la-presse-anarchiste.net\/index.php\/wp-json\/wp\/v2\/posts\/140?print=pdf\" class=\"pdfprnt-button pdfprnt-button-pdf\" target=\"_blank\"><img decoding=\"async\" src=\"https:\/\/la-presse-anarchiste.net\/wp-content\/plugins\/pdf-print\/images\/pdf.png\" alt=\"image_pdf\" title=\"Afficher le PDF\"><\/a><a href=\"https:\/\/la-presse-anarchiste.net\/index.php\/wp-json\/wp\/v2\/posts\/140?print=print\" class=\"pdfprnt-button pdfprnt-button-print\" target=\"_blank\"><img decoding=\"async\" src=\"https:\/\/la-presse-anarchiste.net\/wp-content\/plugins\/pdf-print\/images\/print.png\" alt=\"image_print\" title=\"Contenu imprim\u00e9\"><\/a><\/div><div align=\"justify\">\n\tLa Soli\u00adda\u00adri\u00adt\u00e9 Inter\u00adna\u00adtio\u00adnale Anti\u00adfas\u00adciste (S.I.A.) pos\u00ads\u00e8de un pas\u00ads\u00e9 his\u00adto\u00adrique. N\u00e9e en 1937 de la guerre en Espagne, elle hur\u00adla au monde le dan\u00adger d\u2019une poli\u00adtique du laisser-faire.&nbsp;\n<p>\tS.I.A., Sec\u00adtion Fran\u00ad\u00e7aise, mit toutes ses forces au Ser\u00advice de l\u2019Es\u00adpagne r\u00e9pu\u00adbli\u00adcaine. Des camions de vivres, de v\u00eate\u00adments, de m\u00e9di\u00adca\u00adments, des ambu\u00adlances pas\u00ads\u00e8rent la fron\u00adti\u00e8re. Des centres d\u2019ac\u00adcueil pour les enfants, pour les bles\u00ads\u00e9s, pour les sans foyer, se mul\u00adti\u00adpli\u00e8rent en France. H\u00e9las&nbsp;! \u00e0 l\u2019exode, S.I.A. fut d\u00e9bor\u00add\u00e9e, L\u00e0, encore, indi\u00adgn\u00e9e par l\u2019at\u00adti\u00adtude des gou\u00adver\u00adnants de l\u2019\u00e9\u00adpoque vis-a-vis de ces h\u00e9ros vain\u00adcus, S.I.A. lut\u00adta de toutes ses forces pour que les anti\u00adfas\u00adcistes espa\u00adgnols ne soient pas trai\u00adt\u00e9s en intrus, mais en fr\u00e8res malheureux.&nbsp;<\/p>\n<p>\tLe fas\u00adcisme \u00e9ten\u00addit son emprise sur l\u2019Eu\u00adrope. Dans leur grande majo\u00adri\u00adt\u00e9, les mili\u00adtants de S.I.A. conti\u00adnu\u00e8rent la lutte entre\u00adprise. Comme tant d\u2019autres, ils connurent la pri\u00adson, les camps de concen\u00adtra\u00adtion, la d\u00e9por\u00adta\u00adtion, la tor\u00adture,&nbsp;etc.&nbsp;<\/p>\n<p>\tFi\u00e8re de ce pas\u00ads\u00e9, S.I.A. rena\u00eet. S.I.A. reprend au grand jour la lutte qu\u2019elle n\u2019a jamais ces\u00ads\u00e9 de mener, Lutte impla\u00adcable qui veut la \u00ab&nbsp;dis\u00adpa\u00adri\u00adtion totale de l\u2019Op\u00adpre\u00adsion sous toutes ses formes&nbsp;\u00bb.&nbsp;<\/p>\n<p>\tC\u2019est au grand jour qu\u2019elle offre son concours \u00e0 tous les per\u00ads\u00e9\u00adcu\u00adt\u00e9s du fascisme.&nbsp;<\/p>\n<p>\tS.I.A., Sec\u00adtion Fran\u00ad\u00e7aise, agite au-des\u00adsus des pr\u00e9\u00adju\u00adg\u00e9s de par\u00adtis et de fron\u00adti\u00e8res son \u00e9ten\u00addard o\u00f9 flam\u00adboie le mot SOLIDARIT\u00c9. Elle salue fra\u00adter\u00adnel\u00adle\u00adment ses soeurs de S.I.A., Sec\u00adtions d\u2019A\u00adm\u00e9\u00adrique qui, plus heu\u00adreuses, n\u2019ont pas ces\u00ads\u00e9 d\u2019exis\u00adter dans ces sombres ann\u00e9es et esp\u00e8re que bien\u00adt\u00f4t, dans le monde entier, gr\u00e2ce aux Sec\u00adtions mul\u00adti\u00adpli\u00e9es de S.I.A., la voix de la rai\u00adson, de l\u2019in\u00adtel\u00adli\u00adgence et de la bon\u00adt\u00e9, fera, pour tou\u00adjours, la paix sur notre pla\u00adn\u00e8te dans la liber\u00adt\u00e9 et dans la&nbsp;joie.&nbsp;<\/p>\n<p>\tLa t\u00e2che qui incombe aujourd\u2019\u00adhui a S.I.A. est immense. L\u2019Eu\u00adrope est pav\u00e9e de ruines. La France a recou\u00advr\u00e9 une par\u00adtie de sa liber\u00adt\u00e9 gr\u00e2ce au concours de tous les anti\u00adfas\u00adcistes qui, sans tenir compte de leur natio\u00adna\u00adli\u00adt\u00e9, ont lut\u00adt\u00e9 pour chas\u00adser l\u2019op\u00adpres\u00adseur de notre&nbsp;pays.&nbsp;<\/p>\n<p>\tANTIFASCISTES FRAN\u00c7AIS ET \u00c9TRANGERS, vous qui avez \u00e9t\u00e9 fid\u00e8les \u00e0 votre id\u00e9al, vous qui avez subi le camp de concen\u00adtra\u00adtion, la pri\u00adson, la tor\u00adture, vous qui \u00eates malades, vous qui \u00eates sans res\u00adsources, vous qui avez fait jus\u00adqu\u2019\u00e0 l\u2019ex\u00adtr\u00eame  limite de vos forces votre devoir, S.I.A, vous pro\u00admet solen\u00adnel\u00adle\u00adment de faire le&nbsp;sien.&nbsp;<\/p>\n<p>\tAnti\u00adfas\u00adcistes&nbsp;: Malades, infirmes, S.I.A. vous soi\u00adgne\u00adra, vous r\u00e9\u00e9duquera.&nbsp;<\/p>\n<p>\tSans res\u00adsources, S.I.A. Vous \u00e9paulera.&nbsp;<\/p>\n<p>\t\u00c9tran\u00adgers, S.I.A. Lut\u00adte\u00adra pour vos droits.&nbsp;<\/p>\n<p>\tAux enfants orphe\u00adlins, S.I.A. leur trou\u00adve\u00adra un&nbsp;foyer.&nbsp;<\/p>\n<p>\tAux familles des dis\u00adpa\u00adrus, S.I.A. les r\u00e9con\u00adfor\u00adte\u00adra et les aidera.&nbsp;<\/p>\n<p>\tEt ceci quel que soit votre par\u00adti, quelle que soit votre natio\u00adna\u00adli\u00adt\u00e9, anti\u00adfas\u00adcistes&nbsp;: S.I.A. vous pro\u00admet de lut\u00adter pour la liber\u00adt\u00e9 contre TOUS LES OPPRESSEURS.&nbsp;<\/p>\n<p>\tHommes de bonne volon\u00adt\u00e9, hommes de coeur&nbsp;: la Soli\u00adda\u00adri\u00adt\u00e9 Inter\u00adna\u00adtio\u00adnale Anti\u00adfas\u00adciste vous appelle pour r\u00e9a\u00adli\u00adser ce magni\u00adfique et gran\u00addiose pro\u00adgramme qui d\u00e9j\u00e0 est en marche.&nbsp;<\/p>\n<p>\tPri\u00e8re \u00e0 tous les cama\u00adrades qui ont d\u00e9j\u00e0 oeu\u00advr\u00e9 au sein de S.I.A. De se mettre en rela\u00adtion directe avec le Comi\u00adt\u00e9 Natio\u00adnal de S.I.A., Bourse du tra\u00advail, Place Saint-Ser\u00adnin, tou\u00adlouse (Haute-Garonne).<\/p><\/div>\n","protected":false},"excerpt":{"rendered":"<p>La Soli\u00adda\u00adri\u00adt\u00e9 Inter\u00adna\u00adtio\u00adnale Anti\u00adfas\u00adciste (S.I.A.) pos\u00ads\u00e8de un pas\u00ads\u00e9 his\u00adto\u00adrique. N\u00e9e en 1937 de la guerre en Espagne, elle hur\u00adla au monde le dan\u00adger d\u2019une poli\u00adtique du lais\u00adser-faire.&nbsp; S.I.A., Sec\u00adtion Fran\u00ad\u00e7aise, mit toutes ses forces au Ser\u00advice de l\u2019Es\u00adpagne r\u00e9pu\u00adbli\u00adcaine. Des camions de vivres, de v\u00eate\u00adments, de m\u00e9di\u00adca\u00adments, des ambu\u00adlances pas\u00ads\u00e8rent la fron\u00adti\u00e8re. Des centres d\u2019ac\u00adcueil [\u2026]<\/p>\n","protected":false},"author":1,"featured_media":0,"comment_status":"closed","ping_status":"closed","sticky":false,"template":"","format":"standard","meta":{"wp_typography_post_enhancements_disabled":false,"footnotes":""},"categories":[22],"tags":[],"ppma_author":[540],"class_list":["post-140","post","type-post","status-publish","format-standard","hentry","category-le-libertaire-n1-21-decembre-1944"],"authors":[{"term_id":540,"user_id":1,"is_guest":0,"slug":"admin_3gikpwyf","display_name":"Vincent Dubuc","avatar_url":"https:\/\/secure.gravatar.com\/avatar\/d015720652c25fd2ced191ade86430094e1f288a17483713e3b34d26dea52507?s=96&d=mm&r=g","author_category":"","user_url":"https:\/\/la-presse-anarchiste.net","last_name":"Dubuc","first_name":"Vincent","job_title":"","description":""}],"_links":{"self":[{"href":"https:\/\/la-presse-anarchiste.net\/index.php\/wp-json\/wp\/v2\/posts\/140","targetHints":{"allow":["GET"]}}],"collection":[{"href":"https:\/\/la-presse-anarchiste.net\/index.php\/wp-json\/wp\/v2\/posts"}],"about":[{"href":"https:\/\/la-presse-anarchiste.net\/index.php\/wp-json\/wp\/v2\/types\/post"}],"author":[{"embeddable":true,"href":"https:\/\/la-presse-anarchiste.net\/index.php\/wp-json\/wp\/v2\/users\/1"}],"replies":[{"embeddable":true,"href":"https:\/\/la-presse-anarchiste.net\/index.php\/wp-json\/wp\/v2\/comments?post=140"}],"version-history":[{"count":0,"href":"https:\/\/la-presse-anarchiste.net\/index.php\/wp-json\/wp\/v2\/posts\/140\/revisions"}],"wp:attachment":[{"href":"https:\/\/la-presse-anarchiste.net\/index.php\/wp-json\/wp\/v2\/media?parent=140"}],"wp:term":[{"taxonomy":"category","embeddable":true,"href":"https:\/\/la-presse-anarchiste.net\/index.php\/wp-json\/wp\/v2\/categories?post=140"},{"taxonomy":"post_tag","embeddable":true,"href":"https:\/\/la-presse-anarchiste.net\/index.php\/wp-json\/wp\/v2\/tags?post=140"},{"taxonomy":"author","embeddable":true,"href":"https:\/\/la-presse-anarchiste.net\/index.php\/wp-json\/wp\/v2\/ppma_author?post=140"}],"curies":[{"name":"wp","href":"https:\/\/api.w.org\/{rel}","templated":true}]}}