{"id":1409,"date":"2008-03-29T10:38:20","date_gmt":"2008-03-29T10:38:20","guid":{"rendered":"https:\/\/la-presse-anarchiste.net\/index.php\/2008\/03\/29\/den-haut-et-den-bas-4\/"},"modified":"2008-03-29T10:38:20","modified_gmt":"2008-03-29T10:38:20","slug":"den-haut-et-den-bas-4","status":"publish","type":"post","link":"https:\/\/la-presse-anarchiste.net\/index.php\/2008\/03\/29\/den-haut-et-den-bas-4\/","title":{"rendered":"D\u2019en-haut et d\u2019en-bas"},"content":{"rendered":"<div class=\"pdfprnt-buttons pdfprnt-buttons-post pdfprnt-top-right\"><a href=\"https:\/\/la-presse-anarchiste.net\/index.php\/wp-json\/wp\/v2\/posts\/1409?print=pdf\" class=\"pdfprnt-button pdfprnt-button-pdf\" target=\"_blank\"><img decoding=\"async\" src=\"https:\/\/la-presse-anarchiste.net\/wp-content\/plugins\/pdf-print\/images\/pdf.png\" alt=\"image_pdf\" title=\"Afficher le PDF\"><\/a><a href=\"https:\/\/la-presse-anarchiste.net\/index.php\/wp-json\/wp\/v2\/posts\/1409?print=print\" class=\"pdfprnt-button pdfprnt-button-print\" target=\"_blank\"><img decoding=\"async\" src=\"https:\/\/la-presse-anarchiste.net\/wp-content\/plugins\/pdf-print\/images\/print.png\" alt=\"image_print\" title=\"Contenu imprim\u00e9\"><\/a><\/div><p>&nbsp;<\/p>\n<p style=\"text-indent: 1.41cm; margin-bottom: 0cm;\" align=\"justify\"><font face=\"Garamond, serif\"><font style=\"font-size: 13pt;\" size=\"3\"><strong>Les<br>\nheures de travail<\/strong><\/font><\/font><\/p>\n<p style=\"text-indent: 1.41cm; margin-bottom: 0cm;\" align=\"justify\"><font face=\"Garamond, serif\"><font style=\"font-size: 13pt;\" size=\"3\">Un<br>\npas\u00adteur des \u00c9tats-Unis, M.&nbsp;Minot Savage, de New-York a affirm\u00e9<br>\nl\u2019autre jour que dans une Soci\u00e9\u00adt\u00e9 bien constitu\u00e9e,<br>\nper\u00adsonne n\u2019au\u00adrait besoin de tra\u00advailler plus de trois heures par&nbsp;jour.<br>\nLes 21 heures de sur\u00adplus pou\u00advant \u00eatre consa\u00adcr\u00e9es&nbsp;au<br>\nrepos et \u00e0 la recr\u00e9a\u00adtion phy\u00adsique, morale et mentale.<\/font><\/font><\/p>\n<p style=\"margin-bottom: 0cm;\" align=\"justify\"><font face=\"Garamond, serif\"><font style=\"font-size: 13pt;\" size=\"3\"><strong>Le<br>\nbout de l\u2019oreille<\/strong><\/font><\/font><\/p>\n<p style=\"text-indent: 1.41cm; margin-bottom: 0cm;\" align=\"justify\"><font face=\"Garamond, serif\"><font style=\"font-size: 13pt;\" size=\"3\">\u00ab&nbsp;Une<br>\nguerre avec l\u2019Al\u00adle\u00admagne,\u200a\u2014\u200adit le <i>Gau\u00adlois<\/i>, au sujet&nbsp;des<br>\npr\u00e9\u00adten\u00addus m\u00e9moires de F\u00e9lix Faure que publie le<br>\n<i>Figa\u00adro<\/i>,\u200a\u2014\u200aau moment de l\u2019af\u00adfaire Schn\u0153\u00adbe\u00adl\u00e9,&nbsp;nous<br>\naurait \u00e9par\u00adgn\u00e9 et le drey\u00adfu\u00adsisme et le pana\u00admisme, et<br>\ncomme nous avions le poing sur la hanche en face de notre agresseur,<br>\nnous ne nous serions peut-\u00eatre pas, comme Gri\u00adbouille jet\u00e9s<br>\n\u00e0 l\u2019eau pour \u00e9vi\u00adter la pluie, nous aurions eu&nbsp;les<br>\nmeilleures chances de nous en tirer honorablement.&nbsp;\u00bb<\/font><\/font><\/p>\n<p style=\"text-indent: 1.41cm; margin-bottom: 0cm;\" align=\"justify\"><font face=\"Garamond, serif\"><font style=\"font-size: 13pt;\" size=\"3\">Le<br>\nNatio\u00adna\u00adlisme, c\u2019est la guerre. Il y a long\u00adtemps que nous le savions,<br>\nmais voi\u00adl\u00e0 qu\u2019ils l\u2019a\u00advouent eux-m\u00eames. Pauvre de&nbsp;toi,<br>\nFrance, si tu tom\u00adbais en leurs&nbsp;mains.<\/font><\/font><\/p>\n<p style=\"margin-bottom: 0cm;\" align=\"justify\"><font face=\"Garamond, serif\"><font style=\"font-size: 13pt;\" size=\"3\"><strong>Bra\u00advo&nbsp;!<\/strong><\/font><\/font><\/p>\n<p style=\"text-indent: 1.41cm; margin-bottom: 0cm;\" align=\"justify\"><font face=\"Garamond, serif\"><font style=\"font-size: 13pt;\" size=\"3\">La<br>\nSoci\u00e9\u00adt\u00e9 coop\u00e9\u00adra\u00adtive de consom\u00adma\u00adtion, \u00ab&nbsp;la<br>\nBel\u00adle\u00advil\u00adloise&nbsp;\u00bb a d\u00e9ci\u00add\u00e9 dans sa derni\u00e8re<br>\nassem\u00adbl\u00e9e g\u00e9n\u00e9\u00adrale de sup\u00adpri\u00admer la vente&nbsp;de<br>\nl\u2019absinthe<\/font><\/font><\/p>\n<p style=\"text-indent: 1.41cm; margin-bottom: 0cm;\" align=\"justify\"><font face=\"Garamond, serif\"><font style=\"font-size: 13pt;\" size=\"3\">Rap\u00adpe\u00adlons<br>\nque cette mesure a d\u00e9j\u00e0 \u00e9t\u00e9 prise&nbsp;par<br>\n\u00ab&nbsp;l\u2019\u00c9galitaire&nbsp;\u00bb.<\/font><\/font><\/p>\n<p style=\"margin-bottom: 0cm;\" align=\"justify\"><font face=\"Garamond, serif\"><font style=\"font-size: 13pt;\" size=\"3\"><strong>Le<br>\nbon ap\u00f4tre<\/strong><\/font><\/font><\/p>\n<p style=\"text-indent: 1.41cm; margin-bottom: 0cm;\" align=\"justify\"><font face=\"Garamond, serif\"><font style=\"font-size: 13pt;\" size=\"3\">Les<br>\nagences racontent qu\u2019a\u00adpr\u00e8s l\u2019o\u00adp\u00e9\u00adra\u00adtion faite, il y&nbsp;a<br>\ndix-huit mois, par le doc\u00adteur Maz\u00adzo\u00adni, le pape avait pro\u00admis&nbsp;\u00e0<br>\nses m\u00e9de\u00adcins de les invi\u00adter \u00e0 d\u00e9jeuner.<\/font><\/font><\/p>\n<p style=\"text-indent: 1.41cm; margin-bottom: 0cm;\" align=\"justify\"><font face=\"Garamond, serif\"><font style=\"font-size: 13pt;\" size=\"3\">Depuis<br>\nqu\u2019il est pape, c\u2019est-\u00e0-dire depuis vingt-trois ans, c\u2019est&nbsp;la<br>\npre\u00admi\u00e8re fois qu\u2019il invite quel\u00adqu\u2019un \u00e0 man\u00adger aupr\u00e8s<br>\nde lui. L\u2019\u00e9\u00adti\u00adquette d\u00e9fend abso\u00adlu\u00adment qu\u2019un personnage,<br>\nquelle que soit sa posi\u00adtion, mange \u00e0 la m\u00eame table&nbsp;que<br>\nle pape. Donc L\u00e9on XIII, tout en d\u00e9jeu\u00adnant avec&nbsp;ses<br>\ninvi\u00adt\u00e9s, en \u00e9tait s\u00e9pa\u00adr\u00e9. La table&nbsp;\u00e9tait<br>\ndres\u00ads\u00e9e dans l\u2019embrasure de la fen\u00eatre de la tour&nbsp;de<br>\nL\u00e9on XIII et celle des invi\u00adt\u00e9s l\u2019\u00e9\u00adtait au centre<br>\nde la salle ronde qui les pr\u00e9c\u00e8de.<\/font><\/font><\/p>\n<p style=\"text-indent: 1.41cm; margin-bottom: 0cm;\" align=\"justify\"><font face=\"Garamond, serif\"><font style=\"font-size: 13pt;\" size=\"3\">L\u2019am\u00adphy\u00adtrion<br>\net les convives \u00e9taient s\u00e9pa\u00adr\u00e9s par un rideau!!<\/font><\/font><\/p>\n<p style=\"text-indent: 1.41cm; margin-bottom: 0cm;\" align=\"justify\"><font face=\"Garamond, serif\"><font style=\"font-size: 13pt;\" size=\"3\">Et<br>\ntoi, \u00f4 Christ, tu man\u00adgeais et tu buvais avec les p\u00e9agers<br>\net les gens de mau\u00advaise vie. Comme tu dois souf\u00adfrir de voir&nbsp;de<br>\npareils hypo\u00adcrites se r\u00e9cla\u00admer de ton&nbsp;nom&nbsp;!<\/font><\/font><\/p>\n<p style=\"margin-bottom: 0cm;\" align=\"justify\"><font face=\"Garamond, serif\"><font style=\"font-size: 13pt;\" size=\"3\"><strong>Une<br>\nnoble&nbsp;id\u00e9e<\/strong><\/font><\/font><\/p>\n<p style=\"text-indent: 1.41cm; margin-bottom: 0cm;\" align=\"justify\"><font face=\"Garamond, serif\"><font style=\"font-size: 13pt;\" size=\"3\">Une<br>\nfemme de bien, Madame M\u00fchl\u00adberg Suter\u00admeis\u00adter d\u2019Aa\u00adrau en Suisse a<br>\npris l\u2019i\u00adni\u00adtia\u00adtive d\u2019une p\u00e9ti\u00adtion devant \u00eatre adress\u00e9e<br>\nen Suisse aux auto\u00adri\u00adt\u00e9s f\u00e9d\u00e9\u00adrales, dans le&nbsp;but<br>\nd\u2019ob\u00adte\u00adnir pour les filles-m\u00e8res le droit de por\u00adter le titre&nbsp;de<br>\n\u00ab&nbsp;Madame&nbsp;\u00bb. Cette d\u00e9marche faite dans un&nbsp;but<br>\nhuma\u00adni\u00adtaire et dans l\u2019in\u00adt\u00e9\u00adr\u00eat des enfants ill\u00e9gitimes,<br>\u200a\u2014\u200avic\u00adtimes inno\u00adcentes,\u200a\u2014\u200aest digne d\u2019at\u00adten\u00adtion et de sympathie.<br>\nIl y a long\u00adtemps qu\u2019elle aurait d\u00fb \u00eatre propos\u00e9e<br>\npar les dis\u00adciples de celui qui ren\u00advoyai absoute la femme adult\u00e8re.<\/font><\/font><\/p>\n<p style=\"margin-bottom: 0cm;\" align=\"justify\"><font face=\"Garamond, serif\"><font style=\"font-size: 13pt;\" size=\"3\"><strong>La<br>\nsyphilis<\/strong><\/font><\/font><\/p>\n<p style=\"text-indent: 1.41cm; margin-bottom: 0cm;\" align=\"justify\"><font face=\"Garamond, serif\"><font style=\"font-size: 13pt;\" size=\"3\">Dans<br>\nun remar\u00adquable tra\u00advail publi\u00e9 au Congr\u00e8s de Bruxelles,<br>\nle D<sup>r<\/sup>&nbsp;Four\u00adnier a d\u00e9cla\u00adr\u00e9 que cette ter\u00adrible mala\u00addie&nbsp;est<br>\nla cause la plus ordi\u00adnaire des affec\u00adtions du sys\u00adt\u00e8me nerveux.<\/font><\/font><\/p>\n<p style=\"text-indent: 1.41cm; margin-bottom: 0cm;\" align=\"justify\"><font face=\"Garamond, serif\"><font style=\"font-size: 13pt;\" size=\"3\">Sur<br>\n100 syphi\u00adlis c\u00e9r\u00e9\u00adbrales, 27 gu\u00e9\u00adrissent, 19<br>\nabou\u00adtissent \u00e0 la mort et 59 per\u00admettent la sur\u00advie, mais&nbsp;une<br>\nsur\u00advie \u00ab&nbsp;\u00e0 peu pr\u00e8s \u00e9qui\u00adva\u00adlente. La&nbsp;mort<br>\ncomme r\u00e9sultat&nbsp;\u00bb.<\/font><\/font><\/p>\n<p style=\"text-indent: 1.41cm; margin-bottom: 0cm;\" align=\"justify\"><font face=\"Garamond, serif\"><font style=\"font-size: 13pt;\" size=\"3\">Une<br>\ndes cons\u00e9\u00adquences les plus effrayantes, c\u2019est la mortalit\u00e9<br>\ninfan\u00adtile. L\u2019en\u00adfant du syphi\u00adli\u00adtique est tu\u00e9 soit&nbsp;d\u00e8s<br>\nles pre\u00admiers mois de la concep\u00adtion (avor\u00adte\u00adment syphi\u00adli\u00adtique), soit<br>\ndans les der\u00adniers mois de la gros\u00adsesse (accou\u00adche\u00adraient pr\u00e9matur\u00e9),<br>\nsoit \u00e0 sa nais\u00adsance, soit dans les pre\u00admi\u00e8res semaines.<br>\n(Assis\u00adtance publique, 1880 \u00e0 1884, 458 morts sur&nbsp;996<br>\nnais\u00adsances) Enfin, la mort vien\u00addra plus tard par quelque l\u00e9sion<br>\nde la syphi\u00adlis h\u00e9r\u00e9\u00addi\u00adtaire tardive.<\/font><\/font><\/p>\n<p style=\"text-indent: 1.41cm; margin-bottom: 0cm;\" align=\"justify\"><font face=\"Garamond, serif\"><font style=\"font-size: 13pt;\" size=\"3\">L\u2019h\u00e9\u00adr\u00e9\u00addi\u00adt\u00e9<br>\nsyphi\u00adli\u00adtique pater\u00adnelle donne 68% de d\u00e9c\u00e8s, la<br>\nmater\u00adnelle, 60%, la mixte 68%. La mali\u00adgni\u00adt\u00e9 de l\u2019influence<br>\nh\u00e9r\u00e9\u00addo-syphi\u00adli\u00adtique est ter\u00adrible quand elle s\u2019\u00e9tend<br>\ndans les pre\u00admiers temps de la mala\u00addie. Ain\u00adsi, sur 90 femmes<br>\nconju\u00adga\u00adle\u00adment conta\u00admi\u00adn\u00e9es et enceintes, Four\u00adnier cite&nbsp;50<br>\navor\u00adte\u00adments ou mort-n\u00e9s, 38 nais\u00adsances et morts subs\u00e9quentes<br>\nplus ou moins rapides et 2 sur\u00advies. (Clien\u00adt\u00e8le de&nbsp;ville,<br>\nbour\u00adgeoise ou aristocratique.)<\/font><\/font><\/p>\n<p style=\"text-indent: 1.41cm; margin-bottom: 0cm;\" align=\"justify\"><font face=\"Garamond, serif\"><font style=\"font-size: 13pt;\" size=\"3\">Que<br>\nserait-ce \u00e0 l\u2019h\u00f4\u00adpi\u00adtal ou dans les milieux pauvres et<br>\npri\u00adv\u00e9s de soins faciles&nbsp;?<\/font><\/font><\/p>\n<p style=\"text-indent: 1.41cm; margin-bottom: 0cm;\" align=\"justify\"><font face=\"Garamond, serif\"><font style=\"font-size: 13pt;\" size=\"3\">Et<br>\nles d\u00e9g\u00e9\u00adn\u00e9\u00adres\u00adcences, qui s\u2019en suivent dans&nbsp;la<br>\npos\u00adt\u00e9\u00adri\u00adt\u00e9 du syphi\u00adli\u00adtique, mal\u00adfor\u00adma\u00adtions diverses,<br>\nmons\u00adtruo\u00adsi\u00adt\u00e9s, d\u00e9cr\u00e9\u00adpi\u00adtude, s\u00e9nilit\u00e9<br>\ninfan\u00adtile, enfance val\u00e9\u00adtu\u00addi\u00adnaire sous toutes ses formes,<br>\n\u00e9tio\u00adle\u00adment, infan\u00adti\u00adlisme (absence de crois\u00adsance normale)<br>\nrachi\u00adtisme, etc. Pinard d\u00e9clare que dans toute sa carri\u00e8re<br>\nil n\u2019a vu qu\u2019<i>un seul cas<\/i> de rachi\u00adtisme, qui ne fut pas&nbsp;de<br>\nl\u2019h\u00e9\u00adr\u00e9\u00addi\u00adt\u00e9 syphilitique.<\/font><\/font><\/p>\n<p style=\"text-indent: 1.41cm; margin-bottom: 0cm;\" align=\"justify\"><font face=\"Garamond, serif\"><font style=\"font-size: 13pt;\" size=\"3\">Cette<br>\ninfluence est m\u00eame indis\u00adcu\u00adtable sur le f\u0153tus. C\u2019est<br>\ninva\u00adria\u00adble\u00adment la cause d\u2019une dis\u00adpo\u00adsi\u00adtion \u00e0 l\u2019a\u00advor\u00adte\u00adment ou&nbsp;\u00e0<br>\nla mort rapide (50% d\u2019a\u00adpr\u00e8s Fournier).<\/font><\/font><\/p>\n<p style=\"text-indent: 1.41cm; margin-bottom: 0cm;\" align=\"justify\"><font face=\"Garamond, serif\"><font style=\"font-size: 13pt;\" size=\"3\">Sur<br>\n81 gros\u00adsesses dans des m\u00e9nages ou <i>un<\/i> des conjoints<br>\navait une tare h\u00e9r\u00e9\u00addo-syphi\u00adli\u00adtique, Four\u00adnier trouve 28<br>\navor\u00adte\u00adments, 13 accou\u00adche\u00adments pr\u00e9\u00adma\u00adtu\u00adr\u00e9s avec enfants<br>\nmorts, 7 morts \u00e0 bref d\u00e9lai et 33 sur\u00advies. Pas besoin<br>\nde cher\u00adcher ailleurs la cause de la d\u00e9population&nbsp;!<\/font><\/font><\/p>\n<p style=\"margin-bottom: 0cm;\" align=\"justify\"><font face=\"Garamond, serif\"><font style=\"font-size: 13pt;\" size=\"3\"><strong>Un<br>\nerrata<\/strong><\/font><\/font><\/p>\n<p style=\"text-indent: 1.41cm; margin-bottom: 0cm;\" align=\"justify\"><font face=\"Garamond, serif\"><font style=\"font-size: 13pt;\" size=\"3\">Je<br>\nm\u2019a\u00adper\u00ad\u00e7ois que, dans le pre\u00admier num\u00e9\u00adro, s\u2019est gliss\u00e9<br>\u200a\u2014\u200aexi\u00adgence de mise en page\u200a\u2014\u200ala sup\u00adpres\u00adsion d\u2019une note concernant<br>\n<i>l\u2019A\u00advant-Garde<\/i> et o\u00f9 la r\u00e9dac\u00adtion d\u00e9clarait<br>\nque cette excel\u00adlente revue se trouve \u00e0 la br\u00e8che depuis<br>\ntrois ans, d\u00e9fen\u00addant les id\u00e9es qui trouvent dans <i>l\u2019\u00c8re<br>\nNou\u00advelle<\/i> une appli\u00adca\u00adtion populaire.<\/font><\/font><\/p>\n","protected":false},"excerpt":{"rendered":"<p>&nbsp; Les heures de tra\u00advail Un pas\u00adteur des \u00c9tats-Unis, M.&nbsp;Minot Savage, de New-York a affir\u00adm\u00e9 l\u2019autre jour que dans une Soci\u00e9\u00adt\u00e9 bien consti\u00adtu\u00e9e, per\u00adsonne n\u2019au\u00adrait besoin de tra\u00advailler plus de trois heures par&nbsp;jour. Les 21 heures de sur\u00adplus pou\u00advant \u00eatre consa\u00adcr\u00e9es&nbsp;au repos et \u00e0 la recr\u00e9a\u00adtion phy\u00adsique, morale et men\u00adtale. Le bout de l\u2019oreille \u00ab&nbsp;Une&nbsp;[\u2026]<\/p>\n","protected":false},"author":1,"featured_media":0,"comment_status":"closed","ping_status":"closed","sticky":false,"template":"","format":"standard","meta":{"wp_typography_post_enhancements_disabled":false,"footnotes":""},"categories":[156],"tags":[],"ppma_author":[540],"class_list":["post-1409","post","type-post","status-publish","format-standard","hentry","category-lere-nouvelle-n4-aout-1901"],"authors":[{"term_id":540,"user_id":1,"is_guest":0,"slug":"admin_3gikpwyf","display_name":"Vincent Dubuc","avatar_url":"https:\/\/secure.gravatar.com\/avatar\/d015720652c25fd2ced191ade86430094e1f288a17483713e3b34d26dea52507?s=96&d=mm&r=g","author_category":"","user_url":"https:\/\/la-presse-anarchiste.net","last_name":"Dubuc","first_name":"Vincent","job_title":"","description":""}],"_links":{"self":[{"href":"https:\/\/la-presse-anarchiste.net\/index.php\/wp-json\/wp\/v2\/posts\/1409","targetHints":{"allow":["GET"]}}],"collection":[{"href":"https:\/\/la-presse-anarchiste.net\/index.php\/wp-json\/wp\/v2\/posts"}],"about":[{"href":"https:\/\/la-presse-anarchiste.net\/index.php\/wp-json\/wp\/v2\/types\/post"}],"author":[{"embeddable":true,"href":"https:\/\/la-presse-anarchiste.net\/index.php\/wp-json\/wp\/v2\/users\/1"}],"replies":[{"embeddable":true,"href":"https:\/\/la-presse-anarchiste.net\/index.php\/wp-json\/wp\/v2\/comments?post=1409"}],"version-history":[{"count":0,"href":"https:\/\/la-presse-anarchiste.net\/index.php\/wp-json\/wp\/v2\/posts\/1409\/revisions"}],"wp:attachment":[{"href":"https:\/\/la-presse-anarchiste.net\/index.php\/wp-json\/wp\/v2\/media?parent=1409"}],"wp:term":[{"taxonomy":"category","embeddable":true,"href":"https:\/\/la-presse-anarchiste.net\/index.php\/wp-json\/wp\/v2\/categories?post=1409"},{"taxonomy":"post_tag","embeddable":true,"href":"https:\/\/la-presse-anarchiste.net\/index.php\/wp-json\/wp\/v2\/tags?post=1409"},{"taxonomy":"author","embeddable":true,"href":"https:\/\/la-presse-anarchiste.net\/index.php\/wp-json\/wp\/v2\/ppma_author?post=1409"}],"curies":[{"name":"wp","href":"https:\/\/api.w.org\/{rel}","templated":true}]}}