{"id":141,"date":"2007-02-09T13:52:13","date_gmt":"2007-02-09T13:52:13","guid":{"rendered":"https:\/\/la-presse-anarchiste.net\/index.php\/2007\/02\/09\/les-libertaires-et-le-probleme-social\/"},"modified":"2007-02-09T13:52:13","modified_gmt":"2007-02-09T13:52:13","slug":"les-libertaires-et-le-probleme-social","status":"publish","type":"post","link":"https:\/\/la-presse-anarchiste.net\/index.php\/2007\/02\/09\/les-libertaires-et-le-probleme-social\/","title":{"rendered":"Les libertaires et le probl\u00e8me social"},"content":{"rendered":"<div class=\"pdfprnt-buttons pdfprnt-buttons-post pdfprnt-top-right\"><a href=\"https:\/\/la-presse-anarchiste.net\/index.php\/wp-json\/wp\/v2\/posts\/141?print=pdf\" class=\"pdfprnt-button pdfprnt-button-pdf\" target=\"_blank\"><img decoding=\"async\" src=\"https:\/\/la-presse-anarchiste.net\/wp-content\/plugins\/pdf-print\/images\/pdf.png\" alt=\"image_pdf\" title=\"Afficher le PDF\"><\/a><a href=\"https:\/\/la-presse-anarchiste.net\/index.php\/wp-json\/wp\/v2\/posts\/141?print=print\" class=\"pdfprnt-button pdfprnt-button-print\" target=\"_blank\"><img decoding=\"async\" src=\"https:\/\/la-presse-anarchiste.net\/wp-content\/plugins\/pdf-print\/images\/print.png\" alt=\"image_print\" title=\"Contenu imprim\u00e9\"><\/a><\/div><div align=\"justify\">\n\tLes conjonc\u00adtures sociales et \u00e9co\u00adno\u00admiques actuelles\tappellent plus que jamais des solu\u00adtions nouvelles.&nbsp;\n<p>\tToutes les orga\u00adni\u00adsa\u00adtions poli\u00adtiques, syn\u00addi\u00adcales et autres, pr\u00e9\u00adsentent des \u00ab&nbsp;pro\u00adgrammes&nbsp;\u00bb nou\u00adveaux et font miroi\u00adter des am\u00e9\u00adlio\u00adra\u00adtions sen\u00adsibles des condi\u00adtions de vie des classes d\u00e9favoris\u00e9es.&nbsp;<\/p>\n<p>\tCe n\u2019est pas nous qui sommes sur\u00adpris par les inno\u00adva\u00adtions (?) de ces \u00ab&nbsp;r\u00e9for\u00adma\u00adteurs&nbsp;\u00bb. Et nous savonss que la popu\u00adla\u00adtion demeure elle-m\u00eame sou\u00advent scep\u00adtique devant tant de belles promesses.&nbsp;<\/p>\n<p>\tMais le mou\u00adve\u00adment liber\u00adtaire, quelle solu\u00adtion pro\u00adpose-t-il au marasme, dle m\u00eame qu\u2019au pro\u00adbl\u00e8me pos\u00e9 par l\u2019exploitation&nbsp;?&nbsp;<\/p>\n<p>\tQuelle\torga\u00adni\u00adsa\u00adtion oppose-t-il \u00e0 tous les sys\u00adt\u00e8mes qu\u2019il com\u00adbat avec tant de per\u00ads\u00e9\u00adv\u00e9\u00adrance et cri\u00adtique avec tant de pr\u00e9cision&nbsp;?&nbsp;<\/p>\n<p>\tTr\u00e8s justes sont les objec\u00adtions des anar\u00adchistes, entend-on dire fr\u00e9\u00adquem\u00adment, mais que pro\u00adposent-ils en place de ce qu\u2019ils veulent voir dispara\u00eetre&nbsp;?&nbsp;<\/p>\n<p>\tCom\u00adbien de fois le mili\u00adtant est-il ques\u00adtion\u00adn\u00e9 sur ce que nous  vou\u00adlons, sur ce que seront nos  vues sur l\u2019or\u00adga\u00adni\u00adsa\u00adtion \u00e9co\u00adno\u00admique et sociale.&nbsp;<\/p>\n<p>\tJus\u00adqu\u2019\u00e0 pr\u00e9\u00adsent, il a \u00e9t\u00e9 de cou\u00adtume de r\u00e9pondre \u00e0 des ques\u00adtions sem\u00adblables par des affir\u00adma\u00adtions sur\u00adtout phi\u00adlo\u00adso\u00adphiques et non par des solu\u00adtions pra\u00adtiques des pro\u00adbl\u00e8mes pos\u00e9s par la vie col\u00adlec\u00adtive. Toute la lit\u00adt\u00e9\u00adra\u00adture liber\u00adtaire, si elle est riche en ensei\u00adgne\u00adments phi\u00adlo\u00adso\u00adphiques, n\u2019est pas tou\u00adjours assez pr\u00e8s des r\u00e9a\u00adli\u00adt\u00e9s pr\u00e9sentes.<\/p>\n<p>\tOr, au moment o\u00f9 toutes les exp\u00e9\u00adriences sociales ten\u00adt\u00e9es ont fait faillite et alors que celles en cours sont vou\u00e9es \u00e0 l\u2019\u00e9\u00adchec, l\u2019heure est venue de pr\u00e9\u00adsen\u00adter la solu\u00adtion \u00e0 laquelle l\u2019hu\u00adma\u00adni\u00adt\u00e9 sera fata\u00adle\u00adment ame\u00adn\u00e9e \u00e0 recou\u00adrir parce que c\u2019est la seule qui satis\u00adfe\u00adra mat\u00e9\u00adriel\u00adle\u00adment et mora\u00adle\u00adment l\u2019en\u00adsemble des indi\u00advi\u00addus tout en leur assu\u00adrant la liber\u00adt\u00e9. Cette solu\u00adtion, c\u2019est le f\u00e9d\u00e9\u00adra\u00adlisme libertaire.<\/p>\n<p>\tCepen\u00addant, si celui-ci est le cre\u00addo social de tous les anar\u00adchistes et bien que des oeuvres remar\u00adquables aient \u00e9t\u00e9 \u00e9crites autre\u00adfois par nos meilleurs th\u00e9o\u00adri\u00adciens, aucun ouvrage pr\u00e9\u00adsen\u00adtant la chose sim\u00adple\u00adment, avec des don\u00adn\u00e9es adap\u00adt\u00e9es aux pos\u00adsi\u00adbi\u00adli\u00adt\u00e9s actuelles de pro\u00adduc\u00adtion, n\u2019\u00e9\u00adtait&nbsp;sorti.<\/p>\n<p>\tLe cha\u00adpitre qui en consti\u00adtue l\u2019a\u00advant-pro\u00adpos cri\u00adtique s\u00e9v\u00e8\u00adre\u00adment la soci\u00e9\u00adt\u00e9 actuelle. Le r\u00f4le n\u00e9faste du capi\u00adta\u00adlisme et de l\u2019\u00c9\u00adtat y est mis \u00e0 nu sans m\u00e9na\u00adge\u00adment. Toutes les formes \u00e9ta\u00adtiques y sont bri\u00e8\u00adve\u00adment men\u00adtion\u00adn\u00e9es et leur inca\u00adpa\u00adci\u00adt\u00e9 cr\u00e9a\u00adtrice d\u00e9mon\u00adtr\u00e9es (l\u2019\u00c9\u00adtat \u00ab&nbsp;pro\u00adl\u00e9\u00adta\u00adrien&nbsp;\u00bb n\u2019y est pas m\u00e9nag\u00e9).<\/p>\n<p>\tLe deuxi\u00e8me y d\u00e9ve\u00adloppe les prin\u00adcipes \u00e9co\u00adno\u00admiques, sociaux et moraux qui doivent ins\u00adpi\u00adrer toute r\u00e9vo\u00adlu\u00adtion digne de ce nom et exalte le f\u00e9d\u00e9\u00adra\u00adlisme libertaire.<\/p>\n<p>\tAu troi\u00adsi\u00e8me cha\u00adpitre com\u00admence la construc\u00adtion d\u2019un monde f\u00e9d\u00e9\u00adra\u00adliste tel qu\u2019il pour\u00adrait \u00eatre r\u00e9a\u00adli\u00ads\u00e9 aujourd\u2019hui.<\/p>\n<p>\tIl y est tout d\u2019a\u00adbord trai\u00adt\u00e9 de la consom\u00adma\u00adtion, qui devient le guide de la pro\u00adduc\u00adtion. Ensuite vient la pro\u00adduc\u00adtion avec ses coop\u00e9\u00adra\u00adtives (aujourd\u2019\u00adhui syn\u00addi\u00adcats). Elle est exa\u00admi\u00adn\u00e9e dans les domaines indus\u00adtriels, agri\u00adcole et artisanal.<\/p>\n<p>\tDes orga\u00adnismes locaux, r\u00e9gio\u00adnaux et inter\u00adr\u00e9\u00adgio\u00adnaux assurent la coor\u00addi\u00adna\u00adtion de tous les rouages de cette \u00e9conomie.<\/p>\n<p>\tAu cha\u00adpitre quatre, nous arri\u00advons \u00e0 la com\u00admune, qui sera la cel\u00adlule de base de la soci\u00e9\u00adt\u00e9 f\u00e9d\u00e9\u00adra\u00adliste. C\u2019est elle qui contr\u00f4\u00adle\u00adra les grands ser\u00advices publics alors que les coop\u00e9\u00adra\u00adtives de pro\u00adduc\u00adtion les g\u00e9reront.<\/p>\n<p>\tLe cha\u00adpitre cinq est consa\u00adcr\u00e9 au pro\u00adbl\u00e8me de la d\u00e9fense de la r\u00e9vo\u00adlu\u00adtion pour le cas o\u00f9 celle-ci ne serait pas encore universelle.<\/p>\n<p>\tLe cha\u00adpitre six, qui est la conclu\u00adsion, s\u2019in\u00adti\u00adtule \u00ab&nbsp;Condi\u00adtions de la trans\u00adfor\u00adma\u00adtion&nbsp;\u00bb. Il sou\u00adligne que la vio\u00adlence r\u00e9vo\u00adlu\u00adtion\u00adnaire ne pour\u00adra \u00eatre \u00e9vi\u00adt\u00e9e du fait que les pri\u00advi\u00adl\u00e9\u00adgi\u00e9s ne vou\u00addront pas renon\u00adcer aux avan\u00adtages que leur donne le r\u00e9gime actuel.<\/p>\n<p>\tL\u2019heure de la r\u00e9vo\u00adlu\u00adtion n\u2019ayant pas encore son\u00adn\u00e9, il y a lieu de com\u00adbattre le sys\u00adt\u00e8me actuel par les m\u00e9thodes pacifiques.<\/p>\n<p>\tToute la st\u00e9\u00adri\u00adli\u00adt\u00e9 de la lutte sur le plan poli\u00adtique y est d\u00e9mon\u00adtr\u00e9e. Par contre la lutte dans le domaine \u00e9co\u00adno\u00admique, quand elle est intel\u00adli\u00adgem\u00adment men\u00e9e, doit don\u00adner des r\u00e9sultats.<\/p>\n<p>\tLes avan\u00adtages \u00e0 obte\u00adnir, pour les classes exploi\u00adt\u00e9es devront \u00eatre de tous ordres&nbsp;; et non seule\u00adment mat\u00e9\u00adriels et tem\u00adpo\u00adraires comme les aug\u00admen\u00adta\u00adtions de salaires. Toute l\u2019im\u00adpor\u00adtance du fac\u00adteur \u00ab&nbsp;\u00e9du\u00adca\u00adtion&nbsp;\u00bb y est soulign\u00e9.<\/p>\n<p>\tCette pla\u00adquette, for\u00admat 21\u200a\u2013\u200a17 fait 64 pages. Son prix est de six francs. Pas\u00adser toute com\u00admande au Mou\u00adve\u00adment Liber\u00adtaire, 10, rue Lan\u00adcry, Paris (Xe)&nbsp;; compte-ch\u00e8que pos\u00adtaux&nbsp;: Lau\u00adrant 589\u200a\u2013\u200a76&nbsp;Paris.<\/p>\n<\/div>\n","protected":false},"excerpt":{"rendered":"<p>Les conjonc\u00adtures sociales et \u00e9co\u00adno\u00admiques actuelles appellent plus que jamais des solu\u00adtions nou\u00advelles.&nbsp; Toutes les orga\u00adni\u00adsa\u00adtions poli\u00adtiques, syn\u00addi\u00adcales et autres, pr\u00e9\u00adsentent des \u00ab&nbsp;pro\u00adgrammes&nbsp;\u00bb nou\u00adveaux et font miroi\u00adter des am\u00e9\u00adlio\u00adra\u00adtions sen\u00adsibles des condi\u00adtions de vie des classes d\u00e9fa\u00advo\u00adri\u00ads\u00e9es.&nbsp; Ce n\u2019est pas nous qui sommes sur\u00adpris par les inno\u00adva\u00adtions (?) de ces \u00ab&nbsp;r\u00e9for\u00adma\u00adteurs&nbsp;\u00bb. Et nous savonss que&nbsp;[\u2026]<\/p>\n","protected":false},"author":1,"featured_media":0,"comment_status":"closed","ping_status":"closed","sticky":false,"template":"","format":"standard","meta":{"wp_typography_post_enhancements_disabled":false,"footnotes":""},"categories":[22],"tags":[],"ppma_author":[540],"class_list":["post-141","post","type-post","status-publish","format-standard","hentry","category-le-libertaire-n1-21-decembre-1944"],"authors":[{"term_id":540,"user_id":1,"is_guest":0,"slug":"admin_3gikpwyf","display_name":"Vincent Dubuc","avatar_url":"https:\/\/secure.gravatar.com\/avatar\/d015720652c25fd2ced191ade86430094e1f288a17483713e3b34d26dea52507?s=96&d=mm&r=g","author_category":"","user_url":"https:\/\/la-presse-anarchiste.net","last_name":"Dubuc","first_name":"Vincent","job_title":"","description":""}],"_links":{"self":[{"href":"https:\/\/la-presse-anarchiste.net\/index.php\/wp-json\/wp\/v2\/posts\/141","targetHints":{"allow":["GET"]}}],"collection":[{"href":"https:\/\/la-presse-anarchiste.net\/index.php\/wp-json\/wp\/v2\/posts"}],"about":[{"href":"https:\/\/la-presse-anarchiste.net\/index.php\/wp-json\/wp\/v2\/types\/post"}],"author":[{"embeddable":true,"href":"https:\/\/la-presse-anarchiste.net\/index.php\/wp-json\/wp\/v2\/users\/1"}],"replies":[{"embeddable":true,"href":"https:\/\/la-presse-anarchiste.net\/index.php\/wp-json\/wp\/v2\/comments?post=141"}],"version-history":[{"count":0,"href":"https:\/\/la-presse-anarchiste.net\/index.php\/wp-json\/wp\/v2\/posts\/141\/revisions"}],"wp:attachment":[{"href":"https:\/\/la-presse-anarchiste.net\/index.php\/wp-json\/wp\/v2\/media?parent=141"}],"wp:term":[{"taxonomy":"category","embeddable":true,"href":"https:\/\/la-presse-anarchiste.net\/index.php\/wp-json\/wp\/v2\/categories?post=141"},{"taxonomy":"post_tag","embeddable":true,"href":"https:\/\/la-presse-anarchiste.net\/index.php\/wp-json\/wp\/v2\/tags?post=141"},{"taxonomy":"author","embeddable":true,"href":"https:\/\/la-presse-anarchiste.net\/index.php\/wp-json\/wp\/v2\/ppma_author?post=141"}],"curies":[{"name":"wp","href":"https:\/\/api.w.org\/{rel}","templated":true}]}}