{"id":1415,"date":"2008-03-29T10:48:36","date_gmt":"2008-03-29T10:48:36","guid":{"rendered":"https:\/\/la-presse-anarchiste.net\/index.php\/2008\/03\/29\/guerre-a-la-guerre-2\/"},"modified":"2008-03-29T10:48:36","modified_gmt":"2008-03-29T10:48:36","slug":"guerre-a-la-guerre-2","status":"publish","type":"post","link":"https:\/\/la-presse-anarchiste.net\/index.php\/2008\/03\/29\/guerre-a-la-guerre-2\/","title":{"rendered":"Guerre \u00e0 la guerre&nbsp;!"},"content":{"rendered":"<div class=\"pdfprnt-buttons pdfprnt-buttons-post pdfprnt-top-right\"><a href=\"https:\/\/la-presse-anarchiste.net\/index.php\/wp-json\/wp\/v2\/posts\/1415?print=pdf\" class=\"pdfprnt-button pdfprnt-button-pdf\" target=\"_blank\"><img decoding=\"async\" src=\"https:\/\/la-presse-anarchiste.net\/wp-content\/plugins\/pdf-print\/images\/pdf.png\" alt=\"image_pdf\" title=\"Afficher le PDF\"><\/a><a href=\"https:\/\/la-presse-anarchiste.net\/index.php\/wp-json\/wp\/v2\/posts\/1415?print=print\" class=\"pdfprnt-button pdfprnt-button-print\" target=\"_blank\"><img decoding=\"async\" src=\"https:\/\/la-presse-anarchiste.net\/wp-content\/plugins\/pdf-print\/images\/print.png\" alt=\"image_print\" title=\"Contenu imprim\u00e9\"><\/a><\/div><p>&nbsp;<\/p>\n<p style=\"text-indent: 1.41cm; margin-bottom: 0cm;\" align=\"justify\"><font face=\"Garamond, serif\"><font style=\"font-size: 13pt;\" size=\"3\">Il<br>\nfaut que toutes les femmes le jettent, ce cri, au nom de la Justice,<br>\nau nom de la Bon\u00adt\u00e9, au nom du Christ. La plu\u00adpart le prof\u00e8rent<br>\ndans leur c\u0153ur, mais il faut le cla\u00admer bien haut, vaillam\u00adment,&nbsp;sans<br>\nsou\u00adci des sou\u00adrires d\u00e9dai\u00adgneux de nos adversaires.<\/font><\/font><\/p>\n<p style=\"text-indent: 1.41cm; margin-bottom: 0cm;\" align=\"justify\"><font face=\"Garamond, serif\"><font style=\"font-size: 13pt;\" size=\"3\">Depuis<br>\nquelques ann\u00e9es les femmes ont beau\u00adcoup tra\u00advaill\u00e9 \u00e0<br>\nla pro\u00adpa\u00adgande paci\u00adfique. C\u2019est un ardent mou\u00adve\u00adment qui soul\u00e8ve<br>\ndans l\u2019Eu\u00adrope enti\u00e8re et en Am\u00e9\u00adrique une v\u00e9ritable<br>\ncroi\u00adsade f\u00e9mi\u00adnine contre la bar\u00adba\u00adrie. Si peu nom\u00adbreuses, il&nbsp;y<br>\na dix ans, main\u00adte\u00adnant elles sont l\u00e9gion celles qui protestent<br>\navec leur intel\u00adli\u00adgence et leur c\u0153ur contre le mas\u00adsacre organis\u00e9.<br>\nAin\u00adsi, l\u2019Al\u00adliance uni\u00adver\u00adselle des femmes pour la Paix (Pr\u00e9\u00adsi\u00addente<br>\nFon\u00adda\u00adtrice&nbsp;: Prin\u00adcesse Gabrielle Wisz\u00adniews\u00adka, Bureau Cen\u00adtral, 7&nbsp;bis,<br>\nrue du D\u00e9bar\u00adca\u00add\u00e8re, Paris) r\u00e9unit aujourd\u2019hui<br>\nune immense coa\u00adli\u00adtion f\u00e9mi\u00adnine inter\u00adna\u00adtio\u00adnale pour lutter<br>\ncontre la grande Enne\u00admie de la civi\u00adli\u00adsa\u00adtion et du pro\u00adgr\u00e8s,&nbsp;la<br>\nguerre.\u200a\u2014\u200aMais ce n\u2019est pas assez. Comme l\u2019ont dit elles-m\u00eames<br>\nces cou\u00adra\u00adgeuses alli\u00e9es dans leur \u00e9lo\u00adquent appel&nbsp;: Il<br>\nnous faut <i>toutes les femmes<\/i>.<\/font><\/font><\/p>\n<p style=\"text-indent: 1.41cm; margin-bottom: 0cm;\" align=\"justify\"><font face=\"Garamond, serif\"><font style=\"font-size: 13pt;\" size=\"3\">Car,<br>\u200a\u2014\u200ale croi\u00adrait-on\u200a\u2014\u200aon entend encore des femmes com\u00adbattre l\u2019id\u00e9e<br>\npaci\u00adfique. J\u2019ai sur\u00adpris avec stu\u00adpeur sur des l\u00e8vres f\u00e9minines<br>\nles para\u00addoxes de Joseph de Maistre et les th\u00e9o\u00adries du Mar\u00e9chal<br>\nde Moltke. Des femmes font l\u2019a\u00adpo\u00adlo\u00adgie des conqu\u00eates et parlent<br>\nde la guerre ins\u00adpi\u00adra\u00adtrice de vertus.<\/font><\/font><\/p>\n<p style=\"text-indent: 1.41cm; margin-bottom: 0cm;\" align=\"justify\"><font face=\"Garamond, serif\"><font style=\"font-size: 13pt;\" size=\"3\">Qu\u2019elles<br>\nregardent donc les fermes incen\u00addi\u00e9es du Trans\u00advaal et, sur&nbsp;le<br>\nsol de la Chine sai\u00adgnante, par\u00admi les d\u00e9bris du pillage, les<br>\nvieillards mar\u00adty\u00adri\u00ads\u00e9s, les corps des petits enfants en<br>\nlam\u00adbeaux, les femmes souill\u00e9es, ago\u00adni\u00adsant dans la honte et&nbsp;les<br>\ntor\u00adtures. Les voi\u00adl\u00e0 les ver\u00adtus guerri\u00e8res&nbsp;!<\/font><\/font><\/p>\n<p style=\"text-indent: 1.41cm; margin-bottom: 0cm;\" align=\"justify\"><font face=\"Garamond, serif\"><font style=\"font-size: 13pt;\" size=\"3\">La<br>\nconscience f\u00e9mi\u00adnine ne peut res\u00adter muette. Il y a des heures<br>\no\u00f9 le silence est une com\u00adpli\u00adci\u00adt\u00e9. Aujourd\u2019\u00adhui&nbsp;la<br>\npro\u00adtes\u00adta\u00adtion contre la f\u00e9ro\u00adci\u00adt\u00e9 europ\u00e9enne<br>\ns\u2019im\u00adpose \u00e0 toutes comme un imp\u00e9\u00adrieux devoir.<\/font><\/font><\/p>\n<p style=\"text-indent: 1.41cm; margin-bottom: 0cm;\" align=\"justify\"><font face=\"Garamond, serif\"><font style=\"font-size: 13pt;\" size=\"3\">Mais<br>\nsuf\u00adfit-il de condam\u00adner l\u2019i\u00adni\u00adqui\u00adt\u00e9 accom\u00adplie&nbsp;? Non, nous devons<br>\nencore tout ten\u00adter pour en pr\u00e9\u00adve\u00adnir le retour. L\u2019action<br>\nf\u00e9mi\u00adnine doit pr\u00e9\u00adpa\u00adrer l\u2019a\u00adve\u00adnir. La for\u00adma\u00adtion&nbsp;d\u2019un<br>\npeuple paci\u00adfique d\u00e9pend de l\u2019\u00e9\u00addu\u00adca\u00adtion. C\u2019est pourquoi<br>\nla femme est appe\u00adl\u00e9e \u00e0 jouer un si grand. r\u00f4le<br>\ndans la lutte contre la guerre. Si elle ne peut agir politiquement,<br>\nelle tient entre les mains l\u2019\u00e2me de l\u2019en\u00adfant, la conscience des<br>\ng\u00e9n\u00e9\u00adra\u00adtions futures.<\/font><\/font><\/p>\n<p style=\"text-indent: 1.41cm; margin-bottom: 0cm;\" align=\"justify\"><font face=\"Garamond, serif\"><font style=\"font-size: 13pt;\" size=\"3\">Habi\u00adtuons<br>\nl\u2019en\u00adfant \u00e0 admi\u00adrer le g\u00e9nie dans les arts et dans&nbsp;les<br>\nsciences. Tour\u00adnons son jeune esprit ardent vers les nobles conqu\u00eates<br>\nde la pen\u00ads\u00e9e et du pro\u00adgr\u00e8s. Fai\u00adsons-lui com\u00adprendre la<br>\nsan\u00adglante cruau\u00adt\u00e9 des gloires guer\u00adri\u00e8res et la&nbsp;pure<br>\nbeau\u00adt\u00e9 des gloires paci\u00adfiques. L\u2019en\u00adfant com\u00adprend si bien&nbsp;quand<br>\non s\u2019a\u00addresse \u00e0 sa rai\u00adson, \u00e0 son ins\u00adtinct de Justice.<br>\nQue l\u2019en\u00adsei\u00adgne\u00adment que nous lui don\u00adnons soit tout fon\u00add\u00e9 sur&nbsp;le<br>\nres\u00adpect de la&nbsp;Vie.<\/font><\/font><\/p>\n<p style=\"text-indent: 1.41cm; margin-bottom: 0cm;\" align=\"justify\"><font face=\"Garamond, serif\"><font style=\"font-size: 13pt;\" size=\"3\">Dans<br>\nl\u2019a\u00adpos\u00adto\u00adlat paci\u00adfique, l\u2019\u00e9\u00addu\u00adca\u00adtion est la part natu\u00adrelle de&nbsp;la<br>\nfemme. Nous convions toutes les m\u00e8res \u00e0 s\u2019as\u00adso\u00adcier&nbsp;\u00e0<br>\ncette grande t\u00e2che, \u00e0 ce grand effort vers le bien.&nbsp;Ne<br>\nnous lais\u00adsons pas d\u00e9cou\u00adra\u00adger par les iro\u00adnies des uns et&nbsp;les<br>\nattaques des autres. Nous tra\u00advaillons pour la Jus\u00adtice, et&nbsp;les<br>\nsemences de v\u00e9ri\u00adt\u00e9 que nous jetons dans les jeunes<br>\n\u00e2mes, d\u2019autres g\u00e9n\u00e9\u00adra\u00adtions les r\u00e9colteront<br>\nen har\u00admo\u00adnie et en bonheur.<\/font><\/font><\/p>\n<p style=\"text-indent: 1.41cm; margin-bottom: 0cm;\" align=\"justify\"><font face=\"Garamond, serif\"><font style=\"font-size: 13pt;\" size=\"3\">Made\u00adleine<br>\nCarlier<\/font><\/font><\/p>\n","protected":false},"excerpt":{"rendered":"<p>&nbsp; Il faut que toutes les femmes le jettent, ce cri, au nom de la Jus\u00adtice, au nom de la Bon\u00adt\u00e9, au nom du Christ. La plu\u00adpart le pro\u00adf\u00e8rent dans leur c\u0153ur, mais il faut le cla\u00admer bien haut, vaillam\u00adment,&nbsp;sans sou\u00adci des sou\u00adrires d\u00e9dai\u00adgneux de nos adver\u00adsaires. Depuis quelques ann\u00e9es les femmes ont beau\u00adcoup travaill\u00e9&nbsp;[\u2026]<\/p>\n","protected":false},"author":1,"featured_media":0,"comment_status":"closed","ping_status":"closed","sticky":false,"template":"","format":"standard","meta":{"wp_typography_post_enhancements_disabled":false,"footnotes":""},"categories":[156],"tags":[],"ppma_author":[540],"class_list":["post-1415","post","type-post","status-publish","format-standard","hentry","category-lere-nouvelle-n4-aout-1901"],"authors":[{"term_id":540,"user_id":1,"is_guest":0,"slug":"admin_3gikpwyf","display_name":"Vincent Dubuc","avatar_url":"https:\/\/secure.gravatar.com\/avatar\/d015720652c25fd2ced191ade86430094e1f288a17483713e3b34d26dea52507?s=96&d=mm&r=g","author_category":"","user_url":"https:\/\/la-presse-anarchiste.net","last_name":"Dubuc","first_name":"Vincent","job_title":"","description":""}],"_links":{"self":[{"href":"https:\/\/la-presse-anarchiste.net\/index.php\/wp-json\/wp\/v2\/posts\/1415","targetHints":{"allow":["GET"]}}],"collection":[{"href":"https:\/\/la-presse-anarchiste.net\/index.php\/wp-json\/wp\/v2\/posts"}],"about":[{"href":"https:\/\/la-presse-anarchiste.net\/index.php\/wp-json\/wp\/v2\/types\/post"}],"author":[{"embeddable":true,"href":"https:\/\/la-presse-anarchiste.net\/index.php\/wp-json\/wp\/v2\/users\/1"}],"replies":[{"embeddable":true,"href":"https:\/\/la-presse-anarchiste.net\/index.php\/wp-json\/wp\/v2\/comments?post=1415"}],"version-history":[{"count":0,"href":"https:\/\/la-presse-anarchiste.net\/index.php\/wp-json\/wp\/v2\/posts\/1415\/revisions"}],"wp:attachment":[{"href":"https:\/\/la-presse-anarchiste.net\/index.php\/wp-json\/wp\/v2\/media?parent=1415"}],"wp:term":[{"taxonomy":"category","embeddable":true,"href":"https:\/\/la-presse-anarchiste.net\/index.php\/wp-json\/wp\/v2\/categories?post=1415"},{"taxonomy":"post_tag","embeddable":true,"href":"https:\/\/la-presse-anarchiste.net\/index.php\/wp-json\/wp\/v2\/tags?post=1415"},{"taxonomy":"author","embeddable":true,"href":"https:\/\/la-presse-anarchiste.net\/index.php\/wp-json\/wp\/v2\/ppma_author?post=1415"}],"curies":[{"name":"wp","href":"https:\/\/api.w.org\/{rel}","templated":true}]}}