{"id":1416,"date":"2008-03-29T10:49:57","date_gmt":"2008-03-29T10:49:57","guid":{"rendered":"https:\/\/la-presse-anarchiste.net\/index.php\/2008\/03\/29\/les-retraites-ouvrieres\/"},"modified":"2008-03-29T10:49:57","modified_gmt":"2008-03-29T10:49:57","slug":"les-retraites-ouvrieres","status":"publish","type":"post","link":"https:\/\/la-presse-anarchiste.net\/index.php\/2008\/03\/29\/les-retraites-ouvrieres\/","title":{"rendered":"Les retraites ouvri\u00e8res"},"content":{"rendered":"<div class=\"pdfprnt-buttons pdfprnt-buttons-post pdfprnt-top-right\"><a href=\"https:\/\/la-presse-anarchiste.net\/index.php\/wp-json\/wp\/v2\/posts\/1416?print=pdf\" class=\"pdfprnt-button pdfprnt-button-pdf\" target=\"_blank\"><img decoding=\"async\" src=\"https:\/\/la-presse-anarchiste.net\/wp-content\/plugins\/pdf-print\/images\/pdf.png\" alt=\"image_pdf\" title=\"Afficher le PDF\"><\/a><a href=\"https:\/\/la-presse-anarchiste.net\/index.php\/wp-json\/wp\/v2\/posts\/1416?print=print\" class=\"pdfprnt-button pdfprnt-button-print\" target=\"_blank\"><img decoding=\"async\" src=\"https:\/\/la-presse-anarchiste.net\/wp-content\/plugins\/pdf-print\/images\/print.png\" alt=\"image_print\" title=\"Contenu imprim\u00e9\"><\/a><\/div><p>&nbsp;<\/p>\n<p style=\"text-indent: 1.41cm; margin-bottom: 0cm;\" align=\"justify\"><font face=\"Garamond, serif\"><font style=\"font-size: 13pt;\" size=\"3\">Voi\u00adl\u00e0<br>\nla dis\u00adcus\u00adsion du pro\u00adjet de loi sur les retraites ouvri\u00e8res<br>\nremise \u00e0 une date ult\u00e9\u00adrieure, c\u2019est-\u00e0-dire \u00e0<br>\nl\u2019au\u00adtomne, apr\u00e8s consul\u00adta\u00adtion des syn\u00addi\u00adcats de tous genres.<\/font><\/font><\/p>\n<p style=\"text-indent: 1.41cm; margin-bottom: 0cm;\" align=\"justify\"><font face=\"Garamond, serif\"><font style=\"font-size: 13pt;\" size=\"3\">N\u2019est-il<br>\npas mons\u00adtrueux que dans notre Soci\u00e9\u00adt\u00e9 actuelle un<br>\nhomme, une femme ayant tra\u00advaill\u00e9 toute sa vie se trouve, apr\u00e8s<br>\ntrente, qua\u00adrante, cin\u00adquante ans et m\u00eame plus de labeur,<br>\nd\u00e9pour\u00advu des res\u00adsources qui lui per\u00admet\u00adtraient d\u2019a\u00adche\u00adver&nbsp;son<br>\nexis\u00adtence en&nbsp;paix.<\/font><\/font><\/p>\n<p style=\"text-indent: 1.41cm; margin-bottom: 0cm;\" align=\"justify\"><font face=\"Garamond, serif\"><font style=\"font-size: 13pt;\" size=\"3\">Puisque<br>\ncet homme, cette femme n\u2019ont ces\u00ads\u00e9 de pro\u00adduire leur vie durant<br>\npour la soci\u00e9\u00adt\u00e9, n\u2019est-il. pas de toute jus\u00adtice&nbsp;que<br>\ncelle-ci les prenne \u00e0 sa charge quand ils ne peuvent plus<br>\nproduire&nbsp;?<\/font><\/font><\/p>\n<p style=\"text-indent: 1.41cm; margin-bottom: 0cm;\" align=\"justify\"><font face=\"Garamond, serif\"><font style=\"font-size: 13pt;\" size=\"3\">Les<br>\nfonds&nbsp;?<\/font><\/font><\/p>\n<p style=\"text-indent: 1.41cm; margin-bottom: 0cm;\" align=\"justify\"><font face=\"Garamond, serif\"><font style=\"font-size: 13pt;\" size=\"3\">Et<br>\nle mil\u00adliard qu\u2019en\u00adglou\u00adtit annuel\u00adle\u00adment le bud\u00adget militaro-naval&nbsp;?<\/font><\/font><\/p>\n<p style=\"text-indent: 1.41cm; margin-bottom: 0cm;\" align=\"justify\"><font face=\"Garamond, serif\"><font style=\"font-size: 13pt;\" size=\"3\">Mais<br>\nallez faire com\u00adprendre cela \u00e0 nos par\u00adle\u00admen\u00adtaires, politiciens<br>\npre\u00admier ordre, mais pas \u00e9co\u00adno\u00admistes pour un&nbsp;sou.<\/font><\/font><\/p>\n<p style=\"text-indent: 1.41cm; margin-bottom: 0cm;\" align=\"justify\"><font face=\"Garamond, serif\"><font style=\"font-size: 13pt;\" size=\"3\">L\u00e0<br>\ngit toute\tdifficult\u00e9.<\/font><\/font><\/p>\n<p style=\"text-indent: 1.41cm; margin-bottom: 0cm;\" align=\"justify\"><font face=\"Garamond, serif\"><font style=\"font-size: 13pt;\" size=\"3\">E.A.<\/font><\/font><\/p>\n","protected":false},"excerpt":{"rendered":"<p>&nbsp; Voi\u00adl\u00e0 la dis\u00adcus\u00adsion du pro\u00adjet de loi sur les retraites ouvri\u00e8res remise \u00e0 une date ult\u00e9\u00adrieure, c\u2019est-\u00e0-dire \u00e0 l\u2019au\u00adtomne, apr\u00e8s consul\u00adta\u00adtion des syn\u00addi\u00adcats de tous genres. N\u2019est-il pas mons\u00adtrueux que dans notre Soci\u00e9\u00adt\u00e9 actuelle un homme, une femme ayant tra\u00advaill\u00e9 toute sa vie se trouve, apr\u00e8s trente, qua\u00adrante, cin\u00adquante ans et m\u00eame plus&nbsp;de&nbsp;[\u2026]<\/p>\n","protected":false},"author":1,"featured_media":0,"comment_status":"closed","ping_status":"closed","sticky":false,"template":"","format":"standard","meta":{"wp_typography_post_enhancements_disabled":false,"footnotes":""},"categories":[156],"tags":[],"ppma_author":[540],"class_list":["post-1416","post","type-post","status-publish","format-standard","hentry","category-lere-nouvelle-n4-aout-1901"],"authors":[{"term_id":540,"user_id":1,"is_guest":0,"slug":"admin_3gikpwyf","display_name":"Vincent Dubuc","avatar_url":"https:\/\/secure.gravatar.com\/avatar\/d015720652c25fd2ced191ade86430094e1f288a17483713e3b34d26dea52507?s=96&d=mm&r=g","author_category":"","user_url":"https:\/\/la-presse-anarchiste.net","last_name":"Dubuc","first_name":"Vincent","job_title":"","description":""}],"_links":{"self":[{"href":"https:\/\/la-presse-anarchiste.net\/index.php\/wp-json\/wp\/v2\/posts\/1416","targetHints":{"allow":["GET"]}}],"collection":[{"href":"https:\/\/la-presse-anarchiste.net\/index.php\/wp-json\/wp\/v2\/posts"}],"about":[{"href":"https:\/\/la-presse-anarchiste.net\/index.php\/wp-json\/wp\/v2\/types\/post"}],"author":[{"embeddable":true,"href":"https:\/\/la-presse-anarchiste.net\/index.php\/wp-json\/wp\/v2\/users\/1"}],"replies":[{"embeddable":true,"href":"https:\/\/la-presse-anarchiste.net\/index.php\/wp-json\/wp\/v2\/comments?post=1416"}],"version-history":[{"count":0,"href":"https:\/\/la-presse-anarchiste.net\/index.php\/wp-json\/wp\/v2\/posts\/1416\/revisions"}],"wp:attachment":[{"href":"https:\/\/la-presse-anarchiste.net\/index.php\/wp-json\/wp\/v2\/media?parent=1416"}],"wp:term":[{"taxonomy":"category","embeddable":true,"href":"https:\/\/la-presse-anarchiste.net\/index.php\/wp-json\/wp\/v2\/categories?post=1416"},{"taxonomy":"post_tag","embeddable":true,"href":"https:\/\/la-presse-anarchiste.net\/index.php\/wp-json\/wp\/v2\/tags?post=1416"},{"taxonomy":"author","embeddable":true,"href":"https:\/\/la-presse-anarchiste.net\/index.php\/wp-json\/wp\/v2\/ppma_author?post=1416"}],"curies":[{"name":"wp","href":"https:\/\/api.w.org\/{rel}","templated":true}]}}