{"id":1418,"date":"2008-03-29T16:18:08","date_gmt":"2008-03-29T16:18:08","guid":{"rendered":"https:\/\/la-presse-anarchiste.net\/index.php\/2008\/03\/29\/silone-vu-par-madame-de-beauvoir\/"},"modified":"2008-03-29T16:18:08","modified_gmt":"2008-03-29T16:18:08","slug":"silone-vu-par-madame-de-beauvoir","status":"publish","type":"post","link":"https:\/\/la-presse-anarchiste.net\/index.php\/2008\/03\/29\/silone-vu-par-madame-de-beauvoir\/","title":{"rendered":"Silone vu par Madame de Beauvoir"},"content":{"rendered":"<div class=\"pdfprnt-buttons pdfprnt-buttons-post pdfprnt-top-right\"><a href=\"https:\/\/la-presse-anarchiste.net\/index.php\/wp-json\/wp\/v2\/posts\/1418?print=pdf\" class=\"pdfprnt-button pdfprnt-button-pdf\" target=\"_blank\"><img decoding=\"async\" src=\"https:\/\/la-presse-anarchiste.net\/wp-content\/plugins\/pdf-print\/images\/pdf.png\" alt=\"image_pdf\" title=\"Afficher le PDF\"><\/a><a href=\"https:\/\/la-presse-anarchiste.net\/index.php\/wp-json\/wp\/v2\/posts\/1418?print=print\" class=\"pdfprnt-button pdfprnt-button-print\" target=\"_blank\"><img decoding=\"async\" src=\"https:\/\/la-presse-anarchiste.net\/wp-content\/plugins\/pdf-print\/images\/print.png\" alt=\"image_print\" title=\"Contenu imprim\u00e9\"><\/a><\/div><p>&nbsp;<\/p>\n<p style=\"margin-right: 0.95cm; text-indent: 1.52cm; margin-bottom: 0cm;\" align=\"justify\">\n<font face=\"Garamond, serif\"><font style=\"font-size: 13pt;\" size=\"3\"><span lang=\"fr-FR\">Madame<br>\nde Beau\u00advoir est un cas curieux. Immense force de tra\u00advail, droiture<br>\ndans la recherche abs\u00adtraite, totale absence sur le plan per\u00adson\u00adnel,&nbsp;de<br>\npr\u00e9\u00adju\u00adg\u00e9s, il y a chez cette femme de t\u00eate un&nbsp;beau<br>\nmor\u00adceau d\u2019honn\u00eate homme. On n\u2019est plus \u00e9tonn\u00e9<br>\nque cette hon\u00adn\u00ea\u00adte\u00adt\u00e9 s\u2019accompagne, incons\u00adciem\u00adment&nbsp;sans<br>\ndoute, quand elle regarde les \u00eatres, d\u2019une tendance<br>\n\u00e9tran\u00adge\u00adment d\u00e9for\u00admante, presque d\u2019une mau\u00advaise foi&nbsp;de<br>\nd\u00e9vote. Ain\u00adsi, comme nous l\u2019avions alors rele\u00adv\u00e9&nbsp;avec<br>\nstu\u00adpeur, des \u00e9tranges liber\u00adt\u00e9s que, dans <i>Les<br>\nMan\u00adda\u00adrins, <\/i>elle avait prises dans son inter\u00adpr\u00e9\u00adta\u00adtion de&nbsp;la<br>\nper\u00adsonne de Camus. Or, un m\u00e9ca\u00adnisme tout semblable&nbsp;\u2014<br>\nd\u00e9ci\u00add\u00e9\u00adment, avec elle, nos amis n\u2019ont pas de chance&nbsp;\u2014<br>\nse laisse prendre en fla\u00adgrant d\u00e9lit dans le bref por\u00adtrait&nbsp;de<br>\nSilone qu\u2019elle vient de tra\u00adcer dans son der\u00adnier ouvrage, <i>La<br>\nForce des choses, <\/i>s\u00e9rie de sou\u00adve\u00adnirs actuel\u00adle\u00adment&nbsp;parue<br>\ndans <i>Les Temps modernes. <\/i>Apr\u00e8s avoir, en \u00e9voquant<br>\nun s\u00e9jour \u00e0 Rome, par\u00adl\u00e9 de Car\u00adlo&nbsp;L\u00e9vi,<br>\nelle \u00e9crit (p. 2192 du n\u00b0 de juin&nbsp;1963):<\/span><\/font><\/font><\/p>\n<p style=\"margin-right: 0.95cm; text-indent: 1.52cm; margin-bottom: 0cm;\" align=\"justify\">\n<font face=\"Garamond, serif\"><font style=\"font-size: 13pt;\" size=\"3\"><span lang=\"fr-FR\">\u00ab&nbsp;Moins<br>\nd\u00e9li\u00e9, plus ren\u00adfer\u00adm\u00e9, Silone\u200a\u2014\u200adont j\u2019avais<br>\naim\u00e9 <i>Fon\u00adta\u00adma\u00adra <\/i>jadis et r\u00e9cem\u00adment <i>Le Pain&nbsp;et<br>\nle vin\u200a\u2014\u200a<\/i>\u00e9tait lui aus\u00adsi un conteur&nbsp;; je go\u00fbtais<br>\nses r\u00e9cits sur son enfance dans les Abruzzes, sur les&nbsp;durs<br>\npay\u00adsans de son village.&nbsp;\u00bb<\/span><\/font><\/font><\/p>\n<p style=\"margin-right: 0.95cm; text-indent: 1.52cm; margin-bottom: 0cm;\" align=\"justify\">\n<font face=\"Garamond, serif\"><font style=\"font-size: 13pt;\" size=\"3\"><span lang=\"fr-FR\">\u00ab&nbsp;Il<br>\navait \u00e9t\u00e9, de 1924 \u00e0 1930, un des dirigeants,<br>\npuis le prin\u00adci\u00adpal res\u00adpon\u00adsable du par\u00adti com\u00admu\u00adniste ita\u00adlien alors&nbsp;en<br>\nexil&nbsp;; il en avait \u00e9t\u00e9 exclu en 1931, pour des raisons<br>\nque nous igno\u00adrions. (Ici, en bas de page, la m\u00e9morialiste<br>\najoute cette note pour le moins curieuse&nbsp;: \u00ab&nbsp;En 1950, il y&nbsp;eut<br>\nsur la ques\u00adtion une longue contro\u00adverse publique entre Togliat\u00adti&nbsp;et<br>\nlui. Elle fut publi\u00e9e dans <i>Les Temps modernes. <\/i>Le moins<br>\nqu\u2019on puisse dire c\u2019est que de son propre aveu, Silone entre&nbsp;1927<br>\net 1930 avait jou\u00e9 un \u00e9trange double jeu.) Reve\u00adnu&nbsp;en<br>\nIta\u00adlie apr\u00e8s la guerre il \u00e9tait entr\u00e9 au PSI.&nbsp;Il<br>\npar\u00adla tr\u00e8s peu de poli\u00adtique. Nous f\u00fbmes seulement<br>\nfrap\u00adp\u00e9s par un scep\u00adti\u00adcisme que sur le moment nous attribu\u00e2mes<br>\n\u00e0 sa condi\u00adtion d\u2019Italien, non \u00e0 sa position<br>\nper\u00adson\u00adnelle. Du haut du Jani\u00adcule, contem\u00adplant Rome \u00e0&nbsp;nos<br>\npieds, il dit pen\u00adsi\u00adve\u00adment&nbsp;: \u00ab&nbsp;Com\u00adment vou\u00addriez-vous que&nbsp;nous<br>\npre\u00adnions rien tout \u00e0 fait au s\u00e9rieux&nbsp;! Tant de si\u00e8cles<br>\nsuper\u00adpo\u00ads\u00e9s, qui se sont tous contes\u00adt\u00e9s les uns&nbsp;les<br>\nautres&nbsp;! Tant de fois Rome est morte, tant de fois elle a ressuscit\u00e9&nbsp;!<br>\nC\u2019est impos\u00adsible pour un Ita\u00adlien de croire \u00e0 une v\u00e9rit\u00e9<br>\nabso\u00adlue.&nbsp;\u00bb (A nou\u00adveau, ici, une note en bas de page, dont&nbsp;on<br>\nappr\u00e9\u00adcie\u00adra l\u2019aveuglant aveu\u00adgle\u00adment&nbsp;: \u00ab&nbsp;Ce relativisme<br>\ncher aux hommes de droite lui ser\u00advait sans doute de jus\u00adti\u00adfi\u00adca\u00adtion.&nbsp;Au<br>\nmoment de la scis\u00adsion du PSI, \u00e0 peu de temps de&nbsp;l\u00e0,<br>\nSilone sui\u00advit Sara\u00adgat. Et bien\u00adt\u00f4t il don\u00adna \u00e0 fond&nbsp;dans<br>\nl\u2019anticommunisme.&nbsp;\u00bb) Il nous par\u00adla avec charme des des\u00adsous&nbsp;de<br>\nla poli\u00adtique vati\u00adcane et de l\u2019attitude ambi\u00adgu\u00eb du peuple<br>\nita\u00adlien, reli\u00adgieux, super\u00adsti\u00adtieux, mais que la pr\u00e9sence<br>\ninsis\u00adtante du cler\u00adg\u00e9 rend farou\u00adche\u00adment anticl\u00e9rical.<br>\nJ\u2019avais beau\u00adcoup de sym\u00adpa\u00adthie pour sa femme, une Irlan\u00addaise, dont<br>\nla pieuse enfance avait \u00e9t\u00e9 encore plus \u00e9touffante<br>\nque la mienne.&nbsp;\u00bb<\/span><\/font><\/font><\/p>\n<p style=\"margin-right: 0.95cm; text-indent: 1.52cm; margin-bottom: 0cm;\" align=\"justify\">\n<font face=\"Garamond, serif\"><font style=\"font-size: 13pt;\" size=\"3\"><i><span lang=\"fr-FR\">Dans<br>\nune lettre \u00e0 Silone, je lui deman\u00addai s\u2019il avait connaissance<br>\nde ce por\u00adtrait, si l\u2019on peut dire. De toute \u00e9vi\u00addence, on&nbsp;ne<br>\nlira pas sans int\u00e9\u00adr\u00eat sa r\u00e9ponse \u00e0&nbsp;ma<br>\nquestion&nbsp;:<\/span><\/i><\/font><\/font><\/p>\n<p style=\"margin-right: 0.95cm; text-indent: 1.52cm; margin-bottom: 0cm;\" align=\"justify\">\n<font face=\"Garamond, serif\"><font style=\"font-size: 13pt;\" size=\"3\"><span lang=\"fr-FR\">\u00ab&nbsp;Oui,<br>\nm\u2019\u00e9crit Silone, j\u2019ai lu le pas\u00adsage des m\u00e9moires de<br>\nM<sup>me<\/sup>&nbsp;de Beau\u00advoir o\u00f9 elle parle de moi. Ce qu\u2019elle \u00e9crit,<br>\nnon seule\u00adment \u00e0 mon sujet, mais aus\u00adsi \u00e0 pro\u00adpos&nbsp;de<br>\nVit\u00adto\u00adri\u00adni, Alber\u00adto Mon\u00adda\u00addo\u00adri, Bom\u00adpia\u00adni et autres, est \u00e9videmment<br>\napproxi\u00adma\u00adtif (exemple&nbsp;: l\u2019affirmation que j\u2019aurais rom\u00adpu&nbsp;avec<br>\nNen\u00adni pour \u00ab&nbsp;suivre Sar\u00adra\u00adgat&nbsp;\u00bb alors qu\u2019en r\u00e9alit\u00e9<br>\nje me suis s\u00e9pa\u00adr\u00e9 et de l\u2019un et de l\u2019autre). A&nbsp;vrai<br>\ndire, je n\u2019ai aucun sou\u00adve\u00adnir de la conver\u00adsa\u00adtion sur la colline<br>\nromaine du Jani\u00adcule, dont elle parle dans la page qui me concerne&nbsp;;<br>\nmais ce dont je suis s\u00fbr et cer\u00adtain, c\u2019est que les mots&nbsp;que<br>\nM<sup>me<\/sup>&nbsp;de Beau\u00advoir m\u2019attribue ne r\u00e9sument point du tout&nbsp;ma<br>\npen\u00ads\u00e9e telle que je l\u2019ai expo\u00ads\u00e9e maintes fois&nbsp;ces<br>\nann\u00e9es-l\u00e0. Je me rap\u00adpelle que ma premi\u00e8re<br>\nren\u00adcontre avec M<sup>me<\/sup>&nbsp;de Beau\u00advoir eut lieu au foyer du Centre culturel<br>\nfran\u00ad\u00e7ais de Rome, apr\u00e8s une conf\u00e9\u00adrence de Sartre<br>\nsur l\u2019exp\u00e9rience de la liber\u00adt\u00e9. M<sup>me<\/sup>&nbsp;de Beauvoir<br>\narri\u00adva en retard, ayant \u00e9t\u00e9 rete\u00adnue au Vati\u00adcan par&nbsp;une<br>\naudience, je ne sais pas si pri\u00adv\u00e9e ou col\u00adlec\u00adtive, chez&nbsp;le<br>\npape. En effet, elle fit une appa\u00adri\u00adtion bien sen\u00adsa\u00adtion\u00adnelle, \u00e9tant<br>\ntoute habill\u00e9e de noir et avec un voile noir sur les cheveux,<br>\nselon ce que le c\u00e9r\u00e9\u00admo\u00adnial du Saint-Si\u00e8ge exige,<br>\nce qui ajou\u00adtait \u00e0 son charme natu\u00adrel. C\u2019est vrai\u00adment dommage<br>\nque, dans son r\u00e9cit, elle ne men\u00adtionne pas cette visite au<br>\nsuc\u00adces\u00adseur de saint Pierre. Tou\u00adjours est-il que notre ren\u00adcontre n\u2019eut<br>\npas ce carac\u00adt\u00e8re \u00e9qui\u00advoque que M<sup>me<\/sup>&nbsp;de Beauvoir<br>\naujourd\u2019hui pr\u00e9\u00adtend&nbsp;; au contraire, ce fut le commencement<br>\nd\u2019une cor\u00addiale ami\u00adti\u00e9. Nous nous sommes par la&nbsp;suite<br>\nren\u00adcon\u00adtr\u00e9s sou\u00advent, tant \u00e0 Rome qu\u2019\u00e0&nbsp;Paris,<br>\net, sur sa demande, j\u2019ai m\u00eame consen\u00adti \u00e0 publier dans<br>\n<i>Les Temps modernes <\/i>le pre\u00admier cha\u00adpitre de mon roman <i>Une<br>\npoi\u00adgn\u00e9e de m\u00fbres. <\/i>L\u2019amiti\u00e9 dura jusqu\u2019\u00e0<br>\n1964, moment o\u00f9 Sartre s\u2019engagea dans la triste confr\u00e9rie<br>\ndes \u00ab&nbsp;Par\u00adti\u00adsans de la paix&nbsp;\u00bb. Mais je dois dire, en&nbsp;toute<br>\nsin\u00adc\u00e9\u00adri\u00adt\u00e9, que ni les pol\u00e9\u00admiques poli\u00adtiques ni<br>\nles d\u00e9for\u00adma\u00adtions que la force des choses ont&nbsp;\u00e0<br>\npos\u00adte\u00adrio\u00adri pro\u00adduites dans la m\u00e9moire de M<sup>me<\/sup>&nbsp;de Beau\u00advoir, n\u2019ont<br>\nmodi\u00adfi\u00e9 le sen\u00adti\u00adment d\u2019admiration que j\u2019ai toujours<br>\nres\u00adsen\u00adti pour l\u2019honn\u00eatet\u00e9 de Sartre. En plus de&nbsp;son<br>\nid\u00e9e raide et sch\u00e9\u00adma\u00adtique de l\u2019engagement, ce que&nbsp;je<br>\nlui reproche c\u2019est sur\u00adtout son iden\u00adti\u00adfi\u00adca\u00adtion pr\u00e9a\u00adlable&nbsp;de<br>\ntout pro\u00adgr\u00e8s avec le sort des par\u00adtis com\u00admu\u00adnistes et&nbsp;sa<br>\nconcep\u00adtion g\u00e9o\u00adgra\u00adphique du camp de la&nbsp;paix.&nbsp;\u00bb<\/span><\/font><\/font><\/p>\n","protected":false},"excerpt":{"rendered":"<p>&nbsp; Madame de Beau\u00advoir est un cas curieux. Immense force de tra\u00advail, droi\u00adture dans la recherche abs\u00adtraite, totale absence sur le plan per\u00adson\u00adnel,&nbsp;de pr\u00e9\u00adju\u00adg\u00e9s, il y a chez cette femme de t\u00eate un&nbsp;beau mor\u00adceau d\u2019honn\u00eate homme. On n\u2019est plus \u00e9ton\u00adn\u00e9 que cette hon\u00adn\u00ea\u00adte\u00adt\u00e9 s\u2019accompagne, incons\u00adciem\u00adment&nbsp;sans doute, quand elle regarde les \u00eatres, d\u2019une ten\u00addance \u00e9tran\u00adge\u00adment d\u00e9formante,&nbsp;[\u2026]<\/p>\n","protected":false},"author":1,"featured_media":0,"comment_status":"closed","ping_status":"closed","sticky":false,"template":"","format":"standard","meta":{"wp_typography_post_enhancements_disabled":false,"footnotes":""},"categories":[157],"tags":[],"ppma_author":[540],"class_list":["post-1418","post","type-post","status-publish","format-standard","hentry","category-temoins-n33-ete-1963"],"authors":[{"term_id":540,"user_id":1,"is_guest":0,"slug":"admin_3gikpwyf","display_name":"Vincent Dubuc","avatar_url":"https:\/\/secure.gravatar.com\/avatar\/d015720652c25fd2ced191ade86430094e1f288a17483713e3b34d26dea52507?s=96&d=mm&r=g","author_category":"","user_url":"https:\/\/la-presse-anarchiste.net","last_name":"Dubuc","first_name":"Vincent","job_title":"","description":""}],"_links":{"self":[{"href":"https:\/\/la-presse-anarchiste.net\/index.php\/wp-json\/wp\/v2\/posts\/1418","targetHints":{"allow":["GET"]}}],"collection":[{"href":"https:\/\/la-presse-anarchiste.net\/index.php\/wp-json\/wp\/v2\/posts"}],"about":[{"href":"https:\/\/la-presse-anarchiste.net\/index.php\/wp-json\/wp\/v2\/types\/post"}],"author":[{"embeddable":true,"href":"https:\/\/la-presse-anarchiste.net\/index.php\/wp-json\/wp\/v2\/users\/1"}],"replies":[{"embeddable":true,"href":"https:\/\/la-presse-anarchiste.net\/index.php\/wp-json\/wp\/v2\/comments?post=1418"}],"version-history":[{"count":0,"href":"https:\/\/la-presse-anarchiste.net\/index.php\/wp-json\/wp\/v2\/posts\/1418\/revisions"}],"wp:attachment":[{"href":"https:\/\/la-presse-anarchiste.net\/index.php\/wp-json\/wp\/v2\/media?parent=1418"}],"wp:term":[{"taxonomy":"category","embeddable":true,"href":"https:\/\/la-presse-anarchiste.net\/index.php\/wp-json\/wp\/v2\/categories?post=1418"},{"taxonomy":"post_tag","embeddable":true,"href":"https:\/\/la-presse-anarchiste.net\/index.php\/wp-json\/wp\/v2\/tags?post=1418"},{"taxonomy":"author","embeddable":true,"href":"https:\/\/la-presse-anarchiste.net\/index.php\/wp-json\/wp\/v2\/ppma_author?post=1418"}],"curies":[{"name":"wp","href":"https:\/\/api.w.org\/{rel}","templated":true}]}}