{"id":1419,"date":"2008-03-29T16:21:06","date_gmt":"2008-03-29T16:21:06","guid":{"rendered":"https:\/\/la-presse-anarchiste.net\/index.php\/2008\/03\/29\/louis-lecoin\/"},"modified":"2008-03-29T16:21:06","modified_gmt":"2008-03-29T16:21:06","slug":"louis-lecoin","status":"publish","type":"post","link":"https:\/\/la-presse-anarchiste.net\/index.php\/2008\/03\/29\/louis-lecoin\/","title":{"rendered":"Louis Lecoin"},"content":{"rendered":"<div class=\"pdfprnt-buttons pdfprnt-buttons-post pdfprnt-top-right\"><a href=\"https:\/\/la-presse-anarchiste.net\/index.php\/wp-json\/wp\/v2\/posts\/1419?print=pdf\" class=\"pdfprnt-button pdfprnt-button-pdf\" target=\"_blank\"><img decoding=\"async\" src=\"https:\/\/la-presse-anarchiste.net\/wp-content\/plugins\/pdf-print\/images\/pdf.png\" alt=\"image_pdf\" title=\"Afficher le PDF\"><\/a><a href=\"https:\/\/la-presse-anarchiste.net\/index.php\/wp-json\/wp\/v2\/posts\/1419?print=print\" class=\"pdfprnt-button pdfprnt-button-print\" target=\"_blank\"><img decoding=\"async\" src=\"https:\/\/la-presse-anarchiste.net\/wp-content\/plugins\/pdf-print\/images\/print.png\" alt=\"image_print\" title=\"Contenu imprim\u00e9\"><\/a><\/div><p>&nbsp;<\/p>\n<p style=\"margin-right: 0.95cm; text-indent: 1.52cm; margin-bottom: 0cm;\" align=\"justify\" lang=\"fr-FR\">\n<font face=\"Garamond, serif\"><font style=\"font-size: 13pt;\" size=\"3\">\u00c9c\u0153u\u00adr\u00e9<br>\npar le sabo\u00adtage du pro\u00adjet de sta\u00adtut des objec\u00adteurs de conscience de<br>\nla part d\u2019un Par\u00adle\u00adment moins sou\u00adcieux de sa pr\u00e9tendue<br>\nfid\u00e9\u00adli\u00adt\u00e9, pour\u00adtant si d\u00e9si\u00adreuse de pas\u00adser&nbsp;pour<br>\nincon\u00addi\u00adtion\u00adnelle, au pr\u00e9\u00adsident de la R\u00e9pu\u00adblique que&nbsp;de<br>\ncom\u00adplaire \u00e0 la bas\u00adsesse d\u2019\u00e2me de cer\u00adtain argou\u00adsin&nbsp;qui,<br>\npour avoir \u00e9t\u00e9 pre\u00admier ministre, se prend apparemment<br>\npour un homme d\u2019\u00c9tat, Louis Lecoin, avec ce calme et&nbsp;cette<br>\ntran\u00adquille s\u00fbre\u00adt\u00e9 qui sont comme sa signa\u00adture\u200a\u2014\u200acelle<br>\ndu vrai cou\u00adrage\u200a\u2014\u200aavait, on le sait, pris la d\u00e9ci\u00adsion&nbsp;de<br>\nrecom\u00admen\u00adcer la gr\u00e8ve de la faim \u00e0 par\u00adtir du 23&nbsp;ao\u00fbt.<\/font><\/font><\/p>\n<p style=\"margin-right: 0.95cm; text-indent: 1.52cm; margin-bottom: 0cm;\" align=\"justify\" lang=\"fr-FR\">\n<font face=\"Garamond, serif\"><font style=\"font-size: 13pt;\" size=\"3\">Pour<br>\nl\u2019immense sou\u00adla\u00adge\u00adment de tous ses amis, il a, on le sait \u00e9galement,<br>\npu renon\u00adcer \u00e0 son h\u00e9ro\u00efque pro\u00adjet d\u00e8s&nbsp;que<br>\nla radio et la presse eurent annon\u00adc\u00e9 que le gouvernement<br>\nenten\u00addait deman\u00adder, \u00e0 la ren\u00adtr\u00e9e du Par\u00adle\u00adment, \u00ab&nbsp;le<br>\nvote d\u00e9fi\u00adni\u00adtif du texte vot\u00e9 en premi\u00e8re<br>\nlecture&nbsp;\u00bb.<\/font><\/font><\/p>\n<p style=\"margin-right: 0.95cm; text-indent: 1.52cm; margin-bottom: 0cm;\" align=\"justify\">\n<font face=\"Garamond, serif\"><font style=\"font-size: 13pt;\" size=\"3\"><span lang=\"fr-FR\">De<br>\nce vote d\u00e9fi\u00adni\u00adtif, Lecoin, en d\u00e9pit de toutes les<br>\nr\u00e9serves qu\u2019imposent les amen\u00adde\u00adments par les\u00adquels on s\u2019est<br>\ning\u00e9\u00adni\u00e9 \u00e0 d\u00e9na\u00adtu\u00adrer une loi&nbsp;d\u00e9j\u00e0<br>\nen elle-m\u00eame incom\u00adpl\u00e8te, se pro\u00admet en effet&nbsp;la<br>\nlib\u00e9\u00adra\u00adtion de cent cin\u00adquante jeunes gens encore incarc\u00e9r\u00e9s<br>\npour un \u00ab&nbsp;d\u00e9lit&nbsp;\u00bb qui, d\u00e8s le cepen\u00addant&nbsp;bien<br>\ninsuf\u00adfi\u00adsant scru\u00adtin de la ses\u00adsion pr\u00e9\u00adc\u00e9\u00addente, a&nbsp;d\u00e9j\u00e0<br>\nces\u00ads\u00e9 d\u2019exister. Or, c\u2019est le scan\u00addale, le plus douloureux<br>\nde ces incar\u00adc\u00e9\u00adra\u00adtions main\u00adte\u00adnues qui l\u2019avait d\u00e9cid\u00e9<br>\n\u00e0 annon\u00adcer son nou\u00adveau je\u00fbne. Ain\u00adsi qu\u2019il l\u2019a&nbsp;dit<br>\ndans l\u2019admirable lettre au Pr\u00e9\u00adsident de la R\u00e9publique<br>\nrepro\u00adduite dans le num\u00e9\u00adro du 23 ao\u00fbt de <i>Liber\u00adt\u00e9&nbsp;:<\/i><\/span><\/font><\/font><\/p>\n<p style=\"margin-right: 0.95cm; text-indent: 1.52cm; margin-bottom: 0cm;\" align=\"justify\" lang=\"fr-FR\">\n<font face=\"Garamond, serif\"><font style=\"font-size: 13pt;\" size=\"3\">\u00ab&nbsp;S\u2019ils<br>\ndoivent conti\u00adnuer \u00e0 crou\u00adpir dans les ge\u00f4les, en&nbsp;d\u00e9pit<br>\nde ce que nous avons ten\u00adt\u00e9 mes amis et moi, je consid\u00e8re<br>\nque j\u2019ai suf\u00adfi\u00adsam\u00adment v\u00e9cu, vu trop de lai\u00addeurs&nbsp;; je fermerai<br>\nles yeux d\u00e9\u00e7u, pei\u00adn\u00e9 et je m\u2019en irai dans&nbsp;le<br>\nn\u00e9ant presque sans regret.&nbsp;\u00bb<\/font><\/font><\/p>\n<p style=\"margin-right: 0.95cm; text-indent: 1.52cm; margin-bottom: 0cm;\" align=\"justify\" lang=\"fr-FR\">\n<font face=\"Garamond, serif\"><font style=\"font-size: 13pt;\" size=\"3\">Cher<br>\nLecoin, tout, par bon\u00adheur, semble per\u00admettre d\u2019esp\u00e9rer que<br>\nl\u2019insanit\u00e9 des pro\u00adfi\u00adteurs de la gloire n\u2019osera plus&nbsp;vous<br>\naccu\u00adler \u00e0 cette solu\u00adtion navrante,\u200a\u2014\u200aqu\u2019elle vous sera,&nbsp;et<br>\ndonc \u00e0 nous aus\u00adsi faibles t\u00e9moins, \u00e9pargn\u00e9e.<\/font><\/font><\/p>\n<p style=\"margin-right: 0.95cm; text-indent: 1.52cm; margin-bottom: 0cm;\" align=\"justify\" lang=\"fr-FR\">\n<font face=\"Garamond, serif\"><font style=\"font-size: 13pt;\" size=\"3\">Tous,<br>\nvous le savez bien, nous vous remer\u00adcions d\u2019\u00eatre ce que&nbsp;vous<br>\n\u00eates.<\/font><\/font><\/p>\n<p style=\"margin-right: 0.95cm; text-indent: 1.52cm; margin-bottom: 0cm;\" align=\"justify\" lang=\"fr-FR\">\n<font face=\"Garamond, serif\"><font style=\"font-size: 13pt;\" size=\"3\">Mais<br>\nil est une chose que l\u2019on n\u2019a pas assez dite, peut-\u00eatre<br>\nparce qu\u2019elle est trop \u00e9vi\u00addente, et dont cepen\u00addant il&nbsp;nous<br>\npara\u00eet \u00e9l\u00e9\u00admen\u00adtai\u00adre\u00adment \u00e9qui\u00adtable&nbsp;de<br>\nsou\u00adli\u00adgner ici la beau\u00adt\u00e9, la bon\u00adt\u00e9, la bien\u00adfai\u00adsance. Il<br>\nn\u2019est que de lire, par exemple, votre lettre au pr\u00e9sident,<br>\nou ce que, dans ce m\u00eame num\u00e9\u00adro de votre jour\u00adnal,&nbsp;vous<br>\ndites de si humain, de si peu sec\u00adtaire de votre sou\u00adhait d\u2019aider vos<br>\njeunes amis \u00e0 conna\u00eetre \u00e0 la fois bon\u00adheur&nbsp;et<br>\nliber\u00adt\u00e9, pour savoir que vous repr\u00e9\u00adsen\u00adtez, en ces&nbsp;temps<br>\nsi noirs et si d\u00e9biles, la chose qui manque le plus&nbsp;\u00e0<br>\nnotre soi-disant civi\u00adli\u00adsa\u00adtion de masse&nbsp;: une \u00e9quanimit\u00e9<br>\nsi natu\u00adrel\u00adle\u00adment s\u00fbre d\u2019elle-m\u00eame que sa fermet\u00e9,<br>\nque rien ne peut fl\u00e9\u00adchir, trouve son cou\u00adron\u00adne\u00adment dans&nbsp;la<br>\nsou\u00adve\u00adrai\u00adne\u00adt\u00e9 sereine et m\u00eame dou\u00adce\u00adment sou\u00adriante d\u2019une<br>\nsagesse que les mufles que nous sommes presque tous aujourd\u2019hui<br>\ndevraient bien s\u2019appliquer \u00e0 rap\u00adprendre de&nbsp;vous.<\/font><\/font><\/p>\n<p style=\"margin-right: 0.95cm; text-indent: 1.52cm; margin-bottom: 0cm;\" align=\"justify\" lang=\"fr-FR\">\n<font face=\"Garamond, serif\"><font style=\"font-size: 13pt;\" size=\"3\">En<br>\nv\u00e9ri\u00adt\u00e9, Lecoin, vous n\u2019aurez pas seule\u00adment&nbsp;aid\u00e9<br>\nles meilleurs d\u2019entre les jeunes, mais contri\u00adbu\u00e9 de surcro\u00eet<br>\n\u00e0 nous emp\u00ea\u00adcher, tous tant que nous sommes, de succomber<br>\n\u00e0 la ten\u00adta\u00adtion, si fr\u00e9\u00adquente\u200a\u2014\u200aet compr\u00e9hensible<br>\u200a\u2014\u200apar les temps qui courent, de com\u00adpl\u00e8\u00adte\u00adment d\u00e9sesp\u00e9rer<br>\nde l\u2019esp\u00e8ce.<\/font><\/font><\/p>\n","protected":false},"excerpt":{"rendered":"<p>&nbsp; \u00c9c\u0153u\u00adr\u00e9 par le sabo\u00adtage du pro\u00adjet de sta\u00adtut des objec\u00adteurs de conscience de la part d\u2019un Par\u00adle\u00adment moins sou\u00adcieux de sa pr\u00e9\u00adten\u00addue fid\u00e9\u00adli\u00adt\u00e9, pour\u00adtant si d\u00e9si\u00adreuse de pas\u00adser&nbsp;pour incon\u00addi\u00adtion\u00adnelle, au pr\u00e9\u00adsident de la R\u00e9pu\u00adblique que&nbsp;de com\u00adplaire \u00e0 la bas\u00adsesse d\u2019\u00e2me de cer\u00adtain argou\u00adsin&nbsp;qui, pour avoir \u00e9t\u00e9 pre\u00admier ministre, se prend appa\u00adrem\u00adment pour un&nbsp;homme&nbsp;[\u2026]<\/p>\n","protected":false},"author":1,"featured_media":0,"comment_status":"closed","ping_status":"closed","sticky":false,"template":"","format":"standard","meta":{"wp_typography_post_enhancements_disabled":false,"footnotes":""},"categories":[157],"tags":[],"ppma_author":[540],"class_list":["post-1419","post","type-post","status-publish","format-standard","hentry","category-temoins-n33-ete-1963"],"authors":[{"term_id":540,"user_id":1,"is_guest":0,"slug":"admin_3gikpwyf","display_name":"Vincent Dubuc","avatar_url":"https:\/\/secure.gravatar.com\/avatar\/d015720652c25fd2ced191ade86430094e1f288a17483713e3b34d26dea52507?s=96&d=mm&r=g","author_category":"","user_url":"https:\/\/la-presse-anarchiste.net","last_name":"Dubuc","first_name":"Vincent","job_title":"","description":""}],"_links":{"self":[{"href":"https:\/\/la-presse-anarchiste.net\/index.php\/wp-json\/wp\/v2\/posts\/1419","targetHints":{"allow":["GET"]}}],"collection":[{"href":"https:\/\/la-presse-anarchiste.net\/index.php\/wp-json\/wp\/v2\/posts"}],"about":[{"href":"https:\/\/la-presse-anarchiste.net\/index.php\/wp-json\/wp\/v2\/types\/post"}],"author":[{"embeddable":true,"href":"https:\/\/la-presse-anarchiste.net\/index.php\/wp-json\/wp\/v2\/users\/1"}],"replies":[{"embeddable":true,"href":"https:\/\/la-presse-anarchiste.net\/index.php\/wp-json\/wp\/v2\/comments?post=1419"}],"version-history":[{"count":0,"href":"https:\/\/la-presse-anarchiste.net\/index.php\/wp-json\/wp\/v2\/posts\/1419\/revisions"}],"wp:attachment":[{"href":"https:\/\/la-presse-anarchiste.net\/index.php\/wp-json\/wp\/v2\/media?parent=1419"}],"wp:term":[{"taxonomy":"category","embeddable":true,"href":"https:\/\/la-presse-anarchiste.net\/index.php\/wp-json\/wp\/v2\/categories?post=1419"},{"taxonomy":"post_tag","embeddable":true,"href":"https:\/\/la-presse-anarchiste.net\/index.php\/wp-json\/wp\/v2\/tags?post=1419"},{"taxonomy":"author","embeddable":true,"href":"https:\/\/la-presse-anarchiste.net\/index.php\/wp-json\/wp\/v2\/ppma_author?post=1419"}],"curies":[{"name":"wp","href":"https:\/\/api.w.org\/{rel}","templated":true}]}}