{"id":1420,"date":"2008-03-29T16:31:07","date_gmt":"2008-03-29T16:31:07","guid":{"rendered":"https:\/\/la-presse-anarchiste.net\/index.php\/2008\/03\/29\/sur-lalgerie\/"},"modified":"2008-03-29T16:31:07","modified_gmt":"2008-03-29T16:31:07","slug":"sur-lalgerie","status":"publish","type":"post","link":"https:\/\/la-presse-anarchiste.net\/index.php\/2008\/03\/29\/sur-lalgerie\/","title":{"rendered":"Sur l\u2019Alg\u00e9rie"},"content":{"rendered":"<div class=\"pdfprnt-buttons pdfprnt-buttons-post pdfprnt-top-right\"><a href=\"https:\/\/la-presse-anarchiste.net\/index.php\/wp-json\/wp\/v2\/posts\/1420?print=pdf\" class=\"pdfprnt-button pdfprnt-button-pdf\" target=\"_blank\"><img decoding=\"async\" src=\"https:\/\/la-presse-anarchiste.net\/wp-content\/plugins\/pdf-print\/images\/pdf.png\" alt=\"image_pdf\" title=\"Afficher le PDF\"><\/a><a href=\"https:\/\/la-presse-anarchiste.net\/index.php\/wp-json\/wp\/v2\/posts\/1420?print=print\" class=\"pdfprnt-button pdfprnt-button-print\" target=\"_blank\"><img decoding=\"async\" src=\"https:\/\/la-presse-anarchiste.net\/wp-content\/plugins\/pdf-print\/images\/print.png\" alt=\"image_print\" title=\"Contenu imprim\u00e9\"><\/a><\/div><p>&nbsp;<\/p>\n<p style=\"margin-right: 0.95cm; text-indent: 1.52cm; margin-bottom: 0cm;\" align=\"justify\">\n<font face=\"Garamond, serif\"><font style=\"font-size: 13pt;\" size=\"3\"><i><span lang=\"fr-FR\">Afin<br>\nde per\u00admettre au lec\u00adteur de mieux suivre la belle r\u00e9ponse de<br>\nJean Daniel que l\u2019on trou\u00adve\u00adra plus loin, je crois indis\u00adpen\u00adsable&nbsp;de<br>\nrepro\u00adduire aupa\u00adra\u00advant quelques extraits de la lettre que je&nbsp;lui<br>\nadres\u00adsai tout d\u2019abord&nbsp;:<\/span><\/i><\/font><\/font><\/p>\n<p style=\"margin-right: 0.95cm; text-indent: 1.52cm; margin-bottom: 0cm;\" align=\"justify\" lang=\"fr-FR\">\n<font face=\"Garamond, serif\"><font style=\"font-size: 13pt;\" size=\"3\">le<br>\n9 juin&nbsp;1963<\/font><\/font><\/p>\n<p style=\"margin-right: 0.95cm; text-indent: 1.52cm; margin-bottom: 0cm;\" align=\"justify\">\n<font face=\"Garamond, serif\"><font style=\"font-size: 13pt;\" size=\"3\"><span lang=\"fr-FR\">Cher<br>\nJean Daniel,<\/span><\/font><\/font><\/p>\n<p style=\"margin-right: 0.95cm; text-indent: 1.52cm; margin-bottom: 0cm;\" align=\"justify\">\n<font face=\"Garamond, serif\"><font style=\"font-size: 13pt;\" size=\"3\"><span lang=\"fr-FR\">J\u2019ai<br>\nlu avec \u00e9mo\u00adtion votre bel article du <i>Figa\u00adro litt\u00e9raire<br>\n<\/i>inti\u00adtu\u00adl\u00e9 \u00ab&nbsp;Camus ou le mal enten\u00addu&nbsp;\u00bb [[&nbsp;<i>Le<br>\nFiga\u00adro lit\u00adt\u00e9\u00adraire, <\/i>29 juin 63.]] qui replace si<br>\nbien dans sa vraie lumi\u00e8re la pen\u00ads\u00e9e du grand solitaire<br>\net soli\u00addaire que fut l\u2019ami qui nous man\u00adque\u00adra toujours.<\/span><\/font><\/font><\/p>\n<p style=\"margin-right: 0.95cm; text-indent: 1.52cm; margin-bottom: 0cm;\" align=\"justify\" lang=\"fr-FR\">\n<font face=\"Garamond, serif\"><font style=\"font-size: 13pt;\" size=\"3\">Mais<br>\nen m\u00eame temps, je n\u2019ai pu me d\u00e9fendre\u2026 d\u2019une<br>\ncer\u00adtaine tris\u00adtesse. Car la masse des lec\u00adteurs non aver\u00adtis risque de<br>\ns\u2019imaginer qu\u2019il faut ou reve\u00adnir de Mos\u00adcou, ou bien vivre&nbsp;en<br>\nGr\u00e8ce ou en Isra\u00ebl pour ne pas r\u00e9duire Camus&nbsp;\u00e0<br>\nla cari\u00adca\u00adture qu\u2019en osa l\u2019an der\u00adnier le d\u00e9plo\u00adrable Robert<br>\nKan\u00adters [[V.<i> T\u00e9moins, <\/i>n\u00b0 30.]] \u2026 (En v\u00e9rit\u00e9)<br>\nil n\u2019est pas indis\u00adpen\u00adsable de rele\u00adver g\u00e9o\u00adgra\u00adphi\u00adque\u00adment&nbsp;du<br>\ntiers monde pour se sen\u00adtir en affi\u00adni\u00adt\u00e9 et avec le tiers&nbsp;monde<br>\net avec ceux que, pour leur hon\u00adn\u00ea\u00adte\u00adt\u00e9 \u00e0 \u00ab&nbsp;entendre<br>\nbien&nbsp;\u00bb Camus, vous appe\u00adlez les meilleurs.<\/font><\/font><\/p>\n<p style=\"margin-right: 0.95cm; text-indent: 1.52cm; margin-bottom: 0cm;\" align=\"justify\" lang=\"fr-FR\">\n<font face=\"Garamond, serif\"><font style=\"font-size: 13pt;\" size=\"3\">Mais<br>\nil est une autre remarque, plus impor\u00adtante, qu\u2019il me faut&nbsp;me<br>\nper\u00admettre de vous sou\u00admettre aussi.<\/font><\/font><\/p>\n<p style=\"margin-right: 0.95cm; text-indent: 1.52cm; margin-bottom: 0cm;\" align=\"justify\" lang=\"fr-FR\">\n<font face=\"Garamond, serif\"><font style=\"font-size: 13pt;\" size=\"3\">Bien<br>\nenten\u00addu, il ne fait aucun doute que Camus serait, aujourd\u2019hui comme<br>\nhier, d\u2019accord avec vous et avec nous tous pour se sen\u00adtir solidaire<br>\nen pro\u00adfon\u00addeur de ce que l\u2019on appelle le r\u00e9visionnisme.<\/font><\/font><\/p>\n<p style=\"margin-right: 0.95cm; text-indent: 1.52cm; margin-bottom: 0cm;\" align=\"justify\">\n<font face=\"Garamond, serif\"><font style=\"font-size: 13pt;\" size=\"3\"><span lang=\"fr-FR\">Mais<br>\nsur le pro\u00adbl\u00e8me plus par\u00adti\u00adcu\u00adlier des anciennes colo\u00adnies&nbsp;et,<br>\nplus sp\u00e9\u00adcia\u00adle\u00adment, de votre com\u00admune Alg\u00e9\u00adrie natale, il<br>\nme semble \u00e0 peu pr\u00e8s in\u00e9vi\u00adtable de se demander&nbsp;:<br>\nquelle serait, <i>aujourd\u2019hui, <\/i>sa posi\u00adtion&nbsp;? Vous avez l\u2019extr\u00eame<br>\nhon\u00adn\u00ea\u00adte\u00adt\u00e9 de rele\u00adver que lui et B\u00e9ni\u00adchon,&nbsp;\u00e0<br>\npar\u00adtir de la guerre d\u2019Alg\u00e9rie, ont inter\u00adrom\u00adpu leur amiti\u00e9<br>\n\u00e0 votre \u00e9gard du fait de vos posi\u00adtions politiques.<br>\nPr\u00e9\u00adci\u00adsion que vous avez tenu \u00e0 don\u00adner par fid\u00e9lit\u00e9<br>\n\u00e0 leur m\u00e9moire, et c\u2019est tout \u00e0&nbsp;fait<br>\nl\u00e9gi\u00adti\u00adme\u00adment dit. Mais cette fid\u00e9\u00adli\u00adt\u00e9&nbsp;\u00e0<br>\nla m\u00e9moire de Camus\u2026 ne devrait-elle pas vous ame\u00adner&nbsp;\u00e0<br>\nexpli\u00adci\u00adter aus\u00adsi com\u00adment l\u2019honneur, qui est v\u00f4tre, de<br>\ncher\u00adcher \u00e0 le com\u00adprendre dans sa v\u00e9rit\u00e9<br>\nauthen\u00adtique, vous para\u00eet ne pas \u00eatre com\u00adpro\u00admis&nbsp;par<br>\nl\u2019approbation que vous appor\u00adtez\u200a\u2014\u200adu moins je le sup\u00adpose\u200a\u2014\u200a\u00e0<br>\nl\u2019usage que l\u2019Alg\u00e9rie fait <i>actuel\u00adle\u00adment <\/i>de cette<br>\nind\u00e9\u00adpen\u00addance qu\u2019on l\u2019a per\u00adsua\u00add\u00e9e de vou\u00adloir&nbsp;\u00e0<br>\ntout&nbsp;prix.<\/span><\/font><\/font><\/p>\n<p style=\"margin-right: 0.95cm; text-indent: 1.52cm; margin-bottom: 0cm;\" align=\"justify\" lang=\"fr-FR\">\n<font face=\"Garamond, serif\"><font style=\"font-size: 13pt;\" size=\"3\">Ce<br>\nque j\u2019en dis ne vient pas, ai-je besoin de le pr\u00e9ciser&nbsp;?<br>\nd\u2019une nos\u00adtal\u00adgie du scan\u00addale colo\u00adnia\u00adliste et, en outre, je devine<br>\ntrop les dif\u00adfi\u00adcul\u00adt\u00e9s de la situa\u00adtion pour pr\u00e9\u00adtendre la<br>\njuger en bloc avec l\u2019arrogance de ceux qui n\u2019ont point scru\u00adpule&nbsp;\u00e0<br>\nse don\u00adner la faci\u00adli\u00adt\u00e9 de dis\u00adtri\u00adbuer bons points et mauvaises<br>\nnotes.<\/font><\/font><\/p>\n<p style=\"margin-right: 0.95cm; text-indent: 1.52cm; margin-bottom: 0cm;\" align=\"justify\">\n<font face=\"Garamond, serif\"><font style=\"font-size: 13pt;\" size=\"3\"><span lang=\"fr-FR\">Mais<br>\nayant jus\u00adte\u00adment re\u00e7u ces der\u00adniers jours deux textes que&nbsp;vous<br>\nconnais\u00adsez s\u00fbre\u00adment&nbsp;: 1. le num\u00e9\u00adro sp\u00e9\u00adcial&nbsp;de<br>\n<i>T\u00e9moi\u00adgnages et Docu\u00adments <\/i>sur l\u2019amiti\u00e9 pour<br>\nl\u2019Alg\u00e9rie&nbsp;; 2. l\u2019interview de Daniel Gu\u00e9\u00adrin&nbsp;\u00e0<br>\nla suite de sa par\u00adti\u00adci\u00adpa\u00adtion \u00e0 la Conf\u00e9\u00adrence europ\u00e9enne<br>\nd\u2019aide non gou\u00adver\u00adne\u00admen\u00adtale \u00e0 l\u2019Alg\u00e9rie, j\u2019ai&nbsp;cru<br>\ndevoir faire part \u00e0 la r\u00e9dac\u00adtion de Cli\u00adchy et&nbsp;\u00e0<br>\nDaniel Gu\u00e9\u00adrin de l\u2019attitude qui me para\u00eet en ce moment<br>\nla plus oppor\u00adtune, parce que la plus propre \u00e0 pr\u00e9venir<br>\nles trop natu\u00adrelles mala\u00addies infan\u00adtiles de l\u2019ind\u00e9pendance.<br>\nNous aurions tort, os\u00e9-je pen\u00adser, de para\u00eetre approuver,<br>\nf\u00fbt-ce taci\u00adte\u00adment, les d\u00e9cla\u00adra\u00adtions d\u2019amiti\u00e9<br>\npour l\u2019odieux Nas\u00adser&nbsp;; la mise en vedette (par Ben Bel\u00adla lui-m\u00eame)<br>\nde la ques\u00adtion d\u2019Isra\u00ebl d\u00e9cla\u00adr\u00e9e le probl\u00e8me<br>\ncru\u00adcial&nbsp;; l\u2019adoption de fait [[Et main\u00adte\u00adnant&nbsp;de<br>\ndroit,\u200a\u2014\u200aadop\u00adtion jointe aujourd\u2019hui \u00e0 celle d\u2019une<br>\nconsti\u00adtu\u00adtion non \u00e9la\u00adbo\u00adr\u00e9e par la Consti\u00adtuante et d\u2019une<br>\ndic\u00adta\u00adture per\u00adson\u00adnelle pudi\u00adque\u00adment bap\u00adti\u00ads\u00e9e r\u00e9gime<br>\npr\u00e9\u00adsi\u00adden\u00adtiel.]] du r\u00e9gime du par\u00adti unique, dont<br>\nl\u2019arrestation de Bou\u00addiaf par exemple, n\u2019est que la logique<br>\ncons\u00e9\u00adquence.\u200a\u2014\u200aTous \u00e9l\u00e9\u00adments qui devraient, \u00e0<br>\nmon avis, nous ame\u00adner \u00e0 mettre, au moins pro\u00advi\u00adsoi\u00adre\u00adment,&nbsp;une<br>\nsour\u00addine \u00e0 notre ami\u00adti\u00e9, non pas bien s\u00fbr pour&nbsp;le<br>\npeuple alg\u00e9\u00adrien, mais pour l\u2019Alg\u00e9rie officielle.<\/span><\/font><\/font><\/p>\n<p style=\"margin-right: 0.95cm; text-indent: 1.52cm; margin-bottom: 0cm;\" align=\"justify\" lang=\"fr-FR\">\n<font face=\"Garamond, serif\"><font style=\"font-size: 13pt;\" size=\"3\">En<br>\nsou\u00adle\u00advant ces ques\u00adtions, je ne m\u2019\u00e9carte pas de Camus, car<br>\nquelle que soit la r\u00e9ponse qu\u2019on y apporte, elle d\u00e9pend<br>\nessen\u00adtiel\u00adle\u00adment de la fa\u00e7on dont cha\u00adcun de nous croit devoir<br>\nob\u00e9ir aux imp\u00e9\u00adra\u00adtifs qui furent tou\u00adjours au centre de<br>\nsa pen\u00ads\u00e9e et ne ces\u00ads\u00e8rent jamais de lui dic\u00adter&nbsp;ses<br>\nchoix.<\/font><\/font><\/p>\n<p style=\"margin-right: 0.95cm; text-indent: 1.52cm; margin-bottom: 0cm;\" align=\"justify\" lang=\"fr-FR\">\n<font face=\"Garamond, serif\"><font style=\"font-size: 13pt;\" size=\"3\">En<br>\ntoute fra\u00adter\u00adnelle sympathie.<\/font><\/font><\/p>\n<p style=\"margin-right: 0.95cm; text-indent: 1.52cm; margin-bottom: 0cm;\" align=\"justify\" lang=\"fr-FR\">\n<font face=\"Garamond, serif\"><font style=\"font-size: 13pt;\" size=\"3\"><b>Jean<br>\nPaul Samson<\/b><\/font><\/font><\/p>\n<p style=\"margin-right: 0.95cm; margin-bottom: 0cm;\" align=\"justify\" lang=\"fr-FR\">\n<font face=\"Garamond, serif\"><font style=\"font-size: 13pt;\" size=\"3\"><\/font><\/font><\/p>\n<p><strong><em>*<br>\n *  *  *<\/em><\/strong><\/p>\n<p><\/p>\n<p style=\"margin-right: 0.95cm; text-indent: 1.52cm; margin-bottom: 0cm;\" align=\"justify\" lang=\"fr-FR\">\n<font face=\"Garamond, serif\"><font style=\"font-size: 13pt;\" size=\"3\">Paris<br>\nle 3 juillet 1963<\/font><\/font><\/p>\n<p style=\"margin-right: 0.95cm; text-indent: 1.52cm; margin-bottom: 0cm;\" align=\"justify\" lang=\"fr-FR\">\n<font face=\"Garamond, serif\"><font style=\"font-size: 13pt;\" size=\"3\">Cher<br>\nJean Paul Samson,<\/font><\/font><\/p>\n<p style=\"margin-right: 0.95cm; text-indent: 1.52cm; margin-bottom: 0cm;\" align=\"justify\" lang=\"fr-FR\">\n<\/p><p style=\"margin-right: 0.95cm; text-indent: 1.52cm; margin-bottom: 0cm;\" align=\"justify\">\n<font face=\"Garamond, serif\"><font style=\"font-size: 13pt;\" size=\"3\"><span lang=\"fr-FR\">Je<br>\nvous remer\u00adcie, et tr\u00e8s vive\u00adment, d\u2019avoir r\u00e9agi&nbsp;avec<br>\ncette rapi\u00addi\u00adt\u00e9 \u00e0 mon article sur Camus. Votre lettre<br>\nsou\u00adl\u00e8ve des points d\u2019importance et je veux essayer de<br>\nr\u00e9pondre \u00e0 cha\u00adcun d\u2019eux.<\/span><\/font><\/font><\/p>\n<p style=\"margin-right: 0.95cm; text-indent: 1.52cm; margin-bottom: 0cm;\" align=\"justify\">\n<font face=\"Garamond, serif\"><font style=\"font-size: 13pt;\" size=\"3\"><span lang=\"fr-FR\">1.<br>\nTout d\u2019abord il n\u2019a \u00e9vi\u00addem\u00adment pas \u00e9t\u00e9&nbsp;dans<br>\nmon des\u00adsein de faire le pro\u00adc\u00e8s des amis euro\u00adp\u00e9ens&nbsp;de<br>\nCamus. Je ne suis pas deve\u00adnu assez sot ou assez vain pour croire que<br>\nles \u00ab&nbsp;bons&nbsp;\u00bb sont tout d\u2019un coup dans le tiers monde&nbsp;et<br>\nles \u00ab&nbsp;m\u00e9chants&nbsp;\u00bb en Europe. Je sais aus\u00adsi quelle est<br>\nla fid\u00e9\u00adli\u00adt\u00e9, et la qua\u00adli\u00adt\u00e9 de cette fid\u00e9lit\u00e9,<br>\nd\u2019hommes comme Jean Gre\u00adnier, Ren\u00e9 Char, et&nbsp;comme<br>\nd\u2019innombrables amis de Camus aux pre\u00admiers rangs des\u00adquels je&nbsp;vous<br>\ncompte. C\u2019est pour\u00adquoi il ne m\u2019est m\u00eame pas venu&nbsp;\u00e0<br>\nl\u2019id\u00e9e de faire un inven\u00adtaire pour lequel d\u2019ailleurs rien<br>\nne me qua\u00adli\u00adfie. C\u2019est pour\u00adquoi je n\u2019ai pas cru devoir citer&nbsp;ni<br>\nvotre nom ni cette revue, la v\u00f4tre, <i>T\u00e9moins,<\/i> dont<br>\nje sais en quelle estime Camus la tenait et avec quelle ardeur il<br>\nconseillait \u00e0 ses amis d\u2019y collaborer.<\/span><\/font><\/font><\/p>\n<p style=\"margin-right: 0.95cm; text-indent: 1.52cm; margin-bottom: 0cm;\" align=\"justify\">\n<font face=\"Garamond, serif\"><font style=\"font-size: 13pt;\" size=\"3\"><span lang=\"fr-FR\">2.<br>\nLe second point est plus d\u00e9li\u00adcat mais je ne l\u2019esquiverai<br>\npas. En fait, je me suis d\u00e9j\u00e0 expliqu\u00e9,<br>\nper\u00adson\u00adnel\u00adle\u00adment sur la ques\u00adtion que vous sou\u00adle\u00advez dans un num\u00e9ro<br>\nsp\u00e9\u00adcial de <i>La Nef, <\/i>publi\u00e9 il y a trois mois&nbsp;et<br>\nconsa\u00adcr\u00e9 \u00e0 l\u2019Alg\u00e9rie. Le titre de mon article<br>\nvous \u00e9di\u00adfie\u00adra, c\u2019\u00e9tait&nbsp;: \u00ab&nbsp;\u00c9chec alg\u00e9rien<br>\nou d\u00e9s\u00adillu\u00adsion fran\u00e7aise&nbsp;?&nbsp;\u00bb<\/span><\/font><\/font><\/p>\n<p style=\"margin-right: 0.95cm; text-indent: 1.52cm; margin-bottom: 0cm;\" align=\"justify\">\n<font face=\"Garamond, serif\"><font style=\"font-size: 13pt;\" size=\"3\"><span lang=\"fr-FR\">Si<br>\nvous aviez lu cet article dans lequel j\u2019ai essay\u00e9 de rendre<br>\ndes comptes \u00e0 tous ceux qui, expli\u00adci\u00adte\u00adment ou non m\u2019en<br>\ndeman\u00addaient, vous ne pour\u00adriez pas \u00e9crire comme vous le faites<br>\naujourd\u2019hui que j\u2019approuve \u00ab&nbsp;l\u2019usage que l\u2019Alg\u00e9rie<br>\nfait d\u2019une ind\u00e9\u00adpen\u00addance qu\u2019on l\u2019a per\u00adsua\u00add\u00e9e&nbsp;de<br>\nvou\u00adloir \u00e0 tout prix&nbsp;\u00bb. Votre phrase est d\u2019ailleurs<br>\nr\u00e9v\u00e9\u00adla\u00adtrice d\u2019un cer\u00adtain \u00e9tat d\u2019esprit<br>\n[[Elle le serait assu\u00adr\u00e9\u00adment&nbsp;si<br>\nl\u2019interpr\u00e9tation que s\u2019en est don\u00adn\u00e9e Jean Daniel<br>\n\u00e9tait exacte, et qui est, il me semble, elle,&nbsp;assez<br>\nr\u00e9v\u00e9\u00adla\u00adtrice. Je n\u2019avais pas \u00e9crit qu\u2019on<br>\navait vou\u00adlu \u00e0 tout prix per\u00adsua\u00adder les Alg\u00e9\u00adriens&nbsp;etc.,<br>\nmais bien qu\u2019on les avait per\u00adsua\u00add\u00e9s de vou\u00adloir, eux,&nbsp;\u00e0<br>\ntout prix, l\u2019ind\u00e9pendance. Comme si l\u2019interd\u00e9pendance<br>\nn\u2019e\u00fbt pas \u00e9t\u00e9 au moins \u00e9galement<br>\nd\u00e9fen\u00addable\u2026]]. Pen\u00adser qu\u2019on a per\u00adsua\u00add\u00e9 \u00ab&nbsp;\u00e0<br>\ntout prix&nbsp;\u00bb les Alg\u00e9\u00adriens de com\u00adbattre pour obtenir<br>\nl\u2019ind\u00e9pendance c\u2019est, excu\u00adsez ma net\u00adte\u00adt\u00e9, n\u2019avoir<br>\nrien connu ni de la conjonc\u00adtion des causes qui ont abou\u00adti&nbsp;\u00e0<br>\nl\u2019insurrection alg\u00e9\u00adrienne ni de la vio\u00adlence, voire&nbsp;du<br>\nfana\u00adtisme avec lequel les Alg\u00e9\u00adriens ont com\u00adbat\u00adtu. Ah&nbsp;! ils&nbsp;se<br>\nsont bien pas\u00ads\u00e9s de notre aide. Ils ont tou\u00adjours trouv\u00e9<br>\nau contraire que nous \u00e9tions des com\u00adpa\u00adgnons bien ti\u00e8des,<br>\nbien nuan\u00adc\u00e9s et bien r\u00e9ser\u00adv\u00e9s [[Certes, le&nbsp;p\u00e9ch\u00e9<br>\nde ti\u00e9\u00addeur nous est \u00e0 presque tous impu\u00adtable. Mais<br>\nfau\u00addra-t-il y faire entrer le refus pr\u00e9\u00adci\u00ads\u00e9\u00adment,&nbsp;du<br>\nfana\u00adtisme&nbsp;? Car l\u2019on voit bien qu\u2019il \u00e9tait in\u00e9vitable&nbsp;;<br>\nmais l\u2019in\u00e9vitable\u200a\u2014\u200al\u2019histoire\u200a\u2014\u200an\u2019est jamais Camus<br>\nfut de ceux qui en prirent le mieux conscience\u200a\u2014\u200aqu\u2019une vaine<br>\nidole, un faux&nbsp;dieu\u2026]].<\/span><\/font><\/font><\/p>\n<p style=\"margin-right: 0.95cm; text-indent: 1.52cm; margin-bottom: 0cm;\" align=\"justify\" lang=\"fr-FR\">\n<font face=\"Garamond, serif\"><font style=\"font-size: 13pt;\" size=\"3\">Pour<br>\nce qui est de l\u2019Alg\u00e9rie offi\u00adcielle, je veux dire celle de&nbsp;M.<br>\nBen Bel\u00adla, je ne me suis jamais cach\u00e9 de dire ce que j\u2019en<br>\npen\u00adsais. L\u2019opinion de M.&nbsp;Daniel Gu\u00e9\u00adrin me para\u00eet, dans<br>\nson infan\u00adti\u00adli\u00adt\u00e9 \u00e9l\u00e9\u00adgiaque n\u00e9gligeable.<br>\nCela dit, chaque fois que l\u2019occasion m\u2019en est don\u00adn\u00e9e,&nbsp;et<br>\navec la m\u00eame force, je rap\u00adpelle que les colo\u00adni\u00ads\u00e9s&nbsp;se<br>\ntrouvent la plu\u00adpart du temps l\u00e0 o\u00f9 les colonisateurs<br>\nles ont conduits. Apr\u00e8s deux ann\u00e9es d\u2019OAS, je&nbsp;d\u00e9fie<br>\nn\u2019importe quel pays de trou\u00adver imm\u00e9\u00addia\u00adte\u00adment la voie&nbsp;du<br>\nredres\u00adse\u00adment heu\u00adreux et d\u00e9mocratique.<\/font><\/font><\/p>\n<p style=\"margin-right: 0.95cm; text-indent: 1.52cm; margin-bottom: 0cm;\" align=\"justify\">\n<font face=\"Garamond, serif\"><font style=\"font-size: 13pt;\" size=\"3\"><span lang=\"fr-FR\">Je<br>\nne veux pas (je me l\u2019interdis) me sub\u00adsti\u00adtuer \u00e0 Camus&nbsp;pour<br>\nima\u00adgi\u00adner ses r\u00e9ac\u00adtions devant l\u2019Alg\u00e9rie nouvelle.<br>\nMais je puis vous dire que nombre<b> <\/b>de ses amis alg\u00e9riens<br>\nsont morts aus\u00adsi du fait de l\u2019OAS dont on ne mesu\u00adre\u00adra que plus&nbsp;tard<br>\nle mal qu\u2019elle aura&nbsp;fait.<\/span><\/font><\/font><\/p>\n<p style=\"margin-right: 0.95cm; text-indent: 1.52cm; margin-bottom: 0cm;\" align=\"justify\" lang=\"fr-FR\">\n<font face=\"Garamond, serif\"><font style=\"font-size: 13pt;\" size=\"3\">Un<br>\njour je ferai le point, si cela int\u00e9\u00adresse encore les lecteurs,<br>\nsur ce qui m\u2019a s\u00e9pa\u00adr\u00e9 de Camus \u00e0 pro\u00adpos&nbsp;de<br>\nl\u2019Alg\u00e9rie&nbsp;; ce qui m\u2019a s\u00e9pa\u00adr\u00e9 d\u2019un&nbsp;homme<br>\ndont l\u2019amiti\u00e9 fut l\u2019une des fier\u00adt\u00e9s de ma&nbsp;vie.<br>\nJ\u2019essaierai de d\u00e9mon\u00adtrer que c\u2019est dans Camus lui-m\u00eame<br>\nque j\u2019ai trou\u00adv\u00e9, ou cru trou\u00adver, une v\u00e9rit\u00e9<br>\nqui a fini par m\u2019opposer \u00e0&nbsp;lui.<\/font><\/font><\/p>\n<p style=\"margin-right: 0.95cm; text-indent: 1.52cm; margin-bottom: 0cm;\" align=\"justify\" lang=\"fr-FR\">\n<font face=\"Garamond, serif\"><font style=\"font-size: 13pt;\" size=\"3\">Avec<br>\nma plus fid\u00e8le sympathie.<\/font><\/font><\/p>\n<p style=\"margin-right: 0.95cm; text-indent: 1.52cm; margin-bottom: 0cm;\" align=\"justify\" lang=\"fr-FR\">\n<font face=\"Garamond, serif\"><font style=\"font-size: 13pt;\" size=\"3\"><b>Jean<br>\nDaniel<\/b><\/font><\/font><\/p>\n","protected":false},"excerpt":{"rendered":"<p>&nbsp; Afin de per\u00admettre au lec\u00adteur de mieux suivre la belle r\u00e9ponse de Jean Daniel que l\u2019on trou\u00adve\u00adra plus loin, je crois indis\u00adpen\u00adsable&nbsp;de repro\u00adduire aupa\u00adra\u00advant quelques extraits de la lettre que je&nbsp;lui adres\u00adsai tout d\u2019abord&nbsp;: le 9 juin&nbsp;1963 Cher Jean Daniel, J\u2019ai lu avec \u00e9mo\u00adtion votre bel article du Figa\u00adro lit\u00adt\u00e9\u00adraire inti\u00adtu\u00adl\u00e9 \u00ab&nbsp;Camus ou&nbsp;le&nbsp;[\u2026]<\/p>\n","protected":false},"author":1,"featured_media":0,"comment_status":"closed","ping_status":"closed","sticky":false,"template":"","format":"standard","meta":{"wp_typography_post_enhancements_disabled":false,"footnotes":""},"categories":[157],"tags":[],"ppma_author":[540],"class_list":["post-1420","post","type-post","status-publish","format-standard","hentry","category-temoins-n33-ete-1963"],"authors":[{"term_id":540,"user_id":1,"is_guest":0,"slug":"admin_3gikpwyf","display_name":"Vincent Dubuc","avatar_url":"https:\/\/secure.gravatar.com\/avatar\/d015720652c25fd2ced191ade86430094e1f288a17483713e3b34d26dea52507?s=96&d=mm&r=g","author_category":"","user_url":"https:\/\/la-presse-anarchiste.net","last_name":"Dubuc","first_name":"Vincent","job_title":"","description":""}],"_links":{"self":[{"href":"https:\/\/la-presse-anarchiste.net\/index.php\/wp-json\/wp\/v2\/posts\/1420","targetHints":{"allow":["GET"]}}],"collection":[{"href":"https:\/\/la-presse-anarchiste.net\/index.php\/wp-json\/wp\/v2\/posts"}],"about":[{"href":"https:\/\/la-presse-anarchiste.net\/index.php\/wp-json\/wp\/v2\/types\/post"}],"author":[{"embeddable":true,"href":"https:\/\/la-presse-anarchiste.net\/index.php\/wp-json\/wp\/v2\/users\/1"}],"replies":[{"embeddable":true,"href":"https:\/\/la-presse-anarchiste.net\/index.php\/wp-json\/wp\/v2\/comments?post=1420"}],"version-history":[{"count":0,"href":"https:\/\/la-presse-anarchiste.net\/index.php\/wp-json\/wp\/v2\/posts\/1420\/revisions"}],"wp:attachment":[{"href":"https:\/\/la-presse-anarchiste.net\/index.php\/wp-json\/wp\/v2\/media?parent=1420"}],"wp:term":[{"taxonomy":"category","embeddable":true,"href":"https:\/\/la-presse-anarchiste.net\/index.php\/wp-json\/wp\/v2\/categories?post=1420"},{"taxonomy":"post_tag","embeddable":true,"href":"https:\/\/la-presse-anarchiste.net\/index.php\/wp-json\/wp\/v2\/tags?post=1420"},{"taxonomy":"author","embeddable":true,"href":"https:\/\/la-presse-anarchiste.net\/index.php\/wp-json\/wp\/v2\/ppma_author?post=1420"}],"curies":[{"name":"wp","href":"https:\/\/api.w.org\/{rel}","templated":true}]}}