{"id":1426,"date":"2008-03-29T17:47:54","date_gmt":"2008-03-29T17:47:54","guid":{"rendered":"https:\/\/la-presse-anarchiste.net\/index.php\/2008\/03\/29\/vaincus-par-eux-memes\/"},"modified":"2008-03-29T17:47:54","modified_gmt":"2008-03-29T17:47:54","slug":"vaincus-par-eux-memes","status":"publish","type":"post","link":"https:\/\/la-presse-anarchiste.net\/index.php\/2008\/03\/29\/vaincus-par-eux-memes\/","title":{"rendered":"Vaincus par eux-m\u00eames"},"content":{"rendered":"<div class=\"pdfprnt-buttons pdfprnt-buttons-post pdfprnt-top-right\"><a href=\"https:\/\/la-presse-anarchiste.net\/index.php\/wp-json\/wp\/v2\/posts\/1426?print=pdf\" class=\"pdfprnt-button pdfprnt-button-pdf\" target=\"_blank\"><img decoding=\"async\" src=\"https:\/\/la-presse-anarchiste.net\/wp-content\/plugins\/pdf-print\/images\/pdf.png\" alt=\"image_pdf\" title=\"Afficher le PDF\"><\/a><a href=\"https:\/\/la-presse-anarchiste.net\/index.php\/wp-json\/wp\/v2\/posts\/1426?print=print\" class=\"pdfprnt-button pdfprnt-button-print\" target=\"_blank\"><img decoding=\"async\" src=\"https:\/\/la-presse-anarchiste.net\/wp-content\/plugins\/pdf-print\/images\/print.png\" alt=\"image_print\" title=\"Contenu imprim\u00e9\"><\/a><\/div><p>&nbsp;<\/p>\n<p style=\"margin-right: 0.97cm; text-indent: 1.52cm; margin-bottom: 0cm;\" align=\"justify\">\n<font face=\"Garamond, serif\"><font style=\"font-size: 13pt;\" size=\"3\"><i><span lang=\"fr-FR\">C\u2019est<br>\npar mal\u00adheur aujourd\u2019hui deve\u00adnu un lieu com\u00admun que de constater<br>\nl\u2019impuissance de ce que l\u2019usage appelle encore la gauche,<br>\nlib\u00e9\u00adraux, d\u00e9mo\u00adcrates et socia\u00adlistes se mon\u00adtrant&nbsp;jour<br>\napr\u00e8s jour impuis\u00adsants \u00e0 enrayer la d\u00e9g\u00e9n\u00e9rescence<br>\ndes liber\u00adt\u00e9s civiques. Dans son der\u00adnier livre, \u00ab&nbsp;l\u2019Ecole<br>\ndes dic\u00adta\u00adteurs&nbsp;\u00bb, dont la tra\u00adduc\u00adtion fran\u00ad\u00e7aise&nbsp;doit<br>\ninces\u00adsam\u00adment para\u00eetre aux \u00e9di\u00adtions Gal\u00adli\u00admard, Ignazio<br>\nSilone nous pr\u00e9\u00adsente, sous forme de dia\u00adlogues sati\u00adriques, pour<br>\nain\u00adsi dire la somme de sa longue exp\u00e9\u00adrience et de&nbsp;ses<br>\nm\u00e9di\u00adta\u00adtions sur la civi\u00adli\u00adsa\u00adtion de masse et son plus voyant<br>\npro\u00adduit&nbsp;: le ph\u00e9\u00adno\u00adm\u00e8ne tota\u00adli\u00adtaire. Mais que ce mot&nbsp;de<br>\n\u00ab&nbsp;somme&nbsp;\u00bb n\u2019\u00e9voque rien de p\u00e9dan\u00adtesque&nbsp;: les<br>\nentre\u00adtiens \u00e0 l\u2019emporte- pi\u00e8ce ima\u00adgi\u00adn\u00e9s&nbsp;par<br>\nSilone se d\u00e9roulent\u200a\u2014\u200aen Suisse\u200a\u2014\u200aentre deux Am\u00e9ricains,<br>\nMr. Double V\u00e9, aspi\u00adrant dic\u00adta\u00adteur, et son conseiller<br>\nid\u00e9o\u00adlo\u00adgique le pro\u00adfes\u00adseur Pickup, venus tous deux en Europe<br>\ndans l\u2019espoir d\u2019y d\u00e9cou\u00advrir la meilleure m\u00e9thode<br>\nd\u2019arracher leur pays \u00e0 la \u00ab&nbsp;mal\u00e9diction&nbsp;\u00bb<br>\nde la liber\u00adt\u00e9, et un exi\u00adl\u00e9 poli\u00adtique ita\u00adlien dit Thomas<br>\nle Cynique, dont l\u2019ironie, infi\u00adni\u00adment s\u00e9rieuse, ne&nbsp;cesse<br>\ncepen\u00addant d\u2019enseigner par le rire. Bien que Silone ait&nbsp;situ\u00e9<br>\nles ren\u00adcontres de ces trois per\u00adson\u00adnages peu de temps avant la seconde<br>\nguerre mon\u00addiale, leurs conver\u00adsa\u00adtions, dans leur forme pr\u00e9sente<br>\nr\u00e9di\u00adg\u00e9es de fra\u00eeche date en vue de l\u2019\u00e9dition<br>\nita\u00adlienne, sont, tr\u00e8s sp\u00e9\u00adcia\u00adle\u00adment pour nous citoyens<br>\nde la douce France, d\u2019une br\u00fb\u00adlante actua\u00adli\u00adt\u00e9,&nbsp;ainsi<br>\nque l\u2019on ne man\u00adque\u00adra pas de s\u2019en rendre compte en prenant<br>\nconnais\u00adsance du court frag\u00adment que gr\u00e2ce \u00e0 l\u2019obligeance<br>\nde l\u2019\u00e9diteur fran\u00ad\u00e7ais, nous avons la joie de pouvoir<br>\nen don\u00adner&nbsp;ici.<\/span><\/i><\/font><\/font><\/p>\n<p style=\"margin-right: 0.97cm; text-indent: 1.52cm; margin-bottom: 0cm;\" align=\"justify\">\n<font face=\"Garamond, serif\"><font style=\"font-size: 13pt;\" size=\"3\"><b><span lang=\"fr-FR\">Tho\u00admas<br>\nle cynique&nbsp;:<\/span><\/b><\/font><\/font><\/p>\n<p style=\"margin-right: 0.97cm; text-indent: 1.52cm; margin-bottom: 0cm;\" align=\"justify\">\n<font face=\"Garamond, serif\"><font style=\"font-size: 13pt;\" size=\"3\"><span lang=\"fr-FR\">\u2026<br>\nJe dois tr\u00e8s expres\u00ads\u00e9\u00adment d\u00e9non\u00adcer l\u2019id\u00e9e<br>\nfausse selon laquelle, tant en Ita\u00adlie qu\u2019en Alle\u00admagne, le<br>\nsocia\u00adlisme aurait \u00e9t\u00e9 bat\u00adtu par le fas\u00adcisme. Tout&nbsp;au<br>\ncontraire, fas\u00adcisme et nazisme sont n\u00e9s de la d\u00e9faite<br>\ndu socialisme.<\/span><\/font><\/font><\/p>\n<p style=\"margin-right: 0.97cm; text-indent: 1.52cm; margin-bottom: 0cm;\" align=\"justify\">\n<font face=\"Garamond, serif\"><font style=\"font-size: 13pt;\" size=\"3\"><b><span lang=\"fr-FR\">Pro\u00adfes\u00adseur<br>\nPickup&nbsp;:<\/span><\/b><\/font><\/font><\/p>\n<p style=\"margin-right: 0.97cm; text-indent: 1.52cm; margin-bottom: 0cm;\" align=\"justify\">\n<font face=\"Garamond, serif\"><font style=\"font-size: 13pt;\" size=\"3\"><span lang=\"fr-FR\">Et<br>\nqui, dans ces pays, a vain\u00adcu le socialisme&nbsp;?<\/span><\/font><\/font><\/p>\n<p style=\"margin-right: 0.97cm; text-indent: 1.52cm; margin-bottom: 0cm;\" align=\"justify\">\n<font face=\"Garamond, serif\"><font style=\"font-size: 13pt;\" size=\"3\"><b><span lang=\"fr-FR\">Tho\u00admas<br>\nle cynique&nbsp;:<\/span><\/b><\/font><\/font><\/p>\n<p style=\"margin-right: 0.97cm; text-indent: 1.52cm; margin-bottom: 0cm;\" align=\"justify\">\n<font face=\"Garamond, serif\"><font style=\"font-size: 13pt;\" size=\"3\"><span lang=\"fr-FR\">Qui&nbsp;?<br>\nLe socia\u00adlisme lui-m\u00eame\u2026 Les \u00e9v\u00e9\u00adne\u00adments et&nbsp;les<br>\ncom\u00adpli\u00adca\u00adtions ult\u00e9\u00adrieures ne doivent pas nous faire oublier<br>\ncette v\u00e9ri\u00adt\u00e9 ini\u00adtiale que le fas\u00adcisme fut&nbsp;une<br>\ncontre-r\u00e9vo\u00adlu\u00adtion contre une r\u00e9vo\u00adlu\u00adtion qui n\u2019avait<br>\npas eu&nbsp;lieu.<\/span><\/font><\/font><\/p>\n<p style=\"margin-right: 0.97cm; text-indent: 1.52cm; margin-bottom: 0cm;\" align=\"justify\">\n<font face=\"Garamond, serif\"><font style=\"font-size: 13pt;\" size=\"3\"><span lang=\"fr-FR\">\u2026<br>\nLa plus grande fai\u00adblesse, de nos jours, du syst\u00e8me<br>\nd\u00e9mo\u00adcra\u00adtique est \u00e0 mes yeux son caract\u00e8re<br>\nconser\u00adva\u00adteur. Qui\u00adconque s\u2019arr\u00eate, alors que la soci\u00e9t\u00e9<br>\nconti\u00adnue \u00e0 mar\u00adcher, est n\u00e9ces\u00adsai\u00adre\u00adment fou\u00adl\u00e9&nbsp;aux<br>\npieds.<b> <\/b>Il y a une grande dif\u00adf\u00e9\u00adrence entre&nbsp;nos<br>\nd\u00e9mo\u00adcrates actuels et leurs anc\u00eatres, ces gens qui&nbsp;se<br>\nbat\u00adtaient sur les bar\u00adri\u00adcades, dans les guerres civiles et les guerres<br>\nd\u2019ind\u00e9pendance, pour les liber\u00adt\u00e9s popu\u00adlaires et<br>\nl\u2019\u00e9galit\u00e9 civique et poli\u00adtique des citoyens. Cette<br>\ndif\u00adf\u00e9\u00adrence ne d\u00e9coule pas d\u2019un chan\u00adge\u00adment dans&nbsp;le<br>\ncarac\u00adt\u00e8re des indi\u00advi\u00addus. L\u2019\u00e9galit\u00e9 politique<br>\net juri\u00addique des citoyens \u00e9tait alors une nou\u00adveau\u00adt\u00e9&nbsp;et<br>\nun id\u00e9al. Par l\u00e0, elle fas\u00adci\u00adnait, enflam\u00admait tous&nbsp;les<br>\nesprits de quelque dis\u00adtinc\u00adtion, qu\u2019elle s\u00e9dui\u00adsait au&nbsp;point<br>\nde les d\u00e9ci\u00adder \u00e0 embras\u00adser la cause du peuple et&nbsp;\u00e0<br>\ncom\u00adbattre avec lui contre la cour, la noblesse, le cler\u00adg\u00e9&nbsp;ou<br>\nla domi\u00adna\u00adtion \u00e9tran\u00adg\u00e8re. Les d\u00e9mocrates<br>\nd\u2019aujourd\u2019hui n\u2019ont plus un id\u00e9al \u00e0 r\u00e9aliser.<br>\nIls vivent pour ain\u00adsi dire de leurs rentes sur le fonds des conqu\u00eates<br>\nde leurs a\u00efeux. Un mou\u00adve\u00adment en ascen\u00adsion et qui rem\u00adplit&nbsp;une<br>\nfonc\u00adtion r\u00e9vo\u00adlu\u00adtion\u00adnaire gran\u00addit ses pro\u00adta\u00adgo\u00adnistes et&nbsp;leur<br>\ndonne la taille gigan\u00adtesque des pion\u00adniers\u200a\u2014\u200ades Crom\u00adwell,&nbsp;des<br>\nRobes\u00adpierre, des Jef\u00adfer\u00adson, des Maz\u00adzi\u00adni, des L\u00e9nine. Une<br>\nd\u00e9mo\u00adcra\u00adtie sur son d\u00e9clin, qui ne dure qu\u2019\u00e0<br>\nforce de com\u00adpro\u00admis et de recu\u00adlades, ne peut avoir au gou\u00adver\u00adne\u00adment&nbsp;que<br>\ndes Fac\u00adta, des Br\u00fc\u00adning, des Laval, des Cham\u00adber\u00adlain, et plus&nbsp;le<br>\ntemps passe, plus la des\u00adcente sera pro\u00adfonde. Il est naturellement<br>\npos\u00adsible que la d\u00e9mo\u00adcra\u00adtie trouve encore des interpr\u00e8tes<br>\nde grande valeur, mais je crois que cela n\u2019aura gu\u00e8re&nbsp;lieu<br>\nque dans les pays o\u00f9 elle n\u2019a jamais exis\u00adt\u00e9, les&nbsp;pays<br>\nf\u00e9o\u00addaux ou semi-f\u00e9o\u00addaux, colo\u00adniaux, qui n\u2019ont atteint<br>\nque depuis peu le seuil de la r\u00e9vo\u00adlu\u00adtion dite bourgeoise.<br>\nPen\u00adsez \u00e0 des hommes comme Sun Yat Sen et Gand\u00adhi,&nbsp;et<br>\ncom\u00adpa\u00adrez-les \u00e0 nos ministres d\u00e9mo\u00adcrates \u00e0<br>\nl\u2019instant men\u00adtion\u00adn\u00e9s&nbsp;; les uns et les autres appar\u00adtiennent au<br>\nm\u00eame mou\u00adve\u00adment his\u00adto\u00adrique, mais ceux-l\u00e0 en sont&nbsp;\u00e0<br>\nl\u2019aube et ceux-ci au cou\u00adchant. Les chefs de la d\u00e9mocratie<br>\neuro\u00adp\u00e9enne montrent, pour le dire en bref, tous les signes<br>\nd\u2019une classe poli\u00adtique qui a \u00e9pui\u00ads\u00e9 sa mission.<\/span><\/font><\/font><\/p>\n<p style=\"margin-right: 0.97cm; text-indent: 1.52cm; margin-bottom: 0cm;\" align=\"justify\" lang=\"fr-FR\">\n<font face=\"Garamond, serif\"><font style=\"font-size: 13pt;\" size=\"3\"><b>Pro\u00adfes\u00adseur<br>\nPickup&nbsp;:<\/b><\/font><\/font><\/p>\n<p style=\"margin-right: 0.97cm; text-indent: 1.52cm; margin-bottom: 0cm;\" align=\"justify\">\n<font face=\"Garamond, serif\"><font style=\"font-size: 13pt;\" size=\"3\"><span lang=\"fr-FR\">Goeb\u00adbels<br>\na \u00e9crit que le suc\u00adc\u00e8s du natio\u00adnal-socia\u00adlisme a&nbsp;\u00e9t\u00e9<br>\nd\u00fb en grande par\u00adtie \u00e0 la sot\u00adtise de ses adver\u00adsaires. Ils<br>\navaient tout en main, l\u2019arm\u00e9e, la police, la bureaucratie,<br>\nles banques, la majo\u00adri\u00adt\u00e9 par\u00adle\u00admen\u00adtaire, la radio, la grande<br>\npresse, et ils ne sur\u00adent pas s\u2019en servir.<\/span><\/font><\/font><\/p>\n<p style=\"margin-right: 0.97cm; text-indent: 1.52cm; margin-bottom: 0cm;\" align=\"justify\" lang=\"fr-FR\">\n<font face=\"Garamond, serif\"><font style=\"font-size: 13pt;\" size=\"3\"><b>Tho\u00admas<br>\nle cynique&nbsp;:<\/b><\/font><\/font><\/p>\n<p style=\"margin-right: 0.97cm; text-indent: 1.52cm; margin-bottom: 0cm;\" align=\"justify\">\n<font face=\"Garamond, serif\"><font style=\"font-size: 13pt;\" size=\"3\"><span lang=\"fr-FR\">Exa\u00admi\u00adn\u00e9<br>\nde ce point de vue, tout chan\u00adge\u00adment de r\u00e9gime semble le&nbsp;fruit<br>\nde l\u2019imb\u00e9cillit\u00e9 de la vieille classe dirigeante,<br>\nbat\u00adtue par sur\u00adprise. Il ne manque pas d\u2019historiens pour cher\u00adcher&nbsp;\u00e0<br>\nd\u00e9mon\u00adtrer que si Louis XVI avait agi de telle ou telle mani\u00e8re<br>\net si les milieux tsa\u00adristes avaient, en 1917, pris telle ou&nbsp;telle<br>\npr\u00e9\u00adcau\u00adtion, ni la r\u00e9vo\u00adlu\u00adtion fran\u00ad\u00e7aise ni&nbsp;la<br>\nr\u00e9vo\u00adlu\u00adtion russe n\u2019auraient eu lieu. On pour\u00adrait facilement<br>\nen dire autant de toutes les autres r\u00e9vo\u00adlu\u00adtions, qui, aux&nbsp;yeux<br>\ndes obser\u00adva\u00adteurs super\u00adfi\u00adciels, gardent tou\u00adjours quelque chose<br>\nd\u2019incompr\u00e9hensible. Certes, une classe diri\u00adgeante, jusqu\u2019au<br>\njour du chan\u00adge\u00adment de r\u00e9gime, dis\u00adpose de tous les moyens<br>\nmat\u00e9\u00adriels pour se d\u00e9fendre. Mais ce qui lui manque,<br>\nc\u2019est la volon\u00adt\u00e9, la capa\u00adci\u00adt\u00e9 et le cou\u00adrage de s\u2019en<br>\nser\u00advir&nbsp;; or, ce sont l\u00e0 les attri\u00adbuts essen\u00adtiels de&nbsp;la<br>\ndomi\u00adna\u00adtion.<b> <\/b>Avant d\u2019\u00eatre bat\u00adtue et d\u00e9pos\u00e9e<br>\nphy\u00adsi\u00adque\u00adment, elle est d\u00e9j\u00e0 spi\u00adri\u00adtuel\u00adle\u00adment d\u00e9faite.<br>\nUne classe diri\u00adgeante au bout de son rou\u00adleau ne tient debout que&nbsp;par<br>\nforce d\u2019inertie. Myope, abou\u00adlique, ac\u00e9\u00adphale, affect\u00e9e<br>\ndes mala\u00addies s\u00e9niles du for\u00adma\u00adlisme et du l\u00e9galitarisme,<br>\nelle conti\u00adnue \u00e0 rendre un culte aux for\u00admules et \u00e0&nbsp;se<br>\nretran\u00adcher der\u00adri\u00e8re le res\u00adpect rituel des lois et de&nbsp;la<br>\npro\u00adc\u00e9\u00addure&nbsp;; mais pro\u00adc\u00e9\u00addure et lois pro\u00adfitent mieux&nbsp;aux<br>\nadver\u00adsaires de la d\u00e9mo\u00adcra\u00adtie qu\u2019\u00e0 elle-m\u00eame, et<br>\nont d\u00e9sor\u00admais un effet exac\u00adte\u00adment contraire \u00e0&nbsp;celui<br>\npour lequel on les avait con\u00e7ues.<\/span><\/font><\/font><\/p>\n<p style=\"margin-right: 0.97cm; text-indent: 1.52cm; margin-bottom: 0cm;\" align=\"justify\" lang=\"fr-FR\">\n<font face=\"Garamond, serif\"><font style=\"font-size: 13pt;\" size=\"3\"><b>Pro\u00adfes\u00adseur<br>\nPickup&nbsp;:<\/b><\/font><\/font><\/p>\n<p style=\"margin-right: 0.97cm; text-indent: 1.52cm; margin-bottom: 0cm;\" align=\"justify\">\n<font face=\"Garamond, serif\"><font style=\"font-size: 13pt;\" size=\"3\"><span lang=\"fr-FR\">Se<br>\nser\u00advir de la l\u00e9ga\u00adli\u00adt\u00e9 d\u00e9mo\u00adcra\u00adtique pour&nbsp;la<br>\nd\u00e9truire, c\u2019est l\u00e0 effec\u00adti\u00adve\u00adment chose&nbsp;\u00e0<br>\nlaquelle fas\u00adcistes et nazis se sont remar\u00adqua\u00adble\u00adment enten\u00addus.&nbsp;La<br>\nposi\u00adtion des com\u00admu\u00adnistes \u00e0 l\u2019\u00e9gard de la loi,&nbsp;dans<br>\nles pays d\u00e9mo\u00adcra\u00adtiques, n\u2019est d\u2019ailleurs pas diff\u00e9rente.<\/span><\/font><\/font><\/p>\n<p style=\"margin-right: 0.97cm; text-indent: 1.52cm; margin-bottom: 0cm;\" align=\"justify\" lang=\"fr-FR\">\n<font face=\"Garamond, serif\"><font style=\"font-size: 13pt;\" size=\"3\"><b>Tho\u00admas<br>\nle cynique&nbsp;:<\/b><\/font><\/font><\/p>\n<p style=\"margin-right: 0.97cm; text-indent: 1.52cm; margin-bottom: 0cm;\" align=\"justify\">\n<font face=\"Garamond, serif\"><font style=\"font-size: 13pt;\" size=\"3\"><span lang=\"fr-FR\">Les<br>\nd\u00e9mo\u00adcrates ne l\u2019ignorent point, mais sont impuis\u00adsants&nbsp;\u00e0<br>\ny por\u00adter rem\u00e8de. Une classe diri\u00adgeante condam\u00adn\u00e9e vit&nbsp;de<br>\ndemi-mesures, au jour le jour, et ren\u00advoie tou\u00adjours au lendemain<br>\nl\u2019examen des ques\u00adtions br\u00fb\u00adlantes. Se voit-elle accul\u00e9e<br>\n\u00e0 la n\u00e9ces\u00adsi\u00adt\u00e9 de prendre des d\u00e9cisions,<br>\nelle nomme des com\u00admis\u00adsions et des sous-com\u00admis\u00adsions qui ne termineront<br>\nleurs tra\u00advaux que lorsque la situa\u00adtion ne sera plus la&nbsp;m\u00eame.<br>\nOr, arri\u00adver trop tard, c\u2019est ici, comme dit le pro\u00adverbe, fermer<br>\nl\u2019\u00e9table quand les b\u0153ufs ont d\u00e9j\u00e0 pris la&nbsp;cl\u00e9<br>\ndes champs. Et c\u2019est aus\u00adsi se ber\u00adcer de l\u2019illusion d\u2019\u00e9chapper<br>\naux res\u00adpon\u00adsa\u00adbi\u00adli\u00adt\u00e9s, de s\u2019en laver les mains et de pouvoir<br>\nmon\u00adtrer patte blanche aux his\u00adto\u00adriens de l\u2019avenir. Pour&nbsp;les<br>\nd\u00e9mo\u00adcrates des pays en crise, le fin du fin semble consis\u00adter&nbsp;\u00e0<br>\naller au devant des gifles pour \u00e9vi\u00adter d\u2019encaisser les&nbsp;coups<br>\nde pied, \u00e0 prendre son par\u00adti du moindre mal, \u00e0 inventer<br>\nde tou\u00adjours nou\u00adveaux com\u00adpro\u00admis pour att\u00e9\u00adnuer les contrastes et<br>\n\u00e0 s\u2019efforcer de conci\u00adlier l\u2019inconciliable. Les adversaires<br>\nde la d\u00e9mo\u00adcra\u00adtie en font leurs choux gras et deviennent de<br>\nplus en plus arro\u00adgants. Ils conspirent en plein jour, entassent des<br>\nd\u00e9p\u00f4ts d\u2019armes, font d\u00e9fi\u00adler sur la&nbsp;voie<br>\npublique leurs par\u00adti\u00adsans ras\u00adsem\u00adbl\u00e9s en for\u00adma\u00adtions militaires<br>\net se livrent, \u00e0 dix contre un, \u00e0 des agres\u00adsions contre<br>\nles chefs d\u00e9mo\u00adcrates les plus d\u00e9tes\u00adt\u00e9s.&nbsp;Le<br>\ngou\u00adver\u00adne\u00adment, \u00ab&nbsp;pesant bien ses mots dans le sou\u00adci de ne&nbsp;pas<br>\naggra\u00adver la situa\u00adtion&nbsp;\u00bb, d\u00e9plore les inci\u00addents&nbsp;et<br>\nsou\u00adhaite, \u00ab&nbsp;pour le bon renom du pays&nbsp;\u00bb, qu\u2019ils n\u2019aient<br>\npas \u00e9t\u00e9 le fait d\u2019une pr\u00e9\u00adm\u00e9\u00addi\u00adta\u00adtion,&nbsp;en<br>\nm\u00eame temps qu\u2019il adresse \u00e0 tous les citoyens un<br>\npres\u00adsant appel pour que \u00ab&nbsp;le calme revienne dans les esprits&nbsp;\u00bb.<br>\nL\u2019important, en effet, pour les chefs d\u00e9mo\u00adcrates, c\u2019est<br>\nd\u2019\u00e9viter les paroles et les mesures propres \u00e0 irriter<br>\nles fac\u00adtieux et donc \u00e0 aggra\u00adver le p\u00e9ril. Si la police<br>\nd\u00e9couvre que des chefs poli\u00adtiques et mili\u00adtaires se&nbsp;sont<br>\ncom\u00adpro\u00admis avec l\u2019organisation s\u00e9di\u00adtieuse, ont, par exemple,<br>\ndirec\u00adte\u00adment col\u00adla\u00adbo\u00adr\u00e9 \u00e0 la for\u00adma\u00adtion des d\u00e9p\u00f4ts<br>\nd\u2019armes, il se peut que le gou\u00adver\u00adne\u00adment se r\u00e9signe \u00e0<br>\nmon\u00adtrer une vel\u00adl\u00e9i\u00adt\u00e9 d\u2019audace et, sous pr\u00e9texte<br>\nde sta\u00adtuer un exemple, fasse arr\u00ea\u00adter, par\u00admi les complices,<br>\nquelque sous-fifre. Quant \u00e0 faire arr\u00ea\u00adter les&nbsp;chefs,<br>\njamais,<b> <\/b>car ce serait pro\u00advo\u00adquer un scan\u00addale, et&nbsp;donc<br>\npr\u00e9\u00adci\u00adpi\u00adter la catas\u00adtrophe. De fait, les res\u00adpon\u00adsables de&nbsp;la<br>\nd\u00e9mo\u00adcra\u00adtie savent qu\u2019ils ont tout \u00e0 perdre et rien&nbsp;\u00e0<br>\nesp\u00e9\u00adrer du dur\u00adcis\u00adse\u00adment des rap\u00adports entre adver\u00adsaires alors<br>\nqu\u2019ils se flattent de pou\u00advoir gagner du temps en pra\u00adti\u00adquant&nbsp;la<br>\npoli\u00adtique de l\u2019autruche. C\u2019est ain\u00adsi que la jeune R\u00e9publique<br>\nespa\u00adgnole, gra\u00adcia San\u00adjur\u00adjo, main\u00adtint les g\u00e9n\u00e9raux<br>\nroya\u00adlistes \u00e0 la t\u00eate de l\u2019arm\u00e9e, bien que ce&nbsp;ne<br>\nf\u00fbt un secret pour per\u00adsonne qu\u2019ils pr\u00e9\u00adpa\u00adraient un&nbsp;coup<br>\nd\u2019Etat. Tout \u00e0 fait de la m\u00eame fa\u00e7on, jamais<br>\nMus\u00adso\u00adli\u00adni ne fut inqui\u00e9\u00adt\u00e9 pour les violences<br>\naux\u00adquelles, sous sa direc\u00adtion et sur ses ordres, les fais\u00adceaux&nbsp;par<br>\nlui cr\u00e9\u00e9s se livraient dans le pays. Quant aux g\u00e9n\u00e9raux<br>\net offi\u00adciers ins\u00adcrits dans ces m\u00eames fais\u00adceaux, on se&nbsp;garda<br>\nbien de les rayer des cadres. En Alle\u00admagne, m\u00eame chan\u00adson. \u00ab&nbsp;Pour<br>\ncontri\u00adbuer \u00e0 la paci\u00adfi\u00adca\u00adtion des esprits&nbsp;\u00bb, la R\u00e9publique<br>\nde Wei\u00admar gra\u00adcia Luden\u00addorff aus\u00adsi bien apr\u00e8s le putsch manqu\u00e9<br>\nde Kapp de 1920 qu\u2019au len\u00adde\u00admain de la ten\u00adta\u00adtive pr\u00e9matur\u00e9e<br>\nde coup de force agen\u00adc\u00e9e par Hit\u00adler en 1923, tout comme&nbsp;elle<br>\ndevait lais\u00adser impu\u00adnis les chefs de l\u2019organisation terroriste<br>\n\u00ab&nbsp;Consul&nbsp;\u00bb, ins\u00adti\u00adga\u00adteurs de l\u2019assassinat des ministres<br>\nErz\u00adber\u00adger et Rathe\u00adnau, bien qu\u2019aucun doute ne f\u00fbt possible<br>\nsur leur iden\u00adti\u00adt\u00e9 et leur responsabilit\u00e9.<\/span><\/font><\/font><\/p>\n<p style=\"margin-right: 0.97cm; text-indent: 1.52cm; margin-bottom: 0cm;\" align=\"justify\" lang=\"fr-FR\">\n<font face=\"Garamond, serif\"><font style=\"font-size: 13pt;\" size=\"3\"><b>Mr.<br>\nDouble V\u00e9&nbsp;:<\/b><\/font><\/font><\/p>\n<p style=\"margin-right: 0.97cm; text-indent: 1.52cm; margin-bottom: 0cm;\" align=\"justify\">\n<font face=\"Garamond, serif\"><font style=\"font-size: 13pt;\" size=\"3\"><span lang=\"fr-FR\">Nous<br>\navons ren\u00adcon\u00adtr\u00e9 \u00e0 Ber\u00adlin le baron von Killin\u00adger et&nbsp;le<br>\nduc de Cobourg, pr\u00e9\u00adsident de la Croix-Rouge alle\u00admande, tous<br>\ndeux, d\u00e8s l\u2019origine, chefs de l\u2019organisation \u00ab&nbsp;Consul&nbsp;\u00bb.<br>\nIls nous ont racon\u00adt\u00e9 dans tous les d\u00e9tails comment<br>\navaient \u00e9t\u00e9 pr\u00e9\u00adpa\u00adr\u00e9s ces atten\u00adtats,&nbsp;dont<br>\nils se vantent aujourd\u2019hui publi\u00adque\u00adment, et le peu de peine qu\u2019ils<br>\ndurent se don\u00adner, sous le r\u00e9gime d\u00e9mo\u00adcra\u00adtique, pour<br>\ndis\u00adsi\u00admu\u00adler leurs res\u00adpon\u00adsa\u00adbi\u00adli\u00adt\u00e9s. Leur cou\u00adrage, \u00e0&nbsp;dire<br>\nvrai, \u00e9tait en pro\u00adpor\u00adtion de la l\u00e2che\u00adt\u00e9&nbsp;des<br>\nauto\u00adri\u00adt\u00e9s r\u00e9publicaines.<\/span><\/font><\/font><\/p>\n<p style=\"margin-right: 0.97cm; text-indent: 1.52cm; margin-bottom: 0cm;\" align=\"justify\" lang=\"fr-FR\">\n<font face=\"Garamond, serif\"><font style=\"font-size: 13pt;\" size=\"3\"><b>Tho\u00admas<br>\nle cynique&nbsp;:<\/b><\/font><\/font><\/p>\n<p style=\"margin-right: 0.97cm; text-indent: 1.52cm; margin-bottom: 0cm;\" align=\"justify\">\n<font face=\"Garamond, serif\"><font style=\"font-size: 13pt;\" size=\"3\"><span lang=\"fr-FR\">Il<br>\ny eut cepen\u00addant des d\u00e9mo\u00adcrates qui ne furent ni l\u00e2ches<br>\nni pas\u00adsifs et pay\u00e8rent de leur vie, de la pri\u00adson, de&nbsp;la<br>\nd\u00e9por\u00adta\u00adtion ou de l\u2019exil la coh\u00e9\u00adrence de&nbsp;leur<br>\natti\u00adtude. Mais c\u2019\u00e9taient des iso\u00adl\u00e9s, qui ne pouvaient<br>\nplus comp\u00adter ni sur leur ancienne base tra\u00addi\u00adtion\u00adnelle, les classes<br>\nmoyennes, ni, bien moins encore, sur les ouvriers, d\u00e9\u00e7us<br>\ndans leurs esp\u00e9\u00adrances r\u00e9volutionnaires.<\/span><\/font><\/font><\/p>\n<p style=\"margin-right: 0.97cm; text-indent: 1.52cm; margin-bottom: 0cm;\" align=\"justify\" lang=\"fr-FR\">\n<font face=\"Garamond, serif\"><font style=\"font-size: 13pt;\" size=\"3\"><b>Mr.<br>\nDouble V\u00e9&nbsp;:<\/b><\/font><\/font><\/p>\n<p style=\"margin-right: 0.97cm; text-indent: 1.52cm; margin-bottom: 0cm;\" align=\"justify\">\n<font face=\"Garamond, serif\"><font style=\"font-size: 13pt;\" size=\"3\"><span lang=\"fr-FR\">Ne<br>\ncroyez-vous pas que les exp\u00e9\u00adriences d\u2019Italie et d\u2019Allemagne<br>\nont appris quelque chose aux d\u00e9mo\u00adcrates des autres pays&nbsp;?<\/span><\/font><\/font><\/p>\n<p style=\"margin-right: 0.97cm; text-indent: 1.52cm; margin-bottom: 0cm;\" align=\"justify\" lang=\"fr-FR\">\n<font face=\"Garamond, serif\"><font style=\"font-size: 13pt;\" size=\"3\"><b>Tho\u00admas<br>\nle cynique&nbsp;:<\/b><\/font><\/font><\/p>\n<p style=\"margin-right: 0.97cm; text-indent: 1.52cm; margin-bottom: 0cm;\" align=\"justify\">\n<font face=\"Garamond, serif\"><font style=\"font-size: 13pt;\" size=\"3\"><span lang=\"fr-FR\">Appris<br>\nquoi&nbsp;? Tant que la situa\u00adtion est bonne, cha\u00adcun est convain\u00adcu&nbsp;que<br>\ncer\u00adtaines choses ne sont pas pos\u00adsibles dans son pays&nbsp;: puis,&nbsp;quand<br>\nsur\u00advient le cyclone, le mot d\u2019ordre le plus sui\u00advi est \u00ab&nbsp;sauve<br>\nqui peut&nbsp;\u00bb. La v\u00e9ri\u00adt\u00e9, c\u2019est qu\u2019une classe<br>\npoli\u00adtique sur son d\u00e9clin a toutes les infir\u00admi\u00adt\u00e9s de&nbsp;la<br>\nvieillesse, y com\u00adpris la sur\u00addi\u00adt\u00e9. Necker adres\u00adsa \u00e0&nbsp;son<br>\nroi conseils sur conseils et aver\u00adtis\u00adse\u00adments sur aver\u00adtis\u00adse\u00adments, mais<br>\naver\u00adtis\u00adse\u00adments et conseils ne pou\u00advaient ser\u00advir de rien. Com\u00adbien&nbsp;de<br>\nmises en garde le tzar Nico\u00adlas II n\u2019avait-il pas re\u00e7ues&nbsp;?<br>\nPour les com\u00adprendre, il aurait d\u00fb ne pas \u00eatre le&nbsp;tzar.<br>\nNon seule\u00adment une classe poli\u00adtique \u00e0 bout de souffle n\u2019a<br>\nplus la force, la capa\u00adci\u00adt\u00e9, la volon\u00adt\u00e9, le cou\u00adrage&nbsp;de<br>\nse ser\u00advir des moyens \u00e0 sa dis\u00adpo\u00adsi\u00adtion pour gou\u00adver\u00adner et&nbsp;se<br>\nd\u00e9fendre contre ses enne\u00admis, mais en outre elle n\u2019a&nbsp;m\u00eame<br>\nplus l\u2019intelligence indis\u00adpen\u00adsable pour domi\u00adner une situa\u00adtion&nbsp;sans<br>\ncesse chan\u00adgeante et com\u00adprendre ce qui se passe. Tous fac\u00adteurs qui&nbsp;ne<br>\npeuvent que favo\u00adri\u00adser les ini\u00adtia\u00adtives totalitaires.<\/span><\/font><\/font><\/p>\n<p style=\"margin-right: 0.97cm; text-indent: 1.52cm; margin-bottom: 0cm;\" align=\"justify\" lang=\"fr-FR\">\n<font face=\"Garamond, serif\"><font style=\"font-size: 13pt;\" size=\"3\"><b>Mr.<br>\nDouble V\u00e9&nbsp;:<\/b><\/font><\/font><\/p>\n<p style=\"margin-right: 0.97cm; text-indent: 1.52cm; margin-bottom: 0cm;\" align=\"justify\" lang=\"fr-FR\">\n<font face=\"Garamond, serif\"><font style=\"font-size: 13pt;\" size=\"3\">Pour\u00adquoi<br>\nau lieu de fas\u00adciste, dites-vous si sou\u00advent tota\u00adli\u00adtaire&nbsp;? Est-ce<br>\npeut-\u00eatre pour ne pas frus\u00adtrer de ce qui leur revient les<br>\ncommunistes&nbsp;?<\/font><\/font><\/p>\n<p style=\"margin-right: 0.97cm; text-indent: 1.52cm; margin-bottom: 0cm;\" align=\"justify\" lang=\"fr-FR\">\n<font face=\"Garamond, serif\"><font style=\"font-size: 13pt;\" size=\"3\"><b>Tho\u00admas<br>\nle cynique&nbsp;:<\/b><\/font><\/font><\/p>\n<p style=\"margin-right: 0.97cm; text-indent: 1.52cm; margin-bottom: 0cm;\" align=\"justify\">\n<font face=\"Garamond, serif\"><font style=\"font-size: 13pt;\" size=\"3\"><span lang=\"fr-FR\">Tout<br>\n\u00e0 fait exact. Mais aus\u00adsi par \u00e9qui\u00adtable esti\u00adma\u00adtion&nbsp;des<br>\npos\u00adsi\u00adbi\u00adli\u00adt\u00e9s dic\u00adta\u00adto\u00adriales de n\u2019importe quel groupe<br>\nauda\u00adcieux, f\u00fbt-il d\u2019\u00e9tiquette d\u00e9mo\u00adcra\u00adtique&nbsp;ou<br>\nlib\u00e9rale.<\/span><\/font><\/font><\/p>\n<p style=\"margin-right: 0.97cm; text-indent: 1.52cm; margin-bottom: 0cm;\" align=\"justify\" lang=\"fr-FR\">\n<font face=\"Garamond, serif\"><font style=\"font-size: 13pt;\" size=\"3\"><b>Mr.<br>\nDouble V\u00e9&nbsp;:<\/b><\/font><\/font><\/p>\n<p style=\"margin-right: 0.97cm; text-indent: 1.52cm; margin-bottom: 0cm;\" align=\"justify\">\n<font face=\"Garamond, serif\"><font style=\"font-size: 13pt;\" size=\"3\"><span lang=\"fr-FR\">Vous<br>\nvou\u00adlez rire. Outre qu\u2019apr\u00e8s tout ce que vous avez&nbsp;dit<br>\npareille hypo\u00adth\u00e8se me semble irr\u00e9elle, croyez-vous<br>\nconce\u00advable un tota\u00adli\u00adta\u00adrisme d\u00e9mocratique&nbsp;?<\/span><\/font><\/font><\/p>\n<p style=\"margin-right: 0.97cm; text-indent: 1.52cm; margin-bottom: 0cm;\" align=\"justify\" lang=\"fr-FR\">\n<font face=\"Garamond, serif\"><font style=\"font-size: 13pt;\" size=\"3\"><b>Tho\u00admas<br>\nle cynique&nbsp;:<\/b><\/font><\/font><\/p>\n<p style=\"margin-right: 0.97cm; text-indent: 1.52cm; margin-bottom: 0cm;\" align=\"justify\">\n<font face=\"Garamond, serif\"><font style=\"font-size: 13pt;\" size=\"3\"><span lang=\"fr-FR\">Pour\u00adquoi<br>\npas&nbsp;? J\u2019entends un tota\u00adli\u00adta\u00adrisme de type jaco\u00adbin, sinc\u00e8rement<br>\nd\u00e9mo\u00adcra\u00adtique quant \u00e0 son id\u00e9al&nbsp;et<br>\nanti\u00add\u00e9\u00admo\u00adcra\u00adtique dans sa m\u00e9thode, du fait&nbsp;des<br>\ncondi\u00adtions encore trop peu \u00e9vo\u00adlu\u00e9es des masses. Il&nbsp;est<br>\nfort pos\u00adsible que ce soit l\u00e0 le sys\u00adt\u00e8me poli\u00adtique&nbsp;le<br>\nplus acces\u00adsible aux chefs d\u00e9mo\u00adcrates des peuples colo\u00adniaux, le<br>\njour o\u00f9 ils acc\u00e9\u00adde\u00adront \u00e0 l\u2019ind\u00e9pendance.<\/span><\/font><\/font><\/p>\n<p style=\"margin-right: 0.97cm; text-indent: 1.52cm; margin-bottom: 0cm;\" align=\"justify\" lang=\"fr-FR\">\n<font face=\"Garamond, serif\"><font style=\"font-size: 13pt;\" size=\"3\"><b>Mr.<br>\nDouble V\u00e9&nbsp;:<\/b><\/font><\/font><\/p>\n<p style=\"margin-right: 0.97cm; text-indent: 1.52cm; margin-bottom: 0cm;\" align=\"justify\" lang=\"fr-FR\">\n<font face=\"Garamond, serif\"><font style=\"font-size: 13pt;\" size=\"3\">Par\u00addon\u00adnez-moi<br>\nune ques\u00adtion per\u00adson\u00adnelle&nbsp;: me trom\u00adp\u00e9-je en croyant devi\u00adner&nbsp;que<br>\nvos pr\u00e9\u00adf\u00e9\u00adrences vont \u00e0 un par\u00adti de ce&nbsp;genre&nbsp;?<\/font><\/font><\/p>\n<p style=\"margin-right: 0.97cm; text-indent: 1.52cm; margin-bottom: 0cm;\" align=\"justify\" lang=\"fr-FR\">\n<font face=\"Garamond, serif\"><font style=\"font-size: 13pt;\" size=\"3\"><b>Tho\u00admas<br>\nle cynique&nbsp;:<\/b><\/font><\/font><\/p>\n<p style=\"margin-right: 0.97cm; text-indent: 1.52cm; margin-bottom: 0cm;\" align=\"justify\" lang=\"fr-FR\">\n<font face=\"Garamond, serif\"><font style=\"font-size: 13pt;\" size=\"3\">Plus<br>\nmain\u00adte\u00adnant. Depuis que je me suis avi\u00ads\u00e9 que, che\u00admin faisant,<br>\nle moyen se sub\u00adsti\u00adtue \u00e0 la&nbsp;fin.<\/font><\/font><\/p>\n<p style=\"margin-right: 0.97cm; text-indent: 1.52cm; margin-bottom: 0cm;\" align=\"justify\">\n<font face=\"Garamond, serif\"><font style=\"font-size: 13pt;\" size=\"3\"><span lang=\"fr-FR\"><b>Igna\u00adzio<br>\nSilone<\/b> <i>(l\u2019\u00c9cole des dictateurs)<\/i><\/span><\/font><\/font><\/p>\n<p style=\"margin-right: 0.97cm; text-indent: 1.52cm; margin-bottom: 0cm;\" align=\"justify\" lang=\"fr-FR\">\n<font face=\"Garamond, serif\"><font style=\"font-size: 13pt;\" size=\"3\">Copy\u00adright&nbsp;:<br>\n\u00e9di\u00adtions Gal\u00adli\u00admard. Tra\u00adduc\u00adtion de Jean Paul Samson.<\/font><\/font><\/p>\n","protected":false},"excerpt":{"rendered":"<p>&nbsp; C\u2019est par mal\u00adheur aujourd\u2019hui deve\u00adnu un lieu com\u00admun que de consta\u00adter l\u2019impuissance de ce que l\u2019usage appelle encore la gauche, lib\u00e9\u00adraux, d\u00e9mo\u00adcrates et socia\u00adlistes se mon\u00adtrant&nbsp;jour apr\u00e8s jour impuis\u00adsants \u00e0 enrayer la d\u00e9g\u00e9\u00adn\u00e9\u00adres\u00adcence des liber\u00adt\u00e9s civiques. Dans son der\u00adnier livre, \u00ab&nbsp;l\u2019Ecole des dic\u00adta\u00adteurs&nbsp;\u00bb, dont la tra\u00adduc\u00adtion fran\u00ad\u00e7aise&nbsp;doit inces\u00adsam\u00adment para\u00eetre aux \u00e9di\u00adtions Gal\u00adli\u00admard, Igna\u00adzio Silone&nbsp;[\u2026]<\/p>\n","protected":false},"author":1,"featured_media":0,"comment_status":"closed","ping_status":"closed","sticky":false,"template":"","format":"standard","meta":{"wp_typography_post_enhancements_disabled":false,"footnotes":""},"categories":[157],"tags":[],"ppma_author":[540],"class_list":["post-1426","post","type-post","status-publish","format-standard","hentry","category-temoins-n33-ete-1963"],"authors":[{"term_id":540,"user_id":1,"is_guest":0,"slug":"admin_3gikpwyf","display_name":"Vincent Dubuc","avatar_url":"https:\/\/secure.gravatar.com\/avatar\/d015720652c25fd2ced191ade86430094e1f288a17483713e3b34d26dea52507?s=96&d=mm&r=g","author_category":"","user_url":"https:\/\/la-presse-anarchiste.net","last_name":"Dubuc","first_name":"Vincent","job_title":"","description":""}],"_links":{"self":[{"href":"https:\/\/la-presse-anarchiste.net\/index.php\/wp-json\/wp\/v2\/posts\/1426","targetHints":{"allow":["GET"]}}],"collection":[{"href":"https:\/\/la-presse-anarchiste.net\/index.php\/wp-json\/wp\/v2\/posts"}],"about":[{"href":"https:\/\/la-presse-anarchiste.net\/index.php\/wp-json\/wp\/v2\/types\/post"}],"author":[{"embeddable":true,"href":"https:\/\/la-presse-anarchiste.net\/index.php\/wp-json\/wp\/v2\/users\/1"}],"replies":[{"embeddable":true,"href":"https:\/\/la-presse-anarchiste.net\/index.php\/wp-json\/wp\/v2\/comments?post=1426"}],"version-history":[{"count":0,"href":"https:\/\/la-presse-anarchiste.net\/index.php\/wp-json\/wp\/v2\/posts\/1426\/revisions"}],"wp:attachment":[{"href":"https:\/\/la-presse-anarchiste.net\/index.php\/wp-json\/wp\/v2\/media?parent=1426"}],"wp:term":[{"taxonomy":"category","embeddable":true,"href":"https:\/\/la-presse-anarchiste.net\/index.php\/wp-json\/wp\/v2\/categories?post=1426"},{"taxonomy":"post_tag","embeddable":true,"href":"https:\/\/la-presse-anarchiste.net\/index.php\/wp-json\/wp\/v2\/tags?post=1426"},{"taxonomy":"author","embeddable":true,"href":"https:\/\/la-presse-anarchiste.net\/index.php\/wp-json\/wp\/v2\/ppma_author?post=1426"}],"curies":[{"name":"wp","href":"https:\/\/api.w.org\/{rel}","templated":true}]}}