{"id":1427,"date":"2008-04-05T16:46:20","date_gmt":"2008-04-05T16:46:20","guid":{"rendered":"https:\/\/la-presse-anarchiste.net\/index.php\/2008\/04\/05\/la-quinzaine-sociale\/"},"modified":"2008-04-05T16:46:20","modified_gmt":"2008-04-05T16:46:20","slug":"la-quinzaine-sociale","status":"publish","type":"post","link":"https:\/\/la-presse-anarchiste.net\/index.php\/2008\/04\/05\/la-quinzaine-sociale\/","title":{"rendered":"La quinzaine sociale"},"content":{"rendered":"<div class=\"pdfprnt-buttons pdfprnt-buttons-post pdfprnt-top-right\"><a href=\"https:\/\/la-presse-anarchiste.net\/index.php\/wp-json\/wp\/v2\/posts\/1427?print=pdf\" class=\"pdfprnt-button pdfprnt-button-pdf\" target=\"_blank\"><img decoding=\"async\" src=\"https:\/\/la-presse-anarchiste.net\/wp-content\/plugins\/pdf-print\/images\/pdf.png\" alt=\"image_pdf\" title=\"Afficher le PDF\"><\/a><a href=\"https:\/\/la-presse-anarchiste.net\/index.php\/wp-json\/wp\/v2\/posts\/1427?print=print\" class=\"pdfprnt-button pdfprnt-button-print\" target=\"_blank\"><img decoding=\"async\" src=\"https:\/\/la-presse-anarchiste.net\/wp-content\/plugins\/pdf-print\/images\/print.png\" alt=\"image_print\" title=\"Contenu imprim\u00e9\"><\/a><\/div><p style=\"text-indent: 1.46cm; margin-bottom: 0cm;\" align=\"justify\"><font face=\"Garamond, serif\"><font style=\"font-size: 13pt;\" size=\"3\">Lajar\u00adrige<br>\ntient abso\u00adlu\u00adment \u00e0 \u00e9clip\u00adser Bi\u00e9\u00adtry.&nbsp;D\u00e9j\u00e0<br>\nil n\u2019a\u00advait pas craint, en 1908, de tra\u00adhir les gr\u00e9vistes<br>\ngaziers de l\u2019u\u00adsine de Gennevilliers.<\/font><\/font><\/p>\n<p style=\"text-indent: 1.46cm; margin-bottom: 0cm;\" align=\"justify\"><font face=\"Garamond, serif\"><font style=\"font-size: 13pt;\" size=\"3\">\u00c0<br>\nl\u2019as\u00adsem\u00adbl\u00e9e g\u00e9n\u00e9\u00adrale du Syn\u00addi\u00adcat&nbsp;des<br>\nTra\u00advailleurs du Gaz, le 4 jan\u00advier, il a fait les d\u00e9clarations<br>\nsuivantes&nbsp;:<\/font><\/font><\/p>\n<p style=\"text-indent: 1.46cm; margin-bottom: 0cm;\" align=\"justify\"><font face=\"Garamond, serif\"><font style=\"font-size: 13pt;\" size=\"3\">Nous<br>\nsommes hos\u00adtiles \u00e0 la gr\u00e8ve parce qu\u2019il ne doit pas&nbsp;y<br>\navoir de per\u00adtur\u00adba\u00adtion de ce genre dans un ser\u00advice public et,&nbsp;aussi<br>\nparce que c\u2019est un pro\u00adc\u00e9\u00add\u00e9 qui, pour nous du moins, a<br>\nfait son&nbsp;temps.<\/font><\/font><\/p>\n<p style=\"text-indent: 1.46cm; margin-bottom: 0cm;\" align=\"justify\"><font face=\"Garamond, serif\"><font style=\"font-size: 13pt;\" size=\"3\">Aujourd\u2019\u00adhui,<br>\nen effet, le machi\u00adnisme sim\u00adpli\u00adfie le tra\u00advail et il devient de plus&nbsp;en<br>\nplus facile de rem\u00adpla\u00adcer les gr\u00e9\u00advistes. Mais alors, comment<br>\nfaire triom\u00adpher nos reven\u00addi\u00adca\u00adtions&nbsp;? Eh bien&nbsp;!&nbsp;voici&nbsp;:<\/font><\/font><\/p>\n<p style=\"text-indent: 1.46cm; margin-bottom: 0cm;\" align=\"justify\"><font face=\"Garamond, serif\"><font style=\"font-size: 13pt;\" size=\"3\">L\u2019heure<br>\nest venue pour les ministres qui sont aujourd\u2019\u00adhui au pou\u00advoir, de&nbsp;se<br>\nconfor\u00admer \u00e0 leurs d\u00e9cla\u00adra\u00adtions sur l\u2019as\u00adso\u00adcia\u00adtion&nbsp;du<br>\ncapi\u00adtal et du tra\u00advail, sur la par\u00adti\u00adci\u00adpa\u00adtion du per\u00adson\u00adnel \u00e0&nbsp;la<br>\nges\u00adtion des entreprises.<\/font><\/font><\/p>\n<p style=\"text-indent: 1.46cm; margin-bottom: 0cm;\" align=\"justify\"><font face=\"Garamond, serif\"><font style=\"font-size: 13pt;\" size=\"3\">Qu\u2019ils<br>\npr\u00e9\u00adparent donc une loi conforme \u00e0 ces d\u00e9clarations.<br>\nIls ont pour cela deux&nbsp;ans.<\/font><\/font><\/p>\n<p style=\"text-indent: 1.46cm; margin-bottom: 0cm;\" align=\"justify\"><font face=\"Garamond, serif\"><font style=\"font-size: 13pt;\" size=\"3\">C\u2019est,<br>\nen effet, en ao\u00fbt 1912, que la Ville peut\u200a\u2014\u200a\u00e0<br>\ncondi\u00adtion d\u2019en don\u00adner avis en ao\u00fbt 1910\u200a\u2014\u200ad\u00e9non\u00adcer&nbsp;le<br>\ntrai\u00adt\u00e9 lui la lie \u00e0 la Soci\u00e9\u00adt\u00e9 du&nbsp;gaz.<br>\nQu\u2019elle d\u00e9nonce donc ce trait\u00e9&nbsp;!<\/font><\/font><\/p>\n<p style=\"text-indent: 1.46cm; margin-bottom: 0cm;\" align=\"justify\"><font face=\"Garamond, serif\"><font style=\"font-size: 13pt;\" size=\"3\">Nous,<br>\nde notre c\u00f4t\u00e9, en r\u00e9unis\u00adsant toutes nos<br>\n\u00e9co\u00adno\u00admies, ache\u00adtons des actions du gaz. En deux ans,&nbsp;nous<br>\npou\u00advons en ache\u00adter pour cinq mil\u00adlions, cha\u00adcun acqu\u00e9\u00adrant&nbsp;deux<br>\ntitres \u00e0 250 francs.<\/font><\/font><\/p>\n<p style=\"text-indent: 1.46cm; margin-bottom: 0cm;\" align=\"justify\"><font face=\"Garamond, serif\"><font style=\"font-size: 13pt;\" size=\"3\">Et<br>\nalors, nous obtien\u00addrons qu\u2019en 1912 l\u2019ex\u00adploi\u00adta\u00adtion du gaz soit assur\u00e9e<br>\n\u00e0 Paris par une soci\u00e9\u00adt\u00e9 au conseil<br>\nd\u2019ad\u00admi\u00adnis\u00adtra\u00adtion de laquelle si\u00e9\u00adge\u00adront et les repr\u00e9sentants<br>\ndu tra\u00advail, et les repr\u00e9\u00adsen\u00adtants du capi\u00adtal, \u00e9galement<br>\nres\u00adpon\u00adsables, \u00e9ga\u00adle\u00adment puissants.<\/font><\/font><\/p>\n<p style=\"text-indent: 1.46cm; margin-bottom: 0cm;\" align=\"justify\"><font face=\"Garamond, serif\"><font style=\"font-size: 13pt;\" size=\"3\">\u00c0<br>\nquoi bon la gr\u00e8ve, d\u00e8s lors&nbsp;! Nous g\u00e9rerons<br>\nl\u2019en\u00adtre\u00adprise pour moiti\u00e9&nbsp;!<\/font><\/font><\/p>\n<p style=\"text-indent: 1.46cm; margin-bottom: 0cm;\" align=\"justify\"><font face=\"Garamond, serif\"><font style=\"font-size: 13pt;\" size=\"3\">Ain\u00adsi<br>\nnous mon\u00adtre\u00adrons la route au reste du pro\u00adl\u00e9\u00adta\u00adriat organis\u00e9.<\/font><\/font><\/p>\n<p style=\"text-indent: 1.46cm; margin-bottom: 0cm;\" align=\"justify\"><font face=\"Garamond, serif\"><font style=\"font-size: 13pt;\" size=\"3\">Qu\u2019est-ce<br>\nque cela sinon le <i>pro\u00adpri\u00e9\u00adtisme<\/i> de Bi\u00e9\u00adtry&nbsp;?&nbsp;Ah&nbsp;!<br>\npauvres gaziers pari\u00adsiens, rache\u00adtez sou \u00e0 sou le capi\u00adtal&nbsp;que<br>\nvous avez pro\u00adduit, d\u00e9pouillez-vous une deuxi\u00e8me fois.<br>\nEt vous, mineurs, rache\u00adtez le por\u00adte\u00adfeuille d\u2019An\u00adzin, de Blan\u00adzy.&nbsp;Et<br>\nvous, cheminots\u2026&nbsp;<\/font><\/font><\/p>\n<p style=\"text-indent: 1.46cm; margin-bottom: 0cm;\" align=\"justify\"><font face=\"Garamond, serif\"><font style=\"font-size: 13pt;\" size=\"3\">P.<br>\nMonatte<\/font><\/font><\/p>\n","protected":false},"excerpt":{"rendered":"<p>Lajar\u00adrige tient abso\u00adlu\u00adment \u00e0 \u00e9clip\u00adser Bi\u00e9\u00adtry.&nbsp;D\u00e9j\u00e0 il n\u2019a\u00advait pas craint, en 1908, de tra\u00adhir les gr\u00e9\u00advistes gaziers de l\u2019u\u00adsine de Gen\u00adne\u00advil\u00adliers. \u00c0 l\u2019as\u00adsem\u00adbl\u00e9e g\u00e9n\u00e9\u00adrale du Syn\u00addi\u00adcat&nbsp;des Tra\u00advailleurs du Gaz, le 4 jan\u00advier, il a fait les d\u00e9cla\u00adra\u00adtions sui\u00advantes&nbsp;: Nous sommes hos\u00adtiles \u00e0 la gr\u00e8ve parce qu\u2019il ne doit pas&nbsp;y avoir de per\u00adtur\u00adba\u00adtion de ce&nbsp;genre&nbsp;[\u2026]<\/p>\n","protected":false},"author":1,"featured_media":0,"comment_status":"closed","ping_status":"closed","sticky":false,"template":"","format":"standard","meta":{"wp_typography_post_enhancements_disabled":false,"footnotes":""},"categories":[158],"tags":[],"ppma_author":[540],"class_list":["post-1427","post","type-post","status-publish","format-standard","hentry","category-la-vie-ouvriere-n8-20-janvier-1910"],"authors":[{"term_id":540,"user_id":1,"is_guest":0,"slug":"admin_3gikpwyf","display_name":"Vincent Dubuc","avatar_url":"https:\/\/secure.gravatar.com\/avatar\/d015720652c25fd2ced191ade86430094e1f288a17483713e3b34d26dea52507?s=96&d=mm&r=g","author_category":"","user_url":"https:\/\/la-presse-anarchiste.net","last_name":"Dubuc","first_name":"Vincent","job_title":"","description":""}],"_links":{"self":[{"href":"https:\/\/la-presse-anarchiste.net\/index.php\/wp-json\/wp\/v2\/posts\/1427","targetHints":{"allow":["GET"]}}],"collection":[{"href":"https:\/\/la-presse-anarchiste.net\/index.php\/wp-json\/wp\/v2\/posts"}],"about":[{"href":"https:\/\/la-presse-anarchiste.net\/index.php\/wp-json\/wp\/v2\/types\/post"}],"author":[{"embeddable":true,"href":"https:\/\/la-presse-anarchiste.net\/index.php\/wp-json\/wp\/v2\/users\/1"}],"replies":[{"embeddable":true,"href":"https:\/\/la-presse-anarchiste.net\/index.php\/wp-json\/wp\/v2\/comments?post=1427"}],"version-history":[{"count":0,"href":"https:\/\/la-presse-anarchiste.net\/index.php\/wp-json\/wp\/v2\/posts\/1427\/revisions"}],"wp:attachment":[{"href":"https:\/\/la-presse-anarchiste.net\/index.php\/wp-json\/wp\/v2\/media?parent=1427"}],"wp:term":[{"taxonomy":"category","embeddable":true,"href":"https:\/\/la-presse-anarchiste.net\/index.php\/wp-json\/wp\/v2\/categories?post=1427"},{"taxonomy":"post_tag","embeddable":true,"href":"https:\/\/la-presse-anarchiste.net\/index.php\/wp-json\/wp\/v2\/tags?post=1427"},{"taxonomy":"author","embeddable":true,"href":"https:\/\/la-presse-anarchiste.net\/index.php\/wp-json\/wp\/v2\/ppma_author?post=1427"}],"curies":[{"name":"wp","href":"https:\/\/api.w.org\/{rel}","templated":true}]}}