{"id":1428,"date":"2008-04-05T16:48:39","date_gmt":"2008-04-05T16:48:39","guid":{"rendered":"https:\/\/la-presse-anarchiste.net\/index.php\/2008\/04\/05\/la-quinzaine-sociale-2\/"},"modified":"2008-04-05T16:48:39","modified_gmt":"2008-04-05T16:48:39","slug":"la-quinzaine-sociale-2","status":"publish","type":"post","link":"https:\/\/la-presse-anarchiste.net\/index.php\/2008\/04\/05\/la-quinzaine-sociale-2\/","title":{"rendered":"La quinzaine sociale"},"content":{"rendered":"<div class=\"pdfprnt-buttons pdfprnt-buttons-post pdfprnt-top-right\"><a href=\"https:\/\/la-presse-anarchiste.net\/index.php\/wp-json\/wp\/v2\/posts\/1428?print=pdf\" class=\"pdfprnt-button pdfprnt-button-pdf\" target=\"_blank\"><img decoding=\"async\" src=\"https:\/\/la-presse-anarchiste.net\/wp-content\/plugins\/pdf-print\/images\/pdf.png\" alt=\"image_pdf\" title=\"Afficher le PDF\"><\/a><a href=\"https:\/\/la-presse-anarchiste.net\/index.php\/wp-json\/wp\/v2\/posts\/1428?print=print\" class=\"pdfprnt-button pdfprnt-button-print\" target=\"_blank\"><img decoding=\"async\" src=\"https:\/\/la-presse-anarchiste.net\/wp-content\/plugins\/pdf-print\/images\/print.png\" alt=\"image_print\" title=\"Contenu imprim\u00e9\"><\/a><\/div><p style=\"text-indent: 1.46cm; margin-bottom: 0cm;\" align=\"justify\"><font face=\"Garamond, serif\"><font style=\"font-size: 13pt;\" size=\"3\">La<br>\npol\u00e9\u00admique Jau\u00adr\u00e8s-Luquet a fait du tort \u00e0&nbsp;une<br>\nques\u00adtion qui s\u2019est pos\u00e9e dans deux milieux oppos\u00e9s.<\/font><\/font><\/p>\n<p style=\"text-indent: 1.46cm; margin-bottom: 0cm;\" align=\"justify\"><font face=\"Garamond, serif\"><font style=\"font-size: 13pt;\" size=\"3\">Que<br>\nfaire de pra\u00adtique, d\u2019i\u00adm\u00e9\u00addia\u00adte\u00adment r\u00e9a\u00adli\u00adsable&nbsp;? a demand\u00e9<br>\nAlme\u00adrey\u00adda, pour la <i>Guerre Sociale<\/i>, \u00e0 divers militants<br>\nsyn\u00addi\u00adca\u00adlistes. Que faire dans la pro\u00adchaine <i>l\u00e9gis\u00adla\u00adture<\/i>?:<br>\u200a\u2014\u200atra\u00addui\u00adsez dans l\u2019in\u00adter\u00advalle des deux Congr\u00e8s conf\u00e9d\u00e9raux<br>\n\u00e0 venir\u200a\u2014\u200as\u2019est deman\u00add\u00e9&nbsp;Niel.&nbsp;<\/font><\/font><\/p>\n<p style=\"text-indent: 1.46cm; margin-bottom: 0cm;\" align=\"justify\"><font face=\"Garamond, serif\"><font style=\"font-size: 13pt;\" size=\"3\">Que<br>\ncette ques\u00adtion se soit pos\u00e9e \u00e0 la fois dans ces&nbsp;deux<br>\nmilieux, c\u2019est une preuve qu\u2019il existe par\u00adtout un besoin d\u2019ac\u00adtion,&nbsp;de<br>\nr\u00e9a\u00adli\u00adsa\u00adtion. Il faut faire quelque chose. Mais&nbsp;quoi&nbsp;?<\/font><\/font><\/p>\n<p style=\"text-indent: 1.46cm; margin-bottom: 0cm;\" align=\"justify\"><font face=\"Garamond, serif\"><font style=\"font-size: 13pt;\" size=\"3\">Les<br>\ncor\u00adres\u00adpon\u00addants syn\u00addi\u00adca\u00adlistes d\u2019Al\u00adme\u00adrey\u00adda ne me paraissent pas&nbsp;tr\u00e8s<br>\nheu\u00adreu\u00adse\u00adment inspir\u00e9s.<\/font><\/font><\/p>\n<p style=\"text-indent: 1.46cm; margin-bottom: 0cm;\" align=\"justify\"><font face=\"Garamond, serif\"><font style=\"font-size: 13pt;\" size=\"3\">L\u2019un<br>\nvoit \u00ab&nbsp;l\u2019\u0153uvre pra\u00adtique et imm\u00e9\u00addia\u00adte\u00adment r\u00e9alisable&nbsp;\u00bb<br>\ndans la \u00ab&nbsp;recherche m\u00e9tho\u00addique de renseignements<br>\ntech\u00adniques&nbsp;\u00bb four\u00adnis\u00adsant aux r\u00e9vo\u00adlu\u00adtion\u00adnaires \u00ab&nbsp;le<br>\nmoyen de r\u00e9pondre par des actes v\u00e9ri\u00adta\u00adble\u00adment efficaces<br>\naux pro\u00advo\u00adca\u00adtions patro\u00adnales ou gouvernementales&nbsp;\u00bb.<\/font><\/font><\/p>\n<p style=\"text-indent: 1.46cm; margin-bottom: 0cm;\" align=\"justify\"><font face=\"Garamond, serif\"><font style=\"font-size: 13pt;\" size=\"3\">Que<br>\nnous ayons \u00e9t\u00e9 impuis\u00adsants \u00e0 relever,<br>\nindi\u00advi\u00adduel\u00adle\u00adment ou col\u00adlec\u00adti\u00adve\u00adment, les pro\u00advo\u00adca\u00adtions du patro\u00adnat&nbsp;ou<br>\ndes gou\u00adver\u00adnants, ce n\u2019a \u00e9t\u00e9 que trop cer\u00adtain au&nbsp;cours<br>\nde l\u2019an\u00adn\u00e9e&nbsp;1909.<\/font><\/font><\/p>\n<p style=\"text-indent: 1.46cm; margin-bottom: 0cm;\" align=\"justify\"><font face=\"Garamond, serif\"><font style=\"font-size: 13pt;\" size=\"3\">Mais<br>\nil me para\u00eet dou\u00adteux que le moyen pr\u00e9conis\u00e9<br>\npos\u00ads\u00e8de une r\u00e9elle valeur. Une orga\u00adni\u00adsa\u00adtion secr\u00e8te<br>\nde com\u00adbat me para\u00eet au contraire plus dan\u00adge\u00adreuse qu\u2019u\u00adtile.&nbsp;Il<br>\nne fau\u00addrait pas oublier que quelques mois avant la r\u00e9v\u00e9lation<br>\ndu r\u00f4le jou\u00e9 en Rus\u00adsie par Azew, ce cra\u00adpu\u00adleux assassin<br>\nde toute cette intr\u00e9\u00adpide jeu\u00adnesse maxi\u00adma\u00adliste, ah&nbsp;! non il&nbsp;ne<br>\nfau\u00addrait pas oublier qu\u2019\u00e0 Paris m\u00eame le pre\u00admier essai&nbsp;de<br>\nf\u00e9d\u00e9\u00adra\u00adtion des grou\u00adpe\u00adments anar\u00adchistes a eu \u00e0&nbsp;sa<br>\nt\u00eate un mouchard.<\/font><\/font><\/p>\n<p style=\"text-indent: 1.46cm; margin-bottom: 0cm;\" align=\"justify\"><font face=\"Garamond, serif\"><font style=\"font-size: 13pt;\" size=\"3\">Si<br>\nc\u2019est l\u00e0 la seule action pra\u00adtique pour 1910, des d\u00e9convenues<br>\nsont for\u00adte\u00adment \u00e0 craindre.<\/font><\/font><\/p>\n<p style=\"text-indent: 1.46cm; margin-bottom: 0cm;\" align=\"justify\"><font face=\"Garamond, serif\"><font style=\"font-size: 13pt;\" size=\"3\">Mais<br>\nil est cer\u00adtai\u00adne\u00adment d\u2019autres actions pra\u00adtiques aux\u00adquelles s\u2019attacher<br>\nNiel, qui s\u2019en\u00adtend en pro\u00adgrammes dis\u00adcours, vient de faire un nouveau<br>\ncadeau au syn\u00addi\u00adca\u00adlisme. Quel pro\u00adgramme doit adop\u00adter la C.G.T.,<br>\ns\u2019\u00e9\u00adcrie-t-il dans l\u2019<i>Huma\u00adni\u00adt\u00e9<\/i> du 6 jan\u00advier. (La<br>\nC.G.T. et non pas les syn\u00addi\u00adcats ni les F\u00e9d\u00e9\u00adra\u00adtions.) Il<br>\nn\u2019y a que l\u2019embarras du choix&nbsp;: r\u00e9duc\u00adtion de la dur\u00e9e&nbsp;du<br>\ntra\u00advail&nbsp;; droit de gr\u00e8ve&nbsp;; tra\u00advail aux pi\u00e8ces&nbsp;;<br>\nassi\u00admi\u00adla\u00adtion des mala\u00addies pro\u00adfes\u00adsion\u00adnelles aux acci\u00addents du travail&nbsp;;<br>\nques\u00adtion du ch\u00f4\u00admage&nbsp;; ques\u00adtion des loyers&nbsp;; ques\u00adtion&nbsp;de<br>\nl\u2019hy\u00adgi\u00e8ne, etc.<\/font><\/font><\/p>\n<p style=\"text-indent: 1.46cm; margin-bottom: 0cm;\" align=\"justify\"><font face=\"Garamond, serif\"><font style=\"font-size: 13pt;\" size=\"3\">Quand<br>\nil y \u00e9tait, Niel aurait pu sans incon\u00adv\u00e9\u00adnient allonger<br>\nla liste des reven\u00addi\u00adca\u00adtions ouvri\u00e8res \u00e0 faire aboutir<br>\npar la C.G.T.<\/font><\/font><\/p>\n<p style=\"text-indent: 1.46cm; margin-bottom: 0cm;\" align=\"justify\"><font face=\"Garamond, serif\"><font style=\"font-size: 13pt;\" size=\"3\">Mais<br>\nce qu\u2019il n\u2019au\u00adrait pas d\u00fb faire, c\u2019est d\u2019ou\u00adblier que la C.G.T.<br>\nne peut agir que par les syn\u00addi\u00adcats eux-m\u00eames et qu\u2019il ne suffit<br>\npas de d\u00e9ci\u00adder en haut pour qu\u2019on marche en&nbsp;bas.<\/font><\/font><\/p>\n<p style=\"text-indent: 1.46cm; margin-bottom: 0cm;\" align=\"justify\"><font face=\"Garamond, serif\"><font style=\"font-size: 13pt;\" size=\"3\">C\u2019est<br>\n\u00e0 la base, dans les syn\u00addi\u00adcats m\u00eame, que les militants<br>\ndoivent poser la ques\u00adtion et exa\u00admi\u00adner quel effort il est pos\u00adsible&nbsp;de<br>\ndeman\u00adder autour d\u2019eux. Ce ne sont pas les consul\u00adta\u00adtions qui&nbsp;vont<br>\nman\u00adquer cette ann\u00e9e&nbsp;: mul\u00adtiples congr\u00e8s de F\u00e9d\u00e9rations,<br>\ncongr\u00e8s de la C.G.T.<\/font><\/font><\/p>\n<p style=\"text-indent: 1.46cm; margin-bottom: 0cm;\" align=\"justify\"><font face=\"Garamond, serif\"><font style=\"font-size: 13pt;\" size=\"3\">La<br>\nC. G. T. ne peut \u00e9vi\u00addem\u00adment enga\u00adger une pro\u00adpa\u00adgande en faveur<br>\nd\u2019une reven\u00addi\u00adca\u00adtion tr\u00e8s nette que si des orga\u00adni\u00adsa\u00adtions lui&nbsp;en<br>\ndonnent le man\u00addat et si pour leur compte elles se pr\u00e9\u00adparent \u00e0<br>\nagir.<\/font><\/font><\/p>\n<p style=\"text-indent: 1.46cm; margin-bottom: 0cm;\" align=\"justify\"><font face=\"Garamond, serif\"><font style=\"font-size: 13pt;\" size=\"3\">En<br>\nsomme, la ques\u00adtion se trouve repor\u00adt\u00e9e devant les syndicats.<br>\nC\u2019est \u00e0 eux de se t\u00e2ter et parler.<\/font><\/font><\/p>\n<p style=\"text-indent: 1.46cm; margin-bottom: 0cm;\" align=\"justify\"><font face=\"Garamond, serif\"><font style=\"font-size: 13pt;\" size=\"3\">De<br>\ntous ces congr\u00e8s \u00e0 venir se d\u00e9ga\u00adge\u00adra-t-il une<br>\nvolon\u00adt\u00e9 \u00e0 peu pr\u00e8s g\u00e9n\u00e9\u00adrale sur&nbsp;un<br>\npoint d\u00e9fi\u00adni&nbsp;? Sou\u00adhai\u00adtons-le ardem\u00adment et pr\u00e9parons-le<br>\nnon pas en haut mais en bas et d\u00e8s maintenant.<\/font><\/font><\/p>\n<p style=\"text-indent: 1.46cm; margin-bottom: 0cm;\" align=\"justify\"><font face=\"Garamond, serif\"><font style=\"font-size: 13pt;\" size=\"3\">L\u2019an\u00adn\u00e9e<br>\n1910 peut \u00eatre une ann\u00e9e d\u2019ar\u00addents pr\u00e9paratifs.<br>\nIl est cer\u00adtain que les cam\u00adpagnes enga\u00adg\u00e9es par les syndicats<br>\nd\u2019ou\u00advriers bou\u00adlan\u00adgers en faveur de la sup\u00adpres\u00adsion du tra\u00advail de&nbsp;nuit,<br>\npar les che\u00admi\u00adnots un faveur du rel\u00e8\u00adve\u00adment des salaires, par&nbsp;le<br>\nb\u00e2ti\u00adment en faveur de la r\u00e9duc\u00adtion des heures de travail<br>\n\u00e9pu\u00adre\u00adront l\u2019at\u00admo\u00adsph\u00e8re pr\u00e9sente.<\/font><\/font><\/p>\n<p style=\"text-indent: 1.46cm; margin-bottom: 0cm;\" align=\"justify\"><font face=\"Garamond, serif\"><font style=\"font-size: 13pt;\" size=\"3\">Que<br>\nces cam\u00adpagnes se pour\u00adsuivent, elles r\u00e9chauf\u00adfe\u00adront&nbsp;les<br>\ncor\u00adpo\u00adra\u00adtions voi\u00adsines et nul doute que du Congr\u00e8s conf\u00e9d\u00e9ral<br>\nde Tou\u00adlouse puisse sor\u00adtir non la scis\u00adsion, un moment recherch\u00e9e<br>\npar le Comi\u00adt\u00e9 d\u2019U\u00adnion Syn\u00addi\u00adca\u00adliste, mais un vrai programme<br>\nd\u2019ac\u00adtion, dres\u00ads\u00e9 par les orga\u00adni\u00adsa\u00adtions d\u00e9si\u00adreuses et<br>\ncapables de ten\u00adter un large effort.<\/font><\/font><\/p>\n","protected":false},"excerpt":{"rendered":"<p>La pol\u00e9\u00admique Jau\u00ad\u00adr\u00e8s-Luquet a fait du tort \u00e0&nbsp;une ques\u00adtion qui s\u2019est pos\u00e9e dans deux milieux oppo\u00ads\u00e9s. Que faire de pra\u00adtique, d\u2019i\u00adm\u00e9\u00addia\u00adte\u00adment r\u00e9a\u00adli\u00adsable&nbsp;? a deman\u00add\u00e9 Alme\u00adrey\u00adda, pour la Guerre Sociale, \u00e0 divers mili\u00adtants syn\u00addi\u00adca\u00adlistes. Que faire dans la pro\u00adchaine l\u00e9gis\u00adla\u00adture?:\u200a\u2014\u200atra\u00addui\u00adsez dans l\u2019in\u00adter\u00advalle des deux Congr\u00e8s conf\u00e9\u00add\u00e9\u00adraux \u00e0 venir\u200a\u2014\u200as\u2019est deman\u00add\u00e9&nbsp;Niel.&nbsp; Que cette ques\u00adtion se soit pos\u00e9e&nbsp;\u00e0&nbsp;[\u2026]<\/p>\n","protected":false},"author":1,"featured_media":0,"comment_status":"closed","ping_status":"closed","sticky":false,"template":"","format":"standard","meta":{"wp_typography_post_enhancements_disabled":false,"footnotes":""},"categories":[158],"tags":[],"ppma_author":[540],"class_list":["post-1428","post","type-post","status-publish","format-standard","hentry","category-la-vie-ouvriere-n8-20-janvier-1910"],"authors":[{"term_id":540,"user_id":1,"is_guest":0,"slug":"admin_3gikpwyf","display_name":"Vincent Dubuc","avatar_url":"https:\/\/secure.gravatar.com\/avatar\/d015720652c25fd2ced191ade86430094e1f288a17483713e3b34d26dea52507?s=96&d=mm&r=g","author_category":"","user_url":"https:\/\/la-presse-anarchiste.net","last_name":"Dubuc","first_name":"Vincent","job_title":"","description":""}],"_links":{"self":[{"href":"https:\/\/la-presse-anarchiste.net\/index.php\/wp-json\/wp\/v2\/posts\/1428","targetHints":{"allow":["GET"]}}],"collection":[{"href":"https:\/\/la-presse-anarchiste.net\/index.php\/wp-json\/wp\/v2\/posts"}],"about":[{"href":"https:\/\/la-presse-anarchiste.net\/index.php\/wp-json\/wp\/v2\/types\/post"}],"author":[{"embeddable":true,"href":"https:\/\/la-presse-anarchiste.net\/index.php\/wp-json\/wp\/v2\/users\/1"}],"replies":[{"embeddable":true,"href":"https:\/\/la-presse-anarchiste.net\/index.php\/wp-json\/wp\/v2\/comments?post=1428"}],"version-history":[{"count":0,"href":"https:\/\/la-presse-anarchiste.net\/index.php\/wp-json\/wp\/v2\/posts\/1428\/revisions"}],"wp:attachment":[{"href":"https:\/\/la-presse-anarchiste.net\/index.php\/wp-json\/wp\/v2\/media?parent=1428"}],"wp:term":[{"taxonomy":"category","embeddable":true,"href":"https:\/\/la-presse-anarchiste.net\/index.php\/wp-json\/wp\/v2\/categories?post=1428"},{"taxonomy":"post_tag","embeddable":true,"href":"https:\/\/la-presse-anarchiste.net\/index.php\/wp-json\/wp\/v2\/tags?post=1428"},{"taxonomy":"author","embeddable":true,"href":"https:\/\/la-presse-anarchiste.net\/index.php\/wp-json\/wp\/v2\/ppma_author?post=1428"}],"curies":[{"name":"wp","href":"https:\/\/api.w.org\/{rel}","templated":true}]}}