{"id":143,"date":"1965-10-01T00:06:11","date_gmt":"1965-10-01T00:06:11","guid":{"rendered":"https:\/\/la-presse-anarchiste.net\/index.php\/2007\/02\/09\/plaidoyer-pour-une-nouvelle-methode\/"},"modified":"2024-04-22T04:33:59","modified_gmt":"2024-04-22T04:33:59","slug":"plaidoyer-pour-une-nouvelle-methode","status":"publish","type":"post","link":"https:\/\/la-presse-anarchiste.net\/index.php\/1965\/10\/01\/plaidoyer-pour-une-nouvelle-methode\/","title":{"rendered":"Plaidoyer pour une nouvelle m\u00e9thode"},"content":{"rendered":"<div class=\"pdfprnt-buttons pdfprnt-buttons-post pdfprnt-top-right\"><a href=\"https:\/\/la-presse-anarchiste.net\/index.php\/wp-json\/wp\/v2\/posts\/143?print=pdf\" class=\"pdfprnt-button pdfprnt-button-pdf\" target=\"_blank\"><img decoding=\"async\" src=\"https:\/\/la-presse-anarchiste.net\/wp-content\/plugins\/pdf-print\/images\/pdf.png\" alt=\"image_pdf\" title=\"Afficher le PDF\"><\/a><a href=\"https:\/\/la-presse-anarchiste.net\/index.php\/wp-json\/wp\/v2\/posts\/143?print=print\" class=\"pdfprnt-button pdfprnt-button-print\" target=\"_blank\"><img decoding=\"async\" src=\"https:\/\/la-presse-anarchiste.net\/wp-content\/plugins\/pdf-print\/images\/print.png\" alt=\"image_print\" title=\"Contenu imprim\u00e9\"><\/a><\/div><div align=\"justify\">\n<p>Il est dif\u00adfi\u00adcile de croire \u00e0 une action ori\u00adgi\u00adnale des anar\u00adchistes non vio\u00adlents \u00e0 l\u2019heure actuelle. Ce que nous pou\u00advons, par contre, r\u00e9a\u00adli\u00adser, ce sont des actions com\u00admunes, soit avec des anar\u00adchistes de m\u00e9thodes tra\u00addi\u00adtion\u00adnelles, soit avec des non-vio\u00adlents non anarchistes.<\/p>\n<p style=\"text-align: justify;\">Le M.C.A.A. et l\u2019A.C.N.V. nous offrent, par exemple, un ter\u00adrain favo\u00adrable et des pos\u00adsi\u00adbi\u00adli\u00adt\u00e9s d\u2019af\u00adfir\u00admer nos id\u00e9es en d\u00e9pas\u00adsant ou pro\u00adlon\u00adgeant leur action propre.<\/p>\n<p style=\"text-align: justify;\">Pour ce qui est du mou\u00adve\u00adment anar\u00adchiste, on y ren\u00adcontre peu d\u2019anarchistes vio\u00adlents et il semble qu\u2019il serait bien sou\u00advent facile de faire d\u00e9vier leurs mani\u00adfes\u00adta\u00adtions\u00ab&nbsp;bruyantes&nbsp;\u00bb en mani\u00adfes\u00adta\u00adtions silen\u00adcieuses, ce qui serait d\u00e9j\u00e0 un d\u00e9but de sagesse et de d\u00e9mys\u00adti\u00adfi\u00adca\u00adtion du bruit, celui-ci n\u2019\u00e9\u00adtant pas l\u2019af\u00adfir\u00adma\u00adtion d\u2019une force mais son impo\u00adsi\u00adtion. Il ne semble pas qu\u2019il y ait incom\u00adpa\u00adti\u00adbi\u00adli\u00adt\u00e9 entre les m\u00e9thodes tra\u00addi\u00adtion\u00adnelles du mou\u00adve\u00adment anar\u00adchiste et les n\u00f4tres. Il sera sou\u00advent pos\u00adsible de nous entendre&nbsp;; seuls l\u2019ha\u00adbi\u00adtude, la faci\u00adli\u00adt\u00e9, le manque d\u2019o\u00adri\u00adgi\u00adna\u00adli\u00adt\u00e9 et la rou\u00adtine le poussent le plus sou\u00advent \u00e0 uti\u00adli\u00adser ce style sur\u00adan\u00adn\u00e9 et inactuel.<\/p>\n<p style=\"text-align: justify;\">Les anar\u00adchistes de m\u00e9thodes tra\u00addi\u00adtion\u00adnelles ont peur que, par notre exemple et notre pro\u00ads\u00e9\u00adly\u00adtisme, le mou\u00adve\u00adment anar\u00adchiste ne sombre dans une sorte de soci\u00e9\u00adt\u00e9 plus ou moins \u00e9so\u00adt\u00e9\u00adrique et her\u00adm\u00e9\u00adtique, fer\u00adm\u00e9e \u00e0 l\u2019ac\u00adtion et r\u00e9ser\u00adv\u00e9e au per\u00adfec\u00adtion\u00adne\u00adment indi\u00advi\u00adduel. Ils ont peur de voir les anar\u00adchistes deve\u00adnir des\u00ab&nbsp;moines ath\u00e9es&nbsp;\u00bb, lucides et clair\u00advoyants certes, mais vivant sur une\u00ab&nbsp;autre pla\u00adn\u00e8te&nbsp;\u00bb. Nous pou\u00advons, semble-t-il, r\u00e9pondre \u00e0 de tels argu\u00adments, somme toute assez pauvres, par des ques\u00adtions per\u00adti\u00adnentes et dif\u00adfi\u00adci\u00adle\u00adment r\u00e9so\u00adlubles par eux. Qu\u2019est deve\u00adnu le mou\u00adve\u00adment anar\u00adchiste si ce n\u2019est une cha\u00adpelle et une p\u00e9pi\u00adni\u00e8re d\u2019en-dehors&nbsp;?<\/p>\n<p style=\"text-align: justify;\">Aucun anar\u00adchiste contem\u00adpo\u00adrain, aucun groupe d\u2019a\u00adnar\u00adchistes n\u2019a aujourd\u2019\u00adhui d\u2019in\u00adfluence sur le mou\u00adve\u00adment ouvrier et syn\u00addi\u00adcal par exemple.<\/p>\n<p style=\"text-align: justify;\">Dans le paci\u00adfisme, s\u2019il est vrai que Lecoin a r\u00e9us\u00adsi \u00e0 s\u2019im\u00adpo\u00adser, Il l\u2019a fait presque seul et en dehors du mou\u00adve\u00adment. \u00c0 telle enseigne qu\u2019en 1963, ou peu apr\u00e8s, la F\u00e9d\u00e9\u00adra\u00adtion anar\u00adchiste a refu\u00ads\u00e9 \u00e0 la presque una\u00adni\u00admi\u00adt\u00e9 de lan\u00adcer l\u2019heb\u00addo\u00adma\u00addaire qu\u2019il deman\u00addait de peur de ne pas tenir. C\u2019\u00e9\u00adtait vrai\u00adment man\u00adquer de la plus \u00e9l\u00e9\u00admen\u00adtaire \u00e9ner\u00adgie et un exemple fla\u00adgrant du manque de confiance de ses mili\u00adtants dans sa repr\u00e9sentativit\u00e9&nbsp;!<\/p>\n<p style=\"text-align: justify;\">On a pris dans le mou\u00adve\u00adment anar\u00adchiste l\u2019ha\u00adbi\u00adtude de faire sem\u00adblant de croire, et de faire croire, \u00e0 une r\u00e9vo\u00adlu\u00adtion trans\u00adfor\u00admant d\u2019un coup de baguette magique la soci\u00e9\u00adt\u00e9 capi\u00adta\u00adliste en soci\u00e9\u00adt\u00e9 liber\u00adtaire, voire anar\u00adchiste. On a affir\u00adm\u00e9 et r\u00e9p\u00e9\u00adt\u00e9 \u00e0 sati\u00e9\u00adt\u00e9 \u00eatre les seuls repr\u00e9\u00adsen\u00adtants qua\u00adli\u00adfi\u00e9s d\u2019une r\u00e9vo\u00adlu\u00adtion int\u00e9\u00adgrale, face aux mar\u00adxistes. Soyons plus modestes. Il est ridi\u00adcule, actuel\u00adle\u00adment, de croire \u00e0 une r\u00e9vo\u00adlu\u00adtion liber\u00adtaire, voire \u00e0 une r\u00e9vo\u00adlu\u00adtion tout court dans nos soci\u00e9\u00adt\u00e9s hyper cen\u00adtra\u00adli\u00adsa\u00adtrices. Il parait impos\u00adsible \u00e0 l\u2019heure actuelle de croire et de faire croire \u00e0 un chan\u00adge\u00adment brusque, ce serait nier la com\u00adplexi\u00adt\u00e9 de l\u2019or\u00adga\u00adnisme social et de l\u2019\u00e9\u00advo\u00adlu\u00adtion. Il n\u2019y a pas, actuel\u00adle\u00adment, d\u2019an\u00adta\u00adgo\u00adnisme majeur entre mar\u00adxistes et anar\u00adchistes, si ce n\u2019est sur le papier et dans les mots. Nous devrons dans nos actions futures tra\u00advailler c\u00f4te \u00e0 c\u00f4te tant avec les mar\u00adxistes qu\u2019a\u00advec les autres forces de pro\u00adgr\u00e8s social, allant vers plus de bien-\u00eatre, de jus\u00adtice et de liber\u00adt\u00e9. Nous devrons, \u00e0 d\u00e9faut de pos\u00adsi\u00adbi\u00adli\u00adt\u00e9s et de capa\u00adci\u00adt\u00e9s suf\u00adfi\u00adsantes pour assu\u00adrer le suc\u00adc\u00e8s d\u2019une r\u00e9vo\u00adlu\u00adtion, comp\u00adter avec ces forces ext\u00e9\u00adrieures et les \u00e9pau\u00adler dans leur action quo\u00adti\u00addienne. Nous devrons nous conten\u00adter du r\u00f4le d\u2019ap\u00adpoint et de second plan qui nous carac\u00adt\u00e9\u00adrise vu notre petit nombre. Nous devrons aban\u00addon\u00adner le stade des sp\u00e9\u00adcu\u00adla\u00adtions intel\u00adlec\u00adtuelles, lais\u00adser de c\u00f4t\u00e9 nos vagues pro\u00adjets de soci\u00e9\u00adt\u00e9s futures et essayer de tirer de la soci\u00e9\u00adt\u00e9 actuelle le maxi\u00admum pos\u00adsible et, n\u00e9an\u00admoins, il n\u2019est pas ques\u00adtion, m\u00eame dans cette optique, d\u2019ou\u00adblier nos aspi\u00adra\u00adtions \u00e0\u00ab&nbsp;autre chose&nbsp;\u00bb de plus satis\u00adfai\u00adsant, mais de tenir compte de notre tr\u00e8s modeste poten\u00adtiel humain. Nous devrons, avant tout et sur\u00adtout, adap\u00adter notre atti\u00adtude \u00e0 nos aspi\u00adra\u00adtions et ces\u00adser de brailler n\u00e9ga\u00adti\u00adve\u00adment comme nous l\u2019a\u00advons fait jus\u00adqu\u2019a\u00adlors contre tout ce qui se fait en dehors de nous&nbsp;: notre inac\u00adtion et notre d\u00e9ta\u00adche\u00adment des masses nous enl\u00e8vent le droit de les renier, nous vivons par\u00admi elles, nous en somme par\u00adtie int\u00e9\u00adgrante et n\u2019a\u00advons pas le droit de les bafouer ni de les sous-estimer.<\/p>\n<p style=\"text-align: justify;\">En cons\u00e9\u00adquence de tout cela il sera n\u00e9ces\u00adsaire, et ce d\u00e8s aujourd\u2019\u00adhui, de tra\u00advailler par\u00adtout o\u00f9 cela nous est pos\u00adsible&nbsp;: M.C.A.A., I.R.G., A.C.N.V., F.A., coop\u00e9\u00adra\u00adtives, syn\u00addi\u00adcats ouvriers, Libre pen\u00ads\u00e9e, ami\u00adcales la\u00efques, Plan\u00adning fami\u00adlial, etc., et appuyer, entra\u00ee\u00adner etc., et appuyer, entra\u00ee\u00adner et d\u00e9bor\u00adder l\u2019ac\u00adtion de ces mou\u00adve\u00adments, non pas du haut de notre tour d\u2019i\u00advoire, et par des cris d\u2019in\u00advec\u00adtives, mais en y p\u00e9n\u00e9\u00adtrant et en y assu\u00admant des res\u00adpon\u00adsa\u00adbi\u00adli\u00adt\u00e9s effectives.<\/p>\n<p style=\"text-align: justify;\">Il ne s\u2019a\u00adgit plus de savoir si le Plan\u00adning fami\u00adlial est bour\u00adgeois, timo\u00adr\u00e9, moins r\u00e9vo\u00adlu\u00adtion\u00adnaire que le mou\u00adve\u00adment n\u00e9o-mal\u00adthu\u00adsien, mais de consta\u00adter qu\u2019il a r\u00e9us\u00adsi \u00e0 faire p\u00e9n\u00e9\u00adtrer dans tous les milieux ou presque, l\u2019i\u00add\u00e9e du droit de la femme \u00e0 une mater\u00adni\u00adt\u00e9 libre\u00adment consen\u00adtie, et n\u2019\u00e9\u00adtait-ce pas l\u00e0 pour nous l\u2019es\u00adsen\u00adtiel de ce mou\u00adve\u00adment d\u2019opinion&nbsp;?<\/p>\n<p style=\"text-align: justify;\">Il ne s\u2019a\u00adgit plus de chan\u00adter sur tous les toits, sur tous les tons que le syn\u00addi\u00adca\u00adlisme est r\u00e9for\u00admiste ou qua\u00adsi int\u00e9\u00adgr\u00e9, mais d\u2019a\u00adgir n\u00e9an\u00admoins en son sein pour obte\u00adnir plus de s\u00e9cu\u00adri\u00adt\u00e9, plus de loi\u00adsirs, plus de droits, etc., en un mot d\u2019exi\u00adger pour les pro\u00adduc\u00adteurs que nous sommes une part plus impor\u00adtante de ce qui existe, et cette action ne nous obli\u00adge\u00adra nul\u00adle\u00adment \u00e0 aban\u00addon\u00adner nos reven\u00addi\u00adca\u00adtions r\u00e9vo\u00adlu\u00adtion\u00adnaires et ges\u00adtion\u00adnaires, par exemple.<\/p>\n<p style=\"text-align: justify;\">Avons-nous d\u2019ailleurs encore l\u00e0 agi bien dif\u00adf\u00e9\u00adrem\u00adment jus\u00adqu\u2019a\u00adlors, et ce depuis la nais\u00adsance du syn\u00addi\u00adca\u00adlisme&nbsp;? Nous avons lut\u00adt\u00e9 pour les qua\u00adrante heures, nous avons jus\u00adti\u00adfi\u00e9 celles-ci nagu\u00e8re, elles sont dis\u00adpa\u00adrues depuis 20 ans d\u00e9j\u00e0. Cette reven\u00addi\u00adca\u00adtion ne vau\u00addrait-elle plus rien aujourd\u2019\u00adhui&nbsp;? Soyons r\u00e9a\u00adlistes&nbsp;! Les syn\u00addi\u00adcats ne repr\u00e9\u00adsen\u00adte\u00adraient plus rien, les par\u00adtis poli\u00adtiques seraient abjects, belles affir\u00adma\u00adtions, belles v\u00e9ri\u00adt\u00e9s certes, mais quoi de nou\u00adveau dans tout cela. Il est tout de m\u00eame trop facile de cri\u00adti\u00adquer sans rien r\u00e9a\u00adli\u00adser. On a effec\u00adti\u00adve\u00adment ain\u00adsi les mains propres&nbsp;; en tant qu\u2019a\u00adnar\u00adchiste, on est anti-par\u00adle\u00admen\u00adta\u00adriste, anti-ci, anti-\u00e7a, et c\u2019est facile. Mais a\u2011t-on la conscience aus\u00adsi tran\u00adquille&nbsp;? Se dire mili\u00adtant, enga\u00adg\u00e9, et gueu\u00adler, seule\u00adment gueu\u00adler, m\u00eame tr\u00e8s fort, d\u00e9non\u00adcer Pierre ou Paul, \u00e7a finit \u00e0 la longue par res\u00adsem\u00adbler \u00e0 une escro\u00adque\u00adrie morale, \u00e0 du chantage.<\/p>\n<p style=\"text-align: justify;\">La la\u00ef\u00adci\u00adt\u00e9&nbsp;: l\u00e0 encore, \u00e7a gueule et \u00e7a constate&nbsp;: les cl\u00e9\u00adri\u00adcaux sont par\u00adtout et notam\u00adment dans les \u00e9coles la\u00efques en tant qu\u2019en\u00adsei\u00adgnants, h\u00e9las, c\u2019est vrai&nbsp;! L\u2019\u00c9\u00adglise s\u2019est adap\u00adt\u00e9e, la la\u00ef\u00adci\u00adt\u00e9 \u00e9tait trop bien ancr\u00e9e dans les esprits, elle l\u2019a admise\u2026 et adap\u00adt\u00e9e. Celle-ci est deve\u00adnue large et ouverte comme disaient nos chr\u00e9\u00adtiens la\u00efques, ce qui dans leur esprit signi\u00adfie&nbsp;: neutre, amorphe m\u00eame, dirons-nous&nbsp;; contrai\u00adre\u00adment \u00e0 ce que nous vou\u00addrions qu\u2019elle soit&nbsp;: reven\u00addi\u00adca\u00adtive et dyna\u00admique. Les vieux ins\u00adti\u00adtu\u00adteurs \u00e9taient sou\u00advent confor\u00admistes et\u00ab&nbsp;patrio\u00adtards&nbsp;\u00bb, c\u2019est vrai, mais ils \u00e9taient aus\u00adsi libres pen\u00adseurs pour beau\u00adcoup&nbsp;; que sont-ils main\u00adte\u00adnant&nbsp;? Pour la plu\u00adpart, de simples robots sans \u00e2me res\u00adsas\u00adsant les pro\u00adgrammes d\u2019\u00c9\u00adtat, des fonc\u00adtion\u00adnaires avec tout ce que ce terme peut com\u00adpor\u00adter d\u2019ex\u00e9crable.<\/p>\n<p style=\"text-align: justify;\">Les cl\u00e9\u00adri\u00adcaux ont enva\u00adhi les colo\u00adnies de vacances et les mou\u00adve\u00adments de jeu\u00adnesse, mais o\u00f9 sont les patro\u00adnages la\u00efques d\u2019an\u00adtan&nbsp;? O\u00f9 sont les sec\u00adtions cultu\u00adrelles d\u2019a\u00admi\u00adcales la\u00efques&nbsp;? L\u00e0 encore, nous avons r\u00e2l\u00e9&nbsp;: la la\u00ef\u00adci\u00adt\u00e9, sujet mineur, \u00e9tait acquise et d\u00e9pas\u00ads\u00e9e. Pour les anar\u00adchistes, d\u2019autres com\u00adbats, plus gran\u00addioses, atten\u00addaient\u200a\u2014\u200ala r\u00e9vo\u00adlu\u00adtion, par exemple. L\u2019en\u00adnui c\u2019est qu\u2019elle attend encore et risque d\u2019at\u00adtendre longtemps.<\/p>\n<p style=\"text-align: justify;\">\u00c0 l\u2019heure o\u00f9 l\u2019\u00c9\u00adglise accepte de sup\u00adpri\u00admer les je\u00fbnes du ven\u00addre\u00addi, dans nos colo\u00adnies de vacances la\u00efques, mais n\u00e9an\u00admoins bien-pen\u00adsantes, il est recom\u00adman\u00add\u00e9, quand il n\u2019est pas obli\u00adga\u00adtoire, et c\u2019est une r\u00e8gle qua\u00adsi g\u00e9n\u00e9\u00adrale, de ne pas ser\u00advir de viande le ven\u00addre\u00addi, pen\u00adsez donc, \u00e7a pour\u00adrait g\u00eaner cer\u00adtains parents&nbsp;; ce n\u2019est d\u00e9ci\u00add\u00e9\u00adment plus de la tol\u00e9\u00adrance, c\u2019est de la l\u00e2che\u00adt\u00e9 pure et simple.<\/p>\n<p style=\"text-align: justify;\">Pour des com\u00adbats p\u00e9ri\u00adm\u00e9s, la la\u00ef\u00adci\u00adt\u00e9 et l\u2019an\u00adti\u00adcl\u00e9\u00adri\u00adca\u00adlisme sont pour\u00adtant l\u00e0 et bien l\u00e0&nbsp;; et il serait peut-\u00eatre encore temps d\u2019a\u00advi\u00adser et de s\u2019y int\u00e9resser.<\/p>\n<p style=\"text-align: justify;\">Le com\u00adbat contre les bombes ther\u00admo\u00adnu\u00adcl\u00e9aires nous per\u00admet lui-aus\u00adsi, mal\u00adgr\u00e9 les lacunes des mou\u00adve\u00adments sp\u00e9\u00adcia\u00adli\u00ads\u00e9s, tel le M.C.A.A., de lut\u00adter contre la guerre, contre les arme\u00adments, etc. Serait-ce anti-anar\u00adchiste que cer\u00adtains rechignent et ne se sentent pas concer\u00adn\u00e9s&nbsp;? Une simple dose de bon sens pour\u00adrait peut-\u00eatre les aider \u00e0 com\u00adprendre la n\u00e9ces\u00adsi\u00adt\u00e9 de notre participation.<\/p>\n<p style=\"text-align: justify;\">Nous pour\u00adrions pas\u00adser en revue toutes les acti\u00advi\u00adt\u00e9s humaines, par\u00adtout nous y aurions notre place mar\u00adqu\u00e9e et sou\u00advent vide. Ce qui fait jus\u00adte\u00adment la valeur de l\u2019a\u00adnar\u00adchisme et le dif\u00adf\u00e9\u00adren\u00adcie du mar\u00adxisme, par exemple, c\u2019est avant tout son uni\u00adver\u00adsa\u00adli\u00adt\u00e9. L\u2019ar\u00adgu\u00adment est trop banal qui nous est oppo\u00ads\u00e9&nbsp;: la dis\u00adper\u00adsion de nos forces&nbsp;; la belle affaire, rien ne nous emp\u00eache de nous r\u00e9unir p\u00e9rio\u00addi\u00adque\u00adment et d\u2019\u00e9tudier ensemble les pos\u00adsi\u00adbi\u00adli\u00adt\u00e9s qui nous sont offertes, l\u2019argument ne tient pas. Encore une fois, avons-nous agi dif\u00adf\u00e9\u00adrem\u00adment jus\u00adqu\u2019a\u00adlors&nbsp;? Non, mais nous n\u2019a\u00advons pas eu le cou\u00adrage de recon\u00adna\u00eetre notre fai\u00adblesse num\u00e9\u00adrique, nous avons vou\u00adlu faire figure de force unique et uni\u00adver\u00adselle face au mar\u00adxisme. Ayons le cou\u00adrage de lais\u00adser tom\u00adber de pareilles affir\u00adma\u00adtions, ces\u00adsons ce bluff de soi-disant mil\u00adliers d\u2019a\u00adnar\u00adchistes qui bien qu\u2019i\u00adnor\u00adga\u00adni\u00ads\u00e9s auraient une influence consi\u00add\u00e9\u00adrable dans l\u2019actuel.<\/p>\n<p style=\"text-align: justify;\">Notre force, notre pr\u00e9\u00adsence nous l\u2019im\u00adpo\u00adse\u00adrons dans l\u2019a\u00adve\u00adnir non avec des mots creux et pseu\u00addo-savants, non avec des jour\u00adnaux ou des revues bien faits certes, mais sans lec\u00adteurs, non avec des congr\u00e8s admi\u00adnis\u00adtra\u00adtifs et ridi\u00adcules par le vide de leurs dis\u00adcus\u00adsions et la vani\u00adt\u00e9 de leurs r\u00e9so\u00adlu\u00adtions, mais avec des actes concrets et posi\u00adtifs, au nom de n\u2019im\u00adporte qui, de n\u2019im\u00adporte quoi, et m\u00eame ano\u00adny\u00adme\u00adment si n\u00e9cessaire.<\/p>\n<p style=\"text-align: justify;\">Il est hors de pro\u00adpos que, parce que par\u00adti\u00adsans des m\u00e9thodes non vio\u00adlentes, nous aban\u00addon\u00adnions l\u2019i\u00add\u00e9e d\u2019un anar\u00adchisme r\u00e9vo\u00adlu\u00adtion\u00adnaire&nbsp;; nous vou\u00adlons avant tout mettre nos actes au dia\u00adpa\u00adson de nos id\u00e9es, aban\u00addon\u00adner cet ersatz de vio\u00adlence n\u00e9ga\u00adtive qui n\u2019ose pas dire son nom et avouer son insuf\u00adfi\u00adsance, \u00e9loi\u00adgner ce r\u00e9vo\u00adlu\u00adtion\u00adna\u00adrisme ver\u00adbal, tou\u00adjours en retard d\u2019une r\u00e9vo\u00adlu\u00adtion d\u2019ailleurs, voir l\u2019Al\u00adg\u00e9\u00adrie, et des\u00adti\u00adn\u00e9 consciem\u00adment ou non \u00e0 pal\u00adlier l\u2019in\u00adcon\u00adsis\u00adtance de nos m\u00e9thodes face aux pro\u00adbl\u00e8mes, h\u00e9las&nbsp;! com\u00adplexes du monde moderne.<\/p>\n<p style=\"text-align: justify;\">Le mou\u00adve\u00adment anar\u00adchiste tra\u00addi\u00adtion\u00adnel en se can\u00adton\u00adnant dans cette posi\u00adtion devien\u00addra bien\u00adt\u00f4t, s\u2019il ne l\u2019est d\u00e9j\u00e0, un frein aux id\u00e9es nou\u00advelles plu\u00adt\u00f4t qu\u2019un cou\u00adrant d\u2019a\u00advant-garde. Il n\u2019est que de par\u00adcou\u00adrir rapi\u00adde\u00adment l\u2019his\u00adtoire uni\u00adver\u00adselle pour consta\u00adter la dis\u00adpa\u00adri\u00adtion pro\u00adgres\u00adsive de la vio\u00adlence dans les rap\u00adports humains, et son rem\u00adpla\u00adce\u00adment, lent il est vrai, mais effec\u00adtif, par la notion de dia\u00adlogue et de droits de plus en plus recon\u00adnue par les dif\u00adf\u00e9\u00adrentes par\u00adties en pr\u00e9sence.<\/p>\n<p style=\"text-align: justify;\">Si, d\u00e8s aujourd\u2019\u00adhui, nous avons le cou\u00adrage d\u2019ou\u00adblier ce que nous f\u00fbmes et d\u2019en\u00advi\u00adsa\u00adger l\u2019a\u00adve\u00adnir avec cette nou\u00advelle optique, alors l\u2019a\u00adnar\u00adchisme chan\u00adge\u00adra de visage, rede\u00advien\u00addra le p\u00f4le d\u2019at\u00adtrac\u00adtion qu\u2019il fut il y a quelques d\u00e9cades, et ce sera l\u00e0 notre plus grand souhait.<\/p>\n<p style=\"text-align: right;\">Lucien Gre\u00adlaud<\/p>\n<\/div>\n","protected":false},"excerpt":{"rendered":"<p>Il est dif\u00adfi\u00adcile de croire \u00e0 une action ori\u00adgi\u00adnale des anar\u00adchistes non vio\u00adlents \u00e0 l\u2019heure actuelle. Ce que nous pou\u00advons, par contre, r\u00e9a\u00adli\u00adser, ce sont des actions com\u00admunes, soit avec des anar\u00adchistes de m\u00e9thodes tra\u00addi\u00adtion\u00adnelles, soit avec des non-vio\u00ad\u00adlents non anar\u00adchistes. Le M.C.A.A. et l\u2019A.C.N.V. nous offrent, par exemple, un ter\u00adrain favo\u00adrable et des possibilit\u00e9s&nbsp;[\u2026]<\/p>\n","protected":false},"author":76,"featured_media":5126,"comment_status":"closed","ping_status":"closed","sticky":false,"template":"wp-custom-template-page-d-article","format":"standard","meta":{"wp_typography_post_enhancements_disabled":false,"footnotes":""},"categories":[19],"tags":[],"ppma_author":[743],"class_list":["post-143","post","type-post","status-publish","format-standard","has-post-thumbnail","hentry","category-anarchisme-et-non-violence-na2-octobre-1965"],"authors":[{"term_id":743,"user_id":76,"is_guest":0,"slug":"lucien-grelaud","display_name":"Lucien Grelaud","avatar_url":"https:\/\/secure.gravatar.com\/avatar\/edb810c0d017dda996fefd36b5ce6b952e9c60e00c3dfcececb876fd11bc1f55?s=96&d=mm&r=g","author_category":"","user_url":"","last_name":"Grelaud","first_name":"Lucien","job_title":"","description":""}],"_links":{"self":[{"href":"https:\/\/la-presse-anarchiste.net\/index.php\/wp-json\/wp\/v2\/posts\/143","targetHints":{"allow":["GET"]}}],"collection":[{"href":"https:\/\/la-presse-anarchiste.net\/index.php\/wp-json\/wp\/v2\/posts"}],"about":[{"href":"https:\/\/la-presse-anarchiste.net\/index.php\/wp-json\/wp\/v2\/types\/post"}],"author":[{"embeddable":true,"href":"https:\/\/la-presse-anarchiste.net\/index.php\/wp-json\/wp\/v2\/users\/76"}],"replies":[{"embeddable":true,"href":"https:\/\/la-presse-anarchiste.net\/index.php\/wp-json\/wp\/v2\/comments?post=143"}],"version-history":[{"count":3,"href":"https:\/\/la-presse-anarchiste.net\/index.php\/wp-json\/wp\/v2\/posts\/143\/revisions"}],"predecessor-version":[{"id":7014,"href":"https:\/\/la-presse-anarchiste.net\/index.php\/wp-json\/wp\/v2\/posts\/143\/revisions\/7014"}],"wp:featuredmedia":[{"embeddable":true,"href":"https:\/\/la-presse-anarchiste.net\/index.php\/wp-json\/wp\/v2\/media\/5126"}],"wp:attachment":[{"href":"https:\/\/la-presse-anarchiste.net\/index.php\/wp-json\/wp\/v2\/media?parent=143"}],"wp:term":[{"taxonomy":"category","embeddable":true,"href":"https:\/\/la-presse-anarchiste.net\/index.php\/wp-json\/wp\/v2\/categories?post=143"},{"taxonomy":"post_tag","embeddable":true,"href":"https:\/\/la-presse-anarchiste.net\/index.php\/wp-json\/wp\/v2\/tags?post=143"},{"taxonomy":"author","embeddable":true,"href":"https:\/\/la-presse-anarchiste.net\/index.php\/wp-json\/wp\/v2\/ppma_author?post=143"}],"curies":[{"name":"wp","href":"https:\/\/api.w.org\/{rel}","templated":true}]}}