{"id":1430,"date":"2008-04-05T16:52:08","date_gmt":"2008-04-05T16:52:08","guid":{"rendered":"https:\/\/la-presse-anarchiste.net\/index.php\/2008\/04\/05\/la-quinzaine-sociale-4\/"},"modified":"2008-04-05T16:52:08","modified_gmt":"2008-04-05T16:52:08","slug":"la-quinzaine-sociale-4","status":"publish","type":"post","link":"https:\/\/la-presse-anarchiste.net\/index.php\/2008\/04\/05\/la-quinzaine-sociale-4\/","title":{"rendered":"La quinzaine sociale"},"content":{"rendered":"<div class=\"pdfprnt-buttons pdfprnt-buttons-post pdfprnt-top-right\"><a href=\"https:\/\/la-presse-anarchiste.net\/index.php\/wp-json\/wp\/v2\/posts\/1430?print=pdf\" class=\"pdfprnt-button pdfprnt-button-pdf\" target=\"_blank\"><img decoding=\"async\" src=\"https:\/\/la-presse-anarchiste.net\/wp-content\/plugins\/pdf-print\/images\/pdf.png\" alt=\"image_pdf\" title=\"Afficher le PDF\"><\/a><a href=\"https:\/\/la-presse-anarchiste.net\/index.php\/wp-json\/wp\/v2\/posts\/1430?print=print\" class=\"pdfprnt-button pdfprnt-button-print\" target=\"_blank\"><img decoding=\"async\" src=\"https:\/\/la-presse-anarchiste.net\/wp-content\/plugins\/pdf-print\/images\/print.png\" alt=\"image_print\" title=\"Contenu imprim\u00e9\"><\/a><\/div><p>&nbsp;<\/p>\n<p style=\"text-indent: 1.46cm; margin-bottom: 0cm;\" align=\"justify\"><font face=\"Garamond, serif\"><font style=\"font-size: 13pt;\" size=\"3\"><b>Sam.<br>\n1<sup>er<\/sup> janv.<\/b>\u200a\u2014\u200aEntr\u00e9e en appli\u00adca\u00adtion de la&nbsp;carte<br>\net du timbre conf\u00e9d\u00e9raux.<\/font><\/font><\/p>\n<p style=\"text-indent: 1.46cm; margin-bottom: 0cm;\" align=\"justify\">\u2014<font face=\"Garamond, serif\"><font style=\"font-size: 13pt;\" size=\"3\">\tTroisi\u00e8me<br>\net der\u00adnier palier de la loi de 1905 fixant \u00e0 8 heures la<br>\njour\u00adn\u00e9e de tra\u00advail pour les mineurs employ\u00e9s l\u2019abatage.<\/font><\/font><\/p>\n<p style=\"text-indent: 1.46cm; margin-bottom: 0cm;\" align=\"justify\"><font face=\"Garamond, serif\"><font style=\"font-size: 13pt;\" size=\"3\"><i>Alle\u00admagne<\/i>.<br>\u200a\u2014\u200aOuver\u00adture dans le bas\u00adsin houiller de la Ruhr d\u2019une Bourse du<br>\nTra\u00advail patro\u00adnale pos\u00ads\u00e9\u00addant le mono\u00adpole du pla\u00adce\u00adment dans&nbsp;les<br>\nchar\u00adbon\u00adnages syndiqu\u00e9s.<\/font><\/font><\/p>\n<p style=\"text-indent: 1.46cm; margin-bottom: 0cm;\" align=\"justify\"><font face=\"Garamond, serif\"><font style=\"font-size: 13pt;\" size=\"3\"><i>Angle\u00adterre<\/i>.<br>\u200a\u2014\u200aEntr\u00e9e en vigueur de l\u2019acte ordon\u00adnant la jour\u00adn\u00e9e&nbsp;de<br>\n8 heures dans les mines du Nor\u00adthum\u00adber\u00adland et du Durham.<\/font><\/font><\/p>\n<p style=\"text-indent: 1.46cm; margin-bottom: 0cm;\" align=\"justify\"><font face=\"Garamond, serif\"><font style=\"font-size: 13pt;\" size=\"3\"><b>Dim.<br>\n2.<\/b>\u200a\u2014\u200aLes char\u00adre\u00adtiers de Graul\u00adhet, par soli\u00adda\u00adri\u00adt\u00e9&nbsp;avec<br>\nles m\u00e9gis\u00adsiers, refusent de faire aucun trans\u00adport pour&nbsp;les<br>\nusines dont le per\u00adson\u00adnel est en&nbsp;gr\u00e8ve.<\/font><\/font><\/p>\n<p style=\"text-indent: 1.46cm; margin-bottom: 0cm;\" align=\"justify\">\u2014<font face=\"Garamond, serif\"><font style=\"font-size: 13pt;\" size=\"3\">\tDissolution<br>\ndu groupe de D\u00e9fense Syn\u00addi\u00adca\u00adliste des Che\u00admins de&nbsp;fer.<\/font><\/font><\/p>\n<p style=\"text-indent: 1.46cm; margin-bottom: 0cm;\" align=\"justify\"><font face=\"Garamond, serif\"><font style=\"font-size: 13pt;\" size=\"3\"><i>Espagne<\/i>.<br>\u200a\u2014\u200aMee\u00adtings \u00e0 Bar\u00adce\u00adlone r\u00e9cla\u00admant l\u2019am\u00adnis\u00adtie en faveur<br>\ndes insur\u00adg\u00e9s de juillet.<\/font><\/font><\/p>\n<p style=\"text-indent: 1.46cm; margin-bottom: 0cm;\" align=\"justify\"><font face=\"Garamond, serif\"><font style=\"font-size: 13pt;\" size=\"3\"><b>Lun\u00addi<br>\n3.<\/b>\u200a\u2014\u200aGr\u00e8ve de cou\u00adpeurs \u00e0 la coop\u00e9\u00adra\u00adtive&nbsp;de<br>\nchaus\u00adsures \u00ab&nbsp;l\u2019A\u00adve\u00adnir des Tra\u00advailleurs Fougerais&nbsp;\u00bb.<\/font><\/font><\/p>\n<p style=\"text-indent: 1.46cm; margin-bottom: 0cm;\" align=\"justify\"><font face=\"Garamond, serif\"><font style=\"font-size: 13pt;\" size=\"3\"><i>Alle\u00admagne<\/i>.<br>\u200a\u2014\u200aCongr\u00e8s natio\u00adnal des socia\u00adlistes prus\u00adsiens pour l\u2019examen<br>\nde la lutte en faveur du suf\u00adfrage universel.<\/font><\/font><\/p>\n<p style=\"text-indent: 1.46cm; margin-bottom: 0cm;\" align=\"justify\"><font face=\"Garamond, serif\"><font style=\"font-size: 13pt;\" size=\"3\"><b>Mar\u00addi<br>\n1.<\/b>\u200a\u2014\u200aExode des enfants de Graul\u00adhet sur les villes du&nbsp;Midi.<\/font><\/font><\/p>\n<p style=\"text-indent: 1.46cm; margin-bottom: 0cm;\" align=\"justify\">\u2014<font face=\"Garamond, serif\"><font style=\"font-size: 13pt;\" size=\"3\">\tAssembl\u00e9e<br>\ng\u00e9n\u00e9\u00adrale du Syn\u00addi\u00adcat pari\u00adsien des Tra\u00advailleurs du&nbsp;gaz&nbsp;;<br>\nle secr\u00e9\u00adtaire Lajar\u00adrige r\u00e9pu\u00addie la gr\u00e8ve, pr\u00f4ne<br>\nl\u2019as\u00adso\u00adcia\u00adtion du Tra\u00advail avec le Capi\u00adtal et engage \u00e0 acheter<br>\ndes actions de la Soci\u00e9\u00adt\u00e9 du&nbsp;Gaz.<\/font><\/font><\/p>\n<p style=\"text-indent: 1.46cm; margin-bottom: 0cm;\" align=\"justify\"><font face=\"Garamond, serif\"><font style=\"font-size: 13pt;\" size=\"3\"><b>Mer\u00adcr.<br>\n5.<\/b>\u200a\u2014\u200aLock-out des cha\u00adpe\u00adliers d\u2019Es\u00adpe\u00adra\u00adza (Aude).<\/font><\/font><\/p>\n<p style=\"text-indent: 1.46cm; margin-bottom: 0cm;\" align=\"justify\">\u2014<font face=\"Garamond, serif\"><font style=\"font-size: 13pt;\" size=\"3\">\tConflits<br>\n\u00e0 la Bourse du Tra\u00advail de Paris entre le Pr\u00e9\u00adfet,&nbsp;les<br>\nSyn\u00addi\u00adcats et la Com\u00admis\u00adsion admi\u00adnis\u00adtra\u00adtive. Le Pr\u00e9\u00adfet impose<br>\naux Syn\u00addi\u00adcats l\u2019o\u00adbli\u00adga\u00adtion de sou\u00admettre leur comp\u00adta\u00adbi\u00adli\u00adt\u00e9&nbsp;\u00e0<br>\nses agents pour pou\u00advoir tou\u00adcher la sub\u00adven\u00adtion&nbsp;; il impose \u00e0&nbsp;la<br>\nC.A. l\u2019ad\u00admis\u00adsion, \u00e0 la Bourse, d\u2019un syn\u00addi\u00adcat de contr\u00f4leurs<br>\nd\u2019omnibus.<\/font><\/font><\/p>\n<p style=\"text-indent: 1.46cm; margin-bottom: 0cm;\" align=\"justify\">\u2014<font face=\"Garamond, serif\"><font style=\"font-size: 13pt;\" size=\"3\">\tDevant<br>\nla Soci\u00e9\u00adt\u00e9 d\u2019\u00c9\u00adco\u00adno\u00admie poli\u00adtique de Paris. A.<br>\nNey\u00admarck d\u00e9fend les grandes banques contre le reproche de&nbsp;ne<br>\npas favo\u00adri\u00adser assez l\u2019in\u00addus\u00adtrie&nbsp;; il annonce que l\u2019\u00e9lectrification<br>\npro\u00adchaine des che\u00admins de fer sera pour elles une occa\u00adsion nouvelle<br>\nd\u2019employer leurs immenses capitaux.<\/font><\/font><\/p>\n<p style=\"text-indent: 1.46cm; margin-bottom: 0cm;\" align=\"justify\"><font face=\"Garamond, serif\"><font style=\"font-size: 13pt;\" size=\"3\"><b>Jeu\u00addi<br>\n6.<\/b>\u200a\u2014\u200aGr\u00e9\u00advistes et femmes de gr\u00e9\u00advistes, se<br>\ncou\u00adchant sur le sol, emp\u00eachent, \u00e0 Graul\u00adhet, le transport<br>\ndes mar\u00adchan\u00addises \u00e0 la&nbsp;gares<\/font><\/font><\/p>\n<p style=\"text-indent: 1.46cm; margin-bottom: 0cm;\" align=\"justify\">\u2014<font face=\"Garamond, serif\"><font style=\"font-size: 13pt;\" size=\"3\">\tFin<br>\nmal\u00adheu\u00adreuse de la gr\u00e8ve des Tein\u00adtu\u00adriers de&nbsp;Lyon.<\/font><\/font><\/p>\n<p style=\"text-indent: 1.46cm; margin-bottom: 0cm;\" align=\"justify\"><font face=\"Garamond, serif\"><font style=\"font-size: 13pt;\" size=\"3\"><b>Vend.<br>\n7.<\/b>\u200a\u2014\u200aPre\u00admi\u00e8re repr\u00e9\u00adsen\u00adta\u00adtion, au \u00ab&nbsp;Vaudeville&nbsp;\u00bb,<br>\nde la <i>Bar\u00adri\u00adcade<\/i>, de Paul Bour\u00adget, ou la Jau\u00adnisse au th\u00e9\u00e2tre.<\/font><\/font><\/p>\n<p style=\"text-indent: 1.46cm; margin-bottom: 0cm;\" align=\"justify\"><font face=\"Garamond, serif\"><font style=\"font-size: 13pt;\" size=\"3\"><b>Dim.<br>\n9.<\/b>\u200a\u2014\u200aMani\u00adfes\u00adta\u00adtions, \u00e0 Paris, des gar\u00e7ons<br>\n\u00e9pi\u00adciers pour faire appli\u00adquer le repos hebdomadaire.<\/font><\/font><\/p>\n<p style=\"text-indent: 1.46cm; margin-bottom: 0cm;\" align=\"justify\"><font face=\"Garamond, serif\"><font style=\"font-size: 13pt;\" size=\"3\"><b>Lun\u00addi<br>\n10.<\/b>\u200a\u2014\u200aArres\u00adta\u00adtion de Laval, tr\u00e9\u00adso\u00adrier du Syn\u00addi\u00adcat&nbsp;de<br>\n\u00c9piciers.<\/font><\/font><\/p>\n<p style=\"text-indent: 1.46cm; margin-bottom: 0cm;\" align=\"justify\">\u2014<font face=\"Garamond, serif\"><font style=\"font-size: 13pt;\" size=\"3\">\tLes<br>\nSyn\u00addi\u00adcats des ouvriers et des employ\u00e9s des Industries<br>\n\u00c9lec\u00adtriques r\u00e9clament la r\u00e9in\u00adt\u00e9\u00adgra\u00adtion&nbsp;de<br>\nPataud.&nbsp;<\/font><\/font><\/p>\n<p style=\"text-indent: 1.46cm; margin-bottom: 0cm;\" align=\"justify\"><font face=\"Garamond, serif\"><font style=\"font-size: 13pt;\" size=\"3\"><b>Mar\u00addi<br>\n11.<\/b>\u200a\u2014\u200aLes patrons de Graul\u00adhet accordent 25 centimes<br>\nd\u2019aug\u00admen\u00adta\u00adtion aux femmes, mais refusent les neuf heures.<\/font><\/font><\/p>\n<p style=\"text-indent: 1.46cm; margin-bottom: 0cm;\" align=\"justify\"><font face=\"Garamond, serif\"><font style=\"font-size: 13pt;\" size=\"3\"><i>Bel\u00adgique<\/i>.<br>\u200a\u2014\u200aL\u2019As\u00adso\u00adcia\u00adtion des tis\u00adsages, en pr\u00e9\u00adsence de la crise&nbsp;que<br>\ntra\u00adverse l\u2019in\u00addus\u00adtrie coton\u00adni\u00e8re, d\u00e9cide l\u2019arr\u00eat<br>\ndes m\u00e9tiers un jour par semaine pen\u00addant trois&nbsp;mois.<\/font><\/font><\/p>\n<p style=\"text-indent: 1.46cm; margin-bottom: 0cm;\" align=\"justify\"><font face=\"Garamond, serif\"><font style=\"font-size: 13pt;\" size=\"3\"><b>Mer\u00adcr.<br>\n12.<\/b>\u200a\u2014\u200aLe direc\u00adteur de la Soci\u00e9\u00adt\u00e9 de Saint-Gobain,<br>\nM.&nbsp;Mayous\u00adsier, est incul\u00adp\u00e9 dans les pour\u00adsuites contre<br>\nl\u2019ac\u00adca\u00adpa\u00adre\u00adment des superphosphates.<\/font><\/font><\/p>\n<p style=\"text-indent: 1.46cm; margin-bottom: 0cm;\" align=\"justify\">\u2014<br>\n<font face=\"Garamond, serif\"><font style=\"font-size: 13pt;\" size=\"3\">Les<br>\ncom\u00admer\u00ad\u00e7ants de Cha\u00adgny (Sa\u00f4ne-et-Loire) d\u00e9cident<br>\nla gr\u00e8ve des consom\u00adma\u00adteurs du gaz si la Com\u00adpa\u00adgnie n\u2019abaisse<br>\nses&nbsp;prix.<\/font><\/font><\/p>\n<p style=\"text-indent: 1.46cm; margin-bottom: 0cm;\" align=\"justify\"><font face=\"Garamond, serif\"><font style=\"font-size: 13pt;\" size=\"3\"><b>Jeu\u00addi<br>\n13.<\/b>\u200a\u2014\u200aGr\u00e8ve des mar\u00e9\u00adchaux-fer\u00adrants parisiens.<\/font><\/font><\/p>\n<p style=\"text-indent: 1.46cm; margin-bottom: 0cm;\" align=\"justify\"><font face=\"Garamond, serif\"><font style=\"font-size: 13pt;\" size=\"3\"><b>Vend.<br>\n14.<\/b>\u200a\u2014\u200aMani\u00adfeste de la C.G.T. contre le pro\u00adjet gouvernemental<br>\ndes retraites ouvri\u00e8res.<\/font><\/font><\/p>\n<p style=\"text-indent: 1.46cm; margin-bottom: 0cm;\" align=\"justify\">\u2014<font face=\"Garamond, serif\"><font style=\"font-size: 13pt;\" size=\"3\">\tAssembl\u00e9e<br>\nde d\u00e9l\u00e9\u00adgu\u00e9s des Syn\u00addi\u00adcats pari\u00adsiens una\u00adnime&nbsp;\u00e0<br>\npro\u00adtes\u00adter contre les mai\u00adn\u0153uvres du Pr\u00e9\u00adfet de la Seine contre<br>\nla Bourse du Travail,<\/font><\/font><\/p>\n<p style=\"text-indent: 1.46cm; margin-bottom: 0cm;\" align=\"justify\">\u2014<font face=\"Garamond, serif\"><font style=\"font-size: 13pt;\" size=\"3\">\tLes<br>\npatrons de Graul\u00adhet d\u00e9cident, par r\u00e9f\u00e9\u00adren\u00addum,&nbsp;de<br>\nmain\u00adte\u00adnir \u00e0 9 heures et demie la jour\u00adn\u00e9e de travail.<\/font><\/font><\/p>\n<p style=\"text-indent: 1.46cm; margin-bottom: 0cm;\" align=\"justify\">\u2014<br>\n<font face=\"Garamond, serif\"><font style=\"font-size: 13pt;\" size=\"3\">VII<sup>e<\/sup><br>\nCongr\u00e8s, \u00e0 Nantes, des fabri\u00adcants de conserves.<\/font><\/font><\/p>\n<p style=\"text-indent: 1.46cm; margin-bottom: 0cm;\" align=\"justify\"><font face=\"Garamond, serif\"><font style=\"font-size: 13pt;\" size=\"3\"><b>Sam.<br>\n15.<\/b>\u200a\u2014\u200aCongr\u00e8s des Habi\u00adta\u00adtions \u00e0 bon marche.<\/font><\/font><\/p>\n<p style=\"text-indent: 1.46cm; margin-bottom: 0cm;\" align=\"justify\">\u2014<font face=\"Garamond, serif\"><font style=\"font-size: 13pt;\" size=\"3\">\tMise<br>\nen liber\u00adt\u00e9 pro\u00advi\u00adsoire de&nbsp;Laval.<\/font><\/font><\/p>\n<p style=\"text-indent: 1.46cm; margin-bottom: 0cm;\" align=\"justify\">\u2014<font face=\"Garamond, serif\"><font style=\"font-size: 13pt;\" size=\"3\">\tLe<br>\ngou\u00adver\u00adne\u00adment ordonne des pour\u00adsuites contre Her\u00adv\u00e9 pour&nbsp;un<br>\narticle de la <i>Guerre Sociale<\/i> com\u00admen\u00adtant l\u2019as\u00adsas\u00adsi\u00adnat du&nbsp;flic<br>\nDeray.<\/font><\/font><\/p>\n","protected":false},"excerpt":{"rendered":"<p>&nbsp; Sam. 1<sup>er<\/sup> janv.\u200a\u2014\u200aEntr\u00e9e en appli\u00adca\u00adtion de la&nbsp;carte et du timbre conf\u00e9\u00add\u00e9\u00adraux.\u200a\u2014\u200aTroi\u00adsi\u00e8me et der\u00adnier palier de la loi de 1905 fixant \u00e0 8 heures la jour\u00adn\u00e9e de tra\u00advail pour les mineurs employ\u00e9s l\u2019abatage. Alle\u00admagne.\u200a\u2014\u200aOuver\u00adture dans le bas\u00adsin houiller de la Ruhr d\u2019une Bourse du Tra\u00advail patro\u00adnale pos\u00ads\u00e9\u00addant le mono\u00adpole du pla\u00adce\u00adment dans&nbsp;les charbonnages&nbsp;[\u2026]<\/p>\n","protected":false},"author":1,"featured_media":0,"comment_status":"closed","ping_status":"closed","sticky":false,"template":"","format":"standard","meta":{"wp_typography_post_enhancements_disabled":false,"footnotes":""},"categories":[158],"tags":[],"ppma_author":[540],"class_list":["post-1430","post","type-post","status-publish","format-standard","hentry","category-la-vie-ouvriere-n8-20-janvier-1910"],"authors":[{"term_id":540,"user_id":1,"is_guest":0,"slug":"admin_3gikpwyf","display_name":"Vincent Dubuc","avatar_url":"https:\/\/secure.gravatar.com\/avatar\/d015720652c25fd2ced191ade86430094e1f288a17483713e3b34d26dea52507?s=96&d=mm&r=g","author_category":"","user_url":"https:\/\/la-presse-anarchiste.net","last_name":"Dubuc","first_name":"Vincent","job_title":"","description":""}],"_links":{"self":[{"href":"https:\/\/la-presse-anarchiste.net\/index.php\/wp-json\/wp\/v2\/posts\/1430","targetHints":{"allow":["GET"]}}],"collection":[{"href":"https:\/\/la-presse-anarchiste.net\/index.php\/wp-json\/wp\/v2\/posts"}],"about":[{"href":"https:\/\/la-presse-anarchiste.net\/index.php\/wp-json\/wp\/v2\/types\/post"}],"author":[{"embeddable":true,"href":"https:\/\/la-presse-anarchiste.net\/index.php\/wp-json\/wp\/v2\/users\/1"}],"replies":[{"embeddable":true,"href":"https:\/\/la-presse-anarchiste.net\/index.php\/wp-json\/wp\/v2\/comments?post=1430"}],"version-history":[{"count":0,"href":"https:\/\/la-presse-anarchiste.net\/index.php\/wp-json\/wp\/v2\/posts\/1430\/revisions"}],"wp:attachment":[{"href":"https:\/\/la-presse-anarchiste.net\/index.php\/wp-json\/wp\/v2\/media?parent=1430"}],"wp:term":[{"taxonomy":"category","embeddable":true,"href":"https:\/\/la-presse-anarchiste.net\/index.php\/wp-json\/wp\/v2\/categories?post=1430"},{"taxonomy":"post_tag","embeddable":true,"href":"https:\/\/la-presse-anarchiste.net\/index.php\/wp-json\/wp\/v2\/tags?post=1430"},{"taxonomy":"author","embeddable":true,"href":"https:\/\/la-presse-anarchiste.net\/index.php\/wp-json\/wp\/v2\/ppma_author?post=1430"}],"curies":[{"name":"wp","href":"https:\/\/api.w.org\/{rel}","templated":true}]}}