{"id":1432,"date":"2008-04-05T16:59:52","date_gmt":"2008-04-05T16:59:52","guid":{"rendered":"https:\/\/la-presse-anarchiste.net\/index.php\/2008\/04\/05\/la-greve-des-tisseurs-de-lille\/"},"modified":"2008-04-05T16:59:52","modified_gmt":"2008-04-05T16:59:52","slug":"la-greve-des-tisseurs-de-lille","status":"publish","type":"post","link":"https:\/\/la-presse-anarchiste.net\/index.php\/2008\/04\/05\/la-greve-des-tisseurs-de-lille\/","title":{"rendered":"La gr\u00e8ve des tisseurs de&nbsp;Lille"},"content":{"rendered":"<div class=\"pdfprnt-buttons pdfprnt-buttons-post pdfprnt-top-right\"><a href=\"https:\/\/la-presse-anarchiste.net\/index.php\/wp-json\/wp\/v2\/posts\/1432?print=pdf\" class=\"pdfprnt-button pdfprnt-button-pdf\" target=\"_blank\"><img decoding=\"async\" src=\"https:\/\/la-presse-anarchiste.net\/wp-content\/plugins\/pdf-print\/images\/pdf.png\" alt=\"image_pdf\" title=\"Afficher le PDF\"><\/a><a href=\"https:\/\/la-presse-anarchiste.net\/index.php\/wp-json\/wp\/v2\/posts\/1432?print=print\" class=\"pdfprnt-button pdfprnt-button-print\" target=\"_blank\"><img decoding=\"async\" src=\"https:\/\/la-presse-anarchiste.net\/wp-content\/plugins\/pdf-print\/images\/print.png\" alt=\"image_print\" title=\"Contenu imprim\u00e9\"><\/a><\/div><p>&nbsp;<\/p>\n<p style=\"text-indent: 1.46cm; margin-bottom: 0cm;\" align=\"justify\"><font face=\"Garamond, serif\"><font style=\"font-size: 13pt;\" size=\"3\">Une<br>\nnou\u00advelle fois, les tis\u00adseurs de Lille et envi\u00adrons, au nombre de&nbsp;5000<br>\nsont en gr\u00e8ve. Ils demandent l\u2019u\u00adni\u00adfi\u00adca\u00adtion des tarifs du<br>\ntis\u00adsage de la toile, de mani\u00e8re \u00e0 emp\u00ea\u00adcher&nbsp;la<br>\nconcur\u00adrence patro\u00adnale de s\u2019exer\u00adcer sur le dos des ouvriers.<\/font><\/font><\/p>\n<p style=\"text-indent: 1.46cm; margin-bottom: 0cm;\" align=\"justify\"><font face=\"Garamond, serif\"><font style=\"font-size: 13pt;\" size=\"3\">La<br>\ncor\u00adpo\u00adra\u00adtion des ouvriers tis\u00adseurs est peut-\u00eatre celle qui a&nbsp;\u00e9t\u00e9<br>\nle plus \u00e9prou\u00adv\u00e9e par les vicis\u00adsi\u00adtudes du r\u00e9gime<br>\ncapi\u00adta\u00adliste. C\u2019est elle qui, depuis un si\u00e8cle, a four\u00adni&nbsp;les<br>\nexemples les plus d\u00e9ci\u00adsifs, les plus sai\u00adsis\u00adsants de la mis\u00e8re<br>\nprol\u00e9tarienne.<\/font><\/font><\/p>\n<p style=\"text-indent: 1.46cm; margin-bottom: 0cm;\" align=\"justify\"><font face=\"Garamond, serif\"><font style=\"font-size: 13pt;\" size=\"3\">Qu\u2019on<br>\nse rap\u00adpelle l\u2019en\u00adqu\u00eate si pru\u00addente, si mesu\u00adr\u00e9e pourtant,<br>\nfaite sous le r\u00e8gne de Louis-Phi\u00adlippe, par l\u2019\u00e9conomiste<br>\nbour\u00adgeois Vil\u00adler\u00adm\u00e9&nbsp;: \u00ab&nbsp;De tous les quar\u00adtiers ouvriers de<br>\nla r\u00e9gion du Nord, des caves infectes et des gre\u00adniers glac\u00e9s,<br>\ns\u2019ex\u00adhale comme une odeur d\u2019ab\u00adjecte souf\u00adfrance. La mortalit\u00e9<br>\ndes enfants est effroyable&nbsp;: la tuber\u00adcu\u00adlose et la chlo\u00adrose bl\u00eamissent<br>\nle visage des femmes et d\u00e9ciment les g\u00e9n\u00e9rations.&nbsp;\u00bb<\/font><\/font><\/p>\n<p style=\"text-indent: 1.46cm; margin-bottom: 0cm;\" align=\"justify\"><font face=\"Garamond, serif\"><font style=\"font-size: 13pt;\" size=\"3\">Chose<br>\natroce&nbsp;: une par\u00adtie du patro\u00adnat sp\u00e9\u00adcu\u00adlait, non seule\u00adment&nbsp;sur<br>\ncette mis\u00e8re, mais encore sur les vices et la d\u00e9ch\u00e9ance<br>\nmorale qui en for\u00admaient la suite. Il est impos\u00adsible de lire&nbsp;sans<br>\nfr\u00e9\u00admir le t\u00e9moi\u00adgnage de Vil\u00adler\u00adm\u00e9&nbsp;: \u00ab&nbsp;Je<br>\npour\u00adrais nom\u00admer des villes o\u00f9 des fabri\u00adcants hono\u00adrables, des<br>\nmagis\u00adtrats, des membres de conseils muni\u00adci\u00adpaux et d\u2019autres personnes<br>\nnon moins dignes de foi, m\u2019ont dit avoir enten\u00addu des chefs&nbsp;de<br>\nmai\u00adsons, sur\u00adtout de mai\u00adsons r\u00e9centes et encore mal affermies,<br>\navouer que, loin de vou\u00adloir don\u00adne\u00adra \u00e0 la classe ouvri\u00e8re<br>\nde bonnes habi\u00adtudes, ils fai\u00adsaient des v\u0153ux, au contraire, pour&nbsp;que<br>\nl\u2019i\u00advro\u00adgne\u00adrie et la mau\u00advaise conduite s\u2019\u00e9\u00adten\u00addissent \u00e0<br>\ntous les indi\u00advi\u00addus qui la com\u00adposent&nbsp;: de cette mani\u00e8re, aucun<br>\nd\u2019eux ne pour\u00adrait sor\u00adtir de sa condition\u2026\u00bb<\/font><\/font><\/p>\n<p style=\"text-indent: 1.46cm; margin-bottom: 0cm;\" align=\"justify\"><font face=\"Garamond, serif\"><font style=\"font-size: 13pt;\" size=\"3\">Si<br>\nla vie des pro\u00adl\u00e9\u00adtaires du tex\u00adtile a \u00e9t\u00e9&nbsp;si<br>\nlong\u00adtemps d\u00e9pri\u00adm\u00e9e et dou\u00adlou\u00adreuse, c\u2019est que contre eux<br>\ntoutes les condi\u00adtions d\u00e9fa\u00advo\u00adrables de la production<br>\ncapi\u00adta\u00adliste se sont en quelque sorte coalis\u00e9es.<\/font><\/font><\/p>\n<p style=\"text-indent: 1.46cm; margin-bottom: 0cm;\" align=\"justify\"><font face=\"Garamond, serif\"><font style=\"font-size: 13pt;\" size=\"3\">D\u2019a\u00adbord<br>\ncomme l\u2019in\u00addus\u00adtrie du tis\u00adsage l\u2019a \u00e9t\u00e9 si long\u00adtemps, et<br>\nl\u2019est encore, par\u00adti\u00adcu\u00adli\u00e8\u00adre\u00adment dans le Cam\u00adbr\u00e9\u00adsis,&nbsp;\u00e0<br>\nmoi\u00adti\u00e9 orale, exer\u00adc\u00e9e \u00e0 son domi\u00adcile, par&nbsp;le<br>\nculti\u00adva\u00adteur, le salaire des tis\u00adseurs et tis\u00adseuses n\u2019a&nbsp;\u00e9t\u00e9<br>\nlong\u00adtemps qu\u2019un salaire d\u2019ap\u00adpoint&nbsp;: de l\u00e0 un point de d\u00e9part<br>\ntr\u00e8s faible pour l\u2019\u00e9\u00advo\u00adlu\u00adtion et l\u2019\u00e9\u00adva\u00adlua\u00adtion&nbsp;des<br>\nsalaires.<\/font><\/font><\/p>\n<p style=\"text-indent: 1.46cm; margin-bottom: 0cm;\" align=\"justify\"><font face=\"Garamond, serif\"><font style=\"font-size: 13pt;\" size=\"3\">En<br>\noutre, plus que dans les autres indus\u00adtries, s\u2019exerce la concurrence<br>\nd\u00e9pri\u00admante des femmes et des enfants.<\/font><\/font><\/p>\n<p style=\"text-indent: 1.46cm; margin-bottom: 0cm;\" align=\"justify\"><font face=\"Garamond, serif\"><font style=\"font-size: 13pt;\" size=\"3\">Enfin<br>\nc\u2019est dans le tex\u00adtile que les r\u00e9vo\u00adlu\u00adtions tech\u00adniques, ont&nbsp;eu<br>\nle plus de sou\u00addai\u00adne\u00adt\u00e9&nbsp;; et la com\u00adpli\u00adca\u00adtion, la varia\u00adtion,&nbsp;la<br>\ndiver\u00adsi\u00adt\u00e9 des pro\u00adduits, sou\u00admis \u00e0 tous les caprices de<br>\nla mode, d\u00e9ro\u00adbaient sans cesse aux tra\u00advailleurs toute&nbsp;base<br>\nferme et large de dis\u00adcus\u00adsion et d\u2019action.<\/font><\/font><\/p>\n<p style=\"text-indent: 1.46cm; margin-bottom: 0cm;\" align=\"justify\"><font face=\"Garamond, serif\"><font style=\"font-size: 13pt;\" size=\"3\">De<br>\nl\u00e0, la len\u00adteur, les dif\u00adfi\u00adcul\u00adt\u00e9s excep\u00adtion\u00adnelles, les<br>\ninter\u00admit\u00adtences de l\u2019a\u00adm\u00e9\u00adlio\u00adra\u00adtion des condi\u00adtions du travail<br>\ndans l\u2019in\u00addus\u00adtrie textile.<\/font><\/font><\/p>\n<p style=\"text-indent: 1.46cm; margin-bottom: 0cm;\" align=\"justify\"><font face=\"Garamond, serif\"><font style=\"font-size: 13pt;\" size=\"3\">Qu\u2019il<br>\ny ait eu depuis un demi-si\u00e8cle quelque vague progr\u00e8s<br>\ndans l\u2019a\u00adm\u00e9\u00adlio\u00adra\u00adtion du sort du tis\u00adseur, nous ne&nbsp;le<br>\ncontes\u00adte\u00adrons point. Mais ce pro\u00adgr\u00e8s n\u2019a pas r\u00e9us\u00adsi&nbsp;\u00e0<br>\nconju\u00adrer la mis\u00e8re qui s\u00e9vit sur la cor\u00adpo\u00adra\u00adtion&nbsp;: mis\u00e8re<br>\nqui n\u2019est point excep\u00adtion\u00adnelle, qui n\u2019est point par\u00adti\u00adcu\u00adli\u00e8re&nbsp;\u00e0<br>\ncer\u00adtains ouvriers, qui ne r\u00e9sulte point, pour eux\u200a\u2014\u200acomme<br>\ncela arrive par\u00adfois\u200a\u2014\u200ad\u2019une mala\u00addie pro\u00adlon\u00adg\u00e9e ou&nbsp;d\u2019un<br>\nch\u00f4\u00admage per\u00adsis\u00adtant, mais qui est deve\u00adnue la condi\u00adtion normale,<br>\nle r\u00e9gime per\u00adma\u00adnent, des travailleurs.<\/font><\/font><\/p>\n<p style=\"text-indent: 1.46cm; margin-bottom: 0cm;\" align=\"justify\"><font face=\"Garamond, serif\"><font style=\"font-size: 13pt;\" size=\"3\">Pour<br>\nciter notre exp\u00e9\u00adrience per\u00adson\u00adnelle, nous avons, de nos propres<br>\nyeux, obser\u00adv\u00e9 ces m\u00e9nages lamen\u00adtables, ces m\u00e9nages<br>\nsi pauvres, habi\u00adtant des loge\u00adments si r\u00e9duits, si exi\u00adgus,&nbsp;que<br>\nle p\u00e8re, la m\u00e8re, les fils, les filles, les<br>\ngrands-parents,\u200a\u2014\u200ala vieillesse, l\u2019age m\u00fbr, la pubert\u00e9<br>\u200a\u2014\u200atout cela \u00e9tait entas\u00ads\u00e9 p\u00eale-m\u00eale dans<br>\nune pro\u00admis\u00adcui\u00adt\u00e9 atroce, mis\u00e9\u00adrable, o\u00f9,&nbsp;seule,<br>\nl\u2019i\u00add\u00e9e du vice peut ger\u00admer. Et dans cette riche&nbsp;cit\u00e9<br>\nd\u2019Ar\u00admen\u00adti\u00e8res, que l\u2019on a sur\u00adnom\u00adm\u00e9e \u00ab&nbsp;<i>la reine<br>\nde la toile<\/i>&nbsp;\u00bb, nous avons vu des lits qui n\u2019a\u00advaient pas&nbsp;un<br>\nmor\u00adceau de toile pour cou\u00advrir la nudi\u00adt\u00e9 et la pudeur des,.<br>\nenfants.<\/font><\/font><\/p>\n<p style=\"text-indent: 1.46cm; margin-bottom: 0cm;\" align=\"justify\"><font face=\"Garamond, serif\"><font style=\"font-size: 13pt;\" size=\"3\">La<br>\nres\u00adpon\u00adsa\u00adbi\u00adli\u00adt\u00e9 des patrons est grande dans les mis\u00e8res<br>\net les souf\u00adfrances des ouvriers. Tous n\u2019a\u00addoptent pas en&nbsp;m\u00eame<br>\ntemps l\u2019ou\u00adtillage per\u00adfec\u00adtion\u00adn\u00e9, et ceux qui gardent les<br>\nm\u00e9thodes sur\u00adan\u00adn\u00e9es et dis\u00adpen\u00addieuses ne peuvent<br>\nsup\u00adpor\u00adter la concur\u00adrence des pre\u00admiers et ne se main\u00adtiennent qu\u2019en<br>\nrognant les salaires.<\/font><\/font><\/p>\n<p style=\"text-indent: 1.46cm; margin-bottom: 0cm;\" align=\"justify\"><font face=\"Garamond, serif\"><font style=\"font-size: 13pt;\" size=\"3\">Ce<br>\nn\u2019est pas de la concur\u00adrence \u00e9tran\u00adg\u00e8re que souffre<br>\nl\u2019in\u00addus\u00adtrie tex\u00adtile, mais de ces formes d\u00e9gra\u00add\u00e9es de&nbsp;la<br>\nconcur\u00adrence int\u00e9\u00adrieure o\u00f9 le salaire, d\u00e9risoirement<br>\nbas, fait les frais de la rou\u00adtine indus\u00adtrielle. Un seul rem\u00e8de<br>\npour\u00adrait mettre un frein au g\u00e2chis patro\u00adnal,&nbsp;c\u2019est<br>\nl\u2019u\u00adni\u00adfi\u00adca\u00adtion des tarifs.<\/font><\/font><\/p>\n<p style=\"text-indent: 1.46cm; margin-bottom: 0cm;\" align=\"justify\"><font face=\"Garamond, serif\"><font style=\"font-size: 13pt;\" size=\"3\">C\u2019est<br>\nl\u00e0, le sens de la lutte enga\u00adg\u00e9e, c\u2019est l\u00e0,&nbsp;la<br>\ncarac\u00adt\u00e9\u00adris\u00adtique vraie et pro\u00adfonde du conflit dont Lille&nbsp;est<br>\nactuel\u00adle\u00adment le th\u00e9\u00e2tre&nbsp;: l\u2019u\u00adni\u00adfi\u00adca\u00adtion des tarifs<br>\nper\u00admet\u00adtra au pro\u00adl\u00e9\u00adta\u00adriat tex\u00adtile d\u2019op\u00adpo\u00adser \u00e0 des causes<br>\nde d\u00e9pres\u00adsion conti\u00adnuelle, une orga\u00adni\u00adsa\u00adtion plus homog\u00e8ne&nbsp;;<br>\nelle obli\u00adge\u00adra le patro\u00adnat, l\u2019in\u00addus\u00adtrie, \u00e0 se r\u00e9gler un<br>\npeu, \u00e0 se mieux ordon\u00adner. Assu\u00adrer l\u2019u\u00adni\u00adfi\u00adca\u00adtion des tarifs,<br>\nc\u2019est vrai\u00adment am\u00e9\u00adlio\u00adrer la condi\u00adtion dos ouvriers.<\/font><\/font><\/p>\n<p style=\"margin-bottom: 0cm;\" align=\"justify\"><font face=\"Garamond, serif\"><font style=\"font-size: 13pt;\" size=\"3\"><strong><em>Les<br>\ntarifs<\/em><\/strong><\/font><\/font><\/p>\n<p style=\"text-indent: 1.46cm; margin-bottom: 0cm;\" align=\"justify\"><font face=\"Garamond, serif\"><font style=\"font-size: 13pt;\" size=\"3\">La<br>\nfa\u00e7on dont se pr\u00e9\u00adsente la ques\u00adtion des tarifs m\u00e9rit\u00e9<br>\ngrande atten\u00adtion. Le tra\u00advail sur deux m\u00e9tiers a per\u00admis&nbsp;aux<br>\npatrons de r\u00e9duire les tarifs.<\/font><\/font><\/p>\n<p style=\"text-indent: 1.46cm; margin-bottom: 0cm;\" align=\"justify\"><font face=\"Garamond, serif\"><font style=\"font-size: 13pt;\" size=\"3\">Il<br>\nne faut pas confondre tarifs et salaires. Ain\u00adsi, le salaires \u00e0<br>\nArmen\u00adti\u00e8res, sont plu\u00adt\u00f4t inf\u00e9\u00adrieurs \u00e0&nbsp;ceux<br>\nde Lille, mais les tarifs \u00e0 Lille sont bien inf\u00e9rieurs<br>\naux tarifs d\u2019Ar\u00admen\u00adti\u00e8res. Cela tient \u00e0 ce&nbsp;qu\u2019\u00e0<br>\nLille, on fait subir \u00e0 l\u2019ar\u00adticle pro\u00adduit sur deux m\u00e9tiers<br>\nune r\u00e9duc\u00adtion de tarif du 20, 30 et m\u00eame 40%.&nbsp;\u00c0<br>\nArmen\u00adti\u00e8res, les ouvriers ont refu\u00ads\u00e9 de tra\u00advailler sur<br>\ndeux m\u00e9tiers. Au lieu de pro\u00adduire 300 \u00e0 400 m\u00e8tres<br>\npar semaine comme cela se fait \u00e0 Lille, l\u2019ou\u00advrier armenti\u00e9rois<br>\nne peut arri\u00adver \u00e0 four\u00adnir que 200 \u00e0 250 m\u00e8tres,<br>\nau maxi\u00admum. Tel article pay\u00e9 \u00e0 Armen\u00adti\u00e8res 10<br>\ncen\u00adtimes, n\u2019est pay\u00e9 que 8 cen\u00adtimes \u00e0 Lille, soit&nbsp;2<br>\ncen\u00adtimes de r\u00e9duc\u00adtion au m\u00e8tre, cela fait de 4&nbsp;\u00e0<br>\n6 francs de moins par semaine, pour le tra\u00advail sur un m\u00e9tier.<\/font><\/font><\/p>\n<p style=\"text-indent: 1.46cm; margin-bottom: 0cm;\" align=\"justify\"><font face=\"Garamond, serif\"><font style=\"font-size: 13pt;\" size=\"3\">Voi\u00adl\u00e0<br>\nun pre\u00admier point qu\u2019il impor\u00adtait de pr\u00e9ciser.<\/font><\/font><\/p>\n<p style=\"text-indent: 1.46cm; margin-bottom: 0cm;\" align=\"justify\"><font face=\"Garamond, serif\"><font style=\"font-size: 13pt;\" size=\"3\">\u00c0<br>\nLille, les tarifs varient d\u2019u\u00adsine \u00e0 usine. Le&nbsp;m\u00eame<br>\narticle tra\u00advaill\u00e9 dans deux usines se paie sui\u00advant des tarifs<br>\nqui dif\u00adf\u00e8rent de 20%. Et il arrive que dans cer\u00adtaines de&nbsp;ces<br>\nusines, l\u2019ou\u00adtillage \u00e9tant le m\u00eame, le ren\u00adde\u00adment&nbsp;par<br>\ncons\u00e9\u00adquent le m\u00eame, les salaires n\u00e9anmoins<br>\ndif\u00adf\u00e8rent. Enfin, il y a des mai\u00adsons qui n\u2019ont pas&nbsp;\u00e0<br>\npro\u00adpre\u00adment par\u00adler de tarif. Dans un m\u00eame ate\u00adlier, un article<br>\nayant le m\u00eame num\u00e9\u00adro de compte, le m\u00eame duitage<br>\nest pay\u00e9 d\u2019une fa\u00e7on dif\u00adf\u00e9\u00adrente, selon&nbsp;la<br>\n\u00ab&nbsp;marque&nbsp;\u00bb, c\u2019est-\u00e0-dire selon les conces\u00adsions&nbsp;qu\u2019un<br>\npatron aura consen\u00adties \u00e0 un client pour enle\u00adver la&nbsp;vente.<br>\nC\u2019est le salaire de l\u2019ou\u00advrier qui paye les conces\u00adsions&nbsp;de<br>\nl\u2019in\u00addus\u00adtriel et qui fait les frais de la concur\u00adrence interpatronale.<\/font><\/font><\/p>\n<p style=\"text-indent: 1.46cm; margin-bottom: 0cm;\" align=\"justify\"><font face=\"Garamond, serif\"><font style=\"font-size: 13pt;\" size=\"3\">C\u2019est<br>\npour toutes ces rai\u00adsons qu\u2019a Lille, des tis\u00adse\u00adrands, p\u00e8res&nbsp;de<br>\nfamille, gagnent 12 francs cer\u00adtaines semaines, alors que d\u2019autres<br>\ngagnent, \u00e0 tra\u00advail sur m\u00eame articles, de 20 \u00e0&nbsp;22<br>\nfrancs par semaine.<\/font><\/font><\/p>\n<p style=\"text-indent: 1.46cm; margin-bottom: 0cm;\" align=\"justify\"><font face=\"Garamond, serif\"><font style=\"font-size: 13pt;\" size=\"3\">C\u2019est<br>\npour faire ces\u00adser cette ano\u00adma\u00adlie indus\u00adtrielle que les tisseurs<br>\ndemandent l\u2019u\u00adni\u00adfi\u00adca\u00adtion des tarifs.<\/font><\/font><\/p>\n<p style=\"margin-bottom: 0cm;\" align=\"justify\"><font face=\"Garamond, serif\"><font style=\"font-size: 13pt;\" size=\"3\"><strong><em>L\u2019o\u00adri\u00adgine<br>\nde l\u2019u\u00adni\u00adfi\u00adca\u00adtion des tarifs<\/em><\/strong><\/font><\/font><\/p>\n<p style=\"text-indent: 1.46cm; margin-bottom: 0cm;\" align=\"justify\"><font face=\"Garamond, serif\"><font style=\"font-size: 13pt;\" size=\"3\">Jusque<br>\nvers 1880, Armen\u00adti\u00e8res \u00e9tait, dans le Nord de&nbsp;la<br>\nFrance, l\u2019u\u00adnique centre de la fabri\u00adca\u00adtion m\u00e9ca\u00adnique de&nbsp;la<br>\ntoile de lin, et les quelques rares usines, \u00e9ta\u00adblies en dehors<br>\nde l\u2019ag\u00adglo\u00adm\u00e9\u00adra\u00adtion d\u2019Ar\u00admen\u00adti\u00e8res-Hou\u00adplines, ne<br>\ncomp\u00adtaient, qu\u2019un nombre de m\u00e9tiers n\u00e9gligeable<br>\nvis-\u00e0-vis des 5 \u00e0 6.000 uni\u00adt\u00e9s que fai\u00adsait&nbsp;alors<br>\nbattre la \u00ab&nbsp;reine de la.&nbsp;toile&nbsp;\u00bb.<\/font><\/font><\/p>\n<p style=\"text-indent: 1.46cm; margin-bottom: 0cm;\" align=\"justify\"><font face=\"Garamond, serif\"><font style=\"font-size: 13pt;\" size=\"3\">D\u00e8s<br>\n1881, de nom\u00adbreux tis\u00adsages com\u00admen\u00adc\u00e8rent, \u00e0 se monter<br>\ntout autour d\u2019Ar\u00admen\u00adti\u00e8res, jus\u00adqu\u2019\u00e0 Estaires,<br>\nHaze\u00adbrouck, Lille, etc., et il ne tar\u00adda pas \u00e0 en r\u00e9sulter<br>\nun grand exc\u00e8s de pro\u00adduc\u00adtion, qui ame\u00adna une crise&nbsp;tr\u00e8s<br>\ngrave. Comme les usines nou\u00advelles avaient impo\u00ads\u00e9&nbsp;\u00e0<br>\nleurs ouvriers des tarifs tr\u00e8s inf\u00e9\u00adrieurs \u00e0<br>\ncelui d\u2019Ar\u00admen\u00adti\u00e8res, et cela, pour du tra\u00advail absolument<br>\nsem\u00adblable sur des m\u00e9tiers en tous points iden\u00adtiques, elles<br>\npro\u00addui\u00adsirent \u00e0 meilleur mar\u00adch\u00e9, purent vendre \u00e0<br>\nplus bas prix et obtinrent la pr\u00e9\u00adf\u00e9\u00adrence des commandes.<br>\nCette sup\u00e9\u00adrio\u00adri\u00adt\u00e9 \u00e0 une \u00e9poque de<br>\nsur\u00adpro\u00adduc\u00adtion fut \u00e9cra\u00adsante pour le centre<br>\nd\u2019Ar\u00admen\u00adti\u00e8res-Hou\u00adplines, o\u00f9, de 1883 \u00e0&nbsp;1890,<br>\nhuit \u00e9ta\u00adblis\u00adse\u00adments et pr\u00e8s de mille m\u00e9tiers<br>\ndis\u00adpa\u00adrurent, tan\u00addis que les tis\u00adsages les plus favo\u00adri\u00ads\u00e9s de&nbsp;la<br>\nplace n\u2019ar\u00adri\u00advaient \u00e0 faire battre qu\u2019une par\u00adtie de&nbsp;leurs<br>\nm\u00e9tiers, et cela m\u00eame pen\u00addant un nombre r\u00e9duit<br>\nd\u2019heures de travail.<\/font><\/font><\/p>\n<p style=\"text-indent: 1.46cm; margin-bottom: 0cm;\" align=\"justify\"><font face=\"Garamond, serif\"><font style=\"font-size: 13pt;\" size=\"3\">C\u2019est<br>\nalors que cer\u00adtains patrons d\u2019Ar\u00admen\u00adti\u00e8res, accu\u00adl\u00e9s&nbsp;par<br>\nle manque de com\u00admandes, cher\u00adch\u00e8rent une solu\u00adtion dans&nbsp;la<br>\nr\u00e9duc\u00adtion des prix de&nbsp;fa\u00e7on.<\/font><\/font><\/p>\n<p style=\"text-indent: 1.46cm; margin-bottom: 0cm;\" align=\"justify\"><font face=\"Garamond, serif\"><font style=\"font-size: 13pt;\" size=\"3\">Les<br>\ncama\u00adrades d\u2019Ar\u00admen\u00adti\u00e8res refu\u00ads\u00e8rent de laisser<br>\ncom\u00adpro\u00admettre ain\u00adsi leurs int\u00e9\u00adr\u00eats. En 1889,&nbsp;ils<br>\nd\u00e9cla\u00adr\u00e8rent la gr\u00e8ve g\u00e9n\u00e9rale.<\/font><\/font><\/p>\n<p style=\"text-indent: 1.46cm; margin-bottom: 0cm;\" align=\"justify\"><font face=\"Garamond, serif\"><font style=\"font-size: 13pt;\" size=\"3\">Cette<br>\ngr\u00e8ve de 1889 n\u2019a\u00advait pas d\u2019autre but que de par\u00adve\u00adnir&nbsp;au<br>\nmain\u00adtien et \u00e0 la g\u00e9n\u00e9\u00adra\u00adli\u00adsa\u00adtion sur la&nbsp;place<br>\nd\u2019Ar\u00admen\u00adti\u00e8res du tarif qui avait \u00e9t\u00e9 appliqu\u00e9<br>\njus\u00adqu\u2019en 1883. Le ouvriers triom\u00adph\u00e8rent et obtinrent la<br>\nrecon\u00adnais\u00adsance offi\u00adcielle d\u2019un tarif uni\u00adforme pour tous les tissages<br>\nd\u2019Ar\u00admen\u00adti\u00e8res-Hou\u00adplines. Mais, bien que l\u00e9gi\u00adtime,&nbsp;ce<br>\nsuc\u00adc\u00e8s aurait \u00e9t\u00e9 fatal pour l\u2019avenir<br>\nd\u2019Ar\u00admen\u00adti\u00e8res, \u00e0 cause de la concur\u00adrence des tarifs<br>\nr\u00e9duits des nou\u00adveaux centres de fabri\u00adca\u00adtion, si un \u00e9v\u00e9nement<br>\n\u00e9co\u00adno\u00admique heu\u00adreux n\u2019\u00e9\u00adtait venu lui appor\u00adter la planche<br>\nde salut. La toile m\u00e9tis (fil et coton) article nouveau,<br>\nentre\u00adpris par quelques mai\u00adsons d\u2019Ar\u00admen\u00adti\u00e8res, prit subitement<br>\nun d\u00e9ve\u00adlop\u00adpe\u00adment consi\u00add\u00e9\u00adrable autant qu\u2019i\u00adnat\u00adten\u00addu.&nbsp;Tant<br>\n\u00e0 cause de l\u2019in\u00adf\u00e9\u00adrio\u00adri\u00adt\u00e9 de son prix, que de&nbsp;sa<br>\nmoindre dur\u00e9e \u00e0 l\u2019u\u00adsage, les consom\u00adma\u00adteurs achet\u00e8rent<br>\nen m\u00e9tis des m\u00e9trages tr\u00e8s sup\u00e9\u00adrieurs \u00e0<br>\nceux qu\u2019ils pre\u00adnaient habi\u00adtuel\u00adle\u00adment en pur fil, et en 1892,&nbsp;la<br>\nconsom\u00adma\u00adtion g\u00e9n\u00e9\u00adrale de la toile s\u2019\u00e9quilibra<br>\navec la pro\u00adduc\u00adtion totale des m\u00e9tiers d\u2019Armenti\u00e8res-Houplines<br>\net des autres centres r\u00e9unis.<\/font><\/font><\/p>\n<p style=\"text-indent: 1.46cm; margin-bottom: 0cm;\" align=\"justify\"><font face=\"Garamond, serif\"><font style=\"font-size: 13pt;\" size=\"3\">Mal\u00adheu\u00adreu\u00adse\u00adment,<br>\nla situa\u00adtion pri\u00advi\u00adl\u00e9\u00adgi\u00e9e des centres d\u2019Estaires,<br>\nHaze\u00adbrouck, Bailleul, Hal\u00adluin, Lille, etc., au point de vue&nbsp;de<br>\nl\u2019\u00e9\u00adta\u00adblis\u00adse\u00adment des prix de revient ten\u00adta de nou\u00adveau&nbsp;les<br>\ncapi\u00adta\u00adlistes et nombre d\u2019u\u00adsines sor\u00adtirent bien\u00adt\u00f4t de terre&nbsp;sur<br>\ntous ces ter\u00adri\u00adtoires, si bien qu\u2019en 1900 une nou\u00advelle surproduction<br>\name\u00adna une nou\u00advelle crise de l\u2019in\u00addus\u00adtrie de la toile, dont Armenti\u00e8res<br>\ndut sup\u00adpor\u00adter tout le&nbsp;poids.<\/font><\/font><\/p>\n<p style=\"text-indent: 1.46cm; margin-bottom: 0cm;\" align=\"justify\"><font face=\"Garamond, serif\"><font style=\"font-size: 13pt;\" size=\"3\">Ce<br>\nmanque d\u2019\u00e9\u00adqui\u00adlibre entre la pro\u00adduc\u00adtion des divers centres de<br>\ntis\u00adsage\u200a\u2014\u200adont tous les tra\u00advailleurs \u00e9taient victimes&nbsp;\u2014<br>\natti\u00adra d\u2019une fa\u00e7on sp\u00e9\u00adciale l\u2019at\u00adten\u00adtion de&nbsp;la<br>\ncom\u00admis\u00adsion mixte, ins\u00adti\u00adtu\u00e9e \u00e0 Armen\u00adti\u00e8res pour<br>\nla r\u00e9vi\u00adsion du tarif de 1889, et qui exa\u00admi\u00adna en 1904,&nbsp;la<br>\nsitua\u00adtion g\u00e9n\u00e9\u00adrale du tis\u00adsage de la toile&nbsp;dans<br>\nl\u2019ar\u00adron\u00addis\u00adse\u00adment de Lille et la val\u00adl\u00e9e de la&nbsp;Lys.<\/font><\/font><\/p>\n<p style=\"text-indent: 1.46cm; margin-bottom: 0cm;\" align=\"justify\"><font face=\"Garamond, serif\"><font style=\"font-size: 13pt;\" size=\"3\">Ouvriers<br>\net patrons firent cette triple constatation&nbsp;:<\/font><\/font><\/p>\n<p style=\"text-indent: 1.46cm; margin-bottom: 0cm;\" align=\"justify\"><font face=\"Garamond, serif\"><font style=\"font-size: 13pt;\" size=\"3\">1\u00b0\u2019<br>\nQue les prix du tarif de 1889 \u00e9taient de 15 \u00e0&nbsp;20%<br>\nsup\u00e9\u00adrieurs \u00e0 presque tous les prix pay\u00e9s&nbsp;hors<br>\nd\u2019Armenti\u00e8es-Houplines&nbsp;;<\/font><\/font><\/p>\n<p style=\"text-indent: 1.46cm; margin-bottom: 0cm;\" align=\"justify\"><font face=\"Garamond, serif\"><font style=\"font-size: 13pt;\" size=\"3\">2\u00b0<br>\nQue pour exploi\u00adter cette dif\u00adf\u00e9\u00adrence de prix de&nbsp;la<br>\nmain-d\u2019\u0153uvre, plus de 4.000 m\u00e9tiers nou\u00adveaux (dans ce nombre,<br>\nne sont pas com\u00adpris, bien enten\u00addu, les m\u00e9tiers de cou\u00adtil et&nbsp;de<br>\nlinge de table) s\u2019\u00e9\u00adtaient mon\u00adt\u00e9s&nbsp;hors<br>\nd\u2019Ar\u00admen\u00adti\u00e8res-Hou\u00adplines depuis 1883, tan\u00addis que pen\u00addant&nbsp;ce<br>\ntemps, l\u2019ef\u00adfec\u00adtif d\u2019Ar\u00admen\u00adti\u00e8re-Hou\u00adplines \u00e9tait reve\u00adnu&nbsp;\u00e0<br>\nson chiffre de 1883, soit \u00e0 sept mille m\u00e9tiers&nbsp;;<\/font><\/font><\/p>\n<p style=\"text-indent: 1.46cm; margin-bottom: 0cm;\" align=\"justify\"><font face=\"Garamond, serif\"><font style=\"font-size: 13pt;\" size=\"3\">3\u00b0<br>\nQu\u2019\u00e0 la faveur des tarifs r\u00e9duits, les tis\u00adsages&nbsp;de<br>\nl\u2019ex\u00adt\u00e9\u00adrieur bat\u00adtaient en pleine acti\u00advi\u00adt\u00e9, tan\u00addis&nbsp;que<br>\nnombre de m\u00e9tiers res\u00adtaient arr\u00ea\u00adt\u00e9s, et que&nbsp;le<br>\nnombre nor\u00admal d\u2019heures n\u2019\u00e9\u00adtait pas atteint, \u00e0 beaucoup<br>\npr\u00e8s, sur la place d\u2019Armenti\u00e8res-Houplines.<\/font><\/font><\/p>\n<p style=\"text-indent: 1.46cm; margin-bottom: 0cm;\" align=\"justify\"><font face=\"Garamond, serif\"><font style=\"font-size: 13pt;\" size=\"3\">Mal\u00adgr\u00e9<br>\ncette situa\u00adtion, les ouvriers de la com\u00admis\u00adsion mixte, apr\u00e8s<br>\navoir pris l\u2019a\u00advis des syn\u00addi\u00adcats d\u2019Ar\u00admen\u00adti\u00e8res et aus\u00adsi&nbsp;des<br>\nsyn\u00addi\u00adcats de tous les autres centres tex\u00adtiles de la r\u00e9gion,<br>\nexi\u00adg\u00e8rent et obtinrent des patrons d\u2019Armenti\u00e8res-Houplines<br>\nune aug\u00admen\u00adta\u00adtion de 8% comme cons\u00e9\u00adquence de l\u2019ap\u00adpli\u00adca\u00adtion&nbsp;de<br>\nla loi Mil\u00adle\u00adrand-Col\u00adliard, mais ils n\u2019h\u00e9\u00adsi\u00adt\u00e8rent pas&nbsp;\u00e0<br>\npro\u00adcla\u00admer la n\u00e9ces\u00adsi\u00adt\u00e9 abso\u00adlue d\u2019un tarif uni\u00adforme&nbsp;de<br>\nfa\u00e7ons pour le tis\u00adsage de la toile dans l\u2019ar\u00adron\u00addis\u00adse\u00adment&nbsp;de<br>\nLille et dans la val\u00adl\u00e9e de la&nbsp;Lys.&nbsp;<\/font><\/font><\/p>\n<p style=\"text-indent: 1.46cm; margin-bottom: 0cm;\" align=\"justify\"><font face=\"Garamond, serif\"><font style=\"font-size: 13pt;\" size=\"3\">Tous<br>\nles syn\u00addi\u00adcats tex\u00adtiles furent \u00e0 ce moment d\u2019ac\u00adcord&nbsp;pour<br>\nd\u00e9cla\u00adrer que la concur\u00adrence entre patrons ne devait pas&nbsp;se<br>\nfaire sur le dos des ouvriers, et qu\u2019il ne pou\u00advait pas conve\u00adnir&nbsp;aux<br>\ntis\u00adseurs des dif\u00adf\u00e9\u00adrents centres de tis\u00adsage de mettre dans&nbsp;une<br>\nsitua\u00adtion cri\u00adtique les tis\u00adseurs d\u2019Ar\u00admen\u00adti\u00e8res en acca\u00adpa\u00adrant&nbsp;le<br>\ntra\u00advail par des r\u00e9duc\u00adtions injus\u00adti\u00adfi\u00e9es sur&nbsp;la<br>\nmain-d\u2019\u0153uvre.<\/font><\/font><\/p>\n<p style=\"text-indent: 1.46cm; margin-bottom: 0cm;\" align=\"justify\"><font face=\"Garamond, serif\"><font style=\"font-size: 13pt;\" size=\"3\">Les<br>\n\u00e9normes sacri\u00adfices ain\u00adsi impo\u00ads\u00e9s \u00e0 la classe<br>\nouvri\u00e8re par les patrons des tarifs r\u00e9duits, sacrifices<br>\nse chif\u00adfrant par une perte heb\u00addo\u00adma\u00addaire de deux \u00e0 quatre<br>\nfrancs par ouvrier et par une perte annuelle totale de&nbsp;pr\u00e8s<br>\nd\u2019un mil\u00adlion pour l\u2019en\u00adsemble des tis\u00adseurs, appa\u00adrais\u00adsaient alors&nbsp;\u00e0<br>\ntous les tra\u00advailleurs conscients comme aus\u00adsi vains que dangereux.<\/font><\/font><\/p>\n<p style=\"text-indent: 1.46cm; margin-bottom: 0cm;\" align=\"justify\"><font face=\"Garamond, serif\"><font style=\"font-size: 13pt;\" size=\"3\">La<br>\nques\u00adtion de l\u2019u\u00adni\u00adfi\u00adca\u00adtion des tarifs \u00e9tait donc nettement<br>\npos\u00e9e. Pour\u00adquoi n\u2019est-elle pas encore r\u00e9solue&nbsp;?<\/font><\/font><\/p>\n<p style=\"text-indent: 1.46cm; margin-bottom: 0cm;\" align=\"justify\"><font face=\"Garamond, serif\"><font style=\"font-size: 13pt;\" size=\"3\">Il<br>\nn\u2019y a pas lieu de s\u2019ar\u00adr\u00ea\u00adter long\u00adtemps \u00e0 l\u2019affirmation<br>\nfan\u00adtai\u00adsiste de cer\u00adtains patrons de Lille, d\u2019Hal\u00adluin, d\u2019Es\u00adtaires et<br>\nd\u2019autres lieux que l\u2019u\u00adni\u00adfi\u00adca\u00adtion n\u2019est pas pos\u00adsible, que le&nbsp;tarif<br>\nd\u2019Ar\u00admen\u00adti\u00e8res ne peut pas \u00eatre appli\u00adqu\u00e9&nbsp;dans<br>\nleurs usines, parce qu\u2019on y fabrique des genres tota\u00adle\u00adment diff\u00e9rents<br>\ndes toiles d\u2019Ar\u00admen\u00adti\u00e8res. Cha\u00adcun sait, pour peu qu\u2019il&nbsp;soit<br>\ntis\u00adseur, que les tis\u00adsages de Bailleul, d\u2019Es\u00adtaires d\u2019Ha\u00adze\u00adbrouck, ne<br>\npro\u00adduisent pas autre chose que de la toile d\u2019Ar\u00admen\u00adti\u00e8res, que<br>\nsi dans quelques tis\u00adsages de Lille et des envi\u00adrons, quelques m\u00e9tiers<br>\nsont occu\u00adp\u00e9s \u00e0 des articles sp\u00e9\u00adciaux, les quatre<br>\ncin\u00adqui\u00e8mes, sinon plus de l\u2019en\u00adsemble de ce centre tissent<br>\nuni\u00adque\u00adment les genres dont Armen\u00adti\u00e8res avait le mono\u00adpole&nbsp;avant<br>\n1883.<\/font><\/font><\/p>\n<p style=\"text-indent: 1.46cm; margin-bottom: 0cm;\" align=\"justify\"><font face=\"Garamond, serif\"><font style=\"font-size: 13pt;\" size=\"3\">Il<br>\nne semble pas non plus utile de prendre en consi\u00add\u00e9\u00adra\u00adtion&nbsp;ce<br>\ndire de cer\u00adtains autres patrons de Lille, que le tarif appliqu\u00e9<br>\ndans leurs usines est au moins \u00e9gal, sinon sup\u00e9rieur,<br>\nau tarif d\u2019Armenti\u00e8res.<\/font><\/font><\/p>\n<p style=\"text-indent: 1.46cm; margin-bottom: 0cm;\" align=\"justify\"><font face=\"Garamond, serif\"><font style=\"font-size: 13pt;\" size=\"3\">S\u2019il<br>\nen \u00e9tait r\u00e9el\u00adle\u00adment ain\u00adsi, les dits patrons ne<br>\nrefu\u00adse\u00adraient cer\u00adtai\u00adne\u00adment pas de com\u00admu\u00adni\u00adquer leurs tarifs, et&nbsp;ne<br>\ncrain\u00addraient pas la lumi\u00e8re d\u2019une dis\u00adcus\u00adsion en commission<br>\nmixte. Les enqu\u00eates faites par les syn\u00addi\u00adcats montrent que&nbsp;les<br>\nprix pay\u00e9s en dehors d\u2019Ar\u00admen\u00adti\u00e8res-Hou\u00adplines sont&nbsp;de<br>\nplus de quinze pour cent inf\u00e9\u00adrieurs \u00e0 ceux du&nbsp;tarif<br>\n\u00e9la\u00adbo\u00adr\u00e9 en 1904 par la com\u00admis\u00adsion mixte d\u2019Armenti\u00e8res.<br>\nOn peut dire, sans crainte d\u2019un d\u00e9men\u00adti que les&nbsp;prix<br>\nactuel\u00adle\u00adment pay\u00e9s \u00e0 Lille sont de plus de dix&nbsp;pour<br>\ncent inf\u00e9\u00adrieurs aux prix pra\u00adti\u00adqu\u00e9s&nbsp;\u00e0<br>\nArmen\u00adti\u00e8res, il y a plus de trente ans, alors que la vie&nbsp;\u00e9tait<br>\npour l\u2019ou\u00advrier beau\u00adcoup moins ch\u00e8re qu\u2019aujourd\u2019hui.<\/font><\/font><\/p>\n<p style=\"text-indent: 1.46cm; margin-bottom: 0cm;\" align=\"justify\"><font face=\"Garamond, serif\"><font style=\"font-size: 13pt;\" size=\"3\">L\u2019u\u00adni\u00adfi\u00adca\u00adtion<br>\ndes tarifs s\u2019im\u00adpose pour l\u2019a\u00adve\u00adnir des tis\u00adseurs de l\u2019ar\u00adron\u00addis\u00adse\u00adment&nbsp;de<br>\nLille et de la val\u00adl\u00e9e de la Lys. C\u2019est pour ne pas l\u2019avoir<br>\nassez t\u00f4t com\u00adpris que les cama\u00adrades lil\u00adlois se sont pendant<br>\nplu\u00adsieurs ann\u00e9es d\u00e9s\u00adin\u00adt\u00e9\u00adres\u00ads\u00e9s de&nbsp;cette<br>\nques\u00adtion, et ont ain\u00adsi retar\u00add\u00e9 la r\u00e9a\u00adli\u00adsa\u00adtion de&nbsp;ce<br>\npro\u00adgr\u00e8s social.<\/font><\/font><\/p>\n<p style=\"margin-bottom: 0cm;\" align=\"justify\"><font face=\"Garamond, serif\"><font style=\"font-size: 13pt;\" size=\"3\"><strong><em>Avant<br>\nla&nbsp;gr\u00e8ve<\/em><\/strong><\/font><\/font><\/p>\n<p style=\"text-indent: 1.46cm; margin-bottom: 0cm;\" align=\"justify\"><font face=\"Garamond, serif\"><font style=\"font-size: 13pt;\" size=\"3\">Au<br>\nmois de f\u00e9vrier der\u00adnier, les tis\u00adseurs d\u2019Armenti\u00e8res-Houplines<br>\npro\u00adpo\u00ads\u00e8rent \u00e0 leurs cama\u00adrades de la r\u00e9gion de<br>\nreprendre en com\u00admun une nou\u00advelle cam\u00adpagne pour obte\u00adnir du syndicat<br>\ndes fabri\u00adcants de toiles de chaque loca\u00adli\u00adt\u00e9 un tarif g\u00e9n\u00e9ral<br>\nuniforme.<\/font><\/font><\/p>\n<p style=\"text-indent: 1.46cm; margin-bottom: 0cm;\" align=\"justify\"><font face=\"Garamond, serif\"><font style=\"font-size: 13pt;\" size=\"3\">Pour<br>\nArmen\u00adti\u00e8res, o\u00f9 fonc\u00adtionne tou\u00adjours la commission<br>\nmixte, il n\u2019y eut qu\u2019\u00e0 r\u00e9vi\u00adser les tarifs III et&nbsp;IV,<br>\ntra\u00advail sur deux m\u00e9tiers (coton et fil), tra\u00advail sur&nbsp;deux<br>\nm\u00e9tiers (avec appren\u00adti). Ces tarifs furent rele\u00adv\u00e9s&nbsp;de<br>\n10 et&nbsp;15%.<\/font><\/font><\/p>\n<p style=\"text-indent: 1.46cm; margin-bottom: 0cm;\" align=\"justify\"><font face=\"Garamond, serif\"><font style=\"font-size: 13pt;\" size=\"3\">Ailleurs,<br>\nles n\u00e9go\u00adcia\u00adtions et l\u2019a\u00adgi\u00adta\u00adtion com\u00admen\u00adc\u00e8rent. Le<br>\nsyn\u00addi\u00adcat de Lille entrait en mou\u00adve\u00adment&nbsp;: 300 tarifs en blanc furent,<br>\nimpri\u00adm\u00e9s et remis \u00e0 des d\u00e9l\u00e9gu\u00e9s<br>\nsp\u00e9\u00adciaux afin de rele\u00adver avec la plus scru\u00adpu\u00adleuse exactitude,<br>\ndans chaque usine du sec\u00adteur de Lille, les tarifs en vigueur.<\/font><\/font><\/p>\n<p style=\"text-indent: 1.46cm; margin-bottom: 0cm;\" align=\"justify\"><font face=\"Garamond, serif\"><font style=\"font-size: 13pt;\" size=\"3\">Ce<br>\ntra\u00advail ter\u00admi\u00adn\u00e9, le syn\u00addi\u00adcat patro\u00adnal rece\u00advait le 22 mai&nbsp;une<br>\nlettre du syn\u00addi\u00adcat ouvrier sol\u00adli\u00adci\u00adtant la r\u00e9union d\u2019une<br>\ncom\u00admis\u00adsion mixte char\u00adg\u00e9e d\u2019exa\u00admi\u00adner ses propositions<br>\nd\u2019u\u00adni\u00adfi\u00adca\u00adtion des tarifs.<\/font><\/font><\/p>\n<p style=\"text-indent: 1.46cm; margin-bottom: 0cm;\" align=\"justify\"><font face=\"Garamond, serif\"><font style=\"font-size: 13pt;\" size=\"3\">Le<br>\nsyn\u00addi\u00adcat des fabri\u00adcants de toile d\u00e9cli\u00adnait cette proposition<br>\nde recher\u00adcher avec les ouvriers les voies et moyens permettant,<br>\nd\u2019a\u00adbou\u00adtir sans heurt. Il arguait qu\u2019il n\u2019a\u00advait ni qua\u00adli\u00adt\u00e9,&nbsp;ni<br>\nman\u00addat, pour enga\u00adger de telles n\u00e9go\u00adcia\u00adtions et il invi\u00adtait&nbsp;la<br>\nchambre syn\u00addi\u00adcale ouvri\u00e8re \u00e0  adres\u00adser une demande<br>\nindi\u00advi\u00adduelle \u00e0 cha\u00adcun des patrons.<\/font><\/font><\/p>\n<p style=\"text-indent: 1.46cm; margin-bottom: 0cm;\" align=\"justify\"><font face=\"Garamond, serif\"><font style=\"font-size: 13pt;\" size=\"3\">Le<br>\n9 juin, le syn\u00addi\u00adcat ouvrier adres\u00adsait aux 28 patrons lettre, leur<br>\nsol\u00adli\u00adci\u00adtant une entre\u00advue, et dans laquelle il se d\u00e9fendait<br>\nd\u2019\u00eatre un fomen\u00adteur de&nbsp;gr\u00e8ve.<\/font><\/font><\/p>\n<p style=\"text-indent: 1.46cm; margin-bottom: 0cm;\" align=\"justify\"><font face=\"Garamond, serif\"><font style=\"font-size: 13pt;\" size=\"3\">Une<br>\nseule r\u00e9ponse favo\u00adrable \u00e9ma\u00adnant d\u2019un des industriels<br>\nles plus notables de Lille lui parvint.<\/font><\/font><\/p>\n<p style=\"text-indent: 1.46cm; margin-bottom: 0cm;\" align=\"justify\"><font face=\"Garamond, serif\"><font style=\"font-size: 13pt;\" size=\"3\">Le<br>\nsyn\u00addi\u00adcat r\u00e9so\u00adlut de vaincre ce mau\u00advais vou\u00adloir, en montrant<br>\naux patrons la volon\u00adt\u00e9 una\u00adnime des ouvriers de la corporation,<br>\net il d\u00e9ci\u00adda de com\u00admen\u00adcer sans d\u00e9lai une&nbsp;s\u00e9rie<br>\nde conf\u00e9\u00adrences orga\u00adni\u00ads\u00e9es dans le voi\u00adsi\u00adnage de chaque<br>\nusine. Elle d\u00e9bu\u00adta le 20&nbsp;juin.&nbsp;<\/font><\/font><\/p>\n<p style=\"text-indent: 1.46cm; margin-bottom: 0cm;\" align=\"justify\"><font face=\"Garamond, serif\"><font style=\"font-size: 13pt;\" size=\"3\">Les<br>\nora\u00adteurs firent obser\u00adver que l\u2019in\u00addus\u00adtrie tex\u00adtile tra\u00adverse en&nbsp;ce<br>\nmoment une p\u00e9riode de pros\u00adp\u00e9\u00adri\u00adt\u00e9 dont&nbsp;les<br>\npatrons doivent pro\u00adfi\u00adter pour \u00e9cou\u00adter les reven\u00addi\u00adca\u00adtions&nbsp;de<br>\nleurs sala\u00adri\u00e9s. Ils insis\u00adt\u00e8rent sur l\u2019\u00e9quit\u00e9<br>\nd\u2019une uni\u00adfi\u00adca\u00adtion des tarifs dans tous les tis\u00adsages de Lille&nbsp;et<br>\nenvi\u00adrons qui fixe\u00adrait le m\u00eame prix de fa\u00e7on pour&nbsp;les<br>\narticles identique<\/font><\/font><\/p>\n<p style=\"text-indent: 1.46cm; margin-bottom: 0cm;\" align=\"justify\"><font face=\"Garamond, serif\"><font style=\"font-size: 13pt;\" size=\"3\">Apr\u00e8s<br>\ncha\u00adcune de ces conf\u00e9\u00adrences, les ouvriers \u00e9taient<br>\nappe\u00adl\u00e9s \u00e0 voter un ordre du jour don\u00adnant man\u00addat&nbsp;au<br>\nsyn\u00addi\u00adcat tex\u00adtile de Lille de s\u2019en\u00adtendre avec la F\u00e9d\u00e9ration<br>\nNatio\u00adnal et avec l\u2019ag\u00adglo\u00adm\u00e9\u00adra\u00adtion de la val\u00adl\u00e9e de&nbsp;la<br>\nLys, pour pren\u00addra les mesures n\u00e9ces\u00adsaires pour faire aboutir<br>\nl\u2019unification.<\/font><\/font><\/p>\n<p style=\"text-indent: 1.46cm; margin-bottom: 0cm;\" align=\"justify\"><font face=\"Garamond, serif\"><font style=\"font-size: 13pt;\" size=\"3\">Ain\u00adsi<br>\nman\u00adda\u00adt\u00e9, le secr\u00e9\u00adtaire du syn\u00addi\u00adcat tex\u00adtile sollicitai<br>\ndu pr\u00e9\u00adfet du Nord une entre\u00advue qui fut fix\u00e9e au&nbsp;22<br>\njuillet Les d\u00e9l\u00e9\u00adgu\u00e9s Bauche et Creton<br>\nentre\u00adtinrent le pr\u00e9\u00adfet ques\u00adtion et le mirent au cou\u00adrant de&nbsp;la<br>\nsitua\u00adtion. Ils expo\u00ads\u00e8rent que c\u2019est par la conci\u00adlia\u00adtion que&nbsp;le<br>\nsyn\u00addi\u00adcat veut obte\u00adnir l\u2019u\u00adni\u00adfi\u00adca\u00adtion, qu\u2019il n\u2019a jamais \u00e9t\u00e9<br>\ndans ses inten\u00adtion d\u2019en\u00adtra\u00ee\u00adner aveu\u00adgl\u00e9\u00adment les tisseurs<br>\ndans un mou\u00adve\u00adment de gr\u00e8ve&nbsp;; qu\u2019il d\u00e9sire entrer en<br>\nrela\u00adtions directes avec les patrons, bien per\u00adsua\u00add\u00e9&nbsp;que<br>\nl\u2019en\u00adtente na\u00ee\u00adtra de ces entrevues.<\/font><\/font><\/p>\n<p style=\"text-indent: 1.46cm; margin-bottom: 0cm;\" align=\"justify\"><font face=\"Garamond, serif\"><font style=\"font-size: 13pt;\" size=\"3\">Le<br>\npr\u00e9\u00adfet accep\u00adta d\u2019in\u00adter\u00adve\u00adnir aupr\u00e8s des patrons \u00e0<br>\nl\u2019ef\u00adfet de recher\u00adcher les bases de l\u2019unification.<\/font><\/font><\/p>\n<p style=\"text-indent: 1.46cm; margin-bottom: 0cm;\" align=\"justify\"><font face=\"Garamond, serif\"><font style=\"font-size: 13pt;\" size=\"3\">\u00c0<br>\nla lettre du pr\u00e9\u00adfet, le syn\u00addi\u00adcat patro\u00adnal r\u00e9pondit<br>\nqu\u2019il consi\u00add\u00e9\u00adrait l\u2019u\u00adni\u00adfi\u00adca\u00adtion des tarifs comme irr\u00e9alisable,<br>\nque les ouvriers ont toute lati\u00adtude pour faire entendre \u00e0<br>\nleurs employeurs les r\u00e9cla\u00adma\u00adtions l\u00e9gi\u00adtimes qu\u2019ils<br>\npeuvent avoir \u00e0 formuler.<\/font><\/font><\/p>\n<p style=\"text-indent: 1.46cm; margin-bottom: 0cm;\" align=\"justify\"><font face=\"Garamond, serif\"><font style=\"font-size: 13pt;\" size=\"3\">Com\u00admue<br>\non le voit, la r\u00e9ponse des fabri\u00adcants de toile fui un&nbsp;refus<br>\nbru\u00adtal d\u2019en\u00adtrer en pour\u00adpar\u00adlers avec le syn\u00addi\u00adcal ouvrier, qui&nbsp;n\u2019a,<br>\ncomme on l\u2019a remar\u00adqu\u00e9, rien du temp\u00e9rament<br>\nr\u00e9volutionnaire.<\/font><\/font><\/p>\n<p style=\"margin-bottom: 0cm;\" align=\"justify\"><font face=\"Garamond, serif\"><font style=\"font-size: 13pt;\" size=\"3\"><br>\n<strong><em>Rouges<br>\net jaunes<\/em><\/strong><br>\n<\/font><\/font><\/p>\n<p style=\"text-indent: 1.46cm; margin-bottom: 0cm;\" align=\"justify\"><font face=\"Garamond, serif\"><font style=\"font-size: 13pt;\" size=\"3\">Jus\u00adqu\u2019au<br>\n10 sep\u00adtembre, il n\u2019y eut rien de bien saillant. \u00c0 cette&nbsp;date<br>\nle secr\u00e9\u00adtaire du syn\u00addi\u00adcat tex\u00adtile d\u2019Hou\u00adpline adres\u00adsa&nbsp;\u00e0<br>\ntous les syn\u00addi\u00adcats tex\u00adtiles de la r\u00e9gion\u200a\u2014\u200arouges et jaunes<br>\u200a\u2014\u200al\u2019ap\u00adpel suivant&nbsp;:<\/font><\/font><\/p>\n<p style=\"text-indent: 1.46cm; margin-bottom: 0cm;\" align=\"justify\"><font face=\"Garamond, serif\"><font style=\"font-size: 13pt;\" size=\"3\"><\/font><\/font><\/p>\n<p>[(<font face=\"Garamond, serif\"><font style=\"font-size: 13pt;\" size=\"3\">Cama\u00adrades,<\/font><\/font><\/p>\n<p style=\"text-indent: 1.46cm; margin-bottom: 0cm;\" align=\"justify\"><font face=\"Garamond, serif\"><font style=\"font-size: 13pt;\" size=\"3\">Vous<br>\n\u00eates pri\u00e9s d\u2019as\u00adsis\u00adter \u00e0 la r\u00e9union des<br>\nSyn\u00addi\u00adcats de la toile de la r\u00e9gion, qui aura lieu le dimanche<br>\n12 sep\u00adtembre 1009, \u00e0 4 heures du soir, \u00e0 l\u2019es\u00adta\u00admi\u00adnet&nbsp;de<br>\nl\u2019A\u00adbat\u00adtoir, rue Natio\u00adnale, \u00e0 Armenti\u00e8res.<\/font><\/font><\/p>\n<p style=\"text-indent: 1.46cm; margin-bottom: 0cm;\" align=\"justify\"><font face=\"Garamond, serif\"><font style=\"font-size: 13pt;\" size=\"3\">Ordre<br>\ndu jour&nbsp;: l\u2019u\u00adni\u00adfi\u00adca\u00adtion des tarifs. Mesures \u00e0 prendre.&nbsp;<\/font><\/font><\/p>\n<p style=\"text-indent: 1.46cm; margin-bottom: 0cm;\" align=\"justify\"><font face=\"Garamond, serif\"><font style=\"font-size: 13pt;\" size=\"3\">Comp\u00adtant<br>\nsur\u2026<\/font><\/font><\/p>\n<p style=\"text-indent: 1.46cm; margin-bottom: 0cm;\" align=\"justify\"><font face=\"Garamond, serif\"><font style=\"font-size: 13pt;\" size=\"3\">Pour<br>\nl\u2019ag\u00adglo\u00adm\u00e9\u00adra\u00adtion de la&nbsp;toile&nbsp;:<\/font><\/font><\/p>\n<p style=\"text-indent: 1.46cm; margin-bottom: 0cm;\" align=\"justify\"><font face=\"Garamond, serif\"><font style=\"font-size: 13pt;\" size=\"3\">Hen\u00adri<br>\nRose,<\/font><\/font><\/p>\n<p style=\"text-indent: 1.46cm; margin-bottom: 0cm;\" align=\"justify\"><font face=\"Garamond, serif\"><font style=\"font-size: 13pt;\" size=\"3\">Secr\u00e9\u00adtaire<br>\ndu Syn\u00addi\u00adcal Tex\u00adtile d\u2019Hau\u00adplines.<\/font><\/font>)]<\/p>\n<p style=\"text-indent: 1.46cm; margin-bottom: 0cm;\" align=\"justify\"><font face=\"Garamond, serif\"><font style=\"font-size: 13pt;\" size=\"3\">\u00c0<br>\ncette r\u00e9union 41 d\u00e9l\u00e9\u00adgu\u00e9s, repr\u00e9sentant<br>\n14 syn\u00addi\u00adcats ouvriers de la toile \u00e9taient pr\u00e9sents.<\/font><\/font><\/p>\n<p style=\"text-indent: 1.46cm; margin-bottom: 0cm;\" align=\"justify\"><font face=\"Garamond, serif\"><font style=\"font-size: 13pt;\" size=\"3\">Apr\u00e8s<br>\nquatre heures de dis\u00adcus\u00adsion, l\u2019ordre du jour sui\u00advant fut mis&nbsp;aux<br>\nvoix&nbsp;: Les d\u00e9l\u00e9\u00adgu\u00e9s de l\u2019ag\u00adglo\u00adm\u00e9\u00adra\u00adtion&nbsp;de<br>\nla val\u00adl\u00e9e de la Lys, r\u00e9unis le 12 sep\u00adtembre, \u00e0<br>\nquatre heures du soir, Esta\u00admi\u00adnet de l\u2019A\u00adbat\u00adtoir (si\u00e8ge du<br>\nsyn\u00addi\u00adcat ind\u00e9\u00adpen\u00addant), apr\u00e8s avoir \u00e9tudi\u00e9<br>\nla cam\u00adpagne faite par Lille pour l\u2019u\u00adni\u00adfi\u00adca\u00adtion des tarifs&nbsp;; heureux<br>\nd\u2019a\u00advoir mis les deux syn\u00addi\u00adcats de Lille (rouge et jaune) d\u2019ac\u00adcord&nbsp;sur<br>\ntoute l\u2019ac\u00adtion \u00e0 entre\u00adprendre pour cette ques\u00adtion, donnent<br>\nman\u00addat de ten\u00adter les der\u00adni\u00e8res d\u00e9marches aupr\u00e8s<br>\ndu syn\u00addi\u00adcat des fabri\u00adcants de toile de Lille&nbsp;; d\u00e9cident que&nbsp;le<br>\nr\u00e9sul\u00adtat, de leurs n\u00e9go\u00adcia\u00adtions sera sou\u00admis&nbsp;\u00e0<br>\nune der\u00adni\u00e8re r\u00e9union de l\u2019ag\u00adglo\u00adm\u00e9\u00adra\u00adtion,&nbsp;qui<br>\nfixe\u00adra d\u00e9fi\u00adni\u00adti\u00adve\u00adment les moyens \u00e0 employer pour l\u2019aire<br>\nabou\u00adtir cette l\u00e9gi\u00adtime reven\u00addi\u00adca\u00adtion r\u00e9clam\u00e9e<br>\npar la classe ouvri\u00e8re tex\u00adtile. Confiants dans les nouvelles<br>\nd\u00e9ci\u00adsions des patrons toi\u00adliers lil\u00adlois, les d\u00e9l\u00e9gu\u00e9s<br>\nse s\u00e9parent au cri de \u00ab&nbsp;Vive l\u2019Unification&nbsp;!&nbsp;\u00bb<\/font><\/font><\/p>\n<p style=\"text-indent: 1.46cm; margin-bottom: 0cm;\" align=\"justify\"><font face=\"Garamond, serif\"><font style=\"font-size: 13pt;\" size=\"3\">Cet<br>\nordre du jour fut vot\u00e9 \u00e0 l\u2019u\u00adna\u00adni\u00admi\u00adt\u00e9 par&nbsp;les<br>\nsyn\u00addi\u00adcats repr\u00e9\u00adsen\u00adt\u00e9s dont voi\u00adci la&nbsp;liste&nbsp;:<\/font><\/font><\/p>\n<p style=\"text-indent: 1.46cm; margin-bottom: 0cm;\" align=\"justify\"><font face=\"Garamond, serif\"><font style=\"font-size: 13pt;\" size=\"3\">Armen\u00adti\u00e8res,<br>\n<i>l\u2019As\u00adso\u00adcia\u00adtion. syn\u00addi\u00adcale Tex\u00adtile<\/i>, <i>le Syn\u00addi\u00adcat fra\u00adter\u00adnel<\/i>,<br>\n<i>l\u2019U\u00adnion ouvri\u00e8re<\/i>&nbsp;; Lille, le <i>Tex\u00adtile<\/i> et<br>\n<i>l\u2019In\u00add\u00e9\u00adpen\u00addant<\/i>&nbsp;; Hou\u00adplines, Haze\u00adbrouck, Perenchies,<br>\nBailleul, Estaires, Nieppe, Erquin\u00adghem, La Cha\u00adpelle d\u2019Armenti\u00e8res.<\/font><\/font><\/p>\n<p style=\"text-indent: 1.46cm; margin-bottom: 0cm;\" align=\"justify\"><font face=\"Garamond, serif\"><font style=\"font-size: 13pt;\" size=\"3\">Ain\u00adsi<br>\nqu\u2019on vient de le voir, l\u2019en\u00adtente des rouges et des jaunes fut<br>\npr\u00e9\u00adco\u00adni\u00ads\u00e9e par les syn\u00addi\u00adcats de l\u2019Agglom\u00e9ration<br>\nde la&nbsp;toile.<\/font><\/font><\/p>\n<p style=\"text-indent: 1.46cm; margin-bottom: 0cm;\" align=\"justify\"><font face=\"Garamond, serif\"><font style=\"font-size: 13pt;\" size=\"3\">C\u2019est<br>\nun spec\u00adtacle peu banal et de nature \u00e0 sus\u00adci\u00adter la r\u00e9flexion<br>\nque cette r\u00e9union d\u2019hommes aux opi\u00adnions si antagoniques<br>\nd\u2019or\u00addi\u00adnaire. Il est vrai que nous sommes en plein r\u00e9formisme<br>\net\u2026 nous com\u00adpre\u00adnons main\u00adte\u00adnant pour\u00adquoi Renard quand il&nbsp;nous<br>\ndon\u00adnait, au Congr\u00e8s d\u2019A\u00admiens 1906, le nombre des syndiqu\u00e9s<br>\ndu Nord s\u2019\u00e9\u00adga\u00adrait jus\u00adqu\u2019\u00e0 comp\u00adter avec les siens&nbsp;tous<br>\nles jaunes. Il est vrai encore que la nuance est presque<br>\nimper\u00adcep\u00adtible entre nos bons r\u00e9for\u00admistes et nos excellents<br>\njaunes\u2026<\/font><\/font><\/p>\n<p style=\"text-indent: 1.46cm; margin-bottom: 0cm;\" align=\"justify\"><font face=\"Garamond, serif\"><font style=\"font-size: 13pt;\" size=\"3\">En<br>\nconfor\u00admi\u00adt\u00e9 des r\u00e9so\u00adlu\u00adtions prises par les d\u00e9l\u00e9gu\u00e9s<br>\ndes centres toi\u00adliers au Congr\u00e8s du 12 sep\u00adtembre \u00e0<br>\nArmen\u00adti\u00e8res, les d\u00e9l\u00e9\u00adgu\u00e9s lil\u00adlois&nbsp;des<br>\ndeux syn\u00addi\u00adcats se r\u00e9unirent le 14 sep\u00adtembre \u00e0&nbsp;sept<br>\nheures du soir, 37, rue de B\u00e9thune \u00e0&nbsp;Lille.<\/font><\/font><\/p>\n<p style=\"text-indent: 1.46cm; margin-bottom: 0cm;\" align=\"justify\"><font face=\"Garamond, serif\"><font style=\"font-size: 13pt;\" size=\"3\">Apr\u00e8s<br>\ndis\u00adcus\u00adsion, ils d\u00e9ci\u00add\u00e8rent d\u2019a\u00addres\u00adser au Pr\u00e9fet<br>\ndu Nord une nou\u00advelle demande d\u2019en\u00adtre\u00advue. Ils d\u00e9cid\u00e8rent<br>\n\u00e9ga\u00adle\u00adment que les frais que pour\u00adrait occa\u00adsion\u00adner la cam\u00adpagne&nbsp;\u00e0<br>\nconti\u00adnuer seraient sup\u00adpor\u00adt\u00e9s par les deux syndicats.<\/font><\/font><\/p>\n<p style=\"text-indent: 1.46cm; margin-bottom: 0cm;\" align=\"justify\"><font face=\"Garamond, serif\"><font style=\"font-size: 13pt;\" size=\"3\">Le<br>\nven\u00addre\u00addi 17 sep\u00adtembre, ils furent re\u00e7us \u00e0 la pr\u00e9fecture<br>\npar son Secr\u00e9\u00adtaire g\u00e9n\u00e9\u00adral. L\u2019en\u00adtre\u00adtien dura&nbsp;une<br>\nheure, les d\u00e9l\u00e9\u00adgu\u00e9s expo\u00ads\u00e8rent la<br>\nsitua\u00adtion et le d\u00e9sir des orga\u00adni\u00adsa\u00adtions ouvri\u00e8res de<br>\nsolu\u00adtion\u00adner la ques\u00adtion au mieux des int\u00e9\u00adr\u00eats de&nbsp;tous,<br>\nmais comme le refus patro\u00adnal d\u2019en\u00adtrer en dis\u00adcus\u00adsion emp\u00eachait<br>\ntout arran\u00adge\u00adment, le secr\u00e9\u00adtaire g\u00e9n\u00e9\u00adral, au&nbsp;nom<br>\ndu Pr\u00e9\u00adfet, pro\u00admit aux d\u00e9l\u00e9\u00adgu\u00e9s que&nbsp;tout<br>\nle pos\u00adsible serait fait pour ten\u00adter un arrangement.<\/font><\/font><\/p>\n<p style=\"text-indent: 1.46cm; margin-bottom: 0cm;\" align=\"justify\"><font face=\"Garamond, serif\"><font style=\"font-size: 13pt;\" size=\"3\">Le<br>\nmer\u00adcre\u00addi 29 sep\u00adtembre, sous la pres\u00adsion pr\u00e9\u00adfec\u00adto\u00adrale, se&nbsp;tint<br>\nsalle de la Soci\u00e9\u00adt\u00e9 Indus\u00adtrielle, une r\u00e9union<br>\ndes patrons tis\u00adseurs \u00e0 laquelle assis\u00adtaient le Pr\u00e9fet<br>\ndu Nord et le maire de&nbsp;Lille.<\/font><\/font><\/p>\n<p style=\"text-indent: 1.46cm; margin-bottom: 0cm;\" align=\"justify\"><font face=\"Garamond, serif\"><font style=\"font-size: 13pt;\" size=\"3\">\u00c0<br>\nl\u2019u\u00adna\u00adni\u00admi\u00adt\u00e9, les patrons confir\u00adm\u00e8rent ce qu\u2019ils avaient<br>\n\u00e9crit pr\u00e9\u00adc\u00e9\u00adde\u00adment au Pr\u00e9\u00adfet,&nbsp;\u00e0<br>\nsavoir que l\u2019u\u00adni\u00adfi\u00adca\u00adtion des tarifs \u00e9tait impos\u00adsible et que&nbsp;si<br>\ndes ouvriers avaient des r\u00e9cla\u00adma\u00adtions \u00e0 faire, ils<br>\n\u00e9taient tout dis\u00adpo\u00ads\u00e9s \u00e0 les \u00e9couter.<\/font><\/font><\/p>\n<p style=\"text-indent: 1.46cm; margin-bottom: 0cm;\" align=\"justify\"><font face=\"Garamond, serif\"><font style=\"font-size: 13pt;\" size=\"3\">Le<br>\nm\u00eame soir, \u00e0 neuf heures et demie, les d\u00e9l\u00e9gu\u00e9s<br>\nde la Com\u00admis\u00adsion Inter\u00adsyn\u00addi\u00adcale se r\u00e9unirent au&nbsp;si\u00e8ge<br>\nchoi\u00adsi par eux, 47, rue de B\u00e9thune, pour exa\u00admi\u00adner la r\u00e9ponse<br>\npatro\u00adnale par\u00adve\u00adnue par l\u2019en\u00adtre\u00admise du Pr\u00e9fet.<\/font><\/font><\/p>\n<p style=\"text-indent: 1.46cm; margin-bottom: 0cm;\" align=\"justify\"><font face=\"Garamond, serif\"><font style=\"font-size: 13pt;\" size=\"3\">Les<br>\nd\u00e9l\u00e9\u00adgu\u00e9s d\u00e9ci\u00add\u00e8rent d\u2019organiser<br>\npour le sur\u00adlen\u00adde\u00admain une r\u00e9union pri\u00adv\u00e9e des syndiqu\u00e9s<br>\ndes deux orga\u00adni\u00adsa\u00adtions, puis de se rendre \u00e0 la r\u00e9union<br>\nde l\u2019Ag\u00adglo\u00adm\u00e9\u00adra\u00adtion de la toile qui se tien\u00addrait dimanche 3<br>\noctobre, \u00e0 quatre heures de l\u2019a\u00adpr\u00e8s-midi, \u00e0<br>\nArmenti\u00e8res.<\/font><\/font><\/p>\n<p style=\"text-indent: 1.46cm; margin-bottom: 0cm;\" align=\"justify\"><font face=\"Garamond, serif\"><font style=\"font-size: 13pt;\" size=\"3\">\u00c0<br>\ncette r\u00e9union, 18 syn\u00addi\u00adcats \u00e9taient repr\u00e9sent\u00e9s.<br>\nApr\u00e8s dis\u00adcus\u00adsion l\u2019ordre du jour sui\u00advant fut&nbsp;vot\u00e9&nbsp;:<\/font><\/font><\/p>\n<p style=\"text-indent: 1.46cm; margin-bottom: 0cm;\" align=\"justify\"><font face=\"Garamond, serif\"><font style=\"font-size: 13pt;\" size=\"3\"><\/font><\/font><\/p>\n<p>[(<font face=\"Garamond, serif\"><font style=\"font-size: 13pt;\" size=\"3\">Les<br>\nSyn\u00addi\u00adcats ouvriers tex\u00adtiles de Bailleul, Bac-Saint-Maur,La Chapelle<br>\nd.\u2018Armenti\u00e8res, Hou\u00adplines, Armen\u00adti\u00e8res (3),&nbsp;Roncq,<br>\nHal\u00adluin, Lille (2), Haze\u00adbrouck, Nieppe, P\u00e9ren\u00adchies, Estaires,<br>\nErquin\u00adghem, repr\u00e9\u00adsen\u00adt\u00e9s par 46 d\u00e9l\u00e9gu\u00e9s,<br>\nr\u00e9unis le dimanche 3 octobre 1909 \u00e0 4 heures du soir,&nbsp;\u00e0<br>\nla Coop\u00e9\u00adra\u00adtive l\u2019A\u00adve\u00adnir, place du rond-point d\u2019Armenti\u00e8res&nbsp;;<\/font><\/font><\/p>\n<p style=\"text-indent: 1.46cm; margin-bottom: 0cm;\" align=\"justify\"><font face=\"Garamond, serif\"><font style=\"font-size: 13pt;\" size=\"3\">Apr\u00e8s<br>\navoir exa\u00admi\u00adn\u00e9 le refus hau\u00adtain des fabri\u00adcants de toiles aux<br>\npro\u00adpo\u00adsi\u00adtions de dis\u00adcus\u00adsion cour\u00adtoise sur le pro\u00adjet d\u2019u\u00adni\u00adfi\u00adca\u00adtion&nbsp;des<br>\ntarifs \u00e0&nbsp;Lille&nbsp;;<\/font><\/font><\/p>\n<p style=\"text-indent: 1.46cm; margin-bottom: 0cm;\" align=\"justify\"><font face=\"Garamond, serif\"><font style=\"font-size: 13pt;\" size=\"3\">\u00c9sti\u00adment,<br>\nque les patrons ne peuvent pas jus\u00adti\u00adfier leur argu\u00admen\u00adta\u00adtion&nbsp;en<br>\nd\u00e9cla\u00adrant inac\u00adcep\u00adtable un tarif qu\u2019ils ne veulent pas<br>\ndiscuter&nbsp;;<\/font><\/font><\/p>\n<p style=\"text-indent: 1.46cm; margin-bottom: 0cm;\" align=\"justify\"><font face=\"Garamond, serif\"><font style=\"font-size: 13pt;\" size=\"3\">D\u00e9cident<br>\nque les ouvriers et ouvri\u00e8res des tis\u00adsages de Lille&nbsp;et<br>\nenvi\u00adrons doivent pour\u00adsuivre l\u2019u\u00adni\u00adfi\u00adca\u00adtion des tarifs par la&nbsp;gr\u00e8ve<br>\ng\u00e9n\u00e9\u00adrale des tis\u00adsages l\u00e0 o\u00f9 les patrons<br>\nrefu\u00adse\u00adront l\u2019unification.<\/font><\/font><\/p>\n<p style=\"text-indent: 1.46cm; margin-bottom: 0cm;\" align=\"justify\"><font face=\"Garamond, serif\"><font style=\"font-size: 13pt;\" size=\"3\">Le<br>\ntra\u00advail ne devra pas ces\u00adser o\u00f9 le tarif sera accept\u00e9,<br>\nsous r\u00e9serve que les ouvriers lais\u00adse\u00adront 1 franc par semaine<br>\net les ouvri\u00e8res 50 cen\u00adtimes, pour sou\u00adte\u00adnir leurs cama\u00adrades&nbsp;en<br>\nlutte.<\/font><\/font><\/p>\n<p style=\"text-indent: 1.46cm; margin-bottom: 0cm;\" align=\"justify\"><font face=\"Garamond, serif\"><font style=\"font-size: 13pt;\" size=\"3\">En<br>\noutre, tous les syn\u00addi\u00adcats s\u2019en\u00adgagent \u00e0 nour\u00adrir et loger&nbsp;les<br>\ngr\u00e9\u00advistes qui vien\u00addront vendre les tickets offi\u00adciels&nbsp;dans<br>\nleurs loca\u00adli\u00adt\u00e9s et \u00e0 ver\u00adser une coti\u00adsa\u00adtion hebdomadaire<br>\nsur les fonds des syndicats.<\/font><\/font><\/p>\n<p style=\"text-indent: 1.46cm; margin-bottom: 0cm;\" align=\"justify\"><font face=\"Garamond, serif\"><font style=\"font-size: 13pt;\" size=\"3\">De<br>\nplus quatre syn\u00addi\u00adcats sont par\u00adti\u00adsans de sou\u00adte\u00adnir Lille par la&nbsp;gr\u00e8ve<br>\ng\u00e9n\u00e9\u00adrale, dont trois r\u00e9ser\u00advant, la&nbsp;gr\u00e8ve<br>\ng\u00e9n\u00e9\u00adrale au jour o\u00f9 o\u00f9 les syn\u00addi\u00adcats&nbsp;se<br>\nd\u00e9cla\u00adre\u00adront impuis\u00adsants \u00e0 mar\u00adcher&nbsp;seuls.&nbsp;<\/font><\/font><\/p>\n<p style=\"text-indent: 1.46cm; margin-bottom: 0cm;\" align=\"justify\"><font face=\"Garamond, serif\"><font style=\"font-size: 13pt;\" size=\"3\">Enfin<br>\nonze syn\u00addi\u00adcats sont pour l\u2019ap\u00adpui finan\u00adcier, dans la plus large mesure<br>\nde leurs moyens.<\/font><\/font><\/p>\n<p style=\"text-indent: 1.46cm; margin-bottom: 0cm;\" align=\"justify\"><font face=\"Garamond, serif\"><font style=\"font-size: 13pt;\" size=\"3\">D\u00e9cident<br>\nqu\u2019une grande r\u00e9union g\u00e9n\u00e9\u00adrale de tous&nbsp;les<br>\nouvriers et ouvri\u00e8res des tis\u00adsages de Lille soit organis\u00e9e<br>\ndans la plus grande salle de leur ville, dans laquelle les d\u00e9l\u00e9gu\u00e9s<br>\nde l\u2019Ag\u00adglo\u00adm\u00e9\u00adra\u00adtion de la toile vien\u00addront conti\u00adnuer&nbsp;leurs<br>\nenga\u00adge\u00adments avant de pas\u00adser au vote sur la d\u00e9cla\u00adra\u00adtion de&nbsp;la<br>\ngr\u00e8ve.<\/font><\/font>)]<\/p>\n<p style=\"text-indent: 1.46cm; margin-bottom: 0cm;\" align=\"justify\"><font face=\"Garamond, serif\"><font style=\"font-size: 13pt;\" size=\"3\">Le<br>\n30 octobre, la com\u00admis\u00adsion inter\u00adsyn\u00addi\u00adcale se r\u00e9unit \u00e0<br>\ntrois heures du soir \u00e0 son&nbsp;si\u00e8ge.<\/font><\/font><\/p>\n<p style=\"text-indent: 1.46cm; margin-bottom: 0cm;\" align=\"justify\"><font face=\"Garamond, serif\"><font style=\"font-size: 13pt;\" size=\"3\">Apr\u00e8s<br>\navoir \u00e9la\u00adbo\u00adr\u00e9 d\u00e9fi\u00adni\u00adti\u00adve\u00adment les tarifs qu\u2019elle<br>\nfit dis\u00adtri\u00adbuer le jeu\u00addi 7 octobre, elle d\u00e9ci\u00adda la distribution<br>\nd\u2019un mani\u00adfeste, convo\u00adquant pour le dimanche 10, \u00e0 deux heures<br>\npr\u00e9\u00adcises du soir, salle. de l\u2019Al\u00adca\u00adzar \u00e0 Lille, tous&nbsp;les<br>\nouvriers tis\u00adse\u00adrands, \u00e0 l\u2019ef\u00adfet de d\u00e9cr\u00e9\u00adter&nbsp;la<br>\ngr\u00e8ve g\u00e9n\u00e9rale.<\/font><\/font><\/p>\n<p style=\"text-indent: 1.46cm; margin-bottom: 0cm;\" align=\"justify\"><font face=\"Garamond, serif\"><font style=\"font-size: 13pt;\" size=\"3\">Tous<br>\nles tis\u00adse\u00adrands de Lille et des envi\u00adrons \u00e9taient pr\u00e9sents<br>\n\u00e0 cette r\u00e9union.<\/font><\/font><\/p>\n<p style=\"text-indent: 1.46cm; margin-bottom: 0cm;\" align=\"justify\"><font face=\"Garamond, serif\"><font style=\"font-size: 13pt;\" size=\"3\">Renard,<br>\nsecr\u00e9\u00adtaire de la F\u00e9d\u00e9\u00adra\u00adtion Tex\u00adtile&nbsp;; Cr\u00e9ton<br>\n(rouge) et Lam\u00adbert (jaune), secr\u00e9\u00adtaires intersyndicaux&nbsp;;<br>\nCou\u00adtel, pr\u00e9\u00adsident de l\u2019As\u00adso\u00adcia\u00adtion des Syn\u00addi\u00adcats Ind\u00e9pendants<br>\n(jaunes); Saint-Venant, secr\u00e9\u00adtaire de la F\u00e9d\u00e9ration<br>\nlocale des Syn\u00addi\u00adcats de Lille&nbsp;; Bauche, tr\u00e9\u00adso\u00adrier du Syndicat<br>\nTex\u00adtile, et des d\u00e9l\u00e9\u00adgu\u00e9s de Roncq, d\u2019Halluin,<br>\nd\u2019Ar\u00admen\u00adti\u00e8res prirent la parole et exhor\u00adt\u00e8rent les<br>\ntis\u00adse\u00adrands \u00e0 se\u2019 mettre en gr\u00e8ve et \u00e0 suspendre<br>\ntout tra\u00advail. Bien enten\u00addu ils deman\u00add\u00e8rent de ne pas&nbsp;se<br>\nd\u00e9par\u00adtir du calme et de la r\u00e9flexion qui sont&nbsp;tous<br>\ndeux, dirent-ils, des gages de suc\u00adc\u00e8s comme s\u2019il&nbsp;\u00e9tait<br>\nencore pos\u00adsible de craindre l\u2019\u00e9\u00adner\u00adve\u00adment de ces bons moutons<br>\nsyn\u00addi\u00adqu\u00e9s du Nord qu\u2019ils ont com\u00adpl\u00e8\u00adte\u00adment d\u00e9tourn\u00e9s<br>\nde tout acte r\u00e9vo\u00adlu\u00adtion\u00adnaire. Sur les 2.000 pr\u00e9\u00adsents&nbsp;\u00e0<br>\nla r\u00e9union, 647 prirent part au vote. La gr\u00e8ve&nbsp;fut<br>\nvot\u00e9e par 533 voix contre 112.<\/font><\/font><\/p>\n<p style=\"text-indent: 1.46cm; margin-bottom: 0cm;\" align=\"justify\"><font face=\"Garamond, serif\"><font style=\"font-size: 13pt;\" size=\"3\">A.<br>\nDevern\u00e9<\/font><\/font><\/p>\n<p style=\"text-indent: 1.46cm; margin-bottom: 0cm;\" align=\"justify\"><font face=\"Garamond, serif\"><font style=\"font-size: 13pt;\" size=\"3\">P.-S.<br>\u200a\u2014\u200aD\u00e8s que la gr\u00e8ve sera d\u00e9finitivement<br>\nter\u00admi\u00adn\u00e9e&nbsp;; nous exa\u00admi\u00adne\u00adrons les condi\u00adtions dans les\u00adquelles elle<br>\ns\u2019est d\u00e9roul\u00e9e.<\/font><\/font><\/p>\n","protected":false},"excerpt":{"rendered":"<p>&nbsp; Une nou\u00advelle fois, les tis\u00adseurs de Lille et envi\u00adrons, au nombre de&nbsp;5000 sont en gr\u00e8ve. Ils demandent l\u2019u\u00adni\u00adfi\u00adca\u00adtion des tarifs du tis\u00adsage de la toile, de mani\u00e8re \u00e0 emp\u00ea\u00adcher&nbsp;la concur\u00adrence patro\u00adnale de s\u2019exer\u00adcer sur le dos des ouvriers. La cor\u00adpo\u00adra\u00adtion des ouvriers tis\u00adseurs est peut-\u00eatre celle qui a&nbsp;\u00e9t\u00e9 le plus \u00e9prou\u00adv\u00e9e par les vicissitudes&nbsp;[\u2026]<\/p>\n","protected":false},"author":1,"featured_media":0,"comment_status":"closed","ping_status":"closed","sticky":false,"template":"","format":"standard","meta":{"wp_typography_post_enhancements_disabled":false,"footnotes":""},"categories":[158],"tags":[],"ppma_author":[540],"class_list":["post-1432","post","type-post","status-publish","format-standard","hentry","category-la-vie-ouvriere-n8-20-janvier-1910"],"authors":[{"term_id":540,"user_id":1,"is_guest":0,"slug":"admin_3gikpwyf","display_name":"Vincent Dubuc","avatar_url":"https:\/\/secure.gravatar.com\/avatar\/d015720652c25fd2ced191ade86430094e1f288a17483713e3b34d26dea52507?s=96&d=mm&r=g","author_category":"","user_url":"https:\/\/la-presse-anarchiste.net","last_name":"Dubuc","first_name":"Vincent","job_title":"","description":""}],"_links":{"self":[{"href":"https:\/\/la-presse-anarchiste.net\/index.php\/wp-json\/wp\/v2\/posts\/1432","targetHints":{"allow":["GET"]}}],"collection":[{"href":"https:\/\/la-presse-anarchiste.net\/index.php\/wp-json\/wp\/v2\/posts"}],"about":[{"href":"https:\/\/la-presse-anarchiste.net\/index.php\/wp-json\/wp\/v2\/types\/post"}],"author":[{"embeddable":true,"href":"https:\/\/la-presse-anarchiste.net\/index.php\/wp-json\/wp\/v2\/users\/1"}],"replies":[{"embeddable":true,"href":"https:\/\/la-presse-anarchiste.net\/index.php\/wp-json\/wp\/v2\/comments?post=1432"}],"version-history":[{"count":0,"href":"https:\/\/la-presse-anarchiste.net\/index.php\/wp-json\/wp\/v2\/posts\/1432\/revisions"}],"wp:attachment":[{"href":"https:\/\/la-presse-anarchiste.net\/index.php\/wp-json\/wp\/v2\/media?parent=1432"}],"wp:term":[{"taxonomy":"category","embeddable":true,"href":"https:\/\/la-presse-anarchiste.net\/index.php\/wp-json\/wp\/v2\/categories?post=1432"},{"taxonomy":"post_tag","embeddable":true,"href":"https:\/\/la-presse-anarchiste.net\/index.php\/wp-json\/wp\/v2\/tags?post=1432"},{"taxonomy":"author","embeddable":true,"href":"https:\/\/la-presse-anarchiste.net\/index.php\/wp-json\/wp\/v2\/ppma_author?post=1432"}],"curies":[{"name":"wp","href":"https:\/\/api.w.org\/{rel}","templated":true}]}}