{"id":1433,"date":"2008-04-05T17:02:08","date_gmt":"2008-04-05T17:02:08","guid":{"rendered":"https:\/\/la-presse-anarchiste.net\/index.php\/2008\/04\/05\/lannuaire-de-la-federation-du-batiment\/"},"modified":"2008-04-05T17:02:08","modified_gmt":"2008-04-05T17:02:08","slug":"lannuaire-de-la-federation-du-batiment","status":"publish","type":"post","link":"https:\/\/la-presse-anarchiste.net\/index.php\/2008\/04\/05\/lannuaire-de-la-federation-du-batiment\/","title":{"rendered":"L\u2019annuaire de la f\u00e9d\u00e9ration du b\u00e2timent"},"content":{"rendered":"<div class=\"pdfprnt-buttons pdfprnt-buttons-post pdfprnt-top-right\"><a href=\"https:\/\/la-presse-anarchiste.net\/index.php\/wp-json\/wp\/v2\/posts\/1433?print=pdf\" class=\"pdfprnt-button pdfprnt-button-pdf\" target=\"_blank\"><img decoding=\"async\" src=\"https:\/\/la-presse-anarchiste.net\/wp-content\/plugins\/pdf-print\/images\/pdf.png\" alt=\"image_pdf\" title=\"Afficher le PDF\"><\/a><a href=\"https:\/\/la-presse-anarchiste.net\/index.php\/wp-json\/wp\/v2\/posts\/1433?print=print\" class=\"pdfprnt-button pdfprnt-button-print\" target=\"_blank\"><img decoding=\"async\" src=\"https:\/\/la-presse-anarchiste.net\/wp-content\/plugins\/pdf-print\/images\/print.png\" alt=\"image_print\" title=\"Contenu imprim\u00e9\"><\/a><\/div><p style=\"text-indent: 1.46cm; margin-bottom: 0cm;\" align=\"justify\"><font face=\"Garamond, serif\"><font style=\"font-size: 13pt;\" size=\"3\">Dans<br>\nquelques jours va para\u00eetre l\u2019An\u00adnuaire dont la F\u00e9d\u00e9ration<br>\ndu B\u00e2ti\u00adment a d\u00e9ci\u00add\u00e9 la publi\u00adca\u00adtion pour&nbsp;1910.<br>\nC\u2019est une forte bro\u00adchure d\u2019en\u00advi\u00adron 130 pages d\u2019un texte&nbsp;serr\u00e9.<\/font><\/font><\/p>\n<p style=\"text-indent: 1.46cm; margin-bottom: 0cm;\" align=\"justify\"><font face=\"Garamond, serif\"><font style=\"font-size: 13pt;\" size=\"3\">Dans<br>\nune br\u00e8ve pr\u00e9\u00adface, le Comi\u00adt\u00e9 f\u00e9d\u00e9ral<br>\nle pr\u00e9\u00adsente en ces termes&nbsp;:<\/font><\/font><\/p>\n<p style=\"text-indent: 1.46cm; margin-bottom: 0cm;\" align=\"justify\"><font face=\"Garamond, serif\"><font style=\"font-size: 13pt;\" size=\"3\">En<br>\nd\u00e9ci\u00addant la publi\u00adca\u00adtion de cet <i>Annuaire<\/i>, la F\u00e9d\u00e9ration<br>\na vou\u00adlu cr\u00e9er un nou\u00advel outil de propagande&nbsp;:<\/font><\/font><\/p>\n<p style=\"text-indent: 1.46cm; margin-bottom: 0cm;\" align=\"justify\"><font face=\"Garamond, serif\"><font style=\"font-size: 13pt;\" size=\"3\">R\u00e9unir<br>\ndans une forte bro\u00adchure, facile \u00e0 manier et int\u00e9ressante<br>\n\u00e0 conser\u00adver, tous les ren\u00adsei\u00adgne\u00adments syn\u00addi\u00adcaux, utiles aux<br>\nmili\u00adtants de nos cor\u00adpo\u00adra\u00adtions et concer\u00adnant la F\u00e9d\u00e9ration,<br>\nla C.G.T., les Bourses, l\u2019or\u00adga\u00adni\u00adsa\u00adtion internationales,<br>\nl\u2019or\u00adga\u00adni\u00adsa\u00adtion patro\u00adnale, la l\u00e9gis\u00adla\u00adtion int\u00e9ressant<br>\nplus sp\u00e9\u00adcia\u00adle\u00adment notre indus\u00adtrie, quelques conseils<br>\njudi\u00adciaires&nbsp;; une liste, mal\u00adheu\u00adreu\u00adse\u00adment incom\u00adpl\u00e8te, des grands<br>\ntra\u00advaux en cours ou \u00e0 ex\u00e9\u00adcu\u00adter en 1910 et la liste&nbsp;des<br>\nins\u00adpec\u00adteurs du travail.<\/font><\/font><\/p>\n<p style=\"text-indent: 1.46cm; margin-bottom: 0cm;\" align=\"justify\"><font face=\"Garamond, serif\"><font style=\"font-size: 13pt;\" size=\"3\">Dans<br>\nun his\u00adto\u00adrique suc\u00adcinct, rap\u00adpe\u00adler les longs efforts suc\u00adces\u00adsifs&nbsp;du<br>\npro\u00adl\u00e9\u00adta\u00adriat du B\u00e2ti\u00adment pour arri\u00adver \u00e0 se forger<br>\nune forte orga\u00adni\u00adsa\u00adtion syn\u00addi\u00adcale et f\u00e9d\u00e9\u00adrale, qui&nbsp;lui<br>\nper\u00admet\u00adtra, en coor\u00addon\u00adnant son action, d\u2019af\u00adfron\u00adter la lutte avec&nbsp;des<br>\nchances accrues de suc\u00adc\u00e8s et d\u2019al\u00adler de vic\u00adtoires en victoires<br>\njus\u00adqu\u2019\u00e0 son \u00e9man\u00adci\u00adpa\u00adtion int\u00e9\u00adgrale. Et, en&nbsp;face,<br>\nen quelques pages, racon\u00adter l\u2019ac\u00adtion du patro\u00adnat du B\u00e2timent<br>\npour repous\u00adser les justes et l\u00e9gi\u00adtimes reven\u00addi\u00adca\u00adtions de&nbsp;la<br>\nclasse ouvri\u00e8re et main\u00adte\u00adnir l\u2019in\u00adt\u00e9\u00adgra\u00adli\u00adt\u00e9&nbsp;de<br>\nses pri\u00advi\u00adl\u00e8ges capi\u00adta\u00adlistes&nbsp;; car il est indis\u00adpen\u00adsable&nbsp;de<br>\nconna\u00eetre les forces de l\u2019en\u00adne\u00admi avec lequel on est appel\u00e9,<br>\n\u00e0 se mesu\u00adrer tous les&nbsp;jours.<\/font><\/font><\/p>\n<p style=\"text-indent: 1.46cm; margin-bottom: 0cm;\" align=\"justify\"><font face=\"Garamond, serif\"><font style=\"font-size: 13pt;\" size=\"3\">Fixer<br>\naus\u00adsi, som\u00admai\u00adre\u00adment, l\u2019an\u00adn\u00e9e active et ardente que l\u2019on&nbsp;vient<br>\nde vivre, o\u00f9 l\u2019on s\u2019est d\u00e9pen\u00ads\u00e9 sans compter,<br>\npour que les efforts faits incitent \u00e0 de nou\u00adveaux efforts,<br>\npour que les le\u00e7ons du pas\u00ads\u00e9, que les vic\u00adtoires ou&nbsp;les<br>\nd\u00e9faites pas\u00adsa\u00adg\u00e8res sti\u00admulent \u00e0 plus d\u2019\u00e9nergie,<br>\n\u00e0 plus de volon\u00adt\u00e9 encore.<\/font><\/font><\/p>\n<p style=\"text-indent: 1.46cm; margin-bottom: 0cm;\" align=\"justify\"><font face=\"Garamond, serif\"><font style=\"font-size: 13pt;\" size=\"3\">Inci\u00adter<br>\n\u00e0 l\u2019\u00e9\u00adtude rai\u00adson\u00adn\u00e9e de son travail<br>\npro\u00adfes\u00adsion\u00adnel, \u00e0 des vues \u00e9co\u00adno\u00admiques d\u2019en\u00adsemble, pour<br>\nsavoir mieux d\u00e9fendre, pour savoir tech\u00adni\u00adque\u00adment d\u00e9fendre<br>\nson salaire, ses reven\u00addi\u00adca\u00adtions, pour se pr\u00e9\u00adpa\u00adrer au&nbsp;r\u00f4le<br>\n\u00e9co\u00adno\u00admique que le pro\u00adl\u00e9\u00adta\u00adriat est appe\u00adl\u00e9&nbsp;\u00e0<br>\nrem\u00adplir quand il aura secou\u00e9 son escla\u00advage \u00e9conomique.<\/font><\/font><\/p>\n<p style=\"text-indent: 1.46cm; margin-bottom: 0cm;\" align=\"justify\"><font face=\"Garamond, serif\"><font style=\"font-size: 13pt;\" size=\"3\">Indi\u00adquer,<br>\npar un tableau com\u00adpa\u00adra\u00adtif des heures de tra\u00advail, des salaires et&nbsp;du<br>\nco\u00fbt de la vie, dans quelques centres, l\u2019int\u00e9r\u00eat<br>\nque pr\u00e9\u00adsente l\u2019en\u00adqu\u00eate d\u00e9ci\u00add\u00e9e par&nbsp;le<br>\nCongr\u00e8s de Saint-\u00c9tienne pour entre\u00adprendre une&nbsp;lutte<br>\nm\u00e9tho\u00addique pour la dimi\u00adnu\u00adtion des heures de travail.<\/font><\/font><\/p>\n<p style=\"text-indent: 1.46cm; margin-bottom: 0cm;\" align=\"justify\"><font face=\"Garamond, serif\"><font style=\"font-size: 13pt;\" size=\"3\">Certes,<br>\nl\u2019\u0153uvre est incom\u00adpl\u00e8te. Mais les cama\u00adrades la juge\u00adront&nbsp;dans<br>\nson ensemble et diront si la pen\u00ads\u00e9e qui l\u2019a inspir\u00e9e<br>\nest bonne en soi. Pour ses d\u00e9tails, l\u2019a\u00adve\u00adnir dira&nbsp;o\u00f9<br>\nsont les erreurs, o\u00f9 sont les manques. C\u2019est une&nbsp;\u0153uvre<br>\ncol\u00adlec\u00adtive qui se par\u00adfe\u00adra avec le&nbsp;temps.<\/font><\/font><\/p>\n<p style=\"text-indent: 1.46cm; margin-bottom: 0cm;\" align=\"justify\"><font face=\"Garamond, serif\"><font style=\"font-size: 13pt;\" size=\"3\">C\u2019est<br>\ndonc une forme toute nou\u00advelle de pro\u00adpa\u00adgande, que vient d\u2019a\u00addop\u00adter&nbsp;la<br>\nF\u00e9d\u00e9\u00adra\u00adtion. C\u2019est quelque chose qui vient utilement<br>\ncom\u00adpl\u00e9\u00adter l\u2019or\u00adgane corporatif.<\/font><\/font><\/p>\n<p style=\"text-indent: 1.46cm; margin-bottom: 0cm;\" align=\"justify\"><font face=\"Garamond, serif\"><font style=\"font-size: 13pt;\" size=\"3\">En<br>\npubliant la liste et les adresses de ses syn\u00addi\u00adcats, c\u2019est&nbsp;\u00e0<br>\nune id\u00e9e de d\u00e9cen\u00adtra\u00adli\u00adsa\u00adtion et de f\u00e9d\u00e9ralisme<br>\nqu\u2019elle ob\u00e9it&nbsp;: elle entend faci\u00adli\u00adter ain\u00adsi les relations<br>\ndirectes de syn\u00addi\u00adcat \u00e0 syn\u00addi\u00adcat et cr\u00e9er entre&nbsp;eux<br>\nrela\u00adtions per\u00adson\u00adnelles et intimes, de m\u00eame sorte que celles qui<br>\nse cr\u00e9ent dans les syn\u00addi\u00adcats entre mili\u00adtants. Et la F\u00e9d\u00e9ration<br>\nne pour\u00adra que se trou\u00adver for\u00adti\u00adfi\u00e9e des liens de solidarit\u00e9<br>\nqui se trou\u00adve\u00adront ain\u00adsi entre\u00adm\u00ea\u00adl\u00e9s \u00e0 l\u2019infini.<br>\nD\u2019un autre c\u00f4t\u00e9, en d\u00e9char\u00adgeant le bureau f\u00e9d\u00e9ral<br>\nde cer\u00adtaines besognes fas\u00adti\u00addieuses, celui-ci pour\u00adra consa\u00adcrer plus&nbsp;de<br>\ntemps \u00e0 des besognes plus importantes.<\/font><\/font><\/p>\n<p style=\"text-indent: 1.46cm; margin-bottom: 0cm;\" align=\"justify\"><font face=\"Garamond, serif\"><font style=\"font-size: 13pt;\" size=\"3\">Bien<br>\nsou\u00advent, au cours de leurs d\u00e9l\u00e9\u00adga\u00adtions, les camarades<br>\nont pu consta\u00adter com\u00adbien l\u2019or\u00adga\u00adni\u00adsa\u00adtion et le fonc\u00adtion\u00adne\u00adment de&nbsp;la<br>\nC.G.T. \u00e9taient incon\u00adnus \u00e0 pas mal de cama\u00adrades. C\u2019est<br>\npour que ceux-ci, au moins dans nos syn\u00addi\u00adcats, connaissent bien&nbsp;notre<br>\norga\u00adni\u00adsa\u00adtion cen\u00adtrale, que la F\u00e9d\u00e9\u00adra\u00adtion ins\u00e8re<br>\ndans son Annuaire les sta\u00adtuts de la C.G.T. C\u2019est pour faci\u00adli\u00adter&nbsp;aux<br>\nsyn\u00addi\u00adcats nou\u00adveaux l\u2019ac\u00adcom\u00adplis\u00adse\u00adment de la triple obligation<br>\nconf\u00e9\u00add\u00e9\u00adrale qu\u2019elle indique le si\u00e8ge des Bourses<br>\nou Unions conf\u00e9d\u00e9r\u00e9es.<\/font><\/font><\/p>\n<p style=\"text-indent: 1.46cm; margin-bottom: 0cm;\" align=\"justify\"><font face=\"Garamond, serif\"><font style=\"font-size: 13pt;\" size=\"3\">C\u2019est<br>\npour que nos cama\u00adrades n\u2019i\u00adgnorent pas non plus les efforts du<br>\npro\u00adl\u00e9\u00adta\u00adriat des autres nations qu\u2019elle donne la liste&nbsp;des<br>\norga\u00adni\u00adsa\u00adtions cen\u00adtrales \u00e9tran\u00adg\u00e8res, et notam\u00adment celles<br>\nqui se rap\u00adportent \u00e0 l\u2019in\u00addus\u00adtrie du b\u00e2timent.<\/font><\/font><\/p>\n<p style=\"text-indent: 1.46cm; margin-bottom: 0cm;\" align=\"justify\"><font face=\"Garamond, serif\"><font style=\"font-size: 13pt;\" size=\"3\">Pour<br>\nmieux com\u00adbattre son adver\u00adsaire, pour savoir o\u00f9 le prendre, il<br>\nfaut le bien conna\u00eetre, lui et toute son orga\u00adni\u00adsa\u00adtion.&nbsp;C\u2019est<br>\npour\u00adquoi l\u2019An\u00adnuaire donne quelques indi\u00adca\u00adtions sur l\u2019organisation<br>\npatro\u00adnale et un court his\u00adto\u00adrique de sa formation.<\/font><\/font><\/p>\n<p style=\"text-indent: 1.46cm; margin-bottom: 0cm;\" align=\"justify\"><font face=\"Garamond, serif\"><font style=\"font-size: 13pt;\" size=\"3\">Et<br>\nn\u2019\u00e9\u00adtait-il pas int\u00e9\u00adres\u00adsant de fixer som\u00admai\u00adre\u00adment&nbsp;les<br>\nefforts du pro\u00adl\u00e9\u00adta\u00adriat du b\u00e2ti\u00adment, pen\u00addant&nbsp;ces<br>\nqua\u00adrante-cinq der\u00adni\u00e8res ann\u00e9es, pour se&nbsp;cr\u00e9er<br>\nune forte orga\u00adni\u00adsa\u00adtion f\u00e9d\u00e9\u00adrale&nbsp;; de rap\u00adpe\u00adler, avec&nbsp;les<br>\ndeux pre\u00admi\u00e8res ten\u00adta\u00adtives de consti\u00adtu\u00adtion d\u2019une F\u00e9d\u00e9ration<br>\nd\u2019in\u00addus\u00adtrie, les rai\u00adsons de leur \u00e9chec, afin que les le\u00e7ons<br>\ndu pas\u00ads\u00e9 ne soient point per\u00addues pour l\u2019avenir&nbsp;?<\/font><\/font><\/p>\n<p style=\"text-indent: 1.46cm; margin-bottom: 0cm;\" align=\"justify\"><font face=\"Garamond, serif\"><font style=\"font-size: 13pt;\" size=\"3\">Et<br>\ndans le m\u00eame ordre d\u2019es\u00adprit, ne fal\u00adlait-il pas noter, dans&nbsp;une<br>\nrapide esquisse, comme en un jour\u00adnal de marche de notre&nbsp;arm\u00e9e<br>\npro\u00adl\u00e9\u00adta\u00adrienne, les faits de l\u2019an\u00adn\u00e9e syndicale,<br>\nf\u00e9d\u00e9\u00adrale, conf\u00e9\u00add\u00e9\u00adrale et internationale,<br>\nafin de consti\u00adtuer comme un com\u00admen\u00adce\u00adment de nos archives et&nbsp;aussi<br>\nsur\u00adtout pour sti\u00admu\u00adler \u00e0 de nou\u00adveaux efforts..<\/font><\/font><\/p>\n<p style=\"text-indent: 1.46cm; margin-bottom: 0cm;\" align=\"justify\"><font face=\"Garamond, serif\"><font style=\"font-size: 13pt;\" size=\"3\">\u00c0<br>\nc\u00f4t\u00e9 de ces docu\u00adments, l\u2019An\u00adnuaire contient \u00e9galement<br>\nune par\u00adtie pro\u00adfes\u00adsion\u00adnelle, dans le double but, qu\u2019in\u00addique&nbsp;la<br>\npr\u00e9\u00adface, de ser\u00advir \u00e0 la fois d\u2019arme tech\u00adnique dans&nbsp;les<br>\nreven\u00addi\u00adca\u00adtions actuelles et en m\u00eame temps d\u2019ha\u00adbi\u00adtuer&nbsp;les<br>\ncama\u00adrades \u00e0 envi\u00adsa\u00adger le c\u00f4t\u00e9 tech\u00adnique, le&nbsp;c\u00f4t\u00e9<br>\ncom\u00admer\u00adcial de l\u2019in\u00addus\u00adtrie o\u00f9 ils sont exploi\u00adt\u00e9s&nbsp;;&nbsp;ils<br>\ncom\u00admen\u00adce\u00adront l\u00e0 leur \u00e9du\u00adca\u00adtion \u00e9conomique<br>\npra\u00adtique\u200a\u2014\u200at\u00e2che impor\u00adtante,\u200a\u2014\u200acar, apr\u00e8s&nbsp;le<br>\ntriomphe de la R\u00e9vo\u00adlu\u00adtion, nous serons tou\u00adjours ma\u00e7ons,<br>\nchar\u00adpen\u00adtiers ou des\u00adsi\u00adna\u00adteurs, et nous ne pour\u00adrons assu\u00adrer&nbsp;notre<br>\nvic\u00adtoire que si notre classe est capable d\u2019as\u00adsu\u00adrer la direc\u00adtion de&nbsp;la<br>\npro\u00adduc\u00adtion. Et la F\u00e9d\u00e9\u00adra\u00adtion du B\u00e2ti\u00adment entend<br>\npour\u00adsuivre la double besogne d\u2019\u00e9\u00addu\u00adca\u00adtion r\u00e9volutionnaire<br>\net d\u2019ins\u00adtruc\u00adtion pro\u00adfes\u00adsion\u00adnelle, ne comp\u00adtant, pour l\u2019une comme&nbsp;pour<br>\nl\u2019autre, que sur ses \u00e9l\u00e9\u00adments, sur son action directe.<\/font><\/font><\/p>\n<p style=\"text-indent: 1.46cm; margin-bottom: 0cm;\" align=\"justify\"><font face=\"Garamond, serif\"><font style=\"font-size: 13pt;\" size=\"3\">Le<br>\nCongr\u00e8s f\u00e9d\u00e9\u00adral de Saint-\u00c9tienne avait<br>\nd\u00e9ci\u00add\u00e9 une enqu\u00eate sur les heures de tra\u00advail&nbsp;dans<br>\nnotre indus\u00adtrie, afin d\u2019en\u00adtre\u00adprendre une cam\u00adpagne m\u00e9thodique<br>\npour leur dimi\u00adnu\u00adtion. Mais les dif\u00adfi\u00adcul\u00adt\u00e9s inh\u00e9\u00adrentes \u00e0<br>\npareille enqu\u00eate l\u2019ont, jus\u00adqu\u2019\u00e0 pr\u00e9\u00adsent, emp\u00each\u00e9<br>\nd\u2019a\u00adbou\u00adtir. En don\u00adnant un tableau, limi\u00adt\u00e9 \u00e0 quelques<br>\ncentres, on aper\u00adce\u00advra de suite l\u2019in\u00adt\u00e9\u00adr\u00eat d\u2019une&nbsp;telle<br>\nenqu\u00eate, et les cama\u00adrades sti\u00admu\u00adl\u00e9s don\u00adne\u00adront un&nbsp;l\u00e9ger<br>\neffort pour que cette enqu\u00eate soit bien\u00adt\u00f4t \u00e9tendue<br>\n\u00e0 tous nos syndicats.<\/font><\/font><\/p>\n<p style=\"text-indent: 1.46cm; margin-bottom: 0cm;\" align=\"justify\"><font face=\"Garamond, serif\"><font style=\"font-size: 13pt;\" size=\"3\">Si<br>\nnous n\u2019a\u00advons aucune confiance dans les lois et le Par\u00adle\u00adment,&nbsp;nous<br>\nesti\u00admons n\u00e9an\u00admoins que si, par hasard, il y a dans le fatras<br>\ndes textes l\u00e9gis\u00adla\u00adtifs ou des d\u00e9crets des clauses<br>\npou\u00advant nous ser\u00advir d\u2019armes, il est bon de nous en ser\u00advir dans&nbsp;la<br>\nmesure de nos forces. C\u2019est pour\u00adquoi l\u2019An\u00adnuaire donne quelques textes<br>\nint\u00e9\u00adres\u00adsant plus sp\u00e9\u00adcia\u00adle\u00adment notre indus\u00adtrie et&nbsp;la<br>\nliste des ins\u00adpec\u00adteurs du travail.<\/font><\/font><\/p>\n<p style=\"text-indent: 1.46cm; margin-bottom: 0cm;\" align=\"justify\"><font face=\"Garamond, serif\"><font style=\"font-size: 13pt;\" size=\"3\">En<br>\natten\u00addant l\u2019or\u00adga\u00adni\u00adsa\u00adtion m\u00e9tho\u00addique et ration\u00adnelle des travaux<br>\nqui ne sera pos\u00adsible que dans la soci\u00e9\u00adt\u00e9 que&nbsp;nous<br>\nins\u00adtau\u00adre\u00adrons, il est n\u00e9ces\u00adsaire que la F\u00e9d\u00e9ration<br>\ncen\u00adtra\u00adlise tous les ren\u00adsei\u00adgne\u00adments rela\u00adtifs \u00e0 l\u2019ex\u00e9cution<br>\ndes grands tra\u00advaux entre\u00adpris par l\u2019\u00c9\u00adtat, les d\u00e9partements,<br>\nles com\u00admunes, etc., ceci afin de r\u00e9gu\u00adla\u00adri\u00adser les mou\u00adve\u00adments&nbsp;de<br>\nla main-d\u2019\u0153uvre et de se rendre compte par la situa\u00adtion g\u00e9n\u00e9rale<br>\nde l\u2019in\u00addus\u00adtrie des mou\u00adve\u00adments \u00e0 ten\u00adter, des centres o\u00f9<br>\nils doivent \u00eatre ten\u00adt\u00e9s, de r\u00e9gu\u00adla\u00adri\u00adser ain\u00adsi&nbsp;le<br>\ntaux des salaires, le ch\u00f4\u00admage et les autres condi\u00adtions&nbsp;du<br>\ntravail.<\/font><\/font><\/p>\n<p style=\"text-indent: 1.46cm; margin-bottom: 0cm;\" align=\"justify\"><font face=\"Garamond, serif\"><font style=\"font-size: 13pt;\" size=\"3\">Dans<br>\naucune des par\u00adties de son pro\u00adjet, la F\u00e9d\u00e9\u00adra\u00adtion&nbsp;n\u2019a<br>\natteint plei\u00adne\u00adment son but. Dans son Annuaire ont pu se glis\u00adser et&nbsp;se<br>\nsont presque s\u00fbre\u00adment glis\u00ads\u00e9es des erreurs, et il&nbsp;y<br>\nmanque bien des docu\u00adments. Mais on son\u00adge\u00adra que c\u2019est la premi\u00e8re<br>\nfois que ce tra\u00advail est ten\u00adt\u00e9 et que l\u2019a\u00adve\u00adnir et l\u2019exp\u00e9rience,<br>\npeu \u00e0 peu, le met\u00adtront au&nbsp;point.<\/font><\/font><\/p>\n<p style=\"text-indent: 1.46cm; margin-bottom: 0cm;\" align=\"justify\"><font face=\"Garamond, serif\"><font style=\"font-size: 13pt;\" size=\"3\">En<br>\nsomme, c\u2019est une amorce pour des \u00e9tudes plus compl\u00e8tes,<br>\nplus s\u00e9rieuses. La par\u00adtie tech\u00adnique, notam\u00adment, devra&nbsp;\u00eatre<br>\n\u00e9ten\u00addue. La par\u00adtie docu\u00admen\u00adtaire devra \u00eatre mise au&nbsp;point<br>\net \u00e9ga\u00adle\u00adment \u00e9ten\u00addue. La Par\u00adtie his\u00adto\u00adrique&nbsp;devra<br>\ns\u2019\u00e9\u00adtendre aux luttes de nos cama\u00adrades des autres nations.<\/font><\/font><\/p>\n<p style=\"text-indent: 1.46cm; margin-bottom: 0cm;\" align=\"justify\"><font face=\"Garamond, serif\"><font style=\"font-size: 13pt;\" size=\"3\">Mais,<br>\npar ce nou\u00advel effort, la F\u00e9d\u00e9\u00adra\u00adtion du B\u00e2timent,<br>\nfid\u00e8le \u00e0 son esprit r\u00e9vo\u00adlu\u00adtion\u00adnaire, d\u00e9montre<br>\nqu\u2019\u00e0 c\u00f4t\u00e9 de la lutte contre le patronat<br>\nexploi\u00adteur elle pour\u00adsuit une action d\u2019\u00e9ducation<br>\npro\u00adfes\u00adsion\u00adnelle et \u00e9co\u00adno\u00admique. Et cette derni\u00e8re<br>\naction, elle la pour\u00adsuit non pas pour faire de ses adh\u00e9rents<br>\nd\u2019ex\u00adcel\u00adlentes machines \u00e0 pro\u00adduc\u00adtion, mais pour en faire&nbsp;des<br>\ntra\u00advailleurs capables de com\u00adprendre leur tra\u00advail et de l\u2019organiser<br>\npour la pro\u00adduc\u00adtion communiste.<\/font><\/font><\/p>\n<p style=\"text-indent: 1.46cm; margin-bottom: 0cm;\" align=\"justify\"><font face=\"Garamond, serif\"><font style=\"font-size: 13pt;\" size=\"3\">A.<br>\nPicart<\/font><\/font><\/p>\n","protected":false},"excerpt":{"rendered":"<p>Dans quelques jours va para\u00eetre l\u2019An\u00adnuaire dont la F\u00e9d\u00e9\u00adra\u00adtion du B\u00e2ti\u00adment a d\u00e9ci\u00add\u00e9 la publi\u00adca\u00adtion pour&nbsp;1910. C\u2019est une forte bro\u00adchure d\u2019en\u00advi\u00adron 130 pages d\u2019un texte&nbsp;ser\u00adr\u00e9. Dans une br\u00e8ve pr\u00e9\u00adface, le Comi\u00adt\u00e9 f\u00e9d\u00e9\u00adral le pr\u00e9\u00adsente en ces termes&nbsp;: En d\u00e9ci\u00addant la publi\u00adca\u00adtion de cet Annuaire, la F\u00e9d\u00e9\u00adra\u00adtion a vou\u00adlu cr\u00e9er un nou\u00advel outil de pro\u00adpa\u00adgande&nbsp;: R\u00e9unir&nbsp;[\u2026]<\/p>\n","protected":false},"author":1,"featured_media":0,"comment_status":"closed","ping_status":"closed","sticky":false,"template":"","format":"standard","meta":{"wp_typography_post_enhancements_disabled":false,"footnotes":""},"categories":[158],"tags":[],"ppma_author":[540],"class_list":["post-1433","post","type-post","status-publish","format-standard","hentry","category-la-vie-ouvriere-n8-20-janvier-1910"],"authors":[{"term_id":540,"user_id":1,"is_guest":0,"slug":"admin_3gikpwyf","display_name":"Vincent Dubuc","avatar_url":"https:\/\/secure.gravatar.com\/avatar\/d015720652c25fd2ced191ade86430094e1f288a17483713e3b34d26dea52507?s=96&d=mm&r=g","author_category":"","user_url":"https:\/\/la-presse-anarchiste.net","last_name":"Dubuc","first_name":"Vincent","job_title":"","description":""}],"_links":{"self":[{"href":"https:\/\/la-presse-anarchiste.net\/index.php\/wp-json\/wp\/v2\/posts\/1433","targetHints":{"allow":["GET"]}}],"collection":[{"href":"https:\/\/la-presse-anarchiste.net\/index.php\/wp-json\/wp\/v2\/posts"}],"about":[{"href":"https:\/\/la-presse-anarchiste.net\/index.php\/wp-json\/wp\/v2\/types\/post"}],"author":[{"embeddable":true,"href":"https:\/\/la-presse-anarchiste.net\/index.php\/wp-json\/wp\/v2\/users\/1"}],"replies":[{"embeddable":true,"href":"https:\/\/la-presse-anarchiste.net\/index.php\/wp-json\/wp\/v2\/comments?post=1433"}],"version-history":[{"count":0,"href":"https:\/\/la-presse-anarchiste.net\/index.php\/wp-json\/wp\/v2\/posts\/1433\/revisions"}],"wp:attachment":[{"href":"https:\/\/la-presse-anarchiste.net\/index.php\/wp-json\/wp\/v2\/media?parent=1433"}],"wp:term":[{"taxonomy":"category","embeddable":true,"href":"https:\/\/la-presse-anarchiste.net\/index.php\/wp-json\/wp\/v2\/categories?post=1433"},{"taxonomy":"post_tag","embeddable":true,"href":"https:\/\/la-presse-anarchiste.net\/index.php\/wp-json\/wp\/v2\/tags?post=1433"},{"taxonomy":"author","embeddable":true,"href":"https:\/\/la-presse-anarchiste.net\/index.php\/wp-json\/wp\/v2\/ppma_author?post=1433"}],"curies":[{"name":"wp","href":"https:\/\/api.w.org\/{rel}","templated":true}]}}