{"id":1434,"date":"2008-04-05T19:37:50","date_gmt":"2008-04-05T19:37:50","guid":{"rendered":"https:\/\/la-presse-anarchiste.net\/index.php\/2008\/04\/05\/prophetie-revolutionnaire\/"},"modified":"2008-04-05T19:37:50","modified_gmt":"2008-04-05T19:37:50","slug":"prophetie-revolutionnaire","status":"publish","type":"post","link":"https:\/\/la-presse-anarchiste.net\/index.php\/2008\/04\/05\/prophetie-revolutionnaire\/","title":{"rendered":"Proph\u00e9tie r\u00e9volutionnaire"},"content":{"rendered":"<div class=\"pdfprnt-buttons pdfprnt-buttons-post pdfprnt-top-right\"><a href=\"https:\/\/la-presse-anarchiste.net\/index.php\/wp-json\/wp\/v2\/posts\/1434?print=pdf\" class=\"pdfprnt-button pdfprnt-button-pdf\" target=\"_blank\"><img decoding=\"async\" src=\"https:\/\/la-presse-anarchiste.net\/wp-content\/plugins\/pdf-print\/images\/pdf.png\" alt=\"image_pdf\" title=\"Afficher le PDF\"><\/a><a href=\"https:\/\/la-presse-anarchiste.net\/index.php\/wp-json\/wp\/v2\/posts\/1434?print=print\" class=\"pdfprnt-button pdfprnt-button-print\" target=\"_blank\"><img decoding=\"async\" src=\"https:\/\/la-presse-anarchiste.net\/wp-content\/plugins\/pdf-print\/images\/print.png\" alt=\"image_print\" title=\"Contenu imprim\u00e9\"><\/a><\/div><p>&nbsp;<\/p>\n<p style=\"text-indent: 1.46cm; margin-bottom: 0cm;\" align=\"justify\"><font face=\"Garamond, serif\"><font style=\"font-size: 13pt;\" size=\"3\">Bar\u00adce\u00adlone<br>\na sur\u00adpris le monde civi\u00adli\u00ads\u00e9, en juillet 1909, par une de&nbsp;ces<br>\nexplo\u00adsions r\u00e9vo\u00adlu\u00adtion\u00adnaires qui\u200a\u2014\u200acelle de Milan, en&nbsp;1898,<br>\nmise \u00e0 part\u200a\u2014\u200asem\u00adblaient des\u00adti\u00adn\u00e9es \u00e0 ne pas&nbsp;se<br>\nreproduire.<\/font><\/font><\/p>\n<p style=\"text-indent: 1.46cm; margin-bottom: 0cm;\" align=\"justify\"><font face=\"Garamond, serif\"><font style=\"font-size: 13pt;\" size=\"3\">L\u2019Es\u00adpagne<br>\n\u00e9tant conver\u00adtie en r\u00e9cep\u00adtacle des d\u00e9tritus<br>\ncl\u00e9\u00adri\u00adcaux expul\u00ads\u00e9s de France&nbsp;; \u00e9tant consid\u00e9r\u00e9e<br>\ncomme le pays le plus retar\u00add\u00e9 de l\u2019Eu\u00adrope dans l\u2019\u00e9volution<br>\npro\u00adgres\u00adsive, et ran\u00adg\u00e9e, par la presque tota\u00adli\u00adt\u00e9&nbsp;des<br>\nintel\u00adlec\u00adtuels, dans le groupe de ces nations mori\u00adbondes d\u00e9nonc\u00e9es<br>\npar lord Salis\u00adbu\u00adry&nbsp;; les dif\u00adf\u00e9\u00adrentes ten\u00adta\u00adtives espa\u00adgnoles de<br>\ngr\u00e8ve g\u00e9n\u00e9\u00adrale, en par\u00adti\u00adcu\u00adlier celle&nbsp;de<br>\nBar\u00adce\u00adlone en 1902, qui fut consi\u00add\u00e9\u00adr\u00e9e, au Parlement,<br>\ncomme le pre\u00admier coup de cloche de la R\u00e9vo\u00adlu\u00adtion sociale,<br>\n\u00e9tant oubli\u00e9es\u200a\u2014\u200aper\u00adsonne ne s\u2019at\u00adten\u00addait,&nbsp;hors<br>\nd\u2019Es\u00adpagne et en Espagne m\u00eame, \u00e0 un soul\u00e8vement<br>\npopu\u00adlaire d\u2019une telle impor\u00adtance. Bien plus&nbsp;: il parais\u00adsait impossible<br>\nque dans une nation qu\u2019on sup\u00adpose domi\u00adn\u00e9e par les&nbsp;cur\u00e9s<br>\net les moines, au cours d\u2019une gr\u00e8ve subite et impr\u00e9vue,<br>\nsur\u00adgi spon\u00adta\u00adn\u00e9\u00adment comme pro\u00adtes\u00adta\u00adtion contre une guerre<br>\nimpo\u00adpu\u00adlaire, on p\u00fbt voir repro\u00adduire la lutte acharn\u00e9e<br>\nsur les bar\u00adri\u00adcades, et une d\u00e9mons\u00adtra\u00adtion d\u2019irr\u00e9ligion<br>\nr\u00e9vo\u00adlu\u00adtion\u00adnaire aus\u00adsi grave que l\u2019in\u00adcen\u00addie de nombreux<br>\ncou\u00advents et \u00e9glises, la pro\u00adfa\u00adna\u00adtion d\u2019un cimeti\u00e8re<br>\nconven\u00adtuel, et la des\u00adtruc\u00adtion d\u2019i\u00admages sacr\u00e9es et d\u2019ustensiles<br>\ndu culte avec une v\u00e9ri\u00adtable fureur iconoclaste.<\/font><\/font><\/p>\n<p style=\"text-indent: 1.46cm; margin-bottom: 0cm;\" align=\"justify\"><font face=\"Garamond, serif\"><font style=\"font-size: 13pt;\" size=\"3\">Mais<br>\nil arrive que les faits viennent sou\u00advent contre\u00addire les pr\u00e9visions<br>\net la logique insuf\u00adfi\u00adsante de ceux qui se figurent conna\u00eetre le<br>\nsecret des choses, et aus\u00adsi de ceux qui, se don\u00adnant pour&nbsp;bien<br>\ninfor\u00adm\u00e9s, ima\u00adginent, <i>a pos\u00adte\u00adrio\u00adri<\/i> et pour expli\u00adquer&nbsp;les<br>\n\u00e9v\u00e9\u00adne\u00adments&nbsp;; des plans qui auraient \u00e9t\u00e9<br>\npr\u00e9\u00adm\u00e9\u00addi\u00adt\u00e9s pour atteindre telles ou telles fins.<\/font><\/font><\/p>\n<p style=\"text-indent: 1.46cm; margin-bottom: 0cm;\" align=\"justify\"><font face=\"Garamond, serif\"><font style=\"font-size: 13pt;\" size=\"3\">Qu\u2019on<br>\ndise tout ce qu\u2019on vou\u00addra au sujet des des\u00adseins attri\u00adbu\u00e9s&nbsp;\u00e0<br>\nMau\u00adra pour la d\u00e9fense des com\u00adpa\u00adgnies qui d\u00e9tiennent<br>\nl\u2019ex\u00adploi\u00adta\u00adtion des mines et des che\u00admins de fer du Riff, de son projet<br>\nde pro\u00advo\u00adquer un sou\u00adl\u00e8\u00adve\u00adment popu\u00adlaire \u00e0 Bar\u00adce\u00adlone&nbsp;au<br>\nmoyen de l\u2019embarquement des r\u00e9ser\u00advistes afin de pouvoir<br>\nch\u00e2\u00adtier le pro\u00adl\u00e9\u00adta\u00adriat cata\u00adlan et d\u2019\u00eatre agr\u00e9able<br>\n\u00e0 la classe capi\u00adta\u00adliste de la Cata\u00adlogne,\u200a\u2014\u200atoutes choses<br>\ndont il faut beau\u00adcoup rabattre, parce que la pr\u00e9\u00advoyance et<br>\nl\u2019as\u00adtuce des hommes d\u2019\u00c9\u00adtat ne m\u00e9ritent pas tou\u00adjours&nbsp;les<br>\n\u00e9loges ni les cen\u00adsures que leur pro\u00addiguent leurs adu\u00adla\u00adteurs&nbsp;ou<br>\nleurs enne\u00admis,\u200a\u2014\u200ala r\u00e9a\u00adli\u00adt\u00e9 est que, dans&nbsp;les<br>\n\u00e9v\u00e9\u00adne\u00adments de Bar\u00adce\u00adlone, limi\u00adt\u00e9s \u00e0 ce&nbsp;qui<br>\ns\u2019est pas\u00ads\u00e9 durant ce qu\u2019on appelle la \u00ab&nbsp;semaine<br>\ntra\u00adgique&nbsp;\u00bb il n\u2019existe nul\u00adle\u00adment la res\u00adpon\u00adsa\u00adbi\u00adli\u00adt\u00e9&nbsp;soit<br>\nper\u00adson\u00adnelle, soit col\u00adlec\u00adtive, qu\u2019on a sup\u00adpo\u00ads\u00e9e et&nbsp;sous<br>\npr\u00e9\u00adtexte de laquelle on a fait d\u00e9j\u00e0 tant&nbsp;de<br>\nvic\u00adtimes&nbsp;; et que tout ce qui a \u00e9t\u00e9 dit ou&nbsp;\u00e9crit<br>\n\u00e0 pro\u00adpos de conspi\u00adra\u00adtions ou de com\u00adplots est ima\u00adgi\u00adnaire&nbsp;ou<br>\ncalomnieux.<\/font><\/font><\/p>\n<p style=\"text-indent: 1.46cm; margin-bottom: 0cm;\" align=\"justify\"><font face=\"Garamond, serif\"><font style=\"font-size: 13pt;\" size=\"3\">Si<br>\nles conspi\u00adra\u00adtions eussent \u00e9t\u00e9 r\u00e9elles, le<br>\ngou\u00adver\u00adne\u00adment \u00e9tait si impr\u00e9\u00advoyant, Bar\u00adce\u00adlone et&nbsp;la<br>\nCata\u00adlogne \u00e9taient si d\u00e9gar\u00adnies de troupes, qu\u2019une<br>\nconspi\u00adra\u00adtion s\u00e9pa\u00adra\u00adtiste ou r\u00e9pu\u00adbli\u00adcaine&nbsp;e\u00fbt<br>\ntriom\u00adph\u00e9 faci\u00adle\u00adment. Dans le pre\u00admier cas, la Catalogne<br>\npour\u00adrait \u00eatre \u00e0 cette heure une nation ind\u00e9pendante&nbsp;;<br>\ndans le second, avec l\u2019ap\u00adpui de tous les r\u00e9pu\u00adbli\u00adcains&nbsp;des<br>\nautres r\u00e9gions, la R\u00e9pu\u00adblique espa\u00adgnole, \u00e9trangl\u00e9e<br>\n\u00e0 Sagonte (en 1874) par la tra\u00adhi\u00adson d\u2019un g\u00e9n\u00e9ral<br>\n(Mar\u00adti\u00adnez Cam\u00adpos), aurait repa\u00adru \u00e0 Bar\u00adce\u00adlone par l\u2019ac\u00adtion&nbsp;d\u2019un<br>\npeuple.<\/font><\/font><\/p>\n<p style=\"text-indent: 1.46cm; margin-bottom: 0cm;\" align=\"justify\"><font face=\"Garamond, serif\"><font style=\"font-size: 13pt;\" size=\"3\">Cela<br>\nn\u2019a pas eu lieu, parce que dans la gen\u00e8se de ces \u00e9v\u00e9nements<br>\nil y a eu des causes plus pro\u00adfondes et\u200a\u2014\u200aquoique \u00e0 l\u2019\u00e9tat<br>\nembryon\u00adnaire\u200a\u2014\u200aune orien\u00adta\u00adtion de plus haute por\u00adt\u00e9e,&nbsp;que<br>\ncelles qui peuvent venir des sph\u00e8res d\u2019ac\u00adtion dans lesquelles<br>\nse meuvent s\u00e9pa\u00adra\u00adtistes et r\u00e9pu\u00adbli\u00adcains. Les<br>\ns\u00e9pa\u00adra\u00adtistes,\u200a\u2014\u200aet sont tels, en g\u00e9n\u00e9\u00adral,&nbsp;tous<br>\nceux qui se nomment \u00ab&nbsp;cata\u00adla\u00adnistes&nbsp;\u00bb, quoi qu\u2019ils ne<br>\nl\u2019a\u00advouent pas publi\u00adque\u00adment,\u200a\u2014\u200aenne\u00admis la cen\u00adtra\u00adli\u00adsa\u00adtion madril\u00e8ne,<br>\nne sont pas v\u00e9ri\u00adta\u00adble\u00adment cata\u00adla\u00adnistes, en d\u00e9pit du&nbsp;nom<br>\nqu\u2019ils se donnent&nbsp;: ils sont \u00ab&nbsp;bar\u00adce\u00adlo\u00adnistes&nbsp;\u00bb, et r\u00eavent<br>\npour la Cata\u00adlogne un r\u00e9gime poli\u00adtique et \u00ab&nbsp;\u00e9conomique<br>\nsem\u00adblable au sys\u00adt\u00e8me cen\u00adtra\u00adli\u00adsa\u00adteur dont ils veulent se<br>\nlib\u00e9\u00adrer&nbsp;; ce r\u00e9gime ne tar\u00adde\u00adrait pas, s\u2019il triom\u00adphait, \u00e0<br>\navoir contre lui les bour\u00adgeois de Tar\u00adra\u00adgone, de L\u00e9ri\u00adda,&nbsp;de<br>\nGerone, sans comp\u00adter le pro\u00adl\u00e9\u00adta\u00adriat, dont l\u2019exploitation<br>\nn\u2019au\u00adrait pas dimi\u00adnu\u00e9 et qui n\u2019au\u00adrait pas aban\u00addon\u00adn\u00e9&nbsp;ses<br>\naspi\u00adra\u00adtions \u00e0 l\u2019\u00e9\u00adman\u00adci\u00adpa\u00adtion totale. Les r\u00e9publicains,<br>\nUne fois dis\u00adsoute l\u2019\u00e9\u00adph\u00e9\u00adm\u00e8re Union r\u00e9publicaine,<br>\nseraient bien\u00adt\u00f4t occu\u00adp\u00e9s \u00e0 recons\u00adti\u00adtuer&nbsp;un<br>\nnou\u00adveau par\u00adti, divi\u00ads\u00e9 en conser\u00adva\u00adteurs et radi\u00adcaux&nbsp;: la<br>\npre\u00admi\u00e8re frac\u00adtion serait diri\u00adg\u00e9e par des bour\u00adgeois&nbsp;qui,<br>\ncomme Siey\u00e8s, veulent que le Tiers-\u00c9tat soit le ma\u00eetre<br>\ndu monde&nbsp;; la seconde, sous les ordres du dic\u00adta\u00adteur Ler\u00adroux, lequel<br>\npro\u00adfesse \u00ab&nbsp;qu\u2019il convient d\u2019a\u00adjour\u00adner ind\u00e9\u00adfi\u00adni\u00adment&nbsp;les<br>\nuto\u00adpies socio\u00adlo\u00adgiques socia\u00adlistes ou anar\u00adchistes, et que l\u2019objectif<br>\nde la r\u00e9vo\u00adlu\u00adtion doit \u00eatre la conqu\u00eate du <i>Jour\u00adnal<br>\noffi\u00adciel<\/i>&nbsp;\u00bb, ob\u00e9i\u00adrait doci\u00adle\u00adment \u00e0 son&nbsp;chef,<br>\npar ata\u00advisme, igno\u00adrance, et absence de volont\u00e9.<\/font><\/font><\/p>\n<p style=\"text-indent: 1.46cm; margin-bottom: 0cm;\" align=\"justify\"><font face=\"Garamond, serif\"><font style=\"font-size: 13pt;\" size=\"3\">Aux<br>\n\u00e9v\u00e9\u00adne\u00adments de Bar\u00adce\u00adlone il y a eu deux causes, l\u2019une<br>\nacci\u00adden\u00adtelle et imm\u00e9\u00addiate, l\u2019autre grande, profonde,<br>\nper\u00adma\u00adnente&nbsp;: d\u2019o\u00f9 il r\u00e9sulte que ces actes sont&nbsp;le<br>\npro\u00adlogue d\u2019une action qui doit conti\u00adnuer jus\u00adqu\u2019\u00e0 ce qu\u2019elle<br>\narrive \u00e0 son terme mutuel, au temps fix\u00e9 par&nbsp;les<br>\ndestins.<\/font><\/font><\/p>\n<p style=\"text-indent: 1.46cm; margin-bottom: 0cm;\" align=\"justify\"><font face=\"Garamond, serif\"><font style=\"font-size: 13pt;\" size=\"3\">La<br>\ncause acci\u00adden\u00adtelle a \u00e9t\u00e9 la mal\u00adadresse du gouvernement<br>\nde faire effec\u00adtuer \u00e0 Bar\u00adce\u00adlone l\u2019embarquement des r\u00e9servistes,<br>\nqui lais\u00adsaient dans le plus grand aban\u00addon leurs jeunes femmes et<br>\nleurs enfants en bas-\u00e2ge, tan\u00addis que des grandes dames de&nbsp;la<br>\nbour\u00adgeoi\u00adsie et de l\u2019a\u00adris\u00adto\u00adcra\u00adtie dis\u00adtri\u00adbuaient aux sol\u00addats&nbsp;de<br>\nridi\u00adcules amu\u00adlettes, et que le gou\u00adver\u00adneur inter\u00addi\u00adsait un mee\u00adting&nbsp;de<br>\npro\u00adtes\u00adta\u00adtion contre la guerre orga\u00adni\u00ads\u00e9 par la <i>Soli\u00adda\u00adri\u00addad<br>\nObre\u00adra<\/i>, f\u00e9d\u00e9\u00adra\u00adtion de syn\u00addi\u00adcats ouvriers et base&nbsp;de<br>\nla future Conf\u00e9\u00add\u00e9\u00adra\u00adtion du tra\u00advail en Espagne. Sans<br>\nl\u2019os\u00adten\u00adta\u00adtion de cet embar\u00adque\u00adment, sans l\u2019in\u00adsul\u00adtant empres\u00adse\u00adment&nbsp;de<br>\nces femmes dont les fils s\u2019\u00e9\u00adtaient lib\u00e9\u00adr\u00e9s&nbsp;du<br>\nser\u00advice mili\u00adtaire moyen\u00adnant 1500 pese\u00adtas, faible frac\u00adtion&nbsp;des<br>\nrichesses amas\u00ads\u00e9es par l\u2019u\u00adsure, l\u2019ex\u00adploi\u00adta\u00adtion et le monopole,<br>\nenfin sans la stu\u00adpide inter\u00addic\u00adtion du gou\u00adver\u00adneur, la&nbsp;gr\u00e8ve<br>\ng\u00e9n\u00e9\u00adrale n\u2019au\u00adrait pas sur\u00adgi et ne se serait pas<br>\ng\u00e9n\u00e9\u00adra\u00adli\u00ads\u00e9e avec une admi\u00adrable spontan\u00e9it\u00e9,<br>\net la col\u00e8re popu\u00adlaire, aus\u00adsi furieuse qu\u2019in\u00adcons\u00adciente, ne&nbsp;se<br>\nserait pas limi\u00adt\u00e9e \u00e0 l\u2019in\u00adcen\u00addie des cou\u00advents, esp\u00e8ce<br>\nde feu de paille, d\u2019as\u00adpect ter\u00adri\u00adfiant, mais de mince signification<br>\nr\u00e9vo\u00adlu\u00adtion\u00adnaire \u00e0 une \u00e9poque de lutte ouverte<br>\nentre bour\u00adgeoi\u00adsie et prol\u00e9tariat.<\/font><\/font><\/p>\n<p style=\"text-indent: 1.46cm; margin-bottom: 0cm;\" align=\"justify\"><font face=\"Garamond, serif\"><font style=\"font-size: 13pt;\" size=\"3\">La<br>\ncause per\u00adma\u00adnente consiste&nbsp;:<\/font><\/font><\/p>\n<p style=\"text-indent: 1.46cm; margin-bottom: 0cm;\" align=\"justify\"><font face=\"Garamond, serif\"><font style=\"font-size: 13pt;\" size=\"3\">1\u00b0<br>\nDans l\u2019exis\u00adtence du trust plou\u00adto\u00adcra\u00adtique et cl\u00e9\u00adri\u00adcal,&nbsp;form\u00e9<br>\n\u00e0 Bar\u00adce\u00adlone par l\u2019al\u00adliance du grou\u00adpe\u00adment capi\u00adta\u00adliste <i>El<br>\nFomen\u00adto del Tra\u00adba\u00adjo Nacio\u00adnal<\/i> avec le couvent des j\u00e9suites<br>\nde la Calle de Caspre, repr\u00e9\u00adsen\u00adt\u00e9 et diri\u00adg\u00e9&nbsp;par<br>\nle Comi\u00adt\u00e9 de D\u00e9fense sociale, dans lequel des j\u00e9suites<br>\nen redin\u00adgote et des bour\u00adgeois en sou\u00adtane consti\u00adtuent une esp\u00e8ce<br>\nde poulpe qui pompe le sang des tra\u00advailleurs et absorbe toutes les<br>\nrichesses pro\u00adduites par le travail&nbsp;;<\/font><\/font><\/p>\n<p style=\"text-indent: 1.46cm; margin-bottom: 0cm;\" align=\"justify\"><font face=\"Garamond, serif\"><font style=\"font-size: 13pt;\" size=\"3\">2\u00b0<br>\nDans la pro\u00adtes\u00adta\u00adtion qui, contre cette exploi\u00adta\u00adtion inique, s\u2019\u00e9l\u00e8ve<br>\npresque exclu\u00adsi\u00adve\u00adment du sein du pro\u00adl\u00e9\u00adta\u00adriat conscient et<br>\nrebelle&nbsp;; de celui qui se s\u00e9pare des par\u00adtis politiques,<br>\nbour\u00adgeois et anti\u00adpro\u00adgres\u00adsistes en r\u00e9a\u00adli\u00adt\u00e9, quelque<br>\nradi\u00adcaux qu\u2019ils soient en appa\u00adrence&nbsp;; de celui qui pro\u00adfesse&nbsp;cet<br>\napho\u00adrisme de l\u2019In\u00adter\u00adna\u00adtio\u00adnale, \u00ab&nbsp;L\u2019\u00e9\u00adman\u00adci\u00adpa\u00adtion&nbsp;des<br>\ntra\u00advailleurs doit \u00eatre l\u2019\u0153uvre des tra\u00advailleurs eux-m\u00eames&nbsp;\u00bb,<br>\natten\u00addu que la bour\u00adgeoi\u00adsie en g\u00e9n\u00e9\u00adral et&nbsp;les<br>\ntra\u00advailleurs non \u00e9clai\u00adr\u00e9s s\u2019en remettent, pour&nbsp;leurs<br>\nreven\u00addi\u00adca\u00adtions, aux poli\u00adtiques pro\u00adfes\u00adsion\u00adnels qui d\u00e9guisent<br>\nleur \u00e9go\u00efsme et leurs ambi\u00adtions sous des programmes<br>\npom\u00adpeux, en entre\u00adte\u00adnant par\u00admi leurs par\u00adti\u00adsans la divi\u00adsion et&nbsp;les<br>\npas\u00adsions au moyen des d\u00e9no\u00admi\u00adna\u00adtions de \u00ab&nbsp;conservateurs&nbsp;\u00bb<br>\net de \u00ab&nbsp;radi\u00adcaux&nbsp;\u00bb, de \u00ab&nbsp;soli\u00addaires&nbsp;\u00bb&nbsp;et<br>\nd\u2019\u00abanti-solidaires&nbsp;\u00bb, conti\u00adnua\u00adtion de ces luttes des<br>\n\u00ab&nbsp;blancs&nbsp;\u00bb et des \u00ab&nbsp;noirs&nbsp;\u00bb dans les\u00adquelles se<br>\nsont entre\u00adtu\u00e9s nos a\u00efeux pen\u00addant la premi\u00e8re<br>\nmoi\u00adti\u00e9 du dix-neu\u00advi\u00e8me si\u00e8cle.<\/font><\/font><\/p>\n<p style=\"text-indent: 1.46cm; margin-bottom: 0cm;\" align=\"justify\"><font face=\"Garamond, serif\"><font style=\"font-size: 13pt;\" size=\"3\">Ces<br>\ncauses \u00e9tant don\u00adn\u00e9es, la pro\u00adtes\u00adta\u00adtion prol\u00e9tarienne<br>\n\u00e0 l\u2019\u00e9\u00adtat latent, et la tyran\u00adnie bour\u00adgeoise et cl\u00e9ricale<br>\nmani\u00adfes\u00adt\u00e9 par l\u2019exis\u00adtence des cou\u00advents anciens, situ\u00e9s<br>\ndans la vieille ville et des cou\u00advents modernes qui forment \u00e0<br>\nBar\u00adce\u00adlone, sui\u00advant une expres\u00adsion consa\u00adcr\u00e9e, un car\u00adcan&nbsp;qui<br>\nl\u2019\u00e9\u00adtouffe\u200a\u2014\u200ade ces cou\u00advents o\u00f9, \u00e0&nbsp;c\u00f4t\u00e9<br>\nde la cupi\u00addi\u00adt\u00e9 qui amasse mys\u00adt\u00e9\u00adrieu\u00adse\u00adment des tr\u00e9sors,<br>\ns\u2019exerce une hypo\u00adcrite exploi\u00adta\u00adtion cou\u00adverte du man\u00adteau d\u2019une charit\u00e9<br>\nqui amol\u00adlit et d\u00e9grade les carac\u00adt\u00e8res\u200a\u2014\u200ale peuple eut<br>\nl\u2019ins\u00adpi\u00adra\u00adtion de pro\u00adfi\u00adter du loi\u00adsir que lui fai\u00adsait la&nbsp;gr\u00e8ve<br>\npour don\u00adner cours \u00e0 ses ins\u00adtincts r\u00e9vo\u00adlu\u00adtion\u00adnaires, et<br>\nil se mit \u00e0 br\u00fb\u00adler des cou\u00advents, des \u00e9glises et<br>\ndes ima\u00adg\u00e9s, sans ver\u00adser une goutte de sang, ob\u00e9is\u00adsant&nbsp;\u00e0<br>\nce point d\u2019hon\u00adneur r\u00e9vo\u00adlu\u00adtion\u00adnaire qui lui fai\u00adsait&nbsp;crier&nbsp;:<br>\n\u00ab&nbsp;Mort aux voleurs&nbsp;\u00bb, la maxime de l\u2019In\u00adter\u00adna\u00adtio\u00adnale \u00ab&nbsp;Paix<br>\naux hommes et guerre aux choses&nbsp;\u00bb.<\/font><\/font><\/p>\n<p style=\"text-indent: 1.46cm; margin-bottom: 0cm;\" align=\"justify\"><font face=\"Garamond, serif\"><font style=\"font-size: 13pt;\" size=\"3\">Que<br>\ndes gens sans aveu aient pro\u00adfi\u00adt\u00e9 des cir\u00adcons\u00adtances, c\u2019est<br>\nindu\u00adbi\u00adtable&nbsp;; mais quand les per\u00ads\u00e9\u00adcu\u00adteurs et leurs apologistes<br>\ndans la presse confondent en une seule et m\u00eame classe les<br>\nr\u00e9vo\u00adlu\u00adtion\u00adnaires et les apaches, ils com\u00admettent une infa\u00admie&nbsp;de<br>\nplus, jointe \u00e0 toutes celles qui forment leur sanglant<br>\nbagage.<\/font><\/font><\/p>\n<p style=\"text-indent: 1.46cm; margin-bottom: 0cm;\" align=\"justify\"><font face=\"Garamond, serif\"><font style=\"font-size: 13pt;\" size=\"3\">Apr\u00e8s<br>\ntout ce qui a \u00e9t\u00e9 dit et \u00e9crit sur&nbsp;les<br>\n\u00e9v\u00e9\u00adne\u00adments de Bar\u00adce\u00adlone, soit au point de vue&nbsp;du<br>\npri\u00advi\u00adl\u00e8ge bour\u00adgeois, afin de jus\u00adti\u00adfier la bar\u00adbare et absurde<br>\nper\u00ads\u00e9\u00adcu\u00adtion qui a sui\u00advi, et l\u2019ex\u00e9\u00adcu\u00adtion de Fer\u00adrer,&nbsp;soit<br>\nau point de vue r\u00e9vo\u00adlu\u00adtion\u00adnaire, pour en expli\u00adquer les causes<br>\net la por\u00adt\u00e9e, il faut recon\u00adna\u00eetre que ce qu\u2019on a&nbsp;\u00e9crit<br>\net dit de plus vrai, de plus juste et de plus ins\u00adtruc\u00adtif, a&nbsp;\u00e9t\u00e9<br>\ndit avant que ces \u00e9v\u00e9\u00adne\u00adments eussent eu&nbsp;lieu.<\/font><\/font><\/p>\n<p style=\"text-indent: 1.46cm; margin-bottom: 0cm;\" align=\"justify\"><font face=\"Garamond, serif\"><font style=\"font-size: 13pt;\" size=\"3\">En<br>\nsep\u00adtembre 1908, \u00e0 Madrid, \u00e0 l\u2019oc\u00adca\u00adsion de la rentr\u00e9e<br>\ndes tri\u00adbu\u00adnaux, le pr\u00e9\u00adsident du Tri\u00adbu\u00adnal supr\u00eame a lu&nbsp;un<br>\ndis\u00adcours qui conte\u00adnait les phrases suivantes&nbsp;:<\/font><\/font><\/p>\n<p style=\"text-indent: 1.46cm; margin-bottom: 0cm;\" align=\"justify\"><font face=\"Garamond, serif\"><font style=\"font-size: 13pt;\" size=\"3\">\u00ab&nbsp;<i>II<br>\nfaut arri\u00adver \u00e0 la r\u00e9par\u00adti\u00adtion des pro\u00adduits&nbsp;de<br>\nl\u2019in\u00addus\u00adtrie et de l\u2019a\u00adgri\u00adcul\u00adture sur la base d\u2019une participation<br>\n\u00e9qui\u00adtable de cha\u00adcun des \u00e9l\u00e9\u00adments pro\u00adduc\u00adteurs, en<br>\nhom\u00admage \u00e0 la jus\u00adtice et en vue d\u2019al\u00adl\u00e9\u00adger les mis\u00e8res<br>\nde la vie de classes qui sont par\u00adtie int\u00e9\u00adgrante du&nbsp;corps<br>\nsocial, comme les tra\u00advailleurs manuels et ceux de l\u2019intelligence\u2026<\/i><\/font><\/font><\/p>\n<p style=\"text-indent: 1.46cm; margin-bottom: 0cm;\" align=\"justify\"><font face=\"Garamond, serif\"><font style=\"font-size: 13pt;\" size=\"3\"><i>\u00ab&nbsp;La<br>\nrapi\u00addi\u00adt\u00e9 avec laquelle s\u2019ac\u00adcro\u00eet la recherche des<br>\nam\u00e9\u00adlio\u00adra\u00adtions impose aux soci\u00e9\u00adt\u00e9s et aux&nbsp;\u00c9tats<br>\nle d\u00e9ve\u00adlop\u00adpe\u00adment tou\u00adjours plus grand de leurs moyens de<br>\npro\u00adgr\u00e8s effectifs\u2026<\/i><\/font><\/font><\/p>\n<p style=\"text-indent: 1.46cm; margin-bottom: 0cm;\" align=\"justify\"><font face=\"Garamond, serif\"><font style=\"font-size: 13pt;\" size=\"3\"><i>\u00ab&nbsp;Si<br>\non ne pr\u00eate pas d\u2019at\u00adten\u00adtion \u00e0 ces maux, si on&nbsp;n\u2019y<br>\napporte pas de solu\u00adtions conso\u00adla\u00adtrices, si on ne r\u00e9us\u00adsit pas&nbsp;\u00e0<br>\nfor\u00admu\u00adler la r\u00e8gle juri\u00addique r\u00e9gu\u00adla\u00adtrice des relations<br>\ncr\u00e9\u00e9es par de nou\u00adveaux int\u00e9\u00adr\u00eats priv\u00e9s,<br>\nsi l\u2019\u00c9\u00adtat per\u00adsiste \u00e0 sou\u00admettre ces ques\u00adtions&nbsp;\u00e0<br>\nun cri\u00adt\u00e8re vieilli et se contente de pro\u00adcla\u00admer la domination<br>\n\u00e9ph\u00e9\u00adm\u00e8re de la force, la tour\u00admente fini\u00adra&nbsp;par<br>\n\u00e9cla\u00adter, et il n\u2019y aura pas de para\u00adton\u00adnerre qui puisse nous<br>\npr\u00e9\u00adser\u00adver de l\u2019\u00e9lec\u00adtri\u00adci\u00adt\u00e9 accu\u00admu\u00adl\u00e9e,&nbsp;en<br>\nlui four\u00adnis\u00adsant la d\u00e9ri\u00adva\u00adtion oppor\u00adtune.<\/i>\u00bb<\/font><\/font><\/p>\n<p style=\"text-indent: 1.46cm; margin-bottom: 0cm;\" align=\"justify\"><font face=\"Garamond, serif\"><font style=\"font-size: 13pt;\" size=\"3\">Que<br>\nl\u2019on donne \u00e0 ces paroles toute l\u2019ex\u00adten\u00adsion dont elles&nbsp;sont<br>\nsus\u00adcep\u00adtibles, et leur signi\u00adfi\u00adca\u00adtion la plus grave&nbsp;; que l\u2019on consid\u00e8re<br>\nce que repr\u00e9\u00adsente celui qui les a dites et la circonstance<br>\ndans laquelle il les a pro\u00adnon\u00adc\u00e9es, et l\u2019on com\u00adpren\u00addra&nbsp;qu\u2019il<br>\nexiste une r\u00e9bel\u00adlion latente, conte\u00adnue, non plus par&nbsp;le<br>\nres\u00adpect tra\u00addi\u00adtion\u00adnel, mais par la force habi\u00adle\u00adment organis\u00e9e&nbsp;;<br>\nque dans un moment de rel\u00e2che cet esprit de r\u00e9volte<br>\npro\u00adfi\u00adte\u00adra de la moindre occa\u00adsion pour pro\u00adduire un conflit et,&nbsp;comme<br>\nune chau\u00addi\u00e8re \u00e0 vapeur, par exc\u00e8s&nbsp;de<br>\ncom\u00adpres\u00adsion, \u00e9cla\u00adte\u00adra un jour en une explo\u00adsion formidable.<\/font><\/font><\/p>\n<p style=\"text-indent: 1.46cm; margin-bottom: 0cm;\" align=\"justify\"><font face=\"Garamond, serif\"><font style=\"font-size: 13pt;\" size=\"3\">Et<br>\ncette pr\u00e9\u00advi\u00adsion logique est l\u2019an\u00adnonce d\u2019une r\u00e9volution<br>\nin\u00e9vi\u00adtable et abso\u00adlu\u00adment n\u00e9ces\u00adsaire pour faire la&nbsp;voie<br>\nlibre \u00e0 la marche en avant de l\u2019humanit\u00e9.<\/font><\/font><\/p>\n<p style=\"text-indent: 1.46cm; margin-bottom: 0cm;\" align=\"justify\"><font face=\"Garamond, serif\"><font style=\"font-size: 13pt;\" size=\"3\">Ansel\u00admo<br>\nLorenzo<\/font><\/font><\/p>\n","protected":false},"excerpt":{"rendered":"<p>&nbsp; Bar\u00adce\u00adlone a sur\u00adpris le monde civi\u00adli\u00ads\u00e9, en juillet 1909, par une de&nbsp;ces explo\u00adsions r\u00e9vo\u00adlu\u00adtion\u00adnaires qui\u200a\u2014\u200acelle de Milan, en&nbsp;1898, mise \u00e0 part\u200a\u2014\u200asem\u00adblaient des\u00adti\u00adn\u00e9es \u00e0 ne pas&nbsp;se repro\u00adduire. L\u2019Es\u00adpagne \u00e9tant conver\u00adtie en r\u00e9cep\u00adtacle des d\u00e9tri\u00adtus cl\u00e9\u00adri\u00adcaux expul\u00ads\u00e9s de France&nbsp;; \u00e9tant consi\u00add\u00e9\u00adr\u00e9e comme le pays le plus retar\u00add\u00e9 de l\u2019Eu\u00adrope dans l\u2019\u00e9volution pro\u00adgres\u00adsive, et ran\u00adg\u00e9e, par&nbsp;la&nbsp;[\u2026]<\/p>\n","protected":false},"author":1,"featured_media":0,"comment_status":"closed","ping_status":"closed","sticky":false,"template":"","format":"standard","meta":{"wp_typography_post_enhancements_disabled":false,"footnotes":""},"categories":[158],"tags":[],"ppma_author":[540],"class_list":["post-1434","post","type-post","status-publish","format-standard","hentry","category-la-vie-ouvriere-n8-20-janvier-1910"],"authors":[{"term_id":540,"user_id":1,"is_guest":0,"slug":"admin_3gikpwyf","display_name":"Vincent Dubuc","avatar_url":"https:\/\/secure.gravatar.com\/avatar\/d015720652c25fd2ced191ade86430094e1f288a17483713e3b34d26dea52507?s=96&d=mm&r=g","author_category":"","user_url":"https:\/\/la-presse-anarchiste.net","last_name":"Dubuc","first_name":"Vincent","job_title":"","description":""}],"_links":{"self":[{"href":"https:\/\/la-presse-anarchiste.net\/index.php\/wp-json\/wp\/v2\/posts\/1434","targetHints":{"allow":["GET"]}}],"collection":[{"href":"https:\/\/la-presse-anarchiste.net\/index.php\/wp-json\/wp\/v2\/posts"}],"about":[{"href":"https:\/\/la-presse-anarchiste.net\/index.php\/wp-json\/wp\/v2\/types\/post"}],"author":[{"embeddable":true,"href":"https:\/\/la-presse-anarchiste.net\/index.php\/wp-json\/wp\/v2\/users\/1"}],"replies":[{"embeddable":true,"href":"https:\/\/la-presse-anarchiste.net\/index.php\/wp-json\/wp\/v2\/comments?post=1434"}],"version-history":[{"count":0,"href":"https:\/\/la-presse-anarchiste.net\/index.php\/wp-json\/wp\/v2\/posts\/1434\/revisions"}],"wp:attachment":[{"href":"https:\/\/la-presse-anarchiste.net\/index.php\/wp-json\/wp\/v2\/media?parent=1434"}],"wp:term":[{"taxonomy":"category","embeddable":true,"href":"https:\/\/la-presse-anarchiste.net\/index.php\/wp-json\/wp\/v2\/categories?post=1434"},{"taxonomy":"post_tag","embeddable":true,"href":"https:\/\/la-presse-anarchiste.net\/index.php\/wp-json\/wp\/v2\/tags?post=1434"},{"taxonomy":"author","embeddable":true,"href":"https:\/\/la-presse-anarchiste.net\/index.php\/wp-json\/wp\/v2\/ppma_author?post=1434"}],"curies":[{"name":"wp","href":"https:\/\/api.w.org\/{rel}","templated":true}]}}